{"id":9955,"date":"2023-09-08T11:46:23","date_gmt":"2023-09-08T09:46:23","guid":{"rendered":"https:\/\/www.wedrivit.com\/blog\/?p=9955"},"modified":"2025-09-05T14:09:03","modified_gmt":"2025-09-05T12:09:03","slug":"lhistoire-du-volkswagen-combi","status":"publish","type":"post","link":"https:\/\/www.wedrivit.com\/blog\/voiture\/collection\/lhistoire-du-volkswagen-combi","title":{"rendered":"L&rsquo;histoire du Volkswagen Combi"},"content":{"rendered":"\t\t<div data-elementor-type=\"wp-post\" data-elementor-id=\"9955\" class=\"elementor elementor-9955\">\n\t\t\t\t\t\t<section class=\"elementor-section elementor-top-section elementor-element elementor-element-5a590ab elementor-section-boxed elementor-section-height-default elementor-section-height-default\" data-id=\"5a590ab\" data-element_type=\"section\">\n\t\t\t\t\t\t<div class=\"elementor-container elementor-column-gap-default\">\n\t\t\t\t\t<div class=\"elementor-column elementor-col-100 elementor-top-column elementor-element elementor-element-c2c8dec\" data-id=\"c2c8dec\" data-element_type=\"column\">\n\t\t\t<div class=\"elementor-widget-wrap elementor-element-populated\">\n\t\t\t\t\t\t<div class=\"elementor-element elementor-element-f6387ea elementor-widget elementor-widget-heading\" data-id=\"f6387ea\" data-element_type=\"widget\" data-widget_type=\"heading.default\">\n\t\t\t\t<div class=\"elementor-widget-container\">\n\t\t\t\t\t<h2 class=\"elementor-heading-title elementor-size-default\">Le Combi en g\u00e9n\u00e9ral<\/h2>\t\t\t\t<\/div>\n\t\t\t\t<\/div>\n\t\t\t\t\t<\/div>\n\t\t<\/div>\n\t\t\t\t\t<\/div>\n\t\t<\/section>\n\t\t\t\t<section class=\"elementor-section elementor-top-section elementor-element elementor-element-e6afaf4 elementor-section-boxed elementor-section-height-default elementor-section-height-default\" data-id=\"e6afaf4\" data-element_type=\"section\">\n\t\t\t\t\t\t<div class=\"elementor-container elementor-column-gap-default\">\n\t\t\t\t\t<div class=\"elementor-column elementor-col-100 elementor-top-column elementor-element elementor-element-8fa0554\" data-id=\"8fa0554\" data-element_type=\"column\">\n\t\t\t<div class=\"elementor-widget-wrap elementor-element-populated\">\n\t\t\t\t\t\t<div class=\"elementor-element elementor-element-4787af3 elementor-widget elementor-widget-text-editor\" data-id=\"4787af3\" data-element_type=\"widget\" data-widget_type=\"text-editor.default\">\n\t\t\t\t<div class=\"elementor-widget-container\">\n\t\t\t\t\t\t\t\t\t<p><span style=\"font-weight: 400;\">Le volkswagen combi a f\u00eat\u00e9 ses 75 ans en 2022. Souvent lorsqu\u2019il faut parler de la premi\u00e8re g\u00e9n\u00e9ration de Combi on entend parler de Type 1. C\u2019est pourtant faux. Chez Volkswagen la Type 1 c\u2019est la Coccinelle. Le Combi qui arrive juste apr\u00e8s est donc le Type 2.<\/span><\/p><p><span style=\"font-weight: 400;\">Par contre, le Combi a un vrai nom : le Transporter. Du coup le nom de bapt\u00eame du premier mod\u00e8le est Volkswagen Type 2 T1 (pour Transporter\u00a0<\/span><\/p>\t\t\t\t\t\t\t\t<\/div>\n\t\t\t\t<\/div>\n\t\t\t\t\t<\/div>\n\t\t<\/div>\n\t\t\t\t\t<\/div>\n\t\t<\/section>\n\t\t\t\t<section class=\"elementor-section elementor-top-section elementor-element elementor-element-b0f9d34 elementor-section-boxed elementor-section-height-default elementor-section-height-default\" data-id=\"b0f9d34\" data-element_type=\"section\">\n\t\t\t\t\t\t<div class=\"elementor-container elementor-column-gap-default\">\n\t\t\t\t\t<div class=\"elementor-column elementor-col-100 elementor-top-column elementor-element elementor-element-a264ed8\" data-id=\"a264ed8\" data-element_type=\"column\">\n\t\t\t<div class=\"elementor-widget-wrap elementor-element-populated\">\n\t\t\t\t\t\t<div class=\"elementor-element elementor-element-d169268 elementor-widget elementor-widget-heading\" data-id=\"d169268\" data-element_type=\"widget\" data-widget_type=\"heading.default\">\n\t\t\t\t<div class=\"elementor-widget-container\">\n\t\t\t\t\t<h3 class=\"elementor-heading-title elementor-size-default\">Le combi van et ses f\u00ean\u00eatres\n<\/h3>\t\t\t\t<\/div>\n\t\t\t\t<\/div>\n\t\t\t\t<div class=\"elementor-element elementor-element-e953384 elementor-widget elementor-widget-text-editor\" data-id=\"e953384\" data-element_type=\"widget\" data-widget_type=\"text-editor.default\">\n\t\t\t\t<div class=\"elementor-widget-container\">\n\t\t\t\t\t\t\t\t\t<p><span style=\"font-weight: 400;\">Le Combi T1 a en effet re\u00e7u de nombreuses carrosseries et ce sont les am\u00e9ricains qui ont trouv\u00e9 le meilleur moyen de les diff\u00e9rencier\u2026 en comptant simplement les fen\u00eatres. On retrouve donc :<\/span><\/p><ul><li style=\"font-weight: 400;\" aria-level=\"1\"><span style=\"font-weight: 400;\">le 11 vitres avec pare-brise divis\u00e9 en deux, les vitres des porti\u00e8res avant, trois vitres de chaque c\u00f4t\u00e9 et une lunette arri\u00e8re<\/span><\/li><li style=\"font-weight: 400;\" aria-level=\"1\"><span style=\"font-weight: 400;\">le DeLuxe, uniquement vendu aux USA, avec 15 vitres.<\/span><\/li><li style=\"font-weight: 400;\" aria-level=\"1\"><span style=\"font-weight: 400;\">autre DeLuxe, le Sunroof 23 vitres qui ajoute 4 fen\u00eatres sur le toit de chaque c\u00f4t\u00e9 du combi<\/span><\/li><li style=\"font-weight: 400;\" aria-level=\"1\"><span style=\"font-weight: 400;\">La derni\u00e8re version du DeLuxe, d\u2019apr\u00e8s 1964 quand les vitres d\u2019angle disparaissent, il devient un 21 vitres<\/span><\/li><li style=\"font-weight: 400;\" aria-level=\"1\"><span style=\"font-weight: 400;\">Les 21 et 23 fen\u00eatres ont d\u2019ailleurs un petit surnom, ce sont les Samba.<\/span><\/li><\/ul>\t\t\t\t\t\t\t\t<\/div>\n\t\t\t\t<\/div>\n\t\t\t\t\t<\/div>\n\t\t<\/div>\n\t\t\t\t\t<\/div>\n\t\t<\/section>\n\t\t\t\t<section class=\"elementor-section elementor-top-section elementor-element elementor-element-b1a6593 elementor-section-boxed elementor-section-height-default elementor-section-height-default\" data-id=\"b1a6593\" data-element_type=\"section\">\n\t\t\t\t\t\t<div class=\"elementor-container elementor-column-gap-default\">\n\t\t\t\t\t<div class=\"elementor-column elementor-col-100 elementor-top-column elementor-element elementor-element-00248ca\" data-id=\"00248ca\" data-element_type=\"column\">\n\t\t\t<div class=\"elementor-widget-wrap elementor-element-populated\">\n\t\t\t\t\t\t<div class=\"elementor-element elementor-element-6830053 elementor-widget elementor-widget-heading\" data-id=\"6830053\" data-element_type=\"widget\" data-widget_type=\"heading.default\">\n\t\t\t\t<div class=\"elementor-widget-container\">\n\t\t\t\t\t<h3 class=\"elementor-heading-title elementor-size-default\">Les surnoms du combi volkswagen<\/h3>\t\t\t\t<\/div>\n\t\t\t\t<\/div>\n\t\t\t\t<div class=\"elementor-element elementor-element-024117d elementor-widget elementor-widget-text-editor\" data-id=\"024117d\" data-element_type=\"widget\" data-widget_type=\"text-editor.default\">\n\t\t\t\t<div class=\"elementor-widget-container\">\n\t\t\t\t\t\t\t\t\t<p><span style=\"font-weight: 400;\">Si chez nous on l\u2019appelle Combi vw c\u2019est un diminutif. Le fran\u00e7ais n\u2019a jamais \u00e9t\u00e9 tr\u00e8s fan de la langue de Goethe et le mot Kombinationenwagen peut sonner un peu barbare.<\/span><span style=\"font-weight: 400;\"><br \/><\/span><span style=\"font-weight: 400;\">D\u2019ailleurs en Allemagne s\u2019il s\u2019est appel\u00e9 Kombi, on lui a pr\u00e9f\u00e9r\u00e9 le surnom de Bulli, en r\u00e9f\u00e9rence \u00e0 sa face avant de Bouledogue.<\/span><\/p><p><span style=\"font-weight: 400;\">Mais les van Volkswagen ont aussi eu des surnoms en fonction de leurs versions.<\/span><span style=\"font-weight: 400;\"><br \/><\/span><span style=\"font-weight: 400;\">Ainsi le T1 c\u2019est le Split Windows \u00e0 cause de son pare-brise en deux parties.<\/span><span style=\"font-weight: 400;\"><br \/><\/span><span style=\"font-weight: 400;\">Le T2 c\u2019est le bay window, pour la m\u00eame raison.<\/span><span style=\"font-weight: 400;\"><br \/><\/span><span style=\"font-weight: 400;\">Le T3 gagnera un surnom en France : le Popo.<\/span><\/p>\t\t\t\t\t\t\t\t<\/div>\n\t\t\t\t<\/div>\n\t\t\t\t\t<\/div>\n\t\t<\/div>\n\t\t\t\t\t<\/div>\n\t\t<\/section>\n\t\t\t\t<section class=\"elementor-section elementor-top-section elementor-element elementor-element-d49e28c elementor-section-boxed elementor-section-height-default elementor-section-height-default\" data-id=\"d49e28c\" data-element_type=\"section\">\n\t\t\t\t\t\t<div class=\"elementor-container elementor-column-gap-default\">\n\t\t\t\t\t<div class=\"elementor-column elementor-col-100 elementor-top-column elementor-element elementor-element-3f65f62\" data-id=\"3f65f62\" data-element_type=\"column\">\n\t\t\t<div class=\"elementor-widget-wrap elementor-element-populated\">\n\t\t\t\t\t\t<div class=\"elementor-element elementor-element-838b728 elementor-widget elementor-widget-heading\" data-id=\"838b728\" data-element_type=\"widget\" data-widget_type=\"heading.default\">\n\t\t\t\t<div class=\"elementor-widget-container\">\n\t\t\t\t\t<h3 class=\"elementor-heading-title elementor-size-default\">Les g\u00e9n\u00e9rations du combi van<\/h3>\t\t\t\t<\/div>\n\t\t\t\t<\/div>\n\t\t\t\t<div class=\"elementor-element elementor-element-b7512fa elementor-widget elementor-widget-text-editor\" data-id=\"b7512fa\" data-element_type=\"widget\" data-widget_type=\"text-editor.default\">\n\t\t\t\t<div class=\"elementor-widget-container\">\n\t\t\t\t\t\t\t\t\t<p><span style=\"font-weight: 400;\">Et depuis nous en sommes \u00e0 la 6i\u00e8me g\u00e9n\u00e9ration. Si on reprend l\u2019arbre g\u00e9n\u00e9alogique on retrouve donc :<\/span><\/p><ul><li style=\"font-weight: 400;\" aria-level=\"1\"><span style=\"font-weight: 400;\">1950 : le Combi<\/span><\/li><li style=\"font-weight: 400;\" aria-level=\"1\"><span style=\"font-weight: 400;\">1967 : le T2<\/span><\/li><li style=\"font-weight: 400;\" aria-level=\"1\"><span style=\"font-weight: 400;\">1979 : le T3<\/span><\/li><li style=\"font-weight: 400;\" aria-level=\"1\"><span style=\"font-weight: 400;\">1990 : le T4<\/span><\/li><li style=\"font-weight: 400;\" aria-level=\"1\"><span style=\"font-weight: 400;\">2003 : le T5<\/span><\/li><li style=\"font-weight: 400;\" aria-level=\"1\"><span style=\"font-weight: 400;\">2015 : l\u2019actuel Transporter \u00ab 6 \u00bb<\/span><\/li><\/ul>\t\t\t\t\t\t\t\t<\/div>\n\t\t\t\t<\/div>\n\t\t\t\t\t<\/div>\n\t\t<\/div>\n\t\t\t\t\t<\/div>\n\t\t<\/section>\n\t\t\t\t<section class=\"elementor-section elementor-top-section elementor-element elementor-element-94e4814 elementor-section-boxed elementor-section-height-default elementor-section-height-default\" data-id=\"94e4814\" data-element_type=\"section\">\n\t\t\t\t\t\t<div class=\"elementor-container elementor-column-gap-default\">\n\t\t\t\t\t<div class=\"elementor-column elementor-col-100 elementor-top-column elementor-element elementor-element-95fc8cf\" data-id=\"95fc8cf\" data-element_type=\"column\">\n\t\t\t<div class=\"elementor-widget-wrap elementor-element-populated\">\n\t\t\t\t\t\t<div class=\"elementor-element elementor-element-05ce57b elementor-widget elementor-widget-image\" data-id=\"05ce57b\" data-element_type=\"widget\" data-widget_type=\"image.default\">\n\t\t\t\t<div class=\"elementor-widget-container\">\n\t\t\t\t\t\t\t\t\t\t\t\t<figure class=\"wp-caption\">\n\t\t\t\t\t\t\t\t\t\t<img decoding=\"async\" width=\"300\" height=\"67\" src=\"https:\/\/www.wedrivit.com\/blog\/wp-content\/uploads\/2023\/08\/frise-chronologique.jpg\" class=\"attachment-medium size-medium wp-image-9957\" alt=\"frise chronologique\" \/>\t\t\t\t\t\t\t\t\t\t\t<figcaption class=\"widget-image-caption wp-caption-text\"><\/figcaption>\n\t\t\t\t\t\t\t\t\t\t<\/figure>\n\t\t\t\t\t\t\t\t\t<\/div>\n\t\t\t\t<\/div>\n\t\t\t\t\t<\/div>\n\t\t<\/div>\n\t\t\t\t\t<\/div>\n\t\t<\/section>\n\t\t\t\t<section class=\"elementor-section elementor-top-section elementor-element elementor-element-ddf3850 elementor-section-boxed elementor-section-height-default elementor-section-height-default\" data-id=\"ddf3850\" data-element_type=\"section\">\n\t\t\t\t\t\t<div class=\"elementor-container elementor-column-gap-default\">\n\t\t\t\t\t<div class=\"elementor-column elementor-col-100 elementor-top-column elementor-element elementor-element-7a071ad\" data-id=\"7a071ad\" data-element_type=\"column\">\n\t\t\t<div class=\"elementor-widget-wrap elementor-element-populated\">\n\t\t\t\t\t\t<div class=\"elementor-element elementor-element-8bbef7e elementor-widget elementor-widget-heading\" data-id=\"8bbef7e\" data-element_type=\"widget\" data-widget_type=\"heading.default\">\n\t\t\t\t<div class=\"elementor-widget-container\">\n\t\t\t\t\t<h2 class=\"elementor-heading-title elementor-size-default\"> le combi volkswagen au fil des ann\u00e9es\n<\/h2>\t\t\t\t<\/div>\n\t\t\t\t<\/div>\n\t\t\t\t\t<\/div>\n\t\t<\/div>\n\t\t\t\t\t<\/div>\n\t\t<\/section>\n\t\t\t\t<section class=\"elementor-section elementor-top-section elementor-element elementor-element-7d824af elementor-section-boxed elementor-section-height-default elementor-section-height-default\" data-id=\"7d824af\" data-element_type=\"section\">\n\t\t\t\t\t\t<div class=\"elementor-container elementor-column-gap-default\">\n\t\t\t\t\t<div class=\"elementor-column elementor-col-100 elementor-top-column elementor-element elementor-element-e5f92bc\" data-id=\"e5f92bc\" data-element_type=\"column\">\n\t\t\t<div class=\"elementor-widget-wrap elementor-element-populated\">\n\t\t\t\t\t\t<div class=\"elementor-element elementor-element-111369d elementor-widget elementor-widget-heading\" data-id=\"111369d\" data-element_type=\"widget\" data-widget_type=\"heading.default\">\n\t\t\t\t<div class=\"elementor-widget-container\">\n\t\t\t\t\t<h3 class=\"elementor-heading-title elementor-size-default\">Le combi vw en 1947<\/h3>\t\t\t\t<\/div>\n\t\t\t\t<\/div>\n\t\t\t\t\t<\/div>\n\t\t<\/div>\n\t\t\t\t\t<\/div>\n\t\t<\/section>\n\t\t\t\t<section class=\"elementor-section elementor-top-section elementor-element elementor-element-f82a39c elementor-section-boxed elementor-section-height-default elementor-section-height-default\" data-id=\"f82a39c\" data-element_type=\"section\">\n\t\t\t\t\t\t<div class=\"elementor-container elementor-column-gap-default\">\n\t\t\t\t\t<div class=\"elementor-column elementor-col-100 elementor-top-column elementor-element elementor-element-07957d3\" data-id=\"07957d3\" data-element_type=\"column\">\n\t\t\t<div class=\"elementor-widget-wrap elementor-element-populated\">\n\t\t\t\t\t\t<div class=\"elementor-element elementor-element-e19f402 elementor-widget elementor-widget-text-editor\" data-id=\"e19f402\" data-element_type=\"widget\" data-widget_type=\"text-editor.default\">\n\t\t\t\t<div class=\"elementor-widget-container\">\n\t\t\t\t\t\t\t\t\t<p><span style=\"font-weight: 400;\">En avril 1947, le n\u00e9erlandais Ben Pon arrive sur le terrain de l\u2019usine Volkswagen \u00e0 Wolfsburg, il aper\u00e7oit un v\u00e9hicule qui attire son attention. Ce v\u00e9hicule a \u00e9t\u00e9 construit par des ouvriers de Volkswagen, qui veulent se simplifier la t\u00e2che lors du transport de lourdes palettes.<\/span><\/p><p><span style=\"font-weight: 400;\">Ben Pon\u00a0 esquisse d\u2019un nouveau type de voiture peu de temps apr\u00e8s, qui n\u2019existe pas encore, avec un volant \u00e0 l\u2019avant, un moteur \u00e0 l\u2019arri\u00e8re et une structure en forme de caisse.<\/span><span style=\"font-weight: 400;\"><br \/><\/span><\/p>\t\t\t\t\t\t\t\t<\/div>\n\t\t\t\t<\/div>\n\t\t\t\t\t<\/div>\n\t\t<\/div>\n\t\t\t\t\t<\/div>\n\t\t<\/section>\n\t\t\t\t<section class=\"elementor-section elementor-top-section elementor-element elementor-element-1745e8f elementor-section-boxed elementor-section-height-default elementor-section-height-default\" data-id=\"1745e8f\" data-element_type=\"section\">\n\t\t\t\t\t\t<div class=\"elementor-container elementor-column-gap-default\">\n\t\t\t\t\t<div class=\"elementor-column elementor-col-100 elementor-top-column elementor-element elementor-element-f44e1c0\" data-id=\"f44e1c0\" data-element_type=\"column\">\n\t\t\t<div class=\"elementor-widget-wrap elementor-element-populated\">\n\t\t\t\t\t\t<div class=\"elementor-element elementor-element-05811c2 elementor-widget elementor-widget-image\" data-id=\"05811c2\" data-element_type=\"widget\" data-widget_type=\"image.default\">\n\t\t\t\t<div class=\"elementor-widget-container\">\n\t\t\t\t\t\t\t\t\t\t\t\t\t\t\t<img fetchpriority=\"high\" decoding=\"async\" width=\"768\" height=\"539\" src=\"https:\/\/www.wedrivit.com\/blog\/wp-content\/uploads\/2023\/08\/combi-1.jpg\" class=\"attachment-medium_large size-medium_large wp-image-9958\" alt=\"combi 1\" \/>\t\t\t\t\t\t\t\t\t\t\t\t\t\t\t<\/div>\n\t\t\t\t<\/div>\n\t\t\t\t\t<\/div>\n\t\t<\/div>\n\t\t\t\t\t<\/div>\n\t\t<\/section>\n\t\t\t\t<section class=\"elementor-section elementor-top-section elementor-element elementor-element-43492c0 elementor-section-boxed elementor-section-height-default elementor-section-height-default\" data-id=\"43492c0\" data-element_type=\"section\">\n\t\t\t\t\t\t<div class=\"elementor-container elementor-column-gap-default\">\n\t\t\t\t\t<div class=\"elementor-column elementor-col-100 elementor-top-column elementor-element elementor-element-fd3bbe1\" data-id=\"fd3bbe1\" data-element_type=\"column\">\n\t\t\t<div class=\"elementor-widget-wrap elementor-element-populated\">\n\t\t\t\t\t\t<div class=\"elementor-element elementor-element-97bf2ae elementor-widget elementor-widget-heading\" data-id=\"97bf2ae\" data-element_type=\"widget\" data-widget_type=\"heading.default\">\n\t\t\t\t<div class=\"elementor-widget-container\">\n\t\t\t\t\t<h3 class=\"elementor-heading-title elementor-size-default\">Le volkswagen combi en 1949 : \n\n<\/h3>\t\t\t\t<\/div>\n\t\t\t\t<\/div>\n\t\t\t\t\t<\/div>\n\t\t<\/div>\n\t\t\t\t\t<\/div>\n\t\t<\/section>\n\t\t\t\t<section class=\"elementor-section elementor-top-section elementor-element elementor-element-e594410 elementor-section-boxed elementor-section-height-default elementor-section-height-default\" data-id=\"e594410\" data-element_type=\"section\">\n\t\t\t\t\t\t<div class=\"elementor-container elementor-column-gap-default\">\n\t\t\t\t\t<div class=\"elementor-column elementor-col-100 elementor-top-column elementor-element elementor-element-f8bded0\" data-id=\"f8bded0\" data-element_type=\"column\">\n\t\t\t<div class=\"elementor-widget-wrap elementor-element-populated\">\n\t\t\t\t\t\t<div class=\"elementor-element elementor-element-255ec2e elementor-widget elementor-widget-text-editor\" data-id=\"255ec2e\" data-element_type=\"widget\" data-widget_type=\"text-editor.default\">\n\t\t\t\t<div class=\"elementor-widget-container\">\n\t\t\t\t\t\t\t\t\t<p><span style=\"font-weight: 400;\">Ben Pon pr\u00e9sente le produit \u00e0 Heinrich Nordoff, PDG de Volkswagen,\u00a0 qui est s\u00e9duit et fait construire un prototype de forme assez ronde en novembre 1949, qui re\u00e7oit imm\u00e9diatement le surnom de Bulli.<\/span><\/p>\t\t\t\t\t\t\t\t<\/div>\n\t\t\t\t<\/div>\n\t\t\t\t\t<\/div>\n\t\t<\/div>\n\t\t\t\t\t<\/div>\n\t\t<\/section>\n\t\t\t\t<section class=\"elementor-section elementor-top-section elementor-element elementor-element-dcb0205 elementor-section-boxed elementor-section-height-default elementor-section-height-default\" data-id=\"dcb0205\" data-element_type=\"section\">\n\t\t\t\t\t\t<div class=\"elementor-container elementor-column-gap-default\">\n\t\t\t\t\t<div class=\"elementor-column elementor-col-100 elementor-top-column elementor-element elementor-element-2306efe\" data-id=\"2306efe\" data-element_type=\"column\">\n\t\t\t<div class=\"elementor-widget-wrap elementor-element-populated\">\n\t\t\t\t\t\t<div class=\"elementor-element elementor-element-e18af2d elementor-widget elementor-widget-image\" data-id=\"e18af2d\" data-element_type=\"widget\" data-widget_type=\"image.default\">\n\t\t\t\t<div class=\"elementor-widget-container\">\n\t\t\t\t\t\t\t\t\t\t\t\t\t\t\t<img decoding=\"async\" width=\"300\" height=\"191\" src=\"https:\/\/www.wedrivit.com\/blog\/wp-content\/uploads\/2023\/08\/combi-2.jpg\" class=\"attachment-medium size-medium wp-image-9959\" alt=\"combi 2\" \/>\t\t\t\t\t\t\t\t\t\t\t\t\t\t\t<\/div>\n\t\t\t\t<\/div>\n\t\t\t\t\t<\/div>\n\t\t<\/div>\n\t\t\t\t\t<\/div>\n\t\t<\/section>\n\t\t\t\t<section class=\"elementor-section elementor-top-section elementor-element elementor-element-d18c91f elementor-section-boxed elementor-section-height-default elementor-section-height-default\" data-id=\"d18c91f\" data-element_type=\"section\">\n\t\t\t\t\t\t<div class=\"elementor-container elementor-column-gap-default\">\n\t\t\t\t\t<div class=\"elementor-column elementor-col-100 elementor-top-column elementor-element elementor-element-dac8882\" data-id=\"dac8882\" data-element_type=\"column\">\n\t\t\t<div class=\"elementor-widget-wrap elementor-element-populated\">\n\t\t\t\t\t\t<div class=\"elementor-element elementor-element-3722739 elementor-widget elementor-widget-heading\" data-id=\"3722739\" data-element_type=\"widget\" data-widget_type=\"heading.default\">\n\t\t\t\t<div class=\"elementor-widget-container\">\n\t\t\t\t\t<h3 class=\"elementor-heading-title elementor-size-default\">Le Combi van en 1950 <\/h3>\t\t\t\t<\/div>\n\t\t\t\t<\/div>\n\t\t\t\t\t<\/div>\n\t\t<\/div>\n\t\t\t\t\t<\/div>\n\t\t<\/section>\n\t\t\t\t<section class=\"elementor-section elementor-top-section elementor-element elementor-element-d021e8c elementor-section-boxed elementor-section-height-default elementor-section-height-default\" data-id=\"d021e8c\" data-element_type=\"section\">\n\t\t\t\t\t\t<div class=\"elementor-container elementor-column-gap-default\">\n\t\t\t\t\t<div class=\"elementor-column elementor-col-100 elementor-top-column elementor-element elementor-element-d69ee18\" data-id=\"d69ee18\" data-element_type=\"column\">\n\t\t\t<div class=\"elementor-widget-wrap elementor-element-populated\">\n\t\t\t\t\t\t<div class=\"elementor-element elementor-element-99cf27f elementor-widget elementor-widget-text-editor\" data-id=\"99cf27f\" data-element_type=\"widget\" data-widget_type=\"text-editor.default\">\n\t\t\t\t<div class=\"elementor-widget-container\">\n\t\t\t\t\t\t\t\t\t<p><span style=\"font-weight: 400;\">Pr\u00e9sentation, en mars, du Type 2 au Salon de Gen\u00e8ve. Le&nbsp;<\/span><a href=\"https:\/\/happyhourvan.com\/\" target=\"_blank\">volkswagen combi<\/a><span style=\"font-weight: 400;\">&nbsp;transporte jusqu\u2019\u00e0 huit personnes, et en quelques gestes, les deux rang\u00e9es de si\u00e8ges arri\u00e8re se d\u00e9montent permettant ainsi le transport de charges. La production de s\u00e9rie commence le 8 mars avec 10 voitures par jour.<\/span><span style=\"font-weight: 400;\"><br><\/span><\/p>\t\t\t\t\t\t\t\t<\/div>\n\t\t\t\t<\/div>\n\t\t\t\t\t<\/div>\n\t\t<\/div>\n\t\t\t\t\t<\/div>\n\t\t<\/section>\n\t\t\t\t<section class=\"elementor-section elementor-top-section elementor-element elementor-element-851084f elementor-section-boxed elementor-section-height-default elementor-section-height-default\" data-id=\"851084f\" data-element_type=\"section\">\n\t\t\t\t\t\t<div class=\"elementor-container elementor-column-gap-default\">\n\t\t\t\t\t<div class=\"elementor-column elementor-col-100 elementor-top-column elementor-element elementor-element-af53380\" data-id=\"af53380\" data-element_type=\"column\">\n\t\t\t<div class=\"elementor-widget-wrap elementor-element-populated\">\n\t\t\t\t\t\t<div class=\"elementor-element elementor-element-bd50733 elementor-widget elementor-widget-image\" data-id=\"bd50733\" data-element_type=\"widget\" data-widget_type=\"image.default\">\n\t\t\t\t<div class=\"elementor-widget-container\">\n\t\t\t\t\t\t\t\t\t\t\t\t\t\t\t<img loading=\"lazy\" decoding=\"async\" width=\"768\" height=\"508\" src=\"https:\/\/www.wedrivit.com\/blog\/wp-content\/uploads\/2023\/08\/combi-3.jpg\" class=\"attachment-medium_large size-medium_large wp-image-9960\" alt=\"combi 3\" \/>\t\t\t\t\t\t\t\t\t\t\t\t\t\t\t<\/div>\n\t\t\t\t<\/div>\n\t\t\t\t\t<\/div>\n\t\t<\/div>\n\t\t\t\t\t<\/div>\n\t\t<\/section>\n\t\t\t\t<section class=\"elementor-section elementor-top-section elementor-element elementor-element-4d22153 elementor-section-boxed elementor-section-height-default elementor-section-height-default\" data-id=\"4d22153\" data-element_type=\"section\">\n\t\t\t\t\t\t<div class=\"elementor-container elementor-column-gap-default\">\n\t\t\t\t\t<div class=\"elementor-column elementor-col-100 elementor-top-column elementor-element elementor-element-94d72a1\" data-id=\"94d72a1\" data-element_type=\"column\">\n\t\t\t<div class=\"elementor-widget-wrap elementor-element-populated\">\n\t\t\t\t\t\t<div class=\"elementor-element elementor-element-505303f elementor-widget elementor-widget-heading\" data-id=\"505303f\" data-element_type=\"widget\" data-widget_type=\"heading.default\">\n\t\t\t\t<div class=\"elementor-widget-container\">\n\t\t\t\t\t<h3 class=\"elementor-heading-title elementor-size-default\">Le van Volkswagen en 1951<\/h3>\t\t\t\t<\/div>\n\t\t\t\t<\/div>\n\t\t\t\t\t<\/div>\n\t\t<\/div>\n\t\t\t\t\t<\/div>\n\t\t<\/section>\n\t\t\t\t<section class=\"elementor-section elementor-top-section elementor-element elementor-element-a3fbe0f elementor-section-boxed elementor-section-height-default elementor-section-height-default\" data-id=\"a3fbe0f\" data-element_type=\"section\">\n\t\t\t\t\t\t<div class=\"elementor-container elementor-column-gap-default\">\n\t\t\t\t\t<div class=\"elementor-column elementor-col-100 elementor-top-column elementor-element elementor-element-93d0ff4\" data-id=\"93d0ff4\" data-element_type=\"column\">\n\t\t\t<div class=\"elementor-widget-wrap elementor-element-populated\">\n\t\t\t\t\t\t<div class=\"elementor-element elementor-element-f08f3b6 elementor-widget elementor-widget-text-editor\" data-id=\"f08f3b6\" data-element_type=\"widget\" data-widget_type=\"text-editor.default\">\n\t\t\t\t<div class=\"elementor-widget-container\">\n\t\t\t\t\t\t\t\t\t<p><span style=\"font-weight: 400;\">Le bus Samba est pr\u00e9sent\u00e9. Il est exclusivement con\u00e7u pour le transport de personnes. Sa carrosserie bicolore, son toit ouvrant, et ses l\u00e9gendaires 23 fen\u00eatres fixent ici de nouvelles normes.<\/span><span style=\"font-weight: 400;\"><br \/><\/span><\/p>\t\t\t\t\t\t\t\t<\/div>\n\t\t\t\t<\/div>\n\t\t\t\t\t<\/div>\n\t\t<\/div>\n\t\t\t\t\t<\/div>\n\t\t<\/section>\n\t\t\t\t<section class=\"elementor-section elementor-top-section elementor-element elementor-element-cb9afba elementor-section-boxed elementor-section-height-default elementor-section-height-default\" data-id=\"cb9afba\" data-element_type=\"section\">\n\t\t\t\t\t\t<div class=\"elementor-container elementor-column-gap-default\">\n\t\t\t\t\t<div class=\"elementor-column elementor-col-100 elementor-top-column elementor-element elementor-element-4b510d8\" data-id=\"4b510d8\" data-element_type=\"column\">\n\t\t\t<div class=\"elementor-widget-wrap elementor-element-populated\">\n\t\t\t\t\t\t<div class=\"elementor-element elementor-element-1b63393 elementor-widget elementor-widget-image\" data-id=\"1b63393\" data-element_type=\"widget\" data-widget_type=\"image.default\">\n\t\t\t\t<div class=\"elementor-widget-container\">\n\t\t\t\t\t\t\t\t\t\t\t\t\t\t\t<img loading=\"lazy\" decoding=\"async\" width=\"300\" height=\"200\" src=\"https:\/\/www.wedrivit.com\/blog\/wp-content\/uploads\/2023\/08\/combi-4.jpg\" class=\"attachment-medium size-medium wp-image-9961\" alt=\"combi 1951\" \/>\t\t\t\t\t\t\t\t\t\t\t\t\t\t\t<\/div>\n\t\t\t\t<\/div>\n\t\t\t\t\t<\/div>\n\t\t<\/div>\n\t\t\t\t\t<\/div>\n\t\t<\/section>\n\t\t\t\t<section class=\"elementor-section elementor-top-section elementor-element elementor-element-19fd665 elementor-section-boxed elementor-section-height-default elementor-section-height-default\" data-id=\"19fd665\" data-element_type=\"section\">\n\t\t\t\t\t\t<div class=\"elementor-container elementor-column-gap-default\">\n\t\t\t\t\t<div class=\"elementor-column elementor-col-100 elementor-top-column elementor-element elementor-element-57e0bdb\" data-id=\"57e0bdb\" data-element_type=\"column\">\n\t\t\t<div class=\"elementor-widget-wrap elementor-element-populated\">\n\t\t\t\t\t\t<div class=\"elementor-element elementor-element-604771d elementor-widget elementor-widget-heading\" data-id=\"604771d\" data-element_type=\"widget\" data-widget_type=\"heading.default\">\n\t\t\t\t<div class=\"elementor-widget-container\">\n\t\t\t\t\t<h3 class=\"elementor-heading-title elementor-size-default\">Le Combi vw en 1954 <\/h3>\t\t\t\t<\/div>\n\t\t\t\t<\/div>\n\t\t\t\t\t<\/div>\n\t\t<\/div>\n\t\t\t\t\t<\/div>\n\t\t<\/section>\n\t\t\t\t<section class=\"elementor-section elementor-top-section elementor-element elementor-element-bd0617e elementor-section-boxed elementor-section-height-default elementor-section-height-default\" data-id=\"bd0617e\" data-element_type=\"section\">\n\t\t\t\t\t\t<div class=\"elementor-container elementor-column-gap-default\">\n\t\t\t\t\t<div class=\"elementor-column elementor-col-100 elementor-top-column elementor-element elementor-element-760a573\" data-id=\"760a573\" data-element_type=\"column\">\n\t\t\t<div class=\"elementor-widget-wrap elementor-element-populated\">\n\t\t\t\t\t\t<div class=\"elementor-element elementor-element-bec0a7c elementor-widget elementor-widget-text-editor\" data-id=\"bec0a7c\" data-element_type=\"widget\" data-widget_type=\"text-editor.default\">\n\t\t\t\t<div class=\"elementor-widget-container\">\n\t\t\t\t\t\t\t\t\t<p><span style=\"font-weight: 400;\">Le succ\u00e8s est au rendez-vous. Le 100 000 \u00e8me \u00ab type 2 \u00bb quitte les cha\u00eenes de Wolfsburg. <\/span><\/p>\t\t\t\t\t\t\t\t<\/div>\n\t\t\t\t<\/div>\n\t\t\t\t\t<\/div>\n\t\t<\/div>\n\t\t\t\t\t<\/div>\n\t\t<\/section>\n\t\t\t\t<section class=\"elementor-section elementor-top-section elementor-element elementor-element-563c698 elementor-section-boxed elementor-section-height-default elementor-section-height-default\" data-id=\"563c698\" data-element_type=\"section\">\n\t\t\t\t\t\t<div class=\"elementor-container elementor-column-gap-default\">\n\t\t\t\t\t<div class=\"elementor-column elementor-col-100 elementor-top-column elementor-element elementor-element-cab2b2f\" data-id=\"cab2b2f\" data-element_type=\"column\">\n\t\t\t<div class=\"elementor-widget-wrap elementor-element-populated\">\n\t\t\t\t\t\t<div class=\"elementor-element elementor-element-57670ad elementor-widget elementor-widget-image\" data-id=\"57670ad\" data-element_type=\"widget\" data-widget_type=\"image.default\">\n\t\t\t\t<div class=\"elementor-widget-container\">\n\t\t\t\t\t\t\t\t\t\t\t\t\t\t\t<img loading=\"lazy\" decoding=\"async\" width=\"300\" height=\"199\" src=\"https:\/\/www.wedrivit.com\/blog\/wp-content\/uploads\/2023\/08\/combi-5.jpg\" class=\"attachment-medium size-medium wp-image-9962\" alt=\"combi en 1954\" \/>\t\t\t\t\t\t\t\t\t\t\t\t\t\t\t<\/div>\n\t\t\t\t<\/div>\n\t\t\t\t\t<\/div>\n\t\t<\/div>\n\t\t\t\t\t<\/div>\n\t\t<\/section>\n\t\t\t\t<section class=\"elementor-section elementor-top-section elementor-element elementor-element-03de1d9 elementor-section-boxed elementor-section-height-default elementor-section-height-default\" data-id=\"03de1d9\" data-element_type=\"section\">\n\t\t\t\t\t\t<div class=\"elementor-container elementor-column-gap-default\">\n\t\t\t\t\t<div class=\"elementor-column elementor-col-100 elementor-top-column elementor-element elementor-element-ad0fd3b\" data-id=\"ad0fd3b\" data-element_type=\"column\">\n\t\t\t<div class=\"elementor-widget-wrap elementor-element-populated\">\n\t\t\t\t\t\t<div class=\"elementor-element elementor-element-d641555 elementor-widget elementor-widget-heading\" data-id=\"d641555\" data-element_type=\"widget\" data-widget_type=\"heading.default\">\n\t\t\t\t<div class=\"elementor-widget-container\">\n\t\t\t\t\t<h3 class=\"elementor-heading-title elementor-size-default\">Le Combi van en 1962 <\/h3>\t\t\t\t<\/div>\n\t\t\t\t<\/div>\n\t\t\t\t\t<\/div>\n\t\t<\/div>\n\t\t\t\t\t<\/div>\n\t\t<\/section>\n\t\t\t\t<section class=\"elementor-section elementor-top-section elementor-element elementor-element-c4e520d elementor-section-boxed elementor-section-height-default elementor-section-height-default\" data-id=\"c4e520d\" data-element_type=\"section\">\n\t\t\t\t\t\t<div class=\"elementor-container elementor-column-gap-default\">\n\t\t\t\t\t<div class=\"elementor-column elementor-col-100 elementor-top-column elementor-element elementor-element-a683d19\" data-id=\"a683d19\" data-element_type=\"column\">\n\t\t\t<div class=\"elementor-widget-wrap elementor-element-populated\">\n\t\t\t\t\t\t<div class=\"elementor-element elementor-element-5e0f3ed elementor-widget elementor-widget-text-editor\" data-id=\"5e0f3ed\" data-element_type=\"widget\" data-widget_type=\"text-editor.default\">\n\t\t\t\t<div class=\"elementor-widget-container\">\n\t\t\t\t\t\t\t\t\t<p><span style=\"font-weight: 400;\">Le millioni\u00e8me Transporter sort des cha\u00eenes. Au fil des ann\u00e9es, le T1 s\u2019est transform\u00e9 \u00e0 mesure que ses missions se sont \u00e9toff\u00e9es. Mais il garde son allure avec son pare-brise divis\u00e9, et un \u00ab air de famille \u00bb qui le lie \u00e9troitement \u00e0 la Coccinelle.<\/span><\/p>\t\t\t\t\t\t\t\t<\/div>\n\t\t\t\t<\/div>\n\t\t\t\t\t<\/div>\n\t\t<\/div>\n\t\t\t\t\t<\/div>\n\t\t<\/section>\n\t\t\t\t<section class=\"elementor-section elementor-top-section elementor-element elementor-element-d36809a elementor-section-boxed elementor-section-height-default elementor-section-height-default\" data-id=\"d36809a\" data-element_type=\"section\">\n\t\t\t\t\t\t<div class=\"elementor-container elementor-column-gap-default\">\n\t\t\t\t\t<div class=\"elementor-column elementor-col-100 elementor-top-column elementor-element elementor-element-40df4bc\" data-id=\"40df4bc\" data-element_type=\"column\">\n\t\t\t<div class=\"elementor-widget-wrap elementor-element-populated\">\n\t\t\t\t\t\t<div class=\"elementor-element elementor-element-9868dab elementor-widget elementor-widget-image\" data-id=\"9868dab\" data-element_type=\"widget\" data-widget_type=\"image.default\">\n\t\t\t\t<div class=\"elementor-widget-container\">\n\t\t\t\t\t\t\t\t\t\t\t\t\t\t\t<img loading=\"lazy\" decoding=\"async\" width=\"300\" height=\"193\" src=\"https:\/\/www.wedrivit.com\/blog\/wp-content\/uploads\/2023\/08\/combi-6.jpg\" class=\"attachment-medium size-medium wp-image-9963\" alt=\"1962\" \/>\t\t\t\t\t\t\t\t\t\t\t\t\t\t\t<\/div>\n\t\t\t\t<\/div>\n\t\t\t\t\t<\/div>\n\t\t<\/div>\n\t\t\t\t\t<\/div>\n\t\t<\/section>\n\t\t\t\t<section class=\"elementor-section elementor-top-section elementor-element elementor-element-989781f elementor-section-boxed elementor-section-height-default elementor-section-height-default\" data-id=\"989781f\" data-element_type=\"section\">\n\t\t\t\t\t\t<div class=\"elementor-container elementor-column-gap-default\">\n\t\t\t\t\t<div class=\"elementor-column elementor-col-100 elementor-top-column elementor-element elementor-element-a9e9792\" data-id=\"a9e9792\" data-element_type=\"column\">\n\t\t\t<div class=\"elementor-widget-wrap elementor-element-populated\">\n\t\t\t\t\t\t<div class=\"elementor-element elementor-element-8b122a7 elementor-widget elementor-widget-heading\" data-id=\"8b122a7\" data-element_type=\"widget\" data-widget_type=\"heading.default\">\n\t\t\t\t<div class=\"elementor-widget-container\">\n\t\t\t\t\t<h3 class=\"elementor-heading-title elementor-size-default\">Le Combi volkswagen en 1967<\/h3>\t\t\t\t<\/div>\n\t\t\t\t<\/div>\n\t\t\t\t\t<\/div>\n\t\t<\/div>\n\t\t\t\t\t<\/div>\n\t\t<\/section>\n\t\t\t\t<section class=\"elementor-section elementor-top-section elementor-element elementor-element-80f22b6 elementor-section-boxed elementor-section-height-default elementor-section-height-default\" data-id=\"80f22b6\" data-element_type=\"section\">\n\t\t\t\t\t\t<div class=\"elementor-container elementor-column-gap-default\">\n\t\t\t\t\t<div class=\"elementor-column elementor-col-100 elementor-top-column elementor-element elementor-element-6275069\" data-id=\"6275069\" data-element_type=\"column\">\n\t\t\t<div class=\"elementor-widget-wrap elementor-element-populated\">\n\t\t\t\t\t\t<div class=\"elementor-element elementor-element-441d494 elementor-widget elementor-widget-text-editor\" data-id=\"441d494\" data-element_type=\"widget\" data-widget_type=\"text-editor.default\">\n\t\t\t\t<div class=\"elementor-widget-container\">\n\t\t\t\t\t\t\t\t\t<p><span style=\"font-weight: 400;\">Alors que 1.800.000 exemplaires du premier Transporter sont sortis des chaines de montage, le T1 c\u00e8de sa place au T2, un v\u00e9hicule beaucoup plus moderne, plus attractif et aussi beaucoup plus s\u00fbr, qui fait \u00e0 l\u2019\u00e9poque de son pr\u00e9d\u00e9cesseur un v\u00e9hicule d\u00e9mod\u00e9.<\/span><\/p><p><span style=\"font-weight: 400;\">Sa vitre avant non divis\u00e9e, qui est maintenant fortement galb\u00e9e, et ses vitres agrandies, les conditions de visibilit\u00e9 pour le conducteur et le passager avant sont nettement am\u00e9lior\u00e9es. Il est aussi devenu plus grand, 20 cm en plus \u00e0 l\u2019ext\u00e9rieur. L\u2019arri\u00e8re est maintenant dot\u00e9 d\u2019une porte coulissante, et le hayon est aussi devenu nettement plus grand. Le confort s\u2019est \u00e9galement am\u00e9lior\u00e9: des si\u00e8ges plus confortables, un meilleur syst\u00e8me de ventilation et de nombreuses am\u00e9liorations.<\/span><\/p>\t\t\t\t\t\t\t\t<\/div>\n\t\t\t\t<\/div>\n\t\t\t\t\t<\/div>\n\t\t<\/div>\n\t\t\t\t\t<\/div>\n\t\t<\/section>\n\t\t\t\t<section class=\"elementor-section elementor-top-section elementor-element elementor-element-e458e14 elementor-section-boxed elementor-section-height-default elementor-section-height-default\" data-id=\"e458e14\" data-element_type=\"section\">\n\t\t\t\t\t\t<div class=\"elementor-container elementor-column-gap-default\">\n\t\t\t\t\t<div class=\"elementor-column elementor-col-100 elementor-top-column elementor-element elementor-element-9395f5a\" data-id=\"9395f5a\" data-element_type=\"column\">\n\t\t\t<div class=\"elementor-widget-wrap elementor-element-populated\">\n\t\t\t\t\t\t<div class=\"elementor-element elementor-element-e77a91e elementor-widget elementor-widget-image\" data-id=\"e77a91e\" data-element_type=\"widget\" data-widget_type=\"image.default\">\n\t\t\t\t<div class=\"elementor-widget-container\">\n\t\t\t\t\t\t\t\t\t\t\t\t\t\t\t<img loading=\"lazy\" decoding=\"async\" width=\"300\" height=\"220\" src=\"https:\/\/www.wedrivit.com\/blog\/wp-content\/uploads\/2023\/08\/combi-7-1.jpg\" class=\"attachment-medium size-medium wp-image-9964\" alt=\"1967\" \/>\t\t\t\t\t\t\t\t\t\t\t\t\t\t\t<\/div>\n\t\t\t\t<\/div>\n\t\t\t\t\t<\/div>\n\t\t<\/div>\n\t\t\t\t\t<\/div>\n\t\t<\/section>\n\t\t\t\t<section class=\"elementor-section elementor-top-section elementor-element elementor-element-6682a42 elementor-section-boxed elementor-section-height-default elementor-section-height-default\" data-id=\"6682a42\" data-element_type=\"section\">\n\t\t\t\t\t\t<div class=\"elementor-container elementor-column-gap-default\">\n\t\t\t\t\t<div class=\"elementor-column elementor-col-100 elementor-top-column elementor-element elementor-element-d86cf65\" data-id=\"d86cf65\" data-element_type=\"column\">\n\t\t\t<div class=\"elementor-widget-wrap elementor-element-populated\">\n\t\t\t\t\t\t<div class=\"elementor-element elementor-element-096a970 elementor-widget elementor-widget-heading\" data-id=\"096a970\" data-element_type=\"widget\" data-widget_type=\"heading.default\">\n\t\t\t\t<div class=\"elementor-widget-container\">\n\t\t\t\t\t<h3 class=\"elementor-heading-title elementor-size-default\">Le Combi van en 1979<\/h3>\t\t\t\t<\/div>\n\t\t\t\t<\/div>\n\t\t\t\t\t<\/div>\n\t\t<\/div>\n\t\t\t\t\t<\/div>\n\t\t<\/section>\n\t\t\t\t<section class=\"elementor-section elementor-top-section elementor-element elementor-element-48be8be elementor-section-boxed elementor-section-height-default elementor-section-height-default\" data-id=\"48be8be\" data-element_type=\"section\">\n\t\t\t\t\t\t<div class=\"elementor-container elementor-column-gap-default\">\n\t\t\t\t\t<div class=\"elementor-column elementor-col-100 elementor-top-column elementor-element elementor-element-ae2e4c7\" data-id=\"ae2e4c7\" data-element_type=\"column\">\n\t\t\t<div class=\"elementor-widget-wrap elementor-element-populated\">\n\t\t\t\t\t\t<div class=\"elementor-element elementor-element-807beef elementor-widget elementor-widget-text-editor\" data-id=\"807beef\" data-element_type=\"widget\" data-widget_type=\"text-editor.default\">\n\t\t\t\t<div class=\"elementor-widget-container\">\n\t\t\t\t\t\t\t\t\t<p><span style=\"font-weight: 400;\">Le T2 \u00ab Bay-windows \u00bb laisse sa place au T3. Le nouveau Volkswagen Transporter pr\u00e9sente aussi une nouvelle carrosserie offrant plus de visibilit\u00e9. La troisi\u00e8me g\u00e9n\u00e9ration de Volkswagen Transporter est une petite r\u00e9volution: son ch\u00e2ssis a \u00e9t\u00e9 repens\u00e9 afin de rendre la voiture encore plus rigide. Les avantages incontestables du nouveau mod\u00e8le n\u2019enthousiasment pas la client\u00e8le internationale.<\/span><\/p>\t\t\t\t\t\t\t\t<\/div>\n\t\t\t\t<\/div>\n\t\t\t\t\t<\/div>\n\t\t<\/div>\n\t\t\t\t\t<\/div>\n\t\t<\/section>\n\t\t\t\t<section class=\"elementor-section elementor-top-section elementor-element elementor-element-bbae3eb elementor-section-boxed elementor-section-height-default elementor-section-height-default\" data-id=\"bbae3eb\" data-element_type=\"section\">\n\t\t\t\t\t\t<div class=\"elementor-container elementor-column-gap-default\">\n\t\t\t\t\t<div class=\"elementor-column elementor-col-100 elementor-top-column elementor-element elementor-element-3cf6065\" data-id=\"3cf6065\" data-element_type=\"column\">\n\t\t\t<div class=\"elementor-widget-wrap elementor-element-populated\">\n\t\t\t\t\t\t<div class=\"elementor-element elementor-element-6e7fa9c elementor-widget elementor-widget-image\" data-id=\"6e7fa9c\" data-element_type=\"widget\" data-widget_type=\"image.default\">\n\t\t\t\t<div class=\"elementor-widget-container\">\n\t\t\t\t\t\t\t\t\t\t\t\t\t\t\t<img loading=\"lazy\" decoding=\"async\" width=\"300\" height=\"177\" src=\"https:\/\/www.wedrivit.com\/blog\/wp-content\/uploads\/2023\/08\/combi-8.jpg\" class=\"attachment-medium size-medium wp-image-9965\" alt=\"1979\" \/>\t\t\t\t\t\t\t\t\t\t\t\t\t\t\t<\/div>\n\t\t\t\t<\/div>\n\t\t\t\t\t<\/div>\n\t\t<\/div>\n\t\t\t\t\t<\/div>\n\t\t<\/section>\n\t\t\t\t<section class=\"elementor-section elementor-top-section elementor-element elementor-element-da26406 elementor-section-boxed elementor-section-height-default elementor-section-height-default\" data-id=\"da26406\" data-element_type=\"section\">\n\t\t\t\t\t\t<div class=\"elementor-container elementor-column-gap-default\">\n\t\t\t\t\t<div class=\"elementor-column elementor-col-100 elementor-top-column elementor-element elementor-element-72106d9\" data-id=\"72106d9\" data-element_type=\"column\">\n\t\t\t<div class=\"elementor-widget-wrap elementor-element-populated\">\n\t\t\t\t\t\t<div class=\"elementor-element elementor-element-cdf4f5c elementor-widget elementor-widget-heading\" data-id=\"cdf4f5c\" data-element_type=\"widget\" data-widget_type=\"heading.default\">\n\t\t\t\t<div class=\"elementor-widget-container\">\n\t\t\t\t\t<h3 class=\"elementor-heading-title elementor-size-default\">Le Combi van en 1981<\/h3>\t\t\t\t<\/div>\n\t\t\t\t<\/div>\n\t\t\t\t\t<\/div>\n\t\t<\/div>\n\t\t\t\t\t<\/div>\n\t\t<\/section>\n\t\t\t\t<section class=\"elementor-section elementor-top-section elementor-element elementor-element-689da87 elementor-section-boxed elementor-section-height-default elementor-section-height-default\" data-id=\"689da87\" data-element_type=\"section\">\n\t\t\t\t\t\t<div class=\"elementor-container elementor-column-gap-default\">\n\t\t\t\t\t<div class=\"elementor-column elementor-col-100 elementor-top-column elementor-element elementor-element-9eef7d0\" data-id=\"9eef7d0\" data-element_type=\"column\">\n\t\t\t<div class=\"elementor-widget-wrap elementor-element-populated\">\n\t\t\t\t\t\t<div class=\"elementor-element elementor-element-d9476ae elementor-widget elementor-widget-text-editor\" data-id=\"d9476ae\" data-element_type=\"widget\" data-widget_type=\"text-editor.default\">\n\t\t\t\t<div class=\"elementor-widget-container\">\n\t\t\t\t\t\t\t\t\t<p><span style=\"font-weight: 400;\">L\u2019usine de Hanovre f\u00eate ses 25 ans et 5 millions de Transporter.<\/span><\/p>\t\t\t\t\t\t\t\t<\/div>\n\t\t\t\t<\/div>\n\t\t\t\t\t<\/div>\n\t\t<\/div>\n\t\t\t\t\t<\/div>\n\t\t<\/section>\n\t\t\t\t<section class=\"elementor-section elementor-top-section elementor-element elementor-element-d626baa elementor-section-boxed elementor-section-height-default elementor-section-height-default\" data-id=\"d626baa\" data-element_type=\"section\">\n\t\t\t\t\t\t<div class=\"elementor-container elementor-column-gap-default\">\n\t\t\t\t\t<div class=\"elementor-column elementor-col-100 elementor-top-column elementor-element elementor-element-4f45849\" data-id=\"4f45849\" data-element_type=\"column\">\n\t\t\t<div class=\"elementor-widget-wrap elementor-element-populated\">\n\t\t\t\t\t\t<div class=\"elementor-element elementor-element-8e2f876 elementor-widget elementor-widget-heading\" data-id=\"8e2f876\" data-element_type=\"widget\" data-widget_type=\"heading.default\">\n\t\t\t\t<div class=\"elementor-widget-container\">\n\t\t\t\t\t<h3 class=\"elementor-heading-title elementor-size-default\">Le Combi vw en 1982<\/h3>\t\t\t\t<\/div>\n\t\t\t\t<\/div>\n\t\t\t\t\t<\/div>\n\t\t<\/div>\n\t\t\t\t\t<\/div>\n\t\t<\/section>\n\t\t\t\t<section class=\"elementor-section elementor-top-section elementor-element elementor-element-b36892b elementor-section-boxed elementor-section-height-default elementor-section-height-default\" data-id=\"b36892b\" data-element_type=\"section\">\n\t\t\t\t\t\t<div class=\"elementor-container elementor-column-gap-default\">\n\t\t\t\t\t<div class=\"elementor-column elementor-col-100 elementor-top-column elementor-element elementor-element-0c3c246\" data-id=\"0c3c246\" data-element_type=\"column\">\n\t\t\t<div class=\"elementor-widget-wrap elementor-element-populated\">\n\t\t\t\t\t\t<div class=\"elementor-element elementor-element-c13dc2f elementor-widget elementor-widget-text-editor\" data-id=\"c13dc2f\" data-element_type=\"widget\" data-widget_type=\"text-editor.default\">\n\t\t\t\t<div class=\"elementor-widget-container\">\n\t\t\t\t\t\t\t\t\t<p><span style=\"font-weight: 400;\">Apr\u00e8s avoir re\u00e7u un moteur Diesel en 1980, toute la gamme passe au refroidissement \u00e0 eau.<\/span><\/p>\t\t\t\t\t\t\t\t<\/div>\n\t\t\t\t<\/div>\n\t\t\t\t\t<\/div>\n\t\t<\/div>\n\t\t\t\t\t<\/div>\n\t\t<\/section>\n\t\t\t\t<section class=\"elementor-section elementor-top-section elementor-element elementor-element-a8e6de2 elementor-section-boxed elementor-section-height-default elementor-section-height-default\" data-id=\"a8e6de2\" data-element_type=\"section\">\n\t\t\t\t\t\t<div class=\"elementor-container elementor-column-gap-default\">\n\t\t\t\t\t<div class=\"elementor-column elementor-col-100 elementor-top-column elementor-element elementor-element-2a3e291\" data-id=\"2a3e291\" data-element_type=\"column\">\n\t\t\t<div class=\"elementor-widget-wrap elementor-element-populated\">\n\t\t\t\t\t\t<div class=\"elementor-element elementor-element-b3fc4ae elementor-widget elementor-widget-heading\" data-id=\"b3fc4ae\" data-element_type=\"widget\" data-widget_type=\"heading.default\">\n\t\t\t\t<div class=\"elementor-widget-container\">\n\t\t\t\t\t<h3 class=\"elementor-heading-title elementor-size-default\">Le Combi en 1985<\/h3>\t\t\t\t<\/div>\n\t\t\t\t<\/div>\n\t\t\t\t\t<\/div>\n\t\t<\/div>\n\t\t\t\t\t<\/div>\n\t\t<\/section>\n\t\t\t\t<section class=\"elementor-section elementor-top-section elementor-element elementor-element-915ed02 elementor-section-boxed elementor-section-height-default elementor-section-height-default\" data-id=\"915ed02\" data-element_type=\"section\">\n\t\t\t\t\t\t<div class=\"elementor-container elementor-column-gap-default\">\n\t\t\t\t\t<div class=\"elementor-column elementor-col-100 elementor-top-column elementor-element elementor-element-8454327\" data-id=\"8454327\" data-element_type=\"column\">\n\t\t\t<div class=\"elementor-widget-wrap elementor-element-populated\">\n\t\t\t\t\t\t<div class=\"elementor-element elementor-element-77ad208 elementor-widget elementor-widget-text-editor\" data-id=\"77ad208\" data-element_type=\"widget\" data-widget_type=\"text-editor.default\">\n\t\t\t\t<div class=\"elementor-widget-container\">\n\t\t\t\t\t\t\t\t\t<p><span style=\"font-weight: 400;\">Le VW T3 Syncro (4 roues motrices) appara\u00eet en 1985<\/span><\/p>\t\t\t\t\t\t\t\t<\/div>\n\t\t\t\t<\/div>\n\t\t\t\t\t<\/div>\n\t\t<\/div>\n\t\t\t\t\t<\/div>\n\t\t<\/section>\n\t\t\t\t<section class=\"elementor-section elementor-top-section elementor-element elementor-element-6ed1b33 elementor-section-boxed elementor-section-height-default elementor-section-height-default\" data-id=\"6ed1b33\" data-element_type=\"section\">\n\t\t\t\t\t\t<div class=\"elementor-container elementor-column-gap-default\">\n\t\t\t\t\t<div class=\"elementor-column elementor-col-100 elementor-top-column elementor-element elementor-element-b29cb55\" data-id=\"b29cb55\" data-element_type=\"column\">\n\t\t\t<div class=\"elementor-widget-wrap elementor-element-populated\">\n\t\t\t\t\t\t<div class=\"elementor-element elementor-element-b5881ed elementor-widget elementor-widget-image\" data-id=\"b5881ed\" data-element_type=\"widget\" data-widget_type=\"image.default\">\n\t\t\t\t<div class=\"elementor-widget-container\">\n\t\t\t\t\t\t\t\t\t\t\t\t\t\t\t<img loading=\"lazy\" decoding=\"async\" width=\"300\" height=\"193\" src=\"https:\/\/www.wedrivit.com\/blog\/wp-content\/uploads\/2023\/08\/combi-9.jpg\" class=\"attachment-medium size-medium wp-image-9966\" alt=\"1985\" \/>\t\t\t\t\t\t\t\t\t\t\t\t\t\t\t<\/div>\n\t\t\t\t<\/div>\n\t\t\t\t\t<\/div>\n\t\t<\/div>\n\t\t\t\t\t<\/div>\n\t\t<\/section>\n\t\t\t\t<section class=\"elementor-section elementor-top-section elementor-element elementor-element-11c7f09 elementor-section-boxed elementor-section-height-default elementor-section-height-default\" data-id=\"11c7f09\" data-element_type=\"section\">\n\t\t\t\t\t\t<div class=\"elementor-container elementor-column-gap-default\">\n\t\t\t\t\t<div class=\"elementor-column elementor-col-100 elementor-top-column elementor-element elementor-element-622f006\" data-id=\"622f006\" data-element_type=\"column\">\n\t\t\t<div class=\"elementor-widget-wrap elementor-element-populated\">\n\t\t\t\t\t\t<div class=\"elementor-element elementor-element-da2057c elementor-widget elementor-widget-heading\" data-id=\"da2057c\" data-element_type=\"widget\" data-widget_type=\"heading.default\">\n\t\t\t\t<div class=\"elementor-widget-container\">\n\t\t\t\t\t<h3 class=\"elementor-heading-title elementor-size-default\">Le Combi volkswagen en 1990<\/h3>\t\t\t\t<\/div>\n\t\t\t\t<\/div>\n\t\t\t\t\t<\/div>\n\t\t<\/div>\n\t\t\t\t\t<\/div>\n\t\t<\/section>\n\t\t\t\t<section class=\"elementor-section elementor-top-section elementor-element elementor-element-2f4b38b elementor-section-boxed elementor-section-height-default elementor-section-height-default\" data-id=\"2f4b38b\" data-element_type=\"section\">\n\t\t\t\t\t\t<div class=\"elementor-container elementor-column-gap-default\">\n\t\t\t\t\t<div class=\"elementor-column elementor-col-100 elementor-top-column elementor-element elementor-element-a96891c\" data-id=\"a96891c\" data-element_type=\"column\">\n\t\t\t<div class=\"elementor-widget-wrap elementor-element-populated\">\n\t\t\t\t\t\t<div class=\"elementor-element elementor-element-0bfee57 elementor-widget elementor-widget-text-editor\" data-id=\"0bfee57\" data-element_type=\"widget\" data-widget_type=\"text-editor.default\">\n\t\t\t\t<div class=\"elementor-widget-container\">\n\t\t\t\t\t\t\t\t\t<p><span style=\"font-weight: 400;\">Le T3 est remplac\u00e9 par le T4, et le moteur passe \u00e0 l\u2019avant.<\/span><\/p>\t\t\t\t\t\t\t\t<\/div>\n\t\t\t\t<\/div>\n\t\t\t\t\t<\/div>\n\t\t<\/div>\n\t\t\t\t\t<\/div>\n\t\t<\/section>\n\t\t\t\t<section class=\"elementor-section elementor-top-section elementor-element elementor-element-e1f394c elementor-section-boxed elementor-section-height-default elementor-section-height-default\" data-id=\"e1f394c\" data-element_type=\"section\">\n\t\t\t\t\t\t<div class=\"elementor-container elementor-column-gap-default\">\n\t\t\t\t\t<div class=\"elementor-column elementor-col-100 elementor-top-column elementor-element elementor-element-60a37e5\" data-id=\"60a37e5\" data-element_type=\"column\">\n\t\t\t<div class=\"elementor-widget-wrap elementor-element-populated\">\n\t\t\t\t\t\t<div class=\"elementor-element elementor-element-48199b3 elementor-widget elementor-widget-image\" data-id=\"48199b3\" data-element_type=\"widget\" data-widget_type=\"image.default\">\n\t\t\t\t<div class=\"elementor-widget-container\">\n\t\t\t\t\t\t\t\t\t\t\t\t\t\t\t<img loading=\"lazy\" decoding=\"async\" width=\"300\" height=\"201\" src=\"https:\/\/www.wedrivit.com\/blog\/wp-content\/uploads\/2023\/08\/combi-10.jpg\" class=\"attachment-medium size-medium wp-image-9967\" alt=\"1990\" \/>\t\t\t\t\t\t\t\t\t\t\t\t\t\t\t<\/div>\n\t\t\t\t<\/div>\n\t\t\t\t\t<\/div>\n\t\t<\/div>\n\t\t\t\t\t<\/div>\n\t\t<\/section>\n\t\t\t\t<section class=\"elementor-section elementor-top-section elementor-element elementor-element-21fdca2 elementor-section-boxed elementor-section-height-default elementor-section-height-default\" data-id=\"21fdca2\" data-element_type=\"section\">\n\t\t\t\t\t\t<div class=\"elementor-container elementor-column-gap-default\">\n\t\t\t\t\t<div class=\"elementor-column elementor-col-100 elementor-top-column elementor-element elementor-element-1566cec\" data-id=\"1566cec\" data-element_type=\"column\">\n\t\t\t<div class=\"elementor-widget-wrap elementor-element-populated\">\n\t\t\t\t\t\t<div class=\"elementor-element elementor-element-e234e74 elementor-widget elementor-widget-heading\" data-id=\"e234e74\" data-element_type=\"widget\" data-widget_type=\"heading.default\">\n\t\t\t\t<div class=\"elementor-widget-container\">\n\t\t\t\t\t<h3 class=\"elementor-heading-title elementor-size-default\">Le Combi van en 1992<\/h3>\t\t\t\t<\/div>\n\t\t\t\t<\/div>\n\t\t\t\t\t<\/div>\n\t\t<\/div>\n\t\t\t\t\t<\/div>\n\t\t<\/section>\n\t\t\t\t<section class=\"elementor-section elementor-top-section elementor-element elementor-element-f2ad3f8 elementor-section-boxed elementor-section-height-default elementor-section-height-default\" data-id=\"f2ad3f8\" data-element_type=\"section\">\n\t\t\t\t\t\t<div class=\"elementor-container elementor-column-gap-default\">\n\t\t\t\t\t<div class=\"elementor-column elementor-col-100 elementor-top-column elementor-element elementor-element-9f5c70f\" data-id=\"9f5c70f\" data-element_type=\"column\">\n\t\t\t<div class=\"elementor-widget-wrap elementor-element-populated\">\n\t\t\t\t\t\t<div class=\"elementor-element elementor-element-721ddbb elementor-widget elementor-widget-text-editor\" data-id=\"721ddbb\" data-element_type=\"widget\" data-widget_type=\"text-editor.default\">\n\t\t\t\t<div class=\"elementor-widget-container\">\n\t\t\t\t\t\t\t\t\t<p><span style=\"font-weight: 400;\">Refabrication \u00e0 2.500 exemplaires num\u00e9rot\u00e9s \u2013 et \u00e0 la demande de la client\u00e8le \u2013 du T3 nomm\u00e9 pour l\u2019occasion \u00ab Last Limited Edition : LLE \u00bb.<\/span><\/p>\t\t\t\t\t\t\t\t<\/div>\n\t\t\t\t<\/div>\n\t\t\t\t\t<\/div>\n\t\t<\/div>\n\t\t\t\t\t<\/div>\n\t\t<\/section>\n\t\t\t\t<section class=\"elementor-section elementor-top-section elementor-element elementor-element-5267cc7 elementor-section-boxed elementor-section-height-default elementor-section-height-default\" data-id=\"5267cc7\" data-element_type=\"section\">\n\t\t\t\t\t\t<div class=\"elementor-container elementor-column-gap-default\">\n\t\t\t\t\t<div class=\"elementor-column elementor-col-100 elementor-top-column elementor-element elementor-element-3a3aa5e\" data-id=\"3a3aa5e\" data-element_type=\"column\">\n\t\t\t<div class=\"elementor-widget-wrap elementor-element-populated\">\n\t\t\t\t\t\t<div class=\"elementor-element elementor-element-2a6fbb7 elementor-widget elementor-widget-image\" data-id=\"2a6fbb7\" data-element_type=\"widget\" data-widget_type=\"image.default\">\n\t\t\t\t<div class=\"elementor-widget-container\">\n\t\t\t\t\t\t\t\t\t\t\t\t\t\t\t<img loading=\"lazy\" decoding=\"async\" width=\"300\" height=\"213\" src=\"https:\/\/www.wedrivit.com\/blog\/wp-content\/uploads\/2023\/08\/combi-11.jpg\" class=\"attachment-medium size-medium wp-image-9968\" alt=\"1992\" \/>\t\t\t\t\t\t\t\t\t\t\t\t\t\t\t<\/div>\n\t\t\t\t<\/div>\n\t\t\t\t\t<\/div>\n\t\t<\/div>\n\t\t\t\t\t<\/div>\n\t\t<\/section>\n\t\t\t\t<section class=\"elementor-section elementor-top-section elementor-element elementor-element-d5feef7 elementor-section-boxed elementor-section-height-default elementor-section-height-default\" data-id=\"d5feef7\" data-element_type=\"section\">\n\t\t\t\t\t\t<div class=\"elementor-container elementor-column-gap-default\">\n\t\t\t\t\t<div class=\"elementor-column elementor-col-100 elementor-top-column elementor-element elementor-element-6c6c3d0\" data-id=\"6c6c3d0\" data-element_type=\"column\">\n\t\t\t<div class=\"elementor-widget-wrap elementor-element-populated\">\n\t\t\t\t\t\t<div class=\"elementor-element elementor-element-971b28b elementor-widget elementor-widget-heading\" data-id=\"971b28b\" data-element_type=\"widget\" data-widget_type=\"heading.default\">\n\t\t\t\t<div class=\"elementor-widget-container\">\n\t\t\t\t\t<h3 class=\"elementor-heading-title elementor-size-default\">Le Combi vw en 2003<\/h3>\t\t\t\t<\/div>\n\t\t\t\t<\/div>\n\t\t\t\t\t<\/div>\n\t\t<\/div>\n\t\t\t\t\t<\/div>\n\t\t<\/section>\n\t\t\t\t<section class=\"elementor-section elementor-top-section elementor-element elementor-element-b03b901 elementor-section-boxed elementor-section-height-default elementor-section-height-default\" data-id=\"b03b901\" data-element_type=\"section\">\n\t\t\t\t\t\t<div class=\"elementor-container elementor-column-gap-default\">\n\t\t\t\t\t<div class=\"elementor-column elementor-col-100 elementor-top-column elementor-element elementor-element-5508ab1\" data-id=\"5508ab1\" data-element_type=\"column\">\n\t\t\t<div class=\"elementor-widget-wrap elementor-element-populated\">\n\t\t\t\t\t\t<div class=\"elementor-element elementor-element-3cdeba8 elementor-widget elementor-widget-text-editor\" data-id=\"3cdeba8\" data-element_type=\"widget\" data-widget_type=\"text-editor.default\">\n\t\t\t\t<div class=\"elementor-widget-container\">\n\t\t\t\t\t\t\t\t\t<p><span style=\"font-weight: 400;\">Le Transporter T5 remplace le T4.<\/span><span style=\"font-weight: 400;\"><br \/><\/span><\/p>\t\t\t\t\t\t\t\t<\/div>\n\t\t\t\t<\/div>\n\t\t\t\t\t<\/div>\n\t\t<\/div>\n\t\t\t\t\t<\/div>\n\t\t<\/section>\n\t\t\t\t<section class=\"elementor-section elementor-top-section elementor-element elementor-element-7c935f3 elementor-section-boxed elementor-section-height-default elementor-section-height-default\" data-id=\"7c935f3\" data-element_type=\"section\">\n\t\t\t\t\t\t<div class=\"elementor-container elementor-column-gap-default\">\n\t\t\t\t\t<div class=\"elementor-column elementor-col-100 elementor-top-column elementor-element elementor-element-81be6de\" data-id=\"81be6de\" data-element_type=\"column\">\n\t\t\t<div class=\"elementor-widget-wrap elementor-element-populated\">\n\t\t\t\t\t\t<div class=\"elementor-element elementor-element-5cd9c3e elementor-widget elementor-widget-heading\" data-id=\"5cd9c3e\" data-element_type=\"widget\" data-widget_type=\"heading.default\">\n\t\t\t\t<div class=\"elementor-widget-container\">\n\t\t\t\t\t<h3 class=\"elementor-heading-title elementor-size-default\">Le Combi van en 2015<\/h3>\t\t\t\t<\/div>\n\t\t\t\t<\/div>\n\t\t\t\t\t<\/div>\n\t\t<\/div>\n\t\t\t\t\t<\/div>\n\t\t<\/section>\n\t\t\t\t<section class=\"elementor-section elementor-top-section elementor-element elementor-element-d252245 elementor-section-boxed elementor-section-height-default elementor-section-height-default\" data-id=\"d252245\" data-element_type=\"section\">\n\t\t\t\t\t\t<div class=\"elementor-container elementor-column-gap-default\">\n\t\t\t\t\t<div class=\"elementor-column elementor-col-100 elementor-top-column elementor-element elementor-element-5d37de1\" data-id=\"5d37de1\" data-element_type=\"column\">\n\t\t\t<div class=\"elementor-widget-wrap elementor-element-populated\">\n\t\t\t\t\t\t<div class=\"elementor-element elementor-element-4239bc4 elementor-widget elementor-widget-text-editor\" data-id=\"4239bc4\" data-element_type=\"widget\" data-widget_type=\"text-editor.default\">\n\t\t\t\t<div class=\"elementor-widget-container\">\n\t\t\t\t\t\t\t\t\t<p><span style=\"font-weight: 400;\">L\u2019actuel T6 remplace le T5.<\/span><span style=\"font-weight: 400;\"><br \/><\/span><\/p>\t\t\t\t\t\t\t\t<\/div>\n\t\t\t\t<\/div>\n\t\t\t\t\t<\/div>\n\t\t<\/div>\n\t\t\t\t\t<\/div>\n\t\t<\/section>\n\t\t\t\t<section class=\"elementor-section elementor-top-section elementor-element elementor-element-64a3c4f elementor-section-boxed elementor-section-height-default elementor-section-height-default\" data-id=\"64a3c4f\" data-element_type=\"section\">\n\t\t\t\t\t\t<div class=\"elementor-container elementor-column-gap-default\">\n\t\t\t\t\t<div class=\"elementor-column elementor-col-100 elementor-top-column elementor-element elementor-element-80862b4\" data-id=\"80862b4\" data-element_type=\"column\">\n\t\t\t<div class=\"elementor-widget-wrap elementor-element-populated\">\n\t\t\t\t\t\t<div class=\"elementor-element elementor-element-42abf6a elementor-widget elementor-widget-image\" data-id=\"42abf6a\" data-element_type=\"widget\" data-widget_type=\"image.default\">\n\t\t\t\t<div class=\"elementor-widget-container\">\n\t\t\t\t\t\t\t\t\t\t\t\t\t\t\t<img loading=\"lazy\" decoding=\"async\" width=\"300\" height=\"267\" src=\"https:\/\/www.wedrivit.com\/blog\/wp-content\/uploads\/2023\/08\/combi-12.jpg\" class=\"attachment-medium size-medium wp-image-9969\" alt=\"2015\" \/>\t\t\t\t\t\t\t\t\t\t\t\t\t\t\t<\/div>\n\t\t\t\t<\/div>\n\t\t\t\t\t<\/div>\n\t\t<\/div>\n\t\t\t\t\t<\/div>\n\t\t<\/section>\n\t\t\t\t<section class=\"elementor-section elementor-top-section elementor-element elementor-element-e5f93aa elementor-section-boxed elementor-section-height-default elementor-section-height-default\" data-id=\"e5f93aa\" data-element_type=\"section\">\n\t\t\t\t\t\t<div class=\"elementor-container elementor-column-gap-default\">\n\t\t\t\t\t<div class=\"elementor-column elementor-col-100 elementor-top-column elementor-element elementor-element-b07caef\" data-id=\"b07caef\" data-element_type=\"column\">\n\t\t\t<div class=\"elementor-widget-wrap elementor-element-populated\">\n\t\t\t\t\t\t<div class=\"elementor-element elementor-element-9df69d7 elementor-widget elementor-widget-heading\" data-id=\"9df69d7\" data-element_type=\"widget\" data-widget_type=\"heading.default\">\n\t\t\t\t<div class=\"elementor-widget-container\">\n\t\t\t\t\t<h2 class=\"elementor-heading-title elementor-size-default\">La hype autour du combi \n<\/h2>\t\t\t\t<\/div>\n\t\t\t\t<\/div>\n\t\t\t\t\t<\/div>\n\t\t<\/div>\n\t\t\t\t\t<\/div>\n\t\t<\/section>\n\t\t\t\t<section class=\"elementor-section elementor-top-section elementor-element elementor-element-e8b6a17 elementor-section-boxed elementor-section-height-default elementor-section-height-default\" data-id=\"e8b6a17\" data-element_type=\"section\">\n\t\t\t\t\t\t<div class=\"elementor-container elementor-column-gap-default\">\n\t\t\t\t\t<div class=\"elementor-column elementor-col-100 elementor-top-column elementor-element elementor-element-151a429\" data-id=\"151a429\" data-element_type=\"column\">\n\t\t\t<div class=\"elementor-widget-wrap elementor-element-populated\">\n\t\t\t\t\t\t<div class=\"elementor-element elementor-element-057c8b8 elementor-widget elementor-widget-text-editor\" data-id=\"057c8b8\" data-element_type=\"widget\" data-widget_type=\"text-editor.default\">\n\t\t\t\t<div class=\"elementor-widget-container\">\n\t\t\t\t\t\t\t\t\t<p><span style=\"font-weight: 400;\">Les Fran\u00e7ais sont fans de ces petits vans Volkswagen r\u00e9tro avec lesquels ils prennent le chemin des vacances. Mais pourquoi ?<\/span><span style=\"font-weight: 400;\"><br \/><\/span><span style=\"font-weight: 400;\">Sur le march\u00e9 de l&rsquo;occasion, ces Combi d\u00e9nomm\u00e9s T1, T2 ou T3 (T pour Transporter), les mod\u00e8les anciens les plus c\u00e9l\u00e8bres, se monnaient d&rsquo;ailleurs \u00e0 un prix tr\u00e8s \u00e9lev\u00e9 (jusqu&rsquo;\u00e0 30 000 euros en \u00e9tat neuf) qui prouve \u00e0 quel point la demande est forte.<\/span><\/p><p><span style=\"font-weight: 400;\">La plupart des T1 ou T2 actuels proviennent de Californie et reviennent en Europe aujourd&rsquo;hui via divers chemins.<\/span><span style=\"font-weight: 400;\"><br \/><\/span><span style=\"font-weight: 400;\"><br \/><\/span><span style=\"font-weight: 400;\">Rien ne se perd, tout se cr\u00e9e sur un Combi ! Mais ce qui fait avant tout le charme de ces Transporters, c&rsquo;est bien s\u00fbr son esth\u00e9tique r\u00e9tro, symbole de libert\u00e9 et de voyages.<\/span><\/p><p>\u00a0<\/p><p><span style=\"font-weight: 400;\">Gr\u00e2ce \u00e0 son aspect color\u00e9, partir en voyage devient aussi simple que bonjour ! Partir en voyage dans sa maison tout en se promenant le long de petites routes \u00e0 une allure paisible. Prendre le temps de s&rsquo;arr\u00eater o\u00f9 l&rsquo;on veut, d\u00e9clencher des sourires et des rencontres sur son chemin. Une escapade \u00e0 faire en un clin d\u2019oeil dans un esprit lib\u00e9r\u00e9 qui permet d\u2019oublier le quotidien morose<\/span><\/p>\t\t\t\t\t\t\t\t<\/div>\n\t\t\t\t<\/div>\n\t\t\t\t\t<\/div>\n\t\t<\/div>\n\t\t\t\t\t<\/div>\n\t\t<\/section>\n\t\t\t\t<section class=\"elementor-section elementor-top-section elementor-element elementor-element-5044e75 elementor-section-boxed elementor-section-height-default elementor-section-height-default\" data-id=\"5044e75\" data-element_type=\"section\">\n\t\t\t\t\t\t<div class=\"elementor-container elementor-column-gap-default\">\n\t\t\t\t\t<div class=\"elementor-column elementor-col-100 elementor-top-column elementor-element elementor-element-7a31de7\" data-id=\"7a31de7\" data-element_type=\"column\">\n\t\t\t<div class=\"elementor-widget-wrap elementor-element-populated\">\n\t\t\t\t\t\t<div class=\"elementor-element elementor-element-379b435 elementor-widget elementor-widget-image\" data-id=\"379b435\" data-element_type=\"widget\" data-widget_type=\"image.default\">\n\t\t\t\t<div class=\"elementor-widget-container\">\n\t\t\t\t\t\t\t\t\t\t\t\t\t\t\t<img loading=\"lazy\" decoding=\"async\" width=\"430\" height=\"272\" src=\"https:\/\/www.wedrivit.com\/blog\/wp-content\/uploads\/2023\/08\/hype.png\" class=\"attachment-large size-large wp-image-9970\" alt=\"hype\" \/>\t\t\t\t\t\t\t\t\t\t\t\t\t\t\t<\/div>\n\t\t\t\t<\/div>\n\t\t\t\t\t<\/div>\n\t\t<\/div>\n\t\t\t\t\t<\/div>\n\t\t<\/section>\n\t\t\t\t<section class=\"elementor-section elementor-top-section elementor-element elementor-element-ee8c307 elementor-section-boxed elementor-section-height-default elementor-section-height-default\" data-id=\"ee8c307\" data-element_type=\"section\">\n\t\t\t\t\t\t<div class=\"elementor-container elementor-column-gap-default\">\n\t\t\t\t\t<div class=\"elementor-column elementor-col-100 elementor-top-column elementor-element elementor-element-aa1e099\" data-id=\"aa1e099\" data-element_type=\"column\">\n\t\t\t<div class=\"elementor-widget-wrap elementor-element-populated\">\n\t\t\t\t\t\t<div class=\"elementor-element elementor-element-085b4e3 elementor-widget elementor-widget-text-editor\" data-id=\"085b4e3\" data-element_type=\"widget\" data-widget_type=\"text-editor.default\">\n\t\t\t\t<div class=\"elementor-widget-container\">\n\t\t\t\t\t\t\t\t\t<p>Vous en savez un petit peu plus sur les marques de voitures de collection et de maintenant :\u00a0<\/p><p>Voici d&rsquo;autres articles qui pourraient vous plaire :\u00a0<\/p><p><a href=\"https:\/\/www.wedrivit.com\/blog\/voiture\/collection\/quelle-est-la-voiture-ancienne-la-plus-rare-au-monde\">Quelle est la voiture ancienne la plus rare au monde<\/a><\/p><p><a href=\"https:\/\/www.wedrivit.com\/blog\/voiture-ancienne-francaise-notre-classement-wedrivit\">Voiture ancienne fran\u00e7aise : notre classement Wedrivit<\/a><\/p>\t\t\t\t\t\t\t\t<\/div>\n\t\t\t\t<\/div>\n\t\t\t\t\t<\/div>\n\t\t<\/div>\n\t\t\t\t\t<\/div>\n\t\t<\/section>\n\t\t\t\t<\/div>\n\t\t","protected":false},"excerpt":{"rendered":"<p>Le Combi en g\u00e9n\u00e9ral Le volkswagen combi a f\u00eat\u00e9 ses 75 ans en 2022. Souvent lorsqu\u2019il faut parler de la&hellip;<\/p>\n","protected":false},"author":17,"featured_media":0,"comment_status":"open","ping_status":"open","sticky":false,"template":"","format":"standard","meta":{"footnotes":""},"categories":[17,1],"tags":[],"class_list":["post-9955","post","type-post","status-publish","format-standard","hentry","category-culture-automobile","category-tous-les-articles"],"yoast_head":"<!-- This site is optimized with the Yoast SEO plugin v26.9 - https:\/\/yoast.com\/product\/yoast-seo-wordpress\/ -->\n<title>L&#039;histoire du Volkswagen Combi Tous les articles - Le blog des voitures de collection par Wedrivit<\/title>\n<meta name=\"description\" content=\"Le volkswagen combi vw a f\u00eat\u00e9 ses 75 ans en 2022. Souvent lorsqu\u2019il faut parler de la premi\u00e8re g\u00e9n\u00e9ration de Combi on entend parler de Type 1.\" \/>\n<meta name=\"robots\" content=\"index, follow, max-snippet:-1, max-image-preview:large, max-video-preview:-1\" \/>\n<link rel=\"canonical\" href=\"https:\/\/www.wedrivit.com\/blog\/voiture\/collection\/lhistoire-du-volkswagen-combi\" \/>\n<meta property=\"og:locale\" content=\"fr_FR\" \/>\n<meta property=\"og:type\" content=\"article\" \/>\n<meta property=\"og:title\" content=\"L&#039;histoire du Volkswagen Combi Tous les articles - Le blog des voitures de collection par Wedrivit\" \/>\n<meta property=\"og:description\" content=\"Le volkswagen combi vw a f\u00eat\u00e9 ses 75 ans en 2022. Souvent lorsqu\u2019il faut parler de la premi\u00e8re g\u00e9n\u00e9ration de Combi on entend parler de Type 1.\" \/>\n<meta property=\"og:url\" content=\"https:\/\/www.wedrivit.com\/blog\/voiture\/collection\/lhistoire-du-volkswagen-combi\" \/>\n<meta property=\"og:site_name\" content=\"Le blog des voitures de collection par Wedrivit\" \/>\n<meta property=\"article:published_time\" content=\"2023-09-08T09:46:23+00:00\" \/>\n<meta property=\"article:modified_time\" content=\"2025-09-05T12:09:03+00:00\" \/>\n<meta property=\"og:image\" content=\"https:\/\/www.wedrivit.com\/blog\/wp-content\/uploads\/2023\/08\/frise-chronologique.jpg\" \/>\n<meta name=\"author\" content=\"Camille Fiot\" \/>\n<meta name=\"twitter:card\" content=\"summary_large_image\" \/>\n<meta name=\"twitter:label1\" content=\"\u00c9crit par\" \/>\n\t<meta name=\"twitter:data1\" content=\"Camille Fiot\" \/>\n\t<meta name=\"twitter:label2\" content=\"Dur\u00e9e de lecture estim\u00e9e\" \/>\n\t<meta name=\"twitter:data2\" content=\"9 minutes\" \/>\n<script type=\"application\/ld+json\" class=\"yoast-schema-graph\">{\"@context\":\"https:\/\/schema.org\",\"@graph\":[{\"@type\":\"Article\",\"@id\":\"https:\/\/www.wedrivit.com\/blog\/voiture\/collection\/lhistoire-du-volkswagen-combi#article\",\"isPartOf\":{\"@id\":\"https:\/\/www.wedrivit.com\/blog\/voiture\/collection\/lhistoire-du-volkswagen-combi\"},\"author\":{\"name\":\"Camille Fiot\",\"@id\":\"https:\/\/www.wedrivit.com\/blog\/#\/schema\/person\/bd337a50a9dbdcb584b97dfc6b7a7008\"},\"headline\":\"L&rsquo;histoire du Volkswagen Combi\",\"datePublished\":\"2023-09-08T09:46:23+00:00\",\"dateModified\":\"2025-09-05T12:09:03+00:00\",\"mainEntityOfPage\":{\"@id\":\"https:\/\/www.wedrivit.com\/blog\/voiture\/collection\/lhistoire-du-volkswagen-combi\"},\"wordCount\":1243,\"commentCount\":1,\"publisher\":{\"@id\":\"https:\/\/www.wedrivit.com\/blog\/#organization\"},\"image\":{\"@id\":\"https:\/\/www.wedrivit.com\/blog\/voiture\/collection\/lhistoire-du-volkswagen-combi#primaryimage\"},\"thumbnailUrl\":\"https:\/\/www.wedrivit.com\/blog\/wp-content\/uploads\/2023\/08\/frise-chronologique.jpg\",\"articleSection\":[\"Culture Automobile\",\"Tous les articles\"],\"inLanguage\":\"fr-FR\",\"potentialAction\":[{\"@type\":\"CommentAction\",\"name\":\"Comment\",\"target\":[\"https:\/\/www.wedrivit.com\/blog\/voiture\/collection\/lhistoire-du-volkswagen-combi#respond\"]}]},{\"@type\":\"WebPage\",\"@id\":\"https:\/\/www.wedrivit.com\/blog\/voiture\/collection\/lhistoire-du-volkswagen-combi\",\"url\":\"https:\/\/www.wedrivit.com\/blog\/voiture\/collection\/lhistoire-du-volkswagen-combi\",\"name\":\"L'histoire du Volkswagen Combi Tous les articles - Le blog des voitures de collection par Wedrivit\",\"isPartOf\":{\"@id\":\"https:\/\/www.wedrivit.com\/blog\/#website\"},\"primaryImageOfPage\":{\"@id\":\"https:\/\/www.wedrivit.com\/blog\/voiture\/collection\/lhistoire-du-volkswagen-combi#primaryimage\"},\"image\":{\"@id\":\"https:\/\/www.wedrivit.com\/blog\/voiture\/collection\/lhistoire-du-volkswagen-combi#primaryimage\"},\"thumbnailUrl\":\"https:\/\/www.wedrivit.com\/blog\/wp-content\/uploads\/2023\/08\/frise-chronologique.jpg\",\"datePublished\":\"2023-09-08T09:46:23+00:00\",\"dateModified\":\"2025-09-05T12:09:03+00:00\",\"description\":\"Le volkswagen combi vw a f\u00eat\u00e9 ses 75 ans en 2022. Souvent lorsqu\u2019il faut parler de la premi\u00e8re g\u00e9n\u00e9ration de Combi on entend parler de Type 1.\",\"breadcrumb\":{\"@id\":\"https:\/\/www.wedrivit.com\/blog\/voiture\/collection\/lhistoire-du-volkswagen-combi#breadcrumb\"},\"inLanguage\":\"fr-FR\",\"potentialAction\":[{\"@type\":\"ReadAction\",\"target\":[\"https:\/\/www.wedrivit.com\/blog\/voiture\/collection\/lhistoire-du-volkswagen-combi\"]}]},{\"@type\":\"ImageObject\",\"inLanguage\":\"fr-FR\",\"@id\":\"https:\/\/www.wedrivit.com\/blog\/voiture\/collection\/lhistoire-du-volkswagen-combi#primaryimage\",\"url\":\"https:\/\/www.wedrivit.com\/blog\/wp-content\/uploads\/2023\/08\/frise-chronologique.jpg\",\"contentUrl\":\"https:\/\/www.wedrivit.com\/blog\/wp-content\/uploads\/2023\/08\/frise-chronologique.jpg\",\"width\":1321,\"height\":293,\"caption\":\"frise chronologique\"},{\"@type\":\"BreadcrumbList\",\"@id\":\"https:\/\/www.wedrivit.com\/blog\/voiture\/collection\/lhistoire-du-volkswagen-combi#breadcrumb\",\"itemListElement\":[{\"@type\":\"ListItem\",\"position\":1,\"name\":\"Home\",\"item\":\"https:\/\/www.wedrivit.com\/blog\/\"},{\"@type\":\"ListItem\",\"position\":2,\"name\":\"L&rsquo;histoire du Volkswagen Combi\"}]},{\"@type\":\"WebSite\",\"@id\":\"https:\/\/www.wedrivit.com\/blog\/#website\",\"url\":\"https:\/\/www.wedrivit.com\/blog\/\",\"name\":\"Le blog des voitures de collection par Wedrivit\",\"description\":\"Tout savoir sur les voitures anciennes grace \u00e0 Wedrivit, la plateforme de location de voitures anciennes entre particuliers.\",\"publisher\":{\"@id\":\"https:\/\/www.wedrivit.com\/blog\/#organization\"},\"potentialAction\":[{\"@type\":\"SearchAction\",\"target\":{\"@type\":\"EntryPoint\",\"urlTemplate\":\"https:\/\/www.wedrivit.com\/blog\/?s={search_term_string}\"},\"query-input\":{\"@type\":\"PropertyValueSpecification\",\"valueRequired\":true,\"valueName\":\"search_term_string\"}}],\"inLanguage\":\"fr-FR\"},{\"@type\":\"Organization\",\"@id\":\"https:\/\/www.wedrivit.com\/blog\/#organization\",\"name\":\"Le blog des voitures de collection par Wedrivit\",\"url\":\"https:\/\/www.wedrivit.com\/blog\/\",\"logo\":{\"@type\":\"ImageObject\",\"inLanguage\":\"fr-FR\",\"@id\":\"https:\/\/www.wedrivit.com\/blog\/#\/schema\/logo\/image\/\",\"url\":\"https:\/\/www.wedrivit.com\/blog\/wp-content\/uploads\/2024\/12\/wedrivit-blanc-large-2.png\",\"contentUrl\":\"https:\/\/www.wedrivit.com\/blog\/wp-content\/uploads\/2024\/12\/wedrivit-blanc-large-2.png\",\"caption\":\"Le blog des voitures de collection par Wedrivit\"},\"image\":{\"@id\":\"https:\/\/www.wedrivit.com\/blog\/#\/schema\/logo\/image\/\"}},{\"@type\":\"Person\",\"@id\":\"https:\/\/www.wedrivit.com\/blog\/#\/schema\/person\/bd337a50a9dbdcb584b97dfc6b7a7008\",\"name\":\"Camille Fiot\",\"image\":{\"@type\":\"ImageObject\",\"inLanguage\":\"fr-FR\",\"@id\":\"https:\/\/www.wedrivit.com\/blog\/#\/schema\/person\/image\/\",\"url\":\"https:\/\/secure.gravatar.com\/avatar\/2f64f3e5fd5b776bb931b6b8fb8d451e04047c77832e87138ce0041eb1434bb2?s=96&d=mm&r=g\",\"contentUrl\":\"https:\/\/secure.gravatar.com\/avatar\/2f64f3e5fd5b776bb931b6b8fb8d451e04047c77832e87138ce0041eb1434bb2?s=96&d=mm&r=g\",\"caption\":\"Camille Fiot\"},\"sameAs\":[\"https:\/\/www.wedrivit.com\/\"],\"url\":\"https:\/\/www.wedrivit.com\/blog\/voiture\/collection\/author\/camille-fiot\"}]}<\/script>\n<!-- \/ Yoast SEO plugin. -->","yoast_head_json":{"title":"L'histoire du Volkswagen Combi Tous les articles - Le blog des voitures de collection par Wedrivit","description":"Le volkswagen combi vw a f\u00eat\u00e9 ses 75 ans en 2022. Souvent lorsqu\u2019il faut parler de la premi\u00e8re g\u00e9n\u00e9ration de Combi on entend parler de Type 1.","robots":{"index":"index","follow":"follow","max-snippet":"max-snippet:-1","max-image-preview":"max-image-preview:large","max-video-preview":"max-video-preview:-1"},"canonical":"https:\/\/www.wedrivit.com\/blog\/voiture\/collection\/lhistoire-du-volkswagen-combi","og_locale":"fr_FR","og_type":"article","og_title":"L'histoire du Volkswagen Combi Tous les articles - Le blog des voitures de collection par Wedrivit","og_description":"Le volkswagen combi vw a f\u00eat\u00e9 ses 75 ans en 2022. Souvent lorsqu\u2019il faut parler de la premi\u00e8re g\u00e9n\u00e9ration de Combi on entend parler de Type 1.","og_url":"https:\/\/www.wedrivit.com\/blog\/voiture\/collection\/lhistoire-du-volkswagen-combi","og_site_name":"Le blog des voitures de collection par Wedrivit","article_published_time":"2023-09-08T09:46:23+00:00","article_modified_time":"2025-09-05T12:09:03+00:00","og_image":[{"url":"https:\/\/www.wedrivit.com\/blog\/wp-content\/uploads\/2023\/08\/frise-chronologique.jpg","type":"","width":"","height":""}],"author":"Camille Fiot","twitter_card":"summary_large_image","twitter_misc":{"\u00c9crit par":"Camille Fiot","Dur\u00e9e de lecture estim\u00e9e":"9 minutes"},"schema":{"@context":"https:\/\/schema.org","@graph":[{"@type":"Article","@id":"https:\/\/www.wedrivit.com\/blog\/voiture\/collection\/lhistoire-du-volkswagen-combi#article","isPartOf":{"@id":"https:\/\/www.wedrivit.com\/blog\/voiture\/collection\/lhistoire-du-volkswagen-combi"},"author":{"name":"Camille Fiot","@id":"https:\/\/www.wedrivit.com\/blog\/#\/schema\/person\/bd337a50a9dbdcb584b97dfc6b7a7008"},"headline":"L&rsquo;histoire du Volkswagen Combi","datePublished":"2023-09-08T09:46:23+00:00","dateModified":"2025-09-05T12:09:03+00:00","mainEntityOfPage":{"@id":"https:\/\/www.wedrivit.com\/blog\/voiture\/collection\/lhistoire-du-volkswagen-combi"},"wordCount":1243,"commentCount":1,"publisher":{"@id":"https:\/\/www.wedrivit.com\/blog\/#organization"},"image":{"@id":"https:\/\/www.wedrivit.com\/blog\/voiture\/collection\/lhistoire-du-volkswagen-combi#primaryimage"},"thumbnailUrl":"https:\/\/www.wedrivit.com\/blog\/wp-content\/uploads\/2023\/08\/frise-chronologique.jpg","articleSection":["Culture Automobile","Tous les articles"],"inLanguage":"fr-FR","potentialAction":[{"@type":"CommentAction","name":"Comment","target":["https:\/\/www.wedrivit.com\/blog\/voiture\/collection\/lhistoire-du-volkswagen-combi#respond"]}]},{"@type":"WebPage","@id":"https:\/\/www.wedrivit.com\/blog\/voiture\/collection\/lhistoire-du-volkswagen-combi","url":"https:\/\/www.wedrivit.com\/blog\/voiture\/collection\/lhistoire-du-volkswagen-combi","name":"L'histoire du Volkswagen Combi Tous les articles - Le blog des voitures de collection par Wedrivit","isPartOf":{"@id":"https:\/\/www.wedrivit.com\/blog\/#website"},"primaryImageOfPage":{"@id":"https:\/\/www.wedrivit.com\/blog\/voiture\/collection\/lhistoire-du-volkswagen-combi#primaryimage"},"image":{"@id":"https:\/\/www.wedrivit.com\/blog\/voiture\/collection\/lhistoire-du-volkswagen-combi#primaryimage"},"thumbnailUrl":"https:\/\/www.wedrivit.com\/blog\/wp-content\/uploads\/2023\/08\/frise-chronologique.jpg","datePublished":"2023-09-08T09:46:23+00:00","dateModified":"2025-09-05T12:09:03+00:00","description":"Le volkswagen combi vw a f\u00eat\u00e9 ses 75 ans en 2022. Souvent lorsqu\u2019il faut parler de la premi\u00e8re g\u00e9n\u00e9ration de Combi on entend parler de Type 1.","breadcrumb":{"@id":"https:\/\/www.wedrivit.com\/blog\/voiture\/collection\/lhistoire-du-volkswagen-combi#breadcrumb"},"inLanguage":"fr-FR","potentialAction":[{"@type":"ReadAction","target":["https:\/\/www.wedrivit.com\/blog\/voiture\/collection\/lhistoire-du-volkswagen-combi"]}]},{"@type":"ImageObject","inLanguage":"fr-FR","@id":"https:\/\/www.wedrivit.com\/blog\/voiture\/collection\/lhistoire-du-volkswagen-combi#primaryimage","url":"https:\/\/www.wedrivit.com\/blog\/wp-content\/uploads\/2023\/08\/frise-chronologique.jpg","contentUrl":"https:\/\/www.wedrivit.com\/blog\/wp-content\/uploads\/2023\/08\/frise-chronologique.jpg","width":1321,"height":293,"caption":"frise chronologique"},{"@type":"BreadcrumbList","@id":"https:\/\/www.wedrivit.com\/blog\/voiture\/collection\/lhistoire-du-volkswagen-combi#breadcrumb","itemListElement":[{"@type":"ListItem","position":1,"name":"Home","item":"https:\/\/www.wedrivit.com\/blog\/"},{"@type":"ListItem","position":2,"name":"L&rsquo;histoire du Volkswagen Combi"}]},{"@type":"WebSite","@id":"https:\/\/www.wedrivit.com\/blog\/#website","url":"https:\/\/www.wedrivit.com\/blog\/","name":"Le blog des voitures de collection par Wedrivit","description":"Tout savoir sur les voitures anciennes grace \u00e0 Wedrivit, la plateforme de location de voitures anciennes entre particuliers.","publisher":{"@id":"https:\/\/www.wedrivit.com\/blog\/#organization"},"potentialAction":[{"@type":"SearchAction","target":{"@type":"EntryPoint","urlTemplate":"https:\/\/www.wedrivit.com\/blog\/?s={search_term_string}"},"query-input":{"@type":"PropertyValueSpecification","valueRequired":true,"valueName":"search_term_string"}}],"inLanguage":"fr-FR"},{"@type":"Organization","@id":"https:\/\/www.wedrivit.com\/blog\/#organization","name":"Le blog des voitures de collection par Wedrivit","url":"https:\/\/www.wedrivit.com\/blog\/","logo":{"@type":"ImageObject","inLanguage":"fr-FR","@id":"https:\/\/www.wedrivit.com\/blog\/#\/schema\/logo\/image\/","url":"https:\/\/www.wedrivit.com\/blog\/wp-content\/uploads\/2024\/12\/wedrivit-blanc-large-2.png","contentUrl":"https:\/\/www.wedrivit.com\/blog\/wp-content\/uploads\/2024\/12\/wedrivit-blanc-large-2.png","caption":"Le blog des voitures de collection par Wedrivit"},"image":{"@id":"https:\/\/www.wedrivit.com\/blog\/#\/schema\/logo\/image\/"}},{"@type":"Person","@id":"https:\/\/www.wedrivit.com\/blog\/#\/schema\/person\/bd337a50a9dbdcb584b97dfc6b7a7008","name":"Camille Fiot","image":{"@type":"ImageObject","inLanguage":"fr-FR","@id":"https:\/\/www.wedrivit.com\/blog\/#\/schema\/person\/image\/","url":"https:\/\/secure.gravatar.com\/avatar\/2f64f3e5fd5b776bb931b6b8fb8d451e04047c77832e87138ce0041eb1434bb2?s=96&d=mm&r=g","contentUrl":"https:\/\/secure.gravatar.com\/avatar\/2f64f3e5fd5b776bb931b6b8fb8d451e04047c77832e87138ce0041eb1434bb2?s=96&d=mm&r=g","caption":"Camille Fiot"},"sameAs":["https:\/\/www.wedrivit.com\/"],"url":"https:\/\/www.wedrivit.com\/blog\/voiture\/collection\/author\/camille-fiot"}]}},"_links":{"self":[{"href":"https:\/\/www.wedrivit.com\/blog\/wp-json\/wp\/v2\/posts\/9955","targetHints":{"allow":["GET"]}}],"collection":[{"href":"https:\/\/www.wedrivit.com\/blog\/wp-json\/wp\/v2\/posts"}],"about":[{"href":"https:\/\/www.wedrivit.com\/blog\/wp-json\/wp\/v2\/types\/post"}],"author":[{"embeddable":true,"href":"https:\/\/www.wedrivit.com\/blog\/wp-json\/wp\/v2\/users\/17"}],"replies":[{"embeddable":true,"href":"https:\/\/www.wedrivit.com\/blog\/wp-json\/wp\/v2\/comments?post=9955"}],"version-history":[{"count":18,"href":"https:\/\/www.wedrivit.com\/blog\/wp-json\/wp\/v2\/posts\/9955\/revisions"}],"predecessor-version":[{"id":11812,"href":"https:\/\/www.wedrivit.com\/blog\/wp-json\/wp\/v2\/posts\/9955\/revisions\/11812"}],"wp:attachment":[{"href":"https:\/\/www.wedrivit.com\/blog\/wp-json\/wp\/v2\/media?parent=9955"}],"wp:term":[{"taxonomy":"category","embeddable":true,"href":"https:\/\/www.wedrivit.com\/blog\/wp-json\/wp\/v2\/categories?post=9955"},{"taxonomy":"post_tag","embeddable":true,"href":"https:\/\/www.wedrivit.com\/blog\/wp-json\/wp\/v2\/tags?post=9955"}],"curies":[{"name":"wp","href":"https:\/\/api.w.org\/{rel}","templated":true}]}}