{"id":9921,"date":"2023-09-12T16:18:30","date_gmt":"2023-09-12T14:18:30","guid":{"rendered":"https:\/\/www.wedrivit.com\/blog\/?p=9921"},"modified":"2025-09-05T14:09:58","modified_gmt":"2025-09-05T12:09:58","slug":"voiture-de-collection-quelles-sont-les-marques-les-plus-anciennes","status":"publish","type":"post","link":"https:\/\/www.wedrivit.com\/blog\/voiture\/collection\/voiture-de-collection-quelles-sont-les-marques-les-plus-anciennes","title":{"rendered":"Voiture de Collection : Quelles sont les marques les plus anciennes ?"},"content":{"rendered":"\t\t<div data-elementor-type=\"wp-post\" data-elementor-id=\"9921\" class=\"elementor elementor-9921\">\n\t\t\t\t\t\t<section class=\"elementor-section elementor-top-section elementor-element elementor-element-e6afaf4 elementor-section-boxed elementor-section-height-default elementor-section-height-default\" data-id=\"e6afaf4\" data-element_type=\"section\">\n\t\t\t\t\t\t<div class=\"elementor-container elementor-column-gap-default\">\n\t\t\t\t\t<div class=\"elementor-column elementor-col-100 elementor-top-column elementor-element elementor-element-8fa0554\" data-id=\"8fa0554\" data-element_type=\"column\">\n\t\t\t<div class=\"elementor-widget-wrap elementor-element-populated\">\n\t\t\t\t\t\t<div class=\"elementor-element elementor-element-4787af3 elementor-widget elementor-widget-text-editor\" data-id=\"4787af3\" data-element_type=\"widget\" data-widget_type=\"text-editor.default\">\n\t\t\t\t<div class=\"elementor-widget-container\">\n\t\t\t\t\t\t\t\t\t<p><span style=\"font-weight: 400;\">De nos jours, la voiture est pr\u00e9sente dans la majorit\u00e9 des foyers. Pourtant, \u00e0 ses d\u00e9buts, elle \u00e9tait consid\u00e9r\u00e9e comme un produit inaccessible, du fait de ses co\u00fbts de production et de son prix \u00e9lev\u00e9. Et puis, au fil des d\u00e9cennies et de l\u2019imagination des constructeurs, elle commen\u00e7a \u00e0 se d\u00e9mocratiser. Voici le Top 5 des plus<strong> anciennes marques<\/strong> du monde en lancement de voiture.<\/span><\/p>\t\t\t\t\t\t\t\t<\/div>\n\t\t\t\t<\/div>\n\t\t\t\t\t<\/div>\n\t\t<\/div>\n\t\t\t\t\t<\/div>\n\t\t<\/section>\n\t\t\t\t<section class=\"elementor-section elementor-top-section elementor-element elementor-element-b0f9d34 elementor-section-boxed elementor-section-height-default elementor-section-height-default\" data-id=\"b0f9d34\" data-element_type=\"section\">\n\t\t\t\t\t\t<div class=\"elementor-container elementor-column-gap-default\">\n\t\t\t\t\t<div class=\"elementor-column elementor-col-100 elementor-top-column elementor-element elementor-element-a264ed8\" data-id=\"a264ed8\" data-element_type=\"column\">\n\t\t\t<div class=\"elementor-widget-wrap elementor-element-populated\">\n\t\t\t\t\t\t<div class=\"elementor-element elementor-element-d169268 elementor-widget elementor-widget-heading\" data-id=\"d169268\" data-element_type=\"widget\" data-widget_type=\"heading.default\">\n\t\t\t\t<div class=\"elementor-widget-container\">\n\t\t\t\t\t<h2 class=\"elementor-heading-title elementor-size-default\">PEUGEOT : \n<\/h2>\t\t\t\t<\/div>\n\t\t\t\t<\/div>\n\t\t\t\t<div class=\"elementor-element elementor-element-e953384 elementor-widget elementor-widget-text-editor\" data-id=\"e953384\" data-element_type=\"widget\" data-widget_type=\"text-editor.default\">\n\t\t\t\t<div class=\"elementor-widget-container\">\n\t\t\t\t\t\t\t\t\t<p><span style=\"font-weight: 400;\">Ainsi, la plus vieille <strong>marque<\/strong>\u00a0automobile du monde serait donc le constructeur au lion Fran\u00e7ais. <\/span><span style=\"font-weight: 400;\">Lors de sa cr\u00e9ation en 1803, Peugeot fabriquait alors des moulins \u00e0 caf\u00e9 et des pi\u00e8ces pour horlogerie. C\u2019est en 1882 que les premi\u00e8res voitures apparaissent <\/span><span style=\"font-weight: 400;\">\u00a0en collaboration avec Leon Serpollet. <\/span><span style=\"font-weight: 400;\">C\u2019est en 1889, lors de l\u2019exposition universelle de Paris que l\u2019entreprise, sous la direction d\u2019Armand Peugeot, pr\u00e9sente son tout premier v\u00e9hicule : un tricycle \u00e0 vapeur.\u00a0<\/span><\/p><p><span style=\"font-weight: 400;\">Parmi l\u2019ensemble des mod\u00e8les Peugeot, certains sont aujourd\u2019hui de vraies l\u00e9gendes aux yeux des passionn\u00e9s d<strong>\u2019anciennes<\/strong>. Il y a notamment la Peugeot 203, la premi\u00e8re voiture d\u2019apr\u00e8s-guerre et qui relan\u00e7a la production automobile. Enfin, la 205 conna\u00eet un succ\u00e8s fulgurant d\u00e8s 1983. En plus d\u2019\u00eatre la voiture la plus vendue en France, elle gagne deux Paris-Dakar et est la vedette des rallyes.<\/span><\/p>\t\t\t\t\t\t\t\t<\/div>\n\t\t\t\t<\/div>\n\t\t\t\t\t<\/div>\n\t\t<\/div>\n\t\t\t\t\t<\/div>\n\t\t<\/section>\n\t\t\t\t<section class=\"elementor-section elementor-top-section elementor-element elementor-element-b8aa301 elementor-section-boxed elementor-section-height-default elementor-section-height-default\" data-id=\"b8aa301\" data-element_type=\"section\">\n\t\t\t\t\t\t<div class=\"elementor-container elementor-column-gap-default\">\n\t\t\t\t\t<div class=\"elementor-column elementor-col-100 elementor-top-column elementor-element elementor-element-f5c5e0b\" data-id=\"f5c5e0b\" data-element_type=\"column\">\n\t\t\t<div class=\"elementor-widget-wrap elementor-element-populated\">\n\t\t\t\t\t\t<div class=\"elementor-element elementor-element-766886c elementor-widget elementor-widget-image\" data-id=\"766886c\" data-element_type=\"widget\" data-widget_type=\"image.default\">\n\t\t\t\t<div class=\"elementor-widget-container\">\n\t\t\t\t\t\t\t\t\t\t\t\t\t\t\t<img fetchpriority=\"high\" decoding=\"async\" width=\"300\" height=\"248\" src=\"https:\/\/www.wedrivit.com\/blog\/wp-content\/uploads\/2023\/08\/peugeot-1.jpg\" class=\"attachment-medium size-medium wp-image-9926\" alt=\"peugeot\" \/>\t\t\t\t\t\t\t\t\t\t\t\t\t\t\t<\/div>\n\t\t\t\t<\/div>\n\t\t\t\t\t<\/div>\n\t\t<\/div>\n\t\t\t\t\t<\/div>\n\t\t<\/section>\n\t\t\t\t<section class=\"elementor-section elementor-top-section elementor-element elementor-element-b1a6593 elementor-section-boxed elementor-section-height-default elementor-section-height-default\" data-id=\"b1a6593\" data-element_type=\"section\">\n\t\t\t\t\t\t<div class=\"elementor-container elementor-column-gap-default\">\n\t\t\t\t\t<div class=\"elementor-column elementor-col-100 elementor-top-column elementor-element elementor-element-00248ca\" data-id=\"00248ca\" data-element_type=\"column\">\n\t\t\t<div class=\"elementor-widget-wrap elementor-element-populated\">\n\t\t\t\t\t\t<div class=\"elementor-element elementor-element-6830053 elementor-widget elementor-widget-heading\" data-id=\"6830053\" data-element_type=\"widget\" data-widget_type=\"heading.default\">\n\t\t\t\t<div class=\"elementor-widget-container\">\n\t\t\t\t\t<h2 class=\"elementor-heading-title elementor-size-default\">Mercedes-Benz<\/h2>\t\t\t\t<\/div>\n\t\t\t\t<\/div>\n\t\t\t\t<div class=\"elementor-element elementor-element-024117d elementor-widget elementor-widget-text-editor\" data-id=\"024117d\" data-element_type=\"widget\" data-widget_type=\"text-editor.default\">\n\t\t\t\t<div class=\"elementor-widget-container\">\n\t\t\t\t\t\t\t\t\t<p>L\u2019entreprise Mercedes-Benz a \u00e9t\u00e9 cr\u00e9\u00e9e en 1883 sous le nom de Benz &amp; Cie. <span style=\"font-weight: 400;\">En fait, Mercedes-Benz a mis son premier v\u00e9ritable prototype d\u2019automobile sur la route en 1886, sous le Benz Patent-Motorwagen Nummer 1 (Tricycle Benz 1)soit bien, avant tout le monde. Toutefois, les si\u00e8ges massants, les \u00e9crans tactiles et <a href=\"https:\/\/www.wedrivit.com\/location-voiture-luxe\">autres luxes modernes<\/a> n&rsquo;existaient pas \u00e0 l\u2019\u00e9poque. Bref, on se demande comment la <strong>marque<\/strong> \u00e9tait per\u00e7ue bien avant de b\u00e9n\u00e9ficier de son statut de prestige actuel.<\/span><\/p>\t\t\t\t\t\t\t\t<\/div>\n\t\t\t\t<\/div>\n\t\t\t\t\t<\/div>\n\t\t<\/div>\n\t\t\t\t\t<\/div>\n\t\t<\/section>\n\t\t\t\t<section class=\"elementor-section elementor-top-section elementor-element elementor-element-f0b8175 elementor-section-boxed elementor-section-height-default elementor-section-height-default\" data-id=\"f0b8175\" data-element_type=\"section\">\n\t\t\t\t\t\t<div class=\"elementor-container elementor-column-gap-default\">\n\t\t\t\t\t<div class=\"elementor-column elementor-col-100 elementor-top-column elementor-element elementor-element-eae289c\" data-id=\"eae289c\" data-element_type=\"column\">\n\t\t\t<div class=\"elementor-widget-wrap elementor-element-populated\">\n\t\t\t\t\t\t<div class=\"elementor-element elementor-element-4bc7f61 elementor-widget elementor-widget-image\" data-id=\"4bc7f61\" data-element_type=\"widget\" data-widget_type=\"image.default\">\n\t\t\t\t<div class=\"elementor-widget-container\">\n\t\t\t\t\t\t\t\t\t\t\t\t\t\t\t<img decoding=\"async\" width=\"330\" height=\"220\" src=\"https:\/\/www.wedrivit.com\/blog\/wp-content\/uploads\/2023\/08\/mercedes-benz.jpg\" class=\"attachment-large size-large wp-image-9927\" alt=\"mercedes benz\" \/>\t\t\t\t\t\t\t\t\t\t\t\t\t\t\t<\/div>\n\t\t\t\t<\/div>\n\t\t\t\t\t<\/div>\n\t\t<\/div>\n\t\t\t\t\t<\/div>\n\t\t<\/section>\n\t\t\t\t<section class=\"elementor-section elementor-top-section elementor-element elementor-element-d49e28c elementor-section-boxed elementor-section-height-default elementor-section-height-default\" data-id=\"d49e28c\" data-element_type=\"section\">\n\t\t\t\t\t\t<div class=\"elementor-container elementor-column-gap-default\">\n\t\t\t\t\t<div class=\"elementor-column elementor-col-100 elementor-top-column elementor-element elementor-element-3f65f62\" data-id=\"3f65f62\" data-element_type=\"column\">\n\t\t\t<div class=\"elementor-widget-wrap elementor-element-populated\">\n\t\t\t\t\t\t<div class=\"elementor-element elementor-element-838b728 elementor-widget elementor-widget-heading\" data-id=\"838b728\" data-element_type=\"widget\" data-widget_type=\"heading.default\">\n\t\t\t\t<div class=\"elementor-widget-container\">\n\t\t\t\t\t<h2 class=\"elementor-heading-title elementor-size-default\">Renault\n<\/h2>\t\t\t\t<\/div>\n\t\t\t\t<\/div>\n\t\t\t\t<div class=\"elementor-element elementor-element-b7512fa elementor-widget elementor-widget-text-editor\" data-id=\"b7512fa\" data-element_type=\"widget\" data-widget_type=\"text-editor.default\">\n\t\t\t\t<div class=\"elementor-widget-container\">\n\t\t\t\t\t\t\t\t\t<p><span style=\"font-weight: 400;\">L\u2019automobile a commenc\u00e9 \u00e0 devenir populaire en France \u00e0 la fin du 19e si\u00e8cle et ce domaine est tomb\u00e9 dans l\u2019int\u00e9r\u00eat des fr\u00e8res Renault : Louis, Marcel et Fernand. Renault a d\u00e9cid\u00e9 de produire ses propres motorisations d\u00e8s 1903. les premi\u00e8res Renault (type A) sont produites (71 en 1899). Au fil des am\u00e9liorations suivent <strong>d\u2019autres mod\u00e8les<\/strong> (type B et C en 1900, D et E en 1901, G, H et K en 1902, etc.), qui sont \u00e0 la fois vendus \u00e0 des particuliers fortun\u00e9s et engag\u00e9s dans des courses automobiles. <\/span><\/p>\t\t\t\t\t\t\t\t<\/div>\n\t\t\t\t<\/div>\n\t\t\t\t\t<\/div>\n\t\t<\/div>\n\t\t\t\t\t<\/div>\n\t\t<\/section>\n\t\t\t\t<section class=\"elementor-section elementor-top-section elementor-element elementor-element-94e4814 elementor-section-boxed elementor-section-height-default elementor-section-height-default\" data-id=\"94e4814\" data-element_type=\"section\">\n\t\t\t\t\t\t<div class=\"elementor-container elementor-column-gap-default\">\n\t\t\t\t\t<div class=\"elementor-column elementor-col-100 elementor-top-column elementor-element elementor-element-95fc8cf\" data-id=\"95fc8cf\" data-element_type=\"column\">\n\t\t\t<div class=\"elementor-widget-wrap elementor-element-populated\">\n\t\t\t\t\t\t<div class=\"elementor-element elementor-element-05ce57b elementor-widget elementor-widget-image\" data-id=\"05ce57b\" data-element_type=\"widget\" data-widget_type=\"image.default\">\n\t\t\t\t<div class=\"elementor-widget-container\">\n\t\t\t\t\t\t\t\t\t\t\t\t<figure class=\"wp-caption\">\n\t\t\t\t\t\t\t\t\t\t<img decoding=\"async\" width=\"300\" height=\"196\" src=\"https:\/\/www.wedrivit.com\/blog\/wp-content\/uploads\/2023\/08\/renault-type-a.jpg\" class=\"attachment-medium size-medium wp-image-9928\" alt=\"renault type a\" \/>\t\t\t\t\t\t\t\t\t\t\t<figcaption class=\"widget-image-caption wp-caption-text\">Renault Type A<\/figcaption>\n\t\t\t\t\t\t\t\t\t\t<\/figure>\n\t\t\t\t\t\t\t\t\t<\/div>\n\t\t\t\t<\/div>\n\t\t\t\t\t<\/div>\n\t\t<\/div>\n\t\t\t\t\t<\/div>\n\t\t<\/section>\n\t\t\t\t<section class=\"elementor-section elementor-top-section elementor-element elementor-element-eb23f24 elementor-section-boxed elementor-section-height-default elementor-section-height-default\" data-id=\"eb23f24\" data-element_type=\"section\">\n\t\t\t\t\t\t<div class=\"elementor-container elementor-column-gap-default\">\n\t\t\t\t\t<div class=\"elementor-column elementor-col-100 elementor-top-column elementor-element elementor-element-4e3f4b0\" data-id=\"4e3f4b0\" data-element_type=\"column\">\n\t\t\t<div class=\"elementor-widget-wrap elementor-element-populated\">\n\t\t\t\t\t\t<div class=\"elementor-element elementor-element-5d78ecc elementor-widget elementor-widget-image\" data-id=\"5d78ecc\" data-element_type=\"widget\" data-widget_type=\"image.default\">\n\t\t\t\t<div class=\"elementor-widget-container\">\n\t\t\t\t\t\t\t\t\t\t\t\t<figure class=\"wp-caption\">\n\t\t\t\t\t\t\t\t\t\t<img loading=\"lazy\" decoding=\"async\" width=\"300\" height=\"236\" src=\"https:\/\/www.wedrivit.com\/blog\/wp-content\/uploads\/2023\/08\/renault-type-b.jpg\" class=\"attachment-medium size-medium wp-image-9929\" alt=\"renault type b\" \/>\t\t\t\t\t\t\t\t\t\t\t<figcaption class=\"widget-image-caption wp-caption-text\">Renault Type B de 1899<\/figcaption>\n\t\t\t\t\t\t\t\t\t\t<\/figure>\n\t\t\t\t\t\t\t\t\t<\/div>\n\t\t\t\t<\/div>\n\t\t\t\t\t<\/div>\n\t\t<\/div>\n\t\t\t\t\t<\/div>\n\t\t<\/section>\n\t\t\t\t<section class=\"elementor-section elementor-top-section elementor-element elementor-element-ddf3850 elementor-section-boxed elementor-section-height-default elementor-section-height-default\" data-id=\"ddf3850\" data-element_type=\"section\">\n\t\t\t\t\t\t<div class=\"elementor-container elementor-column-gap-default\">\n\t\t\t\t\t<div class=\"elementor-column elementor-col-100 elementor-top-column elementor-element elementor-element-7a071ad\" data-id=\"7a071ad\" data-element_type=\"column\">\n\t\t\t<div class=\"elementor-widget-wrap elementor-element-populated\">\n\t\t\t\t\t\t<div class=\"elementor-element elementor-element-8bbef7e elementor-widget elementor-widget-heading\" data-id=\"8bbef7e\" data-element_type=\"widget\" data-widget_type=\"heading.default\">\n\t\t\t\t<div class=\"elementor-widget-container\">\n\t\t\t\t\t<h2 class=\"elementor-heading-title elementor-size-default\">Opel<\/h2>\t\t\t\t<\/div>\n\t\t\t\t<\/div>\n\t\t\t\t\t<\/div>\n\t\t<\/div>\n\t\t\t\t\t<\/div>\n\t\t<\/section>\n\t\t\t\t<section class=\"elementor-section elementor-top-section elementor-element elementor-element-f82a39c elementor-section-boxed elementor-section-height-default elementor-section-height-default\" data-id=\"f82a39c\" data-element_type=\"section\">\n\t\t\t\t\t\t<div class=\"elementor-container elementor-column-gap-default\">\n\t\t\t\t\t<div class=\"elementor-column elementor-col-100 elementor-top-column elementor-element elementor-element-07957d3\" data-id=\"07957d3\" data-element_type=\"column\">\n\t\t\t<div class=\"elementor-widget-wrap elementor-element-populated\">\n\t\t\t\t\t\t<div class=\"elementor-element elementor-element-e19f402 elementor-widget elementor-widget-text-editor\" data-id=\"e19f402\" data-element_type=\"widget\" data-widget_type=\"text-editor.default\">\n\t\t\t\t<div class=\"elementor-widget-container\">\n\t\t\t\t\t\t\t\t\t<p><span style=\"font-weight: 400;\">Faisait aujourd\u2019hui partie du groupe PSA, Opel est pass\u00e9 sous plusieurs mains depuis le d\u00e9but de son existence, mais il faut dire que c\u2019est tout \u00e0 fait normal puisque l<strong>\u2019entreprise<\/strong> est l\u00e0 depuis 1862. Comme vous vous en doutez probablement, Opel ne fabriquait pas de voitures \u00e0 ses tout d\u00e9buts. En fait, Opel faisait plut\u00f4t dans la fabrication de machine \u00e0 couture, ce qui est plut\u00f4t inusit\u00e9. N\u00e9anmoins, l\u2019entreprise allemande a fini par \u00e9voluer et se tourner dans la <strong>fabrication de voitures<\/strong> \u00e0 partir de 1899 avec la voiture System Lutzmann.<\/span><\/p>\t\t\t\t\t\t\t\t<\/div>\n\t\t\t\t<\/div>\n\t\t\t\t\t<\/div>\n\t\t<\/div>\n\t\t\t\t\t<\/div>\n\t\t<\/section>\n\t\t\t\t<section class=\"elementor-section elementor-top-section elementor-element elementor-element-1745e8f elementor-section-boxed elementor-section-height-default elementor-section-height-default\" data-id=\"1745e8f\" data-element_type=\"section\">\n\t\t\t\t\t\t<div class=\"elementor-container elementor-column-gap-default\">\n\t\t\t\t\t<div class=\"elementor-column elementor-col-100 elementor-top-column elementor-element elementor-element-f44e1c0\" data-id=\"f44e1c0\" data-element_type=\"column\">\n\t\t\t<div class=\"elementor-widget-wrap elementor-element-populated\">\n\t\t\t\t\t\t<div class=\"elementor-element elementor-element-05811c2 elementor-widget elementor-widget-image\" data-id=\"05811c2\" data-element_type=\"widget\" data-widget_type=\"image.default\">\n\t\t\t\t<div class=\"elementor-widget-container\">\n\t\t\t\t\t\t\t\t\t\t\t\t\t\t\t<img loading=\"lazy\" decoding=\"async\" width=\"300\" height=\"189\" src=\"https:\/\/www.wedrivit.com\/blog\/wp-content\/uploads\/2023\/08\/System-Lutzmann.jpg\" class=\"attachment-medium size-medium wp-image-9930\" alt=\"System Lutzmann\" \/>\t\t\t\t\t\t\t\t\t\t\t\t\t\t\t<\/div>\n\t\t\t\t<\/div>\n\t\t\t\t\t<\/div>\n\t\t<\/div>\n\t\t\t\t\t<\/div>\n\t\t<\/section>\n\t\t\t\t<section class=\"elementor-section elementor-top-section elementor-element elementor-element-43492c0 elementor-section-boxed elementor-section-height-default elementor-section-height-default\" data-id=\"43492c0\" data-element_type=\"section\">\n\t\t\t\t\t\t<div class=\"elementor-container elementor-column-gap-default\">\n\t\t\t\t\t<div class=\"elementor-column elementor-col-100 elementor-top-column elementor-element elementor-element-fd3bbe1\" data-id=\"fd3bbe1\" data-element_type=\"column\">\n\t\t\t<div class=\"elementor-widget-wrap elementor-element-populated\">\n\t\t\t\t\t\t<div class=\"elementor-element elementor-element-97bf2ae elementor-widget elementor-widget-heading\" data-id=\"97bf2ae\" data-element_type=\"widget\" data-widget_type=\"heading.default\">\n\t\t\t\t<div class=\"elementor-widget-container\">\n\t\t\t\t\t<h2 class=\"elementor-heading-title elementor-size-default\">Cadillac\n<\/h2>\t\t\t\t<\/div>\n\t\t\t\t<\/div>\n\t\t\t\t\t<\/div>\n\t\t<\/div>\n\t\t\t\t\t<\/div>\n\t\t<\/section>\n\t\t\t\t<section class=\"elementor-section elementor-top-section elementor-element elementor-element-e594410 elementor-section-boxed elementor-section-height-default elementor-section-height-default\" data-id=\"e594410\" data-element_type=\"section\">\n\t\t\t\t\t\t<div class=\"elementor-container elementor-column-gap-default\">\n\t\t\t\t\t<div class=\"elementor-column elementor-col-100 elementor-top-column elementor-element elementor-element-f8bded0\" data-id=\"f8bded0\" data-element_type=\"column\">\n\t\t\t<div class=\"elementor-widget-wrap elementor-element-populated\">\n\t\t\t\t\t\t<div class=\"elementor-element elementor-element-255ec2e elementor-widget elementor-widget-text-editor\" data-id=\"255ec2e\" data-element_type=\"widget\" data-widget_type=\"text-editor.default\">\n\t\t\t\t<div class=\"elementor-widget-container\">\n\t\t\t\t\t\t\t\t\t<p><span style=\"font-weight: 400;\">\u00c7a ne date pas d\u2019hier que l\u2019on compare tout \u00e0 une Cadillac puisque la marque am\u00e9ricain existe depuis 1901. Faisant aujourd\u2019hui partie du groupe General Motors, Cadillac se d\u00e9marque par ses technologies et le caract\u00e8re luxueux de ses v\u00e9hicules. Ironiquement, l\u2019entreprise existe gr\u00e2ce \u00e0 Henri Ford qui avait fond\u00e9 la Henri For Company en 1901 avant de fonder la Ford Motor Company plus tard. Toutefois, les dirigeants de la marque ont d\u00fb choisir une nouvelle appellation et c\u2019est en 1902 que Cadillac est arriv\u00e9e. L\u2019entreprise a d\u2019ailleurs \u00e9t\u00e9 rachet\u00e9e en 1909 par GM. Sa premi\u00e8re voiture se nomme \u00ab\u00a0Little Hercules\u00a0\u00bb<\/span><\/p>\t\t\t\t\t\t\t\t<\/div>\n\t\t\t\t<\/div>\n\t\t\t\t\t<\/div>\n\t\t<\/div>\n\t\t\t\t\t<\/div>\n\t\t<\/section>\n\t\t\t\t<section class=\"elementor-section elementor-top-section elementor-element elementor-element-dcb0205 elementor-section-boxed elementor-section-height-default elementor-section-height-default\" data-id=\"dcb0205\" data-element_type=\"section\">\n\t\t\t\t\t\t<div class=\"elementor-container elementor-column-gap-default\">\n\t\t\t\t\t<div class=\"elementor-column elementor-col-100 elementor-top-column elementor-element elementor-element-2306efe\" data-id=\"2306efe\" data-element_type=\"column\">\n\t\t\t<div class=\"elementor-widget-wrap elementor-element-populated\">\n\t\t\t\t\t\t<div class=\"elementor-element elementor-element-e18af2d elementor-widget elementor-widget-image\" data-id=\"e18af2d\" data-element_type=\"widget\" data-widget_type=\"image.default\">\n\t\t\t\t<div class=\"elementor-widget-container\">\n\t\t\t\t\t\t\t\t\t\t\t\t\t\t\t<img loading=\"lazy\" decoding=\"async\" width=\"300\" height=\"201\" src=\"https:\/\/www.wedrivit.com\/blog\/wp-content\/uploads\/2023\/08\/Lttle-Hercules.jpg\" class=\"attachment-medium size-medium wp-image-9931\" alt=\"Little Hercules\" \/>\t\t\t\t\t\t\t\t\t\t\t\t\t\t\t<\/div>\n\t\t\t\t<\/div>\n\t\t\t\t\t<\/div>\n\t\t<\/div>\n\t\t\t\t\t<\/div>\n\t\t<\/section>\n\t\t\t\t<section class=\"elementor-section elementor-top-section elementor-element elementor-element-d18c91f elementor-section-boxed elementor-section-height-default elementor-section-height-default\" data-id=\"d18c91f\" data-element_type=\"section\">\n\t\t\t\t\t\t<div class=\"elementor-container elementor-column-gap-default\">\n\t\t\t\t\t<div class=\"elementor-column elementor-col-100 elementor-top-column elementor-element elementor-element-dac8882\" data-id=\"dac8882\" data-element_type=\"column\">\n\t\t\t<div class=\"elementor-widget-wrap elementor-element-populated\">\n\t\t\t\t\t\t<div class=\"elementor-element elementor-element-3722739 elementor-widget elementor-widget-heading\" data-id=\"3722739\" data-element_type=\"widget\" data-widget_type=\"heading.default\">\n\t\t\t\t<div class=\"elementor-widget-container\">\n\t\t\t\t\t<h2 class=\"elementor-heading-title elementor-size-default\">Ford<\/h2>\t\t\t\t<\/div>\n\t\t\t\t<\/div>\n\t\t\t\t\t<\/div>\n\t\t<\/div>\n\t\t\t\t\t<\/div>\n\t\t<\/section>\n\t\t\t\t<section class=\"elementor-section elementor-top-section elementor-element elementor-element-d021e8c elementor-section-boxed elementor-section-height-default elementor-section-height-default\" data-id=\"d021e8c\" data-element_type=\"section\">\n\t\t\t\t\t\t<div class=\"elementor-container elementor-column-gap-default\">\n\t\t\t\t\t<div class=\"elementor-column elementor-col-100 elementor-top-column elementor-element elementor-element-d69ee18\" data-id=\"d69ee18\" data-element_type=\"column\">\n\t\t\t<div class=\"elementor-widget-wrap elementor-element-populated\">\n\t\t\t\t\t\t<div class=\"elementor-element elementor-element-99cf27f elementor-widget elementor-widget-text-editor\" data-id=\"99cf27f\" data-element_type=\"widget\" data-widget_type=\"text-editor.default\">\n\t\t\t\t<div class=\"elementor-widget-container\">\n\t\t\t\t\t\t\t\t\t<p><span style=\"font-weight: 400;\">On a tendance \u00e0 croire que Ford est le p\u00e8re de l\u2019automobile, ce qui est un peu vrai dans le sens o\u00f9 le constructeur am\u00e9ricain a grandement contribu\u00e9 \u00e0 l\u2019expansion de l\u2019industrie de l\u2019automobile avec le montage \u00e0 la cha\u00eene. Toutefois, la Ford Motor Company a \u00e9t\u00e9 fond\u00e9e le 16 juin 1903, ce qui est, certes, honorable, mais c\u2019est loin d\u2019\u00eatre suffisant pour faire de Ford la plus vieille entreprise \u0153uvrant dans le domaine de l\u2019automobile.<\/span><span style=\"font-weight: 400;\"> Son objectif \u00e9tait de rendre la voiture accessible \u00e0 un plus grand nombre de personnes. Il fallait donc r\u00e9duire les co\u00fbts de production. Il modifie ainsi le fonctionnement du syst\u00e8me d\u2019assemblage des voitures. Elles sont d\u00e9sormais pos\u00e9es sur les plateformes et sont d\u00e9plac\u00e9es d\u2019un groupe de m\u00e9caniciens \u00e0 un autre. La production devient plus rapide et l\u2019apparition de machines produisant des pi\u00e8ces en masse continuent \u00e0 am\u00e9liorer le temps de fabrication des voitures. Voici donc la Ford Quadricycle.<\/span><\/p>\t\t\t\t\t\t\t\t<\/div>\n\t\t\t\t<\/div>\n\t\t\t\t\t<\/div>\n\t\t<\/div>\n\t\t\t\t\t<\/div>\n\t\t<\/section>\n\t\t\t\t<section class=\"elementor-section elementor-top-section elementor-element elementor-element-851084f elementor-section-boxed elementor-section-height-default elementor-section-height-default\" data-id=\"851084f\" data-element_type=\"section\">\n\t\t\t\t\t\t<div class=\"elementor-container elementor-column-gap-default\">\n\t\t\t\t\t<div class=\"elementor-column elementor-col-100 elementor-top-column elementor-element elementor-element-af53380\" data-id=\"af53380\" data-element_type=\"column\">\n\t\t\t<div class=\"elementor-widget-wrap elementor-element-populated\">\n\t\t\t\t\t\t<div class=\"elementor-element elementor-element-bd50733 elementor-widget elementor-widget-image\" data-id=\"bd50733\" data-element_type=\"widget\" data-widget_type=\"image.default\">\n\t\t\t\t<div class=\"elementor-widget-container\">\n\t\t\t\t\t\t\t\t\t\t\t\t\t\t\t<img loading=\"lazy\" decoding=\"async\" width=\"300\" height=\"230\" src=\"https:\/\/www.wedrivit.com\/blog\/wp-content\/uploads\/2023\/08\/Ford-Quadricycle.jpg\" class=\"attachment-medium size-medium wp-image-9932\" alt=\"Ford Quadricycle\" \/>\t\t\t\t\t\t\t\t\t\t\t\t\t\t\t<\/div>\n\t\t\t\t<\/div>\n\t\t\t\t\t<\/div>\n\t\t<\/div>\n\t\t\t\t\t<\/div>\n\t\t<\/section>\n\t\t\t\t<section class=\"elementor-section elementor-top-section elementor-element elementor-element-ee8c307 elementor-section-boxed elementor-section-height-default elementor-section-height-default\" data-id=\"ee8c307\" data-element_type=\"section\">\n\t\t\t\t\t\t<div class=\"elementor-container elementor-column-gap-default\">\n\t\t\t\t\t<div class=\"elementor-column elementor-col-100 elementor-top-column elementor-element elementor-element-aa1e099\" data-id=\"aa1e099\" data-element_type=\"column\">\n\t\t\t<div class=\"elementor-widget-wrap elementor-element-populated\">\n\t\t\t\t\t\t<div class=\"elementor-element elementor-element-085b4e3 elementor-widget elementor-widget-text-editor\" data-id=\"085b4e3\" data-element_type=\"widget\" data-widget_type=\"text-editor.default\">\n\t\t\t\t<div class=\"elementor-widget-container\">\n\t\t\t\t\t\t\t\t\t<p>Vous en savez un petit peu plus sur les marques de voitures de collection et de maintenant :\u00a0<\/p><p>Voici d&rsquo;autres articles qui pourraient vous plaire :\u00a0<\/p><p><a href=\"https:\/\/www.wedrivit.com\/blog\/voiture\/collection\/quelle-est-la-voiture-ancienne-la-plus-rare-au-monde\">Quelle est la voiture ancienne la plus rare au monde<\/a><\/p><p><a href=\"https:\/\/www.wedrivit.com\/blog\/voiture-ancienne-francaise-notre-classement-wedrivit\">Voiture ancienne fran\u00e7aise : notre classement Wedrivit<\/a><\/p>\t\t\t\t\t\t\t\t<\/div>\n\t\t\t\t<\/div>\n\t\t\t\t\t<\/div>\n\t\t<\/div>\n\t\t\t\t\t<\/div>\n\t\t<\/section>\n\t\t\t\t<\/div>\n\t\t","protected":false},"excerpt":{"rendered":"<p>De nos jours, la voiture est pr\u00e9sente dans la majorit\u00e9 des foyers. Pourtant, \u00e0 ses d\u00e9buts, elle \u00e9tait consid\u00e9r\u00e9e comme&hellip;<\/p>\n","protected":false},"author":17,"featured_media":0,"comment_status":"open","ping_status":"open","sticky":false,"template":"","format":"standard","meta":{"footnotes":""},"categories":[17,1],"tags":[],"class_list":["post-9921","post","type-post","status-publish","format-standard","hentry","category-culture-automobile","category-tous-les-articles"],"yoast_head":"<!-- This site is optimized with the Yoast SEO plugin v26.9 - https:\/\/yoast.com\/product\/yoast-seo-wordpress\/ -->\n<title>Voiture de Collection : Quelles sont les marques les plus anciennes ? -Le blog des voitures de collection par Wedrivit<\/title>\n<meta name=\"description\" content=\"A ses d\u00e9buts, la voiture \u00e9tait consid\u00e9r\u00e9e comme inaccessible. Au fil des d\u00e9cennies et de l\u2019imagination des marques, elle commen\u00e7a \u00e0 se d\u00e9mocratiser.\" \/>\n<meta name=\"robots\" content=\"index, follow, max-snippet:-1, max-image-preview:large, max-video-preview:-1\" \/>\n<link rel=\"canonical\" href=\"https:\/\/www.wedrivit.com\/blog\/voiture\/collection\/voiture-de-collection-quelles-sont-les-marques-les-plus-anciennes\" \/>\n<meta property=\"og:locale\" content=\"fr_FR\" \/>\n<meta property=\"og:type\" content=\"article\" \/>\n<meta property=\"og:title\" content=\"Voiture de Collection : Quelles sont les marques les plus anciennes ? -Le blog des voitures de collection par Wedrivit\" \/>\n<meta property=\"og:description\" content=\"A ses d\u00e9buts, la voiture \u00e9tait consid\u00e9r\u00e9e comme inaccessible. Au fil des d\u00e9cennies et de l\u2019imagination des marques, elle commen\u00e7a \u00e0 se d\u00e9mocratiser.\" \/>\n<meta property=\"og:url\" content=\"https:\/\/www.wedrivit.com\/blog\/voiture\/collection\/voiture-de-collection-quelles-sont-les-marques-les-plus-anciennes\" \/>\n<meta property=\"og:site_name\" content=\"Le blog des voitures de collection par Wedrivit\" \/>\n<meta property=\"article:published_time\" content=\"2023-09-12T14:18:30+00:00\" \/>\n<meta property=\"article:modified_time\" content=\"2025-09-05T12:09:58+00:00\" \/>\n<meta property=\"og:image\" content=\"https:\/\/www.wedrivit.com\/blog\/wp-content\/uploads\/2023\/08\/peugeot-1.jpg\" \/>\n<meta name=\"author\" content=\"Camille Fiot\" \/>\n<meta name=\"twitter:card\" content=\"summary_large_image\" \/>\n<meta name=\"twitter:label1\" content=\"\u00c9crit par\" \/>\n\t<meta name=\"twitter:data1\" content=\"Camille Fiot\" \/>\n\t<meta name=\"twitter:label2\" content=\"Dur\u00e9e de lecture estim\u00e9e\" \/>\n\t<meta name=\"twitter:data2\" content=\"6 minutes\" \/>\n<script type=\"application\/ld+json\" class=\"yoast-schema-graph\">{\"@context\":\"https:\/\/schema.org\",\"@graph\":[{\"@type\":\"Article\",\"@id\":\"https:\/\/www.wedrivit.com\/blog\/voiture\/collection\/voiture-de-collection-quelles-sont-les-marques-les-plus-anciennes#article\",\"isPartOf\":{\"@id\":\"https:\/\/www.wedrivit.com\/blog\/voiture\/collection\/voiture-de-collection-quelles-sont-les-marques-les-plus-anciennes\"},\"author\":{\"name\":\"Camille Fiot\",\"@id\":\"https:\/\/www.wedrivit.com\/blog\/#\/schema\/person\/bd337a50a9dbdcb584b97dfc6b7a7008\"},\"headline\":\"Voiture de Collection : Quelles sont les marques les plus anciennes ?\",\"datePublished\":\"2023-09-12T14:18:30+00:00\",\"dateModified\":\"2025-09-05T12:09:58+00:00\",\"mainEntityOfPage\":{\"@id\":\"https:\/\/www.wedrivit.com\/blog\/voiture\/collection\/voiture-de-collection-quelles-sont-les-marques-les-plus-anciennes\"},\"wordCount\":835,\"commentCount\":0,\"publisher\":{\"@id\":\"https:\/\/www.wedrivit.com\/blog\/#organization\"},\"image\":{\"@id\":\"https:\/\/www.wedrivit.com\/blog\/voiture\/collection\/voiture-de-collection-quelles-sont-les-marques-les-plus-anciennes#primaryimage\"},\"thumbnailUrl\":\"https:\/\/www.wedrivit.com\/blog\/wp-content\/uploads\/2023\/08\/peugeot-1.jpg\",\"articleSection\":[\"Culture Automobile\",\"Tous les articles\"],\"inLanguage\":\"fr-FR\",\"potentialAction\":[{\"@type\":\"CommentAction\",\"name\":\"Comment\",\"target\":[\"https:\/\/www.wedrivit.com\/blog\/voiture\/collection\/voiture-de-collection-quelles-sont-les-marques-les-plus-anciennes#respond\"]}]},{\"@type\":\"WebPage\",\"@id\":\"https:\/\/www.wedrivit.com\/blog\/voiture\/collection\/voiture-de-collection-quelles-sont-les-marques-les-plus-anciennes\",\"url\":\"https:\/\/www.wedrivit.com\/blog\/voiture\/collection\/voiture-de-collection-quelles-sont-les-marques-les-plus-anciennes\",\"name\":\"Voiture de Collection : Quelles sont les marques les plus anciennes ? -Le blog des voitures de collection par Wedrivit\",\"isPartOf\":{\"@id\":\"https:\/\/www.wedrivit.com\/blog\/#website\"},\"primaryImageOfPage\":{\"@id\":\"https:\/\/www.wedrivit.com\/blog\/voiture\/collection\/voiture-de-collection-quelles-sont-les-marques-les-plus-anciennes#primaryimage\"},\"image\":{\"@id\":\"https:\/\/www.wedrivit.com\/blog\/voiture\/collection\/voiture-de-collection-quelles-sont-les-marques-les-plus-anciennes#primaryimage\"},\"thumbnailUrl\":\"https:\/\/www.wedrivit.com\/blog\/wp-content\/uploads\/2023\/08\/peugeot-1.jpg\",\"datePublished\":\"2023-09-12T14:18:30+00:00\",\"dateModified\":\"2025-09-05T12:09:58+00:00\",\"description\":\"A ses d\u00e9buts, la voiture \u00e9tait consid\u00e9r\u00e9e comme inaccessible. Au fil des d\u00e9cennies et de l\u2019imagination des marques, elle commen\u00e7a \u00e0 se d\u00e9mocratiser.\",\"breadcrumb\":{\"@id\":\"https:\/\/www.wedrivit.com\/blog\/voiture\/collection\/voiture-de-collection-quelles-sont-les-marques-les-plus-anciennes#breadcrumb\"},\"inLanguage\":\"fr-FR\",\"potentialAction\":[{\"@type\":\"ReadAction\",\"target\":[\"https:\/\/www.wedrivit.com\/blog\/voiture\/collection\/voiture-de-collection-quelles-sont-les-marques-les-plus-anciennes\"]}]},{\"@type\":\"ImageObject\",\"inLanguage\":\"fr-FR\",\"@id\":\"https:\/\/www.wedrivit.com\/blog\/voiture\/collection\/voiture-de-collection-quelles-sont-les-marques-les-plus-anciennes#primaryimage\",\"url\":\"https:\/\/www.wedrivit.com\/blog\/wp-content\/uploads\/2023\/08\/peugeot-1.jpg\",\"contentUrl\":\"https:\/\/www.wedrivit.com\/blog\/wp-content\/uploads\/2023\/08\/peugeot-1.jpg\",\"width\":733,\"height\":607,\"caption\":\"peugeot\"},{\"@type\":\"BreadcrumbList\",\"@id\":\"https:\/\/www.wedrivit.com\/blog\/voiture\/collection\/voiture-de-collection-quelles-sont-les-marques-les-plus-anciennes#breadcrumb\",\"itemListElement\":[{\"@type\":\"ListItem\",\"position\":1,\"name\":\"Home\",\"item\":\"https:\/\/www.wedrivit.com\/blog\/\"},{\"@type\":\"ListItem\",\"position\":2,\"name\":\"Voiture de Collection : Quelles sont les marques les plus anciennes ?\"}]},{\"@type\":\"WebSite\",\"@id\":\"https:\/\/www.wedrivit.com\/blog\/#website\",\"url\":\"https:\/\/www.wedrivit.com\/blog\/\",\"name\":\"Le blog des voitures de collection par Wedrivit\",\"description\":\"Tout savoir sur les voitures anciennes grace \u00e0 Wedrivit, la plateforme de location de voitures anciennes entre particuliers.\",\"publisher\":{\"@id\":\"https:\/\/www.wedrivit.com\/blog\/#organization\"},\"potentialAction\":[{\"@type\":\"SearchAction\",\"target\":{\"@type\":\"EntryPoint\",\"urlTemplate\":\"https:\/\/www.wedrivit.com\/blog\/?s={search_term_string}\"},\"query-input\":{\"@type\":\"PropertyValueSpecification\",\"valueRequired\":true,\"valueName\":\"search_term_string\"}}],\"inLanguage\":\"fr-FR\"},{\"@type\":\"Organization\",\"@id\":\"https:\/\/www.wedrivit.com\/blog\/#organization\",\"name\":\"Le blog des voitures de collection par Wedrivit\",\"url\":\"https:\/\/www.wedrivit.com\/blog\/\",\"logo\":{\"@type\":\"ImageObject\",\"inLanguage\":\"fr-FR\",\"@id\":\"https:\/\/www.wedrivit.com\/blog\/#\/schema\/logo\/image\/\",\"url\":\"https:\/\/www.wedrivit.com\/blog\/wp-content\/uploads\/2024\/12\/wedrivit-blanc-large-2.png\",\"contentUrl\":\"https:\/\/www.wedrivit.com\/blog\/wp-content\/uploads\/2024\/12\/wedrivit-blanc-large-2.png\",\"caption\":\"Le blog des voitures de collection par Wedrivit\"},\"image\":{\"@id\":\"https:\/\/www.wedrivit.com\/blog\/#\/schema\/logo\/image\/\"}},{\"@type\":\"Person\",\"@id\":\"https:\/\/www.wedrivit.com\/blog\/#\/schema\/person\/bd337a50a9dbdcb584b97dfc6b7a7008\",\"name\":\"Camille Fiot\",\"image\":{\"@type\":\"ImageObject\",\"inLanguage\":\"fr-FR\",\"@id\":\"https:\/\/www.wedrivit.com\/blog\/#\/schema\/person\/image\/\",\"url\":\"https:\/\/secure.gravatar.com\/avatar\/2f64f3e5fd5b776bb931b6b8fb8d451e04047c77832e87138ce0041eb1434bb2?s=96&d=mm&r=g\",\"contentUrl\":\"https:\/\/secure.gravatar.com\/avatar\/2f64f3e5fd5b776bb931b6b8fb8d451e04047c77832e87138ce0041eb1434bb2?s=96&d=mm&r=g\",\"caption\":\"Camille Fiot\"},\"sameAs\":[\"https:\/\/www.wedrivit.com\/\"],\"url\":\"https:\/\/www.wedrivit.com\/blog\/voiture\/collection\/author\/camille-fiot\"}]}<\/script>\n<!-- \/ Yoast SEO plugin. -->","yoast_head_json":{"title":"Voiture de Collection : Quelles sont les marques les plus anciennes ? -Le blog des voitures de collection par Wedrivit","description":"A ses d\u00e9buts, la voiture \u00e9tait consid\u00e9r\u00e9e comme inaccessible. Au fil des d\u00e9cennies et de l\u2019imagination des marques, elle commen\u00e7a \u00e0 se d\u00e9mocratiser.","robots":{"index":"index","follow":"follow","max-snippet":"max-snippet:-1","max-image-preview":"max-image-preview:large","max-video-preview":"max-video-preview:-1"},"canonical":"https:\/\/www.wedrivit.com\/blog\/voiture\/collection\/voiture-de-collection-quelles-sont-les-marques-les-plus-anciennes","og_locale":"fr_FR","og_type":"article","og_title":"Voiture de Collection : Quelles sont les marques les plus anciennes ? -Le blog des voitures de collection par Wedrivit","og_description":"A ses d\u00e9buts, la voiture \u00e9tait consid\u00e9r\u00e9e comme inaccessible. Au fil des d\u00e9cennies et de l\u2019imagination des marques, elle commen\u00e7a \u00e0 se d\u00e9mocratiser.","og_url":"https:\/\/www.wedrivit.com\/blog\/voiture\/collection\/voiture-de-collection-quelles-sont-les-marques-les-plus-anciennes","og_site_name":"Le blog des voitures de collection par Wedrivit","article_published_time":"2023-09-12T14:18:30+00:00","article_modified_time":"2025-09-05T12:09:58+00:00","og_image":[{"url":"https:\/\/www.wedrivit.com\/blog\/wp-content\/uploads\/2023\/08\/peugeot-1.jpg","type":"","width":"","height":""}],"author":"Camille Fiot","twitter_card":"summary_large_image","twitter_misc":{"\u00c9crit par":"Camille Fiot","Dur\u00e9e de lecture estim\u00e9e":"6 minutes"},"schema":{"@context":"https:\/\/schema.org","@graph":[{"@type":"Article","@id":"https:\/\/www.wedrivit.com\/blog\/voiture\/collection\/voiture-de-collection-quelles-sont-les-marques-les-plus-anciennes#article","isPartOf":{"@id":"https:\/\/www.wedrivit.com\/blog\/voiture\/collection\/voiture-de-collection-quelles-sont-les-marques-les-plus-anciennes"},"author":{"name":"Camille Fiot","@id":"https:\/\/www.wedrivit.com\/blog\/#\/schema\/person\/bd337a50a9dbdcb584b97dfc6b7a7008"},"headline":"Voiture de Collection : Quelles sont les marques les plus anciennes ?","datePublished":"2023-09-12T14:18:30+00:00","dateModified":"2025-09-05T12:09:58+00:00","mainEntityOfPage":{"@id":"https:\/\/www.wedrivit.com\/blog\/voiture\/collection\/voiture-de-collection-quelles-sont-les-marques-les-plus-anciennes"},"wordCount":835,"commentCount":0,"publisher":{"@id":"https:\/\/www.wedrivit.com\/blog\/#organization"},"image":{"@id":"https:\/\/www.wedrivit.com\/blog\/voiture\/collection\/voiture-de-collection-quelles-sont-les-marques-les-plus-anciennes#primaryimage"},"thumbnailUrl":"https:\/\/www.wedrivit.com\/blog\/wp-content\/uploads\/2023\/08\/peugeot-1.jpg","articleSection":["Culture Automobile","Tous les articles"],"inLanguage":"fr-FR","potentialAction":[{"@type":"CommentAction","name":"Comment","target":["https:\/\/www.wedrivit.com\/blog\/voiture\/collection\/voiture-de-collection-quelles-sont-les-marques-les-plus-anciennes#respond"]}]},{"@type":"WebPage","@id":"https:\/\/www.wedrivit.com\/blog\/voiture\/collection\/voiture-de-collection-quelles-sont-les-marques-les-plus-anciennes","url":"https:\/\/www.wedrivit.com\/blog\/voiture\/collection\/voiture-de-collection-quelles-sont-les-marques-les-plus-anciennes","name":"Voiture de Collection : Quelles sont les marques les plus anciennes ? -Le blog des voitures de collection par Wedrivit","isPartOf":{"@id":"https:\/\/www.wedrivit.com\/blog\/#website"},"primaryImageOfPage":{"@id":"https:\/\/www.wedrivit.com\/blog\/voiture\/collection\/voiture-de-collection-quelles-sont-les-marques-les-plus-anciennes#primaryimage"},"image":{"@id":"https:\/\/www.wedrivit.com\/blog\/voiture\/collection\/voiture-de-collection-quelles-sont-les-marques-les-plus-anciennes#primaryimage"},"thumbnailUrl":"https:\/\/www.wedrivit.com\/blog\/wp-content\/uploads\/2023\/08\/peugeot-1.jpg","datePublished":"2023-09-12T14:18:30+00:00","dateModified":"2025-09-05T12:09:58+00:00","description":"A ses d\u00e9buts, la voiture \u00e9tait consid\u00e9r\u00e9e comme inaccessible. Au fil des d\u00e9cennies et de l\u2019imagination des marques, elle commen\u00e7a \u00e0 se d\u00e9mocratiser.","breadcrumb":{"@id":"https:\/\/www.wedrivit.com\/blog\/voiture\/collection\/voiture-de-collection-quelles-sont-les-marques-les-plus-anciennes#breadcrumb"},"inLanguage":"fr-FR","potentialAction":[{"@type":"ReadAction","target":["https:\/\/www.wedrivit.com\/blog\/voiture\/collection\/voiture-de-collection-quelles-sont-les-marques-les-plus-anciennes"]}]},{"@type":"ImageObject","inLanguage":"fr-FR","@id":"https:\/\/www.wedrivit.com\/blog\/voiture\/collection\/voiture-de-collection-quelles-sont-les-marques-les-plus-anciennes#primaryimage","url":"https:\/\/www.wedrivit.com\/blog\/wp-content\/uploads\/2023\/08\/peugeot-1.jpg","contentUrl":"https:\/\/www.wedrivit.com\/blog\/wp-content\/uploads\/2023\/08\/peugeot-1.jpg","width":733,"height":607,"caption":"peugeot"},{"@type":"BreadcrumbList","@id":"https:\/\/www.wedrivit.com\/blog\/voiture\/collection\/voiture-de-collection-quelles-sont-les-marques-les-plus-anciennes#breadcrumb","itemListElement":[{"@type":"ListItem","position":1,"name":"Home","item":"https:\/\/www.wedrivit.com\/blog\/"},{"@type":"ListItem","position":2,"name":"Voiture de Collection : Quelles sont les marques les plus anciennes ?"}]},{"@type":"WebSite","@id":"https:\/\/www.wedrivit.com\/blog\/#website","url":"https:\/\/www.wedrivit.com\/blog\/","name":"Le blog des voitures de collection par Wedrivit","description":"Tout savoir sur les voitures anciennes grace \u00e0 Wedrivit, la plateforme de location de voitures anciennes entre particuliers.","publisher":{"@id":"https:\/\/www.wedrivit.com\/blog\/#organization"},"potentialAction":[{"@type":"SearchAction","target":{"@type":"EntryPoint","urlTemplate":"https:\/\/www.wedrivit.com\/blog\/?s={search_term_string}"},"query-input":{"@type":"PropertyValueSpecification","valueRequired":true,"valueName":"search_term_string"}}],"inLanguage":"fr-FR"},{"@type":"Organization","@id":"https:\/\/www.wedrivit.com\/blog\/#organization","name":"Le blog des voitures de collection par Wedrivit","url":"https:\/\/www.wedrivit.com\/blog\/","logo":{"@type":"ImageObject","inLanguage":"fr-FR","@id":"https:\/\/www.wedrivit.com\/blog\/#\/schema\/logo\/image\/","url":"https:\/\/www.wedrivit.com\/blog\/wp-content\/uploads\/2024\/12\/wedrivit-blanc-large-2.png","contentUrl":"https:\/\/www.wedrivit.com\/blog\/wp-content\/uploads\/2024\/12\/wedrivit-blanc-large-2.png","caption":"Le blog des voitures de collection par Wedrivit"},"image":{"@id":"https:\/\/www.wedrivit.com\/blog\/#\/schema\/logo\/image\/"}},{"@type":"Person","@id":"https:\/\/www.wedrivit.com\/blog\/#\/schema\/person\/bd337a50a9dbdcb584b97dfc6b7a7008","name":"Camille Fiot","image":{"@type":"ImageObject","inLanguage":"fr-FR","@id":"https:\/\/www.wedrivit.com\/blog\/#\/schema\/person\/image\/","url":"https:\/\/secure.gravatar.com\/avatar\/2f64f3e5fd5b776bb931b6b8fb8d451e04047c77832e87138ce0041eb1434bb2?s=96&d=mm&r=g","contentUrl":"https:\/\/secure.gravatar.com\/avatar\/2f64f3e5fd5b776bb931b6b8fb8d451e04047c77832e87138ce0041eb1434bb2?s=96&d=mm&r=g","caption":"Camille Fiot"},"sameAs":["https:\/\/www.wedrivit.com\/"],"url":"https:\/\/www.wedrivit.com\/blog\/voiture\/collection\/author\/camille-fiot"}]}},"_links":{"self":[{"href":"https:\/\/www.wedrivit.com\/blog\/wp-json\/wp\/v2\/posts\/9921","targetHints":{"allow":["GET"]}}],"collection":[{"href":"https:\/\/www.wedrivit.com\/blog\/wp-json\/wp\/v2\/posts"}],"about":[{"href":"https:\/\/www.wedrivit.com\/blog\/wp-json\/wp\/v2\/types\/post"}],"author":[{"embeddable":true,"href":"https:\/\/www.wedrivit.com\/blog\/wp-json\/wp\/v2\/users\/17"}],"replies":[{"embeddable":true,"href":"https:\/\/www.wedrivit.com\/blog\/wp-json\/wp\/v2\/comments?post=9921"}],"version-history":[{"count":26,"href":"https:\/\/www.wedrivit.com\/blog\/wp-json\/wp\/v2\/posts\/9921\/revisions"}],"predecessor-version":[{"id":11815,"href":"https:\/\/www.wedrivit.com\/blog\/wp-json\/wp\/v2\/posts\/9921\/revisions\/11815"}],"wp:attachment":[{"href":"https:\/\/www.wedrivit.com\/blog\/wp-json\/wp\/v2\/media?parent=9921"}],"wp:term":[{"taxonomy":"category","embeddable":true,"href":"https:\/\/www.wedrivit.com\/blog\/wp-json\/wp\/v2\/categories?post=9921"},{"taxonomy":"post_tag","embeddable":true,"href":"https:\/\/www.wedrivit.com\/blog\/wp-json\/wp\/v2\/tags?post=9921"}],"curies":[{"name":"wp","href":"https:\/\/api.w.org\/{rel}","templated":true}]}}