{"id":9539,"date":"2023-06-01T10:42:53","date_gmt":"2023-06-01T08:42:53","guid":{"rendered":"https:\/\/www.wedrivit.com\/blog\/?p=9539"},"modified":"2023-06-01T15:20:36","modified_gmt":"2023-06-01T13:20:36","slug":"quelles-sont-les-voitures-francaises-les-plus-emblematiques","status":"publish","type":"post","link":"https:\/\/www.wedrivit.com\/blog\/voiture\/collection\/quelles-sont-les-voitures-francaises-les-plus-emblematiques","title":{"rendered":"Voiture ancienne fran\u00e7aise : notre classement Wedrivit"},"content":{"rendered":"\t\t<div data-elementor-type=\"wp-post\" data-elementor-id=\"9539\" class=\"elementor elementor-9539\">\n\t\t\t\t\t\t<section class=\"elementor-section elementor-top-section elementor-element elementor-element-c6b6aec elementor-section-boxed elementor-section-height-default elementor-section-height-default\" data-id=\"c6b6aec\" data-element_type=\"section\">\n\t\t\t\t\t\t<div class=\"elementor-container elementor-column-gap-default\">\n\t\t\t\t\t<div class=\"elementor-column elementor-col-100 elementor-top-column elementor-element elementor-element-c0ca0d6\" data-id=\"c0ca0d6\" data-element_type=\"column\">\n\t\t\t<div class=\"elementor-widget-wrap elementor-element-populated\">\n\t\t\t\t\t\t<div class=\"elementor-element elementor-element-1de69c3 elementor-widget elementor-widget-text-editor\" data-id=\"1de69c3\" data-element_type=\"widget\" data-widget_type=\"text-editor.default\">\n\t\t\t\t<div class=\"elementor-widget-container\">\n\t\t\t\t\t\t\t\t\t<p><span style=\"font-weight: 400;\">Dans notre beau pays, on a parfois tendance \u00e0 regarder ce que font nos voisins allemands et italiens pour y admirer de belles <strong>voitures embl\u00e9matiques<\/strong>. C&rsquo;est m\u00e9conna\u00eetre la belle tradition fran\u00e7aise de cr\u00e9ation automobile qui dessine depuis un si\u00e8cle des mod\u00e8les audacieux et d\u00e9complex\u00e9s. Petite s\u00e9lection de <strong>voiture ancienne fran\u00e7aise<\/strong>\u00a0qui ont illumin\u00e9 l&rsquo;histoire de l&rsquo;automobile hexagonale.<\/span><\/p>\t\t\t\t\t\t\t\t<\/div>\n\t\t\t\t<\/div>\n\t\t\t\t\t<\/div>\n\t\t<\/div>\n\t\t\t\t\t<\/div>\n\t\t<\/section>\n\t\t\t\t<section class=\"elementor-section elementor-top-section elementor-element elementor-element-8a000a9 elementor-section-boxed elementor-section-height-default elementor-section-height-default\" data-id=\"8a000a9\" data-element_type=\"section\">\n\t\t\t\t\t\t<div class=\"elementor-container elementor-column-gap-default\">\n\t\t\t\t\t<div class=\"elementor-column elementor-col-100 elementor-top-column elementor-element elementor-element-86eb629\" data-id=\"86eb629\" data-element_type=\"column\">\n\t\t\t<div class=\"elementor-widget-wrap elementor-element-populated\">\n\t\t\t\t\t\t<div class=\"elementor-element elementor-element-d520313 elementor-widget elementor-widget-heading\" data-id=\"d520313\" data-element_type=\"widget\" data-widget_type=\"heading.default\">\n\t\t\t\t<div class=\"elementor-widget-container\">\n\t\t\t\t\t<h2 class=\"elementor-heading-title elementor-size-default\">2CV de Citro\u00ebn, la voiture la plus populaire\n<\/h2>\t\t\t\t<\/div>\n\t\t\t\t<\/div>\n\t\t\t\t\t<\/div>\n\t\t<\/div>\n\t\t\t\t\t<\/div>\n\t\t<\/section>\n\t\t\t\t<section class=\"elementor-section elementor-top-section elementor-element elementor-element-88c5b2c elementor-section-boxed elementor-section-height-default elementor-section-height-default\" data-id=\"88c5b2c\" data-element_type=\"section\">\n\t\t\t\t\t\t<div class=\"elementor-container elementor-column-gap-default\">\n\t\t\t\t\t<div class=\"elementor-column elementor-col-100 elementor-top-column elementor-element elementor-element-c906461\" data-id=\"c906461\" data-element_type=\"column\">\n\t\t\t<div class=\"elementor-widget-wrap elementor-element-populated\">\n\t\t\t\t\t\t<div class=\"elementor-element elementor-element-28b4e2d elementor-widget elementor-widget-text-editor\" data-id=\"28b4e2d\" data-element_type=\"widget\" data-widget_type=\"text-editor.default\">\n\t\t\t\t<div class=\"elementor-widget-container\">\n\t\t\t\t\t\t\t\t\t<p><span style=\"font-weight: 400;\">Si nous devions en choisir une <strong>voiture ancienne fran\u00e7aise<\/strong>\u00a0c\u2019est bien la <a href=\"https:\/\/www.wedrivit.com\/location\/voiture\/2cv\/\">2CV<\/a>. Il y a plus de 70 ans, la 2CV \u00e9tait pr\u00e9sent\u00e9e au Salon de l&rsquo;automobile. Elle devient la voiture mythique de la marque Citro\u00ebn. La premi\u00e8re 2CV en 1939 poss\u00e8de un unique phare.\u00a0<\/span><\/p><p><span style=\"font-weight: 400;\">Pierre Jules Boulanger, l&rsquo;un des p\u00e8res fondateurs de la 2CV souhaitait cr\u00e9er une <strong>voiture<\/strong> populaire. Son nom de code: la TPV pour tr\u00e8s petite voiture. La voiture doit pouvoir transporter \u00abdeux cultivateurs en sabots, cinquante kilos de pommes de terre. Un confort irr\u00e9prochable car les \u0153ufs transport\u00e9s derri\u00e8re doivent rester intacts et m\u00eame la p\u00e9dale de l&rsquo;acc\u00e9l\u00e9rateur convient aux sabots&#8230;\u00a0<\/span><\/p><p><span style=\"font-weight: 400;\">La 2CV ne manque pas de surnoms: deux pattes, deuche, dodoche. Et \u00e0 l&rsquo;\u00e9tranger, les Britanniques l&rsquo;appellent <\/span><i><span style=\"font-weight: 400;\">Tin Snail <\/span><\/i><span style=\"font-weight: 400;\">(escargot de fer), les Allemands <\/span><i><span style=\"font-weight: 400;\">Ente <\/span><\/i><span style=\"font-weight: 400;\">(canard). Certains n&rsquo;h\u00e9sitent pas \u00e0 la comparer \u00e0 \u00abune bo\u00eete de sardines\u00bb ou encore \u00e0 \u00abune balan\u00e7oire \u00e0 roulettes\u00bb.\u00a0<\/span><\/p><p><span style=\"font-weight: 400;\">La couleur initiale de la 2CV est d&rsquo;un gris souris passe-partout. \u00c0 partir des ann\u00e9es 1950, la petite voiture conna\u00eet la couleur avec beige, ivoire, bleu, jaune ou rouge. Plus tard des nouvelles versions: gris Cormoran et gris et jaune et noir. En France, Citro\u00ebn a cess\u00e9 de produire des <a href=\"https:\/\/www.wedrivit.com\/location\/voiture\/2cv\/\">2CV<\/a> au printemps 1988.<\/span><span style=\"font-weight: 400;\">\u00a0<\/span><\/p>\t\t\t\t\t\t\t\t<\/div>\n\t\t\t\t<\/div>\n\t\t\t\t\t<\/div>\n\t\t<\/div>\n\t\t\t\t\t<\/div>\n\t\t<\/section>\n\t\t\t\t<section class=\"elementor-section elementor-top-section elementor-element elementor-element-818a5d5 elementor-section-boxed elementor-section-height-default elementor-section-height-default\" data-id=\"818a5d5\" data-element_type=\"section\">\n\t\t\t\t\t\t<div class=\"elementor-container elementor-column-gap-default\">\n\t\t\t\t\t<div class=\"elementor-column elementor-col-100 elementor-top-column elementor-element elementor-element-4248b25\" data-id=\"4248b25\" data-element_type=\"column\">\n\t\t\t<div class=\"elementor-widget-wrap elementor-element-populated\">\n\t\t\t\t\t\t<div class=\"elementor-element elementor-element-49352e8 elementor-widget elementor-widget-image\" data-id=\"49352e8\" data-element_type=\"widget\" data-widget_type=\"image.default\">\n\t\t\t\t<div class=\"elementor-widget-container\">\n\t\t\t\t\t\t\t\t\t\t\t\t\t\t\t<img fetchpriority=\"high\" decoding=\"async\" width=\"1000\" height=\"750\" src=\"https:\/\/www.wedrivit.com\/blog\/wp-content\/uploads\/2023\/05\/autowp.ru_citroen_2cv_prototype_1.jpg\" class=\"attachment-large size-large wp-image-9541\" alt=\"2cv\" \/>\t\t\t\t\t\t\t\t\t\t\t\t\t\t\t<\/div>\n\t\t\t\t<\/div>\n\t\t\t\t\t<\/div>\n\t\t<\/div>\n\t\t\t\t\t<\/div>\n\t\t<\/section>\n\t\t\t\t<section class=\"elementor-section elementor-top-section elementor-element elementor-element-3e03b16 elementor-section-boxed elementor-section-height-default elementor-section-height-default\" data-id=\"3e03b16\" data-element_type=\"section\">\n\t\t\t\t\t\t<div class=\"elementor-container elementor-column-gap-default\">\n\t\t\t\t\t<div class=\"elementor-column elementor-col-100 elementor-top-column elementor-element elementor-element-2bced27\" data-id=\"2bced27\" data-element_type=\"column\">\n\t\t\t<div class=\"elementor-widget-wrap elementor-element-populated\">\n\t\t\t\t\t\t<div class=\"elementor-element elementor-element-faf903d elementor-widget elementor-widget-heading\" data-id=\"faf903d\" data-element_type=\"widget\" data-widget_type=\"heading.default\">\n\t\t\t\t<div class=\"elementor-widget-container\">\n\t\t\t\t\t<h2 class=\"elementor-heading-title elementor-size-default\">Coup\u00e9 HK500 de Facel Vega, la voiture la plus luxueuse <\/h2>\t\t\t\t<\/div>\n\t\t\t\t<\/div>\n\t\t\t\t\t<\/div>\n\t\t<\/div>\n\t\t\t\t\t<\/div>\n\t\t<\/section>\n\t\t\t\t<section class=\"elementor-section elementor-top-section elementor-element elementor-element-2a5a74a elementor-section-boxed elementor-section-height-default elementor-section-height-default\" data-id=\"2a5a74a\" data-element_type=\"section\">\n\t\t\t\t\t\t<div class=\"elementor-container elementor-column-gap-default\">\n\t\t\t\t\t<div class=\"elementor-column elementor-col-100 elementor-top-column elementor-element elementor-element-f1a2da1\" data-id=\"f1a2da1\" data-element_type=\"column\">\n\t\t\t<div class=\"elementor-widget-wrap elementor-element-populated\">\n\t\t\t\t\t\t<div class=\"elementor-element elementor-element-eee8f06 elementor-widget elementor-widget-text-editor\" data-id=\"eee8f06\" data-element_type=\"widget\" data-widget_type=\"text-editor.default\">\n\t\t\t\t<div class=\"elementor-widget-container\">\n\t\t\t\t\t\t\t\t\t<p><span style=\"font-weight: 400;\">La France a rayonn\u00e9 par la mode ou par la gastronomie mais sait \u00eatre concurrente des cylindr\u00e9es italiennes aussi.\u00a0<\/span><\/p><p><span style=\"font-weight: 400;\">Produite entre 1958 et 1965, le coup\u00e9 <\/span><a href=\"https:\/\/www.caradisiac.com\/modele--facel-vega-hk-500\/\"><span style=\"font-weight: 400;\">HK500<\/span><\/a><span style=\"font-weight: 400;\"> qui l\u2019une des <strong>voiture\u00a0ancienne fran\u00e7aise<\/strong> les plus connus de la marque est dot\u00e9, comme ses <\/span><span style=\"font-weight: 400;\">pr\u00e9d\u00e9cesseurs<\/span><span style=\"font-weight: 400;\">, d&rsquo;un V8 en provenance de Chrysler. <\/span><span style=\"font-weight: 400;\">Le cr\u00e9ateur de la marque Jean Daninos avait pris des moteurs V8 d\u2019origine am\u00e9ricaine car aucun moteur fran\u00e7ais ne pouvait correspondre \u00e0 l\u2019\u00e9poque aux ambitions de la marque.<\/span><\/p><p><span style=\"font-weight: 400;\">La HK 500 appara\u00eet au salon de Paris en octobre 1958 alors que la fabrication avait d\u00e9j\u00e0 d\u00e9but\u00e9 en mai. C&rsquo;est la quintessence de la Facel Vega qui affiche un rapport poids puissance de 5 kg par cheval, un rapport inconnu jusque-l\u00e0.<\/span><\/p><p><span style=\"font-weight: 400;\">Une Facel Vega, c&rsquo;est d&rsquo;abord une calandre en trois parties et des doubles phares en position verticale; autre signe distinctif, le pare-brise \u00e0 montants vers\u00e9s destin\u00e9 \u00e0 am\u00e9liorer la visibilit\u00e9 depuis le poste de conduite. Le tarif de l&rsquo;\u00e9poque correspond \u00e0 150 000\u20ac\u00a0 actuels. Mais elle b\u00e9n\u00e9ficiait de performances \u00e9tonnantes ; avec 230 km\/h en vitesse de pointe, elle \u00e9quivalait \u00e0 une Aston Martin tout en co\u00fbtant 30 % moins cher.<\/span><\/p><p><span style=\"font-weight: 400;\">Apr\u00e8s avoir \u00e9t\u00e9 produite \u00e0 490 exemplaires en 3 ans,<\/span><span style=\"font-weight: 400;\"> elle est remplac\u00e9e par la Facel II, plus rapide et encore plus ch\u00e8re.<\/span><\/p>\t\t\t\t\t\t\t\t<\/div>\n\t\t\t\t<\/div>\n\t\t\t\t\t<\/div>\n\t\t<\/div>\n\t\t\t\t\t<\/div>\n\t\t<\/section>\n\t\t\t\t<section class=\"elementor-section elementor-top-section elementor-element elementor-element-79b2fb8 elementor-section-boxed elementor-section-height-default elementor-section-height-default\" data-id=\"79b2fb8\" data-element_type=\"section\">\n\t\t\t\t\t\t<div class=\"elementor-container elementor-column-gap-default\">\n\t\t\t\t\t<div class=\"elementor-column elementor-col-100 elementor-top-column elementor-element elementor-element-d8e510a\" data-id=\"d8e510a\" data-element_type=\"column\">\n\t\t\t<div class=\"elementor-widget-wrap elementor-element-populated\">\n\t\t\t\t\t\t<div class=\"elementor-element elementor-element-959fdff elementor-widget elementor-widget-image\" data-id=\"959fdff\" data-element_type=\"widget\" data-widget_type=\"image.default\">\n\t\t\t\t<div class=\"elementor-widget-container\">\n\t\t\t\t\t\t\t\t\t\t\t\t\t\t\t<img decoding=\"async\" width=\"768\" height=\"511\" src=\"https:\/\/www.wedrivit.com\/blog\/wp-content\/uploads\/2023\/05\/facel.jpg\" class=\"attachment-medium_large size-medium_large wp-image-9542\" alt=\"Facel Vega\" \/>\t\t\t\t\t\t\t\t\t\t\t\t\t\t\t<\/div>\n\t\t\t\t<\/div>\n\t\t\t\t<div class=\"elementor-element elementor-element-21732b0 elementor-widget elementor-widget-heading\" data-id=\"21732b0\" data-element_type=\"widget\" data-widget_type=\"heading.default\">\n\t\t\t\t<div class=\"elementor-widget-container\">\n\t\t\t\t\t<h2 class=\"elementor-heading-title elementor-size-default\">Alpine A110, la voiture la plus sportive\n<\/h2>\t\t\t\t<\/div>\n\t\t\t\t<\/div>\n\t\t\t\t\t<\/div>\n\t\t<\/div>\n\t\t\t\t\t<\/div>\n\t\t<\/section>\n\t\t\t\t<section class=\"elementor-section elementor-top-section elementor-element elementor-element-5c1ad28 elementor-section-boxed elementor-section-height-default elementor-section-height-default\" data-id=\"5c1ad28\" data-element_type=\"section\">\n\t\t\t\t\t\t<div class=\"elementor-container elementor-column-gap-default\">\n\t\t\t\t\t<div class=\"elementor-column elementor-col-100 elementor-top-column elementor-element elementor-element-31fd450\" data-id=\"31fd450\" data-element_type=\"column\">\n\t\t\t<div class=\"elementor-widget-wrap elementor-element-populated\">\n\t\t\t\t\t\t<div class=\"elementor-element elementor-element-c5fe91e elementor-widget elementor-widget-image\" data-id=\"c5fe91e\" data-element_type=\"widget\" data-widget_type=\"image.default\">\n\t\t\t\t<div class=\"elementor-widget-container\">\n\t\t\t\t\t\t\t\t\t\t\t\t\t\t\t<img decoding=\"async\" width=\"1000\" height=\"667\" src=\"https:\/\/www.wedrivit.com\/blog\/wp-content\/uploads\/2023\/05\/alpine.jpg\" class=\"attachment-large size-large wp-image-9543\" alt=\"alpine A110\" \/>\t\t\t\t\t\t\t\t\t\t\t\t\t\t\t<\/div>\n\t\t\t\t<\/div>\n\t\t\t\t\t<\/div>\n\t\t<\/div>\n\t\t\t\t\t<\/div>\n\t\t<\/section>\n\t\t\t\t<section class=\"elementor-section elementor-top-section elementor-element elementor-element-beabbad elementor-section-boxed elementor-section-height-default elementor-section-height-default\" data-id=\"beabbad\" data-element_type=\"section\">\n\t\t\t\t\t\t<div class=\"elementor-container elementor-column-gap-default\">\n\t\t\t\t\t<div class=\"elementor-column elementor-col-100 elementor-top-column elementor-element elementor-element-604e044\" data-id=\"604e044\" data-element_type=\"column\">\n\t\t\t<div class=\"elementor-widget-wrap elementor-element-populated\">\n\t\t\t\t\t\t<div class=\"elementor-element elementor-element-93b8b29 elementor-widget elementor-widget-text-editor\" data-id=\"93b8b29\" data-element_type=\"widget\" data-widget_type=\"text-editor.default\">\n\t\t\t\t<div class=\"elementor-widget-container\">\n\t\t\t\t\t\t\t\t\t<p><span style=\"font-weight: 400;\">C&rsquo;est la<strong> voiture ancienne fran\u00e7aise <\/strong>embl\u00e9matique o\u00f9 une marque fran\u00e7aise proposait un petit coup\u00e9 orient\u00e9 100% plaisirs. Apparue en 1962, la Berlinette a forg\u00e9 sa renomm\u00e9e internationale gr\u00e2ce \u00e0 ses victoires dans le championnat du monde des rallyes. Elle a donc des fans jusqu&rsquo;au Japon, o\u00f9 la nouvelle version vient d&rsquo;\u00eatre lanc\u00e9e\u2009en fin 2022 !\u00a0<\/span><\/p><p><span style=\"font-weight: 400;\">Alpine n&rsquo;\u00e9tait pas encore la propri\u00e9t\u00e9 de Renault en 1961 m\u00eame si le cr\u00e9ateur de la marque, Jean R\u00e9d\u00e9l\u00e9, est concessionnaire de la marque. Elle sera remplac\u00e9e en 1977. Elle sera produite en <\/span><span style=\"font-weight: 400;\">7 579 exemplaires.<\/span><\/p>\t\t\t\t\t\t\t\t<\/div>\n\t\t\t\t<\/div>\n\t\t\t\t\t<\/div>\n\t\t<\/div>\n\t\t\t\t\t<\/div>\n\t\t<\/section>\n\t\t\t\t<section class=\"elementor-section elementor-top-section elementor-element elementor-element-415d3c6 elementor-section-boxed elementor-section-height-default elementor-section-height-default\" data-id=\"415d3c6\" data-element_type=\"section\">\n\t\t\t\t\t\t<div class=\"elementor-container elementor-column-gap-default\">\n\t\t\t\t\t<div class=\"elementor-column elementor-col-100 elementor-top-column elementor-element elementor-element-f1cf516\" data-id=\"f1cf516\" data-element_type=\"column\">\n\t\t\t<div class=\"elementor-widget-wrap elementor-element-populated\">\n\t\t\t\t\t\t<div class=\"elementor-element elementor-element-0489ee5 elementor-widget elementor-widget-heading\" data-id=\"0489ee5\" data-element_type=\"widget\" data-widget_type=\"heading.default\">\n\t\t\t\t<div class=\"elementor-widget-container\">\n\t\t\t\t\t<h2 class=\"elementor-heading-title elementor-size-default\">DS de Citro\u00ebn, la voiture la plus cin\u00e9matographique <\/h2>\t\t\t\t<\/div>\n\t\t\t\t<\/div>\n\t\t\t\t\t<\/div>\n\t\t<\/div>\n\t\t\t\t\t<\/div>\n\t\t<\/section>\n\t\t\t\t<section class=\"elementor-section elementor-top-section elementor-element elementor-element-aa9d59c elementor-section-boxed elementor-section-height-default elementor-section-height-default\" data-id=\"aa9d59c\" data-element_type=\"section\">\n\t\t\t\t\t\t<div class=\"elementor-container elementor-column-gap-default\">\n\t\t\t\t\t<div class=\"elementor-column elementor-col-100 elementor-top-column elementor-element elementor-element-8fb12de\" data-id=\"8fb12de\" data-element_type=\"column\">\n\t\t\t<div class=\"elementor-widget-wrap elementor-element-populated\">\n\t\t\t\t\t\t<div class=\"elementor-element elementor-element-d1dd93e elementor-widget elementor-widget-image\" data-id=\"d1dd93e\" data-element_type=\"widget\" data-widget_type=\"image.default\">\n\t\t\t\t<div class=\"elementor-widget-container\">\n\t\t\t\t\t\t\t\t\t\t\t\t\t\t\t<img loading=\"lazy\" decoding=\"async\" width=\"612\" height=\"408\" src=\"https:\/\/www.wedrivit.com\/blog\/wp-content\/uploads\/2023\/05\/ds.jpg\" class=\"attachment-medium_large size-medium_large wp-image-9544\" alt=\"DS Citroen\" \/>\t\t\t\t\t\t\t\t\t\t\t\t\t\t\t<\/div>\n\t\t\t\t<\/div>\n\t\t\t\t\t<\/div>\n\t\t<\/div>\n\t\t\t\t\t<\/div>\n\t\t<\/section>\n\t\t\t\t<section class=\"elementor-section elementor-top-section elementor-element elementor-element-e4d0a9a elementor-section-boxed elementor-section-height-default elementor-section-height-default\" data-id=\"e4d0a9a\" data-element_type=\"section\">\n\t\t\t\t\t\t<div class=\"elementor-container elementor-column-gap-default\">\n\t\t\t\t\t<div class=\"elementor-column elementor-col-100 elementor-top-column elementor-element elementor-element-54e106e\" data-id=\"54e106e\" data-element_type=\"column\">\n\t\t\t<div class=\"elementor-widget-wrap elementor-element-populated\">\n\t\t\t\t\t\t<div class=\"elementor-element elementor-element-09681b7 elementor-widget elementor-widget-text-editor\" data-id=\"09681b7\" data-element_type=\"widget\" data-widget_type=\"text-editor.default\">\n\t\t\t\t<div class=\"elementor-widget-container\">\n\t\t\t\t\t\t\t\t\t<p><span style=\"font-weight: 400;\">Cr\u00e9\u00e9e en 1955,c&rsquo;est une \u0153uvre d&rsquo;art sur roues. La silhouette dessin\u00e9e par Bertoni semble intemporelle.\u00a0 La DS, c&rsquo;est le symbole de l&rsquo;avant-garde \u00e0 la fran\u00e7aise. La DS, c&rsquo;est le haut de gamme qui arrive \u00e0 c\u00f4toyer la 2CV. C&rsquo;est la voiture du G\u00e9n\u00e9ral, mais aussi celle de Louis de Fun\u00e8s dans ses plus grands films, deux images oppos\u00e9es. La Citro\u00ebn DS appara\u00eet dans un nombre incalculable de films au cin\u00e9ma, elle est quasiment incontournable dans tous les films europ\u00e9ens entre 1955 et 1980.<\/span><\/p><p><span style=\"font-weight: 400;\">Voici une petite liste non exhaustive o\u00f9 sa pr\u00e9sence est remarquable :<\/span><\/p><ul><li style=\"font-weight: 400;\" aria-level=\"1\"><span style=\"font-weight: 400;\">Les Tontons flingueurs (1963) o\u00f9 elle explose devant l&rsquo;\u00e9glise<\/span><\/li><li style=\"font-weight: 400;\" aria-level=\"1\"><span style=\"font-weight: 400;\">Le Cerveau (1969) o\u00f9 une DS de la police, \u00ab r\u00e9quisitionn\u00e9e \u00bb par Bourvil et Jean-Paul Belmondo, termine coup\u00e9e en deux \u00e0 la suite d&rsquo;une poursuite sur le port du Havre ;<\/span><\/li><li style=\"font-weight: 400;\" aria-level=\"1\"><span style=\"font-weight: 400;\">Les Aventures de Rabbi Jacob (1973), voiture de Victor Pivert (Louis de Fun\u00e8s) qui conduit une DS 21 noire \u00e0 tableau de bord Jaeger,\u00a0<\/span><\/li><li style=\"font-weight: 400;\" aria-level=\"1\"><span style=\"font-weight: 400;\">Retour vers le futur 2 (1989), elle est utilis\u00e9e comme taxi volant dans le futur<\/span><\/li><li style=\"font-weight: 400;\" aria-level=\"1\"><span style=\"font-weight: 400;\">Da Vinci Code (2006), la DS qui transporte les parents d&rsquo;Audrey Tautou est violemment \u00e9peronn\u00e9e par un semi remorque;<\/span><\/li><\/ul><p><span style=\"font-weight: 400;\">La \u00ab DS volante \u00bb de Fant\u00f4mas utilis\u00e9e sur le tournage du film, expos\u00e9e lors de l&rsquo;\u00e9dition 2016 du Mondial de l&rsquo;automobile de Paris.<\/span><\/p>\t\t\t\t\t\t\t\t<\/div>\n\t\t\t\t<\/div>\n\t\t\t\t\t<\/div>\n\t\t<\/div>\n\t\t\t\t\t<\/div>\n\t\t<\/section>\n\t\t\t\t<section class=\"elementor-section elementor-top-section elementor-element elementor-element-a2b9b1a elementor-section-boxed elementor-section-height-default elementor-section-height-default\" data-id=\"a2b9b1a\" data-element_type=\"section\">\n\t\t\t\t\t\t<div class=\"elementor-container elementor-column-gap-default\">\n\t\t\t\t\t<div class=\"elementor-column elementor-col-100 elementor-top-column elementor-element elementor-element-8e208a9\" data-id=\"8e208a9\" data-element_type=\"column\">\n\t\t\t<div class=\"elementor-widget-wrap elementor-element-populated\">\n\t\t\t\t\t\t<div class=\"elementor-element elementor-element-f69b68c elementor-widget elementor-widget-heading\" data-id=\"f69b68c\" data-element_type=\"widget\" data-widget_type=\"heading.default\">\n\t\t\t\t<div class=\"elementor-widget-container\">\n\t\t\t\t\t<h2 class=\"elementor-heading-title elementor-size-default\">Twingo 1, la voiture des ann\u00e9es 90<\/h2>\t\t\t\t<\/div>\n\t\t\t\t<\/div>\n\t\t\t\t\t<\/div>\n\t\t<\/div>\n\t\t\t\t\t<\/div>\n\t\t<\/section>\n\t\t\t\t<section class=\"elementor-section elementor-top-section elementor-element elementor-element-e727007 elementor-section-boxed elementor-section-height-default elementor-section-height-default\" data-id=\"e727007\" data-element_type=\"section\">\n\t\t\t\t\t\t<div class=\"elementor-container elementor-column-gap-default\">\n\t\t\t\t\t<div class=\"elementor-column elementor-col-100 elementor-top-column elementor-element elementor-element-7221fcc\" data-id=\"7221fcc\" data-element_type=\"column\">\n\t\t\t<div class=\"elementor-widget-wrap elementor-element-populated\">\n\t\t\t\t\t\t<div class=\"elementor-element elementor-element-6570efc elementor-widget elementor-widget-text-editor\" data-id=\"6570efc\" data-element_type=\"widget\" data-widget_type=\"text-editor.default\">\n\t\t\t\t<div class=\"elementor-widget-container\">\n\t\t\t\t\t\t\t\t\t<p><span style=\"font-weight: 400;\">La Twingo est la premi\u00e8re g\u00e9n\u00e9ration d&rsquo;une citadine du constructeur automobile fran\u00e7ais Renault produite de 1992 \u00e0 1998.<\/span><\/p><p><span style=\"font-weight: 400;\">La Twingo est pr\u00e9sent\u00e9e en octobre 1992<\/span><span style=\"font-weight: 400;\">, la Twingo pr\u00e9sente son minois rigolard aux visiteurs survolt\u00e9s du Salon de Paris. <\/span><span style=\"font-weight: 400;\">et officiellement commercialis\u00e9e en f\u00e9vrier 1993 .<\/span><\/p><p><span style=\"font-weight: 400;\">Avec sa \u00ab face de grenouille \u00bb, elle osait un profil de monospace appliqu\u00e9 \u00e0 une citadine r\u00e9serv\u00e9 \u00e0 l\u2019\u00e9poque \u00e0 des Renault Espace.<\/span><\/p><p><span style=\"font-weight: 400;\">Plusieurs noms sont \u00e9voqu\u00e9s pour d\u00e9signer la future de Renault : Ypso, Tonga, Maya, &#8230; C&rsquo; est finalement Twingo qui est retenue, ce nom \u00e9tant pr\u00e9sent\u00e9 comme la contraction des mots \u00ab twist \u00bb, \u00ab swing \u00bb et \u00ab tango \u00bb.<\/span><\/p><p><span style=\"font-weight: 400;\">Lors de sa commercialisation, la <strong>voiture ancienne fran\u00e7aise<\/strong>\u00a0\u00e9tait d\u00e9lib\u00e9r\u00e9ment minimaliste, la voiture est ainsi propos\u00e9e avec un seul type de tissu, un seul prix en France : 54 000 francs soit 12 210 euros. Elle est propos\u00e9e initialement en quatre couleurs opaques (jaune indien, rouge corail, bleu outremer, vert coriandre) <\/span><span style=\"font-weight: 400;\"><br \/><\/span><span style=\"font-weight: 400;\">Le slogan de la Twingo I \u00e9tait : Twingo, \u00e0 vous d\u2019inventer la vie qui va avec.\u00a0<\/span><\/p><p><span style=\"font-weight: 400;\">En 1998 c\u2019est l&rsquo;arr\u00eat de la twingo 1 pour \u00eatre remplac\u00e9 par la Twingo II<\/span><\/p>\t\t\t\t\t\t\t\t<\/div>\n\t\t\t\t<\/div>\n\t\t\t\t\t<\/div>\n\t\t<\/div>\n\t\t\t\t\t<\/div>\n\t\t<\/section>\n\t\t\t\t<section class=\"elementor-section elementor-top-section elementor-element elementor-element-287cb0c elementor-section-boxed elementor-section-height-default elementor-section-height-default\" data-id=\"287cb0c\" data-element_type=\"section\">\n\t\t\t\t\t\t<div class=\"elementor-container elementor-column-gap-default\">\n\t\t\t\t\t<div class=\"elementor-column elementor-col-100 elementor-top-column elementor-element elementor-element-f062263\" data-id=\"f062263\" data-element_type=\"column\">\n\t\t\t<div class=\"elementor-widget-wrap elementor-element-populated\">\n\t\t\t\t\t\t<div class=\"elementor-element elementor-element-b8344e5 elementor-widget elementor-widget-image\" data-id=\"b8344e5\" data-element_type=\"widget\" data-widget_type=\"image.default\">\n\t\t\t\t<div class=\"elementor-widget-container\">\n\t\t\t\t\t\t\t\t\t\t\t\t<figure class=\"wp-caption\">\n\t\t\t\t\t\t\t\t\t\t<img loading=\"lazy\" decoding=\"async\" width=\"370\" height=\"235\" src=\"https:\/\/www.wedrivit.com\/blog\/wp-content\/uploads\/2023\/05\/twingo-1.jpg\" class=\"attachment-large size-large wp-image-9545\" alt=\"twingo 1\" \/>\t\t\t\t\t\t\t\t\t\t\t<figcaption class=\"widget-image-caption wp-caption-text\">\u00c0 gauche, le prototype W60 de 1986, \u00e0 droite, la Twingo d\u00e9finitive de 1992.<\/figcaption>\n\t\t\t\t\t\t\t\t\t\t<\/figure>\n\t\t\t\t\t\t\t\t\t<\/div>\n\t\t\t\t<\/div>\n\t\t\t\t\t<\/div>\n\t\t<\/div>\n\t\t\t\t\t<\/div>\n\t\t<\/section>\n\t\t\t\t<section class=\"elementor-section elementor-top-section elementor-element elementor-element-0103064 elementor-section-boxed elementor-section-height-default elementor-section-height-default\" data-id=\"0103064\" data-element_type=\"section\">\n\t\t\t\t\t\t<div class=\"elementor-container elementor-column-gap-default\">\n\t\t\t\t\t<div class=\"elementor-column elementor-col-100 elementor-top-column elementor-element elementor-element-4ee7ffc\" data-id=\"4ee7ffc\" data-element_type=\"column\">\n\t\t\t<div class=\"elementor-widget-wrap elementor-element-populated\">\n\t\t\t\t\t\t<div class=\"elementor-element elementor-element-811e839 elementor-widget elementor-widget-heading\" data-id=\"811e839\" data-element_type=\"widget\" data-widget_type=\"heading.default\">\n\t\t\t\t<div class=\"elementor-widget-container\">\n\t\t\t\t\t<h2 class=\"elementor-heading-title elementor-size-default\">Renault R8, la voiture des Rallye<\/h2>\t\t\t\t<\/div>\n\t\t\t\t<\/div>\n\t\t\t\t\t<\/div>\n\t\t<\/div>\n\t\t\t\t\t<\/div>\n\t\t<\/section>\n\t\t\t\t<section class=\"elementor-section elementor-top-section elementor-element elementor-element-5d2702a elementor-section-boxed elementor-section-height-default elementor-section-height-default\" data-id=\"5d2702a\" data-element_type=\"section\">\n\t\t\t\t\t\t<div class=\"elementor-container elementor-column-gap-default\">\n\t\t\t\t\t<div class=\"elementor-column elementor-col-100 elementor-top-column elementor-element elementor-element-8bba78a\" data-id=\"8bba78a\" data-element_type=\"column\">\n\t\t\t<div class=\"elementor-widget-wrap elementor-element-populated\">\n\t\t\t\t\t\t<div class=\"elementor-element elementor-element-baa034e elementor-widget elementor-widget-text-editor\" data-id=\"baa034e\" data-element_type=\"widget\" data-widget_type=\"text-editor.default\">\n\t\t\t\t<div class=\"elementor-widget-container\">\n\t\t\t\t\t\t\t\t\t<p><span style=\"font-weight: 400;\">La Renault R8 Gordini, la <strong>mythique<\/strong> sportive \u201cbleue de France \u201c des ann\u00e9es 1960 et 1970. Elle \u00e9tait con\u00e7ue pour \u00eatre accessible au plus grand nombre.<\/span><\/p><p><span style=\"font-weight: 400;\">La Renault 8 appara\u00eet en 1962. La carri\u00e8re de l\u2019auto sera relativement longue avec un arr\u00eat\u00e9 de production en 1971 et la vente deux ans apr\u00e8s.<\/span><\/p><p><span style=\"font-weight: 400;\">Cette petite <strong>voiture<\/strong>, assez fluette d&rsquo;aspect surtout avant son restylage, reste assez appr\u00e9ci\u00e9e et demand\u00e9e, surtout par des jeunes ou comme <strong>voiture<\/strong> d&rsquo;appoint. Elle jouit d&rsquo;une bonne image c\u00f4t\u00e9 tenue de route et sa solidit\u00e9 m\u00e9canique est bien r\u00e9elle.<\/span><\/p>\t\t\t\t\t\t\t\t<\/div>\n\t\t\t\t<\/div>\n\t\t\t\t\t<\/div>\n\t\t<\/div>\n\t\t\t\t\t<\/div>\n\t\t<\/section>\n\t\t\t\t<section class=\"elementor-section elementor-top-section elementor-element elementor-element-aa6f3f2 elementor-section-boxed elementor-section-height-default elementor-section-height-default\" data-id=\"aa6f3f2\" data-element_type=\"section\">\n\t\t\t\t\t\t<div class=\"elementor-container elementor-column-gap-default\">\n\t\t\t\t\t<div class=\"elementor-column elementor-col-100 elementor-top-column elementor-element elementor-element-c073bfa\" data-id=\"c073bfa\" data-element_type=\"column\">\n\t\t\t<div class=\"elementor-widget-wrap elementor-element-populated\">\n\t\t\t\t\t\t<div class=\"elementor-element elementor-element-1dfc04e elementor-widget elementor-widget-image\" data-id=\"1dfc04e\" data-element_type=\"widget\" data-widget_type=\"image.default\">\n\t\t\t\t<div class=\"elementor-widget-container\">\n\t\t\t\t\t\t\t\t\t\t\t\t\t\t\t<img loading=\"lazy\" decoding=\"async\" width=\"1000\" height=\"563\" src=\"https:\/\/www.wedrivit.com\/blog\/wp-content\/uploads\/2023\/05\/r8.jpg\" class=\"attachment-large size-large wp-image-9546\" alt=\"r8\" \/>\t\t\t\t\t\t\t\t\t\t\t\t\t\t\t<\/div>\n\t\t\t\t<\/div>\n\t\t\t\t\t<\/div>\n\t\t<\/div>\n\t\t\t\t\t<\/div>\n\t\t<\/section>\n\t\t\t\t<section class=\"elementor-section elementor-top-section elementor-element elementor-element-c17dd9c elementor-section-boxed elementor-section-height-default elementor-section-height-default\" data-id=\"c17dd9c\" data-element_type=\"section\">\n\t\t\t\t\t\t<div class=\"elementor-container elementor-column-gap-default\">\n\t\t\t\t\t<div class=\"elementor-column elementor-col-100 elementor-top-column elementor-element elementor-element-005e7c9\" data-id=\"005e7c9\" data-element_type=\"column\">\n\t\t\t<div class=\"elementor-widget-wrap elementor-element-populated\">\n\t\t\t\t\t\t<div class=\"elementor-element elementor-element-1a0363b elementor-widget elementor-widget-heading\" data-id=\"1a0363b\" data-element_type=\"widget\" data-widget_type=\"heading.default\">\n\t\t\t\t<div class=\"elementor-widget-container\">\n\t\t\t\t\t<h2 class=\"elementor-heading-title elementor-size-default\">205 GTI de Peugeot, la voiture la plus robuste<\/h2>\t\t\t\t<\/div>\n\t\t\t\t<\/div>\n\t\t\t\t\t<\/div>\n\t\t<\/div>\n\t\t\t\t\t<\/div>\n\t\t<\/section>\n\t\t\t\t<section class=\"elementor-section elementor-top-section elementor-element elementor-element-aeda118 elementor-section-boxed elementor-section-height-default elementor-section-height-default\" data-id=\"aeda118\" data-element_type=\"section\">\n\t\t\t\t\t\t<div class=\"elementor-container elementor-column-gap-default\">\n\t\t\t\t\t<div class=\"elementor-column elementor-col-100 elementor-top-column elementor-element elementor-element-8b72679\" data-id=\"8b72679\" data-element_type=\"column\">\n\t\t\t<div class=\"elementor-widget-wrap elementor-element-populated\">\n\t\t\t\t\t\t<div class=\"elementor-element elementor-element-bed17d4 elementor-widget elementor-widget-text-editor\" data-id=\"bed17d4\" data-element_type=\"widget\" data-widget_type=\"text-editor.default\">\n\t\t\t\t<div class=\"elementor-widget-container\">\n\t\t\t\t\t\t\t\t\t<p><span style=\"font-weight: 400;\">Il y a des choses des ann\u00e9es 80 que l&rsquo;on doit oublier, comme les surv\u00eatements multicolores ou la coupe mulet. Et d&rsquo;autres qui resteront dans nos vies \u00e0 jamais, comme la 205 GTI. C&rsquo;est aussi l&rsquo;illustration parfaite du sport selon Peugeot\u2009: plaisir de conduite et design discret. Preuve de son aura. En Europe, il existe une v\u00e9ritable culture du \u00ab\u00a0GTI\u00a0\u00bb. Pr\u00e8s de 300 000 Peugeot 205 GTI ont \u00e9t\u00e9 vendues et va d\u00e9tr\u00f4ner la Golf GTI. Aujourd&rsquo;hui encore, 25 ans apr\u00e8s sa sortie, la 205 GTI s&rsquo;attire la sympathie de tous et conna\u00eet un nouvel engouement aupr\u00e8s des amateurs\u2026<\/span><\/p><p><span style=\"font-weight: 400;\">La 205 GTI de 105 chevaux est n\u00e9e en 1984. \u00c0 l&rsquo;\u00e9poque, sa rivale \u00e9tait la Renault Super 5 GT Turbo. Elle va sauver l&rsquo;entreprise avec un succ\u00e8s que m\u00eame ses concepteurs n&rsquo;esp\u00e9raient pas aussi grand !\u00a0 c&rsquo;est en v\u00e9rit\u00e9 5,5 millions de Peugeot 205 qui ont \u00e9t\u00e9 produites \u00e0 travers le monde en 10 ans de carri\u00e8re)<\/span><\/p>\t\t\t\t\t\t\t\t<\/div>\n\t\t\t\t<\/div>\n\t\t\t\t\t<\/div>\n\t\t<\/div>\n\t\t\t\t\t<\/div>\n\t\t<\/section>\n\t\t\t\t<section class=\"elementor-section elementor-top-section elementor-element elementor-element-85d5393 elementor-section-boxed elementor-section-height-default elementor-section-height-default\" data-id=\"85d5393\" data-element_type=\"section\">\n\t\t\t\t\t\t<div class=\"elementor-container elementor-column-gap-default\">\n\t\t\t\t\t<div class=\"elementor-column elementor-col-100 elementor-top-column elementor-element elementor-element-ea4d2de\" data-id=\"ea4d2de\" data-element_type=\"column\">\n\t\t\t<div class=\"elementor-widget-wrap elementor-element-populated\">\n\t\t\t\t\t\t<div class=\"elementor-element elementor-element-8973845 elementor-widget elementor-widget-image\" data-id=\"8973845\" data-element_type=\"widget\" data-widget_type=\"image.default\">\n\t\t\t\t<div class=\"elementor-widget-container\">\n\t\t\t\t\t\t\t\t\t\t\t\t\t\t\t<img loading=\"lazy\" decoding=\"async\" width=\"1000\" height=\"666\" src=\"https:\/\/www.wedrivit.com\/blog\/wp-content\/uploads\/2023\/05\/205-gti.jpg\" class=\"attachment-large size-large wp-image-9547\" alt=\"205 gti\" \/>\t\t\t\t\t\t\t\t\t\t\t\t\t\t\t<\/div>\n\t\t\t\t<\/div>\n\t\t\t\t\t<\/div>\n\t\t<\/div>\n\t\t\t\t\t<\/div>\n\t\t<\/section>\n\t\t\t\t<section class=\"elementor-section elementor-top-section elementor-element elementor-element-ec032c2 elementor-section-boxed elementor-section-height-default elementor-section-height-default\" data-id=\"ec032c2\" data-element_type=\"section\">\n\t\t\t\t\t\t<div class=\"elementor-container elementor-column-gap-default\">\n\t\t\t\t\t<div class=\"elementor-column elementor-col-100 elementor-top-column elementor-element elementor-element-e88a54d\" data-id=\"e88a54d\" data-element_type=\"column\">\n\t\t\t<div class=\"elementor-widget-wrap elementor-element-populated\">\n\t\t\t\t\t\t<div class=\"elementor-element elementor-element-00068a0 elementor-widget elementor-widget-text-editor\" data-id=\"00068a0\" data-element_type=\"widget\" data-widget_type=\"text-editor.default\">\n\t\t\t\t<div class=\"elementor-widget-container\">\n\t\t\t\t\t\t\t\t\t<p>Retrouvez des articles de blog similaires :<\/p><p><a href=\"https:\/\/www.wedrivit.com\/blog\/acheter\/voiture\/collection\/pour\/moins\/60000\/euros\/\">Quelle voiture de collection acheter pour moins de 60 000 \u20ac ?<\/a><\/p><p><a href=\"http:\/\/Les 10 voitures mythiques du cin\u00e9ma am\u00e9ricain\" data-wplink-url-error=\"true\">Les 10 voitures mythiques du cin\u00e9ma am\u00e9ricain<\/a><\/p>\t\t\t\t\t\t\t\t<\/div>\n\t\t\t\t<\/div>\n\t\t\t\t\t<\/div>\n\t\t<\/div>\n\t\t\t\t\t<\/div>\n\t\t<\/section>\n\t\t\t\t<\/div>\n\t\t","protected":false},"excerpt":{"rendered":"<p>Dans notre beau pays, on a parfois tendance \u00e0 regarder ce que font nos voisins allemands et italiens pour y&hellip;<\/p>\n","protected":false},"author":17,"featured_media":9544,"comment_status":"open","ping_status":"open","sticky":false,"template":"","format":"standard","meta":{"footnotes":""},"categories":[10,1],"tags":[],"class_list":["post-9539","post","type-post","status-publish","format-standard","has-post-thumbnail","hentry","category-conseils-pratiques","category-tous-les-articles"],"yoast_head":"<!-- This site is optimized with the Yoast SEO plugin v26.9 - https:\/\/yoast.com\/product\/yoast-seo-wordpress\/ -->\n<title>Voiture ancienne fran\u00e7aise : notre classement Wedrivit -<\/title>\n<meta name=\"description\" content=\"Petite s\u00e9lection de voiture ancienne fran\u00e7aise\u00a0qui ont illumin\u00e9 l&#039;histoire de l&#039;automobile hexagonale.\" \/>\n<meta name=\"robots\" content=\"index, follow, max-snippet:-1, max-image-preview:large, max-video-preview:-1\" \/>\n<link rel=\"canonical\" href=\"https:\/\/www.wedrivit.com\/blog\/voiture\/collection\/quelles-sont-les-voitures-francaises-les-plus-emblematiques\" \/>\n<meta property=\"og:locale\" content=\"fr_FR\" \/>\n<meta property=\"og:type\" content=\"article\" \/>\n<meta property=\"og:title\" content=\"Voiture ancienne fran\u00e7aise : notre classement Wedrivit -\" \/>\n<meta property=\"og:description\" content=\"Petite s\u00e9lection de voiture ancienne fran\u00e7aise\u00a0qui ont illumin\u00e9 l&#039;histoire de l&#039;automobile hexagonale.\" \/>\n<meta property=\"og:url\" content=\"https:\/\/www.wedrivit.com\/blog\/voiture\/collection\/quelles-sont-les-voitures-francaises-les-plus-emblematiques\" \/>\n<meta property=\"og:site_name\" content=\"Le blog des voitures de collection par Wedrivit\" \/>\n<meta property=\"article:published_time\" content=\"2023-06-01T08:42:53+00:00\" \/>\n<meta property=\"article:modified_time\" content=\"2023-06-01T13:20:36+00:00\" \/>\n<meta property=\"og:image\" content=\"https:\/\/www.wedrivit.com\/blog\/wp-content\/uploads\/2023\/05\/ds.jpg\" \/>\n\t<meta property=\"og:image:width\" content=\"612\" \/>\n\t<meta property=\"og:image:height\" content=\"408\" \/>\n\t<meta property=\"og:image:type\" content=\"image\/jpeg\" \/>\n<meta name=\"author\" content=\"Camille Fiot\" \/>\n<meta name=\"twitter:card\" content=\"summary_large_image\" \/>\n<meta name=\"twitter:label1\" content=\"\u00c9crit par\" \/>\n\t<meta name=\"twitter:data1\" content=\"Camille Fiot\" \/>\n\t<meta name=\"twitter:label2\" content=\"Dur\u00e9e de lecture estim\u00e9e\" \/>\n\t<meta name=\"twitter:data2\" content=\"7 minutes\" \/>\n<script type=\"application\/ld+json\" class=\"yoast-schema-graph\">{\"@context\":\"https:\/\/schema.org\",\"@graph\":[{\"@type\":\"Article\",\"@id\":\"https:\/\/www.wedrivit.com\/blog\/voiture\/collection\/quelles-sont-les-voitures-francaises-les-plus-emblematiques#article\",\"isPartOf\":{\"@id\":\"https:\/\/www.wedrivit.com\/blog\/voiture\/collection\/quelles-sont-les-voitures-francaises-les-plus-emblematiques\"},\"author\":{\"name\":\"Camille Fiot\",\"@id\":\"https:\/\/www.wedrivit.com\/blog\/#\/schema\/person\/bd337a50a9dbdcb584b97dfc6b7a7008\"},\"headline\":\"Voiture ancienne fran\u00e7aise : notre classement Wedrivit\",\"datePublished\":\"2023-06-01T08:42:53+00:00\",\"dateModified\":\"2023-06-01T13:20:36+00:00\",\"mainEntityOfPage\":{\"@id\":\"https:\/\/www.wedrivit.com\/blog\/voiture\/collection\/quelles-sont-les-voitures-francaises-les-plus-emblematiques\"},\"wordCount\":1398,\"commentCount\":0,\"publisher\":{\"@id\":\"https:\/\/www.wedrivit.com\/blog\/#organization\"},\"image\":{\"@id\":\"https:\/\/www.wedrivit.com\/blog\/voiture\/collection\/quelles-sont-les-voitures-francaises-les-plus-emblematiques#primaryimage\"},\"thumbnailUrl\":\"https:\/\/www.wedrivit.com\/blog\/wp-content\/uploads\/2023\/05\/ds.jpg\",\"articleSection\":[\"Conseils\",\"Tous les articles\"],\"inLanguage\":\"fr-FR\",\"potentialAction\":[{\"@type\":\"CommentAction\",\"name\":\"Comment\",\"target\":[\"https:\/\/www.wedrivit.com\/blog\/voiture\/collection\/quelles-sont-les-voitures-francaises-les-plus-emblematiques#respond\"]}]},{\"@type\":\"WebPage\",\"@id\":\"https:\/\/www.wedrivit.com\/blog\/voiture\/collection\/quelles-sont-les-voitures-francaises-les-plus-emblematiques\",\"url\":\"https:\/\/www.wedrivit.com\/blog\/voiture\/collection\/quelles-sont-les-voitures-francaises-les-plus-emblematiques\",\"name\":\"Voiture ancienne fran\u00e7aise : notre classement Wedrivit -\",\"isPartOf\":{\"@id\":\"https:\/\/www.wedrivit.com\/blog\/#website\"},\"primaryImageOfPage\":{\"@id\":\"https:\/\/www.wedrivit.com\/blog\/voiture\/collection\/quelles-sont-les-voitures-francaises-les-plus-emblematiques#primaryimage\"},\"image\":{\"@id\":\"https:\/\/www.wedrivit.com\/blog\/voiture\/collection\/quelles-sont-les-voitures-francaises-les-plus-emblematiques#primaryimage\"},\"thumbnailUrl\":\"https:\/\/www.wedrivit.com\/blog\/wp-content\/uploads\/2023\/05\/ds.jpg\",\"datePublished\":\"2023-06-01T08:42:53+00:00\",\"dateModified\":\"2023-06-01T13:20:36+00:00\",\"description\":\"Petite s\u00e9lection de voiture ancienne fran\u00e7aise\u00a0qui ont illumin\u00e9 l'histoire de l'automobile hexagonale.\",\"breadcrumb\":{\"@id\":\"https:\/\/www.wedrivit.com\/blog\/voiture\/collection\/quelles-sont-les-voitures-francaises-les-plus-emblematiques#breadcrumb\"},\"inLanguage\":\"fr-FR\",\"potentialAction\":[{\"@type\":\"ReadAction\",\"target\":[\"https:\/\/www.wedrivit.com\/blog\/voiture\/collection\/quelles-sont-les-voitures-francaises-les-plus-emblematiques\"]}]},{\"@type\":\"ImageObject\",\"inLanguage\":\"fr-FR\",\"@id\":\"https:\/\/www.wedrivit.com\/blog\/voiture\/collection\/quelles-sont-les-voitures-francaises-les-plus-emblematiques#primaryimage\",\"url\":\"https:\/\/www.wedrivit.com\/blog\/wp-content\/uploads\/2023\/05\/ds.jpg\",\"contentUrl\":\"https:\/\/www.wedrivit.com\/blog\/wp-content\/uploads\/2023\/05\/ds.jpg\",\"width\":612,\"height\":408,\"caption\":\"DS Citroen\"},{\"@type\":\"BreadcrumbList\",\"@id\":\"https:\/\/www.wedrivit.com\/blog\/voiture\/collection\/quelles-sont-les-voitures-francaises-les-plus-emblematiques#breadcrumb\",\"itemListElement\":[{\"@type\":\"ListItem\",\"position\":1,\"name\":\"Home\",\"item\":\"https:\/\/www.wedrivit.com\/blog\/\"},{\"@type\":\"ListItem\",\"position\":2,\"name\":\"Voiture ancienne fran\u00e7aise : notre classement Wedrivit\"}]},{\"@type\":\"WebSite\",\"@id\":\"https:\/\/www.wedrivit.com\/blog\/#website\",\"url\":\"https:\/\/www.wedrivit.com\/blog\/\",\"name\":\"Le blog des voitures de collection par Wedrivit\",\"description\":\"Tout savoir sur les voitures anciennes grace \u00e0 Wedrivit, la plateforme de location de voitures anciennes entre particuliers.\",\"publisher\":{\"@id\":\"https:\/\/www.wedrivit.com\/blog\/#organization\"},\"potentialAction\":[{\"@type\":\"SearchAction\",\"target\":{\"@type\":\"EntryPoint\",\"urlTemplate\":\"https:\/\/www.wedrivit.com\/blog\/?s={search_term_string}\"},\"query-input\":{\"@type\":\"PropertyValueSpecification\",\"valueRequired\":true,\"valueName\":\"search_term_string\"}}],\"inLanguage\":\"fr-FR\"},{\"@type\":\"Organization\",\"@id\":\"https:\/\/www.wedrivit.com\/blog\/#organization\",\"name\":\"Le blog des voitures de collection par Wedrivit\",\"url\":\"https:\/\/www.wedrivit.com\/blog\/\",\"logo\":{\"@type\":\"ImageObject\",\"inLanguage\":\"fr-FR\",\"@id\":\"https:\/\/www.wedrivit.com\/blog\/#\/schema\/logo\/image\/\",\"url\":\"https:\/\/www.wedrivit.com\/blog\/wp-content\/uploads\/2024\/12\/wedrivit-blanc-large-2.png\",\"contentUrl\":\"https:\/\/www.wedrivit.com\/blog\/wp-content\/uploads\/2024\/12\/wedrivit-blanc-large-2.png\",\"caption\":\"Le blog des voitures de collection par Wedrivit\"},\"image\":{\"@id\":\"https:\/\/www.wedrivit.com\/blog\/#\/schema\/logo\/image\/\"}},{\"@type\":\"Person\",\"@id\":\"https:\/\/www.wedrivit.com\/blog\/#\/schema\/person\/bd337a50a9dbdcb584b97dfc6b7a7008\",\"name\":\"Camille Fiot\",\"image\":{\"@type\":\"ImageObject\",\"inLanguage\":\"fr-FR\",\"@id\":\"https:\/\/www.wedrivit.com\/blog\/#\/schema\/person\/image\/\",\"url\":\"https:\/\/secure.gravatar.com\/avatar\/2f64f3e5fd5b776bb931b6b8fb8d451e04047c77832e87138ce0041eb1434bb2?s=96&d=mm&r=g\",\"contentUrl\":\"https:\/\/secure.gravatar.com\/avatar\/2f64f3e5fd5b776bb931b6b8fb8d451e04047c77832e87138ce0041eb1434bb2?s=96&d=mm&r=g\",\"caption\":\"Camille Fiot\"},\"sameAs\":[\"https:\/\/www.wedrivit.com\/\"],\"url\":\"https:\/\/www.wedrivit.com\/blog\/voiture\/collection\/author\/camille-fiot\"}]}<\/script>\n<!-- \/ Yoast SEO plugin. -->","yoast_head_json":{"title":"Voiture ancienne fran\u00e7aise : notre classement Wedrivit -","description":"Petite s\u00e9lection de voiture ancienne fran\u00e7aise\u00a0qui ont illumin\u00e9 l'histoire de l'automobile hexagonale.","robots":{"index":"index","follow":"follow","max-snippet":"max-snippet:-1","max-image-preview":"max-image-preview:large","max-video-preview":"max-video-preview:-1"},"canonical":"https:\/\/www.wedrivit.com\/blog\/voiture\/collection\/quelles-sont-les-voitures-francaises-les-plus-emblematiques","og_locale":"fr_FR","og_type":"article","og_title":"Voiture ancienne fran\u00e7aise : notre classement Wedrivit -","og_description":"Petite s\u00e9lection de voiture ancienne fran\u00e7aise\u00a0qui ont illumin\u00e9 l'histoire de l'automobile hexagonale.","og_url":"https:\/\/www.wedrivit.com\/blog\/voiture\/collection\/quelles-sont-les-voitures-francaises-les-plus-emblematiques","og_site_name":"Le blog des voitures de collection par Wedrivit","article_published_time":"2023-06-01T08:42:53+00:00","article_modified_time":"2023-06-01T13:20:36+00:00","og_image":[{"width":612,"height":408,"url":"https:\/\/www.wedrivit.com\/blog\/wp-content\/uploads\/2023\/05\/ds.jpg","type":"image\/jpeg"}],"author":"Camille Fiot","twitter_card":"summary_large_image","twitter_misc":{"\u00c9crit par":"Camille Fiot","Dur\u00e9e de lecture estim\u00e9e":"7 minutes"},"schema":{"@context":"https:\/\/schema.org","@graph":[{"@type":"Article","@id":"https:\/\/www.wedrivit.com\/blog\/voiture\/collection\/quelles-sont-les-voitures-francaises-les-plus-emblematiques#article","isPartOf":{"@id":"https:\/\/www.wedrivit.com\/blog\/voiture\/collection\/quelles-sont-les-voitures-francaises-les-plus-emblematiques"},"author":{"name":"Camille Fiot","@id":"https:\/\/www.wedrivit.com\/blog\/#\/schema\/person\/bd337a50a9dbdcb584b97dfc6b7a7008"},"headline":"Voiture ancienne fran\u00e7aise : notre classement Wedrivit","datePublished":"2023-06-01T08:42:53+00:00","dateModified":"2023-06-01T13:20:36+00:00","mainEntityOfPage":{"@id":"https:\/\/www.wedrivit.com\/blog\/voiture\/collection\/quelles-sont-les-voitures-francaises-les-plus-emblematiques"},"wordCount":1398,"commentCount":0,"publisher":{"@id":"https:\/\/www.wedrivit.com\/blog\/#organization"},"image":{"@id":"https:\/\/www.wedrivit.com\/blog\/voiture\/collection\/quelles-sont-les-voitures-francaises-les-plus-emblematiques#primaryimage"},"thumbnailUrl":"https:\/\/www.wedrivit.com\/blog\/wp-content\/uploads\/2023\/05\/ds.jpg","articleSection":["Conseils","Tous les articles"],"inLanguage":"fr-FR","potentialAction":[{"@type":"CommentAction","name":"Comment","target":["https:\/\/www.wedrivit.com\/blog\/voiture\/collection\/quelles-sont-les-voitures-francaises-les-plus-emblematiques#respond"]}]},{"@type":"WebPage","@id":"https:\/\/www.wedrivit.com\/blog\/voiture\/collection\/quelles-sont-les-voitures-francaises-les-plus-emblematiques","url":"https:\/\/www.wedrivit.com\/blog\/voiture\/collection\/quelles-sont-les-voitures-francaises-les-plus-emblematiques","name":"Voiture ancienne fran\u00e7aise : notre classement Wedrivit -","isPartOf":{"@id":"https:\/\/www.wedrivit.com\/blog\/#website"},"primaryImageOfPage":{"@id":"https:\/\/www.wedrivit.com\/blog\/voiture\/collection\/quelles-sont-les-voitures-francaises-les-plus-emblematiques#primaryimage"},"image":{"@id":"https:\/\/www.wedrivit.com\/blog\/voiture\/collection\/quelles-sont-les-voitures-francaises-les-plus-emblematiques#primaryimage"},"thumbnailUrl":"https:\/\/www.wedrivit.com\/blog\/wp-content\/uploads\/2023\/05\/ds.jpg","datePublished":"2023-06-01T08:42:53+00:00","dateModified":"2023-06-01T13:20:36+00:00","description":"Petite s\u00e9lection de voiture ancienne fran\u00e7aise\u00a0qui ont illumin\u00e9 l'histoire de l'automobile hexagonale.","breadcrumb":{"@id":"https:\/\/www.wedrivit.com\/blog\/voiture\/collection\/quelles-sont-les-voitures-francaises-les-plus-emblematiques#breadcrumb"},"inLanguage":"fr-FR","potentialAction":[{"@type":"ReadAction","target":["https:\/\/www.wedrivit.com\/blog\/voiture\/collection\/quelles-sont-les-voitures-francaises-les-plus-emblematiques"]}]},{"@type":"ImageObject","inLanguage":"fr-FR","@id":"https:\/\/www.wedrivit.com\/blog\/voiture\/collection\/quelles-sont-les-voitures-francaises-les-plus-emblematiques#primaryimage","url":"https:\/\/www.wedrivit.com\/blog\/wp-content\/uploads\/2023\/05\/ds.jpg","contentUrl":"https:\/\/www.wedrivit.com\/blog\/wp-content\/uploads\/2023\/05\/ds.jpg","width":612,"height":408,"caption":"DS Citroen"},{"@type":"BreadcrumbList","@id":"https:\/\/www.wedrivit.com\/blog\/voiture\/collection\/quelles-sont-les-voitures-francaises-les-plus-emblematiques#breadcrumb","itemListElement":[{"@type":"ListItem","position":1,"name":"Home","item":"https:\/\/www.wedrivit.com\/blog\/"},{"@type":"ListItem","position":2,"name":"Voiture ancienne fran\u00e7aise : notre classement Wedrivit"}]},{"@type":"WebSite","@id":"https:\/\/www.wedrivit.com\/blog\/#website","url":"https:\/\/www.wedrivit.com\/blog\/","name":"Le blog des voitures de collection par Wedrivit","description":"Tout savoir sur les voitures anciennes grace \u00e0 Wedrivit, la plateforme de location de voitures anciennes entre particuliers.","publisher":{"@id":"https:\/\/www.wedrivit.com\/blog\/#organization"},"potentialAction":[{"@type":"SearchAction","target":{"@type":"EntryPoint","urlTemplate":"https:\/\/www.wedrivit.com\/blog\/?s={search_term_string}"},"query-input":{"@type":"PropertyValueSpecification","valueRequired":true,"valueName":"search_term_string"}}],"inLanguage":"fr-FR"},{"@type":"Organization","@id":"https:\/\/www.wedrivit.com\/blog\/#organization","name":"Le blog des voitures de collection par Wedrivit","url":"https:\/\/www.wedrivit.com\/blog\/","logo":{"@type":"ImageObject","inLanguage":"fr-FR","@id":"https:\/\/www.wedrivit.com\/blog\/#\/schema\/logo\/image\/","url":"https:\/\/www.wedrivit.com\/blog\/wp-content\/uploads\/2024\/12\/wedrivit-blanc-large-2.png","contentUrl":"https:\/\/www.wedrivit.com\/blog\/wp-content\/uploads\/2024\/12\/wedrivit-blanc-large-2.png","caption":"Le blog des voitures de collection par Wedrivit"},"image":{"@id":"https:\/\/www.wedrivit.com\/blog\/#\/schema\/logo\/image\/"}},{"@type":"Person","@id":"https:\/\/www.wedrivit.com\/blog\/#\/schema\/person\/bd337a50a9dbdcb584b97dfc6b7a7008","name":"Camille Fiot","image":{"@type":"ImageObject","inLanguage":"fr-FR","@id":"https:\/\/www.wedrivit.com\/blog\/#\/schema\/person\/image\/","url":"https:\/\/secure.gravatar.com\/avatar\/2f64f3e5fd5b776bb931b6b8fb8d451e04047c77832e87138ce0041eb1434bb2?s=96&d=mm&r=g","contentUrl":"https:\/\/secure.gravatar.com\/avatar\/2f64f3e5fd5b776bb931b6b8fb8d451e04047c77832e87138ce0041eb1434bb2?s=96&d=mm&r=g","caption":"Camille Fiot"},"sameAs":["https:\/\/www.wedrivit.com\/"],"url":"https:\/\/www.wedrivit.com\/blog\/voiture\/collection\/author\/camille-fiot"}]}},"_links":{"self":[{"href":"https:\/\/www.wedrivit.com\/blog\/wp-json\/wp\/v2\/posts\/9539","targetHints":{"allow":["GET"]}}],"collection":[{"href":"https:\/\/www.wedrivit.com\/blog\/wp-json\/wp\/v2\/posts"}],"about":[{"href":"https:\/\/www.wedrivit.com\/blog\/wp-json\/wp\/v2\/types\/post"}],"author":[{"embeddable":true,"href":"https:\/\/www.wedrivit.com\/blog\/wp-json\/wp\/v2\/users\/17"}],"replies":[{"embeddable":true,"href":"https:\/\/www.wedrivit.com\/blog\/wp-json\/wp\/v2\/comments?post=9539"}],"version-history":[{"count":34,"href":"https:\/\/www.wedrivit.com\/blog\/wp-json\/wp\/v2\/posts\/9539\/revisions"}],"predecessor-version":[{"id":9624,"href":"https:\/\/www.wedrivit.com\/blog\/wp-json\/wp\/v2\/posts\/9539\/revisions\/9624"}],"wp:featuredmedia":[{"embeddable":true,"href":"https:\/\/www.wedrivit.com\/blog\/wp-json\/wp\/v2\/media\/9544"}],"wp:attachment":[{"href":"https:\/\/www.wedrivit.com\/blog\/wp-json\/wp\/v2\/media?parent=9539"}],"wp:term":[{"taxonomy":"category","embeddable":true,"href":"https:\/\/www.wedrivit.com\/blog\/wp-json\/wp\/v2\/categories?post=9539"},{"taxonomy":"post_tag","embeddable":true,"href":"https:\/\/www.wedrivit.com\/blog\/wp-json\/wp\/v2\/tags?post=9539"}],"curies":[{"name":"wp","href":"https:\/\/api.w.org\/{rel}","templated":true}]}}