{"id":9534,"date":"2023-07-17T09:36:55","date_gmt":"2023-07-17T07:36:55","guid":{"rendered":"https:\/\/www.wedrivit.com\/blog\/?p=9534"},"modified":"2026-01-05T17:23:29","modified_gmt":"2026-01-05T15:23:29","slug":"lhistoire-de-la-2cv","status":"publish","type":"post","link":"https:\/\/www.wedrivit.com\/blog\/voiture\/collection\/lhistoire-de-la-2cv","title":{"rendered":"L&rsquo;histoire de la 2cv"},"content":{"rendered":"\t\t<div data-elementor-type=\"wp-post\" data-elementor-id=\"9534\" class=\"elementor elementor-9534\">\n\t\t\t\t\t\t<section class=\"elementor-section elementor-top-section elementor-element elementor-element-922c500 elementor-section-boxed elementor-section-height-default elementor-section-height-default\" data-id=\"922c500\" data-element_type=\"section\">\n\t\t\t\t\t\t<div class=\"elementor-container elementor-column-gap-default\">\n\t\t\t\t\t<div class=\"elementor-column elementor-col-100 elementor-top-column elementor-element elementor-element-ff2a604\" data-id=\"ff2a604\" data-element_type=\"column\">\n\t\t\t<div class=\"elementor-widget-wrap elementor-element-populated\">\n\t\t\t\t\t\t\t<\/div>\n\t\t<\/div>\n\t\t\t\t\t<\/div>\n\t\t<\/section>\n\t\t\t\t<section class=\"elementor-section elementor-top-section elementor-element elementor-element-c6ad62a elementor-section-boxed elementor-section-height-default elementor-section-height-default\" data-id=\"c6ad62a\" data-element_type=\"section\">\n\t\t\t\t\t\t<div class=\"elementor-container elementor-column-gap-default\">\n\t\t\t\t\t<div class=\"elementor-column elementor-col-100 elementor-top-column elementor-element elementor-element-d4acd3d\" data-id=\"d4acd3d\" data-element_type=\"column\">\n\t\t\t<div class=\"elementor-widget-wrap elementor-element-populated\">\n\t\t\t\t\t\t<div class=\"elementor-element elementor-element-5e503e9 elementor-widget elementor-widget-text-editor\" data-id=\"5e503e9\" data-element_type=\"widget\" data-widget_type=\"text-editor.default\">\n\t\t\t\t<div class=\"elementor-widget-container\">\n\t\t\t\t\t\t\t\t\t<p>La Citro\u00ebn 2CV, \u00e9galement connue sous le nom de \u00ab\u00a0Deux Chevaux\u00a0\u00bb, est sans aucun doute l&rsquo;une des voitures les plus embl\u00e9matiques de tous les temps. Con\u00e7ue pour \u00eatre une voiture \u00e9conomique et polyvalente, elle est devenue un symbole de libert\u00e9, d&rsquo;ing\u00e9niosit\u00e9 et de simplicit\u00e9. Dans cet article, nous explorerons l&rsquo;histoire fascinante de la 2CV. De sa conception r\u00e9volutionnaire \u00e0 son statut l\u00e9gendaire dans le monde de l&rsquo;automobile. Voici l&rsquo;histoire de la 2cv.<\/p>\t\t\t\t\t\t\t\t<\/div>\n\t\t\t\t<\/div>\n\t\t\t\t\t<\/div>\n\t\t<\/div>\n\t\t\t\t\t<\/div>\n\t\t<\/section>\n\t\t\t\t<section class=\"elementor-section elementor-top-section elementor-element elementor-element-b5828ac elementor-section-boxed elementor-section-height-default elementor-section-height-default\" data-id=\"b5828ac\" data-element_type=\"section\">\n\t\t\t\t\t\t<div class=\"elementor-container elementor-column-gap-default\">\n\t\t\t\t\t<div class=\"elementor-column elementor-col-100 elementor-top-column elementor-element elementor-element-32e9800\" data-id=\"32e9800\" data-element_type=\"column\">\n\t\t\t<div class=\"elementor-widget-wrap elementor-element-populated\">\n\t\t\t\t\t\t<div class=\"elementor-element elementor-element-63afda3 elementor-widget elementor-widget-heading\" data-id=\"63afda3\" data-element_type=\"widget\" data-widget_type=\"heading.default\">\n\t\t\t\t<div class=\"elementor-widget-container\">\n\t\t\t\t\t<h2 class=\"elementor-heading-title elementor-size-default\">Les d\u00e9buts de la 2CV: Une r\u00e9ponse \u00e0 un besoin<\/h2>\t\t\t\t<\/div>\n\t\t\t\t<\/div>\n\t\t\t\t<div class=\"elementor-element elementor-element-368be30 elementor-widget elementor-widget-text-editor\" data-id=\"368be30\" data-element_type=\"widget\" data-widget_type=\"text-editor.default\">\n\t\t\t\t<div class=\"elementor-widget-container\">\n\t\t\t\t\t\t\t\t\t<p>Dans les ann\u00e9es 1930, l&rsquo;Europe \u00e9tait plong\u00e9e dans une p\u00e9riode de crise \u00e9conomique profonde. Connue sous le nom de Grande D\u00e9pression. Les familles modestes cherchaient des moyens abordables de se d\u00e9placer. Tandis que les zones rurales n\u00e9cessitaient des v\u00e9hicules capables de naviguer sur les routes souvent difficiles d&rsquo;acc\u00e8s. C&rsquo;est dans ce contexte que la Citro\u00ebn <a href=\"https:\/\/www.wedrivit.com\/location\/voiture\/2cv\/\">2CV<\/a> a vu le jour.<\/p><p>La mission confi\u00e9e \u00e0 Pierre-Jules Boulanger, ing\u00e9nieur chez Citro\u00ebn. \u00c9tait de concevoir une voiture \u00e9conomique, robuste et capable de transporter quatre personnes. Ainsi qu&rsquo;un panier d&rsquo;\u0153ufs sans les casser sur les routes cahoteuses de la France rurale. Boulanger avait une vision claire : cr\u00e9er un \u00ab\u00a0parapluie \u00e0 quatre roues\u00a0\u00bb qui serait accessible \u00e0 tous.<\/p>\t\t\t\t\t\t\t\t<\/div>\n\t\t\t\t<\/div>\n\t\t\t\t\t<\/div>\n\t\t<\/div>\n\t\t\t\t\t<\/div>\n\t\t<\/section>\n\t\t\t\t<section class=\"elementor-section elementor-top-section elementor-element elementor-element-3122da2 elementor-section-boxed elementor-section-height-default elementor-section-height-default\" data-id=\"3122da2\" data-element_type=\"section\">\n\t\t\t\t\t\t<div class=\"elementor-container elementor-column-gap-default\">\n\t\t\t\t\t<div class=\"elementor-column elementor-col-100 elementor-top-column elementor-element elementor-element-7deea0e\" data-id=\"7deea0e\" data-element_type=\"column\">\n\t\t\t<div class=\"elementor-widget-wrap elementor-element-populated\">\n\t\t\t\t\t\t<div class=\"elementor-element elementor-element-4029691 elementor-widget elementor-widget-heading\" data-id=\"4029691\" data-element_type=\"widget\" data-widget_type=\"heading.default\">\n\t\t\t\t<div class=\"elementor-widget-container\">\n\t\t\t\t\t<h2 class=\"elementor-heading-title elementor-size-default\"> Une voiture \"envelopp\u00e9e dans une robe de toile\"<\/h2>\t\t\t\t<\/div>\n\t\t\t\t<\/div>\n\t\t\t\t<div class=\"elementor-element elementor-element-4d8e32f elementor-widget elementor-widget-text-editor\" data-id=\"4d8e32f\" data-element_type=\"widget\" data-widget_type=\"text-editor.default\">\n\t\t\t\t<div class=\"elementor-widget-container\">\n\t\t\t\t\t\t\t\t\t<p>La 2CV se distingue par son design minimaliste et fonctionnel. Son allure unique, avec ses lignes arrondies et sa carrosserie en t\u00f4le ondul\u00e9e, lui donne une apparence \u00e0 la fois modeste et charmante. La 2CV \u00e9tait \u00e0 l&rsquo;origine disponible en deux versions : la berline standard et le mod\u00e8le utilitaire, connu sous le nom de \u00ab\u00a0Fourgonnette\u00a0\u00bb.<\/p><p>Le choix de la carrosserie en t\u00f4le ondul\u00e9e \u00e9tait dict\u00e9 par plusieurs raisons. Tout d&rsquo;abord, cette technique permettait d&rsquo;\u00e9conomiser de l&rsquo;acier. Un mat\u00e9riau pr\u00e9cieux et co\u00fbteux \u00e0 l&rsquo;\u00e9poque. De plus, la carrosserie ondul\u00e9e offrait une grande r\u00e9sistance structurelle. Prot\u00e9geant ainsi les occupants des chocs et des vibrations.<\/p><p>L&rsquo;une des caract\u00e9ristiques les plus embl\u00e9matiques de la 2CV \u00e9tait son toit en toile, qui pouvait \u00eatre ouvert partiellement ou compl\u00e8tement pour profiter du plein air. Ce toit pliable ajoutait une touche de libert\u00e9 et d&rsquo;aventure \u00e0 la conduite et l&rsquo;histoire de la 2CV.<\/p>\t\t\t\t\t\t\t\t<\/div>\n\t\t\t\t<\/div>\n\t\t\t\t\t<\/div>\n\t\t<\/div>\n\t\t\t\t\t<\/div>\n\t\t<\/section>\n\t\t\t\t<section class=\"elementor-section elementor-top-section elementor-element elementor-element-a236565 elementor-section-boxed elementor-section-height-default elementor-section-height-default\" data-id=\"a236565\" data-element_type=\"section\">\n\t\t\t\t\t\t<div class=\"elementor-container elementor-column-gap-default\">\n\t\t\t\t\t<div class=\"elementor-column elementor-col-100 elementor-top-column elementor-element elementor-element-cf0b359\" data-id=\"cf0b359\" data-element_type=\"column\">\n\t\t\t<div class=\"elementor-widget-wrap elementor-element-populated\">\n\t\t\t\t\t\t<div class=\"elementor-element elementor-element-0ae400d elementor-widget elementor-widget-heading\" data-id=\"0ae400d\" data-element_type=\"widget\" data-widget_type=\"heading.default\">\n\t\t\t\t<div class=\"elementor-widget-container\">\n\t\t\t\t\t<h2 class=\"elementor-heading-title elementor-size-default\">Un concentr\u00e9 de simplicit\u00e9 et de robustesse : l'histoire de la 2 cv<\/h2>\t\t\t\t<\/div>\n\t\t\t\t<\/div>\n\t\t\t\t<div class=\"elementor-element elementor-element-639b3c7 elementor-widget elementor-widget-text-editor\" data-id=\"639b3c7\" data-element_type=\"widget\" data-widget_type=\"text-editor.default\">\n\t\t\t\t<div class=\"elementor-widget-container\">\n\t\t\t\t\t\t\t\t\t<p>Sous son apparence simple, la 2CV abritait des solutions techniques ing\u00e9nieuses. Son moteur \u00e0 deux cylindres, initialement de 375 cm\u00b3 mais qui a \u00e9t\u00e9 augment\u00e9 \u00e0 602 cm\u00b3 dans les mod\u00e8les ult\u00e9rieurs, offrait une puissance modeste mais suffisante pour les besoins de la voiture. Ce moteur \u00e9tait refroidi par air, ce qui \u00e9vitait le besoin d&rsquo;un syst\u00e8me de refroidissement complexe.<\/p><p>La suspension de la 2CV est une autre prouesse technique. La voiture \u00e9tait \u00e9quip\u00e9e d&rsquo;un syst\u00e8me de suspension \u00e0 quatre roues ind\u00e9pendantes, avec des ressorts h\u00e9lico\u00efdaux souples. Cette configuration permettait \u00e0 la 2CV de s&rsquo;adapter aux terrains accident\u00e9s et de fournir un confort de conduite surprenant pour une voiture \u00e9conomique.<\/p><p>La 2CV \u00e9tait \u00e9galement connue pour sa faible consommation de carburant, ce qui en faisait une voiture \u00e9conomique \u00e0 entretenir et \u00e0 utiliser. Sa simplicit\u00e9 m\u00e9canique facilitait \u00e9galement les r\u00e9parations.<\/p>\t\t\t\t\t\t\t\t<\/div>\n\t\t\t\t<\/div>\n\t\t\t\t\t<\/div>\n\t\t<\/div>\n\t\t\t\t\t<\/div>\n\t\t<\/section>\n\t\t\t\t<section class=\"elementor-section elementor-top-section elementor-element elementor-element-75ad83d elementor-section-boxed elementor-section-height-default elementor-section-height-default\" data-id=\"75ad83d\" data-element_type=\"section\">\n\t\t\t\t\t\t<div class=\"elementor-container elementor-column-gap-default\">\n\t\t\t\t\t<div class=\"elementor-column elementor-col-100 elementor-top-column elementor-element elementor-element-04f8944\" data-id=\"04f8944\" data-element_type=\"column\">\n\t\t\t<div class=\"elementor-widget-wrap elementor-element-populated\">\n\t\t\t\t\t\t<div class=\"elementor-element elementor-element-7e5dcc1 elementor-widget elementor-widget-image\" data-id=\"7e5dcc1\" data-element_type=\"widget\" data-widget_type=\"image.default\">\n\t\t\t\t<div class=\"elementor-widget-container\">\n\t\t\t\t\t\t\t\t\t\t\t\t\t\t\t<img fetchpriority=\"high\" decoding=\"async\" width=\"300\" height=\"300\" src=\"https:\/\/www.wedrivit.com\/blog\/wp-content\/uploads\/2023\/07\/Photo-couple-2.png\" class=\"attachment-medium size-medium wp-image-9759\" alt=\"2cv\" \/>\t\t\t\t\t\t\t\t\t\t\t\t\t\t\t<\/div>\n\t\t\t\t<\/div>\n\t\t\t\t\t<\/div>\n\t\t<\/div>\n\t\t\t\t\t<\/div>\n\t\t<\/section>\n\t\t\t\t<section class=\"elementor-section elementor-top-section elementor-element elementor-element-4502b92 elementor-section-boxed elementor-section-height-default elementor-section-height-default\" data-id=\"4502b92\" data-element_type=\"section\">\n\t\t\t\t\t\t<div class=\"elementor-container elementor-column-gap-default\">\n\t\t\t\t\t<div class=\"elementor-column elementor-col-100 elementor-top-column elementor-element elementor-element-0653649\" data-id=\"0653649\" data-element_type=\"column\">\n\t\t\t<div class=\"elementor-widget-wrap elementor-element-populated\">\n\t\t\t\t\t\t<div class=\"elementor-element elementor-element-1e4d3d8 elementor-widget elementor-widget-heading\" data-id=\"1e4d3d8\" data-element_type=\"widget\" data-widget_type=\"heading.default\">\n\t\t\t\t<div class=\"elementor-widget-container\">\n\t\t\t\t\t<h2 class=\"elementor-heading-title elementor-size-default\">L'\u00e9volution de la 2cv <\/h2>\t\t\t\t<\/div>\n\t\t\t\t<\/div>\n\t\t\t\t<div class=\"elementor-element elementor-element-8c640b4 elementor-widget elementor-widget-text-editor\" data-id=\"8c640b4\" data-element_type=\"widget\" data-widget_type=\"text-editor.default\">\n\t\t\t\t<div class=\"elementor-widget-container\">\n\t\t\t\t\t\t\t\t\t<p>Depuis sa cr\u00e9ation, la Citro\u00ebn 2CV a connu une \u00e9volution constante pour r\u00e9pondre aux demandes changeantes du march\u00e9 automobile. Au fil des ann\u00e9es, des am\u00e9liorations ont \u00e9t\u00e9 apport\u00e9es tant au niveau du design que des performances.<\/p><p>Dans les ann\u00e9es qui ont suivi son lancement en 1948, la 2CV a connu des modifications esth\u00e9tiques mineures, principalement pour des raisons pratiques et fonctionnelles. Des changements ont \u00e9t\u00e9 apport\u00e9s \u00e0 la calandre, aux phares et aux ailes, tout en conservant l&rsquo;apparence g\u00e9n\u00e9rale caract\u00e9ristique de la voiture.<\/p><p>En mati\u00e8re de performances, le moteur de la 2CV a \u00e9t\u00e9 progressivement am\u00e9lior\u00e9 pour offrir plus de puissance et de fiabilit\u00e9. Au fil des ann\u00e9es, la cylindr\u00e9e a \u00e9t\u00e9 augment\u00e9e, ce qui a permis \u00e0 la voiture de gagner en performances, tout en conservant sa r\u00e9putation de consommation de carburant \u00e9conomique.<\/p><p>Dans les ann\u00e9es 1960, la 2CV a connu une \u00e9volution majeure avec l&rsquo;introduction du mod\u00e8le \u00ab\u00a0Dyane\u00a0\u00bb, qui pr\u00e9sentait un design l\u00e9g\u00e8rement plus moderne et des am\u00e9liorations m\u00e9caniques. La Dyane offrait un confort de conduite sup\u00e9rieur et b\u00e9n\u00e9ficiait de quelques am\u00e9liorations au niveau de la suspension et de l&rsquo;int\u00e9rieur.<\/p><p>Au fil des d\u00e9cennies, des \u00e9ditions sp\u00e9ciales et des versions limit\u00e9es de la 2CV ont \u00e9galement \u00e9t\u00e9 lanc\u00e9s, ajoutant une touche d&rsquo;exclusivit\u00e9 \u00e0 la gamme. Ces mod\u00e8les sp\u00e9ciaux pr\u00e9sentaient souvent des caract\u00e9ristiques uniques, des couleurs distinctives et des finitions haut de gamme.<\/p><p>La production de la 2CV a finalement pris fin en 1990, apr\u00e8s plus de 40 ans de succ\u00e8s.<\/p>\t\t\t\t\t\t\t\t<\/div>\n\t\t\t\t<\/div>\n\t\t\t\t\t<\/div>\n\t\t<\/div>\n\t\t\t\t\t<\/div>\n\t\t<\/section>\n\t\t\t\t<section class=\"elementor-section elementor-top-section elementor-element elementor-element-343b0cd elementor-section-boxed elementor-section-height-default elementor-section-height-default\" data-id=\"343b0cd\" data-element_type=\"section\">\n\t\t\t\t\t\t<div class=\"elementor-container elementor-column-gap-default\">\n\t\t\t\t\t<div class=\"elementor-column elementor-col-100 elementor-top-column elementor-element elementor-element-b0a48f0\" data-id=\"b0a48f0\" data-element_type=\"column\">\n\t\t\t<div class=\"elementor-widget-wrap elementor-element-populated\">\n\t\t\t\t\t\t<div class=\"elementor-element elementor-element-ecc182f elementor-widget elementor-widget-heading\" data-id=\"ecc182f\" data-element_type=\"widget\" data-widget_type=\"heading.default\">\n\t\t\t\t<div class=\"elementor-widget-container\">\n\t\t\t\t\t<h2 class=\"elementor-heading-title elementor-size-default\">Une icone de la culture populaire : la folle histoire de la 2cv<\/h2>\t\t\t\t<\/div>\n\t\t\t\t<\/div>\n\t\t\t\t<div class=\"elementor-element elementor-element-c05f4db elementor-widget elementor-widget-text-editor\" data-id=\"c05f4db\" data-element_type=\"widget\" data-widget_type=\"text-editor.default\">\n\t\t\t\t<div class=\"elementor-widget-container\">\n\t\t\t\t\t\t\t\t\t<p>Au fil des ann\u00e9es, la 2CV est devenue bien plus qu&rsquo;un simple moyen de transport. Elle a acquis une place sp\u00e9ciale dans la culture populaire et est devenue un symbole de libert\u00e9, d&rsquo;ing\u00e9niosit\u00e9 et d&rsquo;aventure.<\/p><p>La 2CV a \u00e9t\u00e9 mise en valeur dans de nombreux films, livres et chansons, ce qui a contribu\u00e9 \u00e0 renforcer sa notori\u00e9t\u00e9. Elle a \u00e9t\u00e9 utilis\u00e9e comme un moyen de transport pittoresque dans des com\u00e9dies fran\u00e7aises classiques telles que \u00ab\u00a0Le Corniaud\u00a0\u00bb et \u00ab\u00a0La Grande Vadrouille\u00a0\u00bb. Son apparence unique et sa personnalit\u00e9 attachante ont captur\u00e9 l&rsquo;imagination des cin\u00e9astes et des \u00e9crivains, lui conf\u00e9rant un statut presque mythique.<\/p><p>En outre, la 2CV a \u00e9galement \u00e9t\u00e9 largement utilis\u00e9e dans les zones rurales, o\u00f9 sa polyvalence et sa robustesse \u00e9taient tr\u00e8s appr\u00e9ci\u00e9es. Elle \u00e9tait capable de transporter des charges lourdes, gr\u00e2ce \u00e0 son int\u00e9rieur spacieux et \u00e0 ses si\u00e8ges arri\u00e8re rabattables. Elle \u00e9tait souvent surnomm\u00e9e \u00ab\u00a0La 2 Pattes\u00a0\u00bb en raison de ses suspensions souples qui lui donnaient une allure unique.<\/p><p>La popularit\u00e9 de la 2CV a travers\u00e9 les fronti\u00e8res fran\u00e7aises pour devenir une voiture embl\u00e9matique dans le monde entier. Elle a suscit\u00e9 l&rsquo;admiration de nombreux collectionneurs et passionn\u00e9s d&rsquo;automobiles, qui continuent \u00e0 restaurer et \u00e0 ch\u00e9rir ces v\u00e9hicules aujourd&rsquo;hui. Voici l&rsquo;histoire de la <a href=\"https:\/\/www.wedrivit.com\/location\/voiture\/2cv\/\">2cv<\/a>.<\/p>\t\t\t\t\t\t\t\t<\/div>\n\t\t\t\t<\/div>\n\t\t\t\t\t<\/div>\n\t\t<\/div>\n\t\t\t\t\t<\/div>\n\t\t<\/section>\n\t\t\t\t<section class=\"elementor-section elementor-top-section elementor-element elementor-element-6a6b5fe elementor-section-boxed elementor-section-height-default elementor-section-height-default\" data-id=\"6a6b5fe\" data-element_type=\"section\">\n\t\t\t\t\t\t<div class=\"elementor-container elementor-column-gap-default\">\n\t\t\t\t\t<div class=\"elementor-column elementor-col-100 elementor-top-column elementor-element elementor-element-ce4677a\" data-id=\"ce4677a\" data-element_type=\"column\">\n\t\t\t<div class=\"elementor-widget-wrap elementor-element-populated\">\n\t\t\t\t\t\t<div class=\"elementor-element elementor-element-56e715e elementor-widget elementor-widget-text-editor\" data-id=\"56e715e\" data-element_type=\"widget\" data-widget_type=\"text-editor.default\">\n\t\t\t\t<div class=\"elementor-widget-container\">\n\t\t\t\t\t\t\t\t\t<p>Voici d&rsquo;autres articles qui pourraient vous plaire :\u00a0<\/p><blockquote><p><a href=\"https:\/\/www.wedrivit.com\/blog\/voiture\/collection\/top-10-des-voitures-de-collections-a-louer-en-france\">Top 10 des voitures de collection \u00e0 louer en France<\/a><\/p><p><a href=\"https:\/\/www.wedrivit.com\/blog\/voiture\/collection\/les-voitures-de-collection-les-plus-recherchees-pour-un-mariage\">Les voitures de collection les plus recherch\u00e9es pour un mariage<\/a><\/p><p><a href=\"https:\/\/www.wedrivit.com\/blog\/voiture-ancienne-francaise-notre-classement-wedrivit\">Voiture ancienne fran\u00e7aise : notre classement Wedrivit<\/a><\/p><\/blockquote>\t\t\t\t\t\t\t\t<\/div>\n\t\t\t\t<\/div>\n\t\t\t\t\t<\/div>\n\t\t<\/div>\n\t\t\t\t\t<\/div>\n\t\t<\/section>\n\t\t\t\t<\/div>\n\t\t","protected":false},"excerpt":{"rendered":"<p>La Citro\u00ebn 2CV, \u00e9galement connue sous le nom de \u00ab\u00a0Deux Chevaux\u00a0\u00bb, est sans aucun doute l&rsquo;une des voitures les plus&hellip;<\/p>\n","protected":false},"author":22,"featured_media":10043,"comment_status":"open","ping_status":"open","sticky":false,"template":"","format":"standard","meta":{"footnotes":""},"categories":[17,1],"tags":[],"class_list":["post-9534","post","type-post","status-publish","format-standard","has-post-thumbnail","hentry","category-culture-automobile","category-tous-les-articles"],"yoast_head":"<!-- This site is optimized with the Yoast SEO plugin v26.9 - https:\/\/yoast.com\/product\/yoast-seo-wordpress\/ -->\n<title>L&#039;histoire de la 2cv - Le blog des voitures de collection par Wedrivit<\/title>\n<meta name=\"description\" content=\"La Citro\u00ebn 2CV, est sans aucun doute l&#039;une des voitures les plus embl\u00e9matiques de tous les temps. Voici l&#039;histoire de la 2cv\" \/>\n<meta name=\"robots\" content=\"index, follow, max-snippet:-1, max-image-preview:large, max-video-preview:-1\" \/>\n<link rel=\"canonical\" href=\"https:\/\/www.wedrivit.com\/blog\/voiture\/collection\/lhistoire-de-la-2cv\" \/>\n<meta property=\"og:locale\" content=\"fr_FR\" \/>\n<meta property=\"og:type\" content=\"article\" \/>\n<meta property=\"og:title\" content=\"L&#039;histoire de la 2cv - Le blog des voitures de collection par Wedrivit\" \/>\n<meta property=\"og:description\" content=\"La Citro\u00ebn 2CV, est sans aucun doute l&#039;une des voitures les plus embl\u00e9matiques de tous les temps. Voici l&#039;histoire de la 2cv\" \/>\n<meta property=\"og:url\" content=\"https:\/\/www.wedrivit.com\/blog\/voiture\/collection\/lhistoire-de-la-2cv\" \/>\n<meta property=\"og:site_name\" content=\"Le blog des voitures de collection par Wedrivit\" \/>\n<meta property=\"article:published_time\" content=\"2023-07-17T07:36:55+00:00\" \/>\n<meta property=\"article:modified_time\" content=\"2026-01-05T15:23:29+00:00\" \/>\n<meta property=\"og:image\" content=\"https:\/\/www.wedrivit.com\/blog\/wp-content\/uploads\/2023\/07\/8965864_dessin-2013-2cv-charleston-dessin-realiste-1980-by-dessin-ludo-jpg.jpeg\" \/>\n\t<meta property=\"og:image:width\" content=\"720\" \/>\n\t<meta property=\"og:image:height\" content=\"507\" \/>\n\t<meta property=\"og:image:type\" content=\"image\/jpeg\" \/>\n<meta name=\"author\" content=\"Guillaume Ogier\" \/>\n<meta name=\"twitter:card\" content=\"summary_large_image\" \/>\n<meta name=\"twitter:label1\" content=\"\u00c9crit par\" \/>\n\t<meta name=\"twitter:data1\" content=\"Guillaume Ogier\" \/>\n\t<meta name=\"twitter:label2\" content=\"Dur\u00e9e de lecture estim\u00e9e\" \/>\n\t<meta name=\"twitter:data2\" content=\"6 minutes\" \/>\n<script type=\"application\/ld+json\" class=\"yoast-schema-graph\">{\"@context\":\"https:\/\/schema.org\",\"@graph\":[{\"@type\":\"Article\",\"@id\":\"https:\/\/www.wedrivit.com\/blog\/voiture\/collection\/lhistoire-de-la-2cv#article\",\"isPartOf\":{\"@id\":\"https:\/\/www.wedrivit.com\/blog\/voiture\/collection\/lhistoire-de-la-2cv\"},\"author\":{\"name\":\"Guillaume Ogier\",\"@id\":\"https:\/\/www.wedrivit.com\/blog\/#\/schema\/person\/d27de6551b194f72a8c634d91d17c4a8\"},\"headline\":\"L&rsquo;histoire de la 2cv\",\"datePublished\":\"2023-07-17T07:36:55+00:00\",\"dateModified\":\"2026-01-05T15:23:29+00:00\",\"mainEntityOfPage\":{\"@id\":\"https:\/\/www.wedrivit.com\/blog\/voiture\/collection\/lhistoire-de-la-2cv\"},\"wordCount\":1118,\"commentCount\":0,\"publisher\":{\"@id\":\"https:\/\/www.wedrivit.com\/blog\/#organization\"},\"image\":{\"@id\":\"https:\/\/www.wedrivit.com\/blog\/voiture\/collection\/lhistoire-de-la-2cv#primaryimage\"},\"thumbnailUrl\":\"https:\/\/www.wedrivit.com\/blog\/wp-content\/uploads\/2023\/07\/8965864_dessin-2013-2cv-charleston-dessin-realiste-1980-by-dessin-ludo-jpg.jpeg\",\"articleSection\":[\"Culture Automobile\",\"Tous les articles\"],\"inLanguage\":\"fr-FR\",\"potentialAction\":[{\"@type\":\"CommentAction\",\"name\":\"Comment\",\"target\":[\"https:\/\/www.wedrivit.com\/blog\/voiture\/collection\/lhistoire-de-la-2cv#respond\"]}]},{\"@type\":\"WebPage\",\"@id\":\"https:\/\/www.wedrivit.com\/blog\/voiture\/collection\/lhistoire-de-la-2cv\",\"url\":\"https:\/\/www.wedrivit.com\/blog\/voiture\/collection\/lhistoire-de-la-2cv\",\"name\":\"L'histoire de la 2cv - Le blog des voitures de collection par Wedrivit\",\"isPartOf\":{\"@id\":\"https:\/\/www.wedrivit.com\/blog\/#website\"},\"primaryImageOfPage\":{\"@id\":\"https:\/\/www.wedrivit.com\/blog\/voiture\/collection\/lhistoire-de-la-2cv#primaryimage\"},\"image\":{\"@id\":\"https:\/\/www.wedrivit.com\/blog\/voiture\/collection\/lhistoire-de-la-2cv#primaryimage\"},\"thumbnailUrl\":\"https:\/\/www.wedrivit.com\/blog\/wp-content\/uploads\/2023\/07\/8965864_dessin-2013-2cv-charleston-dessin-realiste-1980-by-dessin-ludo-jpg.jpeg\",\"datePublished\":\"2023-07-17T07:36:55+00:00\",\"dateModified\":\"2026-01-05T15:23:29+00:00\",\"description\":\"La Citro\u00ebn 2CV, est sans aucun doute l'une des voitures les plus embl\u00e9matiques de tous les temps. Voici l'histoire de la 2cv\",\"breadcrumb\":{\"@id\":\"https:\/\/www.wedrivit.com\/blog\/voiture\/collection\/lhistoire-de-la-2cv#breadcrumb\"},\"inLanguage\":\"fr-FR\",\"potentialAction\":[{\"@type\":\"ReadAction\",\"target\":[\"https:\/\/www.wedrivit.com\/blog\/voiture\/collection\/lhistoire-de-la-2cv\"]}]},{\"@type\":\"ImageObject\",\"inLanguage\":\"fr-FR\",\"@id\":\"https:\/\/www.wedrivit.com\/blog\/voiture\/collection\/lhistoire-de-la-2cv#primaryimage\",\"url\":\"https:\/\/www.wedrivit.com\/blog\/wp-content\/uploads\/2023\/07\/8965864_dessin-2013-2cv-charleston-dessin-realiste-1980-by-dessin-ludo-jpg.jpeg\",\"contentUrl\":\"https:\/\/www.wedrivit.com\/blog\/wp-content\/uploads\/2023\/07\/8965864_dessin-2013-2cv-charleston-dessin-realiste-1980-by-dessin-ludo-jpg.jpeg\",\"width\":720,\"height\":507},{\"@type\":\"BreadcrumbList\",\"@id\":\"https:\/\/www.wedrivit.com\/blog\/voiture\/collection\/lhistoire-de-la-2cv#breadcrumb\",\"itemListElement\":[{\"@type\":\"ListItem\",\"position\":1,\"name\":\"Home\",\"item\":\"https:\/\/www.wedrivit.com\/blog\/\"},{\"@type\":\"ListItem\",\"position\":2,\"name\":\"L&rsquo;histoire de la 2cv\"}]},{\"@type\":\"WebSite\",\"@id\":\"https:\/\/www.wedrivit.com\/blog\/#website\",\"url\":\"https:\/\/www.wedrivit.com\/blog\/\",\"name\":\"Le blog des voitures de collection par Wedrivit\",\"description\":\"Tout savoir sur les voitures anciennes grace \u00e0 Wedrivit, la plateforme de location de voitures anciennes entre particuliers.\",\"publisher\":{\"@id\":\"https:\/\/www.wedrivit.com\/blog\/#organization\"},\"potentialAction\":[{\"@type\":\"SearchAction\",\"target\":{\"@type\":\"EntryPoint\",\"urlTemplate\":\"https:\/\/www.wedrivit.com\/blog\/?s={search_term_string}\"},\"query-input\":{\"@type\":\"PropertyValueSpecification\",\"valueRequired\":true,\"valueName\":\"search_term_string\"}}],\"inLanguage\":\"fr-FR\"},{\"@type\":\"Organization\",\"@id\":\"https:\/\/www.wedrivit.com\/blog\/#organization\",\"name\":\"Le blog des voitures de collection par Wedrivit\",\"url\":\"https:\/\/www.wedrivit.com\/blog\/\",\"logo\":{\"@type\":\"ImageObject\",\"inLanguage\":\"fr-FR\",\"@id\":\"https:\/\/www.wedrivit.com\/blog\/#\/schema\/logo\/image\/\",\"url\":\"https:\/\/www.wedrivit.com\/blog\/wp-content\/uploads\/2024\/12\/wedrivit-blanc-large-2.png\",\"contentUrl\":\"https:\/\/www.wedrivit.com\/blog\/wp-content\/uploads\/2024\/12\/wedrivit-blanc-large-2.png\",\"caption\":\"Le blog des voitures de collection par Wedrivit\"},\"image\":{\"@id\":\"https:\/\/www.wedrivit.com\/blog\/#\/schema\/logo\/image\/\"}},{\"@type\":\"Person\",\"@id\":\"https:\/\/www.wedrivit.com\/blog\/#\/schema\/person\/d27de6551b194f72a8c634d91d17c4a8\",\"name\":\"Guillaume Ogier\",\"image\":{\"@type\":\"ImageObject\",\"inLanguage\":\"fr-FR\",\"@id\":\"https:\/\/www.wedrivit.com\/blog\/#\/schema\/person\/image\/\",\"url\":\"https:\/\/secure.gravatar.com\/avatar\/f3fc96ea593e4f3703329c34ddca21b7974549f88d65520caa48388d25027dee?s=96&d=mm&r=g\",\"contentUrl\":\"https:\/\/secure.gravatar.com\/avatar\/f3fc96ea593e4f3703329c34ddca21b7974549f88d65520caa48388d25027dee?s=96&d=mm&r=g\",\"caption\":\"Guillaume Ogier\"},\"url\":\"https:\/\/www.wedrivit.com\/blog\/voiture\/collection\/author\/guillaume-ogier\"}]}<\/script>\n<!-- \/ Yoast SEO plugin. -->","yoast_head_json":{"title":"L'histoire de la 2cv - Le blog des voitures de collection par Wedrivit","description":"La Citro\u00ebn 2CV, est sans aucun doute l'une des voitures les plus embl\u00e9matiques de tous les temps. Voici l'histoire de la 2cv","robots":{"index":"index","follow":"follow","max-snippet":"max-snippet:-1","max-image-preview":"max-image-preview:large","max-video-preview":"max-video-preview:-1"},"canonical":"https:\/\/www.wedrivit.com\/blog\/voiture\/collection\/lhistoire-de-la-2cv","og_locale":"fr_FR","og_type":"article","og_title":"L'histoire de la 2cv - Le blog des voitures de collection par Wedrivit","og_description":"La Citro\u00ebn 2CV, est sans aucun doute l'une des voitures les plus embl\u00e9matiques de tous les temps. Voici l'histoire de la 2cv","og_url":"https:\/\/www.wedrivit.com\/blog\/voiture\/collection\/lhistoire-de-la-2cv","og_site_name":"Le blog des voitures de collection par Wedrivit","article_published_time":"2023-07-17T07:36:55+00:00","article_modified_time":"2026-01-05T15:23:29+00:00","og_image":[{"width":720,"height":507,"url":"https:\/\/www.wedrivit.com\/blog\/wp-content\/uploads\/2023\/07\/8965864_dessin-2013-2cv-charleston-dessin-realiste-1980-by-dessin-ludo-jpg.jpeg","type":"image\/jpeg"}],"author":"Guillaume Ogier","twitter_card":"summary_large_image","twitter_misc":{"\u00c9crit par":"Guillaume Ogier","Dur\u00e9e de lecture estim\u00e9e":"6 minutes"},"schema":{"@context":"https:\/\/schema.org","@graph":[{"@type":"Article","@id":"https:\/\/www.wedrivit.com\/blog\/voiture\/collection\/lhistoire-de-la-2cv#article","isPartOf":{"@id":"https:\/\/www.wedrivit.com\/blog\/voiture\/collection\/lhistoire-de-la-2cv"},"author":{"name":"Guillaume Ogier","@id":"https:\/\/www.wedrivit.com\/blog\/#\/schema\/person\/d27de6551b194f72a8c634d91d17c4a8"},"headline":"L&rsquo;histoire de la 2cv","datePublished":"2023-07-17T07:36:55+00:00","dateModified":"2026-01-05T15:23:29+00:00","mainEntityOfPage":{"@id":"https:\/\/www.wedrivit.com\/blog\/voiture\/collection\/lhistoire-de-la-2cv"},"wordCount":1118,"commentCount":0,"publisher":{"@id":"https:\/\/www.wedrivit.com\/blog\/#organization"},"image":{"@id":"https:\/\/www.wedrivit.com\/blog\/voiture\/collection\/lhistoire-de-la-2cv#primaryimage"},"thumbnailUrl":"https:\/\/www.wedrivit.com\/blog\/wp-content\/uploads\/2023\/07\/8965864_dessin-2013-2cv-charleston-dessin-realiste-1980-by-dessin-ludo-jpg.jpeg","articleSection":["Culture Automobile","Tous les articles"],"inLanguage":"fr-FR","potentialAction":[{"@type":"CommentAction","name":"Comment","target":["https:\/\/www.wedrivit.com\/blog\/voiture\/collection\/lhistoire-de-la-2cv#respond"]}]},{"@type":"WebPage","@id":"https:\/\/www.wedrivit.com\/blog\/voiture\/collection\/lhistoire-de-la-2cv","url":"https:\/\/www.wedrivit.com\/blog\/voiture\/collection\/lhistoire-de-la-2cv","name":"L'histoire de la 2cv - Le blog des voitures de collection par Wedrivit","isPartOf":{"@id":"https:\/\/www.wedrivit.com\/blog\/#website"},"primaryImageOfPage":{"@id":"https:\/\/www.wedrivit.com\/blog\/voiture\/collection\/lhistoire-de-la-2cv#primaryimage"},"image":{"@id":"https:\/\/www.wedrivit.com\/blog\/voiture\/collection\/lhistoire-de-la-2cv#primaryimage"},"thumbnailUrl":"https:\/\/www.wedrivit.com\/blog\/wp-content\/uploads\/2023\/07\/8965864_dessin-2013-2cv-charleston-dessin-realiste-1980-by-dessin-ludo-jpg.jpeg","datePublished":"2023-07-17T07:36:55+00:00","dateModified":"2026-01-05T15:23:29+00:00","description":"La Citro\u00ebn 2CV, est sans aucun doute l'une des voitures les plus embl\u00e9matiques de tous les temps. Voici l'histoire de la 2cv","breadcrumb":{"@id":"https:\/\/www.wedrivit.com\/blog\/voiture\/collection\/lhistoire-de-la-2cv#breadcrumb"},"inLanguage":"fr-FR","potentialAction":[{"@type":"ReadAction","target":["https:\/\/www.wedrivit.com\/blog\/voiture\/collection\/lhistoire-de-la-2cv"]}]},{"@type":"ImageObject","inLanguage":"fr-FR","@id":"https:\/\/www.wedrivit.com\/blog\/voiture\/collection\/lhistoire-de-la-2cv#primaryimage","url":"https:\/\/www.wedrivit.com\/blog\/wp-content\/uploads\/2023\/07\/8965864_dessin-2013-2cv-charleston-dessin-realiste-1980-by-dessin-ludo-jpg.jpeg","contentUrl":"https:\/\/www.wedrivit.com\/blog\/wp-content\/uploads\/2023\/07\/8965864_dessin-2013-2cv-charleston-dessin-realiste-1980-by-dessin-ludo-jpg.jpeg","width":720,"height":507},{"@type":"BreadcrumbList","@id":"https:\/\/www.wedrivit.com\/blog\/voiture\/collection\/lhistoire-de-la-2cv#breadcrumb","itemListElement":[{"@type":"ListItem","position":1,"name":"Home","item":"https:\/\/www.wedrivit.com\/blog\/"},{"@type":"ListItem","position":2,"name":"L&rsquo;histoire de la 2cv"}]},{"@type":"WebSite","@id":"https:\/\/www.wedrivit.com\/blog\/#website","url":"https:\/\/www.wedrivit.com\/blog\/","name":"Le blog des voitures de collection par Wedrivit","description":"Tout savoir sur les voitures anciennes grace \u00e0 Wedrivit, la plateforme de location de voitures anciennes entre particuliers.","publisher":{"@id":"https:\/\/www.wedrivit.com\/blog\/#organization"},"potentialAction":[{"@type":"SearchAction","target":{"@type":"EntryPoint","urlTemplate":"https:\/\/www.wedrivit.com\/blog\/?s={search_term_string}"},"query-input":{"@type":"PropertyValueSpecification","valueRequired":true,"valueName":"search_term_string"}}],"inLanguage":"fr-FR"},{"@type":"Organization","@id":"https:\/\/www.wedrivit.com\/blog\/#organization","name":"Le blog des voitures de collection par Wedrivit","url":"https:\/\/www.wedrivit.com\/blog\/","logo":{"@type":"ImageObject","inLanguage":"fr-FR","@id":"https:\/\/www.wedrivit.com\/blog\/#\/schema\/logo\/image\/","url":"https:\/\/www.wedrivit.com\/blog\/wp-content\/uploads\/2024\/12\/wedrivit-blanc-large-2.png","contentUrl":"https:\/\/www.wedrivit.com\/blog\/wp-content\/uploads\/2024\/12\/wedrivit-blanc-large-2.png","caption":"Le blog des voitures de collection par Wedrivit"},"image":{"@id":"https:\/\/www.wedrivit.com\/blog\/#\/schema\/logo\/image\/"}},{"@type":"Person","@id":"https:\/\/www.wedrivit.com\/blog\/#\/schema\/person\/d27de6551b194f72a8c634d91d17c4a8","name":"Guillaume Ogier","image":{"@type":"ImageObject","inLanguage":"fr-FR","@id":"https:\/\/www.wedrivit.com\/blog\/#\/schema\/person\/image\/","url":"https:\/\/secure.gravatar.com\/avatar\/f3fc96ea593e4f3703329c34ddca21b7974549f88d65520caa48388d25027dee?s=96&d=mm&r=g","contentUrl":"https:\/\/secure.gravatar.com\/avatar\/f3fc96ea593e4f3703329c34ddca21b7974549f88d65520caa48388d25027dee?s=96&d=mm&r=g","caption":"Guillaume Ogier"},"url":"https:\/\/www.wedrivit.com\/blog\/voiture\/collection\/author\/guillaume-ogier"}]}},"_links":{"self":[{"href":"https:\/\/www.wedrivit.com\/blog\/wp-json\/wp\/v2\/posts\/9534","targetHints":{"allow":["GET"]}}],"collection":[{"href":"https:\/\/www.wedrivit.com\/blog\/wp-json\/wp\/v2\/posts"}],"about":[{"href":"https:\/\/www.wedrivit.com\/blog\/wp-json\/wp\/v2\/types\/post"}],"author":[{"embeddable":true,"href":"https:\/\/www.wedrivit.com\/blog\/wp-json\/wp\/v2\/users\/22"}],"replies":[{"embeddable":true,"href":"https:\/\/www.wedrivit.com\/blog\/wp-json\/wp\/v2\/comments?post=9534"}],"version-history":[{"count":52,"href":"https:\/\/www.wedrivit.com\/blog\/wp-json\/wp\/v2\/posts\/9534\/revisions"}],"predecessor-version":[{"id":11952,"href":"https:\/\/www.wedrivit.com\/blog\/wp-json\/wp\/v2\/posts\/9534\/revisions\/11952"}],"wp:featuredmedia":[{"embeddable":true,"href":"https:\/\/www.wedrivit.com\/blog\/wp-json\/wp\/v2\/media\/10043"}],"wp:attachment":[{"href":"https:\/\/www.wedrivit.com\/blog\/wp-json\/wp\/v2\/media?parent=9534"}],"wp:term":[{"taxonomy":"category","embeddable":true,"href":"https:\/\/www.wedrivit.com\/blog\/wp-json\/wp\/v2\/categories?post=9534"},{"taxonomy":"post_tag","embeddable":true,"href":"https:\/\/www.wedrivit.com\/blog\/wp-json\/wp\/v2\/tags?post=9534"}],"curies":[{"name":"wp","href":"https:\/\/api.w.org\/{rel}","templated":true}]}}