{"id":9336,"date":"2023-09-25T15:00:04","date_gmt":"2023-09-25T13:00:04","guid":{"rendered":"https:\/\/www.wedrivit.com\/blog\/?p=9336"},"modified":"2025-09-15T14:22:26","modified_gmt":"2025-09-15T12:22:26","slug":"combien-de-km-peut-faire-une-2cv-de-citroen","status":"publish","type":"post","link":"https:\/\/www.wedrivit.com\/blog\/voiture\/collection\/combien-de-km-peut-faire-une-2cv-de-citroen","title":{"rendered":"Combien de km peut faire une 2cv de Citro\u00ebn"},"content":{"rendered":"\t\t<div data-elementor-type=\"wp-post\" data-elementor-id=\"9336\" class=\"elementor elementor-9336\">\n\t\t\t\t\t\t<section class=\"elementor-section elementor-top-section elementor-element elementor-element-cab16fa elementor-section-boxed elementor-section-height-default elementor-section-height-default\" data-id=\"cab16fa\" data-element_type=\"section\">\n\t\t\t\t\t\t<div class=\"elementor-container elementor-column-gap-default\">\n\t\t\t\t\t<div class=\"elementor-column elementor-col-100 elementor-top-column elementor-element elementor-element-e46d999\" data-id=\"e46d999\" data-element_type=\"column\">\n\t\t\t<div class=\"elementor-widget-wrap elementor-element-populated\">\n\t\t\t\t\t\t<div class=\"elementor-element elementor-element-44ae543 elementor-widget elementor-widget-text-editor\" data-id=\"44ae543\" data-element_type=\"widget\" data-widget_type=\"text-editor.default\">\n\t\t\t\t<div class=\"elementor-widget-container\">\n\t\t\t\t\t\t\t\t\t<p>Si vous comptez acheter <strong>une voiture de collection<\/strong>, votre choix va peut-\u00eatre se porter sur la c\u00e9l\u00e8bre <strong>2cv de Citro\u00ebn<\/strong>. L&#8217;embl\u00e9matique voiture fran\u00e7aise est sans aucun doute <a href=\"https:\/\/www.wedrivit.com\/blog\/voiture\/collection\/top-10-des-voitures-de-collections-a-louer-en-france\/\">une ic\u00f4ne dans le milieu de l&rsquo;automobile ancien<\/a>. Cependant, avant de passer \u00e0 la caisse vous vous posez quelques questions sur votre futur v\u00e9hicule. Le premier mod\u00e8le de la voiture a \u00e9t\u00e9 commercialis\u00e9 en 1948, une date assez lointaine de nous maintenant. Alors m\u00eame si la <a href=\"https:\/\/www.les-phares-jaunes.fr\/peinture-2cv\/\">peinture de votre 2cv<\/a> est parfaite, la peur que <strong>la deudeuche<\/strong> de vos r\u00eaves ne puisse plus rouler dans peu de temps est l\u00e9gitime. C&rsquo;est pourquoi nous vous proposons de voir ensemble dans cet article <strong>combien de km peut faire une 2cv<\/strong> avant de rendre l&rsquo;\u00e2me.<\/p>\t\t\t\t\t\t\t\t<\/div>\n\t\t\t\t<\/div>\n\t\t\t\t\t<\/div>\n\t\t<\/div>\n\t\t\t\t\t<\/div>\n\t\t<\/section>\n\t\t\t\t<section class=\"elementor-section elementor-top-section elementor-element elementor-element-f3a2267 elementor-section-boxed elementor-section-height-default elementor-section-height-default\" data-id=\"f3a2267\" data-element_type=\"section\">\n\t\t\t\t\t\t<div class=\"elementor-container elementor-column-gap-default\">\n\t\t\t\t\t<div class=\"elementor-column elementor-col-100 elementor-top-column elementor-element elementor-element-9248c18\" data-id=\"9248c18\" data-element_type=\"column\">\n\t\t\t<div class=\"elementor-widget-wrap elementor-element-populated\">\n\t\t\t\t\t\t<div class=\"elementor-element elementor-element-62cd5b7 elementor-widget elementor-widget-heading\" data-id=\"62cd5b7\" data-element_type=\"widget\" data-widget_type=\"heading.default\">\n\t\t\t\t<div class=\"elementor-widget-container\">\n\t\t\t\t\t<h2 class=\"elementor-heading-title elementor-size-default\">Le kilom\u00e9trage maximum des 2cv<\/h2>\t\t\t\t<\/div>\n\t\t\t\t<\/div>\n\t\t\t\t<div class=\"elementor-element elementor-element-8a637b3 elementor-widget elementor-widget-text-editor\" data-id=\"8a637b3\" data-element_type=\"widget\" data-widget_type=\"text-editor.default\">\n\t\t\t\t<div class=\"elementor-widget-container\">\n\t\t\t\t\t\t\t\t\t<p>Il existe de nombreux mod\u00e8les de la voiture fran\u00e7aise, des s\u00e9ries limit\u00e9es ont souvent \u00e9t\u00e9 commercialis\u00e9es. Les moteurs des v\u00e9hicules sont \u00e9quip\u00e9s de 4 cylindres en ligne qui vont selon les ann\u00e9es de 375cm3 \u00e0 602cm3.<\/p><p>La prise de connaissance de ses c\u00f4t\u00e9s techniques permet d&rsquo;affirmer que les 2cv fabriqu\u00e9s apr\u00e8s 1968 seraient capables de tenir <strong>200 000 km<\/strong>. En effet, \u00e0 partir de cette date les premiers moteurs 602cm3 \u00e9quipent les v\u00e9hicules.<\/p><p>Les mod\u00e8les de s\u00e9rie moins r\u00e9cents ne peuvent malheureusement parcourir que <strong>100 000 \u00e0 150 000 km<\/strong>. Leurs \u00e9quipements refl\u00e8tent leurs \u00e9poques et n&rsquo;ont pas \u00e9t\u00e9 con\u00e7us pour pousser la machine plus loin.<\/p><p>De plus en 1982, les voitures ont \u00e9t\u00e9 dot\u00e9es d&rsquo;un d&#8217;embrayage \u00e0 centrifuge ce qui leur permet d&rsquo;atteindre un kilom\u00e9trage maximal de <strong>250 000 km<\/strong>.<\/p>\t\t\t\t\t\t\t\t<\/div>\n\t\t\t\t<\/div>\n\t\t\t\t<div class=\"elementor-element elementor-element-3ee5771 elementor-widget elementor-widget-image\" data-id=\"3ee5771\" data-element_type=\"widget\" data-widget_type=\"image.default\">\n\t\t\t\t<div class=\"elementor-widget-container\">\n\t\t\t\t\t\t\t\t\t\t\t\t\t\t\t<img fetchpriority=\"high\" decoding=\"async\" width=\"1000\" height=\"666\" src=\"https:\/\/www.wedrivit.com\/blog\/wp-content\/uploads\/2023\/05\/1645014941407zPyv1aLRiPx5OiUKCm13DkP9r.jpg\" class=\"attachment-large size-large wp-image-9412\" alt=\"\" \/>\t\t\t\t\t\t\t\t\t\t\t\t\t\t\t<\/div>\n\t\t\t\t<\/div>\n\t\t\t\t\t<\/div>\n\t\t<\/div>\n\t\t\t\t\t<\/div>\n\t\t<\/section>\n\t\t\t\t<section class=\"elementor-section elementor-top-section elementor-element elementor-element-2c5215a elementor-section-boxed elementor-section-height-default elementor-section-height-default\" data-id=\"2c5215a\" data-element_type=\"section\">\n\t\t\t\t\t\t<div class=\"elementor-container elementor-column-gap-default\">\n\t\t\t\t\t<div class=\"elementor-column elementor-col-100 elementor-top-column elementor-element elementor-element-23dc840\" data-id=\"23dc840\" data-element_type=\"column\">\n\t\t\t<div class=\"elementor-widget-wrap elementor-element-populated\">\n\t\t\t\t\t\t<div class=\"elementor-element elementor-element-8bd5f68 elementor-widget elementor-widget-heading\" data-id=\"8bd5f68\" data-element_type=\"widget\" data-widget_type=\"heading.default\">\n\t\t\t\t<div class=\"elementor-widget-container\">\n\t\t\t\t\t<h2 class=\"elementor-heading-title elementor-size-default\">Acheter  une 2cv <\/h2>\t\t\t\t<\/div>\n\t\t\t\t<\/div>\n\t\t\t\t<div class=\"elementor-element elementor-element-66c0be5 elementor-widget elementor-widget-text-editor\" data-id=\"66c0be5\" data-element_type=\"widget\" data-widget_type=\"text-editor.default\">\n\t\t\t\t<div class=\"elementor-widget-container\">\n\t\t\t\t\t\t\t\t\t<p>Si vous voulez acheter <strong>une 2cv<\/strong>, il est important de prendre en compte<strong> le kilom\u00e9trage<\/strong> de la voiture. Ce dernier vous donnera un ordre d&rsquo;id\u00e9e sur la dur\u00e9e de vie qu&rsquo;il reste au v\u00e9hicule et vous permettra de n\u00e9gocier le prix.<\/p><p>Si la 2cv est plut\u00f4t r\u00e9cente et que son compteur affiche un nombre raisonnable, vous pourrez certainement conserver le v\u00e9hicule pendant encore de nombreuses ann\u00e9es. Les voitures de collection sont rarement utilis\u00e9es tous les jours et les <a href=\"https:\/\/www.wedrivit.com\/blog\/?p=8829&amp;preview=true&amp;_thumbnail_id=8811\">trajets professionnels sont g\u00e9n\u00e9ralement interdits<\/a>.<\/p><p>N\u00e9anmoins, si vous souhaitez acqu\u00e9rir un mod\u00e8le plus ancien, il faudra \u00eatre vigilant sur l&rsquo;\u00e9tat et sur la distance d\u00e9j\u00e0 parcourue. Vous devrez peut-\u00eatre passer par <a href=\"https:\/\/www.les-phares-jaunes.fr\/restauration-2cv\/\">restauration d&rsquo;une 2cv<\/a> pour redonner une vie au moteur.<\/p>\t\t\t\t\t\t\t\t<\/div>\n\t\t\t\t<\/div>\n\t\t\t\t<div class=\"elementor-element elementor-element-7622a2f elementor-widget elementor-widget-image\" data-id=\"7622a2f\" data-element_type=\"widget\" data-widget_type=\"image.default\">\n\t\t\t\t<div class=\"elementor-widget-container\">\n\t\t\t\t\t\t\t\t\t\t\t\t\t\t\t<img decoding=\"async\" width=\"1000\" height=\"666\" src=\"https:\/\/www.wedrivit.com\/blog\/wp-content\/uploads\/2023\/05\/1645014804447UISrSMZ1z3PAiXtNKO2X59B6n.jpg\" class=\"attachment-large size-large wp-image-9411\" alt=\"\" \/>\t\t\t\t\t\t\t\t\t\t\t\t\t\t\t<\/div>\n\t\t\t\t<\/div>\n\t\t\t\t\t<\/div>\n\t\t<\/div>\n\t\t\t\t\t<\/div>\n\t\t<\/section>\n\t\t\t\t<section class=\"elementor-section elementor-top-section elementor-element elementor-element-e21d056 elementor-section-boxed elementor-section-height-default elementor-section-height-default\" data-id=\"e21d056\" data-element_type=\"section\">\n\t\t\t\t\t\t<div class=\"elementor-container elementor-column-gap-default\">\n\t\t\t\t\t<div class=\"elementor-column elementor-col-100 elementor-top-column elementor-element elementor-element-4e8e56b\" data-id=\"4e8e56b\" data-element_type=\"column\">\n\t\t\t<div class=\"elementor-widget-wrap elementor-element-populated\">\n\t\t\t\t\t\t<div class=\"elementor-element elementor-element-1a85d5f elementor-widget elementor-widget-heading\" data-id=\"1a85d5f\" data-element_type=\"widget\" data-widget_type=\"heading.default\">\n\t\t\t\t<div class=\"elementor-widget-container\">\n\t\t\t\t\t<h2 class=\"elementor-heading-title elementor-size-default\">Louer une 2cv avec Wedrivit <\/h2>\t\t\t\t<\/div>\n\t\t\t\t<\/div>\n\t\t\t\t<div class=\"elementor-element elementor-element-37cd352 elementor-widget elementor-widget-text-editor\" data-id=\"37cd352\" data-element_type=\"widget\" data-widget_type=\"text-editor.default\">\n\t\t\t\t<div class=\"elementor-widget-container\">\n\t\t\t\t\t\t\t\t\t<p>Nous proposons sur notre site toutes sortes de locations de voitures de collection dont des locations de 2cv. Profitez de la voiture de vos r\u00eaves sans avoir \u00e0 prendre en compte les inconv\u00e9nients d\u2019entretiens et de stockage. Notre site compte parmi ses rangs des passionn\u00e9s qui prennent soin de leur v\u00e9hicule et qui se feront une joie de vous les louer. Vous \u00eates peut-\u00eatre ind\u00e9cis sur votre futur achat alors pourquoi ne pas louer un v\u00e9hicule pour vous faire un avis. Vous n&rsquo;aurez certainement plus aucun doute apr\u00e8s.<\/p>\t\t\t\t\t\t\t\t<\/div>\n\t\t\t\t<\/div>\n\t\t\t\t<div class=\"elementor-element elementor-element-19d34ea elementor-align-center elementor-widget elementor-widget-button\" data-id=\"19d34ea\" data-element_type=\"widget\" data-widget_type=\"button.default\">\n\t\t\t\t<div class=\"elementor-widget-container\">\n\t\t\t\t\t\t\t\t\t<div class=\"elementor-button-wrapper\">\n\t\t\t\t\t<a class=\"elementor-button elementor-button-link elementor-size-sm\" href=\"https:\/\/www.wedrivit.com\/location\/voiture\/2cv\/\">\n\t\t\t\t\t\t<span class=\"elementor-button-content-wrapper\">\n\t\t\t\t\t\t\t\t\t<span class=\"elementor-button-text\">Louez une 2cv<\/span>\n\t\t\t\t\t<\/span>\n\t\t\t\t\t<\/a>\n\t\t\t\t<\/div>\n\t\t\t\t\t\t\t\t<\/div>\n\t\t\t\t<\/div>\n\t\t\t\t\t<\/div>\n\t\t<\/div>\n\t\t\t\t\t<\/div>\n\t\t<\/section>\n\t\t\t\t<section class=\"elementor-section elementor-top-section elementor-element elementor-element-71d3807 elementor-section-boxed elementor-section-height-default elementor-section-height-default\" data-id=\"71d3807\" data-element_type=\"section\">\n\t\t\t\t\t\t<div class=\"elementor-container elementor-column-gap-default\">\n\t\t\t\t\t<div class=\"elementor-column elementor-col-100 elementor-top-column elementor-element elementor-element-2a5808d\" data-id=\"2a5808d\" data-element_type=\"column\">\n\t\t\t<div class=\"elementor-widget-wrap elementor-element-populated\">\n\t\t\t\t\t\t<div class=\"elementor-element elementor-element-fa097e1 elementor-widget elementor-widget-text-editor\" data-id=\"fa097e1\" data-element_type=\"widget\" data-widget_type=\"text-editor.default\">\n\t\t\t\t<div class=\"elementor-widget-container\">\n\t\t\t\t\t\t\t\t\t<p>Dans le m\u00eame genre :<\/p><p><blockquote class=\"wp-embedded-content\" data-secret=\"MEU6yDwG0U\"><a href=\"https:\/\/www.wedrivit.com\/blog\/voiture\/collection\/les-voitures-de-collection-les-plus-recherchees-pour-un-mariage\/\">Les voitures de collection les plus recherch\u00e9es pour un mariage<\/a><\/blockquote><iframe class=\"wp-embedded-content\" sandbox=\"allow-scripts\" security=\"restricted\" style=\"position: absolute; clip: rect(1px, 1px, 1px, 1px);\" title=\"\u00ab\u00a0Les voitures de collection les plus recherch\u00e9es pour un mariage\u00a0\u00bb &#8212; Blog\" src=\"https:\/\/www.wedrivit.com\/blog\/voiture\/collection\/les-voitures-de-collection-les-plus-recherchees-pour-un-mariage\/embed\/#?secret=MEU6yDwG0U\" data-secret=\"MEU6yDwG0U\" width=\"600\" height=\"338\" frameborder=\"0\" marginwidth=\"0\" marginheight=\"0\" scrolling=\"no\"><\/iframe><\/p><p><blockquote class=\"wp-embedded-content\" data-secret=\"aimARA7PUQ\"><a href=\"https:\/\/www.wedrivit.com\/blog\/voiture\/collection\/les-voitures-dans-peaky-blinders\/\">Les voitures dans Peaky Blinders<\/a><\/blockquote><iframe class=\"wp-embedded-content\" sandbox=\"allow-scripts\" security=\"restricted\" style=\"position: absolute; clip: rect(1px, 1px, 1px, 1px);\" title=\"\u00ab\u00a0Les voitures dans Peaky Blinders\u00a0\u00bb &#8212; Blog\" src=\"https:\/\/www.wedrivit.com\/blog\/voiture\/collection\/les-voitures-dans-peaky-blinders\/embed\/#?secret=aimARA7PUQ\" data-secret=\"aimARA7PUQ\" width=\"600\" height=\"338\" frameborder=\"0\" marginwidth=\"0\" marginheight=\"0\" scrolling=\"no\"><\/iframe><\/p>\t\t\t\t\t\t\t\t<\/div>\n\t\t\t\t<\/div>\n\t\t\t\t\t<\/div>\n\t\t<\/div>\n\t\t\t\t\t<\/div>\n\t\t<\/section>\n\t\t\t\t<\/div>\n\t\t","protected":false},"excerpt":{"rendered":"<p>Si vous comptez acheter une voiture de collection, votre choix va peut-\u00eatre se porter sur la c\u00e9l\u00e8bre 2cv de Citro\u00ebn.&hellip;<\/p>\n","protected":false},"author":22,"featured_media":9411,"comment_status":"open","ping_status":"open","sticky":false,"template":"","format":"standard","meta":{"footnotes":""},"categories":[17,1],"tags":[],"class_list":["post-9336","post","type-post","status-publish","format-standard","has-post-thumbnail","hentry","category-culture-automobile","category-tous-les-articles"],"yoast_head":"<!-- This site is optimized with the Yoast SEO plugin v26.9 - https:\/\/yoast.com\/product\/yoast-seo-wordpress\/ -->\n<title>Combien de km peut faire une 2cv de Citro\u00ebn - Le blog des voitures de collection par Wedrivit<\/title>\n<meta name=\"description\" content=\"Vous voulez acheter une 2cv mais vous vous demandez combien de km peut-elle faire avant de rendre l&#039;\u00e2me. On vous r\u00e9pond dans cet article.\" \/>\n<meta name=\"robots\" content=\"index, follow, max-snippet:-1, max-image-preview:large, max-video-preview:-1\" \/>\n<link rel=\"canonical\" href=\"https:\/\/www.wedrivit.com\/blog\/voiture\/collection\/combien-de-km-peut-faire-une-2cv-de-citroen\" \/>\n<meta property=\"og:locale\" content=\"fr_FR\" \/>\n<meta property=\"og:type\" content=\"article\" \/>\n<meta property=\"og:title\" content=\"Combien de km peut faire une 2cv de Citro\u00ebn - Le blog des voitures de collection par Wedrivit\" \/>\n<meta property=\"og:description\" content=\"Vous voulez acheter une 2cv mais vous vous demandez combien de km peut-elle faire avant de rendre l&#039;\u00e2me. On vous r\u00e9pond dans cet article.\" \/>\n<meta property=\"og:url\" content=\"https:\/\/www.wedrivit.com\/blog\/voiture\/collection\/combien-de-km-peut-faire-une-2cv-de-citroen\" \/>\n<meta property=\"og:site_name\" content=\"Le blog des voitures de collection par Wedrivit\" \/>\n<meta property=\"article:published_time\" content=\"2023-09-25T13:00:04+00:00\" \/>\n<meta property=\"article:modified_time\" content=\"2025-09-15T12:22:26+00:00\" \/>\n<meta property=\"og:image\" content=\"https:\/\/www.wedrivit.com\/blog\/wp-content\/uploads\/2023\/05\/1645014804447UISrSMZ1z3PAiXtNKO2X59B6n.jpg\" \/>\n\t<meta property=\"og:image:width\" content=\"1280\" \/>\n\t<meta property=\"og:image:height\" content=\"853\" \/>\n\t<meta property=\"og:image:type\" content=\"image\/jpeg\" \/>\n<meta name=\"author\" content=\"Guillaume Ogier\" \/>\n<meta name=\"twitter:card\" content=\"summary_large_image\" \/>\n<meta name=\"twitter:label1\" content=\"\u00c9crit par\" \/>\n\t<meta name=\"twitter:data1\" content=\"Guillaume Ogier\" \/>\n\t<meta name=\"twitter:label2\" content=\"Dur\u00e9e de lecture estim\u00e9e\" \/>\n\t<meta name=\"twitter:data2\" content=\"3 minutes\" \/>\n<script type=\"application\/ld+json\" class=\"yoast-schema-graph\">{\"@context\":\"https:\/\/schema.org\",\"@graph\":[{\"@type\":\"Article\",\"@id\":\"https:\/\/www.wedrivit.com\/blog\/voiture\/collection\/combien-de-km-peut-faire-une-2cv-de-citroen#article\",\"isPartOf\":{\"@id\":\"https:\/\/www.wedrivit.com\/blog\/voiture\/collection\/combien-de-km-peut-faire-une-2cv-de-citroen\"},\"author\":{\"name\":\"Guillaume Ogier\",\"@id\":\"https:\/\/www.wedrivit.com\/blog\/#\/schema\/person\/d27de6551b194f72a8c634d91d17c4a8\"},\"headline\":\"Combien de km peut faire une 2cv de Citro\u00ebn\",\"datePublished\":\"2023-09-25T13:00:04+00:00\",\"dateModified\":\"2025-09-15T12:22:26+00:00\",\"mainEntityOfPage\":{\"@id\":\"https:\/\/www.wedrivit.com\/blog\/voiture\/collection\/combien-de-km-peut-faire-une-2cv-de-citroen\"},\"wordCount\":558,\"commentCount\":0,\"publisher\":{\"@id\":\"https:\/\/www.wedrivit.com\/blog\/#organization\"},\"image\":{\"@id\":\"https:\/\/www.wedrivit.com\/blog\/voiture\/collection\/combien-de-km-peut-faire-une-2cv-de-citroen#primaryimage\"},\"thumbnailUrl\":\"https:\/\/www.wedrivit.com\/blog\/wp-content\/uploads\/2023\/05\/1645014804447UISrSMZ1z3PAiXtNKO2X59B6n.jpg\",\"articleSection\":[\"Culture Automobile\",\"Tous les articles\"],\"inLanguage\":\"fr-FR\",\"potentialAction\":[{\"@type\":\"CommentAction\",\"name\":\"Comment\",\"target\":[\"https:\/\/www.wedrivit.com\/blog\/voiture\/collection\/combien-de-km-peut-faire-une-2cv-de-citroen#respond\"]}]},{\"@type\":\"WebPage\",\"@id\":\"https:\/\/www.wedrivit.com\/blog\/voiture\/collection\/combien-de-km-peut-faire-une-2cv-de-citroen\",\"url\":\"https:\/\/www.wedrivit.com\/blog\/voiture\/collection\/combien-de-km-peut-faire-une-2cv-de-citroen\",\"name\":\"Combien de km peut faire une 2cv de Citro\u00ebn - Le blog des voitures de collection par Wedrivit\",\"isPartOf\":{\"@id\":\"https:\/\/www.wedrivit.com\/blog\/#website\"},\"primaryImageOfPage\":{\"@id\":\"https:\/\/www.wedrivit.com\/blog\/voiture\/collection\/combien-de-km-peut-faire-une-2cv-de-citroen#primaryimage\"},\"image\":{\"@id\":\"https:\/\/www.wedrivit.com\/blog\/voiture\/collection\/combien-de-km-peut-faire-une-2cv-de-citroen#primaryimage\"},\"thumbnailUrl\":\"https:\/\/www.wedrivit.com\/blog\/wp-content\/uploads\/2023\/05\/1645014804447UISrSMZ1z3PAiXtNKO2X59B6n.jpg\",\"datePublished\":\"2023-09-25T13:00:04+00:00\",\"dateModified\":\"2025-09-15T12:22:26+00:00\",\"description\":\"Vous voulez acheter une 2cv mais vous vous demandez combien de km peut-elle faire avant de rendre l'\u00e2me. On vous r\u00e9pond dans cet article.\",\"breadcrumb\":{\"@id\":\"https:\/\/www.wedrivit.com\/blog\/voiture\/collection\/combien-de-km-peut-faire-une-2cv-de-citroen#breadcrumb\"},\"inLanguage\":\"fr-FR\",\"potentialAction\":[{\"@type\":\"ReadAction\",\"target\":[\"https:\/\/www.wedrivit.com\/blog\/voiture\/collection\/combien-de-km-peut-faire-une-2cv-de-citroen\"]}]},{\"@type\":\"ImageObject\",\"inLanguage\":\"fr-FR\",\"@id\":\"https:\/\/www.wedrivit.com\/blog\/voiture\/collection\/combien-de-km-peut-faire-une-2cv-de-citroen#primaryimage\",\"url\":\"https:\/\/www.wedrivit.com\/blog\/wp-content\/uploads\/2023\/05\/1645014804447UISrSMZ1z3PAiXtNKO2X59B6n.jpg\",\"contentUrl\":\"https:\/\/www.wedrivit.com\/blog\/wp-content\/uploads\/2023\/05\/1645014804447UISrSMZ1z3PAiXtNKO2X59B6n.jpg\",\"width\":1280,\"height\":853},{\"@type\":\"BreadcrumbList\",\"@id\":\"https:\/\/www.wedrivit.com\/blog\/voiture\/collection\/combien-de-km-peut-faire-une-2cv-de-citroen#breadcrumb\",\"itemListElement\":[{\"@type\":\"ListItem\",\"position\":1,\"name\":\"Home\",\"item\":\"https:\/\/www.wedrivit.com\/blog\/\"},{\"@type\":\"ListItem\",\"position\":2,\"name\":\"Combien de km peut faire une 2cv de Citro\u00ebn\"}]},{\"@type\":\"WebSite\",\"@id\":\"https:\/\/www.wedrivit.com\/blog\/#website\",\"url\":\"https:\/\/www.wedrivit.com\/blog\/\",\"name\":\"Le blog des voitures de collection par Wedrivit\",\"description\":\"Tout savoir sur les voitures anciennes grace \u00e0 Wedrivit, la plateforme de location de voitures anciennes entre particuliers.\",\"publisher\":{\"@id\":\"https:\/\/www.wedrivit.com\/blog\/#organization\"},\"potentialAction\":[{\"@type\":\"SearchAction\",\"target\":{\"@type\":\"EntryPoint\",\"urlTemplate\":\"https:\/\/www.wedrivit.com\/blog\/?s={search_term_string}\"},\"query-input\":{\"@type\":\"PropertyValueSpecification\",\"valueRequired\":true,\"valueName\":\"search_term_string\"}}],\"inLanguage\":\"fr-FR\"},{\"@type\":\"Organization\",\"@id\":\"https:\/\/www.wedrivit.com\/blog\/#organization\",\"name\":\"Le blog des voitures de collection par Wedrivit\",\"url\":\"https:\/\/www.wedrivit.com\/blog\/\",\"logo\":{\"@type\":\"ImageObject\",\"inLanguage\":\"fr-FR\",\"@id\":\"https:\/\/www.wedrivit.com\/blog\/#\/schema\/logo\/image\/\",\"url\":\"https:\/\/www.wedrivit.com\/blog\/wp-content\/uploads\/2024\/12\/wedrivit-blanc-large-2.png\",\"contentUrl\":\"https:\/\/www.wedrivit.com\/blog\/wp-content\/uploads\/2024\/12\/wedrivit-blanc-large-2.png\",\"caption\":\"Le blog des voitures de collection par Wedrivit\"},\"image\":{\"@id\":\"https:\/\/www.wedrivit.com\/blog\/#\/schema\/logo\/image\/\"}},{\"@type\":\"Person\",\"@id\":\"https:\/\/www.wedrivit.com\/blog\/#\/schema\/person\/d27de6551b194f72a8c634d91d17c4a8\",\"name\":\"Guillaume Ogier\",\"image\":{\"@type\":\"ImageObject\",\"inLanguage\":\"fr-FR\",\"@id\":\"https:\/\/www.wedrivit.com\/blog\/#\/schema\/person\/image\/\",\"url\":\"https:\/\/secure.gravatar.com\/avatar\/f3fc96ea593e4f3703329c34ddca21b7974549f88d65520caa48388d25027dee?s=96&d=mm&r=g\",\"contentUrl\":\"https:\/\/secure.gravatar.com\/avatar\/f3fc96ea593e4f3703329c34ddca21b7974549f88d65520caa48388d25027dee?s=96&d=mm&r=g\",\"caption\":\"Guillaume Ogier\"},\"url\":\"https:\/\/www.wedrivit.com\/blog\/voiture\/collection\/author\/guillaume-ogier\"}]}<\/script>\n<!-- \/ Yoast SEO plugin. -->","yoast_head_json":{"title":"Combien de km peut faire une 2cv de Citro\u00ebn - Le blog des voitures de collection par Wedrivit","description":"Vous voulez acheter une 2cv mais vous vous demandez combien de km peut-elle faire avant de rendre l'\u00e2me. On vous r\u00e9pond dans cet article.","robots":{"index":"index","follow":"follow","max-snippet":"max-snippet:-1","max-image-preview":"max-image-preview:large","max-video-preview":"max-video-preview:-1"},"canonical":"https:\/\/www.wedrivit.com\/blog\/voiture\/collection\/combien-de-km-peut-faire-une-2cv-de-citroen","og_locale":"fr_FR","og_type":"article","og_title":"Combien de km peut faire une 2cv de Citro\u00ebn - Le blog des voitures de collection par Wedrivit","og_description":"Vous voulez acheter une 2cv mais vous vous demandez combien de km peut-elle faire avant de rendre l'\u00e2me. On vous r\u00e9pond dans cet article.","og_url":"https:\/\/www.wedrivit.com\/blog\/voiture\/collection\/combien-de-km-peut-faire-une-2cv-de-citroen","og_site_name":"Le blog des voitures de collection par Wedrivit","article_published_time":"2023-09-25T13:00:04+00:00","article_modified_time":"2025-09-15T12:22:26+00:00","og_image":[{"width":1280,"height":853,"url":"https:\/\/www.wedrivit.com\/blog\/wp-content\/uploads\/2023\/05\/1645014804447UISrSMZ1z3PAiXtNKO2X59B6n.jpg","type":"image\/jpeg"}],"author":"Guillaume Ogier","twitter_card":"summary_large_image","twitter_misc":{"\u00c9crit par":"Guillaume Ogier","Dur\u00e9e de lecture estim\u00e9e":"3 minutes"},"schema":{"@context":"https:\/\/schema.org","@graph":[{"@type":"Article","@id":"https:\/\/www.wedrivit.com\/blog\/voiture\/collection\/combien-de-km-peut-faire-une-2cv-de-citroen#article","isPartOf":{"@id":"https:\/\/www.wedrivit.com\/blog\/voiture\/collection\/combien-de-km-peut-faire-une-2cv-de-citroen"},"author":{"name":"Guillaume Ogier","@id":"https:\/\/www.wedrivit.com\/blog\/#\/schema\/person\/d27de6551b194f72a8c634d91d17c4a8"},"headline":"Combien de km peut faire une 2cv de Citro\u00ebn","datePublished":"2023-09-25T13:00:04+00:00","dateModified":"2025-09-15T12:22:26+00:00","mainEntityOfPage":{"@id":"https:\/\/www.wedrivit.com\/blog\/voiture\/collection\/combien-de-km-peut-faire-une-2cv-de-citroen"},"wordCount":558,"commentCount":0,"publisher":{"@id":"https:\/\/www.wedrivit.com\/blog\/#organization"},"image":{"@id":"https:\/\/www.wedrivit.com\/blog\/voiture\/collection\/combien-de-km-peut-faire-une-2cv-de-citroen#primaryimage"},"thumbnailUrl":"https:\/\/www.wedrivit.com\/blog\/wp-content\/uploads\/2023\/05\/1645014804447UISrSMZ1z3PAiXtNKO2X59B6n.jpg","articleSection":["Culture Automobile","Tous les articles"],"inLanguage":"fr-FR","potentialAction":[{"@type":"CommentAction","name":"Comment","target":["https:\/\/www.wedrivit.com\/blog\/voiture\/collection\/combien-de-km-peut-faire-une-2cv-de-citroen#respond"]}]},{"@type":"WebPage","@id":"https:\/\/www.wedrivit.com\/blog\/voiture\/collection\/combien-de-km-peut-faire-une-2cv-de-citroen","url":"https:\/\/www.wedrivit.com\/blog\/voiture\/collection\/combien-de-km-peut-faire-une-2cv-de-citroen","name":"Combien de km peut faire une 2cv de Citro\u00ebn - Le blog des voitures de collection par Wedrivit","isPartOf":{"@id":"https:\/\/www.wedrivit.com\/blog\/#website"},"primaryImageOfPage":{"@id":"https:\/\/www.wedrivit.com\/blog\/voiture\/collection\/combien-de-km-peut-faire-une-2cv-de-citroen#primaryimage"},"image":{"@id":"https:\/\/www.wedrivit.com\/blog\/voiture\/collection\/combien-de-km-peut-faire-une-2cv-de-citroen#primaryimage"},"thumbnailUrl":"https:\/\/www.wedrivit.com\/blog\/wp-content\/uploads\/2023\/05\/1645014804447UISrSMZ1z3PAiXtNKO2X59B6n.jpg","datePublished":"2023-09-25T13:00:04+00:00","dateModified":"2025-09-15T12:22:26+00:00","description":"Vous voulez acheter une 2cv mais vous vous demandez combien de km peut-elle faire avant de rendre l'\u00e2me. On vous r\u00e9pond dans cet article.","breadcrumb":{"@id":"https:\/\/www.wedrivit.com\/blog\/voiture\/collection\/combien-de-km-peut-faire-une-2cv-de-citroen#breadcrumb"},"inLanguage":"fr-FR","potentialAction":[{"@type":"ReadAction","target":["https:\/\/www.wedrivit.com\/blog\/voiture\/collection\/combien-de-km-peut-faire-une-2cv-de-citroen"]}]},{"@type":"ImageObject","inLanguage":"fr-FR","@id":"https:\/\/www.wedrivit.com\/blog\/voiture\/collection\/combien-de-km-peut-faire-une-2cv-de-citroen#primaryimage","url":"https:\/\/www.wedrivit.com\/blog\/wp-content\/uploads\/2023\/05\/1645014804447UISrSMZ1z3PAiXtNKO2X59B6n.jpg","contentUrl":"https:\/\/www.wedrivit.com\/blog\/wp-content\/uploads\/2023\/05\/1645014804447UISrSMZ1z3PAiXtNKO2X59B6n.jpg","width":1280,"height":853},{"@type":"BreadcrumbList","@id":"https:\/\/www.wedrivit.com\/blog\/voiture\/collection\/combien-de-km-peut-faire-une-2cv-de-citroen#breadcrumb","itemListElement":[{"@type":"ListItem","position":1,"name":"Home","item":"https:\/\/www.wedrivit.com\/blog\/"},{"@type":"ListItem","position":2,"name":"Combien de km peut faire une 2cv de Citro\u00ebn"}]},{"@type":"WebSite","@id":"https:\/\/www.wedrivit.com\/blog\/#website","url":"https:\/\/www.wedrivit.com\/blog\/","name":"Le blog des voitures de collection par Wedrivit","description":"Tout savoir sur les voitures anciennes grace \u00e0 Wedrivit, la plateforme de location de voitures anciennes entre particuliers.","publisher":{"@id":"https:\/\/www.wedrivit.com\/blog\/#organization"},"potentialAction":[{"@type":"SearchAction","target":{"@type":"EntryPoint","urlTemplate":"https:\/\/www.wedrivit.com\/blog\/?s={search_term_string}"},"query-input":{"@type":"PropertyValueSpecification","valueRequired":true,"valueName":"search_term_string"}}],"inLanguage":"fr-FR"},{"@type":"Organization","@id":"https:\/\/www.wedrivit.com\/blog\/#organization","name":"Le blog des voitures de collection par Wedrivit","url":"https:\/\/www.wedrivit.com\/blog\/","logo":{"@type":"ImageObject","inLanguage":"fr-FR","@id":"https:\/\/www.wedrivit.com\/blog\/#\/schema\/logo\/image\/","url":"https:\/\/www.wedrivit.com\/blog\/wp-content\/uploads\/2024\/12\/wedrivit-blanc-large-2.png","contentUrl":"https:\/\/www.wedrivit.com\/blog\/wp-content\/uploads\/2024\/12\/wedrivit-blanc-large-2.png","caption":"Le blog des voitures de collection par Wedrivit"},"image":{"@id":"https:\/\/www.wedrivit.com\/blog\/#\/schema\/logo\/image\/"}},{"@type":"Person","@id":"https:\/\/www.wedrivit.com\/blog\/#\/schema\/person\/d27de6551b194f72a8c634d91d17c4a8","name":"Guillaume Ogier","image":{"@type":"ImageObject","inLanguage":"fr-FR","@id":"https:\/\/www.wedrivit.com\/blog\/#\/schema\/person\/image\/","url":"https:\/\/secure.gravatar.com\/avatar\/f3fc96ea593e4f3703329c34ddca21b7974549f88d65520caa48388d25027dee?s=96&d=mm&r=g","contentUrl":"https:\/\/secure.gravatar.com\/avatar\/f3fc96ea593e4f3703329c34ddca21b7974549f88d65520caa48388d25027dee?s=96&d=mm&r=g","caption":"Guillaume Ogier"},"url":"https:\/\/www.wedrivit.com\/blog\/voiture\/collection\/author\/guillaume-ogier"}]}},"_links":{"self":[{"href":"https:\/\/www.wedrivit.com\/blog\/wp-json\/wp\/v2\/posts\/9336","targetHints":{"allow":["GET"]}}],"collection":[{"href":"https:\/\/www.wedrivit.com\/blog\/wp-json\/wp\/v2\/posts"}],"about":[{"href":"https:\/\/www.wedrivit.com\/blog\/wp-json\/wp\/v2\/types\/post"}],"author":[{"embeddable":true,"href":"https:\/\/www.wedrivit.com\/blog\/wp-json\/wp\/v2\/users\/22"}],"replies":[{"embeddable":true,"href":"https:\/\/www.wedrivit.com\/blog\/wp-json\/wp\/v2\/comments?post=9336"}],"version-history":[{"count":80,"href":"https:\/\/www.wedrivit.com\/blog\/wp-json\/wp\/v2\/posts\/9336\/revisions"}],"predecessor-version":[{"id":11849,"href":"https:\/\/www.wedrivit.com\/blog\/wp-json\/wp\/v2\/posts\/9336\/revisions\/11849"}],"wp:featuredmedia":[{"embeddable":true,"href":"https:\/\/www.wedrivit.com\/blog\/wp-json\/wp\/v2\/media\/9411"}],"wp:attachment":[{"href":"https:\/\/www.wedrivit.com\/blog\/wp-json\/wp\/v2\/media?parent=9336"}],"wp:term":[{"taxonomy":"category","embeddable":true,"href":"https:\/\/www.wedrivit.com\/blog\/wp-json\/wp\/v2\/categories?post=9336"},{"taxonomy":"post_tag","embeddable":true,"href":"https:\/\/www.wedrivit.com\/blog\/wp-json\/wp\/v2\/tags?post=9336"}],"curies":[{"name":"wp","href":"https:\/\/api.w.org\/{rel}","templated":true}]}}