{"id":932,"date":"2020-09-15T09:41:42","date_gmt":"2020-09-15T07:41:42","guid":{"rendered":"https:\/\/www.classic-hub.com\/blog\/?p=932"},"modified":"2022-07-28T11:05:57","modified_gmt":"2022-07-28T09:05:57","slug":"estimer-la-valeur-de-son-vehicule-de-collection","status":"publish","type":"post","link":"https:\/\/www.wedrivit.com\/blog\/voiture\/collection\/estimer-la-valeur-de-son-vehicule-de-collection","title":{"rendered":"Comment estimer la valeur de son v\u00e9hicule de collection ?"},"content":{"rendered":"\t\t<div data-elementor-type=\"wp-post\" data-elementor-id=\"932\" class=\"elementor elementor-932\">\n\t\t\t\t\t\t<section class=\"elementor-section elementor-top-section elementor-element elementor-element-3f82e28 elementor-section-boxed elementor-section-height-default elementor-section-height-default\" data-id=\"3f82e28\" data-element_type=\"section\">\n\t\t\t\t\t\t<div class=\"elementor-container elementor-column-gap-default\">\n\t\t\t\t\t<div class=\"elementor-column elementor-col-100 elementor-top-column elementor-element elementor-element-f7ec15c\" data-id=\"f7ec15c\" data-element_type=\"column\">\n\t\t\t<div class=\"elementor-widget-wrap elementor-element-populated\">\n\t\t\t\t\t\t<div class=\"elementor-element elementor-element-9dfc44a elementor-widget elementor-widget-text-editor\" data-id=\"9dfc44a\" data-element_type=\"widget\" data-widget_type=\"text-editor.default\">\n\t\t\t\t<div class=\"elementor-widget-container\">\n\t\t\t\t\t\t\t\t\t<p>Du c\u00f4t\u00e9 du loueur comme de celui du locataire, il est souhaitable qu\u2019une transaction portant sur le pr\u00eat temporaire d\u2019un <strong>v\u00e9hicule de collection<\/strong> soit la plus juste, la plus honn\u00eate et la plus \u00e9quitable possible. Souvent, cela passe par une bonne <strong>\u00e9valuation<\/strong> du prix de la voiture de location, prix qui permet ensuite d\u2019attribuer le tarif d\u2019\u00e9quilibre sur lequel s\u2019entendront les deux parties de l\u2019\u00e9change commercial. Une <strong>automobile ancienne<\/strong> <strong>s\u2019\u00e9value<\/strong> dans l\u2019absolu en fonction du mod\u00e8le en lui-m\u00eame, de son prestige, de sa raret\u00e9, de son anciennet\u00e9. Parmi les voitures les plus recherch\u00e9es du march\u00e9 de collection, une <a href=\"http:\/\/wedrivit.com\/rechercher?brand=citroen\">Citro\u00ebn 2CV<\/a> n\u2019est pas une Alpine A110\u00a0: lorsque la premi\u00e8re co\u00fbte entre 6000 et 17\u00a0000 euros, la fourchette de <strong>valeur<\/strong> de la seconde est comprise entre 50\u00a0000 et 120\u00a0000 euros. Et encore, nous ne parlons ici que des voitures les plus recherch\u00e9es qui sont aussi parmi les plus accessibles. Imaginez cette fois les v\u00e9hicules de l\u00e9gende comme les <a href=\"http:\/\/wedrivit.com\/rechercher?brand=jaguar\">Jaguar<\/a>, les <a href=\"http:\/\/wedrivit.com\/rechercher?brand=ferrari\">Ferrari<\/a>, les Maserati dont le cours s\u2019envole \u00e0 des dizaines de millions d\u2019euros\u00a0: on ne peut pas se permettre de ne pas \u00eatre pr\u00e9cis sur ce qu\u2019elles <strong>valent<\/strong>. Par ailleurs, comme il s\u2019agit de pi\u00e8ces r\u00e9tro, l\u2019\u00e9tat de conservation est un facteur qui a \u00e9galement une r\u00e9elle incidence sur la <b>valeur de la voiture<\/b>. Pour une Porsche 911 de 1963 par exemple, l\u2019\u00e9tat du ch\u00e2ssis, l\u2019\u00e9clat de la peinture, le nombre de propri\u00e9taires qui se sont succ\u00e9d\u00e9s vont \u00eatre autant de donn\u00e9es qui vont impliquer de revoir \u00e0 la hausse ou \u00e0 la baisse la <strong>valeur<\/strong> que vous lui accordez. Loueur, locataire ou simple curieux, voici quelques astuces pour se faire une id\u00e9e pointue de la <b>valeur d\u2019une ancienne<\/b>. Que l\u2019on parle d\u2019une Maserati Quattroporte 4200 de 1964 ou d\u2019une Coccinelle plus populaire, le m\u00e9canisme est le m\u00eame.<\/p>\t\t\t\t\t\t\t\t<\/div>\n\t\t\t\t<\/div>\n\t\t\t\t<div class=\"elementor-element elementor-element-fd492cd elementor-widget elementor-widget-image\" data-id=\"fd492cd\" data-element_type=\"widget\" data-widget_type=\"image.default\">\n\t\t\t\t<div class=\"elementor-widget-container\">\n\t\t\t\t\t\t\t\t\t\t\t\t\t\t\t<img fetchpriority=\"high\" decoding=\"async\" width=\"1000\" height=\"667\" src=\"https:\/\/www.wedrivit.com\/blog\/wp-content\/uploads\/2020\/09\/auto-3095196_1920-1000x667.jpg\" class=\"attachment-large size-large wp-image-934\" alt=\"Valeur voiture de collection\" srcset=\"https:\/\/www.wedrivit.com\/blog\/wp-content\/uploads\/2020\/09\/auto-3095196_1920-1000x667.jpg 1000w, https:\/\/www.wedrivit.com\/blog\/wp-content\/uploads\/2020\/09\/auto-3095196_1920-300x200.jpg 300w, https:\/\/www.wedrivit.com\/blog\/wp-content\/uploads\/2020\/09\/auto-3095196_1920-768x512.jpg 768w, https:\/\/www.wedrivit.com\/blog\/wp-content\/uploads\/2020\/09\/auto-3095196_1920-1536x1024.jpg 1536w, https:\/\/www.wedrivit.com\/blog\/wp-content\/uploads\/2020\/09\/auto-3095196_1920-500x333.jpg 500w, https:\/\/www.wedrivit.com\/blog\/wp-content\/uploads\/2020\/09\/auto-3095196_1920-1024x683.jpg 1024w, https:\/\/www.wedrivit.com\/blog\/wp-content\/uploads\/2020\/09\/auto-3095196_1920.jpg 1920w\" sizes=\"(max-width: 1000px) 100vw, 1000px\" \/>\t\t\t\t\t\t\t\t\t\t\t\t\t\t\t<\/div>\n\t\t\t\t<\/div>\n\t\t\t\t\t<\/div>\n\t\t<\/div>\n\t\t\t\t\t<\/div>\n\t\t<\/section>\n\t\t\t\t<section class=\"elementor-section elementor-top-section elementor-element elementor-element-1cf7b2d elementor-section-boxed elementor-section-height-default elementor-section-height-default\" data-id=\"1cf7b2d\" data-element_type=\"section\">\n\t\t\t\t\t\t<div class=\"elementor-container elementor-column-gap-default\">\n\t\t\t\t\t<div class=\"elementor-column elementor-col-100 elementor-top-column elementor-element elementor-element-3e8c1db\" data-id=\"3e8c1db\" data-element_type=\"column\">\n\t\t\t<div class=\"elementor-widget-wrap elementor-element-populated\">\n\t\t\t\t\t\t<div class=\"elementor-element elementor-element-b925b73 elementor-widget elementor-widget-heading\" data-id=\"b925b73\" data-element_type=\"widget\" data-widget_type=\"heading.default\">\n\t\t\t\t<div class=\"elementor-widget-container\">\n\t\t\t\t\t<h2 class=\"elementor-heading-title elementor-size-default\">Conna\u00eetre la cote de la voiture de collection \n<\/h2>\t\t\t\t<\/div>\n\t\t\t\t<\/div>\n\t\t\t\t<div class=\"elementor-element elementor-element-7604f1b elementor-widget elementor-widget-text-editor\" data-id=\"7604f1b\" data-element_type=\"widget\" data-widget_type=\"text-editor.default\">\n\t\t\t\t<div class=\"elementor-widget-container\">\n\t\t\t\t\t\t\t\t\t<p>La cote d\u2019une<strong> automobi<\/strong><b>le de collection<\/b><span style=\"font-weight: 400;\"> n\u2019est pas une donn\u00e9e absolue inscrite dans le marbre, elle est conditionn\u00e9e par des crit\u00e8res stricts mais susceptibles de faire varier cette <strong>cote<\/strong> dans le temps. En ce sens, les petites annonces et les ventes aux ench\u00e8res fournissent des <\/span><strong>cotes<\/strong> de r\u00e9f\u00e9rence<span style=\"font-weight: 400;\"> chaque ann\u00e9e et constituent un ind\u00e9niable indicateur dont les experts se servent\u00a0: ceux-ci r\u00e9alisent leurs <\/span>estimations<span style=\"font-weight: 400;\"> sur la base d\u2019\u00e9l\u00e9ments palpables (marque, motorisation, mod\u00e8le, raret\u00e9, ann\u00e9e) mais aussi \u00e0 partir de la demande des collectionneurs, demande ais\u00e9ment perceptible dans les salles de vente. Certaines caract\u00e9ristiques apparaissant comme subjectives jouent souvent un r\u00f4le dans l\u2019\u00e9tablissement d\u2019une estimation: parce que le march\u00e9 d\u00e9borde de voitures en provenance de pays anglo-saxons, les v\u00e9hicules d\u2019origine fran\u00e7aise sont tr\u00e8s pris\u00e9s par exemple. De la m\u00eame mani\u00e8re, l\u2019imaginaire autour d\u2019un vieux bolide, l\u2019association de sa silhouette \u00e0 un film ou \u00e0 une personnalit\u00e9 historique provoquent l\u2019escalade de sa valeur\u00a0: c\u2019est notamment le cas de la <\/span><a href=\"https:\/\/www.classic-hub.com\/rechercher\/?location=Citro%C3%ABn_DS\">Citro\u00ebn DS<\/a><span style=\"font-weight: 400;\">, voiture pr\u00e9sidentielle du G\u00e9n\u00e9ral De Gaulle. Mais prendre la temp\u00e9rature de la demande suppose de passer par d\u2019autres canaux que les salles de vente\u00a0: il faut int\u00e9grer un milieu, un v\u00e9ritable r\u00e9seau de connaisseurs auquel il est possible de se greffer par le biais de salons, de festivals, d\u2019expositions et de toute autre<\/span><b> <\/b>forme de rassemblements. Les prix du march\u00e9<span style=\"font-weight: 400;\"> se font aussi dans ces lieux, de mani\u00e8re informelle, dans des <\/span>transactions <span style=\"font-weight: 400;\">orchestr\u00e9es sans pr\u00e9sence d\u2019interm\u00e9diaires. <\/span><\/p>\t\t\t\t\t\t\t\t<\/div>\n\t\t\t\t<\/div>\n\t\t\t\t\t<\/div>\n\t\t<\/div>\n\t\t\t\t\t<\/div>\n\t\t<\/section>\n\t\t\t\t<section class=\"elementor-section elementor-top-section elementor-element elementor-element-489b83c elementor-section-boxed elementor-section-height-default elementor-section-height-default\" data-id=\"489b83c\" data-element_type=\"section\">\n\t\t\t\t\t\t<div class=\"elementor-container elementor-column-gap-default\">\n\t\t\t\t\t<div class=\"elementor-column elementor-col-100 elementor-top-column elementor-element elementor-element-87c2bf7\" data-id=\"87c2bf7\" data-element_type=\"column\">\n\t\t\t<div class=\"elementor-widget-wrap elementor-element-populated\">\n\t\t\t\t\t\t<div class=\"elementor-element elementor-element-76d5c57 elementor-widget elementor-widget-heading\" data-id=\"76d5c57\" data-element_type=\"widget\" data-widget_type=\"heading.default\">\n\t\t\t\t<div class=\"elementor-widget-container\">\n\t\t\t\t\t<h2 class=\"elementor-heading-title elementor-size-default\">Prendre en compte l\u2019\u00e9tat r\u00e9el de la voiture de collection pour fixer sa <b>valeur agr\u00e9\u00e9e<\/b>\n<\/h2>\t\t\t\t<\/div>\n\t\t\t\t<\/div>\n\t\t\t\t<div class=\"elementor-element elementor-element-a0b3707 elementor-widget elementor-widget-text-editor\" data-id=\"a0b3707\" data-element_type=\"widget\" data-widget_type=\"text-editor.default\">\n\t\t\t\t<div class=\"elementor-widget-container\">\n\t\t\t\t\t\t\t\t\t<p><span style=\"font-weight: 400;\">L\u2019expert intervient essentiellement au moment d\u2019\u00e9tablir la <\/span><b>valeur <\/b>agr\u00e9\u00e9e<span style=\"font-weight: 400;\"> du v\u00e9hicule c&rsquo;est-\u00e0-dire la <\/span><b>valeur<\/b><span style=\"font-weight: 400;\"> du bien d\u00e9finie avec l\u2019assureur. Le sp\u00e9cialiste pallie le caract\u00e8re parcellaire de la <strong>cote<\/strong> qui ne tient pas compte de l\u2019\u00e9tat de la voiture. Il faut donc proc\u00e9der \u00e0 un examen complet afin de d\u00e9finir cette donn\u00e9e demand\u00e9e par toutes les assurances en cas de sinistres. Dans le cas des <strong>anciennes voitures<\/strong>, les v\u00e9rifications portent sur la conformit\u00e9 de la carte grise, les factures d\u2019entretien, le kilom\u00e9trage, sur le fonctionnement de l\u2019habitacle et enfin sur la conformit\u00e9 d\u2019origine, qu\u2019il s\u2019agisse des \u00e9quipements, des cuirs ou des tissus. Paradoxalement, plus ces \u00e9l\u00e9ments sont d\u2019\u00e9poque, plus le prix grimpe. \u00c0 l\u2019inverse, des restaurations \u00e9ventuelles tireront le <\/span>prix<span style=\"font-weight: 400;\"> vers le bas\u00a0: si les si\u00e8ges ont \u00e9t\u00e9 chang\u00e9s, la voiture vaudra moins cher. Ainsi, les experts veillent \u00e0 observer scrupuleusement que la charte de Turin est respect\u00e9e, la charte \u00e9tant le cadre qui r\u00e9git la restauration et la r\u00e9paration de v\u00e9hicules historiques. L\u2019incidence de la conservation sur l\u2019estimation finale est cruciale\u00a0: la voiture peut gagner 40% de <strong>valeur<\/strong> si son \u00e9tat est vraiment impeccable et en perdre 80% si elle pr\u00e9sente trop de d\u00e9faillances, d\u2019endommagements ou m\u00eame de restaurations.\u00a0<\/span><\/p><p><span style=\"font-weight: 400;\">Les personnes qui d\u00e9sirent mettre leur <strong>voiture de collection<\/strong> sur des circuits de location entre particuliers doivent donc s\u2019assurer de la <strong>valeur<\/strong> mon\u00e9taire exacte de leur bien. \u00c0 la lumi\u00e8re de ces informations, il est \u00e9vident qu\u2019il faut avoir recours \u00e0 une proc\u00e9dure d\u2019expertise fiable. De nombreux outils en ligne effectuent le travail de collectes de donn\u00e9es, sondent l\u2019orientation du march\u00e9 et traitent des cas particuliers. Mais rien ne vaut l\u2019examen physique final\u00a0! <\/span><\/p>\t\t\t\t\t\t\t\t<\/div>\n\t\t\t\t<\/div>\n\t\t\t\t<div class=\"elementor-element elementor-element-595ccc0 elementor-widget elementor-widget-image\" data-id=\"595ccc0\" data-element_type=\"widget\" data-widget_type=\"image.default\">\n\t\t\t\t<div class=\"elementor-widget-container\">\n\t\t\t\t\t\t\t\t\t\t\t\t\t\t\t<img decoding=\"async\" width=\"1000\" height=\"667\" src=\"https:\/\/www.wedrivit.com\/blog\/wp-content\/uploads\/2020\/09\/car-repair-362150_1920-1000x667.jpg\" class=\"attachment-large size-large wp-image-935\" alt=\"Restauration de voiture vintage\" srcset=\"https:\/\/www.wedrivit.com\/blog\/wp-content\/uploads\/2020\/09\/car-repair-362150_1920-1000x667.jpg 1000w, https:\/\/www.wedrivit.com\/blog\/wp-content\/uploads\/2020\/09\/car-repair-362150_1920-300x200.jpg 300w, https:\/\/www.wedrivit.com\/blog\/wp-content\/uploads\/2020\/09\/car-repair-362150_1920-768x512.jpg 768w, https:\/\/www.wedrivit.com\/blog\/wp-content\/uploads\/2020\/09\/car-repair-362150_1920-1536x1024.jpg 1536w, https:\/\/www.wedrivit.com\/blog\/wp-content\/uploads\/2020\/09\/car-repair-362150_1920-500x333.jpg 500w, https:\/\/www.wedrivit.com\/blog\/wp-content\/uploads\/2020\/09\/car-repair-362150_1920-1024x683.jpg 1024w, https:\/\/www.wedrivit.com\/blog\/wp-content\/uploads\/2020\/09\/car-repair-362150_1920.jpg 1920w\" sizes=\"(max-width: 1000px) 100vw, 1000px\" \/>\t\t\t\t\t\t\t\t\t\t\t\t\t\t\t<\/div>\n\t\t\t\t<\/div>\n\t\t\t\t\t<\/div>\n\t\t<\/div>\n\t\t\t\t\t<\/div>\n\t\t<\/section>\n\t\t\t\t<section class=\"elementor-section elementor-top-section elementor-element elementor-element-b6e4fa8 elementor-section-boxed elementor-section-height-default elementor-section-height-default\" data-id=\"b6e4fa8\" data-element_type=\"section\">\n\t\t\t\t\t\t<div class=\"elementor-container elementor-column-gap-default\">\n\t\t\t\t\t<div class=\"elementor-column elementor-col-100 elementor-top-column elementor-element elementor-element-e567faf\" data-id=\"e567faf\" data-element_type=\"column\">\n\t\t\t<div class=\"elementor-widget-wrap elementor-element-populated\">\n\t\t\t\t\t\t<div class=\"elementor-element elementor-element-ab5481f elementor-widget elementor-widget-text-editor\" data-id=\"ab5481f\" data-element_type=\"widget\" data-widget_type=\"text-editor.default\">\n\t\t\t\t<div class=\"elementor-widget-container\">\n\t\t\t\t\t\t\t\t\t<p>Une fois que <strong>l&rsquo;estimation<\/strong> de votre <strong>voiture de collection<\/strong> sera faite il sera plus facile pour vous de r\u00e9diger une annonce claire et juste pour sa location. De cette fa\u00e7on vous pourrez la louer et amortir certains co\u00fbts.\u00a0<\/p><p>Lisez aussi :\u00a0<\/p><blockquote><p><a href=\"http:\/\/wedrivit.com\/blog\/voiture\/collection\/comment-rediger-une-bonne-annonce-wedrivit\">Comment r\u00e9diger une annonce<\/a><\/p><p><a href=\"http:\/\/wedrivit.com\/blog\/voiture\/collection\/guide-du-proprietaire\/\">Le guide du propri\u00e9taire<\/a><\/p><\/blockquote>\t\t\t\t\t\t\t\t<\/div>\n\t\t\t\t<\/div>\n\t\t\t\t<div class=\"elementor-element elementor-element-c1322ca elementor-widget elementor-widget-spacer\" data-id=\"c1322ca\" data-element_type=\"widget\" data-widget_type=\"spacer.default\">\n\t\t\t\t<div class=\"elementor-widget-container\">\n\t\t\t\t\t\t\t<div class=\"elementor-spacer\">\n\t\t\t<div class=\"elementor-spacer-inner\"><\/div>\n\t\t<\/div>\n\t\t\t\t\t\t<\/div>\n\t\t\t\t<\/div>\n\t\t\t\t\t<\/div>\n\t\t<\/div>\n\t\t\t\t\t<\/div>\n\t\t<\/section>\n\t\t\t\t<section class=\"elementor-section elementor-top-section elementor-element elementor-element-28063a3 elementor-section-boxed elementor-section-height-default elementor-section-height-default\" data-id=\"28063a3\" data-element_type=\"section\">\n\t\t\t\t\t\t<div class=\"elementor-container elementor-column-gap-default\">\n\t\t\t\t\t<div class=\"elementor-column elementor-col-100 elementor-top-column elementor-element elementor-element-01e32ca\" data-id=\"01e32ca\" data-element_type=\"column\">\n\t\t\t<div class=\"elementor-widget-wrap elementor-element-populated\">\n\t\t\t\t\t\t<div class=\"elementor-element elementor-element-2c51080 elementor-align-center elementor-widget elementor-widget-button\" data-id=\"2c51080\" data-element_type=\"widget\" data-widget_type=\"button.default\">\n\t\t\t\t<div class=\"elementor-widget-container\">\n\t\t\t\t\t\t\t\t\t<div class=\"elementor-button-wrapper\">\n\t\t\t\t\t<a class=\"elementor-button elementor-button-link elementor-size-sm\" href=\"https:\/\/www.wedrivit.com\/rechercher\">\n\t\t\t\t\t\t<span class=\"elementor-button-content-wrapper\">\n\t\t\t\t\t\t\t\t\t<span class=\"elementor-button-text\">Voir la valleur d'une voiture de collection<\/span>\n\t\t\t\t\t<\/span>\n\t\t\t\t\t<\/a>\n\t\t\t\t<\/div>\n\t\t\t\t\t\t\t\t<\/div>\n\t\t\t\t<\/div>\n\t\t\t\t\t<\/div>\n\t\t<\/div>\n\t\t\t\t\t<\/div>\n\t\t<\/section>\n\t\t\t\t<\/div>\n\t\t","protected":false},"excerpt":{"rendered":"<p>Comment estimer la valeur de son v\u00e9hicule de collection ?<\/p>\n","protected":false},"author":7,"featured_media":934,"comment_status":"open","ping_status":"open","sticky":false,"template":"","format":"standard","meta":{"footnotes":""},"categories":[10],"tags":[],"class_list":["post-932","post","type-post","status-publish","format-standard","has-post-thumbnail","hentry","category-conseils-pratiques"],"yoast_head":"<!-- This site is optimized with the Yoast SEO plugin v26.9 - https:\/\/yoast.com\/product\/yoast-seo-wordpress\/ -->\n<title>Estimer la valeur de son v\u00e9hicule de collection - Wedrivit<\/title>\n<meta name=\"description\" content=\"Comment estimer la valeur de son v\u00e9hicule de collection ? Voici nos conseils pour proposer un prix de location ad\u00e9quat sur notre plateforme.\" \/>\n<meta name=\"robots\" content=\"index, follow, max-snippet:-1, max-image-preview:large, max-video-preview:-1\" \/>\n<link rel=\"canonical\" href=\"https:\/\/www.wedrivit.com\/blog\/voiture\/collection\/estimer-la-valeur-de-son-vehicule-de-collection\" \/>\n<meta property=\"og:locale\" content=\"fr_FR\" \/>\n<meta property=\"og:type\" content=\"article\" \/>\n<meta property=\"og:title\" content=\"Estimer la valeur de son v\u00e9hicule de collection - Wedrivit\" \/>\n<meta property=\"og:description\" content=\"Comment estimer la valeur de son v\u00e9hicule de collection ? Voici nos conseils pour proposer un prix de location ad\u00e9quat sur notre plateforme.\" \/>\n<meta property=\"og:url\" content=\"https:\/\/www.wedrivit.com\/blog\/voiture\/collection\/estimer-la-valeur-de-son-vehicule-de-collection\" \/>\n<meta property=\"og:site_name\" content=\"Le blog des voitures de collection par Wedrivit\" \/>\n<meta property=\"article:published_time\" content=\"2020-09-15T07:41:42+00:00\" \/>\n<meta property=\"article:modified_time\" content=\"2022-07-28T09:05:57+00:00\" \/>\n<meta property=\"og:image\" content=\"https:\/\/www.wedrivit.com\/blog\/wp-content\/uploads\/2020\/09\/auto-3095196_1920.jpg\" \/>\n\t<meta property=\"og:image:width\" content=\"1920\" \/>\n\t<meta property=\"og:image:height\" content=\"1280\" \/>\n\t<meta property=\"og:image:type\" content=\"image\/jpeg\" \/>\n<meta name=\"author\" content=\"Flamine de Saporta\" \/>\n<meta name=\"twitter:card\" content=\"summary_large_image\" \/>\n<meta name=\"twitter:label1\" content=\"\u00c9crit par\" \/>\n\t<meta name=\"twitter:data1\" content=\"Flamine de Saporta\" \/>\n\t<meta name=\"twitter:label2\" content=\"Dur\u00e9e de lecture estim\u00e9e\" \/>\n\t<meta name=\"twitter:data2\" content=\"5 minutes\" \/>\n<script type=\"application\/ld+json\" class=\"yoast-schema-graph\">{\"@context\":\"https:\/\/schema.org\",\"@graph\":[{\"@type\":\"Article\",\"@id\":\"https:\/\/www.wedrivit.com\/blog\/voiture\/collection\/estimer-la-valeur-de-son-vehicule-de-collection#article\",\"isPartOf\":{\"@id\":\"https:\/\/www.wedrivit.com\/blog\/voiture\/collection\/estimer-la-valeur-de-son-vehicule-de-collection\"},\"author\":{\"name\":\"Flamine de Saporta\",\"@id\":\"https:\/\/www.wedrivit.com\/blog\/#\/schema\/person\/efeb211c416859c98fe4d0033fc98022\"},\"headline\":\"Comment estimer la valeur de son v\u00e9hicule de collection ?\",\"datePublished\":\"2020-09-15T07:41:42+00:00\",\"dateModified\":\"2022-07-28T09:05:57+00:00\",\"mainEntityOfPage\":{\"@id\":\"https:\/\/www.wedrivit.com\/blog\/voiture\/collection\/estimer-la-valeur-de-son-vehicule-de-collection\"},\"wordCount\":1022,\"commentCount\":0,\"publisher\":{\"@id\":\"https:\/\/www.wedrivit.com\/blog\/#organization\"},\"image\":{\"@id\":\"https:\/\/www.wedrivit.com\/blog\/voiture\/collection\/estimer-la-valeur-de-son-vehicule-de-collection#primaryimage\"},\"thumbnailUrl\":\"https:\/\/www.wedrivit.com\/blog\/wp-content\/uploads\/2020\/09\/auto-3095196_1920.jpg\",\"articleSection\":[\"Conseils\"],\"inLanguage\":\"fr-FR\",\"potentialAction\":[{\"@type\":\"CommentAction\",\"name\":\"Comment\",\"target\":[\"https:\/\/www.wedrivit.com\/blog\/voiture\/collection\/estimer-la-valeur-de-son-vehicule-de-collection#respond\"]}]},{\"@type\":\"WebPage\",\"@id\":\"https:\/\/www.wedrivit.com\/blog\/voiture\/collection\/estimer-la-valeur-de-son-vehicule-de-collection\",\"url\":\"https:\/\/www.wedrivit.com\/blog\/voiture\/collection\/estimer-la-valeur-de-son-vehicule-de-collection\",\"name\":\"Estimer la valeur de son v\u00e9hicule de collection - Wedrivit\",\"isPartOf\":{\"@id\":\"https:\/\/www.wedrivit.com\/blog\/#website\"},\"primaryImageOfPage\":{\"@id\":\"https:\/\/www.wedrivit.com\/blog\/voiture\/collection\/estimer-la-valeur-de-son-vehicule-de-collection#primaryimage\"},\"image\":{\"@id\":\"https:\/\/www.wedrivit.com\/blog\/voiture\/collection\/estimer-la-valeur-de-son-vehicule-de-collection#primaryimage\"},\"thumbnailUrl\":\"https:\/\/www.wedrivit.com\/blog\/wp-content\/uploads\/2020\/09\/auto-3095196_1920.jpg\",\"datePublished\":\"2020-09-15T07:41:42+00:00\",\"dateModified\":\"2022-07-28T09:05:57+00:00\",\"description\":\"Comment estimer la valeur de son v\u00e9hicule de collection ? Voici nos conseils pour proposer un prix de location ad\u00e9quat sur notre plateforme.\",\"breadcrumb\":{\"@id\":\"https:\/\/www.wedrivit.com\/blog\/voiture\/collection\/estimer-la-valeur-de-son-vehicule-de-collection#breadcrumb\"},\"inLanguage\":\"fr-FR\",\"potentialAction\":[{\"@type\":\"ReadAction\",\"target\":[\"https:\/\/www.wedrivit.com\/blog\/voiture\/collection\/estimer-la-valeur-de-son-vehicule-de-collection\"]}]},{\"@type\":\"ImageObject\",\"inLanguage\":\"fr-FR\",\"@id\":\"https:\/\/www.wedrivit.com\/blog\/voiture\/collection\/estimer-la-valeur-de-son-vehicule-de-collection#primaryimage\",\"url\":\"https:\/\/www.wedrivit.com\/blog\/wp-content\/uploads\/2020\/09\/auto-3095196_1920.jpg\",\"contentUrl\":\"https:\/\/www.wedrivit.com\/blog\/wp-content\/uploads\/2020\/09\/auto-3095196_1920.jpg\",\"width\":1920,\"height\":1280,\"caption\":\"Valeur voiture de collection\"},{\"@type\":\"BreadcrumbList\",\"@id\":\"https:\/\/www.wedrivit.com\/blog\/voiture\/collection\/estimer-la-valeur-de-son-vehicule-de-collection#breadcrumb\",\"itemListElement\":[{\"@type\":\"ListItem\",\"position\":1,\"name\":\"Home\",\"item\":\"https:\/\/www.wedrivit.com\/blog\/\"},{\"@type\":\"ListItem\",\"position\":2,\"name\":\"Comment estimer la valeur de son v\u00e9hicule de collection ?\"}]},{\"@type\":\"WebSite\",\"@id\":\"https:\/\/www.wedrivit.com\/blog\/#website\",\"url\":\"https:\/\/www.wedrivit.com\/blog\/\",\"name\":\"Le blog des voitures de collection par Wedrivit\",\"description\":\"Tout savoir sur les voitures anciennes grace \u00e0 Wedrivit, la plateforme de location de voitures anciennes entre particuliers.\",\"publisher\":{\"@id\":\"https:\/\/www.wedrivit.com\/blog\/#organization\"},\"potentialAction\":[{\"@type\":\"SearchAction\",\"target\":{\"@type\":\"EntryPoint\",\"urlTemplate\":\"https:\/\/www.wedrivit.com\/blog\/?s={search_term_string}\"},\"query-input\":{\"@type\":\"PropertyValueSpecification\",\"valueRequired\":true,\"valueName\":\"search_term_string\"}}],\"inLanguage\":\"fr-FR\"},{\"@type\":\"Organization\",\"@id\":\"https:\/\/www.wedrivit.com\/blog\/#organization\",\"name\":\"Le blog des voitures de collection par Wedrivit\",\"url\":\"https:\/\/www.wedrivit.com\/blog\/\",\"logo\":{\"@type\":\"ImageObject\",\"inLanguage\":\"fr-FR\",\"@id\":\"https:\/\/www.wedrivit.com\/blog\/#\/schema\/logo\/image\/\",\"url\":\"https:\/\/www.wedrivit.com\/blog\/wp-content\/uploads\/2024\/12\/wedrivit-blanc-large-2.png\",\"contentUrl\":\"https:\/\/www.wedrivit.com\/blog\/wp-content\/uploads\/2024\/12\/wedrivit-blanc-large-2.png\",\"caption\":\"Le blog des voitures de collection par Wedrivit\"},\"image\":{\"@id\":\"https:\/\/www.wedrivit.com\/blog\/#\/schema\/logo\/image\/\"}},{\"@type\":\"Person\",\"@id\":\"https:\/\/www.wedrivit.com\/blog\/#\/schema\/person\/efeb211c416859c98fe4d0033fc98022\",\"name\":\"Flamine de Saporta\",\"image\":{\"@type\":\"ImageObject\",\"inLanguage\":\"fr-FR\",\"@id\":\"https:\/\/www.wedrivit.com\/blog\/#\/schema\/person\/image\/\",\"url\":\"https:\/\/secure.gravatar.com\/avatar\/9a22fe089ad21b5332823537abcce33fb53c30c7dbc22bfffd408e152ea1e581?s=96&d=mm&r=g\",\"contentUrl\":\"https:\/\/secure.gravatar.com\/avatar\/9a22fe089ad21b5332823537abcce33fb53c30c7dbc22bfffd408e152ea1e581?s=96&d=mm&r=g\",\"caption\":\"Flamine de Saporta\"},\"sameAs\":[\"https:\/\/classic-hub.com\"],\"url\":\"https:\/\/www.wedrivit.com\/blog\/voiture\/collection\/author\/flamine-de-saporta\"}]}<\/script>\n<!-- \/ Yoast SEO plugin. -->","yoast_head_json":{"title":"Estimer la valeur de son v\u00e9hicule de collection - Wedrivit","description":"Comment estimer la valeur de son v\u00e9hicule de collection ? Voici nos conseils pour proposer un prix de location ad\u00e9quat sur notre plateforme.","robots":{"index":"index","follow":"follow","max-snippet":"max-snippet:-1","max-image-preview":"max-image-preview:large","max-video-preview":"max-video-preview:-1"},"canonical":"https:\/\/www.wedrivit.com\/blog\/voiture\/collection\/estimer-la-valeur-de-son-vehicule-de-collection","og_locale":"fr_FR","og_type":"article","og_title":"Estimer la valeur de son v\u00e9hicule de collection - Wedrivit","og_description":"Comment estimer la valeur de son v\u00e9hicule de collection ? Voici nos conseils pour proposer un prix de location ad\u00e9quat sur notre plateforme.","og_url":"https:\/\/www.wedrivit.com\/blog\/voiture\/collection\/estimer-la-valeur-de-son-vehicule-de-collection","og_site_name":"Le blog des voitures de collection par Wedrivit","article_published_time":"2020-09-15T07:41:42+00:00","article_modified_time":"2022-07-28T09:05:57+00:00","og_image":[{"width":1920,"height":1280,"url":"https:\/\/www.wedrivit.com\/blog\/wp-content\/uploads\/2020\/09\/auto-3095196_1920.jpg","type":"image\/jpeg"}],"author":"Flamine de Saporta","twitter_card":"summary_large_image","twitter_misc":{"\u00c9crit par":"Flamine de Saporta","Dur\u00e9e de lecture estim\u00e9e":"5 minutes"},"schema":{"@context":"https:\/\/schema.org","@graph":[{"@type":"Article","@id":"https:\/\/www.wedrivit.com\/blog\/voiture\/collection\/estimer-la-valeur-de-son-vehicule-de-collection#article","isPartOf":{"@id":"https:\/\/www.wedrivit.com\/blog\/voiture\/collection\/estimer-la-valeur-de-son-vehicule-de-collection"},"author":{"name":"Flamine de Saporta","@id":"https:\/\/www.wedrivit.com\/blog\/#\/schema\/person\/efeb211c416859c98fe4d0033fc98022"},"headline":"Comment estimer la valeur de son v\u00e9hicule de collection ?","datePublished":"2020-09-15T07:41:42+00:00","dateModified":"2022-07-28T09:05:57+00:00","mainEntityOfPage":{"@id":"https:\/\/www.wedrivit.com\/blog\/voiture\/collection\/estimer-la-valeur-de-son-vehicule-de-collection"},"wordCount":1022,"commentCount":0,"publisher":{"@id":"https:\/\/www.wedrivit.com\/blog\/#organization"},"image":{"@id":"https:\/\/www.wedrivit.com\/blog\/voiture\/collection\/estimer-la-valeur-de-son-vehicule-de-collection#primaryimage"},"thumbnailUrl":"https:\/\/www.wedrivit.com\/blog\/wp-content\/uploads\/2020\/09\/auto-3095196_1920.jpg","articleSection":["Conseils"],"inLanguage":"fr-FR","potentialAction":[{"@type":"CommentAction","name":"Comment","target":["https:\/\/www.wedrivit.com\/blog\/voiture\/collection\/estimer-la-valeur-de-son-vehicule-de-collection#respond"]}]},{"@type":"WebPage","@id":"https:\/\/www.wedrivit.com\/blog\/voiture\/collection\/estimer-la-valeur-de-son-vehicule-de-collection","url":"https:\/\/www.wedrivit.com\/blog\/voiture\/collection\/estimer-la-valeur-de-son-vehicule-de-collection","name":"Estimer la valeur de son v\u00e9hicule de collection - Wedrivit","isPartOf":{"@id":"https:\/\/www.wedrivit.com\/blog\/#website"},"primaryImageOfPage":{"@id":"https:\/\/www.wedrivit.com\/blog\/voiture\/collection\/estimer-la-valeur-de-son-vehicule-de-collection#primaryimage"},"image":{"@id":"https:\/\/www.wedrivit.com\/blog\/voiture\/collection\/estimer-la-valeur-de-son-vehicule-de-collection#primaryimage"},"thumbnailUrl":"https:\/\/www.wedrivit.com\/blog\/wp-content\/uploads\/2020\/09\/auto-3095196_1920.jpg","datePublished":"2020-09-15T07:41:42+00:00","dateModified":"2022-07-28T09:05:57+00:00","description":"Comment estimer la valeur de son v\u00e9hicule de collection ? Voici nos conseils pour proposer un prix de location ad\u00e9quat sur notre plateforme.","breadcrumb":{"@id":"https:\/\/www.wedrivit.com\/blog\/voiture\/collection\/estimer-la-valeur-de-son-vehicule-de-collection#breadcrumb"},"inLanguage":"fr-FR","potentialAction":[{"@type":"ReadAction","target":["https:\/\/www.wedrivit.com\/blog\/voiture\/collection\/estimer-la-valeur-de-son-vehicule-de-collection"]}]},{"@type":"ImageObject","inLanguage":"fr-FR","@id":"https:\/\/www.wedrivit.com\/blog\/voiture\/collection\/estimer-la-valeur-de-son-vehicule-de-collection#primaryimage","url":"https:\/\/www.wedrivit.com\/blog\/wp-content\/uploads\/2020\/09\/auto-3095196_1920.jpg","contentUrl":"https:\/\/www.wedrivit.com\/blog\/wp-content\/uploads\/2020\/09\/auto-3095196_1920.jpg","width":1920,"height":1280,"caption":"Valeur voiture de collection"},{"@type":"BreadcrumbList","@id":"https:\/\/www.wedrivit.com\/blog\/voiture\/collection\/estimer-la-valeur-de-son-vehicule-de-collection#breadcrumb","itemListElement":[{"@type":"ListItem","position":1,"name":"Home","item":"https:\/\/www.wedrivit.com\/blog\/"},{"@type":"ListItem","position":2,"name":"Comment estimer la valeur de son v\u00e9hicule de collection ?"}]},{"@type":"WebSite","@id":"https:\/\/www.wedrivit.com\/blog\/#website","url":"https:\/\/www.wedrivit.com\/blog\/","name":"Le blog des voitures de collection par Wedrivit","description":"Tout savoir sur les voitures anciennes grace \u00e0 Wedrivit, la plateforme de location de voitures anciennes entre particuliers.","publisher":{"@id":"https:\/\/www.wedrivit.com\/blog\/#organization"},"potentialAction":[{"@type":"SearchAction","target":{"@type":"EntryPoint","urlTemplate":"https:\/\/www.wedrivit.com\/blog\/?s={search_term_string}"},"query-input":{"@type":"PropertyValueSpecification","valueRequired":true,"valueName":"search_term_string"}}],"inLanguage":"fr-FR"},{"@type":"Organization","@id":"https:\/\/www.wedrivit.com\/blog\/#organization","name":"Le blog des voitures de collection par Wedrivit","url":"https:\/\/www.wedrivit.com\/blog\/","logo":{"@type":"ImageObject","inLanguage":"fr-FR","@id":"https:\/\/www.wedrivit.com\/blog\/#\/schema\/logo\/image\/","url":"https:\/\/www.wedrivit.com\/blog\/wp-content\/uploads\/2024\/12\/wedrivit-blanc-large-2.png","contentUrl":"https:\/\/www.wedrivit.com\/blog\/wp-content\/uploads\/2024\/12\/wedrivit-blanc-large-2.png","caption":"Le blog des voitures de collection par Wedrivit"},"image":{"@id":"https:\/\/www.wedrivit.com\/blog\/#\/schema\/logo\/image\/"}},{"@type":"Person","@id":"https:\/\/www.wedrivit.com\/blog\/#\/schema\/person\/efeb211c416859c98fe4d0033fc98022","name":"Flamine de Saporta","image":{"@type":"ImageObject","inLanguage":"fr-FR","@id":"https:\/\/www.wedrivit.com\/blog\/#\/schema\/person\/image\/","url":"https:\/\/secure.gravatar.com\/avatar\/9a22fe089ad21b5332823537abcce33fb53c30c7dbc22bfffd408e152ea1e581?s=96&d=mm&r=g","contentUrl":"https:\/\/secure.gravatar.com\/avatar\/9a22fe089ad21b5332823537abcce33fb53c30c7dbc22bfffd408e152ea1e581?s=96&d=mm&r=g","caption":"Flamine de Saporta"},"sameAs":["https:\/\/classic-hub.com"],"url":"https:\/\/www.wedrivit.com\/blog\/voiture\/collection\/author\/flamine-de-saporta"}]}},"_links":{"self":[{"href":"https:\/\/www.wedrivit.com\/blog\/wp-json\/wp\/v2\/posts\/932","targetHints":{"allow":["GET"]}}],"collection":[{"href":"https:\/\/www.wedrivit.com\/blog\/wp-json\/wp\/v2\/posts"}],"about":[{"href":"https:\/\/www.wedrivit.com\/blog\/wp-json\/wp\/v2\/types\/post"}],"author":[{"embeddable":true,"href":"https:\/\/www.wedrivit.com\/blog\/wp-json\/wp\/v2\/users\/7"}],"replies":[{"embeddable":true,"href":"https:\/\/www.wedrivit.com\/blog\/wp-json\/wp\/v2\/comments?post=932"}],"version-history":[{"count":29,"href":"https:\/\/www.wedrivit.com\/blog\/wp-json\/wp\/v2\/posts\/932\/revisions"}],"predecessor-version":[{"id":8312,"href":"https:\/\/www.wedrivit.com\/blog\/wp-json\/wp\/v2\/posts\/932\/revisions\/8312"}],"wp:featuredmedia":[{"embeddable":true,"href":"https:\/\/www.wedrivit.com\/blog\/wp-json\/wp\/v2\/media\/934"}],"wp:attachment":[{"href":"https:\/\/www.wedrivit.com\/blog\/wp-json\/wp\/v2\/media?parent=932"}],"wp:term":[{"taxonomy":"category","embeddable":true,"href":"https:\/\/www.wedrivit.com\/blog\/wp-json\/wp\/v2\/categories?post=932"},{"taxonomy":"post_tag","embeddable":true,"href":"https:\/\/www.wedrivit.com\/blog\/wp-json\/wp\/v2\/tags?post=932"}],"curies":[{"name":"wp","href":"https:\/\/api.w.org\/{rel}","templated":true}]}}