{"id":9270,"date":"2023-05-15T09:50:24","date_gmt":"2023-05-15T07:50:24","guid":{"rendered":"https:\/\/www.wedrivit.com\/blog\/?p=9270"},"modified":"2025-05-30T11:49:14","modified_gmt":"2025-05-30T09:49:14","slug":"la-fiscalite-dans-le-milieu-des-voitures-de-collection","status":"publish","type":"post","link":"https:\/\/www.wedrivit.com\/blog\/voiture\/collection\/la-fiscalite-dans-le-milieu-des-voitures-de-collection","title":{"rendered":"La fiscalit\u00e9 dans le milieu des voitures de collection"},"content":{"rendered":"\t\t<div data-elementor-type=\"wp-post\" data-elementor-id=\"9270\" class=\"elementor elementor-9270\">\n\t\t\t\t\t\t<section class=\"elementor-section elementor-top-section elementor-element elementor-element-5d52a22 elementor-section-boxed elementor-section-height-default elementor-section-height-default\" data-id=\"5d52a22\" data-element_type=\"section\">\n\t\t\t\t\t\t<div class=\"elementor-container elementor-column-gap-default\">\n\t\t\t\t\t<div class=\"elementor-column elementor-col-100 elementor-top-column elementor-element elementor-element-666c1f1\" data-id=\"666c1f1\" data-element_type=\"column\">\n\t\t\t<div class=\"elementor-widget-wrap elementor-element-populated\">\n\t\t\t\t\t\t<div class=\"elementor-element elementor-element-473ad8b elementor-widget elementor-widget-text-editor\" data-id=\"473ad8b\" data-element_type=\"widget\" data-widget_type=\"text-editor.default\">\n\t\t\t\t<div class=\"elementor-widget-container\">\n\t\t\t\t\t\t\t\t\t<p>La <strong>vente d&rsquo;une voiture de collection<\/strong> n&rsquo;est pas vue aux yeux de l&rsquo;\u00e9tat comme une vente de voiture classique. En effet, un v\u00e9hicule poss\u00e9dant ce titre est consid\u00e9r\u00e9 comme <strong>un objet de collection et doit subir une taxe lors d&rsquo;un rachat<\/strong>. Pour \u00eatre s\u00fbr que vous ayez toutes les cartes en main si vous d\u00e9cidez de devenir revendeur, nous vous expliquons dans cet article tout ce que vous avez \u00e0 savoir sur cette taxe et plus g\u00e9n\u00e9ralement sur <strong>la fiscalit\u00e9 dans le milieu des voitures de collection<\/strong>.<\/p>\t\t\t\t\t\t\t\t<\/div>\n\t\t\t\t<\/div>\n\t\t\t\t\t<\/div>\n\t\t<\/div>\n\t\t\t\t\t<\/div>\n\t\t<\/section>\n\t\t\t\t<section class=\"elementor-section elementor-top-section elementor-element elementor-element-0c14944 elementor-section-boxed elementor-section-height-default elementor-section-height-default\" data-id=\"0c14944\" data-element_type=\"section\">\n\t\t\t\t\t\t<div class=\"elementor-container elementor-column-gap-default\">\n\t\t\t\t\t<div class=\"elementor-column elementor-col-100 elementor-top-column elementor-element elementor-element-f50a4e4\" data-id=\"f50a4e4\" data-element_type=\"column\">\n\t\t\t<div class=\"elementor-widget-wrap elementor-element-populated\">\n\t\t\t\t\t\t<div class=\"elementor-element elementor-element-b821e6e elementor-widget elementor-widget-heading\" data-id=\"b821e6e\" data-element_type=\"widget\" data-widget_type=\"heading.default\">\n\t\t\t\t<div class=\"elementor-widget-container\">\n\t\t\t\t\t<h2 class=\"elementor-heading-title elementor-size-default\">Taxe vente vehicule collection<\/h2>\t\t\t\t<\/div>\n\t\t\t\t<\/div>\n\t\t\t\t<div class=\"elementor-element elementor-element-9f10e52 elementor-widget elementor-widget-text-editor\" data-id=\"9f10e52\" data-element_type=\"widget\" data-widget_type=\"text-editor.default\">\n\t\t\t\t<div class=\"elementor-widget-container\">\n\t\t\t\t\t\t\t\t\t<p>Le gouvernement fran\u00e7ais \u00e9tabli que <strong>l&rsquo;imposition sur la plus-value s&rsquo;applique aux automobiles de collections<\/strong>. Les services fiscaux fran\u00e7ais consid\u00e8rent qu&rsquo;est dans cette cat\u00e9gorie :<\/p><p>&#8211; Les voitures <a href=\"https:\/\/www.wedrivit.com\/blog\/voiture\/collection\/comment-passer-vehicule-carte-grise-collection\/\">munies de la carte grise de collection<\/a>.<\/p><p>&#8211; Les v\u00e9hicules plus vieux de 30 ans qui sont d&rsquo;origine et dont la production a \u00e9t\u00e9 stopp\u00e9e.<\/p><p>&#8211; Les automobiles qui ont remport\u00e9 des prix \u00e0 de grande comp\u00e9tition.<\/p><p>Ainsi si vous \u00eates dans un de ces cas vous serez<strong> impos\u00e9 sur la plus-value de votre vente.<\/strong> Cependant, une exon\u00e9ration est possible dans les cas ou :<\/p><p>&#8211; La voiture de collection est vendue pour moins de 5000\u20ac<\/p><p>&#8211; L&rsquo;acheteur du v\u00e9hicule est un mus\u00e9e<\/p><p>&#8211; Le v\u00e9hicule est poss\u00e9d\u00e9 par le m\u00eame propri\u00e9taire depuis 22 ans (justificatif n\u00e9cessaire).<\/p><p>Il faut bien comprendre que votre v\u00e9hicule est vu par l&rsquo;\u00e9tat <strong>comme un objet de collection<\/strong> et que <strong>sa vente sera obligatoirement tax\u00e9e<\/strong> si vous ne respectez pas une des conditions d\u00e9crites plus hautes.<\/p>\t\t\t\t\t\t\t\t<\/div>\n\t\t\t\t<\/div>\n\t\t\t\t<div class=\"elementor-element elementor-element-22e6ea9 elementor-widget elementor-widget-image\" data-id=\"22e6ea9\" data-element_type=\"widget\" data-widget_type=\"image.default\">\n\t\t\t\t<div class=\"elementor-widget-container\">\n\t\t\t\t\t\t\t\t\t\t\t\t\t\t\t<img fetchpriority=\"high\" decoding=\"async\" width=\"1000\" height=\"750\" src=\"https:\/\/www.wedrivit.com\/blog\/wp-content\/uploads\/2023\/05\/1670236697288XnZunvBrL42MT7T3m1yGgpez1.jpg\" class=\"attachment-large size-large wp-image-9322\" alt=\"\" \/>\t\t\t\t\t\t\t\t\t\t\t\t\t\t\t<\/div>\n\t\t\t\t<\/div>\n\t\t\t\t\t<\/div>\n\t\t<\/div>\n\t\t\t\t\t<\/div>\n\t\t<\/section>\n\t\t\t\t<section class=\"elementor-section elementor-top-section elementor-element elementor-element-95998da elementor-section-boxed elementor-section-height-default elementor-section-height-default\" data-id=\"95998da\" data-element_type=\"section\">\n\t\t\t\t\t\t<div class=\"elementor-container elementor-column-gap-default\">\n\t\t\t\t\t<div class=\"elementor-column elementor-col-100 elementor-top-column elementor-element elementor-element-c80f7d1\" data-id=\"c80f7d1\" data-element_type=\"column\">\n\t\t\t<div class=\"elementor-widget-wrap elementor-element-populated\">\n\t\t\t\t\t\t<div class=\"elementor-element elementor-element-c7abe29 elementor-widget elementor-widget-image\" data-id=\"c7abe29\" data-element_type=\"widget\" data-widget_type=\"image.default\">\n\t\t\t\t<div class=\"elementor-widget-container\">\n\t\t\t\t\t\t\t\t\t\t\t\t\t\t\t\t<a href=\"https:\/\/www.wedrivit.com\/\">\n\t\t\t\t\t\t\t<img decoding=\"async\" width=\"760\" height=\"250\" src=\"https:\/\/www.wedrivit.com\/blog\/wp-content\/uploads\/2025\/05\/Banniere-wedrivit.png\" class=\"attachment-large size-large wp-image-10370\" alt=\"Banni\u00e8re wedrivit\" srcset=\"https:\/\/www.wedrivit.com\/blog\/wp-content\/uploads\/2025\/05\/Banniere-wedrivit.png 760w, https:\/\/www.wedrivit.com\/blog\/wp-content\/uploads\/2025\/05\/Banniere-wedrivit-300x99.png 300w\" sizes=\"(max-width: 760px) 100vw, 760px\" \/>\t\t\t\t\t\t\t\t<\/a>\n\t\t\t\t\t\t\t\t\t\t\t\t\t\t\t<\/div>\n\t\t\t\t<\/div>\n\t\t\t\t\t<\/div>\n\t\t<\/div>\n\t\t\t\t\t<\/div>\n\t\t<\/section>\n\t\t\t\t<section class=\"elementor-section elementor-top-section elementor-element elementor-element-57f2181 elementor-section-boxed elementor-section-height-default elementor-section-height-default\" data-id=\"57f2181\" data-element_type=\"section\">\n\t\t\t\t\t\t<div class=\"elementor-container elementor-column-gap-default\">\n\t\t\t\t\t<div class=\"elementor-column elementor-col-100 elementor-top-column elementor-element elementor-element-89e0c52\" data-id=\"89e0c52\" data-element_type=\"column\">\n\t\t\t<div class=\"elementor-widget-wrap elementor-element-populated\">\n\t\t\t\t\t\t<div class=\"elementor-element elementor-element-3fb4b9f elementor-widget elementor-widget-heading\" data-id=\"3fb4b9f\" data-element_type=\"widget\" data-widget_type=\"heading.default\">\n\t\t\t\t<div class=\"elementor-widget-container\">\n\t\t\t\t\t<h2 class=\"elementor-heading-title elementor-size-default\">De combien est la taxe sur les v\u00e9hicules de collection ? <\/h2>\t\t\t\t<\/div>\n\t\t\t\t<\/div>\n\t\t\t\t<div class=\"elementor-element elementor-element-1f6beb7 elementor-widget elementor-widget-text-editor\" data-id=\"1f6beb7\" data-element_type=\"widget\" data-widget_type=\"text-editor.default\">\n\t\t\t\t<div class=\"elementor-widget-container\">\n\t\t\t\t\t\t\t\t\t<p>Il existe <strong>deux possibilit\u00e9s de taxe<\/strong>, la<strong> forfaitaire<\/strong> ou <strong>l\u2019imposition sur la plus-value r\u00e9elle<\/strong>.<\/p><p>La premi\u00e8re est souvent la plus appr\u00e9ci\u00e9e car elle permet d&rsquo;\u00eatre en r\u00e8gle avec les services fiscaux sans besoin de pr\u00e9ciser le prix et la date d&rsquo;obtention de la voiture de collection. Elle est de 6% du prix de vente du v\u00e9hicule, \u00e0 cela il faut rajouter 0,5% de la contribution \u00e0 la R\u00e9duction de la Dette Sociale.<\/p><p><strong>L&rsquo;imposition sur la plus-value r\u00e9elle<\/strong> est de 36,2% sur la plus-value r\u00e9alis\u00e9e. Elle est aussi \u00e9lev\u00e9e car elle se divise en 19% d&rsquo;imp\u00f4ts et en 17,2% de pr\u00e9l\u00e8vements sociaux. Cependant, il faut d\u00e9duire <strong>un abattement de 5%<\/strong> par an \u00e0 compter la deuxi\u00e8me ann\u00e9e de la voiture de collection pour avoir le chiffre final.<\/p><p>\u00c0 noter que la plus-value r\u00e9elle se calcule avec la soustraction du prix d&rsquo;achat et <a href=\"https:\/\/www.wedrivit.com\/blog\/?p=8934&amp;preview=true&amp;_thumbnail_id=9116\">des factures de restauration<\/a>. De plus, il vous faudra toutes l<strong>es preuves d&rsquo;acquisition du v\u00e9hicule pour justifier des montants<\/strong>.<\/p><p>Si vous n&rsquo;\u00eates pas d\u00e9tenteur du v\u00e9hicule depuis tr\u00e8s longtemps, que vous avez fait les r\u00e9parations vous m\u00eames et que vous n&rsquo;avez aucune facture. Il sera certainement plus avantageux pour vous de passer par la taxe forfaitaire.<\/p><p>N\u00e9anmoins faire les deux calculs et comparer les r\u00e9sultats reste tout de m\u00eame conseiller.<\/p>\t\t\t\t\t\t\t\t<\/div>\n\t\t\t\t<\/div>\n\t\t\t\t<div class=\"elementor-element elementor-element-61b9418 elementor-widget elementor-widget-image\" data-id=\"61b9418\" data-element_type=\"widget\" data-widget_type=\"image.default\">\n\t\t\t\t<div class=\"elementor-widget-container\">\n\t\t\t\t\t\t\t\t\t\t\t\t\t\t\t<img decoding=\"async\" width=\"1000\" height=\"666\" src=\"https:\/\/www.wedrivit.com\/blog\/wp-content\/uploads\/2023\/05\/5vtFrNrRXUhqrNRdWfMsgA-dcf659de8b8b8d0ed1375c4013276b87-All_take_the_vehicle_aoff_the_road_before_seling-1100.jpg\" class=\"attachment-large size-large wp-image-9321\" alt=\"\" \/>\t\t\t\t\t\t\t\t\t\t\t\t\t\t\t<\/div>\n\t\t\t\t<\/div>\n\t\t\t\t\t<\/div>\n\t\t<\/div>\n\t\t\t\t\t<\/div>\n\t\t<\/section>\n\t\t\t\t<section class=\"elementor-section elementor-top-section elementor-element elementor-element-679ff16 elementor-section-boxed elementor-section-height-default elementor-section-height-default\" data-id=\"679ff16\" data-element_type=\"section\">\n\t\t\t\t\t\t<div class=\"elementor-container elementor-column-gap-default\">\n\t\t\t\t\t<div class=\"elementor-column elementor-col-100 elementor-top-column elementor-element elementor-element-e6457c6\" data-id=\"e6457c6\" data-element_type=\"column\">\n\t\t\t<div class=\"elementor-widget-wrap elementor-element-populated\">\n\t\t\t\t\t\t<div class=\"elementor-element elementor-element-4272b22 elementor-widget elementor-widget-heading\" data-id=\"4272b22\" data-element_type=\"widget\" data-widget_type=\"heading.default\">\n\t\t\t\t<div class=\"elementor-widget-container\">\n\t\t\t\t\t<h2 class=\"elementor-heading-title elementor-size-default\">Exemples concret de l'application des taxes<\/h2>\t\t\t\t<\/div>\n\t\t\t\t<\/div>\n\t\t\t\t<div class=\"elementor-element elementor-element-a3b40ca elementor-widget elementor-widget-text-editor\" data-id=\"a3b40ca\" data-element_type=\"widget\" data-widget_type=\"text-editor.default\">\n\t\t\t\t<div class=\"elementor-widget-container\">\n\t\t\t\t\t\t\t\t\t<p>Imaginons que vous achetez une Porsche 911 de 1984 \u00e0 55 000\u20ac en 2004 et que vous la revendez \u00e0 90 000\u20ac aujourd&rsquo;hui. Vous avez en votre possession toutes les factures et vous avez fait des travaux de 10 000\u20ac. Voici comment s&rsquo;appliquent les deux impositions :<\/p><p>&#8211; <strong>Taxes forfaitaires<\/strong> : 90 000\u20ac x 6,5% = 5 850 \u20ac<\/p><p>&#8211; <strong>Taxes sur la plus-value r\u00e9elle<\/strong> : 36,2% x (90 000 &#8211; 55 000 &#8211; 10 000) x (85% d\u2019abattement soit les 18 ans de possession) = 905 \u20ac<\/p><p>Dans cette situation l&rsquo;imposition sur la plus-value r\u00e9elle de la vente de votre<strong> voiture de collection<\/strong> est la meilleure solution. Mais dans d&rsquo;autres, la premi\u00e8re sera certainement la plus raisonnable. \u00c0 vous de voir ce qui vous convient le mieux.<\/p><p>Ce qui est sur en tout cas, c&rsquo;est que maintenant<strong> la fiscalit\u00e9 dans le milieu des voitures de collection<\/strong> n&rsquo;a plus de secret pour vous.<\/p>\t\t\t\t\t\t\t\t<\/div>\n\t\t\t\t<\/div>\n\t\t\t\t<div class=\"elementor-element elementor-element-7e8ca43 elementor-widget elementor-widget-image\" data-id=\"7e8ca43\" data-element_type=\"widget\" data-widget_type=\"image.default\">\n\t\t\t\t<div class=\"elementor-widget-container\">\n\t\t\t\t\t\t\t\t\t\t\t\t\t\t\t<img loading=\"lazy\" decoding=\"async\" width=\"750\" height=\"1000\" src=\"https:\/\/www.wedrivit.com\/blog\/wp-content\/uploads\/2023\/05\/168130585528382GH9OvwTQHHetJjpz0gUOZUe.jpg\" class=\"attachment-large size-large wp-image-9323\" alt=\"\" \/>\t\t\t\t\t\t\t\t\t\t\t\t\t\t\t<\/div>\n\t\t\t\t<\/div>\n\t\t\t\t\t<\/div>\n\t\t<\/div>\n\t\t\t\t\t<\/div>\n\t\t<\/section>\n\t\t\t\t<\/div>\n\t\t","protected":false},"excerpt":{"rendered":"<p>La vente d&rsquo;une voiture de collection n&rsquo;est pas vue aux yeux de l&rsquo;\u00e9tat comme une vente de voiture classique. En&hellip;<\/p>\n","protected":false},"author":22,"featured_media":9235,"comment_status":"open","ping_status":"open","sticky":false,"template":"","format":"standard","meta":{"footnotes":""},"categories":[17,1],"tags":[],"class_list":["post-9270","post","type-post","status-publish","format-standard","has-post-thumbnail","hentry","category-culture-automobile","category-tous-les-articles"],"yoast_head":"<!-- This site is optimized with the Yoast SEO plugin v26.9 - https:\/\/yoast.com\/product\/yoast-seo-wordpress\/ -->\n<title>Tout savoir sur La fiscalit\u00e9 dans le milieu des voitures de collection<\/title>\n<meta name=\"description\" content=\"Dans cet article nous vous expliquons tout ce que vous devez savoir sur la fiscalit\u00e9 dans le milieu des voitures de collection.\" \/>\n<meta name=\"robots\" content=\"index, follow, max-snippet:-1, max-image-preview:large, max-video-preview:-1\" \/>\n<link rel=\"canonical\" href=\"https:\/\/www.wedrivit.com\/blog\/voiture\/collection\/la-fiscalite-dans-le-milieu-des-voitures-de-collection\" \/>\n<meta property=\"og:locale\" content=\"fr_FR\" \/>\n<meta property=\"og:type\" content=\"article\" \/>\n<meta property=\"og:title\" content=\"Tout savoir sur La fiscalit\u00e9 dans le milieu des voitures de collection\" \/>\n<meta property=\"og:description\" content=\"Dans cet article nous vous expliquons tout ce que vous devez savoir sur la fiscalit\u00e9 dans le milieu des voitures de collection.\" \/>\n<meta property=\"og:url\" content=\"https:\/\/www.wedrivit.com\/blog\/voiture\/collection\/la-fiscalite-dans-le-milieu-des-voitures-de-collection\" \/>\n<meta property=\"og:site_name\" content=\"Le blog des voitures de collection par Wedrivit\" \/>\n<meta property=\"article:published_time\" content=\"2023-05-15T07:50:24+00:00\" \/>\n<meta property=\"article:modified_time\" content=\"2025-05-30T09:49:14+00:00\" \/>\n<meta property=\"og:image\" content=\"https:\/\/www.wedrivit.com\/blog\/wp-content\/uploads\/2023\/05\/H1118-L315962306_original.jpg\" \/>\n\t<meta property=\"og:image:width\" content=\"4000\" \/>\n\t<meta property=\"og:image:height\" content=\"2666\" \/>\n\t<meta property=\"og:image:type\" content=\"image\/jpeg\" \/>\n<meta name=\"author\" content=\"Guillaume Ogier\" \/>\n<meta name=\"twitter:card\" content=\"summary_large_image\" \/>\n<meta name=\"twitter:label1\" content=\"\u00c9crit par\" \/>\n\t<meta name=\"twitter:data1\" content=\"Guillaume Ogier\" \/>\n\t<meta name=\"twitter:label2\" content=\"Dur\u00e9e de lecture estim\u00e9e\" \/>\n\t<meta name=\"twitter:data2\" content=\"5 minutes\" \/>\n<script type=\"application\/ld+json\" class=\"yoast-schema-graph\">{\"@context\":\"https:\/\/schema.org\",\"@graph\":[{\"@type\":\"Article\",\"@id\":\"https:\/\/www.wedrivit.com\/blog\/voiture\/collection\/la-fiscalite-dans-le-milieu-des-voitures-de-collection#article\",\"isPartOf\":{\"@id\":\"https:\/\/www.wedrivit.com\/blog\/voiture\/collection\/la-fiscalite-dans-le-milieu-des-voitures-de-collection\"},\"author\":{\"name\":\"Guillaume Ogier\",\"@id\":\"https:\/\/www.wedrivit.com\/blog\/#\/schema\/person\/d27de6551b194f72a8c634d91d17c4a8\"},\"headline\":\"La fiscalit\u00e9 dans le milieu des voitures de collection\",\"datePublished\":\"2023-05-15T07:50:24+00:00\",\"dateModified\":\"2025-05-30T09:49:14+00:00\",\"mainEntityOfPage\":{\"@id\":\"https:\/\/www.wedrivit.com\/blog\/voiture\/collection\/la-fiscalite-dans-le-milieu-des-voitures-de-collection\"},\"wordCount\":672,\"commentCount\":0,\"publisher\":{\"@id\":\"https:\/\/www.wedrivit.com\/blog\/#organization\"},\"image\":{\"@id\":\"https:\/\/www.wedrivit.com\/blog\/voiture\/collection\/la-fiscalite-dans-le-milieu-des-voitures-de-collection#primaryimage\"},\"thumbnailUrl\":\"https:\/\/www.wedrivit.com\/blog\/wp-content\/uploads\/2023\/05\/H1118-L315962306_original.jpg\",\"articleSection\":[\"Culture Automobile\",\"Tous les articles\"],\"inLanguage\":\"fr-FR\",\"potentialAction\":[{\"@type\":\"CommentAction\",\"name\":\"Comment\",\"target\":[\"https:\/\/www.wedrivit.com\/blog\/voiture\/collection\/la-fiscalite-dans-le-milieu-des-voitures-de-collection#respond\"]}]},{\"@type\":\"WebPage\",\"@id\":\"https:\/\/www.wedrivit.com\/blog\/voiture\/collection\/la-fiscalite-dans-le-milieu-des-voitures-de-collection\",\"url\":\"https:\/\/www.wedrivit.com\/blog\/voiture\/collection\/la-fiscalite-dans-le-milieu-des-voitures-de-collection\",\"name\":\"Tout savoir sur La fiscalit\u00e9 dans le milieu des voitures de collection\",\"isPartOf\":{\"@id\":\"https:\/\/www.wedrivit.com\/blog\/#website\"},\"primaryImageOfPage\":{\"@id\":\"https:\/\/www.wedrivit.com\/blog\/voiture\/collection\/la-fiscalite-dans-le-milieu-des-voitures-de-collection#primaryimage\"},\"image\":{\"@id\":\"https:\/\/www.wedrivit.com\/blog\/voiture\/collection\/la-fiscalite-dans-le-milieu-des-voitures-de-collection#primaryimage\"},\"thumbnailUrl\":\"https:\/\/www.wedrivit.com\/blog\/wp-content\/uploads\/2023\/05\/H1118-L315962306_original.jpg\",\"datePublished\":\"2023-05-15T07:50:24+00:00\",\"dateModified\":\"2025-05-30T09:49:14+00:00\",\"description\":\"Dans cet article nous vous expliquons tout ce que vous devez savoir sur la fiscalit\u00e9 dans le milieu des voitures de collection.\",\"breadcrumb\":{\"@id\":\"https:\/\/www.wedrivit.com\/blog\/voiture\/collection\/la-fiscalite-dans-le-milieu-des-voitures-de-collection#breadcrumb\"},\"inLanguage\":\"fr-FR\",\"potentialAction\":[{\"@type\":\"ReadAction\",\"target\":[\"https:\/\/www.wedrivit.com\/blog\/voiture\/collection\/la-fiscalite-dans-le-milieu-des-voitures-de-collection\"]}]},{\"@type\":\"ImageObject\",\"inLanguage\":\"fr-FR\",\"@id\":\"https:\/\/www.wedrivit.com\/blog\/voiture\/collection\/la-fiscalite-dans-le-milieu-des-voitures-de-collection#primaryimage\",\"url\":\"https:\/\/www.wedrivit.com\/blog\/wp-content\/uploads\/2023\/05\/H1118-L315962306_original.jpg\",\"contentUrl\":\"https:\/\/www.wedrivit.com\/blog\/wp-content\/uploads\/2023\/05\/H1118-L315962306_original.jpg\",\"width\":4000,\"height\":2666},{\"@type\":\"BreadcrumbList\",\"@id\":\"https:\/\/www.wedrivit.com\/blog\/voiture\/collection\/la-fiscalite-dans-le-milieu-des-voitures-de-collection#breadcrumb\",\"itemListElement\":[{\"@type\":\"ListItem\",\"position\":1,\"name\":\"Home\",\"item\":\"https:\/\/www.wedrivit.com\/blog\/\"},{\"@type\":\"ListItem\",\"position\":2,\"name\":\"La fiscalit\u00e9 dans le milieu des voitures de collection\"}]},{\"@type\":\"WebSite\",\"@id\":\"https:\/\/www.wedrivit.com\/blog\/#website\",\"url\":\"https:\/\/www.wedrivit.com\/blog\/\",\"name\":\"Le blog des voitures de collection par Wedrivit\",\"description\":\"Tout savoir sur les voitures anciennes grace \u00e0 Wedrivit, la plateforme de location de voitures anciennes entre particuliers.\",\"publisher\":{\"@id\":\"https:\/\/www.wedrivit.com\/blog\/#organization\"},\"potentialAction\":[{\"@type\":\"SearchAction\",\"target\":{\"@type\":\"EntryPoint\",\"urlTemplate\":\"https:\/\/www.wedrivit.com\/blog\/?s={search_term_string}\"},\"query-input\":{\"@type\":\"PropertyValueSpecification\",\"valueRequired\":true,\"valueName\":\"search_term_string\"}}],\"inLanguage\":\"fr-FR\"},{\"@type\":\"Organization\",\"@id\":\"https:\/\/www.wedrivit.com\/blog\/#organization\",\"name\":\"Le blog des voitures de collection par Wedrivit\",\"url\":\"https:\/\/www.wedrivit.com\/blog\/\",\"logo\":{\"@type\":\"ImageObject\",\"inLanguage\":\"fr-FR\",\"@id\":\"https:\/\/www.wedrivit.com\/blog\/#\/schema\/logo\/image\/\",\"url\":\"https:\/\/www.wedrivit.com\/blog\/wp-content\/uploads\/2024\/12\/wedrivit-blanc-large-2.png\",\"contentUrl\":\"https:\/\/www.wedrivit.com\/blog\/wp-content\/uploads\/2024\/12\/wedrivit-blanc-large-2.png\",\"caption\":\"Le blog des voitures de collection par Wedrivit\"},\"image\":{\"@id\":\"https:\/\/www.wedrivit.com\/blog\/#\/schema\/logo\/image\/\"}},{\"@type\":\"Person\",\"@id\":\"https:\/\/www.wedrivit.com\/blog\/#\/schema\/person\/d27de6551b194f72a8c634d91d17c4a8\",\"name\":\"Guillaume Ogier\",\"image\":{\"@type\":\"ImageObject\",\"inLanguage\":\"fr-FR\",\"@id\":\"https:\/\/www.wedrivit.com\/blog\/#\/schema\/person\/image\/\",\"url\":\"https:\/\/secure.gravatar.com\/avatar\/f3fc96ea593e4f3703329c34ddca21b7974549f88d65520caa48388d25027dee?s=96&d=mm&r=g\",\"contentUrl\":\"https:\/\/secure.gravatar.com\/avatar\/f3fc96ea593e4f3703329c34ddca21b7974549f88d65520caa48388d25027dee?s=96&d=mm&r=g\",\"caption\":\"Guillaume Ogier\"},\"url\":\"https:\/\/www.wedrivit.com\/blog\/voiture\/collection\/author\/guillaume-ogier\"}]}<\/script>\n<!-- \/ Yoast SEO plugin. -->","yoast_head_json":{"title":"Tout savoir sur La fiscalit\u00e9 dans le milieu des voitures de collection","description":"Dans cet article nous vous expliquons tout ce que vous devez savoir sur la fiscalit\u00e9 dans le milieu des voitures de collection.","robots":{"index":"index","follow":"follow","max-snippet":"max-snippet:-1","max-image-preview":"max-image-preview:large","max-video-preview":"max-video-preview:-1"},"canonical":"https:\/\/www.wedrivit.com\/blog\/voiture\/collection\/la-fiscalite-dans-le-milieu-des-voitures-de-collection","og_locale":"fr_FR","og_type":"article","og_title":"Tout savoir sur La fiscalit\u00e9 dans le milieu des voitures de collection","og_description":"Dans cet article nous vous expliquons tout ce que vous devez savoir sur la fiscalit\u00e9 dans le milieu des voitures de collection.","og_url":"https:\/\/www.wedrivit.com\/blog\/voiture\/collection\/la-fiscalite-dans-le-milieu-des-voitures-de-collection","og_site_name":"Le blog des voitures de collection par Wedrivit","article_published_time":"2023-05-15T07:50:24+00:00","article_modified_time":"2025-05-30T09:49:14+00:00","og_image":[{"width":4000,"height":2666,"url":"https:\/\/www.wedrivit.com\/blog\/wp-content\/uploads\/2023\/05\/H1118-L315962306_original.jpg","type":"image\/jpeg"}],"author":"Guillaume Ogier","twitter_card":"summary_large_image","twitter_misc":{"\u00c9crit par":"Guillaume Ogier","Dur\u00e9e de lecture estim\u00e9e":"5 minutes"},"schema":{"@context":"https:\/\/schema.org","@graph":[{"@type":"Article","@id":"https:\/\/www.wedrivit.com\/blog\/voiture\/collection\/la-fiscalite-dans-le-milieu-des-voitures-de-collection#article","isPartOf":{"@id":"https:\/\/www.wedrivit.com\/blog\/voiture\/collection\/la-fiscalite-dans-le-milieu-des-voitures-de-collection"},"author":{"name":"Guillaume Ogier","@id":"https:\/\/www.wedrivit.com\/blog\/#\/schema\/person\/d27de6551b194f72a8c634d91d17c4a8"},"headline":"La fiscalit\u00e9 dans le milieu des voitures de collection","datePublished":"2023-05-15T07:50:24+00:00","dateModified":"2025-05-30T09:49:14+00:00","mainEntityOfPage":{"@id":"https:\/\/www.wedrivit.com\/blog\/voiture\/collection\/la-fiscalite-dans-le-milieu-des-voitures-de-collection"},"wordCount":672,"commentCount":0,"publisher":{"@id":"https:\/\/www.wedrivit.com\/blog\/#organization"},"image":{"@id":"https:\/\/www.wedrivit.com\/blog\/voiture\/collection\/la-fiscalite-dans-le-milieu-des-voitures-de-collection#primaryimage"},"thumbnailUrl":"https:\/\/www.wedrivit.com\/blog\/wp-content\/uploads\/2023\/05\/H1118-L315962306_original.jpg","articleSection":["Culture Automobile","Tous les articles"],"inLanguage":"fr-FR","potentialAction":[{"@type":"CommentAction","name":"Comment","target":["https:\/\/www.wedrivit.com\/blog\/voiture\/collection\/la-fiscalite-dans-le-milieu-des-voitures-de-collection#respond"]}]},{"@type":"WebPage","@id":"https:\/\/www.wedrivit.com\/blog\/voiture\/collection\/la-fiscalite-dans-le-milieu-des-voitures-de-collection","url":"https:\/\/www.wedrivit.com\/blog\/voiture\/collection\/la-fiscalite-dans-le-milieu-des-voitures-de-collection","name":"Tout savoir sur La fiscalit\u00e9 dans le milieu des voitures de collection","isPartOf":{"@id":"https:\/\/www.wedrivit.com\/blog\/#website"},"primaryImageOfPage":{"@id":"https:\/\/www.wedrivit.com\/blog\/voiture\/collection\/la-fiscalite-dans-le-milieu-des-voitures-de-collection#primaryimage"},"image":{"@id":"https:\/\/www.wedrivit.com\/blog\/voiture\/collection\/la-fiscalite-dans-le-milieu-des-voitures-de-collection#primaryimage"},"thumbnailUrl":"https:\/\/www.wedrivit.com\/blog\/wp-content\/uploads\/2023\/05\/H1118-L315962306_original.jpg","datePublished":"2023-05-15T07:50:24+00:00","dateModified":"2025-05-30T09:49:14+00:00","description":"Dans cet article nous vous expliquons tout ce que vous devez savoir sur la fiscalit\u00e9 dans le milieu des voitures de collection.","breadcrumb":{"@id":"https:\/\/www.wedrivit.com\/blog\/voiture\/collection\/la-fiscalite-dans-le-milieu-des-voitures-de-collection#breadcrumb"},"inLanguage":"fr-FR","potentialAction":[{"@type":"ReadAction","target":["https:\/\/www.wedrivit.com\/blog\/voiture\/collection\/la-fiscalite-dans-le-milieu-des-voitures-de-collection"]}]},{"@type":"ImageObject","inLanguage":"fr-FR","@id":"https:\/\/www.wedrivit.com\/blog\/voiture\/collection\/la-fiscalite-dans-le-milieu-des-voitures-de-collection#primaryimage","url":"https:\/\/www.wedrivit.com\/blog\/wp-content\/uploads\/2023\/05\/H1118-L315962306_original.jpg","contentUrl":"https:\/\/www.wedrivit.com\/blog\/wp-content\/uploads\/2023\/05\/H1118-L315962306_original.jpg","width":4000,"height":2666},{"@type":"BreadcrumbList","@id":"https:\/\/www.wedrivit.com\/blog\/voiture\/collection\/la-fiscalite-dans-le-milieu-des-voitures-de-collection#breadcrumb","itemListElement":[{"@type":"ListItem","position":1,"name":"Home","item":"https:\/\/www.wedrivit.com\/blog\/"},{"@type":"ListItem","position":2,"name":"La fiscalit\u00e9 dans le milieu des voitures de collection"}]},{"@type":"WebSite","@id":"https:\/\/www.wedrivit.com\/blog\/#website","url":"https:\/\/www.wedrivit.com\/blog\/","name":"Le blog des voitures de collection par Wedrivit","description":"Tout savoir sur les voitures anciennes grace \u00e0 Wedrivit, la plateforme de location de voitures anciennes entre particuliers.","publisher":{"@id":"https:\/\/www.wedrivit.com\/blog\/#organization"},"potentialAction":[{"@type":"SearchAction","target":{"@type":"EntryPoint","urlTemplate":"https:\/\/www.wedrivit.com\/blog\/?s={search_term_string}"},"query-input":{"@type":"PropertyValueSpecification","valueRequired":true,"valueName":"search_term_string"}}],"inLanguage":"fr-FR"},{"@type":"Organization","@id":"https:\/\/www.wedrivit.com\/blog\/#organization","name":"Le blog des voitures de collection par Wedrivit","url":"https:\/\/www.wedrivit.com\/blog\/","logo":{"@type":"ImageObject","inLanguage":"fr-FR","@id":"https:\/\/www.wedrivit.com\/blog\/#\/schema\/logo\/image\/","url":"https:\/\/www.wedrivit.com\/blog\/wp-content\/uploads\/2024\/12\/wedrivit-blanc-large-2.png","contentUrl":"https:\/\/www.wedrivit.com\/blog\/wp-content\/uploads\/2024\/12\/wedrivit-blanc-large-2.png","caption":"Le blog des voitures de collection par Wedrivit"},"image":{"@id":"https:\/\/www.wedrivit.com\/blog\/#\/schema\/logo\/image\/"}},{"@type":"Person","@id":"https:\/\/www.wedrivit.com\/blog\/#\/schema\/person\/d27de6551b194f72a8c634d91d17c4a8","name":"Guillaume Ogier","image":{"@type":"ImageObject","inLanguage":"fr-FR","@id":"https:\/\/www.wedrivit.com\/blog\/#\/schema\/person\/image\/","url":"https:\/\/secure.gravatar.com\/avatar\/f3fc96ea593e4f3703329c34ddca21b7974549f88d65520caa48388d25027dee?s=96&d=mm&r=g","contentUrl":"https:\/\/secure.gravatar.com\/avatar\/f3fc96ea593e4f3703329c34ddca21b7974549f88d65520caa48388d25027dee?s=96&d=mm&r=g","caption":"Guillaume Ogier"},"url":"https:\/\/www.wedrivit.com\/blog\/voiture\/collection\/author\/guillaume-ogier"}]}},"_links":{"self":[{"href":"https:\/\/www.wedrivit.com\/blog\/wp-json\/wp\/v2\/posts\/9270","targetHints":{"allow":["GET"]}}],"collection":[{"href":"https:\/\/www.wedrivit.com\/blog\/wp-json\/wp\/v2\/posts"}],"about":[{"href":"https:\/\/www.wedrivit.com\/blog\/wp-json\/wp\/v2\/types\/post"}],"author":[{"embeddable":true,"href":"https:\/\/www.wedrivit.com\/blog\/wp-json\/wp\/v2\/users\/22"}],"replies":[{"embeddable":true,"href":"https:\/\/www.wedrivit.com\/blog\/wp-json\/wp\/v2\/comments?post=9270"}],"version-history":[{"count":47,"href":"https:\/\/www.wedrivit.com\/blog\/wp-json\/wp\/v2\/posts\/9270\/revisions"}],"predecessor-version":[{"id":10576,"href":"https:\/\/www.wedrivit.com\/blog\/wp-json\/wp\/v2\/posts\/9270\/revisions\/10576"}],"wp:featuredmedia":[{"embeddable":true,"href":"https:\/\/www.wedrivit.com\/blog\/wp-json\/wp\/v2\/media\/9235"}],"wp:attachment":[{"href":"https:\/\/www.wedrivit.com\/blog\/wp-json\/wp\/v2\/media?parent=9270"}],"wp:term":[{"taxonomy":"category","embeddable":true,"href":"https:\/\/www.wedrivit.com\/blog\/wp-json\/wp\/v2\/categories?post=9270"},{"taxonomy":"post_tag","embeddable":true,"href":"https:\/\/www.wedrivit.com\/blog\/wp-json\/wp\/v2\/tags?post=9270"}],"curies":[{"name":"wp","href":"https:\/\/api.w.org\/{rel}","templated":true}]}}