{"id":8875,"date":"2023-07-24T12:23:45","date_gmt":"2023-07-24T10:23:45","guid":{"rendered":"https:\/\/www.wedrivit.com\/blog\/?p=8875"},"modified":"2025-08-29T10:25:50","modified_gmt":"2025-08-29T08:25:50","slug":"pourquoi-les-phares-des-voitures-etaient-ils-jaunes","status":"publish","type":"post","link":"https:\/\/www.wedrivit.com\/blog\/voiture\/collection\/pourquoi-les-phares-des-voitures-etaient-ils-jaunes","title":{"rendered":"Pourquoi les phares des voitures \u00e9taient-ils jaunes"},"content":{"rendered":"\t\t<div data-elementor-type=\"wp-post\" data-elementor-id=\"8875\" class=\"elementor elementor-8875\">\n\t\t\t\t\t\t<section class=\"elementor-section elementor-top-section elementor-element elementor-element-15359fe elementor-section-boxed elementor-section-height-default elementor-section-height-default\" data-id=\"15359fe\" data-element_type=\"section\">\n\t\t\t\t\t\t<div class=\"elementor-container elementor-column-gap-default\">\n\t\t\t\t\t<div class=\"elementor-column elementor-col-100 elementor-top-column elementor-element elementor-element-00e25cd\" data-id=\"00e25cd\" data-element_type=\"column\">\n\t\t\t<div class=\"elementor-widget-wrap elementor-element-populated\">\n\t\t\t\t\t\t<div class=\"elementor-element elementor-element-f84ff3a elementor-widget elementor-widget-text-editor\" data-id=\"f84ff3a\" data-element_type=\"widget\" data-widget_type=\"text-editor.default\">\n\t\t\t\t<div class=\"elementor-widget-container\">\n\t\t\t\t\t\t\t\t\t<p>Les voitures \u00e9clairent la nuit d&rsquo;un feux blanc et lumineux, c&rsquo;est une v\u00e9rit\u00e9 pour de nombreuses personnes. Cependant, si vous \u00eates n\u00e9 <strong>avant 1993<\/strong>, vous avez peut-\u00eatre \u00e9t\u00e9 habitu\u00e9 pendant une partie de votre vie \u00e0 une autre couleur. En effet, durant pas mal d&rsquo;ann\u00e9es les <strong>phares des voitures \u00e9taient jaunes<\/strong>. Et m\u00eame si aucune preuve ou explication publique n&rsquo;a \u00e9t\u00e9 donn\u00e9e, quelques th\u00e9ories existent sur le sujet nous apprend le site \u00e9ponyme <a href=\"https:\/\/www.les-phares-jaunes.fr\/phares-jaunes-voiture\/\">Les Phares Jaunes<\/a><\/p>\t\t\t\t\t\t\t\t<\/div>\n\t\t\t\t<\/div>\n\t\t\t\t\t<\/div>\n\t\t<\/div>\n\t\t\t\t\t<\/div>\n\t\t<\/section>\n\t\t\t\t<section class=\"elementor-section elementor-top-section elementor-element elementor-element-00c9e2c elementor-section-boxed elementor-section-height-default elementor-section-height-default\" data-id=\"00c9e2c\" data-element_type=\"section\">\n\t\t\t\t\t\t<div class=\"elementor-container elementor-column-gap-default\">\n\t\t\t\t\t<div class=\"elementor-column elementor-col-100 elementor-top-column elementor-element elementor-element-d1122bb\" data-id=\"d1122bb\" data-element_type=\"column\">\n\t\t\t<div class=\"elementor-widget-wrap elementor-element-populated\">\n\t\t\t\t\t\t<div class=\"elementor-element elementor-element-b15a966 elementor-widget elementor-widget-heading\" data-id=\"b15a966\" data-element_type=\"widget\" data-widget_type=\"heading.default\">\n\t\t\t\t<div class=\"elementor-widget-container\">\n\t\t\t\t\t<h2 class=\"elementor-heading-title elementor-size-default\">Des phares pour  la guerre<\/h2>\t\t\t\t<\/div>\n\t\t\t\t<\/div>\n\t\t\t\t<div class=\"elementor-element elementor-element-70b5a2f elementor-widget elementor-widget-text-editor\" data-id=\"70b5a2f\" data-element_type=\"widget\" data-widget_type=\"text-editor.default\">\n\t\t\t\t<div class=\"elementor-widget-container\">\n\t\t\t\t\t\t\t\t\t<p>L&rsquo;arr\u00eat\u00e9 qui impose<strong> l&rsquo;obligation des phares jaunes en France<\/strong> date du 3 novembre 1936 et a commenc\u00e9 \u00e0 s&rsquo;exercer en avril 1937. Il concernait d&rsquo;abord tous les nouveaux v\u00e9hicules mis en circulation, puis \u00e0 partir de 1939, tous les v\u00e9hicules en g\u00e9n\u00e9ral. N\u00e9anmoins, il faudra attendre la fin de la guerre et les p\u00e9nuries qui y sont li\u00e9es pour voir son application g\u00e9n\u00e9rale.<\/p><p>C&rsquo;est assez ironique car il est souvent racont\u00e9 que les phares jaunes \u00e9taient une demande de l&rsquo;arm\u00e9e fran\u00e7aise. En effet, la rumeur d&rsquo;une guerre imminente avec l&rsquo;Allemagne commen\u00e7ait \u00e0 prendre forme. Les militaires auraient, dans ces circonstances, fait pression sur le gouvernement pour la mise en place de l&rsquo;arr\u00eat\u00e9. Les phares jaunes poss\u00e9daient, semblait-il, la capacit\u00e9 d&rsquo;\u00eatre plus discrets, ce qui est tr\u00e8s utile en temps de guerre. De plus, la France \u00e9tait le seul pays \u00e0 s&rsquo;en \u00eatre \u00e9quip\u00e9e, permettant de mieux reconna\u00eetre l&rsquo;ennemi et de le diff\u00e9rencier.<\/p><p>Toutefois, cette explication a souvent \u00e9t\u00e9 contest\u00e9e car elle manque de sources fiables. Malgr\u00e9 tout, la \u00ab\u00a0<strong>documentation fran\u00e7aise\u00a0\u00bb<\/strong> affirme que cette adoption a \u00e9t\u00e9 promulgu\u00e9e en 1936, apr\u00e8s une demande de l&rsquo;arm\u00e9e.<\/p>\t\t\t\t\t\t\t\t<\/div>\n\t\t\t\t<\/div>\n\t\t\t\t<div class=\"elementor-element elementor-element-2eb38fa elementor-widget elementor-widget-image\" data-id=\"2eb38fa\" data-element_type=\"widget\" data-widget_type=\"image.default\">\n\t\t\t\t<div class=\"elementor-widget-container\">\n\t\t\t\t\t\t\t\t\t\t\t\t<figure class=\"wp-caption\">\n\t\t\t\t\t\t\t\t\t\t<img fetchpriority=\"high\" decoding=\"async\" width=\"1000\" height=\"479\" src=\"https:\/\/www.wedrivit.com\/blog\/wp-content\/uploads\/2023\/04\/phares-jaune-1024x490-1.jpg\" class=\"attachment-large size-large wp-image-8892\" alt=\"\" \/>\t\t\t\t\t\t\t\t\t\t\t<figcaption class=\"widget-image-caption wp-caption-text\">\u00a9 Vintage Automobile<\/figcaption>\n\t\t\t\t\t\t\t\t\t\t<\/figure>\n\t\t\t\t\t\t\t\t\t<\/div>\n\t\t\t\t<\/div>\n\t\t\t\t\t<\/div>\n\t\t<\/div>\n\t\t\t\t\t<\/div>\n\t\t<\/section>\n\t\t\t\t<section class=\"elementor-section elementor-top-section elementor-element elementor-element-c4ba2f6 elementor-section-boxed elementor-section-height-default elementor-section-height-default\" data-id=\"c4ba2f6\" data-element_type=\"section\">\n\t\t\t\t\t\t<div class=\"elementor-container elementor-column-gap-default\">\n\t\t\t\t\t<div class=\"elementor-column elementor-col-100 elementor-top-column elementor-element elementor-element-a9007bb\" data-id=\"a9007bb\" data-element_type=\"column\">\n\t\t\t<div class=\"elementor-widget-wrap elementor-element-populated\">\n\t\t\t\t\t\t<div class=\"elementor-element elementor-element-9dbdcb9 elementor-widget elementor-widget-heading\" data-id=\"9dbdcb9\" data-element_type=\"widget\" data-widget_type=\"heading.default\">\n\t\t\t\t<div class=\"elementor-widget-container\">\n\t\t\t\t\t<h2 class=\"elementor-heading-title elementor-size-default\">Une aide \u00e0 la s\u00e9curit\u00e9 routi\u00e8re<\/h2>\t\t\t\t<\/div>\n\t\t\t\t<\/div>\n\t\t\t\t<div class=\"elementor-element elementor-element-9ceda4c elementor-widget elementor-widget-text-editor\" data-id=\"9ceda4c\" data-element_type=\"widget\" data-widget_type=\"text-editor.default\">\n\t\t\t\t<div class=\"elementor-widget-container\">\n\t\t\t\t\t\t\t\t\t<p>Une autre th\u00e9orie se base sur un rapport de <strong>l&rsquo;acad\u00e9mie des sciences<\/strong> de 1934. Il y est not\u00e9 que la <strong>lumi\u00e8re jaune<\/strong> est moins \u00e9blouissante lors d&rsquo;un contact entre deux conducteurs : L\u2019\u0153il se r\u00e9adapterait plus vite \u00e0 l\u2019environnement obscur de la nuit qu&rsquo;avec des<strong> phares \u00e0 feu blanc<\/strong>. Plus loin dans le m\u00eame rapport, il est argument\u00e9 que les <strong>phares jaunes<\/strong> augmenteraient les contrastes par temps de pluie et de brouillard et permettrait donc de limiter la <strong>fatigue oculaire<\/strong> tout en am\u00e9liorant la <strong>visibilit\u00e9<\/strong>.<\/p><p>N\u00e9anmoins, si la d\u00e9cision d&rsquo;imposer les <strong>phares jaunes<\/strong> sur les voitures venait d&rsquo;une pr\u00e9occupation grandissante autour de la <strong>s\u00e9curit\u00e9 routi\u00e8re<\/strong>. Alors la fin de l&rsquo;obligation datant du <strong>1er janvier 1993<\/strong> laisse des questions en suspens. De plus, aucun autre pays europ\u00e9en n&rsquo;a d\u00e9cid\u00e9 de suivre\u00a0 notre d\u00e9marche. Assez \u00e9trange quand celle-ci est approuv\u00e9e scientifiquement.<\/p><p>Et vous, d&rsquo;apr\u00e8s vous, laquelle des th\u00e9ories est la plus possible ? Pensez-vous quelles peuvent \u00eatre valables simultan\u00e9ment ? En tout cas, <strong>phares blancs ou<\/strong> <strong>phares jaunes<\/strong>, il est tout \u00e0 fait possible maintenant de rouler avec les deux. Mais si l&rsquo;envie d&rsquo;\u00e9clair\u00e9 l&rsquo;obscurit\u00e9 avec une <strong>lumi\u00e8re d&rsquo;\u00e9poque<\/strong> vous prend, alors vous trouverez peut-\u00eatre votre bonheur sur <a href=\"https:\/\/www.wedrivit.com\/\">Wedrivit<\/a>.<\/p>\t\t\t\t\t\t\t\t<\/div>\n\t\t\t\t<\/div>\n\t\t\t\t\t<\/div>\n\t\t<\/div>\n\t\t\t\t\t<\/div>\n\t\t<\/section>\n\t\t\t\t<section class=\"elementor-section elementor-top-section elementor-element elementor-element-0662892 elementor-section-boxed elementor-section-height-default elementor-section-height-default\" data-id=\"0662892\" data-element_type=\"section\">\n\t\t\t\t\t\t<div class=\"elementor-container elementor-column-gap-default\">\n\t\t\t\t\t<div class=\"elementor-column elementor-col-100 elementor-top-column elementor-element elementor-element-054a9ad\" data-id=\"054a9ad\" data-element_type=\"column\">\n\t\t\t<div class=\"elementor-widget-wrap elementor-element-populated\">\n\t\t\t\t\t\t<div class=\"elementor-element elementor-element-8edc77c elementor-widget elementor-widget-text-editor\" data-id=\"8edc77c\" data-element_type=\"widget\" data-widget_type=\"text-editor.default\">\n\t\t\t\t<div class=\"elementor-widget-container\">\n\t\t\t\t\t\t\t\t\t<p>Dans le m\u00eame genre :<\/p><p class=\"single-title\"><a href=\"https:\/\/www.wedrivit.com\/blog\/voiture\/collection\/les-voitures-des-presidents-francais\/\">Les voitures iconiques des 10 derniers pr\u00e9sidents<\/a><\/p><p class=\"single-title\"><a href=\"https:\/\/www.wedrivit.com\/blog\/voiture\/collection\/les-voitures-des-presidents-francais\/\">Les v\u00e9hicules de course qui ont r\u00e9volutionn\u00e9 la course automobile<\/a><\/p>\t\t\t\t\t\t\t\t<\/div>\n\t\t\t\t<\/div>\n\t\t\t\t\t<\/div>\n\t\t<\/div>\n\t\t\t\t\t<\/div>\n\t\t<\/section>\n\t\t\t\t<\/div>\n\t\t","protected":false},"excerpt":{"rendered":"<p>Les voitures \u00e9clairent la nuit d&rsquo;un feux blanc et lumineux, c&rsquo;est une v\u00e9rit\u00e9 pour de nombreuses personnes. Cependant, si vous&hellip;<\/p>\n","protected":false},"author":22,"featured_media":8892,"comment_status":"open","ping_status":"open","sticky":false,"template":"","format":"standard","meta":{"footnotes":""},"categories":[17,1],"tags":[],"class_list":["post-8875","post","type-post","status-publish","format-standard","has-post-thumbnail","hentry","category-culture-automobile","category-tous-les-articles"],"yoast_head":"<!-- This site is optimized with the Yoast SEO plugin v26.9 - https:\/\/yoast.com\/product\/yoast-seo-wordpress\/ -->\n<title>Pourquoi les phares des voitures \u00e9taient-ils jaunes - Le blog des voitures de collection par Wedrivit<\/title>\n<meta name=\"description\" content=\"Pourquoi les phares des voitures \u00e9taient-ils jaunes ? Certaines personnes parlent d&#039;un rapport avec la guerre quand d&#039;autres \u00e9voquent la s\u00e9curit\u00e9 routi\u00e8re.\" \/>\n<meta name=\"robots\" content=\"index, follow, max-snippet:-1, max-image-preview:large, max-video-preview:-1\" \/>\n<link rel=\"canonical\" href=\"https:\/\/www.wedrivit.com\/blog\/voiture\/collection\/pourquoi-les-phares-des-voitures-etaient-ils-jaunes\" \/>\n<meta property=\"og:locale\" content=\"fr_FR\" \/>\n<meta property=\"og:type\" content=\"article\" \/>\n<meta property=\"og:title\" content=\"Pourquoi les phares des voitures \u00e9taient-ils jaunes - Le blog des voitures de collection par Wedrivit\" \/>\n<meta property=\"og:description\" content=\"Pourquoi les phares des voitures \u00e9taient-ils jaunes ? Certaines personnes parlent d&#039;un rapport avec la guerre quand d&#039;autres \u00e9voquent la s\u00e9curit\u00e9 routi\u00e8re.\" \/>\n<meta property=\"og:url\" content=\"https:\/\/www.wedrivit.com\/blog\/voiture\/collection\/pourquoi-les-phares-des-voitures-etaient-ils-jaunes\" \/>\n<meta property=\"og:site_name\" content=\"Le blog des voitures de collection par Wedrivit\" \/>\n<meta property=\"article:published_time\" content=\"2023-07-24T10:23:45+00:00\" \/>\n<meta property=\"article:modified_time\" content=\"2025-08-29T08:25:50+00:00\" \/>\n<meta property=\"og:image\" content=\"https:\/\/www.wedrivit.com\/blog\/wp-content\/uploads\/2023\/04\/phares-jaune-1024x490-1.jpg\" \/>\n\t<meta property=\"og:image:width\" content=\"1024\" \/>\n\t<meta property=\"og:image:height\" content=\"490\" \/>\n\t<meta property=\"og:image:type\" content=\"image\/jpeg\" \/>\n<meta name=\"author\" content=\"Guillaume Ogier\" \/>\n<meta name=\"twitter:card\" content=\"summary_large_image\" \/>\n<meta name=\"twitter:label1\" content=\"\u00c9crit par\" \/>\n\t<meta name=\"twitter:data1\" content=\"Guillaume Ogier\" \/>\n\t<meta name=\"twitter:label2\" content=\"Dur\u00e9e de lecture estim\u00e9e\" \/>\n\t<meta name=\"twitter:data2\" content=\"3 minutes\" \/>\n<script type=\"application\/ld+json\" class=\"yoast-schema-graph\">{\"@context\":\"https:\/\/schema.org\",\"@graph\":[{\"@type\":\"Article\",\"@id\":\"https:\/\/www.wedrivit.com\/blog\/voiture\/collection\/pourquoi-les-phares-des-voitures-etaient-ils-jaunes#article\",\"isPartOf\":{\"@id\":\"https:\/\/www.wedrivit.com\/blog\/voiture\/collection\/pourquoi-les-phares-des-voitures-etaient-ils-jaunes\"},\"author\":{\"name\":\"Guillaume Ogier\",\"@id\":\"https:\/\/www.wedrivit.com\/blog\/#\/schema\/person\/d27de6551b194f72a8c634d91d17c4a8\"},\"headline\":\"Pourquoi les phares des voitures \u00e9taient-ils jaunes\",\"datePublished\":\"2023-07-24T10:23:45+00:00\",\"dateModified\":\"2025-08-29T08:25:50+00:00\",\"mainEntityOfPage\":{\"@id\":\"https:\/\/www.wedrivit.com\/blog\/voiture\/collection\/pourquoi-les-phares-des-voitures-etaient-ils-jaunes\"},\"wordCount\":564,\"commentCount\":0,\"publisher\":{\"@id\":\"https:\/\/www.wedrivit.com\/blog\/#organization\"},\"image\":{\"@id\":\"https:\/\/www.wedrivit.com\/blog\/voiture\/collection\/pourquoi-les-phares-des-voitures-etaient-ils-jaunes#primaryimage\"},\"thumbnailUrl\":\"https:\/\/www.wedrivit.com\/blog\/wp-content\/uploads\/2023\/04\/phares-jaune-1024x490-1.jpg\",\"articleSection\":[\"Culture Automobile\",\"Tous les articles\"],\"inLanguage\":\"fr-FR\",\"potentialAction\":[{\"@type\":\"CommentAction\",\"name\":\"Comment\",\"target\":[\"https:\/\/www.wedrivit.com\/blog\/voiture\/collection\/pourquoi-les-phares-des-voitures-etaient-ils-jaunes#respond\"]}]},{\"@type\":\"WebPage\",\"@id\":\"https:\/\/www.wedrivit.com\/blog\/voiture\/collection\/pourquoi-les-phares-des-voitures-etaient-ils-jaunes\",\"url\":\"https:\/\/www.wedrivit.com\/blog\/voiture\/collection\/pourquoi-les-phares-des-voitures-etaient-ils-jaunes\",\"name\":\"Pourquoi les phares des voitures \u00e9taient-ils jaunes - Le blog des voitures de collection par Wedrivit\",\"isPartOf\":{\"@id\":\"https:\/\/www.wedrivit.com\/blog\/#website\"},\"primaryImageOfPage\":{\"@id\":\"https:\/\/www.wedrivit.com\/blog\/voiture\/collection\/pourquoi-les-phares-des-voitures-etaient-ils-jaunes#primaryimage\"},\"image\":{\"@id\":\"https:\/\/www.wedrivit.com\/blog\/voiture\/collection\/pourquoi-les-phares-des-voitures-etaient-ils-jaunes#primaryimage\"},\"thumbnailUrl\":\"https:\/\/www.wedrivit.com\/blog\/wp-content\/uploads\/2023\/04\/phares-jaune-1024x490-1.jpg\",\"datePublished\":\"2023-07-24T10:23:45+00:00\",\"dateModified\":\"2025-08-29T08:25:50+00:00\",\"description\":\"Pourquoi les phares des voitures \u00e9taient-ils jaunes ? Certaines personnes parlent d'un rapport avec la guerre quand d'autres \u00e9voquent la s\u00e9curit\u00e9 routi\u00e8re.\",\"breadcrumb\":{\"@id\":\"https:\/\/www.wedrivit.com\/blog\/voiture\/collection\/pourquoi-les-phares-des-voitures-etaient-ils-jaunes#breadcrumb\"},\"inLanguage\":\"fr-FR\",\"potentialAction\":[{\"@type\":\"ReadAction\",\"target\":[\"https:\/\/www.wedrivit.com\/blog\/voiture\/collection\/pourquoi-les-phares-des-voitures-etaient-ils-jaunes\"]}]},{\"@type\":\"ImageObject\",\"inLanguage\":\"fr-FR\",\"@id\":\"https:\/\/www.wedrivit.com\/blog\/voiture\/collection\/pourquoi-les-phares-des-voitures-etaient-ils-jaunes#primaryimage\",\"url\":\"https:\/\/www.wedrivit.com\/blog\/wp-content\/uploads\/2023\/04\/phares-jaune-1024x490-1.jpg\",\"contentUrl\":\"https:\/\/www.wedrivit.com\/blog\/wp-content\/uploads\/2023\/04\/phares-jaune-1024x490-1.jpg\",\"width\":1024,\"height\":490},{\"@type\":\"BreadcrumbList\",\"@id\":\"https:\/\/www.wedrivit.com\/blog\/voiture\/collection\/pourquoi-les-phares-des-voitures-etaient-ils-jaunes#breadcrumb\",\"itemListElement\":[{\"@type\":\"ListItem\",\"position\":1,\"name\":\"Home\",\"item\":\"https:\/\/www.wedrivit.com\/blog\/\"},{\"@type\":\"ListItem\",\"position\":2,\"name\":\"Pourquoi les phares des voitures \u00e9taient-ils jaunes\"}]},{\"@type\":\"WebSite\",\"@id\":\"https:\/\/www.wedrivit.com\/blog\/#website\",\"url\":\"https:\/\/www.wedrivit.com\/blog\/\",\"name\":\"Le blog des voitures de collection par Wedrivit\",\"description\":\"Tout savoir sur les voitures anciennes grace \u00e0 Wedrivit, la plateforme de location de voitures anciennes entre particuliers.\",\"publisher\":{\"@id\":\"https:\/\/www.wedrivit.com\/blog\/#organization\"},\"potentialAction\":[{\"@type\":\"SearchAction\",\"target\":{\"@type\":\"EntryPoint\",\"urlTemplate\":\"https:\/\/www.wedrivit.com\/blog\/?s={search_term_string}\"},\"query-input\":{\"@type\":\"PropertyValueSpecification\",\"valueRequired\":true,\"valueName\":\"search_term_string\"}}],\"inLanguage\":\"fr-FR\"},{\"@type\":\"Organization\",\"@id\":\"https:\/\/www.wedrivit.com\/blog\/#organization\",\"name\":\"Le blog des voitures de collection par Wedrivit\",\"url\":\"https:\/\/www.wedrivit.com\/blog\/\",\"logo\":{\"@type\":\"ImageObject\",\"inLanguage\":\"fr-FR\",\"@id\":\"https:\/\/www.wedrivit.com\/blog\/#\/schema\/logo\/image\/\",\"url\":\"https:\/\/www.wedrivit.com\/blog\/wp-content\/uploads\/2024\/12\/wedrivit-blanc-large-2.png\",\"contentUrl\":\"https:\/\/www.wedrivit.com\/blog\/wp-content\/uploads\/2024\/12\/wedrivit-blanc-large-2.png\",\"caption\":\"Le blog des voitures de collection par Wedrivit\"},\"image\":{\"@id\":\"https:\/\/www.wedrivit.com\/blog\/#\/schema\/logo\/image\/\"}},{\"@type\":\"Person\",\"@id\":\"https:\/\/www.wedrivit.com\/blog\/#\/schema\/person\/d27de6551b194f72a8c634d91d17c4a8\",\"name\":\"Guillaume Ogier\",\"image\":{\"@type\":\"ImageObject\",\"inLanguage\":\"fr-FR\",\"@id\":\"https:\/\/www.wedrivit.com\/blog\/#\/schema\/person\/image\/\",\"url\":\"https:\/\/secure.gravatar.com\/avatar\/f3fc96ea593e4f3703329c34ddca21b7974549f88d65520caa48388d25027dee?s=96&d=mm&r=g\",\"contentUrl\":\"https:\/\/secure.gravatar.com\/avatar\/f3fc96ea593e4f3703329c34ddca21b7974549f88d65520caa48388d25027dee?s=96&d=mm&r=g\",\"caption\":\"Guillaume Ogier\"},\"url\":\"https:\/\/www.wedrivit.com\/blog\/voiture\/collection\/author\/guillaume-ogier\"}]}<\/script>\n<!-- \/ Yoast SEO plugin. -->","yoast_head_json":{"title":"Pourquoi les phares des voitures \u00e9taient-ils jaunes - Le blog des voitures de collection par Wedrivit","description":"Pourquoi les phares des voitures \u00e9taient-ils jaunes ? Certaines personnes parlent d'un rapport avec la guerre quand d'autres \u00e9voquent la s\u00e9curit\u00e9 routi\u00e8re.","robots":{"index":"index","follow":"follow","max-snippet":"max-snippet:-1","max-image-preview":"max-image-preview:large","max-video-preview":"max-video-preview:-1"},"canonical":"https:\/\/www.wedrivit.com\/blog\/voiture\/collection\/pourquoi-les-phares-des-voitures-etaient-ils-jaunes","og_locale":"fr_FR","og_type":"article","og_title":"Pourquoi les phares des voitures \u00e9taient-ils jaunes - Le blog des voitures de collection par Wedrivit","og_description":"Pourquoi les phares des voitures \u00e9taient-ils jaunes ? Certaines personnes parlent d'un rapport avec la guerre quand d'autres \u00e9voquent la s\u00e9curit\u00e9 routi\u00e8re.","og_url":"https:\/\/www.wedrivit.com\/blog\/voiture\/collection\/pourquoi-les-phares-des-voitures-etaient-ils-jaunes","og_site_name":"Le blog des voitures de collection par Wedrivit","article_published_time":"2023-07-24T10:23:45+00:00","article_modified_time":"2025-08-29T08:25:50+00:00","og_image":[{"width":1024,"height":490,"url":"https:\/\/www.wedrivit.com\/blog\/wp-content\/uploads\/2023\/04\/phares-jaune-1024x490-1.jpg","type":"image\/jpeg"}],"author":"Guillaume Ogier","twitter_card":"summary_large_image","twitter_misc":{"\u00c9crit par":"Guillaume Ogier","Dur\u00e9e de lecture estim\u00e9e":"3 minutes"},"schema":{"@context":"https:\/\/schema.org","@graph":[{"@type":"Article","@id":"https:\/\/www.wedrivit.com\/blog\/voiture\/collection\/pourquoi-les-phares-des-voitures-etaient-ils-jaunes#article","isPartOf":{"@id":"https:\/\/www.wedrivit.com\/blog\/voiture\/collection\/pourquoi-les-phares-des-voitures-etaient-ils-jaunes"},"author":{"name":"Guillaume Ogier","@id":"https:\/\/www.wedrivit.com\/blog\/#\/schema\/person\/d27de6551b194f72a8c634d91d17c4a8"},"headline":"Pourquoi les phares des voitures \u00e9taient-ils jaunes","datePublished":"2023-07-24T10:23:45+00:00","dateModified":"2025-08-29T08:25:50+00:00","mainEntityOfPage":{"@id":"https:\/\/www.wedrivit.com\/blog\/voiture\/collection\/pourquoi-les-phares-des-voitures-etaient-ils-jaunes"},"wordCount":564,"commentCount":0,"publisher":{"@id":"https:\/\/www.wedrivit.com\/blog\/#organization"},"image":{"@id":"https:\/\/www.wedrivit.com\/blog\/voiture\/collection\/pourquoi-les-phares-des-voitures-etaient-ils-jaunes#primaryimage"},"thumbnailUrl":"https:\/\/www.wedrivit.com\/blog\/wp-content\/uploads\/2023\/04\/phares-jaune-1024x490-1.jpg","articleSection":["Culture Automobile","Tous les articles"],"inLanguage":"fr-FR","potentialAction":[{"@type":"CommentAction","name":"Comment","target":["https:\/\/www.wedrivit.com\/blog\/voiture\/collection\/pourquoi-les-phares-des-voitures-etaient-ils-jaunes#respond"]}]},{"@type":"WebPage","@id":"https:\/\/www.wedrivit.com\/blog\/voiture\/collection\/pourquoi-les-phares-des-voitures-etaient-ils-jaunes","url":"https:\/\/www.wedrivit.com\/blog\/voiture\/collection\/pourquoi-les-phares-des-voitures-etaient-ils-jaunes","name":"Pourquoi les phares des voitures \u00e9taient-ils jaunes - Le blog des voitures de collection par Wedrivit","isPartOf":{"@id":"https:\/\/www.wedrivit.com\/blog\/#website"},"primaryImageOfPage":{"@id":"https:\/\/www.wedrivit.com\/blog\/voiture\/collection\/pourquoi-les-phares-des-voitures-etaient-ils-jaunes#primaryimage"},"image":{"@id":"https:\/\/www.wedrivit.com\/blog\/voiture\/collection\/pourquoi-les-phares-des-voitures-etaient-ils-jaunes#primaryimage"},"thumbnailUrl":"https:\/\/www.wedrivit.com\/blog\/wp-content\/uploads\/2023\/04\/phares-jaune-1024x490-1.jpg","datePublished":"2023-07-24T10:23:45+00:00","dateModified":"2025-08-29T08:25:50+00:00","description":"Pourquoi les phares des voitures \u00e9taient-ils jaunes ? Certaines personnes parlent d'un rapport avec la guerre quand d'autres \u00e9voquent la s\u00e9curit\u00e9 routi\u00e8re.","breadcrumb":{"@id":"https:\/\/www.wedrivit.com\/blog\/voiture\/collection\/pourquoi-les-phares-des-voitures-etaient-ils-jaunes#breadcrumb"},"inLanguage":"fr-FR","potentialAction":[{"@type":"ReadAction","target":["https:\/\/www.wedrivit.com\/blog\/voiture\/collection\/pourquoi-les-phares-des-voitures-etaient-ils-jaunes"]}]},{"@type":"ImageObject","inLanguage":"fr-FR","@id":"https:\/\/www.wedrivit.com\/blog\/voiture\/collection\/pourquoi-les-phares-des-voitures-etaient-ils-jaunes#primaryimage","url":"https:\/\/www.wedrivit.com\/blog\/wp-content\/uploads\/2023\/04\/phares-jaune-1024x490-1.jpg","contentUrl":"https:\/\/www.wedrivit.com\/blog\/wp-content\/uploads\/2023\/04\/phares-jaune-1024x490-1.jpg","width":1024,"height":490},{"@type":"BreadcrumbList","@id":"https:\/\/www.wedrivit.com\/blog\/voiture\/collection\/pourquoi-les-phares-des-voitures-etaient-ils-jaunes#breadcrumb","itemListElement":[{"@type":"ListItem","position":1,"name":"Home","item":"https:\/\/www.wedrivit.com\/blog\/"},{"@type":"ListItem","position":2,"name":"Pourquoi les phares des voitures \u00e9taient-ils jaunes"}]},{"@type":"WebSite","@id":"https:\/\/www.wedrivit.com\/blog\/#website","url":"https:\/\/www.wedrivit.com\/blog\/","name":"Le blog des voitures de collection par Wedrivit","description":"Tout savoir sur les voitures anciennes grace \u00e0 Wedrivit, la plateforme de location de voitures anciennes entre particuliers.","publisher":{"@id":"https:\/\/www.wedrivit.com\/blog\/#organization"},"potentialAction":[{"@type":"SearchAction","target":{"@type":"EntryPoint","urlTemplate":"https:\/\/www.wedrivit.com\/blog\/?s={search_term_string}"},"query-input":{"@type":"PropertyValueSpecification","valueRequired":true,"valueName":"search_term_string"}}],"inLanguage":"fr-FR"},{"@type":"Organization","@id":"https:\/\/www.wedrivit.com\/blog\/#organization","name":"Le blog des voitures de collection par Wedrivit","url":"https:\/\/www.wedrivit.com\/blog\/","logo":{"@type":"ImageObject","inLanguage":"fr-FR","@id":"https:\/\/www.wedrivit.com\/blog\/#\/schema\/logo\/image\/","url":"https:\/\/www.wedrivit.com\/blog\/wp-content\/uploads\/2024\/12\/wedrivit-blanc-large-2.png","contentUrl":"https:\/\/www.wedrivit.com\/blog\/wp-content\/uploads\/2024\/12\/wedrivit-blanc-large-2.png","caption":"Le blog des voitures de collection par Wedrivit"},"image":{"@id":"https:\/\/www.wedrivit.com\/blog\/#\/schema\/logo\/image\/"}},{"@type":"Person","@id":"https:\/\/www.wedrivit.com\/blog\/#\/schema\/person\/d27de6551b194f72a8c634d91d17c4a8","name":"Guillaume Ogier","image":{"@type":"ImageObject","inLanguage":"fr-FR","@id":"https:\/\/www.wedrivit.com\/blog\/#\/schema\/person\/image\/","url":"https:\/\/secure.gravatar.com\/avatar\/f3fc96ea593e4f3703329c34ddca21b7974549f88d65520caa48388d25027dee?s=96&d=mm&r=g","contentUrl":"https:\/\/secure.gravatar.com\/avatar\/f3fc96ea593e4f3703329c34ddca21b7974549f88d65520caa48388d25027dee?s=96&d=mm&r=g","caption":"Guillaume Ogier"},"url":"https:\/\/www.wedrivit.com\/blog\/voiture\/collection\/author\/guillaume-ogier"}]}},"_links":{"self":[{"href":"https:\/\/www.wedrivit.com\/blog\/wp-json\/wp\/v2\/posts\/8875","targetHints":{"allow":["GET"]}}],"collection":[{"href":"https:\/\/www.wedrivit.com\/blog\/wp-json\/wp\/v2\/posts"}],"about":[{"href":"https:\/\/www.wedrivit.com\/blog\/wp-json\/wp\/v2\/types\/post"}],"author":[{"embeddable":true,"href":"https:\/\/www.wedrivit.com\/blog\/wp-json\/wp\/v2\/users\/22"}],"replies":[{"embeddable":true,"href":"https:\/\/www.wedrivit.com\/blog\/wp-json\/wp\/v2\/comments?post=8875"}],"version-history":[{"count":30,"href":"https:\/\/www.wedrivit.com\/blog\/wp-json\/wp\/v2\/posts\/8875\/revisions"}],"predecessor-version":[{"id":11785,"href":"https:\/\/www.wedrivit.com\/blog\/wp-json\/wp\/v2\/posts\/8875\/revisions\/11785"}],"wp:featuredmedia":[{"embeddable":true,"href":"https:\/\/www.wedrivit.com\/blog\/wp-json\/wp\/v2\/media\/8892"}],"wp:attachment":[{"href":"https:\/\/www.wedrivit.com\/blog\/wp-json\/wp\/v2\/media?parent=8875"}],"wp:term":[{"taxonomy":"category","embeddable":true,"href":"https:\/\/www.wedrivit.com\/blog\/wp-json\/wp\/v2\/categories?post=8875"},{"taxonomy":"post_tag","embeddable":true,"href":"https:\/\/www.wedrivit.com\/blog\/wp-json\/wp\/v2\/tags?post=8875"}],"curies":[{"name":"wp","href":"https:\/\/api.w.org\/{rel}","templated":true}]}}