{"id":8829,"date":"2023-06-01T16:26:48","date_gmt":"2023-06-01T14:26:48","guid":{"rendered":"https:\/\/www.wedrivit.com\/blog\/?p=8829"},"modified":"2023-07-03T15:49:38","modified_gmt":"2023-07-03T13:49:38","slug":"la-vignette-critair-des-voitures-de-collection","status":"publish","type":"post","link":"https:\/\/www.wedrivit.com\/blog\/voiture\/collection\/la-vignette-critair-des-voitures-de-collection","title":{"rendered":"La vignette Crit\u2019Air des voitures de collection"},"content":{"rendered":"\t\t<div data-elementor-type=\"wp-post\" data-elementor-id=\"8829\" class=\"elementor elementor-8829\">\n\t\t\t\t\t\t<section class=\"elementor-section elementor-top-section elementor-element elementor-element-ed1cf4d elementor-section-boxed elementor-section-height-default elementor-section-height-default\" data-id=\"ed1cf4d\" data-element_type=\"section\">\n\t\t\t\t\t\t<div class=\"elementor-container elementor-column-gap-default\">\n\t\t\t\t\t<div class=\"elementor-column elementor-col-100 elementor-top-column elementor-element elementor-element-c2d3e25\" data-id=\"c2d3e25\" data-element_type=\"column\">\n\t\t\t<div class=\"elementor-widget-wrap elementor-element-populated\">\n\t\t\t\t\t\t<div class=\"elementor-element elementor-element-61cb33a elementor-widget elementor-widget-text-editor\" data-id=\"61cb33a\" data-element_type=\"widget\" data-widget_type=\"text-editor.default\">\n\t\t\t\t<div class=\"elementor-widget-container\">\n\t\t\t\t\t\t\t\t\t<p>Pour faire face aux probl\u00e8mes de pollutions atmosph\u00e9riques li\u00e9es aux <strong>\u00e9missions des v\u00e9hicules<\/strong>, le gouvernement a mis en place des lois et des restrictions. Les automobilistes devront \u00e0 l&rsquo;avenir prendre en compte la <strong>vignette Crit&rsquo;air<\/strong> avant de vouloir s&rsquo;introduire dans une <strong>ZFE<\/strong> ( Zone \u00e0 faible \u00e9mission). La plupart des voitures un peu anciennes seront dans l&rsquo;interdiction de rouler dans les agglom\u00e9rations. Cependant, des associations, comme la <strong>FFVE<\/strong>, se sont battues pour que le <strong>patrimoine fran\u00e7ais que sont les v\u00e9hicules d&rsquo;\u00e9poque <\/strong>soit exempt\u00e9. Une belle r\u00e9ussite qui promet une protection <strong>jusqu&rsquo;au moins 2030<\/strong>. De plus, <strong>la vignette Crit&rsquo;air des voitures de collection<\/strong> devrait \u00eatre sp\u00e9cialement cr\u00e9\u00e9e cette ann\u00e9e.<\/p>\t\t\t\t\t\t\t\t<\/div>\n\t\t\t\t<\/div>\n\t\t\t\t\t<\/div>\n\t\t<\/div>\n\t\t\t\t\t<\/div>\n\t\t<\/section>\n\t\t\t\t<section class=\"elementor-section elementor-top-section elementor-element elementor-element-8bdbb26 elementor-section-boxed elementor-section-height-default elementor-section-height-default\" data-id=\"8bdbb26\" data-element_type=\"section\">\n\t\t\t\t\t\t<div class=\"elementor-container elementor-column-gap-default\">\n\t\t\t\t\t<div class=\"elementor-column elementor-col-100 elementor-top-column elementor-element elementor-element-eae5a6f\" data-id=\"eae5a6f\" data-element_type=\"column\">\n\t\t\t<div class=\"elementor-widget-wrap elementor-element-populated\">\n\t\t\t\t\t\t<div class=\"elementor-element elementor-element-31b6f8c elementor-widget elementor-widget-heading\" data-id=\"31b6f8c\" data-element_type=\"widget\" data-widget_type=\"heading.default\">\n\t\t\t\t<div class=\"elementor-widget-container\">\n\t\t\t\t\t<h2 class=\"elementor-heading-title elementor-size-default\">La vignette Crit'Air c'est quoi ? <\/h2>\t\t\t\t<\/div>\n\t\t\t\t<\/div>\n\t\t\t\t<div class=\"elementor-element elementor-element-c51855a elementor-widget elementor-widget-text-editor\" data-id=\"c51855a\" data-element_type=\"widget\" data-widget_type=\"text-editor.default\">\n\t\t\t\t<div class=\"elementor-widget-container\">\n\t\t\t\t\t\t\t\t\t<p>La <strong>vignette Crit&rsquo;air<\/strong> est une grille qui se d\u00e9compose en 6 niveaux. Elle permet de <strong>classer les v\u00e9hicules<\/strong> par leur <strong>premi\u00e8re ann\u00e9e d&rsquo;immatriculation<\/strong>, leurs <strong>cat\u00e9gories<\/strong> ( voiture, scooter, moto, camion) et leur <strong>motorisation<\/strong> (essence, diesel, \u00e9lectrique&#8230;). Chaque v\u00e9hicule sera dans l&rsquo;obligation de poss\u00e9der un<strong> autocollant<\/strong> correspondant \u00e0 son \u00e9chelon. Les voitures num\u00e9rot\u00e9es 4 et 5 non d\u00e9j\u00e0 plus le droit de rouler dans certaines zones \u00e0 faible \u00e9mission . A l&rsquo;avenir le niveau 3 fera lui aussi partie de cette interdiction.<\/p><p>Si les <strong>voitures de collection<\/strong> devaient \u00eatre soumises \u00e0 une telle classification, elle serait pour la plupart dans l\u2019incapacit\u00e9 totale de circuler. Dans une d\u00e9marche de pr\u00e9servation, de nombreuses associations ont ouvert le d\u00e9bat, avec en t\u00eate la FFVE ( f\u00e9d\u00e9ration fran\u00e7aise des v\u00e9hicules d&rsquo;\u00e9poques). Cette action a \u00e9t\u00e9 soutenue par la <strong>majorit\u00e9 des parlementaires du s\u00e9nat et de l&rsquo;assembl\u00e9e nationale<\/strong>.<\/p><p>En effet, les <strong>automobiles anciennes<\/strong> repr\u00e9sentent 0,5% des v\u00e9hicules totaux des grandes m\u00e9tropoles. De plus, elles parcourent 15 fois moins de kilom\u00e8tres qu&rsquo;un v\u00e9hicule normal. Le<strong> titre de collection<\/strong> les emp\u00eache d&rsquo;\u00eatre utilis\u00e9es pour des trajets domiciles-travail ou dans le cadre professionnel. Les contraindre \u00e0 ne plus circuler serait donc disproportionn\u00e9 et inadapt\u00e9 \u00e0 la situation.<\/p>\t\t\t\t\t\t\t\t<\/div>\n\t\t\t\t<\/div>\n\t\t\t\t<div class=\"elementor-element elementor-element-fe40130 elementor-widget elementor-widget-image\" data-id=\"fe40130\" data-element_type=\"widget\" data-widget_type=\"image.default\">\n\t\t\t\t<div class=\"elementor-widget-container\">\n\t\t\t\t\t\t\t\t\t\t\t\t\t\t\t<img fetchpriority=\"high\" decoding=\"async\" width=\"1000\" height=\"547\" src=\"https:\/\/www.wedrivit.com\/blog\/wp-content\/uploads\/2023\/04\/pastille-1024x560-1.jpg\" class=\"attachment-large size-large wp-image-8851\" alt=\"\" \/>\t\t\t\t\t\t\t\t\t\t\t\t\t\t\t<\/div>\n\t\t\t\t<\/div>\n\t\t\t\t\t<\/div>\n\t\t<\/div>\n\t\t\t\t\t<\/div>\n\t\t<\/section>\n\t\t\t\t<section class=\"elementor-section elementor-top-section elementor-element elementor-element-695e350 elementor-section-boxed elementor-section-height-default elementor-section-height-default\" data-id=\"695e350\" data-element_type=\"section\">\n\t\t\t\t\t\t<div class=\"elementor-container elementor-column-gap-default\">\n\t\t\t\t\t<div class=\"elementor-column elementor-col-100 elementor-top-column elementor-element elementor-element-0d82b7e\" data-id=\"0d82b7e\" data-element_type=\"column\">\n\t\t\t<div class=\"elementor-widget-wrap elementor-element-populated\">\n\t\t\t\t\t\t<div class=\"elementor-element elementor-element-2a527fc elementor-widget elementor-widget-heading\" data-id=\"2a527fc\" data-element_type=\"widget\" data-widget_type=\"heading.default\">\n\t\t\t\t<div class=\"elementor-widget-container\">\n\t\t\t\t\t<h2 class=\"elementor-heading-title elementor-size-default\">La carte grise de collection comme solution<\/h2>\t\t\t\t<\/div>\n\t\t\t\t<\/div>\n\t\t\t\t\t<\/div>\n\t\t<\/div>\n\t\t\t\t\t<\/div>\n\t\t<\/section>\n\t\t\t\t<section class=\"elementor-section elementor-top-section elementor-element elementor-element-1528545 elementor-section-boxed elementor-section-height-default elementor-section-height-default\" data-id=\"1528545\" data-element_type=\"section\">\n\t\t\t\t\t\t<div class=\"elementor-container elementor-column-gap-default\">\n\t\t\t\t\t<div class=\"elementor-column elementor-col-100 elementor-top-column elementor-element elementor-element-656958a\" data-id=\"656958a\" data-element_type=\"column\">\n\t\t\t<div class=\"elementor-widget-wrap elementor-element-populated\">\n\t\t\t\t\t\t<div class=\"elementor-element elementor-element-6c27fbb elementor-widget elementor-widget-text-editor\" data-id=\"6c27fbb\" data-element_type=\"widget\" data-widget_type=\"text-editor.default\">\n\t\t\t\t<div class=\"elementor-widget-container\">\n\t\t\t\t\t\t\t\t\t<p>Pour pouvoir se diff\u00e9rencier des autres mod\u00e8les, les <strong>voitures anciennes<\/strong> devront \u00eatre munies de leur <a href=\"https:\/\/www.wedrivit.com\/blog\/voiture\/collection\/comment-passer-vehicule-carte-grise-collection\/\"><strong>carte grise de collection<\/strong><\/a>. Pour rappel, si vous voulez y \u00eatre\u00a0 \u00e9ligible, il faut que votre v\u00e9hicule soit :<\/p><p>-d&rsquo;origine<\/p><p>-qu&rsquo;il ne soit plus produit<\/p><p>-qu&rsquo;il a \u00e9t\u00e9 mis en circulation depuis 30 ans<\/p><p>Si vous \u00eates d\u00e9j\u00e0 d\u00e9tenteur de cette fameuse carte alors les restrictions dans les <strong>ZFE<\/strong> ne vous seront pas appliqu\u00e9es. Si ce n&rsquo;est pas le cas nous\u00a0 vous conseillons vivement <a href=\"https:\/\/demarches-vehicules-de-collection.fr\/\">d&rsquo;effectuer la proc\u00e9dure<\/a> aux risques de future amandes.<\/p><p>A noter que malgr\u00e9 l&rsquo;obtention de ce titre, les\u00a0 jours de pics de pollution et les jours de circulation altern\u00e9e,\u00a0 votre v\u00e9hicule devra rester chez vous. De plus, un contr\u00f4le automatique des autocollants dans les zfe devrait \u00eatre mis en place durant cette ann\u00e9e. Pour pouvoir l&rsquo;assurer totalement,<strong> une vignette Crit&rsquo;air des voitures de collection<\/strong> devrait \u00eatre cr\u00e9\u00e9e et promulguer d&rsquo;ici peu. <a href=\"https:\/\/www.wedrivit.com\/\">Wedrivit<\/a> vous tiendra au courant\u00a0 des actualit\u00e9s sur ce sujet.<\/p>\t\t\t\t\t\t\t\t<\/div>\n\t\t\t\t<\/div>\n\t\t\t\t\t<\/div>\n\t\t<\/div>\n\t\t\t\t\t<\/div>\n\t\t<\/section>\n\t\t\t\t<section class=\"elementor-section elementor-top-section elementor-element elementor-element-4ff3922 elementor-section-boxed elementor-section-height-default elementor-section-height-default\" data-id=\"4ff3922\" data-element_type=\"section\">\n\t\t\t\t\t\t<div class=\"elementor-container elementor-column-gap-default\">\n\t\t\t\t\t<div class=\"elementor-column elementor-col-100 elementor-top-column elementor-element elementor-element-6bdee2c\" data-id=\"6bdee2c\" data-element_type=\"column\">\n\t\t\t<div class=\"elementor-widget-wrap elementor-element-populated\">\n\t\t\t\t\t\t<div class=\"elementor-element elementor-element-ebc45e5 elementor-widget elementor-widget-text-editor\" data-id=\"ebc45e5\" data-element_type=\"widget\" data-widget_type=\"text-editor.default\">\n\t\t\t\t<div class=\"elementor-widget-container\">\n\t\t\t\t\t\t\t\t\t<p>N&rsquo;h\u00e9sitez pas \u00e0 laisser un commentaire pour nous dire si vous avez trouv\u00e9 cet article utile. Et nous vous invitons \u00e0 lire nos articles similaires :<\/p><p class=\"single-title\"><a href=\"https:\/\/www.wedrivit.com\/blog\/voiture\/collection\/stockage-voiture-de-collection\/\">Tout savoir sur le stockage d\u2019une voiture de collection<\/a><\/p><p class=\"single-title\"><a href=\"https:\/\/www.wedrivit.com\/blog\/voiture\/collection\/quelle-voiture-de-collection-acheter-pour-moins-de-35-000-euros\/\">Quelle voiture de collection acheter pour moins de 35 000 euros ?<\/a><\/p>\t\t\t\t\t\t\t\t<\/div>\n\t\t\t\t<\/div>\n\t\t\t\t\t<\/div>\n\t\t<\/div>\n\t\t\t\t\t<\/div>\n\t\t<\/section>\n\t\t\t\t<\/div>\n\t\t","protected":false},"excerpt":{"rendered":"<p>Pour faire face aux probl\u00e8mes de pollutions atmosph\u00e9riques li\u00e9es aux \u00e9missions des v\u00e9hicules, le gouvernement a mis en place des&hellip;<\/p>\n","protected":false},"author":22,"featured_media":9625,"comment_status":"open","ping_status":"open","sticky":false,"template":"","format":"standard","meta":{"footnotes":""},"categories":[17,1],"tags":[],"class_list":["post-8829","post","type-post","status-publish","format-standard","has-post-thumbnail","hentry","category-culture-automobile","category-tous-les-articles"],"yoast_head":"<!-- This site is optimized with the Yoast SEO plugin v26.9 - https:\/\/yoast.com\/product\/yoast-seo-wordpress\/ -->\n<title>La vignette Crit\u2019Air des voitures de collection - Le blog des voitures de collection par Wedrivit<\/title>\n<meta name=\"description\" content=\"Une vignette Crit&#039;air pour les voitures de collection \u00e0 l&#039;avenir ? Nous vous expliquons tout ce que vous devez savoir sur le sujet dans cet article.\" \/>\n<meta name=\"robots\" content=\"index, follow, max-snippet:-1, max-image-preview:large, max-video-preview:-1\" \/>\n<link rel=\"canonical\" href=\"https:\/\/www.wedrivit.com\/blog\/voiture\/collection\/la-vignette-critair-des-voitures-de-collection\" \/>\n<meta property=\"og:locale\" content=\"fr_FR\" \/>\n<meta property=\"og:type\" content=\"article\" \/>\n<meta property=\"og:title\" content=\"La vignette Crit\u2019Air des voitures de collection - Le blog des voitures de collection par Wedrivit\" \/>\n<meta property=\"og:description\" content=\"Une vignette Crit&#039;air pour les voitures de collection \u00e0 l&#039;avenir ? Nous vous expliquons tout ce que vous devez savoir sur le sujet dans cet article.\" \/>\n<meta property=\"og:url\" content=\"https:\/\/www.wedrivit.com\/blog\/voiture\/collection\/la-vignette-critair-des-voitures-de-collection\" \/>\n<meta property=\"og:site_name\" content=\"Le blog des voitures de collection par Wedrivit\" \/>\n<meta property=\"article:published_time\" content=\"2023-06-01T14:26:48+00:00\" \/>\n<meta property=\"article:modified_time\" content=\"2023-07-03T13:49:38+00:00\" \/>\n<meta property=\"og:image\" content=\"https:\/\/www.wedrivit.com\/blog\/wp-content\/uploads\/2023\/05\/Sans-titre-14.jpg\" \/>\n\t<meta property=\"og:image:width\" content=\"300\" \/>\n\t<meta property=\"og:image:height\" content=\"168\" \/>\n\t<meta property=\"og:image:type\" content=\"image\/jpeg\" \/>\n<meta name=\"author\" content=\"Guillaume Ogier\" \/>\n<meta name=\"twitter:card\" content=\"summary_large_image\" \/>\n<meta name=\"twitter:label1\" content=\"\u00c9crit par\" \/>\n\t<meta name=\"twitter:data1\" content=\"Guillaume Ogier\" \/>\n\t<meta name=\"twitter:label2\" content=\"Dur\u00e9e de lecture estim\u00e9e\" \/>\n\t<meta name=\"twitter:data2\" content=\"3 minutes\" \/>\n<script type=\"application\/ld+json\" class=\"yoast-schema-graph\">{\"@context\":\"https:\/\/schema.org\",\"@graph\":[{\"@type\":\"Article\",\"@id\":\"https:\/\/www.wedrivit.com\/blog\/voiture\/collection\/la-vignette-critair-des-voitures-de-collection#article\",\"isPartOf\":{\"@id\":\"https:\/\/www.wedrivit.com\/blog\/voiture\/collection\/la-vignette-critair-des-voitures-de-collection\"},\"author\":{\"name\":\"Guillaume Ogier\",\"@id\":\"https:\/\/www.wedrivit.com\/blog\/#\/schema\/person\/d27de6551b194f72a8c634d91d17c4a8\"},\"headline\":\"La vignette Crit\u2019Air des voitures de collection\",\"datePublished\":\"2023-06-01T14:26:48+00:00\",\"dateModified\":\"2023-07-03T13:49:38+00:00\",\"mainEntityOfPage\":{\"@id\":\"https:\/\/www.wedrivit.com\/blog\/voiture\/collection\/la-vignette-critair-des-voitures-de-collection\"},\"wordCount\":592,\"commentCount\":2,\"publisher\":{\"@id\":\"https:\/\/www.wedrivit.com\/blog\/#organization\"},\"image\":{\"@id\":\"https:\/\/www.wedrivit.com\/blog\/voiture\/collection\/la-vignette-critair-des-voitures-de-collection#primaryimage\"},\"thumbnailUrl\":\"https:\/\/www.wedrivit.com\/blog\/wp-content\/uploads\/2023\/05\/Sans-titre-14.jpg\",\"articleSection\":[\"Culture Automobile\",\"Tous les articles\"],\"inLanguage\":\"fr-FR\",\"potentialAction\":[{\"@type\":\"CommentAction\",\"name\":\"Comment\",\"target\":[\"https:\/\/www.wedrivit.com\/blog\/voiture\/collection\/la-vignette-critair-des-voitures-de-collection#respond\"]}]},{\"@type\":\"WebPage\",\"@id\":\"https:\/\/www.wedrivit.com\/blog\/voiture\/collection\/la-vignette-critair-des-voitures-de-collection\",\"url\":\"https:\/\/www.wedrivit.com\/blog\/voiture\/collection\/la-vignette-critair-des-voitures-de-collection\",\"name\":\"La vignette Crit\u2019Air des voitures de collection - Le blog des voitures de collection par Wedrivit\",\"isPartOf\":{\"@id\":\"https:\/\/www.wedrivit.com\/blog\/#website\"},\"primaryImageOfPage\":{\"@id\":\"https:\/\/www.wedrivit.com\/blog\/voiture\/collection\/la-vignette-critair-des-voitures-de-collection#primaryimage\"},\"image\":{\"@id\":\"https:\/\/www.wedrivit.com\/blog\/voiture\/collection\/la-vignette-critair-des-voitures-de-collection#primaryimage\"},\"thumbnailUrl\":\"https:\/\/www.wedrivit.com\/blog\/wp-content\/uploads\/2023\/05\/Sans-titre-14.jpg\",\"datePublished\":\"2023-06-01T14:26:48+00:00\",\"dateModified\":\"2023-07-03T13:49:38+00:00\",\"description\":\"Une vignette Crit'air pour les voitures de collection \u00e0 l'avenir ? Nous vous expliquons tout ce que vous devez savoir sur le sujet dans cet article.\",\"breadcrumb\":{\"@id\":\"https:\/\/www.wedrivit.com\/blog\/voiture\/collection\/la-vignette-critair-des-voitures-de-collection#breadcrumb\"},\"inLanguage\":\"fr-FR\",\"potentialAction\":[{\"@type\":\"ReadAction\",\"target\":[\"https:\/\/www.wedrivit.com\/blog\/voiture\/collection\/la-vignette-critair-des-voitures-de-collection\"]}]},{\"@type\":\"ImageObject\",\"inLanguage\":\"fr-FR\",\"@id\":\"https:\/\/www.wedrivit.com\/blog\/voiture\/collection\/la-vignette-critair-des-voitures-de-collection#primaryimage\",\"url\":\"https:\/\/www.wedrivit.com\/blog\/wp-content\/uploads\/2023\/05\/Sans-titre-14.jpg\",\"contentUrl\":\"https:\/\/www.wedrivit.com\/blog\/wp-content\/uploads\/2023\/05\/Sans-titre-14.jpg\",\"width\":300,\"height\":168},{\"@type\":\"BreadcrumbList\",\"@id\":\"https:\/\/www.wedrivit.com\/blog\/voiture\/collection\/la-vignette-critair-des-voitures-de-collection#breadcrumb\",\"itemListElement\":[{\"@type\":\"ListItem\",\"position\":1,\"name\":\"Home\",\"item\":\"https:\/\/www.wedrivit.com\/blog\/\"},{\"@type\":\"ListItem\",\"position\":2,\"name\":\"La vignette Crit\u2019Air des voitures de collection\"}]},{\"@type\":\"WebSite\",\"@id\":\"https:\/\/www.wedrivit.com\/blog\/#website\",\"url\":\"https:\/\/www.wedrivit.com\/blog\/\",\"name\":\"Le blog des voitures de collection par Wedrivit\",\"description\":\"Tout savoir sur les voitures anciennes grace \u00e0 Wedrivit, la plateforme de location de voitures anciennes entre particuliers.\",\"publisher\":{\"@id\":\"https:\/\/www.wedrivit.com\/blog\/#organization\"},\"potentialAction\":[{\"@type\":\"SearchAction\",\"target\":{\"@type\":\"EntryPoint\",\"urlTemplate\":\"https:\/\/www.wedrivit.com\/blog\/?s={search_term_string}\"},\"query-input\":{\"@type\":\"PropertyValueSpecification\",\"valueRequired\":true,\"valueName\":\"search_term_string\"}}],\"inLanguage\":\"fr-FR\"},{\"@type\":\"Organization\",\"@id\":\"https:\/\/www.wedrivit.com\/blog\/#organization\",\"name\":\"Le blog des voitures de collection par Wedrivit\",\"url\":\"https:\/\/www.wedrivit.com\/blog\/\",\"logo\":{\"@type\":\"ImageObject\",\"inLanguage\":\"fr-FR\",\"@id\":\"https:\/\/www.wedrivit.com\/blog\/#\/schema\/logo\/image\/\",\"url\":\"https:\/\/www.wedrivit.com\/blog\/wp-content\/uploads\/2024\/12\/wedrivit-blanc-large-2.png\",\"contentUrl\":\"https:\/\/www.wedrivit.com\/blog\/wp-content\/uploads\/2024\/12\/wedrivit-blanc-large-2.png\",\"caption\":\"Le blog des voitures de collection par Wedrivit\"},\"image\":{\"@id\":\"https:\/\/www.wedrivit.com\/blog\/#\/schema\/logo\/image\/\"}},{\"@type\":\"Person\",\"@id\":\"https:\/\/www.wedrivit.com\/blog\/#\/schema\/person\/d27de6551b194f72a8c634d91d17c4a8\",\"name\":\"Guillaume Ogier\",\"image\":{\"@type\":\"ImageObject\",\"inLanguage\":\"fr-FR\",\"@id\":\"https:\/\/www.wedrivit.com\/blog\/#\/schema\/person\/image\/\",\"url\":\"https:\/\/secure.gravatar.com\/avatar\/f3fc96ea593e4f3703329c34ddca21b7974549f88d65520caa48388d25027dee?s=96&d=mm&r=g\",\"contentUrl\":\"https:\/\/secure.gravatar.com\/avatar\/f3fc96ea593e4f3703329c34ddca21b7974549f88d65520caa48388d25027dee?s=96&d=mm&r=g\",\"caption\":\"Guillaume Ogier\"},\"url\":\"https:\/\/www.wedrivit.com\/blog\/voiture\/collection\/author\/guillaume-ogier\"}]}<\/script>\n<!-- \/ Yoast SEO plugin. -->","yoast_head_json":{"title":"La vignette Crit\u2019Air des voitures de collection - Le blog des voitures de collection par Wedrivit","description":"Une vignette Crit'air pour les voitures de collection \u00e0 l'avenir ? Nous vous expliquons tout ce que vous devez savoir sur le sujet dans cet article.","robots":{"index":"index","follow":"follow","max-snippet":"max-snippet:-1","max-image-preview":"max-image-preview:large","max-video-preview":"max-video-preview:-1"},"canonical":"https:\/\/www.wedrivit.com\/blog\/voiture\/collection\/la-vignette-critair-des-voitures-de-collection","og_locale":"fr_FR","og_type":"article","og_title":"La vignette Crit\u2019Air des voitures de collection - Le blog des voitures de collection par Wedrivit","og_description":"Une vignette Crit'air pour les voitures de collection \u00e0 l'avenir ? Nous vous expliquons tout ce que vous devez savoir sur le sujet dans cet article.","og_url":"https:\/\/www.wedrivit.com\/blog\/voiture\/collection\/la-vignette-critair-des-voitures-de-collection","og_site_name":"Le blog des voitures de collection par Wedrivit","article_published_time":"2023-06-01T14:26:48+00:00","article_modified_time":"2023-07-03T13:49:38+00:00","og_image":[{"width":300,"height":168,"url":"https:\/\/www.wedrivit.com\/blog\/wp-content\/uploads\/2023\/05\/Sans-titre-14.jpg","type":"image\/jpeg"}],"author":"Guillaume Ogier","twitter_card":"summary_large_image","twitter_misc":{"\u00c9crit par":"Guillaume Ogier","Dur\u00e9e de lecture estim\u00e9e":"3 minutes"},"schema":{"@context":"https:\/\/schema.org","@graph":[{"@type":"Article","@id":"https:\/\/www.wedrivit.com\/blog\/voiture\/collection\/la-vignette-critair-des-voitures-de-collection#article","isPartOf":{"@id":"https:\/\/www.wedrivit.com\/blog\/voiture\/collection\/la-vignette-critair-des-voitures-de-collection"},"author":{"name":"Guillaume Ogier","@id":"https:\/\/www.wedrivit.com\/blog\/#\/schema\/person\/d27de6551b194f72a8c634d91d17c4a8"},"headline":"La vignette Crit\u2019Air des voitures de collection","datePublished":"2023-06-01T14:26:48+00:00","dateModified":"2023-07-03T13:49:38+00:00","mainEntityOfPage":{"@id":"https:\/\/www.wedrivit.com\/blog\/voiture\/collection\/la-vignette-critair-des-voitures-de-collection"},"wordCount":592,"commentCount":2,"publisher":{"@id":"https:\/\/www.wedrivit.com\/blog\/#organization"},"image":{"@id":"https:\/\/www.wedrivit.com\/blog\/voiture\/collection\/la-vignette-critair-des-voitures-de-collection#primaryimage"},"thumbnailUrl":"https:\/\/www.wedrivit.com\/blog\/wp-content\/uploads\/2023\/05\/Sans-titre-14.jpg","articleSection":["Culture Automobile","Tous les articles"],"inLanguage":"fr-FR","potentialAction":[{"@type":"CommentAction","name":"Comment","target":["https:\/\/www.wedrivit.com\/blog\/voiture\/collection\/la-vignette-critair-des-voitures-de-collection#respond"]}]},{"@type":"WebPage","@id":"https:\/\/www.wedrivit.com\/blog\/voiture\/collection\/la-vignette-critair-des-voitures-de-collection","url":"https:\/\/www.wedrivit.com\/blog\/voiture\/collection\/la-vignette-critair-des-voitures-de-collection","name":"La vignette Crit\u2019Air des voitures de collection - Le blog des voitures de collection par Wedrivit","isPartOf":{"@id":"https:\/\/www.wedrivit.com\/blog\/#website"},"primaryImageOfPage":{"@id":"https:\/\/www.wedrivit.com\/blog\/voiture\/collection\/la-vignette-critair-des-voitures-de-collection#primaryimage"},"image":{"@id":"https:\/\/www.wedrivit.com\/blog\/voiture\/collection\/la-vignette-critair-des-voitures-de-collection#primaryimage"},"thumbnailUrl":"https:\/\/www.wedrivit.com\/blog\/wp-content\/uploads\/2023\/05\/Sans-titre-14.jpg","datePublished":"2023-06-01T14:26:48+00:00","dateModified":"2023-07-03T13:49:38+00:00","description":"Une vignette Crit'air pour les voitures de collection \u00e0 l'avenir ? Nous vous expliquons tout ce que vous devez savoir sur le sujet dans cet article.","breadcrumb":{"@id":"https:\/\/www.wedrivit.com\/blog\/voiture\/collection\/la-vignette-critair-des-voitures-de-collection#breadcrumb"},"inLanguage":"fr-FR","potentialAction":[{"@type":"ReadAction","target":["https:\/\/www.wedrivit.com\/blog\/voiture\/collection\/la-vignette-critair-des-voitures-de-collection"]}]},{"@type":"ImageObject","inLanguage":"fr-FR","@id":"https:\/\/www.wedrivit.com\/blog\/voiture\/collection\/la-vignette-critair-des-voitures-de-collection#primaryimage","url":"https:\/\/www.wedrivit.com\/blog\/wp-content\/uploads\/2023\/05\/Sans-titre-14.jpg","contentUrl":"https:\/\/www.wedrivit.com\/blog\/wp-content\/uploads\/2023\/05\/Sans-titre-14.jpg","width":300,"height":168},{"@type":"BreadcrumbList","@id":"https:\/\/www.wedrivit.com\/blog\/voiture\/collection\/la-vignette-critair-des-voitures-de-collection#breadcrumb","itemListElement":[{"@type":"ListItem","position":1,"name":"Home","item":"https:\/\/www.wedrivit.com\/blog\/"},{"@type":"ListItem","position":2,"name":"La vignette Crit\u2019Air des voitures de collection"}]},{"@type":"WebSite","@id":"https:\/\/www.wedrivit.com\/blog\/#website","url":"https:\/\/www.wedrivit.com\/blog\/","name":"Le blog des voitures de collection par Wedrivit","description":"Tout savoir sur les voitures anciennes grace \u00e0 Wedrivit, la plateforme de location de voitures anciennes entre particuliers.","publisher":{"@id":"https:\/\/www.wedrivit.com\/blog\/#organization"},"potentialAction":[{"@type":"SearchAction","target":{"@type":"EntryPoint","urlTemplate":"https:\/\/www.wedrivit.com\/blog\/?s={search_term_string}"},"query-input":{"@type":"PropertyValueSpecification","valueRequired":true,"valueName":"search_term_string"}}],"inLanguage":"fr-FR"},{"@type":"Organization","@id":"https:\/\/www.wedrivit.com\/blog\/#organization","name":"Le blog des voitures de collection par Wedrivit","url":"https:\/\/www.wedrivit.com\/blog\/","logo":{"@type":"ImageObject","inLanguage":"fr-FR","@id":"https:\/\/www.wedrivit.com\/blog\/#\/schema\/logo\/image\/","url":"https:\/\/www.wedrivit.com\/blog\/wp-content\/uploads\/2024\/12\/wedrivit-blanc-large-2.png","contentUrl":"https:\/\/www.wedrivit.com\/blog\/wp-content\/uploads\/2024\/12\/wedrivit-blanc-large-2.png","caption":"Le blog des voitures de collection par Wedrivit"},"image":{"@id":"https:\/\/www.wedrivit.com\/blog\/#\/schema\/logo\/image\/"}},{"@type":"Person","@id":"https:\/\/www.wedrivit.com\/blog\/#\/schema\/person\/d27de6551b194f72a8c634d91d17c4a8","name":"Guillaume Ogier","image":{"@type":"ImageObject","inLanguage":"fr-FR","@id":"https:\/\/www.wedrivit.com\/blog\/#\/schema\/person\/image\/","url":"https:\/\/secure.gravatar.com\/avatar\/f3fc96ea593e4f3703329c34ddca21b7974549f88d65520caa48388d25027dee?s=96&d=mm&r=g","contentUrl":"https:\/\/secure.gravatar.com\/avatar\/f3fc96ea593e4f3703329c34ddca21b7974549f88d65520caa48388d25027dee?s=96&d=mm&r=g","caption":"Guillaume Ogier"},"url":"https:\/\/www.wedrivit.com\/blog\/voiture\/collection\/author\/guillaume-ogier"}]}},"_links":{"self":[{"href":"https:\/\/www.wedrivit.com\/blog\/wp-json\/wp\/v2\/posts\/8829","targetHints":{"allow":["GET"]}}],"collection":[{"href":"https:\/\/www.wedrivit.com\/blog\/wp-json\/wp\/v2\/posts"}],"about":[{"href":"https:\/\/www.wedrivit.com\/blog\/wp-json\/wp\/v2\/types\/post"}],"author":[{"embeddable":true,"href":"https:\/\/www.wedrivit.com\/blog\/wp-json\/wp\/v2\/users\/22"}],"replies":[{"embeddable":true,"href":"https:\/\/www.wedrivit.com\/blog\/wp-json\/wp\/v2\/comments?post=8829"}],"version-history":[{"count":59,"href":"https:\/\/www.wedrivit.com\/blog\/wp-json\/wp\/v2\/posts\/8829\/revisions"}],"predecessor-version":[{"id":9736,"href":"https:\/\/www.wedrivit.com\/blog\/wp-json\/wp\/v2\/posts\/8829\/revisions\/9736"}],"wp:featuredmedia":[{"embeddable":true,"href":"https:\/\/www.wedrivit.com\/blog\/wp-json\/wp\/v2\/media\/9625"}],"wp:attachment":[{"href":"https:\/\/www.wedrivit.com\/blog\/wp-json\/wp\/v2\/media?parent=8829"}],"wp:term":[{"taxonomy":"category","embeddable":true,"href":"https:\/\/www.wedrivit.com\/blog\/wp-json\/wp\/v2\/categories?post=8829"},{"taxonomy":"post_tag","embeddable":true,"href":"https:\/\/www.wedrivit.com\/blog\/wp-json\/wp\/v2\/tags?post=8829"}],"curies":[{"name":"wp","href":"https:\/\/api.w.org\/{rel}","templated":true}]}}