{"id":8017,"date":"2023-03-27T09:25:29","date_gmt":"2023-03-27T07:25:29","guid":{"rendered":"https:\/\/www.wedrivit.com\/blog\/?p=8017"},"modified":"2023-03-27T09:25:39","modified_gmt":"2023-03-27T07:25:39","slug":"top-10-des-voitures-de-collection-a-louer-en-france-2","status":"publish","type":"post","link":"https:\/\/www.wedrivit.com\/blog\/voiture\/collection\/top-10-des-voitures-de-collection-a-louer-en-france-2","title":{"rendered":"Top 10 des voitures de collection \u00e0 louer en France"},"content":{"rendered":"\t\t<div data-elementor-type=\"wp-post\" data-elementor-id=\"8017\" class=\"elementor elementor-8017\">\n\t\t\t\t\t\t<section class=\"elementor-section elementor-top-section elementor-element elementor-element-6479cb9 elementor-section-boxed elementor-section-height-default elementor-section-height-default\" data-id=\"6479cb9\" data-element_type=\"section\">\n\t\t\t\t\t\t<div class=\"elementor-container elementor-column-gap-default\">\n\t\t\t\t\t<div class=\"elementor-column elementor-col-100 elementor-top-column elementor-element elementor-element-5b5444e\" data-id=\"5b5444e\" data-element_type=\"column\">\n\t\t\t<div class=\"elementor-widget-wrap elementor-element-populated\">\n\t\t\t\t\t\t<div class=\"elementor-element elementor-element-b27d7b3 elementor-widget elementor-widget-text-editor\" data-id=\"b27d7b3\" data-element_type=\"widget\" data-widget_type=\"text-editor.default\">\n\t\t\t\t<div class=\"elementor-widget-container\">\n\t\t\t\t\t\t\t\t\t<p>Vous avez toujours r\u00eav\u00e9 de rouler dans <strong>une voiture de collection,<\/strong> mais vous h\u00e9sitez sur le choix du mod\u00e8le, vous voulez vous tenir informer des derni\u00e8re tendances ou vous souhaitez nourrir votre curiosit\u00e9. Alors vous \u00eates au bon endroit ! Dans cet article, nous avons dress\u00e9 pour vous <strong>le top 10 des voitures de collection \u00e0 louer en France<\/strong>.<\/p>\t\t\t\t\t\t\t\t<\/div>\n\t\t\t\t<\/div>\n\t\t\t\t\t<\/div>\n\t\t<\/div>\n\t\t\t\t\t<\/div>\n\t\t<\/section>\n\t\t\t\t<section class=\"elementor-section elementor-top-section elementor-element elementor-element-7b8fb02 elementor-section-boxed elementor-section-height-default elementor-section-height-default\" data-id=\"7b8fb02\" data-element_type=\"section\">\n\t\t\t\t\t\t<div class=\"elementor-container elementor-column-gap-default\">\n\t\t\t\t\t<div class=\"elementor-column elementor-col-100 elementor-top-column elementor-element elementor-element-effe1c5\" data-id=\"effe1c5\" data-element_type=\"column\">\n\t\t\t<div class=\"elementor-widget-wrap elementor-element-populated\">\n\t\t\t\t\t\t<div class=\"elementor-element elementor-element-8011a73 elementor-widget elementor-widget-heading\" data-id=\"8011a73\" data-element_type=\"widget\" data-widget_type=\"heading.default\">\n\t\t\t\t<div class=\"elementor-widget-container\">\n\t\t\t\t\t<h2 class=\"elementor-heading-title elementor-size-default\">C\u00eftroen 2CV<\/h2>\t\t\t\t<\/div>\n\t\t\t\t<\/div>\n\t\t\t\t<div class=\"elementor-element elementor-element-405c4ee elementor-widget elementor-widget-text-editor\" data-id=\"405c4ee\" data-element_type=\"widget\" data-widget_type=\"text-editor.default\">\n\t\t\t\t<div class=\"elementor-widget-container\">\n\t\t\t\t\t\t\t\t\t<p>La <strong>2cv<\/strong><strong> de C\u00eftroen<\/strong> est l&rsquo;une des <strong>voitures fran\u00e7aises<\/strong> les plus vendues avec pr\u00e8s de 5 millions d&rsquo;exemplaires. Elle est particuli\u00e8rement aim\u00e9e des collectionneurs pour son embl\u00e9matique repr\u00e9sentation de la <strong>France des ann\u00e9es 60<\/strong>.<\/p><p>En effet, son toit en forme de parapluie et son design dynamique la rendent <strong>parfaite pour une balade<\/strong> ou pour un <a href=\"https:\/\/www.wedrivit.com\/blog\/voiture\/collection\/voiture-ancienne-mariage\/\">mariage<\/a><strong>. <\/strong><\/p>\t\t\t\t\t\t\t\t<\/div>\n\t\t\t\t<\/div>\n\t\t\t\t<div class=\"elementor-element elementor-element-124fe89 elementor-widget elementor-widget-image\" data-id=\"124fe89\" data-element_type=\"widget\" data-widget_type=\"image.default\">\n\t\t\t\t<div class=\"elementor-widget-container\">\n\t\t\t\t\t\t\t\t\t\t\t\t\t\t\t<img fetchpriority=\"high\" decoding=\"async\" width=\"1000\" height=\"667\" src=\"https:\/\/www.wedrivit.com\/blog\/wp-content\/uploads\/2023\/02\/1666786799270IlCy8mfdwvl3MfSJvypiaYToH.jpg\" class=\"attachment-large size-large wp-image-7816\" alt=\"\" \/>\t\t\t\t\t\t\t\t\t\t\t\t\t\t\t<\/div>\n\t\t\t\t<\/div>\n\t\t\t\t<div class=\"elementor-element elementor-element-2af03ae elementor-align-center elementor-widget elementor-widget-button\" data-id=\"2af03ae\" data-element_type=\"widget\" data-widget_type=\"button.default\">\n\t\t\t\t<div class=\"elementor-widget-container\">\n\t\t\t\t\t\t\t\t\t<div class=\"elementor-button-wrapper\">\n\t\t\t\t\t<a class=\"elementor-button elementor-button-link elementor-size-sm\" href=\"https:\/\/www.wedrivit.com\/location\/voiture\/2cv\/\">\n\t\t\t\t\t\t<span class=\"elementor-button-content-wrapper\">\n\t\t\t\t\t\t\t\t\t<span class=\"elementor-button-text\">Louez une 2CV<\/span>\n\t\t\t\t\t<\/span>\n\t\t\t\t\t<\/a>\n\t\t\t\t<\/div>\n\t\t\t\t\t\t\t\t<\/div>\n\t\t\t\t<\/div>\n\t\t\t\t<div class=\"elementor-element elementor-element-54e468c elementor-widget elementor-widget-spacer\" data-id=\"54e468c\" data-element_type=\"widget\" data-widget_type=\"spacer.default\">\n\t\t\t\t<div class=\"elementor-widget-container\">\n\t\t\t\t\t\t\t<div class=\"elementor-spacer\">\n\t\t\t<div class=\"elementor-spacer-inner\"><\/div>\n\t\t<\/div>\n\t\t\t\t\t\t<\/div>\n\t\t\t\t<\/div>\n\t\t\t\t\t<\/div>\n\t\t<\/div>\n\t\t\t\t\t<\/div>\n\t\t<\/section>\n\t\t\t\t<section class=\"elementor-section elementor-top-section elementor-element elementor-element-9dad245 elementor-section-boxed elementor-section-height-default elementor-section-height-default\" data-id=\"9dad245\" data-element_type=\"section\">\n\t\t\t\t\t\t<div class=\"elementor-container elementor-column-gap-default\">\n\t\t\t\t\t<div class=\"elementor-column elementor-col-100 elementor-top-column elementor-element elementor-element-31ec52c\" data-id=\"31ec52c\" data-element_type=\"column\">\n\t\t\t<div class=\"elementor-widget-wrap elementor-element-populated\">\n\t\t\t\t\t\t<div class=\"elementor-element elementor-element-08a9483 elementor-widget elementor-widget-heading\" data-id=\"08a9483\" data-element_type=\"widget\" data-widget_type=\"heading.default\">\n\t\t\t\t<div class=\"elementor-widget-container\">\n\t\t\t\t\t<h2 class=\"elementor-heading-title elementor-size-default\">TRIUMPH SPITFIRE\n<\/h2>\t\t\t\t<\/div>\n\t\t\t\t<\/div>\n\t\t\t\t<div class=\"elementor-element elementor-element-75c2fd0 elementor-widget elementor-widget-text-editor\" data-id=\"75c2fd0\" data-element_type=\"widget\" data-widget_type=\"text-editor.default\">\n\t\t\t\t<div class=\"elementor-widget-container\">\n\t\t\t\t\t\t\t\t\t<p>On ne peut pas parler voiture de collection sans parler de la <strong>Triumph<\/strong> et plus pr\u00e9cis\u00e9ment de sa c\u00e9l\u00e8bre <strong>Spitfire<\/strong>. La <strong>voiture de sport<\/strong> \u00e0 deux places a \u00e9t\u00e9 produite des ann\u00e9es 1962 \u00e0 1980. L&rsquo;automobile est d\u00e9clin\u00e9e sous cinq versions : la spitfire4, la spitfire4 Mk2, la spitfire Mk3, la Spitfire MkIV et enfin la Spitfire 1500.<\/p><p>Son toit d\u00e9capotable, son design d\u00e9licat et son caract\u00e8re sportif font de la voiture ancienne un mod\u00e8le ind\u00e9modable et incontournable.<\/p>\t\t\t\t\t\t\t\t<\/div>\n\t\t\t\t<\/div>\n\t\t\t\t<div class=\"elementor-element elementor-element-3fd1140 elementor-widget elementor-widget-image\" data-id=\"3fd1140\" data-element_type=\"widget\" data-widget_type=\"image.default\">\n\t\t\t\t<div class=\"elementor-widget-container\">\n\t\t\t\t\t\t\t\t\t\t\t\t\t\t\t<img decoding=\"async\" width=\"1000\" height=\"751\" src=\"https:\/\/www.wedrivit.com\/blog\/wp-content\/uploads\/2023\/02\/1644938334437Qc1EU5YkuFymkdHCL9dKwPaNT-1.jpg\" class=\"attachment-large size-large wp-image-7815\" alt=\"\" \/>\t\t\t\t\t\t\t\t\t\t\t\t\t\t\t<\/div>\n\t\t\t\t<\/div>\n\t\t\t\t<div class=\"elementor-element elementor-element-a8f4ff2 elementor-align-center elementor-widget elementor-widget-button\" data-id=\"a8f4ff2\" data-element_type=\"widget\" data-widget_type=\"button.default\">\n\t\t\t\t<div class=\"elementor-widget-container\">\n\t\t\t\t\t\t\t\t\t<div class=\"elementor-button-wrapper\">\n\t\t\t\t\t<a class=\"elementor-button elementor-button-link elementor-size-sm\" href=\"https:\/\/www.wedrivit.com\/location\/voiture\/modeles\/triumphspitfire\/\">\n\t\t\t\t\t\t<span class=\"elementor-button-content-wrapper\">\n\t\t\t\t\t\t\t\t\t<span class=\"elementor-button-text\">Louez une SPITFIRE<\/span>\n\t\t\t\t\t<\/span>\n\t\t\t\t\t<\/a>\n\t\t\t\t<\/div>\n\t\t\t\t\t\t\t\t<\/div>\n\t\t\t\t<\/div>\n\t\t\t\t<div class=\"elementor-element elementor-element-077501a elementor-widget elementor-widget-spacer\" data-id=\"077501a\" data-element_type=\"widget\" data-widget_type=\"spacer.default\">\n\t\t\t\t<div class=\"elementor-widget-container\">\n\t\t\t\t\t\t\t<div class=\"elementor-spacer\">\n\t\t\t<div class=\"elementor-spacer-inner\"><\/div>\n\t\t<\/div>\n\t\t\t\t\t\t<\/div>\n\t\t\t\t<\/div>\n\t\t\t\t\t<\/div>\n\t\t<\/div>\n\t\t\t\t\t<\/div>\n\t\t<\/section>\n\t\t\t\t<section class=\"elementor-section elementor-top-section elementor-element elementor-element-0c10196 elementor-section-boxed elementor-section-height-default elementor-section-height-default\" data-id=\"0c10196\" data-element_type=\"section\">\n\t\t\t\t\t\t<div class=\"elementor-container elementor-column-gap-default\">\n\t\t\t\t\t<div class=\"elementor-column elementor-col-100 elementor-top-column elementor-element elementor-element-e89dd97\" data-id=\"e89dd97\" data-element_type=\"column\">\n\t\t\t<div class=\"elementor-widget-wrap elementor-element-populated\">\n\t\t\t\t\t\t<div class=\"elementor-element elementor-element-78b2f34 elementor-widget elementor-widget-heading\" data-id=\"78b2f34\" data-element_type=\"widget\" data-widget_type=\"heading.default\">\n\t\t\t\t<div class=\"elementor-widget-container\">\n\t\t\t\t\t<h2 class=\"elementor-heading-title elementor-size-default\">Fiat 500 <\/h2>\t\t\t\t<\/div>\n\t\t\t\t<\/div>\n\t\t\t\t<div class=\"elementor-element elementor-element-0d164fd elementor-widget elementor-widget-text-editor\" data-id=\"0d164fd\" data-element_type=\"widget\" data-widget_type=\"text-editor.default\">\n\t\t\t\t<div class=\"elementor-widget-container\">\n\t\t\t\t\t\t\t\t\t<p>La <strong>fiat 500<\/strong> est une voiture l\u00e9g\u00e8re et passe-partout qui saura vous emmenez o\u00f9 vous le souhaitez. Elle est parfaite pour les ballades en ville ou dans ses alentours. Ses <strong>airs italiens<\/strong> sont parfaits pour les soirs d&rsquo;\u00e9t\u00e9, les mariages ou encore une escapade en amoureux.<\/p>\t\t\t\t\t\t\t\t<\/div>\n\t\t\t\t<\/div>\n\t\t\t\t<div class=\"elementor-element elementor-element-d3c6ca3 elementor-widget elementor-widget-image\" data-id=\"d3c6ca3\" data-element_type=\"widget\" data-widget_type=\"image.default\">\n\t\t\t\t<div class=\"elementor-widget-container\">\n\t\t\t\t\t\t\t\t\t\t\t\t\t\t\t<img decoding=\"async\" width=\"720\" height=\"480\" src=\"https:\/\/www.wedrivit.com\/blog\/wp-content\/uploads\/2023\/02\/b9a32ec8f9a08825e66cc4e419e9b006.jpg\" class=\"attachment-large size-large wp-image-7818\" alt=\"\" \/>\t\t\t\t\t\t\t\t\t\t\t\t\t\t\t<\/div>\n\t\t\t\t<\/div>\n\t\t\t\t<div class=\"elementor-element elementor-element-cc44c34 elementor-align-center elementor-widget elementor-widget-button\" data-id=\"cc44c34\" data-element_type=\"widget\" data-widget_type=\"button.default\">\n\t\t\t\t<div class=\"elementor-widget-container\">\n\t\t\t\t\t\t\t\t\t<div class=\"elementor-button-wrapper\">\n\t\t\t\t\t<a class=\"elementor-button elementor-button-link elementor-size-sm\" href=\"https:\/\/www.wedrivit.com\/location\/voiture\/fiat-500\/\">\n\t\t\t\t\t\t<span class=\"elementor-button-content-wrapper\">\n\t\t\t\t\t\t\t\t\t<span class=\"elementor-button-text\">Louez une FIAT 500<\/span>\n\t\t\t\t\t<\/span>\n\t\t\t\t\t<\/a>\n\t\t\t\t<\/div>\n\t\t\t\t\t\t\t\t<\/div>\n\t\t\t\t<\/div>\n\t\t\t\t<div class=\"elementor-element elementor-element-c7fecd8 elementor-widget elementor-widget-spacer\" data-id=\"c7fecd8\" data-element_type=\"widget\" data-widget_type=\"spacer.default\">\n\t\t\t\t<div class=\"elementor-widget-container\">\n\t\t\t\t\t\t\t<div class=\"elementor-spacer\">\n\t\t\t<div class=\"elementor-spacer-inner\"><\/div>\n\t\t<\/div>\n\t\t\t\t\t\t<\/div>\n\t\t\t\t<\/div>\n\t\t\t\t\t<\/div>\n\t\t<\/div>\n\t\t\t\t\t<\/div>\n\t\t<\/section>\n\t\t\t\t<section class=\"elementor-section elementor-top-section elementor-element elementor-element-4a45d1d elementor-section-boxed elementor-section-height-default elementor-section-height-default\" data-id=\"4a45d1d\" data-element_type=\"section\">\n\t\t\t\t\t\t<div class=\"elementor-container elementor-column-gap-default\">\n\t\t\t\t\t<div class=\"elementor-column elementor-col-100 elementor-top-column elementor-element elementor-element-ee5fab9\" data-id=\"ee5fab9\" data-element_type=\"column\">\n\t\t\t<div class=\"elementor-widget-wrap elementor-element-populated\">\n\t\t\t\t\t\t<div class=\"elementor-element elementor-element-98d1d4f elementor-widget elementor-widget-heading\" data-id=\"98d1d4f\" data-element_type=\"widget\" data-widget_type=\"heading.default\">\n\t\t\t\t<div class=\"elementor-widget-container\">\n\t\t\t\t\t<h2 class=\"elementor-heading-title elementor-size-default\">Mercedes 450 SLC <\/h2>\t\t\t\t<\/div>\n\t\t\t\t<\/div>\n\t\t\t\t<div class=\"elementor-element elementor-element-7ebe24d elementor-widget elementor-widget-text-editor\" data-id=\"7ebe24d\" data-element_type=\"widget\" data-widget_type=\"text-editor.default\">\n\t\t\t\t<div class=\"elementor-widget-container\">\n\t\t\t\t\t\t\t\t\t<p>Les automobiles de collections <strong>Mercedes<\/strong> ne sont pas des v\u00e9hicules ordinaires, ce sont des mod\u00e8les authentique \u00e0 l&rsquo;esth\u00e9tique original. En effet, la <strong>450 slc<\/strong> est une de ses voitures\u00a0 qui a fait la renomm\u00e9 de la marque. Son design am\u00e9ricain, sa solidit\u00e9 et sa puissance lui donnent un charme rare et unique.<\/p>\t\t\t\t\t\t\t\t<\/div>\n\t\t\t\t<\/div>\n\t\t\t\t<div class=\"elementor-element elementor-element-15ac6fb elementor-widget elementor-widget-image\" data-id=\"15ac6fb\" data-element_type=\"widget\" data-widget_type=\"image.default\">\n\t\t\t\t<div class=\"elementor-widget-container\">\n\t\t\t\t\t\t\t\t\t\t\t\t\t\t\t<img loading=\"lazy\" decoding=\"async\" width=\"720\" height=\"540\" src=\"https:\/\/www.wedrivit.com\/blog\/wp-content\/uploads\/2023\/02\/bbc461b41dfe3732781209296e843c8e.jpeg\" class=\"attachment-large size-large wp-image-7819\" alt=\"\" \/>\t\t\t\t\t\t\t\t\t\t\t\t\t\t\t<\/div>\n\t\t\t\t<\/div>\n\t\t\t\t<div class=\"elementor-element elementor-element-d52809a elementor-widget elementor-widget-text-editor\" data-id=\"d52809a\" data-element_type=\"widget\" data-widget_type=\"text-editor.default\">\n\t\t\t\t<div class=\"elementor-widget-container\">\n\t\t\t\t\t\t\t\t\t<p>Elle se d\u00e9cline aussi en autre version tout aussi appr\u00e9ci\u00e9 par les fans de voiture ancienne comme : la <strong>Mercedes 280 SE<\/strong>, la <strong>Mercedes 230 SE<\/strong> ou encore la <strong>Mercedes 200D<\/strong>.<\/p>\t\t\t\t\t\t\t\t<\/div>\n\t\t\t\t<\/div>\n\t\t\t\t<div class=\"elementor-element elementor-element-1b9dfad elementor-align-center elementor-widget elementor-widget-button\" data-id=\"1b9dfad\" data-element_type=\"widget\" data-widget_type=\"button.default\">\n\t\t\t\t<div class=\"elementor-widget-container\">\n\t\t\t\t\t\t\t\t\t<div class=\"elementor-button-wrapper\">\n\t\t\t\t\t<a class=\"elementor-button elementor-button-link elementor-size-sm\" href=\"https:\/\/www.wedrivit.com\/location\/voiture\/mercedes\/\">\n\t\t\t\t\t\t<span class=\"elementor-button-content-wrapper\">\n\t\t\t\t\t\t\t\t\t<span class=\"elementor-button-text\">Louez une Mercedes<\/span>\n\t\t\t\t\t<\/span>\n\t\t\t\t\t<\/a>\n\t\t\t\t<\/div>\n\t\t\t\t\t\t\t\t<\/div>\n\t\t\t\t<\/div>\n\t\t\t\t\t<\/div>\n\t\t<\/div>\n\t\t\t\t\t<\/div>\n\t\t<\/section>\n\t\t\t\t<section class=\"elementor-section elementor-top-section elementor-element elementor-element-77f1a42 elementor-section-boxed elementor-section-height-default elementor-section-height-default\" data-id=\"77f1a42\" data-element_type=\"section\">\n\t\t\t\t\t\t<div class=\"elementor-container elementor-column-gap-default\">\n\t\t\t\t\t<div class=\"elementor-column elementor-col-100 elementor-top-column elementor-element elementor-element-4952b77\" data-id=\"4952b77\" data-element_type=\"column\">\n\t\t\t<div class=\"elementor-widget-wrap elementor-element-populated\">\n\t\t\t\t\t\t<div class=\"elementor-element elementor-element-ddded7f elementor-widget elementor-widget-heading\" data-id=\"ddded7f\" data-element_type=\"widget\" data-widget_type=\"heading.default\">\n\t\t\t\t<div class=\"elementor-widget-container\">\n\t\t\t\t\t<h2 class=\"elementor-heading-title elementor-size-default\">Porsche 911 <\/h2>\t\t\t\t<\/div>\n\t\t\t\t<\/div>\n\t\t\t\t<div class=\"elementor-element elementor-element-8f6a7a6 elementor-widget elementor-widget-text-editor\" data-id=\"8f6a7a6\" data-element_type=\"widget\" data-widget_type=\"text-editor.default\">\n\t\t\t\t<div class=\"elementor-widget-container\">\n\t\t\t\t\t\t\t\t\t<p>Le c\u00e9l\u00e8bre constructeur italien fait bien entendu parti de ce top avec sa fameuse <strong>911<\/strong>. Une voiture appr\u00e9ci\u00e9e et approuv\u00e9e \u00e0 l&rsquo;unanimit\u00e9 par tous les collectionneurs et amateurs de voitures de collections. La voiture est la plus connue de la marque <strong>Porsche<\/strong>.<\/p><p>Ses courbes et son charme vous transporteront dans des balades l\u00e9g\u00e8res et pleines de vies.<\/p>\t\t\t\t\t\t\t\t<\/div>\n\t\t\t\t<\/div>\n\t\t\t\t<div class=\"elementor-element elementor-element-7bfc5f6 elementor-widget elementor-widget-image\" data-id=\"7bfc5f6\" data-element_type=\"widget\" data-widget_type=\"image.default\">\n\t\t\t\t<div class=\"elementor-widget-container\">\n\t\t\t\t\t\t\t\t\t\t\t\t\t\t\t<img loading=\"lazy\" decoding=\"async\" width=\"720\" height=\"462\" src=\"https:\/\/www.wedrivit.com\/blog\/wp-content\/uploads\/2023\/02\/ce722820f5e276597ee956cd32b83b67.jpg\" class=\"attachment-large size-large wp-image-7828\" alt=\"\" \/>\t\t\t\t\t\t\t\t\t\t\t\t\t\t\t<\/div>\n\t\t\t\t<\/div>\n\t\t\t\t<div class=\"elementor-element elementor-element-2181343 elementor-align-center elementor-widget elementor-widget-button\" data-id=\"2181343\" data-element_type=\"widget\" data-widget_type=\"button.default\">\n\t\t\t\t<div class=\"elementor-widget-container\">\n\t\t\t\t\t\t\t\t\t<div class=\"elementor-button-wrapper\">\n\t\t\t\t\t<a class=\"elementor-button elementor-button-link elementor-size-sm\" href=\"https:\/\/www.wedrivit.com\/location\/voiture\/modeles\/porsche911\/\">\n\t\t\t\t\t\t<span class=\"elementor-button-content-wrapper\">\n\t\t\t\t\t\t\t\t\t<span class=\"elementor-button-text\">Louez une Porsche 911<\/span>\n\t\t\t\t\t<\/span>\n\t\t\t\t\t<\/a>\n\t\t\t\t<\/div>\n\t\t\t\t\t\t\t\t<\/div>\n\t\t\t\t<\/div>\n\t\t\t\t\t<\/div>\n\t\t<\/div>\n\t\t\t\t\t<\/div>\n\t\t<\/section>\n\t\t\t\t<section class=\"elementor-section elementor-top-section elementor-element elementor-element-063d913 elementor-section-boxed elementor-section-height-default elementor-section-height-default\" data-id=\"063d913\" data-element_type=\"section\">\n\t\t\t\t\t\t<div class=\"elementor-container elementor-column-gap-default\">\n\t\t\t\t\t<div class=\"elementor-column elementor-col-100 elementor-top-column elementor-element elementor-element-fbfa89d\" data-id=\"fbfa89d\" data-element_type=\"column\">\n\t\t\t<div class=\"elementor-widget-wrap elementor-element-populated\">\n\t\t\t\t\t\t<div class=\"elementor-element elementor-element-51bd44d elementor-widget elementor-widget-heading\" data-id=\"51bd44d\" data-element_type=\"widget\" data-widget_type=\"heading.default\">\n\t\t\t\t<div class=\"elementor-widget-container\">\n\t\t\t\t\t<h2 class=\"elementor-heading-title elementor-size-default\">VOLKSWAGEN COCCINELLE<\/h2>\t\t\t\t<\/div>\n\t\t\t\t<\/div>\n\t\t\t\t<div class=\"elementor-element elementor-element-c8e8109 elementor-widget elementor-widget-text-editor\" data-id=\"c8e8109\" data-element_type=\"widget\" data-widget_type=\"text-editor.default\">\n\t\t\t\t<div class=\"elementor-widget-container\">\n\t\t\t\t\t\t\t\t\t<p>Les<strong> collectionneurs<\/strong> appr\u00e9cient la <strong>Coccinelle<\/strong> pour plusieurs raisons, notamment son histoire, son design r\u00e9tro, sa popularit\u00e9 aupr\u00e8s du grand public et sa capacit\u00e9 \u00e0 r\u00e9sister \u00e0 l&rsquo;\u00e9preuve du temps. Elle est devenue un symbole de l&rsquo;\u00e8re hippie et du mouvement de la contre-culture des ann\u00e9es 1960, ce qui lui a valu une place sp\u00e9ciale dans l&rsquo;histoire de la culture populaire.<\/p><p>Elle est sans aucun doute l&rsquo;une des voitures les plus appr\u00e9ci\u00e9es de ce top et sa place dans le c\u0153ur des collectionneurs n&rsquo;est plus \u00e0 discuter.<\/p>\t\t\t\t\t\t\t\t<\/div>\n\t\t\t\t<\/div>\n\t\t\t\t<div class=\"elementor-element elementor-element-a201adb elementor-widget elementor-widget-image\" data-id=\"a201adb\" data-element_type=\"widget\" data-widget_type=\"image.default\">\n\t\t\t\t<div class=\"elementor-widget-container\">\n\t\t\t\t\t\t\t\t\t\t\t\t\t\t\t<img loading=\"lazy\" decoding=\"async\" width=\"1000\" height=\"715\" src=\"https:\/\/www.wedrivit.com\/blog\/wp-content\/uploads\/2023\/02\/1648413200923VY4owEmcjtKiBGwTs1S7LzTmN.jpeg\" class=\"attachment-large size-large wp-image-7829\" alt=\"\" \/>\t\t\t\t\t\t\t\t\t\t\t\t\t\t\t<\/div>\n\t\t\t\t<\/div>\n\t\t\t\t<div class=\"elementor-element elementor-element-88a7c48 elementor-align-center elementor-widget elementor-widget-button\" data-id=\"88a7c48\" data-element_type=\"widget\" data-widget_type=\"button.default\">\n\t\t\t\t<div class=\"elementor-widget-container\">\n\t\t\t\t\t\t\t\t\t<div class=\"elementor-button-wrapper\">\n\t\t\t\t\t<a class=\"elementor-button elementor-button-link elementor-size-sm\" href=\"https:\/\/www.wedrivit.com\/location\/voiture\/vw-coccinelle\/\">\n\t\t\t\t\t\t<span class=\"elementor-button-content-wrapper\">\n\t\t\t\t\t\t\t\t\t<span class=\"elementor-button-text\">Louez une Coccinelle<\/span>\n\t\t\t\t\t<\/span>\n\t\t\t\t\t<\/a>\n\t\t\t\t<\/div>\n\t\t\t\t\t\t\t\t<\/div>\n\t\t\t\t<\/div>\n\t\t\t\t\t<\/div>\n\t\t<\/div>\n\t\t\t\t\t<\/div>\n\t\t<\/section>\n\t\t\t\t<section class=\"elementor-section elementor-top-section elementor-element elementor-element-cc60301 elementor-section-boxed elementor-section-height-default elementor-section-height-default\" data-id=\"cc60301\" data-element_type=\"section\">\n\t\t\t\t\t\t<div class=\"elementor-container elementor-column-gap-default\">\n\t\t\t\t\t<div class=\"elementor-column elementor-col-100 elementor-top-column elementor-element elementor-element-b5da724\" data-id=\"b5da724\" data-element_type=\"column\">\n\t\t\t<div class=\"elementor-widget-wrap elementor-element-populated\">\n\t\t\t\t\t\t<div class=\"elementor-element elementor-element-b8fc988 elementor-widget elementor-widget-heading\" data-id=\"b8fc988\" data-element_type=\"widget\" data-widget_type=\"heading.default\">\n\t\t\t\t<div class=\"elementor-widget-container\">\n\t\t\t\t\t<h2 class=\"elementor-heading-title elementor-size-default\">C\u00eftroen DS <\/h2>\t\t\t\t<\/div>\n\t\t\t\t<\/div>\n\t\t\t\t<div class=\"elementor-element elementor-element-772b960 elementor-widget elementor-widget-text-editor\" data-id=\"772b960\" data-element_type=\"widget\" data-widget_type=\"text-editor.default\">\n\t\t\t\t<div class=\"elementor-widget-container\">\n\t\t\t\t\t\t\t\t\t<p><strong>C\u00eftroen<\/strong> se retrouve une nouvelle fois dans ce top avec sa\u00a0 <strong>DS<\/strong>. Son design unique et \u00e9l\u00e9gant est consid\u00e9r\u00e9 comme l&rsquo;un des plus beaux jamais cr\u00e9\u00e9s pour une voiture, avec une <strong>carrosserie a\u00e9rodynamique<\/strong> et des <strong>lignes fluides.<\/strong> Elle \u00e9tait \u00e0 l&rsquo;\u00e9poque \u00e0 la pointe de l&rsquo;innovation technologique\u00a0 avec des caract\u00e9ristiques telles que la <strong>suspension hydropneumatique<\/strong> et un <strong>syst\u00e8me de freinage assist\u00e9<\/strong>.<\/p><p>Avec seulement 1 million d&rsquo;exemplaires produits, la voiture du <a href=\"https:\/\/www.wedrivit.com\/blog\/voiture\/collection\/les-voitures-des-presidents-francais\/\"><strong>pr\u00e9sident De Gaule<\/strong><\/a> se fait rare et attire par cet effet les collectionneurs.<\/p>\t\t\t\t\t\t\t\t<\/div>\n\t\t\t\t<\/div>\n\t\t\t\t<div class=\"elementor-element elementor-element-48d0a5b elementor-widget elementor-widget-image\" data-id=\"48d0a5b\" data-element_type=\"widget\" data-widget_type=\"image.default\">\n\t\t\t\t<div class=\"elementor-widget-container\">\n\t\t\t\t\t\t\t\t\t\t\t\t\t\t\t<img loading=\"lazy\" decoding=\"async\" width=\"720\" height=\"483\" src=\"https:\/\/www.wedrivit.com\/blog\/wp-content\/uploads\/2023\/02\/7032d473a71fc51fe691e364f86d8893.jpg\" class=\"attachment-large size-large wp-image-7830\" alt=\"d\u00e9terminer valeur voiture ancienne\" \/>\t\t\t\t\t\t\t\t\t\t\t\t\t\t\t<\/div>\n\t\t\t\t<\/div>\n\t\t\t\t<div class=\"elementor-element elementor-element-e567db2 elementor-align-center elementor-widget elementor-widget-button\" data-id=\"e567db2\" data-element_type=\"widget\" data-widget_type=\"button.default\">\n\t\t\t\t<div class=\"elementor-widget-container\">\n\t\t\t\t\t\t\t\t\t<div class=\"elementor-button-wrapper\">\n\t\t\t\t\t<a class=\"elementor-button elementor-button-link elementor-size-sm\" href=\"https:\/\/www.wedrivit.com\/location\/voiture\/citroen-ds\/\">\n\t\t\t\t\t\t<span class=\"elementor-button-content-wrapper\">\n\t\t\t\t\t\t\t\t\t<span class=\"elementor-button-text\">Louez une DS<\/span>\n\t\t\t\t\t<\/span>\n\t\t\t\t\t<\/a>\n\t\t\t\t<\/div>\n\t\t\t\t\t\t\t\t<\/div>\n\t\t\t\t<\/div>\n\t\t\t\t\t<\/div>\n\t\t<\/div>\n\t\t\t\t\t<\/div>\n\t\t<\/section>\n\t\t\t\t<section class=\"elementor-section elementor-top-section elementor-element elementor-element-cdb308e elementor-section-boxed elementor-section-height-default elementor-section-height-default\" data-id=\"cdb308e\" data-element_type=\"section\">\n\t\t\t\t\t\t<div class=\"elementor-container elementor-column-gap-default\">\n\t\t\t\t\t<div class=\"elementor-column elementor-col-100 elementor-top-column elementor-element elementor-element-ff37f19\" data-id=\"ff37f19\" data-element_type=\"column\">\n\t\t\t<div class=\"elementor-widget-wrap elementor-element-populated\">\n\t\t\t\t\t\t<div class=\"elementor-element elementor-element-bd042a6 elementor-widget elementor-widget-heading\" data-id=\"bd042a6\" data-element_type=\"widget\" data-widget_type=\"heading.default\">\n\t\t\t\t<div class=\"elementor-widget-container\">\n\t\t\t\t\t<h2 class=\"elementor-heading-title elementor-size-default\">Ford Mustang<\/h2>\t\t\t\t<\/div>\n\t\t\t\t<\/div>\n\t\t\t\t<div class=\"elementor-element elementor-element-394d30a elementor-widget elementor-widget-text-editor\" data-id=\"394d30a\" data-element_type=\"widget\" data-widget_type=\"text-editor.default\">\n\t\t\t\t<div class=\"elementor-widget-container\">\n\t\t\t\t\t\t\t\t\t<p>La <strong>Ford Mustang<\/strong> a \u00e9t\u00e9 introduite en 1964 et a imm\u00e9diatement captiv\u00e9 l&rsquo;imagination des conducteurs avec son design sportif et sa puissance. Elle est consid\u00e9r\u00e9e comme l&rsquo;une des <strong>premi\u00e8res voitures de sport<\/strong> <strong>abordables<\/strong>, ce qui l&rsquo;a rendue accessible \u00e0 un plus grand nombre de personnes.<\/p><p>Elle renvoie directement \u00e0 la culture am\u00e9ricaine des ann\u00e9es <strong>60\/70<\/strong>. \u00catre \u00e0 son volant, c&rsquo;est un peu comme voyager dans le temps et se connecter directement \u00e0 cette p\u00e9riode.<\/p>\t\t\t\t\t\t\t\t<\/div>\n\t\t\t\t<\/div>\n\t\t\t\t<div class=\"elementor-element elementor-element-05ae05e elementor-widget elementor-widget-image\" data-id=\"05ae05e\" data-element_type=\"widget\" data-widget_type=\"image.default\">\n\t\t\t\t<div class=\"elementor-widget-container\">\n\t\t\t\t\t\t\t\t\t\t\t\t\t\t\t<img loading=\"lazy\" decoding=\"async\" width=\"1000\" height=\"450\" src=\"https:\/\/www.wedrivit.com\/blog\/wp-content\/uploads\/2023\/02\/1676228516666bZFWBp63i69KaN46eIoabRBGG.jpg\" class=\"attachment-large size-large wp-image-7831\" alt=\"\" \/>\t\t\t\t\t\t\t\t\t\t\t\t\t\t\t<\/div>\n\t\t\t\t<\/div>\n\t\t\t\t<div class=\"elementor-element elementor-element-a64b884 elementor-align-center elementor-widget elementor-widget-button\" data-id=\"a64b884\" data-element_type=\"widget\" data-widget_type=\"button.default\">\n\t\t\t\t<div class=\"elementor-widget-container\">\n\t\t\t\t\t\t\t\t\t<div class=\"elementor-button-wrapper\">\n\t\t\t\t\t<a class=\"elementor-button elementor-button-link elementor-size-sm\" href=\"https:\/\/www.wedrivit.com\/location\/voiture\/mustang\/\">\n\t\t\t\t\t\t<span class=\"elementor-button-content-wrapper\">\n\t\t\t\t\t\t\t\t\t<span class=\"elementor-button-text\">Louez une Mustang<\/span>\n\t\t\t\t\t<\/span>\n\t\t\t\t\t<\/a>\n\t\t\t\t<\/div>\n\t\t\t\t\t\t\t\t<\/div>\n\t\t\t\t<\/div>\n\t\t\t\t\t<\/div>\n\t\t<\/div>\n\t\t\t\t\t<\/div>\n\t\t<\/section>\n\t\t\t\t<section class=\"elementor-section elementor-top-section elementor-element elementor-element-d948b5b elementor-section-boxed elementor-section-height-default elementor-section-height-default\" data-id=\"d948b5b\" data-element_type=\"section\">\n\t\t\t\t\t\t<div class=\"elementor-container elementor-column-gap-default\">\n\t\t\t\t\t<div class=\"elementor-column elementor-col-100 elementor-top-column elementor-element elementor-element-28b2418\" data-id=\"28b2418\" data-element_type=\"column\">\n\t\t\t<div class=\"elementor-widget-wrap elementor-element-populated\">\n\t\t\t\t\t\t<div class=\"elementor-element elementor-element-a62b646 elementor-widget elementor-widget-heading\" data-id=\"a62b646\" data-element_type=\"widget\" data-widget_type=\"heading.default\">\n\t\t\t\t<div class=\"elementor-widget-container\">\n\t\t\t\t\t<h2 class=\"elementor-heading-title elementor-size-default\">VOLKSWAGEN COMBI<\/h2>\t\t\t\t<\/div>\n\t\t\t\t<\/div>\n\t\t\t\t<div class=\"elementor-element elementor-element-cf66137 elementor-widget elementor-widget-text-editor\" data-id=\"cf66137\" data-element_type=\"widget\" data-widget_type=\"text-editor.default\">\n\t\t\t\t<div class=\"elementor-widget-container\">\n\t\t\t\t\t\t\t\t\t<p>En circulation depuis 1950 le <strong>VW combi,<\/strong> \u00e9galement appel\u00e9 <strong>type 2<\/strong>, est une ic\u00f4ne de la marque allemande et plus g\u00e9n\u00e9ralement du monde de la collection.<\/p><p>Il est parfait pour des <a href=\"https:\/\/www.wedrivit.com\/blog\/voiture\/collection\/la-van-life-en-van-de-collection\/\"><strong>balades de longues dur\u00e9es sur la cote<\/strong><\/a>. Son ambivalence lui donne de nombreuses qualit\u00e9s et vous offre un confort au plus proche de la nature.<\/p>\t\t\t\t\t\t\t\t<\/div>\n\t\t\t\t<\/div>\n\t\t\t\t<div class=\"elementor-element elementor-element-e6f248c elementor-widget elementor-widget-image\" data-id=\"e6f248c\" data-element_type=\"widget\" data-widget_type=\"image.default\">\n\t\t\t\t<div class=\"elementor-widget-container\">\n\t\t\t\t\t\t\t\t\t\t\t\t\t\t\t<img loading=\"lazy\" decoding=\"async\" width=\"700\" height=\"468\" src=\"https:\/\/www.wedrivit.com\/blog\/wp-content\/uploads\/2023\/02\/1624351286640k5Cwta1sGNsj7ydZ4bSB6AaHu.jpg\" class=\"attachment-large size-large wp-image-7832\" alt=\"\" \/>\t\t\t\t\t\t\t\t\t\t\t\t\t\t\t<\/div>\n\t\t\t\t<\/div>\n\t\t\t\t<div class=\"elementor-element elementor-element-4ec1f88 elementor-align-center elementor-widget elementor-widget-button\" data-id=\"4ec1f88\" data-element_type=\"widget\" data-widget_type=\"button.default\">\n\t\t\t\t<div class=\"elementor-widget-container\">\n\t\t\t\t\t\t\t\t\t<div class=\"elementor-button-wrapper\">\n\t\t\t\t\t<a class=\"elementor-button elementor-button-link elementor-size-sm\" href=\"https:\/\/www.wedrivit.com\/location\/voiture\/vw-combi\/\">\n\t\t\t\t\t\t<span class=\"elementor-button-content-wrapper\">\n\t\t\t\t\t\t\t\t\t<span class=\"elementor-button-text\">Louez un Combi<\/span>\n\t\t\t\t\t<\/span>\n\t\t\t\t\t<\/a>\n\t\t\t\t<\/div>\n\t\t\t\t\t\t\t\t<\/div>\n\t\t\t\t<\/div>\n\t\t\t\t\t<\/div>\n\t\t<\/div>\n\t\t\t\t\t<\/div>\n\t\t<\/section>\n\t\t\t\t<section class=\"elementor-section elementor-top-section elementor-element elementor-element-20e3d41 elementor-section-boxed elementor-section-height-default elementor-section-height-default\" data-id=\"20e3d41\" data-element_type=\"section\">\n\t\t\t\t\t\t<div class=\"elementor-container elementor-column-gap-default\">\n\t\t\t\t\t<div class=\"elementor-column elementor-col-100 elementor-top-column elementor-element elementor-element-ad2dc92\" data-id=\"ad2dc92\" data-element_type=\"column\">\n\t\t\t<div class=\"elementor-widget-wrap elementor-element-populated\">\n\t\t\t\t\t\t<div class=\"elementor-element elementor-element-97d840d elementor-widget elementor-widget-heading\" data-id=\"97d840d\" data-element_type=\"widget\" data-widget_type=\"heading.default\">\n\t\t\t\t<div class=\"elementor-widget-container\">\n\t\t\t\t\t<h2 class=\"elementor-heading-title elementor-size-default\">Austin Mini <\/h2>\t\t\t\t<\/div>\n\t\t\t\t<\/div>\n\t\t\t\t<div class=\"elementor-element elementor-element-5d4c7a8 elementor-widget elementor-widget-text-editor\" data-id=\"5d4c7a8\" data-element_type=\"widget\" data-widget_type=\"text-editor.default\">\n\t\t\t\t<div class=\"elementor-widget-container\">\n\t\t\t\t\t\t\t\t\t<p>L&rsquo;<strong>Austin Mini<\/strong> est une voiture britannique de petite taille avec un design \u00e9l\u00e9gant et raffin\u00e9. Sa raret\u00e9 n\u2019emp\u00eache pas aux amateurs et aux collectionneurs\u00a0 de l&rsquo;adoraient, elle est parfaite pour une ballade l\u00e9g\u00e8re et chic.<\/p>\t\t\t\t\t\t\t\t<\/div>\n\t\t\t\t<\/div>\n\t\t\t\t<div class=\"elementor-element elementor-element-3beec01 elementor-widget elementor-widget-image\" data-id=\"3beec01\" data-element_type=\"widget\" data-widget_type=\"image.default\">\n\t\t\t\t<div class=\"elementor-widget-container\">\n\t\t\t\t\t\t\t\t\t\t\t\t\t\t\t<img loading=\"lazy\" decoding=\"async\" width=\"1000\" height=\"750\" src=\"https:\/\/www.wedrivit.com\/blog\/wp-content\/uploads\/2023\/02\/1654612039663Qln4RDjDzNXirUoc3UzWmJc7Y.jpg\" class=\"attachment-large size-large wp-image-7834\" alt=\"\" \/>\t\t\t\t\t\t\t\t\t\t\t\t\t\t\t<\/div>\n\t\t\t\t<\/div>\n\t\t\t\t<div class=\"elementor-element elementor-element-f2da8ac elementor-align-center elementor-widget elementor-widget-button\" data-id=\"f2da8ac\" data-element_type=\"widget\" data-widget_type=\"button.default\">\n\t\t\t\t<div class=\"elementor-widget-container\">\n\t\t\t\t\t\t\t\t\t<div class=\"elementor-button-wrapper\">\n\t\t\t\t\t<a class=\"elementor-button elementor-button-link elementor-size-sm\" href=\"https:\/\/www.wedrivit.com\/location\/voiture\/modeles\/austinmini\/\">\n\t\t\t\t\t\t<span class=\"elementor-button-content-wrapper\">\n\t\t\t\t\t\t\t\t\t<span class=\"elementor-button-text\">Louez une Austin Mini<\/span>\n\t\t\t\t\t<\/span>\n\t\t\t\t\t<\/a>\n\t\t\t\t<\/div>\n\t\t\t\t\t\t\t\t<\/div>\n\t\t\t\t<\/div>\n\t\t\t\t\t<\/div>\n\t\t<\/div>\n\t\t\t\t\t<\/div>\n\t\t<\/section>\n\t\t\t\t<section class=\"elementor-section elementor-top-section elementor-element elementor-element-1bdf812 elementor-section-boxed elementor-section-height-default elementor-section-height-default\" data-id=\"1bdf812\" data-element_type=\"section\">\n\t\t\t\t\t\t<div class=\"elementor-container elementor-column-gap-default\">\n\t\t\t\t\t<div class=\"elementor-column elementor-col-100 elementor-top-column elementor-element elementor-element-32aea5a\" data-id=\"32aea5a\" data-element_type=\"column\">\n\t\t\t<div class=\"elementor-widget-wrap elementor-element-populated\">\n\t\t\t\t\t\t<div class=\"elementor-element elementor-element-6bdba00 elementor-widget elementor-widget-spacer\" data-id=\"6bdba00\" data-element_type=\"widget\" data-widget_type=\"spacer.default\">\n\t\t\t\t<div class=\"elementor-widget-container\">\n\t\t\t\t\t\t\t<div class=\"elementor-spacer\">\n\t\t\t<div class=\"elementor-spacer-inner\"><\/div>\n\t\t<\/div>\n\t\t\t\t\t\t<\/div>\n\t\t\t\t<\/div>\n\t\t\t\t<div class=\"elementor-element elementor-element-a973888 elementor-widget elementor-widget-text-editor\" data-id=\"a973888\" data-element_type=\"widget\" data-widget_type=\"text-editor.default\">\n\t\t\t\t<div class=\"elementor-widget-container\">\n\t\t\t\t\t\t\t\t\t<p>Malheureusement, le <strong>top 10 des voitures de collection \u00e0 louer en France<\/strong> ne permet pas de mettre en avant tout les mod\u00e8les de collections. Voici quelques <strong>mentions honorables<\/strong>\u00a0 :<\/p><p>C\u00eftroen M\u00e9hari, Triumph Tr3, C\u00eftroen Traction, Peugeot 304, Renault 4L, Chevrolet Corvette, MG B, Rolls Royce, MGA, Mercedes 560 SL<\/p>\t\t\t\t\t\t\t\t<\/div>\n\t\t\t\t<\/div>\n\t\t\t\t\t<\/div>\n\t\t<\/div>\n\t\t\t\t\t<\/div>\n\t\t<\/section>\n\t\t\t\t<section class=\"elementor-section elementor-top-section elementor-element elementor-element-565c59d elementor-section-boxed elementor-section-height-default elementor-section-height-default\" data-id=\"565c59d\" data-element_type=\"section\">\n\t\t\t\t\t\t<div class=\"elementor-container elementor-column-gap-default\">\n\t\t\t\t\t<div class=\"elementor-column elementor-col-100 elementor-top-column elementor-element elementor-element-b3db8df\" data-id=\"b3db8df\" data-element_type=\"column\">\n\t\t\t<div class=\"elementor-widget-wrap elementor-element-populated\">\n\t\t\t\t\t\t<div class=\"elementor-element elementor-element-53a5ab6 elementor-widget elementor-widget-text-editor\" data-id=\"53a5ab6\" data-element_type=\"widget\" data-widget_type=\"text-editor.default\">\n\t\t\t\t<div class=\"elementor-widget-container\">\n\t\t\t\t\t\t\t\t\t<p>Voici d&rsquo;autres articles qui pourraient vous plaire :\u00a0<\/p><blockquote><p><a href=\"https:\/\/www.wedrivit.com\/blog\/voiture\/anglaises\/mythiques\/cinema\/\">Les 6 voitures anglaises mythiques du cin\u00e9ma<\/a><\/p><p><a href=\"https:\/\/www.wedrivit.com\/blog\/voiture\/collection\/parcourir-la-france-sur-les-lieux-de-tournage-de-vos-films-preferes\/\">Parcourir la France sur les lieux de tournage de vos films pr\u00e9f\u00e9r\u00e9s<\/a><\/p><p><a href=\"https:\/\/www.wedrivit.com\/blog\/voiture\/collection\/top-les-voitures-qui-ont-inspire-des-films\/\">Top 5 : les films inspir\u00e9s de voitures anciennes<\/a><\/p><\/blockquote>\t\t\t\t\t\t\t\t<\/div>\n\t\t\t\t<\/div>\n\t\t\t\t\t<\/div>\n\t\t<\/div>\n\t\t\t\t\t<\/div>\n\t\t<\/section>\n\t\t\t\t<\/div>\n\t\t","protected":false},"excerpt":{"rendered":"<p>Vous avez toujours r\u00eav\u00e9 de rouler dans une voiture de collection, mais vous h\u00e9sitez sur le choix du mod\u00e8le, vous&hellip;<\/p>\n","protected":false},"author":22,"featured_media":4380,"comment_status":"open","ping_status":"open","sticky":false,"template":"","format":"standard","meta":{"footnotes":""},"categories":[17,1],"tags":[],"class_list":["post-8017","post","type-post","status-publish","format-standard","has-post-thumbnail","hentry","category-culture-automobile","category-tous-les-articles"],"yoast_head":"<!-- This site is optimized with the Yoast SEO plugin v26.9 - https:\/\/yoast.com\/product\/yoast-seo-wordpress\/ -->\n<title>Top 10 des voitures de collection \u00e0 louer en France - Le blog des voitures de collection par Wedrivit<\/title>\n<meta name=\"description\" content=\"Vous \u00eates amateur d&#039;automobile ancienne ? Dans cet article, nous avons dress\u00e9 pour vous le top 10 des voitures de collection \u00e0 louer en France.\" \/>\n<meta name=\"robots\" content=\"index, follow, max-snippet:-1, max-image-preview:large, max-video-preview:-1\" \/>\n<link rel=\"canonical\" href=\"https:\/\/www.wedrivit.com\/blog\/voiture\/collection\/top-10-des-voitures-de-collection-a-louer-en-france-2\" \/>\n<meta property=\"og:locale\" content=\"fr_FR\" \/>\n<meta property=\"og:type\" content=\"article\" \/>\n<meta property=\"og:title\" content=\"Top 10 des voitures de collection \u00e0 louer en France - Le blog des voitures de collection par Wedrivit\" \/>\n<meta property=\"og:description\" content=\"Vous \u00eates amateur d&#039;automobile ancienne ? Dans cet article, nous avons dress\u00e9 pour vous le top 10 des voitures de collection \u00e0 louer en France.\" \/>\n<meta property=\"og:url\" content=\"https:\/\/www.wedrivit.com\/blog\/voiture\/collection\/top-10-des-voitures-de-collection-a-louer-en-france-2\" \/>\n<meta property=\"og:site_name\" content=\"Le blog des voitures de collection par Wedrivit\" \/>\n<meta property=\"article:published_time\" content=\"2023-03-27T07:25:29+00:00\" \/>\n<meta property=\"article:modified_time\" content=\"2023-03-27T07:25:39+00:00\" \/>\n<meta property=\"og:image\" content=\"https:\/\/www.wedrivit.com\/blog\/wp-content\/uploads\/2021\/09\/CITROEN-DS-WEDRIVIT.jpeg\" \/>\n\t<meta property=\"og:image:width\" content=\"720\" \/>\n\t<meta property=\"og:image:height\" content=\"483\" \/>\n\t<meta property=\"og:image:type\" content=\"image\/jpeg\" \/>\n<meta name=\"author\" content=\"Guillaume Ogier\" \/>\n<meta name=\"twitter:card\" content=\"summary_large_image\" \/>\n<meta name=\"twitter:label1\" content=\"\u00c9crit par\" \/>\n\t<meta name=\"twitter:data1\" content=\"Guillaume Ogier\" \/>\n\t<meta name=\"twitter:label2\" content=\"Dur\u00e9e de lecture estim\u00e9e\" \/>\n\t<meta name=\"twitter:data2\" content=\"4 minutes\" \/>\n<script type=\"application\/ld+json\" class=\"yoast-schema-graph\">{\"@context\":\"https:\/\/schema.org\",\"@graph\":[{\"@type\":\"Article\",\"@id\":\"https:\/\/www.wedrivit.com\/blog\/voiture\/collection\/top-10-des-voitures-de-collection-a-louer-en-france-2#article\",\"isPartOf\":{\"@id\":\"https:\/\/www.wedrivit.com\/blog\/voiture\/collection\/top-10-des-voitures-de-collection-a-louer-en-france-2\"},\"author\":{\"name\":\"Guillaume Ogier\",\"@id\":\"https:\/\/www.wedrivit.com\/blog\/#\/schema\/person\/d27de6551b194f72a8c634d91d17c4a8\"},\"headline\":\"Top 10 des voitures de collection \u00e0 louer en France\",\"datePublished\":\"2023-03-27T07:25:29+00:00\",\"dateModified\":\"2023-03-27T07:25:39+00:00\",\"mainEntityOfPage\":{\"@id\":\"https:\/\/www.wedrivit.com\/blog\/voiture\/collection\/top-10-des-voitures-de-collection-a-louer-en-france-2\"},\"wordCount\":924,\"commentCount\":0,\"publisher\":{\"@id\":\"https:\/\/www.wedrivit.com\/blog\/#organization\"},\"image\":{\"@id\":\"https:\/\/www.wedrivit.com\/blog\/voiture\/collection\/top-10-des-voitures-de-collection-a-louer-en-france-2#primaryimage\"},\"thumbnailUrl\":\"https:\/\/www.wedrivit.com\/blog\/wp-content\/uploads\/2021\/09\/CITROEN-DS-WEDRIVIT.jpeg\",\"articleSection\":[\"Culture Automobile\",\"Tous les articles\"],\"inLanguage\":\"fr-FR\",\"potentialAction\":[{\"@type\":\"CommentAction\",\"name\":\"Comment\",\"target\":[\"https:\/\/www.wedrivit.com\/blog\/voiture\/collection\/top-10-des-voitures-de-collection-a-louer-en-france-2#respond\"]}]},{\"@type\":\"WebPage\",\"@id\":\"https:\/\/www.wedrivit.com\/blog\/voiture\/collection\/top-10-des-voitures-de-collection-a-louer-en-france-2\",\"url\":\"https:\/\/www.wedrivit.com\/blog\/voiture\/collection\/top-10-des-voitures-de-collection-a-louer-en-france-2\",\"name\":\"Top 10 des voitures de collection \u00e0 louer en France - Le blog des voitures de collection par Wedrivit\",\"isPartOf\":{\"@id\":\"https:\/\/www.wedrivit.com\/blog\/#website\"},\"primaryImageOfPage\":{\"@id\":\"https:\/\/www.wedrivit.com\/blog\/voiture\/collection\/top-10-des-voitures-de-collection-a-louer-en-france-2#primaryimage\"},\"image\":{\"@id\":\"https:\/\/www.wedrivit.com\/blog\/voiture\/collection\/top-10-des-voitures-de-collection-a-louer-en-france-2#primaryimage\"},\"thumbnailUrl\":\"https:\/\/www.wedrivit.com\/blog\/wp-content\/uploads\/2021\/09\/CITROEN-DS-WEDRIVIT.jpeg\",\"datePublished\":\"2023-03-27T07:25:29+00:00\",\"dateModified\":\"2023-03-27T07:25:39+00:00\",\"description\":\"Vous \u00eates amateur d'automobile ancienne ? Dans cet article, nous avons dress\u00e9 pour vous le top 10 des voitures de collection \u00e0 louer en France.\",\"breadcrumb\":{\"@id\":\"https:\/\/www.wedrivit.com\/blog\/voiture\/collection\/top-10-des-voitures-de-collection-a-louer-en-france-2#breadcrumb\"},\"inLanguage\":\"fr-FR\",\"potentialAction\":[{\"@type\":\"ReadAction\",\"target\":[\"https:\/\/www.wedrivit.com\/blog\/voiture\/collection\/top-10-des-voitures-de-collection-a-louer-en-france-2\"]}]},{\"@type\":\"ImageObject\",\"inLanguage\":\"fr-FR\",\"@id\":\"https:\/\/www.wedrivit.com\/blog\/voiture\/collection\/top-10-des-voitures-de-collection-a-louer-en-france-2#primaryimage\",\"url\":\"https:\/\/www.wedrivit.com\/blog\/wp-content\/uploads\/2021\/09\/CITROEN-DS-WEDRIVIT.jpeg\",\"contentUrl\":\"https:\/\/www.wedrivit.com\/blog\/wp-content\/uploads\/2021\/09\/CITROEN-DS-WEDRIVIT.jpeg\",\"width\":720,\"height\":483,\"caption\":\"Citro\u00ebn DS grise, l'une des voiture de collection les plus vendues\"},{\"@type\":\"BreadcrumbList\",\"@id\":\"https:\/\/www.wedrivit.com\/blog\/voiture\/collection\/top-10-des-voitures-de-collection-a-louer-en-france-2#breadcrumb\",\"itemListElement\":[{\"@type\":\"ListItem\",\"position\":1,\"name\":\"Home\",\"item\":\"https:\/\/www.wedrivit.com\/blog\/\"},{\"@type\":\"ListItem\",\"position\":2,\"name\":\"Top 10 des voitures de collection \u00e0 louer en France\"}]},{\"@type\":\"WebSite\",\"@id\":\"https:\/\/www.wedrivit.com\/blog\/#website\",\"url\":\"https:\/\/www.wedrivit.com\/blog\/\",\"name\":\"Le blog des voitures de collection par Wedrivit\",\"description\":\"Tout savoir sur les voitures anciennes grace \u00e0 Wedrivit, la plateforme de location de voitures anciennes entre particuliers.\",\"publisher\":{\"@id\":\"https:\/\/www.wedrivit.com\/blog\/#organization\"},\"potentialAction\":[{\"@type\":\"SearchAction\",\"target\":{\"@type\":\"EntryPoint\",\"urlTemplate\":\"https:\/\/www.wedrivit.com\/blog\/?s={search_term_string}\"},\"query-input\":{\"@type\":\"PropertyValueSpecification\",\"valueRequired\":true,\"valueName\":\"search_term_string\"}}],\"inLanguage\":\"fr-FR\"},{\"@type\":\"Organization\",\"@id\":\"https:\/\/www.wedrivit.com\/blog\/#organization\",\"name\":\"Le blog des voitures de collection par Wedrivit\",\"url\":\"https:\/\/www.wedrivit.com\/blog\/\",\"logo\":{\"@type\":\"ImageObject\",\"inLanguage\":\"fr-FR\",\"@id\":\"https:\/\/www.wedrivit.com\/blog\/#\/schema\/logo\/image\/\",\"url\":\"https:\/\/www.wedrivit.com\/blog\/wp-content\/uploads\/2024\/12\/wedrivit-blanc-large-2.png\",\"contentUrl\":\"https:\/\/www.wedrivit.com\/blog\/wp-content\/uploads\/2024\/12\/wedrivit-blanc-large-2.png\",\"caption\":\"Le blog des voitures de collection par Wedrivit\"},\"image\":{\"@id\":\"https:\/\/www.wedrivit.com\/blog\/#\/schema\/logo\/image\/\"}},{\"@type\":\"Person\",\"@id\":\"https:\/\/www.wedrivit.com\/blog\/#\/schema\/person\/d27de6551b194f72a8c634d91d17c4a8\",\"name\":\"Guillaume Ogier\",\"image\":{\"@type\":\"ImageObject\",\"inLanguage\":\"fr-FR\",\"@id\":\"https:\/\/www.wedrivit.com\/blog\/#\/schema\/person\/image\/\",\"url\":\"https:\/\/secure.gravatar.com\/avatar\/f3fc96ea593e4f3703329c34ddca21b7974549f88d65520caa48388d25027dee?s=96&d=mm&r=g\",\"contentUrl\":\"https:\/\/secure.gravatar.com\/avatar\/f3fc96ea593e4f3703329c34ddca21b7974549f88d65520caa48388d25027dee?s=96&d=mm&r=g\",\"caption\":\"Guillaume Ogier\"},\"url\":\"https:\/\/www.wedrivit.com\/blog\/voiture\/collection\/author\/guillaume-ogier\"}]}<\/script>\n<!-- \/ Yoast SEO plugin. -->","yoast_head_json":{"title":"Top 10 des voitures de collection \u00e0 louer en France - Le blog des voitures de collection par Wedrivit","description":"Vous \u00eates amateur d'automobile ancienne ? Dans cet article, nous avons dress\u00e9 pour vous le top 10 des voitures de collection \u00e0 louer en France.","robots":{"index":"index","follow":"follow","max-snippet":"max-snippet:-1","max-image-preview":"max-image-preview:large","max-video-preview":"max-video-preview:-1"},"canonical":"https:\/\/www.wedrivit.com\/blog\/voiture\/collection\/top-10-des-voitures-de-collection-a-louer-en-france-2","og_locale":"fr_FR","og_type":"article","og_title":"Top 10 des voitures de collection \u00e0 louer en France - Le blog des voitures de collection par Wedrivit","og_description":"Vous \u00eates amateur d'automobile ancienne ? Dans cet article, nous avons dress\u00e9 pour vous le top 10 des voitures de collection \u00e0 louer en France.","og_url":"https:\/\/www.wedrivit.com\/blog\/voiture\/collection\/top-10-des-voitures-de-collection-a-louer-en-france-2","og_site_name":"Le blog des voitures de collection par Wedrivit","article_published_time":"2023-03-27T07:25:29+00:00","article_modified_time":"2023-03-27T07:25:39+00:00","og_image":[{"width":720,"height":483,"url":"https:\/\/www.wedrivit.com\/blog\/wp-content\/uploads\/2021\/09\/CITROEN-DS-WEDRIVIT.jpeg","type":"image\/jpeg"}],"author":"Guillaume Ogier","twitter_card":"summary_large_image","twitter_misc":{"\u00c9crit par":"Guillaume Ogier","Dur\u00e9e de lecture estim\u00e9e":"4 minutes"},"schema":{"@context":"https:\/\/schema.org","@graph":[{"@type":"Article","@id":"https:\/\/www.wedrivit.com\/blog\/voiture\/collection\/top-10-des-voitures-de-collection-a-louer-en-france-2#article","isPartOf":{"@id":"https:\/\/www.wedrivit.com\/blog\/voiture\/collection\/top-10-des-voitures-de-collection-a-louer-en-france-2"},"author":{"name":"Guillaume Ogier","@id":"https:\/\/www.wedrivit.com\/blog\/#\/schema\/person\/d27de6551b194f72a8c634d91d17c4a8"},"headline":"Top 10 des voitures de collection \u00e0 louer en France","datePublished":"2023-03-27T07:25:29+00:00","dateModified":"2023-03-27T07:25:39+00:00","mainEntityOfPage":{"@id":"https:\/\/www.wedrivit.com\/blog\/voiture\/collection\/top-10-des-voitures-de-collection-a-louer-en-france-2"},"wordCount":924,"commentCount":0,"publisher":{"@id":"https:\/\/www.wedrivit.com\/blog\/#organization"},"image":{"@id":"https:\/\/www.wedrivit.com\/blog\/voiture\/collection\/top-10-des-voitures-de-collection-a-louer-en-france-2#primaryimage"},"thumbnailUrl":"https:\/\/www.wedrivit.com\/blog\/wp-content\/uploads\/2021\/09\/CITROEN-DS-WEDRIVIT.jpeg","articleSection":["Culture Automobile","Tous les articles"],"inLanguage":"fr-FR","potentialAction":[{"@type":"CommentAction","name":"Comment","target":["https:\/\/www.wedrivit.com\/blog\/voiture\/collection\/top-10-des-voitures-de-collection-a-louer-en-france-2#respond"]}]},{"@type":"WebPage","@id":"https:\/\/www.wedrivit.com\/blog\/voiture\/collection\/top-10-des-voitures-de-collection-a-louer-en-france-2","url":"https:\/\/www.wedrivit.com\/blog\/voiture\/collection\/top-10-des-voitures-de-collection-a-louer-en-france-2","name":"Top 10 des voitures de collection \u00e0 louer en France - Le blog des voitures de collection par Wedrivit","isPartOf":{"@id":"https:\/\/www.wedrivit.com\/blog\/#website"},"primaryImageOfPage":{"@id":"https:\/\/www.wedrivit.com\/blog\/voiture\/collection\/top-10-des-voitures-de-collection-a-louer-en-france-2#primaryimage"},"image":{"@id":"https:\/\/www.wedrivit.com\/blog\/voiture\/collection\/top-10-des-voitures-de-collection-a-louer-en-france-2#primaryimage"},"thumbnailUrl":"https:\/\/www.wedrivit.com\/blog\/wp-content\/uploads\/2021\/09\/CITROEN-DS-WEDRIVIT.jpeg","datePublished":"2023-03-27T07:25:29+00:00","dateModified":"2023-03-27T07:25:39+00:00","description":"Vous \u00eates amateur d'automobile ancienne ? Dans cet article, nous avons dress\u00e9 pour vous le top 10 des voitures de collection \u00e0 louer en France.","breadcrumb":{"@id":"https:\/\/www.wedrivit.com\/blog\/voiture\/collection\/top-10-des-voitures-de-collection-a-louer-en-france-2#breadcrumb"},"inLanguage":"fr-FR","potentialAction":[{"@type":"ReadAction","target":["https:\/\/www.wedrivit.com\/blog\/voiture\/collection\/top-10-des-voitures-de-collection-a-louer-en-france-2"]}]},{"@type":"ImageObject","inLanguage":"fr-FR","@id":"https:\/\/www.wedrivit.com\/blog\/voiture\/collection\/top-10-des-voitures-de-collection-a-louer-en-france-2#primaryimage","url":"https:\/\/www.wedrivit.com\/blog\/wp-content\/uploads\/2021\/09\/CITROEN-DS-WEDRIVIT.jpeg","contentUrl":"https:\/\/www.wedrivit.com\/blog\/wp-content\/uploads\/2021\/09\/CITROEN-DS-WEDRIVIT.jpeg","width":720,"height":483,"caption":"Citro\u00ebn DS grise, l'une des voiture de collection les plus vendues"},{"@type":"BreadcrumbList","@id":"https:\/\/www.wedrivit.com\/blog\/voiture\/collection\/top-10-des-voitures-de-collection-a-louer-en-france-2#breadcrumb","itemListElement":[{"@type":"ListItem","position":1,"name":"Home","item":"https:\/\/www.wedrivit.com\/blog\/"},{"@type":"ListItem","position":2,"name":"Top 10 des voitures de collection \u00e0 louer en France"}]},{"@type":"WebSite","@id":"https:\/\/www.wedrivit.com\/blog\/#website","url":"https:\/\/www.wedrivit.com\/blog\/","name":"Le blog des voitures de collection par Wedrivit","description":"Tout savoir sur les voitures anciennes grace \u00e0 Wedrivit, la plateforme de location de voitures anciennes entre particuliers.","publisher":{"@id":"https:\/\/www.wedrivit.com\/blog\/#organization"},"potentialAction":[{"@type":"SearchAction","target":{"@type":"EntryPoint","urlTemplate":"https:\/\/www.wedrivit.com\/blog\/?s={search_term_string}"},"query-input":{"@type":"PropertyValueSpecification","valueRequired":true,"valueName":"search_term_string"}}],"inLanguage":"fr-FR"},{"@type":"Organization","@id":"https:\/\/www.wedrivit.com\/blog\/#organization","name":"Le blog des voitures de collection par Wedrivit","url":"https:\/\/www.wedrivit.com\/blog\/","logo":{"@type":"ImageObject","inLanguage":"fr-FR","@id":"https:\/\/www.wedrivit.com\/blog\/#\/schema\/logo\/image\/","url":"https:\/\/www.wedrivit.com\/blog\/wp-content\/uploads\/2024\/12\/wedrivit-blanc-large-2.png","contentUrl":"https:\/\/www.wedrivit.com\/blog\/wp-content\/uploads\/2024\/12\/wedrivit-blanc-large-2.png","caption":"Le blog des voitures de collection par Wedrivit"},"image":{"@id":"https:\/\/www.wedrivit.com\/blog\/#\/schema\/logo\/image\/"}},{"@type":"Person","@id":"https:\/\/www.wedrivit.com\/blog\/#\/schema\/person\/d27de6551b194f72a8c634d91d17c4a8","name":"Guillaume Ogier","image":{"@type":"ImageObject","inLanguage":"fr-FR","@id":"https:\/\/www.wedrivit.com\/blog\/#\/schema\/person\/image\/","url":"https:\/\/secure.gravatar.com\/avatar\/f3fc96ea593e4f3703329c34ddca21b7974549f88d65520caa48388d25027dee?s=96&d=mm&r=g","contentUrl":"https:\/\/secure.gravatar.com\/avatar\/f3fc96ea593e4f3703329c34ddca21b7974549f88d65520caa48388d25027dee?s=96&d=mm&r=g","caption":"Guillaume Ogier"},"url":"https:\/\/www.wedrivit.com\/blog\/voiture\/collection\/author\/guillaume-ogier"}]}},"_links":{"self":[{"href":"https:\/\/www.wedrivit.com\/blog\/wp-json\/wp\/v2\/posts\/8017","targetHints":{"allow":["GET"]}}],"collection":[{"href":"https:\/\/www.wedrivit.com\/blog\/wp-json\/wp\/v2\/posts"}],"about":[{"href":"https:\/\/www.wedrivit.com\/blog\/wp-json\/wp\/v2\/types\/post"}],"author":[{"embeddable":true,"href":"https:\/\/www.wedrivit.com\/blog\/wp-json\/wp\/v2\/users\/22"}],"replies":[{"embeddable":true,"href":"https:\/\/www.wedrivit.com\/blog\/wp-json\/wp\/v2\/comments?post=8017"}],"version-history":[{"count":4,"href":"https:\/\/www.wedrivit.com\/blog\/wp-json\/wp\/v2\/posts\/8017\/revisions"}],"predecessor-version":[{"id":8055,"href":"https:\/\/www.wedrivit.com\/blog\/wp-json\/wp\/v2\/posts\/8017\/revisions\/8055"}],"wp:featuredmedia":[{"embeddable":true,"href":"https:\/\/www.wedrivit.com\/blog\/wp-json\/wp\/v2\/media\/4380"}],"wp:attachment":[{"href":"https:\/\/www.wedrivit.com\/blog\/wp-json\/wp\/v2\/media?parent=8017"}],"wp:term":[{"taxonomy":"category","embeddable":true,"href":"https:\/\/www.wedrivit.com\/blog\/wp-json\/wp\/v2\/categories?post=8017"},{"taxonomy":"post_tag","embeddable":true,"href":"https:\/\/www.wedrivit.com\/blog\/wp-json\/wp\/v2\/tags?post=8017"}],"curies":[{"name":"wp","href":"https:\/\/api.w.org\/{rel}","templated":true}]}}