{"id":7656,"date":"2023-02-27T15:29:20","date_gmt":"2023-02-27T13:29:20","guid":{"rendered":"https:\/\/www.wedrivit.com\/blog\/?p=7656"},"modified":"2023-02-27T15:29:25","modified_gmt":"2023-02-27T13:29:25","slug":"les-combattantes-serie","status":"publish","type":"post","link":"https:\/\/www.wedrivit.com\/blog\/voiture\/collection\/les-combattantes-serie","title":{"rendered":"Les combattantes : s\u00e9rie"},"content":{"rendered":"\t\t<div data-elementor-type=\"wp-post\" data-elementor-id=\"7656\" class=\"elementor elementor-7656\">\n\t\t\t\t\t\t<section class=\"elementor-section elementor-top-section elementor-element elementor-element-69d3deb elementor-section-boxed elementor-section-height-default elementor-section-height-default\" data-id=\"69d3deb\" data-element_type=\"section\">\n\t\t\t\t\t\t<div class=\"elementor-container elementor-column-gap-default\">\n\t\t\t\t\t<div class=\"elementor-column elementor-col-100 elementor-top-column elementor-element elementor-element-134e845\" data-id=\"134e845\" data-element_type=\"column\">\n\t\t\t<div class=\"elementor-widget-wrap elementor-element-populated\">\n\t\t\t\t\t\t<div class=\"elementor-element elementor-element-40b16b3 elementor-widget elementor-widget-image\" data-id=\"40b16b3\" data-element_type=\"widget\" data-widget_type=\"image.default\">\n\t\t\t\t<div class=\"elementor-widget-container\">\n\t\t\t\t\t\t\t\t\t\t\t\t\t\t\t<img fetchpriority=\"high\" decoding=\"async\" width=\"434\" height=\"304\" src=\"https:\/\/www.wedrivit.com\/blog\/wp-content\/uploads\/2023\/02\/les-combattantes.jpg\" class=\"attachment-master-blog-archive size-master-blog-archive wp-image-7657\" alt=\"les combattantes\" \/>\t\t\t\t\t\t\t\t\t\t\t\t\t\t\t<\/div>\n\t\t\t\t<\/div>\n\t\t\t\t<div class=\"elementor-element elementor-element-96d0a5d elementor-widget elementor-widget-text-editor\" data-id=\"96d0a5d\" data-element_type=\"widget\" data-widget_type=\"text-editor.default\">\n\t\t\t\t<div class=\"elementor-widget-container\">\n\t\t\t\t\t\t\t\t\t<p><span style=\"font-weight: 400;\">\u201c<strong>Les combattantes<\/strong>\u201d est une <strong>mini-s\u00e9rie<\/strong> t\u00e9l\u00e9vis\u00e9e de 8 \u00e9pisodes de 52 minutes d\u2019origine franco-belge. Cette s\u00e9rie a \u00e9t\u00e9 cr\u00e9\u00e9e par Camille Treiner et C\u00e9cile Lorne et a \u00e9t\u00e9 diffus\u00e9e en France sur TF1 \u00e0 partir du 19 septembre 2022. La <strong>s\u00e9rie<\/strong> est disponible sur Netflix depuis le 28 octobre 2022. Cette fiction r\u00e9unit la productrice Iris Bucher, le r\u00e9alisateur Alexandre Laurent, ainsi que les actrices principales de la s\u00e9rie Le Bazar de la Charit\u00e9. Donc\u00a0 Audrey Fleurot, Julie de Bona et Camille Lou. Pour cette <strong>s\u00e9rie<\/strong> rejointe par Sofia Essa\u00efdi.<\/span><\/p>\t\t\t\t\t\t\t\t<\/div>\n\t\t\t\t<\/div>\n\t\t\t\t\t<\/div>\n\t\t<\/div>\n\t\t\t\t\t<\/div>\n\t\t<\/section>\n\t\t\t\t<section class=\"elementor-section elementor-top-section elementor-element elementor-element-58b7a3b elementor-section-boxed elementor-section-height-default elementor-section-height-default\" data-id=\"58b7a3b\" data-element_type=\"section\">\n\t\t\t\t\t\t<div class=\"elementor-container elementor-column-gap-default\">\n\t\t\t\t\t<div class=\"elementor-column elementor-col-100 elementor-top-column elementor-element elementor-element-e9e5064\" data-id=\"e9e5064\" data-element_type=\"column\">\n\t\t\t<div class=\"elementor-widget-wrap elementor-element-populated\">\n\t\t\t\t\t\t<div class=\"elementor-element elementor-element-43d2e3e elementor-widget elementor-widget-heading\" data-id=\"43d2e3e\" data-element_type=\"widget\" data-widget_type=\"heading.default\">\n\t\t\t\t<div class=\"elementor-widget-container\">\n\t\t\t\t\t<h2 class=\"elementor-heading-title elementor-size-default\">R\u00e9sum\u00e9 de la s\u00e9rie les combattantes<\/h2>\t\t\t\t<\/div>\n\t\t\t\t<\/div>\n\t\t\t\t\t<\/div>\n\t\t<\/div>\n\t\t\t\t\t<\/div>\n\t\t<\/section>\n\t\t\t\t<section class=\"elementor-section elementor-top-section elementor-element elementor-element-f435fd4 elementor-section-boxed elementor-section-height-default elementor-section-height-default\" data-id=\"f435fd4\" data-element_type=\"section\">\n\t\t\t\t\t\t<div class=\"elementor-container elementor-column-gap-default\">\n\t\t\t\t\t<div class=\"elementor-column elementor-col-100 elementor-top-column elementor-element elementor-element-a9ad8e8\" data-id=\"a9ad8e8\" data-element_type=\"column\">\n\t\t\t<div class=\"elementor-widget-wrap elementor-element-populated\">\n\t\t\t\t\t\t<div class=\"elementor-element elementor-element-828cd8a elementor-widget elementor-widget-text-editor\" data-id=\"828cd8a\" data-element_type=\"widget\" data-widget_type=\"text-editor.default\">\n\t\t\t\t<div class=\"elementor-widget-container\">\n\t\t\t\t\t\t\t\t\t<p><span style=\"font-weight: 400;\">Septembre 1914, Premi\u00e8re Guerre mondiale. Depuis quelques semaines, les combats font rage, dans un petit village de l\u2019est de la France, \u00e0 quelques kilom\u00e8tres de la zone allemande. Quatre femmes se retrouvent projet\u00e9es au c\u0153ur de l&rsquo;horreur : Marguerite, prostitu\u00e9e parisienne que l&rsquo;on soup\u00e7onne d&rsquo;\u00eatre une espionne ; Caroline, \u00e9pouse de Victor Dewitt, propri\u00e9taire d\u2019une usine de voitures, partie au front. Elle se voit propuls\u00e9e \u00e0 la t\u00eate de l\u2019entreprise familiale, d\u00e9fi in\u00e9dit pour une femme du d\u00e9but du si\u00e8cle ; Agn\u00e8s, m\u00e8re sup\u00e9rieure d\u2019un couvent r\u00e9quisitionn\u00e9 et transform\u00e9 en h\u00f4pital militaire. D\u00e9pass\u00e9e par l\u2019afflux de bless\u00e9s, Agn\u00e8s se pose de plus en plus de questions sur sa foi et choix de vie ; et Suzanne, jeune infirmi\u00e8re f\u00e9ministe en cavale depuis un avortement qui a mal tourn\u00e9<\/span><\/p>\t\t\t\t\t\t\t\t<\/div>\n\t\t\t\t<\/div>\n\t\t\t\t<div class=\"elementor-element elementor-element-7a1c196 elementor-arrows-position-inside elementor-pagination-position-outside elementor-widget elementor-widget-image-carousel\" data-id=\"7a1c196\" data-element_type=\"widget\" data-settings=\"{&quot;navigation&quot;:&quot;both&quot;,&quot;autoplay&quot;:&quot;yes&quot;,&quot;pause_on_hover&quot;:&quot;yes&quot;,&quot;pause_on_interaction&quot;:&quot;yes&quot;,&quot;autoplay_speed&quot;:5000,&quot;infinite&quot;:&quot;yes&quot;,&quot;speed&quot;:500}\" data-widget_type=\"image-carousel.default\">\n\t\t\t\t<div class=\"elementor-widget-container\">\n\t\t\t\t\t\t\t<div class=\"elementor-image-carousel-wrapper swiper\" role=\"region\" aria-roledescription=\"carousel\" aria-label=\"Carrousel d\u2019images\" dir=\"ltr\">\n\t\t\t<div class=\"elementor-image-carousel swiper-wrapper\" aria-live=\"off\">\n\t\t\t\t\t\t\t\t<div class=\"swiper-slide\" role=\"group\" aria-roledescription=\"slide\" aria-label=\"1 sur 1\"><figure class=\"swiper-slide-inner\"><img decoding=\"async\" class=\"swiper-slide-image\" src=\"https:\/\/www.wedrivit.com\/blog\/wp-content\/uploads\/2023\/02\/Renautl-AX-1.jpg\" alt=\"Renautl AX 1\" \/><\/figure><\/div>\t\t\t<\/div>\n\t\t\t\t\t<\/div>\n\t\t\t\t\t\t<\/div>\n\t\t\t\t<\/div>\n\t\t\t\t\t<\/div>\n\t\t<\/div>\n\t\t\t\t\t<\/div>\n\t\t<\/section>\n\t\t\t\t<section class=\"elementor-section elementor-top-section elementor-element elementor-element-0e544c5 elementor-section-boxed elementor-section-height-default elementor-section-height-default\" data-id=\"0e544c5\" data-element_type=\"section\">\n\t\t\t\t\t\t<div class=\"elementor-container elementor-column-gap-default\">\n\t\t\t\t\t<div class=\"elementor-column elementor-col-100 elementor-top-column elementor-element elementor-element-7bfad01\" data-id=\"7bfad01\" data-element_type=\"column\">\n\t\t\t<div class=\"elementor-widget-wrap elementor-element-populated\">\n\t\t\t\t\t\t<div class=\"elementor-element elementor-element-ee76053 elementor-widget elementor-widget-heading\" data-id=\"ee76053\" data-element_type=\"widget\" data-widget_type=\"heading.default\">\n\t\t\t\t<div class=\"elementor-widget-container\">\n\t\t\t\t\t<h2 class=\"elementor-heading-title elementor-size-default\">La r\u00e9alisation du film les combattantes <\/h2>\t\t\t\t<\/div>\n\t\t\t\t<\/div>\n\t\t\t\t\t<\/div>\n\t\t<\/div>\n\t\t\t\t\t<\/div>\n\t\t<\/section>\n\t\t\t\t<section class=\"elementor-section elementor-top-section elementor-element elementor-element-b6e257b elementor-section-boxed elementor-section-height-default elementor-section-height-default\" data-id=\"b6e257b\" data-element_type=\"section\">\n\t\t\t\t\t\t<div class=\"elementor-container elementor-column-gap-default\">\n\t\t\t\t\t<div class=\"elementor-column elementor-col-100 elementor-top-column elementor-element elementor-element-44b80fd\" data-id=\"44b80fd\" data-element_type=\"column\">\n\t\t\t<div class=\"elementor-widget-wrap elementor-element-populated\">\n\t\t\t\t\t\t<div class=\"elementor-element elementor-element-b647fc8 elementor-widget elementor-widget-text-editor\" data-id=\"b647fc8\" data-element_type=\"widget\" data-widget_type=\"text-editor.default\">\n\t\t\t\t<div class=\"elementor-widget-container\">\n\t\t\t\t\t\t\t\t\t<p><span style=\"font-weight: 400;\">Le tournage de la nouvelle <strong>s\u00e9rie<\/strong> de TF1 \u00ab <strong>Les Combattantes<\/strong> \u00bb a d\u00e9marr\u00e9 le mercredi 12 mai dernier dans les rues de Plombi\u00e8res. C\u2019est \u00e0 la V\u00f4ge-les-Bains, plus pr\u00e9cis\u00e9ment \u00e0 la Manufacture Royale, que l\u2019\u00e9quipe s&rsquo;est install\u00e9 pour un peu plus d\u2019une semaine. La Manufacture correspond tout \u00e0 fait aux attentes de la production : Une maison de ma\u00eetre, proche d\u2019usines et d\u2019habitations ouvri\u00e8res, une chapelle. La ville de Plombi\u00e8res se pr\u00eatait aussi parfaitement pour une <strong>s\u00e9rie<\/strong> situ\u00e9e pendant la guerre de 1914-1918. L\u2019architecture de la cit\u00e9 thermale permet m\u00eame de filmer et les diverses b\u00e2tisses du Second Empire et de la Belle \u00c9poque fournissent un cadre id\u00e9al.\u00a0<\/span><\/p><p><span style=\"font-weight: 400;\">La production a n\u00e9cessit\u00e9 1380 costumes, 600 uniformes d&rsquo;\u00e9poque, la construction de 8 ambulances \u00e0 l&rsquo;identique de celles de 14-18, l&rsquo;utilisation de 200 vieilles voitures et enfin 130 chevaux. Sur place, 150 personnes, techniciens, son et image, acteurs, r\u00e9alisateurs.\u00a0 Il y aura 96 jours de tournage.\u00a0<\/span><\/p><p><span style=\"font-weight: 400;\">L\u2019\u00e9quipe de tournage des \u00ab <strong>Combattantes<\/strong> \u00bb devrait rester dans les Vosges jusqu\u2019\u00e0 mi-Juin. C\u2019est \u00e0 Senones qu\u2019elle se rendra tr\u00e8s prochainement pour trouver le d\u00e9cor d\u2019un couvent h\u00f4pital. Puis direction Vexaincourt pour la suite de la r\u00e9alisation.<\/span><\/p>\t\t\t\t\t\t\t\t<\/div>\n\t\t\t\t<\/div>\n\t\t\t\t\t<\/div>\n\t\t<\/div>\n\t\t\t\t\t<\/div>\n\t\t<\/section>\n\t\t\t\t<section class=\"elementor-section elementor-top-section elementor-element elementor-element-2d82c96 elementor-section-boxed elementor-section-height-default elementor-section-height-default\" data-id=\"2d82c96\" data-element_type=\"section\">\n\t\t\t\t\t\t<div class=\"elementor-container elementor-column-gap-default\">\n\t\t\t\t\t<div class=\"elementor-column elementor-col-100 elementor-top-column elementor-element elementor-element-b37803a\" data-id=\"b37803a\" data-element_type=\"column\">\n\t\t\t<div class=\"elementor-widget-wrap elementor-element-populated\">\n\t\t\t\t\t\t<div class=\"elementor-element elementor-element-624e44a elementor-widget elementor-widget-image\" data-id=\"624e44a\" data-element_type=\"widget\" data-widget_type=\"image.default\">\n\t\t\t\t<div class=\"elementor-widget-container\">\n\t\t\t\t\t\t\t\t\t\t\t\t\t\t\t<img decoding=\"async\" width=\"1000\" height=\"810\" src=\"https:\/\/www.wedrivit.com\/blog\/wp-content\/uploads\/2023\/02\/une-Panhard-Levassor-min.jpg\" class=\"attachment-large size-large wp-image-7662\" alt=\"une Panhard &amp; Levassor\" \/>\t\t\t\t\t\t\t\t\t\t\t\t\t\t\t<\/div>\n\t\t\t\t<\/div>\n\t\t\t\t\t<\/div>\n\t\t<\/div>\n\t\t\t\t\t<\/div>\n\t\t<\/section>\n\t\t\t\t<section class=\"elementor-section elementor-top-section elementor-element elementor-element-1dac7a0 elementor-section-boxed elementor-section-height-default elementor-section-height-default\" data-id=\"1dac7a0\" data-element_type=\"section\">\n\t\t\t\t\t\t<div class=\"elementor-container elementor-column-gap-default\">\n\t\t\t\t\t<div class=\"elementor-column elementor-col-100 elementor-top-column elementor-element elementor-element-6b4b966\" data-id=\"6b4b966\" data-element_type=\"column\">\n\t\t\t<div class=\"elementor-widget-wrap elementor-element-populated\">\n\t\t\t\t\t\t<div class=\"elementor-element elementor-element-ea729b3 elementor-widget elementor-widget-heading\" data-id=\"ea729b3\" data-element_type=\"widget\" data-widget_type=\"heading.default\">\n\t\t\t\t<div class=\"elementor-widget-container\">\n\t\t\t\t\t<h2 class=\"elementor-heading-title elementor-size-default\">Les voitures de collection dans les combattantes<\/h2>\t\t\t\t<\/div>\n\t\t\t\t<\/div>\n\t\t\t\t\t<\/div>\n\t\t<\/div>\n\t\t\t\t\t<\/div>\n\t\t<\/section>\n\t\t\t\t<section class=\"elementor-section elementor-top-section elementor-element elementor-element-f38954e elementor-section-boxed elementor-section-height-default elementor-section-height-default\" data-id=\"f38954e\" data-element_type=\"section\">\n\t\t\t\t\t\t<div class=\"elementor-container elementor-column-gap-default\">\n\t\t\t\t\t<div class=\"elementor-column elementor-col-100 elementor-top-column elementor-element elementor-element-e0cefbf\" data-id=\"e0cefbf\" data-element_type=\"column\">\n\t\t\t<div class=\"elementor-widget-wrap elementor-element-populated\">\n\t\t\t\t\t\t<div class=\"elementor-element elementor-element-8f1efb3 elementor-widget elementor-widget-text-editor\" data-id=\"8f1efb3\" data-element_type=\"widget\" data-widget_type=\"text-editor.default\">\n\t\t\t\t<div class=\"elementor-widget-container\">\n\t\t\t\t\t\t\t\t\t<p><span style=\"font-weight: 400;\">D\u2019apr\u00e8s les actrices, les <a href=\"https:\/\/www.wedrivit.com\/\"><strong>voitures<\/strong><\/a> utilis\u00e9es roulaient tr\u00e8s mal et callaient en permanence, ce qui \u00e9tait compliqu\u00e9 pour la mise en place et le temps \u00e0 s\u2019organiser : il fallait tout recommencer. Il y avait toute une chor\u00e9graphie avec les avions, les soldats, les chevaux et les ambulances. Le plus compliqu\u00e9 c\u2019\u00e9tait que les voitures d\u2019avant guerre avec la manivelle.<\/span><\/p><p><span style=\"font-weight: 400;\">Nous avons pu voir dans cette s\u00e9rie un torp\u00e9do Peugeot (probablement un torpedo 159) \u00e0 moteur 4 cylindres en V. Qui est l\u2019h\u00e9ritage des\u00a0 Lion-Peugeot qui utilisaient d\u00e9j\u00e0 ce type de motorisation quelques ann\u00e9es plus t\u00f4t . Nous pouvons voir une sigma, une Renault AX, une Panhard &amp; Levassor.<\/span><\/p>\t\t\t\t\t\t\t\t<\/div>\n\t\t\t\t<\/div>\n\t\t\t\t\t<\/div>\n\t\t<\/div>\n\t\t\t\t\t<\/div>\n\t\t<\/section>\n\t\t\t\t<section class=\"elementor-section elementor-top-section elementor-element elementor-element-9a95544 elementor-section-boxed elementor-section-height-default elementor-section-height-default\" data-id=\"9a95544\" data-element_type=\"section\">\n\t\t\t\t\t\t<div class=\"elementor-container elementor-column-gap-default\">\n\t\t\t\t\t<div class=\"elementor-column elementor-col-100 elementor-top-column elementor-element elementor-element-eb90cac\" data-id=\"eb90cac\" data-element_type=\"column\">\n\t\t\t<div class=\"elementor-widget-wrap elementor-element-populated\">\n\t\t\t\t\t\t<div class=\"elementor-element elementor-element-19bdd6d elementor-widget elementor-widget-image\" data-id=\"19bdd6d\" data-element_type=\"widget\" data-widget_type=\"image.default\">\n\t\t\t\t<div class=\"elementor-widget-container\">\n\t\t\t\t\t\t\t\t\t\t\t\t\t\t\t<img decoding=\"async\" width=\"1000\" height=\"642\" src=\"https:\/\/www.wedrivit.com\/blog\/wp-content\/uploads\/2023\/02\/Toredo-Peugeot.jpg\" class=\"attachment-large size-large wp-image-7663\" alt=\"Toredo Peugeot\" \/>\t\t\t\t\t\t\t\t\t\t\t\t\t\t\t<\/div>\n\t\t\t\t<\/div>\n\t\t\t\t\t<\/div>\n\t\t<\/div>\n\t\t\t\t\t<\/div>\n\t\t<\/section>\n\t\t\t\t<section class=\"elementor-section elementor-top-section elementor-element elementor-element-52bffc8 elementor-section-boxed elementor-section-height-default elementor-section-height-default\" data-id=\"52bffc8\" data-element_type=\"section\">\n\t\t\t\t\t\t<div class=\"elementor-container elementor-column-gap-default\">\n\t\t\t\t\t<div class=\"elementor-column elementor-col-100 elementor-top-column elementor-element elementor-element-dc7cb8b\" data-id=\"dc7cb8b\" data-element_type=\"column\">\n\t\t\t<div class=\"elementor-widget-wrap elementor-element-populated\">\n\t\t\t\t\t\t<div class=\"elementor-element elementor-element-4848c98 elementor-widget elementor-widget-heading\" data-id=\"4848c98\" data-element_type=\"widget\" data-widget_type=\"heading.default\">\n\t\t\t\t<div class=\"elementor-widget-container\">\n\t\t\t\t\t<h2 class=\"elementor-heading-title elementor-size-default\">Un torp\u00e9do Peugeot<\/h2>\t\t\t\t<\/div>\n\t\t\t\t<\/div>\n\t\t\t\t\t<\/div>\n\t\t<\/div>\n\t\t\t\t\t<\/div>\n\t\t<\/section>\n\t\t\t\t<section class=\"elementor-section elementor-top-section elementor-element elementor-element-358b2d4 elementor-section-boxed elementor-section-height-default elementor-section-height-default\" data-id=\"358b2d4\" data-element_type=\"section\">\n\t\t\t\t\t\t<div class=\"elementor-container elementor-column-gap-default\">\n\t\t\t\t\t<div class=\"elementor-column elementor-col-100 elementor-top-column elementor-element elementor-element-ac8daba\" data-id=\"ac8daba\" data-element_type=\"column\">\n\t\t\t<div class=\"elementor-widget-wrap elementor-element-populated\">\n\t\t\t\t\t\t<div class=\"elementor-element elementor-element-cb820aa elementor-widget elementor-widget-text-editor\" data-id=\"cb820aa\" data-element_type=\"widget\" data-widget_type=\"text-editor.default\">\n\t\t\t\t<div class=\"elementor-widget-container\">\n\t\t\t\t\t\t\t\t\t<p><span style=\"font-weight: 400;\">Historiquement parlant,<a href=\"https:\/\/www.wedrivit.com\/location\/nos-favoris\/\"><strong> la Peugeot Type 156 Torp\u00e9do,<\/strong><\/a> ce n\u2019est pas rien. \u00ab C\u2019est la toute premi\u00e8re voiture assembl\u00e9e par les ouvriers de l\u2019usine de Sochaux \u00bb, explique Herv\u00e9 Charpentier, conservateur du Mus\u00e9e de l\u2019Aventure Peugeot. \u00ab Auparavant, seuls des camions y \u00e9taient fabriqu\u00e9s \u00bb.<\/span><\/p><p><span style=\"font-weight: 400;\">Plus qu\u2019une voiture, une relique, une l\u00e9gende, un mythe. Vous pouvez en observer une dans le mus\u00e9e de Peugeot qui date de 1923. Avec ses 25 chevaux et sa bo\u00eete de vitesses \u00e0 quatre rapports, avec ses 4,80 m\u00e8tres de longueur et ses 1,75 m de largeur, la Type 156 atteignait tout de m\u00eame les 90 km\/h. Ce qui est \u00e9norme pour l\u2019\u00e9poque. La Peugeot Type 156 Torp\u00e9do de 1923 a par ailleurs une particularit\u00e9 imm\u00e9diatement visible : son volant est \u00e0 droite. Rien \u00e0 voir ici avec une quelconque tradition anglaise. Au d\u00e9but des ann\u00e9es vingt, en France, on estimait simplement plus important pour le conducteur de surveiller l\u2019accotement situ\u00e9 \u00e0 droite que la route. Elle est le premier v\u00e9hicule de tourisme \u00e0 avoir b\u00e9n\u00e9fici\u00e9 d\u2019un moteur \u00e0 huile lourde, plus connu par la suite sous le nom de moteur Diesel.<\/span><\/p>\t\t\t\t\t\t\t\t<\/div>\n\t\t\t\t<\/div>\n\t\t\t\t\t<\/div>\n\t\t<\/div>\n\t\t\t\t\t<\/div>\n\t\t<\/section>\n\t\t\t\t<section class=\"elementor-section elementor-top-section elementor-element elementor-element-75fd8e2 elementor-section-boxed elementor-section-height-default elementor-section-height-default\" data-id=\"75fd8e2\" data-element_type=\"section\">\n\t\t\t\t\t\t<div class=\"elementor-container elementor-column-gap-default\">\n\t\t\t\t\t<div class=\"elementor-column elementor-col-100 elementor-top-column elementor-element elementor-element-ff059e8\" data-id=\"ff059e8\" data-element_type=\"column\">\n\t\t\t<div class=\"elementor-widget-wrap elementor-element-populated\">\n\t\t\t\t\t\t<div class=\"elementor-element elementor-element-d427c6b elementor-widget elementor-widget-heading\" data-id=\"d427c6b\" data-element_type=\"widget\" data-widget_type=\"heading.default\">\n\t\t\t\t<div class=\"elementor-widget-container\">\n\t\t\t\t\t<h2 class=\"elementor-heading-title elementor-size-default\">Une Renault AX\n<\/h2>\t\t\t\t<\/div>\n\t\t\t\t<\/div>\n\t\t\t\t\t<\/div>\n\t\t<\/div>\n\t\t\t\t\t<\/div>\n\t\t<\/section>\n\t\t\t\t<section class=\"elementor-section elementor-top-section elementor-element elementor-element-dd3e05e elementor-section-boxed elementor-section-height-default elementor-section-height-default\" data-id=\"dd3e05e\" data-element_type=\"section\">\n\t\t\t\t\t\t<div class=\"elementor-container elementor-column-gap-default\">\n\t\t\t\t\t<div class=\"elementor-column elementor-col-100 elementor-top-column elementor-element elementor-element-70bbe6f\" data-id=\"70bbe6f\" data-element_type=\"column\">\n\t\t\t<div class=\"elementor-widget-wrap elementor-element-populated\">\n\t\t\t\t\t\t<div class=\"elementor-element elementor-element-a475101 elementor-widget elementor-widget-text-editor\" data-id=\"a475101\" data-element_type=\"widget\" data-widget_type=\"text-editor.default\">\n\t\t\t\t<div class=\"elementor-widget-container\">\n\t\t\t\t\t\t\t\t\t<p><span style=\"font-weight: 400;\">La Renault AX est une automobile d&rsquo;entr\u00e9e de gamme, construite en quantit\u00e9 relativement importante pour un prix mod\u00e9r\u00e9. Il est qualifi\u00e9 de \u00ab\u00a0voiturette\u00a0\u00bb. Ce mod\u00e8le tr\u00e8s simple aura une carri\u00e8re relativement longue pour la marque. Cette automobile \u00e9conomique et fiable va conna\u00eetre une diffusion importante.<\/span><\/p>\t\t\t\t\t\t\t\t<\/div>\n\t\t\t\t<\/div>\n\t\t\t\t\t<\/div>\n\t\t<\/div>\n\t\t\t\t\t<\/div>\n\t\t<\/section>\n\t\t\t\t<section class=\"elementor-section elementor-top-section elementor-element elementor-element-39cbd1d elementor-section-boxed elementor-section-height-default elementor-section-height-default\" data-id=\"39cbd1d\" data-element_type=\"section\">\n\t\t\t\t\t\t<div class=\"elementor-container elementor-column-gap-default\">\n\t\t\t\t\t<div class=\"elementor-column elementor-col-100 elementor-top-column elementor-element elementor-element-44eedbb\" data-id=\"44eedbb\" data-element_type=\"column\">\n\t\t\t<div class=\"elementor-widget-wrap elementor-element-populated\">\n\t\t\t\t\t\t<div class=\"elementor-element elementor-element-3db58c8 elementor-widget elementor-widget-heading\" data-id=\"3db58c8\" data-element_type=\"widget\" data-widget_type=\"heading.default\">\n\t\t\t\t<div class=\"elementor-widget-container\">\n\t\t\t\t\t<h2 class=\"elementor-heading-title elementor-size-default\">La Panhard & Levassor Type A <\/h2>\t\t\t\t<\/div>\n\t\t\t\t<\/div>\n\t\t\t\t\t<\/div>\n\t\t<\/div>\n\t\t\t\t\t<\/div>\n\t\t<\/section>\n\t\t\t\t<section class=\"elementor-section elementor-top-section elementor-element elementor-element-32e1d29 elementor-section-boxed elementor-section-height-default elementor-section-height-default\" data-id=\"32e1d29\" data-element_type=\"section\">\n\t\t\t\t\t\t<div class=\"elementor-container elementor-column-gap-default\">\n\t\t\t\t\t<div class=\"elementor-column elementor-col-100 elementor-top-column elementor-element elementor-element-5055ceb\" data-id=\"5055ceb\" data-element_type=\"column\">\n\t\t\t<div class=\"elementor-widget-wrap elementor-element-populated\">\n\t\t\t\t\t\t<div class=\"elementor-element elementor-element-d02aa36 elementor-widget elementor-widget-text-editor\" data-id=\"d02aa36\" data-element_type=\"widget\" data-widget_type=\"text-editor.default\">\n\t\t\t\t<div class=\"elementor-widget-container\">\n\t\t\t\t\t\t\t\t\t<p><span style=\"font-weight: 400;\">Avec un moteur Type P2C puis Type P2D est une automobile du constructeur automobile fran\u00e7ais Panhard &amp; Levassor. Produite \u00e0 195 exemplaires entre 1890 et 1896, elle est consid\u00e9r\u00e9e comme la premi\u00e8re voiture \u00e0 moteur \u00e0 essence produite en s\u00e9rie de l&rsquo;histoire de l&rsquo;automobile.<\/span><\/p>\t\t\t\t\t\t\t\t<\/div>\n\t\t\t\t<\/div>\n\t\t\t\t\t<\/div>\n\t\t<\/div>\n\t\t\t\t\t<\/div>\n\t\t<\/section>\n\t\t\t\t<section class=\"elementor-section elementor-top-section elementor-element elementor-element-0749101 elementor-section-boxed elementor-section-height-default elementor-section-height-default\" data-id=\"0749101\" data-element_type=\"section\">\n\t\t\t\t\t\t<div class=\"elementor-container elementor-column-gap-default\">\n\t\t\t\t\t<div class=\"elementor-column elementor-col-100 elementor-top-column elementor-element elementor-element-9d9c96f\" data-id=\"9d9c96f\" data-element_type=\"column\">\n\t\t\t<div class=\"elementor-widget-wrap elementor-element-populated\">\n\t\t\t\t\t\t<div class=\"elementor-element elementor-element-695de3e elementor-widget elementor-widget-text-editor\" data-id=\"695de3e\" data-element_type=\"widget\" data-widget_type=\"text-editor.default\">\n\t\t\t\t<div class=\"elementor-widget-container\">\n\t\t\t\t\t\t\t\t\t<p><span style=\"color: #000000; font-family: var( --e-global-typography-text-font-family ), Sans-serif; font-weight: var( --e-global-typography-text-font-weight );\">R<\/span><span style=\"color: #000000; font-family: var( --e-global-typography-text-font-family ), Sans-serif; font-weight: var( --e-global-typography-text-font-weight );\">etrouvez nos autres articles de blog <\/span><span style=\"color: #000000; font-family: var( --e-global-typography-text-font-family ), Sans-serif; font-weight: var( --e-global-typography-text-font-weight );\">\u00a0<\/span><span style=\"color: #000000; font-family: var( --e-global-typography-text-font-family ), Sans-serif; font-weight: var( --e-global-typography-text-font-weight );\">:<\/span><\/p><ul><li><a class=\"row-title\" href=\"https:\/\/www.wedrivit.com\/blog\/voiture\/collection\/sur-les-routes-de-provence-en-voiture-de-collection\/\" aria-label=\"\u00ab\u00a0Road trip en voiture de collection du Nord \u00e0 la C\u00f4te Ouest\u00a0\u00bb (Modifier)\">Road trip en voiture de collection du Nord \u00e0 la C\u00f4te Ouest<\/a><\/li><li><a class=\"row-title\" href=\"https:\/\/www.wedrivit.com\/blog\/voiture\/collection\/sur-les-routes-de-provence-en-voiture-de-collection\/\" aria-label=\"\u00ab\u00a0Sur les routes de Provence en voiture de collection\u00a0\u00bb (Modifier)\">Sur les routes de Provence en voiture de collection<\/a><\/li><\/ul>\t\t\t\t\t\t\t\t<\/div>\n\t\t\t\t<\/div>\n\t\t\t\t\t<\/div>\n\t\t<\/div>\n\t\t\t\t\t<\/div>\n\t\t<\/section>\n\t\t\t\t<\/div>\n\t\t","protected":false},"excerpt":{"rendered":"<p>\u201cLes combattantes\u201d est une mini-s\u00e9rie t\u00e9l\u00e9vis\u00e9e de 8 \u00e9pisodes de 52 minutes d\u2019origine franco-belge. Cette s\u00e9rie a \u00e9t\u00e9 cr\u00e9\u00e9e par&hellip;<\/p>\n","protected":false},"author":17,"featured_media":7657,"comment_status":"open","ping_status":"open","sticky":false,"template":"","format":"standard","meta":{"footnotes":""},"categories":[17,1],"tags":[],"class_list":["post-7656","post","type-post","status-publish","format-standard","has-post-thumbnail","hentry","category-culture-automobile","category-tous-les-articles"],"yoast_head":"<!-- This site is optimized with the Yoast SEO plugin v26.9 - https:\/\/yoast.com\/product\/yoast-seo-wordpress\/ -->\n<title>Les combattantes - Le blog des voitures de collection par Wedrivit<\/title>\n<meta name=\"description\" content=\"\u201cLes combattantes\u201d est une mini-s\u00e9rie t\u00e9l\u00e9vis\u00e9e de 8 \u00e9pisodes de 52 minutes d\u2019origine franco-belge.\" \/>\n<meta name=\"robots\" content=\"index, follow, max-snippet:-1, max-image-preview:large, max-video-preview:-1\" \/>\n<link rel=\"canonical\" href=\"https:\/\/www.wedrivit.com\/blog\/voiture\/collection\/les-combattantes-serie\" \/>\n<meta property=\"og:locale\" content=\"fr_FR\" \/>\n<meta property=\"og:type\" content=\"article\" \/>\n<meta property=\"og:title\" content=\"Les combattantes - Le blog des voitures de collection par Wedrivit\" \/>\n<meta property=\"og:description\" content=\"\u201cLes combattantes\u201d est une mini-s\u00e9rie t\u00e9l\u00e9vis\u00e9e de 8 \u00e9pisodes de 52 minutes d\u2019origine franco-belge.\" \/>\n<meta property=\"og:url\" content=\"https:\/\/www.wedrivit.com\/blog\/voiture\/collection\/les-combattantes-serie\" \/>\n<meta property=\"og:site_name\" content=\"Le blog des voitures de collection par Wedrivit\" \/>\n<meta property=\"article:published_time\" content=\"2023-02-27T13:29:20+00:00\" \/>\n<meta property=\"article:modified_time\" content=\"2023-02-27T13:29:25+00:00\" \/>\n<meta property=\"og:image\" content=\"https:\/\/www.wedrivit.com\/blog\/wp-content\/uploads\/2023\/02\/les-combattantes.jpg\" \/>\n\t<meta property=\"og:image:width\" content=\"600\" \/>\n\t<meta property=\"og:image:height\" content=\"420\" \/>\n\t<meta property=\"og:image:type\" content=\"image\/jpeg\" \/>\n<meta name=\"author\" content=\"Camille Fiot\" \/>\n<meta name=\"twitter:card\" content=\"summary_large_image\" \/>\n<meta name=\"twitter:label1\" content=\"\u00c9crit par\" \/>\n\t<meta name=\"twitter:data1\" content=\"Camille Fiot\" \/>\n\t<meta name=\"twitter:label2\" content=\"Dur\u00e9e de lecture estim\u00e9e\" \/>\n\t<meta name=\"twitter:data2\" content=\"5 minutes\" \/>\n<script type=\"application\/ld+json\" class=\"yoast-schema-graph\">{\"@context\":\"https:\/\/schema.org\",\"@graph\":[{\"@type\":\"Article\",\"@id\":\"https:\/\/www.wedrivit.com\/blog\/voiture\/collection\/les-combattantes-serie#article\",\"isPartOf\":{\"@id\":\"https:\/\/www.wedrivit.com\/blog\/voiture\/collection\/les-combattantes-serie\"},\"author\":{\"name\":\"Camille Fiot\",\"@id\":\"https:\/\/www.wedrivit.com\/blog\/#\/schema\/person\/bd337a50a9dbdcb584b97dfc6b7a7008\"},\"headline\":\"Les combattantes : s\u00e9rie\",\"datePublished\":\"2023-02-27T13:29:20+00:00\",\"dateModified\":\"2023-02-27T13:29:25+00:00\",\"mainEntityOfPage\":{\"@id\":\"https:\/\/www.wedrivit.com\/blog\/voiture\/collection\/les-combattantes-serie\"},\"wordCount\":942,\"commentCount\":0,\"publisher\":{\"@id\":\"https:\/\/www.wedrivit.com\/blog\/#organization\"},\"image\":{\"@id\":\"https:\/\/www.wedrivit.com\/blog\/voiture\/collection\/les-combattantes-serie#primaryimage\"},\"thumbnailUrl\":\"https:\/\/www.wedrivit.com\/blog\/wp-content\/uploads\/2023\/02\/les-combattantes.jpg\",\"articleSection\":[\"Culture Automobile\",\"Tous les articles\"],\"inLanguage\":\"fr-FR\",\"potentialAction\":[{\"@type\":\"CommentAction\",\"name\":\"Comment\",\"target\":[\"https:\/\/www.wedrivit.com\/blog\/voiture\/collection\/les-combattantes-serie#respond\"]}]},{\"@type\":\"WebPage\",\"@id\":\"https:\/\/www.wedrivit.com\/blog\/voiture\/collection\/les-combattantes-serie\",\"url\":\"https:\/\/www.wedrivit.com\/blog\/voiture\/collection\/les-combattantes-serie\",\"name\":\"Les combattantes - Le blog des voitures de collection par Wedrivit\",\"isPartOf\":{\"@id\":\"https:\/\/www.wedrivit.com\/blog\/#website\"},\"primaryImageOfPage\":{\"@id\":\"https:\/\/www.wedrivit.com\/blog\/voiture\/collection\/les-combattantes-serie#primaryimage\"},\"image\":{\"@id\":\"https:\/\/www.wedrivit.com\/blog\/voiture\/collection\/les-combattantes-serie#primaryimage\"},\"thumbnailUrl\":\"https:\/\/www.wedrivit.com\/blog\/wp-content\/uploads\/2023\/02\/les-combattantes.jpg\",\"datePublished\":\"2023-02-27T13:29:20+00:00\",\"dateModified\":\"2023-02-27T13:29:25+00:00\",\"description\":\"\u201cLes combattantes\u201d est une mini-s\u00e9rie t\u00e9l\u00e9vis\u00e9e de 8 \u00e9pisodes de 52 minutes d\u2019origine franco-belge.\",\"breadcrumb\":{\"@id\":\"https:\/\/www.wedrivit.com\/blog\/voiture\/collection\/les-combattantes-serie#breadcrumb\"},\"inLanguage\":\"fr-FR\",\"potentialAction\":[{\"@type\":\"ReadAction\",\"target\":[\"https:\/\/www.wedrivit.com\/blog\/voiture\/collection\/les-combattantes-serie\"]}]},{\"@type\":\"ImageObject\",\"inLanguage\":\"fr-FR\",\"@id\":\"https:\/\/www.wedrivit.com\/blog\/voiture\/collection\/les-combattantes-serie#primaryimage\",\"url\":\"https:\/\/www.wedrivit.com\/blog\/wp-content\/uploads\/2023\/02\/les-combattantes.jpg\",\"contentUrl\":\"https:\/\/www.wedrivit.com\/blog\/wp-content\/uploads\/2023\/02\/les-combattantes.jpg\",\"width\":600,\"height\":420,\"caption\":\"les combattantes\"},{\"@type\":\"BreadcrumbList\",\"@id\":\"https:\/\/www.wedrivit.com\/blog\/voiture\/collection\/les-combattantes-serie#breadcrumb\",\"itemListElement\":[{\"@type\":\"ListItem\",\"position\":1,\"name\":\"Home\",\"item\":\"https:\/\/www.wedrivit.com\/blog\/\"},{\"@type\":\"ListItem\",\"position\":2,\"name\":\"Les combattantes : s\u00e9rie\"}]},{\"@type\":\"WebSite\",\"@id\":\"https:\/\/www.wedrivit.com\/blog\/#website\",\"url\":\"https:\/\/www.wedrivit.com\/blog\/\",\"name\":\"Le blog des voitures de collection par Wedrivit\",\"description\":\"Tout savoir sur les voitures anciennes grace \u00e0 Wedrivit, la plateforme de location de voitures anciennes entre particuliers.\",\"publisher\":{\"@id\":\"https:\/\/www.wedrivit.com\/blog\/#organization\"},\"potentialAction\":[{\"@type\":\"SearchAction\",\"target\":{\"@type\":\"EntryPoint\",\"urlTemplate\":\"https:\/\/www.wedrivit.com\/blog\/?s={search_term_string}\"},\"query-input\":{\"@type\":\"PropertyValueSpecification\",\"valueRequired\":true,\"valueName\":\"search_term_string\"}}],\"inLanguage\":\"fr-FR\"},{\"@type\":\"Organization\",\"@id\":\"https:\/\/www.wedrivit.com\/blog\/#organization\",\"name\":\"Le blog des voitures de collection par Wedrivit\",\"url\":\"https:\/\/www.wedrivit.com\/blog\/\",\"logo\":{\"@type\":\"ImageObject\",\"inLanguage\":\"fr-FR\",\"@id\":\"https:\/\/www.wedrivit.com\/blog\/#\/schema\/logo\/image\/\",\"url\":\"https:\/\/www.wedrivit.com\/blog\/wp-content\/uploads\/2024\/12\/wedrivit-blanc-large-2.png\",\"contentUrl\":\"https:\/\/www.wedrivit.com\/blog\/wp-content\/uploads\/2024\/12\/wedrivit-blanc-large-2.png\",\"caption\":\"Le blog des voitures de collection par Wedrivit\"},\"image\":{\"@id\":\"https:\/\/www.wedrivit.com\/blog\/#\/schema\/logo\/image\/\"}},{\"@type\":\"Person\",\"@id\":\"https:\/\/www.wedrivit.com\/blog\/#\/schema\/person\/bd337a50a9dbdcb584b97dfc6b7a7008\",\"name\":\"Camille Fiot\",\"image\":{\"@type\":\"ImageObject\",\"inLanguage\":\"fr-FR\",\"@id\":\"https:\/\/www.wedrivit.com\/blog\/#\/schema\/person\/image\/\",\"url\":\"https:\/\/secure.gravatar.com\/avatar\/2f64f3e5fd5b776bb931b6b8fb8d451e04047c77832e87138ce0041eb1434bb2?s=96&d=mm&r=g\",\"contentUrl\":\"https:\/\/secure.gravatar.com\/avatar\/2f64f3e5fd5b776bb931b6b8fb8d451e04047c77832e87138ce0041eb1434bb2?s=96&d=mm&r=g\",\"caption\":\"Camille Fiot\"},\"sameAs\":[\"https:\/\/www.wedrivit.com\/\"],\"url\":\"https:\/\/www.wedrivit.com\/blog\/voiture\/collection\/author\/camille-fiot\"}]}<\/script>\n<!-- \/ Yoast SEO plugin. -->","yoast_head_json":{"title":"Les combattantes - Le blog des voitures de collection par Wedrivit","description":"\u201cLes combattantes\u201d est une mini-s\u00e9rie t\u00e9l\u00e9vis\u00e9e de 8 \u00e9pisodes de 52 minutes d\u2019origine franco-belge.","robots":{"index":"index","follow":"follow","max-snippet":"max-snippet:-1","max-image-preview":"max-image-preview:large","max-video-preview":"max-video-preview:-1"},"canonical":"https:\/\/www.wedrivit.com\/blog\/voiture\/collection\/les-combattantes-serie","og_locale":"fr_FR","og_type":"article","og_title":"Les combattantes - Le blog des voitures de collection par Wedrivit","og_description":"\u201cLes combattantes\u201d est une mini-s\u00e9rie t\u00e9l\u00e9vis\u00e9e de 8 \u00e9pisodes de 52 minutes d\u2019origine franco-belge.","og_url":"https:\/\/www.wedrivit.com\/blog\/voiture\/collection\/les-combattantes-serie","og_site_name":"Le blog des voitures de collection par Wedrivit","article_published_time":"2023-02-27T13:29:20+00:00","article_modified_time":"2023-02-27T13:29:25+00:00","og_image":[{"width":600,"height":420,"url":"https:\/\/www.wedrivit.com\/blog\/wp-content\/uploads\/2023\/02\/les-combattantes.jpg","type":"image\/jpeg"}],"author":"Camille Fiot","twitter_card":"summary_large_image","twitter_misc":{"\u00c9crit par":"Camille Fiot","Dur\u00e9e de lecture estim\u00e9e":"5 minutes"},"schema":{"@context":"https:\/\/schema.org","@graph":[{"@type":"Article","@id":"https:\/\/www.wedrivit.com\/blog\/voiture\/collection\/les-combattantes-serie#article","isPartOf":{"@id":"https:\/\/www.wedrivit.com\/blog\/voiture\/collection\/les-combattantes-serie"},"author":{"name":"Camille Fiot","@id":"https:\/\/www.wedrivit.com\/blog\/#\/schema\/person\/bd337a50a9dbdcb584b97dfc6b7a7008"},"headline":"Les combattantes : s\u00e9rie","datePublished":"2023-02-27T13:29:20+00:00","dateModified":"2023-02-27T13:29:25+00:00","mainEntityOfPage":{"@id":"https:\/\/www.wedrivit.com\/blog\/voiture\/collection\/les-combattantes-serie"},"wordCount":942,"commentCount":0,"publisher":{"@id":"https:\/\/www.wedrivit.com\/blog\/#organization"},"image":{"@id":"https:\/\/www.wedrivit.com\/blog\/voiture\/collection\/les-combattantes-serie#primaryimage"},"thumbnailUrl":"https:\/\/www.wedrivit.com\/blog\/wp-content\/uploads\/2023\/02\/les-combattantes.jpg","articleSection":["Culture Automobile","Tous les articles"],"inLanguage":"fr-FR","potentialAction":[{"@type":"CommentAction","name":"Comment","target":["https:\/\/www.wedrivit.com\/blog\/voiture\/collection\/les-combattantes-serie#respond"]}]},{"@type":"WebPage","@id":"https:\/\/www.wedrivit.com\/blog\/voiture\/collection\/les-combattantes-serie","url":"https:\/\/www.wedrivit.com\/blog\/voiture\/collection\/les-combattantes-serie","name":"Les combattantes - Le blog des voitures de collection par Wedrivit","isPartOf":{"@id":"https:\/\/www.wedrivit.com\/blog\/#website"},"primaryImageOfPage":{"@id":"https:\/\/www.wedrivit.com\/blog\/voiture\/collection\/les-combattantes-serie#primaryimage"},"image":{"@id":"https:\/\/www.wedrivit.com\/blog\/voiture\/collection\/les-combattantes-serie#primaryimage"},"thumbnailUrl":"https:\/\/www.wedrivit.com\/blog\/wp-content\/uploads\/2023\/02\/les-combattantes.jpg","datePublished":"2023-02-27T13:29:20+00:00","dateModified":"2023-02-27T13:29:25+00:00","description":"\u201cLes combattantes\u201d est une mini-s\u00e9rie t\u00e9l\u00e9vis\u00e9e de 8 \u00e9pisodes de 52 minutes d\u2019origine franco-belge.","breadcrumb":{"@id":"https:\/\/www.wedrivit.com\/blog\/voiture\/collection\/les-combattantes-serie#breadcrumb"},"inLanguage":"fr-FR","potentialAction":[{"@type":"ReadAction","target":["https:\/\/www.wedrivit.com\/blog\/voiture\/collection\/les-combattantes-serie"]}]},{"@type":"ImageObject","inLanguage":"fr-FR","@id":"https:\/\/www.wedrivit.com\/blog\/voiture\/collection\/les-combattantes-serie#primaryimage","url":"https:\/\/www.wedrivit.com\/blog\/wp-content\/uploads\/2023\/02\/les-combattantes.jpg","contentUrl":"https:\/\/www.wedrivit.com\/blog\/wp-content\/uploads\/2023\/02\/les-combattantes.jpg","width":600,"height":420,"caption":"les combattantes"},{"@type":"BreadcrumbList","@id":"https:\/\/www.wedrivit.com\/blog\/voiture\/collection\/les-combattantes-serie#breadcrumb","itemListElement":[{"@type":"ListItem","position":1,"name":"Home","item":"https:\/\/www.wedrivit.com\/blog\/"},{"@type":"ListItem","position":2,"name":"Les combattantes : s\u00e9rie"}]},{"@type":"WebSite","@id":"https:\/\/www.wedrivit.com\/blog\/#website","url":"https:\/\/www.wedrivit.com\/blog\/","name":"Le blog des voitures de collection par Wedrivit","description":"Tout savoir sur les voitures anciennes grace \u00e0 Wedrivit, la plateforme de location de voitures anciennes entre particuliers.","publisher":{"@id":"https:\/\/www.wedrivit.com\/blog\/#organization"},"potentialAction":[{"@type":"SearchAction","target":{"@type":"EntryPoint","urlTemplate":"https:\/\/www.wedrivit.com\/blog\/?s={search_term_string}"},"query-input":{"@type":"PropertyValueSpecification","valueRequired":true,"valueName":"search_term_string"}}],"inLanguage":"fr-FR"},{"@type":"Organization","@id":"https:\/\/www.wedrivit.com\/blog\/#organization","name":"Le blog des voitures de collection par Wedrivit","url":"https:\/\/www.wedrivit.com\/blog\/","logo":{"@type":"ImageObject","inLanguage":"fr-FR","@id":"https:\/\/www.wedrivit.com\/blog\/#\/schema\/logo\/image\/","url":"https:\/\/www.wedrivit.com\/blog\/wp-content\/uploads\/2024\/12\/wedrivit-blanc-large-2.png","contentUrl":"https:\/\/www.wedrivit.com\/blog\/wp-content\/uploads\/2024\/12\/wedrivit-blanc-large-2.png","caption":"Le blog des voitures de collection par Wedrivit"},"image":{"@id":"https:\/\/www.wedrivit.com\/blog\/#\/schema\/logo\/image\/"}},{"@type":"Person","@id":"https:\/\/www.wedrivit.com\/blog\/#\/schema\/person\/bd337a50a9dbdcb584b97dfc6b7a7008","name":"Camille Fiot","image":{"@type":"ImageObject","inLanguage":"fr-FR","@id":"https:\/\/www.wedrivit.com\/blog\/#\/schema\/person\/image\/","url":"https:\/\/secure.gravatar.com\/avatar\/2f64f3e5fd5b776bb931b6b8fb8d451e04047c77832e87138ce0041eb1434bb2?s=96&d=mm&r=g","contentUrl":"https:\/\/secure.gravatar.com\/avatar\/2f64f3e5fd5b776bb931b6b8fb8d451e04047c77832e87138ce0041eb1434bb2?s=96&d=mm&r=g","caption":"Camille Fiot"},"sameAs":["https:\/\/www.wedrivit.com\/"],"url":"https:\/\/www.wedrivit.com\/blog\/voiture\/collection\/author\/camille-fiot"}]}},"_links":{"self":[{"href":"https:\/\/www.wedrivit.com\/blog\/wp-json\/wp\/v2\/posts\/7656","targetHints":{"allow":["GET"]}}],"collection":[{"href":"https:\/\/www.wedrivit.com\/blog\/wp-json\/wp\/v2\/posts"}],"about":[{"href":"https:\/\/www.wedrivit.com\/blog\/wp-json\/wp\/v2\/types\/post"}],"author":[{"embeddable":true,"href":"https:\/\/www.wedrivit.com\/blog\/wp-json\/wp\/v2\/users\/17"}],"replies":[{"embeddable":true,"href":"https:\/\/www.wedrivit.com\/blog\/wp-json\/wp\/v2\/comments?post=7656"}],"version-history":[{"count":7,"href":"https:\/\/www.wedrivit.com\/blog\/wp-json\/wp\/v2\/posts\/7656\/revisions"}],"predecessor-version":[{"id":8314,"href":"https:\/\/www.wedrivit.com\/blog\/wp-json\/wp\/v2\/posts\/7656\/revisions\/8314"}],"wp:featuredmedia":[{"embeddable":true,"href":"https:\/\/www.wedrivit.com\/blog\/wp-json\/wp\/v2\/media\/7657"}],"wp:attachment":[{"href":"https:\/\/www.wedrivit.com\/blog\/wp-json\/wp\/v2\/media?parent=7656"}],"wp:term":[{"taxonomy":"category","embeddable":true,"href":"https:\/\/www.wedrivit.com\/blog\/wp-json\/wp\/v2\/categories?post=7656"},{"taxonomy":"post_tag","embeddable":true,"href":"https:\/\/www.wedrivit.com\/blog\/wp-json\/wp\/v2\/tags?post=7656"}],"curies":[{"name":"wp","href":"https:\/\/api.w.org\/{rel}","templated":true}]}}