{"id":7608,"date":"2023-03-09T12:05:20","date_gmt":"2023-03-09T10:05:20","guid":{"rendered":"https:\/\/www.wedrivit.com\/blog\/?p=7608"},"modified":"2025-06-09T10:48:25","modified_gmt":"2025-06-09T08:48:25","slug":"voiture-ancienne-a-cuba-les-chevrolet-les-buick-les-chrysler-les-oldsmobile-et-les-ford","status":"publish","type":"post","link":"https:\/\/www.wedrivit.com\/blog\/voiture\/collection\/voiture-ancienne-a-cuba-les-chevrolet-les-buick-les-chrysler-les-oldsmobile-et-les-ford","title":{"rendered":"Voiture ancienne \u00e0 Cuba"},"content":{"rendered":"\t\t<div data-elementor-type=\"wp-post\" data-elementor-id=\"7608\" class=\"elementor elementor-7608\">\n\t\t\t\t\t\t<section class=\"elementor-section elementor-top-section elementor-element elementor-element-69d3deb elementor-section-boxed elementor-section-height-default elementor-section-height-default\" data-id=\"69d3deb\" data-element_type=\"section\">\n\t\t\t\t\t\t<div class=\"elementor-container elementor-column-gap-default\">\n\t\t\t\t\t<div class=\"elementor-column elementor-col-100 elementor-top-column elementor-element elementor-element-134e845\" data-id=\"134e845\" data-element_type=\"column\">\n\t\t\t<div class=\"elementor-widget-wrap elementor-element-populated\">\n\t\t\t\t\t\t<div class=\"elementor-element elementor-element-40b16b3 elementor-widget elementor-widget-image\" data-id=\"40b16b3\" data-element_type=\"widget\" data-widget_type=\"image.default\">\n\t\t\t\t<div class=\"elementor-widget-container\">\n\t\t\t\t\t\t\t\t\t\t\t\t\t\t\t<img fetchpriority=\"high\" decoding=\"async\" width=\"540\" height=\"301\" src=\"https:\/\/www.wedrivit.com\/blog\/wp-content\/uploads\/2023\/02\/cuba.jpg\" class=\"attachment-master-blog-archive size-master-blog-archive wp-image-7609\" alt=\"cuba\" \/>\t\t\t\t\t\t\t\t\t\t\t\t\t\t\t<\/div>\n\t\t\t\t<\/div>\n\t\t\t\t<div class=\"elementor-element elementor-element-96d0a5d elementor-widget elementor-widget-text-editor\" data-id=\"96d0a5d\" data-element_type=\"widget\" data-widget_type=\"text-editor.default\">\n\t\t\t\t<div class=\"elementor-widget-container\">\n\t\t\t\t\t\t\t\t\t<p><span style=\"font-weight: 400;\">Lorsqu\u2019on arrive \u00e0 <strong>Cuba<\/strong>, on est submerg\u00e9 par ses longues plages blanches et ses eaux turquoise. Lorsqu\u2019on se balade en ville, on peut en revanche remarquer de tr\u00e8s nombreuses <strong>voitures de collection<\/strong> comme si le temps s\u2019\u00e9tait arr\u00eat\u00e9 \u00e0 Cuba.\u00a0<\/span><\/p>\t\t\t\t\t\t\t\t<\/div>\n\t\t\t\t<\/div>\n\t\t\t\t\t<\/div>\n\t\t<\/div>\n\t\t\t\t\t<\/div>\n\t\t<\/section>\n\t\t\t\t<section class=\"elementor-section elementor-top-section elementor-element elementor-element-58b7a3b elementor-section-boxed elementor-section-height-default elementor-section-height-default\" data-id=\"58b7a3b\" data-element_type=\"section\">\n\t\t\t\t\t\t<div class=\"elementor-container elementor-column-gap-default\">\n\t\t\t\t\t<div class=\"elementor-column elementor-col-100 elementor-top-column elementor-element elementor-element-e9e5064\" data-id=\"e9e5064\" data-element_type=\"column\">\n\t\t\t<div class=\"elementor-widget-wrap elementor-element-populated\">\n\t\t\t\t\t\t<div class=\"elementor-element elementor-element-43d2e3e elementor-widget elementor-widget-heading\" data-id=\"43d2e3e\" data-element_type=\"widget\" data-widget_type=\"heading.default\">\n\t\t\t\t<div class=\"elementor-widget-container\">\n\t\t\t\t\t<h2 class=\"elementor-heading-title elementor-size-default\">Pourquoi le pays compte autant de voitures de collection ? <\/h2>\t\t\t\t<\/div>\n\t\t\t\t<\/div>\n\t\t\t\t\t<\/div>\n\t\t<\/div>\n\t\t\t\t\t<\/div>\n\t\t<\/section>\n\t\t\t\t<section class=\"elementor-section elementor-top-section elementor-element elementor-element-f435fd4 elementor-section-boxed elementor-section-height-default elementor-section-height-default\" data-id=\"f435fd4\" data-element_type=\"section\">\n\t\t\t\t\t\t<div class=\"elementor-container elementor-column-gap-default\">\n\t\t\t\t\t<div class=\"elementor-column elementor-col-100 elementor-top-column elementor-element elementor-element-a9ad8e8\" data-id=\"a9ad8e8\" data-element_type=\"column\">\n\t\t\t<div class=\"elementor-widget-wrap elementor-element-populated\">\n\t\t\t\t\t\t<div class=\"elementor-element elementor-element-828cd8a elementor-widget elementor-widget-text-editor\" data-id=\"828cd8a\" data-element_type=\"widget\" data-widget_type=\"text-editor.default\">\n\t\t\t\t<div class=\"elementor-widget-container\">\n\t\t\t\t\t\t\t\t\t<p><span style=\"font-weight: 400;\">Dans le pays de <strong>Cuba<\/strong>, il n\u2019y a pas d&rsquo;industrie de l\u2019automobile donc pendant la premi\u00e8re moiti\u00e9 du 20i\u00e8me si\u00e8cle ce sont les Etats-Unis qui sont leur principaux fournisseurs. Les Cubains \u00e9taient les premiers importateurs de <strong>voitures<\/strong> am\u00e9ricaines dans toute l&rsquo;Am\u00e9rique latine et dans les ann\u00e9es 20. Le pays \u00e9tait en plein essor.<\/span><\/p><p><span style=\"font-weight: 400;\">C\u2019est dans la ville de La Havane que nous pouvons en voir le plus. Un vrai mus\u00e9e \u00e0 ciel ouvert.<\/span><\/p><p><span style=\"font-weight: 400;\">Les <strong>voitures de collection<\/strong> que nous pouvons voir le plus sont des am\u00e9ricaines des ann\u00e9es 50 comme des Chevrolet ou des Oldsmobile.<\/span><\/p><p><span style=\"font-weight: 400;\">Les <strong>voitures<\/strong> sont arriv\u00e9es des Etats-Unis avant l\u2019arriv\u00e9e de Fidel Castro. Car avec le r\u00e9gime communiste de 1959, il \u00e9tait impossible d\u2019amener des voitures \u00e0 Cuba. Les habitations doivent donc faire avec celles d\u00e9j\u00e0 pr\u00e9sentes sur l\u2019\u00eele. Ce qui \u00e9tait compliqu\u00e9 pour les pi\u00e8ces de rechange par exemple. Et certaines voitures avaient 800 000 km au compteur<\/span><\/p>\t\t\t\t\t\t\t\t<\/div>\n\t\t\t\t<\/div>\n\t\t\t\t<div class=\"elementor-element elementor-element-7a1c196 elementor-arrows-position-inside elementor-pagination-position-outside elementor-widget elementor-widget-image-carousel\" data-id=\"7a1c196\" data-element_type=\"widget\" data-settings=\"{&quot;navigation&quot;:&quot;both&quot;,&quot;autoplay&quot;:&quot;yes&quot;,&quot;pause_on_hover&quot;:&quot;yes&quot;,&quot;pause_on_interaction&quot;:&quot;yes&quot;,&quot;autoplay_speed&quot;:5000,&quot;infinite&quot;:&quot;yes&quot;,&quot;speed&quot;:500}\" data-widget_type=\"image-carousel.default\">\n\t\t\t\t<div class=\"elementor-widget-container\">\n\t\t\t\t\t\t\t<div class=\"elementor-image-carousel-wrapper swiper\" role=\"region\" aria-roledescription=\"carousel\" aria-label=\"Carrousel d\u2019images\" dir=\"ltr\">\n\t\t\t<div class=\"elementor-image-carousel swiper-wrapper\" aria-live=\"off\">\n\t\t\t\t\t\t\t\t<div class=\"swiper-slide\" role=\"group\" aria-roledescription=\"slide\" aria-label=\"1 sur 1\"><figure class=\"swiper-slide-inner\"><img decoding=\"async\" class=\"swiper-slide-image\" src=\"https:\/\/www.wedrivit.com\/blog\/wp-content\/uploads\/2023\/02\/cuba-2.jpg\" alt=\"Cuba\" \/><\/figure><\/div>\t\t\t<\/div>\n\t\t\t\t\t<\/div>\n\t\t\t\t\t\t<\/div>\n\t\t\t\t<\/div>\n\t\t\t\t\t<\/div>\n\t\t<\/div>\n\t\t\t\t\t<\/div>\n\t\t<\/section>\n\t\t\t\t<section class=\"elementor-section elementor-top-section elementor-element elementor-element-0e544c5 elementor-section-boxed elementor-section-height-default elementor-section-height-default\" data-id=\"0e544c5\" data-element_type=\"section\">\n\t\t\t\t\t\t<div class=\"elementor-container elementor-column-gap-default\">\n\t\t\t\t\t<div class=\"elementor-column elementor-col-100 elementor-top-column elementor-element elementor-element-7bfad01\" data-id=\"7bfad01\" data-element_type=\"column\">\n\t\t\t<div class=\"elementor-widget-wrap elementor-element-populated\">\n\t\t\t\t\t\t<div class=\"elementor-element elementor-element-ee76053 elementor-widget elementor-widget-heading\" data-id=\"ee76053\" data-element_type=\"widget\" data-widget_type=\"heading.default\">\n\t\t\t\t<div class=\"elementor-widget-container\">\n\t\t\t\t\t<h2 class=\"elementor-heading-title elementor-size-default\">Et maintenant que se passe-t-il \u00e0 Cuba ?<\/h2>\t\t\t\t<\/div>\n\t\t\t\t<\/div>\n\t\t\t\t\t<\/div>\n\t\t<\/div>\n\t\t\t\t\t<\/div>\n\t\t<\/section>\n\t\t\t\t<section class=\"elementor-section elementor-top-section elementor-element elementor-element-b6e257b elementor-section-boxed elementor-section-height-default elementor-section-height-default\" data-id=\"b6e257b\" data-element_type=\"section\">\n\t\t\t\t\t\t<div class=\"elementor-container elementor-column-gap-default\">\n\t\t\t\t\t<div class=\"elementor-column elementor-col-100 elementor-top-column elementor-element elementor-element-44b80fd\" data-id=\"44b80fd\" data-element_type=\"column\">\n\t\t\t<div class=\"elementor-widget-wrap elementor-element-populated\">\n\t\t\t\t\t\t<div class=\"elementor-element elementor-element-b647fc8 elementor-widget elementor-widget-text-editor\" data-id=\"b647fc8\" data-element_type=\"widget\" data-widget_type=\"text-editor.default\">\n\t\t\t\t<div class=\"elementor-widget-container\">\n\t\t\t\t\t\t\t\t\t<p><span style=\"font-weight: 400;\">Depuis le 31 juillet 2006, sous la gouverne de Raoul Castro Ruz, le pays s\u2019ouvre \u00e0 nouveau aux autres.<\/span><\/p><p><span style=\"font-weight: 400;\">En 2011, le gouvernement cubain a l\u00e9galis\u00e9 l&rsquo;achat et la vente d&rsquo;automobiles d&rsquo;occasion post\u00e9rieures \u00e0 1959. Puis en d\u00e9cembre 2013, les Cubains ont \u00e9t\u00e9 autoris\u00e9s \u00e0 acheter des <a href=\"https:\/\/www.wedrivit.com\/\"><strong>voitures<\/strong><\/a> neuves aupr\u00e8s de concessionnaires publiques. (Car avant ce n\u2019est pas autoris\u00e9).<\/span><\/p><p><span style=\"font-weight: 400;\">Depuis 2015, l\u2019embargo am\u00e9ricain s\u2019est assoupli, ce qui permet l\u2019arriv\u00e9e \u00e0 Cuba de voitures \u00e9trang\u00e8res. Les <strong>Cubains<\/strong> restent cependant attach\u00e9s \u00e0 leur voiture qu\u2019ils ont entretenue. Mais aussi, car ils n\u2019ont pas forc\u00e9ment les moyens pour acheter un mod\u00e8le neuf.<\/span><\/p><p><span style=\"font-weight: 400;\">En 2020, le gouvernement de Cuba accepte que ses habitants ach\u00e8tent des voitures en devises convertibles.<\/span><\/p><p><span style=\"font-weight: 400;\">Maintenant, il y a environ 60 \u00e0 70,000 voitures anciennes \u00e0 Cuba. Des mod\u00e8les am\u00e9ricains classiques comme les Chevrolet, les Buick, les Chrysler, les Oldsmobile et les Ford aux Volgas. Et Lada de l&rsquo;\u00e8re sovi\u00e9tique. Ces voitures datent donc du d\u00e9but du si\u00e8cle lors de l\u2019import.<\/span><\/p><p><span style=\"font-weight: 400;\">Aujourd\u2019hui, vous pouvez voir plusieurs mod\u00e8les tels que des Ladas et Moskvitch, import\u00e9s d\u2019URSS dans les ann\u00e9es 70 et 80. Ainsi que quelques marques asiatiques plus r\u00e9centes.<\/span><\/p>\t\t\t\t\t\t\t\t<\/div>\n\t\t\t\t<\/div>\n\t\t\t\t\t<\/div>\n\t\t<\/div>\n\t\t\t\t\t<\/div>\n\t\t<\/section>\n\t\t\t\t<section class=\"elementor-section elementor-top-section elementor-element elementor-element-2d82c96 elementor-section-boxed elementor-section-height-default elementor-section-height-default\" data-id=\"2d82c96\" data-element_type=\"section\">\n\t\t\t\t\t\t<div class=\"elementor-container elementor-column-gap-default\">\n\t\t\t\t\t<div class=\"elementor-column elementor-col-100 elementor-top-column elementor-element elementor-element-b37803a\" data-id=\"b37803a\" data-element_type=\"column\">\n\t\t\t<div class=\"elementor-widget-wrap elementor-element-populated\">\n\t\t\t\t\t\t<div class=\"elementor-element elementor-element-624e44a elementor-widget elementor-widget-image\" data-id=\"624e44a\" data-element_type=\"widget\" data-widget_type=\"image.default\">\n\t\t\t\t<div class=\"elementor-widget-container\">\n\t\t\t\t\t\t\t\t\t\t\t\t\t\t\t<img decoding=\"async\" width=\"1000\" height=\"563\" src=\"https:\/\/www.wedrivit.com\/blog\/wp-content\/uploads\/2023\/02\/cuba-3.jpg\" class=\"attachment-large size-large wp-image-7612\" alt=\"cuba\" \/>\t\t\t\t\t\t\t\t\t\t\t\t\t\t\t<\/div>\n\t\t\t\t<\/div>\n\t\t\t\t\t<\/div>\n\t\t<\/div>\n\t\t\t\t\t<\/div>\n\t\t<\/section>\n\t\t\t\t<section class=\"elementor-section elementor-top-section elementor-element elementor-element-1dac7a0 elementor-section-boxed elementor-section-height-default elementor-section-height-default\" data-id=\"1dac7a0\" data-element_type=\"section\">\n\t\t\t\t\t\t<div class=\"elementor-container elementor-column-gap-default\">\n\t\t\t\t\t<div class=\"elementor-column elementor-col-100 elementor-top-column elementor-element elementor-element-6b4b966\" data-id=\"6b4b966\" data-element_type=\"column\">\n\t\t\t<div class=\"elementor-widget-wrap elementor-element-populated\">\n\t\t\t\t\t\t<div class=\"elementor-element elementor-element-ea729b3 elementor-widget elementor-widget-heading\" data-id=\"ea729b3\" data-element_type=\"widget\" data-widget_type=\"heading.default\">\n\t\t\t\t<div class=\"elementor-widget-container\">\n\t\t\t\t\t<h2 class=\"elementor-heading-title elementor-size-default\">La voiture ancienne de Cuba par excellence : la chevrolet<\/h2>\t\t\t\t<\/div>\n\t\t\t\t<\/div>\n\t\t\t\t\t<\/div>\n\t\t<\/div>\n\t\t\t\t\t<\/div>\n\t\t<\/section>\n\t\t\t\t<section class=\"elementor-section elementor-top-section elementor-element elementor-element-f38954e elementor-section-boxed elementor-section-height-default elementor-section-height-default\" data-id=\"f38954e\" data-element_type=\"section\">\n\t\t\t\t\t\t<div class=\"elementor-container elementor-column-gap-default\">\n\t\t\t\t\t<div class=\"elementor-column elementor-col-100 elementor-top-column elementor-element elementor-element-e0cefbf\" data-id=\"e0cefbf\" data-element_type=\"column\">\n\t\t\t<div class=\"elementor-widget-wrap elementor-element-populated\">\n\t\t\t\t\t\t<div class=\"elementor-element elementor-element-8f1efb3 elementor-widget elementor-widget-text-editor\" data-id=\"8f1efb3\" data-element_type=\"widget\" data-widget_type=\"text-editor.default\">\n\t\t\t\t<div class=\"elementor-widget-container\">\n\t\t\t\t\t\t\t\t\t<p><span style=\"font-weight: 400;\">A Cuba, un carrossier autodidacte install\u00e9 depuis 20 ans, du nom de Pablo Manso ag\u00e9 de 53 ans s\u2019est fait conna\u00eetre gr\u00e2ce aux\u00a0 <\/span><a href=\"https:\/\/www.lepoint.fr\/tags\/chevrolet\"><span style=\"font-weight: 400;\">Chevrolet<\/span><\/a><span style=\"font-weight: 400;\"> de 1955, 1956 et 1957, dont il reproduit les pi\u00e8ces d&rsquo;origine avec des machines qu&rsquo;il a lui-m\u00eame fabriqu\u00e9es. On l&rsquo;appelle de tout Cuba pour obtenir ces pi\u00e8ces originales.\u00a0\u00a0<\/span><\/p><p>\u00a0<\/p><p><span style=\"font-weight: 400;\">Avec l\u2019embargo \u00e9conomique de 1962, on estime qu&rsquo;environ 60.000 voitures am\u00e9ricaines des ann\u00e9es 40 et 50 circulent encore, beaucoup en tr\u00e8s bon \u00e9tat car chouchout\u00e9es par leurs propri\u00e9taires qui les utilisent pour leur vie quotidienne ou pour promener les touristes.<\/span><\/p><p><span style=\"font-weight: 400;\">Pablo Manso poss\u00e8de, lui, une Chevrolet rouge et blanche de 1955, une v\u00e9ritable pi\u00e8ce de mus\u00e9e \u00e0 la carrosserie rutilante et dont la quasi-totalit\u00e9 des pi\u00e8ces sont d&rsquo;origine.<\/span><\/p>\t\t\t\t\t\t\t\t<\/div>\n\t\t\t\t<\/div>\n\t\t\t\t\t<\/div>\n\t\t<\/div>\n\t\t\t\t\t<\/div>\n\t\t<\/section>\n\t\t\t\t<section class=\"elementor-section elementor-top-section elementor-element elementor-element-22e547d elementor-section-boxed elementor-section-height-default elementor-section-height-default\" data-id=\"22e547d\" data-element_type=\"section\">\n\t\t\t\t\t\t<div class=\"elementor-container elementor-column-gap-default\">\n\t\t\t\t\t<div class=\"elementor-column elementor-col-100 elementor-top-column elementor-element elementor-element-e941d3c\" data-id=\"e941d3c\" data-element_type=\"column\">\n\t\t\t<div class=\"elementor-widget-wrap elementor-element-populated\">\n\t\t\t\t\t\t<div class=\"elementor-element elementor-element-9cb1e6a elementor-widget elementor-widget-image\" data-id=\"9cb1e6a\" data-element_type=\"widget\" data-widget_type=\"image.default\">\n\t\t\t\t<div class=\"elementor-widget-container\">\n\t\t\t\t\t\t\t\t\t\t\t\t\t\t\t<img decoding=\"async\" width=\"1000\" height=\"623\" src=\"https:\/\/www.wedrivit.com\/blog\/wp-content\/uploads\/2023\/02\/chevrolet-cuba.jpg\" class=\"attachment-large size-large wp-image-7613\" alt=\"chevrolet cuba\" \/>\t\t\t\t\t\t\t\t\t\t\t\t\t\t\t<\/div>\n\t\t\t\t<\/div>\n\t\t\t\t<div class=\"elementor-element elementor-element-258e8d6 elementor-widget elementor-widget-image\" data-id=\"258e8d6\" data-element_type=\"widget\" data-widget_type=\"image.default\">\n\t\t\t\t<div class=\"elementor-widget-container\">\n\t\t\t\t\t\t\t\t\t\t\t\t\t\t\t\t<a href=\"https:\/\/www.wedrivit.com\/location-chevrolet\">\n\t\t\t\t\t\t\t<img loading=\"lazy\" decoding=\"async\" width=\"760\" height=\"250\" src=\"https:\/\/www.wedrivit.com\/blog\/wp-content\/uploads\/2023\/03\/Chevrolet-Camaro.png\" class=\"attachment-large size-large wp-image-10827\" alt=\"Chevrolet Camaro\" srcset=\"https:\/\/www.wedrivit.com\/blog\/wp-content\/uploads\/2023\/03\/Chevrolet-Camaro.png 760w, https:\/\/www.wedrivit.com\/blog\/wp-content\/uploads\/2023\/03\/Chevrolet-Camaro-300x99.png 300w\" sizes=\"(max-width: 760px) 100vw, 760px\" \/>\t\t\t\t\t\t\t\t<\/a>\n\t\t\t\t\t\t\t\t\t\t\t\t\t\t\t<\/div>\n\t\t\t\t<\/div>\n\t\t\t\t<div class=\"elementor-element elementor-element-6ed3cde elementor-button-info elementor-align-center elementor-widget elementor-widget-button\" data-id=\"6ed3cde\" data-element_type=\"widget\" data-widget_type=\"button.default\">\n\t\t\t\t<div class=\"elementor-widget-container\">\n\t\t\t\t\t\t\t\t\t<div class=\"elementor-button-wrapper\">\n\t\t\t\t\t<a class=\"elementor-button elementor-button-link elementor-size-sm\" href=\"https:\/\/www.wedrivit.com\/location-chevrolet\">\n\t\t\t\t\t\t<span class=\"elementor-button-content-wrapper\">\n\t\t\t\t\t\t\t\t\t<span class=\"elementor-button-text\">Louer une Chevrolet<\/span>\n\t\t\t\t\t<\/span>\n\t\t\t\t\t<\/a>\n\t\t\t\t<\/div>\n\t\t\t\t\t\t\t\t<\/div>\n\t\t\t\t<\/div>\n\t\t\t\t\t<\/div>\n\t\t<\/div>\n\t\t\t\t\t<\/div>\n\t\t<\/section>\n\t\t\t\t<section class=\"elementor-section elementor-top-section elementor-element elementor-element-92f8cab elementor-section-boxed elementor-section-height-default elementor-section-height-default\" data-id=\"92f8cab\" data-element_type=\"section\">\n\t\t\t\t\t\t<div class=\"elementor-container elementor-column-gap-default\">\n\t\t\t\t\t<div class=\"elementor-column elementor-col-100 elementor-top-column elementor-element elementor-element-372d0c7\" data-id=\"372d0c7\" data-element_type=\"column\">\n\t\t\t<div class=\"elementor-widget-wrap elementor-element-populated\">\n\t\t\t\t\t\t<div class=\"elementor-element elementor-element-3606172 elementor-widget elementor-widget-heading\" data-id=\"3606172\" data-element_type=\"widget\" data-widget_type=\"heading.default\">\n\t\t\t\t<div class=\"elementor-widget-container\">\n\t\t\t\t\t<h2 class=\"elementor-heading-title elementor-size-default\">Lada : une voiture ancienne iconique \u00e0 Cuba<\/h2>\t\t\t\t<\/div>\n\t\t\t\t<\/div>\n\t\t\t\t\t<\/div>\n\t\t<\/div>\n\t\t\t\t\t<\/div>\n\t\t<\/section>\n\t\t\t\t<section class=\"elementor-section elementor-top-section elementor-element elementor-element-9c80b53 elementor-section-boxed elementor-section-height-default elementor-section-height-default\" data-id=\"9c80b53\" data-element_type=\"section\">\n\t\t\t\t\t\t<div class=\"elementor-container elementor-column-gap-default\">\n\t\t\t\t\t<div class=\"elementor-column elementor-col-100 elementor-top-column elementor-element elementor-element-ab20d20\" data-id=\"ab20d20\" data-element_type=\"column\">\n\t\t\t<div class=\"elementor-widget-wrap elementor-element-populated\">\n\t\t\t\t\t\t<div class=\"elementor-element elementor-element-edac9db elementor-widget elementor-widget-text-editor\" data-id=\"edac9db\" data-element_type=\"widget\" data-widget_type=\"text-editor.default\">\n\t\t\t\t<div class=\"elementor-widget-container\">\n\t\t\t\t\t\t\t\t\t<p><span style=\"font-weight: 400;\">La voiture est l\u2019h\u00e9ritage le plus visible de l\u2019\u00e8re sovi\u00e9tique de l\u2019\u00eele. L\u2019\u00e9conomie cubaine s\u2019est tourn\u00e9e vers le bloc sovi\u00e9tique et les premiers Ladas sont arriv\u00e9s \u00e0 la fin des ann\u00e9es 1960. Au total 80 000 \u00e0 100 000 ladas ont \u00e9t\u00e9 import\u00e9s.<\/span><\/p><p><span style=\"font-weight: 400;\">Et dans un pays o\u00f9 les transports sont rares, les ladas sont un symbole de statut m\u00eame s\u2019ils doivent accomplir des miracles d\u2019ing\u00e9nierie pour les maintenir en vie. Les Ladas ont \u00e9t\u00e9 transform\u00e9s en taxis par milliers. Les propri\u00e9taires parviennent \u00e0 obtenir des pi\u00e8ces de rechange gr\u00e2ce \u00e0 des \u00abmules\u00bb, des gens qui transportent des marchandises dans l\u2019\u00eele, mais parfois ils doivent fabriquer des pi\u00e8ces \u00e0 la main. Ils disent que l\u2019effort pour garder leurs Ladas sur la route en vaut la peine.<\/span><\/p><p><span style=\"font-weight: 400;\">\u00c0 la fin de l\u2019ann\u00e9e 2020, des propri\u00e9taires ont fond\u00e9 le Lada Cuba Club, il compte environ 140 membres qui se r\u00e9unissent pour des activit\u00e9s sociales comme le don de sang, l\u2019entraide en cas de panne ou tout simplement l\u2019\u00e9change de trucs et astuces et surtout de\u00a0 pi\u00e8ces. Carlos Rodriguez, un artisan de 29 ans poss\u00e8de une Lada 2106 blanche fabriqu\u00e9e en 1985, un ami \u00e0 lui \u00e0 une Off the blue 1976 Lada qui appartenait \u00e0 son beau-p\u00e8re.<\/span><\/p>\t\t\t\t\t\t\t\t<\/div>\n\t\t\t\t<\/div>\n\t\t\t\t\t<\/div>\n\t\t<\/div>\n\t\t\t\t\t<\/div>\n\t\t<\/section>\n\t\t\t\t<section class=\"elementor-section elementor-top-section elementor-element elementor-element-bf5949f elementor-section-boxed elementor-section-height-default elementor-section-height-default\" data-id=\"bf5949f\" data-element_type=\"section\">\n\t\t\t\t\t\t<div class=\"elementor-container elementor-column-gap-default\">\n\t\t\t\t\t<div class=\"elementor-column elementor-col-100 elementor-top-column elementor-element elementor-element-304394c\" data-id=\"304394c\" data-element_type=\"column\">\n\t\t\t<div class=\"elementor-widget-wrap elementor-element-populated\">\n\t\t\t\t\t\t<div class=\"elementor-element elementor-element-1ccf892 elementor-widget elementor-widget-image\" data-id=\"1ccf892\" data-element_type=\"widget\" data-widget_type=\"image.default\">\n\t\t\t\t<div class=\"elementor-widget-container\">\n\t\t\t\t\t\t\t\t\t\t\t\t\t\t\t<img loading=\"lazy\" decoding=\"async\" width=\"450\" height=\"338\" src=\"https:\/\/www.wedrivit.com\/blog\/wp-content\/uploads\/2023\/02\/lada-cuba.jpg\" class=\"attachment-large size-large wp-image-7614\" alt=\"lada cuba\" \/>\t\t\t\t\t\t\t\t\t\t\t\t\t\t\t<\/div>\n\t\t\t\t<\/div>\n\t\t\t\t\t<\/div>\n\t\t<\/div>\n\t\t\t\t\t<\/div>\n\t\t<\/section>\n\t\t\t\t<section class=\"elementor-section elementor-top-section elementor-element elementor-element-0749101 elementor-section-boxed elementor-section-height-default elementor-section-height-default\" data-id=\"0749101\" data-element_type=\"section\">\n\t\t\t\t\t\t<div class=\"elementor-container elementor-column-gap-default\">\n\t\t\t\t\t<div class=\"elementor-column elementor-col-100 elementor-top-column elementor-element elementor-element-9d9c96f\" data-id=\"9d9c96f\" data-element_type=\"column\">\n\t\t\t<div class=\"elementor-widget-wrap elementor-element-populated\">\n\t\t\t\t\t\t<div class=\"elementor-element elementor-element-695de3e elementor-widget elementor-widget-text-editor\" data-id=\"695de3e\" data-element_type=\"widget\" data-widget_type=\"text-editor.default\">\n\t\t\t\t<div class=\"elementor-widget-container\">\n\t\t\t\t\t\t\t\t\t<p><span style=\"color: #000000; font-family: var( --e-global-typography-text-font-family ), Sans-serif; font-weight: var( --e-global-typography-text-font-weight );\">R<\/span><span style=\"color: #000000; font-family: var( --e-global-typography-text-font-family ), Sans-serif; font-weight: var( --e-global-typography-text-font-weight );\">etrouvez nos autres articles de blog <\/span><span style=\"color: #000000; font-family: var( --e-global-typography-text-font-family ), Sans-serif; font-weight: var( --e-global-typography-text-font-weight );\">\u00a0<\/span><span style=\"color: #000000; font-family: var( --e-global-typography-text-font-family ), Sans-serif; font-weight: var( --e-global-typography-text-font-weight );\">:<\/span><\/p><ul><li><a class=\"row-title\" href=\"https:\/\/www.wedrivit.com\/blog\/voiture\/collection\/sur-les-routes-de-provence-en-voiture-de-collection\/\" aria-label=\"\u00ab\u00a0Road trip en voiture de collection du Nord \u00e0 la C\u00f4te Ouest\u00a0\u00bb (Modifier)\">Road trip en voiture de collection du Nord \u00e0 la C\u00f4te Ouest<\/a><\/li><li><a class=\"row-title\" href=\"https:\/\/www.wedrivit.com\/blog\/voiture\/collection\/sur-les-routes-de-provence-en-voiture-de-collection\/\" aria-label=\"\u00ab\u00a0Sur les routes de Provence en voiture de collection\u00a0\u00bb (Modifier)\">Sur les routes de Provence en voiture de collection<\/a><\/li><\/ul>\t\t\t\t\t\t\t\t<\/div>\n\t\t\t\t<\/div>\n\t\t\t\t\t<\/div>\n\t\t<\/div>\n\t\t\t\t\t<\/div>\n\t\t<\/section>\n\t\t\t\t<\/div>\n\t\t","protected":false},"excerpt":{"rendered":"<p>Lorsqu\u2019on arrive \u00e0 Cuba, on est submerg\u00e9 par ses longues plages blanches et ses eaux turquoise. Lorsqu\u2019on se balade en&hellip;<\/p>\n","protected":false},"author":17,"featured_media":7609,"comment_status":"open","ping_status":"open","sticky":false,"template":"","format":"standard","meta":{"footnotes":""},"categories":[17,1],"tags":[],"class_list":["post-7608","post","type-post","status-publish","format-standard","has-post-thumbnail","hentry","category-culture-automobile","category-tous-les-articles"],"yoast_head":"<!-- This site is optimized with the Yoast SEO plugin v26.9 - https:\/\/yoast.com\/product\/yoast-seo-wordpress\/ -->\n<title>D\u00e9couvrez toutes les voitures de collection retrouvables \u00e0 Cuba<\/title>\n<meta name=\"description\" content=\"D\u00e9couvrez les voitures anciennes de Cuba : un mus\u00e9e roulant o\u00f9 Chevrolet, Ford et autres classiques circulent toujours.\" \/>\n<meta name=\"robots\" content=\"index, follow, max-snippet:-1, max-image-preview:large, max-video-preview:-1\" \/>\n<link rel=\"canonical\" href=\"https:\/\/www.wedrivit.com\/blog\/voiture\/collection\/voiture-ancienne-a-cuba-les-chevrolet-les-buick-les-chrysler-les-oldsmobile-et-les-ford\" \/>\n<meta property=\"og:locale\" content=\"fr_FR\" \/>\n<meta property=\"og:type\" content=\"article\" \/>\n<meta property=\"og:title\" content=\"D\u00e9couvrez toutes les voitures de collection retrouvables \u00e0 Cuba\" \/>\n<meta property=\"og:description\" content=\"D\u00e9couvrez les voitures anciennes de Cuba : un mus\u00e9e roulant o\u00f9 Chevrolet, Ford et autres classiques circulent toujours.\" \/>\n<meta property=\"og:url\" content=\"https:\/\/www.wedrivit.com\/blog\/voiture\/collection\/voiture-ancienne-a-cuba-les-chevrolet-les-buick-les-chrysler-les-oldsmobile-et-les-ford\" \/>\n<meta property=\"og:site_name\" content=\"Le blog des voitures de collection par Wedrivit\" \/>\n<meta property=\"article:published_time\" content=\"2023-03-09T10:05:20+00:00\" \/>\n<meta property=\"article:modified_time\" content=\"2025-06-09T08:48:25+00:00\" \/>\n<meta property=\"og:image\" content=\"https:\/\/www.wedrivit.com\/blog\/wp-content\/uploads\/2023\/02\/cuba.jpg\" \/>\n\t<meta property=\"og:image:width\" content=\"612\" \/>\n\t<meta property=\"og:image:height\" content=\"341\" \/>\n\t<meta property=\"og:image:type\" content=\"image\/jpeg\" \/>\n<meta name=\"author\" content=\"Camille Fiot\" \/>\n<meta name=\"twitter:card\" content=\"summary_large_image\" \/>\n<meta name=\"twitter:label1\" content=\"\u00c9crit par\" \/>\n\t<meta name=\"twitter:data1\" content=\"Camille Fiot\" \/>\n\t<meta name=\"twitter:label2\" content=\"Dur\u00e9e de lecture estim\u00e9e\" \/>\n\t<meta name=\"twitter:data2\" content=\"6 minutes\" \/>\n<script type=\"application\/ld+json\" class=\"yoast-schema-graph\">{\"@context\":\"https:\/\/schema.org\",\"@graph\":[{\"@type\":\"Article\",\"@id\":\"https:\/\/www.wedrivit.com\/blog\/voiture\/collection\/voiture-ancienne-a-cuba-les-chevrolet-les-buick-les-chrysler-les-oldsmobile-et-les-ford#article\",\"isPartOf\":{\"@id\":\"https:\/\/www.wedrivit.com\/blog\/voiture\/collection\/voiture-ancienne-a-cuba-les-chevrolet-les-buick-les-chrysler-les-oldsmobile-et-les-ford\"},\"author\":{\"name\":\"Camille Fiot\",\"@id\":\"https:\/\/www.wedrivit.com\/blog\/#\/schema\/person\/bd337a50a9dbdcb584b97dfc6b7a7008\"},\"headline\":\"Voiture ancienne \u00e0 Cuba\",\"datePublished\":\"2023-03-09T10:05:20+00:00\",\"dateModified\":\"2025-06-09T08:48:25+00:00\",\"mainEntityOfPage\":{\"@id\":\"https:\/\/www.wedrivit.com\/blog\/voiture\/collection\/voiture-ancienne-a-cuba-les-chevrolet-les-buick-les-chrysler-les-oldsmobile-et-les-ford\"},\"wordCount\":830,\"commentCount\":0,\"publisher\":{\"@id\":\"https:\/\/www.wedrivit.com\/blog\/#organization\"},\"image\":{\"@id\":\"https:\/\/www.wedrivit.com\/blog\/voiture\/collection\/voiture-ancienne-a-cuba-les-chevrolet-les-buick-les-chrysler-les-oldsmobile-et-les-ford#primaryimage\"},\"thumbnailUrl\":\"https:\/\/www.wedrivit.com\/blog\/wp-content\/uploads\/2023\/02\/cuba.jpg\",\"articleSection\":[\"Culture Automobile\",\"Tous les articles\"],\"inLanguage\":\"fr-FR\",\"potentialAction\":[{\"@type\":\"CommentAction\",\"name\":\"Comment\",\"target\":[\"https:\/\/www.wedrivit.com\/blog\/voiture\/collection\/voiture-ancienne-a-cuba-les-chevrolet-les-buick-les-chrysler-les-oldsmobile-et-les-ford#respond\"]}]},{\"@type\":\"WebPage\",\"@id\":\"https:\/\/www.wedrivit.com\/blog\/voiture\/collection\/voiture-ancienne-a-cuba-les-chevrolet-les-buick-les-chrysler-les-oldsmobile-et-les-ford\",\"url\":\"https:\/\/www.wedrivit.com\/blog\/voiture\/collection\/voiture-ancienne-a-cuba-les-chevrolet-les-buick-les-chrysler-les-oldsmobile-et-les-ford\",\"name\":\"D\u00e9couvrez toutes les voitures de collection retrouvables \u00e0 Cuba\",\"isPartOf\":{\"@id\":\"https:\/\/www.wedrivit.com\/blog\/#website\"},\"primaryImageOfPage\":{\"@id\":\"https:\/\/www.wedrivit.com\/blog\/voiture\/collection\/voiture-ancienne-a-cuba-les-chevrolet-les-buick-les-chrysler-les-oldsmobile-et-les-ford#primaryimage\"},\"image\":{\"@id\":\"https:\/\/www.wedrivit.com\/blog\/voiture\/collection\/voiture-ancienne-a-cuba-les-chevrolet-les-buick-les-chrysler-les-oldsmobile-et-les-ford#primaryimage\"},\"thumbnailUrl\":\"https:\/\/www.wedrivit.com\/blog\/wp-content\/uploads\/2023\/02\/cuba.jpg\",\"datePublished\":\"2023-03-09T10:05:20+00:00\",\"dateModified\":\"2025-06-09T08:48:25+00:00\",\"description\":\"D\u00e9couvrez les voitures anciennes de Cuba : un mus\u00e9e roulant o\u00f9 Chevrolet, Ford et autres classiques circulent toujours.\",\"breadcrumb\":{\"@id\":\"https:\/\/www.wedrivit.com\/blog\/voiture\/collection\/voiture-ancienne-a-cuba-les-chevrolet-les-buick-les-chrysler-les-oldsmobile-et-les-ford#breadcrumb\"},\"inLanguage\":\"fr-FR\",\"potentialAction\":[{\"@type\":\"ReadAction\",\"target\":[\"https:\/\/www.wedrivit.com\/blog\/voiture\/collection\/voiture-ancienne-a-cuba-les-chevrolet-les-buick-les-chrysler-les-oldsmobile-et-les-ford\"]}]},{\"@type\":\"ImageObject\",\"inLanguage\":\"fr-FR\",\"@id\":\"https:\/\/www.wedrivit.com\/blog\/voiture\/collection\/voiture-ancienne-a-cuba-les-chevrolet-les-buick-les-chrysler-les-oldsmobile-et-les-ford#primaryimage\",\"url\":\"https:\/\/www.wedrivit.com\/blog\/wp-content\/uploads\/2023\/02\/cuba.jpg\",\"contentUrl\":\"https:\/\/www.wedrivit.com\/blog\/wp-content\/uploads\/2023\/02\/cuba.jpg\",\"width\":612,\"height\":341,\"caption\":\"cuba\"},{\"@type\":\"BreadcrumbList\",\"@id\":\"https:\/\/www.wedrivit.com\/blog\/voiture\/collection\/voiture-ancienne-a-cuba-les-chevrolet-les-buick-les-chrysler-les-oldsmobile-et-les-ford#breadcrumb\",\"itemListElement\":[{\"@type\":\"ListItem\",\"position\":1,\"name\":\"Home\",\"item\":\"https:\/\/www.wedrivit.com\/blog\/\"},{\"@type\":\"ListItem\",\"position\":2,\"name\":\"Voiture ancienne \u00e0 Cuba\"}]},{\"@type\":\"WebSite\",\"@id\":\"https:\/\/www.wedrivit.com\/blog\/#website\",\"url\":\"https:\/\/www.wedrivit.com\/blog\/\",\"name\":\"Le blog des voitures de collection par Wedrivit\",\"description\":\"Tout savoir sur les voitures anciennes grace \u00e0 Wedrivit, la plateforme de location de voitures anciennes entre particuliers.\",\"publisher\":{\"@id\":\"https:\/\/www.wedrivit.com\/blog\/#organization\"},\"potentialAction\":[{\"@type\":\"SearchAction\",\"target\":{\"@type\":\"EntryPoint\",\"urlTemplate\":\"https:\/\/www.wedrivit.com\/blog\/?s={search_term_string}\"},\"query-input\":{\"@type\":\"PropertyValueSpecification\",\"valueRequired\":true,\"valueName\":\"search_term_string\"}}],\"inLanguage\":\"fr-FR\"},{\"@type\":\"Organization\",\"@id\":\"https:\/\/www.wedrivit.com\/blog\/#organization\",\"name\":\"Le blog des voitures de collection par Wedrivit\",\"url\":\"https:\/\/www.wedrivit.com\/blog\/\",\"logo\":{\"@type\":\"ImageObject\",\"inLanguage\":\"fr-FR\",\"@id\":\"https:\/\/www.wedrivit.com\/blog\/#\/schema\/logo\/image\/\",\"url\":\"https:\/\/www.wedrivit.com\/blog\/wp-content\/uploads\/2024\/12\/wedrivit-blanc-large-2.png\",\"contentUrl\":\"https:\/\/www.wedrivit.com\/blog\/wp-content\/uploads\/2024\/12\/wedrivit-blanc-large-2.png\",\"caption\":\"Le blog des voitures de collection par Wedrivit\"},\"image\":{\"@id\":\"https:\/\/www.wedrivit.com\/blog\/#\/schema\/logo\/image\/\"}},{\"@type\":\"Person\",\"@id\":\"https:\/\/www.wedrivit.com\/blog\/#\/schema\/person\/bd337a50a9dbdcb584b97dfc6b7a7008\",\"name\":\"Camille Fiot\",\"image\":{\"@type\":\"ImageObject\",\"inLanguage\":\"fr-FR\",\"@id\":\"https:\/\/www.wedrivit.com\/blog\/#\/schema\/person\/image\/\",\"url\":\"https:\/\/secure.gravatar.com\/avatar\/2f64f3e5fd5b776bb931b6b8fb8d451e04047c77832e87138ce0041eb1434bb2?s=96&d=mm&r=g\",\"contentUrl\":\"https:\/\/secure.gravatar.com\/avatar\/2f64f3e5fd5b776bb931b6b8fb8d451e04047c77832e87138ce0041eb1434bb2?s=96&d=mm&r=g\",\"caption\":\"Camille Fiot\"},\"sameAs\":[\"https:\/\/www.wedrivit.com\/\"],\"url\":\"https:\/\/www.wedrivit.com\/blog\/voiture\/collection\/author\/camille-fiot\"}]}<\/script>\n<!-- \/ Yoast SEO plugin. -->","yoast_head_json":{"title":"D\u00e9couvrez toutes les voitures de collection retrouvables \u00e0 Cuba","description":"D\u00e9couvrez les voitures anciennes de Cuba : un mus\u00e9e roulant o\u00f9 Chevrolet, Ford et autres classiques circulent toujours.","robots":{"index":"index","follow":"follow","max-snippet":"max-snippet:-1","max-image-preview":"max-image-preview:large","max-video-preview":"max-video-preview:-1"},"canonical":"https:\/\/www.wedrivit.com\/blog\/voiture\/collection\/voiture-ancienne-a-cuba-les-chevrolet-les-buick-les-chrysler-les-oldsmobile-et-les-ford","og_locale":"fr_FR","og_type":"article","og_title":"D\u00e9couvrez toutes les voitures de collection retrouvables \u00e0 Cuba","og_description":"D\u00e9couvrez les voitures anciennes de Cuba : un mus\u00e9e roulant o\u00f9 Chevrolet, Ford et autres classiques circulent toujours.","og_url":"https:\/\/www.wedrivit.com\/blog\/voiture\/collection\/voiture-ancienne-a-cuba-les-chevrolet-les-buick-les-chrysler-les-oldsmobile-et-les-ford","og_site_name":"Le blog des voitures de collection par Wedrivit","article_published_time":"2023-03-09T10:05:20+00:00","article_modified_time":"2025-06-09T08:48:25+00:00","og_image":[{"width":612,"height":341,"url":"https:\/\/www.wedrivit.com\/blog\/wp-content\/uploads\/2023\/02\/cuba.jpg","type":"image\/jpeg"}],"author":"Camille Fiot","twitter_card":"summary_large_image","twitter_misc":{"\u00c9crit par":"Camille Fiot","Dur\u00e9e de lecture estim\u00e9e":"6 minutes"},"schema":{"@context":"https:\/\/schema.org","@graph":[{"@type":"Article","@id":"https:\/\/www.wedrivit.com\/blog\/voiture\/collection\/voiture-ancienne-a-cuba-les-chevrolet-les-buick-les-chrysler-les-oldsmobile-et-les-ford#article","isPartOf":{"@id":"https:\/\/www.wedrivit.com\/blog\/voiture\/collection\/voiture-ancienne-a-cuba-les-chevrolet-les-buick-les-chrysler-les-oldsmobile-et-les-ford"},"author":{"name":"Camille Fiot","@id":"https:\/\/www.wedrivit.com\/blog\/#\/schema\/person\/bd337a50a9dbdcb584b97dfc6b7a7008"},"headline":"Voiture ancienne \u00e0 Cuba","datePublished":"2023-03-09T10:05:20+00:00","dateModified":"2025-06-09T08:48:25+00:00","mainEntityOfPage":{"@id":"https:\/\/www.wedrivit.com\/blog\/voiture\/collection\/voiture-ancienne-a-cuba-les-chevrolet-les-buick-les-chrysler-les-oldsmobile-et-les-ford"},"wordCount":830,"commentCount":0,"publisher":{"@id":"https:\/\/www.wedrivit.com\/blog\/#organization"},"image":{"@id":"https:\/\/www.wedrivit.com\/blog\/voiture\/collection\/voiture-ancienne-a-cuba-les-chevrolet-les-buick-les-chrysler-les-oldsmobile-et-les-ford#primaryimage"},"thumbnailUrl":"https:\/\/www.wedrivit.com\/blog\/wp-content\/uploads\/2023\/02\/cuba.jpg","articleSection":["Culture Automobile","Tous les articles"],"inLanguage":"fr-FR","potentialAction":[{"@type":"CommentAction","name":"Comment","target":["https:\/\/www.wedrivit.com\/blog\/voiture\/collection\/voiture-ancienne-a-cuba-les-chevrolet-les-buick-les-chrysler-les-oldsmobile-et-les-ford#respond"]}]},{"@type":"WebPage","@id":"https:\/\/www.wedrivit.com\/blog\/voiture\/collection\/voiture-ancienne-a-cuba-les-chevrolet-les-buick-les-chrysler-les-oldsmobile-et-les-ford","url":"https:\/\/www.wedrivit.com\/blog\/voiture\/collection\/voiture-ancienne-a-cuba-les-chevrolet-les-buick-les-chrysler-les-oldsmobile-et-les-ford","name":"D\u00e9couvrez toutes les voitures de collection retrouvables \u00e0 Cuba","isPartOf":{"@id":"https:\/\/www.wedrivit.com\/blog\/#website"},"primaryImageOfPage":{"@id":"https:\/\/www.wedrivit.com\/blog\/voiture\/collection\/voiture-ancienne-a-cuba-les-chevrolet-les-buick-les-chrysler-les-oldsmobile-et-les-ford#primaryimage"},"image":{"@id":"https:\/\/www.wedrivit.com\/blog\/voiture\/collection\/voiture-ancienne-a-cuba-les-chevrolet-les-buick-les-chrysler-les-oldsmobile-et-les-ford#primaryimage"},"thumbnailUrl":"https:\/\/www.wedrivit.com\/blog\/wp-content\/uploads\/2023\/02\/cuba.jpg","datePublished":"2023-03-09T10:05:20+00:00","dateModified":"2025-06-09T08:48:25+00:00","description":"D\u00e9couvrez les voitures anciennes de Cuba : un mus\u00e9e roulant o\u00f9 Chevrolet, Ford et autres classiques circulent toujours.","breadcrumb":{"@id":"https:\/\/www.wedrivit.com\/blog\/voiture\/collection\/voiture-ancienne-a-cuba-les-chevrolet-les-buick-les-chrysler-les-oldsmobile-et-les-ford#breadcrumb"},"inLanguage":"fr-FR","potentialAction":[{"@type":"ReadAction","target":["https:\/\/www.wedrivit.com\/blog\/voiture\/collection\/voiture-ancienne-a-cuba-les-chevrolet-les-buick-les-chrysler-les-oldsmobile-et-les-ford"]}]},{"@type":"ImageObject","inLanguage":"fr-FR","@id":"https:\/\/www.wedrivit.com\/blog\/voiture\/collection\/voiture-ancienne-a-cuba-les-chevrolet-les-buick-les-chrysler-les-oldsmobile-et-les-ford#primaryimage","url":"https:\/\/www.wedrivit.com\/blog\/wp-content\/uploads\/2023\/02\/cuba.jpg","contentUrl":"https:\/\/www.wedrivit.com\/blog\/wp-content\/uploads\/2023\/02\/cuba.jpg","width":612,"height":341,"caption":"cuba"},{"@type":"BreadcrumbList","@id":"https:\/\/www.wedrivit.com\/blog\/voiture\/collection\/voiture-ancienne-a-cuba-les-chevrolet-les-buick-les-chrysler-les-oldsmobile-et-les-ford#breadcrumb","itemListElement":[{"@type":"ListItem","position":1,"name":"Home","item":"https:\/\/www.wedrivit.com\/blog\/"},{"@type":"ListItem","position":2,"name":"Voiture ancienne \u00e0 Cuba"}]},{"@type":"WebSite","@id":"https:\/\/www.wedrivit.com\/blog\/#website","url":"https:\/\/www.wedrivit.com\/blog\/","name":"Le blog des voitures de collection par Wedrivit","description":"Tout savoir sur les voitures anciennes grace \u00e0 Wedrivit, la plateforme de location de voitures anciennes entre particuliers.","publisher":{"@id":"https:\/\/www.wedrivit.com\/blog\/#organization"},"potentialAction":[{"@type":"SearchAction","target":{"@type":"EntryPoint","urlTemplate":"https:\/\/www.wedrivit.com\/blog\/?s={search_term_string}"},"query-input":{"@type":"PropertyValueSpecification","valueRequired":true,"valueName":"search_term_string"}}],"inLanguage":"fr-FR"},{"@type":"Organization","@id":"https:\/\/www.wedrivit.com\/blog\/#organization","name":"Le blog des voitures de collection par Wedrivit","url":"https:\/\/www.wedrivit.com\/blog\/","logo":{"@type":"ImageObject","inLanguage":"fr-FR","@id":"https:\/\/www.wedrivit.com\/blog\/#\/schema\/logo\/image\/","url":"https:\/\/www.wedrivit.com\/blog\/wp-content\/uploads\/2024\/12\/wedrivit-blanc-large-2.png","contentUrl":"https:\/\/www.wedrivit.com\/blog\/wp-content\/uploads\/2024\/12\/wedrivit-blanc-large-2.png","caption":"Le blog des voitures de collection par Wedrivit"},"image":{"@id":"https:\/\/www.wedrivit.com\/blog\/#\/schema\/logo\/image\/"}},{"@type":"Person","@id":"https:\/\/www.wedrivit.com\/blog\/#\/schema\/person\/bd337a50a9dbdcb584b97dfc6b7a7008","name":"Camille Fiot","image":{"@type":"ImageObject","inLanguage":"fr-FR","@id":"https:\/\/www.wedrivit.com\/blog\/#\/schema\/person\/image\/","url":"https:\/\/secure.gravatar.com\/avatar\/2f64f3e5fd5b776bb931b6b8fb8d451e04047c77832e87138ce0041eb1434bb2?s=96&d=mm&r=g","contentUrl":"https:\/\/secure.gravatar.com\/avatar\/2f64f3e5fd5b776bb931b6b8fb8d451e04047c77832e87138ce0041eb1434bb2?s=96&d=mm&r=g","caption":"Camille Fiot"},"sameAs":["https:\/\/www.wedrivit.com\/"],"url":"https:\/\/www.wedrivit.com\/blog\/voiture\/collection\/author\/camille-fiot"}]}},"_links":{"self":[{"href":"https:\/\/www.wedrivit.com\/blog\/wp-json\/wp\/v2\/posts\/7608","targetHints":{"allow":["GET"]}}],"collection":[{"href":"https:\/\/www.wedrivit.com\/blog\/wp-json\/wp\/v2\/posts"}],"about":[{"href":"https:\/\/www.wedrivit.com\/blog\/wp-json\/wp\/v2\/types\/post"}],"author":[{"embeddable":true,"href":"https:\/\/www.wedrivit.com\/blog\/wp-json\/wp\/v2\/users\/17"}],"replies":[{"embeddable":true,"href":"https:\/\/www.wedrivit.com\/blog\/wp-json\/wp\/v2\/comments?post=7608"}],"version-history":[{"count":21,"href":"https:\/\/www.wedrivit.com\/blog\/wp-json\/wp\/v2\/posts\/7608\/revisions"}],"predecessor-version":[{"id":10831,"href":"https:\/\/www.wedrivit.com\/blog\/wp-json\/wp\/v2\/posts\/7608\/revisions\/10831"}],"wp:featuredmedia":[{"embeddable":true,"href":"https:\/\/www.wedrivit.com\/blog\/wp-json\/wp\/v2\/media\/7609"}],"wp:attachment":[{"href":"https:\/\/www.wedrivit.com\/blog\/wp-json\/wp\/v2\/media?parent=7608"}],"wp:term":[{"taxonomy":"category","embeddable":true,"href":"https:\/\/www.wedrivit.com\/blog\/wp-json\/wp\/v2\/categories?post=7608"},{"taxonomy":"post_tag","embeddable":true,"href":"https:\/\/www.wedrivit.com\/blog\/wp-json\/wp\/v2\/tags?post=7608"}],"curies":[{"name":"wp","href":"https:\/\/api.w.org\/{rel}","templated":true}]}}