{"id":7589,"date":"2023-02-13T15:13:33","date_gmt":"2023-02-13T13:13:33","guid":{"rendered":"https:\/\/www.wedrivit.com\/blog\/?p=7589"},"modified":"2023-02-21T13:48:13","modified_gmt":"2023-02-21T11:48:13","slug":"salon-retromobile-edition-2023","status":"publish","type":"post","link":"https:\/\/www.wedrivit.com\/blog\/voiture\/collection\/salon-retromobile-edition-2023","title":{"rendered":"Salon r\u00e9tromobile : \u00e9dition 2023"},"content":{"rendered":"\t\t<div data-elementor-type=\"wp-post\" data-elementor-id=\"7589\" class=\"elementor elementor-7589\">\n\t\t\t\t\t\t<section class=\"elementor-section elementor-top-section elementor-element elementor-element-6479cb9 elementor-section-boxed elementor-section-height-default elementor-section-height-default\" data-id=\"6479cb9\" data-element_type=\"section\">\n\t\t\t\t\t\t<div class=\"elementor-container elementor-column-gap-default\">\n\t\t\t\t\t<div class=\"elementor-column elementor-col-100 elementor-top-column elementor-element elementor-element-5b5444e\" data-id=\"5b5444e\" data-element_type=\"column\">\n\t\t\t<div class=\"elementor-widget-wrap elementor-element-populated\">\n\t\t\t\t\t\t<div class=\"elementor-element elementor-element-b27d7b3 elementor-widget elementor-widget-text-editor\" data-id=\"b27d7b3\" data-element_type=\"widget\" data-widget_type=\"text-editor.default\">\n\t\t\t\t<div class=\"elementor-widget-container\">\n\t\t\t\t\t\t\t\t\t<p>L&rsquo;ann\u00e9e 2023 commence tout doucement avec son\u00a0 premier \u00e9v\u00e9nement automobile de l&rsquo;ann\u00e9e : <strong>R\u00e9tromobile<\/strong>. Au planning de la 47eme \u00e9dition, ventes au ench\u00e8re d&rsquo;Artcurial, exposition d\u00e9di\u00e9 au 100 ans des 24 heures du Mans\u00a0 et la pr\u00e9sence d&rsquo;une douzaine de constructeur automobile fran\u00e7ais. De quoi ravir les fans et les replonger dans le souvenir de <strong>mod\u00e8le mythique<\/strong>.<\/p>\t\t\t\t\t\t\t\t<\/div>\n\t\t\t\t<\/div>\n\t\t\t\t<div class=\"elementor-element elementor-element-2e14190 elementor-widget elementor-widget-heading\" data-id=\"2e14190\" data-element_type=\"widget\" data-widget_type=\"heading.default\">\n\t\t\t\t<div class=\"elementor-widget-container\">\n\t\t\t\t\t<h2 class=\"elementor-heading-title elementor-size-default\">Des consctructeurs pr\u00e9sents<\/h2>\t\t\t\t<\/div>\n\t\t\t\t<\/div>\n\t\t\t\t<div class=\"elementor-element elementor-element-07005ce elementor-widget elementor-widget-text-editor\" data-id=\"07005ce\" data-element_type=\"widget\" data-widget_type=\"text-editor.default\">\n\t\t\t\t<div class=\"elementor-widget-container\">\n\t\t\t\t\t\t\t\t\t<p>Retromobile a su au fil du temps se professionnaliser et perdre son \u00e9tiquette de simple r\u00e9union de passionn\u00e9s. En effet, l&rsquo;occasion permet au grande marque de mettre en avant leurs enseigne et leur nouveaut\u00e9. Plus qu&rsquo;un rendez-vous c&rsquo;est une<strong> date qui lie le pass\u00e9 et l&rsquo;avenir<\/strong>.<\/p>\t\t\t\t\t\t\t\t<\/div>\n\t\t\t\t<\/div>\n\t\t\t\t<div class=\"elementor-element elementor-element-b2a0e03 elementor-widget elementor-widget-heading\" data-id=\"b2a0e03\" data-element_type=\"widget\" data-widget_type=\"heading.default\">\n\t\t\t\t<div class=\"elementor-widget-container\">\n\t\t\t\t\t<h3 class=\"elementor-heading-title elementor-size-default\">Peugeot et sa s\u00e9rie 4 <\/h3>\t\t\t\t<\/div>\n\t\t\t\t<\/div>\n\t\t\t\t<div class=\"elementor-element elementor-element-f73a7ea elementor-widget elementor-widget-text-editor\" data-id=\"f73a7ea\" data-element_type=\"widget\" data-widget_type=\"text-editor.default\">\n\t\t\t\t<div class=\"elementor-widget-container\">\n\t\t\t\t\t\t\t\t\t<p>Le <a href=\"https:\/\/www.wedrivit.com\/location\/voiture\/marque\/peugeot\/\">constructeur<\/a>\u00a0 a pr\u00e9sent\u00e9 sa <strong>nouvelle berline<\/strong>, une <strong>408 hybride rechargeable<\/strong>. Elle \u00e9tait entour\u00e9 par d&rsquo;ancien mod\u00e8le remis a neuf pour l&rsquo;occasion. On a put voir, en autre, une <strong>401 <\/strong>berline des ann\u00e9es 30 avec des roues avant ind\u00e9pendante. Une <strong>402 <\/strong>avec un a\u00e9rodynamisme revisit\u00e9 avec des phares cach\u00e9 derri\u00e8re les grilles de la calandre. Mais aussi un cabriolet <strong>403<\/strong> des ann\u00e9es 50 connu pour sa pr\u00e9sence dans la s\u00e9rie t\u00e9l\u00e9vis\u00e9 Columbo.<\/p>\t\t\t\t\t\t\t\t<\/div>\n\t\t\t\t<\/div>\n\t\t\t\t<div class=\"elementor-element elementor-element-5312c09 elementor-arrows-position-inside elementor-pagination-position-outside elementor-widget elementor-widget-image-carousel\" data-id=\"5312c09\" data-element_type=\"widget\" data-settings=\"{&quot;navigation&quot;:&quot;both&quot;,&quot;autoplay&quot;:&quot;yes&quot;,&quot;pause_on_hover&quot;:&quot;yes&quot;,&quot;pause_on_interaction&quot;:&quot;yes&quot;,&quot;autoplay_speed&quot;:5000,&quot;infinite&quot;:&quot;yes&quot;,&quot;speed&quot;:500}\" data-widget_type=\"image-carousel.default\">\n\t\t\t\t<div class=\"elementor-widget-container\">\n\t\t\t\t\t\t\t<div class=\"elementor-image-carousel-wrapper swiper\" role=\"region\" aria-roledescription=\"carousel\" aria-label=\"Carrousel d\u2019images\" dir=\"ltr\">\n\t\t\t<div class=\"elementor-image-carousel swiper-wrapper\" aria-live=\"off\">\n\t\t\t\t\t\t\t\t<div class=\"swiper-slide\" role=\"group\" aria-roledescription=\"slide\" aria-label=\"1 sur 4\"><figure class=\"swiper-slide-inner\"><img decoding=\"async\" class=\"swiper-slide-image\" src=\"https:\/\/www.wedrivit.com\/blog\/wp-content\/uploads\/2023\/02\/S1-retromobile-2023-peugeot-met-la-serie-4-a-l-honneur-744541-1.jpg\" alt=\"S1-retromobile-2023-peugeot-met-la-serie-4-a-l-honneur-744541\" \/><\/figure><\/div><div class=\"swiper-slide\" role=\"group\" aria-roledescription=\"slide\" aria-label=\"2 sur 4\"><figure class=\"swiper-slide-inner\"><img decoding=\"async\" class=\"swiper-slide-image\" src=\"https:\/\/www.wedrivit.com\/blog\/wp-content\/uploads\/2023\/02\/S1-retromobile-2023-peugeot-met-la-serie-4-a-l-honneur-744538.jpg\" alt=\"S1-retromobile-2023-peugeot-met-la-serie-4-a-l-honneur-744538\" \/><\/figure><\/div><div class=\"swiper-slide\" role=\"group\" aria-roledescription=\"slide\" aria-label=\"3 sur 4\"><figure class=\"swiper-slide-inner\"><img decoding=\"async\" class=\"swiper-slide-image\" src=\"https:\/\/www.wedrivit.com\/blog\/wp-content\/uploads\/2023\/02\/AA1745E7.jpg\" alt=\"AA1745E7\" \/><\/figure><\/div><div class=\"swiper-slide\" role=\"group\" aria-roledescription=\"slide\" aria-label=\"4 sur 4\"><figure class=\"swiper-slide-inner\"><img decoding=\"async\" class=\"swiper-slide-image\" src=\"https:\/\/www.wedrivit.com\/blog\/wp-content\/uploads\/2023\/02\/index.jpg\" alt=\"index\" \/><\/figure><\/div>\t\t\t<\/div>\n\t\t\t\t\t\t\t\t\t\t\t\t<div class=\"elementor-swiper-button elementor-swiper-button-prev\" role=\"button\" tabindex=\"0\">\n\t\t\t\t\t\t<i aria-hidden=\"true\" class=\"eicon-chevron-left\"><\/i>\t\t\t\t\t<\/div>\n\t\t\t\t\t<div class=\"elementor-swiper-button elementor-swiper-button-next\" role=\"button\" tabindex=\"0\">\n\t\t\t\t\t\t<i aria-hidden=\"true\" class=\"eicon-chevron-right\"><\/i>\t\t\t\t\t<\/div>\n\t\t\t\t\n\t\t\t\t\t\t\t\t\t<div class=\"swiper-pagination\"><\/div>\n\t\t\t\t\t\t\t\t\t<\/div>\n\t\t\t\t\t\t<\/div>\n\t\t\t\t<\/div>\n\t\t\t\t<div class=\"elementor-element elementor-element-aa3bc3c elementor-widget elementor-widget-heading\" data-id=\"aa3bc3c\" data-element_type=\"widget\" data-widget_type=\"heading.default\">\n\t\t\t\t<div class=\"elementor-widget-container\">\n\t\t\t\t\t<h3 class=\"elementor-heading-title elementor-size-default\">Citro\u00ebn et sa vision de l'avenir <\/h3>\t\t\t\t<\/div>\n\t\t\t\t<\/div>\n\t\t\t\t<div class=\"elementor-element elementor-element-4ea384e elementor-widget elementor-widget-text-editor\" data-id=\"4ea384e\" data-element_type=\"widget\" data-widget_type=\"text-editor.default\">\n\t\t\t\t<div class=\"elementor-widget-container\">\n\t\t\t\t\t\t\t\t\t<p>Tous les constructeurs proc\u00e8dent pour la\u00a0 plupart de la m\u00eame fa\u00e7on en s&rsquo;entourant d&rsquo;anciens mod\u00e8les pour pr\u00e9senter leur nouveaut\u00e9s. De quoi plaire aux collectionneurs, qui ch\u00e9rissent particuli\u00e8rement la <a href=\"https:\/\/www.wedrivit.com\/location\/voiture\/marque\/citroen\/\"><strong>marque aux chevrons<\/strong><\/a>. On a put y voir des v\u00e9hicules de prestige faisant l&rsquo;histoire de la marque : une CX , une <a href=\"https:\/\/www.wedrivit.com\/location\/voiture\/2cv\/\">2CV<\/a>, une <a href=\"https:\/\/www.wedrivit.com\/location\/voiture\/modeles\/citroenmehari\/\">M\u00e9hari<\/a> ou encore une <a href=\"https:\/\/www.wedrivit.com\/location\/voiture\/modeles\/citroentraction\/\">Traction<\/a>.<\/p><p>De quoi mettre en avant le concept Oli. Un<strong> suv\u00a0<\/strong> 100 %\u00a0 \u00e9lectrique pr\u00e9sent\u00e9 pour la premi\u00e8re fois par l&rsquo;automobile fran\u00e7ais.<\/p>\t\t\t\t\t\t\t\t<\/div>\n\t\t\t\t<\/div>\n\t\t\t\t<div class=\"elementor-element elementor-element-ac5106a elementor-widget elementor-widget-image\" data-id=\"ac5106a\" data-element_type=\"widget\" data-widget_type=\"image.default\">\n\t\t\t\t<div class=\"elementor-widget-container\">\n\t\t\t\t\t\t\t\t\t\t\t\t\t\t\t<img fetchpriority=\"high\" decoding=\"async\" width=\"1000\" height=\"750\" src=\"https:\/\/www.wedrivit.com\/blog\/wp-content\/uploads\/2023\/02\/63343a78301f5.jpg\" class=\"attachment-large size-large wp-image-7746\" alt=\"\" \/>\t\t\t\t\t\t\t\t\t\t\t\t\t\t\t<\/div>\n\t\t\t\t<\/div>\n\t\t\t\t<div class=\"elementor-element elementor-element-2e1d77f elementor-widget elementor-widget-heading\" data-id=\"2e1d77f\" data-element_type=\"widget\" data-widget_type=\"heading.default\">\n\t\t\t\t<div class=\"elementor-widget-container\">\n\t\t\t\t\t<h3 class=\"elementor-heading-title elementor-size-default\">Renault, du neuf avec du vieux <\/h3>\t\t\t\t<\/div>\n\t\t\t\t<\/div>\n\t\t\t\t<div class=\"elementor-element elementor-element-bd73e0c elementor-widget elementor-widget-text-editor\" data-id=\"bd73e0c\" data-element_type=\"widget\" data-widget_type=\"text-editor.default\">\n\t\t\t\t<div class=\"elementor-widget-container\">\n\t\t\t\t\t\t\t\t\t<p><strong>Renault<\/strong> pr\u00e9sente<a href=\"https:\/\/www.wedrivit.com\/blog\/mondial-de-l-automobile-2022\/\"> une fois de plus<\/a> sa version \u00e9lectrique de sa mythique R5 : la <strong>R5 turbo 3E<\/strong>. Le deux mod\u00e8les \u00e9tait cote \u00e0 cote de quoi proposer une vision de l&rsquo;avenir tout en mettant \u00e0 l&rsquo;honneur de pass\u00e9.<\/p><p>De plus, le<a href=\"https:\/\/www.wedrivit.com\/location\/voiture\/marque\/renault\/\"> constructeur fran\u00e7ais<\/a> f\u00eatait les 30 ans de sa l\u00e9gendaire <strong>Twingo<\/strong>. Diff\u00e9rentes versions \u00e9taient donc pr\u00e9sent\u00e9es, une Twingo coupe, une Twingo Benetton ou encore une version du carrossier Lecoq de 1995.<\/p>\t\t\t\t\t\t\t\t<\/div>\n\t\t\t\t<\/div>\n\t\t\t\t<div class=\"elementor-element elementor-element-5f2fd53 elementor-widget elementor-widget-image\" data-id=\"5f2fd53\" data-element_type=\"widget\" data-widget_type=\"image.default\">\n\t\t\t\t<div class=\"elementor-widget-container\">\n\t\t\t\t\t\t\t\t\t\t\t\t\t\t\t<img decoding=\"async\" width=\"899\" height=\"599\" src=\"https:\/\/www.wedrivit.com\/blog\/wp-content\/uploads\/2023\/02\/S0-retromobile-2022-les-50-ans-de-la-r5-707235.jpg\" class=\"attachment-large size-large wp-image-7749\" alt=\"\" \/>\t\t\t\t\t\t\t\t\t\t\t\t\t\t\t<\/div>\n\t\t\t\t<\/div>\n\t\t\t\t<div class=\"elementor-element elementor-element-ea604e2 elementor-widget elementor-widget-heading\" data-id=\"ea604e2\" data-element_type=\"widget\" data-widget_type=\"heading.default\">\n\t\t\t\t<div class=\"elementor-widget-container\">\n\t\t\t\t\t<h3 class=\"elementor-heading-title elementor-size-default\">volkswagen et sa foule sentimentale <\/h3>\t\t\t\t<\/div>\n\t\t\t\t<\/div>\n\t\t\t\t<div class=\"elementor-element elementor-element-2e5761c elementor-widget elementor-widget-text-editor\" data-id=\"2e5761c\" data-element_type=\"widget\" data-widget_type=\"text-editor.default\">\n\t\t\t\t<div class=\"elementor-widget-container\">\n\t\t\t\t\t\t\t\t\t<p>Le<a href=\"https:\/\/www.wedrivit.com\/location\/voiture\/marque\/volkswagen\/\"> concessionnaire allemand<\/a> fait preuve d&rsquo;\u00e9motion et de nostalgie.Sous stand, on retrouve l<strong>&lsquo;id.buzz<\/strong> entour\u00e9 de <a href=\"https:\/\/www.wedrivit.com\/location\/voiture\/vw-combi\/\">deux combi\u00a0<\/a> de 1967 et 1972. Un mod\u00e8le totalement \u00e9lectrique qui fait \u00e9cho au pass\u00e9 dans son design et son \u00e9laboration. La van life devient \u00e9colo, de quoi la rendre encore plus attirante.<\/p>\t\t\t\t\t\t\t\t<\/div>\n\t\t\t\t<\/div>\n\t\t\t\t<div class=\"elementor-element elementor-element-b857e04 elementor-widget elementor-widget-image\" data-id=\"b857e04\" data-element_type=\"widget\" data-widget_type=\"image.default\">\n\t\t\t\t<div class=\"elementor-widget-container\">\n\t\t\t\t\t\t\t\t\t\t\t\t\t\t\t<img decoding=\"async\" width=\"960\" height=\"563\" src=\"https:\/\/www.wedrivit.com\/blog\/wp-content\/uploads\/2023\/02\/S8-retromobile-2023-volkswagen-fier-de-son-combi-200326.jpg\" class=\"attachment-large size-large wp-image-7748\" alt=\"\" \/>\t\t\t\t\t\t\t\t\t\t\t\t\t\t\t<\/div>\n\t\t\t\t<\/div>\n\t\t\t\t<div class=\"elementor-element elementor-element-64efdbb elementor-widget elementor-widget-heading\" data-id=\"64efdbb\" data-element_type=\"widget\" data-widget_type=\"heading.default\">\n\t\t\t\t<div class=\"elementor-widget-container\">\n\t\t\t\t\t<h3 class=\"elementor-heading-title elementor-size-default\">Les autres constructeurs<\/h3>\t\t\t\t<\/div>\n\t\t\t\t<\/div>\n\t\t\t\t<div class=\"elementor-element elementor-element-4d10c6f elementor-widget elementor-widget-text-editor\" data-id=\"4d10c6f\" data-element_type=\"widget\" data-widget_type=\"text-editor.default\">\n\t\t\t\t<div class=\"elementor-widget-container\">\n\t\t\t\t\t\t\t\t\t<p>Du cot\u00e9 des \u00e9trangers, on a pu voir le retour de la marque <a href=\"https:\/\/www.wedrivit.com\/location\/voiture\/marque\/caterham\/\"><strong>Catheram<\/strong><\/a> apr\u00e8s presque 10 ans d&rsquo;absence. La marque f\u00eatait ses 50 ans et exposait 3 mod\u00e8les. <a href=\"https:\/\/www.wedrivit.com\/location\/voiture\/marque\/porsche\/\"><strong>Porsche<\/strong><\/a> aussi \u00e9tait la pour c\u00e9l\u00e9brer les 60 ans de sa 911. On notera aussi la pr\u00e9sence de <strong>R\u00e9trofit<\/strong> qui propose de remplacer des moteurs thermiques par un kit de conversion \u00e9lectrique. Et aussi, celle de<a href=\"https:\/\/www.wedrivit.com\/location\/voiture\/alfa-romeo\/\"><strong> Alpfa Rom\u00e9o<\/strong><\/a> qui propose un programme de sauvegardes et de conservations pour ses usagers.<\/p>\t\t\t\t\t\t\t\t<\/div>\n\t\t\t\t<\/div>\n\t\t\t\t<div class=\"elementor-element elementor-element-02fac24 elementor-widget elementor-widget-image\" data-id=\"02fac24\" data-element_type=\"widget\" data-widget_type=\"image.default\">\n\t\t\t\t<div class=\"elementor-widget-container\">\n\t\t\t\t\t\t\t\t\t\t\t\t\t\t\t<img loading=\"lazy\" decoding=\"async\" width=\"750\" height=\"410\" src=\"https:\/\/www.wedrivit.com\/blog\/wp-content\/uploads\/2023\/02\/stand-porsche-retromobile-2023-nassm-15-750x410-1.jpg\" class=\"attachment-large size-large wp-image-7752\" alt=\"\" \/>\t\t\t\t\t\t\t\t\t\t\t\t\t\t\t<\/div>\n\t\t\t\t<\/div>\n\t\t\t\t<div class=\"elementor-element elementor-element-70120e5 elementor-widget elementor-widget-heading\" data-id=\"70120e5\" data-element_type=\"widget\" data-widget_type=\"heading.default\">\n\t\t\t\t<div class=\"elementor-widget-container\">\n\t\t\t\t\t<h2 class=\"elementor-heading-title elementor-size-default\">Exposition : les 24h du Mans \u00e0 100 ans<\/h2>\t\t\t\t<\/div>\n\t\t\t\t<\/div>\n\t\t\t\t<div class=\"elementor-element elementor-element-646023a elementor-widget elementor-widget-text-editor\" data-id=\"646023a\" data-element_type=\"widget\" data-widget_type=\"text-editor.default\">\n\t\t\t\t<div class=\"elementor-widget-container\">\n\t\t\t\t\t\t\t\t\t<p>2023 est aussi une ann\u00e9e particuli\u00e8re pour le monde automobile. En effet, cette ann\u00e9e f\u00eatera les<strong> 100 ans du 24 heures du Mans<\/strong>. Pour cette occasion, le salon c\u00e9l\u00e8bre la course avec <strong>deux expositions<\/strong>. Au programme, la Peugeot 905 gagnante de 1992, sa petite s\u0153ur la 9&#215;8 ou encore la Porsche 917 Mk de Stece Mcqueen qui a servi au tournage du film le Mans. Mais aussi des Delahaye, Bugatti, Bentley, toyota&#8230; Sans oublier la voiture vainqueur de la premi\u00e8re course d&rsquo;endurance de la comp\u00e9tition la Chenard &amp; Walcker.<\/p>\t\t\t\t\t\t\t\t<\/div>\n\t\t\t\t<\/div>\n\t\t\t\t<div class=\"elementor-element elementor-element-2580146 elementor-widget elementor-widget-image\" data-id=\"2580146\" data-element_type=\"widget\" data-widget_type=\"image.default\">\n\t\t\t\t<div class=\"elementor-widget-container\">\n\t\t\t\t\t\t\t\t\t\t\t\t\t\t\t<img loading=\"lazy\" decoding=\"async\" width=\"1000\" height=\"546\" src=\"https:\/\/www.wedrivit.com\/blog\/wp-content\/uploads\/2023\/02\/expo-24-heures-retromobile-2023-nassm-26.jpg\" class=\"attachment-large size-large wp-image-7750\" alt=\"\" \/>\t\t\t\t\t\t\t\t\t\t\t\t\t\t\t<\/div>\n\t\t\t\t<\/div>\n\t\t\t\t<div class=\"elementor-element elementor-element-0144b19 elementor-widget elementor-widget-heading\" data-id=\"0144b19\" data-element_type=\"widget\" data-widget_type=\"heading.default\">\n\t\t\t\t<div class=\"elementor-widget-container\">\n\t\t\t\t\t<h2 class=\"elementor-heading-title elementor-size-default\">La vente aux ench\u00e8res d'Artcurial<\/h2>\t\t\t\t<\/div>\n\t\t\t\t<\/div>\n\t\t\t\t<div class=\"elementor-element elementor-element-5bfe01b elementor-widget elementor-widget-text-editor\" data-id=\"5bfe01b\" data-element_type=\"widget\" data-widget_type=\"text-editor.default\">\n\t\t\t\t<div class=\"elementor-widget-container\">\n\t\t\t\t\t\t\t\t\t<p>R\u00e9tromobile ne serait pas le salon qu&rsquo;il est sans sa <strong>fameuse ventes aux ench\u00e8res<\/strong>. Avec pr\u00e8s de 250 v\u00e9hicules \u00e9tal\u00e9s sur 700m2. Elle est la partie immanquable de l&rsquo;\u00e9v\u00e8nement pour tout\u00a0 <strong>collectionneurs de voiture anciennes<\/strong>. Les prix varie entre 2000 et 8 000 000 d&rsquo;euros, de quoi trouver chaussure \u00e0 son pied. On a put y apercevoir la premi\u00e8re Lamborghini Countach livrait en France en 1975. La Mercedes SLR Stirling Moss estim\u00e9 \u00e0 3 millions d&rsquo;euros. Ou encore la Benetton de Schumacher avec laquelle il a remport\u00e9 le championnat du monde de F1 en 1995.<\/p><p>Cependant, la vente n&rsquo;a pas \u00e9t\u00e9 une totale r\u00e9ussite. La <strong>Ferrari 250 LM Berlinetta<\/strong> estim\u00e9 \u00e0 25 millions d&rsquo;euro n&rsquo;a pas trouv\u00e9 acheteur. Elle \u00e9tait la vedette de l&rsquo;\u00e9v\u00e8nement.<\/p>\t\t\t\t\t\t\t\t<\/div>\n\t\t\t\t<\/div>\n\t\t\t\t<div class=\"elementor-element elementor-element-1564f09 elementor-widget elementor-widget-image\" data-id=\"1564f09\" data-element_type=\"widget\" data-widget_type=\"image.default\">\n\t\t\t\t<div class=\"elementor-widget-container\">\n\t\t\t\t\t\t\t\t\t\t\t\t\t\t\t<img loading=\"lazy\" decoding=\"async\" width=\"750\" height=\"562\" src=\"https:\/\/www.wedrivit.com\/blog\/wp-content\/uploads\/2023\/02\/artcurial-retromobile-encheres-750x562-1.jpg\" class=\"attachment-large size-large wp-image-7751\" alt=\"\" \/>\t\t\t\t\t\t\t\t\t\t\t\t\t\t\t<\/div>\n\t\t\t\t<\/div>\n\t\t\t\t<div class=\"elementor-element elementor-element-5e6f9a5 elementor-widget elementor-widget-heading\" data-id=\"5e6f9a5\" data-element_type=\"widget\" data-widget_type=\"heading.default\">\n\t\t\t\t<div class=\"elementor-widget-container\">\n\t\t\t\t\t<h2 class=\"elementor-heading-title elementor-size-default\">Wedrivit <\/h2>\t\t\t\t<\/div>\n\t\t\t\t<\/div>\n\t\t\t\t<div class=\"elementor-element elementor-element-befe673 elementor-widget elementor-widget-text-editor\" data-id=\"befe673\" data-element_type=\"widget\" data-widget_type=\"text-editor.default\">\n\t\t\t\t<div class=\"elementor-widget-container\">\n\t\t\t\t\t\t\t\t\t<p>Nous avons nous aussi eu l&rsquo;occasion de faire part de notre pr\u00e9sence<strong> au salon<\/strong>. Nous en avons profit\u00e9 pour solidifier nos lien avec nos partenaires et rencontrer des prospects. R\u00e9tromobile fut une exp\u00e9rience enrichissante que nous souhaitons retrouver dans les prochains salons de l&rsquo;ann\u00e9e.<\/p>\t\t\t\t\t\t\t\t<\/div>\n\t\t\t\t<\/div>\n\t\t\t\t\t<\/div>\n\t\t<\/div>\n\t\t\t\t\t<\/div>\n\t\t<\/section>\n\t\t\t\t<section class=\"elementor-section elementor-top-section elementor-element elementor-element-820f5d6 elementor-section-boxed elementor-section-height-default elementor-section-height-default\" data-id=\"820f5d6\" data-element_type=\"section\">\n\t\t\t\t\t\t<div class=\"elementor-container elementor-column-gap-default\">\n\t\t\t\t\t<div class=\"elementor-column elementor-col-100 elementor-top-column elementor-element elementor-element-b6c7575\" data-id=\"b6c7575\" data-element_type=\"column\">\n\t\t\t<div class=\"elementor-widget-wrap elementor-element-populated\">\n\t\t\t\t\t\t<div class=\"elementor-element elementor-element-6a282cb elementor-widget elementor-widget-text-editor\" data-id=\"6a282cb\" data-element_type=\"widget\" data-widget_type=\"text-editor.default\">\n\t\t\t\t<div class=\"elementor-widget-container\">\n\t\t\t\t\t\t\t\t\t<p>Nous esp\u00e9rons vous retrouver tr\u00e8s bient\u00f4t ! D&rsquo;ici l\u00e0, n&rsquo;h\u00e9sitez pas \u00e0 consulter nos derniers articles :<\/p><blockquote><p><a href=\"https:\/\/www.wedrivit.com\/blog\/voiture\/collection\/voitures-des-annees-70\/\">Les voitures des ann\u00e9es 70<\/a><\/p><p><a href=\"https:\/\/www.wedrivit.com\/blog\/voiture\/collection\/road-trip-voiture-de-collection-entre-copines\/\">Organiser un Road trip entre copines en voiture de collection<\/a><\/p><\/blockquote>\t\t\t\t\t\t\t\t<\/div>\n\t\t\t\t<\/div>\n\t\t\t\t\t<\/div>\n\t\t<\/div>\n\t\t\t\t\t<\/div>\n\t\t<\/section>\n\t\t\t\t<\/div>\n\t\t","protected":false},"excerpt":{"rendered":"<p>L&rsquo;ann\u00e9e 2023 commence tout doucement avec son&nbsp; premier \u00e9v\u00e9nement automobile de l&rsquo;ann\u00e9e : R\u00e9tromobile. Au planning de la 47eme \u00e9dition,&hellip;<\/p>\n","protected":false},"author":22,"featured_media":7598,"comment_status":"open","ping_status":"open","sticky":false,"template":"","format":"standard","meta":{"footnotes":""},"categories":[17,1],"tags":[],"class_list":["post-7589","post","type-post","status-publish","format-standard","has-post-thumbnail","hentry","category-culture-automobile","category-tous-les-articles"],"yoast_head":"<!-- This site is optimized with the Yoast SEO plugin v26.9 - https:\/\/yoast.com\/product\/yoast-seo-wordpress\/ -->\n<title>Salon r\u00e9tromobile : \u00e9dition 2023 - Le blog des voitures de collection par Wedrivit<\/title>\n<meta name=\"description\" content=\"Le salon r\u00e9tromobile \u00e9dition 2023, le rendez-vous parfait pour tout les amoureux et passion\u00e9s de voitures de collections.\" \/>\n<meta name=\"robots\" content=\"index, follow, max-snippet:-1, max-image-preview:large, max-video-preview:-1\" \/>\n<link rel=\"canonical\" href=\"https:\/\/www.wedrivit.com\/blog\/voiture\/collection\/salon-retromobile-edition-2023\" \/>\n<meta property=\"og:locale\" content=\"fr_FR\" \/>\n<meta property=\"og:type\" content=\"article\" \/>\n<meta property=\"og:title\" content=\"Salon r\u00e9tromobile : \u00e9dition 2023 - Le blog des voitures de collection par Wedrivit\" \/>\n<meta property=\"og:description\" content=\"Le salon r\u00e9tromobile \u00e9dition 2023, le rendez-vous parfait pour tout les amoureux et passion\u00e9s de voitures de collections.\" \/>\n<meta property=\"og:url\" content=\"https:\/\/www.wedrivit.com\/blog\/voiture\/collection\/salon-retromobile-edition-2023\" \/>\n<meta property=\"og:site_name\" content=\"Le blog des voitures de collection par Wedrivit\" \/>\n<meta property=\"article:published_time\" content=\"2023-02-13T13:13:33+00:00\" \/>\n<meta property=\"article:modified_time\" content=\"2023-02-21T11:48:13+00:00\" \/>\n<meta property=\"og:image\" content=\"https:\/\/www.wedrivit.com\/blog\/wp-content\/uploads\/2023\/02\/S1-retromobile-2023-peugeot-met-la-serie-4-a-l-honneur-744537.jpg\" \/>\n\t<meta property=\"og:image:width\" content=\"705\" \/>\n\t<meta property=\"og:image:height\" content=\"470\" \/>\n\t<meta property=\"og:image:type\" content=\"image\/jpeg\" \/>\n<meta name=\"author\" content=\"Guillaume Ogier\" \/>\n<meta name=\"twitter:card\" content=\"summary_large_image\" \/>\n<meta name=\"twitter:label1\" content=\"\u00c9crit par\" \/>\n\t<meta name=\"twitter:data1\" content=\"Guillaume Ogier\" \/>\n\t<meta name=\"twitter:label2\" content=\"Dur\u00e9e de lecture estim\u00e9e\" \/>\n\t<meta name=\"twitter:data2\" content=\"4 minutes\" \/>\n<script type=\"application\/ld+json\" class=\"yoast-schema-graph\">{\"@context\":\"https:\/\/schema.org\",\"@graph\":[{\"@type\":\"Article\",\"@id\":\"https:\/\/www.wedrivit.com\/blog\/voiture\/collection\/salon-retromobile-edition-2023#article\",\"isPartOf\":{\"@id\":\"https:\/\/www.wedrivit.com\/blog\/voiture\/collection\/salon-retromobile-edition-2023\"},\"author\":{\"name\":\"Guillaume Ogier\",\"@id\":\"https:\/\/www.wedrivit.com\/blog\/#\/schema\/person\/d27de6551b194f72a8c634d91d17c4a8\"},\"headline\":\"Salon r\u00e9tromobile : \u00e9dition 2023\",\"datePublished\":\"2023-02-13T13:13:33+00:00\",\"dateModified\":\"2023-02-21T11:48:13+00:00\",\"mainEntityOfPage\":{\"@id\":\"https:\/\/www.wedrivit.com\/blog\/voiture\/collection\/salon-retromobile-edition-2023\"},\"wordCount\":866,\"commentCount\":0,\"publisher\":{\"@id\":\"https:\/\/www.wedrivit.com\/blog\/#organization\"},\"image\":{\"@id\":\"https:\/\/www.wedrivit.com\/blog\/voiture\/collection\/salon-retromobile-edition-2023#primaryimage\"},\"thumbnailUrl\":\"https:\/\/www.wedrivit.com\/blog\/wp-content\/uploads\/2023\/02\/S1-retromobile-2023-peugeot-met-la-serie-4-a-l-honneur-744537.jpg\",\"articleSection\":[\"Culture Automobile\",\"Tous les articles\"],\"inLanguage\":\"fr-FR\",\"potentialAction\":[{\"@type\":\"CommentAction\",\"name\":\"Comment\",\"target\":[\"https:\/\/www.wedrivit.com\/blog\/voiture\/collection\/salon-retromobile-edition-2023#respond\"]}]},{\"@type\":\"WebPage\",\"@id\":\"https:\/\/www.wedrivit.com\/blog\/voiture\/collection\/salon-retromobile-edition-2023\",\"url\":\"https:\/\/www.wedrivit.com\/blog\/voiture\/collection\/salon-retromobile-edition-2023\",\"name\":\"Salon r\u00e9tromobile : \u00e9dition 2023 - Le blog des voitures de collection par Wedrivit\",\"isPartOf\":{\"@id\":\"https:\/\/www.wedrivit.com\/blog\/#website\"},\"primaryImageOfPage\":{\"@id\":\"https:\/\/www.wedrivit.com\/blog\/voiture\/collection\/salon-retromobile-edition-2023#primaryimage\"},\"image\":{\"@id\":\"https:\/\/www.wedrivit.com\/blog\/voiture\/collection\/salon-retromobile-edition-2023#primaryimage\"},\"thumbnailUrl\":\"https:\/\/www.wedrivit.com\/blog\/wp-content\/uploads\/2023\/02\/S1-retromobile-2023-peugeot-met-la-serie-4-a-l-honneur-744537.jpg\",\"datePublished\":\"2023-02-13T13:13:33+00:00\",\"dateModified\":\"2023-02-21T11:48:13+00:00\",\"description\":\"Le salon r\u00e9tromobile \u00e9dition 2023, le rendez-vous parfait pour tout les amoureux et passion\u00e9s de voitures de collections.\",\"breadcrumb\":{\"@id\":\"https:\/\/www.wedrivit.com\/blog\/voiture\/collection\/salon-retromobile-edition-2023#breadcrumb\"},\"inLanguage\":\"fr-FR\",\"potentialAction\":[{\"@type\":\"ReadAction\",\"target\":[\"https:\/\/www.wedrivit.com\/blog\/voiture\/collection\/salon-retromobile-edition-2023\"]}]},{\"@type\":\"ImageObject\",\"inLanguage\":\"fr-FR\",\"@id\":\"https:\/\/www.wedrivit.com\/blog\/voiture\/collection\/salon-retromobile-edition-2023#primaryimage\",\"url\":\"https:\/\/www.wedrivit.com\/blog\/wp-content\/uploads\/2023\/02\/S1-retromobile-2023-peugeot-met-la-serie-4-a-l-honneur-744537.jpg\",\"contentUrl\":\"https:\/\/www.wedrivit.com\/blog\/wp-content\/uploads\/2023\/02\/S1-retromobile-2023-peugeot-met-la-serie-4-a-l-honneur-744537.jpg\",\"width\":705,\"height\":470},{\"@type\":\"BreadcrumbList\",\"@id\":\"https:\/\/www.wedrivit.com\/blog\/voiture\/collection\/salon-retromobile-edition-2023#breadcrumb\",\"itemListElement\":[{\"@type\":\"ListItem\",\"position\":1,\"name\":\"Home\",\"item\":\"https:\/\/www.wedrivit.com\/blog\/\"},{\"@type\":\"ListItem\",\"position\":2,\"name\":\"Salon r\u00e9tromobile : \u00e9dition 2023\"}]},{\"@type\":\"WebSite\",\"@id\":\"https:\/\/www.wedrivit.com\/blog\/#website\",\"url\":\"https:\/\/www.wedrivit.com\/blog\/\",\"name\":\"Le blog des voitures de collection par Wedrivit\",\"description\":\"Tout savoir sur les voitures anciennes grace \u00e0 Wedrivit, la plateforme de location de voitures anciennes entre particuliers.\",\"publisher\":{\"@id\":\"https:\/\/www.wedrivit.com\/blog\/#organization\"},\"potentialAction\":[{\"@type\":\"SearchAction\",\"target\":{\"@type\":\"EntryPoint\",\"urlTemplate\":\"https:\/\/www.wedrivit.com\/blog\/?s={search_term_string}\"},\"query-input\":{\"@type\":\"PropertyValueSpecification\",\"valueRequired\":true,\"valueName\":\"search_term_string\"}}],\"inLanguage\":\"fr-FR\"},{\"@type\":\"Organization\",\"@id\":\"https:\/\/www.wedrivit.com\/blog\/#organization\",\"name\":\"Le blog des voitures de collection par Wedrivit\",\"url\":\"https:\/\/www.wedrivit.com\/blog\/\",\"logo\":{\"@type\":\"ImageObject\",\"inLanguage\":\"fr-FR\",\"@id\":\"https:\/\/www.wedrivit.com\/blog\/#\/schema\/logo\/image\/\",\"url\":\"https:\/\/www.wedrivit.com\/blog\/wp-content\/uploads\/2024\/12\/wedrivit-blanc-large-2.png\",\"contentUrl\":\"https:\/\/www.wedrivit.com\/blog\/wp-content\/uploads\/2024\/12\/wedrivit-blanc-large-2.png\",\"caption\":\"Le blog des voitures de collection par Wedrivit\"},\"image\":{\"@id\":\"https:\/\/www.wedrivit.com\/blog\/#\/schema\/logo\/image\/\"}},{\"@type\":\"Person\",\"@id\":\"https:\/\/www.wedrivit.com\/blog\/#\/schema\/person\/d27de6551b194f72a8c634d91d17c4a8\",\"name\":\"Guillaume Ogier\",\"image\":{\"@type\":\"ImageObject\",\"inLanguage\":\"fr-FR\",\"@id\":\"https:\/\/www.wedrivit.com\/blog\/#\/schema\/person\/image\/\",\"url\":\"https:\/\/secure.gravatar.com\/avatar\/f3fc96ea593e4f3703329c34ddca21b7974549f88d65520caa48388d25027dee?s=96&d=mm&r=g\",\"contentUrl\":\"https:\/\/secure.gravatar.com\/avatar\/f3fc96ea593e4f3703329c34ddca21b7974549f88d65520caa48388d25027dee?s=96&d=mm&r=g\",\"caption\":\"Guillaume Ogier\"},\"url\":\"https:\/\/www.wedrivit.com\/blog\/voiture\/collection\/author\/guillaume-ogier\"}]}<\/script>\n<!-- \/ Yoast SEO plugin. -->","yoast_head_json":{"title":"Salon r\u00e9tromobile : \u00e9dition 2023 - Le blog des voitures de collection par Wedrivit","description":"Le salon r\u00e9tromobile \u00e9dition 2023, le rendez-vous parfait pour tout les amoureux et passion\u00e9s de voitures de collections.","robots":{"index":"index","follow":"follow","max-snippet":"max-snippet:-1","max-image-preview":"max-image-preview:large","max-video-preview":"max-video-preview:-1"},"canonical":"https:\/\/www.wedrivit.com\/blog\/voiture\/collection\/salon-retromobile-edition-2023","og_locale":"fr_FR","og_type":"article","og_title":"Salon r\u00e9tromobile : \u00e9dition 2023 - Le blog des voitures de collection par Wedrivit","og_description":"Le salon r\u00e9tromobile \u00e9dition 2023, le rendez-vous parfait pour tout les amoureux et passion\u00e9s de voitures de collections.","og_url":"https:\/\/www.wedrivit.com\/blog\/voiture\/collection\/salon-retromobile-edition-2023","og_site_name":"Le blog des voitures de collection par Wedrivit","article_published_time":"2023-02-13T13:13:33+00:00","article_modified_time":"2023-02-21T11:48:13+00:00","og_image":[{"width":705,"height":470,"url":"https:\/\/www.wedrivit.com\/blog\/wp-content\/uploads\/2023\/02\/S1-retromobile-2023-peugeot-met-la-serie-4-a-l-honneur-744537.jpg","type":"image\/jpeg"}],"author":"Guillaume Ogier","twitter_card":"summary_large_image","twitter_misc":{"\u00c9crit par":"Guillaume Ogier","Dur\u00e9e de lecture estim\u00e9e":"4 minutes"},"schema":{"@context":"https:\/\/schema.org","@graph":[{"@type":"Article","@id":"https:\/\/www.wedrivit.com\/blog\/voiture\/collection\/salon-retromobile-edition-2023#article","isPartOf":{"@id":"https:\/\/www.wedrivit.com\/blog\/voiture\/collection\/salon-retromobile-edition-2023"},"author":{"name":"Guillaume Ogier","@id":"https:\/\/www.wedrivit.com\/blog\/#\/schema\/person\/d27de6551b194f72a8c634d91d17c4a8"},"headline":"Salon r\u00e9tromobile : \u00e9dition 2023","datePublished":"2023-02-13T13:13:33+00:00","dateModified":"2023-02-21T11:48:13+00:00","mainEntityOfPage":{"@id":"https:\/\/www.wedrivit.com\/blog\/voiture\/collection\/salon-retromobile-edition-2023"},"wordCount":866,"commentCount":0,"publisher":{"@id":"https:\/\/www.wedrivit.com\/blog\/#organization"},"image":{"@id":"https:\/\/www.wedrivit.com\/blog\/voiture\/collection\/salon-retromobile-edition-2023#primaryimage"},"thumbnailUrl":"https:\/\/www.wedrivit.com\/blog\/wp-content\/uploads\/2023\/02\/S1-retromobile-2023-peugeot-met-la-serie-4-a-l-honneur-744537.jpg","articleSection":["Culture Automobile","Tous les articles"],"inLanguage":"fr-FR","potentialAction":[{"@type":"CommentAction","name":"Comment","target":["https:\/\/www.wedrivit.com\/blog\/voiture\/collection\/salon-retromobile-edition-2023#respond"]}]},{"@type":"WebPage","@id":"https:\/\/www.wedrivit.com\/blog\/voiture\/collection\/salon-retromobile-edition-2023","url":"https:\/\/www.wedrivit.com\/blog\/voiture\/collection\/salon-retromobile-edition-2023","name":"Salon r\u00e9tromobile : \u00e9dition 2023 - Le blog des voitures de collection par Wedrivit","isPartOf":{"@id":"https:\/\/www.wedrivit.com\/blog\/#website"},"primaryImageOfPage":{"@id":"https:\/\/www.wedrivit.com\/blog\/voiture\/collection\/salon-retromobile-edition-2023#primaryimage"},"image":{"@id":"https:\/\/www.wedrivit.com\/blog\/voiture\/collection\/salon-retromobile-edition-2023#primaryimage"},"thumbnailUrl":"https:\/\/www.wedrivit.com\/blog\/wp-content\/uploads\/2023\/02\/S1-retromobile-2023-peugeot-met-la-serie-4-a-l-honneur-744537.jpg","datePublished":"2023-02-13T13:13:33+00:00","dateModified":"2023-02-21T11:48:13+00:00","description":"Le salon r\u00e9tromobile \u00e9dition 2023, le rendez-vous parfait pour tout les amoureux et passion\u00e9s de voitures de collections.","breadcrumb":{"@id":"https:\/\/www.wedrivit.com\/blog\/voiture\/collection\/salon-retromobile-edition-2023#breadcrumb"},"inLanguage":"fr-FR","potentialAction":[{"@type":"ReadAction","target":["https:\/\/www.wedrivit.com\/blog\/voiture\/collection\/salon-retromobile-edition-2023"]}]},{"@type":"ImageObject","inLanguage":"fr-FR","@id":"https:\/\/www.wedrivit.com\/blog\/voiture\/collection\/salon-retromobile-edition-2023#primaryimage","url":"https:\/\/www.wedrivit.com\/blog\/wp-content\/uploads\/2023\/02\/S1-retromobile-2023-peugeot-met-la-serie-4-a-l-honneur-744537.jpg","contentUrl":"https:\/\/www.wedrivit.com\/blog\/wp-content\/uploads\/2023\/02\/S1-retromobile-2023-peugeot-met-la-serie-4-a-l-honneur-744537.jpg","width":705,"height":470},{"@type":"BreadcrumbList","@id":"https:\/\/www.wedrivit.com\/blog\/voiture\/collection\/salon-retromobile-edition-2023#breadcrumb","itemListElement":[{"@type":"ListItem","position":1,"name":"Home","item":"https:\/\/www.wedrivit.com\/blog\/"},{"@type":"ListItem","position":2,"name":"Salon r\u00e9tromobile : \u00e9dition 2023"}]},{"@type":"WebSite","@id":"https:\/\/www.wedrivit.com\/blog\/#website","url":"https:\/\/www.wedrivit.com\/blog\/","name":"Le blog des voitures de collection par Wedrivit","description":"Tout savoir sur les voitures anciennes grace \u00e0 Wedrivit, la plateforme de location de voitures anciennes entre particuliers.","publisher":{"@id":"https:\/\/www.wedrivit.com\/blog\/#organization"},"potentialAction":[{"@type":"SearchAction","target":{"@type":"EntryPoint","urlTemplate":"https:\/\/www.wedrivit.com\/blog\/?s={search_term_string}"},"query-input":{"@type":"PropertyValueSpecification","valueRequired":true,"valueName":"search_term_string"}}],"inLanguage":"fr-FR"},{"@type":"Organization","@id":"https:\/\/www.wedrivit.com\/blog\/#organization","name":"Le blog des voitures de collection par Wedrivit","url":"https:\/\/www.wedrivit.com\/blog\/","logo":{"@type":"ImageObject","inLanguage":"fr-FR","@id":"https:\/\/www.wedrivit.com\/blog\/#\/schema\/logo\/image\/","url":"https:\/\/www.wedrivit.com\/blog\/wp-content\/uploads\/2024\/12\/wedrivit-blanc-large-2.png","contentUrl":"https:\/\/www.wedrivit.com\/blog\/wp-content\/uploads\/2024\/12\/wedrivit-blanc-large-2.png","caption":"Le blog des voitures de collection par Wedrivit"},"image":{"@id":"https:\/\/www.wedrivit.com\/blog\/#\/schema\/logo\/image\/"}},{"@type":"Person","@id":"https:\/\/www.wedrivit.com\/blog\/#\/schema\/person\/d27de6551b194f72a8c634d91d17c4a8","name":"Guillaume Ogier","image":{"@type":"ImageObject","inLanguage":"fr-FR","@id":"https:\/\/www.wedrivit.com\/blog\/#\/schema\/person\/image\/","url":"https:\/\/secure.gravatar.com\/avatar\/f3fc96ea593e4f3703329c34ddca21b7974549f88d65520caa48388d25027dee?s=96&d=mm&r=g","contentUrl":"https:\/\/secure.gravatar.com\/avatar\/f3fc96ea593e4f3703329c34ddca21b7974549f88d65520caa48388d25027dee?s=96&d=mm&r=g","caption":"Guillaume Ogier"},"url":"https:\/\/www.wedrivit.com\/blog\/voiture\/collection\/author\/guillaume-ogier"}]}},"_links":{"self":[{"href":"https:\/\/www.wedrivit.com\/blog\/wp-json\/wp\/v2\/posts\/7589","targetHints":{"allow":["GET"]}}],"collection":[{"href":"https:\/\/www.wedrivit.com\/blog\/wp-json\/wp\/v2\/posts"}],"about":[{"href":"https:\/\/www.wedrivit.com\/blog\/wp-json\/wp\/v2\/types\/post"}],"author":[{"embeddable":true,"href":"https:\/\/www.wedrivit.com\/blog\/wp-json\/wp\/v2\/users\/22"}],"replies":[{"embeddable":true,"href":"https:\/\/www.wedrivit.com\/blog\/wp-json\/wp\/v2\/comments?post=7589"}],"version-history":[{"count":47,"href":"https:\/\/www.wedrivit.com\/blog\/wp-json\/wp\/v2\/posts\/7589\/revisions"}],"predecessor-version":[{"id":7777,"href":"https:\/\/www.wedrivit.com\/blog\/wp-json\/wp\/v2\/posts\/7589\/revisions\/7777"}],"wp:featuredmedia":[{"embeddable":true,"href":"https:\/\/www.wedrivit.com\/blog\/wp-json\/wp\/v2\/media\/7598"}],"wp:attachment":[{"href":"https:\/\/www.wedrivit.com\/blog\/wp-json\/wp\/v2\/media?parent=7589"}],"wp:term":[{"taxonomy":"category","embeddable":true,"href":"https:\/\/www.wedrivit.com\/blog\/wp-json\/wp\/v2\/categories?post=7589"},{"taxonomy":"post_tag","embeddable":true,"href":"https:\/\/www.wedrivit.com\/blog\/wp-json\/wp\/v2\/tags?post=7589"}],"curies":[{"name":"wp","href":"https:\/\/api.w.org\/{rel}","templated":true}]}}