{"id":7528,"date":"2023-02-06T10:32:26","date_gmt":"2023-02-06T08:32:26","guid":{"rendered":"https:\/\/www.wedrivit.com\/blog\/?p=7528"},"modified":"2023-02-06T10:32:30","modified_gmt":"2023-02-06T08:32:30","slug":"ne-loupez-plus-aucun-evenement-sur-les-voitures-de-collection","status":"publish","type":"post","link":"https:\/\/www.wedrivit.com\/blog\/voiture\/collection\/ne-loupez-plus-aucun-evenement-sur-les-voitures-de-collection","title":{"rendered":"Ne loupez plus aucun \u00e9v\u00e9nement sur les voitures de collection"},"content":{"rendered":"\t\t<div data-elementor-type=\"wp-post\" data-elementor-id=\"7528\" class=\"elementor elementor-7528\">\n\t\t\t\t\t\t<section class=\"elementor-section elementor-top-section elementor-element elementor-element-69d3deb elementor-section-boxed elementor-section-height-default elementor-section-height-default\" data-id=\"69d3deb\" data-element_type=\"section\">\n\t\t\t\t\t\t<div class=\"elementor-container elementor-column-gap-default\">\n\t\t\t\t\t<div class=\"elementor-column elementor-col-100 elementor-top-column elementor-element elementor-element-134e845\" data-id=\"134e845\" data-element_type=\"column\">\n\t\t\t<div class=\"elementor-widget-wrap elementor-element-populated\">\n\t\t\t\t\t\t<div class=\"elementor-element elementor-element-40b16b3 elementor-widget elementor-widget-image\" data-id=\"40b16b3\" data-element_type=\"widget\" data-widget_type=\"image.default\">\n\t\t\t\t<div class=\"elementor-widget-container\">\n\t\t\t\t\t\t\t\t\t\t\t\t\t\t\t<img fetchpriority=\"high\" decoding=\"async\" width=\"540\" height=\"136\" src=\"https:\/\/www.wedrivit.com\/blog\/wp-content\/uploads\/2023\/02\/Logo-2.png\" class=\"attachment-master-blog-archive size-master-blog-archive wp-image-7532\" alt=\"Forlaps\" \/>\t\t\t\t\t\t\t\t\t\t\t\t\t\t\t<\/div>\n\t\t\t\t<\/div>\n\t\t\t\t<div class=\"elementor-element elementor-element-96d0a5d elementor-widget elementor-widget-text-editor\" data-id=\"96d0a5d\" data-element_type=\"widget\" data-widget_type=\"text-editor.default\">\n\t\t\t\t<div class=\"elementor-widget-container\">\n\t\t\t\t\t\t\t\t\t<p dir=\"ltr\" style=\"line-height: 1.38; margin-top: 0pt; margin-bottom: 0pt;\"><span style=\"font-size: 11pt; font-family: Arial; color: #000000; background-color: transparent; font-weight: 400; font-style: normal; font-variant: normal; text-decoration: none; vertical-align: baseline; white-space: pre-wrap;\">Wedrivit a particip\u00e9 \u00e0 de nombreux \u00e9v\u00e9nements depuis sa cr\u00e9ation que ce soit des salons comme le salon du mariage \u00e0 Bordeaux ou encore le mondial de l\u2019auto \u00e0 Paris. Mais aussi des rallyes comme le Rallye du Pyla vers Arcachon (33). <\/span><span style=\"background-color: transparent; color: #000000; font-family: Arial; font-size: 11pt; font-weight: var( --e-global-typography-text-font-weight ); white-space: pre-wrap;\"> Nous essayons d\u2019\u00eatre pr\u00e9sents un peu partout, pour venir \u00e0 votre rencontre et vous pr\u00e9senter certaines de <strong>nos belles voitures de collection.<\/strong><\/span><\/p><p dir=\"ltr\" style=\"line-height: 1.38; margin-top: 0pt; margin-bottom: 0pt;\"><span style=\"background-color: transparent; color: #000000; font-family: Arial; font-size: 11pt; font-weight: var( --e-global-typography-text-font-weight ); white-space: pre-wrap;\">\u00a0<\/span><\/p><p dir=\"ltr\" style=\"line-height: 1.38; margin-top: 0pt; margin-bottom: 0pt;\"><span style=\"font-size: 11pt; font-family: Arial; color: #000000; background-color: transparent; font-weight: 400; font-style: normal; font-variant: normal; text-decoration: none; vertical-align: baseline; white-space: pre-wrap;\">Si vous nous suivez, c\u2019est que vous \u00eates un <strong>amateur d\u2019automobile <\/strong>! Et vous souhaitez ne manquer aucun \u00e9v\u00e9nement autour de la voiture ?<\/span><\/p>\t\t\t\t\t\t\t\t<\/div>\n\t\t\t\t<\/div>\n\t\t\t\t\t<\/div>\n\t\t<\/div>\n\t\t\t\t\t<\/div>\n\t\t<\/section>\n\t\t\t\t<section class=\"elementor-section elementor-top-section elementor-element elementor-element-58b7a3b elementor-section-boxed elementor-section-height-default elementor-section-height-default\" data-id=\"58b7a3b\" data-element_type=\"section\">\n\t\t\t\t\t\t<div class=\"elementor-container elementor-column-gap-default\">\n\t\t\t\t\t<div class=\"elementor-column elementor-col-100 elementor-top-column elementor-element elementor-element-e9e5064\" data-id=\"e9e5064\" data-element_type=\"column\">\n\t\t\t<div class=\"elementor-widget-wrap elementor-element-populated\">\n\t\t\t\t\t\t<div class=\"elementor-element elementor-element-43d2e3e elementor-widget elementor-widget-heading\" data-id=\"43d2e3e\" data-element_type=\"widget\" data-widget_type=\"heading.default\">\n\t\t\t\t<div class=\"elementor-widget-container\">\n\t\t\t\t\t<h2 class=\"elementor-heading-title elementor-size-default\">Qu'est-ce que Forlaps ?<\/h2>\t\t\t\t<\/div>\n\t\t\t\t<\/div>\n\t\t\t\t\t<\/div>\n\t\t<\/div>\n\t\t\t\t\t<\/div>\n\t\t<\/section>\n\t\t\t\t<section class=\"elementor-section elementor-top-section elementor-element elementor-element-f435fd4 elementor-section-boxed elementor-section-height-default elementor-section-height-default\" data-id=\"f435fd4\" data-element_type=\"section\">\n\t\t\t\t\t\t<div class=\"elementor-container elementor-column-gap-default\">\n\t\t\t\t\t<div class=\"elementor-column elementor-col-100 elementor-top-column elementor-element elementor-element-a9ad8e8\" data-id=\"a9ad8e8\" data-element_type=\"column\">\n\t\t\t<div class=\"elementor-widget-wrap elementor-element-populated\">\n\t\t\t\t\t\t<div class=\"elementor-element elementor-element-828cd8a elementor-widget elementor-widget-text-editor\" data-id=\"828cd8a\" data-element_type=\"widget\" data-widget_type=\"text-editor.default\">\n\t\t\t\t<div class=\"elementor-widget-container\">\n\t\t\t\t\t\t\t\t\t<p><span style=\"font-weight: 400;\">Forlaps est une jeune entreprise du Nord de la France qui existe depuis quelques ann\u00e9es.<\/span><\/p><p><span style=\"font-weight: 400;\">Cette plateforme propose un agenda automobile qui regroupe tous les \u00e9v\u00e9nements, que ce soit hebdomadaire, mensuel, annuel. Pour se retrouver et partager la passion des voitures anciennes, des prestiges, des motos\u2026 En rendant accessibles des \u00e9v\u00e9nements de toute la France.<\/span><\/p><p><span style=\"font-weight: 400;\">Que ce soit des salons, des rallyes, etc. Ces \u00e9v\u00e9nements sont bien aim\u00e9s par la F\u00e9d\u00e9ration Fran\u00e7aise des V\u00e9hicules d\u2019Epoque.<\/span><\/p><p><span style=\"font-weight: 400;\">Lors d\u2019une pr\u00e9sentation d\u2019un \u00e9v\u00e9nement, vous pourrez trouver toutes les informations pratiques sur le salon. Par exemple, les horaires, les prix, l\u2019itin\u00e9raire pour y aller, etc.<\/span><\/p><p><span style=\"font-weight: 400;\">Mais aussi des formations insolites des ann\u00e9es sur l\u2019autre.<\/span><\/p><p><span style=\"font-weight: 400;\"><a href=\"https:\/\/www.forlaps.com\/evenements-automobiles\/\">Forlaps<\/a> accompagne aussi les associations automobiles dans leur organisation.<\/span><\/p><p><span style=\"font-weight: 400;\">Leur mission est de pouvoir accompagner n\u2019importe quels passionn\u00e9s qui souhaitent se lancer dans l\u2019organisation d\u2019\u00e9v\u00e9nement, mais aussi les plus grosses structures qui souhaitent \u00eatre visibles tout en proposant un service de qualit\u00e9.<\/span><\/p>\t\t\t\t\t\t\t\t<\/div>\n\t\t\t\t<\/div>\n\t\t\t\t<div class=\"elementor-element elementor-element-7a1c196 elementor-arrows-position-inside elementor-pagination-position-outside elementor-widget elementor-widget-image-carousel\" data-id=\"7a1c196\" data-element_type=\"widget\" data-settings=\"{&quot;navigation&quot;:&quot;both&quot;,&quot;autoplay&quot;:&quot;yes&quot;,&quot;pause_on_hover&quot;:&quot;yes&quot;,&quot;pause_on_interaction&quot;:&quot;yes&quot;,&quot;autoplay_speed&quot;:5000,&quot;infinite&quot;:&quot;yes&quot;,&quot;speed&quot;:500}\" data-widget_type=\"image-carousel.default\">\n\t\t\t\t<div class=\"elementor-widget-container\">\n\t\t\t\t\t\t\t<div class=\"elementor-image-carousel-wrapper swiper\" role=\"region\" aria-roledescription=\"carousel\" aria-label=\"Carrousel d\u2019images\" dir=\"ltr\">\n\t\t\t<div class=\"elementor-image-carousel swiper-wrapper\" aria-live=\"off\">\n\t\t\t\t\t\t\t\t<div class=\"swiper-slide\" role=\"group\" aria-roledescription=\"slide\" aria-label=\"1 sur 1\"><figure class=\"swiper-slide-inner\"><img decoding=\"async\" class=\"swiper-slide-image\" src=\"https:\/\/www.wedrivit.com\/blog\/wp-content\/uploads\/2023\/02\/rallye-daumale-2023-4-1.jpg\" alt=\"Rally Daumale - Forlaps\" \/><\/figure><\/div>\t\t\t<\/div>\n\t\t\t\t\t<\/div>\n\t\t\t\t\t\t<\/div>\n\t\t\t\t<\/div>\n\t\t\t\t\t<\/div>\n\t\t<\/div>\n\t\t\t\t\t<\/div>\n\t\t<\/section>\n\t\t\t\t<section class=\"elementor-section elementor-top-section elementor-element elementor-element-0e544c5 elementor-section-boxed elementor-section-height-default elementor-section-height-default\" data-id=\"0e544c5\" data-element_type=\"section\">\n\t\t\t\t\t\t<div class=\"elementor-container elementor-column-gap-default\">\n\t\t\t\t\t<div class=\"elementor-column elementor-col-100 elementor-top-column elementor-element elementor-element-7bfad01\" data-id=\"7bfad01\" data-element_type=\"column\">\n\t\t\t<div class=\"elementor-widget-wrap elementor-element-populated\">\n\t\t\t\t\t\t<div class=\"elementor-element elementor-element-ee76053 elementor-widget elementor-widget-heading\" data-id=\"ee76053\" data-element_type=\"widget\" data-widget_type=\"heading.default\">\n\t\t\t\t<div class=\"elementor-widget-container\">\n\t\t\t\t\t<h2 class=\"elementor-heading-title elementor-size-default\">Comment fonctionne Forlaps ?<\/h2>\t\t\t\t<\/div>\n\t\t\t\t<\/div>\n\t\t\t\t\t<\/div>\n\t\t<\/div>\n\t\t\t\t\t<\/div>\n\t\t<\/section>\n\t\t\t\t<section class=\"elementor-section elementor-top-section elementor-element elementor-element-b6e257b elementor-section-boxed elementor-section-height-default elementor-section-height-default\" data-id=\"b6e257b\" data-element_type=\"section\">\n\t\t\t\t\t\t<div class=\"elementor-container elementor-column-gap-default\">\n\t\t\t\t\t<div class=\"elementor-column elementor-col-100 elementor-top-column elementor-element elementor-element-44b80fd\" data-id=\"44b80fd\" data-element_type=\"column\">\n\t\t\t<div class=\"elementor-widget-wrap elementor-element-populated\">\n\t\t\t\t\t\t<div class=\"elementor-element elementor-element-b647fc8 elementor-widget elementor-widget-text-editor\" data-id=\"b647fc8\" data-element_type=\"widget\" data-widget_type=\"text-editor.default\">\n\t\t\t\t<div class=\"elementor-widget-container\">\n\t\t\t\t\t\t\t\t\t<p><span style=\"font-weight: 400;\">Pour les organisateurs d\u2019\u00e9v\u00e9nements, vous devez vous cr\u00e9er un compte et ajouter vos \u00e9v\u00e9nements en quelques minutes et c\u2019est 100 % gratuit. Et permet donc d\u2019augmenter la visibilit\u00e9 des \u00e9v\u00e9nements.<\/span><\/p><p><span style=\"font-weight: 400;\">Vous pouvez ajouter des options payantes comme la billetterie, le scan et bien d\u2019autres. <\/span><span style=\"font-weight: 400;\">Lors de votre inscription, vous pouvez choisir d\u2019\u00eatre un organisateur ou un participant. <\/span><span style=\"font-weight: 400;\">Sur le compte organisateur, vous pouvez cr\u00e9er un \u00e9v\u00e9nement, cr\u00e9er des billets, recevoir les gains de l\u2019\u00e9v\u00e9nement.\u00a0<br \/><\/span><span style=\"color: var( --e-global-color-text ); font-family: var( --e-global-typography-text-font-family ), Sans-serif;\">L\u2019\u00e9v\u00e9nement peut \u00eatre ajout\u00e9 sur carte g\u00e9ographique, ainsi que lier vos r\u00e9seaux sociaux au profil pour relayer les informations.<\/span><\/p><p><span style=\"font-weight: 400;\">Sur un compte participant, vous pouvez mettre vos \u00e9v\u00e9nements favoris, g\u00e9rer vos r\u00e9servations et payer directement sur Forlaps pour tous les \u00e9v\u00e9nements et non pas sur des sites diff\u00e9rents pour chaque \u00e9v\u00e9nement. Tous les billets peuvent \u00eatre retrouv\u00e9s au m\u00eame endroit.<\/span><\/p><p><span style=\"font-weight: 400;\">Alors pr\u00eat \u00e0 mettre votre \u00e9v\u00e9nement sur Forlpas ou a trouver celui proche de chez vous ?<\/span><\/p><p><span style=\"font-weight: 400;\">C\u2019est par ici : <\/span><a href=\"https:\/\/www.forlaps.com\/\"><span style=\"font-weight: 400;\">https:\/\/www.forlaps.com\/<\/span><\/a><\/p>\t\t\t\t\t\t\t\t<\/div>\n\t\t\t\t<\/div>\n\t\t\t\t\t<\/div>\n\t\t<\/div>\n\t\t\t\t\t<\/div>\n\t\t<\/section>\n\t\t\t\t<section class=\"elementor-section elementor-top-section elementor-element elementor-element-2d82c96 elementor-section-boxed elementor-section-height-default elementor-section-height-default\" data-id=\"2d82c96\" data-element_type=\"section\">\n\t\t\t\t\t\t<div class=\"elementor-container elementor-column-gap-default\">\n\t\t\t\t\t<div class=\"elementor-column elementor-col-100 elementor-top-column elementor-element elementor-element-b37803a\" data-id=\"b37803a\" data-element_type=\"column\">\n\t\t\t<div class=\"elementor-widget-wrap elementor-element-populated\">\n\t\t\t\t\t\t<div class=\"elementor-element elementor-element-624e44a elementor-widget elementor-widget-image\" data-id=\"624e44a\" data-element_type=\"widget\" data-widget_type=\"image.default\">\n\t\t\t\t<div class=\"elementor-widget-container\">\n\t\t\t\t\t\t\t\t\t\t\t\t\t\t\t<img decoding=\"async\" width=\"800\" height=\"533\" src=\"https:\/\/www.wedrivit.com\/blog\/wp-content\/uploads\/2023\/02\/FFSA-GT4-2.jpeg\" class=\"attachment-large size-large wp-image-7531\" alt=\"GT4\" \/>\t\t\t\t\t\t\t\t\t\t\t\t\t\t\t<\/div>\n\t\t\t\t<\/div>\n\t\t\t\t\t<\/div>\n\t\t<\/div>\n\t\t\t\t\t<\/div>\n\t\t<\/section>\n\t\t\t\t<section class=\"elementor-section elementor-top-section elementor-element elementor-element-0749101 elementor-section-boxed elementor-section-height-default elementor-section-height-default\" data-id=\"0749101\" data-element_type=\"section\">\n\t\t\t\t\t\t<div class=\"elementor-container elementor-column-gap-default\">\n\t\t\t\t\t<div class=\"elementor-column elementor-col-100 elementor-top-column elementor-element elementor-element-9d9c96f\" data-id=\"9d9c96f\" data-element_type=\"column\">\n\t\t\t<div class=\"elementor-widget-wrap elementor-element-populated\">\n\t\t\t\t\t\t<div class=\"elementor-element elementor-element-695de3e elementor-widget elementor-widget-text-editor\" data-id=\"695de3e\" data-element_type=\"widget\" data-widget_type=\"text-editor.default\">\n\t\t\t\t<div class=\"elementor-widget-container\">\n\t\t\t\t\t\t\t\t\t<p><span style=\"color: #000000; font-family: var( --e-global-typography-text-font-family ), Sans-serif; font-weight: var( --e-global-typography-text-font-weight );\">R<\/span><span style=\"color: #000000; font-family: var( --e-global-typography-text-font-family ), Sans-serif; font-weight: var( --e-global-typography-text-font-weight );\">etrouvez nos autres articles de blog <\/span><span style=\"color: #000000; font-family: var( --e-global-typography-text-font-family ), Sans-serif; font-weight: var( --e-global-typography-text-font-weight );\">\u00a0<\/span><span style=\"color: #000000; font-family: var( --e-global-typography-text-font-family ), Sans-serif; font-weight: var( --e-global-typography-text-font-weight );\">:<\/span><\/p><ul><li><a class=\"row-title\" href=\"https:\/\/www.wedrivit.com\/blog\/voiture\/collection\/sur-les-routes-de-provence-en-voiture-de-collection\/\" aria-label=\"\u00ab\u00a0Road trip en voiture de collection du Nord \u00e0 la C\u00f4te Ouest\u00a0\u00bb (Modifier)\">Road trip en voiture de collection du Nord \u00e0 la C\u00f4te Ouest<\/a><\/li><li><a class=\"row-title\" href=\"https:\/\/www.wedrivit.com\/blog\/voiture\/collection\/sur-les-routes-de-provence-en-voiture-de-collection\/\" aria-label=\"\u00ab\u00a0Sur les routes de Provence en voiture de collection\u00a0\u00bb (Modifier)\">Sur les routes de Provence en voiture de collection<\/a><\/li><\/ul>\t\t\t\t\t\t\t\t<\/div>\n\t\t\t\t<\/div>\n\t\t\t\t\t<\/div>\n\t\t<\/div>\n\t\t\t\t\t<\/div>\n\t\t<\/section>\n\t\t\t\t<\/div>\n\t\t","protected":false},"excerpt":{"rendered":"<p>Wedrivit a particip\u00e9 \u00e0 de nombreux \u00e9v\u00e9nements depuis sa cr\u00e9ation que ce soit des salons comme le salon du mariage&hellip;<\/p>\n","protected":false},"author":17,"featured_media":7530,"comment_status":"open","ping_status":"open","sticky":false,"template":"","format":"standard","meta":{"footnotes":""},"categories":[1,7],"tags":[],"class_list":["post-7528","post","type-post","status-publish","format-standard","has-post-thumbnail","hentry","category-tous-les-articles","category-voyage"],"yoast_head":"<!-- This site is optimized with the Yoast SEO plugin v26.9 - https:\/\/yoast.com\/product\/yoast-seo-wordpress\/ -->\n<title>Forlaps - Le blog des voitures de collection par Wedrivit<\/title>\n<meta name=\"description\" content=\"Si vous nous suivez, c\u2019est que vous \u00eates un amateur d\u2019automobile ! Et vous souhaitez ne manquer aucun \u00e9v\u00e9nement autour de la voiture ? Forlaps\" \/>\n<meta name=\"robots\" content=\"index, follow, max-snippet:-1, max-image-preview:large, max-video-preview:-1\" \/>\n<link rel=\"canonical\" href=\"https:\/\/www.wedrivit.com\/blog\/voiture\/collection\/ne-loupez-plus-aucun-evenement-sur-les-voitures-de-collection\" \/>\n<meta property=\"og:locale\" content=\"fr_FR\" \/>\n<meta property=\"og:type\" content=\"article\" \/>\n<meta property=\"og:title\" content=\"Forlaps - Le blog des voitures de collection par Wedrivit\" \/>\n<meta property=\"og:description\" content=\"Si vous nous suivez, c\u2019est que vous \u00eates un amateur d\u2019automobile ! Et vous souhaitez ne manquer aucun \u00e9v\u00e9nement autour de la voiture ? Forlaps\" \/>\n<meta property=\"og:url\" content=\"https:\/\/www.wedrivit.com\/blog\/voiture\/collection\/ne-loupez-plus-aucun-evenement-sur-les-voitures-de-collection\" \/>\n<meta property=\"og:site_name\" content=\"Le blog des voitures de collection par Wedrivit\" \/>\n<meta property=\"article:published_time\" content=\"2023-02-06T08:32:26+00:00\" \/>\n<meta property=\"article:modified_time\" content=\"2023-02-06T08:32:30+00:00\" \/>\n<meta property=\"og:image\" content=\"https:\/\/www.wedrivit.com\/blog\/wp-content\/uploads\/2023\/02\/rallye-daumale-2023-4-1.jpg\" \/>\n\t<meta property=\"og:image:width\" content=\"2560\" \/>\n\t<meta property=\"og:image:height\" content=\"1707\" \/>\n\t<meta property=\"og:image:type\" content=\"image\/jpeg\" \/>\n<meta name=\"author\" content=\"Camille Fiot\" \/>\n<meta name=\"twitter:card\" content=\"summary_large_image\" \/>\n<meta name=\"twitter:label1\" content=\"\u00c9crit par\" \/>\n\t<meta name=\"twitter:data1\" content=\"Camille Fiot\" \/>\n\t<meta name=\"twitter:label2\" content=\"Dur\u00e9e de lecture estim\u00e9e\" \/>\n\t<meta name=\"twitter:data2\" content=\"2 minutes\" \/>\n<script type=\"application\/ld+json\" class=\"yoast-schema-graph\">{\"@context\":\"https:\/\/schema.org\",\"@graph\":[{\"@type\":\"Article\",\"@id\":\"https:\/\/www.wedrivit.com\/blog\/voiture\/collection\/ne-loupez-plus-aucun-evenement-sur-les-voitures-de-collection#article\",\"isPartOf\":{\"@id\":\"https:\/\/www.wedrivit.com\/blog\/voiture\/collection\/ne-loupez-plus-aucun-evenement-sur-les-voitures-de-collection\"},\"author\":{\"name\":\"Camille Fiot\",\"@id\":\"https:\/\/www.wedrivit.com\/blog\/#\/schema\/person\/bd337a50a9dbdcb584b97dfc6b7a7008\"},\"headline\":\"Ne loupez plus aucun \u00e9v\u00e9nement sur les voitures de collection\",\"datePublished\":\"2023-02-06T08:32:26+00:00\",\"dateModified\":\"2023-02-06T08:32:30+00:00\",\"mainEntityOfPage\":{\"@id\":\"https:\/\/www.wedrivit.com\/blog\/voiture\/collection\/ne-loupez-plus-aucun-evenement-sur-les-voitures-de-collection\"},\"wordCount\":495,\"commentCount\":0,\"publisher\":{\"@id\":\"https:\/\/www.wedrivit.com\/blog\/#organization\"},\"image\":{\"@id\":\"https:\/\/www.wedrivit.com\/blog\/voiture\/collection\/ne-loupez-plus-aucun-evenement-sur-les-voitures-de-collection#primaryimage\"},\"thumbnailUrl\":\"https:\/\/www.wedrivit.com\/blog\/wp-content\/uploads\/2023\/02\/rallye-daumale-2023-4-1.jpg\",\"articleSection\":[\"Tous les articles\",\"Voyages\"],\"inLanguage\":\"fr-FR\",\"potentialAction\":[{\"@type\":\"CommentAction\",\"name\":\"Comment\",\"target\":[\"https:\/\/www.wedrivit.com\/blog\/voiture\/collection\/ne-loupez-plus-aucun-evenement-sur-les-voitures-de-collection#respond\"]}]},{\"@type\":\"WebPage\",\"@id\":\"https:\/\/www.wedrivit.com\/blog\/voiture\/collection\/ne-loupez-plus-aucun-evenement-sur-les-voitures-de-collection\",\"url\":\"https:\/\/www.wedrivit.com\/blog\/voiture\/collection\/ne-loupez-plus-aucun-evenement-sur-les-voitures-de-collection\",\"name\":\"Forlaps - Le blog des voitures de collection par Wedrivit\",\"isPartOf\":{\"@id\":\"https:\/\/www.wedrivit.com\/blog\/#website\"},\"primaryImageOfPage\":{\"@id\":\"https:\/\/www.wedrivit.com\/blog\/voiture\/collection\/ne-loupez-plus-aucun-evenement-sur-les-voitures-de-collection#primaryimage\"},\"image\":{\"@id\":\"https:\/\/www.wedrivit.com\/blog\/voiture\/collection\/ne-loupez-plus-aucun-evenement-sur-les-voitures-de-collection#primaryimage\"},\"thumbnailUrl\":\"https:\/\/www.wedrivit.com\/blog\/wp-content\/uploads\/2023\/02\/rallye-daumale-2023-4-1.jpg\",\"datePublished\":\"2023-02-06T08:32:26+00:00\",\"dateModified\":\"2023-02-06T08:32:30+00:00\",\"description\":\"Si vous nous suivez, c\u2019est que vous \u00eates un amateur d\u2019automobile ! Et vous souhaitez ne manquer aucun \u00e9v\u00e9nement autour de la voiture ? Forlaps\",\"breadcrumb\":{\"@id\":\"https:\/\/www.wedrivit.com\/blog\/voiture\/collection\/ne-loupez-plus-aucun-evenement-sur-les-voitures-de-collection#breadcrumb\"},\"inLanguage\":\"fr-FR\",\"potentialAction\":[{\"@type\":\"ReadAction\",\"target\":[\"https:\/\/www.wedrivit.com\/blog\/voiture\/collection\/ne-loupez-plus-aucun-evenement-sur-les-voitures-de-collection\"]}]},{\"@type\":\"ImageObject\",\"inLanguage\":\"fr-FR\",\"@id\":\"https:\/\/www.wedrivit.com\/blog\/voiture\/collection\/ne-loupez-plus-aucun-evenement-sur-les-voitures-de-collection#primaryimage\",\"url\":\"https:\/\/www.wedrivit.com\/blog\/wp-content\/uploads\/2023\/02\/rallye-daumale-2023-4-1.jpg\",\"contentUrl\":\"https:\/\/www.wedrivit.com\/blog\/wp-content\/uploads\/2023\/02\/rallye-daumale-2023-4-1.jpg\",\"width\":2560,\"height\":1707,\"caption\":\"Rally Daumale\"},{\"@type\":\"BreadcrumbList\",\"@id\":\"https:\/\/www.wedrivit.com\/blog\/voiture\/collection\/ne-loupez-plus-aucun-evenement-sur-les-voitures-de-collection#breadcrumb\",\"itemListElement\":[{\"@type\":\"ListItem\",\"position\":1,\"name\":\"Home\",\"item\":\"https:\/\/www.wedrivit.com\/blog\/\"},{\"@type\":\"ListItem\",\"position\":2,\"name\":\"Ne loupez plus aucun \u00e9v\u00e9nement sur les voitures de collection\"}]},{\"@type\":\"WebSite\",\"@id\":\"https:\/\/www.wedrivit.com\/blog\/#website\",\"url\":\"https:\/\/www.wedrivit.com\/blog\/\",\"name\":\"Le blog des voitures de collection par Wedrivit\",\"description\":\"Tout savoir sur les voitures anciennes grace \u00e0 Wedrivit, la plateforme de location de voitures anciennes entre particuliers.\",\"publisher\":{\"@id\":\"https:\/\/www.wedrivit.com\/blog\/#organization\"},\"potentialAction\":[{\"@type\":\"SearchAction\",\"target\":{\"@type\":\"EntryPoint\",\"urlTemplate\":\"https:\/\/www.wedrivit.com\/blog\/?s={search_term_string}\"},\"query-input\":{\"@type\":\"PropertyValueSpecification\",\"valueRequired\":true,\"valueName\":\"search_term_string\"}}],\"inLanguage\":\"fr-FR\"},{\"@type\":\"Organization\",\"@id\":\"https:\/\/www.wedrivit.com\/blog\/#organization\",\"name\":\"Le blog des voitures de collection par Wedrivit\",\"url\":\"https:\/\/www.wedrivit.com\/blog\/\",\"logo\":{\"@type\":\"ImageObject\",\"inLanguage\":\"fr-FR\",\"@id\":\"https:\/\/www.wedrivit.com\/blog\/#\/schema\/logo\/image\/\",\"url\":\"https:\/\/www.wedrivit.com\/blog\/wp-content\/uploads\/2024\/12\/wedrivit-blanc-large-2.png\",\"contentUrl\":\"https:\/\/www.wedrivit.com\/blog\/wp-content\/uploads\/2024\/12\/wedrivit-blanc-large-2.png\",\"caption\":\"Le blog des voitures de collection par Wedrivit\"},\"image\":{\"@id\":\"https:\/\/www.wedrivit.com\/blog\/#\/schema\/logo\/image\/\"}},{\"@type\":\"Person\",\"@id\":\"https:\/\/www.wedrivit.com\/blog\/#\/schema\/person\/bd337a50a9dbdcb584b97dfc6b7a7008\",\"name\":\"Camille Fiot\",\"image\":{\"@type\":\"ImageObject\",\"inLanguage\":\"fr-FR\",\"@id\":\"https:\/\/www.wedrivit.com\/blog\/#\/schema\/person\/image\/\",\"url\":\"https:\/\/secure.gravatar.com\/avatar\/2f64f3e5fd5b776bb931b6b8fb8d451e04047c77832e87138ce0041eb1434bb2?s=96&d=mm&r=g\",\"contentUrl\":\"https:\/\/secure.gravatar.com\/avatar\/2f64f3e5fd5b776bb931b6b8fb8d451e04047c77832e87138ce0041eb1434bb2?s=96&d=mm&r=g\",\"caption\":\"Camille Fiot\"},\"sameAs\":[\"https:\/\/www.wedrivit.com\/\"],\"url\":\"https:\/\/www.wedrivit.com\/blog\/voiture\/collection\/author\/camille-fiot\"}]}<\/script>\n<!-- \/ Yoast SEO plugin. -->","yoast_head_json":{"title":"Forlaps - Le blog des voitures de collection par Wedrivit","description":"Si vous nous suivez, c\u2019est que vous \u00eates un amateur d\u2019automobile ! Et vous souhaitez ne manquer aucun \u00e9v\u00e9nement autour de la voiture ? Forlaps","robots":{"index":"index","follow":"follow","max-snippet":"max-snippet:-1","max-image-preview":"max-image-preview:large","max-video-preview":"max-video-preview:-1"},"canonical":"https:\/\/www.wedrivit.com\/blog\/voiture\/collection\/ne-loupez-plus-aucun-evenement-sur-les-voitures-de-collection","og_locale":"fr_FR","og_type":"article","og_title":"Forlaps - Le blog des voitures de collection par Wedrivit","og_description":"Si vous nous suivez, c\u2019est que vous \u00eates un amateur d\u2019automobile ! Et vous souhaitez ne manquer aucun \u00e9v\u00e9nement autour de la voiture ? Forlaps","og_url":"https:\/\/www.wedrivit.com\/blog\/voiture\/collection\/ne-loupez-plus-aucun-evenement-sur-les-voitures-de-collection","og_site_name":"Le blog des voitures de collection par Wedrivit","article_published_time":"2023-02-06T08:32:26+00:00","article_modified_time":"2023-02-06T08:32:30+00:00","og_image":[{"width":2560,"height":1707,"url":"https:\/\/www.wedrivit.com\/blog\/wp-content\/uploads\/2023\/02\/rallye-daumale-2023-4-1.jpg","type":"image\/jpeg"}],"author":"Camille Fiot","twitter_card":"summary_large_image","twitter_misc":{"\u00c9crit par":"Camille Fiot","Dur\u00e9e de lecture estim\u00e9e":"2 minutes"},"schema":{"@context":"https:\/\/schema.org","@graph":[{"@type":"Article","@id":"https:\/\/www.wedrivit.com\/blog\/voiture\/collection\/ne-loupez-plus-aucun-evenement-sur-les-voitures-de-collection#article","isPartOf":{"@id":"https:\/\/www.wedrivit.com\/blog\/voiture\/collection\/ne-loupez-plus-aucun-evenement-sur-les-voitures-de-collection"},"author":{"name":"Camille Fiot","@id":"https:\/\/www.wedrivit.com\/blog\/#\/schema\/person\/bd337a50a9dbdcb584b97dfc6b7a7008"},"headline":"Ne loupez plus aucun \u00e9v\u00e9nement sur les voitures de collection","datePublished":"2023-02-06T08:32:26+00:00","dateModified":"2023-02-06T08:32:30+00:00","mainEntityOfPage":{"@id":"https:\/\/www.wedrivit.com\/blog\/voiture\/collection\/ne-loupez-plus-aucun-evenement-sur-les-voitures-de-collection"},"wordCount":495,"commentCount":0,"publisher":{"@id":"https:\/\/www.wedrivit.com\/blog\/#organization"},"image":{"@id":"https:\/\/www.wedrivit.com\/blog\/voiture\/collection\/ne-loupez-plus-aucun-evenement-sur-les-voitures-de-collection#primaryimage"},"thumbnailUrl":"https:\/\/www.wedrivit.com\/blog\/wp-content\/uploads\/2023\/02\/rallye-daumale-2023-4-1.jpg","articleSection":["Tous les articles","Voyages"],"inLanguage":"fr-FR","potentialAction":[{"@type":"CommentAction","name":"Comment","target":["https:\/\/www.wedrivit.com\/blog\/voiture\/collection\/ne-loupez-plus-aucun-evenement-sur-les-voitures-de-collection#respond"]}]},{"@type":"WebPage","@id":"https:\/\/www.wedrivit.com\/blog\/voiture\/collection\/ne-loupez-plus-aucun-evenement-sur-les-voitures-de-collection","url":"https:\/\/www.wedrivit.com\/blog\/voiture\/collection\/ne-loupez-plus-aucun-evenement-sur-les-voitures-de-collection","name":"Forlaps - Le blog des voitures de collection par Wedrivit","isPartOf":{"@id":"https:\/\/www.wedrivit.com\/blog\/#website"},"primaryImageOfPage":{"@id":"https:\/\/www.wedrivit.com\/blog\/voiture\/collection\/ne-loupez-plus-aucun-evenement-sur-les-voitures-de-collection#primaryimage"},"image":{"@id":"https:\/\/www.wedrivit.com\/blog\/voiture\/collection\/ne-loupez-plus-aucun-evenement-sur-les-voitures-de-collection#primaryimage"},"thumbnailUrl":"https:\/\/www.wedrivit.com\/blog\/wp-content\/uploads\/2023\/02\/rallye-daumale-2023-4-1.jpg","datePublished":"2023-02-06T08:32:26+00:00","dateModified":"2023-02-06T08:32:30+00:00","description":"Si vous nous suivez, c\u2019est que vous \u00eates un amateur d\u2019automobile ! Et vous souhaitez ne manquer aucun \u00e9v\u00e9nement autour de la voiture ? Forlaps","breadcrumb":{"@id":"https:\/\/www.wedrivit.com\/blog\/voiture\/collection\/ne-loupez-plus-aucun-evenement-sur-les-voitures-de-collection#breadcrumb"},"inLanguage":"fr-FR","potentialAction":[{"@type":"ReadAction","target":["https:\/\/www.wedrivit.com\/blog\/voiture\/collection\/ne-loupez-plus-aucun-evenement-sur-les-voitures-de-collection"]}]},{"@type":"ImageObject","inLanguage":"fr-FR","@id":"https:\/\/www.wedrivit.com\/blog\/voiture\/collection\/ne-loupez-plus-aucun-evenement-sur-les-voitures-de-collection#primaryimage","url":"https:\/\/www.wedrivit.com\/blog\/wp-content\/uploads\/2023\/02\/rallye-daumale-2023-4-1.jpg","contentUrl":"https:\/\/www.wedrivit.com\/blog\/wp-content\/uploads\/2023\/02\/rallye-daumale-2023-4-1.jpg","width":2560,"height":1707,"caption":"Rally Daumale"},{"@type":"BreadcrumbList","@id":"https:\/\/www.wedrivit.com\/blog\/voiture\/collection\/ne-loupez-plus-aucun-evenement-sur-les-voitures-de-collection#breadcrumb","itemListElement":[{"@type":"ListItem","position":1,"name":"Home","item":"https:\/\/www.wedrivit.com\/blog\/"},{"@type":"ListItem","position":2,"name":"Ne loupez plus aucun \u00e9v\u00e9nement sur les voitures de collection"}]},{"@type":"WebSite","@id":"https:\/\/www.wedrivit.com\/blog\/#website","url":"https:\/\/www.wedrivit.com\/blog\/","name":"Le blog des voitures de collection par Wedrivit","description":"Tout savoir sur les voitures anciennes grace \u00e0 Wedrivit, la plateforme de location de voitures anciennes entre particuliers.","publisher":{"@id":"https:\/\/www.wedrivit.com\/blog\/#organization"},"potentialAction":[{"@type":"SearchAction","target":{"@type":"EntryPoint","urlTemplate":"https:\/\/www.wedrivit.com\/blog\/?s={search_term_string}"},"query-input":{"@type":"PropertyValueSpecification","valueRequired":true,"valueName":"search_term_string"}}],"inLanguage":"fr-FR"},{"@type":"Organization","@id":"https:\/\/www.wedrivit.com\/blog\/#organization","name":"Le blog des voitures de collection par Wedrivit","url":"https:\/\/www.wedrivit.com\/blog\/","logo":{"@type":"ImageObject","inLanguage":"fr-FR","@id":"https:\/\/www.wedrivit.com\/blog\/#\/schema\/logo\/image\/","url":"https:\/\/www.wedrivit.com\/blog\/wp-content\/uploads\/2024\/12\/wedrivit-blanc-large-2.png","contentUrl":"https:\/\/www.wedrivit.com\/blog\/wp-content\/uploads\/2024\/12\/wedrivit-blanc-large-2.png","caption":"Le blog des voitures de collection par Wedrivit"},"image":{"@id":"https:\/\/www.wedrivit.com\/blog\/#\/schema\/logo\/image\/"}},{"@type":"Person","@id":"https:\/\/www.wedrivit.com\/blog\/#\/schema\/person\/bd337a50a9dbdcb584b97dfc6b7a7008","name":"Camille Fiot","image":{"@type":"ImageObject","inLanguage":"fr-FR","@id":"https:\/\/www.wedrivit.com\/blog\/#\/schema\/person\/image\/","url":"https:\/\/secure.gravatar.com\/avatar\/2f64f3e5fd5b776bb931b6b8fb8d451e04047c77832e87138ce0041eb1434bb2?s=96&d=mm&r=g","contentUrl":"https:\/\/secure.gravatar.com\/avatar\/2f64f3e5fd5b776bb931b6b8fb8d451e04047c77832e87138ce0041eb1434bb2?s=96&d=mm&r=g","caption":"Camille Fiot"},"sameAs":["https:\/\/www.wedrivit.com\/"],"url":"https:\/\/www.wedrivit.com\/blog\/voiture\/collection\/author\/camille-fiot"}]}},"_links":{"self":[{"href":"https:\/\/www.wedrivit.com\/blog\/wp-json\/wp\/v2\/posts\/7528","targetHints":{"allow":["GET"]}}],"collection":[{"href":"https:\/\/www.wedrivit.com\/blog\/wp-json\/wp\/v2\/posts"}],"about":[{"href":"https:\/\/www.wedrivit.com\/blog\/wp-json\/wp\/v2\/types\/post"}],"author":[{"embeddable":true,"href":"https:\/\/www.wedrivit.com\/blog\/wp-json\/wp\/v2\/users\/17"}],"replies":[{"embeddable":true,"href":"https:\/\/www.wedrivit.com\/blog\/wp-json\/wp\/v2\/comments?post=7528"}],"version-history":[{"count":10,"href":"https:\/\/www.wedrivit.com\/blog\/wp-json\/wp\/v2\/posts\/7528\/revisions"}],"predecessor-version":[{"id":10059,"href":"https:\/\/www.wedrivit.com\/blog\/wp-json\/wp\/v2\/posts\/7528\/revisions\/10059"}],"wp:featuredmedia":[{"embeddable":true,"href":"https:\/\/www.wedrivit.com\/blog\/wp-json\/wp\/v2\/media\/7530"}],"wp:attachment":[{"href":"https:\/\/www.wedrivit.com\/blog\/wp-json\/wp\/v2\/media?parent=7528"}],"wp:term":[{"taxonomy":"category","embeddable":true,"href":"https:\/\/www.wedrivit.com\/blog\/wp-json\/wp\/v2\/categories?post=7528"},{"taxonomy":"post_tag","embeddable":true,"href":"https:\/\/www.wedrivit.com\/blog\/wp-json\/wp\/v2\/tags?post=7528"}],"curies":[{"name":"wp","href":"https:\/\/api.w.org\/{rel}","templated":true}]}}