{"id":7516,"date":"2023-02-06T15:31:21","date_gmt":"2023-02-06T13:31:21","guid":{"rendered":"https:\/\/www.wedrivit.com\/blog\/?p=7516"},"modified":"2025-06-10T15:38:59","modified_gmt":"2025-06-10T13:38:59","slug":"la-decapotable-rouge-dans-emily-in-paris","status":"publish","type":"post","link":"https:\/\/www.wedrivit.com\/blog\/voiture\/collection\/la-decapotable-rouge-dans-emily-in-paris","title":{"rendered":"La voiture d\u00e9capotable rouge dans Emily in Paris"},"content":{"rendered":"\t\t<div data-elementor-type=\"wp-post\" data-elementor-id=\"7516\" class=\"elementor elementor-7516\">\n\t\t\t\t\t\t<section class=\"elementor-section elementor-top-section elementor-element elementor-element-6bda67b elementor-section-boxed elementor-section-height-default elementor-section-height-default\" data-id=\"6bda67b\" data-element_type=\"section\">\n\t\t\t\t\t\t<div class=\"elementor-container elementor-column-gap-default\">\n\t\t\t\t\t<div class=\"elementor-column elementor-col-100 elementor-top-column elementor-element elementor-element-10f6cd5\" data-id=\"10f6cd5\" data-element_type=\"column\">\n\t\t\t<div class=\"elementor-widget-wrap elementor-element-populated\">\n\t\t\t\t\t\t<div class=\"elementor-element elementor-element-c496520 elementor-widget elementor-widget-image\" data-id=\"c496520\" data-element_type=\"widget\" data-widget_type=\"image.default\">\n\t\t\t\t<div class=\"elementor-widget-container\">\n\t\t\t\t\t\t\t\t\t\t\t\t\t\t\t<img fetchpriority=\"high\" decoding=\"async\" width=\"1000\" height=\"667\" src=\"https:\/\/www.wedrivit.com\/blog\/wp-content\/uploads\/2023\/02\/1644938359735Ov4Ir4XHT2Tg0JuN4ZvBy2OAL.jpg\" class=\"attachment-large size-large wp-image-7569\" alt=\"\" \/>\t\t\t\t\t\t\t\t\t\t\t\t\t\t\t<\/div>\n\t\t\t\t<\/div>\n\t\t\t\t<div class=\"elementor-element elementor-element-82a6106 elementor-widget elementor-widget-text-editor\" data-id=\"82a6106\" data-element_type=\"widget\" data-widget_type=\"text-editor.default\">\n\t\t\t\t<div class=\"elementor-widget-container\">\n\t\t\t\t\t\t\t\t\t<p><strong>Emily in Paris<\/strong> est une s\u00e9rie Netflix qui met en sc\u00e8ne une jeune directrice marketing am\u00e9ricaine dans un <strong>Paris<\/strong> fantasm\u00e9. Entre restaurant gastronomique, appartement de luxe, paysage magnifique. Et lieux insolite, tout est r\u00e9uni pour projeter le spectateur dans un univers id\u00e9alis\u00e9.\u00a0 En effet, le personnage principale, incarn\u00e9 par<strong> Lily Colins<\/strong>, nous vend du r\u00eave \u00e0 chaque nouvelle apparition.\u00a0 Dans le huiti\u00e8me \u00e9pisode de la premi\u00e8re saison, une escapade se fait \u00e0 bord d&rsquo;une magnifique <strong>d\u00e9capotable rouge<\/strong>. Les plus passionn\u00e9 l&rsquo;auront reconnu, c&rsquo;est une <strong>Triumph Spitfire 1500<\/strong>.<\/p>\t\t\t\t\t\t\t\t<\/div>\n\t\t\t\t<\/div>\n\t\t\t\t<div class=\"elementor-element elementor-element-7155f7a elementor-widget elementor-widget-heading\" data-id=\"7155f7a\" data-element_type=\"widget\" data-widget_type=\"heading.default\">\n\t\t\t\t<div class=\"elementor-widget-container\">\n\t\t\t\t\t<h2 class=\"elementor-heading-title elementor-size-default\">Triumph rouge decapotable<\/h2>\t\t\t\t<\/div>\n\t\t\t\t<\/div>\n\t\t\t\t<div class=\"elementor-element elementor-element-9546ba5 elementor-widget elementor-widget-text-editor\" data-id=\"9546ba5\" data-element_type=\"widget\" data-widget_type=\"text-editor.default\">\n\t\t\t\t<div class=\"elementor-widget-container\">\n\t\t\t\t\t\t\t\t\t<div class=\"flex flex-grow flex-col gap-3\"><div class=\"min-h-[20px] flex flex-col items-start gap-4 whitespace-pre-wrap\"><div class=\"markdown prose w-full break-words dark:prose-invert light\"><p>\u00a0La <strong>Triumph Spitifre<\/strong> a su captiver les c\u0153urs des passionn\u00e9s d&rsquo;automobiles depuis sa premi\u00e8re apparition en 1962. Con\u00e7ue avec un design \u00e9l\u00e9gant et sportif. Elle s&rsquo;est faite un nom dans <strong>l&rsquo;industrie automobile<\/strong> gr\u00e2ce \u00e0 sa maniabilit\u00e9 et son confort de conduite.<\/p><\/div><\/div><\/div>\t\t\t\t\t\t\t\t<\/div>\n\t\t\t\t<\/div>\n\t\t\t\t<div class=\"elementor-element elementor-element-46b9b5e elementor-widget elementor-widget-image\" data-id=\"46b9b5e\" data-element_type=\"widget\" data-widget_type=\"image.default\">\n\t\t\t\t<div class=\"elementor-widget-container\">\n\t\t\t\t\t\t\t\t\t\t\t\t\t\t\t<img decoding=\"async\" width=\"1000\" height=\"667\" src=\"https:\/\/www.wedrivit.com\/blog\/wp-content\/uploads\/2023\/02\/1644938333665PSecm1pAxYxdWY2xIU628AVNc.jpg\" class=\"attachment-large size-large wp-image-7567\" alt=\"\" \/>\t\t\t\t\t\t\t\t\t\t\t\t\t\t\t<\/div>\n\t\t\t\t<\/div>\n\t\t\t\t<div class=\"elementor-element elementor-element-bb39bf0 elementor-widget elementor-widget-text-editor\" data-id=\"bb39bf0\" data-element_type=\"widget\" data-widget_type=\"text-editor.default\">\n\t\t\t\t<div class=\"elementor-widget-container\">\n\t\t\t\t\t\t\t\t\t<p>De petite taille, la d\u00e9capotable rouge est dot\u00e9e d&rsquo;une carrosserie en <strong>aluminium l\u00e9g\u00e8re<\/strong> qui lui donne une agilit\u00e9 exceptionnelle sur la route. Elle est \u00e9quip\u00e9e d&rsquo;un moteur de <strong>1,5 litre<\/strong> puissant et fiable qui la rend id\u00e9ale pour les longs trajets.\u00a0 De plus, sa direction douce et pr\u00e9cise, ainsi que sa suspension confortable offrent une exp\u00e9rience de conduite agr\u00e9able. Le design int\u00e9rieur de la <strong>d\u00e9capotable rouge<\/strong> est tout aussi attrayant que son ext\u00e9rieur. Avec des si\u00e8ges confortables et une finition soign\u00e9e. Les mat\u00e9riaux utilis\u00e9s dans l&rsquo;habitacle en font un endroit agr\u00e9able pour passer du temps.\u00a0<\/p>\t\t\t\t\t\t\t\t<\/div>\n\t\t\t\t<\/div>\n\t\t\t\t<div class=\"elementor-element elementor-element-4597ca1 elementor-widget elementor-widget-image\" data-id=\"4597ca1\" data-element_type=\"widget\" data-widget_type=\"image.default\">\n\t\t\t\t<div class=\"elementor-widget-container\">\n\t\t\t\t\t\t\t\t\t\t\t\t\t\t\t<img decoding=\"async\" width=\"1000\" height=\"751\" src=\"https:\/\/www.wedrivit.com\/blog\/wp-content\/uploads\/2023\/02\/1644938334437Qc1EU5YkuFymkdHCL9dKwPaNT.jpg\" class=\"attachment-large size-large wp-image-7566\" alt=\"\" \/>\t\t\t\t\t\t\t\t\t\t\t\t\t\t\t<\/div>\n\t\t\t\t<\/div>\n\t\t\t\t<div class=\"elementor-element elementor-element-780a4e3 elementor-widget elementor-widget-text-editor\" data-id=\"780a4e3\" data-element_type=\"widget\" data-widget_type=\"text-editor.default\">\n\t\t\t\t<div class=\"elementor-widget-container\">\n\t\t\t\t\t\t\t\t\t<p>C&rsquo;est une voiture id\u00e9ale pour tout ceux qui recherchent une exp\u00e9rience de conduite r\u00e9tro-moderne, ou juste pour ceux qui cherchent simplement une d\u00e9capotable rouge fiable et agr\u00e9able \u00e0 conduire.<\/p>\t\t\t\t\t\t\t\t<\/div>\n\t\t\t\t<\/div>\n\t\t\t\t<div class=\"elementor-element elementor-element-ab1779b elementor-widget elementor-widget-image\" data-id=\"ab1779b\" data-element_type=\"widget\" data-widget_type=\"image.default\">\n\t\t\t\t<div class=\"elementor-widget-container\">\n\t\t\t\t\t\t\t\t\t\t\t\t\t\t\t\t<a href=\"https:\/\/www.wedrivit.com\/location-triumph-spitfire\">\n\t\t\t\t\t\t\t<img loading=\"lazy\" decoding=\"async\" width=\"760\" height=\"250\" src=\"https:\/\/www.wedrivit.com\/blog\/wp-content\/uploads\/2025\/05\/Triumph-Spitfire-1.png\" class=\"attachment-large size-large wp-image-10412\" alt=\"Triumph Spitfire\" srcset=\"https:\/\/www.wedrivit.com\/blog\/wp-content\/uploads\/2025\/05\/Triumph-Spitfire-1.png 760w, https:\/\/www.wedrivit.com\/blog\/wp-content\/uploads\/2025\/05\/Triumph-Spitfire-1-300x99.png 300w\" sizes=\"(max-width: 760px) 100vw, 760px\" \/>\t\t\t\t\t\t\t\t<\/a>\n\t\t\t\t\t\t\t\t\t\t\t\t\t\t\t<\/div>\n\t\t\t\t<\/div>\n\t\t\t\t<div class=\"elementor-element elementor-element-af1f9bd elementor-button-info elementor-align-center elementor-widget elementor-widget-button\" data-id=\"af1f9bd\" data-element_type=\"widget\" data-widget_type=\"button.default\">\n\t\t\t\t<div class=\"elementor-widget-container\">\n\t\t\t\t\t\t\t\t\t<div class=\"elementor-button-wrapper\">\n\t\t\t\t\t<a class=\"elementor-button elementor-button-link elementor-size-sm\" href=\"https:\/\/www.wedrivit.com\/location-triumph-spitfire\">\n\t\t\t\t\t\t<span class=\"elementor-button-content-wrapper\">\n\t\t\t\t\t\t\t\t\t<span class=\"elementor-button-text\">Louer une Spitfire<\/span>\n\t\t\t\t\t<\/span>\n\t\t\t\t\t<\/a>\n\t\t\t\t<\/div>\n\t\t\t\t\t\t\t\t<\/div>\n\t\t\t\t<\/div>\n\t\t\t\t<div class=\"elementor-element elementor-element-d76214c elementor-widget elementor-widget-heading\" data-id=\"d76214c\" data-element_type=\"widget\" data-widget_type=\"heading.default\">\n\t\t\t\t<div class=\"elementor-widget-container\">\n\t\t\t\t\t<h2 class=\"elementor-heading-title elementor-size-default\">Emily in Paris une s\u00e9rie qui ne s'essoufle pas <\/h2>\t\t\t\t<\/div>\n\t\t\t\t<\/div>\n\t\t\t\t<div class=\"elementor-element elementor-element-3591f18 elementor-widget elementor-widget-text-editor\" data-id=\"3591f18\" data-element_type=\"widget\" data-widget_type=\"text-editor.default\">\n\t\t\t\t<div class=\"elementor-widget-container\">\n\t\t\t\t\t\t\t\t\t<p>\u00ab\u00a0<strong>Emily in Paris<\/strong>\u00a0\u00bb est une s\u00e9rie t\u00e9l\u00e9vis\u00e9e qui a su captiver l&rsquo;attention du public avec son charme, son style et son atmosph\u00e8re d\u00e9licieusement fran\u00e7aise. Depuis sa premi\u00e8re diffusion en 2020, la s\u00e9rie n&rsquo;a pas perdu de son attractivit\u00e9 et continue de s\u00e9duire un public de plus en plus nombreux.\u00a0 Encore une nouvelle fois renouvel\u00e9e, l&rsquo;audience de \u00ab\u00a0Emily in Paris\u00a0\u00bb ne s&rsquo;essouffle pas.\u00a0 En effet, son m\u00e9lange unique de <strong>com\u00e9die l\u00e9g\u00e8re<\/strong>, de <strong>romance<\/strong> et de <strong>culture fran\u00e7aise<\/strong> fascine et intrigue.<\/p>\t\t\t\t\t\t\t\t<\/div>\n\t\t\t\t<\/div>\n\t\t\t\t<div class=\"elementor-element elementor-element-6535e92 elementor-widget elementor-widget-image\" data-id=\"6535e92\" data-element_type=\"widget\" data-widget_type=\"image.default\">\n\t\t\t\t<div class=\"elementor-widget-container\">\n\t\t\t\t\t\t\t\t\t\t\t\t\t\t\t<img loading=\"lazy\" decoding=\"async\" width=\"927\" height=\"498\" src=\"https:\/\/www.wedrivit.com\/blog\/wp-content\/uploads\/2023\/01\/imcdb.65.jpg\" class=\"attachment-large size-large wp-image-7523\" alt=\"\" \/>\t\t\t\t\t\t\t\t\t\t\t\t\t\t\t<\/div>\n\t\t\t\t<\/div>\n\t\t\t\t\t<\/div>\n\t\t<\/div>\n\t\t\t\t\t<\/div>\n\t\t<\/section>\n\t\t\t\t<section class=\"elementor-section elementor-top-section elementor-element elementor-element-6479cb9 elementor-section-boxed elementor-section-height-default elementor-section-height-default\" data-id=\"6479cb9\" data-element_type=\"section\">\n\t\t\t\t\t\t<div class=\"elementor-container elementor-column-gap-default\">\n\t\t\t\t\t<div class=\"elementor-column elementor-col-100 elementor-top-column elementor-element elementor-element-5b5444e\" data-id=\"5b5444e\" data-element_type=\"column\">\n\t\t\t<div class=\"elementor-widget-wrap elementor-element-populated\">\n\t\t\t\t\t\t<div class=\"elementor-element elementor-element-59a1655 elementor-widget elementor-widget-text-editor\" data-id=\"59a1655\" data-element_type=\"widget\" data-widget_type=\"text-editor.default\">\n\t\t\t\t<div class=\"elementor-widget-container\">\n\t\t\t\t\t\t\t\t\t<p>Voici d&rsquo;autres articles qui pourraient vous plaire :\u00a0<\/p><blockquote><p><a href=\"https:\/\/www.wedrivit.com\/blog\/voiture\/anglaises\/mythiques\/cinema\/\">Les 6 voitures anglaises mythiques du cin\u00e9ma<\/a><\/p><p><a href=\"https:\/\/www.wedrivit.com\/blog\/voiture\/collection\/parcourir-la-france-sur-les-lieux-de-tournage-de-vos-films-preferes\/\">Parcourir la France sur les lieux de tournage de vos films pr\u00e9f\u00e9r\u00e9s<\/a><\/p><p><a href=\"https:\/\/www.wedrivit.com\/blog\/voiture\/collection\/top-les-voitures-qui-ont-inspire-des-films\/\">Top 5 : les films inspir\u00e9s de voitures anciennes<\/a><\/p><\/blockquote>\t\t\t\t\t\t\t\t<\/div>\n\t\t\t\t<\/div>\n\t\t\t\t\t<\/div>\n\t\t<\/div>\n\t\t\t\t\t<\/div>\n\t\t<\/section>\n\t\t\t\t<\/div>\n\t\t","protected":false},"excerpt":{"rendered":"<p>Emily in Paris est une s\u00e9rie Netflix qui met en sc\u00e8ne une jeune directrice marketing am\u00e9ricaine dans un Paris fantasm\u00e9.&hellip;<\/p>\n","protected":false},"author":22,"featured_media":7523,"comment_status":"open","ping_status":"open","sticky":false,"template":"","format":"standard","meta":{"footnotes":""},"categories":[17,1],"tags":[],"class_list":["post-7516","post","type-post","status-publish","format-standard","has-post-thumbnail","hentry","category-culture-automobile","category-tous-les-articles"],"yoast_head":"<!-- This site is optimized with the Yoast SEO plugin v26.9 - https:\/\/yoast.com\/product\/yoast-seo-wordpress\/ -->\n<title>D\u00e9couvrez La Voiture D\u00e9capotable rouge Dans Emily In Paris<\/title>\n<meta name=\"description\" content=\"Emily in Paris, la s\u00e9rie qui prend place dans un Paris fantasm\u00e9, nous permets de voir \u00e0 l&#039;\u00e9cran de splendides d\u00e9cors, dont une d\u00e9capotable rouge.\" \/>\n<meta name=\"robots\" content=\"index, follow, max-snippet:-1, max-image-preview:large, max-video-preview:-1\" \/>\n<link rel=\"canonical\" href=\"https:\/\/www.wedrivit.com\/blog\/voiture\/collection\/la-decapotable-rouge-dans-emily-in-paris\" \/>\n<meta property=\"og:locale\" content=\"fr_FR\" \/>\n<meta property=\"og:type\" content=\"article\" \/>\n<meta property=\"og:title\" content=\"D\u00e9couvrez La Voiture D\u00e9capotable rouge Dans Emily In Paris\" \/>\n<meta property=\"og:description\" content=\"Emily in Paris, la s\u00e9rie qui prend place dans un Paris fantasm\u00e9, nous permets de voir \u00e0 l&#039;\u00e9cran de splendides d\u00e9cors, dont une d\u00e9capotable rouge.\" \/>\n<meta property=\"og:url\" content=\"https:\/\/www.wedrivit.com\/blog\/voiture\/collection\/la-decapotable-rouge-dans-emily-in-paris\" \/>\n<meta property=\"og:site_name\" content=\"Le blog des voitures de collection par Wedrivit\" \/>\n<meta property=\"article:published_time\" content=\"2023-02-06T13:31:21+00:00\" \/>\n<meta property=\"article:modified_time\" content=\"2025-06-10T13:38:59+00:00\" \/>\n<meta property=\"og:image\" content=\"https:\/\/www.wedrivit.com\/blog\/wp-content\/uploads\/2023\/01\/imcdb.65.jpg\" \/>\n\t<meta property=\"og:image:width\" content=\"927\" \/>\n\t<meta property=\"og:image:height\" content=\"498\" \/>\n\t<meta property=\"og:image:type\" content=\"image\/jpeg\" \/>\n<meta name=\"author\" content=\"Guillaume Ogier\" \/>\n<meta name=\"twitter:card\" content=\"summary_large_image\" \/>\n<meta name=\"twitter:label1\" content=\"\u00c9crit par\" \/>\n\t<meta name=\"twitter:data1\" content=\"Guillaume Ogier\" \/>\n\t<meta name=\"twitter:label2\" content=\"Dur\u00e9e de lecture estim\u00e9e\" \/>\n\t<meta name=\"twitter:data2\" content=\"3 minutes\" \/>\n<script type=\"application\/ld+json\" class=\"yoast-schema-graph\">{\"@context\":\"https:\/\/schema.org\",\"@graph\":[{\"@type\":\"Article\",\"@id\":\"https:\/\/www.wedrivit.com\/blog\/voiture\/collection\/la-decapotable-rouge-dans-emily-in-paris#article\",\"isPartOf\":{\"@id\":\"https:\/\/www.wedrivit.com\/blog\/voiture\/collection\/la-decapotable-rouge-dans-emily-in-paris\"},\"author\":{\"name\":\"Guillaume Ogier\",\"@id\":\"https:\/\/www.wedrivit.com\/blog\/#\/schema\/person\/d27de6551b194f72a8c634d91d17c4a8\"},\"headline\":\"La voiture d\u00e9capotable rouge dans Emily in Paris\",\"datePublished\":\"2023-02-06T13:31:21+00:00\",\"dateModified\":\"2025-06-10T13:38:59+00:00\",\"mainEntityOfPage\":{\"@id\":\"https:\/\/www.wedrivit.com\/blog\/voiture\/collection\/la-decapotable-rouge-dans-emily-in-paris\"},\"wordCount\":454,\"commentCount\":0,\"publisher\":{\"@id\":\"https:\/\/www.wedrivit.com\/blog\/#organization\"},\"image\":{\"@id\":\"https:\/\/www.wedrivit.com\/blog\/voiture\/collection\/la-decapotable-rouge-dans-emily-in-paris#primaryimage\"},\"thumbnailUrl\":\"https:\/\/www.wedrivit.com\/blog\/wp-content\/uploads\/2023\/01\/imcdb.65.jpg\",\"articleSection\":[\"Culture Automobile\",\"Tous les articles\"],\"inLanguage\":\"fr-FR\",\"potentialAction\":[{\"@type\":\"CommentAction\",\"name\":\"Comment\",\"target\":[\"https:\/\/www.wedrivit.com\/blog\/voiture\/collection\/la-decapotable-rouge-dans-emily-in-paris#respond\"]}]},{\"@type\":\"WebPage\",\"@id\":\"https:\/\/www.wedrivit.com\/blog\/voiture\/collection\/la-decapotable-rouge-dans-emily-in-paris\",\"url\":\"https:\/\/www.wedrivit.com\/blog\/voiture\/collection\/la-decapotable-rouge-dans-emily-in-paris\",\"name\":\"D\u00e9couvrez La Voiture D\u00e9capotable rouge Dans Emily In Paris\",\"isPartOf\":{\"@id\":\"https:\/\/www.wedrivit.com\/blog\/#website\"},\"primaryImageOfPage\":{\"@id\":\"https:\/\/www.wedrivit.com\/blog\/voiture\/collection\/la-decapotable-rouge-dans-emily-in-paris#primaryimage\"},\"image\":{\"@id\":\"https:\/\/www.wedrivit.com\/blog\/voiture\/collection\/la-decapotable-rouge-dans-emily-in-paris#primaryimage\"},\"thumbnailUrl\":\"https:\/\/www.wedrivit.com\/blog\/wp-content\/uploads\/2023\/01\/imcdb.65.jpg\",\"datePublished\":\"2023-02-06T13:31:21+00:00\",\"dateModified\":\"2025-06-10T13:38:59+00:00\",\"description\":\"Emily in Paris, la s\u00e9rie qui prend place dans un Paris fantasm\u00e9, nous permets de voir \u00e0 l'\u00e9cran de splendides d\u00e9cors, dont une d\u00e9capotable rouge.\",\"breadcrumb\":{\"@id\":\"https:\/\/www.wedrivit.com\/blog\/voiture\/collection\/la-decapotable-rouge-dans-emily-in-paris#breadcrumb\"},\"inLanguage\":\"fr-FR\",\"potentialAction\":[{\"@type\":\"ReadAction\",\"target\":[\"https:\/\/www.wedrivit.com\/blog\/voiture\/collection\/la-decapotable-rouge-dans-emily-in-paris\"]}]},{\"@type\":\"ImageObject\",\"inLanguage\":\"fr-FR\",\"@id\":\"https:\/\/www.wedrivit.com\/blog\/voiture\/collection\/la-decapotable-rouge-dans-emily-in-paris#primaryimage\",\"url\":\"https:\/\/www.wedrivit.com\/blog\/wp-content\/uploads\/2023\/01\/imcdb.65.jpg\",\"contentUrl\":\"https:\/\/www.wedrivit.com\/blog\/wp-content\/uploads\/2023\/01\/imcdb.65.jpg\",\"width\":927,\"height\":498},{\"@type\":\"BreadcrumbList\",\"@id\":\"https:\/\/www.wedrivit.com\/blog\/voiture\/collection\/la-decapotable-rouge-dans-emily-in-paris#breadcrumb\",\"itemListElement\":[{\"@type\":\"ListItem\",\"position\":1,\"name\":\"Home\",\"item\":\"https:\/\/www.wedrivit.com\/blog\/\"},{\"@type\":\"ListItem\",\"position\":2,\"name\":\"La voiture d\u00e9capotable rouge dans Emily in Paris\"}]},{\"@type\":\"WebSite\",\"@id\":\"https:\/\/www.wedrivit.com\/blog\/#website\",\"url\":\"https:\/\/www.wedrivit.com\/blog\/\",\"name\":\"Le blog des voitures de collection par Wedrivit\",\"description\":\"Tout savoir sur les voitures anciennes grace \u00e0 Wedrivit, la plateforme de location de voitures anciennes entre particuliers.\",\"publisher\":{\"@id\":\"https:\/\/www.wedrivit.com\/blog\/#organization\"},\"potentialAction\":[{\"@type\":\"SearchAction\",\"target\":{\"@type\":\"EntryPoint\",\"urlTemplate\":\"https:\/\/www.wedrivit.com\/blog\/?s={search_term_string}\"},\"query-input\":{\"@type\":\"PropertyValueSpecification\",\"valueRequired\":true,\"valueName\":\"search_term_string\"}}],\"inLanguage\":\"fr-FR\"},{\"@type\":\"Organization\",\"@id\":\"https:\/\/www.wedrivit.com\/blog\/#organization\",\"name\":\"Le blog des voitures de collection par Wedrivit\",\"url\":\"https:\/\/www.wedrivit.com\/blog\/\",\"logo\":{\"@type\":\"ImageObject\",\"inLanguage\":\"fr-FR\",\"@id\":\"https:\/\/www.wedrivit.com\/blog\/#\/schema\/logo\/image\/\",\"url\":\"https:\/\/www.wedrivit.com\/blog\/wp-content\/uploads\/2024\/12\/wedrivit-blanc-large-2.png\",\"contentUrl\":\"https:\/\/www.wedrivit.com\/blog\/wp-content\/uploads\/2024\/12\/wedrivit-blanc-large-2.png\",\"caption\":\"Le blog des voitures de collection par Wedrivit\"},\"image\":{\"@id\":\"https:\/\/www.wedrivit.com\/blog\/#\/schema\/logo\/image\/\"}},{\"@type\":\"Person\",\"@id\":\"https:\/\/www.wedrivit.com\/blog\/#\/schema\/person\/d27de6551b194f72a8c634d91d17c4a8\",\"name\":\"Guillaume Ogier\",\"image\":{\"@type\":\"ImageObject\",\"inLanguage\":\"fr-FR\",\"@id\":\"https:\/\/www.wedrivit.com\/blog\/#\/schema\/person\/image\/\",\"url\":\"https:\/\/secure.gravatar.com\/avatar\/f3fc96ea593e4f3703329c34ddca21b7974549f88d65520caa48388d25027dee?s=96&d=mm&r=g\",\"contentUrl\":\"https:\/\/secure.gravatar.com\/avatar\/f3fc96ea593e4f3703329c34ddca21b7974549f88d65520caa48388d25027dee?s=96&d=mm&r=g\",\"caption\":\"Guillaume Ogier\"},\"url\":\"https:\/\/www.wedrivit.com\/blog\/voiture\/collection\/author\/guillaume-ogier\"}]}<\/script>\n<!-- \/ Yoast SEO plugin. -->","yoast_head_json":{"title":"D\u00e9couvrez La Voiture D\u00e9capotable rouge Dans Emily In Paris","description":"Emily in Paris, la s\u00e9rie qui prend place dans un Paris fantasm\u00e9, nous permets de voir \u00e0 l'\u00e9cran de splendides d\u00e9cors, dont une d\u00e9capotable rouge.","robots":{"index":"index","follow":"follow","max-snippet":"max-snippet:-1","max-image-preview":"max-image-preview:large","max-video-preview":"max-video-preview:-1"},"canonical":"https:\/\/www.wedrivit.com\/blog\/voiture\/collection\/la-decapotable-rouge-dans-emily-in-paris","og_locale":"fr_FR","og_type":"article","og_title":"D\u00e9couvrez La Voiture D\u00e9capotable rouge Dans Emily In Paris","og_description":"Emily in Paris, la s\u00e9rie qui prend place dans un Paris fantasm\u00e9, nous permets de voir \u00e0 l'\u00e9cran de splendides d\u00e9cors, dont une d\u00e9capotable rouge.","og_url":"https:\/\/www.wedrivit.com\/blog\/voiture\/collection\/la-decapotable-rouge-dans-emily-in-paris","og_site_name":"Le blog des voitures de collection par Wedrivit","article_published_time":"2023-02-06T13:31:21+00:00","article_modified_time":"2025-06-10T13:38:59+00:00","og_image":[{"width":927,"height":498,"url":"https:\/\/www.wedrivit.com\/blog\/wp-content\/uploads\/2023\/01\/imcdb.65.jpg","type":"image\/jpeg"}],"author":"Guillaume Ogier","twitter_card":"summary_large_image","twitter_misc":{"\u00c9crit par":"Guillaume Ogier","Dur\u00e9e de lecture estim\u00e9e":"3 minutes"},"schema":{"@context":"https:\/\/schema.org","@graph":[{"@type":"Article","@id":"https:\/\/www.wedrivit.com\/blog\/voiture\/collection\/la-decapotable-rouge-dans-emily-in-paris#article","isPartOf":{"@id":"https:\/\/www.wedrivit.com\/blog\/voiture\/collection\/la-decapotable-rouge-dans-emily-in-paris"},"author":{"name":"Guillaume Ogier","@id":"https:\/\/www.wedrivit.com\/blog\/#\/schema\/person\/d27de6551b194f72a8c634d91d17c4a8"},"headline":"La voiture d\u00e9capotable rouge dans Emily in Paris","datePublished":"2023-02-06T13:31:21+00:00","dateModified":"2025-06-10T13:38:59+00:00","mainEntityOfPage":{"@id":"https:\/\/www.wedrivit.com\/blog\/voiture\/collection\/la-decapotable-rouge-dans-emily-in-paris"},"wordCount":454,"commentCount":0,"publisher":{"@id":"https:\/\/www.wedrivit.com\/blog\/#organization"},"image":{"@id":"https:\/\/www.wedrivit.com\/blog\/voiture\/collection\/la-decapotable-rouge-dans-emily-in-paris#primaryimage"},"thumbnailUrl":"https:\/\/www.wedrivit.com\/blog\/wp-content\/uploads\/2023\/01\/imcdb.65.jpg","articleSection":["Culture Automobile","Tous les articles"],"inLanguage":"fr-FR","potentialAction":[{"@type":"CommentAction","name":"Comment","target":["https:\/\/www.wedrivit.com\/blog\/voiture\/collection\/la-decapotable-rouge-dans-emily-in-paris#respond"]}]},{"@type":"WebPage","@id":"https:\/\/www.wedrivit.com\/blog\/voiture\/collection\/la-decapotable-rouge-dans-emily-in-paris","url":"https:\/\/www.wedrivit.com\/blog\/voiture\/collection\/la-decapotable-rouge-dans-emily-in-paris","name":"D\u00e9couvrez La Voiture D\u00e9capotable rouge Dans Emily In Paris","isPartOf":{"@id":"https:\/\/www.wedrivit.com\/blog\/#website"},"primaryImageOfPage":{"@id":"https:\/\/www.wedrivit.com\/blog\/voiture\/collection\/la-decapotable-rouge-dans-emily-in-paris#primaryimage"},"image":{"@id":"https:\/\/www.wedrivit.com\/blog\/voiture\/collection\/la-decapotable-rouge-dans-emily-in-paris#primaryimage"},"thumbnailUrl":"https:\/\/www.wedrivit.com\/blog\/wp-content\/uploads\/2023\/01\/imcdb.65.jpg","datePublished":"2023-02-06T13:31:21+00:00","dateModified":"2025-06-10T13:38:59+00:00","description":"Emily in Paris, la s\u00e9rie qui prend place dans un Paris fantasm\u00e9, nous permets de voir \u00e0 l'\u00e9cran de splendides d\u00e9cors, dont une d\u00e9capotable rouge.","breadcrumb":{"@id":"https:\/\/www.wedrivit.com\/blog\/voiture\/collection\/la-decapotable-rouge-dans-emily-in-paris#breadcrumb"},"inLanguage":"fr-FR","potentialAction":[{"@type":"ReadAction","target":["https:\/\/www.wedrivit.com\/blog\/voiture\/collection\/la-decapotable-rouge-dans-emily-in-paris"]}]},{"@type":"ImageObject","inLanguage":"fr-FR","@id":"https:\/\/www.wedrivit.com\/blog\/voiture\/collection\/la-decapotable-rouge-dans-emily-in-paris#primaryimage","url":"https:\/\/www.wedrivit.com\/blog\/wp-content\/uploads\/2023\/01\/imcdb.65.jpg","contentUrl":"https:\/\/www.wedrivit.com\/blog\/wp-content\/uploads\/2023\/01\/imcdb.65.jpg","width":927,"height":498},{"@type":"BreadcrumbList","@id":"https:\/\/www.wedrivit.com\/blog\/voiture\/collection\/la-decapotable-rouge-dans-emily-in-paris#breadcrumb","itemListElement":[{"@type":"ListItem","position":1,"name":"Home","item":"https:\/\/www.wedrivit.com\/blog\/"},{"@type":"ListItem","position":2,"name":"La voiture d\u00e9capotable rouge dans Emily in Paris"}]},{"@type":"WebSite","@id":"https:\/\/www.wedrivit.com\/blog\/#website","url":"https:\/\/www.wedrivit.com\/blog\/","name":"Le blog des voitures de collection par Wedrivit","description":"Tout savoir sur les voitures anciennes grace \u00e0 Wedrivit, la plateforme de location de voitures anciennes entre particuliers.","publisher":{"@id":"https:\/\/www.wedrivit.com\/blog\/#organization"},"potentialAction":[{"@type":"SearchAction","target":{"@type":"EntryPoint","urlTemplate":"https:\/\/www.wedrivit.com\/blog\/?s={search_term_string}"},"query-input":{"@type":"PropertyValueSpecification","valueRequired":true,"valueName":"search_term_string"}}],"inLanguage":"fr-FR"},{"@type":"Organization","@id":"https:\/\/www.wedrivit.com\/blog\/#organization","name":"Le blog des voitures de collection par Wedrivit","url":"https:\/\/www.wedrivit.com\/blog\/","logo":{"@type":"ImageObject","inLanguage":"fr-FR","@id":"https:\/\/www.wedrivit.com\/blog\/#\/schema\/logo\/image\/","url":"https:\/\/www.wedrivit.com\/blog\/wp-content\/uploads\/2024\/12\/wedrivit-blanc-large-2.png","contentUrl":"https:\/\/www.wedrivit.com\/blog\/wp-content\/uploads\/2024\/12\/wedrivit-blanc-large-2.png","caption":"Le blog des voitures de collection par Wedrivit"},"image":{"@id":"https:\/\/www.wedrivit.com\/blog\/#\/schema\/logo\/image\/"}},{"@type":"Person","@id":"https:\/\/www.wedrivit.com\/blog\/#\/schema\/person\/d27de6551b194f72a8c634d91d17c4a8","name":"Guillaume Ogier","image":{"@type":"ImageObject","inLanguage":"fr-FR","@id":"https:\/\/www.wedrivit.com\/blog\/#\/schema\/person\/image\/","url":"https:\/\/secure.gravatar.com\/avatar\/f3fc96ea593e4f3703329c34ddca21b7974549f88d65520caa48388d25027dee?s=96&d=mm&r=g","contentUrl":"https:\/\/secure.gravatar.com\/avatar\/f3fc96ea593e4f3703329c34ddca21b7974549f88d65520caa48388d25027dee?s=96&d=mm&r=g","caption":"Guillaume Ogier"},"url":"https:\/\/www.wedrivit.com\/blog\/voiture\/collection\/author\/guillaume-ogier"}]}},"_links":{"self":[{"href":"https:\/\/www.wedrivit.com\/blog\/wp-json\/wp\/v2\/posts\/7516","targetHints":{"allow":["GET"]}}],"collection":[{"href":"https:\/\/www.wedrivit.com\/blog\/wp-json\/wp\/v2\/posts"}],"about":[{"href":"https:\/\/www.wedrivit.com\/blog\/wp-json\/wp\/v2\/types\/post"}],"author":[{"embeddable":true,"href":"https:\/\/www.wedrivit.com\/blog\/wp-json\/wp\/v2\/users\/22"}],"replies":[{"embeddable":true,"href":"https:\/\/www.wedrivit.com\/blog\/wp-json\/wp\/v2\/comments?post=7516"}],"version-history":[{"count":40,"href":"https:\/\/www.wedrivit.com\/blog\/wp-json\/wp\/v2\/posts\/7516\/revisions"}],"predecessor-version":[{"id":10864,"href":"https:\/\/www.wedrivit.com\/blog\/wp-json\/wp\/v2\/posts\/7516\/revisions\/10864"}],"wp:featuredmedia":[{"embeddable":true,"href":"https:\/\/www.wedrivit.com\/blog\/wp-json\/wp\/v2\/media\/7523"}],"wp:attachment":[{"href":"https:\/\/www.wedrivit.com\/blog\/wp-json\/wp\/v2\/media?parent=7516"}],"wp:term":[{"taxonomy":"category","embeddable":true,"href":"https:\/\/www.wedrivit.com\/blog\/wp-json\/wp\/v2\/categories?post=7516"},{"taxonomy":"post_tag","embeddable":true,"href":"https:\/\/www.wedrivit.com\/blog\/wp-json\/wp\/v2\/tags?post=7516"}],"curies":[{"name":"wp","href":"https:\/\/api.w.org\/{rel}","templated":true}]}}