{"id":7383,"date":"2023-01-05T16:49:37","date_gmt":"2023-01-05T14:49:37","guid":{"rendered":"https:\/\/www.wedrivit.com\/blog\/?p=7383"},"modified":"2023-02-06T10:31:52","modified_gmt":"2023-02-06T08:31:52","slug":"bilanautomobile2022","status":"publish","type":"post","link":"https:\/\/www.wedrivit.com\/blog\/voiture\/collection\/bilanautomobile2022","title":{"rendered":"2022 : Une ann\u00e9e riche pour le monde auto"},"content":{"rendered":"\t\t<div data-elementor-type=\"wp-post\" data-elementor-id=\"7383\" class=\"elementor elementor-7383\">\n\t\t\t\t\t\t<section class=\"elementor-section elementor-top-section elementor-element elementor-element-0d57785 elementor-section-boxed elementor-section-height-default elementor-section-height-default\" data-id=\"0d57785\" data-element_type=\"section\">\n\t\t\t\t\t\t<div class=\"elementor-container elementor-column-gap-default\">\n\t\t\t\t\t<div class=\"elementor-column elementor-col-100 elementor-top-column elementor-element elementor-element-fe0da4e\" data-id=\"fe0da4e\" data-element_type=\"column\">\n\t\t\t<div class=\"elementor-widget-wrap elementor-element-populated\">\n\t\t\t\t\t\t<div class=\"elementor-element elementor-element-1229f69 elementor-widget elementor-widget-image\" data-id=\"1229f69\" data-element_type=\"widget\" data-widget_type=\"image.default\">\n\t\t\t\t<div class=\"elementor-widget-container\">\n\t\t\t\t\t\t\t\t\t\t\t\t\t\t\t<img fetchpriority=\"high\" decoding=\"async\" width=\"300\" height=\"300\" src=\"https:\/\/www.wedrivit.com\/blog\/wp-content\/uploads\/2023\/01\/jours-feries-et-vacances-scolaires-2022-2023-les-dates-a-retenir.jpeg\" class=\"attachment-medium size-medium wp-image-7441\" alt=\"\" \/>\t\t\t\t\t\t\t\t\t\t\t\t\t\t\t<\/div>\n\t\t\t\t<\/div>\n\t\t\t\t<div class=\"elementor-element elementor-element-1bb605d elementor-widget elementor-widget-text-editor\" data-id=\"1bb605d\" data-element_type=\"widget\" data-widget_type=\"text-editor.default\">\n\t\t\t\t<div class=\"elementor-widget-container\">\n\t\t\t\t\t\t\t\t\t<p><span id=\"p0\"><strong>L\u2019ann\u00e9e 2022<\/strong> <span id=\"6\">a<\/span> su \u00eatre un grand cru pour le milieu de <strong>l\u2019automobile<\/strong>.<\/span><span id=\"p10\"> Les amateurs de quatre roues ont chaque mois de l\u2019ann\u00e9e put ressentir la fr\u00e9n\u00e9sie qu\u2019am\u00e8nent les grands \u00e9v\u00e9nements.<\/span><span id=\"p11\"> Entre <strong>les courses, les salons, les records battus et les frayeurs l\u00e9gislatives<\/strong>, ces douze mois n\u2019ont laiss\u00e9 aucun r\u00e9pit \u00e0 l\u2019\u00e9cosyst\u00e8me mondial.<\/span><span id=\"p3\"> Revenons donc ensemble sur ces \u00e9pisodes qui a leurs rythmes ont cr\u00e9\u00e9 une ann\u00e9e marquante et sensationnel.<\/span><\/p>\t\t\t\t\t\t\t\t<\/div>\n\t\t\t\t<\/div>\n\t\t\t\t<div class=\"elementor-element elementor-element-d4dae9a elementor-widget elementor-widget-spacer\" data-id=\"d4dae9a\" data-element_type=\"widget\" data-widget_type=\"spacer.default\">\n\t\t\t\t<div class=\"elementor-widget-container\">\n\t\t\t\t\t\t\t<div class=\"elementor-spacer\">\n\t\t\t<div class=\"elementor-spacer-inner\"><\/div>\n\t\t<\/div>\n\t\t\t\t\t\t<\/div>\n\t\t\t\t<\/div>\n\t\t\t\t\t<\/div>\n\t\t<\/div>\n\t\t\t\t\t<\/div>\n\t\t<\/section>\n\t\t\t\t<section class=\"elementor-section elementor-top-section elementor-element elementor-element-7a29433 elementor-section-boxed elementor-section-height-default elementor-section-height-default\" data-id=\"7a29433\" data-element_type=\"section\">\n\t\t\t\t\t\t<div class=\"elementor-container elementor-column-gap-default\">\n\t\t\t\t\t<div class=\"elementor-column elementor-col-100 elementor-top-column elementor-element elementor-element-a05fa18\" data-id=\"a05fa18\" data-element_type=\"column\">\n\t\t\t<div class=\"elementor-widget-wrap elementor-element-populated\">\n\t\t\t\t\t\t<div class=\"elementor-element elementor-element-59b3d70 elementor-widget elementor-widget-heading\" data-id=\"59b3d70\" data-element_type=\"widget\" data-widget_type=\"heading.default\">\n\t\t\t\t<div class=\"elementor-widget-container\">\n\t\t\t\t\t<h2 class=\"elementor-heading-title elementor-size-default\">Les Principaux Rallyes 2022 : <\/h2>\t\t\t\t<\/div>\n\t\t\t\t<\/div>\n\t\t\t\t\t<\/div>\n\t\t<\/div>\n\t\t\t\t\t<\/div>\n\t\t<\/section>\n\t\t\t\t<section class=\"elementor-section elementor-top-section elementor-element elementor-element-7f83ab6 elementor-section-boxed elementor-section-height-default elementor-section-height-default\" data-id=\"7f83ab6\" data-element_type=\"section\">\n\t\t\t\t\t\t<div class=\"elementor-container elementor-column-gap-default\">\n\t\t\t\t\t<div class=\"elementor-column elementor-col-100 elementor-top-column elementor-element elementor-element-d6c4fb5\" data-id=\"d6c4fb5\" data-element_type=\"column\">\n\t\t\t<div class=\"elementor-widget-wrap elementor-element-populated\">\n\t\t\t\t\t\t<div class=\"elementor-element elementor-element-2171bb1 elementor-widget elementor-widget-text-editor\" data-id=\"2171bb1\" data-element_type=\"widget\" data-widget_type=\"text-editor.default\">\n\t\t\t\t<div class=\"elementor-widget-container\">\n\t\t\t\t\t\t\t\t\t<p><span id=\"p13\">Ce tenant toutes les ann\u00e9es paires, c\u2019est-\u00e0-dire tous les deux ans, c\u2019est avec joie qu\u2019on a retrouv\u00e9 <span id=\"23\">Le<\/span> Mans <span id=\"24\">Classic<\/span>.<\/span><span id=\"p34\"> Avec pr\u00e8s de 200 000 spectateurs, l\u2019\u00e9v\u00e9nement qui f\u00eatait ses 10 ans, est le plus grand rassemblement de voitures anciennes avec plus de <strong>9 000 v\u00e9hicules comptabilis\u00e9.<\/strong><\/span><strong><span id=\"p35\">\u00a0\u00a0<\/span><\/strong><span id=\"p22\"> <\/span><\/p>\t\t\t\t\t\t\t\t<\/div>\n\t\t\t\t<\/div>\n\t\t\t\t<div class=\"elementor-element elementor-element-853a7d7 elementor-widget elementor-widget-image\" data-id=\"853a7d7\" data-element_type=\"widget\" data-widget_type=\"image.default\">\n\t\t\t\t<div class=\"elementor-widget-container\">\n\t\t\t\t\t\t\t\t\t\t\t\t\t\t\t<img decoding=\"async\" width=\"1000\" height=\"665\" src=\"https:\/\/www.wedrivit.com\/blog\/wp-content\/uploads\/2023\/01\/5b31f96463de1.jpg\" class=\"attachment-large size-large wp-image-7413\" alt=\"\" \/>\t\t\t\t\t\t\t\t\t\t\t\t\t\t\t<\/div>\n\t\t\t\t<\/div>\n\t\t\t\t<div class=\"elementor-element elementor-element-1edd5e1 elementor-widget elementor-widget-text-editor\" data-id=\"1edd5e1\" data-element_type=\"widget\" data-widget_type=\"text-editor.default\">\n\t\t\t\t<div class=\"elementor-widget-container\">\n\t\t\t\t\t\t\t\t\t<p><span id=\"p35\">La manifestation automobile reviendra, exceptionnellement en 2023, pour f\u00eater les 100 ans de ses mythiques 24h.<\/span><span id=\"p36\"> La c\u00e9l\u00e8bre course a \u00e9t\u00e9 remport\u00e9e une ann\u00e9e de plus par<\/span><span id=\"p17\"><strong> Toyota<\/strong>.\u00a0 Grand favori, l&rsquo;\u00e9curie s\u2019est impos\u00e9 comme gagnant pour la cinqui\u00e8me ann\u00e9e cons\u00e9cutive.<\/span><span id=\"p18\">\u00a0<\/span><\/p>\t\t\t\t\t\t\t\t<\/div>\n\t\t\t\t<\/div>\n\t\t\t\t<div class=\"elementor-element elementor-element-f81820a elementor-widget elementor-widget-image\" data-id=\"f81820a\" data-element_type=\"widget\" data-widget_type=\"image.default\">\n\t\t\t\t<div class=\"elementor-widget-container\">\n\t\t\t\t\t\t\t\t\t\t\t\t\t\t\t<img decoding=\"async\" width=\"1000\" height=\"563\" src=\"https:\/\/www.wedrivit.com\/blog\/wp-content\/uploads\/2023\/01\/6225d32ac541f.jpg\" class=\"attachment-large size-large wp-image-7412\" alt=\"\" \/>\t\t\t\t\t\t\t\t\t\t\t\t\t\t\t<\/div>\n\t\t\t\t<\/div>\n\t\t\t\t<div class=\"elementor-element elementor-element-2cf3631 elementor-widget elementor-widget-text-editor\" data-id=\"2cf3631\" data-element_type=\"widget\" data-widget_type=\"text-editor.default\">\n\t\t\t\t<div class=\"elementor-widget-container\">\n\t\t\t\t\t\t\t\t\t<p><span id=\"p18\">Toujours en France, le <strong><span id=\"28\" class=\"s-rg\">tour auto<\/span> 2022<\/strong> s\u2019est vu remporter par <strong>Thierry <span id=\"29\" class=\"s-rg\">Boutsen<\/span> <\/strong>abords d<strong>\u2019une Shelby Cobra 289<\/strong>.<\/span><span id=\"p37\"> Ancien vainqueur de Grand Prix de <strong>Formule 1,<\/strong> il ajoute ainsi une nouvelle coupe \u00e0 son Palmar\u00e8s.<\/span><span id=\"p20\"> <br \/><\/span><\/p>\t\t\t\t\t\t\t\t<\/div>\n\t\t\t\t<\/div>\n\t\t\t\t<div class=\"elementor-element elementor-element-fb98898 elementor-widget elementor-widget-image\" data-id=\"fb98898\" data-element_type=\"widget\" data-widget_type=\"image.default\">\n\t\t\t\t<div class=\"elementor-widget-container\">\n\t\t\t\t\t\t\t\t\t\t\t\t\t\t\t<img loading=\"lazy\" decoding=\"async\" width=\"738\" height=\"416\" src=\"https:\/\/www.wedrivit.com\/blog\/wp-content\/uploads\/2023\/01\/Tour-Auto-2-Site-\u00a9-DR.jpg\" class=\"attachment-large size-large wp-image-7414\" alt=\"\" \/>\t\t\t\t\t\t\t\t\t\t\t\t\t\t\t<\/div>\n\t\t\t\t<\/div>\n\t\t\t\t<div class=\"elementor-element elementor-element-f1e9b63 elementor-widget elementor-widget-text-editor\" data-id=\"f1e9b63\" data-element_type=\"widget\" data-widget_type=\"text-editor.default\">\n\t\t\t\t<div class=\"elementor-widget-container\">\n\t\t\t\t\t\t\t\t\t<p><span id=\"p20\">On peut aussi noter que le<strong> Mille <span id=\"32\" class=\"s-rg\">Miglia<\/span><\/strong> \u00e0 cette ann\u00e9e fait face \u00e0 un nombre record d\u2019abandons et que la<strong> WRC<\/strong> \u00e0 cette ann\u00e9e une nouvelle cat\u00e9gorie :<\/span><strong><span id=\"p21\"> les voitures hybrides.<\/span><\/strong><\/p>\t\t\t\t\t\t\t\t<\/div>\n\t\t\t\t<\/div>\n\t\t\t\t\t<\/div>\n\t\t<\/div>\n\t\t\t\t\t<\/div>\n\t\t<\/section>\n\t\t\t\t<section class=\"elementor-section elementor-top-section elementor-element elementor-element-19c8da6 elementor-section-boxed elementor-section-height-default elementor-section-height-default\" data-id=\"19c8da6\" data-element_type=\"section\">\n\t\t\t\t\t\t<div class=\"elementor-container elementor-column-gap-default\">\n\t\t\t\t\t<div class=\"elementor-column elementor-col-100 elementor-top-column elementor-element elementor-element-289314b\" data-id=\"289314b\" data-element_type=\"column\">\n\t\t\t<div class=\"elementor-widget-wrap elementor-element-populated\">\n\t\t\t\t\t\t<div class=\"elementor-element elementor-element-2d873e3 elementor-widget elementor-widget-heading\" data-id=\"2d873e3\" data-element_type=\"widget\" data-widget_type=\"heading.default\">\n\t\t\t\t<div class=\"elementor-widget-container\">\n\t\t\t\t\t<h3 class=\"elementor-heading-title elementor-size-default\">Les principales ventes aux ench\u00e8re :   <\/h3>\t\t\t\t<\/div>\n\t\t\t\t<\/div>\n\t\t\t\t\t<\/div>\n\t\t<\/div>\n\t\t\t\t\t<\/div>\n\t\t<\/section>\n\t\t\t\t<section class=\"elementor-section elementor-top-section elementor-element elementor-element-ff59b9f elementor-section-boxed elementor-section-height-default elementor-section-height-default\" data-id=\"ff59b9f\" data-element_type=\"section\">\n\t\t\t\t\t\t<div class=\"elementor-container elementor-column-gap-default\">\n\t\t\t\t\t<div class=\"elementor-column elementor-col-100 elementor-top-column elementor-element elementor-element-69e0477\" data-id=\"69e0477\" data-element_type=\"column\">\n\t\t\t<div class=\"elementor-widget-wrap elementor-element-populated\">\n\t\t\t\t\t\t<div class=\"elementor-element elementor-element-8038742 elementor-widget elementor-widget-text-editor\" data-id=\"8038742\" data-element_type=\"widget\" data-widget_type=\"text-editor.default\">\n\t\t\t\t<div class=\"elementor-widget-container\">\n\t\t\t\t\t\t\t\t\t<p><span id=\"p121\">2022 <span id=\"130\">a<\/span> aussi \u00e9t\u00e9 riche en \u00e9motions dans\u00a0 le domaine de la vente aux ench\u00e8res.<\/span><span id=\"p122\"><span id=\"134\" class=\"s-bl\"> Une<\/span> belle sortie de grange du <span id=\"132\" class=\"s-rg\">cot\u00e9<\/span> de l\u2019Oise avec 90 mod\u00e8les de collection fran\u00e7ais<\/span><span id=\"p123\">.<\/span><span id=\"p124\"> <\/span><span id=\"p124\"><span id=\"p123\">R\u00e9alis\u00e9 par <strong>la maison Osenat<\/strong><\/span> la collection comportait des pi\u00e8ces <span id=\"141\">riche<\/span> de souvenir entre <span id=\"p123\">200 et 20 000 \u20ac<\/span>. On pouvait y\u00a0 voir, entre autre, une <strong>De Dion Bouton, une <span id=\"142\">Panhard<\/span> <span id=\"143\">Dynamic<\/span><span id=\"145\"> <\/span>, une SM de gendarmerie<\/strong> datant de 1973 ou encore<strong> un camion de pompier <span id=\"144\">Delaye<\/span><\/strong>.<\/span><span id=\"p125\"> <span id=\"146\"><\/span><\/span><span id=\"p128\"><\/span><\/p>\t\t\t\t\t\t\t\t<\/div>\n\t\t\t\t<\/div>\n\t\t\t\t<div class=\"elementor-element elementor-element-9d5a567 elementor-widget elementor-widget-image\" data-id=\"9d5a567\" data-element_type=\"widget\" data-widget_type=\"image.default\">\n\t\t\t\t<div class=\"elementor-widget-container\">\n\t\t\t\t\t\t\t\t\t\t\t\t\t\t\t<img loading=\"lazy\" decoding=\"async\" width=\"1000\" height=\"667\" src=\"https:\/\/www.wedrivit.com\/blog\/wp-content\/uploads\/2023\/01\/Vente-Osenat-Collection-Minard-7.png\" class=\"attachment-large size-large wp-image-7416\" alt=\"\" \/>\t\t\t\t\t\t\t\t\t\t\t\t\t\t\t<\/div>\n\t\t\t\t<\/div>\n\t\t\t\t<div class=\"elementor-element elementor-element-7350dcb elementor-widget elementor-widget-image\" data-id=\"7350dcb\" data-element_type=\"widget\" data-widget_type=\"image.default\">\n\t\t\t\t<div class=\"elementor-widget-container\">\n\t\t\t\t\t\t\t\t\t\t\t\t\t\t\t<img loading=\"lazy\" decoding=\"async\" width=\"1000\" height=\"667\" src=\"https:\/\/www.wedrivit.com\/blog\/wp-content\/uploads\/2023\/01\/Vente-Osenat-Collection-Minard.png\" class=\"attachment-large size-large wp-image-7417\" alt=\"\" \/>\t\t\t\t\t\t\t\t\t\t\t\t\t\t\t<\/div>\n\t\t\t\t<\/div>\n\t\t\t\t<div class=\"elementor-element elementor-element-cb684f8 elementor-widget elementor-widget-image\" data-id=\"cb684f8\" data-element_type=\"widget\" data-widget_type=\"image.default\">\n\t\t\t\t<div class=\"elementor-widget-container\">\n\t\t\t\t\t\t\t\t\t\t\t\t\t\t\t<img loading=\"lazy\" decoding=\"async\" width=\"1000\" height=\"667\" src=\"https:\/\/www.wedrivit.com\/blog\/wp-content\/uploads\/2023\/01\/133218_278802779_ade914a3f56eee57761af4436cd2359b.jpeg\" class=\"attachment-large size-large wp-image-7418\" alt=\"\" \/>\t\t\t\t\t\t\t\t\t\t\t\t\t\t\t<\/div>\n\t\t\t\t<\/div>\n\t\t\t\t<div class=\"elementor-element elementor-element-fc1be6d elementor-widget elementor-widget-text-editor\" data-id=\"fc1be6d\" data-element_type=\"widget\" data-widget_type=\"text-editor.default\">\n\t\t\t\t<div class=\"elementor-widget-container\">\n\t\t\t\t\t\t\t\t\t<p><span id=\"p125\"><strong><span id=\"146\">Aguttes<\/span> <\/strong>sont principal concurrent a quant \u00e0 lui<span id=\"150\"> propos\u00e9<\/span> 91 lots :<\/span><span id=\"p126\">\u00a0 Porsche 911 turbo de 1988 estim\u00e9 au alentour de 120 000\u20ac,\u00a0 Mercedes SL,\u00a0 Porsche 356 Pre-A estim\u00e9e entre 250 000 et 300 000\u20ac et m\u00eame une Peugeot 806 Procar de course<\/span><span id=\"p157\">.<\/span> <span id=\"p128\"><\/span><\/p>\t\t\t\t\t\t\t\t<\/div>\n\t\t\t\t<\/div>\n\t\t\t\t<div class=\"elementor-element elementor-element-92645a6 elementor-widget elementor-widget-image\" data-id=\"92645a6\" data-element_type=\"widget\" data-widget_type=\"image.default\">\n\t\t\t\t<div class=\"elementor-widget-container\">\n\t\t\t\t\t\t\t\t\t\t\t\t\t\t\t<img loading=\"lazy\" decoding=\"async\" width=\"900\" height=\"557\" src=\"https:\/\/www.wedrivit.com\/blog\/wp-content\/uploads\/2023\/01\/lot-1.jpg\" class=\"attachment-large size-large wp-image-7423\" alt=\"\" \/>\t\t\t\t\t\t\t\t\t\t\t\t\t\t\t<\/div>\n\t\t\t\t<\/div>\n\t\t\t\t<div class=\"elementor-element elementor-element-ed305ae elementor-widget elementor-widget-text-editor\" data-id=\"ed305ae\" data-element_type=\"widget\" data-widget_type=\"text-editor.default\">\n\t\t\t\t<div class=\"elementor-widget-container\">\n\t\t\t\t\t\t\t\t\t<p><strong>Artcurial<\/strong> r\u00e9alise aussi une des plus belle sortie de grange de l&rsquo;ann\u00e9e avec <strong>la collection h\u00e9ron<\/strong>.\u00a0 De mod\u00e8les commun a tr\u00e8s rare, les prix vont tr\u00e8s vite de modeste \u00e0 six chiffres. <strong>2 Talbot-Lago T26 GLS<\/strong> une \u00e0 restaurer et une autre en bon \u00e9tat : prix estim\u00e9 entre 80 et 100 milles et entre 100 milles et 150. <strong>Hotchkiss 686 \u00ab\u00a0Paris-Nice\u00a0\u00bb<\/strong> de 1937, unique prototype, prix estim\u00e9 entre 30 et 50 milles. <strong>Tracta Gr\u00e9goire Coup\u00e9 Sport<\/strong> de 1956 estim\u00e9 entre 60 et 80 milles. <strong>Delahaye 135 M Cabriolet El Glaoui<\/strong> expos\u00e9e au salon de Paris 1948 estim\u00e9 entre\u00a0 150 et 200 000 \u20ac.<span id=\"p128\">\u00a0<\/span><\/p>\t\t\t\t\t\t\t\t<\/div>\n\t\t\t\t<\/div>\n\t\t\t\t<div class=\"elementor-element elementor-element-ed23883 elementor-widget elementor-widget-image\" data-id=\"ed23883\" data-element_type=\"widget\" data-widget_type=\"image.default\">\n\t\t\t\t<div class=\"elementor-widget-container\">\n\t\t\t\t\t\t\t\t\t\t\t\t\t\t\t<img loading=\"lazy\" decoding=\"async\" width=\"1000\" height=\"563\" src=\"https:\/\/www.wedrivit.com\/blog\/wp-content\/uploads\/2023\/01\/pierre-heron-collection-barn-find-including-rare-talbot-lago-t26-gsl.jpg\" class=\"attachment-large size-large wp-image-7424\" alt=\"\" \/>\t\t\t\t\t\t\t\t\t\t\t\t\t\t\t<\/div>\n\t\t\t\t<\/div>\n\t\t\t\t<div class=\"elementor-element elementor-element-894b171 elementor-widget elementor-widget-text-editor\" data-id=\"894b171\" data-element_type=\"widget\" data-widget_type=\"text-editor.default\">\n\t\t\t\t<div class=\"elementor-widget-container\">\n\t\t\t\t\t\t\t\t\t<p>Mais celui qui a tout rafl\u00e9 c&rsquo;est <strong>Sotheby&rsquo;s <\/strong>avec la vente la plus ch\u00e8re jamais faites de 1<strong>35 millions d&rsquo;euros<\/strong> : Une <strong>Mercedez-Benz <\/strong>300 SLR Uhlenhaut Coup\u00e9 datant de 1955.\u00a0 Record annuel et historique.<\/p>\t\t\t\t\t\t\t\t<\/div>\n\t\t\t\t<\/div>\n\t\t\t\t<div class=\"elementor-element elementor-element-1bc55ea elementor-widget elementor-widget-image\" data-id=\"1bc55ea\" data-element_type=\"widget\" data-widget_type=\"image.default\">\n\t\t\t\t<div class=\"elementor-widget-container\">\n\t\t\t\t\t\t\t\t\t\t\t\t\t\t\t<img loading=\"lazy\" decoding=\"async\" width=\"1000\" height=\"533\" src=\"https:\/\/www.wedrivit.com\/blog\/wp-content\/uploads\/2023\/01\/1200-L-cest-confirm-cette-mercedes-benz-300-slr-de-1955-est-bien-la-voiture-la-plus-chre-au-monde.jpg\" class=\"attachment-large size-large wp-image-7425\" alt=\"\" \/>\t\t\t\t\t\t\t\t\t\t\t\t\t\t\t<\/div>\n\t\t\t\t<\/div>\n\t\t\t\t<div class=\"elementor-element elementor-element-6a9598e elementor-widget elementor-widget-text-editor\" data-id=\"6a9598e\" data-element_type=\"widget\" data-widget_type=\"text-editor.default\">\n\t\t\t\t<div class=\"elementor-widget-container\">\n\t\t\t\t\t\t\t\t\t<p>A noter que <strong>Sotheby&rsquo;s<\/strong> est aussi derri\u00e8re les deuxi\u00e8mes et troisi\u00e8mes vente de la liste avec une <strong>ferrari spider de 1955<\/strong> parti \u00e0 20 millions d&rsquo;euro et une <strong>Ferrari F-3003-GA F1 de 2003<\/strong> parti \u00e0 15 millions d&rsquo;euros.<\/p>\t\t\t\t\t\t\t\t<\/div>\n\t\t\t\t<\/div>\n\t\t\t\t\t<\/div>\n\t\t<\/div>\n\t\t\t\t\t<\/div>\n\t\t<\/section>\n\t\t\t\t<section class=\"elementor-section elementor-top-section elementor-element elementor-element-f8894c7 elementor-section-boxed elementor-section-height-default elementor-section-height-default\" data-id=\"f8894c7\" data-element_type=\"section\">\n\t\t\t\t\t\t<div class=\"elementor-container elementor-column-gap-default\">\n\t\t\t\t\t<div class=\"elementor-column elementor-col-100 elementor-top-column elementor-element elementor-element-d1d841b\" data-id=\"d1d841b\" data-element_type=\"column\">\n\t\t\t<div class=\"elementor-widget-wrap elementor-element-populated\">\n\t\t\t\t\t\t<div class=\"elementor-element elementor-element-476016d elementor-widget elementor-widget-heading\" data-id=\"476016d\" data-element_type=\"widget\" data-widget_type=\"heading.default\">\n\t\t\t\t<div class=\"elementor-widget-container\">\n\t\t\t\t\t<h3 class=\"elementor-heading-title elementor-size-default\">L\u00e9gislation : ce que 2022 a chang\u00e9 <\/h3>\t\t\t\t<\/div>\n\t\t\t\t<\/div>\n\t\t\t\t\t<\/div>\n\t\t<\/div>\n\t\t\t\t\t<\/div>\n\t\t<\/section>\n\t\t\t\t<section class=\"elementor-section elementor-top-section elementor-element elementor-element-72c8ebc elementor-section-boxed elementor-section-height-default elementor-section-height-default\" data-id=\"72c8ebc\" data-element_type=\"section\">\n\t\t\t\t\t\t<div class=\"elementor-container elementor-column-gap-default\">\n\t\t\t\t\t<div class=\"elementor-column elementor-col-100 elementor-top-column elementor-element elementor-element-d84235d\" data-id=\"d84235d\" data-element_type=\"column\">\n\t\t\t<div class=\"elementor-widget-wrap elementor-element-populated\">\n\t\t\t\t\t\t<div class=\"elementor-element elementor-element-bcd8302 elementor-widget elementor-widget-text-editor\" data-id=\"bcd8302\" data-element_type=\"widget\" data-widget_type=\"text-editor.default\">\n\t\t\t\t<div class=\"elementor-widget-container\">\n\t\t\t\t\t\t\t\t\t<p>L\u2019ann\u00e9e a aussi vu \u00e9voluer la loi avec de nouvelle restrictions apporter par les<strong> ZFE<\/strong>. En effet, <strong>les zones \u00e0 faibles \u00e9mission<\/strong> sont entrain de s&rsquo;\u00e9largir au champs national et il faudra maintenant avoir une automobile ne d\u00e9passant pas un certain stade de <strong>pollution<\/strong> pour conduire dans le centre de grande ville.<\/p>\t\t\t\t\t\t\t\t<\/div>\n\t\t\t\t<\/div>\n\t\t\t\t<div class=\"elementor-element elementor-element-589d24c elementor-widget elementor-widget-image\" data-id=\"589d24c\" data-element_type=\"widget\" data-widget_type=\"image.default\">\n\t\t\t\t<div class=\"elementor-widget-container\">\n\t\t\t\t\t\t\t\t\t\t\t\t\t\t\t<img loading=\"lazy\" decoding=\"async\" width=\"707\" height=\"1000\" src=\"https:\/\/www.wedrivit.com\/blog\/wp-content\/uploads\/2023\/01\/I5470.jpg\" class=\"attachment-large size-large wp-image-7426\" alt=\"\" \/>\t\t\t\t\t\t\t\t\t\t\t\t\t\t\t<\/div>\n\t\t\t\t<\/div>\n\t\t\t\t<div class=\"elementor-element elementor-element-b27fa55 elementor-widget elementor-widget-text-editor\" data-id=\"b27fa55\" data-element_type=\"widget\" data-widget_type=\"text-editor.default\">\n\t\t\t\t<div class=\"elementor-widget-container\">\n\t\t\t\t\t\t\t\t\t<p>Cependant, les <strong>voitures de collection<\/strong> ( voiture de plus 30 ans, production arr\u00eat\u00e9e, \u00e9tat d&rsquo;origine) peuvent d\u00e9vier le probl\u00e8me en acqu\u00e9rant la <strong>carte grise de collection<\/strong>. Ce passe droit permet au <strong>v\u00e9hicule de collection<\/strong> de rouler en toute suret\u00e9 sans risquer d&rsquo;amande ou de vid\u00e9o-verbalisation. Pour l&rsquo;avoir, il suffira de l&rsquo;obtention de d&rsquo;une <a href=\"https:\/\/www.wedrivit.com\/blog\/voiture\/collection\/la-ffve-acteur-majeur-voiture-collection\/\">attestation FFVE<\/a> puis de faire la demande d&rsquo;une carte grise de collection.<\/p>\t\t\t\t\t\t\t\t<\/div>\n\t\t\t\t<\/div>\n\t\t\t\t<div class=\"elementor-element elementor-element-e5d303f elementor-widget elementor-widget-image\" data-id=\"e5d303f\" data-element_type=\"widget\" data-widget_type=\"image.default\">\n\t\t\t\t<div class=\"elementor-widget-container\">\n\t\t\t\t\t\t\t\t\t\t\t\t\t\t\t<img loading=\"lazy\" decoding=\"async\" width=\"361\" height=\"240\" src=\"https:\/\/www.wedrivit.com\/blog\/wp-content\/uploads\/2023\/01\/vehicule_collection_img2.jpg\" class=\"attachment-large size-large wp-image-7428\" alt=\"\" \/>\t\t\t\t\t\t\t\t\t\t\t\t\t\t\t<\/div>\n\t\t\t\t<\/div>\n\t\t\t\t\t<\/div>\n\t\t<\/div>\n\t\t\t\t\t<\/div>\n\t\t<\/section>\n\t\t\t\t<section class=\"elementor-section elementor-top-section elementor-element elementor-element-b4fdc07 elementor-section-boxed elementor-section-height-default elementor-section-height-default\" data-id=\"b4fdc07\" data-element_type=\"section\">\n\t\t\t\t\t\t<div class=\"elementor-container elementor-column-gap-default\">\n\t\t\t\t\t<div class=\"elementor-column elementor-col-100 elementor-top-column elementor-element elementor-element-dcefabe\" data-id=\"dcefabe\" data-element_type=\"column\">\n\t\t\t<div class=\"elementor-widget-wrap elementor-element-populated\">\n\t\t\t\t\t\t<div class=\"elementor-element elementor-element-eae6975 elementor-widget elementor-widget-heading\" data-id=\"eae6975\" data-element_type=\"widget\" data-widget_type=\"heading.default\">\n\t\t\t\t<div class=\"elementor-widget-container\">\n\t\t\t\t\t<h3 class=\"elementor-heading-title elementor-size-default\">Les grands salons de l'automobiles<\/h3>\t\t\t\t<\/div>\n\t\t\t\t<\/div>\n\t\t\t\t\t<\/div>\n\t\t<\/div>\n\t\t\t\t\t<\/div>\n\t\t<\/section>\n\t\t\t\t<section class=\"elementor-section elementor-top-section elementor-element elementor-element-14f2088 elementor-section-boxed elementor-section-height-default elementor-section-height-default\" data-id=\"14f2088\" data-element_type=\"section\">\n\t\t\t\t\t\t<div class=\"elementor-container elementor-column-gap-default\">\n\t\t\t\t\t<div class=\"elementor-column elementor-col-100 elementor-top-column elementor-element elementor-element-5683b40\" data-id=\"5683b40\" data-element_type=\"column\">\n\t\t\t<div class=\"elementor-widget-wrap elementor-element-populated\">\n\t\t\t\t\t\t<div class=\"elementor-element elementor-element-7e912dd elementor-widget elementor-widget-text-editor\" data-id=\"7e912dd\" data-element_type=\"widget\" data-widget_type=\"text-editor.default\">\n\t\t\t\t<div class=\"elementor-widget-container\">\n\t\t\t\t\t\t\t\t\t<p>Le calendrier des <strong>salons automobiles\u00a0<\/strong> \u00e9tait charg\u00e9 cette ann\u00e9e, apr\u00e8s deux ans avort\u00e9 par beaucoup \u00e0 cause du Covid. Au jour des grande dates, on a bien entendu retrouv\u00e9 <strong>R\u00e9tromobiles<\/strong> mais aussi <strong>Epoqu&rsquo;auto<\/strong>.<\/p>\t\t\t\t\t\t\t\t<\/div>\n\t\t\t\t<\/div>\n\t\t\t\t<div class=\"elementor-element elementor-element-50b7008 elementor-widget elementor-widget-image\" data-id=\"50b7008\" data-element_type=\"widget\" data-widget_type=\"image.default\">\n\t\t\t\t<div class=\"elementor-widget-container\">\n\t\t\t\t\t\t\t\t\t\t\t\t\t\t\t<img loading=\"lazy\" decoding=\"async\" width=\"1000\" height=\"567\" src=\"https:\/\/www.wedrivit.com\/blog\/wp-content\/uploads\/2023\/01\/1200x680_maxnewsworldthree678541.jpg\" class=\"attachment-large size-large wp-image-7429\" alt=\"\" \/>\t\t\t\t\t\t\t\t\t\t\t\t\t\t\t<\/div>\n\t\t\t\t<\/div>\n\t\t\t\t<div class=\"elementor-element elementor-element-db02630 elementor-widget elementor-widget-text-editor\" data-id=\"db02630\" data-element_type=\"widget\" data-widget_type=\"text-editor.default\">\n\t\t\t\t<div class=\"elementor-widget-container\">\n\t\t\t\t\t\t\t\t\t<p>Le petit fr\u00e8re de l&rsquo;\u00e9v\u00e8nement num\u00e9ro 1 en France autour des voitures de collection se fait un nom et joue des coudes avec son ain\u00e9. Avec pr\u00e8s de <strong>80 000 visiteurs<\/strong> ils fr\u00f4lent les <strong>100 000<\/strong> que son homologue atteint.<\/p>\t\t\t\t\t\t\t\t<\/div>\n\t\t\t\t<\/div>\n\t\t\t\t<div class=\"elementor-element elementor-element-d098f19 elementor-widget elementor-widget-image\" data-id=\"d098f19\" data-element_type=\"widget\" data-widget_type=\"image.default\">\n\t\t\t\t<div class=\"elementor-widget-container\">\n\t\t\t\t\t\t\t\t\t\t\t\t\t\t\t<img loading=\"lazy\" decoding=\"async\" width=\"1000\" height=\"562\" src=\"https:\/\/www.wedrivit.com\/blog\/wp-content\/uploads\/2023\/01\/81922.jpg\" class=\"attachment-large size-large wp-image-7430\" alt=\"\" \/>\t\t\t\t\t\t\t\t\t\t\t\t\t\t\t<\/div>\n\t\t\t\t<\/div>\n\t\t\t\t<div class=\"elementor-element elementor-element-8e217ef elementor-widget elementor-widget-text-editor\" data-id=\"8e217ef\" data-element_type=\"widget\" data-widget_type=\"text-editor.default\">\n\t\t\t\t<div class=\"elementor-widget-container\">\n\t\t\t\t\t\t\t\t\t<p><strong>Autom\u00e9don<\/strong> a lui aussi fait son retour au parc des expositions. Le <strong>salon d&rsquo;auto et de moto collection<\/strong> pour les passionn\u00e9 franciliens a chang\u00e9 de locaux et se veut plus ambitieux que jamais.\u00a0 <\/p>\t\t\t\t\t\t\t\t<\/div>\n\t\t\t\t<\/div>\n\t\t\t\t<div class=\"elementor-element elementor-element-4fd5220 elementor-widget elementor-widget-image\" data-id=\"4fd5220\" data-element_type=\"widget\" data-widget_type=\"image.default\">\n\t\t\t\t<div class=\"elementor-widget-container\">\n\t\t\t\t\t\t\t\t\t\t\t\t\t\t\t<img loading=\"lazy\" decoding=\"async\" width=\"1000\" height=\"562\" src=\"https:\/\/www.wedrivit.com\/blog\/wp-content\/uploads\/2023\/01\/151781.jpg\" class=\"attachment-large size-large wp-image-7431\" alt=\"\" \/>\t\t\t\t\t\t\t\t\t\t\t\t\t\t\t<\/div>\n\t\t\t\t<\/div>\n\t\t\t\t<div class=\"elementor-element elementor-element-d6cce47 elementor-widget elementor-widget-text-editor\" data-id=\"d6cce47\" data-element_type=\"widget\" data-widget_type=\"text-editor.default\">\n\t\t\t\t<div class=\"elementor-widget-container\">\n\t\t\t\t\t\t\t\t\t<p>Le plus grand \u00e9v\u00e8nement de France mettait lui aussi \u00e0 l&rsquo;honneur\u00a0 l&rsquo;ancien et le r\u00e9tro. Au\u00a0<a href=\"https:\/\/www.wedrivit.com\/blog\/mondial-de-l-automobile-2022\/\"><strong>mondial de l&rsquo;automobile<\/strong><\/a>, on pouvait retrouv\u00e9 des expositions de mod\u00e8les mythique mais aussi des <strong>reprise<\/strong> et des<strong> innovations<\/strong>. De quoi faire r\u00eaver grand et petit, passionn\u00e9 et amateur.<\/p>\t\t\t\t\t\t\t\t<\/div>\n\t\t\t\t<\/div>\n\t\t\t\t\t<\/div>\n\t\t<\/div>\n\t\t\t\t\t<\/div>\n\t\t<\/section>\n\t\t\t\t<section class=\"elementor-section elementor-top-section elementor-element elementor-element-80bd29f elementor-section-boxed elementor-section-height-default elementor-section-height-default\" data-id=\"80bd29f\" data-element_type=\"section\">\n\t\t\t\t\t\t<div class=\"elementor-container elementor-column-gap-default\">\n\t\t\t\t\t<div class=\"elementor-column elementor-col-100 elementor-top-column elementor-element elementor-element-a848adb\" data-id=\"a848adb\" data-element_type=\"column\">\n\t\t\t<div class=\"elementor-widget-wrap elementor-element-populated\">\n\t\t\t\t\t\t<div class=\"elementor-element elementor-element-2b376ed elementor-widget elementor-widget-heading\" data-id=\"2b376ed\" data-element_type=\"widget\" data-widget_type=\"heading.default\">\n\t\t\t\t<div class=\"elementor-widget-container\">\n\t\t\t\t\t<h2 class=\"elementor-heading-title elementor-size-default\">Les voitures \u00e9l\u00e9gibles \"collection\" en 2022<\/h2>\t\t\t\t<\/div>\n\t\t\t\t<\/div>\n\t\t\t\t\t<\/div>\n\t\t<\/div>\n\t\t\t\t\t<\/div>\n\t\t<\/section>\n\t\t\t\t<section class=\"elementor-section elementor-top-section elementor-element elementor-element-9ac87d0 elementor-section-boxed elementor-section-height-default elementor-section-height-default\" data-id=\"9ac87d0\" data-element_type=\"section\">\n\t\t\t\t\t\t<div class=\"elementor-container elementor-column-gap-default\">\n\t\t\t\t\t<div class=\"elementor-column elementor-col-100 elementor-top-column elementor-element elementor-element-bea4eef\" data-id=\"bea4eef\" data-element_type=\"column\">\n\t\t\t<div class=\"elementor-widget-wrap elementor-element-populated\">\n\t\t\t\t\t\t<div class=\"elementor-element elementor-element-9fafd8b elementor-widget elementor-widget-text-editor\" data-id=\"9fafd8b\" data-element_type=\"widget\" data-widget_type=\"text-editor.default\">\n\t\t\t\t<div class=\"elementor-widget-container\">\n\t\t\t\t\t\t\t\t\t<p>Le cercle <strong>voitures de collection<\/strong> s&rsquo;est donc \u00e9largi, comme tout les ans, avec l&rsquo;ajout des voitures dat\u00e9 1992. Des mod\u00e8les comme la <strong>Renault Safrane<\/strong>, la <strong>Nissan Micra<\/strong>, l&rsquo;<strong>alfa romeo 155<\/strong>, la <strong>Ford Escort RS Cosworth<\/strong> sont \u00e9l\u00e9gibles.<\/p>\t\t\t\t\t\t\t\t<\/div>\n\t\t\t\t<\/div>\n\t\t\t\t<div class=\"elementor-element elementor-element-6d5027d elementor-widget elementor-widget-image\" data-id=\"6d5027d\" data-element_type=\"widget\" data-widget_type=\"image.default\">\n\t\t\t\t<div class=\"elementor-widget-container\">\n\t\t\t\t\t\t\t\t\t\t\t\t\t\t\t<img loading=\"lazy\" decoding=\"async\" width=\"880\" height=\"500\" src=\"https:\/\/www.wedrivit.com\/blog\/wp-content\/uploads\/2023\/01\/alfa_romeo_155_q4_large_22581.jpg\" class=\"attachment-large size-large wp-image-7432\" alt=\"\" \/>\t\t\t\t\t\t\t\t\t\t\t\t\t\t\t<\/div>\n\t\t\t\t<\/div>\n\t\t\t\t<div class=\"elementor-element elementor-element-24cb6f4 elementor-widget elementor-widget-text-editor\" data-id=\"24cb6f4\" data-element_type=\"widget\" data-widget_type=\"text-editor.default\">\n\t\t\t\t<div class=\"elementor-widget-container\">\n\t\t\t\t\t\t\t\t\t<p>Mais aussi des voitures plus rare\u00a0 comme la <strong>McLaren F1<\/strong>, la <strong>BMW M3 E36<\/strong>, la <strong>Mazda RX-7 FD<\/strong> ou encore<strong> la Bugatti EB110<\/strong>.<\/p>\t\t\t\t\t\t\t\t<\/div>\n\t\t\t\t<\/div>\n\t\t\t\t<div class=\"elementor-element elementor-element-62f0636 elementor-widget elementor-widget-image\" data-id=\"62f0636\" data-element_type=\"widget\" data-widget_type=\"image.default\">\n\t\t\t\t<div class=\"elementor-widget-container\">\n\t\t\t\t\t\t\t\t\t\t\t\t\t\t\t<img loading=\"lazy\" decoding=\"async\" width=\"1000\" height=\"666\" src=\"https:\/\/www.wedrivit.com\/blog\/wp-content\/uploads\/2023\/01\/2007-06-15_18_Bugatti_EB_110_bearb_-_kl.jpg\" class=\"attachment-large size-large wp-image-7433\" alt=\"\" \/>\t\t\t\t\t\t\t\t\t\t\t\t\t\t\t<\/div>\n\t\t\t\t<\/div>\n\t\t\t\t<div class=\"elementor-element elementor-element-30cdb56 elementor-widget elementor-widget-text-editor\" data-id=\"30cdb56\" data-element_type=\"widget\" data-widget_type=\"text-editor.default\">\n\t\t\t\t<div class=\"elementor-widget-container\">\n\t\t\t\t\t\t\t\t\t<p>Alors si votre v\u00e9hicules a <strong>30 ans ou plus<\/strong>, n&rsquo;as pas subi de modification et n&rsquo;est plus produit n&rsquo;attendait plus est faites la demande d&rsquo;une<strong> carte grise de collection<\/strong>. Elle vous permettra d&rsquo;\u00e9viter des amandes et repoussera votre contr\u00f4le technique de 5 ans en 5 ans.<\/p>\t\t\t\t\t\t\t\t<\/div>\n\t\t\t\t<\/div>\n\t\t\t\t\t<\/div>\n\t\t<\/div>\n\t\t\t\t\t<\/div>\n\t\t<\/section>\n\t\t\t\t<section class=\"elementor-section elementor-top-section elementor-element elementor-element-62854c0 elementor-section-boxed elementor-section-height-default elementor-section-height-default\" data-id=\"62854c0\" data-element_type=\"section\">\n\t\t\t\t\t\t<div class=\"elementor-container elementor-column-gap-default\">\n\t\t\t\t\t<div class=\"elementor-column elementor-col-100 elementor-top-column elementor-element elementor-element-219ff89\" data-id=\"219ff89\" data-element_type=\"column\">\n\t\t\t<div class=\"elementor-widget-wrap elementor-element-populated\">\n\t\t\t\t\t\t<div class=\"elementor-element elementor-element-c36c246 elementor-widget elementor-widget-heading\" data-id=\"c36c246\" data-element_type=\"widget\" data-widget_type=\"heading.default\">\n\t\t\t\t<div class=\"elementor-widget-container\">\n\t\t\t\t\t<h2 class=\"elementor-heading-title elementor-size-default\">Wedrivit<\/h2>\t\t\t\t<\/div>\n\t\t\t\t<\/div>\n\t\t\t\t\t<\/div>\n\t\t<\/div>\n\t\t\t\t\t<\/div>\n\t\t<\/section>\n\t\t\t\t<section class=\"elementor-section elementor-top-section elementor-element elementor-element-d8ebed6 elementor-section-boxed elementor-section-height-default elementor-section-height-default\" data-id=\"d8ebed6\" data-element_type=\"section\">\n\t\t\t\t\t\t<div class=\"elementor-container elementor-column-gap-default\">\n\t\t\t\t\t<div class=\"elementor-column elementor-col-100 elementor-top-column elementor-element elementor-element-514bd58\" data-id=\"514bd58\" data-element_type=\"column\">\n\t\t\t<div class=\"elementor-widget-wrap elementor-element-populated\">\n\t\t\t\t\t\t<div class=\"elementor-element elementor-element-44d2290 elementor-widget elementor-widget-text-editor\" data-id=\"44d2290\" data-element_type=\"widget\" data-widget_type=\"text-editor.default\">\n\t\t\t\t<div class=\"elementor-widget-container\">\n\t\t\t\t\t\t\t\t\t<p>Au terme de cette ann\u00e9e pass\u00e9e \u00e0 vos cot\u00e9, nous sommes heureux de vous remercier de votre confiance et nous vous souhaitons de la part de toute l&rsquo;\u00e9quipe <strong>Wedrivit<\/strong> une bonne ann\u00e9e. La notre a \u00e9t\u00e9 riche en exp\u00e9rience et en apprentissage entre les <strong>salons<\/strong>, les <strong>\u00e9v\u00e8nements<\/strong> et les <strong>partenariats<\/strong>. Vous \u00eates chaque jour un peu plus nombreux \u00e0 nous faire confiance dans la <strong>location de voiture de collection<\/strong> et nous en sommes fier. Nous esp\u00e9rons que l&rsquo;ann\u00e9e qui vient sera plein de belle promesse. A tr\u00e8s bient\u00f4t avec l&rsquo;\u00e9quipe <strong>Wedrivit<\/strong>.<\/p>\t\t\t\t\t\t\t\t<\/div>\n\t\t\t\t<\/div>\n\t\t\t\t\t<\/div>\n\t\t<\/div>\n\t\t\t\t\t<\/div>\n\t\t<\/section>\n\t\t\t\t<\/div>\n\t\t","protected":false},"excerpt":{"rendered":"<p>L\u2019ann\u00e9e 2022 a su \u00eatre un grand cru pour le milieu de l\u2019automobile. Les amateurs de quatre roues ont chaque&hellip;<\/p>\n","protected":false},"author":22,"featured_media":7422,"comment_status":"open","ping_status":"open","sticky":false,"template":"","format":"standard","meta":{"footnotes":""},"categories":[1],"tags":[],"class_list":["post-7383","post","type-post","status-publish","format-standard","has-post-thumbnail","hentry","category-tous-les-articles"],"yoast_head":"<!-- This site is optimized with the Yoast SEO plugin v26.9 - https:\/\/yoast.com\/product\/yoast-seo-wordpress\/ -->\n<title>2022 : Une ann\u00e9e riche pour le monde auto - Le blog des voitures de collection par Wedrivit<\/title>\n<meta name=\"description\" content=\"L\u2019ann\u00e9e 2022 a \u00e9t\u00e9 un grand cru pour le milieu de l\u2019automobile. Revenons donc ensemble sur ces \u00e9pisodes qui a leurs rythmes ont cr\u00e9\u00e9 une ann\u00e9e marquantes.\" \/>\n<meta name=\"robots\" content=\"index, follow, max-snippet:-1, max-image-preview:large, max-video-preview:-1\" \/>\n<link rel=\"canonical\" href=\"https:\/\/www.wedrivit.com\/blog\/voiture\/collection\/bilanautomobile2022\" \/>\n<meta property=\"og:locale\" content=\"fr_FR\" \/>\n<meta property=\"og:type\" content=\"article\" \/>\n<meta property=\"og:title\" content=\"2022 : Une ann\u00e9e riche pour le monde auto - Le blog des voitures de collection par Wedrivit\" \/>\n<meta property=\"og:description\" content=\"L\u2019ann\u00e9e 2022 a \u00e9t\u00e9 un grand cru pour le milieu de l\u2019automobile. Revenons donc ensemble sur ces \u00e9pisodes qui a leurs rythmes ont cr\u00e9\u00e9 une ann\u00e9e marquantes.\" \/>\n<meta property=\"og:url\" content=\"https:\/\/www.wedrivit.com\/blog\/voiture\/collection\/bilanautomobile2022\" \/>\n<meta property=\"og:site_name\" content=\"Le blog des voitures de collection par Wedrivit\" \/>\n<meta property=\"article:published_time\" content=\"2023-01-05T14:49:37+00:00\" \/>\n<meta property=\"article:modified_time\" content=\"2023-02-06T08:31:52+00:00\" \/>\n<meta property=\"og:image\" content=\"https:\/\/www.wedrivit.com\/blog\/wp-content\/uploads\/2023\/01\/lot.jpg\" \/>\n\t<meta property=\"og:image:width\" content=\"410\" \/>\n\t<meta property=\"og:image:height\" content=\"249\" \/>\n\t<meta property=\"og:image:type\" content=\"image\/jpeg\" \/>\n<meta name=\"author\" content=\"Guillaume Ogier\" \/>\n<meta name=\"twitter:card\" content=\"summary_large_image\" \/>\n<meta name=\"twitter:label1\" content=\"\u00c9crit par\" \/>\n\t<meta name=\"twitter:data1\" content=\"Guillaume Ogier\" \/>\n\t<meta name=\"twitter:label2\" content=\"Dur\u00e9e de lecture estim\u00e9e\" \/>\n\t<meta name=\"twitter:data2\" content=\"5 minutes\" \/>\n<script type=\"application\/ld+json\" class=\"yoast-schema-graph\">{\"@context\":\"https:\/\/schema.org\",\"@graph\":[{\"@type\":\"Article\",\"@id\":\"https:\/\/www.wedrivit.com\/blog\/voiture\/collection\/bilanautomobile2022#article\",\"isPartOf\":{\"@id\":\"https:\/\/www.wedrivit.com\/blog\/voiture\/collection\/bilanautomobile2022\"},\"author\":{\"name\":\"Guillaume Ogier\",\"@id\":\"https:\/\/www.wedrivit.com\/blog\/#\/schema\/person\/d27de6551b194f72a8c634d91d17c4a8\"},\"headline\":\"2022 : Une ann\u00e9e riche pour le monde auto\",\"datePublished\":\"2023-01-05T14:49:37+00:00\",\"dateModified\":\"2023-02-06T08:31:52+00:00\",\"mainEntityOfPage\":{\"@id\":\"https:\/\/www.wedrivit.com\/blog\/voiture\/collection\/bilanautomobile2022\"},\"wordCount\":1083,\"commentCount\":0,\"publisher\":{\"@id\":\"https:\/\/www.wedrivit.com\/blog\/#organization\"},\"image\":{\"@id\":\"https:\/\/www.wedrivit.com\/blog\/voiture\/collection\/bilanautomobile2022#primaryimage\"},\"thumbnailUrl\":\"https:\/\/www.wedrivit.com\/blog\/wp-content\/uploads\/2023\/01\/lot.jpg\",\"articleSection\":[\"Tous les articles\"],\"inLanguage\":\"fr-FR\",\"potentialAction\":[{\"@type\":\"CommentAction\",\"name\":\"Comment\",\"target\":[\"https:\/\/www.wedrivit.com\/blog\/voiture\/collection\/bilanautomobile2022#respond\"]}]},{\"@type\":\"WebPage\",\"@id\":\"https:\/\/www.wedrivit.com\/blog\/voiture\/collection\/bilanautomobile2022\",\"url\":\"https:\/\/www.wedrivit.com\/blog\/voiture\/collection\/bilanautomobile2022\",\"name\":\"2022 : Une ann\u00e9e riche pour le monde auto - Le blog des voitures de collection par Wedrivit\",\"isPartOf\":{\"@id\":\"https:\/\/www.wedrivit.com\/blog\/#website\"},\"primaryImageOfPage\":{\"@id\":\"https:\/\/www.wedrivit.com\/blog\/voiture\/collection\/bilanautomobile2022#primaryimage\"},\"image\":{\"@id\":\"https:\/\/www.wedrivit.com\/blog\/voiture\/collection\/bilanautomobile2022#primaryimage\"},\"thumbnailUrl\":\"https:\/\/www.wedrivit.com\/blog\/wp-content\/uploads\/2023\/01\/lot.jpg\",\"datePublished\":\"2023-01-05T14:49:37+00:00\",\"dateModified\":\"2023-02-06T08:31:52+00:00\",\"description\":\"L\u2019ann\u00e9e 2022 a \u00e9t\u00e9 un grand cru pour le milieu de l\u2019automobile. Revenons donc ensemble sur ces \u00e9pisodes qui a leurs rythmes ont cr\u00e9\u00e9 une ann\u00e9e marquantes.\",\"breadcrumb\":{\"@id\":\"https:\/\/www.wedrivit.com\/blog\/voiture\/collection\/bilanautomobile2022#breadcrumb\"},\"inLanguage\":\"fr-FR\",\"potentialAction\":[{\"@type\":\"ReadAction\",\"target\":[\"https:\/\/www.wedrivit.com\/blog\/voiture\/collection\/bilanautomobile2022\"]}]},{\"@type\":\"ImageObject\",\"inLanguage\":\"fr-FR\",\"@id\":\"https:\/\/www.wedrivit.com\/blog\/voiture\/collection\/bilanautomobile2022#primaryimage\",\"url\":\"https:\/\/www.wedrivit.com\/blog\/wp-content\/uploads\/2023\/01\/lot.jpg\",\"contentUrl\":\"https:\/\/www.wedrivit.com\/blog\/wp-content\/uploads\/2023\/01\/lot.jpg\",\"width\":410,\"height\":249},{\"@type\":\"BreadcrumbList\",\"@id\":\"https:\/\/www.wedrivit.com\/blog\/voiture\/collection\/bilanautomobile2022#breadcrumb\",\"itemListElement\":[{\"@type\":\"ListItem\",\"position\":1,\"name\":\"Home\",\"item\":\"https:\/\/www.wedrivit.com\/blog\/\"},{\"@type\":\"ListItem\",\"position\":2,\"name\":\"2022 : Une ann\u00e9e riche pour le monde auto\"}]},{\"@type\":\"WebSite\",\"@id\":\"https:\/\/www.wedrivit.com\/blog\/#website\",\"url\":\"https:\/\/www.wedrivit.com\/blog\/\",\"name\":\"Le blog des voitures de collection par Wedrivit\",\"description\":\"Tout savoir sur les voitures anciennes grace \u00e0 Wedrivit, la plateforme de location de voitures anciennes entre particuliers.\",\"publisher\":{\"@id\":\"https:\/\/www.wedrivit.com\/blog\/#organization\"},\"potentialAction\":[{\"@type\":\"SearchAction\",\"target\":{\"@type\":\"EntryPoint\",\"urlTemplate\":\"https:\/\/www.wedrivit.com\/blog\/?s={search_term_string}\"},\"query-input\":{\"@type\":\"PropertyValueSpecification\",\"valueRequired\":true,\"valueName\":\"search_term_string\"}}],\"inLanguage\":\"fr-FR\"},{\"@type\":\"Organization\",\"@id\":\"https:\/\/www.wedrivit.com\/blog\/#organization\",\"name\":\"Le blog des voitures de collection par Wedrivit\",\"url\":\"https:\/\/www.wedrivit.com\/blog\/\",\"logo\":{\"@type\":\"ImageObject\",\"inLanguage\":\"fr-FR\",\"@id\":\"https:\/\/www.wedrivit.com\/blog\/#\/schema\/logo\/image\/\",\"url\":\"https:\/\/www.wedrivit.com\/blog\/wp-content\/uploads\/2024\/12\/wedrivit-blanc-large-2.png\",\"contentUrl\":\"https:\/\/www.wedrivit.com\/blog\/wp-content\/uploads\/2024\/12\/wedrivit-blanc-large-2.png\",\"caption\":\"Le blog des voitures de collection par Wedrivit\"},\"image\":{\"@id\":\"https:\/\/www.wedrivit.com\/blog\/#\/schema\/logo\/image\/\"}},{\"@type\":\"Person\",\"@id\":\"https:\/\/www.wedrivit.com\/blog\/#\/schema\/person\/d27de6551b194f72a8c634d91d17c4a8\",\"name\":\"Guillaume Ogier\",\"image\":{\"@type\":\"ImageObject\",\"inLanguage\":\"fr-FR\",\"@id\":\"https:\/\/www.wedrivit.com\/blog\/#\/schema\/person\/image\/\",\"url\":\"https:\/\/secure.gravatar.com\/avatar\/f3fc96ea593e4f3703329c34ddca21b7974549f88d65520caa48388d25027dee?s=96&d=mm&r=g\",\"contentUrl\":\"https:\/\/secure.gravatar.com\/avatar\/f3fc96ea593e4f3703329c34ddca21b7974549f88d65520caa48388d25027dee?s=96&d=mm&r=g\",\"caption\":\"Guillaume Ogier\"},\"url\":\"https:\/\/www.wedrivit.com\/blog\/voiture\/collection\/author\/guillaume-ogier\"}]}<\/script>\n<!-- \/ Yoast SEO plugin. -->","yoast_head_json":{"title":"2022 : Une ann\u00e9e riche pour le monde auto - Le blog des voitures de collection par Wedrivit","description":"L\u2019ann\u00e9e 2022 a \u00e9t\u00e9 un grand cru pour le milieu de l\u2019automobile. Revenons donc ensemble sur ces \u00e9pisodes qui a leurs rythmes ont cr\u00e9\u00e9 une ann\u00e9e marquantes.","robots":{"index":"index","follow":"follow","max-snippet":"max-snippet:-1","max-image-preview":"max-image-preview:large","max-video-preview":"max-video-preview:-1"},"canonical":"https:\/\/www.wedrivit.com\/blog\/voiture\/collection\/bilanautomobile2022","og_locale":"fr_FR","og_type":"article","og_title":"2022 : Une ann\u00e9e riche pour le monde auto - Le blog des voitures de collection par Wedrivit","og_description":"L\u2019ann\u00e9e 2022 a \u00e9t\u00e9 un grand cru pour le milieu de l\u2019automobile. Revenons donc ensemble sur ces \u00e9pisodes qui a leurs rythmes ont cr\u00e9\u00e9 une ann\u00e9e marquantes.","og_url":"https:\/\/www.wedrivit.com\/blog\/voiture\/collection\/bilanautomobile2022","og_site_name":"Le blog des voitures de collection par Wedrivit","article_published_time":"2023-01-05T14:49:37+00:00","article_modified_time":"2023-02-06T08:31:52+00:00","og_image":[{"width":410,"height":249,"url":"https:\/\/www.wedrivit.com\/blog\/wp-content\/uploads\/2023\/01\/lot.jpg","type":"image\/jpeg"}],"author":"Guillaume Ogier","twitter_card":"summary_large_image","twitter_misc":{"\u00c9crit par":"Guillaume Ogier","Dur\u00e9e de lecture estim\u00e9e":"5 minutes"},"schema":{"@context":"https:\/\/schema.org","@graph":[{"@type":"Article","@id":"https:\/\/www.wedrivit.com\/blog\/voiture\/collection\/bilanautomobile2022#article","isPartOf":{"@id":"https:\/\/www.wedrivit.com\/blog\/voiture\/collection\/bilanautomobile2022"},"author":{"name":"Guillaume Ogier","@id":"https:\/\/www.wedrivit.com\/blog\/#\/schema\/person\/d27de6551b194f72a8c634d91d17c4a8"},"headline":"2022 : Une ann\u00e9e riche pour le monde auto","datePublished":"2023-01-05T14:49:37+00:00","dateModified":"2023-02-06T08:31:52+00:00","mainEntityOfPage":{"@id":"https:\/\/www.wedrivit.com\/blog\/voiture\/collection\/bilanautomobile2022"},"wordCount":1083,"commentCount":0,"publisher":{"@id":"https:\/\/www.wedrivit.com\/blog\/#organization"},"image":{"@id":"https:\/\/www.wedrivit.com\/blog\/voiture\/collection\/bilanautomobile2022#primaryimage"},"thumbnailUrl":"https:\/\/www.wedrivit.com\/blog\/wp-content\/uploads\/2023\/01\/lot.jpg","articleSection":["Tous les articles"],"inLanguage":"fr-FR","potentialAction":[{"@type":"CommentAction","name":"Comment","target":["https:\/\/www.wedrivit.com\/blog\/voiture\/collection\/bilanautomobile2022#respond"]}]},{"@type":"WebPage","@id":"https:\/\/www.wedrivit.com\/blog\/voiture\/collection\/bilanautomobile2022","url":"https:\/\/www.wedrivit.com\/blog\/voiture\/collection\/bilanautomobile2022","name":"2022 : Une ann\u00e9e riche pour le monde auto - Le blog des voitures de collection par Wedrivit","isPartOf":{"@id":"https:\/\/www.wedrivit.com\/blog\/#website"},"primaryImageOfPage":{"@id":"https:\/\/www.wedrivit.com\/blog\/voiture\/collection\/bilanautomobile2022#primaryimage"},"image":{"@id":"https:\/\/www.wedrivit.com\/blog\/voiture\/collection\/bilanautomobile2022#primaryimage"},"thumbnailUrl":"https:\/\/www.wedrivit.com\/blog\/wp-content\/uploads\/2023\/01\/lot.jpg","datePublished":"2023-01-05T14:49:37+00:00","dateModified":"2023-02-06T08:31:52+00:00","description":"L\u2019ann\u00e9e 2022 a \u00e9t\u00e9 un grand cru pour le milieu de l\u2019automobile. Revenons donc ensemble sur ces \u00e9pisodes qui a leurs rythmes ont cr\u00e9\u00e9 une ann\u00e9e marquantes.","breadcrumb":{"@id":"https:\/\/www.wedrivit.com\/blog\/voiture\/collection\/bilanautomobile2022#breadcrumb"},"inLanguage":"fr-FR","potentialAction":[{"@type":"ReadAction","target":["https:\/\/www.wedrivit.com\/blog\/voiture\/collection\/bilanautomobile2022"]}]},{"@type":"ImageObject","inLanguage":"fr-FR","@id":"https:\/\/www.wedrivit.com\/blog\/voiture\/collection\/bilanautomobile2022#primaryimage","url":"https:\/\/www.wedrivit.com\/blog\/wp-content\/uploads\/2023\/01\/lot.jpg","contentUrl":"https:\/\/www.wedrivit.com\/blog\/wp-content\/uploads\/2023\/01\/lot.jpg","width":410,"height":249},{"@type":"BreadcrumbList","@id":"https:\/\/www.wedrivit.com\/blog\/voiture\/collection\/bilanautomobile2022#breadcrumb","itemListElement":[{"@type":"ListItem","position":1,"name":"Home","item":"https:\/\/www.wedrivit.com\/blog\/"},{"@type":"ListItem","position":2,"name":"2022 : Une ann\u00e9e riche pour le monde auto"}]},{"@type":"WebSite","@id":"https:\/\/www.wedrivit.com\/blog\/#website","url":"https:\/\/www.wedrivit.com\/blog\/","name":"Le blog des voitures de collection par Wedrivit","description":"Tout savoir sur les voitures anciennes grace \u00e0 Wedrivit, la plateforme de location de voitures anciennes entre particuliers.","publisher":{"@id":"https:\/\/www.wedrivit.com\/blog\/#organization"},"potentialAction":[{"@type":"SearchAction","target":{"@type":"EntryPoint","urlTemplate":"https:\/\/www.wedrivit.com\/blog\/?s={search_term_string}"},"query-input":{"@type":"PropertyValueSpecification","valueRequired":true,"valueName":"search_term_string"}}],"inLanguage":"fr-FR"},{"@type":"Organization","@id":"https:\/\/www.wedrivit.com\/blog\/#organization","name":"Le blog des voitures de collection par Wedrivit","url":"https:\/\/www.wedrivit.com\/blog\/","logo":{"@type":"ImageObject","inLanguage":"fr-FR","@id":"https:\/\/www.wedrivit.com\/blog\/#\/schema\/logo\/image\/","url":"https:\/\/www.wedrivit.com\/blog\/wp-content\/uploads\/2024\/12\/wedrivit-blanc-large-2.png","contentUrl":"https:\/\/www.wedrivit.com\/blog\/wp-content\/uploads\/2024\/12\/wedrivit-blanc-large-2.png","caption":"Le blog des voitures de collection par Wedrivit"},"image":{"@id":"https:\/\/www.wedrivit.com\/blog\/#\/schema\/logo\/image\/"}},{"@type":"Person","@id":"https:\/\/www.wedrivit.com\/blog\/#\/schema\/person\/d27de6551b194f72a8c634d91d17c4a8","name":"Guillaume Ogier","image":{"@type":"ImageObject","inLanguage":"fr-FR","@id":"https:\/\/www.wedrivit.com\/blog\/#\/schema\/person\/image\/","url":"https:\/\/secure.gravatar.com\/avatar\/f3fc96ea593e4f3703329c34ddca21b7974549f88d65520caa48388d25027dee?s=96&d=mm&r=g","contentUrl":"https:\/\/secure.gravatar.com\/avatar\/f3fc96ea593e4f3703329c34ddca21b7974549f88d65520caa48388d25027dee?s=96&d=mm&r=g","caption":"Guillaume Ogier"},"url":"https:\/\/www.wedrivit.com\/blog\/voiture\/collection\/author\/guillaume-ogier"}]}},"_links":{"self":[{"href":"https:\/\/www.wedrivit.com\/blog\/wp-json\/wp\/v2\/posts\/7383","targetHints":{"allow":["GET"]}}],"collection":[{"href":"https:\/\/www.wedrivit.com\/blog\/wp-json\/wp\/v2\/posts"}],"about":[{"href":"https:\/\/www.wedrivit.com\/blog\/wp-json\/wp\/v2\/types\/post"}],"author":[{"embeddable":true,"href":"https:\/\/www.wedrivit.com\/blog\/wp-json\/wp\/v2\/users\/22"}],"replies":[{"embeddable":true,"href":"https:\/\/www.wedrivit.com\/blog\/wp-json\/wp\/v2\/comments?post=7383"}],"version-history":[{"count":42,"href":"https:\/\/www.wedrivit.com\/blog\/wp-json\/wp\/v2\/posts\/7383\/revisions"}],"predecessor-version":[{"id":7548,"href":"https:\/\/www.wedrivit.com\/blog\/wp-json\/wp\/v2\/posts\/7383\/revisions\/7548"}],"wp:featuredmedia":[{"embeddable":true,"href":"https:\/\/www.wedrivit.com\/blog\/wp-json\/wp\/v2\/media\/7422"}],"wp:attachment":[{"href":"https:\/\/www.wedrivit.com\/blog\/wp-json\/wp\/v2\/media?parent=7383"}],"wp:term":[{"taxonomy":"category","embeddable":true,"href":"https:\/\/www.wedrivit.com\/blog\/wp-json\/wp\/v2\/categories?post=7383"},{"taxonomy":"post_tag","embeddable":true,"href":"https:\/\/www.wedrivit.com\/blog\/wp-json\/wp\/v2\/tags?post=7383"}],"curies":[{"name":"wp","href":"https:\/\/api.w.org\/{rel}","templated":true}]}}