{"id":7114,"date":"2022-10-27T17:30:21","date_gmt":"2022-10-27T15:30:21","guid":{"rendered":"https:\/\/www.wedrivit.com\/blog\/?p=7114"},"modified":"2022-12-13T11:00:42","modified_gmt":"2022-12-13T09:00:42","slug":"mondial-de-lautomobile-2022","status":"publish","type":"post","link":"https:\/\/www.wedrivit.com\/blog\/voiture\/collection\/mondial-de-lautomobile-2022","title":{"rendered":"Wedrivit au mondial de l\u2019automobile 2022"},"content":{"rendered":"\t\t<div data-elementor-type=\"wp-post\" data-elementor-id=\"7114\" class=\"elementor elementor-7114\">\n\t\t\t\t\t\t<section class=\"elementor-section elementor-top-section elementor-element elementor-element-69d3deb elementor-section-boxed elementor-section-height-default elementor-section-height-default\" data-id=\"69d3deb\" data-element_type=\"section\">\n\t\t\t\t\t\t<div class=\"elementor-container elementor-column-gap-default\">\n\t\t\t\t\t<div class=\"elementor-column elementor-col-100 elementor-top-column elementor-element elementor-element-134e845\" data-id=\"134e845\" data-element_type=\"column\">\n\t\t\t<div class=\"elementor-widget-wrap elementor-element-populated\">\n\t\t\t\t\t\t<div class=\"elementor-element elementor-element-40b16b3 elementor-widget elementor-widget-image\" data-id=\"40b16b3\" data-element_type=\"widget\" data-widget_type=\"image.default\">\n\t\t\t\t<div class=\"elementor-widget-container\">\n\t\t\t\t\t\t\t\t\t\t\t\t\t\t\t<img fetchpriority=\"high\" decoding=\"async\" width=\"540\" height=\"295\" src=\"https:\/\/www.wedrivit.com\/blog\/wp-content\/uploads\/2022\/10\/home-mondial-2022-1.jpg\" class=\"attachment-master-blog-archive size-master-blog-archive wp-image-7124\" alt=\"\" \/>\t\t\t\t\t\t\t\t\t\t\t\t\t\t\t<\/div>\n\t\t\t\t<\/div>\n\t\t\t\t<div class=\"elementor-element elementor-element-7ec7080 elementor-widget elementor-widget-spacer\" data-id=\"7ec7080\" data-element_type=\"widget\" data-widget_type=\"spacer.default\">\n\t\t\t\t<div class=\"elementor-widget-container\">\n\t\t\t\t\t\t\t<div class=\"elementor-spacer\">\n\t\t\t<div class=\"elementor-spacer-inner\"><\/div>\n\t\t<\/div>\n\t\t\t\t\t\t<\/div>\n\t\t\t\t<\/div>\n\t\t\t\t<div class=\"elementor-element elementor-element-96d0a5d elementor-widget elementor-widget-text-editor\" data-id=\"96d0a5d\" data-element_type=\"widget\" data-widget_type=\"text-editor.default\">\n\t\t\t\t<div class=\"elementor-widget-container\">\n\t\t\t\t\t\t\t\t\t<p>Paris, octobre 2022, sous l\u2019affluence de 400 000 personnes se tient le Mondial de l\u2019Auto. Un nombre faible compar\u00e9 aux ann\u00e9es pr\u00e9c\u00e9dentes (1 million en 2018) mais qui reste important face \u00e0 un salon raccourci (7 jours au lieu de 13) et \u00e0 l\u2019absence de grands groupes tels que Volkswagen, BMW, Mercedes. Les marques pr\u00e9sentent se disputent les innovations avec nostalgie, la ligne directrice semble \u00eatre claire : le r\u00e9tro est \u00e0 la mode.<\/p>\t\t\t\t\t\t\t\t<\/div>\n\t\t\t\t<\/div>\n\t\t\t\t<div class=\"elementor-element elementor-element-686dd7d elementor-widget elementor-widget-spacer\" data-id=\"686dd7d\" data-element_type=\"widget\" data-widget_type=\"spacer.default\">\n\t\t\t\t<div class=\"elementor-widget-container\">\n\t\t\t\t\t\t\t<div class=\"elementor-spacer\">\n\t\t\t<div class=\"elementor-spacer-inner\"><\/div>\n\t\t<\/div>\n\t\t\t\t\t\t<\/div>\n\t\t\t\t<\/div>\n\t\t\t\t\t<\/div>\n\t\t<\/div>\n\t\t\t\t\t<\/div>\n\t\t<\/section>\n\t\t\t\t<section class=\"elementor-section elementor-top-section elementor-element elementor-element-58b7a3b elementor-section-boxed elementor-section-height-default elementor-section-height-default\" data-id=\"58b7a3b\" data-element_type=\"section\">\n\t\t\t\t\t\t<div class=\"elementor-container elementor-column-gap-default\">\n\t\t\t\t\t<div class=\"elementor-column elementor-col-100 elementor-top-column elementor-element elementor-element-e9e5064\" data-id=\"e9e5064\" data-element_type=\"column\">\n\t\t\t<div class=\"elementor-widget-wrap elementor-element-populated\">\n\t\t\t\t\t\t<div class=\"elementor-element elementor-element-43d2e3e elementor-widget elementor-widget-heading\" data-id=\"43d2e3e\" data-element_type=\"widget\" data-widget_type=\"heading.default\">\n\t\t\t\t<div class=\"elementor-widget-container\">\n\t\t\t\t\t<h2 class=\"elementor-heading-title elementor-size-default\">Un retour en force<\/h2>\t\t\t\t<\/div>\n\t\t\t\t<\/div>\n\t\t\t\t<div class=\"elementor-element elementor-element-c597311 elementor-widget elementor-widget-spacer\" data-id=\"c597311\" data-element_type=\"widget\" data-widget_type=\"spacer.default\">\n\t\t\t\t<div class=\"elementor-widget-container\">\n\t\t\t\t\t\t\t<div class=\"elementor-spacer\">\n\t\t\t<div class=\"elementor-spacer-inner\"><\/div>\n\t\t<\/div>\n\t\t\t\t\t\t<\/div>\n\t\t\t\t<\/div>\n\t\t\t\t<div class=\"elementor-element elementor-element-57c9921 elementor-widget elementor-widget-text-editor\" data-id=\"57c9921\" data-element_type=\"widget\" data-widget_type=\"text-editor.default\">\n\t\t\t\t<div class=\"elementor-widget-container\">\n\t\t\t\t\t\t\t\t\t<p>C\u2019est sous son stand que Renault nous propose un aller simple vers le pass\u00e9 avec 4Ever Trophy. Un SUV au format 4l, 100 % \u00e9lectrique. Le constructeur souhaite ici r\u00e9\u00e9crire l\u2019histoire avec cette version moderne de sa mythique voiture.<\/p>\t\t\t\t\t\t\t\t<\/div>\n\t\t\t\t<\/div>\n\t\t\t\t<div class=\"elementor-element elementor-element-c18a7d6 elementor-widget elementor-widget-image\" data-id=\"c18a7d6\" data-element_type=\"widget\" data-widget_type=\"image.default\">\n\t\t\t\t<div class=\"elementor-widget-container\">\n\t\t\t\t\t\t\t\t\t\t\t\t\t\t\t<img decoding=\"async\" width=\"1000\" height=\"562\" src=\"https:\/\/www.wedrivit.com\/blog\/wp-content\/uploads\/2022\/10\/Mondial-de-Lauto-4ever-tropy.jpg\" class=\"attachment-large size-large wp-image-7116\" alt=\"\" \/>\t\t\t\t\t\t\t\t\t\t\t\t\t\t\t<\/div>\n\t\t\t\t<\/div>\n\t\t\t\t<div class=\"elementor-element elementor-element-424a181 elementor-widget elementor-widget-text-editor\" data-id=\"424a181\" data-element_type=\"widget\" data-widget_type=\"text-editor.default\">\n\t\t\t\t<div class=\"elementor-widget-container\">\n\t\t\t\t\t\t\t\t\t<p>Commercialis\u00e9e entre les ann\u00e9es 60 et 90, l\u2019automobile avait su conqu\u00e9rir le c\u0153ur de pr\u00e8s de 8 millions de fran\u00e7ais. Souvent synonyme d\u2019aventure, elle raconte \u00e0 travers elle l\u2019envie de r\u00eave de toute une g\u00e9n\u00e9ration, mais aussi la r\u00e9ponse \u00e0 des besoins simples. Polyvalente du haut de ses 4m20, son allure moderne et \u00e9l\u00e9gante pose les bases d\u2019un virage avenir tourn\u00e9 vers l\u2019Energie renouvelable. Direction assum\u00e9e et appuy\u00e9e par la pr\u00e9sentation de deux autres mod\u00e8les totalement r\u00e9invent\u00e9s : la R5 \u00e9lectrique et la Turbo 53E.<\/p>\t\t\t\t\t\t\t\t<\/div>\n\t\t\t\t<\/div>\n\t\t\t\t<div class=\"elementor-element elementor-element-c82fe4f elementor-widget elementor-widget-image-gallery\" data-id=\"c82fe4f\" data-element_type=\"widget\" data-widget_type=\"image-gallery.default\">\n\t\t\t\t<div class=\"elementor-widget-container\">\n\t\t\t\t\t\t\t<div class=\"elementor-image-gallery\">\n\t\t\t\n\t\t<style type=\"text\/css\">\n\t\t\t#gallery-1 {\n\t\t\t\tmargin: auto;\n\t\t\t}\n\t\t\t#gallery-1 .gallery-item {\n\t\t\t\tfloat: left;\n\t\t\t\tmargin-top: 10px;\n\t\t\t\ttext-align: center;\n\t\t\t\twidth: 50%;\n\t\t\t}\n\t\t\t#gallery-1 img {\n\t\t\t\tborder: 2px solid #cfcfcf;\n\t\t\t}\n\t\t\t#gallery-1 .gallery-caption {\n\t\t\t\tmargin-left: 0;\n\t\t\t}\n\t\t\t\/* see gallery_shortcode() in wp-includes\/media.php *\/\n\t\t<\/style>\n\t\t<div id='gallery-1' class='gallery galleryid-7114 gallery-columns-2 gallery-size-1536x1536'><dl class='gallery-item'>\n\t\t\t<dt class='gallery-icon landscape'>\n\t\t\t\t<a data-elementor-open-lightbox=\"yes\" data-elementor-lightbox-slideshow=\"c82fe4f\" data-elementor-lightbox-title=\"R5 electrique\" data-e-action-hash=\"#elementor-action%3Aaction%3Dlightbox%26settings%3DeyJpZCI6NzExNywidXJsIjoiaHR0cHM6XC9cL3d3dy53ZWRyaXZpdC5jb21cL2Jsb2dcL3dwLWNvbnRlbnRcL3VwbG9hZHNcLzIwMjJcLzEwXC9SZW5hdWx0LTUtUHJvdG90eXBlLVI1LWVsZWN0cmlxdWUtMjAyMS0xMS5qcGciLCJzbGlkZXNob3ciOiJjODJmZTRmIn0%3D\" href='https:\/\/www.wedrivit.com\/blog\/wp-content\/uploads\/2022\/10\/Renault-5-Prototype-R5-electrique-2021-11.jpg'><img decoding=\"async\" width=\"1536\" height=\"878\" src=\"https:\/\/www.wedrivit.com\/blog\/wp-content\/uploads\/2022\/10\/Renault-5-Prototype-R5-electrique-2021-11.jpg\" class=\"attachment-1536x1536 size-1536x1536\" alt=\"\" aria-describedby=\"gallery-1-7117\" \/><\/a>\n\t\t\t<\/dt>\n\t\t\t\t<dd class='wp-caption-text gallery-caption' id='gallery-1-7117'>\n\t\t\t\tR5 electrique\n\t\t\t\t<\/dd><\/dl><dl class='gallery-item'>\n\t\t\t<dt class='gallery-icon landscape'>\n\t\t\t\t<a data-elementor-open-lightbox=\"yes\" data-elementor-lightbox-slideshow=\"c82fe4f\" data-elementor-lightbox-title=\"1-R5-Turbo-3E\" data-e-action-hash=\"#elementor-action%3Aaction%3Dlightbox%26settings%3DeyJpZCI6NzExOCwidXJsIjoiaHR0cHM6XC9cL3d3dy53ZWRyaXZpdC5jb21cL2Jsb2dcL3dwLWNvbnRlbnRcL3VwbG9hZHNcLzIwMjJcLzEwXC8xLVI1LVR1cmJvLTNFLmpwZyIsInNsaWRlc2hvdyI6ImM4MmZlNGYifQ%3D%3D\" href='https:\/\/www.wedrivit.com\/blog\/wp-content\/uploads\/2022\/10\/1-R5-Turbo-3E.jpg'><img loading=\"lazy\" decoding=\"async\" width=\"1536\" height=\"864\" src=\"https:\/\/www.wedrivit.com\/blog\/wp-content\/uploads\/2022\/10\/1-R5-Turbo-3E.jpg\" class=\"attachment-1536x1536 size-1536x1536\" alt=\"\" aria-describedby=\"gallery-1-7118\" \/><\/a>\n\t\t\t<\/dt>\n\t\t\t\t<dd class='wp-caption-text gallery-caption' id='gallery-1-7118'>\n\t\t\t\tTurbo 53E\n\t\t\t\t<\/dd><\/dl><br style=\"clear: both\" \/>\n\t\t<\/div>\n\t\t<\/div>\n\t\t\t\t\t\t<\/div>\n\t\t\t\t<\/div>\n\t\t\t\t<div class=\"elementor-element elementor-element-cc43f96 elementor-widget elementor-widget-text-editor\" data-id=\"cc43f96\" data-element_type=\"widget\" data-widget_type=\"text-editor.default\">\n\t\t\t\t<div class=\"elementor-widget-container\">\n\t\t\t\t\t\t\t\t\t<p>Du c\u00f4t\u00e9 des autres stands, le mondial de l\u2019auto se montre tout aussi novateur. Kilow nous pr\u00e9sente un mod\u00e8le inspir\u00e9 de la Mini Moke, La bagnole, un mini Buggy \u00e9lectrique. La jeune marque nous vend ici le plaisir de la balade \u00e9cologique \u00e0 faible vitesse (40km\/h max pour la version sans permis et 80 pour la version normale).<\/p>\t\t\t\t\t\t\t\t<\/div>\n\t\t\t\t<\/div>\n\t\t\t\t<div class=\"elementor-element elementor-element-b7c6efb elementor-widget elementor-widget-image\" data-id=\"b7c6efb\" data-element_type=\"widget\" data-widget_type=\"image.default\">\n\t\t\t\t<div class=\"elementor-widget-container\">\n\t\t\t\t\t\t\t\t\t\t\t\t\t\t\t<img loading=\"lazy\" decoding=\"async\" width=\"768\" height=\"434\" src=\"https:\/\/www.wedrivit.com\/blog\/wp-content\/uploads\/2022\/10\/IMG_2514-detoure-1-scaled-1.jpg\" class=\"attachment-medium_large size-medium_large wp-image-7121\" alt=\"\" \/>\t\t\t\t\t\t\t\t\t\t\t\t\t\t\t<\/div>\n\t\t\t\t<\/div>\n\t\t\t\t<div class=\"elementor-element elementor-element-90a42dd elementor-widget elementor-widget-text-editor\" data-id=\"90a42dd\" data-element_type=\"widget\" data-widget_type=\"text-editor.default\">\n\t\t\t\t<div class=\"elementor-widget-container\">\n\t\t\t\t\t\t\t\t\t<p>Dans la m\u00eame veine, il y a la Microlino, une voiture qui reprend les lignes de l\u2019Isetta pour nous offrir une variante moderne et totalement \u00e9lectrique. Le v\u00e9hicule pr\u00e9sent\u00e9 pour la premi\u00e8re fois au salon de l\u2019auto en 2016 est disponible d\u00e8s aujourd\u2019hui avec une entr\u00e9e de gamme \u00e0 12 000 \u20ac.<\/p>\t\t\t\t\t\t\t\t<\/div>\n\t\t\t\t<\/div>\n\t\t\t\t<div class=\"elementor-element elementor-element-7073df1 elementor-widget elementor-widget-image\" data-id=\"7073df1\" data-element_type=\"widget\" data-widget_type=\"image.default\">\n\t\t\t\t<div class=\"elementor-widget-container\">\n\t\t\t\t\t\t\t\t\t\t\t\t\t\t\t<img loading=\"lazy\" decoding=\"async\" width=\"940\" height=\"626\" src=\"https:\/\/www.wedrivit.com\/blog\/wp-content\/uploads\/2022\/10\/microlino-car-red-front_1.jpg\" class=\"attachment-large size-large wp-image-7122\" alt=\"\" \/>\t\t\t\t\t\t\t\t\t\t\t\t\t\t\t<\/div>\n\t\t\t\t<\/div>\n\t\t\t\t<div class=\"elementor-element elementor-element-28c119c elementor-widget elementor-widget-spacer\" data-id=\"28c119c\" data-element_type=\"widget\" data-widget_type=\"spacer.default\">\n\t\t\t\t<div class=\"elementor-widget-container\">\n\t\t\t\t\t\t\t<div class=\"elementor-spacer\">\n\t\t\t<div class=\"elementor-spacer-inner\"><\/div>\n\t\t<\/div>\n\t\t\t\t\t\t<\/div>\n\t\t\t\t<\/div>\n\t\t\t\t<div class=\"elementor-element elementor-element-d7f9b23 elementor-widget elementor-widget-heading\" data-id=\"d7f9b23\" data-element_type=\"widget\" data-widget_type=\"heading.default\">\n\t\t\t\t<div class=\"elementor-widget-container\">\n\t\t\t\t\t<h2 class=\"elementor-heading-title elementor-size-default\">Un public jeune en pleine expansion<\/h2>\t\t\t\t<\/div>\n\t\t\t\t<\/div>\n\t\t\t\t<div class=\"elementor-element elementor-element-0d6c634 elementor-widget elementor-widget-spacer\" data-id=\"0d6c634\" data-element_type=\"widget\" data-widget_type=\"spacer.default\">\n\t\t\t\t<div class=\"elementor-widget-container\">\n\t\t\t\t\t\t\t<div class=\"elementor-spacer\">\n\t\t\t<div class=\"elementor-spacer-inner\"><\/div>\n\t\t<\/div>\n\t\t\t\t\t\t<\/div>\n\t\t\t\t<\/div>\n\t\t\t\t<div class=\"elementor-element elementor-element-2faaf22 elementor-widget elementor-widget-text-editor\" data-id=\"2faaf22\" data-element_type=\"widget\" data-widget_type=\"text-editor.default\">\n\t\t\t\t<div class=\"elementor-widget-container\">\n\t\t\t\t\t\t\t\t\t<p>En l\u2019absence de marque phare, les stars des plateformes ont \u00e9t\u00e9 les grandes t\u00eates d\u2019affiche du salon. Sous son stand, le youtubeur Vilebrequin, attire une foule de jeunes press\u00e9es de voir sa fameuse 1000tipla. Lanc\u00e9 il y a presque 2 ans, le projet avait comme ambition de modifier une fiat multipla pour en faire une voiture de 1000 chevaux.<\/p>\t\t\t\t\t\t\t\t<\/div>\n\t\t\t\t<\/div>\n\t\t\t\t<div class=\"elementor-element elementor-element-15b8a18 elementor-widget elementor-widget-image\" data-id=\"15b8a18\" data-element_type=\"widget\" data-widget_type=\"image.default\">\n\t\t\t\t<div class=\"elementor-widget-container\">\n\t\t\t\t\t\t\t\t\t\t\t\t\t\t\t<img loading=\"lazy\" decoding=\"async\" width=\"615\" height=\"410\" src=\"https:\/\/www.wedrivit.com\/blog\/wp-content\/uploads\/2022\/10\/vilebrequin-1000tipla-18-615x410-1.jpg\" class=\"attachment-large size-large wp-image-7123\" alt=\"\" \/>\t\t\t\t\t\t\t\t\t\t\t\t\t\t\t<\/div>\n\t\t\t\t<\/div>\n\t\t\t\t<div class=\"elementor-element elementor-element-319aa44 elementor-widget elementor-widget-text-editor\" data-id=\"319aa44\" data-element_type=\"widget\" data-widget_type=\"text-editor.default\">\n\t\t\t\t<div class=\"elementor-widget-container\">\n\t\t\t\t\t\t\t\t\t<p>V\u00e9ritable chouchou du public, l\u2019homme aux deux millions d\u2019abonn\u00e9s \u00e9tait l\u2019attraction de ce mondial de l\u2019auto. Et m\u00eame si le stand \u00e9tait pens\u00e9 pour une cible jeune, le passionn\u00e9 n\u2019a pas pour autant oublier de faire un clin d\u2019\u0153il au pass\u00e9 avec l&rsquo;exposition d\u2019une stratos, d\u2019une delta comp\u00e9tition ou encore d\u2019une 307.<\/p>\t\t\t\t\t\t\t\t<\/div>\n\t\t\t\t<\/div>\n\t\t\t\t<div class=\"elementor-element elementor-element-d76db08 elementor-widget elementor-widget-spacer\" data-id=\"d76db08\" data-element_type=\"widget\" data-widget_type=\"spacer.default\">\n\t\t\t\t<div class=\"elementor-widget-container\">\n\t\t\t\t\t\t\t<div class=\"elementor-spacer\">\n\t\t\t<div class=\"elementor-spacer-inner\"><\/div>\n\t\t<\/div>\n\t\t\t\t\t\t<\/div>\n\t\t\t\t<\/div>\n\t\t\t\t<div class=\"elementor-element elementor-element-3f49809 elementor-widget elementor-widget-heading\" data-id=\"3f49809\" data-element_type=\"widget\" data-widget_type=\"heading.default\">\n\t\t\t\t<div class=\"elementor-widget-container\">\n\t\t\t\t\t<h2 class=\"elementor-heading-title elementor-size-default\">Wedrivit, nous y \u00e9tions\n<\/h2>\t\t\t\t<\/div>\n\t\t\t\t<\/div>\n\t\t\t\t<div class=\"elementor-element elementor-element-430878b elementor-widget elementor-widget-spacer\" data-id=\"430878b\" data-element_type=\"widget\" data-widget_type=\"spacer.default\">\n\t\t\t\t<div class=\"elementor-widget-container\">\n\t\t\t\t\t\t\t<div class=\"elementor-spacer\">\n\t\t\t<div class=\"elementor-spacer-inner\"><\/div>\n\t\t<\/div>\n\t\t\t\t\t\t<\/div>\n\t\t\t\t<\/div>\n\t\t\t\t<div class=\"elementor-element elementor-element-7d6a435 elementor-widget elementor-widget-text-editor\" data-id=\"7d6a435\" data-element_type=\"widget\" data-widget_type=\"text-editor.default\">\n\t\t\t\t<div class=\"elementor-widget-container\">\n\t\t\t\t\t\t\t\t\t<p>Pour la premi\u00e8re fois, Wedrivit, a \u00e9t\u00e9 pr\u00e9sent \u00e0 ce grand \u00e9v\u00e8nement de l\u2019automobile. Un stand plein d\u2019espoir qui a su trouver sa place dans un contexte o\u00f9 le r\u00e9tro est au c\u0153ur de la tendance. Nous, qui proposons un service de voiture de location de collections, \u00e9tions l\u00e0 pour mettre en avant notre entreprise et pour que nos utilisateurs se sentent au plus proches de notre \u00e9quipe. Ravis de cette exp\u00e9rience, nous r\u00e9it\u00e9rons notre pr\u00e9sence l\u2019ann\u00e9e prochaine et seront, dans la continuit\u00e9 de l&rsquo;\u00e9v\u00e9nement, \u00e0 Epoqu&rsquo;auto qui a lieu dans une quinzaine de jours \u00e0 Lyon.<\/p>\t\t\t\t\t\t\t\t<\/div>\n\t\t\t\t<\/div>\n\t\t\t\t\t<\/div>\n\t\t<\/div>\n\t\t\t\t\t<\/div>\n\t\t<\/section>\n\t\t\t\t<section class=\"elementor-section elementor-top-section elementor-element elementor-element-0749101 elementor-section-boxed elementor-section-height-default elementor-section-height-default\" data-id=\"0749101\" data-element_type=\"section\">\n\t\t\t\t\t\t<div class=\"elementor-container elementor-column-gap-default\">\n\t\t\t\t\t<div class=\"elementor-column elementor-col-100 elementor-top-column elementor-element elementor-element-9d9c96f\" data-id=\"9d9c96f\" data-element_type=\"column\">\n\t\t\t<div class=\"elementor-widget-wrap elementor-element-populated\">\n\t\t\t\t\t\t<div class=\"elementor-element elementor-element-695de3e elementor-widget elementor-widget-text-editor\" data-id=\"695de3e\" data-element_type=\"widget\" data-widget_type=\"text-editor.default\">\n\t\t\t\t<div class=\"elementor-widget-container\">\n\t\t\t\t\t\t\t\t\t<p><span style=\"color: #000000; font-family: var( --e-global-typography-text-font-family ), Sans-serif; font-weight: var( --e-global-typography-text-font-weight );\">R<\/span><span style=\"color: #000000; font-family: var( --e-global-typography-text-font-family ), Sans-serif; font-weight: var( --e-global-typography-text-font-weight );\">etrouvez nos autres articles de blog <\/span><span style=\"color: #000000; font-family: var( --e-global-typography-text-font-family ), Sans-serif; font-weight: var( --e-global-typography-text-font-weight );\">\u00a0<\/span><span style=\"color: #000000; font-family: var( --e-global-typography-text-font-family ), Sans-serif; font-weight: var( --e-global-typography-text-font-weight );\">:<\/span><\/p><ul><li><a class=\"row-title\" href=\"https:\/\/www.wedrivit.com\/blog\/voiture\/collection\/sur-les-routes-de-provence-en-voiture-de-collection\/\" aria-label=\"\u00ab\u00a0Road trip en voiture de collection du Nord \u00e0 la C\u00f4te Ouest\u00a0\u00bb (Modifier)\">Road trip en voiture de collection du Nord \u00e0 la C\u00f4te Ouest<\/a><\/li><li><a class=\"row-title\" href=\"https:\/\/www.wedrivit.com\/blog\/voiture\/collection\/sur-les-routes-de-provence-en-voiture-de-collection\/\" aria-label=\"\u00ab\u00a0Sur les routes de Provence en voiture de collection\u00a0\u00bb (Modifier)\">Sur les routes de Provence en voiture de collection<\/a><\/li><\/ul>\t\t\t\t\t\t\t\t<\/div>\n\t\t\t\t<\/div>\n\t\t\t\t\t<\/div>\n\t\t<\/div>\n\t\t\t\t\t<\/div>\n\t\t<\/section>\n\t\t\t\t<\/div>\n\t\t","protected":false},"excerpt":{"rendered":"<p>Paris, octobre 2022, sous l\u2019affluence de 400 000 personnes se tient le Mondial de l\u2019Auto. Un nombre faible compar\u00e9 aux&hellip;<\/p>\n","protected":false},"author":22,"featured_media":7124,"comment_status":"open","ping_status":"open","sticky":false,"template":"","format":"standard","meta":{"footnotes":""},"categories":[17],"tags":[],"class_list":["post-7114","post","type-post","status-publish","format-standard","has-post-thumbnail","hentry","category-culture-automobile"],"yoast_head":"<!-- This site is optimized with the Yoast SEO plugin v26.9 - https:\/\/yoast.com\/product\/yoast-seo-wordpress\/ -->\n<title>Wedrivit au mondial de l\u2019automobile 2022 - Le blog des voitures de collection par Wedrivit<\/title>\n<meta name=\"description\" content=\"Paris, octobre 2022, sous l\u2019affluence de 400 000 personnes se tient le Mondial de l\u2019Automobile. Une date cl\u00e8s pour le millieux des quatres roues.\" \/>\n<meta name=\"robots\" content=\"index, follow, max-snippet:-1, max-image-preview:large, max-video-preview:-1\" \/>\n<link rel=\"canonical\" href=\"https:\/\/www.wedrivit.com\/blog\/voiture\/collection\/mondial-de-lautomobile-2022\" \/>\n<meta property=\"og:locale\" content=\"fr_FR\" \/>\n<meta property=\"og:type\" content=\"article\" \/>\n<meta property=\"og:title\" content=\"Wedrivit au mondial de l\u2019automobile 2022 - Le blog des voitures de collection par Wedrivit\" \/>\n<meta property=\"og:description\" content=\"Paris, octobre 2022, sous l\u2019affluence de 400 000 personnes se tient le Mondial de l\u2019Automobile. Une date cl\u00e8s pour le millieux des quatres roues.\" \/>\n<meta property=\"og:url\" content=\"https:\/\/www.wedrivit.com\/blog\/voiture\/collection\/mondial-de-lautomobile-2022\" \/>\n<meta property=\"og:site_name\" content=\"Le blog des voitures de collection par Wedrivit\" \/>\n<meta property=\"article:published_time\" content=\"2022-10-27T15:30:21+00:00\" \/>\n<meta property=\"article:modified_time\" content=\"2022-12-13T09:00:42+00:00\" \/>\n<meta property=\"og:image\" content=\"https:\/\/www.wedrivit.com\/blog\/wp-content\/uploads\/2022\/10\/home-mondial-2022-1.jpg\" \/>\n\t<meta property=\"og:image:width\" content=\"1178\" \/>\n\t<meta property=\"og:image:height\" content=\"644\" \/>\n\t<meta property=\"og:image:type\" content=\"image\/jpeg\" \/>\n<meta name=\"author\" content=\"Guillaume Ogier\" \/>\n<meta name=\"twitter:card\" content=\"summary_large_image\" \/>\n<meta name=\"twitter:label1\" content=\"\u00c9crit par\" \/>\n\t<meta name=\"twitter:data1\" content=\"Guillaume Ogier\" \/>\n\t<meta name=\"twitter:label2\" content=\"Dur\u00e9e de lecture estim\u00e9e\" \/>\n\t<meta name=\"twitter:data2\" content=\"3 minutes\" \/>\n<script type=\"application\/ld+json\" class=\"yoast-schema-graph\">{\"@context\":\"https:\/\/schema.org\",\"@graph\":[{\"@type\":\"Article\",\"@id\":\"https:\/\/www.wedrivit.com\/blog\/voiture\/collection\/mondial-de-lautomobile-2022#article\",\"isPartOf\":{\"@id\":\"https:\/\/www.wedrivit.com\/blog\/voiture\/collection\/mondial-de-lautomobile-2022\"},\"author\":{\"name\":\"Guillaume Ogier\",\"@id\":\"https:\/\/www.wedrivit.com\/blog\/#\/schema\/person\/d27de6551b194f72a8c634d91d17c4a8\"},\"headline\":\"Wedrivit au mondial de l\u2019automobile 2022\",\"datePublished\":\"2022-10-27T15:30:21+00:00\",\"dateModified\":\"2022-12-13T09:00:42+00:00\",\"mainEntityOfPage\":{\"@id\":\"https:\/\/www.wedrivit.com\/blog\/voiture\/collection\/mondial-de-lautomobile-2022\"},\"wordCount\":617,\"commentCount\":0,\"publisher\":{\"@id\":\"https:\/\/www.wedrivit.com\/blog\/#organization\"},\"image\":{\"@id\":\"https:\/\/www.wedrivit.com\/blog\/voiture\/collection\/mondial-de-lautomobile-2022#primaryimage\"},\"thumbnailUrl\":\"https:\/\/www.wedrivit.com\/blog\/wp-content\/uploads\/2022\/10\/home-mondial-2022-1.jpg\",\"articleSection\":[\"Culture Automobile\"],\"inLanguage\":\"fr-FR\",\"potentialAction\":[{\"@type\":\"CommentAction\",\"name\":\"Comment\",\"target\":[\"https:\/\/www.wedrivit.com\/blog\/voiture\/collection\/mondial-de-lautomobile-2022#respond\"]}]},{\"@type\":\"WebPage\",\"@id\":\"https:\/\/www.wedrivit.com\/blog\/voiture\/collection\/mondial-de-lautomobile-2022\",\"url\":\"https:\/\/www.wedrivit.com\/blog\/voiture\/collection\/mondial-de-lautomobile-2022\",\"name\":\"Wedrivit au mondial de l\u2019automobile 2022 - Le blog des voitures de collection par Wedrivit\",\"isPartOf\":{\"@id\":\"https:\/\/www.wedrivit.com\/blog\/#website\"},\"primaryImageOfPage\":{\"@id\":\"https:\/\/www.wedrivit.com\/blog\/voiture\/collection\/mondial-de-lautomobile-2022#primaryimage\"},\"image\":{\"@id\":\"https:\/\/www.wedrivit.com\/blog\/voiture\/collection\/mondial-de-lautomobile-2022#primaryimage\"},\"thumbnailUrl\":\"https:\/\/www.wedrivit.com\/blog\/wp-content\/uploads\/2022\/10\/home-mondial-2022-1.jpg\",\"datePublished\":\"2022-10-27T15:30:21+00:00\",\"dateModified\":\"2022-12-13T09:00:42+00:00\",\"description\":\"Paris, octobre 2022, sous l\u2019affluence de 400 000 personnes se tient le Mondial de l\u2019Automobile. Une date cl\u00e8s pour le millieux des quatres roues.\",\"breadcrumb\":{\"@id\":\"https:\/\/www.wedrivit.com\/blog\/voiture\/collection\/mondial-de-lautomobile-2022#breadcrumb\"},\"inLanguage\":\"fr-FR\",\"potentialAction\":[{\"@type\":\"ReadAction\",\"target\":[\"https:\/\/www.wedrivit.com\/blog\/voiture\/collection\/mondial-de-lautomobile-2022\"]}]},{\"@type\":\"ImageObject\",\"inLanguage\":\"fr-FR\",\"@id\":\"https:\/\/www.wedrivit.com\/blog\/voiture\/collection\/mondial-de-lautomobile-2022#primaryimage\",\"url\":\"https:\/\/www.wedrivit.com\/blog\/wp-content\/uploads\/2022\/10\/home-mondial-2022-1.jpg\",\"contentUrl\":\"https:\/\/www.wedrivit.com\/blog\/wp-content\/uploads\/2022\/10\/home-mondial-2022-1.jpg\",\"width\":1178,\"height\":644},{\"@type\":\"BreadcrumbList\",\"@id\":\"https:\/\/www.wedrivit.com\/blog\/voiture\/collection\/mondial-de-lautomobile-2022#breadcrumb\",\"itemListElement\":[{\"@type\":\"ListItem\",\"position\":1,\"name\":\"Home\",\"item\":\"https:\/\/www.wedrivit.com\/blog\/\"},{\"@type\":\"ListItem\",\"position\":2,\"name\":\"Wedrivit au mondial de l\u2019automobile 2022\"}]},{\"@type\":\"WebSite\",\"@id\":\"https:\/\/www.wedrivit.com\/blog\/#website\",\"url\":\"https:\/\/www.wedrivit.com\/blog\/\",\"name\":\"Le blog des voitures de collection par Wedrivit\",\"description\":\"Tout savoir sur les voitures anciennes grace \u00e0 Wedrivit, la plateforme de location de voitures anciennes entre particuliers.\",\"publisher\":{\"@id\":\"https:\/\/www.wedrivit.com\/blog\/#organization\"},\"potentialAction\":[{\"@type\":\"SearchAction\",\"target\":{\"@type\":\"EntryPoint\",\"urlTemplate\":\"https:\/\/www.wedrivit.com\/blog\/?s={search_term_string}\"},\"query-input\":{\"@type\":\"PropertyValueSpecification\",\"valueRequired\":true,\"valueName\":\"search_term_string\"}}],\"inLanguage\":\"fr-FR\"},{\"@type\":\"Organization\",\"@id\":\"https:\/\/www.wedrivit.com\/blog\/#organization\",\"name\":\"Le blog des voitures de collection par Wedrivit\",\"url\":\"https:\/\/www.wedrivit.com\/blog\/\",\"logo\":{\"@type\":\"ImageObject\",\"inLanguage\":\"fr-FR\",\"@id\":\"https:\/\/www.wedrivit.com\/blog\/#\/schema\/logo\/image\/\",\"url\":\"https:\/\/www.wedrivit.com\/blog\/wp-content\/uploads\/2024\/12\/wedrivit-blanc-large-2.png\",\"contentUrl\":\"https:\/\/www.wedrivit.com\/blog\/wp-content\/uploads\/2024\/12\/wedrivit-blanc-large-2.png\",\"caption\":\"Le blog des voitures de collection par Wedrivit\"},\"image\":{\"@id\":\"https:\/\/www.wedrivit.com\/blog\/#\/schema\/logo\/image\/\"}},{\"@type\":\"Person\",\"@id\":\"https:\/\/www.wedrivit.com\/blog\/#\/schema\/person\/d27de6551b194f72a8c634d91d17c4a8\",\"name\":\"Guillaume Ogier\",\"image\":{\"@type\":\"ImageObject\",\"inLanguage\":\"fr-FR\",\"@id\":\"https:\/\/www.wedrivit.com\/blog\/#\/schema\/person\/image\/\",\"url\":\"https:\/\/secure.gravatar.com\/avatar\/f3fc96ea593e4f3703329c34ddca21b7974549f88d65520caa48388d25027dee?s=96&d=mm&r=g\",\"contentUrl\":\"https:\/\/secure.gravatar.com\/avatar\/f3fc96ea593e4f3703329c34ddca21b7974549f88d65520caa48388d25027dee?s=96&d=mm&r=g\",\"caption\":\"Guillaume Ogier\"},\"url\":\"https:\/\/www.wedrivit.com\/blog\/voiture\/collection\/author\/guillaume-ogier\"}]}<\/script>\n<!-- \/ Yoast SEO plugin. -->","yoast_head_json":{"title":"Wedrivit au mondial de l\u2019automobile 2022 - Le blog des voitures de collection par Wedrivit","description":"Paris, octobre 2022, sous l\u2019affluence de 400 000 personnes se tient le Mondial de l\u2019Automobile. Une date cl\u00e8s pour le millieux des quatres roues.","robots":{"index":"index","follow":"follow","max-snippet":"max-snippet:-1","max-image-preview":"max-image-preview:large","max-video-preview":"max-video-preview:-1"},"canonical":"https:\/\/www.wedrivit.com\/blog\/voiture\/collection\/mondial-de-lautomobile-2022","og_locale":"fr_FR","og_type":"article","og_title":"Wedrivit au mondial de l\u2019automobile 2022 - Le blog des voitures de collection par Wedrivit","og_description":"Paris, octobre 2022, sous l\u2019affluence de 400 000 personnes se tient le Mondial de l\u2019Automobile. Une date cl\u00e8s pour le millieux des quatres roues.","og_url":"https:\/\/www.wedrivit.com\/blog\/voiture\/collection\/mondial-de-lautomobile-2022","og_site_name":"Le blog des voitures de collection par Wedrivit","article_published_time":"2022-10-27T15:30:21+00:00","article_modified_time":"2022-12-13T09:00:42+00:00","og_image":[{"width":1178,"height":644,"url":"https:\/\/www.wedrivit.com\/blog\/wp-content\/uploads\/2022\/10\/home-mondial-2022-1.jpg","type":"image\/jpeg"}],"author":"Guillaume Ogier","twitter_card":"summary_large_image","twitter_misc":{"\u00c9crit par":"Guillaume Ogier","Dur\u00e9e de lecture estim\u00e9e":"3 minutes"},"schema":{"@context":"https:\/\/schema.org","@graph":[{"@type":"Article","@id":"https:\/\/www.wedrivit.com\/blog\/voiture\/collection\/mondial-de-lautomobile-2022#article","isPartOf":{"@id":"https:\/\/www.wedrivit.com\/blog\/voiture\/collection\/mondial-de-lautomobile-2022"},"author":{"name":"Guillaume Ogier","@id":"https:\/\/www.wedrivit.com\/blog\/#\/schema\/person\/d27de6551b194f72a8c634d91d17c4a8"},"headline":"Wedrivit au mondial de l\u2019automobile 2022","datePublished":"2022-10-27T15:30:21+00:00","dateModified":"2022-12-13T09:00:42+00:00","mainEntityOfPage":{"@id":"https:\/\/www.wedrivit.com\/blog\/voiture\/collection\/mondial-de-lautomobile-2022"},"wordCount":617,"commentCount":0,"publisher":{"@id":"https:\/\/www.wedrivit.com\/blog\/#organization"},"image":{"@id":"https:\/\/www.wedrivit.com\/blog\/voiture\/collection\/mondial-de-lautomobile-2022#primaryimage"},"thumbnailUrl":"https:\/\/www.wedrivit.com\/blog\/wp-content\/uploads\/2022\/10\/home-mondial-2022-1.jpg","articleSection":["Culture Automobile"],"inLanguage":"fr-FR","potentialAction":[{"@type":"CommentAction","name":"Comment","target":["https:\/\/www.wedrivit.com\/blog\/voiture\/collection\/mondial-de-lautomobile-2022#respond"]}]},{"@type":"WebPage","@id":"https:\/\/www.wedrivit.com\/blog\/voiture\/collection\/mondial-de-lautomobile-2022","url":"https:\/\/www.wedrivit.com\/blog\/voiture\/collection\/mondial-de-lautomobile-2022","name":"Wedrivit au mondial de l\u2019automobile 2022 - Le blog des voitures de collection par Wedrivit","isPartOf":{"@id":"https:\/\/www.wedrivit.com\/blog\/#website"},"primaryImageOfPage":{"@id":"https:\/\/www.wedrivit.com\/blog\/voiture\/collection\/mondial-de-lautomobile-2022#primaryimage"},"image":{"@id":"https:\/\/www.wedrivit.com\/blog\/voiture\/collection\/mondial-de-lautomobile-2022#primaryimage"},"thumbnailUrl":"https:\/\/www.wedrivit.com\/blog\/wp-content\/uploads\/2022\/10\/home-mondial-2022-1.jpg","datePublished":"2022-10-27T15:30:21+00:00","dateModified":"2022-12-13T09:00:42+00:00","description":"Paris, octobre 2022, sous l\u2019affluence de 400 000 personnes se tient le Mondial de l\u2019Automobile. Une date cl\u00e8s pour le millieux des quatres roues.","breadcrumb":{"@id":"https:\/\/www.wedrivit.com\/blog\/voiture\/collection\/mondial-de-lautomobile-2022#breadcrumb"},"inLanguage":"fr-FR","potentialAction":[{"@type":"ReadAction","target":["https:\/\/www.wedrivit.com\/blog\/voiture\/collection\/mondial-de-lautomobile-2022"]}]},{"@type":"ImageObject","inLanguage":"fr-FR","@id":"https:\/\/www.wedrivit.com\/blog\/voiture\/collection\/mondial-de-lautomobile-2022#primaryimage","url":"https:\/\/www.wedrivit.com\/blog\/wp-content\/uploads\/2022\/10\/home-mondial-2022-1.jpg","contentUrl":"https:\/\/www.wedrivit.com\/blog\/wp-content\/uploads\/2022\/10\/home-mondial-2022-1.jpg","width":1178,"height":644},{"@type":"BreadcrumbList","@id":"https:\/\/www.wedrivit.com\/blog\/voiture\/collection\/mondial-de-lautomobile-2022#breadcrumb","itemListElement":[{"@type":"ListItem","position":1,"name":"Home","item":"https:\/\/www.wedrivit.com\/blog\/"},{"@type":"ListItem","position":2,"name":"Wedrivit au mondial de l\u2019automobile 2022"}]},{"@type":"WebSite","@id":"https:\/\/www.wedrivit.com\/blog\/#website","url":"https:\/\/www.wedrivit.com\/blog\/","name":"Le blog des voitures de collection par Wedrivit","description":"Tout savoir sur les voitures anciennes grace \u00e0 Wedrivit, la plateforme de location de voitures anciennes entre particuliers.","publisher":{"@id":"https:\/\/www.wedrivit.com\/blog\/#organization"},"potentialAction":[{"@type":"SearchAction","target":{"@type":"EntryPoint","urlTemplate":"https:\/\/www.wedrivit.com\/blog\/?s={search_term_string}"},"query-input":{"@type":"PropertyValueSpecification","valueRequired":true,"valueName":"search_term_string"}}],"inLanguage":"fr-FR"},{"@type":"Organization","@id":"https:\/\/www.wedrivit.com\/blog\/#organization","name":"Le blog des voitures de collection par Wedrivit","url":"https:\/\/www.wedrivit.com\/blog\/","logo":{"@type":"ImageObject","inLanguage":"fr-FR","@id":"https:\/\/www.wedrivit.com\/blog\/#\/schema\/logo\/image\/","url":"https:\/\/www.wedrivit.com\/blog\/wp-content\/uploads\/2024\/12\/wedrivit-blanc-large-2.png","contentUrl":"https:\/\/www.wedrivit.com\/blog\/wp-content\/uploads\/2024\/12\/wedrivit-blanc-large-2.png","caption":"Le blog des voitures de collection par Wedrivit"},"image":{"@id":"https:\/\/www.wedrivit.com\/blog\/#\/schema\/logo\/image\/"}},{"@type":"Person","@id":"https:\/\/www.wedrivit.com\/blog\/#\/schema\/person\/d27de6551b194f72a8c634d91d17c4a8","name":"Guillaume Ogier","image":{"@type":"ImageObject","inLanguage":"fr-FR","@id":"https:\/\/www.wedrivit.com\/blog\/#\/schema\/person\/image\/","url":"https:\/\/secure.gravatar.com\/avatar\/f3fc96ea593e4f3703329c34ddca21b7974549f88d65520caa48388d25027dee?s=96&d=mm&r=g","contentUrl":"https:\/\/secure.gravatar.com\/avatar\/f3fc96ea593e4f3703329c34ddca21b7974549f88d65520caa48388d25027dee?s=96&d=mm&r=g","caption":"Guillaume Ogier"},"url":"https:\/\/www.wedrivit.com\/blog\/voiture\/collection\/author\/guillaume-ogier"}]}},"_links":{"self":[{"href":"https:\/\/www.wedrivit.com\/blog\/wp-json\/wp\/v2\/posts\/7114","targetHints":{"allow":["GET"]}}],"collection":[{"href":"https:\/\/www.wedrivit.com\/blog\/wp-json\/wp\/v2\/posts"}],"about":[{"href":"https:\/\/www.wedrivit.com\/blog\/wp-json\/wp\/v2\/types\/post"}],"author":[{"embeddable":true,"href":"https:\/\/www.wedrivit.com\/blog\/wp-json\/wp\/v2\/users\/22"}],"replies":[{"embeddable":true,"href":"https:\/\/www.wedrivit.com\/blog\/wp-json\/wp\/v2\/comments?post=7114"}],"version-history":[{"count":18,"href":"https:\/\/www.wedrivit.com\/blog\/wp-json\/wp\/v2\/posts\/7114\/revisions"}],"predecessor-version":[{"id":7450,"href":"https:\/\/www.wedrivit.com\/blog\/wp-json\/wp\/v2\/posts\/7114\/revisions\/7450"}],"wp:featuredmedia":[{"embeddable":true,"href":"https:\/\/www.wedrivit.com\/blog\/wp-json\/wp\/v2\/media\/7124"}],"wp:attachment":[{"href":"https:\/\/www.wedrivit.com\/blog\/wp-json\/wp\/v2\/media?parent=7114"}],"wp:term":[{"taxonomy":"category","embeddable":true,"href":"https:\/\/www.wedrivit.com\/blog\/wp-json\/wp\/v2\/categories?post=7114"},{"taxonomy":"post_tag","embeddable":true,"href":"https:\/\/www.wedrivit.com\/blog\/wp-json\/wp\/v2\/tags?post=7114"}],"curies":[{"name":"wp","href":"https:\/\/api.w.org\/{rel}","templated":true}]}}