{"id":7001,"date":"2022-10-13T16:12:32","date_gmt":"2022-10-13T14:12:32","guid":{"rendered":"https:\/\/www.wedrivit.com\/blog\/?p=7001"},"modified":"2022-10-13T16:14:37","modified_gmt":"2022-10-13T14:14:37","slug":"les-mariages-de-stars-et-leur-arrivee-en-voiture-de-collection","status":"publish","type":"post","link":"https:\/\/www.wedrivit.com\/blog\/voiture\/collection\/les-mariages-de-stars-et-leur-arrivee-en-voiture-de-collection","title":{"rendered":"Les mariages de stars et leur arriv\u00e9e en voiture de collection"},"content":{"rendered":"\t\t<div data-elementor-type=\"wp-post\" data-elementor-id=\"7001\" class=\"elementor elementor-7001\">\n\t\t\t\t\t\t<section class=\"elementor-section elementor-top-section elementor-element elementor-element-0d57785 elementor-section-boxed elementor-section-height-default elementor-section-height-default\" data-id=\"0d57785\" data-element_type=\"section\">\n\t\t\t\t\t\t<div class=\"elementor-container elementor-column-gap-default\">\n\t\t\t\t\t<div class=\"elementor-column elementor-col-100 elementor-top-column elementor-element elementor-element-fe0da4e\" data-id=\"fe0da4e\" data-element_type=\"column\">\n\t\t\t<div class=\"elementor-widget-wrap elementor-element-populated\">\n\t\t\t\t\t\t<div class=\"elementor-element elementor-element-1bb605d elementor-widget elementor-widget-text-editor\" data-id=\"1bb605d\" data-element_type=\"widget\" data-widget_type=\"text-editor.default\">\n\t\t\t\t<div class=\"elementor-widget-container\">\n\t\t\t\t\t\t\t\t\t<p><span style=\"font-weight: 400;\">Les voitures de collection fascinent de nombreuses personnes depuis longtemps. De multiples<\/span><span style=\"font-weight: 400;\"> stars sont devenues collectionneuses d\u2019automobiles anciennes. Celles-ci sont alors utilis\u00e9es pour leur quotidien ou encore lors de grandes occasions comme leur mariage.\u00a0<\/span><\/p><p><span style=\"font-weight: 400;\">Les voitures anciennes ont un c\u00f4t\u00e9 prestigieux de par leur couleur, leur design, leur m\u00e9canique, la beaut\u00e9 de leur ligne\u2026 Voici les mariages de stars dans leurs voitures de collection.<\/span><\/p>\t\t\t\t\t\t\t\t<\/div>\n\t\t\t\t<\/div>\n\t\t\t\t\t<\/div>\n\t\t<\/div>\n\t\t\t\t\t<\/div>\n\t\t<\/section>\n\t\t\t\t<section class=\"elementor-section elementor-top-section elementor-element elementor-element-7a29433 elementor-section-boxed elementor-section-height-default elementor-section-height-default\" data-id=\"7a29433\" data-element_type=\"section\">\n\t\t\t\t\t\t<div class=\"elementor-container elementor-column-gap-default\">\n\t\t\t\t\t<div class=\"elementor-column elementor-col-100 elementor-top-column elementor-element elementor-element-a05fa18\" data-id=\"a05fa18\" data-element_type=\"column\">\n\t\t\t<div class=\"elementor-widget-wrap elementor-element-populated\">\n\t\t\t\t\t\t<div class=\"elementor-element elementor-element-59b3d70 elementor-widget elementor-widget-heading\" data-id=\"59b3d70\" data-element_type=\"widget\" data-widget_type=\"heading.default\">\n\t\t\t\t<div class=\"elementor-widget-container\">\n\t\t\t\t\t<h2 class=\"elementor-heading-title elementor-size-default\">Le 29 juin 1956, le mariage de  Marilyn Monroe et Arthur Miller <\/h2>\t\t\t\t<\/div>\n\t\t\t\t<\/div>\n\t\t\t\t\t<\/div>\n\t\t<\/div>\n\t\t\t\t\t<\/div>\n\t\t<\/section>\n\t\t\t\t<section class=\"elementor-section elementor-top-section elementor-element elementor-element-bde7a68 elementor-section-boxed elementor-section-height-default elementor-section-height-default\" data-id=\"bde7a68\" data-element_type=\"section\">\n\t\t\t\t\t\t<div class=\"elementor-container elementor-column-gap-default\">\n\t\t\t\t\t<div class=\"elementor-column elementor-col-50 elementor-top-column elementor-element elementor-element-371ae1a\" data-id=\"371ae1a\" data-element_type=\"column\">\n\t\t\t<div class=\"elementor-widget-wrap elementor-element-populated\">\n\t\t\t\t\t\t<div class=\"elementor-element elementor-element-ae0091f elementor-widget elementor-widget-text-editor\" data-id=\"ae0091f\" data-element_type=\"widget\" data-widget_type=\"text-editor.default\">\n\t\t\t\t<div class=\"elementor-widget-container\">\n\t\t\t\t\t\t\t\t\t<p dir=\"ltr\" style=\"line-height: 1.38; text-align: justify; margin-top: 0pt; margin-bottom: 0pt;\"><span style=\"font-size: 12pt; font-family: Roboto,sans-serif; color: #000000; background-color: #ffffff; font-weight: 400; font-style: normal; font-variant: normal; text-decoration: none; vertical-align: baseline; white-space: pre-wrap;\">Marilyn Monroe<\/span><span style=\"font-size: 12pt; font-family: Roboto,sans-serif; color: #000000; background-color: #ffffff; font-weight: 400; font-style: normal; font-variant: normal; text-decoration: none; vertical-align: baseline; white-space: pre-wrap;\"> aimait s\u2019enivrer de vitesse en roulant. C\u2019est pour cela qu\u2019en 1955, elle ach\u00e8te une Ford Thunderbird noire.\u00a0<\/span><\/p><p dir=\"ltr\" style=\"line-height: 1.38; text-align: justify; margin-top: 0pt; margin-bottom: 0pt;\"><span style=\"font-size: 12pt; font-family: Roboto,sans-serif; color: #000000; background-color: #ffffff; font-weight: 400; font-style: normal; font-variant: normal; text-decoration: none; vertical-align: baseline; white-space: pre-wrap;\">Un peu plus d\u2019un an plus tard, le 29 juin 1956, son v\u00e9hicule est l\u2019attraction de son mariage avec le dramaturge am\u00e9ricain <\/span><span style=\"font-size: 12pt; font-family: Roboto,sans-serif; color: #000000; background-color: #ffffff; font-weight: 400; font-style: normal; font-variant: normal; text-decoration: none; vertical-align: baseline; white-space: pre-wrap;\">Arthur Miller<\/span><span style=\"font-size: 12pt; font-family: Roboto,sans-serif; color: #000000; background-color: #ffffff; font-weight: 400; font-style: normal; font-variant: normal; text-decoration: none; vertical-align: baseline; white-space: pre-wrap;\">.\u00a0<\/span><\/p>\t\t\t\t\t\t\t\t<\/div>\n\t\t\t\t<\/div>\n\t\t\t\t\t<\/div>\n\t\t<\/div>\n\t\t\t\t<div class=\"elementor-column elementor-col-50 elementor-top-column elementor-element elementor-element-67d5c7d\" data-id=\"67d5c7d\" data-element_type=\"column\">\n\t\t\t<div class=\"elementor-widget-wrap elementor-element-populated\">\n\t\t\t\t\t\t<div class=\"elementor-element elementor-element-43c5831 elementor-widget elementor-widget-image\" data-id=\"43c5831\" data-element_type=\"widget\" data-widget_type=\"image.default\">\n\t\t\t\t<div class=\"elementor-widget-container\">\n\t\t\t\t\t\t\t\t\t\t\t\t\t\t\t<img fetchpriority=\"high\" decoding=\"async\" width=\"1000\" height=\"625\" src=\"https:\/\/www.wedrivit.com\/blog\/wp-content\/uploads\/2022\/10\/1.jpg\" class=\"attachment-large size-large wp-image-7002\" alt=\"le mariage de Marilyn Monroe et Arthur Miller\" \/>\t\t\t\t\t\t\t\t\t\t\t\t\t\t\t<\/div>\n\t\t\t\t<\/div>\n\t\t\t\t\t<\/div>\n\t\t<\/div>\n\t\t\t\t\t<\/div>\n\t\t<\/section>\n\t\t\t\t<section class=\"elementor-section elementor-top-section elementor-element elementor-element-19c8da6 elementor-section-boxed elementor-section-height-default elementor-section-height-default\" data-id=\"19c8da6\" data-element_type=\"section\">\n\t\t\t\t\t\t<div class=\"elementor-container elementor-column-gap-default\">\n\t\t\t\t\t<div class=\"elementor-column elementor-col-100 elementor-top-column elementor-element elementor-element-289314b\" data-id=\"289314b\" data-element_type=\"column\">\n\t\t\t<div class=\"elementor-widget-wrap elementor-element-populated\">\n\t\t\t\t\t\t<div class=\"elementor-element elementor-element-2d873e3 elementor-widget elementor-widget-heading\" data-id=\"2d873e3\" data-element_type=\"widget\" data-widget_type=\"heading.default\">\n\t\t\t\t<div class=\"elementor-widget-container\">\n\t\t\t\t\t<h2 class=\"elementor-heading-title elementor-size-default\">Le 12 avril 1965, les mariages des stars : Johnny Hallyday et Sylvie Vartan \n<\/h2>\t\t\t\t<\/div>\n\t\t\t\t<\/div>\n\t\t\t\t\t<\/div>\n\t\t<\/div>\n\t\t\t\t\t<\/div>\n\t\t<\/section>\n\t\t\t\t<section class=\"elementor-section elementor-top-section elementor-element elementor-element-ff59b9f elementor-section-boxed elementor-section-height-default elementor-section-height-default\" data-id=\"ff59b9f\" data-element_type=\"section\">\n\t\t\t\t\t\t<div class=\"elementor-container elementor-column-gap-default\">\n\t\t\t\t\t<div class=\"elementor-column elementor-col-100 elementor-top-column elementor-element elementor-element-69e0477\" data-id=\"69e0477\" data-element_type=\"column\">\n\t\t\t<div class=\"elementor-widget-wrap elementor-element-populated\">\n\t\t\t\t\t\t<div class=\"elementor-element elementor-element-8038742 elementor-widget elementor-widget-text-editor\" data-id=\"8038742\" data-element_type=\"widget\" data-widget_type=\"text-editor.default\">\n\t\t\t\t<div class=\"elementor-widget-container\">\n\t\t\t\t\t\t\t\t\t<p><span style=\"font-weight: 400;\">En 1965, Johnny se fait plaisir en achetant une nouvelle Buick, sa marque am\u00e9ricaine pr\u00e9f\u00e9r\u00e9e ! Ainsi, voici la <a href=\"https:\/\/www.wedrivit.com\/voiture\/piriac-sur-mer\/buick\/323\"><strong>Buick Riviera 225<\/strong><\/a> qui devient son nouveau joujou. Avec sa couleur tr\u00e8s \u00e9l\u00e9gante, un moteur V8 et 325 chevaux, cette voiture est un must de l\u2019\u00e9poque. Cette voiture de collection a \u00e9t\u00e9 pr\u00e9sent\u00e9e pour l\u2019un des plus beaux jours du taulier. En effet, c\u2019est dans cette automobile que Johnny Hallyday emmena Sylvie Vartan \u00e0 l\u2019\u00e9glise de Loconville dans l\u2019Oise pour c\u00e9l\u00e9brer leur mariage. Un heureux \u00e9v\u00e8nement qui se transforme en barnum d\u00e9sastreux \u00e0 cause d\u2019une indiscr\u00e9tion \u00e0 la presse et aux paparazzis. Mais, ce n\u2019est pas ce qu\u2019ils avaient voulu. Au contraire, ils avaient tenu \u00e0 garder cet \u00e9v\u00e8nement secret pour le vivre dans la pl\u00e9nitude.\u00a0<\/span><\/p>\t\t\t\t\t\t\t\t<\/div>\n\t\t\t\t<\/div>\n\t\t\t\t\t<\/div>\n\t\t<\/div>\n\t\t\t\t\t<\/div>\n\t\t<\/section>\n\t\t\t\t<section class=\"elementor-section elementor-top-section elementor-element elementor-element-8b9dc4c elementor-section-boxed elementor-section-height-default elementor-section-height-default\" data-id=\"8b9dc4c\" data-element_type=\"section\">\n\t\t\t\t\t\t<div class=\"elementor-container elementor-column-gap-default\">\n\t\t\t\t\t<div class=\"elementor-column elementor-col-100 elementor-top-column elementor-element elementor-element-c9cdfd8\" data-id=\"c9cdfd8\" data-element_type=\"column\">\n\t\t\t<div class=\"elementor-widget-wrap elementor-element-populated\">\n\t\t\t\t\t\t<div class=\"elementor-element elementor-element-ed75ac6 elementor-widget elementor-widget-image\" data-id=\"ed75ac6\" data-element_type=\"widget\" data-widget_type=\"image.default\">\n\t\t\t\t<div class=\"elementor-widget-container\">\n\t\t\t\t\t\t\t\t\t\t\t\t\t\t\t\t<a href=\"https:\/\/www.wedrivit.com\/voiture\/piriac-sur-mer\/buick\/323\">\n\t\t\t\t\t\t\t<img decoding=\"async\" width=\"752\" height=\"367\" src=\"https:\/\/www.wedrivit.com\/blog\/wp-content\/uploads\/2022\/10\/johnny.png\" class=\"attachment-large size-large wp-image-7003\" alt=\"le mariage de Johnny Hallyday et Sylvie Vartan\" \/>\t\t\t\t\t\t\t\t<\/a>\n\t\t\t\t\t\t\t\t\t\t\t\t\t\t\t<\/div>\n\t\t\t\t<\/div>\n\t\t\t\t\t<\/div>\n\t\t<\/div>\n\t\t\t\t\t<\/div>\n\t\t<\/section>\n\t\t\t\t<section class=\"elementor-section elementor-top-section elementor-element elementor-element-f8894c7 elementor-section-boxed elementor-section-height-default elementor-section-height-default\" data-id=\"f8894c7\" data-element_type=\"section\">\n\t\t\t\t\t\t<div class=\"elementor-container elementor-column-gap-default\">\n\t\t\t\t\t<div class=\"elementor-column elementor-col-100 elementor-top-column elementor-element elementor-element-d1d841b\" data-id=\"d1d841b\" data-element_type=\"column\">\n\t\t\t<div class=\"elementor-widget-wrap elementor-element-populated\">\n\t\t\t\t\t\t<div class=\"elementor-element elementor-element-476016d elementor-widget elementor-widget-heading\" data-id=\"476016d\" data-element_type=\"widget\" data-widget_type=\"heading.default\">\n\t\t\t\t<div class=\"elementor-widget-container\">\n\t\t\t\t\t<h2 class=\"elementor-heading-title elementor-size-default\">Le 29 avril 2011, le mariage du Prince William et Catherine Middleton\n<\/h2>\t\t\t\t<\/div>\n\t\t\t\t<\/div>\n\t\t\t\t\t<\/div>\n\t\t<\/div>\n\t\t\t\t\t<\/div>\n\t\t<\/section>\n\t\t\t\t<section class=\"elementor-section elementor-top-section elementor-element elementor-element-72c8ebc elementor-section-boxed elementor-section-height-default elementor-section-height-default\" data-id=\"72c8ebc\" data-element_type=\"section\">\n\t\t\t\t\t\t<div class=\"elementor-container elementor-column-gap-default\">\n\t\t\t\t\t<div class=\"elementor-column elementor-col-100 elementor-top-column elementor-element elementor-element-d84235d\" data-id=\"d84235d\" data-element_type=\"column\">\n\t\t\t<div class=\"elementor-widget-wrap elementor-element-populated\">\n\t\t\t\t\t\t<div class=\"elementor-element elementor-element-bcd8302 elementor-widget elementor-widget-text-editor\" data-id=\"bcd8302\" data-element_type=\"widget\" data-widget_type=\"text-editor.default\">\n\t\t\t\t<div class=\"elementor-widget-container\">\n\t\t\t\t\t\t\t\t\t<p><span style=\"font-weight: 400;\">Un mariage qui a \u00e9t\u00e9 d\u00e9mesur\u00e9ment m\u00e9diatis\u00e9 et pour cause il met en avant le petit-fils de la reine Elizabeth II. Le mariage comprenait t\u00eates couronn\u00e9es, people, strass, paillettes et\u2026 une superbe <strong>Aston Martin DB6 Vantage Volante<\/strong> de 1970.<\/span><\/p><p><span style=\"font-weight: 400;\">Pour les 21 ans du Prince Charles, le fils de la Reine. Celle-ci a d\u00e9cid\u00e9 de lui offrir un magnifique cadeau : une Aston Martin DB6 Volante flambant neuve. Nous sommes en 1970 et cette voiture ne va plus quitter la famille royale\u2026\u00a0<\/span><\/p><p><span style=\"font-weight: 400;\">En revanche, le Prince Charles a fait quelques modifications sur le moteur pour qu\u2019il puisse tourner non pas \u00e0 l\u2019essence, mais bien au vin ! Ou plus exactement au bio\u00e9thanol distill\u00e9 par les surplus du vin royal.<\/span><\/p>\t\t\t\t\t\t\t\t<\/div>\n\t\t\t\t<\/div>\n\t\t\t\t\t<\/div>\n\t\t<\/div>\n\t\t\t\t\t<\/div>\n\t\t<\/section>\n\t\t\t\t<section class=\"elementor-section elementor-top-section elementor-element elementor-element-a2f5bd8 elementor-section-boxed elementor-section-height-default elementor-section-height-default\" data-id=\"a2f5bd8\" data-element_type=\"section\">\n\t\t\t\t\t\t<div class=\"elementor-container elementor-column-gap-default\">\n\t\t\t\t\t<div class=\"elementor-column elementor-col-100 elementor-top-column elementor-element elementor-element-e38823f\" data-id=\"e38823f\" data-element_type=\"column\">\n\t\t\t<div class=\"elementor-widget-wrap elementor-element-populated\">\n\t\t\t\t\t\t<div class=\"elementor-element elementor-element-8d5eed9 elementor-widget elementor-widget-image\" data-id=\"8d5eed9\" data-element_type=\"widget\" data-widget_type=\"image.default\">\n\t\t\t\t<div class=\"elementor-widget-container\">\n\t\t\t\t\t\t\t\t\t\t\t\t\t\t\t\t<a href=\"https:\/\/www.wedrivit.com\/voiture\/nice\/aston-martin\/233\">\n\t\t\t\t\t\t\t<img decoding=\"async\" width=\"580\" height=\"362\" src=\"https:\/\/www.wedrivit.com\/blog\/wp-content\/uploads\/2022\/10\/kate-middleton.png\" class=\"attachment-large size-large wp-image-7004\" alt=\"le mariage du Prince William et Catherine Middleton\" \/>\t\t\t\t\t\t\t\t<\/a>\n\t\t\t\t\t\t\t\t\t\t\t\t\t\t\t<\/div>\n\t\t\t\t<\/div>\n\t\t\t\t\t<\/div>\n\t\t<\/div>\n\t\t\t\t\t<\/div>\n\t\t<\/section>\n\t\t\t\t<section class=\"elementor-section elementor-top-section elementor-element elementor-element-1252f0c elementor-section-boxed elementor-section-height-default elementor-section-height-default\" data-id=\"1252f0c\" data-element_type=\"section\">\n\t\t\t\t\t\t<div class=\"elementor-container elementor-column-gap-default\">\n\t\t\t\t\t<div class=\"elementor-column elementor-col-100 elementor-top-column elementor-element elementor-element-7563f73\" data-id=\"7563f73\" data-element_type=\"column\">\n\t\t\t<div class=\"elementor-widget-wrap elementor-element-populated\">\n\t\t\t\t\t\t<div class=\"elementor-element elementor-element-c6b2234 elementor-widget elementor-widget-heading\" data-id=\"c6b2234\" data-element_type=\"widget\" data-widget_type=\"heading.default\">\n\t\t\t\t<div class=\"elementor-widget-container\">\n\t\t\t\t\t<h2 class=\"elementor-heading-title elementor-size-default\">Le 1er juillet 2011, le mariage de Kate Moss et Jamie Hince<\/h2>\t\t\t\t<\/div>\n\t\t\t\t<\/div>\n\t\t\t\t\t<\/div>\n\t\t<\/div>\n\t\t\t\t\t<\/div>\n\t\t<\/section>\n\t\t\t\t<section class=\"elementor-section elementor-top-section elementor-element elementor-element-e32250a elementor-section-boxed elementor-section-height-default elementor-section-height-default\" data-id=\"e32250a\" data-element_type=\"section\">\n\t\t\t\t\t\t<div class=\"elementor-container elementor-column-gap-default\">\n\t\t\t\t\t<div class=\"elementor-column elementor-col-50 elementor-top-column elementor-element elementor-element-ff8f65b\" data-id=\"ff8f65b\" data-element_type=\"column\">\n\t\t\t<div class=\"elementor-widget-wrap elementor-element-populated\">\n\t\t\t\t\t\t<div class=\"elementor-element elementor-element-304936e elementor-widget elementor-widget-image\" data-id=\"304936e\" data-element_type=\"widget\" data-widget_type=\"image.default\">\n\t\t\t\t<div class=\"elementor-widget-container\">\n\t\t\t\t\t\t\t\t\t\t\t\t\t\t\t\t<a href=\"https:\/\/www.wedrivit.com\/voiture\/saint-malo\/rolls-royce\/1140\">\n\t\t\t\t\t\t\t<img loading=\"lazy\" decoding=\"async\" width=\"603\" height=\"383\" src=\"https:\/\/www.wedrivit.com\/blog\/wp-content\/uploads\/2022\/10\/kate-moss.png\" class=\"attachment-large size-large wp-image-7005\" alt=\"Le 1er juillet 2011, le mariage de Kate Moss et Jamie Hince\" \/>\t\t\t\t\t\t\t\t<\/a>\n\t\t\t\t\t\t\t\t\t\t\t\t\t\t\t<\/div>\n\t\t\t\t<\/div>\n\t\t\t\t\t<\/div>\n\t\t<\/div>\n\t\t\t\t<div class=\"elementor-column elementor-col-50 elementor-top-column elementor-element elementor-element-bd01514\" data-id=\"bd01514\" data-element_type=\"column\">\n\t\t\t<div class=\"elementor-widget-wrap elementor-element-populated\">\n\t\t\t\t\t\t<div class=\"elementor-element elementor-element-1c5f4d2 elementor-widget elementor-widget-text-editor\" data-id=\"1c5f4d2\" data-element_type=\"widget\" data-widget_type=\"text-editor.default\">\n\t\t\t\t<div class=\"elementor-widget-container\">\n\t\t\t\t\t\t\t\t\t<p><span style=\"font-weight: 400;\">Le 1er juillet 2011 a lieu le mariage du top <\/span><span style=\"font-weight: 400;\">Kate Moss<\/span><span style=\"font-weight: 400;\"> et du guitariste du groupe The Kills : Jamie Hince. C\u2019est l\u2019une des c\u00e9r\u00e9monies des stars qui a marqu\u00e9 la d\u00e9cennie par le th\u00e8me Rock et le look de la mari\u00e9e.<\/span><\/p><p><span style=\"font-weight: 400;\">Une fois leurs v\u0153ux \u00e9chang\u00e9s, les jeunes mari\u00e9s accompagn\u00e9s de leur cort\u00e8ge de petites filles d&rsquo;honneur, dont la fille du top Lila Grace et sa petite s\u0153ur, Lottie Moss se sont rendues en voiture ancienne <a href=\"https:\/\/www.wedrivit.com\/voiture\/saint-malo\/rolls-royce\/1140\"><strong>Rolls Royce<\/strong><\/a> sur le lieu des festivit\u00e9s tenues.<\/span><\/p>\t\t\t\t\t\t\t\t<\/div>\n\t\t\t\t<\/div>\n\t\t\t\t\t<\/div>\n\t\t<\/div>\n\t\t\t\t\t<\/div>\n\t\t<\/section>\n\t\t\t\t<section class=\"elementor-section elementor-top-section elementor-element elementor-element-8682599 elementor-section-boxed elementor-section-height-default elementor-section-height-default\" data-id=\"8682599\" data-element_type=\"section\">\n\t\t\t\t\t\t<div class=\"elementor-container elementor-column-gap-default\">\n\t\t\t\t\t<div class=\"elementor-column elementor-col-100 elementor-top-column elementor-element elementor-element-fd5ba7e\" data-id=\"fd5ba7e\" data-element_type=\"column\">\n\t\t\t<div class=\"elementor-widget-wrap elementor-element-populated\">\n\t\t\t\t\t\t<div class=\"elementor-element elementor-element-0be326e elementor-widget elementor-widget-heading\" data-id=\"0be326e\" data-element_type=\"widget\" data-widget_type=\"heading.default\">\n\t\t\t\t<div class=\"elementor-widget-container\">\n\t\t\t\t\t<h2 class=\"elementor-heading-title elementor-size-default\">Le 13 juillet 2013, le mariage d' Halle Berry et Olivier Martinez<\/h2>\t\t\t\t<\/div>\n\t\t\t\t<\/div>\n\t\t\t\t\t<\/div>\n\t\t<\/div>\n\t\t\t\t\t<\/div>\n\t\t<\/section>\n\t\t\t\t<section class=\"elementor-section elementor-top-section elementor-element elementor-element-56a9354 elementor-section-boxed elementor-section-height-default elementor-section-height-default\" data-id=\"56a9354\" data-element_type=\"section\">\n\t\t\t\t\t\t<div class=\"elementor-container elementor-column-gap-default\">\n\t\t\t\t\t<div class=\"elementor-column elementor-col-50 elementor-top-column elementor-element elementor-element-b09cb5d\" data-id=\"b09cb5d\" data-element_type=\"column\">\n\t\t\t<div class=\"elementor-widget-wrap elementor-element-populated\">\n\t\t\t\t\t\t<div class=\"elementor-element elementor-element-b958884 elementor-widget elementor-widget-text-editor\" data-id=\"b958884\" data-element_type=\"widget\" data-widget_type=\"text-editor.default\">\n\t\t\t\t<div class=\"elementor-widget-container\">\n\t\t\t\t\t\t\t\t\t<p><span style=\"font-weight: 400;\">C&rsquo;est dans le plus grand des secrets et sans paparazzis que le couple franco-am\u00e9ricain s&rsquo;est mari\u00e9 \u00e0 Vallery, une petite commune de 500 habitants situ\u00e9e au nord-ouest du d\u00e9partement de l&rsquo;Yonne en Boulogne.<\/span><\/p><p><span style=\"font-weight: 400;\">L&rsquo;actrice est arriv\u00e9e \u00e0 bord d&rsquo;une vieille <a href=\"https:\/\/www.wedrivit.com\/voiture\/paris\/citroen\/830\"><strong>Citro\u00ebn DS<\/strong>,<\/a> accompagn\u00e9e de sa fille Nahla.<\/span><\/p>\t\t\t\t\t\t\t\t<\/div>\n\t\t\t\t<\/div>\n\t\t\t\t\t<\/div>\n\t\t<\/div>\n\t\t\t\t<div class=\"elementor-column elementor-col-50 elementor-top-column elementor-element elementor-element-2dd9899\" data-id=\"2dd9899\" data-element_type=\"column\">\n\t\t\t<div class=\"elementor-widget-wrap elementor-element-populated\">\n\t\t\t\t\t\t<div class=\"elementor-element elementor-element-a111366 elementor-widget elementor-widget-image\" data-id=\"a111366\" data-element_type=\"widget\" data-widget_type=\"image.default\">\n\t\t\t\t<div class=\"elementor-widget-container\">\n\t\t\t\t\t\t\t\t\t\t\t\t\t\t\t\t<a href=\"https:\/\/www.wedrivit.com\/voiture\/paris\/citroen\/830\">\n\t\t\t\t\t\t\t<img loading=\"lazy\" decoding=\"async\" width=\"743\" height=\"427\" src=\"https:\/\/www.wedrivit.com\/blog\/wp-content\/uploads\/2022\/10\/harley.png\" class=\"attachment-large size-large wp-image-7006\" alt=\"Le 13 juillet 2013, le mariage d&#039; Halle Berry et Olivier Martinez\" \/>\t\t\t\t\t\t\t\t<\/a>\n\t\t\t\t\t\t\t\t\t\t\t\t\t\t\t<\/div>\n\t\t\t\t<\/div>\n\t\t\t\t\t<\/div>\n\t\t<\/div>\n\t\t\t\t\t<\/div>\n\t\t<\/section>\n\t\t\t\t<section class=\"elementor-section elementor-top-section elementor-element elementor-element-ca9d208 elementor-section-boxed elementor-section-height-default elementor-section-height-default\" data-id=\"ca9d208\" data-element_type=\"section\">\n\t\t\t\t\t\t<div class=\"elementor-container elementor-column-gap-default\">\n\t\t\t\t\t<div class=\"elementor-column elementor-col-100 elementor-top-column elementor-element elementor-element-9aa4fc7\" data-id=\"9aa4fc7\" data-element_type=\"column\">\n\t\t\t<div class=\"elementor-widget-wrap elementor-element-populated\">\n\t\t\t\t\t\t<div class=\"elementor-element elementor-element-b1251a6 elementor-widget elementor-widget-heading\" data-id=\"b1251a6\" data-element_type=\"widget\" data-widget_type=\"heading.default\">\n\t\t\t\t<div class=\"elementor-widget-container\">\n\t\t\t\t\t<h2 class=\"elementor-heading-title elementor-size-default\">Le 19 mai 2018, le mariage du Prince Harry et Megan Markle<\/h2>\t\t\t\t<\/div>\n\t\t\t\t<\/div>\n\t\t\t\t\t<\/div>\n\t\t<\/div>\n\t\t\t\t\t<\/div>\n\t\t<\/section>\n\t\t\t\t<section class=\"elementor-section elementor-top-section elementor-element elementor-element-8f7453b elementor-section-boxed elementor-section-height-default elementor-section-height-default\" data-id=\"8f7453b\" data-element_type=\"section\">\n\t\t\t\t\t\t<div class=\"elementor-container elementor-column-gap-default\">\n\t\t\t\t\t<div class=\"elementor-column elementor-col-100 elementor-top-column elementor-element elementor-element-19b8661\" data-id=\"19b8661\" data-element_type=\"column\">\n\t\t\t<div class=\"elementor-widget-wrap elementor-element-populated\">\n\t\t\t\t\t\t<div class=\"elementor-element elementor-element-960d5b8 elementor-widget elementor-widget-text-editor\" data-id=\"960d5b8\" data-element_type=\"widget\" data-widget_type=\"text-editor.default\">\n\t\t\t\t<div class=\"elementor-widget-container\">\n\t\t\t\t\t\t\t\t\t<p><span style=\"font-weight: 400;\">Et\u00e9 2016. D\u2019un c\u00f4t\u00e9, le <\/span><span style=\"font-weight: 400;\">prince Harry<\/span><span style=\"font-weight: 400;\">, 32 ans, c\u00e9libataire le plus couru de la plan\u00e8te. De l\u2019autre, <\/span><span style=\"font-weight: 400;\">Meghan Markle<\/span><span style=\"font-weight: 400;\">, 35 ans, actrice de la s\u00e9rie \u00ab Suits \u00bb, a d\u00e9j\u00e0 divorc\u00e9. Tous les deux ont un point commun : ils sont en qu\u00eate du grand amour.<\/span><\/p><p><span style=\"font-weight: 400;\">Apr\u00e8s une tr\u00e8s grande c\u00e9r\u00e9monie riche en \u00e9motions, les jeunes mari\u00e9s se sont engouffr\u00e9s dans une<a href=\"https:\/\/www.wedrivit.com\/voiture\/nice\/jaguar\/224\"><strong> Jaguar type-E<\/strong><\/a> d\u00e9capotable m\u00e9tallique bleu pastel. Le prince Harry a conduit pour les emmener \u00e0 leur lieu de r\u00e9ception<\/span><\/p>\t\t\t\t\t\t\t\t<\/div>\n\t\t\t\t<\/div>\n\t\t\t\t\t<\/div>\n\t\t<\/div>\n\t\t\t\t\t<\/div>\n\t\t<\/section>\n\t\t\t\t<section class=\"elementor-section elementor-top-section elementor-element elementor-element-638567e elementor-section-boxed elementor-section-height-default elementor-section-height-default\" data-id=\"638567e\" data-element_type=\"section\">\n\t\t\t\t\t\t<div class=\"elementor-container elementor-column-gap-default\">\n\t\t\t\t\t<div class=\"elementor-column elementor-col-100 elementor-top-column elementor-element elementor-element-e032b73\" data-id=\"e032b73\" data-element_type=\"column\">\n\t\t\t<div class=\"elementor-widget-wrap elementor-element-populated\">\n\t\t\t\t\t\t<div class=\"elementor-element elementor-element-75b87aa elementor-widget elementor-widget-image\" data-id=\"75b87aa\" data-element_type=\"widget\" data-widget_type=\"image.default\">\n\t\t\t\t<div class=\"elementor-widget-container\">\n\t\t\t\t\t\t\t\t\t\t\t\t\t\t\t\t<a href=\"https:\/\/www.wedrivit.com\/voiture\/nice\/jaguar\/224\">\n\t\t\t\t\t\t\t<img loading=\"lazy\" decoding=\"async\" width=\"1000\" height=\"524\" src=\"https:\/\/www.wedrivit.com\/blog\/wp-content\/uploads\/2022\/10\/prince-harry.png\" class=\"attachment-large size-large wp-image-7007\" alt=\"Le 19 mai 2018, le mariage du Pince Harry et Megan Markle\" \/>\t\t\t\t\t\t\t\t<\/a>\n\t\t\t\t\t\t\t\t\t\t\t\t\t\t\t<\/div>\n\t\t\t\t<\/div>\n\t\t\t\t\t<\/div>\n\t\t<\/div>\n\t\t\t\t\t<\/div>\n\t\t<\/section>\n\t\t\t\t<section class=\"elementor-section elementor-top-section elementor-element elementor-element-fcb52bf elementor-section-boxed elementor-section-height-default elementor-section-height-default\" data-id=\"fcb52bf\" data-element_type=\"section\">\n\t\t\t\t\t\t<div class=\"elementor-container elementor-column-gap-default\">\n\t\t\t\t\t<div class=\"elementor-column elementor-col-100 elementor-top-column elementor-element elementor-element-23ca44c\" data-id=\"23ca44c\" data-element_type=\"column\">\n\t\t\t<div class=\"elementor-widget-wrap elementor-element-populated\">\n\t\t\t\t\t\t<div class=\"elementor-element elementor-element-559009a elementor-widget elementor-widget-heading\" data-id=\"559009a\" data-element_type=\"widget\" data-widget_type=\"heading.default\">\n\t\t\t\t<div class=\"elementor-widget-container\">\n\t\t\t\t\t<h2 class=\"elementor-heading-title elementor-size-default\">\nLe 22 mai 2022, le mariage de Kourtney Kardashian et Travis Baker \n<\/h2>\t\t\t\t<\/div>\n\t\t\t\t<\/div>\n\t\t\t\t\t<\/div>\n\t\t<\/div>\n\t\t\t\t\t<\/div>\n\t\t<\/section>\n\t\t\t\t<section class=\"elementor-section elementor-top-section elementor-element elementor-element-476c513 elementor-section-boxed elementor-section-height-default elementor-section-height-default\" data-id=\"476c513\" data-element_type=\"section\">\n\t\t\t\t\t\t<div class=\"elementor-container elementor-column-gap-default\">\n\t\t\t\t\t<div class=\"elementor-column elementor-col-100 elementor-top-column elementor-element elementor-element-e11f950\" data-id=\"e11f950\" data-element_type=\"column\">\n\t\t\t<div class=\"elementor-widget-wrap elementor-element-populated\">\n\t\t\t\t\t\t<div class=\"elementor-element elementor-element-085be6d elementor-widget elementor-widget-text-editor\" data-id=\"085be6d\" data-element_type=\"widget\" data-widget_type=\"text-editor.default\">\n\t\t\t\t<div class=\"elementor-widget-container\">\n\t\t\t\t\t\t\t\t\t<p><span style=\"font-weight: 400;\">Pour l&rsquo;occasion, Kourtney Kardashian portait donc une <\/span><span style=\"font-weight: 400;\">robe de mari\u00e9e sur-mesure<\/span><span style=\"font-weight: 400;\"> pens\u00e9e comme un corset de lingerie italienne ainsi qu&rsquo;un voile d&rsquo;un motif religieux inspir\u00e9 d&rsquo;un tatouage de Travis Barker.<\/span><\/p><p><span style=\"font-weight: 400;\">Pour ce mariage \u00e0 l&rsquo;italienne, de nombreuses stars s&rsquo;\u00e9taient donn\u00e9 rendez-vous \u00e0 Portofino pour ces quelques jours. Le clan Kardashian-Jenner \u00e9tait \u00e9videmment de la partie, repr\u00e9sent\u00e9 par toutes les s\u0153urs, Kim, Khloe, Kendall et Kylie, ainsi que leur m\u00e8re Kris Jenner, et plusieurs des petits-enfants.<\/span><\/p><p><span style=\"font-weight: 400;\">Pour le trajet de l&rsquo;\u00e9glise au lieu de r\u00e9ception, Kourtney et Travis ont \u00e9t\u00e9 \u00e0 bord d\u2019une <a href=\"https:\/\/www.wedrivit.com\/voiture\/versailles\/cadillac\/802\"><strong>Cadillac Deville<\/strong><\/a> d\u00e9capotable.<\/span><\/p>\t\t\t\t\t\t\t\t<\/div>\n\t\t\t\t<\/div>\n\t\t\t\t\t<\/div>\n\t\t<\/div>\n\t\t\t\t\t<\/div>\n\t\t<\/section>\n\t\t\t\t<section class=\"elementor-section elementor-top-section elementor-element elementor-element-b157082 elementor-section-boxed elementor-section-height-default elementor-section-height-default\" data-id=\"b157082\" data-element_type=\"section\">\n\t\t\t\t\t\t<div class=\"elementor-container elementor-column-gap-default\">\n\t\t\t\t\t<div class=\"elementor-column elementor-col-100 elementor-top-column elementor-element elementor-element-35ba72c\" data-id=\"35ba72c\" data-element_type=\"column\">\n\t\t\t<div class=\"elementor-widget-wrap elementor-element-populated\">\n\t\t\t\t\t\t<div class=\"elementor-element elementor-element-055f84b elementor-widget elementor-widget-image\" data-id=\"055f84b\" data-element_type=\"widget\" data-widget_type=\"image.default\">\n\t\t\t\t<div class=\"elementor-widget-container\">\n\t\t\t\t\t\t\t\t\t\t\t\t\t\t\t\t<a href=\"https:\/\/www.wedrivit.com\/voiture\/versailles\/cadillac\/802\">\n\t\t\t\t\t\t\t<img loading=\"lazy\" decoding=\"async\" width=\"573\" height=\"702\" src=\"https:\/\/www.wedrivit.com\/blog\/wp-content\/uploads\/2022\/10\/kk.png\" class=\"attachment-large size-large wp-image-7008\" alt=\"Le 22 mai 2022, le mariage de Kourtney Kardashian et Travis Baker\" \/>\t\t\t\t\t\t\t\t<\/a>\n\t\t\t\t\t\t\t\t\t\t\t\t\t\t\t<\/div>\n\t\t\t\t<\/div>\n\t\t\t\t\t<\/div>\n\t\t<\/div>\n\t\t\t\t\t<\/div>\n\t\t<\/section>\n\t\t\t\t<section class=\"elementor-section elementor-top-section elementor-element elementor-element-d1e0e9f elementor-section-boxed elementor-section-height-default elementor-section-height-default\" data-id=\"d1e0e9f\" data-element_type=\"section\">\n\t\t\t\t\t\t<div class=\"elementor-container elementor-column-gap-default\">\n\t\t\t\t\t<div class=\"elementor-column elementor-col-100 elementor-top-column elementor-element elementor-element-dc8c860\" data-id=\"dc8c860\" data-element_type=\"column\">\n\t\t\t<div class=\"elementor-widget-wrap elementor-element-populated\">\n\t\t\t\t\t\t<div class=\"elementor-element elementor-element-9292e33 elementor-widget elementor-widget-heading\" data-id=\"9292e33\" data-element_type=\"widget\" data-widget_type=\"heading.default\">\n\t\t\t\t<div class=\"elementor-widget-container\">\n\t\t\t\t\t<h2 class=\"elementor-heading-title elementor-size-default\">Petit bonus sur les mariages de stars : Le 27 ao\u00fbt 2022, le mariage de Simon Porte Jacquemus et Marco Maestri<\/h2>\t\t\t\t<\/div>\n\t\t\t\t<\/div>\n\t\t\t\t\t<\/div>\n\t\t<\/div>\n\t\t\t\t\t<\/div>\n\t\t<\/section>\n\t\t\t\t<section class=\"elementor-section elementor-top-section elementor-element elementor-element-b0609c7 elementor-section-boxed elementor-section-height-default elementor-section-height-default\" data-id=\"b0609c7\" data-element_type=\"section\">\n\t\t\t\t\t\t<div class=\"elementor-container elementor-column-gap-default\">\n\t\t\t\t\t<div class=\"elementor-column elementor-col-100 elementor-top-column elementor-element elementor-element-b63f4b9\" data-id=\"b63f4b9\" data-element_type=\"column\">\n\t\t\t<div class=\"elementor-widget-wrap elementor-element-populated\">\n\t\t\t\t\t\t<div class=\"elementor-element elementor-element-eaf991d elementor-widget elementor-widget-text-editor\" data-id=\"eaf991d\" data-element_type=\"widget\" data-widget_type=\"text-editor.default\">\n\t\t\t\t<div class=\"elementor-widget-container\">\n\t\t\t\t\t\t\t\t\t<p>Vous avez forc\u00e9ment vu des dizaines de fois les images de Simon Porte Jacquemus qui a dit \u00ab\u00a0oui\u00a0\u00bb \u00e0 Marco Maestri\u00a0\u00e0 la mairie de Charleval dans le Midi.<\/p><p>Les\u00a0 habitants de la commune se sont empress\u00e9s vers le centre du village pour ne rien manquer de cette grande occasion. Ils ont pu observer un grand nombre de stars comme le rappeur Damso, la cr\u00e9atrice de mode Amina Muaddi accompagn\u00e9e de Farry, mais aussi Dua Lipa qui a fait sensation en blanc et transparent.\u00a0<\/p><p>Les mari\u00e9s sont repartis \u00e0 bord d&rsquo;un magnifique <a href=\"https:\/\/www.wedrivit.com\/voiture\/aix-en-provence\/mg\/970\"><strong>cabriolet Mg B.<\/strong><\/a><\/p>\t\t\t\t\t\t\t\t<\/div>\n\t\t\t\t<\/div>\n\t\t\t\t\t<\/div>\n\t\t<\/div>\n\t\t\t\t\t<\/div>\n\t\t<\/section>\n\t\t\t\t<section class=\"elementor-section elementor-top-section elementor-element elementor-element-f16522f elementor-section-boxed elementor-section-height-default elementor-section-height-default\" data-id=\"f16522f\" data-element_type=\"section\">\n\t\t\t\t\t\t<div class=\"elementor-container elementor-column-gap-default\">\n\t\t\t\t\t<div class=\"elementor-column elementor-col-100 elementor-top-column elementor-element elementor-element-6228004\" data-id=\"6228004\" data-element_type=\"column\">\n\t\t\t<div class=\"elementor-widget-wrap elementor-element-populated\">\n\t\t\t\t\t\t<div class=\"elementor-element elementor-element-6f869df elementor-widget elementor-widget-image\" data-id=\"6f869df\" data-element_type=\"widget\" data-widget_type=\"image.default\">\n\t\t\t\t<div class=\"elementor-widget-container\">\n\t\t\t\t\t\t\t\t\t\t\t\t\t\t\t\t<a href=\"https:\/\/www.wedrivit.com\/voiture\/aix-en-provence\/mg\/970\">\n\t\t\t\t\t\t\t<img loading=\"lazy\" decoding=\"async\" width=\"1000\" height=\"545\" src=\"https:\/\/www.wedrivit.com\/blog\/wp-content\/uploads\/2022\/10\/jaquemus.png\" class=\"attachment-large size-large wp-image-7017\" alt=\"le mariage de Simon Porte Jacquemus et Marco Maestri\" \/>\t\t\t\t\t\t\t\t<\/a>\n\t\t\t\t\t\t\t\t\t\t\t\t\t\t\t<\/div>\n\t\t\t\t<\/div>\n\t\t\t\t\t<\/div>\n\t\t<\/div>\n\t\t\t\t\t<\/div>\n\t\t<\/section>\n\t\t\t\t<section class=\"elementor-section elementor-top-section elementor-element elementor-element-653fd19 elementor-section-boxed elementor-section-height-default elementor-section-height-default\" data-id=\"653fd19\" data-element_type=\"section\">\n\t\t\t\t\t\t<div class=\"elementor-container elementor-column-gap-default\">\n\t\t\t\t\t<div class=\"elementor-column elementor-col-100 elementor-top-column elementor-element elementor-element-9535c1c\" data-id=\"9535c1c\" data-element_type=\"column\">\n\t\t\t<div class=\"elementor-widget-wrap elementor-element-populated\">\n\t\t\t\t\t\t<div class=\"elementor-element elementor-element-580db35 elementor-widget elementor-widget-text-editor\" data-id=\"580db35\" data-element_type=\"widget\" data-widget_type=\"text-editor.default\">\n\t\t\t\t<div class=\"elementor-widget-container\">\n\t\t\t\t\t\t\t\t\t<p><span style=\"font-weight: 400;\">Les mariages de stars font souvent r\u00eaver mais en voiture de collection encore plus.<\/span><\/p><p><span style=\"font-weight: 400;\">Vous pouvez vous aussi trouver la voiture de vos r\u00eaves pour ce jour si inoubliable. Faites une location de voiture ancienne avec Wedrivit.<\/span><\/p>\t\t\t\t\t\t\t\t<\/div>\n\t\t\t\t<\/div>\n\t\t\t\t<div class=\"elementor-element elementor-element-99191a7 elementor-align-center elementor-widget elementor-widget-button\" data-id=\"99191a7\" data-element_type=\"widget\" data-widget_type=\"button.default\">\n\t\t\t\t<div class=\"elementor-widget-container\">\n\t\t\t\t\t\t\t\t\t<div class=\"elementor-button-wrapper\">\n\t\t\t\t\t<a class=\"elementor-button elementor-button-link elementor-size-sm\" href=\"https:\/\/www.wedrivit.com\/rechercher?\">\n\t\t\t\t\t\t<span class=\"elementor-button-content-wrapper\">\n\t\t\t\t\t\t\t\t\t<span class=\"elementor-button-text\">Rechercher une voiture ancienne pour mon mariage<\/span>\n\t\t\t\t\t<\/span>\n\t\t\t\t\t<\/a>\n\t\t\t\t<\/div>\n\t\t\t\t\t\t\t\t<\/div>\n\t\t\t\t<\/div>\n\t\t\t\t\t<\/div>\n\t\t<\/div>\n\t\t\t\t\t<\/div>\n\t\t<\/section>\n\t\t\t\t<section class=\"elementor-section elementor-top-section elementor-element elementor-element-2602ba4 elementor-section-boxed elementor-section-height-default elementor-section-height-default\" data-id=\"2602ba4\" data-element_type=\"section\">\n\t\t\t\t\t\t<div class=\"elementor-container elementor-column-gap-default\">\n\t\t\t\t\t<div class=\"elementor-column elementor-col-100 elementor-top-column elementor-element elementor-element-0b9657e\" data-id=\"0b9657e\" data-element_type=\"column\">\n\t\t\t<div class=\"elementor-widget-wrap elementor-element-populated\">\n\t\t\t\t\t\t<div class=\"elementor-element elementor-element-6dcbda6 elementor-widget elementor-widget-text-editor\" data-id=\"6dcbda6\" data-element_type=\"widget\" data-widget_type=\"text-editor.default\">\n\t\t\t\t<div class=\"elementor-widget-container\">\n\t\t\t\t\t\t\t\t\t<p>Articles qui pourraient vous plaire :\u00a0<\/p><ul><li><a href=\"https:\/\/www.wedrivit.com\/blog\/voiture\/collection\/voitures-anciennes-stars\/\">Les Stars et leurs voitures anciennes<\/a><\/li><li><a href=\"https:\/\/www.wedrivit.com\/blog\/voiture\/collection\/quelle-berline-de-collection-choisir-pour-son-mariage\/\">Quelle berline de collection choisir pour son mariage ?<\/a><\/li><\/ul>\t\t\t\t\t\t\t\t<\/div>\n\t\t\t\t<\/div>\n\t\t\t\t\t<\/div>\n\t\t<\/div>\n\t\t\t\t\t<\/div>\n\t\t<\/section>\n\t\t\t\t<\/div>\n\t\t","protected":false},"excerpt":{"rendered":"<p>Les voitures de collection fascinent de nombreuses personnes depuis longtemps. De multiples stars sont devenues collectionneuses d\u2019automobiles anciennes. Celles-ci sont&hellip;<\/p>\n","protected":false},"author":17,"featured_media":0,"comment_status":"open","ping_status":"open","sticky":false,"template":"","format":"standard","meta":{"footnotes":""},"categories":[1],"tags":[],"class_list":["post-7001","post","type-post","status-publish","format-standard","hentry","category-tous-les-articles"],"yoast_head":"<!-- This site is optimized with the Yoast SEO plugin v26.9 - https:\/\/yoast.com\/product\/yoast-seo-wordpress\/ -->\n<title>Les mariages de stars et leur arriv\u00e9e en voiture de collection - Le blog des voitures de collection par Wedrivit<\/title>\n<meta name=\"description\" content=\"Les voitures anciennes ont un c\u00f4t\u00e9 prestigieux de par leur couleur, leur design, leur m\u00e9canique. Voici les mariages des stars en voiture de collection.\" \/>\n<meta name=\"robots\" content=\"index, follow, max-snippet:-1, max-image-preview:large, max-video-preview:-1\" \/>\n<link rel=\"canonical\" href=\"https:\/\/www.wedrivit.com\/blog\/voiture\/collection\/les-mariages-de-stars-et-leur-arrivee-en-voiture-de-collection\" \/>\n<meta property=\"og:locale\" content=\"fr_FR\" \/>\n<meta property=\"og:type\" content=\"article\" \/>\n<meta property=\"og:title\" content=\"Les mariages de stars et leur arriv\u00e9e en voiture de collection - Le blog des voitures de collection par Wedrivit\" \/>\n<meta property=\"og:description\" content=\"Les voitures anciennes ont un c\u00f4t\u00e9 prestigieux de par leur couleur, leur design, leur m\u00e9canique. Voici les mariages des stars en voiture de collection.\" \/>\n<meta property=\"og:url\" content=\"https:\/\/www.wedrivit.com\/blog\/voiture\/collection\/les-mariages-de-stars-et-leur-arrivee-en-voiture-de-collection\" \/>\n<meta property=\"og:site_name\" content=\"Le blog des voitures de collection par Wedrivit\" \/>\n<meta property=\"article:published_time\" content=\"2022-10-13T14:12:32+00:00\" \/>\n<meta property=\"article:modified_time\" content=\"2022-10-13T14:14:37+00:00\" \/>\n<meta property=\"og:image\" content=\"https:\/\/www.wedrivit.com\/blog\/wp-content\/uploads\/2022\/10\/1.jpg\" \/>\n<meta name=\"author\" content=\"Camille Fiot\" \/>\n<meta name=\"twitter:card\" content=\"summary_large_image\" \/>\n<meta name=\"twitter:label1\" content=\"\u00c9crit par\" \/>\n\t<meta name=\"twitter:data1\" content=\"Camille Fiot\" \/>\n\t<meta name=\"twitter:label2\" content=\"Dur\u00e9e de lecture estim\u00e9e\" \/>\n\t<meta name=\"twitter:data2\" content=\"5 minutes\" \/>\n<script type=\"application\/ld+json\" class=\"yoast-schema-graph\">{\"@context\":\"https:\/\/schema.org\",\"@graph\":[{\"@type\":\"Article\",\"@id\":\"https:\/\/www.wedrivit.com\/blog\/voiture\/collection\/les-mariages-de-stars-et-leur-arrivee-en-voiture-de-collection#article\",\"isPartOf\":{\"@id\":\"https:\/\/www.wedrivit.com\/blog\/voiture\/collection\/les-mariages-de-stars-et-leur-arrivee-en-voiture-de-collection\"},\"author\":{\"name\":\"Camille Fiot\",\"@id\":\"https:\/\/www.wedrivit.com\/blog\/#\/schema\/person\/bd337a50a9dbdcb584b97dfc6b7a7008\"},\"headline\":\"Les mariages de stars et leur arriv\u00e9e en voiture de collection\",\"datePublished\":\"2022-10-13T14:12:32+00:00\",\"dateModified\":\"2022-10-13T14:14:37+00:00\",\"mainEntityOfPage\":{\"@id\":\"https:\/\/www.wedrivit.com\/blog\/voiture\/collection\/les-mariages-de-stars-et-leur-arrivee-en-voiture-de-collection\"},\"wordCount\":997,\"commentCount\":0,\"publisher\":{\"@id\":\"https:\/\/www.wedrivit.com\/blog\/#organization\"},\"image\":{\"@id\":\"https:\/\/www.wedrivit.com\/blog\/voiture\/collection\/les-mariages-de-stars-et-leur-arrivee-en-voiture-de-collection#primaryimage\"},\"thumbnailUrl\":\"https:\/\/www.wedrivit.com\/blog\/wp-content\/uploads\/2022\/10\/1.jpg\",\"articleSection\":[\"Tous les articles\"],\"inLanguage\":\"fr-FR\",\"potentialAction\":[{\"@type\":\"CommentAction\",\"name\":\"Comment\",\"target\":[\"https:\/\/www.wedrivit.com\/blog\/voiture\/collection\/les-mariages-de-stars-et-leur-arrivee-en-voiture-de-collection#respond\"]}]},{\"@type\":\"WebPage\",\"@id\":\"https:\/\/www.wedrivit.com\/blog\/voiture\/collection\/les-mariages-de-stars-et-leur-arrivee-en-voiture-de-collection\",\"url\":\"https:\/\/www.wedrivit.com\/blog\/voiture\/collection\/les-mariages-de-stars-et-leur-arrivee-en-voiture-de-collection\",\"name\":\"Les mariages de stars et leur arriv\u00e9e en voiture de collection - Le blog des voitures de collection par Wedrivit\",\"isPartOf\":{\"@id\":\"https:\/\/www.wedrivit.com\/blog\/#website\"},\"primaryImageOfPage\":{\"@id\":\"https:\/\/www.wedrivit.com\/blog\/voiture\/collection\/les-mariages-de-stars-et-leur-arrivee-en-voiture-de-collection#primaryimage\"},\"image\":{\"@id\":\"https:\/\/www.wedrivit.com\/blog\/voiture\/collection\/les-mariages-de-stars-et-leur-arrivee-en-voiture-de-collection#primaryimage\"},\"thumbnailUrl\":\"https:\/\/www.wedrivit.com\/blog\/wp-content\/uploads\/2022\/10\/1.jpg\",\"datePublished\":\"2022-10-13T14:12:32+00:00\",\"dateModified\":\"2022-10-13T14:14:37+00:00\",\"description\":\"Les voitures anciennes ont un c\u00f4t\u00e9 prestigieux de par leur couleur, leur design, leur m\u00e9canique. Voici les mariages des stars en voiture de collection.\",\"breadcrumb\":{\"@id\":\"https:\/\/www.wedrivit.com\/blog\/voiture\/collection\/les-mariages-de-stars-et-leur-arrivee-en-voiture-de-collection#breadcrumb\"},\"inLanguage\":\"fr-FR\",\"potentialAction\":[{\"@type\":\"ReadAction\",\"target\":[\"https:\/\/www.wedrivit.com\/blog\/voiture\/collection\/les-mariages-de-stars-et-leur-arrivee-en-voiture-de-collection\"]}]},{\"@type\":\"ImageObject\",\"inLanguage\":\"fr-FR\",\"@id\":\"https:\/\/www.wedrivit.com\/blog\/voiture\/collection\/les-mariages-de-stars-et-leur-arrivee-en-voiture-de-collection#primaryimage\",\"url\":\"https:\/\/www.wedrivit.com\/blog\/wp-content\/uploads\/2022\/10\/1.jpg\",\"contentUrl\":\"https:\/\/www.wedrivit.com\/blog\/wp-content\/uploads\/2022\/10\/1.jpg\",\"width\":1024,\"height\":640,\"caption\":\"Ford Thunderbird noire.\"},{\"@type\":\"BreadcrumbList\",\"@id\":\"https:\/\/www.wedrivit.com\/blog\/voiture\/collection\/les-mariages-de-stars-et-leur-arrivee-en-voiture-de-collection#breadcrumb\",\"itemListElement\":[{\"@type\":\"ListItem\",\"position\":1,\"name\":\"Home\",\"item\":\"https:\/\/www.wedrivit.com\/blog\/\"},{\"@type\":\"ListItem\",\"position\":2,\"name\":\"Les mariages de stars et leur arriv\u00e9e en voiture de collection\"}]},{\"@type\":\"WebSite\",\"@id\":\"https:\/\/www.wedrivit.com\/blog\/#website\",\"url\":\"https:\/\/www.wedrivit.com\/blog\/\",\"name\":\"Le blog des voitures de collection par Wedrivit\",\"description\":\"Tout savoir sur les voitures anciennes grace \u00e0 Wedrivit, la plateforme de location de voitures anciennes entre particuliers.\",\"publisher\":{\"@id\":\"https:\/\/www.wedrivit.com\/blog\/#organization\"},\"potentialAction\":[{\"@type\":\"SearchAction\",\"target\":{\"@type\":\"EntryPoint\",\"urlTemplate\":\"https:\/\/www.wedrivit.com\/blog\/?s={search_term_string}\"},\"query-input\":{\"@type\":\"PropertyValueSpecification\",\"valueRequired\":true,\"valueName\":\"search_term_string\"}}],\"inLanguage\":\"fr-FR\"},{\"@type\":\"Organization\",\"@id\":\"https:\/\/www.wedrivit.com\/blog\/#organization\",\"name\":\"Le blog des voitures de collection par Wedrivit\",\"url\":\"https:\/\/www.wedrivit.com\/blog\/\",\"logo\":{\"@type\":\"ImageObject\",\"inLanguage\":\"fr-FR\",\"@id\":\"https:\/\/www.wedrivit.com\/blog\/#\/schema\/logo\/image\/\",\"url\":\"https:\/\/www.wedrivit.com\/blog\/wp-content\/uploads\/2024\/12\/wedrivit-blanc-large-2.png\",\"contentUrl\":\"https:\/\/www.wedrivit.com\/blog\/wp-content\/uploads\/2024\/12\/wedrivit-blanc-large-2.png\",\"caption\":\"Le blog des voitures de collection par Wedrivit\"},\"image\":{\"@id\":\"https:\/\/www.wedrivit.com\/blog\/#\/schema\/logo\/image\/\"}},{\"@type\":\"Person\",\"@id\":\"https:\/\/www.wedrivit.com\/blog\/#\/schema\/person\/bd337a50a9dbdcb584b97dfc6b7a7008\",\"name\":\"Camille Fiot\",\"image\":{\"@type\":\"ImageObject\",\"inLanguage\":\"fr-FR\",\"@id\":\"https:\/\/www.wedrivit.com\/blog\/#\/schema\/person\/image\/\",\"url\":\"https:\/\/secure.gravatar.com\/avatar\/2f64f3e5fd5b776bb931b6b8fb8d451e04047c77832e87138ce0041eb1434bb2?s=96&d=mm&r=g\",\"contentUrl\":\"https:\/\/secure.gravatar.com\/avatar\/2f64f3e5fd5b776bb931b6b8fb8d451e04047c77832e87138ce0041eb1434bb2?s=96&d=mm&r=g\",\"caption\":\"Camille Fiot\"},\"sameAs\":[\"https:\/\/www.wedrivit.com\/\"],\"url\":\"https:\/\/www.wedrivit.com\/blog\/voiture\/collection\/author\/camille-fiot\"}]}<\/script>\n<!-- \/ Yoast SEO plugin. -->","yoast_head_json":{"title":"Les mariages de stars et leur arriv\u00e9e en voiture de collection - Le blog des voitures de collection par Wedrivit","description":"Les voitures anciennes ont un c\u00f4t\u00e9 prestigieux de par leur couleur, leur design, leur m\u00e9canique. Voici les mariages des stars en voiture de collection.","robots":{"index":"index","follow":"follow","max-snippet":"max-snippet:-1","max-image-preview":"max-image-preview:large","max-video-preview":"max-video-preview:-1"},"canonical":"https:\/\/www.wedrivit.com\/blog\/voiture\/collection\/les-mariages-de-stars-et-leur-arrivee-en-voiture-de-collection","og_locale":"fr_FR","og_type":"article","og_title":"Les mariages de stars et leur arriv\u00e9e en voiture de collection - Le blog des voitures de collection par Wedrivit","og_description":"Les voitures anciennes ont un c\u00f4t\u00e9 prestigieux de par leur couleur, leur design, leur m\u00e9canique. Voici les mariages des stars en voiture de collection.","og_url":"https:\/\/www.wedrivit.com\/blog\/voiture\/collection\/les-mariages-de-stars-et-leur-arrivee-en-voiture-de-collection","og_site_name":"Le blog des voitures de collection par Wedrivit","article_published_time":"2022-10-13T14:12:32+00:00","article_modified_time":"2022-10-13T14:14:37+00:00","og_image":[{"url":"https:\/\/www.wedrivit.com\/blog\/wp-content\/uploads\/2022\/10\/1.jpg","type":"","width":"","height":""}],"author":"Camille Fiot","twitter_card":"summary_large_image","twitter_misc":{"\u00c9crit par":"Camille Fiot","Dur\u00e9e de lecture estim\u00e9e":"5 minutes"},"schema":{"@context":"https:\/\/schema.org","@graph":[{"@type":"Article","@id":"https:\/\/www.wedrivit.com\/blog\/voiture\/collection\/les-mariages-de-stars-et-leur-arrivee-en-voiture-de-collection#article","isPartOf":{"@id":"https:\/\/www.wedrivit.com\/blog\/voiture\/collection\/les-mariages-de-stars-et-leur-arrivee-en-voiture-de-collection"},"author":{"name":"Camille Fiot","@id":"https:\/\/www.wedrivit.com\/blog\/#\/schema\/person\/bd337a50a9dbdcb584b97dfc6b7a7008"},"headline":"Les mariages de stars et leur arriv\u00e9e en voiture de collection","datePublished":"2022-10-13T14:12:32+00:00","dateModified":"2022-10-13T14:14:37+00:00","mainEntityOfPage":{"@id":"https:\/\/www.wedrivit.com\/blog\/voiture\/collection\/les-mariages-de-stars-et-leur-arrivee-en-voiture-de-collection"},"wordCount":997,"commentCount":0,"publisher":{"@id":"https:\/\/www.wedrivit.com\/blog\/#organization"},"image":{"@id":"https:\/\/www.wedrivit.com\/blog\/voiture\/collection\/les-mariages-de-stars-et-leur-arrivee-en-voiture-de-collection#primaryimage"},"thumbnailUrl":"https:\/\/www.wedrivit.com\/blog\/wp-content\/uploads\/2022\/10\/1.jpg","articleSection":["Tous les articles"],"inLanguage":"fr-FR","potentialAction":[{"@type":"CommentAction","name":"Comment","target":["https:\/\/www.wedrivit.com\/blog\/voiture\/collection\/les-mariages-de-stars-et-leur-arrivee-en-voiture-de-collection#respond"]}]},{"@type":"WebPage","@id":"https:\/\/www.wedrivit.com\/blog\/voiture\/collection\/les-mariages-de-stars-et-leur-arrivee-en-voiture-de-collection","url":"https:\/\/www.wedrivit.com\/blog\/voiture\/collection\/les-mariages-de-stars-et-leur-arrivee-en-voiture-de-collection","name":"Les mariages de stars et leur arriv\u00e9e en voiture de collection - Le blog des voitures de collection par Wedrivit","isPartOf":{"@id":"https:\/\/www.wedrivit.com\/blog\/#website"},"primaryImageOfPage":{"@id":"https:\/\/www.wedrivit.com\/blog\/voiture\/collection\/les-mariages-de-stars-et-leur-arrivee-en-voiture-de-collection#primaryimage"},"image":{"@id":"https:\/\/www.wedrivit.com\/blog\/voiture\/collection\/les-mariages-de-stars-et-leur-arrivee-en-voiture-de-collection#primaryimage"},"thumbnailUrl":"https:\/\/www.wedrivit.com\/blog\/wp-content\/uploads\/2022\/10\/1.jpg","datePublished":"2022-10-13T14:12:32+00:00","dateModified":"2022-10-13T14:14:37+00:00","description":"Les voitures anciennes ont un c\u00f4t\u00e9 prestigieux de par leur couleur, leur design, leur m\u00e9canique. Voici les mariages des stars en voiture de collection.","breadcrumb":{"@id":"https:\/\/www.wedrivit.com\/blog\/voiture\/collection\/les-mariages-de-stars-et-leur-arrivee-en-voiture-de-collection#breadcrumb"},"inLanguage":"fr-FR","potentialAction":[{"@type":"ReadAction","target":["https:\/\/www.wedrivit.com\/blog\/voiture\/collection\/les-mariages-de-stars-et-leur-arrivee-en-voiture-de-collection"]}]},{"@type":"ImageObject","inLanguage":"fr-FR","@id":"https:\/\/www.wedrivit.com\/blog\/voiture\/collection\/les-mariages-de-stars-et-leur-arrivee-en-voiture-de-collection#primaryimage","url":"https:\/\/www.wedrivit.com\/blog\/wp-content\/uploads\/2022\/10\/1.jpg","contentUrl":"https:\/\/www.wedrivit.com\/blog\/wp-content\/uploads\/2022\/10\/1.jpg","width":1024,"height":640,"caption":"Ford Thunderbird noire."},{"@type":"BreadcrumbList","@id":"https:\/\/www.wedrivit.com\/blog\/voiture\/collection\/les-mariages-de-stars-et-leur-arrivee-en-voiture-de-collection#breadcrumb","itemListElement":[{"@type":"ListItem","position":1,"name":"Home","item":"https:\/\/www.wedrivit.com\/blog\/"},{"@type":"ListItem","position":2,"name":"Les mariages de stars et leur arriv\u00e9e en voiture de collection"}]},{"@type":"WebSite","@id":"https:\/\/www.wedrivit.com\/blog\/#website","url":"https:\/\/www.wedrivit.com\/blog\/","name":"Le blog des voitures de collection par Wedrivit","description":"Tout savoir sur les voitures anciennes grace \u00e0 Wedrivit, la plateforme de location de voitures anciennes entre particuliers.","publisher":{"@id":"https:\/\/www.wedrivit.com\/blog\/#organization"},"potentialAction":[{"@type":"SearchAction","target":{"@type":"EntryPoint","urlTemplate":"https:\/\/www.wedrivit.com\/blog\/?s={search_term_string}"},"query-input":{"@type":"PropertyValueSpecification","valueRequired":true,"valueName":"search_term_string"}}],"inLanguage":"fr-FR"},{"@type":"Organization","@id":"https:\/\/www.wedrivit.com\/blog\/#organization","name":"Le blog des voitures de collection par Wedrivit","url":"https:\/\/www.wedrivit.com\/blog\/","logo":{"@type":"ImageObject","inLanguage":"fr-FR","@id":"https:\/\/www.wedrivit.com\/blog\/#\/schema\/logo\/image\/","url":"https:\/\/www.wedrivit.com\/blog\/wp-content\/uploads\/2024\/12\/wedrivit-blanc-large-2.png","contentUrl":"https:\/\/www.wedrivit.com\/blog\/wp-content\/uploads\/2024\/12\/wedrivit-blanc-large-2.png","caption":"Le blog des voitures de collection par Wedrivit"},"image":{"@id":"https:\/\/www.wedrivit.com\/blog\/#\/schema\/logo\/image\/"}},{"@type":"Person","@id":"https:\/\/www.wedrivit.com\/blog\/#\/schema\/person\/bd337a50a9dbdcb584b97dfc6b7a7008","name":"Camille Fiot","image":{"@type":"ImageObject","inLanguage":"fr-FR","@id":"https:\/\/www.wedrivit.com\/blog\/#\/schema\/person\/image\/","url":"https:\/\/secure.gravatar.com\/avatar\/2f64f3e5fd5b776bb931b6b8fb8d451e04047c77832e87138ce0041eb1434bb2?s=96&d=mm&r=g","contentUrl":"https:\/\/secure.gravatar.com\/avatar\/2f64f3e5fd5b776bb931b6b8fb8d451e04047c77832e87138ce0041eb1434bb2?s=96&d=mm&r=g","caption":"Camille Fiot"},"sameAs":["https:\/\/www.wedrivit.com\/"],"url":"https:\/\/www.wedrivit.com\/blog\/voiture\/collection\/author\/camille-fiot"}]}},"_links":{"self":[{"href":"https:\/\/www.wedrivit.com\/blog\/wp-json\/wp\/v2\/posts\/7001","targetHints":{"allow":["GET"]}}],"collection":[{"href":"https:\/\/www.wedrivit.com\/blog\/wp-json\/wp\/v2\/posts"}],"about":[{"href":"https:\/\/www.wedrivit.com\/blog\/wp-json\/wp\/v2\/types\/post"}],"author":[{"embeddable":true,"href":"https:\/\/www.wedrivit.com\/blog\/wp-json\/wp\/v2\/users\/17"}],"replies":[{"embeddable":true,"href":"https:\/\/www.wedrivit.com\/blog\/wp-json\/wp\/v2\/comments?post=7001"}],"version-history":[{"count":25,"href":"https:\/\/www.wedrivit.com\/blog\/wp-json\/wp\/v2\/posts\/7001\/revisions"}],"predecessor-version":[{"id":7044,"href":"https:\/\/www.wedrivit.com\/blog\/wp-json\/wp\/v2\/posts\/7001\/revisions\/7044"}],"wp:attachment":[{"href":"https:\/\/www.wedrivit.com\/blog\/wp-json\/wp\/v2\/media?parent=7001"}],"wp:term":[{"taxonomy":"category","embeddable":true,"href":"https:\/\/www.wedrivit.com\/blog\/wp-json\/wp\/v2\/categories?post=7001"},{"taxonomy":"post_tag","embeddable":true,"href":"https:\/\/www.wedrivit.com\/blog\/wp-json\/wp\/v2\/tags?post=7001"}],"curies":[{"name":"wp","href":"https:\/\/api.w.org\/{rel}","templated":true}]}}