{"id":615,"date":"2020-07-29T14:06:05","date_gmt":"2020-07-29T12:06:05","guid":{"rendered":"https:\/\/www.classic-hub.com\/blog\/?p=615"},"modified":"2025-09-12T10:52:45","modified_gmt":"2025-09-12T08:52:45","slug":"les-dessous-de-laffaire-schlumpf","status":"publish","type":"post","link":"https:\/\/www.wedrivit.com\/blog\/voiture\/collection\/les-dessous-de-laffaire-schlumpf","title":{"rendered":"Les dessous de l&rsquo;affaire Schlumpf"},"content":{"rendered":"\t\t<div data-elementor-type=\"wp-post\" data-elementor-id=\"615\" class=\"elementor elementor-615\">\n\t\t\t\t\t\t<section class=\"elementor-section elementor-top-section elementor-element elementor-element-3b8caa4 elementor-section-boxed elementor-section-height-default elementor-section-height-default\" data-id=\"3b8caa4\" data-element_type=\"section\">\n\t\t\t\t\t\t<div class=\"elementor-container elementor-column-gap-default\">\n\t\t\t\t\t<div class=\"elementor-column elementor-col-100 elementor-top-column elementor-element elementor-element-30724ac\" data-id=\"30724ac\" data-element_type=\"column\">\n\t\t\t<div class=\"elementor-widget-wrap elementor-element-populated\">\n\t\t\t\t\t\t<div class=\"elementor-element elementor-element-694f1c8 elementor-widget elementor-widget-image\" data-id=\"694f1c8\" data-element_type=\"widget\" data-widget_type=\"image.default\">\n\t\t\t\t<div class=\"elementor-widget-container\">\n\t\t\t\t\t\t\t\t\t\t\t\t\t\t\t<img fetchpriority=\"high\" decoding=\"async\" width=\"1280\" height=\"700\" src=\"https:\/\/www.wedrivit.com\/blog\/wp-content\/uploads\/2020\/07\/Musee-auto-adultes-376-Cite-de-l-Automobile-Collection-Schlumpf-Large.jpg\" class=\"attachment-full size-full wp-image-626\" alt=\"Voiture vintage mus\u00e9e de l&#039;automobile\" srcset=\"https:\/\/www.wedrivit.com\/blog\/wp-content\/uploads\/2020\/07\/Musee-auto-adultes-376-Cite-de-l-Automobile-Collection-Schlumpf-Large.jpg 1280w, https:\/\/www.wedrivit.com\/blog\/wp-content\/uploads\/2020\/07\/Musee-auto-adultes-376-Cite-de-l-Automobile-Collection-Schlumpf-Large-300x164.jpg 300w, https:\/\/www.wedrivit.com\/blog\/wp-content\/uploads\/2020\/07\/Musee-auto-adultes-376-Cite-de-l-Automobile-Collection-Schlumpf-Large-1000x547.jpg 1000w, https:\/\/www.wedrivit.com\/blog\/wp-content\/uploads\/2020\/07\/Musee-auto-adultes-376-Cite-de-l-Automobile-Collection-Schlumpf-Large-768x420.jpg 768w, https:\/\/www.wedrivit.com\/blog\/wp-content\/uploads\/2020\/07\/Musee-auto-adultes-376-Cite-de-l-Automobile-Collection-Schlumpf-Large-500x273.jpg 500w, https:\/\/www.wedrivit.com\/blog\/wp-content\/uploads\/2020\/07\/Musee-auto-adultes-376-Cite-de-l-Automobile-Collection-Schlumpf-Large-1024x560.jpg 1024w\" sizes=\"(max-width: 1280px) 100vw, 1280px\" \/>\t\t\t\t\t\t\t\t\t\t\t\t\t\t\t<\/div>\n\t\t\t\t<\/div>\n\t\t\t\t\t<\/div>\n\t\t<\/div>\n\t\t\t\t\t<\/div>\n\t\t<\/section>\n\t\t\t\t<section class=\"elementor-section elementor-top-section elementor-element elementor-element-40e2c5d elementor-section-boxed elementor-section-height-default elementor-section-height-default\" data-id=\"40e2c5d\" data-element_type=\"section\">\n\t\t\t\t\t\t<div class=\"elementor-container elementor-column-gap-default\">\n\t\t\t\t\t<div class=\"elementor-column elementor-col-100 elementor-top-column elementor-element elementor-element-9c647c9\" data-id=\"9c647c9\" data-element_type=\"column\">\n\t\t\t<div class=\"elementor-widget-wrap elementor-element-populated\">\n\t\t\t\t\t\t<div class=\"elementor-element elementor-element-4e55241 elementor-widget elementor-widget-heading\" data-id=\"4e55241\" data-element_type=\"widget\" data-widget_type=\"heading.default\">\n\t\t\t\t<div class=\"elementor-widget-container\">\n\t\t\t\t\t<h2 class=\"elementor-heading-title elementor-size-default\">Les sombres ressorts de                               \u00abl\u2019affaire Schlumpf\u00bb<\/h2>\t\t\t\t<\/div>\n\t\t\t\t<\/div>\n\t\t\t\t\t<\/div>\n\t\t<\/div>\n\t\t\t\t\t<\/div>\n\t\t<\/section>\n\t\t\t\t<section class=\"elementor-section elementor-top-section elementor-element elementor-element-3f642a6 elementor-section-boxed elementor-section-height-default elementor-section-height-default\" data-id=\"3f642a6\" data-element_type=\"section\">\n\t\t\t\t\t\t<div class=\"elementor-container elementor-column-gap-default\">\n\t\t\t\t\t<div class=\"elementor-column elementor-col-100 elementor-top-column elementor-element elementor-element-ce4b1a4\" data-id=\"ce4b1a4\" data-element_type=\"column\">\n\t\t\t<div class=\"elementor-widget-wrap elementor-element-populated\">\n\t\t\t\t\t\t<div class=\"elementor-element elementor-element-bacf25d elementor-widget elementor-widget-text-editor\" data-id=\"bacf25d\" data-element_type=\"widget\" data-widget_type=\"text-editor.default\">\n\t\t\t\t<div class=\"elementor-widget-container\">\n\t\t\t\t\t\t\t\t\t<p><span style=\"font-weight: 400; color: #000000;\">Un vaste hangar d\u2019usine H.K.C \u00e0 Mulhouse. Plus de 430<strong> voitures de collection<\/strong> entrepos\u00e9es. La col\u00e8re de 2000 ouvriers licenci\u00e9s et un bras de fer pour obtenir gain de cause aupr\u00e8s des autorit\u00e9s.<\/span><\/p><p><span style=\"font-weight: 400; color: #000000;\"><strong>L\u2019affaire Schlumpf<\/strong> aura, pendant pr\u00e8s de 10 ans, d\u00e9cha\u00een\u00e9es les passions et les ranc\u0153urs, symboles d\u2019une \u00e9poque qui voit na\u00eetre le capitalisme et la contestation sociale. Petit tour d\u2019horizon de l\u2019une des plus grandes affaires du monde automobile du XXe si\u00e8cle.<\/span><\/p>\t\t\t\t\t\t\t\t<\/div>\n\t\t\t\t<\/div>\n\t\t\t\t\t<\/div>\n\t\t<\/div>\n\t\t\t\t\t<\/div>\n\t\t<\/section>\n\t\t\t\t<section class=\"elementor-section elementor-top-section elementor-element elementor-element-9d6a925 elementor-section-boxed elementor-section-height-default elementor-section-height-default\" data-id=\"9d6a925\" data-element_type=\"section\">\n\t\t\t\t\t\t<div class=\"elementor-container elementor-column-gap-default\">\n\t\t\t\t\t<div class=\"elementor-column elementor-col-100 elementor-top-column elementor-element elementor-element-cb92a7d\" data-id=\"cb92a7d\" data-element_type=\"column\">\n\t\t\t<div class=\"elementor-widget-wrap elementor-element-populated\">\n\t\t\t\t\t\t<div class=\"elementor-element elementor-element-436af88 elementor-widget elementor-widget-heading\" data-id=\"436af88\" data-element_type=\"widget\" data-widget_type=\"heading.default\">\n\t\t\t\t<div class=\"elementor-widget-container\">\n\t\t\t\t\t<h2 class=\"elementor-heading-title elementor-size-default\">Bienvenue au Mus\u00e9e National de  l\u2019Automobile !<\/h2>\t\t\t\t<\/div>\n\t\t\t\t<\/div>\n\t\t\t\t\t<\/div>\n\t\t<\/div>\n\t\t\t\t\t<\/div>\n\t\t<\/section>\n\t\t\t\t<section class=\"elementor-section elementor-top-section elementor-element elementor-element-cd51d9e elementor-section-boxed elementor-section-height-default elementor-section-height-default\" data-id=\"cd51d9e\" data-element_type=\"section\">\n\t\t\t\t\t\t<div class=\"elementor-container elementor-column-gap-default\">\n\t\t\t\t\t<div class=\"elementor-column elementor-col-100 elementor-top-column elementor-element elementor-element-6f6264e\" data-id=\"6f6264e\" data-element_type=\"column\">\n\t\t\t<div class=\"elementor-widget-wrap elementor-element-populated\">\n\t\t\t\t\t\t<section class=\"elementor-section elementor-inner-section elementor-element elementor-element-1e934e2 elementor-section-boxed elementor-section-height-default elementor-section-height-default\" data-id=\"1e934e2\" data-element_type=\"section\">\n\t\t\t\t\t\t<div class=\"elementor-container elementor-column-gap-default\">\n\t\t\t\t\t<div class=\"elementor-column elementor-col-50 elementor-inner-column elementor-element elementor-element-aad9463\" data-id=\"aad9463\" data-element_type=\"column\">\n\t\t\t<div class=\"elementor-widget-wrap elementor-element-populated\">\n\t\t\t\t\t\t<div class=\"elementor-element elementor-element-9c5e1db elementor-widget elementor-widget-text-editor\" data-id=\"9c5e1db\" data-element_type=\"widget\" data-widget_type=\"text-editor.default\">\n\t\t\t\t<div class=\"elementor-widget-container\">\n\t\t\t\t\t\t\t\t\t<p><span style=\"font-weight: 400; color: #000000;\">Mulhouse, le Grand Est et les d\u00e9gustations de Riesling vous m\u00e8neront naturellement \u00e0 la Cit\u00e9 de l\u2019Automobile, joyau du tourisme alsacien et fiert\u00e9 de tout habitant du Haut Rhin. <\/span><\/p><p><span style=\"font-weight: 400; color: #000000;\">Ce site semble \u00e0 lui seul regrouper tous les superlatifs du monde automobile\u00a0: plus de 500 <strong>v\u00e9hicules de collection<\/strong> qui constituent la plus importante <strong>collection de voitures anciennes<\/strong> du monde, la plus grande collection de Bugatti en Europe, une usine textile class\u00e9e au patrimoine des monuments historiques de l\u2019Unesco. Ce site h\u00e9berge la c\u00e9l\u00e8bre collection des <strong>fr\u00e8res Schlumpf<\/strong>, grands industriels suisses passionn\u00e9s de carrosserie et de textile.\u00a0<\/span><\/p><p><span style=\"font-weight: 400; color: #000000;\">Aujourd\u2019hui, cette collection se constitue de 437 automobiles retra\u00e7ant l\u2019histoire des voitures europ\u00e9ennes \u00e0 travers les si\u00e8cles. Dans un espace de 17\u00a0000 m\u00b2, sur un sol de gravillons lav\u00e9s, sont expos\u00e9es 98 marques diff\u00e9rentes de v\u00e9hicules, dont 14 <a href=\"https:\/\/www.wedrivit.com\/location-rolls-royce\">Rolls Royce<\/a> et 120 <a href=\"https:\/\/www.wedrivit.com\/location-bugatti\">Bugatti<\/a>.\u00a0<\/span><\/p>\t\t\t\t\t\t\t\t<\/div>\n\t\t\t\t<\/div>\n\t\t\t\t\t<\/div>\n\t\t<\/div>\n\t\t\t\t<div class=\"elementor-column elementor-col-50 elementor-inner-column elementor-element elementor-element-a30c14c\" data-id=\"a30c14c\" data-element_type=\"column\">\n\t\t\t<div class=\"elementor-widget-wrap elementor-element-populated\">\n\t\t\t\t\t\t<div class=\"elementor-element elementor-element-9c07d2f elementor-widget elementor-widget-image\" data-id=\"9c07d2f\" data-element_type=\"widget\" data-widget_type=\"image.default\">\n\t\t\t\t<div class=\"elementor-widget-container\">\n\t\t\t\t\t\t\t\t\t\t\t\t\t\t\t<img decoding=\"async\" width=\"688\" height=\"459\" src=\"https:\/\/www.wedrivit.com\/blog\/wp-content\/uploads\/2020\/07\/sch.jpg\" class=\"attachment-large size-large wp-image-624\" alt=\"Mus\u00e9e de l&#039;automobile\" srcset=\"https:\/\/www.wedrivit.com\/blog\/wp-content\/uploads\/2020\/07\/sch.jpg 688w, https:\/\/www.wedrivit.com\/blog\/wp-content\/uploads\/2020\/07\/sch-300x200.jpg 300w, https:\/\/www.wedrivit.com\/blog\/wp-content\/uploads\/2020\/07\/sch-500x334.jpg 500w\" sizes=\"(max-width: 688px) 100vw, 688px\" \/>\t\t\t\t\t\t\t\t\t\t\t\t\t\t\t<\/div>\n\t\t\t\t<\/div>\n\t\t\t\t<div class=\"elementor-element elementor-element-b4c948c elementor-widget elementor-widget-text-editor\" data-id=\"b4c948c\" data-element_type=\"widget\" data-widget_type=\"text-editor.default\">\n\t\t\t\t<div class=\"elementor-widget-container\">\n\t\t\t\t\t\t\t\t\t<p style=\"caret-color: #000000; color: #000000;\">Si vous d\u00e9ambulez dans ces all\u00e9es carrel\u00e9es sous les lampadaires identiques \u00e0 ceux du pont Alexandre III \u00e0 Paris, arr\u00eatez-vous sur quelques mod\u00e8les embl\u00e9matiques. A votre droite, la Bugatti Royale, la voiture la plus ch\u00e8re du monde ayant appartenue au fondateur Ettore Bugatti. A votre gauche, une Rolls Royce Silver Ghost Landaulet 1924, petit joyau d\u2019une \u00e9poque aujourd\u2019hui r\u00e9volue.<\/p><p style=\"caret-color: #000000; color: #000000;\">Mais derri\u00e8re l\u2019\u00e9merveillement se cache une histoire sombre sur fond de lutte des classes et de fermeture d\u2019usine.<\/p>\t\t\t\t\t\t\t\t<\/div>\n\t\t\t\t<\/div>\n\t\t\t\t\t<\/div>\n\t\t<\/div>\n\t\t\t\t\t<\/div>\n\t\t<\/section>\n\t\t\t\t\t<\/div>\n\t\t<\/div>\n\t\t\t\t\t<\/div>\n\t\t<\/section>\n\t\t\t\t<section class=\"elementor-section elementor-top-section elementor-element elementor-element-520737b elementor-section-boxed elementor-section-height-default elementor-section-height-default\" data-id=\"520737b\" data-element_type=\"section\">\n\t\t\t\t\t\t<div class=\"elementor-container elementor-column-gap-default\">\n\t\t\t\t\t<div class=\"elementor-column elementor-col-100 elementor-top-column elementor-element elementor-element-3bdbfe0\" data-id=\"3bdbfe0\" data-element_type=\"column\">\n\t\t\t<div class=\"elementor-widget-wrap elementor-element-populated\">\n\t\t\t\t\t\t<div class=\"elementor-element elementor-element-89542d7 elementor-widget elementor-widget-heading\" data-id=\"89542d7\" data-element_type=\"widget\" data-widget_type=\"heading.default\">\n\t\t\t\t<div class=\"elementor-widget-container\">\n\t\t\t\t\t<h2 class=\"elementor-heading-title elementor-size-default\">L\u2019ascension fulgurante des fr\u00e8res Schlumpf<\/h2>\t\t\t\t<\/div>\n\t\t\t\t<\/div>\n\t\t\t\t\t<\/div>\n\t\t<\/div>\n\t\t\t\t\t<\/div>\n\t\t<\/section>\n\t\t\t\t<section class=\"elementor-section elementor-top-section elementor-element elementor-element-c54d572 elementor-section-boxed elementor-section-height-default elementor-section-height-default\" data-id=\"c54d572\" data-element_type=\"section\">\n\t\t\t\t\t\t<div class=\"elementor-container elementor-column-gap-default\">\n\t\t\t\t\t<div class=\"elementor-column elementor-col-100 elementor-top-column elementor-element elementor-element-f994149\" data-id=\"f994149\" data-element_type=\"column\">\n\t\t\t<div class=\"elementor-widget-wrap elementor-element-populated\">\n\t\t\t\t\t\t<div class=\"elementor-element elementor-element-957c400 elementor-widget elementor-widget-text-editor\" data-id=\"957c400\" data-element_type=\"widget\" data-widget_type=\"text-editor.default\">\n\t\t\t\t<div class=\"elementor-widget-container\">\n\t\t\t\t\t\t\t\t\t<p><span style=\"font-weight: 400; color: #000000;\">Car si aujourd\u2019hui l\u2019on parle de <strong>l\u2019affaire Schlumpf<\/strong> comme le reflet d\u2019un climat social tendu, il faut savoir que l\u2019ascension des <strong>fr\u00e8res Schlumpf<\/strong> a longtemps \u00e9t\u00e9 \u00e9rig\u00e9e comme un mod\u00e8le de r\u00e9ussite dans une Europe post guerre. Ayant grandis \u00e0 Mulhouse, les <strong>fr\u00e8res Schlumpf<\/strong> s\u2019int\u00e9ressent tr\u00e8s vite en 1935 \u00e0 la branche textile et notamment \u00e0 une entreprise, la Filature de laine peign\u00e9e de Malmerspach dont ils deviennent d\u2019abord actionnaires puis dirigeants. Deux profils financiers qui n\u2019auront de cesse de racheter les industries laini\u00e8res et filatures d\u2019Alsace. Les deux fr\u00e8res parviennent tr\u00e8s vite \u00e0 se forger un empire textile, devenant des acteurs majeurs de cette hyper-croissance des ann\u00e9es 60.\u00a0<\/span><\/p><p><span style=\"font-weight: 400; color: #000000;\">C\u2019est en 1957 que les<strong> fr\u00e8res Schlumpf<\/strong> rach\u00e8tent l\u2019industrie de filature de laine HKC de Mulhouse qui deviendra un hangar pour entreposer leurs voitures et l\u2019\u00e9picentre de <strong>l\u2019affaire Schlumpf<\/strong>. En 1970, le d\u00e9but de la crise du textile mettra un terme \u00e0 cette ascension fulgurante.<\/span><\/p>\t\t\t\t\t\t\t\t<\/div>\n\t\t\t\t<\/div>\n\t\t\t\t\t<\/div>\n\t\t<\/div>\n\t\t\t\t\t<\/div>\n\t\t<\/section>\n\t\t\t\t<section class=\"elementor-section elementor-top-section elementor-element elementor-element-8346d57 elementor-section-boxed elementor-section-height-default elementor-section-height-default\" data-id=\"8346d57\" data-element_type=\"section\">\n\t\t\t\t\t\t<div class=\"elementor-container elementor-column-gap-default\">\n\t\t\t\t\t<div class=\"elementor-column elementor-col-100 elementor-top-column elementor-element elementor-element-81673b7\" data-id=\"81673b7\" data-element_type=\"column\">\n\t\t\t<div class=\"elementor-widget-wrap elementor-element-populated\">\n\t\t\t\t\t\t<div class=\"elementor-element elementor-element-45a182a elementor-widget elementor-widget-image\" data-id=\"45a182a\" data-element_type=\"widget\" data-widget_type=\"image.default\">\n\t\t\t\t<div class=\"elementor-widget-container\">\n\t\t\t\t\t\t\t\t\t\t\t\t\t\t\t<img decoding=\"async\" width=\"1000\" height=\"525\" src=\"https:\/\/www.wedrivit.com\/blog\/wp-content\/uploads\/2020\/07\/photo-1447021469-1000x525.jpg\" class=\"attachment-large size-large wp-image-625\" alt=\"Les fr\u00e8res Schlumpf\" srcset=\"https:\/\/www.wedrivit.com\/blog\/wp-content\/uploads\/2020\/07\/photo-1447021469-1000x525.jpg 1000w, https:\/\/www.wedrivit.com\/blog\/wp-content\/uploads\/2020\/07\/photo-1447021469-300x158.jpg 300w, https:\/\/www.wedrivit.com\/blog\/wp-content\/uploads\/2020\/07\/photo-1447021469-768x403.jpg 768w, https:\/\/www.wedrivit.com\/blog\/wp-content\/uploads\/2020\/07\/photo-1447021469-500x263.jpg 500w, https:\/\/www.wedrivit.com\/blog\/wp-content\/uploads\/2020\/07\/photo-1447021469-1024x538.jpg 1024w, https:\/\/www.wedrivit.com\/blog\/wp-content\/uploads\/2020\/07\/photo-1447021469.jpg 1200w\" sizes=\"(max-width: 1000px) 100vw, 1000px\" \/>\t\t\t\t\t\t\t\t\t\t\t\t\t\t\t<\/div>\n\t\t\t\t<\/div>\n\t\t\t\t\t<\/div>\n\t\t<\/div>\n\t\t\t\t\t<\/div>\n\t\t<\/section>\n\t\t\t\t<section class=\"elementor-section elementor-top-section elementor-element elementor-element-1592a15 elementor-section-boxed elementor-section-height-default elementor-section-height-default\" data-id=\"1592a15\" data-element_type=\"section\">\n\t\t\t\t\t\t<div class=\"elementor-container elementor-column-gap-default\">\n\t\t\t\t\t<div class=\"elementor-column elementor-col-100 elementor-top-column elementor-element elementor-element-9f54e3a\" data-id=\"9f54e3a\" data-element_type=\"column\">\n\t\t\t<div class=\"elementor-widget-wrap elementor-element-populated\">\n\t\t\t\t\t\t<div class=\"elementor-element elementor-element-dce2ea8 elementor-widget elementor-widget-heading\" data-id=\"dce2ea8\" data-element_type=\"widget\" data-widget_type=\"heading.default\">\n\t\t\t\t<div class=\"elementor-widget-container\">\n\t\t\t\t\t<h2 class=\"elementor-heading-title elementor-size-default\">Deux passionn\u00e9s d\u2019automobile, un projet dantesque<\/h2>\t\t\t\t<\/div>\n\t\t\t\t<\/div>\n\t\t\t\t\t<\/div>\n\t\t<\/div>\n\t\t\t\t\t<\/div>\n\t\t<\/section>\n\t\t\t\t<section class=\"elementor-section elementor-top-section elementor-element elementor-element-6eba303 elementor-section-boxed elementor-section-height-default elementor-section-height-default\" data-id=\"6eba303\" data-element_type=\"section\">\n\t\t\t\t\t\t<div class=\"elementor-container elementor-column-gap-default\">\n\t\t\t\t\t<div class=\"elementor-column elementor-col-100 elementor-top-column elementor-element elementor-element-75dd853\" data-id=\"75dd853\" data-element_type=\"column\">\n\t\t\t<div class=\"elementor-widget-wrap elementor-element-populated\">\n\t\t\t\t\t\t<section class=\"elementor-section elementor-inner-section elementor-element elementor-element-1cbf9ba elementor-section-boxed elementor-section-height-default elementor-section-height-default\" data-id=\"1cbf9ba\" data-element_type=\"section\">\n\t\t\t\t\t\t<div class=\"elementor-container elementor-column-gap-default\">\n\t\t\t\t\t<div class=\"elementor-column elementor-col-50 elementor-inner-column elementor-element elementor-element-fa36bf5\" data-id=\"fa36bf5\" data-element_type=\"column\">\n\t\t\t<div class=\"elementor-widget-wrap elementor-element-populated\">\n\t\t\t\t\t\t<div class=\"elementor-element elementor-element-97fe825 elementor-widget elementor-widget-text-editor\" data-id=\"97fe825\" data-element_type=\"widget\" data-widget_type=\"text-editor.default\">\n\t\t\t\t<div class=\"elementor-widget-container\">\n\t\t\t\t\t\t\t\t\t<p><span style=\"font-weight: 400; color: #000000;\">Mais, une collection de <strong>voitures anciennes<\/strong> n\u2019est pas seulement une question d\u2019achat de v\u00e9hicules. A partir de 1967, Fritz entreprend de restaurer ses v\u00e9hicules en cr\u00e9ant, par exemple, un accord avec les usines Bugatti de Molsheim. En 1976, Il d\u00e9cide d\u2019ouvrir sa <strong>collection<\/strong> au public en l\u2019exposant dans l\u2019usine H.K.C am\u00e9nag\u00e9e pour l\u2019occasion : fontaines Wallace, salles de r\u00e9ception, billets d\u2019entr\u00e9e imprim\u00e9s.\u00a0<\/span><\/p>\t\t\t\t\t\t\t\t<\/div>\n\t\t\t\t<\/div>\n\t\t\t\t<div class=\"elementor-element elementor-element-6d198ed elementor-widget elementor-widget-image\" data-id=\"6d198ed\" data-element_type=\"widget\" data-widget_type=\"image.default\">\n\t\t\t\t<div class=\"elementor-widget-container\">\n\t\t\t\t\t\t\t\t\t\t\t\t\t\t\t<img loading=\"lazy\" decoding=\"async\" width=\"1000\" height=\"667\" src=\"https:\/\/www.wedrivit.com\/blog\/wp-content\/uploads\/2020\/07\/CDA-1000x667.jpg\" class=\"attachment-large size-large wp-image-649\" alt=\"Collection voiture Schlumpf\" srcset=\"https:\/\/www.wedrivit.com\/blog\/wp-content\/uploads\/2020\/07\/CDA-1000x667.jpg 1000w, https:\/\/www.wedrivit.com\/blog\/wp-content\/uploads\/2020\/07\/CDA-300x200.jpg 300w, https:\/\/www.wedrivit.com\/blog\/wp-content\/uploads\/2020\/07\/CDA-768x512.jpg 768w, https:\/\/www.wedrivit.com\/blog\/wp-content\/uploads\/2020\/07\/CDA-500x333.jpg 500w, https:\/\/www.wedrivit.com\/blog\/wp-content\/uploads\/2020\/07\/CDA-1024x683.jpg 1024w, https:\/\/www.wedrivit.com\/blog\/wp-content\/uploads\/2020\/07\/CDA.jpg 1200w\" sizes=\"(max-width: 1000px) 100vw, 1000px\" \/>\t\t\t\t\t\t\t\t\t\t\t\t\t\t\t<\/div>\n\t\t\t\t<\/div>\n\t\t\t\t\t<\/div>\n\t\t<\/div>\n\t\t\t\t<div class=\"elementor-column elementor-col-50 elementor-inner-column elementor-element elementor-element-eb8eb26\" data-id=\"eb8eb26\" data-element_type=\"column\">\n\t\t\t<div class=\"elementor-widget-wrap elementor-element-populated\">\n\t\t\t\t\t\t<div class=\"elementor-element elementor-element-08294d1 elementor-widget elementor-widget-text-editor\" data-id=\"08294d1\" data-element_type=\"widget\" data-widget_type=\"text-editor.default\">\n\t\t\t\t<div class=\"elementor-widget-container\">\n\t\t\t\t\t\t\t\t\t<p><span style=\"font-weight: 400; color: #000000;\">Tout est fait pour rendre compte de l\u2019apog\u00e9e de la puissance industrielle et culturelle des deux fr\u00e8res\u00a0: une usine textile \u00e0 dimension r\u00e9gionale accueillant la plus grande <strong>collection<\/strong> de Bugatti du monde. \u00a0<\/span><span style=\"font-weight: 400; color: #000000;\">Derri\u00e8re les hommes d\u2019affaire se cachent des grands collectionneurs. <strong>Fritz Schlumpf<\/strong>, en parall\u00e8le de ses affaires, consacre une partie de son temps et des ses ressources \u00e0 la cr\u00e9ation d\u2019une collection de <strong>voitures anciennes.<\/strong><\/span><\/p><p><span style=\"font-weight: 400; color: #000000;\"> Ce proche d&rsquo;Ettore Bugatti et de Maurice Trintignant se lance ainsi dans l\u2019acquisition de voitures. Petit \u00e0 petit, il tisse un large r\u00e9seau de relations entre constructeurs et pilotes afin de d\u00e9nicher les perles rares. <\/span><span style=\"font-weight: 400; color: #000000;\">En 6 ans, Fritz constitue une collection de 560 voitures compos\u00e9e principalement de Bugatti. C\u2019est en 1963 qu\u2019il acquiert la voiture personnelle d\u2019Ettore Bugatti lors du rachat de Bugatti par le constructeur fran\u00e7ais Hispano Suiza. Cette pi\u00e8ce deviendra le chef d\u2019\u0153uvre de sa <strong>collection<\/strong>.<\/span><\/p>\t\t\t\t\t\t\t\t<\/div>\n\t\t\t\t<\/div>\n\t\t\t\t\t<\/div>\n\t\t<\/div>\n\t\t\t\t\t<\/div>\n\t\t<\/section>\n\t\t\t\t\t<\/div>\n\t\t<\/div>\n\t\t\t\t\t<\/div>\n\t\t<\/section>\n\t\t\t\t<section class=\"elementor-section elementor-top-section elementor-element elementor-element-e8d7e93 elementor-section-boxed elementor-section-height-default elementor-section-height-default\" data-id=\"e8d7e93\" data-element_type=\"section\">\n\t\t\t\t\t\t<div class=\"elementor-container elementor-column-gap-default\">\n\t\t\t\t\t<div class=\"elementor-column elementor-col-100 elementor-top-column elementor-element elementor-element-54a82c8\" data-id=\"54a82c8\" data-element_type=\"column\">\n\t\t\t<div class=\"elementor-widget-wrap elementor-element-populated\">\n\t\t\t\t\t\t<div class=\"elementor-element elementor-element-0688847 elementor-widget elementor-widget-heading\" data-id=\"0688847\" data-element_type=\"widget\" data-widget_type=\"heading.default\">\n\t\t\t\t<div class=\"elementor-widget-container\">\n\t\t\t\t\t<h2 class=\"elementor-heading-title elementor-size-default\">Crise et faits syndicaux : l\u2019affaire Schlumpf<\/h2>\t\t\t\t<\/div>\n\t\t\t\t<\/div>\n\t\t\t\t\t<\/div>\n\t\t<\/div>\n\t\t\t\t\t<\/div>\n\t\t<\/section>\n\t\t\t\t<section class=\"elementor-section elementor-top-section elementor-element elementor-element-fc97e28 elementor-section-boxed elementor-section-height-default elementor-section-height-default\" data-id=\"fc97e28\" data-element_type=\"section\">\n\t\t\t\t\t\t<div class=\"elementor-container elementor-column-gap-default\">\n\t\t\t\t\t<div class=\"elementor-column elementor-col-100 elementor-top-column elementor-element elementor-element-39a135a\" data-id=\"39a135a\" data-element_type=\"column\">\n\t\t\t<div class=\"elementor-widget-wrap elementor-element-populated\">\n\t\t\t\t\t\t<div class=\"elementor-element elementor-element-fb9cf42 elementor-widget elementor-widget-text-editor\" data-id=\"fb9cf42\" data-element_type=\"widget\" data-widget_type=\"text-editor.default\">\n\t\t\t\t<div class=\"elementor-widget-container\">\n\t\t\t\t\t\t\t\t\t<p><span style=\"font-weight: 400; color: #000000;\">Le d\u00e9but des ann\u00e9es 1970 marque le coup d\u2019une crise mondiale et d\u2019un ralentissement de l\u2019activit\u00e9. Le secteur du textile, tr\u00e8s lourdement touch\u00e9 ne se voit pas \u00e9pargn\u00e9\u00a0: en octobre 1976, l\u2019usine Malmerspach ferme ses portes et la contestation sociale s\u2019installe. Deux mille employ\u00e9s se retrouvent sans emploi et le groupe<strong> Schlumpf<\/strong> est en cessation d\u2019activit\u00e9.\u00a0<\/span><\/p><p><span style=\"font-weight: 400; color: #000000;\">S\u00e9questr\u00e9s dans leur villa sur le site de Malmerspach, <strong>les fr\u00e8res Schlumpf<\/strong> se r\u00e9fugient en Suisse laissant leur <strong>collection de v\u00e9hicules<\/strong> aux mains des syndicats. Le 7 mars 1977, quelques ouvriers et syndicalistes occupent le site et rebaptisent la collection le \u00ab\u00a0Mus\u00e9e des travailleurs\u00a0\u00bb. C\u2019est le d\u00e9but de <strong>l\u2019affaire Schlumpf<\/strong>\u00a0qui durera plus de deux ans. Parmi les revendications des employ\u00e9s figure la vente de la totalit\u00e9 de la collection pour redresser la tr\u00e9sorerie du groupe.\u00a0<\/span><\/p><p><span style=\"font-weight: 400; color: #000000;\">Le monde d\u00e9couvre ainsi la collection de voitures \u00e0 travers les m\u00e9dias qui couvrent l\u2019\u00e9v\u00e8nement. De nombreuses voix s\u2019\u00e9l\u00e8vent face au luxe et \u00e0 l\u2019ampleur de cette collection et des revendications s\u2019exacerbent contre les fr\u00e8res accus\u00e9s d\u2019avoir favoris\u00e9 leur collection au d\u00e9triment de l\u2019activit\u00e9 textile. Les <strong>fr\u00e8res Schlumpf<\/strong> sont jug\u00e9s pour abus de biens sociaux et fraudes fiscales, entra\u00eenant la confiscation de la collection par l\u2019Etat.<\/span><\/p><p><span style=\"font-weight: 400; color: #000000;\">C\u2019est ainsi que le 14 avril 1978, une d\u00e9cision du Conseil d\u2019Etat cl\u00f4t l\u2019affaire en faisant classer l\u2019ensemble de la <strong>collection<\/strong> \u00e0 l\u2019inventaire des monuments historiques. La collection est autoris\u00e9e \u00e0 la vente et trouve repreneur pour 44 millions de francs avec l\u2019association du Mus\u00e9e National de l\u2019automobile. C\u2019est en 1982 que le mus\u00e9e ouvre ses portes au public pour permettre \u00e0 chacun de profiter de la plus grande collection de <strong>voitures anciennes<\/strong> du monde.<\/span><\/p><p><span style=\"font-weight: 400; color: #000000;\"><strong>L\u2019affaire Schlumpf<\/strong>, si elle a d\u00e9cha\u00een\u00e9 les passions \u00e0 travers le monde cristallise aujourd\u2019hui l\u2019ouverture au tourisme d\u2019une ancienne r\u00e9gion industrielle, r\u00eave \u00e9chou\u00e9 de deux fr\u00e8res passionn\u00e9s.<\/span><\/p>\t\t\t\t\t\t\t\t<\/div>\n\t\t\t\t<\/div>\n\t\t\t\t\t<\/div>\n\t\t<\/div>\n\t\t\t\t\t<\/div>\n\t\t<\/section>\n\t\t\t\t<section class=\"elementor-section elementor-top-section elementor-element elementor-element-087c96f elementor-section-boxed elementor-section-height-default elementor-section-height-default\" data-id=\"087c96f\" data-element_type=\"section\">\n\t\t\t\t\t\t<div class=\"elementor-container elementor-column-gap-default\">\n\t\t\t\t\t<div class=\"elementor-column elementor-col-100 elementor-top-column elementor-element elementor-element-286853d\" data-id=\"286853d\" data-element_type=\"column\">\n\t\t\t<div class=\"elementor-widget-wrap elementor-element-populated\">\n\t\t\t\t\t\t<div class=\"elementor-element elementor-element-ac35d20 elementor-widget elementor-widget-text-editor\" data-id=\"ac35d20\" data-element_type=\"widget\" data-widget_type=\"text-editor.default\">\n\t\t\t\t<div class=\"elementor-widget-container\">\n\t\t\t\t\t\t\t\t\t<p><span style=\"color: #000000;\">Venez \u00e0 la d\u00e9couverte de la r\u00e9gion Alsacienne et du fameux Mus\u00e9e National de l&rsquo;automobile,\u00a0<\/span><a href=\"https:\/\/www.wedrivit.com\/blog\/voiture\/collection\/alsace-en-voiture-ancienne\/\">cliquez ici<\/a> <span style=\"color: #000000;\">pour\u00a0d\u00e9couvrir notre article !<\/span><\/p><p>Prenez la route\u00a0pour\u00a0ce p\u00e9riple en voiture de collection avec Wedrivit !\u00a0<\/p>\t\t\t\t\t\t\t\t<\/div>\n\t\t\t\t<\/div>\n\t\t\t\t\t<\/div>\n\t\t<\/div>\n\t\t\t\t\t<\/div>\n\t\t<\/section>\n\t\t\t\t<section class=\"elementor-section elementor-top-section elementor-element elementor-element-a7e6056 elementor-section-boxed elementor-section-height-default elementor-section-height-default\" data-id=\"a7e6056\" data-element_type=\"section\">\n\t\t\t\t\t\t<div class=\"elementor-container elementor-column-gap-default\">\n\t\t\t\t\t<div class=\"elementor-column elementor-col-100 elementor-top-column elementor-element elementor-element-58a5dc8\" data-id=\"58a5dc8\" data-element_type=\"column\">\n\t\t\t<div class=\"elementor-widget-wrap elementor-element-populated\">\n\t\t\t\t\t\t<div class=\"elementor-element elementor-element-87310af elementor-align-center elementor-widget elementor-widget-button\" data-id=\"87310af\" data-element_type=\"widget\" data-widget_type=\"button.default\">\n\t\t\t\t<div class=\"elementor-widget-container\">\n\t\t\t\t\t\t\t\t\t<div class=\"elementor-button-wrapper\">\n\t\t\t\t\t<a class=\"elementor-button elementor-button-link elementor-size-md elementor-animation-shrink\" href=\"http:\/\/wedrivit.com\">\n\t\t\t\t\t\t<span class=\"elementor-button-content-wrapper\">\n\t\t\t\t\t\t\t\t\t<span class=\"elementor-button-text\">Louer une voiture ancienne<\/span>\n\t\t\t\t\t<\/span>\n\t\t\t\t\t<\/a>\n\t\t\t\t<\/div>\n\t\t\t\t\t\t\t\t<\/div>\n\t\t\t\t<\/div>\n\t\t\t\t<div class=\"elementor-element elementor-element-a704b73 elementor-widget elementor-widget-spacer\" data-id=\"a704b73\" data-element_type=\"widget\" data-widget_type=\"spacer.default\">\n\t\t\t\t<div class=\"elementor-widget-container\">\n\t\t\t\t\t\t\t<div class=\"elementor-spacer\">\n\t\t\t<div class=\"elementor-spacer-inner\"><\/div>\n\t\t<\/div>\n\t\t\t\t\t\t<\/div>\n\t\t\t\t<\/div>\n\t\t\t\t\t<\/div>\n\t\t<\/div>\n\t\t\t\t\t<\/div>\n\t\t<\/section>\n\t\t\t\t<section class=\"elementor-section elementor-top-section elementor-element elementor-element-952ff94 elementor-section-boxed elementor-section-height-default elementor-section-height-default\" data-id=\"952ff94\" data-element_type=\"section\">\n\t\t\t\t\t\t<div class=\"elementor-container elementor-column-gap-default\">\n\t\t\t\t\t<div class=\"elementor-column elementor-col-100 elementor-top-column elementor-element elementor-element-313d97f\" data-id=\"313d97f\" data-element_type=\"column\">\n\t\t\t<div class=\"elementor-widget-wrap elementor-element-populated\">\n\t\t\t\t\t\t<div class=\"elementor-element elementor-element-8e93b45 elementor-widget elementor-widget-text-editor\" data-id=\"8e93b45\" data-element_type=\"widget\" data-widget_type=\"text-editor.default\">\n\t\t\t\t<div class=\"elementor-widget-container\">\n\t\t\t\t\t\t\t\t\t<p><span style=\"color: #000000;\">D\u00e9couvrir d&rsquo;autres articles de blog :<\/span><\/p><p><span style=\"color: #993300;\"><a style=\"color: #993300;\" href=\"https:\/\/www.wedrivit.com\/blog\/voiture\/collection\/journees-europeennes-du-patrimoine\/\" target=\"_blank\" rel=\"noopener\">Les journ\u00e9es europ\u00e9ennes du Patrimoine<\/a><\/span><\/p><p><span style=\"color: #993300;\"><a style=\"color: #993300;\" href=\"https:\/\/www.wedrivit.com\/blog\/voiture\/collection\/musees-automobile-france\/\">Les mus\u00e9es de l&rsquo;automobile en France<\/a><\/span><\/p>\t\t\t\t\t\t\t\t<\/div>\n\t\t\t\t<\/div>\n\t\t\t\t\t<\/div>\n\t\t<\/div>\n\t\t\t\t\t<\/div>\n\t\t<\/section>\n\t\t\t\t<\/div>\n\t\t","protected":false},"excerpt":{"rendered":"<p>Les dessous de l&rsquo;affaire Schlumpf<\/p>\n","protected":false},"author":3,"featured_media":625,"comment_status":"open","ping_status":"open","sticky":false,"template":"","format":"standard","meta":{"footnotes":""},"categories":[6],"tags":[],"class_list":["post-615","post","type-post","status-publish","format-standard","has-post-thumbnail","hentry","category-voiture"],"yoast_head":"<!-- This site is optimized with the Yoast SEO plugin v26.9 - https:\/\/yoast.com\/product\/yoast-seo-wordpress\/ -->\n<title>Les dessous de l&#039;affaire Schlumpf - Wedrivit - Le blog des voitures de collection par Wedrivit<\/title>\n<meta name=\"description\" content=\"D\u00e9couvrez les dessous de l&#039;affaire Schlumpf et les secret de l&#039;ascension fulgurante de ces deux fr\u00e8res passionn\u00e9s d&#039;automobiles sur le blog Wedrivit.\" \/>\n<meta name=\"robots\" content=\"index, follow, max-snippet:-1, max-image-preview:large, max-video-preview:-1\" \/>\n<link rel=\"canonical\" href=\"https:\/\/www.wedrivit.com\/blog\/voiture\/collection\/les-dessous-de-laffaire-schlumpf\" \/>\n<meta property=\"og:locale\" content=\"fr_FR\" \/>\n<meta property=\"og:type\" content=\"article\" \/>\n<meta property=\"og:title\" content=\"Les dessous de l&#039;affaire Schlumpf - Wedrivit - Le blog des voitures de collection par Wedrivit\" \/>\n<meta property=\"og:description\" content=\"D\u00e9couvrez les dessous de l&#039;affaire Schlumpf et les secret de l&#039;ascension fulgurante de ces deux fr\u00e8res passionn\u00e9s d&#039;automobiles sur le blog Wedrivit.\" \/>\n<meta property=\"og:url\" content=\"https:\/\/www.wedrivit.com\/blog\/voiture\/collection\/les-dessous-de-laffaire-schlumpf\" \/>\n<meta property=\"og:site_name\" content=\"Le blog des voitures de collection par Wedrivit\" \/>\n<meta property=\"article:published_time\" content=\"2020-07-29T12:06:05+00:00\" \/>\n<meta property=\"article:modified_time\" content=\"2025-09-12T08:52:45+00:00\" \/>\n<meta property=\"og:image\" content=\"https:\/\/www.wedrivit.com\/blog\/wp-content\/uploads\/2020\/07\/photo-1447021469.jpg\" \/>\n\t<meta property=\"og:image:width\" content=\"1200\" \/>\n\t<meta property=\"og:image:height\" content=\"630\" \/>\n\t<meta property=\"og:image:type\" content=\"image\/jpeg\" \/>\n<meta name=\"author\" content=\"Victor Cadon\" \/>\n<meta name=\"twitter:card\" content=\"summary_large_image\" \/>\n<meta name=\"twitter:label1\" content=\"\u00c9crit par\" \/>\n\t<meta name=\"twitter:data1\" content=\"Victor Cadon\" \/>\n\t<meta name=\"twitter:label2\" content=\"Dur\u00e9e de lecture estim\u00e9e\" \/>\n\t<meta name=\"twitter:data2\" content=\"7 minutes\" \/>\n<script type=\"application\/ld+json\" class=\"yoast-schema-graph\">{\"@context\":\"https:\/\/schema.org\",\"@graph\":[{\"@type\":\"Article\",\"@id\":\"https:\/\/www.wedrivit.com\/blog\/voiture\/collection\/les-dessous-de-laffaire-schlumpf#article\",\"isPartOf\":{\"@id\":\"https:\/\/www.wedrivit.com\/blog\/voiture\/collection\/les-dessous-de-laffaire-schlumpf\"},\"author\":{\"name\":\"Victor Cadon\",\"@id\":\"https:\/\/www.wedrivit.com\/blog\/#\/schema\/person\/726bf25999c4aa4e5f25825a5daf1012\"},\"headline\":\"Les dessous de l&rsquo;affaire Schlumpf\",\"datePublished\":\"2020-07-29T12:06:05+00:00\",\"dateModified\":\"2025-09-12T08:52:45+00:00\",\"mainEntityOfPage\":{\"@id\":\"https:\/\/www.wedrivit.com\/blog\/voiture\/collection\/les-dessous-de-laffaire-schlumpf\"},\"wordCount\":1189,\"commentCount\":0,\"publisher\":{\"@id\":\"https:\/\/www.wedrivit.com\/blog\/#organization\"},\"image\":{\"@id\":\"https:\/\/www.wedrivit.com\/blog\/voiture\/collection\/les-dessous-de-laffaire-schlumpf#primaryimage\"},\"thumbnailUrl\":\"https:\/\/www.wedrivit.com\/blog\/wp-content\/uploads\/2020\/07\/photo-1447021469.jpg\",\"articleSection\":[\"Voitures\"],\"inLanguage\":\"fr-FR\",\"potentialAction\":[{\"@type\":\"CommentAction\",\"name\":\"Comment\",\"target\":[\"https:\/\/www.wedrivit.com\/blog\/voiture\/collection\/les-dessous-de-laffaire-schlumpf#respond\"]}]},{\"@type\":\"WebPage\",\"@id\":\"https:\/\/www.wedrivit.com\/blog\/voiture\/collection\/les-dessous-de-laffaire-schlumpf\",\"url\":\"https:\/\/www.wedrivit.com\/blog\/voiture\/collection\/les-dessous-de-laffaire-schlumpf\",\"name\":\"Les dessous de l'affaire Schlumpf - Wedrivit - Le blog des voitures de collection par Wedrivit\",\"isPartOf\":{\"@id\":\"https:\/\/www.wedrivit.com\/blog\/#website\"},\"primaryImageOfPage\":{\"@id\":\"https:\/\/www.wedrivit.com\/blog\/voiture\/collection\/les-dessous-de-laffaire-schlumpf#primaryimage\"},\"image\":{\"@id\":\"https:\/\/www.wedrivit.com\/blog\/voiture\/collection\/les-dessous-de-laffaire-schlumpf#primaryimage\"},\"thumbnailUrl\":\"https:\/\/www.wedrivit.com\/blog\/wp-content\/uploads\/2020\/07\/photo-1447021469.jpg\",\"datePublished\":\"2020-07-29T12:06:05+00:00\",\"dateModified\":\"2025-09-12T08:52:45+00:00\",\"description\":\"D\u00e9couvrez les dessous de l'affaire Schlumpf et les secret de l'ascension fulgurante de ces deux fr\u00e8res passionn\u00e9s d'automobiles sur le blog Wedrivit.\",\"breadcrumb\":{\"@id\":\"https:\/\/www.wedrivit.com\/blog\/voiture\/collection\/les-dessous-de-laffaire-schlumpf#breadcrumb\"},\"inLanguage\":\"fr-FR\",\"potentialAction\":[{\"@type\":\"ReadAction\",\"target\":[\"https:\/\/www.wedrivit.com\/blog\/voiture\/collection\/les-dessous-de-laffaire-schlumpf\"]}]},{\"@type\":\"ImageObject\",\"inLanguage\":\"fr-FR\",\"@id\":\"https:\/\/www.wedrivit.com\/blog\/voiture\/collection\/les-dessous-de-laffaire-schlumpf#primaryimage\",\"url\":\"https:\/\/www.wedrivit.com\/blog\/wp-content\/uploads\/2020\/07\/photo-1447021469.jpg\",\"contentUrl\":\"https:\/\/www.wedrivit.com\/blog\/wp-content\/uploads\/2020\/07\/photo-1447021469.jpg\",\"width\":1200,\"height\":630,\"caption\":\"Les fr\u00e8res Schlumpf\"},{\"@type\":\"BreadcrumbList\",\"@id\":\"https:\/\/www.wedrivit.com\/blog\/voiture\/collection\/les-dessous-de-laffaire-schlumpf#breadcrumb\",\"itemListElement\":[{\"@type\":\"ListItem\",\"position\":1,\"name\":\"Home\",\"item\":\"https:\/\/www.wedrivit.com\/blog\/\"},{\"@type\":\"ListItem\",\"position\":2,\"name\":\"Les dessous de l&rsquo;affaire Schlumpf\"}]},{\"@type\":\"WebSite\",\"@id\":\"https:\/\/www.wedrivit.com\/blog\/#website\",\"url\":\"https:\/\/www.wedrivit.com\/blog\/\",\"name\":\"Le blog des voitures de collection par Wedrivit\",\"description\":\"Tout savoir sur les voitures anciennes grace \u00e0 Wedrivit, la plateforme de location de voitures anciennes entre particuliers.\",\"publisher\":{\"@id\":\"https:\/\/www.wedrivit.com\/blog\/#organization\"},\"potentialAction\":[{\"@type\":\"SearchAction\",\"target\":{\"@type\":\"EntryPoint\",\"urlTemplate\":\"https:\/\/www.wedrivit.com\/blog\/?s={search_term_string}\"},\"query-input\":{\"@type\":\"PropertyValueSpecification\",\"valueRequired\":true,\"valueName\":\"search_term_string\"}}],\"inLanguage\":\"fr-FR\"},{\"@type\":\"Organization\",\"@id\":\"https:\/\/www.wedrivit.com\/blog\/#organization\",\"name\":\"Le blog des voitures de collection par Wedrivit\",\"url\":\"https:\/\/www.wedrivit.com\/blog\/\",\"logo\":{\"@type\":\"ImageObject\",\"inLanguage\":\"fr-FR\",\"@id\":\"https:\/\/www.wedrivit.com\/blog\/#\/schema\/logo\/image\/\",\"url\":\"https:\/\/www.wedrivit.com\/blog\/wp-content\/uploads\/2024\/12\/wedrivit-blanc-large-2.png\",\"contentUrl\":\"https:\/\/www.wedrivit.com\/blog\/wp-content\/uploads\/2024\/12\/wedrivit-blanc-large-2.png\",\"caption\":\"Le blog des voitures de collection par Wedrivit\"},\"image\":{\"@id\":\"https:\/\/www.wedrivit.com\/blog\/#\/schema\/logo\/image\/\"}},{\"@type\":\"Person\",\"@id\":\"https:\/\/www.wedrivit.com\/blog\/#\/schema\/person\/726bf25999c4aa4e5f25825a5daf1012\",\"name\":\"Victor Cadon\",\"image\":{\"@type\":\"ImageObject\",\"inLanguage\":\"fr-FR\",\"@id\":\"https:\/\/www.wedrivit.com\/blog\/#\/schema\/person\/image\/\",\"url\":\"https:\/\/secure.gravatar.com\/avatar\/5607143f9446a5cf6e4f12f6f993f708352af0edc0a429a984a95c7becf0f671?s=96&d=mm&r=g\",\"contentUrl\":\"https:\/\/secure.gravatar.com\/avatar\/5607143f9446a5cf6e4f12f6f993f708352af0edc0a429a984a95c7becf0f671?s=96&d=mm&r=g\",\"caption\":\"Victor Cadon\"},\"sameAs\":[\"http:\/\/classic-hub.com\"],\"url\":\"https:\/\/www.wedrivit.com\/blog\/voiture\/collection\/author\/victor\"}]}<\/script>\n<!-- \/ Yoast SEO plugin. -->","yoast_head_json":{"title":"Les dessous de l'affaire Schlumpf - Wedrivit - Le blog des voitures de collection par Wedrivit","description":"D\u00e9couvrez les dessous de l'affaire Schlumpf et les secret de l'ascension fulgurante de ces deux fr\u00e8res passionn\u00e9s d'automobiles sur le blog Wedrivit.","robots":{"index":"index","follow":"follow","max-snippet":"max-snippet:-1","max-image-preview":"max-image-preview:large","max-video-preview":"max-video-preview:-1"},"canonical":"https:\/\/www.wedrivit.com\/blog\/voiture\/collection\/les-dessous-de-laffaire-schlumpf","og_locale":"fr_FR","og_type":"article","og_title":"Les dessous de l'affaire Schlumpf - Wedrivit - Le blog des voitures de collection par Wedrivit","og_description":"D\u00e9couvrez les dessous de l'affaire Schlumpf et les secret de l'ascension fulgurante de ces deux fr\u00e8res passionn\u00e9s d'automobiles sur le blog Wedrivit.","og_url":"https:\/\/www.wedrivit.com\/blog\/voiture\/collection\/les-dessous-de-laffaire-schlumpf","og_site_name":"Le blog des voitures de collection par Wedrivit","article_published_time":"2020-07-29T12:06:05+00:00","article_modified_time":"2025-09-12T08:52:45+00:00","og_image":[{"width":1200,"height":630,"url":"https:\/\/www.wedrivit.com\/blog\/wp-content\/uploads\/2020\/07\/photo-1447021469.jpg","type":"image\/jpeg"}],"author":"Victor Cadon","twitter_card":"summary_large_image","twitter_misc":{"\u00c9crit par":"Victor Cadon","Dur\u00e9e de lecture estim\u00e9e":"7 minutes"},"schema":{"@context":"https:\/\/schema.org","@graph":[{"@type":"Article","@id":"https:\/\/www.wedrivit.com\/blog\/voiture\/collection\/les-dessous-de-laffaire-schlumpf#article","isPartOf":{"@id":"https:\/\/www.wedrivit.com\/blog\/voiture\/collection\/les-dessous-de-laffaire-schlumpf"},"author":{"name":"Victor Cadon","@id":"https:\/\/www.wedrivit.com\/blog\/#\/schema\/person\/726bf25999c4aa4e5f25825a5daf1012"},"headline":"Les dessous de l&rsquo;affaire Schlumpf","datePublished":"2020-07-29T12:06:05+00:00","dateModified":"2025-09-12T08:52:45+00:00","mainEntityOfPage":{"@id":"https:\/\/www.wedrivit.com\/blog\/voiture\/collection\/les-dessous-de-laffaire-schlumpf"},"wordCount":1189,"commentCount":0,"publisher":{"@id":"https:\/\/www.wedrivit.com\/blog\/#organization"},"image":{"@id":"https:\/\/www.wedrivit.com\/blog\/voiture\/collection\/les-dessous-de-laffaire-schlumpf#primaryimage"},"thumbnailUrl":"https:\/\/www.wedrivit.com\/blog\/wp-content\/uploads\/2020\/07\/photo-1447021469.jpg","articleSection":["Voitures"],"inLanguage":"fr-FR","potentialAction":[{"@type":"CommentAction","name":"Comment","target":["https:\/\/www.wedrivit.com\/blog\/voiture\/collection\/les-dessous-de-laffaire-schlumpf#respond"]}]},{"@type":"WebPage","@id":"https:\/\/www.wedrivit.com\/blog\/voiture\/collection\/les-dessous-de-laffaire-schlumpf","url":"https:\/\/www.wedrivit.com\/blog\/voiture\/collection\/les-dessous-de-laffaire-schlumpf","name":"Les dessous de l'affaire Schlumpf - Wedrivit - Le blog des voitures de collection par Wedrivit","isPartOf":{"@id":"https:\/\/www.wedrivit.com\/blog\/#website"},"primaryImageOfPage":{"@id":"https:\/\/www.wedrivit.com\/blog\/voiture\/collection\/les-dessous-de-laffaire-schlumpf#primaryimage"},"image":{"@id":"https:\/\/www.wedrivit.com\/blog\/voiture\/collection\/les-dessous-de-laffaire-schlumpf#primaryimage"},"thumbnailUrl":"https:\/\/www.wedrivit.com\/blog\/wp-content\/uploads\/2020\/07\/photo-1447021469.jpg","datePublished":"2020-07-29T12:06:05+00:00","dateModified":"2025-09-12T08:52:45+00:00","description":"D\u00e9couvrez les dessous de l'affaire Schlumpf et les secret de l'ascension fulgurante de ces deux fr\u00e8res passionn\u00e9s d'automobiles sur le blog Wedrivit.","breadcrumb":{"@id":"https:\/\/www.wedrivit.com\/blog\/voiture\/collection\/les-dessous-de-laffaire-schlumpf#breadcrumb"},"inLanguage":"fr-FR","potentialAction":[{"@type":"ReadAction","target":["https:\/\/www.wedrivit.com\/blog\/voiture\/collection\/les-dessous-de-laffaire-schlumpf"]}]},{"@type":"ImageObject","inLanguage":"fr-FR","@id":"https:\/\/www.wedrivit.com\/blog\/voiture\/collection\/les-dessous-de-laffaire-schlumpf#primaryimage","url":"https:\/\/www.wedrivit.com\/blog\/wp-content\/uploads\/2020\/07\/photo-1447021469.jpg","contentUrl":"https:\/\/www.wedrivit.com\/blog\/wp-content\/uploads\/2020\/07\/photo-1447021469.jpg","width":1200,"height":630,"caption":"Les fr\u00e8res Schlumpf"},{"@type":"BreadcrumbList","@id":"https:\/\/www.wedrivit.com\/blog\/voiture\/collection\/les-dessous-de-laffaire-schlumpf#breadcrumb","itemListElement":[{"@type":"ListItem","position":1,"name":"Home","item":"https:\/\/www.wedrivit.com\/blog\/"},{"@type":"ListItem","position":2,"name":"Les dessous de l&rsquo;affaire Schlumpf"}]},{"@type":"WebSite","@id":"https:\/\/www.wedrivit.com\/blog\/#website","url":"https:\/\/www.wedrivit.com\/blog\/","name":"Le blog des voitures de collection par Wedrivit","description":"Tout savoir sur les voitures anciennes grace \u00e0 Wedrivit, la plateforme de location de voitures anciennes entre particuliers.","publisher":{"@id":"https:\/\/www.wedrivit.com\/blog\/#organization"},"potentialAction":[{"@type":"SearchAction","target":{"@type":"EntryPoint","urlTemplate":"https:\/\/www.wedrivit.com\/blog\/?s={search_term_string}"},"query-input":{"@type":"PropertyValueSpecification","valueRequired":true,"valueName":"search_term_string"}}],"inLanguage":"fr-FR"},{"@type":"Organization","@id":"https:\/\/www.wedrivit.com\/blog\/#organization","name":"Le blog des voitures de collection par Wedrivit","url":"https:\/\/www.wedrivit.com\/blog\/","logo":{"@type":"ImageObject","inLanguage":"fr-FR","@id":"https:\/\/www.wedrivit.com\/blog\/#\/schema\/logo\/image\/","url":"https:\/\/www.wedrivit.com\/blog\/wp-content\/uploads\/2024\/12\/wedrivit-blanc-large-2.png","contentUrl":"https:\/\/www.wedrivit.com\/blog\/wp-content\/uploads\/2024\/12\/wedrivit-blanc-large-2.png","caption":"Le blog des voitures de collection par Wedrivit"},"image":{"@id":"https:\/\/www.wedrivit.com\/blog\/#\/schema\/logo\/image\/"}},{"@type":"Person","@id":"https:\/\/www.wedrivit.com\/blog\/#\/schema\/person\/726bf25999c4aa4e5f25825a5daf1012","name":"Victor Cadon","image":{"@type":"ImageObject","inLanguage":"fr-FR","@id":"https:\/\/www.wedrivit.com\/blog\/#\/schema\/person\/image\/","url":"https:\/\/secure.gravatar.com\/avatar\/5607143f9446a5cf6e4f12f6f993f708352af0edc0a429a984a95c7becf0f671?s=96&d=mm&r=g","contentUrl":"https:\/\/secure.gravatar.com\/avatar\/5607143f9446a5cf6e4f12f6f993f708352af0edc0a429a984a95c7becf0f671?s=96&d=mm&r=g","caption":"Victor Cadon"},"sameAs":["http:\/\/classic-hub.com"],"url":"https:\/\/www.wedrivit.com\/blog\/voiture\/collection\/author\/victor"}]}},"_links":{"self":[{"href":"https:\/\/www.wedrivit.com\/blog\/wp-json\/wp\/v2\/posts\/615","targetHints":{"allow":["GET"]}}],"collection":[{"href":"https:\/\/www.wedrivit.com\/blog\/wp-json\/wp\/v2\/posts"}],"about":[{"href":"https:\/\/www.wedrivit.com\/blog\/wp-json\/wp\/v2\/types\/post"}],"author":[{"embeddable":true,"href":"https:\/\/www.wedrivit.com\/blog\/wp-json\/wp\/v2\/users\/3"}],"replies":[{"embeddable":true,"href":"https:\/\/www.wedrivit.com\/blog\/wp-json\/wp\/v2\/comments?post=615"}],"version-history":[{"count":68,"href":"https:\/\/www.wedrivit.com\/blog\/wp-json\/wp\/v2\/posts\/615\/revisions"}],"predecessor-version":[{"id":11835,"href":"https:\/\/www.wedrivit.com\/blog\/wp-json\/wp\/v2\/posts\/615\/revisions\/11835"}],"wp:featuredmedia":[{"embeddable":true,"href":"https:\/\/www.wedrivit.com\/blog\/wp-json\/wp\/v2\/media\/625"}],"wp:attachment":[{"href":"https:\/\/www.wedrivit.com\/blog\/wp-json\/wp\/v2\/media?parent=615"}],"wp:term":[{"taxonomy":"category","embeddable":true,"href":"https:\/\/www.wedrivit.com\/blog\/wp-json\/wp\/v2\/categories?post=615"},{"taxonomy":"post_tag","embeddable":true,"href":"https:\/\/www.wedrivit.com\/blog\/wp-json\/wp\/v2\/tags?post=615"}],"curies":[{"name":"wp","href":"https:\/\/api.w.org\/{rel}","templated":true}]}}