{"id":4546,"date":"2022-06-28T16:42:23","date_gmt":"2022-06-28T14:42:23","guid":{"rendered":"https:\/\/www.wedrivit.com\/blog\/?p=4546"},"modified":"2025-07-08T09:03:59","modified_gmt":"2025-07-08T07:03:59","slug":"les-voitures-des-presidents-francais","status":"publish","type":"post","link":"https:\/\/www.wedrivit.com\/blog\/voiture\/collection\/les-voitures-des-presidents-francais","title":{"rendered":"Les voitures iconiques des 10 derniers pr\u00e9sidents"},"content":{"rendered":"\t\t<div data-elementor-type=\"wp-post\" data-elementor-id=\"4546\" class=\"elementor elementor-4546\">\n\t\t\t\t\t\t<section class=\"elementor-section elementor-top-section elementor-element elementor-element-5132d71f elementor-section-boxed elementor-section-height-default elementor-section-height-default\" data-id=\"5132d71f\" data-element_type=\"section\">\n\t\t\t\t\t\t<div class=\"elementor-container elementor-column-gap-default\">\n\t\t\t\t\t<div class=\"elementor-column elementor-col-100 elementor-top-column elementor-element elementor-element-b77350d\" data-id=\"b77350d\" data-element_type=\"column\">\n\t\t\t<div class=\"elementor-widget-wrap elementor-element-populated\">\n\t\t\t\t\t\t<div class=\"elementor-element elementor-element-c7ed230 elementor-widget elementor-widget-heading\" data-id=\"c7ed230\" data-element_type=\"widget\" data-widget_type=\"heading.default\">\n\t\t\t\t<div class=\"elementor-widget-container\">\n\t\t\t\t\t<h2 class=\"elementor-heading-title elementor-size-default\">Les voitures des pr\u00e9sidents fran\u00e7ais<\/h2>\t\t\t\t<\/div>\n\t\t\t\t<\/div>\n\t\t\t\t<div class=\"elementor-element elementor-element-7059ef26 elementor-widget elementor-widget-text-editor\" data-id=\"7059ef26\" data-element_type=\"widget\" data-widget_type=\"text-editor.default\">\n\t\t\t\t<div class=\"elementor-widget-container\">\n\t\t\t\t\t\t\t\t\t<p><span style=\"color: #000000;\"><strong>Les voitures des pr\u00e9sidents<\/strong> ne sont pas seulement des v\u00e9hicules de fonction, ils repr\u00e9sentent \u00e9galement l&rsquo;image que les dirigeants veulent donner de la France dans le monde. Depuis le milieu du XXe si\u00e8cle, les chefs d&rsquo;\u00c9tat d\u00e9filent dans des voitures consid\u00e9r\u00e9es aujourd&rsquo;hui comme des mod\u00e8les de collection exceptionnels. \u00c0 travers ces l\u00e9gendes, nous verrons que certaines ont malheureusement marqu\u00e9 leur \u00e9poque.<\/span><\/p>\n<p><span style=\"color: #000000;\"><!-- \/wp:paragraph --><\/span><\/p>\n<p><span style=\"color: #000000;\"><!-- wp:paragraph --><\/span><\/p>\n<p><span style=\"color: #000000;\">En 1913, la premi\u00e8re voiture de fonction appara\u00eet sous l&rsquo;impulsion de Raymond Poincar\u00e9. Si Renault \u00e9tait la marque de pr\u00e9dilection avant le milieu des ann\u00e9es 1950, Citro\u00ebn a r\u00e9ussi \u00e0 conqu\u00e9rir d\u2019autres dirigeants.\u00a0<\/span><\/p>\n<p><span style=\"color: #000000;\"><!-- \/wp:paragraph --><\/span><\/p>\n<p><span style=\"color: #000000;\"><!-- wp:paragraph --><\/span><\/p>\n<p><span style=\"color: #000000;\">Au d\u00e9but du 20\u00e8me si\u00e8cle, Renault construit une berline de luxe : la 40 CV.<\/span><\/p>\n<p><span style=\"color: #000000;\"><!-- \/wp:paragraph --><\/span><\/p>\n<p><span style=\"color: #000000;\"><!-- wp:paragraph --><\/span><\/p>\n<p><span style=\"color: #000000;\">Elle devient la voiture officielle du pr\u00e9sident en 1920 et ce jusqu\u2019en 1928, ann\u00e9e o\u00f9 Renault cesse sa production. C\u2019est en 1929 que la marque pr\u00e9sente son nouveau <a href=\"https:\/\/www.wedrivit.com\/location-voiture-luxe\">mod\u00e8le de luxe<\/a>, la Reinestella, utilis\u00e9e par Paul Doumer et Albert Lebrun. Puis, il a fallu attendre que Ren\u00e9 Coty soit pr\u00e9sident \u00e0 partir de 1954 pour voir les premi\u00e8res Citro\u00ebn.<\/span><\/p>\n<p><span style=\"color: #000000;\"><!-- \/wp:paragraph --><\/span><\/p>\n<p><span style=\"color: #000000;\"><!-- wp:paragraph --><\/span><\/p>\n<p><span style=\"color: #000000;\">L&rsquo;ancien pr\u00e9sident poss\u00e9dait d\u00e9j\u00e0 une <a href=\"https:\/\/www.wedrivit.com\/voiture\/herbiers\/citroen\/439\" target=\"_blank\" rel=\"noopener\">limousine 15\/6<\/a> pour ses d\u00e9placements personnels, il a choisi le m\u00eame mod\u00e8le pour ses fonctions officielles. Il a command\u00e9 une limousine 15\/6 H et un cabriolet 15\/6 H, qu&rsquo;il utilisera pour d\u00e9filer. Ce fut un pionnier de la\u00a0<a style=\"font-family: var( --e-global-typography-text-font-family ), Sans-serif; font-weight: var( --e-global-typography-text-font-weight ); background-color: #ffffff; color: #000000;\" href=\"https:\/\/www.wedrivit.com\/location\/voiture\/citroen-traction\/\" target=\"_blank\" rel=\"noopener\">traction Citro\u00ebn.<\/a><\/span><\/p>\n<p><span style=\"color: #000000;\"><!-- \/wp:paragraph --><\/span><\/p>\n<p><span style=\"color: #000000;\"><!-- wp:paragraph --><\/span><\/p>\n<p><span style=\"color: #000000;\"><!-- \/wp:paragraph --><\/span><\/p>\n<p><span style=\"color: #000000;\"><!-- wp:paragraph --><\/span><\/p>\n<p><span style=\"color: #000000;\"><u>Les voitures pr\u00e9sident de De Gaulle jusqu\u2019\u00e0 Macron :<\/u><\/span><\/p>\n<p><span style=\"color: #000000;\"><!-- \/wp:paragraph --><\/span><\/p>\n<p><span style=\"color: #000000;\"><!-- wp:paragraph --><\/span><\/p>\n<p><span style=\"color: #000000;\">Lors de son arriv\u00e9e au pouvoir en 1958, le G\u00e9n\u00e9ral de Gaulle commande 2 <a href=\"https:\/\/www.wedrivit.com\/voiture\/caen\/simca\/969\" target=\"_blank\" rel=\"noopener\">Simca<\/a> Pr\u00e9sidence. Georges Pompidou, son successeur, les utilisera \u00e9galement durant son mandat. Mais la voiture qui caract\u00e9rise le <strong>pr\u00e9sident<\/strong> G\u00e9n\u00e9ral De Gaulle est sans conteste la <a style=\"color: #000000;\" href=\"https:\/\/www.wedrivit.com\/location\/voiture\/citroen-ds\/\">Citro\u00ebn DS<\/a>. C\u2019est \u00e0 bord d\u2019une DS 19 qu\u2019il r\u00e9chappa \u00e0 un attentat le 22 ao\u00fbt 1962, celui du Petit Clamart. De cette date, il conserva ce mod\u00e8le jusqu\u2019\u00e0 la fin de ses fonctions en 1969.<\/span><\/p>\n<p><span style=\"color: #000000;\"><!-- \/wp:paragraph --><\/span><\/p>\n<p><span style=\"color: #000000;\"><!-- wp:paragraph --><\/span><\/p>\n<p><span style=\"color: #000000;\">Terminons ce tour d\u2019horizon par la Citro\u00ebn SM qui servit \u00e0 plusieurs <strong>pr\u00e9sidents<\/strong>, de Georges Pompidou \u00e0 Jacques Chirac. Citons \u00e9galement la DS 21 et la Peugeot 604 utilis\u00e9es par Val\u00e9ry Giscard d\u2019Estaing et la Renault 30 de Fran\u00e7ois Mitterrand.<\/span><\/p>\n<p><!-- \/wp:paragraph --><\/p>\t\t\t\t\t\t\t\t<\/div>\n\t\t\t\t<\/div>\n\t\t\t\t\t<\/div>\n\t\t<\/div>\n\t\t\t\t\t<\/div>\n\t\t<\/section>\n\t\t\t\t<section class=\"elementor-section elementor-top-section elementor-element elementor-element-338e2f2 elementor-section-boxed elementor-section-height-default elementor-section-height-default\" data-id=\"338e2f2\" data-element_type=\"section\">\n\t\t\t\t\t\t<div class=\"elementor-container elementor-column-gap-default\">\n\t\t\t\t\t<div class=\"elementor-column elementor-col-50 elementor-top-column elementor-element elementor-element-7f77ab9\" data-id=\"7f77ab9\" data-element_type=\"column\">\n\t\t\t<div class=\"elementor-widget-wrap elementor-element-populated\">\n\t\t\t\t\t\t<div class=\"elementor-element elementor-element-4daebe5 elementor-widget elementor-widget-image\" data-id=\"4daebe5\" data-element_type=\"widget\" data-widget_type=\"image.default\">\n\t\t\t\t<div class=\"elementor-widget-container\">\n\t\t\t\t\t\t\t\t\t\t\t\t\t\t\t<img fetchpriority=\"high\" decoding=\"async\" width=\"540\" height=\"360\" src=\"https:\/\/www.wedrivit.com\/blog\/wp-content\/uploads\/2022\/06\/La-Citroen-DS-de-Charles-de-Gaulle.jpg\" class=\"attachment-large size-large wp-image-4562\" alt=\"La Citro\u00ebn DS de Charles De Gaule\" \/>\t\t\t\t\t\t\t\t\t\t\t\t\t\t\t<\/div>\n\t\t\t\t<\/div>\n\t\t\t\t\t<\/div>\n\t\t<\/div>\n\t\t\t\t<div class=\"elementor-column elementor-col-50 elementor-top-column elementor-element elementor-element-1c8ec4a\" data-id=\"1c8ec4a\" data-element_type=\"column\">\n\t\t\t<div class=\"elementor-widget-wrap elementor-element-populated\">\n\t\t\t\t\t\t<div class=\"elementor-element elementor-element-190b1c9 elementor-widget elementor-widget-text-editor\" data-id=\"190b1c9\" data-element_type=\"widget\" data-widget_type=\"text-editor.default\">\n\t\t\t\t<div class=\"elementor-widget-container\">\n\t\t\t\t\t\t\t\t\t<p><span style=\"font-size: 12pt; font-family: Calibri,sans-serif; color: #000000; background-color: transparent; font-weight: 400; font-style: normal; font-variant: normal; text-decoration: none; vertical-align: baseline; white-space: pre-wrap;\">De son 1<\/span><span style=\"font-size: 12pt; font-family: Calibri,sans-serif; color: #000000; background-color: transparent; font-weight: 400; font-style: normal; font-variant: normal; text-decoration: none; vertical-align: baseline; white-space: pre-wrap;\"><span style=\"font-size: 0.6em; vertical-align: super;\">er<\/span><\/span><span style=\"font-size: 12pt; font-family: Calibri,sans-serif; color: #000000; background-color: transparent; font-weight: 400; font-style: normal; font-variant: normal; text-decoration: none; vertical-align: baseline; white-space: pre-wrap;\"> mandat jusqu&rsquo;\u00e0 son d\u00e9part, le <strong>pr\u00e9sident<\/strong> Charles De Gaulle choisit de repr\u00e9senter un mod\u00e8le et une marque devenu une r\u00e9f\u00e9rence l&rsquo;industrie automobile fran\u00e7aise\u00a0: une <a href=\"https:\/\/www.wedrivit.com\/location\/voiture\/citroen-ds\/\">DS Citro\u00ebn<\/a>. C&rsquo;est cette <strong>voiture<\/strong> qui l\u2019a prot\u00e9g\u00e9 de l&rsquo;attentat du Petit-Clamart le 22 ao\u00fbt 1962.<\/span><\/p>\t\t\t\t\t\t\t\t<\/div>\n\t\t\t\t<\/div>\n\t\t\t\t\t<\/div>\n\t\t<\/div>\n\t\t\t\t\t<\/div>\n\t\t<\/section>\n\t\t\t\t<section class=\"elementor-section elementor-top-section elementor-element elementor-element-782bdb4 elementor-section-boxed elementor-section-height-default elementor-section-height-default\" data-id=\"782bdb4\" data-element_type=\"section\">\n\t\t\t\t\t\t<div class=\"elementor-container elementor-column-gap-default\">\n\t\t\t\t\t<div class=\"elementor-column elementor-col-100 elementor-top-column elementor-element elementor-element-cc02bff\" data-id=\"cc02bff\" data-element_type=\"column\">\n\t\t\t<div class=\"elementor-widget-wrap elementor-element-populated\">\n\t\t\t\t\t\t<div class=\"elementor-element elementor-element-e9318d7 elementor-widget elementor-widget-image\" data-id=\"e9318d7\" data-element_type=\"widget\" data-widget_type=\"image.default\">\n\t\t\t\t<div class=\"elementor-widget-container\">\n\t\t\t\t\t\t\t\t\t\t\t\t\t\t\t\t<a href=\"https:\/\/www.wedrivit.com\/location-ds\">\n\t\t\t\t\t\t\t<img decoding=\"async\" width=\"760\" height=\"250\" src=\"https:\/\/www.wedrivit.com\/blog\/wp-content\/uploads\/2021\/07\/DS.png\" class=\"attachment-large size-large wp-image-10639\" alt=\"DS\" srcset=\"https:\/\/www.wedrivit.com\/blog\/wp-content\/uploads\/2021\/07\/DS.png 760w, https:\/\/www.wedrivit.com\/blog\/wp-content\/uploads\/2021\/07\/DS-300x99.png 300w\" sizes=\"(max-width: 760px) 100vw, 760px\" \/>\t\t\t\t\t\t\t\t<\/a>\n\t\t\t\t\t\t\t\t\t\t\t\t\t\t\t<\/div>\n\t\t\t\t<\/div>\n\t\t\t\t<div class=\"elementor-element elementor-element-2404edc elementor-button-info elementor-align-center elementor-widget elementor-widget-button\" data-id=\"2404edc\" data-element_type=\"widget\" data-widget_type=\"button.default\">\n\t\t\t\t<div class=\"elementor-widget-container\">\n\t\t\t\t\t\t\t\t\t<div class=\"elementor-button-wrapper\">\n\t\t\t\t\t<a class=\"elementor-button elementor-button-link elementor-size-sm\" href=\"https:\/\/www.wedrivit.com\/location-ds\">\n\t\t\t\t\t\t<span class=\"elementor-button-content-wrapper\">\n\t\t\t\t\t\t\t\t\t<span class=\"elementor-button-text\">Louer une ds<\/span>\n\t\t\t\t\t<\/span>\n\t\t\t\t\t<\/a>\n\t\t\t\t<\/div>\n\t\t\t\t\t\t\t\t<\/div>\n\t\t\t\t<\/div>\n\t\t\t\t\t<\/div>\n\t\t<\/div>\n\t\t\t\t\t<\/div>\n\t\t<\/section>\n\t\t\t\t<section class=\"elementor-section elementor-top-section elementor-element elementor-element-e0b8636 elementor-section-boxed elementor-section-height-default elementor-section-height-default\" data-id=\"e0b8636\" data-element_type=\"section\">\n\t\t\t\t\t\t<div class=\"elementor-container elementor-column-gap-default\">\n\t\t\t\t\t<div class=\"elementor-column elementor-col-50 elementor-top-column elementor-element elementor-element-f402ac1\" data-id=\"f402ac1\" data-element_type=\"column\">\n\t\t\t<div class=\"elementor-widget-wrap elementor-element-populated\">\n\t\t\t\t\t\t<div class=\"elementor-element elementor-element-53a9057 elementor-widget elementor-widget-text-editor\" data-id=\"53a9057\" data-element_type=\"widget\" data-widget_type=\"text-editor.default\">\n\t\t\t\t<div class=\"elementor-widget-container\">\n\t\t\t\t\t\t\t\t\t<p style=\"text-align: left;\">\u00a0<\/p>\n<p style=\"text-align: left;\">\u00a0<\/p>\n<p style=\"text-align: left;\"><span style=\"font-size: 12pt; font-family: Calibri,sans-serif; color: #000000; background-color: transparent; font-weight: 400; font-style: normal; font-variant: normal; text-decoration: none; vertical-align: baseline; white-space: pre-wrap;\">Apr\u00e8s le d\u00e9part de Charles De Gaulle, Georges Pompidou continue avec la DS, mais penche finalement vers la SM, un coup\u00e9 dot\u00e9 d\u2019un moteur plus puissant.<\/span><\/p>\t\t\t\t\t\t\t\t<\/div>\n\t\t\t\t<\/div>\n\t\t\t\t\t<\/div>\n\t\t<\/div>\n\t\t\t\t<div class=\"elementor-column elementor-col-50 elementor-top-column elementor-element elementor-element-42b610a\" data-id=\"42b610a\" data-element_type=\"column\">\n\t\t\t<div class=\"elementor-widget-wrap elementor-element-populated\">\n\t\t\t\t\t\t<div class=\"elementor-element elementor-element-a8f7a03 elementor-widget elementor-widget-image\" data-id=\"a8f7a03\" data-element_type=\"widget\" data-widget_type=\"image.default\">\n\t\t\t\t<div class=\"elementor-widget-container\">\n\t\t\t\t\t\t\t\t\t\t\t\t\t\t\t<img decoding=\"async\" width=\"1000\" height=\"750\" src=\"https:\/\/www.wedrivit.com\/blog\/wp-content\/uploads\/2022\/06\/Citroen-SM-Presidentielle-by-Henri-Chapron-1972-de-George-Pompidou-decouvrable-basee-sur-la-Opera-au-porte-a-faux-arriere-rallonge.jpg\" class=\"attachment-large size-large wp-image-4563\" alt=\"Citroen SM Pr\u00e9sidentielle par Henri Chapron\" \/>\t\t\t\t\t\t\t\t\t\t\t\t\t\t\t<\/div>\n\t\t\t\t<\/div>\n\t\t\t\t\t<\/div>\n\t\t<\/div>\n\t\t\t\t\t<\/div>\n\t\t<\/section>\n\t\t\t\t<section class=\"elementor-section elementor-top-section elementor-element elementor-element-d874024 elementor-section-boxed elementor-section-height-default elementor-section-height-default\" data-id=\"d874024\" data-element_type=\"section\">\n\t\t\t\t\t\t<div class=\"elementor-container elementor-column-gap-default\">\n\t\t\t\t\t<div class=\"elementor-column elementor-col-50 elementor-top-column elementor-element elementor-element-53a6e3b\" data-id=\"53a6e3b\" data-element_type=\"column\">\n\t\t\t<div class=\"elementor-widget-wrap elementor-element-populated\">\n\t\t\t\t\t\t<div class=\"elementor-element elementor-element-acb513b elementor-widget elementor-widget-image\" data-id=\"acb513b\" data-element_type=\"widget\" data-widget_type=\"image.default\">\n\t\t\t\t<div class=\"elementor-widget-container\">\n\t\t\t\t\t\t\t\t\t\t\t\t\t\t\t<img loading=\"lazy\" decoding=\"async\" width=\"960\" height=\"540\" src=\"https:\/\/www.wedrivit.com\/blog\/wp-content\/uploads\/2022\/06\/3-peugeot_604_valery_giscard_destaingk-1.jpg\" class=\"attachment-large size-large wp-image-4589\" alt=\"la Peugeot 604\" \/>\t\t\t\t\t\t\t\t\t\t\t\t\t\t\t<\/div>\n\t\t\t\t<\/div>\n\t\t\t\t\t<\/div>\n\t\t<\/div>\n\t\t\t\t<div class=\"elementor-column elementor-col-50 elementor-top-column elementor-element elementor-element-21ddc15\" data-id=\"21ddc15\" data-element_type=\"column\">\n\t\t\t<div class=\"elementor-widget-wrap elementor-element-populated\">\n\t\t\t\t\t\t<div class=\"elementor-element elementor-element-c8b3468 elementor-widget elementor-widget-text-editor\" data-id=\"c8b3468\" data-element_type=\"widget\" data-widget_type=\"text-editor.default\">\n\t\t\t\t<div class=\"elementor-widget-container\">\n\t\t\t\t\t\t\t\t\t<p style=\"text-align: left;\">\u00a0<\/p>\n<p style=\"text-align: left;\"><span style=\"font-size: 12pt; font-family: Calibri,sans-serif; color: #000000; background-color: transparent; font-weight: 400; font-style: normal; font-variant: normal; text-decoration: none; vertical-align: baseline; white-space: pre-wrap;\">Une fois au pouvoir, Val\u00e9ry Giscard d&rsquo;Estaing d\u00e9cide de changer de v\u00e9hicule de fonction en se dirigeant vers un autre grand constructeur fran\u00e7ais. Il ne tarit pas d&rsquo;\u00e9loges sur la Peugeot 604 avec sa bo\u00eete automatique.\u00a0<\/span><\/p>\t\t\t\t\t\t\t\t<\/div>\n\t\t\t\t<\/div>\n\t\t\t\t\t<\/div>\n\t\t<\/div>\n\t\t\t\t\t<\/div>\n\t\t<\/section>\n\t\t\t\t<section class=\"elementor-section elementor-top-section elementor-element elementor-element-2155148 elementor-section-boxed elementor-section-height-default elementor-section-height-default\" data-id=\"2155148\" data-element_type=\"section\">\n\t\t\t\t\t\t<div class=\"elementor-container elementor-column-gap-default\">\n\t\t\t\t\t<div class=\"elementor-column elementor-col-50 elementor-top-column elementor-element elementor-element-2ee89b8\" data-id=\"2ee89b8\" data-element_type=\"column\">\n\t\t\t<div class=\"elementor-widget-wrap elementor-element-populated\">\n\t\t\t\t\t\t<div class=\"elementor-element elementor-element-ea84e8b elementor-widget elementor-widget-text-editor\" data-id=\"ea84e8b\" data-element_type=\"widget\" data-widget_type=\"text-editor.default\">\n\t\t\t\t<div class=\"elementor-widget-container\">\n\t\t\t\t\t\t\t\t\t<p style=\"text-align: left;\">\u00a0<\/p>\n<p style=\"text-align: left;\"><span id=\"docs-internal-guid-436533c3-7fff-1474-f5f7-fc3dbd402d3b\"><span style=\"font-size: 12pt; font-family: Calibri, sans-serif; color: #000000; background-color: transparent; font-variant-numeric: normal; font-variant-east-asian: normal; vertical-align: baseline; white-space: pre-wrap;\">Durant ses 2 mandats, le <strong>pr\u00e9sident<\/strong> Fran\u00e7ois Mitterrand a eu plusieurs <strong>voitures<\/strong>. Lors du premier mandat, il opte pour le mod\u00e8le 30 de la marque Renault. Il se tournera plus tard vers le mod\u00e8le 25 toujours produite par Renault. <\/span><\/span><\/p>\t\t\t\t\t\t\t\t<\/div>\n\t\t\t\t<\/div>\n\t\t\t\t\t<\/div>\n\t\t<\/div>\n\t\t\t\t<div class=\"elementor-column elementor-col-50 elementor-top-column elementor-element elementor-element-9be8e12\" data-id=\"9be8e12\" data-element_type=\"column\">\n\t\t\t<div class=\"elementor-widget-wrap elementor-element-populated\">\n\t\t\t\t\t\t<div class=\"elementor-element elementor-element-c93a23c elementor-widget elementor-widget-image\" data-id=\"c93a23c\" data-element_type=\"widget\" data-widget_type=\"image.default\">\n\t\t\t\t<div class=\"elementor-widget-container\">\n\t\t\t\t\t\t\t\t\t\t\t\t\t\t\t<img loading=\"lazy\" decoding=\"async\" width=\"547\" height=\"410\" src=\"https:\/\/www.wedrivit.com\/blog\/wp-content\/uploads\/2022\/06\/renault_30_tx_3-547x410-1.jpg\" class=\"attachment-large size-large wp-image-4588\" alt=\"Renault 30 voiture de pr\u00e9sident\" \/>\t\t\t\t\t\t\t\t\t\t\t\t\t\t\t<\/div>\n\t\t\t\t<\/div>\n\t\t\t\t\t<\/div>\n\t\t<\/div>\n\t\t\t\t\t<\/div>\n\t\t<\/section>\n\t\t\t\t<section class=\"elementor-section elementor-top-section elementor-element elementor-element-e672a43 elementor-section-boxed elementor-section-height-default elementor-section-height-default\" data-id=\"e672a43\" data-element_type=\"section\">\n\t\t\t\t\t\t<div class=\"elementor-container elementor-column-gap-default\">\n\t\t\t\t\t<div class=\"elementor-column elementor-col-100 elementor-top-column elementor-element elementor-element-2c25975\" data-id=\"2c25975\" data-element_type=\"column\">\n\t\t\t<div class=\"elementor-widget-wrap elementor-element-populated\">\n\t\t\t\t\t\t<div class=\"elementor-element elementor-element-aa4de9d elementor-widget elementor-widget-image\" data-id=\"aa4de9d\" data-element_type=\"widget\" data-widget_type=\"image.default\">\n\t\t\t\t<div class=\"elementor-widget-container\">\n\t\t\t\t\t\t\t\t\t\t\t\t\t\t\t\t<a href=\"https:\/\/www.wedrivit.com\/rechercher?search=25\">\n\t\t\t\t\t\t\t<img loading=\"lazy\" decoding=\"async\" width=\"760\" height=\"250\" src=\"https:\/\/www.wedrivit.com\/blog\/wp-content\/uploads\/2025\/06\/renault-25.png\" class=\"attachment-large size-large wp-image-10836\" alt=\"renault 25\" srcset=\"https:\/\/www.wedrivit.com\/blog\/wp-content\/uploads\/2025\/06\/renault-25.png 760w, https:\/\/www.wedrivit.com\/blog\/wp-content\/uploads\/2025\/06\/renault-25-300x99.png 300w\" sizes=\"(max-width: 760px) 100vw, 760px\" \/>\t\t\t\t\t\t\t\t<\/a>\n\t\t\t\t\t\t\t\t\t\t\t\t\t\t\t<\/div>\n\t\t\t\t<\/div>\n\t\t\t\t<div class=\"elementor-element elementor-element-5bebeaf elementor-button-info elementor-align-center elementor-widget elementor-widget-button\" data-id=\"5bebeaf\" data-element_type=\"widget\" data-widget_type=\"button.default\">\n\t\t\t\t<div class=\"elementor-widget-container\">\n\t\t\t\t\t\t\t\t\t<div class=\"elementor-button-wrapper\">\n\t\t\t\t\t<a class=\"elementor-button elementor-button-link elementor-size-sm\" href=\"https:\/\/www.wedrivit.com\/rechercher?search=25\">\n\t\t\t\t\t\t<span class=\"elementor-button-content-wrapper\">\n\t\t\t\t\t\t\t\t\t<span class=\"elementor-button-text\">Louer une Renault 25<\/span>\n\t\t\t\t\t<\/span>\n\t\t\t\t\t<\/a>\n\t\t\t\t<\/div>\n\t\t\t\t\t\t\t\t<\/div>\n\t\t\t\t<\/div>\n\t\t\t\t\t<\/div>\n\t\t<\/div>\n\t\t\t\t\t<\/div>\n\t\t<\/section>\n\t\t\t\t<section class=\"elementor-section elementor-top-section elementor-element elementor-element-b748fc5 elementor-section-boxed elementor-section-height-default elementor-section-height-default\" data-id=\"b748fc5\" data-element_type=\"section\">\n\t\t\t\t\t\t<div class=\"elementor-container elementor-column-gap-default\">\n\t\t\t\t\t<div class=\"elementor-column elementor-col-50 elementor-top-column elementor-element elementor-element-396f968\" data-id=\"396f968\" data-element_type=\"column\">\n\t\t\t<div class=\"elementor-widget-wrap elementor-element-populated\">\n\t\t\t\t\t\t<div class=\"elementor-element elementor-element-d4710fe elementor-widget elementor-widget-image\" data-id=\"d4710fe\" data-element_type=\"widget\" data-widget_type=\"image.default\">\n\t\t\t\t<div class=\"elementor-widget-container\">\n\t\t\t\t\t\t\t\t\t\t\t\t\t\t\t<img loading=\"lazy\" decoding=\"async\" width=\"800\" height=\"469\" src=\"https:\/\/www.wedrivit.com\/blog\/wp-content\/uploads\/2022\/06\/1833aa28a4416fd9b528a216883d07d6.jpg\" class=\"attachment-large size-large wp-image-4587\" alt=\"Val\u00e9ry Giscard d&#039;Estaing\" \/>\t\t\t\t\t\t\t\t\t\t\t\t\t\t\t<\/div>\n\t\t\t\t<\/div>\n\t\t\t\t\t<\/div>\n\t\t<\/div>\n\t\t\t\t<div class=\"elementor-column elementor-col-50 elementor-top-column elementor-element elementor-element-14feff3\" data-id=\"14feff3\" data-element_type=\"column\">\n\t\t\t<div class=\"elementor-widget-wrap elementor-element-populated\">\n\t\t\t\t\t\t<div class=\"elementor-element elementor-element-19fc2c6 elementor-widget elementor-widget-text-editor\" data-id=\"19fc2c6\" data-element_type=\"widget\" data-widget_type=\"text-editor.default\">\n\t\t\t\t<div class=\"elementor-widget-container\">\n\t\t\t\t\t\t\t\t\t<p style=\"text-align: left;\"><span id=\"docs-internal-guid-8b2580de-7fff-55ba-d365-5c45a6892242\"><span style=\"font-size: 12pt; font-family: Calibri, sans-serif; color: #000000; background-color: transparent; font-variant-numeric: normal; font-variant-east-asian: normal; vertical-align: baseline; white-space: pre-wrap;\">Lors de son second mandat, Fran\u00e7ois Mitterrand a commenc\u00e9 par la Renault Safrane, puis a chang\u00e9 de constructeur pour passer \u00e0 la Citro\u00ebn CX puis au mod\u00e8le XM.<\/span><\/span><\/p>\t\t\t\t\t\t\t\t<\/div>\n\t\t\t\t<\/div>\n\t\t\t\t\t<\/div>\n\t\t<\/div>\n\t\t\t\t\t<\/div>\n\t\t<\/section>\n\t\t\t\t<section class=\"elementor-section elementor-top-section elementor-element elementor-element-fc7f6f4 elementor-section-boxed elementor-section-height-default elementor-section-height-default\" data-id=\"fc7f6f4\" data-element_type=\"section\">\n\t\t\t\t\t\t<div class=\"elementor-container elementor-column-gap-default\">\n\t\t\t\t\t<div class=\"elementor-column elementor-col-50 elementor-top-column elementor-element elementor-element-930c703\" data-id=\"930c703\" data-element_type=\"column\">\n\t\t\t<div class=\"elementor-widget-wrap elementor-element-populated\">\n\t\t\t\t\t\t<div class=\"elementor-element elementor-element-a5323f1 elementor-widget elementor-widget-text-editor\" data-id=\"a5323f1\" data-element_type=\"widget\" data-widget_type=\"text-editor.default\">\n\t\t\t\t<div class=\"elementor-widget-container\">\n\t\t\t\t\t\t\t\t\t<p style=\"text-align: left;\">\u00a0<\/p>\n<p style=\"text-align: left;\"><span style=\"font-size: 12pt; font-family: Calibri,sans-serif; color: #000000; background-color: transparent; font-weight: 400; font-style: normal; font-variant: normal; text-decoration: none; vertical-align: baseline; white-space: pre-wrap;\">A son arriv\u00e9e \u00e0 l&rsquo;Elys\u00e9e, Jacques Chirac puise dans les nombreuses voitures de son pr\u00e9d\u00e9cesseur. Il d\u00e9cide finalement d\u2019utiliser la Citro\u00ebn CX Prestige.<\/span><\/p>\t\t\t\t\t\t\t\t<\/div>\n\t\t\t\t<\/div>\n\t\t\t\t\t<\/div>\n\t\t<\/div>\n\t\t\t\t<div class=\"elementor-column elementor-col-50 elementor-top-column elementor-element elementor-element-bf6777a\" data-id=\"bf6777a\" data-element_type=\"column\">\n\t\t\t<div class=\"elementor-widget-wrap elementor-element-populated\">\n\t\t\t\t\t\t<div class=\"elementor-element elementor-element-f3a2dfd elementor-widget elementor-widget-image\" data-id=\"f3a2dfd\" data-element_type=\"widget\" data-widget_type=\"image.default\">\n\t\t\t\t<div class=\"elementor-widget-container\">\n\t\t\t\t\t\t\t\t\t\t\t\t\t\t\t<img loading=\"lazy\" decoding=\"async\" width=\"990\" height=\"650\" src=\"https:\/\/www.wedrivit.com\/blog\/wp-content\/uploads\/2022\/06\/5f86a59148f36.jpg\" class=\"attachment-large size-large wp-image-4590\" alt=\"Citro\u00ebn CX Prestige\" \/>\t\t\t\t\t\t\t\t\t\t\t\t\t\t\t<\/div>\n\t\t\t\t<\/div>\n\t\t\t\t\t<\/div>\n\t\t<\/div>\n\t\t\t\t\t<\/div>\n\t\t<\/section>\n\t\t\t\t<section class=\"elementor-section elementor-top-section elementor-element elementor-element-655f218 elementor-section-boxed elementor-section-height-default elementor-section-height-default\" data-id=\"655f218\" data-element_type=\"section\">\n\t\t\t\t\t\t<div class=\"elementor-container elementor-column-gap-default\">\n\t\t\t\t\t<div class=\"elementor-column elementor-col-50 elementor-top-column elementor-element elementor-element-42641b1\" data-id=\"42641b1\" data-element_type=\"column\">\n\t\t\t<div class=\"elementor-widget-wrap elementor-element-populated\">\n\t\t\t\t\t\t<div class=\"elementor-element elementor-element-f96f417 elementor-widget elementor-widget-image\" data-id=\"f96f417\" data-element_type=\"widget\" data-widget_type=\"image.default\">\n\t\t\t\t<div class=\"elementor-widget-container\">\n\t\t\t\t\t\t\t\t\t\t\t\t\t\t\t<img loading=\"lazy\" decoding=\"async\" width=\"300\" height=\"225\" src=\"https:\/\/www.wedrivit.com\/blog\/wp-content\/uploads\/2022\/06\/216969139_506254757345399_103803873071470762_n-300x225-1.jpg\" class=\"attachment-large size-large wp-image-4591\" alt=\"mod\u00e8le C6 blind\u00e9 de Citro\u00ebn\" \/>\t\t\t\t\t\t\t\t\t\t\t\t\t\t\t<\/div>\n\t\t\t\t<\/div>\n\t\t\t\t\t<\/div>\n\t\t<\/div>\n\t\t\t\t<div class=\"elementor-column elementor-col-50 elementor-top-column elementor-element elementor-element-03dfd04\" data-id=\"03dfd04\" data-element_type=\"column\">\n\t\t\t<div class=\"elementor-widget-wrap elementor-element-populated\">\n\t\t\t\t\t\t<div class=\"elementor-element elementor-element-da80404 elementor-widget elementor-widget-text-editor\" data-id=\"da80404\" data-element_type=\"widget\" data-widget_type=\"text-editor.default\">\n\t\t\t\t<div class=\"elementor-widget-container\">\n\t\t\t\t\t\t\t\t\t<p>\u00a0<\/p>\n<p><span style=\"font-size: 12pt; font-family: Calibri,sans-serif; color: #000000; background-color: transparent; font-weight: 400; font-style: normal; font-variant: normal; text-decoration: none; vertical-align: baseline; white-space: pre-wrap;\">Pour son second mandat, Jacques Chirac changera de mod\u00e8le, mais pas de constructeur. Il choisira un mod\u00e8le C6 blind\u00e9 de Citro\u00ebn, par la soci\u00e9t\u00e9 Centigon.\u00a0<\/span><\/p>\t\t\t\t\t\t\t\t<\/div>\n\t\t\t\t<\/div>\n\t\t\t\t\t<\/div>\n\t\t<\/div>\n\t\t\t\t\t<\/div>\n\t\t<\/section>\n\t\t\t\t<section class=\"elementor-section elementor-top-section elementor-element elementor-element-3710222 elementor-section-boxed elementor-section-height-default elementor-section-height-default\" data-id=\"3710222\" data-element_type=\"section\">\n\t\t\t\t\t\t<div class=\"elementor-container elementor-column-gap-default\">\n\t\t\t\t\t<div class=\"elementor-column elementor-col-50 elementor-top-column elementor-element elementor-element-7092253\" data-id=\"7092253\" data-element_type=\"column\">\n\t\t\t<div class=\"elementor-widget-wrap elementor-element-populated\">\n\t\t\t\t\t\t<div class=\"elementor-element elementor-element-43828a7 elementor-widget elementor-widget-text-editor\" data-id=\"43828a7\" data-element_type=\"widget\" data-widget_type=\"text-editor.default\">\n\t\t\t\t<div class=\"elementor-widget-container\">\n\t\t\t\t\t\t\t\t\t<p style=\"text-align: left;\">\u00a0<\/p>\n<p style=\"text-align: left;\"><span style=\"font-size: 12pt; font-family: Calibri,sans-serif; color: #000000; background-color: transparent; font-weight: 400; font-style: normal; font-variant: normal; text-decoration: none; vertical-align: baseline; white-space: pre-wrap;\">Lors de son investiture, Nicolas Sarkozy opte pour un mod\u00e8le cabriolet de la marque Renault. Durant son mandat, il opte pour une d\u00e9clinaison du mod\u00e8le Citro\u00ebn C6 qu&rsquo;avait d\u00e9j\u00e0 pl\u00e9biscit\u00e9 Jacques Chirac.\u00a0<\/span><\/p>\t\t\t\t\t\t\t\t<\/div>\n\t\t\t\t<\/div>\n\t\t\t\t\t<\/div>\n\t\t<\/div>\n\t\t\t\t<div class=\"elementor-column elementor-col-50 elementor-top-column elementor-element elementor-element-0d7c909\" data-id=\"0d7c909\" data-element_type=\"column\">\n\t\t\t<div class=\"elementor-widget-wrap elementor-element-populated\">\n\t\t\t\t\t\t<div class=\"elementor-element elementor-element-4f3a780 elementor-widget elementor-widget-image\" data-id=\"4f3a780\" data-element_type=\"widget\" data-widget_type=\"image.default\">\n\t\t\t\t<div class=\"elementor-widget-container\">\n\t\t\t\t\t\t\t\t\t\t\t\t\t\t\t<img loading=\"lazy\" decoding=\"async\" width=\"729\" height=\"486\" src=\"https:\/\/www.wedrivit.com\/blog\/wp-content\/uploads\/2022\/06\/Nicolas-Sarkozy-im-Citro-n-C6-729x486-b7fb78516093ceec.jpg\" class=\"attachment-large size-large wp-image-4592\" alt=\"mod\u00e8le Citro\u00ebn C6\" \/>\t\t\t\t\t\t\t\t\t\t\t\t\t\t\t<\/div>\n\t\t\t\t<\/div>\n\t\t\t\t\t<\/div>\n\t\t<\/div>\n\t\t\t\t\t<\/div>\n\t\t<\/section>\n\t\t\t\t<section class=\"elementor-section elementor-top-section elementor-element elementor-element-24a8b15 elementor-section-boxed elementor-section-height-default elementor-section-height-default\" data-id=\"24a8b15\" data-element_type=\"section\">\n\t\t\t\t\t\t<div class=\"elementor-container elementor-column-gap-default\">\n\t\t\t\t\t<div class=\"elementor-column elementor-col-50 elementor-top-column elementor-element elementor-element-9fd815f\" data-id=\"9fd815f\" data-element_type=\"column\">\n\t\t\t<div class=\"elementor-widget-wrap elementor-element-populated\">\n\t\t\t\t\t\t<div class=\"elementor-element elementor-element-d499f7d elementor-widget elementor-widget-image\" data-id=\"d499f7d\" data-element_type=\"widget\" data-widget_type=\"image.default\">\n\t\t\t\t<div class=\"elementor-widget-container\">\n\t\t\t\t\t\t\t\t\t\t\t\t\t\t\t<img loading=\"lazy\" decoding=\"async\" width=\"1000\" height=\"667\" src=\"https:\/\/www.wedrivit.com\/blog\/wp-content\/uploads\/2022\/06\/citroen-ds5-presidentielle-7.jpg\" class=\"attachment-large size-large wp-image-4593\" alt=\"DS5 voiture pr\u00e9sidentielle Fran\u00e7ois Hollande\" \/>\t\t\t\t\t\t\t\t\t\t\t\t\t\t\t<\/div>\n\t\t\t\t<\/div>\n\t\t\t\t\t<\/div>\n\t\t<\/div>\n\t\t\t\t<div class=\"elementor-column elementor-col-50 elementor-top-column elementor-element elementor-element-ecc466a\" data-id=\"ecc466a\" data-element_type=\"column\">\n\t\t\t<div class=\"elementor-widget-wrap elementor-element-populated\">\n\t\t\t\t\t\t<div class=\"elementor-element elementor-element-7adb621 elementor-widget elementor-widget-text-editor\" data-id=\"7adb621\" data-element_type=\"widget\" data-widget_type=\"text-editor.default\">\n\t\t\t\t<div class=\"elementor-widget-container\">\n\t\t\t\t\t\t\t\t\t<p style=\"text-align: left;\">\u00a0<\/p>\n<p><span id=\"docs-internal-guid-d39d2c7f-7fff-7652-989c-ab4ffe0a12da\"><span style=\"font-size: 12pt; font-family: Calibri, sans-serif; color: #000000; background-color: transparent; font-variant-numeric: normal; font-variant-east-asian: normal; vertical-align: baseline; white-space: pre-wrap;\">Le mod\u00e8le retenu par Fran\u00e7ois Hollande pour marquer le d\u00e9but de son mandat pr\u00e9sidentiel a \u00e9t\u00e9 la Citro\u00ebn DS 5 Hybrid4. De quoi perp\u00e9tuer une longue histoire, cette DS5 est la quatri\u00e8me Citro\u00ebn pr\u00e9sidentielle.<\/span><\/span><\/p>\t\t\t\t\t\t\t\t<\/div>\n\t\t\t\t<\/div>\n\t\t\t\t\t<\/div>\n\t\t<\/div>\n\t\t\t\t\t<\/div>\n\t\t<\/section>\n\t\t\t\t<section class=\"elementor-section elementor-top-section elementor-element elementor-element-5b4db41 elementor-section-boxed elementor-section-height-default elementor-section-height-default\" data-id=\"5b4db41\" data-element_type=\"section\">\n\t\t\t\t\t\t<div class=\"elementor-container elementor-column-gap-default\">\n\t\t\t\t\t<div class=\"elementor-column elementor-col-50 elementor-top-column elementor-element elementor-element-6e90e7c\" data-id=\"6e90e7c\" data-element_type=\"column\">\n\t\t\t<div class=\"elementor-widget-wrap elementor-element-populated\">\n\t\t\t\t\t\t<div class=\"elementor-element elementor-element-495b37e elementor-widget elementor-widget-text-editor\" data-id=\"495b37e\" data-element_type=\"widget\" data-widget_type=\"text-editor.default\">\n\t\t\t\t<div class=\"elementor-widget-container\">\n\t\t\t\t\t\t\t\t\t<p>\u00a0<\/p>\n<p><span style=\"font-size: 12pt; font-family: Calibri,sans-serif; color: #000000; background-color: transparent; font-weight: 400; font-style: normal; font-variant: normal; text-decoration: none; vertical-align: baseline; white-space: pre-wrap;\">Emmanuel Macron choisit, comme son pr\u00e9d\u00e9cesseur, le mod\u00e8le hybride de la marque Citro\u00ebn. Au moment de son investiture, cette DS 7 Crossback n\u2019est pas encore sortie au grand public.<\/span><\/p>\t\t\t\t\t\t\t\t<\/div>\n\t\t\t\t<\/div>\n\t\t\t\t\t<\/div>\n\t\t<\/div>\n\t\t\t\t<div class=\"elementor-column elementor-col-50 elementor-top-column elementor-element elementor-element-d766a3c\" data-id=\"d766a3c\" data-element_type=\"column\">\n\t\t\t<div class=\"elementor-widget-wrap elementor-element-populated\">\n\t\t\t\t\t\t<div class=\"elementor-element elementor-element-8405b23 elementor-widget elementor-widget-image\" data-id=\"8405b23\" data-element_type=\"widget\" data-widget_type=\"image.default\">\n\t\t\t\t<div class=\"elementor-widget-container\">\n\t\t\t\t\t\t\t\t\t\t\t\t\t\t\t<img loading=\"lazy\" decoding=\"async\" width=\"800\" height=\"533\" src=\"https:\/\/www.wedrivit.com\/blog\/wp-content\/uploads\/2022\/06\/Presidentiele-DS7-Crossback-voor-Macron.jpg\" class=\"attachment-large size-large wp-image-4594\" alt=\"DS 7 Crossback\" \/>\t\t\t\t\t\t\t\t\t\t\t\t\t\t\t<\/div>\n\t\t\t\t<\/div>\n\t\t\t\t\t<\/div>\n\t\t<\/div>\n\t\t\t\t\t<\/div>\n\t\t<\/section>\n\t\t\t\t<section class=\"elementor-section elementor-top-section elementor-element elementor-element-32b685f elementor-section-boxed elementor-section-height-default elementor-section-height-default\" data-id=\"32b685f\" data-element_type=\"section\">\n\t\t\t\t\t\t<div class=\"elementor-container elementor-column-gap-default\">\n\t\t\t\t\t<div class=\"elementor-column elementor-col-100 elementor-top-column elementor-element elementor-element-ad5bd43\" data-id=\"ad5bd43\" data-element_type=\"column\">\n\t\t\t<div class=\"elementor-widget-wrap elementor-element-populated\">\n\t\t\t\t\t\t<div class=\"elementor-element elementor-element-6b847fe elementor-widget elementor-widget-heading\" data-id=\"6b847fe\" data-element_type=\"widget\" data-widget_type=\"heading.default\">\n\t\t\t\t<div class=\"elementor-widget-container\">\n\t\t\t\t\t<h2 class=\"elementor-heading-title elementor-size-default\">Les voitures des chefs d'Etat \u00e0 l'\u00e9tranger<\/h2>\t\t\t\t<\/div>\n\t\t\t\t<\/div>\n\t\t\t\t\t<\/div>\n\t\t<\/div>\n\t\t\t\t\t<\/div>\n\t\t<\/section>\n\t\t\t\t<section class=\"elementor-section elementor-top-section elementor-element elementor-element-87beb48 elementor-section-boxed elementor-section-height-default elementor-section-height-default\" data-id=\"87beb48\" data-element_type=\"section\">\n\t\t\t\t\t\t<div class=\"elementor-container elementor-column-gap-default\">\n\t\t\t\t\t<div class=\"elementor-column elementor-col-100 elementor-top-column elementor-element elementor-element-3186e3b\" data-id=\"3186e3b\" data-element_type=\"column\">\n\t\t\t<div class=\"elementor-widget-wrap elementor-element-populated\">\n\t\t\t\t\t\t<div class=\"elementor-element elementor-element-c052b8e elementor-widget elementor-widget-heading\" data-id=\"c052b8e\" data-element_type=\"widget\" data-widget_type=\"heading.default\">\n\t\t\t\t<div class=\"elementor-widget-container\">\n\t\t\t\t\t<h3 class=\"elementor-heading-title elementor-size-default\">Les voitures du gouvernement des Etats-Unis<\/h3>\t\t\t\t<\/div>\n\t\t\t\t<\/div>\n\t\t\t\t\t<\/div>\n\t\t<\/div>\n\t\t\t\t\t<\/div>\n\t\t<\/section>\n\t\t\t\t<section class=\"elementor-section elementor-top-section elementor-element elementor-element-18b23dd elementor-section-boxed elementor-section-height-default elementor-section-height-default\" data-id=\"18b23dd\" data-element_type=\"section\">\n\t\t\t\t\t\t<div class=\"elementor-container elementor-column-gap-default\">\n\t\t\t\t\t<div class=\"elementor-column elementor-col-100 elementor-top-column elementor-element elementor-element-e4f5567\" data-id=\"e4f5567\" data-element_type=\"column\">\n\t\t\t<div class=\"elementor-widget-wrap elementor-element-populated\">\n\t\t\t\t\t\t<div class=\"elementor-element elementor-element-fe73720 elementor-widget elementor-widget-text-editor\" data-id=\"fe73720\" data-element_type=\"widget\" data-widget_type=\"text-editor.default\">\n\t\t\t\t<div class=\"elementor-widget-container\">\n\t\t\t\t\t\t\t\t\t<p><span style=\"font-size: 12pt; font-family: Calibri,sans-serif; color: #000000; background-color: transparent; font-weight: 400; font-style: normal; font-variant: normal; text-decoration: none; vertical-align: baseline; white-space: pre-wrap;\">Comment ne pas parler des <strong>anciennes voitures<\/strong> am\u00e9ricaines sans parler de celle dans laquelle l\u2019ancien <strong>pr\u00e9sident<\/strong> des \u00c9tats-Unis, John Fitzgerald Kennedy, a \u00e9t\u00e9 assassin\u00e9. Cet \u00e9v\u00e9nement a marqu\u00e9 les esprits, mais a \u00e9galement rendu la <strong>voiture<\/strong> tristement c\u00e9l\u00e8bre. C\u2019est \u00e0 bord d\u2019une Lincoln Continental que paradait le pr\u00e9sident, accompagn\u00e9 de sa femme, ce jour de novembre 1963 \u00e0 Dallas. Aujourd\u2019hui, elle est expos\u00e9e au mus\u00e9e Henry Ford dans la ville de Dearborn dans le Michigan. Malgr\u00e9 cet \u00e9v\u00e9nement, son successeur Lyndon Johnson a conserv\u00e9 ce mod\u00e8le en le blindant de mani\u00e8re \u00e0 faire face aux balles. Il faut rappeler que depuis la fin des ann\u00e9es 30, la Lincoln est la marque de voiture utilis\u00e9e par les pr\u00e9sidents am\u00e9ricains, la Cadillac fait son entr\u00e9e avec Ronald Reagan au d\u00e9but des ann\u00e9es 80. Elle est aujourd\u2019hui encore la marque de r\u00e9f\u00e9rence des pr\u00e9sidents.<\/span><\/p>\t\t\t\t\t\t\t\t<\/div>\n\t\t\t\t<\/div>\n\t\t\t\t\t<\/div>\n\t\t<\/div>\n\t\t\t\t\t<\/div>\n\t\t<\/section>\n\t\t\t\t<section class=\"elementor-section elementor-top-section elementor-element elementor-element-e1f1dff elementor-section-boxed elementor-section-height-default elementor-section-height-default\" data-id=\"e1f1dff\" data-element_type=\"section\">\n\t\t\t\t\t\t<div class=\"elementor-container elementor-column-gap-default\">\n\t\t\t\t\t<div class=\"elementor-column elementor-col-100 elementor-top-column elementor-element elementor-element-317d4a5\" data-id=\"317d4a5\" data-element_type=\"column\">\n\t\t\t<div class=\"elementor-widget-wrap elementor-element-populated\">\n\t\t\t\t\t\t<div class=\"elementor-element elementor-element-f3c0f24 elementor-widget elementor-widget-heading\" data-id=\"f3c0f24\" data-element_type=\"widget\" data-widget_type=\"heading.default\">\n\t\t\t\t<div class=\"elementor-widget-container\">\n\t\t\t\t\t<h3 class=\"elementor-heading-title elementor-size-default\">La Reine Elisabeth II ou la passion des voitures<\/h3>\t\t\t\t<\/div>\n\t\t\t\t<\/div>\n\t\t\t\t\t<\/div>\n\t\t<\/div>\n\t\t\t\t\t<\/div>\n\t\t<\/section>\n\t\t\t\t<section class=\"elementor-section elementor-top-section elementor-element elementor-element-8dfe3e9 elementor-section-boxed elementor-section-height-default elementor-section-height-default\" data-id=\"8dfe3e9\" data-element_type=\"section\">\n\t\t\t\t\t\t<div class=\"elementor-container elementor-column-gap-default\">\n\t\t\t\t\t<div class=\"elementor-column elementor-col-100 elementor-top-column elementor-element elementor-element-c6c5657\" data-id=\"c6c5657\" data-element_type=\"column\">\n\t\t\t<div class=\"elementor-widget-wrap elementor-element-populated\">\n\t\t\t\t\t\t<div class=\"elementor-element elementor-element-eb41334 elementor-widget elementor-widget-text-editor\" data-id=\"eb41334\" data-element_type=\"widget\" data-widget_type=\"text-editor.default\">\n\t\t\t\t<div class=\"elementor-widget-container\">\n\t\t\t\t\t\t\t\t\t<p style=\"text-align: left;\"><span style=\"font-size: 12pt; font-family: Calibri,sans-serif; color: #000000; background-color: transparent; font-weight: 400; font-style: normal; font-variant: normal; text-decoration: none; vertical-align: baseline; white-space: pre-wrap;\">De l\u2019autre c\u00f4t\u00e9 de la Manche se trouve une passionn\u00e9e d\u2019automobiles, la reine Elizabeth II. Elle poss\u00e8de une importante collection de <strong>voitures anciennes<\/strong> \u00e0 l\u2019int\u00e9rieur de son garage. On y voit passer des noms prestigieux tels que Jaguar, Rolls-Royce, Daimler ou encore Land Rover. La Rolls-Royce Phantom V produite en seulement 516 exemplaires a \u00e9t\u00e9 utilis\u00e9e par la reine pendant pr\u00e8s de 40 ans. Elle poss\u00e8de \u00e9galement une Silver Ghost de 1924, l\u2019une des toutes premi\u00e8res voitures de la marque. <\/span><\/p>\n<p style=\"text-align: left;\">\u00a0<\/p>\n<p style=\"text-align: left;\"><span style=\"font-size: 12pt; font-family: Calibri,sans-serif; color: #000000; background-color: transparent; font-weight: 400; font-style: normal; font-variant: normal; text-decoration: none; vertical-align: baseline; white-space: pre-wrap;\">\u00c0 c\u00f4t\u00e9 de ces brillantes voitures, se trouvent \u00e9galement Land Rover s\u00e9rie 1 State IV de 1953, \u00e9galement une DE36 Limousine Landaulette de 1946 mais aussi une Double-Six 30HP Brougham de 1929.<\/span><\/p>\t\t\t\t\t\t\t\t<\/div>\n\t\t\t\t<\/div>\n\t\t\t\t<div class=\"elementor-element elementor-element-cf39bbf elementor-align-center elementor-widget elementor-widget-button\" data-id=\"cf39bbf\" data-element_type=\"widget\" data-widget_type=\"button.default\">\n\t\t\t\t<div class=\"elementor-widget-container\">\n\t\t\t\t\t\t\t\t\t<div class=\"elementor-button-wrapper\">\n\t\t\t\t\t<a class=\"elementor-button elementor-button-link elementor-size-sm\" href=\"\" target=\"_blank\">\n\t\t\t\t\t\t<span class=\"elementor-button-content-wrapper\">\n\t\t\t\t\t\t\t\t\t<span class=\"elementor-button-text\">Rouler dans la m\u00eame voiture que la Reine d'Angleterre <\/span>\n\t\t\t\t\t<\/span>\n\t\t\t\t\t<\/a>\n\t\t\t\t<\/div>\n\t\t\t\t\t\t\t\t<\/div>\n\t\t\t\t<\/div>\n\t\t\t\t\t<\/div>\n\t\t<\/div>\n\t\t\t\t\t<\/div>\n\t\t<\/section>\n\t\t\t\t<section class=\"elementor-section elementor-top-section elementor-element elementor-element-88334f4 elementor-section-boxed elementor-section-height-default elementor-section-height-default\" data-id=\"88334f4\" data-element_type=\"section\">\n\t\t\t\t\t\t<div class=\"elementor-container elementor-column-gap-default\">\n\t\t\t\t\t<div class=\"elementor-column elementor-col-100 elementor-top-column elementor-element elementor-element-0904c2d\" data-id=\"0904c2d\" data-element_type=\"column\">\n\t\t\t<div class=\"elementor-widget-wrap elementor-element-populated\">\n\t\t\t\t\t\t<div class=\"elementor-element elementor-element-889d141 elementor-widget elementor-widget-heading\" data-id=\"889d141\" data-element_type=\"widget\" data-widget_type=\"heading.default\">\n\t\t\t\t<div class=\"elementor-widget-container\">\n\t\t\t\t\t<h3 class=\"elementor-heading-title elementor-size-default\">Les d\u00e9placements des autres gouvernements<\/h3>\t\t\t\t<\/div>\n\t\t\t\t<\/div>\n\t\t\t\t\t<\/div>\n\t\t<\/div>\n\t\t\t\t\t<\/div>\n\t\t<\/section>\n\t\t\t\t<section class=\"elementor-section elementor-top-section elementor-element elementor-element-d60f68a elementor-section-boxed elementor-section-height-default elementor-section-height-default\" data-id=\"d60f68a\" data-element_type=\"section\">\n\t\t\t\t\t\t<div class=\"elementor-container elementor-column-gap-default\">\n\t\t\t\t\t<div class=\"elementor-column elementor-col-100 elementor-top-column elementor-element elementor-element-e7c3297\" data-id=\"e7c3297\" data-element_type=\"column\">\n\t\t\t<div class=\"elementor-widget-wrap elementor-element-populated\">\n\t\t\t\t\t\t<div class=\"elementor-element elementor-element-77a3788 elementor-widget elementor-widget-text-editor\" data-id=\"77a3788\" data-element_type=\"widget\" data-widget_type=\"text-editor.default\">\n\t\t\t\t<div class=\"elementor-widget-container\">\n\t\t\t\t\t\t\t\t\t<p style=\"text-align: left;\"><span style=\"font-size: 12pt; font-family: Calibri,sans-serif; color: #000000; background-color: transparent; font-weight: 400; font-style: normal; font-variant: normal; text-decoration: none; vertical-align: baseline; white-space: pre-wrap;\">Continuons notre tour du monde, et atterrissons au Br\u00e9sil o\u00f9 l\u2019une des <strong>voitures pr\u00e9sidentielles<\/strong> d\u00e9capotables est une Rolls-Royce Silver Wraith de 1952. Cette voiture est principalement utilis\u00e9e lors de c\u00e9r\u00e9monies officielles. Le <strong>pr\u00e9sident<\/strong> italien, lui, parade dans \u00e0 bord d\u2019une Lancia Flaminia 355 Presidenziale de 1960. Jos\u00e9 Mujica, le <strong>pr\u00e9sident<\/strong> uruguayen, est un passionn\u00e9 de Coccinelle\u00a0et poss\u00e8de une Beetle de 1987. Il refuse de la vendre m\u00eame si des offres d\u2019achat lui ont \u00e9t\u00e9 faites avec des prix avoisinant le million de dollars.<\/span><\/p>\t\t\t\t\t\t\t\t<\/div>\n\t\t\t\t<\/div>\n\t\t\t\t\t<\/div>\n\t\t<\/div>\n\t\t\t\t\t<\/div>\n\t\t<\/section>\n\t\t\t\t<section class=\"elementor-section elementor-top-section elementor-element elementor-element-99968e7 elementor-section-boxed elementor-section-height-default elementor-section-height-default\" data-id=\"99968e7\" data-element_type=\"section\">\n\t\t\t\t\t\t<div class=\"elementor-container elementor-column-gap-default\">\n\t\t\t\t\t<div class=\"elementor-column elementor-col-100 elementor-top-column elementor-element elementor-element-4a42e30\" data-id=\"4a42e30\" data-element_type=\"column\">\n\t\t\t<div class=\"elementor-widget-wrap elementor-element-populated\">\n\t\t\t\t\t\t<div class=\"elementor-element elementor-element-ca826a3 elementor-widget elementor-widget-text-editor\" data-id=\"ca826a3\" data-element_type=\"widget\" data-widget_type=\"text-editor.default\">\n\t\t\t\t<div class=\"elementor-widget-container\">\n\t\t\t\t\t\t\t\t\t<p><span style=\"color: #000000;\">Voici d&rsquo;autres articles qui pourraient vous plaire :<\/span><\/p>\n<ul>\n<li><a href=\"https:\/\/www.wedrivit.com\/blog\/voiture\/collection\/les-10-voitures-de-collection-les-plus-vendues\/\">Top 10 des voitures de collection les plus vendues<\/a><\/li>\n<li><a href=\"https:\/\/www.wedrivit.com\/blog\/voiture\/collection\/voitures-anciennes-stars\/\">Les stars et leurs voitures anciennes<\/a><\/li>\n<\/ul>\n<p>\u00a0<\/p>\t\t\t\t\t\t\t\t<\/div>\n\t\t\t\t<\/div>\n\t\t\t\t<div class=\"elementor-element elementor-element-b9a59ef elementor-align-center elementor-widget elementor-widget-button\" data-id=\"b9a59ef\" data-element_type=\"widget\" data-widget_type=\"button.default\">\n\t\t\t\t<div class=\"elementor-widget-container\">\n\t\t\t\t\t\t\t\t\t<div class=\"elementor-button-wrapper\">\n\t\t\t\t\t<a class=\"elementor-button elementor-button-link elementor-size-sm\" href=\"https:\/\/www.wedrivit.com\/\" target=\"_blank\">\n\t\t\t\t\t\t<span class=\"elementor-button-content-wrapper\">\n\t\t\t\t\t\t\t\t\t<span class=\"elementor-button-text\">Retrouvez les m\u00eames voitures que les anciens pr\u00e9sidents<\/span>\n\t\t\t\t\t<\/span>\n\t\t\t\t\t<\/a>\n\t\t\t\t<\/div>\n\t\t\t\t\t\t\t\t<\/div>\n\t\t\t\t<\/div>\n\t\t\t\t\t<\/div>\n\t\t<\/div>\n\t\t\t\t\t<\/div>\n\t\t<\/section>\n\t\t\t\t<\/div>\n\t\t","protected":false},"excerpt":{"rendered":"<p>Les voitures iconiques des 10 derniers pr\u00e9sidents<\/p>\n","protected":false},"author":17,"featured_media":4617,"comment_status":"open","ping_status":"open","sticky":false,"template":"","format":"standard","meta":{"footnotes":""},"categories":[17,1],"tags":[],"class_list":["post-4546","post","type-post","status-publish","format-standard","has-post-thumbnail","hentry","category-culture-automobile","category-tous-les-articles"],"yoast_head":"<!-- This site is optimized with the Yoast SEO plugin v26.9 - https:\/\/yoast.com\/product\/yoast-seo-wordpress\/ -->\n<title>Les voitures des pr\u00e9sidents, les 10 plus embl\u00e9matiques - Wedrivit<\/title>\n<meta name=\"description\" content=\"D\u00e9couvrez les voitures les plus embl\u00e9matiques des 10 derniers pr\u00e9sidents. Les voitures des pr\u00e9sidents repr\u00e9sentent l&#039;image de la France.\" \/>\n<meta name=\"robots\" content=\"index, follow, max-snippet:-1, max-image-preview:large, max-video-preview:-1\" \/>\n<link rel=\"canonical\" href=\"https:\/\/www.wedrivit.com\/blog\/voiture\/collection\/les-voitures-des-presidents-francais\" \/>\n<meta property=\"og:locale\" content=\"fr_FR\" \/>\n<meta property=\"og:type\" content=\"article\" \/>\n<meta property=\"og:title\" content=\"Les voitures des pr\u00e9sidents, les 10 plus embl\u00e9matiques - Wedrivit\" \/>\n<meta property=\"og:description\" content=\"D\u00e9couvrez les voitures les plus embl\u00e9matiques des 10 derniers pr\u00e9sidents. Les voitures des pr\u00e9sidents repr\u00e9sentent l&#039;image de la France.\" \/>\n<meta property=\"og:url\" content=\"https:\/\/www.wedrivit.com\/blog\/voiture\/collection\/les-voitures-des-presidents-francais\" \/>\n<meta property=\"og:site_name\" content=\"Le blog des voitures de collection par Wedrivit\" \/>\n<meta property=\"article:published_time\" content=\"2022-06-28T14:42:23+00:00\" \/>\n<meta property=\"article:modified_time\" content=\"2025-07-08T07:03:59+00:00\" \/>\n<meta property=\"og:image\" content=\"https:\/\/www.wedrivit.com\/blog\/wp-content\/uploads\/2022\/06\/Sans-titre-900-\u00d7-500-px-900-\u00d7-600-px.png\" \/>\n\t<meta property=\"og:image:width\" content=\"900\" \/>\n\t<meta property=\"og:image:height\" content=\"600\" \/>\n\t<meta property=\"og:image:type\" content=\"image\/png\" \/>\n<meta name=\"author\" content=\"Camille Fiot\" \/>\n<meta name=\"twitter:card\" content=\"summary_large_image\" \/>\n<meta name=\"twitter:label1\" content=\"\u00c9crit par\" \/>\n\t<meta name=\"twitter:data1\" content=\"Camille Fiot\" \/>\n\t<meta name=\"twitter:label2\" content=\"Dur\u00e9e de lecture estim\u00e9e\" \/>\n\t<meta name=\"twitter:data2\" content=\"8 minutes\" \/>\n<script type=\"application\/ld+json\" class=\"yoast-schema-graph\">{\"@context\":\"https:\/\/schema.org\",\"@graph\":[{\"@type\":\"Article\",\"@id\":\"https:\/\/www.wedrivit.com\/blog\/voiture\/collection\/les-voitures-des-presidents-francais#article\",\"isPartOf\":{\"@id\":\"https:\/\/www.wedrivit.com\/blog\/voiture\/collection\/les-voitures-des-presidents-francais\"},\"author\":{\"name\":\"Camille Fiot\",\"@id\":\"https:\/\/www.wedrivit.com\/blog\/#\/schema\/person\/bd337a50a9dbdcb584b97dfc6b7a7008\"},\"headline\":\"Les voitures iconiques des 10 derniers pr\u00e9sidents\",\"datePublished\":\"2022-06-28T14:42:23+00:00\",\"dateModified\":\"2025-07-08T07:03:59+00:00\",\"mainEntityOfPage\":{\"@id\":\"https:\/\/www.wedrivit.com\/blog\/voiture\/collection\/les-voitures-des-presidents-francais\"},\"wordCount\":1207,\"commentCount\":0,\"publisher\":{\"@id\":\"https:\/\/www.wedrivit.com\/blog\/#organization\"},\"image\":{\"@id\":\"https:\/\/www.wedrivit.com\/blog\/voiture\/collection\/les-voitures-des-presidents-francais#primaryimage\"},\"thumbnailUrl\":\"https:\/\/www.wedrivit.com\/blog\/wp-content\/uploads\/2022\/06\/Sans-titre-900-\u00d7-500-px-900-\u00d7-600-px.png\",\"articleSection\":[\"Culture Automobile\",\"Tous les articles\"],\"inLanguage\":\"fr-FR\",\"potentialAction\":[{\"@type\":\"CommentAction\",\"name\":\"Comment\",\"target\":[\"https:\/\/www.wedrivit.com\/blog\/voiture\/collection\/les-voitures-des-presidents-francais#respond\"]}]},{\"@type\":\"WebPage\",\"@id\":\"https:\/\/www.wedrivit.com\/blog\/voiture\/collection\/les-voitures-des-presidents-francais\",\"url\":\"https:\/\/www.wedrivit.com\/blog\/voiture\/collection\/les-voitures-des-presidents-francais\",\"name\":\"Les voitures des pr\u00e9sidents, les 10 plus embl\u00e9matiques - Wedrivit\",\"isPartOf\":{\"@id\":\"https:\/\/www.wedrivit.com\/blog\/#website\"},\"primaryImageOfPage\":{\"@id\":\"https:\/\/www.wedrivit.com\/blog\/voiture\/collection\/les-voitures-des-presidents-francais#primaryimage\"},\"image\":{\"@id\":\"https:\/\/www.wedrivit.com\/blog\/voiture\/collection\/les-voitures-des-presidents-francais#primaryimage\"},\"thumbnailUrl\":\"https:\/\/www.wedrivit.com\/blog\/wp-content\/uploads\/2022\/06\/Sans-titre-900-\u00d7-500-px-900-\u00d7-600-px.png\",\"datePublished\":\"2022-06-28T14:42:23+00:00\",\"dateModified\":\"2025-07-08T07:03:59+00:00\",\"description\":\"D\u00e9couvrez les voitures les plus embl\u00e9matiques des 10 derniers pr\u00e9sidents. Les voitures des pr\u00e9sidents repr\u00e9sentent l'image de la France.\",\"breadcrumb\":{\"@id\":\"https:\/\/www.wedrivit.com\/blog\/voiture\/collection\/les-voitures-des-presidents-francais#breadcrumb\"},\"inLanguage\":\"fr-FR\",\"potentialAction\":[{\"@type\":\"ReadAction\",\"target\":[\"https:\/\/www.wedrivit.com\/blog\/voiture\/collection\/les-voitures-des-presidents-francais\"]}]},{\"@type\":\"ImageObject\",\"inLanguage\":\"fr-FR\",\"@id\":\"https:\/\/www.wedrivit.com\/blog\/voiture\/collection\/les-voitures-des-presidents-francais#primaryimage\",\"url\":\"https:\/\/www.wedrivit.com\/blog\/wp-content\/uploads\/2022\/06\/Sans-titre-900-\u00d7-500-px-900-\u00d7-600-px.png\",\"contentUrl\":\"https:\/\/www.wedrivit.com\/blog\/wp-content\/uploads\/2022\/06\/Sans-titre-900-\u00d7-500-px-900-\u00d7-600-px.png\",\"width\":900,\"height\":600,\"caption\":\"Charles De Gaule\"},{\"@type\":\"BreadcrumbList\",\"@id\":\"https:\/\/www.wedrivit.com\/blog\/voiture\/collection\/les-voitures-des-presidents-francais#breadcrumb\",\"itemListElement\":[{\"@type\":\"ListItem\",\"position\":1,\"name\":\"Home\",\"item\":\"https:\/\/www.wedrivit.com\/blog\/\"},{\"@type\":\"ListItem\",\"position\":2,\"name\":\"Les voitures iconiques des 10 derniers pr\u00e9sidents\"}]},{\"@type\":\"WebSite\",\"@id\":\"https:\/\/www.wedrivit.com\/blog\/#website\",\"url\":\"https:\/\/www.wedrivit.com\/blog\/\",\"name\":\"Le blog des voitures de collection par Wedrivit\",\"description\":\"Tout savoir sur les voitures anciennes grace \u00e0 Wedrivit, la plateforme de location de voitures anciennes entre particuliers.\",\"publisher\":{\"@id\":\"https:\/\/www.wedrivit.com\/blog\/#organization\"},\"potentialAction\":[{\"@type\":\"SearchAction\",\"target\":{\"@type\":\"EntryPoint\",\"urlTemplate\":\"https:\/\/www.wedrivit.com\/blog\/?s={search_term_string}\"},\"query-input\":{\"@type\":\"PropertyValueSpecification\",\"valueRequired\":true,\"valueName\":\"search_term_string\"}}],\"inLanguage\":\"fr-FR\"},{\"@type\":\"Organization\",\"@id\":\"https:\/\/www.wedrivit.com\/blog\/#organization\",\"name\":\"Le blog des voitures de collection par Wedrivit\",\"url\":\"https:\/\/www.wedrivit.com\/blog\/\",\"logo\":{\"@type\":\"ImageObject\",\"inLanguage\":\"fr-FR\",\"@id\":\"https:\/\/www.wedrivit.com\/blog\/#\/schema\/logo\/image\/\",\"url\":\"https:\/\/www.wedrivit.com\/blog\/wp-content\/uploads\/2024\/12\/wedrivit-blanc-large-2.png\",\"contentUrl\":\"https:\/\/www.wedrivit.com\/blog\/wp-content\/uploads\/2024\/12\/wedrivit-blanc-large-2.png\",\"caption\":\"Le blog des voitures de collection par Wedrivit\"},\"image\":{\"@id\":\"https:\/\/www.wedrivit.com\/blog\/#\/schema\/logo\/image\/\"}},{\"@type\":\"Person\",\"@id\":\"https:\/\/www.wedrivit.com\/blog\/#\/schema\/person\/bd337a50a9dbdcb584b97dfc6b7a7008\",\"name\":\"Camille Fiot\",\"image\":{\"@type\":\"ImageObject\",\"inLanguage\":\"fr-FR\",\"@id\":\"https:\/\/www.wedrivit.com\/blog\/#\/schema\/person\/image\/\",\"url\":\"https:\/\/secure.gravatar.com\/avatar\/2f64f3e5fd5b776bb931b6b8fb8d451e04047c77832e87138ce0041eb1434bb2?s=96&d=mm&r=g\",\"contentUrl\":\"https:\/\/secure.gravatar.com\/avatar\/2f64f3e5fd5b776bb931b6b8fb8d451e04047c77832e87138ce0041eb1434bb2?s=96&d=mm&r=g\",\"caption\":\"Camille Fiot\"},\"sameAs\":[\"https:\/\/www.wedrivit.com\/\"],\"url\":\"https:\/\/www.wedrivit.com\/blog\/voiture\/collection\/author\/camille-fiot\"}]}<\/script>\n<!-- \/ Yoast SEO plugin. -->","yoast_head_json":{"title":"Les voitures des pr\u00e9sidents, les 10 plus embl\u00e9matiques - Wedrivit","description":"D\u00e9couvrez les voitures les plus embl\u00e9matiques des 10 derniers pr\u00e9sidents. Les voitures des pr\u00e9sidents repr\u00e9sentent l'image de la France.","robots":{"index":"index","follow":"follow","max-snippet":"max-snippet:-1","max-image-preview":"max-image-preview:large","max-video-preview":"max-video-preview:-1"},"canonical":"https:\/\/www.wedrivit.com\/blog\/voiture\/collection\/les-voitures-des-presidents-francais","og_locale":"fr_FR","og_type":"article","og_title":"Les voitures des pr\u00e9sidents, les 10 plus embl\u00e9matiques - Wedrivit","og_description":"D\u00e9couvrez les voitures les plus embl\u00e9matiques des 10 derniers pr\u00e9sidents. Les voitures des pr\u00e9sidents repr\u00e9sentent l'image de la France.","og_url":"https:\/\/www.wedrivit.com\/blog\/voiture\/collection\/les-voitures-des-presidents-francais","og_site_name":"Le blog des voitures de collection par Wedrivit","article_published_time":"2022-06-28T14:42:23+00:00","article_modified_time":"2025-07-08T07:03:59+00:00","og_image":[{"width":900,"height":600,"url":"https:\/\/www.wedrivit.com\/blog\/wp-content\/uploads\/2022\/06\/Sans-titre-900-\u00d7-500-px-900-\u00d7-600-px.png","type":"image\/png"}],"author":"Camille Fiot","twitter_card":"summary_large_image","twitter_misc":{"\u00c9crit par":"Camille Fiot","Dur\u00e9e de lecture estim\u00e9e":"8 minutes"},"schema":{"@context":"https:\/\/schema.org","@graph":[{"@type":"Article","@id":"https:\/\/www.wedrivit.com\/blog\/voiture\/collection\/les-voitures-des-presidents-francais#article","isPartOf":{"@id":"https:\/\/www.wedrivit.com\/blog\/voiture\/collection\/les-voitures-des-presidents-francais"},"author":{"name":"Camille Fiot","@id":"https:\/\/www.wedrivit.com\/blog\/#\/schema\/person\/bd337a50a9dbdcb584b97dfc6b7a7008"},"headline":"Les voitures iconiques des 10 derniers pr\u00e9sidents","datePublished":"2022-06-28T14:42:23+00:00","dateModified":"2025-07-08T07:03:59+00:00","mainEntityOfPage":{"@id":"https:\/\/www.wedrivit.com\/blog\/voiture\/collection\/les-voitures-des-presidents-francais"},"wordCount":1207,"commentCount":0,"publisher":{"@id":"https:\/\/www.wedrivit.com\/blog\/#organization"},"image":{"@id":"https:\/\/www.wedrivit.com\/blog\/voiture\/collection\/les-voitures-des-presidents-francais#primaryimage"},"thumbnailUrl":"https:\/\/www.wedrivit.com\/blog\/wp-content\/uploads\/2022\/06\/Sans-titre-900-\u00d7-500-px-900-\u00d7-600-px.png","articleSection":["Culture Automobile","Tous les articles"],"inLanguage":"fr-FR","potentialAction":[{"@type":"CommentAction","name":"Comment","target":["https:\/\/www.wedrivit.com\/blog\/voiture\/collection\/les-voitures-des-presidents-francais#respond"]}]},{"@type":"WebPage","@id":"https:\/\/www.wedrivit.com\/blog\/voiture\/collection\/les-voitures-des-presidents-francais","url":"https:\/\/www.wedrivit.com\/blog\/voiture\/collection\/les-voitures-des-presidents-francais","name":"Les voitures des pr\u00e9sidents, les 10 plus embl\u00e9matiques - Wedrivit","isPartOf":{"@id":"https:\/\/www.wedrivit.com\/blog\/#website"},"primaryImageOfPage":{"@id":"https:\/\/www.wedrivit.com\/blog\/voiture\/collection\/les-voitures-des-presidents-francais#primaryimage"},"image":{"@id":"https:\/\/www.wedrivit.com\/blog\/voiture\/collection\/les-voitures-des-presidents-francais#primaryimage"},"thumbnailUrl":"https:\/\/www.wedrivit.com\/blog\/wp-content\/uploads\/2022\/06\/Sans-titre-900-\u00d7-500-px-900-\u00d7-600-px.png","datePublished":"2022-06-28T14:42:23+00:00","dateModified":"2025-07-08T07:03:59+00:00","description":"D\u00e9couvrez les voitures les plus embl\u00e9matiques des 10 derniers pr\u00e9sidents. Les voitures des pr\u00e9sidents repr\u00e9sentent l'image de la France.","breadcrumb":{"@id":"https:\/\/www.wedrivit.com\/blog\/voiture\/collection\/les-voitures-des-presidents-francais#breadcrumb"},"inLanguage":"fr-FR","potentialAction":[{"@type":"ReadAction","target":["https:\/\/www.wedrivit.com\/blog\/voiture\/collection\/les-voitures-des-presidents-francais"]}]},{"@type":"ImageObject","inLanguage":"fr-FR","@id":"https:\/\/www.wedrivit.com\/blog\/voiture\/collection\/les-voitures-des-presidents-francais#primaryimage","url":"https:\/\/www.wedrivit.com\/blog\/wp-content\/uploads\/2022\/06\/Sans-titre-900-\u00d7-500-px-900-\u00d7-600-px.png","contentUrl":"https:\/\/www.wedrivit.com\/blog\/wp-content\/uploads\/2022\/06\/Sans-titre-900-\u00d7-500-px-900-\u00d7-600-px.png","width":900,"height":600,"caption":"Charles De Gaule"},{"@type":"BreadcrumbList","@id":"https:\/\/www.wedrivit.com\/blog\/voiture\/collection\/les-voitures-des-presidents-francais#breadcrumb","itemListElement":[{"@type":"ListItem","position":1,"name":"Home","item":"https:\/\/www.wedrivit.com\/blog\/"},{"@type":"ListItem","position":2,"name":"Les voitures iconiques des 10 derniers pr\u00e9sidents"}]},{"@type":"WebSite","@id":"https:\/\/www.wedrivit.com\/blog\/#website","url":"https:\/\/www.wedrivit.com\/blog\/","name":"Le blog des voitures de collection par Wedrivit","description":"Tout savoir sur les voitures anciennes grace \u00e0 Wedrivit, la plateforme de location de voitures anciennes entre particuliers.","publisher":{"@id":"https:\/\/www.wedrivit.com\/blog\/#organization"},"potentialAction":[{"@type":"SearchAction","target":{"@type":"EntryPoint","urlTemplate":"https:\/\/www.wedrivit.com\/blog\/?s={search_term_string}"},"query-input":{"@type":"PropertyValueSpecification","valueRequired":true,"valueName":"search_term_string"}}],"inLanguage":"fr-FR"},{"@type":"Organization","@id":"https:\/\/www.wedrivit.com\/blog\/#organization","name":"Le blog des voitures de collection par Wedrivit","url":"https:\/\/www.wedrivit.com\/blog\/","logo":{"@type":"ImageObject","inLanguage":"fr-FR","@id":"https:\/\/www.wedrivit.com\/blog\/#\/schema\/logo\/image\/","url":"https:\/\/www.wedrivit.com\/blog\/wp-content\/uploads\/2024\/12\/wedrivit-blanc-large-2.png","contentUrl":"https:\/\/www.wedrivit.com\/blog\/wp-content\/uploads\/2024\/12\/wedrivit-blanc-large-2.png","caption":"Le blog des voitures de collection par Wedrivit"},"image":{"@id":"https:\/\/www.wedrivit.com\/blog\/#\/schema\/logo\/image\/"}},{"@type":"Person","@id":"https:\/\/www.wedrivit.com\/blog\/#\/schema\/person\/bd337a50a9dbdcb584b97dfc6b7a7008","name":"Camille Fiot","image":{"@type":"ImageObject","inLanguage":"fr-FR","@id":"https:\/\/www.wedrivit.com\/blog\/#\/schema\/person\/image\/","url":"https:\/\/secure.gravatar.com\/avatar\/2f64f3e5fd5b776bb931b6b8fb8d451e04047c77832e87138ce0041eb1434bb2?s=96&d=mm&r=g","contentUrl":"https:\/\/secure.gravatar.com\/avatar\/2f64f3e5fd5b776bb931b6b8fb8d451e04047c77832e87138ce0041eb1434bb2?s=96&d=mm&r=g","caption":"Camille Fiot"},"sameAs":["https:\/\/www.wedrivit.com\/"],"url":"https:\/\/www.wedrivit.com\/blog\/voiture\/collection\/author\/camille-fiot"}]}},"_links":{"self":[{"href":"https:\/\/www.wedrivit.com\/blog\/wp-json\/wp\/v2\/posts\/4546","targetHints":{"allow":["GET"]}}],"collection":[{"href":"https:\/\/www.wedrivit.com\/blog\/wp-json\/wp\/v2\/posts"}],"about":[{"href":"https:\/\/www.wedrivit.com\/blog\/wp-json\/wp\/v2\/types\/post"}],"author":[{"embeddable":true,"href":"https:\/\/www.wedrivit.com\/blog\/wp-json\/wp\/v2\/users\/17"}],"replies":[{"embeddable":true,"href":"https:\/\/www.wedrivit.com\/blog\/wp-json\/wp\/v2\/comments?post=4546"}],"version-history":[{"count":77,"href":"https:\/\/www.wedrivit.com\/blog\/wp-json\/wp\/v2\/posts\/4546\/revisions"}],"predecessor-version":[{"id":11384,"href":"https:\/\/www.wedrivit.com\/blog\/wp-json\/wp\/v2\/posts\/4546\/revisions\/11384"}],"wp:featuredmedia":[{"embeddable":true,"href":"https:\/\/www.wedrivit.com\/blog\/wp-json\/wp\/v2\/media\/4617"}],"wp:attachment":[{"href":"https:\/\/www.wedrivit.com\/blog\/wp-json\/wp\/v2\/media?parent=4546"}],"wp:term":[{"taxonomy":"category","embeddable":true,"href":"https:\/\/www.wedrivit.com\/blog\/wp-json\/wp\/v2\/categories?post=4546"},{"taxonomy":"post_tag","embeddable":true,"href":"https:\/\/www.wedrivit.com\/blog\/wp-json\/wp\/v2\/tags?post=4546"}],"curies":[{"name":"wp","href":"https:\/\/api.w.org\/{rel}","templated":true}]}}