{"id":4371,"date":"2021-10-03T23:00:00","date_gmt":"2021-10-03T21:00:00","guid":{"rendered":"https:\/\/www.wedrivit.com\/blog\/?p=4371"},"modified":"2026-02-02T14:11:58","modified_gmt":"2026-02-02T12:11:58","slug":"les-10-voitures-de-collection-les-plus-vendues","status":"publish","type":"post","link":"https:\/\/www.wedrivit.com\/blog\/voiture\/collection\/les-10-voitures-de-collection-les-plus-vendues","title":{"rendered":"Les 10 voitures de collection les plus vendues"},"content":{"rendered":"\t\t<div data-elementor-type=\"wp-post\" data-elementor-id=\"4371\" class=\"elementor elementor-4371\">\n\t\t\t\t\t\t<section class=\"elementor-section elementor-top-section elementor-element elementor-element-33178eb elementor-section-boxed elementor-section-height-default elementor-section-height-default\" data-id=\"33178eb\" data-element_type=\"section\">\n\t\t\t\t\t\t<div class=\"elementor-container elementor-column-gap-default\">\n\t\t\t\t\t<div class=\"elementor-column elementor-col-100 elementor-top-column elementor-element elementor-element-784af1c\" data-id=\"784af1c\" data-element_type=\"column\">\n\t\t\t<div class=\"elementor-widget-wrap elementor-element-populated\">\n\t\t\t\t\t\t<div class=\"elementor-element elementor-element-2ed0eec elementor-widget elementor-widget-text-editor\" data-id=\"2ed0eec\" data-element_type=\"widget\" data-widget_type=\"text-editor.default\">\n\t\t\t\t<div class=\"elementor-widget-container\">\n\t\t\t\t\t\t\t\t\t<p><span style=\"color: #000000;\">Les <strong>voitures de collection<\/strong> passionnent \u00e0 travers le monde, et bien qu\u2019il en existe un grand nombre. Certains mod\u00e8les restent chers au c\u0153ur des passionn\u00e9s. Si vous \u00eates vous aussi int\u00e9ress\u00e9 par l\u2019achat ou par la <strong>location d\u2019une voiture de collection. <\/strong>La d\u00e9couverte de notre Top 10 des <strong>voitures de collection<\/strong> les plus vendues et de leurs principales caract\u00e9ristiques pourrait vous int\u00e9resser ! On vous les pr\u00e9sente sans attendre.<\/span><\/p>\t\t\t\t\t\t\t\t<\/div>\n\t\t\t\t<\/div>\n\t\t\t\t\t<\/div>\n\t\t<\/div>\n\t\t\t\t\t<\/div>\n\t\t<\/section>\n\t\t\t\t<section class=\"elementor-section elementor-top-section elementor-element elementor-element-8afa17e elementor-section-boxed elementor-section-height-default elementor-section-height-default\" data-id=\"8afa17e\" data-element_type=\"section\">\n\t\t\t\t\t\t<div class=\"elementor-container elementor-column-gap-default\">\n\t\t\t\t\t<div class=\"elementor-column elementor-col-100 elementor-top-column elementor-element elementor-element-18581b1\" data-id=\"18581b1\" data-element_type=\"column\">\n\t\t\t<div class=\"elementor-widget-wrap elementor-element-populated\">\n\t\t\t\t\t\t<div class=\"elementor-element elementor-element-2f0bf77 elementor-widget elementor-widget-heading\" data-id=\"2f0bf77\" data-element_type=\"widget\" data-widget_type=\"heading.default\">\n\t\t\t\t<div class=\"elementor-widget-container\">\n\t\t\t\t\t<h2 class=\"elementor-heading-title elementor-size-default\">La Citro\u00ebn 2CV<\/h2>\t\t\t\t<\/div>\n\t\t\t\t<\/div>\n\t\t\t\t\t<\/div>\n\t\t<\/div>\n\t\t\t\t\t<\/div>\n\t\t<\/section>\n\t\t\t\t<section class=\"elementor-section elementor-top-section elementor-element elementor-element-81b2816 elementor-section-boxed elementor-section-height-default elementor-section-height-default\" data-id=\"81b2816\" data-element_type=\"section\">\n\t\t\t\t\t\t<div class=\"elementor-container elementor-column-gap-default\">\n\t\t\t\t\t<div class=\"elementor-column elementor-col-100 elementor-top-column elementor-element elementor-element-7807efa\" data-id=\"7807efa\" data-element_type=\"column\">\n\t\t\t<div class=\"elementor-widget-wrap elementor-element-populated\">\n\t\t\t\t\t\t<div class=\"elementor-element elementor-element-b4d2569 elementor-widget elementor-widget-text-editor\" data-id=\"b4d2569\" data-element_type=\"widget\" data-widget_type=\"text-editor.default\">\n\t\t\t\t<div class=\"elementor-widget-container\">\n\t\t\t\t\t\t\t\t\t<p><span style=\"color: #000000;\">Notre classement commence sans grande surprise par l\u2019une des <strong>voitures de collection<\/strong> pr\u00e9f\u00e9r\u00e9es des fran\u00e7ais : la <a style=\"color: #000000;\" href=\"https:\/\/www.wedrivit.com\/location\/voiture\/2cv\/\" target=\"_blank\" rel=\"noreferrer noopener\" aria-label=\"undefined (s\u2019ouvre dans un nouvel onglet)\">Citro\u00ebn 2CV<\/a>. Cette <strong>voiture de collection<\/strong> f\u00fbt \u00e9coul\u00e9e \u00e0 plus de 5 millions d\u2019exemplaires. Ce qui la place parmi les 10 voitures fran\u00e7aises les plus vendues de l\u2019histoire. Produite entre 1948 et 1990, elle reste aujourd\u2019hui encore populaire. Et serait estim\u00e9e dans une fourchette allant de 6 000 \u00e0 17 000\u20ac pour les plus beaux mod\u00e8les.<\/span><\/p>\t\t\t\t\t\t\t\t<\/div>\n\t\t\t\t<\/div>\n\t\t\t\t\t<\/div>\n\t\t<\/div>\n\t\t\t\t\t<\/div>\n\t\t<\/section>\n\t\t\t\t<section class=\"elementor-section elementor-top-section elementor-element elementor-element-212e4e2 elementor-section-boxed elementor-section-height-default elementor-section-height-default\" data-id=\"212e4e2\" data-element_type=\"section\">\n\t\t\t\t\t\t<div class=\"elementor-container elementor-column-gap-default\">\n\t\t\t\t\t<div class=\"elementor-column elementor-col-100 elementor-top-column elementor-element elementor-element-16ed20f\" data-id=\"16ed20f\" data-element_type=\"column\">\n\t\t\t<div class=\"elementor-widget-wrap elementor-element-populated\">\n\t\t\t\t\t\t<div class=\"elementor-element elementor-element-51a59ac elementor-widget elementor-widget-image\" data-id=\"51a59ac\" data-element_type=\"widget\" data-widget_type=\"image.default\">\n\t\t\t\t<div class=\"elementor-widget-container\">\n\t\t\t\t\t\t\t\t\t\t\t\t\t\t\t<img fetchpriority=\"high\" decoding=\"async\" width=\"720\" height=\"539\" src=\"https:\/\/www.wedrivit.com\/blog\/wp-content\/uploads\/2021\/09\/2CV-wedrivit.jpeg\" class=\"attachment-large size-large wp-image-4374\" alt=\"Citroen 2CV\" \/>\t\t\t\t\t\t\t\t\t\t\t\t\t\t\t<\/div>\n\t\t\t\t<\/div>\n\t\t\t\t\t<\/div>\n\t\t<\/div>\n\t\t\t\t\t<\/div>\n\t\t<\/section>\n\t\t\t\t<section class=\"elementor-section elementor-top-section elementor-element elementor-element-deb248e elementor-section-boxed elementor-section-height-default elementor-section-height-default\" data-id=\"deb248e\" data-element_type=\"section\">\n\t\t\t\t\t\t<div class=\"elementor-container elementor-column-gap-default\">\n\t\t\t\t\t<div class=\"elementor-column elementor-col-100 elementor-top-column elementor-element elementor-element-f842e6b\" data-id=\"f842e6b\" data-element_type=\"column\">\n\t\t\t<div class=\"elementor-widget-wrap elementor-element-populated\">\n\t\t\t\t\t\t<div class=\"elementor-element elementor-element-4cd6f4d elementor-widget elementor-widget-heading\" data-id=\"4cd6f4d\" data-element_type=\"widget\" data-widget_type=\"heading.default\">\n\t\t\t\t<div class=\"elementor-widget-container\">\n\t\t\t\t\t<h2 class=\"elementor-heading-title elementor-size-default\">La Ford Mustang<\/h2>\t\t\t\t<\/div>\n\t\t\t\t<\/div>\n\t\t\t\t\t<\/div>\n\t\t<\/div>\n\t\t\t\t\t<\/div>\n\t\t<\/section>\n\t\t\t\t<section class=\"elementor-section elementor-top-section elementor-element elementor-element-605e93a elementor-section-boxed elementor-section-height-default elementor-section-height-default\" data-id=\"605e93a\" data-element_type=\"section\">\n\t\t\t\t\t\t<div class=\"elementor-container elementor-column-gap-default\">\n\t\t\t\t\t<div class=\"elementor-column elementor-col-100 elementor-top-column elementor-element elementor-element-95e8797\" data-id=\"95e8797\" data-element_type=\"column\">\n\t\t\t<div class=\"elementor-widget-wrap elementor-element-populated\">\n\t\t\t\t\t\t<div class=\"elementor-element elementor-element-3d21859 elementor-widget elementor-widget-text-editor\" data-id=\"3d21859\" data-element_type=\"widget\" data-widget_type=\"text-editor.default\">\n\t\t\t\t<div class=\"elementor-widget-container\">\n\t\t\t\t\t\t\t\t\t<p><span style=\"color: #000000;\">En deuxi\u00e8me place, le c\u0153ur des fran\u00e7ais semble battre pour le r\u00eave am\u00e9ricain, avec la c\u00e9l\u00e8bre Ford Mustang. Le mod\u00e8le le plus appr\u00e9ci\u00e9 reste la <a style=\"color: #000000;\" href=\"https:\/\/www.wedrivit.com\/location\/voiture\/mustang\/\" target=\"_blank\" rel=\"noreferrer noopener\" aria-label=\"undefined (s\u2019ouvre dans un nouvel onglet)\">Ford Mustang<\/a> I, qui voit le jour en 1964 et dont la production cesse en 1973. Pour les amateurs de belles voitures, elle \u00e9voque d\u00e8s sa sortie l\u2019Am\u00e9rique et sa r\u00e9ussite. Un id\u00e9al port\u00e9 par la suite au cin\u00e9ma. Tr\u00e8s vite, elle devient l\u2019une des vedettes de l\u2019\u00e9poque, ce qui en fait l\u2019une des <strong>voitures de collection<\/strong> les plus vendues de notre liste.\u00a0<\/span><\/p>\n<p><span style=\"color: #000000;\"><!-- \/wp:paragraph --><\/span><\/p>\n<p><span style=\"color: #000000;\"><!-- wp:paragraph --><\/span><\/p>\n<p><span style=\"color: #000000;\">Si cette <strong>voiture de collection<\/strong> vous int\u00e9resse, il vous sera possible de vous l\u2019offrir en comptant au minimum un budget de 14 000\u20ac. Vous pourrez \u00e9galement la d\u00e9couvrir le temps d\u2019une journ\u00e9e. En faisant le choix de la location d\u2019une Ford Mustang dans la r\u00e9gion de votre choix.<\/span><\/p>\t\t\t\t\t\t\t\t<\/div>\n\t\t\t\t<\/div>\n\t\t\t\t\t<\/div>\n\t\t<\/div>\n\t\t\t\t\t<\/div>\n\t\t<\/section>\n\t\t\t\t<section class=\"elementor-section elementor-top-section elementor-element elementor-element-729a370 elementor-section-boxed elementor-section-height-default elementor-section-height-default\" data-id=\"729a370\" data-element_type=\"section\">\n\t\t\t\t\t\t<div class=\"elementor-container elementor-column-gap-default\">\n\t\t\t\t\t<div class=\"elementor-column elementor-col-100 elementor-top-column elementor-element elementor-element-2dddc83\" data-id=\"2dddc83\" data-element_type=\"column\">\n\t\t\t<div class=\"elementor-widget-wrap elementor-element-populated\">\n\t\t\t\t\t\t<div class=\"elementor-element elementor-element-883f1da elementor-widget elementor-widget-image\" data-id=\"883f1da\" data-element_type=\"widget\" data-widget_type=\"image.default\">\n\t\t\t\t<div class=\"elementor-widget-container\">\n\t\t\t\t\t\t\t\t\t\t\t\t\t\t\t<img decoding=\"async\" width=\"720\" height=\"390\" src=\"https:\/\/www.wedrivit.com\/blog\/wp-content\/uploads\/2021\/09\/ford-mustang-wedrivit-1.jpeg\" class=\"attachment-large size-large wp-image-4386\" alt=\"Ford mustang\" \/>\t\t\t\t\t\t\t\t\t\t\t\t\t\t\t<\/div>\n\t\t\t\t<\/div>\n\t\t\t\t\t<\/div>\n\t\t<\/div>\n\t\t\t\t\t<\/div>\n\t\t<\/section>\n\t\t\t\t<section class=\"elementor-section elementor-top-section elementor-element elementor-element-cd8e59c elementor-section-boxed elementor-section-height-default elementor-section-height-default\" data-id=\"cd8e59c\" data-element_type=\"section\">\n\t\t\t\t\t\t<div class=\"elementor-container elementor-column-gap-default\">\n\t\t\t\t\t<div class=\"elementor-column elementor-col-100 elementor-top-column elementor-element elementor-element-5bdbfb3\" data-id=\"5bdbfb3\" data-element_type=\"column\">\n\t\t\t<div class=\"elementor-widget-wrap elementor-element-populated\">\n\t\t\t\t\t\t<div class=\"elementor-element elementor-element-9e49741 elementor-widget elementor-widget-heading\" data-id=\"9e49741\" data-element_type=\"widget\" data-widget_type=\"heading.default\">\n\t\t\t\t<div class=\"elementor-widget-container\">\n\t\t\t\t\t<h2 class=\"elementor-heading-title elementor-size-default\">L\u2019Austin Mini<\/h2>\t\t\t\t<\/div>\n\t\t\t\t<\/div>\n\t\t\t\t\t<\/div>\n\t\t<\/div>\n\t\t\t\t\t<\/div>\n\t\t<\/section>\n\t\t\t\t<section class=\"elementor-section elementor-top-section elementor-element elementor-element-238990d elementor-section-boxed elementor-section-height-default elementor-section-height-default\" data-id=\"238990d\" data-element_type=\"section\">\n\t\t\t\t\t\t<div class=\"elementor-container elementor-column-gap-default\">\n\t\t\t\t\t<div class=\"elementor-column elementor-col-100 elementor-top-column elementor-element elementor-element-f263440\" data-id=\"f263440\" data-element_type=\"column\">\n\t\t\t<div class=\"elementor-widget-wrap elementor-element-populated\">\n\t\t\t\t\t\t<div class=\"elementor-element elementor-element-0e46afb elementor-widget elementor-widget-text-editor\" data-id=\"0e46afb\" data-element_type=\"widget\" data-widget_type=\"text-editor.default\">\n\t\t\t\t<div class=\"elementor-widget-container\">\n\t\t\t\t\t\t\t\t\t<p><span style=\"color: #000000;\">Continuons notre classement, et sur la derni\u00e8re place du podium, c\u2019est l<a style=\"color: #000000;\" href=\"https:\/\/www.wedrivit.com\/location\/voiture\/austin-mini\/\" target=\"_blank\" rel=\"noreferrer noopener\" aria-label=\"undefined (s\u2019ouvre dans un nouvel onglet)\">\u2019Austin Mini<\/a> que nous vous pr\u00e9sentons. Cette <strong>voiture de collection<\/strong> a l\u2019avantage d\u2019\u00eatre disponible \u00e0 un prix relativement bas. Ce qui permet notamment d\u2019expliquer son si grand succ\u00e8s aupr\u00e8s des passionn\u00e9s.\u00a0<\/span><\/p>\n<p><span style=\"color: #000000;\"><!-- \/wp:paragraph --><\/span><\/p>\n<p><span style=\"color: #000000;\"><!-- wp:paragraph --><\/span><\/p>\n<p><span style=\"color: #000000;\">Bien qu\u2019elle soit connue pour sa petite taille (de 305 \u00e0 317 cm de longueur), elle reste tr\u00e8s \u00e9nergique pour l\u2019\u00e9poque. Et offre de tr\u00e8s bonnes performances. Au total, l\u2019Austin Mini f\u00fbt produite en plus de 5 millions d\u2019exemplaires.<\/span><\/p>\t\t\t\t\t\t\t\t<\/div>\n\t\t\t\t<\/div>\n\t\t\t\t\t<\/div>\n\t\t<\/div>\n\t\t\t\t\t<\/div>\n\t\t<\/section>\n\t\t\t\t<section class=\"elementor-section elementor-top-section elementor-element elementor-element-0a29016 elementor-section-boxed elementor-section-height-default elementor-section-height-default\" data-id=\"0a29016\" data-element_type=\"section\">\n\t\t\t\t\t\t<div class=\"elementor-container elementor-column-gap-default\">\n\t\t\t\t\t<div class=\"elementor-column elementor-col-100 elementor-top-column elementor-element elementor-element-3a45c14\" data-id=\"3a45c14\" data-element_type=\"column\">\n\t\t\t<div class=\"elementor-widget-wrap elementor-element-populated\">\n\t\t\t\t\t\t<div class=\"elementor-element elementor-element-f632e58 elementor-widget elementor-widget-image\" data-id=\"f632e58\" data-element_type=\"widget\" data-widget_type=\"image.default\">\n\t\t\t\t<div class=\"elementor-widget-container\">\n\t\t\t\t\t\t\t\t\t\t\t\t\t\t\t<img decoding=\"async\" width=\"1000\" height=\"750\" src=\"https:\/\/www.wedrivit.com\/blog\/wp-content\/uploads\/2021\/09\/austin-mini-.jpeg\" class=\"attachment-large size-large wp-image-4385\" alt=\"Mini Austin\" \/>\t\t\t\t\t\t\t\t\t\t\t\t\t\t\t<\/div>\n\t\t\t\t<\/div>\n\t\t\t\t\t<\/div>\n\t\t<\/div>\n\t\t\t\t\t<\/div>\n\t\t<\/section>\n\t\t\t\t<section class=\"elementor-section elementor-top-section elementor-element elementor-element-8dabb96 elementor-section-boxed elementor-section-height-default elementor-section-height-default\" data-id=\"8dabb96\" data-element_type=\"section\">\n\t\t\t\t\t\t<div class=\"elementor-container elementor-column-gap-default\">\n\t\t\t\t\t<div class=\"elementor-column elementor-col-100 elementor-top-column elementor-element elementor-element-580f64c\" data-id=\"580f64c\" data-element_type=\"column\">\n\t\t\t<div class=\"elementor-widget-wrap elementor-element-populated\">\n\t\t\t\t\t\t<div class=\"elementor-element elementor-element-5e79af1 elementor-widget elementor-widget-heading\" data-id=\"5e79af1\" data-element_type=\"widget\" data-widget_type=\"heading.default\">\n\t\t\t\t<div class=\"elementor-widget-container\">\n\t\t\t\t\t<h2 class=\"elementor-heading-title elementor-size-default\">La Coccinelle de Volkswagen<\/h2>\t\t\t\t<\/div>\n\t\t\t\t<\/div>\n\t\t\t\t\t<\/div>\n\t\t<\/div>\n\t\t\t\t\t<\/div>\n\t\t<\/section>\n\t\t\t\t<section class=\"elementor-section elementor-top-section elementor-element elementor-element-e67d1fc elementor-section-boxed elementor-section-height-default elementor-section-height-default\" data-id=\"e67d1fc\" data-element_type=\"section\">\n\t\t\t\t\t\t<div class=\"elementor-container elementor-column-gap-default\">\n\t\t\t\t\t<div class=\"elementor-column elementor-col-100 elementor-top-column elementor-element elementor-element-1b59fb4\" data-id=\"1b59fb4\" data-element_type=\"column\">\n\t\t\t<div class=\"elementor-widget-wrap elementor-element-populated\">\n\t\t\t\t\t\t<div class=\"elementor-element elementor-element-4d7aa16 elementor-widget elementor-widget-text-editor\" data-id=\"4d7aa16\" data-element_type=\"widget\" data-widget_type=\"text-editor.default\">\n\t\t\t\t<div class=\"elementor-widget-container\">\n\t\t\t\t\t\t\t\t\t<p><span style=\"color: #000000;\">Cela ne saurait vous \u00e9tonner, la <a style=\"color: #000000;\" href=\"https:\/\/www.wedrivit.com\/location\/voiture\/vw-coccinelle\/\" target=\"_blank\" rel=\"noreferrer noopener\" aria-label=\"undefined (s\u2019ouvre dans un nouvel onglet)\">Coccinelle<\/a> a elle aussi su s\u00e9duire les passionn\u00e9s de voiture en tout temps. La \u201cvoiture du peuple\u201d \u00e9tait appr\u00e9ci\u00e9e pour son tarif abordable et sa longue dur\u00e9e de vie. Ce qui participa \u00e0 la vente de ce mod\u00e8le \u00e0 plus de 21 millions d\u2019exemplaires \u00e0 travers le monde. Aujourd\u2019hui encore, vous pourrez facilement la trouver sur le march\u00e9 des <strong>voitures de collection<\/strong>.<\/span><\/p>\t\t\t\t\t\t\t\t<\/div>\n\t\t\t\t<\/div>\n\t\t\t\t\t<\/div>\n\t\t<\/div>\n\t\t\t\t\t<\/div>\n\t\t<\/section>\n\t\t\t\t<section class=\"elementor-section elementor-top-section elementor-element elementor-element-9925aaf elementor-section-boxed elementor-section-height-default elementor-section-height-default\" data-id=\"9925aaf\" data-element_type=\"section\">\n\t\t\t\t\t\t<div class=\"elementor-container elementor-column-gap-default\">\n\t\t\t\t\t<div class=\"elementor-column elementor-col-100 elementor-top-column elementor-element elementor-element-de33450\" data-id=\"de33450\" data-element_type=\"column\">\n\t\t\t<div class=\"elementor-widget-wrap elementor-element-populated\">\n\t\t\t\t\t\t<div class=\"elementor-element elementor-element-ac1b57d elementor-widget elementor-widget-image\" data-id=\"ac1b57d\" data-element_type=\"widget\" data-widget_type=\"image.default\">\n\t\t\t\t<div class=\"elementor-widget-container\">\n\t\t\t\t\t\t\t\t\t\t\t\t\t\t\t<img loading=\"lazy\" decoding=\"async\" width=\"942\" height=\"636\" src=\"https:\/\/www.wedrivit.com\/blog\/wp-content\/uploads\/2021\/10\/Capture-de\u0301cran-2022-07-04-a\u0300-17.12.01.png\" class=\"attachment-large size-large wp-image-4653\" alt=\"Coccinelle Volkswagen jaune\" \/>\t\t\t\t\t\t\t\t\t\t\t\t\t\t\t<\/div>\n\t\t\t\t<\/div>\n\t\t\t\t\t<\/div>\n\t\t<\/div>\n\t\t\t\t\t<\/div>\n\t\t<\/section>\n\t\t\t\t<section class=\"elementor-section elementor-top-section elementor-element elementor-element-2cef665 elementor-section-boxed elementor-section-height-default elementor-section-height-default\" data-id=\"2cef665\" data-element_type=\"section\">\n\t\t\t\t\t\t<div class=\"elementor-container elementor-column-gap-default\">\n\t\t\t\t\t<div class=\"elementor-column elementor-col-100 elementor-top-column elementor-element elementor-element-f2625ea\" data-id=\"f2625ea\" data-element_type=\"column\">\n\t\t\t<div class=\"elementor-widget-wrap elementor-element-populated\">\n\t\t\t\t\t\t<div class=\"elementor-element elementor-element-939b429 elementor-widget elementor-widget-heading\" data-id=\"939b429\" data-element_type=\"widget\" data-widget_type=\"heading.default\">\n\t\t\t\t<div class=\"elementor-widget-container\">\n\t\t\t\t\t<h2 class=\"elementor-heading-title elementor-size-default\">La Citro\u00ebn M\u00e9hari<\/h2>\t\t\t\t<\/div>\n\t\t\t\t<\/div>\n\t\t\t\t\t<\/div>\n\t\t<\/div>\n\t\t\t\t\t<\/div>\n\t\t<\/section>\n\t\t\t\t<section class=\"elementor-section elementor-top-section elementor-element elementor-element-159abee elementor-section-boxed elementor-section-height-default elementor-section-height-default\" data-id=\"159abee\" data-element_type=\"section\">\n\t\t\t\t\t\t<div class=\"elementor-container elementor-column-gap-default\">\n\t\t\t\t\t<div class=\"elementor-column elementor-col-100 elementor-top-column elementor-element elementor-element-b7e0b26\" data-id=\"b7e0b26\" data-element_type=\"column\">\n\t\t\t<div class=\"elementor-widget-wrap elementor-element-populated\">\n\t\t\t\t\t\t<div class=\"elementor-element elementor-element-bf96723 elementor-widget elementor-widget-text-editor\" data-id=\"bf96723\" data-element_type=\"widget\" data-widget_type=\"text-editor.default\">\n\t\t\t\t<div class=\"elementor-widget-container\">\n\t\t\t\t\t\t\t\t\t<p><span style=\"color: #000000;\">Un autre mod\u00e8le de la marque Citro\u00ebn entre dans notre classement. Et il s\u2019agit cette fois de la Citro\u00ebn M\u00e9hari. Bien que son succ\u00e8s soit principalement fran\u00e7ais, elle reste une <strong>voiture de collection<\/strong> tr\u00e8s appr\u00e9ci\u00e9e. Plus particuli\u00e8rement pour une utilisation en bord de mer ou \u00e0 la campagne. Voiture de loisir par excellence, elle respire les vacances et le soleil. Et deviendra l\u2019une des <strong>voitures de collection<\/strong> phares des r\u00e9sidences secondaires.<\/span><\/p>\n<p><span style=\"color: #000000;\"><!-- \/wp:paragraph --><\/span><\/p>\n<p><span style=\"color: #000000;\"><!-- wp:paragraph --><\/span><\/p>\n<p><span style=\"color: #000000;\">Produite en moins de 150 000 exemplaires, la c\u00f4te de la <strong>voiture de collection<\/strong> augmente chaque ann\u00e9e, ainsi que sa popularit\u00e9 aupr\u00e8s des fran\u00e7ais.<\/span><\/p>\t\t\t\t\t\t\t\t<\/div>\n\t\t\t\t<\/div>\n\t\t\t\t\t<\/div>\n\t\t<\/div>\n\t\t\t\t\t<\/div>\n\t\t<\/section>\n\t\t\t\t<section class=\"elementor-section elementor-top-section elementor-element elementor-element-9d2d4fb elementor-section-boxed elementor-section-height-default elementor-section-height-default\" data-id=\"9d2d4fb\" data-element_type=\"section\">\n\t\t\t\t\t\t<div class=\"elementor-container elementor-column-gap-default\">\n\t\t\t\t\t<div class=\"elementor-column elementor-col-100 elementor-top-column elementor-element elementor-element-01fc080\" data-id=\"01fc080\" data-element_type=\"column\">\n\t\t\t<div class=\"elementor-widget-wrap elementor-element-populated\">\n\t\t\t\t\t\t<div class=\"elementor-element elementor-element-7a2af1c elementor-widget elementor-widget-image\" data-id=\"7a2af1c\" data-element_type=\"widget\" data-widget_type=\"image.default\">\n\t\t\t\t<div class=\"elementor-widget-container\">\n\t\t\t\t\t\t\t\t\t\t\t\t\t\t\t<img loading=\"lazy\" decoding=\"async\" width=\"1000\" height=\"667\" src=\"https:\/\/www.wedrivit.com\/blog\/wp-content\/uploads\/2021\/09\/MehariRouge-Front.jpg\" class=\"attachment-large size-large wp-image-4378\" alt=\"Citro\u00ebn M\u00e9hari\" \/>\t\t\t\t\t\t\t\t\t\t\t\t\t\t\t<\/div>\n\t\t\t\t<\/div>\n\t\t\t\t\t<\/div>\n\t\t<\/div>\n\t\t\t\t\t<\/div>\n\t\t<\/section>\n\t\t\t\t<section class=\"elementor-section elementor-top-section elementor-element elementor-element-4a6c9a1 elementor-section-boxed elementor-section-height-default elementor-section-height-default\" data-id=\"4a6c9a1\" data-element_type=\"section\">\n\t\t\t\t\t\t<div class=\"elementor-container elementor-column-gap-default\">\n\t\t\t\t\t<div class=\"elementor-column elementor-col-100 elementor-top-column elementor-element elementor-element-9afccf0\" data-id=\"9afccf0\" data-element_type=\"column\">\n\t\t\t<div class=\"elementor-widget-wrap elementor-element-populated\">\n\t\t\t\t\t\t<div class=\"elementor-element elementor-element-d7cd6c0 elementor-widget elementor-widget-heading\" data-id=\"d7cd6c0\" data-element_type=\"widget\" data-widget_type=\"heading.default\">\n\t\t\t\t<div class=\"elementor-widget-container\">\n\t\t\t\t\t<h2 class=\"elementor-heading-title elementor-size-default\">La Porsche 911<\/h2>\t\t\t\t<\/div>\n\t\t\t\t<\/div>\n\t\t\t\t\t<\/div>\n\t\t<\/div>\n\t\t\t\t\t<\/div>\n\t\t<\/section>\n\t\t\t\t<section class=\"elementor-section elementor-top-section elementor-element elementor-element-31012af elementor-section-boxed elementor-section-height-default elementor-section-height-default\" data-id=\"31012af\" data-element_type=\"section\">\n\t\t\t\t\t\t<div class=\"elementor-container elementor-column-gap-default\">\n\t\t\t\t\t<div class=\"elementor-column elementor-col-100 elementor-top-column elementor-element elementor-element-008809c\" data-id=\"008809c\" data-element_type=\"column\">\n\t\t\t<div class=\"elementor-widget-wrap elementor-element-populated\">\n\t\t\t\t\t\t<div class=\"elementor-element elementor-element-d92d15d elementor-widget elementor-widget-text-editor\" data-id=\"d92d15d\" data-element_type=\"widget\" data-widget_type=\"text-editor.default\">\n\t\t\t\t<div class=\"elementor-widget-container\">\n\t\t\t\t\t\t\t\t\t<p><span style=\"color: #000000;\">Il s\u2019agit du mod\u00e8le de Porsche le plus appr\u00e9ci\u00e9, qui s\u00e9duit encore aujourd\u2019hui des collectionneurs de tout \u00e2ge. L\u2019iconique Porsche 911 est une voiture de sport dot\u00e9e de 6 cylindres \u00e0 plat. Ce qui participe \u00e0 la renomm\u00e9e de la voiture en 1964. Bien que son prix soit plus \u00e9lev\u00e9 que les mod\u00e8les pr\u00e9sent\u00e9s pr\u00e9c\u00e9demment. C\u2019est une <strong>voiture de collection<\/strong> qui maintient son succ\u00e8s !<\/span><\/p>\t\t\t\t\t\t\t\t<\/div>\n\t\t\t\t<\/div>\n\t\t\t\t\t<\/div>\n\t\t<\/div>\n\t\t\t\t\t<\/div>\n\t\t<\/section>\n\t\t\t\t<section class=\"elementor-section elementor-top-section elementor-element elementor-element-d90d132 elementor-section-boxed elementor-section-height-default elementor-section-height-default\" data-id=\"d90d132\" data-element_type=\"section\">\n\t\t\t\t\t\t<div class=\"elementor-container elementor-column-gap-default\">\n\t\t\t\t\t<div class=\"elementor-column elementor-col-100 elementor-top-column elementor-element elementor-element-ac1897b\" data-id=\"ac1897b\" data-element_type=\"column\">\n\t\t\t<div class=\"elementor-widget-wrap elementor-element-populated\">\n\t\t\t\t\t\t<div class=\"elementor-element elementor-element-80ad17e elementor-widget elementor-widget-image\" data-id=\"80ad17e\" data-element_type=\"widget\" data-widget_type=\"image.default\">\n\t\t\t\t<div class=\"elementor-widget-container\">\n\t\t\t\t\t\t\t\t\t\t\t\t\t\t\t<img loading=\"lazy\" decoding=\"async\" width=\"720\" height=\"360\" src=\"https:\/\/www.wedrivit.com\/blog\/wp-content\/uploads\/2021\/09\/porsche-911.jpeg\" class=\"attachment-large size-large wp-image-4384\" alt=\"Porsche 911\" \/>\t\t\t\t\t\t\t\t\t\t\t\t\t\t\t<\/div>\n\t\t\t\t<\/div>\n\t\t\t\t\t<\/div>\n\t\t<\/div>\n\t\t\t\t\t<\/div>\n\t\t<\/section>\n\t\t\t\t<section class=\"elementor-section elementor-top-section elementor-element elementor-element-77b372b elementor-section-boxed elementor-section-height-default elementor-section-height-default\" data-id=\"77b372b\" data-element_type=\"section\">\n\t\t\t\t\t\t<div class=\"elementor-container elementor-column-gap-default\">\n\t\t\t\t\t<div class=\"elementor-column elementor-col-100 elementor-top-column elementor-element elementor-element-ab7836c\" data-id=\"ab7836c\" data-element_type=\"column\">\n\t\t\t<div class=\"elementor-widget-wrap elementor-element-populated\">\n\t\t\t\t\t\t<div class=\"elementor-element elementor-element-da19b40 elementor-widget elementor-widget-heading\" data-id=\"da19b40\" data-element_type=\"widget\" data-widget_type=\"heading.default\">\n\t\t\t\t<div class=\"elementor-widget-container\">\n\t\t\t\t\t<h2 class=\"elementor-heading-title elementor-size-default\">La Citro\u00ebn DS<\/h2>\t\t\t\t<\/div>\n\t\t\t\t<\/div>\n\t\t\t\t\t<\/div>\n\t\t<\/div>\n\t\t\t\t\t<\/div>\n\t\t<\/section>\n\t\t\t\t<section class=\"elementor-section elementor-top-section elementor-element elementor-element-b50dfd8 elementor-section-boxed elementor-section-height-default elementor-section-height-default\" data-id=\"b50dfd8\" data-element_type=\"section\">\n\t\t\t\t\t\t<div class=\"elementor-container elementor-column-gap-default\">\n\t\t\t\t\t<div class=\"elementor-column elementor-col-100 elementor-top-column elementor-element elementor-element-1de050e\" data-id=\"1de050e\" data-element_type=\"column\">\n\t\t\t<div class=\"elementor-widget-wrap elementor-element-populated\">\n\t\t\t\t\t\t<div class=\"elementor-element elementor-element-39a99d2 elementor-widget elementor-widget-text-editor\" data-id=\"39a99d2\" data-element_type=\"widget\" data-widget_type=\"text-editor.default\">\n\t\t\t\t<div class=\"elementor-widget-container\">\n\t\t\t\t\t\t\t\t\t<p><span style=\"color: #000000;\">Bien qu\u2019elle n\u2019ait \u00e9t\u00e9 commercialis\u00e9e qu\u2019entre les ann\u00e9es 1955 et 1975. La c\u00e9l\u00e8bre <a style=\"color: #000000;\" href=\"https:\/\/www.wedrivit.com\/location\/voiture\/citroen-ds\/\" target=\"_blank\" rel=\"noreferrer noopener\" aria-label=\"undefined (s\u2019ouvre dans un nouvel onglet)\">Citro\u00ebn DS<\/a> a su laisser ses marques sur le march\u00e9 des <strong>voitures de collection<\/strong>. D\u00e8s sa sortie, elle s\u00e9duit le grand public et les amateurs de voitures gr\u00e2ce \u00e0 ses nombreuses innovations. Elle deviendra m\u00eame la voiture pr\u00e9sidentielle du <a href=\"https:\/\/www.wedrivit.com\/blog\/voiture\/collection\/les-voitures-des-presidents-francais\/\" target=\"_blank\" rel=\"noopener\">G\u00e9n\u00e9ral de Gaulle<\/a> tout au long de son mandat.<\/span><\/p>\t\t\t\t\t\t\t\t<\/div>\n\t\t\t\t<\/div>\n\t\t\t\t\t<\/div>\n\t\t<\/div>\n\t\t\t\t\t<\/div>\n\t\t<\/section>\n\t\t\t\t<section class=\"elementor-section elementor-top-section elementor-element elementor-element-4641f77 elementor-section-boxed elementor-section-height-default elementor-section-height-default\" data-id=\"4641f77\" data-element_type=\"section\">\n\t\t\t\t\t\t<div class=\"elementor-container elementor-column-gap-default\">\n\t\t\t\t\t<div class=\"elementor-column elementor-col-100 elementor-top-column elementor-element elementor-element-f0e5fa4\" data-id=\"f0e5fa4\" data-element_type=\"column\">\n\t\t\t<div class=\"elementor-widget-wrap elementor-element-populated\">\n\t\t\t\t\t\t<div class=\"elementor-element elementor-element-f9522a9 elementor-widget elementor-widget-image\" data-id=\"f9522a9\" data-element_type=\"widget\" data-widget_type=\"image.default\">\n\t\t\t\t<div class=\"elementor-widget-container\">\n\t\t\t\t\t\t\t\t\t\t\t\t\t\t\t<img loading=\"lazy\" decoding=\"async\" width=\"720\" height=\"483\" src=\"https:\/\/www.wedrivit.com\/blog\/wp-content\/uploads\/2021\/09\/CITROEN-DS-WEDRIVIT.jpeg\" class=\"attachment-large size-large wp-image-4380\" alt=\"Citro\u00ebn DS de collection\" \/>\t\t\t\t\t\t\t\t\t\t\t\t\t\t\t<\/div>\n\t\t\t\t<\/div>\n\t\t\t\t\t<\/div>\n\t\t<\/div>\n\t\t\t\t\t<\/div>\n\t\t<\/section>\n\t\t\t\t<section class=\"elementor-section elementor-top-section elementor-element elementor-element-a9adb55 elementor-section-boxed elementor-section-height-default elementor-section-height-default\" data-id=\"a9adb55\" data-element_type=\"section\">\n\t\t\t\t\t\t<div class=\"elementor-container elementor-column-gap-default\">\n\t\t\t\t\t<div class=\"elementor-column elementor-col-100 elementor-top-column elementor-element elementor-element-d75827a\" data-id=\"d75827a\" data-element_type=\"column\">\n\t\t\t<div class=\"elementor-widget-wrap elementor-element-populated\">\n\t\t\t\t\t\t<div class=\"elementor-element elementor-element-3c27ca8 elementor-widget elementor-widget-heading\" data-id=\"3c27ca8\" data-element_type=\"widget\" data-widget_type=\"heading.default\">\n\t\t\t\t<div class=\"elementor-widget-container\">\n\t\t\t\t\t<h2 class=\"elementor-heading-title elementor-size-default\">Le Combi Volkswagen<\/h2>\t\t\t\t<\/div>\n\t\t\t\t<\/div>\n\t\t\t\t\t<\/div>\n\t\t<\/div>\n\t\t\t\t\t<\/div>\n\t\t<\/section>\n\t\t\t\t<section class=\"elementor-section elementor-top-section elementor-element elementor-element-cd336d8 elementor-section-boxed elementor-section-height-default elementor-section-height-default\" data-id=\"cd336d8\" data-element_type=\"section\">\n\t\t\t\t\t\t<div class=\"elementor-container elementor-column-gap-default\">\n\t\t\t\t\t<div class=\"elementor-column elementor-col-100 elementor-top-column elementor-element elementor-element-8775ffc\" data-id=\"8775ffc\" data-element_type=\"column\">\n\t\t\t<div class=\"elementor-widget-wrap elementor-element-populated\">\n\t\t\t\t\t\t<div class=\"elementor-element elementor-element-50b0be3 elementor-widget elementor-widget-text-editor\" data-id=\"50b0be3\" data-element_type=\"widget\" data-widget_type=\"text-editor.default\">\n\t\t\t\t<div class=\"elementor-widget-container\">\n\t\t\t\t\t\t\t\t\t<p><span style=\"color: #000000;\">R\u00eave des petits et des grands voyageurs, le Combi Volkswagen s\u00e9duit \u00e0 tout \u00e2ge et \u00e9voque le voyage. Si vous aimez l\u2019aventure, c\u2019est certainement l\u2019une des <strong>voitures de collection<\/strong> que vous garderez en m\u00e9moire. L\u2019un des avantages du Combi est li\u00e9 au fait qu\u2019il soit possible de l\u2019am\u00e9nager de diff\u00e9rentes mani\u00e8res, pour le confort de l\u2019ensemble de la famille.<\/span><\/p>\t\t\t\t\t\t\t\t<\/div>\n\t\t\t\t<\/div>\n\t\t\t\t\t<\/div>\n\t\t<\/div>\n\t\t\t\t\t<\/div>\n\t\t<\/section>\n\t\t\t\t<section class=\"elementor-section elementor-top-section elementor-element elementor-element-f5628e3 elementor-section-boxed elementor-section-height-default elementor-section-height-default\" data-id=\"f5628e3\" data-element_type=\"section\">\n\t\t\t\t\t\t<div class=\"elementor-container elementor-column-gap-default\">\n\t\t\t\t\t<div class=\"elementor-column elementor-col-100 elementor-top-column elementor-element elementor-element-3d1e49e\" data-id=\"3d1e49e\" data-element_type=\"column\">\n\t\t\t<div class=\"elementor-widget-wrap elementor-element-populated\">\n\t\t\t\t\t\t<div class=\"elementor-element elementor-element-a29b2cd elementor-widget elementor-widget-image\" data-id=\"a29b2cd\" data-element_type=\"widget\" data-widget_type=\"image.default\">\n\t\t\t\t<div class=\"elementor-widget-container\">\n\t\t\t\t\t\t\t\t\t\t\t\t\t\t\t<img loading=\"lazy\" decoding=\"async\" width=\"720\" height=\"540\" src=\"https:\/\/www.wedrivit.com\/blog\/wp-content\/uploads\/2021\/09\/COMBI-VW-WEDRIVIT.jpeg\" class=\"attachment-large size-large wp-image-4379\" alt=\"Combie Volkswagen\" \/>\t\t\t\t\t\t\t\t\t\t\t\t\t\t\t<\/div>\n\t\t\t\t<\/div>\n\t\t\t\t\t<\/div>\n\t\t<\/div>\n\t\t\t\t\t<\/div>\n\t\t<\/section>\n\t\t\t\t<section class=\"elementor-section elementor-top-section elementor-element elementor-element-fc7ec88 elementor-section-boxed elementor-section-height-default elementor-section-height-default\" data-id=\"fc7ec88\" data-element_type=\"section\">\n\t\t\t\t\t\t<div class=\"elementor-container elementor-column-gap-default\">\n\t\t\t\t\t<div class=\"elementor-column elementor-col-100 elementor-top-column elementor-element elementor-element-1b9e78a\" data-id=\"1b9e78a\" data-element_type=\"column\">\n\t\t\t<div class=\"elementor-widget-wrap elementor-element-populated\">\n\t\t\t\t\t\t<div class=\"elementor-element elementor-element-8f3794d elementor-widget elementor-widget-heading\" data-id=\"8f3794d\" data-element_type=\"widget\" data-widget_type=\"heading.default\">\n\t\t\t\t<div class=\"elementor-widget-container\">\n\t\t\t\t\t<h2 class=\"elementor-heading-title elementor-size-default\">La Triumph TR6<\/h2>\t\t\t\t<\/div>\n\t\t\t\t<\/div>\n\t\t\t\t\t<\/div>\n\t\t<\/div>\n\t\t\t\t\t<\/div>\n\t\t<\/section>\n\t\t\t\t<section class=\"elementor-section elementor-top-section elementor-element elementor-element-ba283e5 elementor-section-boxed elementor-section-height-default elementor-section-height-default\" data-id=\"ba283e5\" data-element_type=\"section\">\n\t\t\t\t\t\t<div class=\"elementor-container elementor-column-gap-default\">\n\t\t\t\t\t<div class=\"elementor-column elementor-col-100 elementor-top-column elementor-element elementor-element-d3fd73c\" data-id=\"d3fd73c\" data-element_type=\"column\">\n\t\t\t<div class=\"elementor-widget-wrap elementor-element-populated\">\n\t\t\t\t\t\t<div class=\"elementor-element elementor-element-fc1fdf2 elementor-widget elementor-widget-text-editor\" data-id=\"fc1fdf2\" data-element_type=\"widget\" data-widget_type=\"text-editor.default\">\n\t\t\t\t<div class=\"elementor-widget-container\">\n\t\t\t\t\t\t\t\t\t<p style=\"text-align: left;\"><span style=\"color: #000000;\">Autre mod\u00e8le qui a su s\u00e9duire en son temps et qui pla\u00eet encore aujourd\u2019hui aux collectionneurs fran\u00e7ais : la Triumph TR6. Produite pendant 7 ans, la voiture anglaise se pare d\u2019\u00e9l\u00e9gance, ce qui en fait une incontournable <strong>voiture de collection<\/strong>.<\/span><\/p>\t\t\t\t\t\t\t\t<\/div>\n\t\t\t\t<\/div>\n\t\t\t\t\t<\/div>\n\t\t<\/div>\n\t\t\t\t\t<\/div>\n\t\t<\/section>\n\t\t\t\t<section class=\"elementor-section elementor-top-section elementor-element elementor-element-5210678 elementor-section-boxed elementor-section-height-default elementor-section-height-default\" data-id=\"5210678\" data-element_type=\"section\">\n\t\t\t\t\t\t<div class=\"elementor-container elementor-column-gap-default\">\n\t\t\t\t\t<div class=\"elementor-column elementor-col-100 elementor-top-column elementor-element elementor-element-2f93130\" data-id=\"2f93130\" data-element_type=\"column\">\n\t\t\t<div class=\"elementor-widget-wrap elementor-element-populated\">\n\t\t\t\t\t\t<div class=\"elementor-element elementor-element-cabd1b6 elementor-widget elementor-widget-image\" data-id=\"cabd1b6\" data-element_type=\"widget\" data-widget_type=\"image.default\">\n\t\t\t\t<div class=\"elementor-widget-container\">\n\t\t\t\t\t\t\t\t\t\t\t\t\t\t\t<img loading=\"lazy\" decoding=\"async\" width=\"776\" height=\"388\" src=\"https:\/\/www.wedrivit.com\/blog\/wp-content\/uploads\/2021\/06\/triumph-tr6-autre-125119.jpg\" class=\"attachment-large size-large wp-image-3580\" alt=\"Triumph TR6\" \/>\t\t\t\t\t\t\t\t\t\t\t\t\t\t\t<\/div>\n\t\t\t\t<\/div>\n\t\t\t\t\t<\/div>\n\t\t<\/div>\n\t\t\t\t\t<\/div>\n\t\t<\/section>\n\t\t\t\t<section class=\"elementor-section elementor-top-section elementor-element elementor-element-2de4ab9 elementor-section-boxed elementor-section-height-default elementor-section-height-default\" data-id=\"2de4ab9\" data-element_type=\"section\">\n\t\t\t\t\t\t<div class=\"elementor-container elementor-column-gap-default\">\n\t\t\t\t\t<div class=\"elementor-column elementor-col-100 elementor-top-column elementor-element elementor-element-21e1873\" data-id=\"21e1873\" data-element_type=\"column\">\n\t\t\t<div class=\"elementor-widget-wrap elementor-element-populated\">\n\t\t\t\t\t\t<div class=\"elementor-element elementor-element-3ff505c elementor-widget elementor-widget-heading\" data-id=\"3ff505c\" data-element_type=\"widget\" data-widget_type=\"heading.default\">\n\t\t\t\t<div class=\"elementor-widget-container\">\n\t\t\t\t\t<h2 class=\"elementor-heading-title elementor-size-default\">L\u2019Alpine A110<\/h2>\t\t\t\t<\/div>\n\t\t\t\t<\/div>\n\t\t\t\t\t<\/div>\n\t\t<\/div>\n\t\t\t\t\t<\/div>\n\t\t<\/section>\n\t\t\t\t<section class=\"elementor-section elementor-top-section elementor-element elementor-element-79e3fcb elementor-section-boxed elementor-section-height-default elementor-section-height-default\" data-id=\"79e3fcb\" data-element_type=\"section\">\n\t\t\t\t\t\t<div class=\"elementor-container elementor-column-gap-default\">\n\t\t\t\t\t<div class=\"elementor-column elementor-col-100 elementor-top-column elementor-element elementor-element-ec1e2f5\" data-id=\"ec1e2f5\" data-element_type=\"column\">\n\t\t\t<div class=\"elementor-widget-wrap elementor-element-populated\">\n\t\t\t\t\t\t<div class=\"elementor-element elementor-element-5f99899 elementor-widget elementor-widget-text-editor\" data-id=\"5f99899\" data-element_type=\"widget\" data-widget_type=\"text-editor.default\">\n\t\t\t\t<div class=\"elementor-widget-container\">\n\t\t\t\t\t\t\t\t\t<p><span style=\"color: #000000;\">Enfin, en bas de notre classement figure l\u2019Alpine A110. Cette voiture sportive voit le jour en 1962. Et \u00e9tonne gr\u00e2ce \u00e0 ses capacit\u00e9s motrices, dont son moteur \u00e0 4 cylindres. Une <strong>voiture de collection<\/strong> qui ne manque pas de vitalit\u00e9 !<\/span><\/p>\n<p><span style=\"color: #000000;\"><!-- \/wp:paragraph --><\/span><\/p>\n<p><span style=\"color: #000000;\"><!-- wp:paragraph --><\/span><\/p>\n<p><span style=\"color: #000000;\">Et vous, quels sont vos mod\u00e8les de <strong>voiture de collection<\/strong> pr\u00e9f\u00e9r\u00e9s, et ceux dans lesquels vous aimeriez rouler un jour ? N\u2019oubliez pas de nous laisser vos avis !<\/span><\/p>\t\t\t\t\t\t\t\t<\/div>\n\t\t\t\t<\/div>\n\t\t\t\t\t<\/div>\n\t\t<\/div>\n\t\t\t\t\t<\/div>\n\t\t<\/section>\n\t\t\t\t<section class=\"elementor-section elementor-top-section elementor-element elementor-element-ea71a39 elementor-section-boxed elementor-section-height-default elementor-section-height-default\" data-id=\"ea71a39\" data-element_type=\"section\">\n\t\t\t\t\t\t<div class=\"elementor-container elementor-column-gap-default\">\n\t\t\t\t\t<div class=\"elementor-column elementor-col-100 elementor-top-column elementor-element elementor-element-aeb1cb3\" data-id=\"aeb1cb3\" data-element_type=\"column\">\n\t\t\t<div class=\"elementor-widget-wrap elementor-element-populated\">\n\t\t\t\t\t\t<div class=\"elementor-element elementor-element-10da26a elementor-widget elementor-widget-image\" data-id=\"10da26a\" data-element_type=\"widget\" data-widget_type=\"image.default\">\n\t\t\t\t<div class=\"elementor-widget-container\">\n\t\t\t\t\t\t\t\t\t\t\t\t\t\t\t<img loading=\"lazy\" decoding=\"async\" width=\"932\" height=\"649\" src=\"https:\/\/www.wedrivit.com\/blog\/wp-content\/uploads\/2021\/09\/Capture-de\u0301cran-2021-09-30-a\u0300-17.01.23.png\" class=\"attachment-large size-large wp-image-4383\" alt=\"Alpine a10\" \/>\t\t\t\t\t\t\t\t\t\t\t\t\t\t\t<\/div>\n\t\t\t\t<\/div>\n\t\t\t\t\t<\/div>\n\t\t<\/div>\n\t\t\t\t\t<\/div>\n\t\t<\/section>\n\t\t\t\t<section class=\"elementor-section elementor-top-section elementor-element elementor-element-10cb45f elementor-section-boxed elementor-section-height-default elementor-section-height-default\" data-id=\"10cb45f\" data-element_type=\"section\">\n\t\t\t\t\t\t<div class=\"elementor-container elementor-column-gap-default\">\n\t\t\t\t\t<div class=\"elementor-column elementor-col-100 elementor-top-column elementor-element elementor-element-0608a65\" data-id=\"0608a65\" data-element_type=\"column\">\n\t\t\t<div class=\"elementor-widget-wrap elementor-element-populated\">\n\t\t\t\t\t\t<div class=\"elementor-element elementor-element-2504526 elementor-align-center elementor-widget elementor-widget-button\" data-id=\"2504526\" data-element_type=\"widget\" data-widget_type=\"button.default\">\n\t\t\t\t<div class=\"elementor-widget-container\">\n\t\t\t\t\t\t\t\t\t<div class=\"elementor-button-wrapper\">\n\t\t\t\t\t<a class=\"elementor-button elementor-button-link elementor-size-sm\" href=\"https:\/\/www.wedrivit.com\/\" target=\"_blank\">\n\t\t\t\t\t\t<span class=\"elementor-button-content-wrapper\">\n\t\t\t\t\t\t\t\t\t<span class=\"elementor-button-text\">Louer une voiture de collection<\/span>\n\t\t\t\t\t<\/span>\n\t\t\t\t\t<\/a>\n\t\t\t\t<\/div>\n\t\t\t\t\t\t\t\t<\/div>\n\t\t\t\t<\/div>\n\t\t\t\t\t<\/div>\n\t\t<\/div>\n\t\t\t\t\t<\/div>\n\t\t<\/section>\n\t\t\t\t<\/div>\n\t\t","protected":false},"excerpt":{"rendered":"<p>Les 10 voitures de collection les plus vendues <\/p>\n","protected":false},"author":12,"featured_media":4374,"comment_status":"open","ping_status":"open","sticky":false,"template":"","format":"standard","meta":{"footnotes":""},"categories":[10,1,6],"tags":[],"class_list":["post-4371","post","type-post","status-publish","format-standard","has-post-thumbnail","hentry","category-conseils-pratiques","category-tous-les-articles","category-voiture"],"yoast_head":"<!-- This site is optimized with the Yoast SEO plugin v26.9 - https:\/\/yoast.com\/product\/yoast-seo-wordpress\/ -->\n<title>Les 10 voitures de collection les plus vendues - Le blog des voitures de collection par Wedrivit<\/title>\n<meta name=\"description\" content=\"Quelles sont les 10 mod\u00e8les de voitures de collection les plus vendues, de la populaire 2CV \u00e0 la plus prestigieuse Porsche 911\" \/>\n<meta name=\"robots\" content=\"index, follow, max-snippet:-1, max-image-preview:large, max-video-preview:-1\" \/>\n<link rel=\"canonical\" href=\"https:\/\/www.wedrivit.com\/blog\/voiture\/collection\/les-10-voitures-de-collection-les-plus-vendues\" \/>\n<meta property=\"og:locale\" content=\"fr_FR\" \/>\n<meta property=\"og:type\" content=\"article\" \/>\n<meta property=\"og:title\" content=\"Les 10 voitures de collection les plus vendues - Le blog des voitures de collection par Wedrivit\" \/>\n<meta property=\"og:description\" content=\"Quelles sont les 10 mod\u00e8les de voitures de collection les plus vendues, de la populaire 2CV \u00e0 la plus prestigieuse Porsche 911\" \/>\n<meta property=\"og:url\" content=\"https:\/\/www.wedrivit.com\/blog\/voiture\/collection\/les-10-voitures-de-collection-les-plus-vendues\" \/>\n<meta property=\"og:site_name\" content=\"Le blog des voitures de collection par Wedrivit\" \/>\n<meta property=\"article:published_time\" content=\"2021-10-03T21:00:00+00:00\" \/>\n<meta property=\"article:modified_time\" content=\"2026-02-02T12:11:58+00:00\" \/>\n<meta property=\"og:image\" content=\"https:\/\/www.wedrivit.com\/blog\/wp-content\/uploads\/2021\/09\/2CV-wedrivit.jpeg\" \/>\n\t<meta property=\"og:image:width\" content=\"720\" \/>\n\t<meta property=\"og:image:height\" content=\"539\" \/>\n\t<meta property=\"og:image:type\" content=\"image\/jpeg\" \/>\n<meta name=\"author\" content=\"Sarah Laporte\" \/>\n<meta name=\"twitter:card\" content=\"summary_large_image\" \/>\n<meta name=\"twitter:label1\" content=\"\u00c9crit par\" \/>\n\t<meta name=\"twitter:data1\" content=\"Sarah Laporte\" \/>\n\t<meta name=\"twitter:label2\" content=\"Dur\u00e9e de lecture estim\u00e9e\" \/>\n\t<meta name=\"twitter:data2\" content=\"7 minutes\" \/>\n<script type=\"application\/ld+json\" class=\"yoast-schema-graph\">{\"@context\":\"https:\/\/schema.org\",\"@graph\":[{\"@type\":\"Article\",\"@id\":\"https:\/\/www.wedrivit.com\/blog\/voiture\/collection\/les-10-voitures-de-collection-les-plus-vendues#article\",\"isPartOf\":{\"@id\":\"https:\/\/www.wedrivit.com\/blog\/voiture\/collection\/les-10-voitures-de-collection-les-plus-vendues\"},\"author\":{\"name\":\"Sarah Laporte\",\"@id\":\"https:\/\/www.wedrivit.com\/blog\/#\/schema\/person\/cb502f9aecb13007b7df0e01c777c321\"},\"headline\":\"Les 10 voitures de collection les plus vendues\",\"datePublished\":\"2021-10-03T21:00:00+00:00\",\"dateModified\":\"2026-02-02T12:11:58+00:00\",\"mainEntityOfPage\":{\"@id\":\"https:\/\/www.wedrivit.com\/blog\/voiture\/collection\/les-10-voitures-de-collection-les-plus-vendues\"},\"wordCount\":965,\"commentCount\":0,\"publisher\":{\"@id\":\"https:\/\/www.wedrivit.com\/blog\/#organization\"},\"image\":{\"@id\":\"https:\/\/www.wedrivit.com\/blog\/voiture\/collection\/les-10-voitures-de-collection-les-plus-vendues#primaryimage\"},\"thumbnailUrl\":\"https:\/\/www.wedrivit.com\/blog\/wp-content\/uploads\/2021\/09\/2CV-wedrivit.jpeg\",\"articleSection\":[\"Conseils\",\"Tous les articles\",\"Voitures\"],\"inLanguage\":\"fr-FR\",\"potentialAction\":[{\"@type\":\"CommentAction\",\"name\":\"Comment\",\"target\":[\"https:\/\/www.wedrivit.com\/blog\/voiture\/collection\/les-10-voitures-de-collection-les-plus-vendues#respond\"]}]},{\"@type\":\"WebPage\",\"@id\":\"https:\/\/www.wedrivit.com\/blog\/voiture\/collection\/les-10-voitures-de-collection-les-plus-vendues\",\"url\":\"https:\/\/www.wedrivit.com\/blog\/voiture\/collection\/les-10-voitures-de-collection-les-plus-vendues\",\"name\":\"Les 10 voitures de collection les plus vendues - Le blog des voitures de collection par Wedrivit\",\"isPartOf\":{\"@id\":\"https:\/\/www.wedrivit.com\/blog\/#website\"},\"primaryImageOfPage\":{\"@id\":\"https:\/\/www.wedrivit.com\/blog\/voiture\/collection\/les-10-voitures-de-collection-les-plus-vendues#primaryimage\"},\"image\":{\"@id\":\"https:\/\/www.wedrivit.com\/blog\/voiture\/collection\/les-10-voitures-de-collection-les-plus-vendues#primaryimage\"},\"thumbnailUrl\":\"https:\/\/www.wedrivit.com\/blog\/wp-content\/uploads\/2021\/09\/2CV-wedrivit.jpeg\",\"datePublished\":\"2021-10-03T21:00:00+00:00\",\"dateModified\":\"2026-02-02T12:11:58+00:00\",\"description\":\"Quelles sont les 10 mod\u00e8les de voitures de collection les plus vendues, de la populaire 2CV \u00e0 la plus prestigieuse Porsche 911\",\"breadcrumb\":{\"@id\":\"https:\/\/www.wedrivit.com\/blog\/voiture\/collection\/les-10-voitures-de-collection-les-plus-vendues#breadcrumb\"},\"inLanguage\":\"fr-FR\",\"potentialAction\":[{\"@type\":\"ReadAction\",\"target\":[\"https:\/\/www.wedrivit.com\/blog\/voiture\/collection\/les-10-voitures-de-collection-les-plus-vendues\"]}]},{\"@type\":\"ImageObject\",\"inLanguage\":\"fr-FR\",\"@id\":\"https:\/\/www.wedrivit.com\/blog\/voiture\/collection\/les-10-voitures-de-collection-les-plus-vendues#primaryimage\",\"url\":\"https:\/\/www.wedrivit.com\/blog\/wp-content\/uploads\/2021\/09\/2CV-wedrivit.jpeg\",\"contentUrl\":\"https:\/\/www.wedrivit.com\/blog\/wp-content\/uploads\/2021\/09\/2CV-wedrivit.jpeg\",\"width\":720,\"height\":539,\"caption\":\"Citroen 2CV, une des voiture de collection les plus vendue\"},{\"@type\":\"BreadcrumbList\",\"@id\":\"https:\/\/www.wedrivit.com\/blog\/voiture\/collection\/les-10-voitures-de-collection-les-plus-vendues#breadcrumb\",\"itemListElement\":[{\"@type\":\"ListItem\",\"position\":1,\"name\":\"Home\",\"item\":\"https:\/\/www.wedrivit.com\/blog\/\"},{\"@type\":\"ListItem\",\"position\":2,\"name\":\"Les 10 voitures de collection les plus vendues\"}]},{\"@type\":\"WebSite\",\"@id\":\"https:\/\/www.wedrivit.com\/blog\/#website\",\"url\":\"https:\/\/www.wedrivit.com\/blog\/\",\"name\":\"Le blog des voitures de collection par Wedrivit\",\"description\":\"Tout savoir sur les voitures anciennes grace \u00e0 Wedrivit, la plateforme de location de voitures anciennes entre particuliers.\",\"publisher\":{\"@id\":\"https:\/\/www.wedrivit.com\/blog\/#organization\"},\"potentialAction\":[{\"@type\":\"SearchAction\",\"target\":{\"@type\":\"EntryPoint\",\"urlTemplate\":\"https:\/\/www.wedrivit.com\/blog\/?s={search_term_string}\"},\"query-input\":{\"@type\":\"PropertyValueSpecification\",\"valueRequired\":true,\"valueName\":\"search_term_string\"}}],\"inLanguage\":\"fr-FR\"},{\"@type\":\"Organization\",\"@id\":\"https:\/\/www.wedrivit.com\/blog\/#organization\",\"name\":\"Le blog des voitures de collection par Wedrivit\",\"url\":\"https:\/\/www.wedrivit.com\/blog\/\",\"logo\":{\"@type\":\"ImageObject\",\"inLanguage\":\"fr-FR\",\"@id\":\"https:\/\/www.wedrivit.com\/blog\/#\/schema\/logo\/image\/\",\"url\":\"https:\/\/www.wedrivit.com\/blog\/wp-content\/uploads\/2024\/12\/wedrivit-blanc-large-2.png\",\"contentUrl\":\"https:\/\/www.wedrivit.com\/blog\/wp-content\/uploads\/2024\/12\/wedrivit-blanc-large-2.png\",\"caption\":\"Le blog des voitures de collection par Wedrivit\"},\"image\":{\"@id\":\"https:\/\/www.wedrivit.com\/blog\/#\/schema\/logo\/image\/\"}},{\"@type\":\"Person\",\"@id\":\"https:\/\/www.wedrivit.com\/blog\/#\/schema\/person\/cb502f9aecb13007b7df0e01c777c321\",\"name\":\"Sarah Laporte\",\"image\":{\"@type\":\"ImageObject\",\"inLanguage\":\"fr-FR\",\"@id\":\"https:\/\/www.wedrivit.com\/blog\/#\/schema\/person\/image\/\",\"url\":\"https:\/\/secure.gravatar.com\/avatar\/9b7845ad9a7e1ada8b33df651e2d4b8360bbd71b6eb2591444bcacb45eaf7d25?s=96&d=mm&r=g\",\"contentUrl\":\"https:\/\/secure.gravatar.com\/avatar\/9b7845ad9a7e1ada8b33df651e2d4b8360bbd71b6eb2591444bcacb45eaf7d25?s=96&d=mm&r=g\",\"caption\":\"Sarah Laporte\"},\"sameAs\":[\"https:\/\/www.wedrivit.com\/\",\"sverre.hubi@hotmail.fr\"],\"url\":\"https:\/\/www.wedrivit.com\/blog\/voiture\/collection\/author\/sarah\"}]}<\/script>\n<!-- \/ Yoast SEO plugin. -->","yoast_head_json":{"title":"Les 10 voitures de collection les plus vendues - Le blog des voitures de collection par Wedrivit","description":"Quelles sont les 10 mod\u00e8les de voitures de collection les plus vendues, de la populaire 2CV \u00e0 la plus prestigieuse Porsche 911","robots":{"index":"index","follow":"follow","max-snippet":"max-snippet:-1","max-image-preview":"max-image-preview:large","max-video-preview":"max-video-preview:-1"},"canonical":"https:\/\/www.wedrivit.com\/blog\/voiture\/collection\/les-10-voitures-de-collection-les-plus-vendues","og_locale":"fr_FR","og_type":"article","og_title":"Les 10 voitures de collection les plus vendues - Le blog des voitures de collection par Wedrivit","og_description":"Quelles sont les 10 mod\u00e8les de voitures de collection les plus vendues, de la populaire 2CV \u00e0 la plus prestigieuse Porsche 911","og_url":"https:\/\/www.wedrivit.com\/blog\/voiture\/collection\/les-10-voitures-de-collection-les-plus-vendues","og_site_name":"Le blog des voitures de collection par Wedrivit","article_published_time":"2021-10-03T21:00:00+00:00","article_modified_time":"2026-02-02T12:11:58+00:00","og_image":[{"width":720,"height":539,"url":"https:\/\/www.wedrivit.com\/blog\/wp-content\/uploads\/2021\/09\/2CV-wedrivit.jpeg","type":"image\/jpeg"}],"author":"Sarah Laporte","twitter_card":"summary_large_image","twitter_misc":{"\u00c9crit par":"Sarah Laporte","Dur\u00e9e de lecture estim\u00e9e":"7 minutes"},"schema":{"@context":"https:\/\/schema.org","@graph":[{"@type":"Article","@id":"https:\/\/www.wedrivit.com\/blog\/voiture\/collection\/les-10-voitures-de-collection-les-plus-vendues#article","isPartOf":{"@id":"https:\/\/www.wedrivit.com\/blog\/voiture\/collection\/les-10-voitures-de-collection-les-plus-vendues"},"author":{"name":"Sarah Laporte","@id":"https:\/\/www.wedrivit.com\/blog\/#\/schema\/person\/cb502f9aecb13007b7df0e01c777c321"},"headline":"Les 10 voitures de collection les plus vendues","datePublished":"2021-10-03T21:00:00+00:00","dateModified":"2026-02-02T12:11:58+00:00","mainEntityOfPage":{"@id":"https:\/\/www.wedrivit.com\/blog\/voiture\/collection\/les-10-voitures-de-collection-les-plus-vendues"},"wordCount":965,"commentCount":0,"publisher":{"@id":"https:\/\/www.wedrivit.com\/blog\/#organization"},"image":{"@id":"https:\/\/www.wedrivit.com\/blog\/voiture\/collection\/les-10-voitures-de-collection-les-plus-vendues#primaryimage"},"thumbnailUrl":"https:\/\/www.wedrivit.com\/blog\/wp-content\/uploads\/2021\/09\/2CV-wedrivit.jpeg","articleSection":["Conseils","Tous les articles","Voitures"],"inLanguage":"fr-FR","potentialAction":[{"@type":"CommentAction","name":"Comment","target":["https:\/\/www.wedrivit.com\/blog\/voiture\/collection\/les-10-voitures-de-collection-les-plus-vendues#respond"]}]},{"@type":"WebPage","@id":"https:\/\/www.wedrivit.com\/blog\/voiture\/collection\/les-10-voitures-de-collection-les-plus-vendues","url":"https:\/\/www.wedrivit.com\/blog\/voiture\/collection\/les-10-voitures-de-collection-les-plus-vendues","name":"Les 10 voitures de collection les plus vendues - Le blog des voitures de collection par Wedrivit","isPartOf":{"@id":"https:\/\/www.wedrivit.com\/blog\/#website"},"primaryImageOfPage":{"@id":"https:\/\/www.wedrivit.com\/blog\/voiture\/collection\/les-10-voitures-de-collection-les-plus-vendues#primaryimage"},"image":{"@id":"https:\/\/www.wedrivit.com\/blog\/voiture\/collection\/les-10-voitures-de-collection-les-plus-vendues#primaryimage"},"thumbnailUrl":"https:\/\/www.wedrivit.com\/blog\/wp-content\/uploads\/2021\/09\/2CV-wedrivit.jpeg","datePublished":"2021-10-03T21:00:00+00:00","dateModified":"2026-02-02T12:11:58+00:00","description":"Quelles sont les 10 mod\u00e8les de voitures de collection les plus vendues, de la populaire 2CV \u00e0 la plus prestigieuse Porsche 911","breadcrumb":{"@id":"https:\/\/www.wedrivit.com\/blog\/voiture\/collection\/les-10-voitures-de-collection-les-plus-vendues#breadcrumb"},"inLanguage":"fr-FR","potentialAction":[{"@type":"ReadAction","target":["https:\/\/www.wedrivit.com\/blog\/voiture\/collection\/les-10-voitures-de-collection-les-plus-vendues"]}]},{"@type":"ImageObject","inLanguage":"fr-FR","@id":"https:\/\/www.wedrivit.com\/blog\/voiture\/collection\/les-10-voitures-de-collection-les-plus-vendues#primaryimage","url":"https:\/\/www.wedrivit.com\/blog\/wp-content\/uploads\/2021\/09\/2CV-wedrivit.jpeg","contentUrl":"https:\/\/www.wedrivit.com\/blog\/wp-content\/uploads\/2021\/09\/2CV-wedrivit.jpeg","width":720,"height":539,"caption":"Citroen 2CV, une des voiture de collection les plus vendue"},{"@type":"BreadcrumbList","@id":"https:\/\/www.wedrivit.com\/blog\/voiture\/collection\/les-10-voitures-de-collection-les-plus-vendues#breadcrumb","itemListElement":[{"@type":"ListItem","position":1,"name":"Home","item":"https:\/\/www.wedrivit.com\/blog\/"},{"@type":"ListItem","position":2,"name":"Les 10 voitures de collection les plus vendues"}]},{"@type":"WebSite","@id":"https:\/\/www.wedrivit.com\/blog\/#website","url":"https:\/\/www.wedrivit.com\/blog\/","name":"Le blog des voitures de collection par Wedrivit","description":"Tout savoir sur les voitures anciennes grace \u00e0 Wedrivit, la plateforme de location de voitures anciennes entre particuliers.","publisher":{"@id":"https:\/\/www.wedrivit.com\/blog\/#organization"},"potentialAction":[{"@type":"SearchAction","target":{"@type":"EntryPoint","urlTemplate":"https:\/\/www.wedrivit.com\/blog\/?s={search_term_string}"},"query-input":{"@type":"PropertyValueSpecification","valueRequired":true,"valueName":"search_term_string"}}],"inLanguage":"fr-FR"},{"@type":"Organization","@id":"https:\/\/www.wedrivit.com\/blog\/#organization","name":"Le blog des voitures de collection par Wedrivit","url":"https:\/\/www.wedrivit.com\/blog\/","logo":{"@type":"ImageObject","inLanguage":"fr-FR","@id":"https:\/\/www.wedrivit.com\/blog\/#\/schema\/logo\/image\/","url":"https:\/\/www.wedrivit.com\/blog\/wp-content\/uploads\/2024\/12\/wedrivit-blanc-large-2.png","contentUrl":"https:\/\/www.wedrivit.com\/blog\/wp-content\/uploads\/2024\/12\/wedrivit-blanc-large-2.png","caption":"Le blog des voitures de collection par Wedrivit"},"image":{"@id":"https:\/\/www.wedrivit.com\/blog\/#\/schema\/logo\/image\/"}},{"@type":"Person","@id":"https:\/\/www.wedrivit.com\/blog\/#\/schema\/person\/cb502f9aecb13007b7df0e01c777c321","name":"Sarah Laporte","image":{"@type":"ImageObject","inLanguage":"fr-FR","@id":"https:\/\/www.wedrivit.com\/blog\/#\/schema\/person\/image\/","url":"https:\/\/secure.gravatar.com\/avatar\/9b7845ad9a7e1ada8b33df651e2d4b8360bbd71b6eb2591444bcacb45eaf7d25?s=96&d=mm&r=g","contentUrl":"https:\/\/secure.gravatar.com\/avatar\/9b7845ad9a7e1ada8b33df651e2d4b8360bbd71b6eb2591444bcacb45eaf7d25?s=96&d=mm&r=g","caption":"Sarah Laporte"},"sameAs":["https:\/\/www.wedrivit.com\/","sverre.hubi@hotmail.fr"],"url":"https:\/\/www.wedrivit.com\/blog\/voiture\/collection\/author\/sarah"}]}},"_links":{"self":[{"href":"https:\/\/www.wedrivit.com\/blog\/wp-json\/wp\/v2\/posts\/4371","targetHints":{"allow":["GET"]}}],"collection":[{"href":"https:\/\/www.wedrivit.com\/blog\/wp-json\/wp\/v2\/posts"}],"about":[{"href":"https:\/\/www.wedrivit.com\/blog\/wp-json\/wp\/v2\/types\/post"}],"author":[{"embeddable":true,"href":"https:\/\/www.wedrivit.com\/blog\/wp-json\/wp\/v2\/users\/12"}],"replies":[{"embeddable":true,"href":"https:\/\/www.wedrivit.com\/blog\/wp-json\/wp\/v2\/comments?post=4371"}],"version-history":[{"count":30,"href":"https:\/\/www.wedrivit.com\/blog\/wp-json\/wp\/v2\/posts\/4371\/revisions"}],"predecessor-version":[{"id":12027,"href":"https:\/\/www.wedrivit.com\/blog\/wp-json\/wp\/v2\/posts\/4371\/revisions\/12027"}],"wp:featuredmedia":[{"embeddable":true,"href":"https:\/\/www.wedrivit.com\/blog\/wp-json\/wp\/v2\/media\/4374"}],"wp:attachment":[{"href":"https:\/\/www.wedrivit.com\/blog\/wp-json\/wp\/v2\/media?parent=4371"}],"wp:term":[{"taxonomy":"category","embeddable":true,"href":"https:\/\/www.wedrivit.com\/blog\/wp-json\/wp\/v2\/categories?post=4371"},{"taxonomy":"post_tag","embeddable":true,"href":"https:\/\/www.wedrivit.com\/blog\/wp-json\/wp\/v2\/tags?post=4371"}],"curies":[{"name":"wp","href":"https:\/\/api.w.org\/{rel}","templated":true}]}}