{"id":4355,"date":"2021-09-19T11:00:00","date_gmt":"2021-09-19T09:00:00","guid":{"rendered":"https:\/\/www.wedrivit.com\/blog\/?p=4355"},"modified":"2022-07-28T16:48:24","modified_gmt":"2022-07-28T14:48:24","slug":"tourisme-local-en-voiture-de-collection","status":"publish","type":"post","link":"https:\/\/www.wedrivit.com\/blog\/voiture\/collection\/tourisme-local-en-voiture-de-collection","title":{"rendered":"Tourisme local : Itin\u00e9raires dans des petits villages de France\u200b"},"content":{"rendered":"\t\t<div data-elementor-type=\"wp-post\" data-elementor-id=\"4355\" class=\"elementor elementor-4355\">\n\t\t\t\t\t\t<section class=\"elementor-section elementor-top-section elementor-element elementor-element-02f951a elementor-section-boxed elementor-section-height-default elementor-section-height-default\" data-id=\"02f951a\" data-element_type=\"section\">\n\t\t\t\t\t\t<div class=\"elementor-container elementor-column-gap-default\">\n\t\t\t\t\t<div class=\"elementor-column elementor-col-100 elementor-top-column elementor-element elementor-element-a4fb1c2\" data-id=\"a4fb1c2\" data-element_type=\"column\">\n\t\t\t<div class=\"elementor-widget-wrap elementor-element-populated\">\n\t\t\t\t\t\t<div class=\"elementor-element elementor-element-e3e5c08 elementor-widget elementor-widget-heading\" data-id=\"e3e5c08\" data-element_type=\"widget\" data-widget_type=\"heading.default\">\n\t\t\t\t<div class=\"elementor-widget-container\">\n\t\t\t\t\t<h2 class=\"elementor-heading-title elementor-size-default\">Promenade en voiture ancienne dans les petits villages de France<\/h2>\t\t\t\t<\/div>\n\t\t\t\t<\/div>\n\t\t\t\t\t<\/div>\n\t\t<\/div>\n\t\t\t\t\t<\/div>\n\t\t<\/section>\n\t\t\t\t<section class=\"elementor-section elementor-top-section elementor-element elementor-element-7f7ab47 elementor-section-boxed elementor-section-height-default elementor-section-height-default\" data-id=\"7f7ab47\" data-element_type=\"section\">\n\t\t\t\t\t\t<div class=\"elementor-container elementor-column-gap-default\">\n\t\t\t\t\t<div class=\"elementor-column elementor-col-100 elementor-top-column elementor-element elementor-element-41f553b\" data-id=\"41f553b\" data-element_type=\"column\">\n\t\t\t<div class=\"elementor-widget-wrap elementor-element-populated\">\n\t\t\t\t\t\t<div class=\"elementor-element elementor-element-c52f57f elementor-widget elementor-widget-text-editor\" data-id=\"c52f57f\" data-element_type=\"widget\" data-widget_type=\"text-editor.default\">\n\t\t\t\t<div class=\"elementor-widget-container\">\n\t\t\t\t\t\t\t\t\t<p><span style=\"color: #000000;\">Que ce soit \u00e0 bord de votre propre <strong>voiture ancienne<\/strong>, ou en choisissant la <strong>location d\u2019une voiture de collection<\/strong>, il existe en France de nombreux lieux et villages au charme certain, qui peuvent donner lieu \u00e0 des sorties riches en d\u00e9couvertes. Que ce soit en Bretagne, dans le sud de la France, au plein c\u0153ur de la campagne normande ou sur les routes du Pays Basque, nous vous proposons tout de suite de d\u00e9couvrir nos destinations coup de c\u0153ur, pour vous guider vers les plus beaux endroits de France.<\/span><\/p>\t\t\t\t\t\t\t\t<\/div>\n\t\t\t\t<\/div>\n\t\t\t\t\t<\/div>\n\t\t<\/div>\n\t\t\t\t\t<\/div>\n\t\t<\/section>\n\t\t\t\t<section class=\"elementor-section elementor-top-section elementor-element elementor-element-9a4b979 elementor-section-boxed elementor-section-height-default elementor-section-height-default\" data-id=\"9a4b979\" data-element_type=\"section\">\n\t\t\t\t\t\t<div class=\"elementor-container elementor-column-gap-default\">\n\t\t\t\t\t<div class=\"elementor-column elementor-col-100 elementor-top-column elementor-element elementor-element-2ca3762\" data-id=\"2ca3762\" data-element_type=\"column\">\n\t\t\t<div class=\"elementor-widget-wrap elementor-element-populated\">\n\t\t\t\t\t\t<div class=\"elementor-element elementor-element-81bf486 elementor-widget elementor-widget-heading\" data-id=\"81bf486\" data-element_type=\"widget\" data-widget_type=\"heading.default\">\n\t\t\t\t<div class=\"elementor-widget-container\">\n\t\t\t\t\t<h2 class=\"elementor-heading-title elementor-size-default\">L'H\u00e9rault et le Cirque de Mour\u00e8ze<\/h2>\t\t\t\t<\/div>\n\t\t\t\t<\/div>\n\t\t\t\t\t<\/div>\n\t\t<\/div>\n\t\t\t\t\t<\/div>\n\t\t<\/section>\n\t\t\t\t<section class=\"elementor-section elementor-top-section elementor-element elementor-element-64e6cb9 elementor-section-boxed elementor-section-height-default elementor-section-height-default\" data-id=\"64e6cb9\" data-element_type=\"section\">\n\t\t\t\t\t\t<div class=\"elementor-container elementor-column-gap-default\">\n\t\t\t\t\t<div class=\"elementor-column elementor-col-100 elementor-top-column elementor-element elementor-element-06402bc\" data-id=\"06402bc\" data-element_type=\"column\">\n\t\t\t<div class=\"elementor-widget-wrap elementor-element-populated\">\n\t\t\t\t\t\t<div class=\"elementor-element elementor-element-45ceec4 elementor-widget elementor-widget-text-editor\" data-id=\"45ceec4\" data-element_type=\"widget\" data-widget_type=\"text-editor.default\">\n\t\t\t\t<div class=\"elementor-widget-container\">\n\t\t\t\t\t\t\t\t\t<p><span style=\"color: #000000;\">Pour commencer votre p\u00e9riple en <strong>voiture de collection<\/strong>, pourquoi ne pas partir \u00e0 la d\u00e9couverte de l\u2019H\u00e9rault, et plus pr\u00e9cis\u00e9ment de la commune de Mour\u00e8ze ? Ce petit village de France est situ\u00e9 dans la r\u00e9gion <a href=\"https:\/\/www.wedrivit.com\/blog\/voiture\/collection\/top-10-des-meilleures-activites-a-faire-a-toulouse\/\" target=\"_blank\" rel=\"noopener\">Occitanie<\/a>, et il dispose d\u2019une g\u00e9ographie particuli\u00e8re. En effet, d\u00e8s votre arriv\u00e9e, vous serez surpris par les buttes rocheuses qui entourent le village, dont le rocher sur lequel f\u00fbt \u00e9rig\u00e9 le ch\u00e2teau du village. Vous pourrez \u00e9galement vous arr\u00eater le temps d\u2019admirer la fontaine de marbre rouge, au c\u0153ur du bourg.\u00a0<\/span><\/p>\n<p><span style=\"color: #000000;\"><!-- \/wp:paragraph --><\/span><\/p>\n<p><span style=\"color: #000000;\"><!-- wp:paragraph --><\/span><\/p>\n<p><span style=\"color: #000000;\">Pour profiter du village de Mour\u00e8ze et de ses alentours, nous vous conseillons le parking visiteurs, qui se trouve \u00e0 l\u2019entr\u00e9e du village dans la direction de Clermont l\u2019H\u00e9rault. Cela pourrait vous donner envie de profiter d\u2019une randonn\u00e9e \u00e0 couper le souffle, en direction du Cirque de Mour\u00e8ze. Ce lieu \u00e9tonnant dessine dans la roche des formes vari\u00e9es, pour un panorama unique, entre paysage lunaire et labyrinthes de roches.<\/span><\/p>\t\t\t\t\t\t\t\t<\/div>\n\t\t\t\t<\/div>\n\t\t\t\t\t<\/div>\n\t\t<\/div>\n\t\t\t\t\t<\/div>\n\t\t<\/section>\n\t\t\t\t<section class=\"elementor-section elementor-top-section elementor-element elementor-element-f2aadc1 elementor-section-boxed elementor-section-height-default elementor-section-height-default\" data-id=\"f2aadc1\" data-element_type=\"section\">\n\t\t\t\t\t\t<div class=\"elementor-container elementor-column-gap-default\">\n\t\t\t\t\t<div class=\"elementor-column elementor-col-100 elementor-top-column elementor-element elementor-element-f14694d\" data-id=\"f14694d\" data-element_type=\"column\">\n\t\t\t<div class=\"elementor-widget-wrap elementor-element-populated\">\n\t\t\t\t\t\t<div class=\"elementor-element elementor-element-d6cc37a elementor-widget elementor-widget-image\" data-id=\"d6cc37a\" data-element_type=\"widget\" data-widget_type=\"image.default\">\n\t\t\t\t<div class=\"elementor-widget-container\">\n\t\t\t\t\t\t\t\t\t\t\t\t\t\t\t<img fetchpriority=\"high\" decoding=\"async\" width=\"1000\" height=\"667\" src=\"https:\/\/www.wedrivit.com\/blog\/wp-content\/uploads\/2021\/09\/Cirque-de-moureze.jpeg\" class=\"attachment-large size-large wp-image-4356\" alt=\"Village de Mour\u00e8ze\" \/>\t\t\t\t\t\t\t\t\t\t\t\t\t\t\t<\/div>\n\t\t\t\t<\/div>\n\t\t\t\t\t<\/div>\n\t\t<\/div>\n\t\t\t\t\t<\/div>\n\t\t<\/section>\n\t\t\t\t<section class=\"elementor-section elementor-top-section elementor-element elementor-element-7cd143c elementor-section-boxed elementor-section-height-default elementor-section-height-default\" data-id=\"7cd143c\" data-element_type=\"section\">\n\t\t\t\t\t\t<div class=\"elementor-container elementor-column-gap-default\">\n\t\t\t\t\t<div class=\"elementor-column elementor-col-100 elementor-top-column elementor-element elementor-element-eb939b9\" data-id=\"eb939b9\" data-element_type=\"column\">\n\t\t\t<div class=\"elementor-widget-wrap elementor-element-populated\">\n\t\t\t\t\t\t<div class=\"elementor-element elementor-element-e7ffa8e elementor-widget elementor-widget-heading\" data-id=\"e7ffa8e\" data-element_type=\"widget\" data-widget_type=\"heading.default\">\n\t\t\t\t<div class=\"elementor-widget-container\">\n\t\t\t\t\t<h2 class=\"elementor-heading-title elementor-size-default\">Le village de Gordes dans le Luberon l'un des plus beaux villages de France<\/h2>\t\t\t\t<\/div>\n\t\t\t\t<\/div>\n\t\t\t\t\t<\/div>\n\t\t<\/div>\n\t\t\t\t\t<\/div>\n\t\t<\/section>\n\t\t\t\t<section class=\"elementor-section elementor-top-section elementor-element elementor-element-24e2085 elementor-section-boxed elementor-section-height-default elementor-section-height-default\" data-id=\"24e2085\" data-element_type=\"section\">\n\t\t\t\t\t\t<div class=\"elementor-container elementor-column-gap-default\">\n\t\t\t\t\t<div class=\"elementor-column elementor-col-100 elementor-top-column elementor-element elementor-element-2dd98bd\" data-id=\"2dd98bd\" data-element_type=\"column\">\n\t\t\t<div class=\"elementor-widget-wrap elementor-element-populated\">\n\t\t\t\t\t\t<div class=\"elementor-element elementor-element-9cc8872 elementor-widget elementor-widget-text-editor\" data-id=\"9cc8872\" data-element_type=\"widget\" data-widget_type=\"text-editor.default\">\n\t\t\t\t<div class=\"elementor-widget-container\">\n\t\t\t\t\t\t\t\t\t<p><span style=\"color: #000000;\">Autre c\u00e9l\u00e8bre village de France, nous vous proposons cette fois la d\u00e9couverte du village de <a href=\"https:\/\/www.wedrivit.com\/rechercher?city=Gordes\" target=\"_blank\" rel=\"noopener\">Gordes<\/a>, dans le Luberon. Ce village unique est constitu\u00e9 de maisons r\u00e9alis\u00e9es \u00e0 partir de pierre s\u00e8che, qui offrent un caract\u00e8re unique \u00e0 cet endroit particulier. Vous pourrez \u00e9galement d\u00e9couvrir les \u00e9glises du village, ainsi que son ch\u00e2teau, qui date de l\u2019\u00e9poque m\u00e9di\u00e9vale et de la Renaissance, et qui domine la vall\u00e9e du Luberon.<\/span><\/p>\n<p><span style=\"color: #000000;\"><!-- \/wp:paragraph --><\/span><\/p>\n<p><span style=\"color: #000000;\"><!-- wp:paragraph --><\/span><\/p>\n<p><span style=\"color: #000000;\">Ce village se situe \u00e0 35 kilom\u00e8tres d\u2019Avignon, ce qui peut l\u00e0 encore donner lieu \u00e0 de tr\u00e8s belles d\u00e9couvertes. Le Luberon se situe \u00e0 70 km de Marseille, \u00e0 environ 7 heures en voiture de Paris et \u00e0 6 heures de voiture de Bordeaux. Dans le Luberon, nous vous recommandons \u00e9galement de profiter du site du Colorado de Rustrel et de ses paysages couleur ocre.<\/span><\/p>\t\t\t\t\t\t\t\t<\/div>\n\t\t\t\t<\/div>\n\t\t\t\t\t<\/div>\n\t\t<\/div>\n\t\t\t\t\t<\/div>\n\t\t<\/section>\n\t\t\t\t<section class=\"elementor-section elementor-top-section elementor-element elementor-element-3523580 elementor-section-boxed elementor-section-height-default elementor-section-height-default\" data-id=\"3523580\" data-element_type=\"section\">\n\t\t\t\t\t\t<div class=\"elementor-container elementor-column-gap-default\">\n\t\t\t\t\t<div class=\"elementor-column elementor-col-100 elementor-top-column elementor-element elementor-element-f320729\" data-id=\"f320729\" data-element_type=\"column\">\n\t\t\t<div class=\"elementor-widget-wrap elementor-element-populated\">\n\t\t\t\t\t\t<div class=\"elementor-element elementor-element-4176810 elementor-widget elementor-widget-image\" data-id=\"4176810\" data-element_type=\"widget\" data-widget_type=\"image.default\">\n\t\t\t\t<div class=\"elementor-widget-container\">\n\t\t\t\t\t\t\t\t\t\t\t\t\t\t\t<img decoding=\"async\" width=\"1000\" height=\"666\" src=\"https:\/\/www.wedrivit.com\/blog\/wp-content\/uploads\/2021\/09\/Gordes-en-luberon-.jpeg\" class=\"attachment-large size-large wp-image-4357\" alt=\"Le village de Gordes\" \/>\t\t\t\t\t\t\t\t\t\t\t\t\t\t\t<\/div>\n\t\t\t\t<\/div>\n\t\t\t\t\t<\/div>\n\t\t<\/div>\n\t\t\t\t\t<\/div>\n\t\t<\/section>\n\t\t\t\t<section class=\"elementor-section elementor-top-section elementor-element elementor-element-e0d9f4a elementor-section-boxed elementor-section-height-default elementor-section-height-default\" data-id=\"e0d9f4a\" data-element_type=\"section\">\n\t\t\t\t\t\t<div class=\"elementor-container elementor-column-gap-default\">\n\t\t\t\t\t<div class=\"elementor-column elementor-col-100 elementor-top-column elementor-element elementor-element-153839a\" data-id=\"153839a\" data-element_type=\"column\">\n\t\t\t<div class=\"elementor-widget-wrap elementor-element-populated\">\n\t\t\t\t\t\t<div class=\"elementor-element elementor-element-c689c46 elementor-widget elementor-widget-heading\" data-id=\"c689c46\" data-element_type=\"widget\" data-widget_type=\"heading.default\">\n\t\t\t\t<div class=\"elementor-widget-container\">\n\t\t\t\t\t<h2 class=\"elementor-heading-title elementor-size-default\">Le village de Mons, dans le Var<\/h2>\t\t\t\t<\/div>\n\t\t\t\t<\/div>\n\t\t\t\t\t<\/div>\n\t\t<\/div>\n\t\t\t\t\t<\/div>\n\t\t<\/section>\n\t\t\t\t<section class=\"elementor-section elementor-top-section elementor-element elementor-element-d0ea300 elementor-section-boxed elementor-section-height-default elementor-section-height-default\" data-id=\"d0ea300\" data-element_type=\"section\">\n\t\t\t\t\t\t<div class=\"elementor-container elementor-column-gap-default\">\n\t\t\t\t\t<div class=\"elementor-column elementor-col-100 elementor-top-column elementor-element elementor-element-cab437b\" data-id=\"cab437b\" data-element_type=\"column\">\n\t\t\t<div class=\"elementor-widget-wrap elementor-element-populated\">\n\t\t\t\t\t\t<div class=\"elementor-element elementor-element-18f0480 elementor-widget elementor-widget-text-editor\" data-id=\"18f0480\" data-element_type=\"widget\" data-widget_type=\"text-editor.default\">\n\t\t\t\t<div class=\"elementor-widget-container\">\n\t\t\t\t\t\t\t\t\t<p><span style=\"color: #000000;\">Cette fois-ci, c\u2019est vers le village de Mons que nous vous amenons. Il s\u2019agit de l\u2019un des 9 villages perch\u00e9s du Pays de Fayence, sur le toit du Var. Mons est le plus haut des villages perch\u00e9s du Pays de Fayence, et class\u00e9 Village de caract\u00e8re, il met \u00e0 l\u2019honneur les m\u00e9tiers d\u2019autrefois et l&rsquo;artisanat \u00e0 travers ses 35 enseignes en fer forg\u00e9, dispers\u00e9es \u00e0 travers le village et ses monuments.<\/span><\/p>\n<p><span style=\"color: #000000;\"><!-- \/wp:paragraph --><\/span><\/p>\n<p><span style=\"color: #000000;\"><!-- wp:paragraph --><\/span><\/p>\n<p><span style=\"color: #000000;\">En plus des charmantes ruelles de ce village atypique, profitez de cette escapade en partant \u00e0 la d\u00e9couverte des autres hauts lieux du d\u00e9partement du Var, sans oublier le littoral de la C\u00f4te d\u2019Azur, que nous vous conseillons plus particuli\u00e8rement pendant le printemps ou \u00e0 l\u2019automne.<\/span><\/p>\t\t\t\t\t\t\t\t<\/div>\n\t\t\t\t<\/div>\n\t\t\t\t\t<\/div>\n\t\t<\/div>\n\t\t\t\t\t<\/div>\n\t\t<\/section>\n\t\t\t\t<section class=\"elementor-section elementor-top-section elementor-element elementor-element-948bbda elementor-section-boxed elementor-section-height-default elementor-section-height-default\" data-id=\"948bbda\" data-element_type=\"section\">\n\t\t\t\t\t\t<div class=\"elementor-container elementor-column-gap-default\">\n\t\t\t\t\t<div class=\"elementor-column elementor-col-100 elementor-top-column elementor-element elementor-element-ed2f7a0\" data-id=\"ed2f7a0\" data-element_type=\"column\">\n\t\t\t<div class=\"elementor-widget-wrap elementor-element-populated\">\n\t\t\t\t\t\t<div class=\"elementor-element elementor-element-c553db7 elementor-widget elementor-widget-image\" data-id=\"c553db7\" data-element_type=\"widget\" data-widget_type=\"image.default\">\n\t\t\t\t<div class=\"elementor-widget-container\">\n\t\t\t\t\t\t\t\t\t\t\t\t\t\t\t<img decoding=\"async\" width=\"1000\" height=\"667\" src=\"https:\/\/www.wedrivit.com\/blog\/wp-content\/uploads\/2021\/09\/Mons_var.jpeg\" class=\"attachment-large size-large wp-image-4358\" alt=\"Village de Mons dans le var\" \/>\t\t\t\t\t\t\t\t\t\t\t\t\t\t\t<\/div>\n\t\t\t\t<\/div>\n\t\t\t\t\t<\/div>\n\t\t<\/div>\n\t\t\t\t\t<\/div>\n\t\t<\/section>\n\t\t\t\t<section class=\"elementor-section elementor-top-section elementor-element elementor-element-e5820d3 elementor-section-boxed elementor-section-height-default elementor-section-height-default\" data-id=\"e5820d3\" data-element_type=\"section\">\n\t\t\t\t\t\t<div class=\"elementor-container elementor-column-gap-default\">\n\t\t\t\t\t<div class=\"elementor-column elementor-col-100 elementor-top-column elementor-element elementor-element-dd06f4f\" data-id=\"dd06f4f\" data-element_type=\"column\">\n\t\t\t<div class=\"elementor-widget-wrap elementor-element-populated\">\n\t\t\t\t\t\t<div class=\"elementor-element elementor-element-c5ddc5f elementor-widget elementor-widget-heading\" data-id=\"c5ddc5f\" data-element_type=\"widget\" data-widget_type=\"heading.default\">\n\t\t\t\t<div class=\"elementor-widget-container\">\n\t\t\t\t\t<h2 class=\"elementor-heading-title elementor-size-default\">Lavardin et son charme gothique<\/h2>\t\t\t\t<\/div>\n\t\t\t\t<\/div>\n\t\t\t\t\t<\/div>\n\t\t<\/div>\n\t\t\t\t\t<\/div>\n\t\t<\/section>\n\t\t\t\t<section class=\"elementor-section elementor-top-section elementor-element elementor-element-a3eb415 elementor-section-boxed elementor-section-height-default elementor-section-height-default\" data-id=\"a3eb415\" data-element_type=\"section\">\n\t\t\t\t\t\t<div class=\"elementor-container elementor-column-gap-default\">\n\t\t\t\t\t<div class=\"elementor-column elementor-col-100 elementor-top-column elementor-element elementor-element-8592cfc\" data-id=\"8592cfc\" data-element_type=\"column\">\n\t\t\t<div class=\"elementor-widget-wrap elementor-element-populated\">\n\t\t\t\t\t\t<div class=\"elementor-element elementor-element-a9cba91 elementor-widget elementor-widget-text-editor\" data-id=\"a9cba91\" data-element_type=\"widget\" data-widget_type=\"text-editor.default\">\n\t\t\t\t<div class=\"elementor-widget-container\">\n\t\t\t\t\t\t\t\t\t<p><span style=\"color: #000000;\">Si vous aimez le <strong>tourisme local<\/strong> et la d\u00e9couverte des plus beaux villages de France, nous vous proposons de vous rendre \u00e0 Lavardin. Situ\u00e9 dans la vall\u00e9e du Loir, dans le d\u00e9partement du Loir-et-Cher, vous devrez traverser le Loir par le pont gothique pour vous rendre dans le village. Vous pourrez admirer le ch\u00e2teau de Lavardin, \u00e9rig\u00e9 au d\u00e9but du XI\u00e8me si\u00e8cle, son \u00e9glise romane et ses fresques color\u00e9es, ou encore la cave des Vierges, une cave troglodyte, creus\u00e9e dans la roche et datant du Moyen \u00c2ge.<\/span><\/p>\n<p><span style=\"color: #000000;\"><!-- \/wp:paragraph --><\/span><\/p>\n<p><span style=\"color: #000000;\"><!-- wp:paragraph --><\/span><\/p>\n<p><span style=\"color: #000000;\">En <strong>voiture de collection<\/strong>, il vous faudra environ 2 heures 30 pour rejoindre Lavardin \u00e0 partir de Paris. A savoir que vous pourrez \u00e9galement faire le choix de la <strong>location d\u2019une voiture ancienne<\/strong> dans le Loir-et-Cher, pour profiter des paysages et de l\u2019histoire de la commune \u00e0 bord d\u2019un mod\u00e8le de collection.<\/span><\/p>\t\t\t\t\t\t\t\t<\/div>\n\t\t\t\t<\/div>\n\t\t\t\t\t<\/div>\n\t\t<\/div>\n\t\t\t\t\t<\/div>\n\t\t<\/section>\n\t\t\t\t<section class=\"elementor-section elementor-top-section elementor-element elementor-element-9b94ba0 elementor-section-boxed elementor-section-height-default elementor-section-height-default\" data-id=\"9b94ba0\" data-element_type=\"section\">\n\t\t\t\t\t\t<div class=\"elementor-container elementor-column-gap-default\">\n\t\t\t\t\t<div class=\"elementor-column elementor-col-100 elementor-top-column elementor-element elementor-element-c6764e2\" data-id=\"c6764e2\" data-element_type=\"column\">\n\t\t\t<div class=\"elementor-widget-wrap elementor-element-populated\">\n\t\t\t\t\t\t<div class=\"elementor-element elementor-element-5ed1780 elementor-widget elementor-widget-image\" data-id=\"5ed1780\" data-element_type=\"widget\" data-widget_type=\"image.default\">\n\t\t\t\t<div class=\"elementor-widget-container\">\n\t\t\t\t\t\t\t\t\t\t\t\t\t\t\t<img loading=\"lazy\" decoding=\"async\" width=\"1000\" height=\"667\" src=\"https:\/\/www.wedrivit.com\/blog\/wp-content\/uploads\/2021\/09\/Lavardin.jpeg\" class=\"attachment-large size-large wp-image-4359\" alt=\"Lavardin dans le Loir-et-Cher\" \/>\t\t\t\t\t\t\t\t\t\t\t\t\t\t\t<\/div>\n\t\t\t\t<\/div>\n\t\t\t\t\t<\/div>\n\t\t<\/div>\n\t\t\t\t\t<\/div>\n\t\t<\/section>\n\t\t\t\t<section class=\"elementor-section elementor-top-section elementor-element elementor-element-5f8307d elementor-section-boxed elementor-section-height-default elementor-section-height-default\" data-id=\"5f8307d\" data-element_type=\"section\">\n\t\t\t\t\t\t<div class=\"elementor-container elementor-column-gap-default\">\n\t\t\t\t\t<div class=\"elementor-column elementor-col-100 elementor-top-column elementor-element elementor-element-7387afc\" data-id=\"7387afc\" data-element_type=\"column\">\n\t\t\t<div class=\"elementor-widget-wrap elementor-element-populated\">\n\t\t\t\t\t\t<div class=\"elementor-element elementor-element-6624229 elementor-widget elementor-widget-heading\" data-id=\"6624229\" data-element_type=\"widget\" data-widget_type=\"heading.default\">\n\t\t\t\t<div class=\"elementor-widget-container\">\n\t\t\t\t\t<h2 class=\"elementor-heading-title elementor-size-default\">La Bretagne et le village de Pont Aven<\/h2>\t\t\t\t<\/div>\n\t\t\t\t<\/div>\n\t\t\t\t\t<\/div>\n\t\t<\/div>\n\t\t\t\t\t<\/div>\n\t\t<\/section>\n\t\t\t\t<section class=\"elementor-section elementor-top-section elementor-element elementor-element-51d8e08 elementor-section-boxed elementor-section-height-default elementor-section-height-default\" data-id=\"51d8e08\" data-element_type=\"section\">\n\t\t\t\t\t\t<div class=\"elementor-container elementor-column-gap-default\">\n\t\t\t\t\t<div class=\"elementor-column elementor-col-100 elementor-top-column elementor-element elementor-element-d20cc3c\" data-id=\"d20cc3c\" data-element_type=\"column\">\n\t\t\t<div class=\"elementor-widget-wrap elementor-element-populated\">\n\t\t\t\t\t\t<div class=\"elementor-element elementor-element-d36c60a elementor-widget elementor-widget-text-editor\" data-id=\"d36c60a\" data-element_type=\"widget\" data-widget_type=\"text-editor.default\">\n\t\t\t\t<div class=\"elementor-widget-container\">\n\t\t\t\t\t\t\t\t\t<p><!-- \/wp:heading --><\/p>\n<p><!-- wp:paragraph --><\/p>\n<p><span style=\"color: #000000;\">Enfin, pour cette derni\u00e8re visite, nous prenons la direction de la Bretagne, et du village de Pont Aven. Ce charmant <a href=\"https:\/\/www.wedrivit.com\/blog\/voiture\/collection\/a-la-decouverte-des-plus-beaux-villages-de-france-en-ancienne\/\" target=\"_blank\" rel=\"noopener\">village<\/a> est notamment connu pour sa lumi\u00e8re, qui inspira les peintres de l\u2019\u00e9cole du village, dont l\u2019artiste Gauguin f\u00eet partie. La rivi\u00e8re de l\u2019Aven traverse le village en toute part, et se franchit par diff\u00e9rentes passerelles, entre maisons bretonnes teint\u00e9es de charme et paysages sauvages.<\/span><\/p>\n<p><span style=\"color: #000000;\"><!-- \/wp:paragraph --><\/span><\/p>\n<p><span style=\"color: #000000;\"><!-- wp:paragraph --><\/span><\/p>\n<p><span style=\"color: #000000;\">Si vous aimez l\u2019art et la peinture, vous prendrez plaisir \u00e0 visiter les nombreuses galeries pr\u00e9sentes \u00e0 Pont Aven. N&rsquo;oubliez pas de poursuivre votre s\u00e9jour en rejoignant la mer, et en d\u00e9couvrant les charmants ports avoisinants, dont le site de Riec-sur-Belon.<\/span><\/p>\n<p><span style=\"color: #000000;\"><!-- \/wp:paragraph --><\/span><\/p>\n<p><span style=\"color: #000000;\"><!-- wp:paragraph --><\/span><\/p>\n<p><span style=\"color: #000000;\">Et vous, quelles sont vos id\u00e9es de destinations pour d\u00e9couvrir la France et ses villages au volant d\u2019une <strong>voiture de collection<\/strong> ?<\/span><\/p>\t\t\t\t\t\t\t\t<\/div>\n\t\t\t\t<\/div>\n\t\t\t\t\t<\/div>\n\t\t<\/div>\n\t\t\t\t\t<\/div>\n\t\t<\/section>\n\t\t\t\t<section class=\"elementor-section elementor-top-section elementor-element elementor-element-179ea1e elementor-section-boxed elementor-section-height-default elementor-section-height-default\" data-id=\"179ea1e\" data-element_type=\"section\">\n\t\t\t\t\t\t<div class=\"elementor-container elementor-column-gap-default\">\n\t\t\t\t\t<div class=\"elementor-column elementor-col-100 elementor-top-column elementor-element elementor-element-7d9b7f6\" data-id=\"7d9b7f6\" data-element_type=\"column\">\n\t\t\t<div class=\"elementor-widget-wrap elementor-element-populated\">\n\t\t\t\t\t\t<div class=\"elementor-element elementor-element-f40cc53 elementor-widget elementor-widget-image\" data-id=\"f40cc53\" data-element_type=\"widget\" data-widget_type=\"image.default\">\n\t\t\t\t<div class=\"elementor-widget-container\">\n\t\t\t\t\t\t\t\t\t\t\t\t\t\t\t<img loading=\"lazy\" decoding=\"async\" width=\"1000\" height=\"500\" src=\"https:\/\/www.wedrivit.com\/blog\/wp-content\/uploads\/2021\/09\/pont-aven.jpeg\" class=\"attachment-large size-large wp-image-4360\" alt=\"Village de Pont Aven\" \/>\t\t\t\t\t\t\t\t\t\t\t\t\t\t\t<\/div>\n\t\t\t\t<\/div>\n\t\t\t\t\t<\/div>\n\t\t<\/div>\n\t\t\t\t\t<\/div>\n\t\t<\/section>\n\t\t\t\t<section class=\"elementor-section elementor-top-section elementor-element elementor-element-cdd7c08 elementor-section-boxed elementor-section-height-default elementor-section-height-default\" data-id=\"cdd7c08\" data-element_type=\"section\">\n\t\t\t\t\t\t<div class=\"elementor-container elementor-column-gap-default\">\n\t\t\t\t\t<div class=\"elementor-column elementor-col-100 elementor-top-column elementor-element elementor-element-b614acc\" data-id=\"b614acc\" data-element_type=\"column\">\n\t\t\t<div class=\"elementor-widget-wrap elementor-element-populated\">\n\t\t\t\t\t\t<div class=\"elementor-element elementor-element-f240df1 elementor-align-center elementor-widget elementor-widget-button\" data-id=\"f240df1\" data-element_type=\"widget\" data-widget_type=\"button.default\">\n\t\t\t\t<div class=\"elementor-widget-container\">\n\t\t\t\t\t\t\t\t\t<div class=\"elementor-button-wrapper\">\n\t\t\t\t\t<a class=\"elementor-button elementor-button-link elementor-size-sm\" href=\"https:\/\/www.wedrivit.com\/\" target=\"_blank\">\n\t\t\t\t\t\t<span class=\"elementor-button-content-wrapper\">\n\t\t\t\t\t\t\t\t\t<span class=\"elementor-button-text\">Louer une voiture dans les petits villages de France<\/span>\n\t\t\t\t\t<\/span>\n\t\t\t\t\t<\/a>\n\t\t\t\t<\/div>\n\t\t\t\t\t\t\t\t<\/div>\n\t\t\t\t<\/div>\n\t\t\t\t\t<\/div>\n\t\t<\/div>\n\t\t\t\t\t<\/div>\n\t\t<\/section>\n\t\t\t\t<\/div>\n\t\t","protected":false},"excerpt":{"rendered":"<p>Tourisme local : Itin\u00e9raires dans des petits villages de France\u200b<\/p>\n","protected":false},"author":12,"featured_media":4359,"comment_status":"open","ping_status":"open","sticky":false,"template":"","format":"standard","meta":{"footnotes":""},"categories":[1,7],"tags":[],"class_list":["post-4355","post","type-post","status-publish","format-standard","has-post-thumbnail","hentry","category-tous-les-articles","category-voyage"],"yoast_head":"<!-- This site is optimized with the Yoast SEO plugin v26.9 - https:\/\/yoast.com\/product\/yoast-seo-wordpress\/ -->\n<title>Tourisme local : Itin\u00e9raires dans des petits villages de France\u200b - Le blog des voitures de collection par Wedrivit Tous les articles<\/title>\n<meta name=\"description\" content=\"Que ce soit \u00e0 bord de votre propre voiture ancienne, ou en louant une voiture de collection, il existe en France de nombreux lieux et villages charmants\" \/>\n<meta name=\"robots\" content=\"index, follow, max-snippet:-1, max-image-preview:large, max-video-preview:-1\" \/>\n<link rel=\"canonical\" href=\"https:\/\/www.wedrivit.com\/blog\/voiture\/collection\/tourisme-local-en-voiture-de-collection\" \/>\n<meta property=\"og:locale\" content=\"fr_FR\" \/>\n<meta property=\"og:type\" content=\"article\" \/>\n<meta property=\"og:title\" content=\"Tourisme local : Itin\u00e9raires dans des petits villages de France\u200b - Le blog des voitures de collection par Wedrivit Tous les articles\" \/>\n<meta property=\"og:description\" content=\"Que ce soit \u00e0 bord de votre propre voiture ancienne, ou en louant une voiture de collection, il existe en France de nombreux lieux et villages charmants\" \/>\n<meta property=\"og:url\" content=\"https:\/\/www.wedrivit.com\/blog\/voiture\/collection\/tourisme-local-en-voiture-de-collection\" \/>\n<meta property=\"og:site_name\" content=\"Le blog des voitures de collection par Wedrivit\" \/>\n<meta property=\"article:published_time\" content=\"2021-09-19T09:00:00+00:00\" \/>\n<meta property=\"article:modified_time\" content=\"2022-07-28T14:48:24+00:00\" \/>\n<meta property=\"og:image\" content=\"https:\/\/www.wedrivit.com\/blog\/wp-content\/uploads\/2021\/09\/Lavardin.jpeg\" \/>\n\t<meta property=\"og:image:width\" content=\"2700\" \/>\n\t<meta property=\"og:image:height\" content=\"1800\" \/>\n\t<meta property=\"og:image:type\" content=\"image\/jpeg\" \/>\n<meta name=\"author\" content=\"Sarah Laporte\" \/>\n<meta name=\"twitter:card\" content=\"summary_large_image\" \/>\n<meta name=\"twitter:label1\" content=\"\u00c9crit par\" \/>\n\t<meta name=\"twitter:data1\" content=\"Sarah Laporte\" \/>\n\t<meta name=\"twitter:label2\" content=\"Dur\u00e9e de lecture estim\u00e9e\" \/>\n\t<meta name=\"twitter:data2\" content=\"4 minutes\" \/>\n<script type=\"application\/ld+json\" class=\"yoast-schema-graph\">{\"@context\":\"https:\/\/schema.org\",\"@graph\":[{\"@type\":\"Article\",\"@id\":\"https:\/\/www.wedrivit.com\/blog\/voiture\/collection\/tourisme-local-en-voiture-de-collection#article\",\"isPartOf\":{\"@id\":\"https:\/\/www.wedrivit.com\/blog\/voiture\/collection\/tourisme-local-en-voiture-de-collection\"},\"author\":{\"name\":\"Sarah Laporte\",\"@id\":\"https:\/\/www.wedrivit.com\/blog\/#\/schema\/person\/cb502f9aecb13007b7df0e01c777c321\"},\"headline\":\"Tourisme local : Itin\u00e9raires dans des petits villages de France\u200b\",\"datePublished\":\"2021-09-19T09:00:00+00:00\",\"dateModified\":\"2022-07-28T14:48:24+00:00\",\"mainEntityOfPage\":{\"@id\":\"https:\/\/www.wedrivit.com\/blog\/voiture\/collection\/tourisme-local-en-voiture-de-collection\"},\"wordCount\":902,\"commentCount\":0,\"publisher\":{\"@id\":\"https:\/\/www.wedrivit.com\/blog\/#organization\"},\"image\":{\"@id\":\"https:\/\/www.wedrivit.com\/blog\/voiture\/collection\/tourisme-local-en-voiture-de-collection#primaryimage\"},\"thumbnailUrl\":\"https:\/\/www.wedrivit.com\/blog\/wp-content\/uploads\/2021\/09\/Lavardin.jpeg\",\"articleSection\":[\"Tous les articles\",\"Voyages\"],\"inLanguage\":\"fr-FR\",\"potentialAction\":[{\"@type\":\"CommentAction\",\"name\":\"Comment\",\"target\":[\"https:\/\/www.wedrivit.com\/blog\/voiture\/collection\/tourisme-local-en-voiture-de-collection#respond\"]}]},{\"@type\":\"WebPage\",\"@id\":\"https:\/\/www.wedrivit.com\/blog\/voiture\/collection\/tourisme-local-en-voiture-de-collection\",\"url\":\"https:\/\/www.wedrivit.com\/blog\/voiture\/collection\/tourisme-local-en-voiture-de-collection\",\"name\":\"Tourisme local : Itin\u00e9raires dans des petits villages de France\u200b - Le blog des voitures de collection par Wedrivit Tous les articles\",\"isPartOf\":{\"@id\":\"https:\/\/www.wedrivit.com\/blog\/#website\"},\"primaryImageOfPage\":{\"@id\":\"https:\/\/www.wedrivit.com\/blog\/voiture\/collection\/tourisme-local-en-voiture-de-collection#primaryimage\"},\"image\":{\"@id\":\"https:\/\/www.wedrivit.com\/blog\/voiture\/collection\/tourisme-local-en-voiture-de-collection#primaryimage\"},\"thumbnailUrl\":\"https:\/\/www.wedrivit.com\/blog\/wp-content\/uploads\/2021\/09\/Lavardin.jpeg\",\"datePublished\":\"2021-09-19T09:00:00+00:00\",\"dateModified\":\"2022-07-28T14:48:24+00:00\",\"description\":\"Que ce soit \u00e0 bord de votre propre voiture ancienne, ou en louant une voiture de collection, il existe en France de nombreux lieux et villages charmants\",\"breadcrumb\":{\"@id\":\"https:\/\/www.wedrivit.com\/blog\/voiture\/collection\/tourisme-local-en-voiture-de-collection#breadcrumb\"},\"inLanguage\":\"fr-FR\",\"potentialAction\":[{\"@type\":\"ReadAction\",\"target\":[\"https:\/\/www.wedrivit.com\/blog\/voiture\/collection\/tourisme-local-en-voiture-de-collection\"]}]},{\"@type\":\"ImageObject\",\"inLanguage\":\"fr-FR\",\"@id\":\"https:\/\/www.wedrivit.com\/blog\/voiture\/collection\/tourisme-local-en-voiture-de-collection#primaryimage\",\"url\":\"https:\/\/www.wedrivit.com\/blog\/wp-content\/uploads\/2021\/09\/Lavardin.jpeg\",\"contentUrl\":\"https:\/\/www.wedrivit.com\/blog\/wp-content\/uploads\/2021\/09\/Lavardin.jpeg\",\"width\":2700,\"height\":1800,\"caption\":\"D\u00e9couvrez le Charme du village de Lavardin \u00e0 bord d'une voiture de collection\"},{\"@type\":\"BreadcrumbList\",\"@id\":\"https:\/\/www.wedrivit.com\/blog\/voiture\/collection\/tourisme-local-en-voiture-de-collection#breadcrumb\",\"itemListElement\":[{\"@type\":\"ListItem\",\"position\":1,\"name\":\"Home\",\"item\":\"https:\/\/www.wedrivit.com\/blog\/\"},{\"@type\":\"ListItem\",\"position\":2,\"name\":\"Tourisme local : Itin\u00e9raires dans des petits villages de France\u200b\"}]},{\"@type\":\"WebSite\",\"@id\":\"https:\/\/www.wedrivit.com\/blog\/#website\",\"url\":\"https:\/\/www.wedrivit.com\/blog\/\",\"name\":\"Le blog des voitures de collection par Wedrivit\",\"description\":\"Tout savoir sur les voitures anciennes grace \u00e0 Wedrivit, la plateforme de location de voitures anciennes entre particuliers.\",\"publisher\":{\"@id\":\"https:\/\/www.wedrivit.com\/blog\/#organization\"},\"potentialAction\":[{\"@type\":\"SearchAction\",\"target\":{\"@type\":\"EntryPoint\",\"urlTemplate\":\"https:\/\/www.wedrivit.com\/blog\/?s={search_term_string}\"},\"query-input\":{\"@type\":\"PropertyValueSpecification\",\"valueRequired\":true,\"valueName\":\"search_term_string\"}}],\"inLanguage\":\"fr-FR\"},{\"@type\":\"Organization\",\"@id\":\"https:\/\/www.wedrivit.com\/blog\/#organization\",\"name\":\"Le blog des voitures de collection par Wedrivit\",\"url\":\"https:\/\/www.wedrivit.com\/blog\/\",\"logo\":{\"@type\":\"ImageObject\",\"inLanguage\":\"fr-FR\",\"@id\":\"https:\/\/www.wedrivit.com\/blog\/#\/schema\/logo\/image\/\",\"url\":\"https:\/\/www.wedrivit.com\/blog\/wp-content\/uploads\/2024\/12\/wedrivit-blanc-large-2.png\",\"contentUrl\":\"https:\/\/www.wedrivit.com\/blog\/wp-content\/uploads\/2024\/12\/wedrivit-blanc-large-2.png\",\"caption\":\"Le blog des voitures de collection par Wedrivit\"},\"image\":{\"@id\":\"https:\/\/www.wedrivit.com\/blog\/#\/schema\/logo\/image\/\"}},{\"@type\":\"Person\",\"@id\":\"https:\/\/www.wedrivit.com\/blog\/#\/schema\/person\/cb502f9aecb13007b7df0e01c777c321\",\"name\":\"Sarah Laporte\",\"image\":{\"@type\":\"ImageObject\",\"inLanguage\":\"fr-FR\",\"@id\":\"https:\/\/www.wedrivit.com\/blog\/#\/schema\/person\/image\/\",\"url\":\"https:\/\/secure.gravatar.com\/avatar\/9b7845ad9a7e1ada8b33df651e2d4b8360bbd71b6eb2591444bcacb45eaf7d25?s=96&d=mm&r=g\",\"contentUrl\":\"https:\/\/secure.gravatar.com\/avatar\/9b7845ad9a7e1ada8b33df651e2d4b8360bbd71b6eb2591444bcacb45eaf7d25?s=96&d=mm&r=g\",\"caption\":\"Sarah Laporte\"},\"sameAs\":[\"https:\/\/www.wedrivit.com\/\",\"sverre.hubi@hotmail.fr\"],\"url\":\"https:\/\/www.wedrivit.com\/blog\/voiture\/collection\/author\/sarah\"}]}<\/script>\n<!-- \/ Yoast SEO plugin. -->","yoast_head_json":{"title":"Tourisme local : Itin\u00e9raires dans des petits villages de France\u200b - Le blog des voitures de collection par Wedrivit Tous les articles","description":"Que ce soit \u00e0 bord de votre propre voiture ancienne, ou en louant une voiture de collection, il existe en France de nombreux lieux et villages charmants","robots":{"index":"index","follow":"follow","max-snippet":"max-snippet:-1","max-image-preview":"max-image-preview:large","max-video-preview":"max-video-preview:-1"},"canonical":"https:\/\/www.wedrivit.com\/blog\/voiture\/collection\/tourisme-local-en-voiture-de-collection","og_locale":"fr_FR","og_type":"article","og_title":"Tourisme local : Itin\u00e9raires dans des petits villages de France\u200b - Le blog des voitures de collection par Wedrivit Tous les articles","og_description":"Que ce soit \u00e0 bord de votre propre voiture ancienne, ou en louant une voiture de collection, il existe en France de nombreux lieux et villages charmants","og_url":"https:\/\/www.wedrivit.com\/blog\/voiture\/collection\/tourisme-local-en-voiture-de-collection","og_site_name":"Le blog des voitures de collection par Wedrivit","article_published_time":"2021-09-19T09:00:00+00:00","article_modified_time":"2022-07-28T14:48:24+00:00","og_image":[{"width":2700,"height":1800,"url":"https:\/\/www.wedrivit.com\/blog\/wp-content\/uploads\/2021\/09\/Lavardin.jpeg","type":"image\/jpeg"}],"author":"Sarah Laporte","twitter_card":"summary_large_image","twitter_misc":{"\u00c9crit par":"Sarah Laporte","Dur\u00e9e de lecture estim\u00e9e":"4 minutes"},"schema":{"@context":"https:\/\/schema.org","@graph":[{"@type":"Article","@id":"https:\/\/www.wedrivit.com\/blog\/voiture\/collection\/tourisme-local-en-voiture-de-collection#article","isPartOf":{"@id":"https:\/\/www.wedrivit.com\/blog\/voiture\/collection\/tourisme-local-en-voiture-de-collection"},"author":{"name":"Sarah Laporte","@id":"https:\/\/www.wedrivit.com\/blog\/#\/schema\/person\/cb502f9aecb13007b7df0e01c777c321"},"headline":"Tourisme local : Itin\u00e9raires dans des petits villages de France\u200b","datePublished":"2021-09-19T09:00:00+00:00","dateModified":"2022-07-28T14:48:24+00:00","mainEntityOfPage":{"@id":"https:\/\/www.wedrivit.com\/blog\/voiture\/collection\/tourisme-local-en-voiture-de-collection"},"wordCount":902,"commentCount":0,"publisher":{"@id":"https:\/\/www.wedrivit.com\/blog\/#organization"},"image":{"@id":"https:\/\/www.wedrivit.com\/blog\/voiture\/collection\/tourisme-local-en-voiture-de-collection#primaryimage"},"thumbnailUrl":"https:\/\/www.wedrivit.com\/blog\/wp-content\/uploads\/2021\/09\/Lavardin.jpeg","articleSection":["Tous les articles","Voyages"],"inLanguage":"fr-FR","potentialAction":[{"@type":"CommentAction","name":"Comment","target":["https:\/\/www.wedrivit.com\/blog\/voiture\/collection\/tourisme-local-en-voiture-de-collection#respond"]}]},{"@type":"WebPage","@id":"https:\/\/www.wedrivit.com\/blog\/voiture\/collection\/tourisme-local-en-voiture-de-collection","url":"https:\/\/www.wedrivit.com\/blog\/voiture\/collection\/tourisme-local-en-voiture-de-collection","name":"Tourisme local : Itin\u00e9raires dans des petits villages de France\u200b - Le blog des voitures de collection par Wedrivit Tous les articles","isPartOf":{"@id":"https:\/\/www.wedrivit.com\/blog\/#website"},"primaryImageOfPage":{"@id":"https:\/\/www.wedrivit.com\/blog\/voiture\/collection\/tourisme-local-en-voiture-de-collection#primaryimage"},"image":{"@id":"https:\/\/www.wedrivit.com\/blog\/voiture\/collection\/tourisme-local-en-voiture-de-collection#primaryimage"},"thumbnailUrl":"https:\/\/www.wedrivit.com\/blog\/wp-content\/uploads\/2021\/09\/Lavardin.jpeg","datePublished":"2021-09-19T09:00:00+00:00","dateModified":"2022-07-28T14:48:24+00:00","description":"Que ce soit \u00e0 bord de votre propre voiture ancienne, ou en louant une voiture de collection, il existe en France de nombreux lieux et villages charmants","breadcrumb":{"@id":"https:\/\/www.wedrivit.com\/blog\/voiture\/collection\/tourisme-local-en-voiture-de-collection#breadcrumb"},"inLanguage":"fr-FR","potentialAction":[{"@type":"ReadAction","target":["https:\/\/www.wedrivit.com\/blog\/voiture\/collection\/tourisme-local-en-voiture-de-collection"]}]},{"@type":"ImageObject","inLanguage":"fr-FR","@id":"https:\/\/www.wedrivit.com\/blog\/voiture\/collection\/tourisme-local-en-voiture-de-collection#primaryimage","url":"https:\/\/www.wedrivit.com\/blog\/wp-content\/uploads\/2021\/09\/Lavardin.jpeg","contentUrl":"https:\/\/www.wedrivit.com\/blog\/wp-content\/uploads\/2021\/09\/Lavardin.jpeg","width":2700,"height":1800,"caption":"D\u00e9couvrez le Charme du village de Lavardin \u00e0 bord d'une voiture de collection"},{"@type":"BreadcrumbList","@id":"https:\/\/www.wedrivit.com\/blog\/voiture\/collection\/tourisme-local-en-voiture-de-collection#breadcrumb","itemListElement":[{"@type":"ListItem","position":1,"name":"Home","item":"https:\/\/www.wedrivit.com\/blog\/"},{"@type":"ListItem","position":2,"name":"Tourisme local : Itin\u00e9raires dans des petits villages de France\u200b"}]},{"@type":"WebSite","@id":"https:\/\/www.wedrivit.com\/blog\/#website","url":"https:\/\/www.wedrivit.com\/blog\/","name":"Le blog des voitures de collection par Wedrivit","description":"Tout savoir sur les voitures anciennes grace \u00e0 Wedrivit, la plateforme de location de voitures anciennes entre particuliers.","publisher":{"@id":"https:\/\/www.wedrivit.com\/blog\/#organization"},"potentialAction":[{"@type":"SearchAction","target":{"@type":"EntryPoint","urlTemplate":"https:\/\/www.wedrivit.com\/blog\/?s={search_term_string}"},"query-input":{"@type":"PropertyValueSpecification","valueRequired":true,"valueName":"search_term_string"}}],"inLanguage":"fr-FR"},{"@type":"Organization","@id":"https:\/\/www.wedrivit.com\/blog\/#organization","name":"Le blog des voitures de collection par Wedrivit","url":"https:\/\/www.wedrivit.com\/blog\/","logo":{"@type":"ImageObject","inLanguage":"fr-FR","@id":"https:\/\/www.wedrivit.com\/blog\/#\/schema\/logo\/image\/","url":"https:\/\/www.wedrivit.com\/blog\/wp-content\/uploads\/2024\/12\/wedrivit-blanc-large-2.png","contentUrl":"https:\/\/www.wedrivit.com\/blog\/wp-content\/uploads\/2024\/12\/wedrivit-blanc-large-2.png","caption":"Le blog des voitures de collection par Wedrivit"},"image":{"@id":"https:\/\/www.wedrivit.com\/blog\/#\/schema\/logo\/image\/"}},{"@type":"Person","@id":"https:\/\/www.wedrivit.com\/blog\/#\/schema\/person\/cb502f9aecb13007b7df0e01c777c321","name":"Sarah Laporte","image":{"@type":"ImageObject","inLanguage":"fr-FR","@id":"https:\/\/www.wedrivit.com\/blog\/#\/schema\/person\/image\/","url":"https:\/\/secure.gravatar.com\/avatar\/9b7845ad9a7e1ada8b33df651e2d4b8360bbd71b6eb2591444bcacb45eaf7d25?s=96&d=mm&r=g","contentUrl":"https:\/\/secure.gravatar.com\/avatar\/9b7845ad9a7e1ada8b33df651e2d4b8360bbd71b6eb2591444bcacb45eaf7d25?s=96&d=mm&r=g","caption":"Sarah Laporte"},"sameAs":["https:\/\/www.wedrivit.com\/","sverre.hubi@hotmail.fr"],"url":"https:\/\/www.wedrivit.com\/blog\/voiture\/collection\/author\/sarah"}]}},"_links":{"self":[{"href":"https:\/\/www.wedrivit.com\/blog\/wp-json\/wp\/v2\/posts\/4355","targetHints":{"allow":["GET"]}}],"collection":[{"href":"https:\/\/www.wedrivit.com\/blog\/wp-json\/wp\/v2\/posts"}],"about":[{"href":"https:\/\/www.wedrivit.com\/blog\/wp-json\/wp\/v2\/types\/post"}],"author":[{"embeddable":true,"href":"https:\/\/www.wedrivit.com\/blog\/wp-json\/wp\/v2\/users\/12"}],"replies":[{"embeddable":true,"href":"https:\/\/www.wedrivit.com\/blog\/wp-json\/wp\/v2\/comments?post=4355"}],"version-history":[{"count":37,"href":"https:\/\/www.wedrivit.com\/blog\/wp-json\/wp\/v2\/posts\/4355\/revisions"}],"predecessor-version":[{"id":6353,"href":"https:\/\/www.wedrivit.com\/blog\/wp-json\/wp\/v2\/posts\/4355\/revisions\/6353"}],"wp:featuredmedia":[{"embeddable":true,"href":"https:\/\/www.wedrivit.com\/blog\/wp-json\/wp\/v2\/media\/4359"}],"wp:attachment":[{"href":"https:\/\/www.wedrivit.com\/blog\/wp-json\/wp\/v2\/media?parent=4355"}],"wp:term":[{"taxonomy":"category","embeddable":true,"href":"https:\/\/www.wedrivit.com\/blog\/wp-json\/wp\/v2\/categories?post=4355"},{"taxonomy":"post_tag","embeddable":true,"href":"https:\/\/www.wedrivit.com\/blog\/wp-json\/wp\/v2\/tags?post=4355"}],"curies":[{"name":"wp","href":"https:\/\/api.w.org\/{rel}","templated":true}]}}