{"id":4323,"date":"2021-09-12T23:00:00","date_gmt":"2021-09-12T21:00:00","guid":{"rendered":"https:\/\/www.wedrivit.com\/blog\/?p=4323"},"modified":"2022-12-08T16:27:30","modified_gmt":"2022-12-08T14:27:30","slug":"les-gorges-du-verdon-en-voiture-de-collection","status":"publish","type":"post","link":"https:\/\/www.wedrivit.com\/blog\/voiture\/collection\/les-gorges-du-verdon-en-voiture-de-collection","title":{"rendered":"Un bol d\u2019air frais dans les Gorges du Verdon en voiture de collection\u200b"},"content":{"rendered":"\t\t<div data-elementor-type=\"wp-post\" data-elementor-id=\"4323\" class=\"elementor elementor-4323\">\n\t\t\t\t\t\t<section class=\"elementor-section elementor-top-section elementor-element elementor-element-f5541b6 elementor-section-boxed elementor-section-height-default elementor-section-height-default\" data-id=\"f5541b6\" data-element_type=\"section\">\n\t\t\t\t\t\t<div class=\"elementor-container elementor-column-gap-default\">\n\t\t\t\t\t<div class=\"elementor-column elementor-col-100 elementor-top-column elementor-element elementor-element-7094000\" data-id=\"7094000\" data-element_type=\"column\">\n\t\t\t<div class=\"elementor-widget-wrap elementor-element-populated\">\n\t\t\t\t\t\t<div class=\"elementor-element elementor-element-4acfe59 elementor-widget elementor-widget-text-editor\" data-id=\"4acfe59\" data-element_type=\"widget\" data-widget_type=\"text-editor.default\">\n\t\t\t\t<div class=\"elementor-widget-container\">\n\t\t\t\t\t\t\t\t\t<p><span style=\"color: #000000;\">De nombreuses escapades vous attendent \u00e0 travers la France, que ce soit \u00e0 la d\u00e9couverte d\u2019une r\u00e9gion de notre charmant pays, d&rsquo;un <a href=\"https:\/\/www.wedrivit.com\/blog\/voiture\/collection\/tourisme-local-en-voiture-de-collection\/\" target=\"_blank\" rel=\"noopener\">village. O<\/a>u d\u2019une plus grande ville, toujours \u00e0 bord de votre voiture ancienne pr\u00e9f\u00e9r\u00e9e. Aujourd\u2019hui, nous vous proposons de partir \u00e0 la d\u00e9couverte des Gorges du Verdon. Un endroit unique pour un bol d\u2019air frais au plein c\u0153ur de la nature. Nous vous expliquons tout de suite quelles sont les activit\u00e9s \u00e0 ne pas manquer \u00e0 proximit\u00e9 des Gorges du Verdon. Et comment vous pourrez vous y rendre au volant de votre voiture de collection.<\/span><\/p>\t\t\t\t\t\t\t\t<\/div>\n\t\t\t\t<\/div>\n\t\t\t\t\t<\/div>\n\t\t<\/div>\n\t\t\t\t\t<\/div>\n\t\t<\/section>\n\t\t\t\t<section class=\"elementor-section elementor-top-section elementor-element elementor-element-06af7f4 elementor-section-boxed elementor-section-height-default elementor-section-height-default\" data-id=\"06af7f4\" data-element_type=\"section\">\n\t\t\t\t\t\t<div class=\"elementor-container elementor-column-gap-default\">\n\t\t\t\t\t<div class=\"elementor-column elementor-col-100 elementor-top-column elementor-element elementor-element-eac6b5b\" data-id=\"eac6b5b\" data-element_type=\"column\">\n\t\t\t<div class=\"elementor-widget-wrap elementor-element-populated\">\n\t\t\t\t\t\t<div class=\"elementor-element elementor-element-27a7859 elementor-widget elementor-widget-image\" data-id=\"27a7859\" data-element_type=\"widget\" data-widget_type=\"image.default\">\n\t\t\t\t<div class=\"elementor-widget-container\">\n\t\t\t\t\t\t\t\t\t\t\t\t\t\t\t<img fetchpriority=\"high\" decoding=\"async\" width=\"706\" height=\"468\" src=\"https:\/\/www.wedrivit.com\/blog\/wp-content\/uploads\/2021\/09\/gorges-du-verdon.png\" class=\"attachment-large size-large wp-image-4327\" alt=\"Gorges du Verdon\" \/>\t\t\t\t\t\t\t\t\t\t\t\t\t\t\t<\/div>\n\t\t\t\t<\/div>\n\t\t\t\t\t<\/div>\n\t\t<\/div>\n\t\t\t\t\t<\/div>\n\t\t<\/section>\n\t\t\t\t<section class=\"elementor-section elementor-top-section elementor-element elementor-element-4b6bd29 elementor-section-boxed elementor-section-height-default elementor-section-height-default\" data-id=\"4b6bd29\" data-element_type=\"section\">\n\t\t\t\t\t\t<div class=\"elementor-container elementor-column-gap-default\">\n\t\t\t\t\t<div class=\"elementor-column elementor-col-100 elementor-top-column elementor-element elementor-element-974ffb5\" data-id=\"974ffb5\" data-element_type=\"column\">\n\t\t\t<div class=\"elementor-widget-wrap elementor-element-populated\">\n\t\t\t\t\t\t<div class=\"elementor-element elementor-element-8889aca elementor-widget elementor-widget-heading\" data-id=\"8889aca\" data-element_type=\"widget\" data-widget_type=\"heading.default\">\n\t\t\t\t<div class=\"elementor-widget-container\">\n\t\t\t\t\t<h2 class=\"elementor-heading-title elementor-size-default\">Les Gorges du Verdon en voiture de collection<\/h2>\t\t\t\t<\/div>\n\t\t\t\t<\/div>\n\t\t\t\t\t<\/div>\n\t\t<\/div>\n\t\t\t\t\t<\/div>\n\t\t<\/section>\n\t\t\t\t<section class=\"elementor-section elementor-top-section elementor-element elementor-element-e04b3e2 elementor-section-boxed elementor-section-height-default elementor-section-height-default\" data-id=\"e04b3e2\" data-element_type=\"section\">\n\t\t\t\t\t\t<div class=\"elementor-container elementor-column-gap-default\">\n\t\t\t\t\t<div class=\"elementor-column elementor-col-100 elementor-top-column elementor-element elementor-element-b8f1224\" data-id=\"b8f1224\" data-element_type=\"column\">\n\t\t\t<div class=\"elementor-widget-wrap elementor-element-populated\">\n\t\t\t\t\t\t<div class=\"elementor-element elementor-element-5d7daa0 elementor-widget elementor-widget-text-editor\" data-id=\"5d7daa0\" data-element_type=\"widget\" data-widget_type=\"text-editor.default\">\n\t\t\t\t<div class=\"elementor-widget-container\">\n\t\t\t\t\t\t\t\t\t<p><span style=\"color: #000000;\">Si vous \u00eates \u00e0 la recherche d\u2019itin\u00e9raires uniques \u00e0 d\u00e9couvrir \u00e0 bord de votre voiture ancienne. Ou le temps de la location d\u2019une voiture de collection, les Gorges du Verdon pourraient \u00eatre l\u2019adresse id\u00e9ale. Bien qu\u2019il ne soit pas possible de descendre vers le fond du canyon en voiture. Vous pourrez tout de m\u00eame profiter d\u2019un circuit de pratiquement 100 kilom\u00e8tres. En longeant les fameuses Gorges du Verdon.<\/span><\/p>\n<p><span style=\"color: #000000;\"><!-- \/wp:paragraph --><\/span><\/p>\n<p><span style=\"color: #000000;\"><!-- wp:paragraph --><\/span><\/p>\n<p><span style=\"color: #000000;\">Deux itin\u00e9raires vous permettent de longer les rives du canyon du haut des falaises, depuis le d\u00e9partement des Alpes de Haute-Provence pour la rive droite des gorges. Et dans le d\u00e9partement du Var si vous souhaitez suivre les Gorges depuis la rive gauche.\u00a0<\/span><\/p>\n<p><span style=\"color: #000000;\"><!-- \/wp:paragraph --><\/span><\/p>\n<p><span style=\"color: #000000;\"><!-- wp:paragraph --><\/span><\/p>\n<p><span style=\"color: #000000;\">Bien que ces routes soient accessibles \u00e0 pratiquement tous types de v\u00e9hicules. Vous devrez garder \u00e0 l\u2019esprit qu\u2019il s\u2019agit de routes particuli\u00e8rement sinueuses, qui longent les falaises escarp\u00e9es du Verdon. En empruntant les tunnels pr\u00e9sents le long de la Route des Cr\u00eates, la largeur de votre voiture ne devra pas d\u00e9passer la taille de 3,6 m\u00e8tres.<\/span><\/p>\t\t\t\t\t\t\t\t<\/div>\n\t\t\t\t<\/div>\n\t\t\t\t\t<\/div>\n\t\t<\/div>\n\t\t\t\t\t<\/div>\n\t\t<\/section>\n\t\t\t\t<section class=\"elementor-section elementor-top-section elementor-element elementor-element-b43dac8 elementor-section-boxed elementor-section-height-default elementor-section-height-default\" data-id=\"b43dac8\" data-element_type=\"section\">\n\t\t\t\t\t\t<div class=\"elementor-container elementor-column-gap-default\">\n\t\t\t\t\t<div class=\"elementor-column elementor-col-100 elementor-top-column elementor-element elementor-element-31dd3d2\" data-id=\"31dd3d2\" data-element_type=\"column\">\n\t\t\t<div class=\"elementor-widget-wrap elementor-element-populated\">\n\t\t\t\t\t\t<div class=\"elementor-element elementor-element-1b371f3 elementor-widget elementor-widget-image\" data-id=\"1b371f3\" data-element_type=\"widget\" data-widget_type=\"image.default\">\n\t\t\t\t<div class=\"elementor-widget-container\">\n\t\t\t\t\t\t\t\t\t\t\t\t\t\t\t<img decoding=\"async\" width=\"486\" height=\"728\" src=\"https:\/\/www.wedrivit.com\/blog\/wp-content\/uploads\/2021\/09\/Gorges-du-verdon-activite\u0301-insolite.png\" class=\"attachment-large size-large wp-image-4325\" alt=\"Gorges du Verdon activit\u00e9s\" \/>\t\t\t\t\t\t\t\t\t\t\t\t\t\t\t<\/div>\n\t\t\t\t<\/div>\n\t\t\t\t\t<\/div>\n\t\t<\/div>\n\t\t\t\t\t<\/div>\n\t\t<\/section>\n\t\t\t\t<section class=\"elementor-section elementor-top-section elementor-element elementor-element-0181741 elementor-section-boxed elementor-section-height-default elementor-section-height-default\" data-id=\"0181741\" data-element_type=\"section\">\n\t\t\t\t\t\t<div class=\"elementor-container elementor-column-gap-default\">\n\t\t\t\t\t<div class=\"elementor-column elementor-col-100 elementor-top-column elementor-element elementor-element-aad90cb\" data-id=\"aad90cb\" data-element_type=\"column\">\n\t\t\t<div class=\"elementor-widget-wrap elementor-element-populated\">\n\t\t\t\t\t\t<div class=\"elementor-element elementor-element-a7fc6e1 elementor-widget elementor-widget-heading\" data-id=\"a7fc6e1\" data-element_type=\"widget\" data-widget_type=\"heading.default\">\n\t\t\t\t<div class=\"elementor-widget-container\">\n\t\t\t\t\t<h2 class=\"elementor-heading-title elementor-size-default\">En arpentant la rive droite\n<\/h2>\t\t\t\t<\/div>\n\t\t\t\t<\/div>\n\t\t\t\t\t<\/div>\n\t\t<\/div>\n\t\t\t\t\t<\/div>\n\t\t<\/section>\n\t\t\t\t<section class=\"elementor-section elementor-top-section elementor-element elementor-element-70abb33 elementor-section-boxed elementor-section-height-default elementor-section-height-default\" data-id=\"70abb33\" data-element_type=\"section\">\n\t\t\t\t\t\t<div class=\"elementor-container elementor-column-gap-default\">\n\t\t\t\t\t<div class=\"elementor-column elementor-col-100 elementor-top-column elementor-element elementor-element-8ac658c\" data-id=\"8ac658c\" data-element_type=\"column\">\n\t\t\t<div class=\"elementor-widget-wrap elementor-element-populated\">\n\t\t\t\t\t\t<div class=\"elementor-element elementor-element-8f311ce elementor-widget elementor-widget-text-editor\" data-id=\"8f311ce\" data-element_type=\"widget\" data-widget_type=\"text-editor.default\">\n\t\t\t\t<div class=\"elementor-widget-container\">\n\t\t\t\t\t\t\t\t\t<div class=\"wp-block-image\">Vous pourrez faire le choix de commencer votre p\u00e9riple \u00e0 travers les Gorges du Verdon en empruntant la rive droite, qui oscille de\u00a0<a href=\"https:\/\/www.wedrivit.com\/rechercher?city=Castellane\" target=\"_blank\" rel=\"noopener\">Castellane<\/a>\u00a0\u00e0 la commune de Moustiers-Sainte-Marie. Rendez-vous donc \u00e0 Castellane, pour longer le Verdon sur 12 kilom\u00e8tres, en prenant la direction de Rougon sur la RD 952. Lorsque vous arriverez au Pont de Soleils. Vous devrez suivre la direction de La Palud-sur-Verdon, jusqu\u2019\u00e0 atteindre le Pont Sublime.<\/div>\n<p>Le Pont Sublime est le premier lieu d\u2019o\u00f9 vous pourrez profiter d\u2019un point de vue sublime sur le canyon. Vous y trouverez un belv\u00e9d\u00e8re, flanqu\u00e9 en haut de la falaise. Qui vous permet de profiter d\u2019une vue imprenable sur les gorges et l\u2019eau turquoise du Verdon.\u00a0<\/p>\n<p>A la suite de cette premi\u00e8re d\u00e9couverte, vous pourrez emprunter la c\u00e9l\u00e8bre Route des Cr\u00eates, un incontournable lorsque l\u2019on d\u00e9couvre les Gorges du Verdon en voiture. Cet itin\u00e9raire est long de 23 kilom\u00e8tres. Et il vous permettra de profiter de la vue de nombreux belv\u00e9d\u00e8res, perch\u00e9s au plus haut des falaises des Gorges du Verdon. Poursuivez votre route jusqu\u2019au village de La Palud-sur-Verdon. Que vous pourrez visiter \u00e0 pied, et retrouvez la D952 en choisissant la direction de Moustiers-Sainte-Marie.<\/p>\t\t\t\t\t\t\t\t<\/div>\n\t\t\t\t<\/div>\n\t\t\t\t\t<\/div>\n\t\t<\/div>\n\t\t\t\t\t<\/div>\n\t\t<\/section>\n\t\t\t\t<section class=\"elementor-section elementor-top-section elementor-element elementor-element-db97baf elementor-section-boxed elementor-section-height-default elementor-section-height-default\" data-id=\"db97baf\" data-element_type=\"section\">\n\t\t\t\t\t\t<div class=\"elementor-container elementor-column-gap-default\">\n\t\t\t\t\t<div class=\"elementor-column elementor-col-100 elementor-top-column elementor-element elementor-element-25a41f8\" data-id=\"25a41f8\" data-element_type=\"column\">\n\t\t\t<div class=\"elementor-widget-wrap elementor-element-populated\">\n\t\t\t\t\t\t<div class=\"elementor-element elementor-element-52cfb35 elementor-widget elementor-widget-heading\" data-id=\"52cfb35\" data-element_type=\"widget\" data-widget_type=\"heading.default\">\n\t\t\t\t<div class=\"elementor-widget-container\">\n\t\t\t\t\t<h2 class=\"elementor-heading-title elementor-size-default\">En continuant sur la rive droite<\/h2>\t\t\t\t<\/div>\n\t\t\t\t<\/div>\n\t\t\t\t\t<\/div>\n\t\t<\/div>\n\t\t\t\t\t<\/div>\n\t\t<\/section>\n\t\t\t\t<section class=\"elementor-section elementor-top-section elementor-element elementor-element-488d1f8 elementor-section-boxed elementor-section-height-default elementor-section-height-default\" data-id=\"488d1f8\" data-element_type=\"section\">\n\t\t\t\t\t\t<div class=\"elementor-container elementor-column-gap-default\">\n\t\t\t\t\t<div class=\"elementor-column elementor-col-100 elementor-top-column elementor-element elementor-element-06af7ec\" data-id=\"06af7ec\" data-element_type=\"column\">\n\t\t\t<div class=\"elementor-widget-wrap elementor-element-populated\">\n\t\t\t\t\t\t<div class=\"elementor-element elementor-element-71c6da7 elementor-widget elementor-widget-text-editor\" data-id=\"71c6da7\" data-element_type=\"widget\" data-widget_type=\"text-editor.default\">\n\t\t\t\t<div class=\"elementor-widget-container\">\n\t\t\t\t\t\t\t\t\t<p><!-- \/wp:paragraph --><\/p>\n<p><!-- wp:image {\"align\":\"center\",\"id\":4325,\"sizeSlug\":\"large\",\"linkDestination\":\"none\"} --><\/p>\n<p><span style=\"color: #000000;\"><!-- \/wp:paragraph --><\/span><\/p>\n<p><span style=\"color: #000000;\"><!-- wp:paragraph --><\/span><\/p>\n<p><span style=\"color: #000000;\">Sur votre route, apr\u00e8s avoir arpent\u00e9 la colle de l\u2019Olivier, vous pourrez voir appara\u00eetre le lac de Sainte-Croix. Arr\u00eatez-vous quelques minutes le temps de profiter du panorama de ce lac mythique du Verdon ! En reprenant le volant de votre voiture ancienne, vous pourrez reprendre la route touristique jusqu\u2019au village de Moustiers-Sainte-Marie. Connu comme \u00e9tant l\u2019un des plus beaux villages de France.\u00a0<\/span><\/p>\n<p><span style=\"color: #000000;\"><!-- \/wp:paragraph --><\/span><\/p>\n<p><span style=\"color: #000000;\"><!-- wp:paragraph --><\/span><\/p>\n<p><span style=\"color: #000000;\">Enfin, la suite de votre parcours vous m\u00e8nera jusqu\u2019au pont de Galetas, haut lieu des Gorges du Verdon. Il vous offre une vue \u00e0 couper le souffle sur le canyon et le lac de Sainte-Croix. Cela pourrait vous donner envie de laisser votre voiture de c\u00f4t\u00e9 le temps de d\u00e9couvrir les Gorges du Verdon en cano\u00eb !<\/span><\/p>\t\t\t\t\t\t\t\t<\/div>\n\t\t\t\t<\/div>\n\t\t\t\t\t<\/div>\n\t\t<\/div>\n\t\t\t\t\t<\/div>\n\t\t<\/section>\n\t\t\t\t<section class=\"elementor-section elementor-top-section elementor-element elementor-element-fb3e40a elementor-section-boxed elementor-section-height-default elementor-section-height-default\" data-id=\"fb3e40a\" data-element_type=\"section\">\n\t\t\t\t\t\t<div class=\"elementor-container elementor-column-gap-default\">\n\t\t\t\t\t<div class=\"elementor-column elementor-col-100 elementor-top-column elementor-element elementor-element-7296618\" data-id=\"7296618\" data-element_type=\"column\">\n\t\t\t<div class=\"elementor-widget-wrap elementor-element-populated\">\n\t\t\t\t\t\t<div class=\"elementor-element elementor-element-df298aa elementor-widget elementor-widget-image\" data-id=\"df298aa\" data-element_type=\"widget\" data-widget_type=\"image.default\">\n\t\t\t\t<div class=\"elementor-widget-container\">\n\t\t\t\t\t\t\t\t\t\t\t\t\t\t\t<img decoding=\"async\" width=\"838\" height=\"555\" src=\"https:\/\/www.wedrivit.com\/blog\/wp-content\/uploads\/2021\/09\/lac-de-Sainte-croix-en-voiture-ancienne.png\" class=\"attachment-large size-large wp-image-4324\" alt=\"Lac de Sainte croix\" \/>\t\t\t\t\t\t\t\t\t\t\t\t\t\t\t<\/div>\n\t\t\t\t<\/div>\n\t\t\t\t\t<\/div>\n\t\t<\/div>\n\t\t\t\t\t<\/div>\n\t\t<\/section>\n\t\t\t\t<section class=\"elementor-section elementor-top-section elementor-element elementor-element-457bf7e elementor-section-boxed elementor-section-height-default elementor-section-height-default\" data-id=\"457bf7e\" data-element_type=\"section\">\n\t\t\t\t\t\t<div class=\"elementor-container elementor-column-gap-default\">\n\t\t\t\t\t<div class=\"elementor-column elementor-col-100 elementor-top-column elementor-element elementor-element-d0977a5\" data-id=\"d0977a5\" data-element_type=\"column\">\n\t\t\t<div class=\"elementor-widget-wrap elementor-element-populated\">\n\t\t\t\t\t\t<div class=\"elementor-element elementor-element-a8fe647 elementor-widget elementor-widget-heading\" data-id=\"a8fe647\" data-element_type=\"widget\" data-widget_type=\"heading.default\">\n\t\t\t\t<div class=\"elementor-widget-container\">\n\t\t\t\t\t<h2 class=\"elementor-heading-title elementor-size-default\">La rive gauche du grand canyon<\/h2>\t\t\t\t<\/div>\n\t\t\t\t<\/div>\n\t\t\t\t\t<\/div>\n\t\t<\/div>\n\t\t\t\t\t<\/div>\n\t\t<\/section>\n\t\t\t\t<section class=\"elementor-section elementor-top-section elementor-element elementor-element-6b122f8 elementor-section-boxed elementor-section-height-default elementor-section-height-default\" data-id=\"6b122f8\" data-element_type=\"section\">\n\t\t\t\t\t\t<div class=\"elementor-container elementor-column-gap-default\">\n\t\t\t\t\t<div class=\"elementor-column elementor-col-100 elementor-top-column elementor-element elementor-element-5ee8c06\" data-id=\"5ee8c06\" data-element_type=\"column\">\n\t\t\t<div class=\"elementor-widget-wrap elementor-element-populated\">\n\t\t\t\t\t\t<div class=\"elementor-element elementor-element-91cb694 elementor-widget elementor-widget-text-editor\" data-id=\"91cb694\" data-element_type=\"widget\" data-widget_type=\"text-editor.default\">\n\t\t\t\t<div class=\"elementor-widget-container\">\n\t\t\t\t\t\t\t\t\t<p><span style=\"color: #000000;\">Apr\u00e8s \u00eatre arriv\u00e9 au bout de l\u2019itin\u00e9raire de la rive droite. Vous pourrez d\u00e9couvrir la rive gauche du canyon, qui vous emm\u00e8ne du village d\u2019Aiguines \u00e0 <a href=\"https:\/\/www.wedrivit.com\/rechercher?city=Trigance\" target=\"_blank\" rel=\"noopener\">Trigance<\/a>. Cet itin\u00e9raire est plus sauvage que le pr\u00e9c\u00e9dent, et il vous permettra \u00e0 son tour de profiter de somptueux points de vue sur le canyon.<\/span><\/p>\n<p><span style=\"color: #000000;\">Pour commencer votre p\u00e9riple, partez du village d\u2019Aiguines pour atteindre le col d\u2019Illoire, qui se situe \u00e0 967 m\u00e8tres d\u2019altitude. O\u00f9 vous trouverez un belv\u00e9d\u00e8re \u00e0 la vue saisissante. Vous en avez pris plein les yeux ? Vous pouvez poursuivre votre chemin. En longeant le camp militaire de Canjuers, sur la route de la Corniche Sublime. Jusqu\u2019\u00e0 vous mener vers le Pont de l&rsquo;Artuby. Un endroit id\u00e9al si vous souhaitez pratiquer le saut \u00e0 l\u2019\u00e9lastique.<\/span><\/p>\n<p><span style=\"color: #000000;\">Enfin, la d\u00e9couverte des Gorges du Verdon se poursuit par les balcons de la Mescla. Avant de retrouver le village de Trigance. Rien ne vous emp\u00eache de profiter maintenant des paysages \u00e0 pied. En faisant le choix d\u2019une randonn\u00e9e dans les Gorges du Verdon, ou en optant pour la pratique du canyoning sur le Verdon ! Et vous, quelle sera votre prochaine destination en voiture de collection ?<\/span><\/p>\t\t\t\t\t\t\t\t<\/div>\n\t\t\t\t<\/div>\n\t\t\t\t\t<\/div>\n\t\t<\/div>\n\t\t\t\t\t<\/div>\n\t\t<\/section>\n\t\t\t\t<section class=\"elementor-section elementor-top-section elementor-element elementor-element-b7ea7d4 elementor-section-boxed elementor-section-height-default elementor-section-height-default\" data-id=\"b7ea7d4\" data-element_type=\"section\">\n\t\t\t\t\t\t<div class=\"elementor-container elementor-column-gap-default\">\n\t\t\t\t\t<div class=\"elementor-column elementor-col-100 elementor-top-column elementor-element elementor-element-67992a4\" data-id=\"67992a4\" data-element_type=\"column\">\n\t\t\t<div class=\"elementor-widget-wrap elementor-element-populated\">\n\t\t\t\t\t\t<div class=\"elementor-element elementor-element-510f150 elementor-widget elementor-widget-text-editor\" data-id=\"510f150\" data-element_type=\"widget\" data-widget_type=\"text-editor.default\">\n\t\t\t\t<div class=\"elementor-widget-container\">\n\t\t\t\t\t\t\t\t\t<p><span style=\"color: #000000;\">Vous aimerez aussi :<\/span><\/p>\n<blockquote>\n<p><a href=\"https:\/\/www.wedrivit.com\/blog\/voiture\/collection\/une-balade-historique-en-ancienne-le-long-de-la-manche\/\">Balade en ancienne le long de la Manche<\/a><\/p>\n<p><a href=\"https:\/\/www.wedrivit.com\/blog\/voiture\/collection\/sur-les-routes-de-provence-en-voiture-de-collection\/\">Sur les routes de Provence<\/a><\/p>\n<\/blockquote>\t\t\t\t\t\t\t\t<\/div>\n\t\t\t\t<\/div>\n\t\t\t\t\t<\/div>\n\t\t<\/div>\n\t\t\t\t\t<\/div>\n\t\t<\/section>\n\t\t\t\t<section class=\"elementor-section elementor-top-section elementor-element elementor-element-c54dad8 elementor-section-boxed elementor-section-height-default elementor-section-height-default\" data-id=\"c54dad8\" data-element_type=\"section\">\n\t\t\t\t\t\t<div class=\"elementor-container elementor-column-gap-default\">\n\t\t\t\t\t<div class=\"elementor-column elementor-col-100 elementor-top-column elementor-element elementor-element-378b788\" data-id=\"378b788\" data-element_type=\"column\">\n\t\t\t<div class=\"elementor-widget-wrap elementor-element-populated\">\n\t\t\t\t\t\t<div class=\"elementor-element elementor-element-5d8c915 elementor-align-center elementor-widget elementor-widget-button\" data-id=\"5d8c915\" data-element_type=\"widget\" data-widget_type=\"button.default\">\n\t\t\t\t<div class=\"elementor-widget-container\">\n\t\t\t\t\t\t\t\t\t<div class=\"elementor-button-wrapper\">\n\t\t\t\t\t<a class=\"elementor-button elementor-button-link elementor-size-sm\" href=\"https:\/\/www.wedrivit.com\/rechercher?city=Gorges\" target=\"_blank\">\n\t\t\t\t\t\t<span class=\"elementor-button-content-wrapper\">\n\t\t\t\t\t\t\t\t\t<span class=\"elementor-button-text\">Louer une voiture aux Gorges du Verdon<\/span>\n\t\t\t\t\t<\/span>\n\t\t\t\t\t<\/a>\n\t\t\t\t<\/div>\n\t\t\t\t\t\t\t\t<\/div>\n\t\t\t\t<\/div>\n\t\t\t\t\t<\/div>\n\t\t<\/div>\n\t\t\t\t\t<\/div>\n\t\t<\/section>\n\t\t\t\t<\/div>\n\t\t","protected":false},"excerpt":{"rendered":"<p>Aujourd\u2019hui, nous vous proposons de partir \u00e0 la d\u00e9couverte des Gorges du Verdon, un endroit unique pour un bol d\u2019air frais au plein c\u0153ur de la nature. <\/p>\n","protected":false},"author":12,"featured_media":4324,"comment_status":"open","ping_status":"open","sticky":false,"template":"","format":"standard","meta":{"footnotes":""},"categories":[7],"tags":[],"class_list":["post-4323","post","type-post","status-publish","format-standard","has-post-thumbnail","hentry","category-voyage"],"yoast_head":"<!-- This site is optimized with the Yoast SEO plugin v26.9 - https:\/\/yoast.com\/product\/yoast-seo-wordpress\/ -->\n<title>Un bol d\u2019air frais dans les Gorges du Verdon en voiture de collection\u200b - Le blog des voitures de collection par Wedrivit<\/title>\n<meta name=\"description\" content=\"Aujourd\u2019hui, nous vous proposons de partir \u00e0 la d\u00e9couverte des Gorges du Verdon en louant une voiture de collection au programme : nature et bol d&#039;air frais\" \/>\n<meta name=\"robots\" content=\"index, follow, max-snippet:-1, max-image-preview:large, max-video-preview:-1\" \/>\n<link rel=\"canonical\" href=\"https:\/\/www.wedrivit.com\/blog\/voiture\/collection\/les-gorges-du-verdon-en-voiture-de-collection\" \/>\n<meta property=\"og:locale\" content=\"fr_FR\" \/>\n<meta property=\"og:type\" content=\"article\" \/>\n<meta property=\"og:title\" content=\"Un bol d\u2019air frais dans les Gorges du Verdon en voiture de collection\u200b - Le blog des voitures de collection par Wedrivit\" \/>\n<meta property=\"og:description\" content=\"Aujourd\u2019hui, nous vous proposons de partir \u00e0 la d\u00e9couverte des Gorges du Verdon en louant une voiture de collection au programme : nature et bol d&#039;air frais\" \/>\n<meta property=\"og:url\" content=\"https:\/\/www.wedrivit.com\/blog\/voiture\/collection\/les-gorges-du-verdon-en-voiture-de-collection\" \/>\n<meta property=\"og:site_name\" content=\"Le blog des voitures de collection par Wedrivit\" \/>\n<meta property=\"article:published_time\" content=\"2021-09-12T21:00:00+00:00\" \/>\n<meta property=\"article:modified_time\" content=\"2022-12-08T14:27:30+00:00\" \/>\n<meta property=\"og:image\" content=\"https:\/\/www.wedrivit.com\/blog\/wp-content\/uploads\/2021\/09\/lac-de-Sainte-croix-en-voiture-ancienne.png\" \/>\n\t<meta property=\"og:image:width\" content=\"838\" \/>\n\t<meta property=\"og:image:height\" content=\"555\" \/>\n\t<meta property=\"og:image:type\" content=\"image\/png\" \/>\n<meta name=\"author\" content=\"Sarah Laporte\" \/>\n<meta name=\"twitter:card\" content=\"summary_large_image\" \/>\n<meta name=\"twitter:label1\" content=\"\u00c9crit par\" \/>\n\t<meta name=\"twitter:data1\" content=\"Sarah Laporte\" \/>\n\t<meta name=\"twitter:label2\" content=\"Dur\u00e9e de lecture estim\u00e9e\" \/>\n\t<meta name=\"twitter:data2\" content=\"4 minutes\" \/>\n<script type=\"application\/ld+json\" class=\"yoast-schema-graph\">{\"@context\":\"https:\/\/schema.org\",\"@graph\":[{\"@type\":\"Article\",\"@id\":\"https:\/\/www.wedrivit.com\/blog\/voiture\/collection\/les-gorges-du-verdon-en-voiture-de-collection#article\",\"isPartOf\":{\"@id\":\"https:\/\/www.wedrivit.com\/blog\/voiture\/collection\/les-gorges-du-verdon-en-voiture-de-collection\"},\"author\":{\"name\":\"Sarah Laporte\",\"@id\":\"https:\/\/www.wedrivit.com\/blog\/#\/schema\/person\/cb502f9aecb13007b7df0e01c777c321\"},\"headline\":\"Un bol d\u2019air frais dans les Gorges du Verdon en voiture de collection\u200b\",\"datePublished\":\"2021-09-12T21:00:00+00:00\",\"dateModified\":\"2022-12-08T14:27:30+00:00\",\"mainEntityOfPage\":{\"@id\":\"https:\/\/www.wedrivit.com\/blog\/voiture\/collection\/les-gorges-du-verdon-en-voiture-de-collection\"},\"wordCount\":897,\"commentCount\":2,\"publisher\":{\"@id\":\"https:\/\/www.wedrivit.com\/blog\/#organization\"},\"image\":{\"@id\":\"https:\/\/www.wedrivit.com\/blog\/voiture\/collection\/les-gorges-du-verdon-en-voiture-de-collection#primaryimage\"},\"thumbnailUrl\":\"https:\/\/www.wedrivit.com\/blog\/wp-content\/uploads\/2021\/09\/lac-de-Sainte-croix-en-voiture-ancienne.png\",\"articleSection\":[\"Voyages\"],\"inLanguage\":\"fr-FR\",\"potentialAction\":[{\"@type\":\"CommentAction\",\"name\":\"Comment\",\"target\":[\"https:\/\/www.wedrivit.com\/blog\/voiture\/collection\/les-gorges-du-verdon-en-voiture-de-collection#respond\"]}]},{\"@type\":\"WebPage\",\"@id\":\"https:\/\/www.wedrivit.com\/blog\/voiture\/collection\/les-gorges-du-verdon-en-voiture-de-collection\",\"url\":\"https:\/\/www.wedrivit.com\/blog\/voiture\/collection\/les-gorges-du-verdon-en-voiture-de-collection\",\"name\":\"Un bol d\u2019air frais dans les Gorges du Verdon en voiture de collection\u200b - Le blog des voitures de collection par Wedrivit\",\"isPartOf\":{\"@id\":\"https:\/\/www.wedrivit.com\/blog\/#website\"},\"primaryImageOfPage\":{\"@id\":\"https:\/\/www.wedrivit.com\/blog\/voiture\/collection\/les-gorges-du-verdon-en-voiture-de-collection#primaryimage\"},\"image\":{\"@id\":\"https:\/\/www.wedrivit.com\/blog\/voiture\/collection\/les-gorges-du-verdon-en-voiture-de-collection#primaryimage\"},\"thumbnailUrl\":\"https:\/\/www.wedrivit.com\/blog\/wp-content\/uploads\/2021\/09\/lac-de-Sainte-croix-en-voiture-ancienne.png\",\"datePublished\":\"2021-09-12T21:00:00+00:00\",\"dateModified\":\"2022-12-08T14:27:30+00:00\",\"description\":\"Aujourd\u2019hui, nous vous proposons de partir \u00e0 la d\u00e9couverte des Gorges du Verdon en louant une voiture de collection au programme : nature et bol d'air frais\",\"breadcrumb\":{\"@id\":\"https:\/\/www.wedrivit.com\/blog\/voiture\/collection\/les-gorges-du-verdon-en-voiture-de-collection#breadcrumb\"},\"inLanguage\":\"fr-FR\",\"potentialAction\":[{\"@type\":\"ReadAction\",\"target\":[\"https:\/\/www.wedrivit.com\/blog\/voiture\/collection\/les-gorges-du-verdon-en-voiture-de-collection\"]}]},{\"@type\":\"ImageObject\",\"inLanguage\":\"fr-FR\",\"@id\":\"https:\/\/www.wedrivit.com\/blog\/voiture\/collection\/les-gorges-du-verdon-en-voiture-de-collection#primaryimage\",\"url\":\"https:\/\/www.wedrivit.com\/blog\/wp-content\/uploads\/2021\/09\/lac-de-Sainte-croix-en-voiture-ancienne.png\",\"contentUrl\":\"https:\/\/www.wedrivit.com\/blog\/wp-content\/uploads\/2021\/09\/lac-de-Sainte-croix-en-voiture-ancienne.png\",\"width\":838,\"height\":555,\"caption\":\"Magnifique lac de Sainte-Croix dans les Gorges du Verdon \u00e0 faire en voiture de collection\"},{\"@type\":\"BreadcrumbList\",\"@id\":\"https:\/\/www.wedrivit.com\/blog\/voiture\/collection\/les-gorges-du-verdon-en-voiture-de-collection#breadcrumb\",\"itemListElement\":[{\"@type\":\"ListItem\",\"position\":1,\"name\":\"Home\",\"item\":\"https:\/\/www.wedrivit.com\/blog\/\"},{\"@type\":\"ListItem\",\"position\":2,\"name\":\"Un bol d\u2019air frais dans les Gorges du Verdon en voiture de collection\u200b\"}]},{\"@type\":\"WebSite\",\"@id\":\"https:\/\/www.wedrivit.com\/blog\/#website\",\"url\":\"https:\/\/www.wedrivit.com\/blog\/\",\"name\":\"Le blog des voitures de collection par Wedrivit\",\"description\":\"Tout savoir sur les voitures anciennes grace \u00e0 Wedrivit, la plateforme de location de voitures anciennes entre particuliers.\",\"publisher\":{\"@id\":\"https:\/\/www.wedrivit.com\/blog\/#organization\"},\"potentialAction\":[{\"@type\":\"SearchAction\",\"target\":{\"@type\":\"EntryPoint\",\"urlTemplate\":\"https:\/\/www.wedrivit.com\/blog\/?s={search_term_string}\"},\"query-input\":{\"@type\":\"PropertyValueSpecification\",\"valueRequired\":true,\"valueName\":\"search_term_string\"}}],\"inLanguage\":\"fr-FR\"},{\"@type\":\"Organization\",\"@id\":\"https:\/\/www.wedrivit.com\/blog\/#organization\",\"name\":\"Le blog des voitures de collection par Wedrivit\",\"url\":\"https:\/\/www.wedrivit.com\/blog\/\",\"logo\":{\"@type\":\"ImageObject\",\"inLanguage\":\"fr-FR\",\"@id\":\"https:\/\/www.wedrivit.com\/blog\/#\/schema\/logo\/image\/\",\"url\":\"https:\/\/www.wedrivit.com\/blog\/wp-content\/uploads\/2024\/12\/wedrivit-blanc-large-2.png\",\"contentUrl\":\"https:\/\/www.wedrivit.com\/blog\/wp-content\/uploads\/2024\/12\/wedrivit-blanc-large-2.png\",\"caption\":\"Le blog des voitures de collection par Wedrivit\"},\"image\":{\"@id\":\"https:\/\/www.wedrivit.com\/blog\/#\/schema\/logo\/image\/\"}},{\"@type\":\"Person\",\"@id\":\"https:\/\/www.wedrivit.com\/blog\/#\/schema\/person\/cb502f9aecb13007b7df0e01c777c321\",\"name\":\"Sarah Laporte\",\"image\":{\"@type\":\"ImageObject\",\"inLanguage\":\"fr-FR\",\"@id\":\"https:\/\/www.wedrivit.com\/blog\/#\/schema\/person\/image\/\",\"url\":\"https:\/\/secure.gravatar.com\/avatar\/9b7845ad9a7e1ada8b33df651e2d4b8360bbd71b6eb2591444bcacb45eaf7d25?s=96&d=mm&r=g\",\"contentUrl\":\"https:\/\/secure.gravatar.com\/avatar\/9b7845ad9a7e1ada8b33df651e2d4b8360bbd71b6eb2591444bcacb45eaf7d25?s=96&d=mm&r=g\",\"caption\":\"Sarah Laporte\"},\"sameAs\":[\"https:\/\/www.wedrivit.com\/\",\"sverre.hubi@hotmail.fr\"],\"url\":\"https:\/\/www.wedrivit.com\/blog\/voiture\/collection\/author\/sarah\"}]}<\/script>\n<!-- \/ Yoast SEO plugin. -->","yoast_head_json":{"title":"Un bol d\u2019air frais dans les Gorges du Verdon en voiture de collection\u200b - Le blog des voitures de collection par Wedrivit","description":"Aujourd\u2019hui, nous vous proposons de partir \u00e0 la d\u00e9couverte des Gorges du Verdon en louant une voiture de collection au programme : nature et bol d'air frais","robots":{"index":"index","follow":"follow","max-snippet":"max-snippet:-1","max-image-preview":"max-image-preview:large","max-video-preview":"max-video-preview:-1"},"canonical":"https:\/\/www.wedrivit.com\/blog\/voiture\/collection\/les-gorges-du-verdon-en-voiture-de-collection","og_locale":"fr_FR","og_type":"article","og_title":"Un bol d\u2019air frais dans les Gorges du Verdon en voiture de collection\u200b - Le blog des voitures de collection par Wedrivit","og_description":"Aujourd\u2019hui, nous vous proposons de partir \u00e0 la d\u00e9couverte des Gorges du Verdon en louant une voiture de collection au programme : nature et bol d'air frais","og_url":"https:\/\/www.wedrivit.com\/blog\/voiture\/collection\/les-gorges-du-verdon-en-voiture-de-collection","og_site_name":"Le blog des voitures de collection par Wedrivit","article_published_time":"2021-09-12T21:00:00+00:00","article_modified_time":"2022-12-08T14:27:30+00:00","og_image":[{"width":838,"height":555,"url":"https:\/\/www.wedrivit.com\/blog\/wp-content\/uploads\/2021\/09\/lac-de-Sainte-croix-en-voiture-ancienne.png","type":"image\/png"}],"author":"Sarah Laporte","twitter_card":"summary_large_image","twitter_misc":{"\u00c9crit par":"Sarah Laporte","Dur\u00e9e de lecture estim\u00e9e":"4 minutes"},"schema":{"@context":"https:\/\/schema.org","@graph":[{"@type":"Article","@id":"https:\/\/www.wedrivit.com\/blog\/voiture\/collection\/les-gorges-du-verdon-en-voiture-de-collection#article","isPartOf":{"@id":"https:\/\/www.wedrivit.com\/blog\/voiture\/collection\/les-gorges-du-verdon-en-voiture-de-collection"},"author":{"name":"Sarah Laporte","@id":"https:\/\/www.wedrivit.com\/blog\/#\/schema\/person\/cb502f9aecb13007b7df0e01c777c321"},"headline":"Un bol d\u2019air frais dans les Gorges du Verdon en voiture de collection\u200b","datePublished":"2021-09-12T21:00:00+00:00","dateModified":"2022-12-08T14:27:30+00:00","mainEntityOfPage":{"@id":"https:\/\/www.wedrivit.com\/blog\/voiture\/collection\/les-gorges-du-verdon-en-voiture-de-collection"},"wordCount":897,"commentCount":2,"publisher":{"@id":"https:\/\/www.wedrivit.com\/blog\/#organization"},"image":{"@id":"https:\/\/www.wedrivit.com\/blog\/voiture\/collection\/les-gorges-du-verdon-en-voiture-de-collection#primaryimage"},"thumbnailUrl":"https:\/\/www.wedrivit.com\/blog\/wp-content\/uploads\/2021\/09\/lac-de-Sainte-croix-en-voiture-ancienne.png","articleSection":["Voyages"],"inLanguage":"fr-FR","potentialAction":[{"@type":"CommentAction","name":"Comment","target":["https:\/\/www.wedrivit.com\/blog\/voiture\/collection\/les-gorges-du-verdon-en-voiture-de-collection#respond"]}]},{"@type":"WebPage","@id":"https:\/\/www.wedrivit.com\/blog\/voiture\/collection\/les-gorges-du-verdon-en-voiture-de-collection","url":"https:\/\/www.wedrivit.com\/blog\/voiture\/collection\/les-gorges-du-verdon-en-voiture-de-collection","name":"Un bol d\u2019air frais dans les Gorges du Verdon en voiture de collection\u200b - Le blog des voitures de collection par Wedrivit","isPartOf":{"@id":"https:\/\/www.wedrivit.com\/blog\/#website"},"primaryImageOfPage":{"@id":"https:\/\/www.wedrivit.com\/blog\/voiture\/collection\/les-gorges-du-verdon-en-voiture-de-collection#primaryimage"},"image":{"@id":"https:\/\/www.wedrivit.com\/blog\/voiture\/collection\/les-gorges-du-verdon-en-voiture-de-collection#primaryimage"},"thumbnailUrl":"https:\/\/www.wedrivit.com\/blog\/wp-content\/uploads\/2021\/09\/lac-de-Sainte-croix-en-voiture-ancienne.png","datePublished":"2021-09-12T21:00:00+00:00","dateModified":"2022-12-08T14:27:30+00:00","description":"Aujourd\u2019hui, nous vous proposons de partir \u00e0 la d\u00e9couverte des Gorges du Verdon en louant une voiture de collection au programme : nature et bol d'air frais","breadcrumb":{"@id":"https:\/\/www.wedrivit.com\/blog\/voiture\/collection\/les-gorges-du-verdon-en-voiture-de-collection#breadcrumb"},"inLanguage":"fr-FR","potentialAction":[{"@type":"ReadAction","target":["https:\/\/www.wedrivit.com\/blog\/voiture\/collection\/les-gorges-du-verdon-en-voiture-de-collection"]}]},{"@type":"ImageObject","inLanguage":"fr-FR","@id":"https:\/\/www.wedrivit.com\/blog\/voiture\/collection\/les-gorges-du-verdon-en-voiture-de-collection#primaryimage","url":"https:\/\/www.wedrivit.com\/blog\/wp-content\/uploads\/2021\/09\/lac-de-Sainte-croix-en-voiture-ancienne.png","contentUrl":"https:\/\/www.wedrivit.com\/blog\/wp-content\/uploads\/2021\/09\/lac-de-Sainte-croix-en-voiture-ancienne.png","width":838,"height":555,"caption":"Magnifique lac de Sainte-Croix dans les Gorges du Verdon \u00e0 faire en voiture de collection"},{"@type":"BreadcrumbList","@id":"https:\/\/www.wedrivit.com\/blog\/voiture\/collection\/les-gorges-du-verdon-en-voiture-de-collection#breadcrumb","itemListElement":[{"@type":"ListItem","position":1,"name":"Home","item":"https:\/\/www.wedrivit.com\/blog\/"},{"@type":"ListItem","position":2,"name":"Un bol d\u2019air frais dans les Gorges du Verdon en voiture de collection\u200b"}]},{"@type":"WebSite","@id":"https:\/\/www.wedrivit.com\/blog\/#website","url":"https:\/\/www.wedrivit.com\/blog\/","name":"Le blog des voitures de collection par Wedrivit","description":"Tout savoir sur les voitures anciennes grace \u00e0 Wedrivit, la plateforme de location de voitures anciennes entre particuliers.","publisher":{"@id":"https:\/\/www.wedrivit.com\/blog\/#organization"},"potentialAction":[{"@type":"SearchAction","target":{"@type":"EntryPoint","urlTemplate":"https:\/\/www.wedrivit.com\/blog\/?s={search_term_string}"},"query-input":{"@type":"PropertyValueSpecification","valueRequired":true,"valueName":"search_term_string"}}],"inLanguage":"fr-FR"},{"@type":"Organization","@id":"https:\/\/www.wedrivit.com\/blog\/#organization","name":"Le blog des voitures de collection par Wedrivit","url":"https:\/\/www.wedrivit.com\/blog\/","logo":{"@type":"ImageObject","inLanguage":"fr-FR","@id":"https:\/\/www.wedrivit.com\/blog\/#\/schema\/logo\/image\/","url":"https:\/\/www.wedrivit.com\/blog\/wp-content\/uploads\/2024\/12\/wedrivit-blanc-large-2.png","contentUrl":"https:\/\/www.wedrivit.com\/blog\/wp-content\/uploads\/2024\/12\/wedrivit-blanc-large-2.png","caption":"Le blog des voitures de collection par Wedrivit"},"image":{"@id":"https:\/\/www.wedrivit.com\/blog\/#\/schema\/logo\/image\/"}},{"@type":"Person","@id":"https:\/\/www.wedrivit.com\/blog\/#\/schema\/person\/cb502f9aecb13007b7df0e01c777c321","name":"Sarah Laporte","image":{"@type":"ImageObject","inLanguage":"fr-FR","@id":"https:\/\/www.wedrivit.com\/blog\/#\/schema\/person\/image\/","url":"https:\/\/secure.gravatar.com\/avatar\/9b7845ad9a7e1ada8b33df651e2d4b8360bbd71b6eb2591444bcacb45eaf7d25?s=96&d=mm&r=g","contentUrl":"https:\/\/secure.gravatar.com\/avatar\/9b7845ad9a7e1ada8b33df651e2d4b8360bbd71b6eb2591444bcacb45eaf7d25?s=96&d=mm&r=g","caption":"Sarah Laporte"},"sameAs":["https:\/\/www.wedrivit.com\/","sverre.hubi@hotmail.fr"],"url":"https:\/\/www.wedrivit.com\/blog\/voiture\/collection\/author\/sarah"}]}},"_links":{"self":[{"href":"https:\/\/www.wedrivit.com\/blog\/wp-json\/wp\/v2\/posts\/4323","targetHints":{"allow":["GET"]}}],"collection":[{"href":"https:\/\/www.wedrivit.com\/blog\/wp-json\/wp\/v2\/posts"}],"about":[{"href":"https:\/\/www.wedrivit.com\/blog\/wp-json\/wp\/v2\/types\/post"}],"author":[{"embeddable":true,"href":"https:\/\/www.wedrivit.com\/blog\/wp-json\/wp\/v2\/users\/12"}],"replies":[{"embeddable":true,"href":"https:\/\/www.wedrivit.com\/blog\/wp-json\/wp\/v2\/comments?post=4323"}],"version-history":[{"count":42,"href":"https:\/\/www.wedrivit.com\/blog\/wp-json\/wp\/v2\/posts\/4323\/revisions"}],"predecessor-version":[{"id":7274,"href":"https:\/\/www.wedrivit.com\/blog\/wp-json\/wp\/v2\/posts\/4323\/revisions\/7274"}],"wp:featuredmedia":[{"embeddable":true,"href":"https:\/\/www.wedrivit.com\/blog\/wp-json\/wp\/v2\/media\/4324"}],"wp:attachment":[{"href":"https:\/\/www.wedrivit.com\/blog\/wp-json\/wp\/v2\/media?parent=4323"}],"wp:term":[{"taxonomy":"category","embeddable":true,"href":"https:\/\/www.wedrivit.com\/blog\/wp-json\/wp\/v2\/categories?post=4323"},{"taxonomy":"post_tag","embeddable":true,"href":"https:\/\/www.wedrivit.com\/blog\/wp-json\/wp\/v2\/tags?post=4323"}],"curies":[{"name":"wp","href":"https:\/\/api.w.org\/{rel}","templated":true}]}}