{"id":4047,"date":"2021-08-04T15:00:00","date_gmt":"2021-08-04T13:00:00","guid":{"rendered":"https:\/\/www.wedrivit.com\/blog\/?p=4047"},"modified":"2022-12-12T15:35:44","modified_gmt":"2022-12-12T13:35:44","slug":"une-escapade-au-coeur-de-lile-de-beaute-en-voiture-de-collection","status":"publish","type":"post","link":"https:\/\/www.wedrivit.com\/blog\/voiture\/collection\/une-escapade-au-coeur-de-lile-de-beaute-en-voiture-de-collection","title":{"rendered":"Une escapade au c\u0153ur de la Corse en voiture de collection"},"content":{"rendered":"\t\t<div data-elementor-type=\"wp-post\" data-elementor-id=\"4047\" class=\"elementor elementor-4047\">\n\t\t\t\t\t\t<section class=\"elementor-section elementor-top-section elementor-element elementor-element-9b14881 elementor-section-boxed elementor-section-height-default elementor-section-height-default\" data-id=\"9b14881\" data-element_type=\"section\">\n\t\t\t\t\t\t<div class=\"elementor-container elementor-column-gap-default\">\n\t\t\t\t\t<div class=\"elementor-column elementor-col-100 elementor-top-column elementor-element elementor-element-78fc320\" data-id=\"78fc320\" data-element_type=\"column\">\n\t\t\t<div class=\"elementor-widget-wrap elementor-element-populated\">\n\t\t\t\t\t\t<div class=\"elementor-element elementor-element-7de10f3 elementor-widget elementor-widget-image\" data-id=\"7de10f3\" data-element_type=\"widget\" data-widget_type=\"image.default\">\n\t\t\t\t<div class=\"elementor-widget-container\">\n\t\t\t\t\t\t\t\t\t\t\t\t\t\t\t<img fetchpriority=\"high\" decoding=\"async\" width=\"1000\" height=\"601\" src=\"https:\/\/www.wedrivit.com\/blog\/wp-content\/uploads\/2021\/07\/Drapeau_Clker-fre-vertor-images.png\" class=\"attachment-large size-large wp-image-4081\" alt=\"Drapeau Corse\" \/>\t\t\t\t\t\t\t\t\t\t\t\t\t\t\t<\/div>\n\t\t\t\t<\/div>\n\t\t\t\t\t<\/div>\n\t\t<\/div>\n\t\t\t\t\t<\/div>\n\t\t<\/section>\n\t\t\t\t<section class=\"elementor-section elementor-top-section elementor-element elementor-element-619163e elementor-section-boxed elementor-section-height-default elementor-section-height-default\" data-id=\"619163e\" data-element_type=\"section\">\n\t\t\t\t\t\t<div class=\"elementor-container elementor-column-gap-default\">\n\t\t\t\t\t<div class=\"elementor-column elementor-col-100 elementor-top-column elementor-element elementor-element-95d0ce5\" data-id=\"95d0ce5\" data-element_type=\"column\">\n\t\t\t<div class=\"elementor-widget-wrap elementor-element-populated\">\n\t\t\t\t\t\t<div class=\"elementor-element elementor-element-fafcfc1 elementor-widget elementor-widget-text-editor\" data-id=\"fafcfc1\" data-element_type=\"widget\" data-widget_type=\"text-editor.default\">\n\t\t\t\t<div class=\"elementor-widget-container\">\n\t\t\t\t\t\t\t\t\t<p><span style=\"font-weight: 400; color: #000000;\">La <strong>Corse<\/strong> aussi connue sous le nom de l\u2019<strong>\u00eele de beaut\u00e9<\/strong> est une \u00eele fran\u00e7aise, se situant dans la mer M\u00e9diterran\u00e9e. Elle accueille chaque ann\u00e9e des millions de touristes venant du monde entier pour ses paysages magnifiques. Et ses eaux transparentes et sa culture typique.<\/span><\/p><p><span style=\"font-weight: 400; color: #000000;\">Petite histoire sur la <strong>Corse<\/strong>. La <strong>Corse<\/strong> a \u00e9t\u00e9 conquise par la France en 1769 lors de la bataille de Ponte-Novo. Avant cette bataille. La <strong>Corse<\/strong> a \u00e9t\u00e9 sous diff\u00e9rentes r\u00e9publiques italiennes et a m\u00eame \u00e9t\u00e9 ind\u00e9pendante pendant quelques ann\u00e9es sous le nom de royaume de <strong>Corse<\/strong>. C\u2019est pour cela que la <strong>Corse<\/strong> \u00e0 un lien fort encore avec l\u2019Italie et que la culture <strong>Corse<\/strong> est bien ancr\u00e9e dans leurs l\u2019ADN. En parlant de culture, les corses poss\u00e8dent leur propre langue appel\u00e9e le \u00ab corse \u00bb. C\u2019est un m\u00e9lange entre le latin et le toscan m\u00e9di\u00e9val qui s\u2019est modifi\u00e9 et qui a \u00e9volu\u00e9 au cours des si\u00e8cles. L\u2019Unesco a class\u00e9 cette langue comme \u00ab langue en voie de disparition \u00bb.<\/span><\/p><p><span style=\"font-weight: 400; color: #000000;\">Notre escapade sur l\u2019<strong>\u00eele de beaut\u00e9<\/strong> va commencer par la Haute-Corse avec Bastia. Qui est la pr\u00e9fecture de ce d\u00e9partement puis, nous irons en Corse-du-Sud.<\/span><\/p>\t\t\t\t\t\t\t\t<\/div>\n\t\t\t\t<\/div>\n\t\t\t\t\t<\/div>\n\t\t<\/div>\n\t\t\t\t\t<\/div>\n\t\t<\/section>\n\t\t\t\t<section class=\"elementor-section elementor-top-section elementor-element elementor-element-bcd736f elementor-section-boxed elementor-section-height-default elementor-section-height-default\" data-id=\"bcd736f\" data-element_type=\"section\">\n\t\t\t\t\t\t<div class=\"elementor-container elementor-column-gap-default\">\n\t\t\t\t\t<div class=\"elementor-column elementor-col-100 elementor-top-column elementor-element elementor-element-920547a\" data-id=\"920547a\" data-element_type=\"column\">\n\t\t\t<div class=\"elementor-widget-wrap elementor-element-populated\">\n\t\t\t\t\t\t<div class=\"elementor-element elementor-element-cc6da5c elementor-widget elementor-widget-heading\" data-id=\"cc6da5c\" data-element_type=\"widget\" data-widget_type=\"heading.default\">\n\t\t\t\t<div class=\"elementor-widget-container\">\n\t\t\t\t\t<h2 class=\"elementor-heading-title elementor-size-default\">La Haute-Corse en ancienne<\/h2>\t\t\t\t<\/div>\n\t\t\t\t<\/div>\n\t\t\t\t\t<\/div>\n\t\t<\/div>\n\t\t\t\t\t<\/div>\n\t\t<\/section>\n\t\t\t\t<section class=\"elementor-section elementor-top-section elementor-element elementor-element-0706ebc elementor-section-boxed elementor-section-height-default elementor-section-height-default\" data-id=\"0706ebc\" data-element_type=\"section\">\n\t\t\t\t\t\t<div class=\"elementor-container elementor-column-gap-default\">\n\t\t\t\t\t<div class=\"elementor-column elementor-col-33 elementor-top-column elementor-element elementor-element-28a332f\" data-id=\"28a332f\" data-element_type=\"column\">\n\t\t\t<div class=\"elementor-widget-wrap elementor-element-populated\">\n\t\t\t\t\t\t<div class=\"elementor-element elementor-element-130f856 elementor-widget elementor-widget-image\" data-id=\"130f856\" data-element_type=\"widget\" data-widget_type=\"image.default\">\n\t\t\t\t<div class=\"elementor-widget-container\">\n\t\t\t\t\t\t\t\t\t\t\t\t\t\t\t<img decoding=\"async\" width=\"1000\" height=\"750\" src=\"https:\/\/www.wedrivit.com\/blog\/wp-content\/uploads\/2021\/07\/Bastia-Fran.Wa_..jpg\" class=\"attachment-large size-large wp-image-4076\" alt=\"Bastia\" \/>\t\t\t\t\t\t\t\t\t\t\t\t\t\t\t<\/div>\n\t\t\t\t<\/div>\n\t\t\t\t\t<\/div>\n\t\t<\/div>\n\t\t\t\t<div class=\"elementor-column elementor-col-66 elementor-top-column elementor-element elementor-element-0a7f544\" data-id=\"0a7f544\" data-element_type=\"column\">\n\t\t\t<div class=\"elementor-widget-wrap elementor-element-populated\">\n\t\t\t\t\t\t<div class=\"elementor-element elementor-element-a910ed1 elementor-widget elementor-widget-text-editor\" data-id=\"a910ed1\" data-element_type=\"widget\" data-widget_type=\"text-editor.default\">\n\t\t\t\t<div class=\"elementor-widget-container\">\n\t\t\t\t\t\t\t\t\t<p><span style=\"color: #000000;\"><span style=\"font-weight: 400;\">Nous allons commencer notre escapade en <strong>Corse<\/strong> par la ville de <\/span><b>Bastia<\/b><\/span><span style=\"font-weight: 400;\"><span style=\"color: #000000;\"> qui est la ville d\u2019entr\u00e9e du Cap Corse. Au volant de votre <strong>ancienne<\/strong> ou \u00e0 pied. Vous allez pouvoir vous balader et fl\u00e2ner \u00e0 travers les ruelles de la ville et admirer ses belles fa\u00e7ades color\u00e9es. Pendant votre visite de la ville, vou<\/span>s allez pouvoir vous rendre au vieux port de Bastia. Le port de Bastia a conserv\u00e9 son style m\u00e9diterran\u00e9e \u00e0 l\u2019influence toscan au cours des si\u00e8cles. Vous remarquerez que les maisons sont toutes coll\u00e9es les unes aux autres. Et se surplombent entre elles pour donner un style d\u2019amphith\u00e9\u00e2tre. Vous pourrez faire une pause sur l\u2019une des terrasses du port et admirer la vue du vieux port avec sa citadelle.<\/span><\/p>\t\t\t\t\t\t\t\t<\/div>\n\t\t\t\t<\/div>\n\t\t\t\t\t<\/div>\n\t\t<\/div>\n\t\t\t\t\t<\/div>\n\t\t<\/section>\n\t\t\t\t<section class=\"elementor-section elementor-top-section elementor-element elementor-element-38e2b55 elementor-section-boxed elementor-section-height-default elementor-section-height-default\" data-id=\"38e2b55\" data-element_type=\"section\">\n\t\t\t\t\t\t<div class=\"elementor-container elementor-column-gap-default\">\n\t\t\t\t\t<div class=\"elementor-column elementor-col-100 elementor-top-column elementor-element elementor-element-2d0c759\" data-id=\"2d0c759\" data-element_type=\"column\">\n\t\t\t<div class=\"elementor-widget-wrap elementor-element-populated\">\n\t\t\t\t\t\t<div class=\"elementor-element elementor-element-bb94b95 elementor-widget elementor-widget-spacer\" data-id=\"bb94b95\" data-element_type=\"widget\" data-widget_type=\"spacer.default\">\n\t\t\t\t<div class=\"elementor-widget-container\">\n\t\t\t\t\t\t\t<div class=\"elementor-spacer\">\n\t\t\t<div class=\"elementor-spacer-inner\"><\/div>\n\t\t<\/div>\n\t\t\t\t\t\t<\/div>\n\t\t\t\t<\/div>\n\t\t\t\t\t<\/div>\n\t\t<\/div>\n\t\t\t\t\t<\/div>\n\t\t<\/section>\n\t\t\t\t<section class=\"elementor-section elementor-top-section elementor-element elementor-element-6ef315f elementor-section-boxed elementor-section-height-default elementor-section-height-default\" data-id=\"6ef315f\" data-element_type=\"section\">\n\t\t\t\t\t\t<div class=\"elementor-container elementor-column-gap-default\">\n\t\t\t\t\t<div class=\"elementor-column elementor-col-100 elementor-top-column elementor-element elementor-element-9c39449\" data-id=\"9c39449\" data-element_type=\"column\">\n\t\t\t<div class=\"elementor-widget-wrap elementor-element-populated\">\n\t\t\t\t\t\t<div class=\"elementor-element elementor-element-c0fd586 elementor-widget elementor-widget-heading\" data-id=\"c0fd586\" data-element_type=\"widget\" data-widget_type=\"heading.default\">\n\t\t\t\t<div class=\"elementor-widget-container\">\n\t\t\t\t\t<h3 class=\"elementor-heading-title elementor-size-default\">Le Cap Corse<\/h3>\t\t\t\t<\/div>\n\t\t\t\t<\/div>\n\t\t\t\t\t<\/div>\n\t\t<\/div>\n\t\t\t\t\t<\/div>\n\t\t<\/section>\n\t\t\t\t<section class=\"elementor-section elementor-top-section elementor-element elementor-element-7f5b0c6 elementor-section-boxed elementor-section-height-default elementor-section-height-default\" data-id=\"7f5b0c6\" data-element_type=\"section\">\n\t\t\t\t\t\t<div class=\"elementor-container elementor-column-gap-default\">\n\t\t\t\t\t<div class=\"elementor-column elementor-col-100 elementor-top-column elementor-element elementor-element-1b3e296\" data-id=\"1b3e296\" data-element_type=\"column\">\n\t\t\t<div class=\"elementor-widget-wrap elementor-element-populated\">\n\t\t\t\t\t\t<div class=\"elementor-element elementor-element-48cc1a5 elementor-widget elementor-widget-text-editor\" data-id=\"48cc1a5\" data-element_type=\"widget\" data-widget_type=\"text-editor.default\">\n\t\t\t\t<div class=\"elementor-widget-container\">\n\t\t\t\t\t\t\t\t\t<p><span style=\"color: #000000;\"><span style=\"font-weight: 400;\">Maintenant remonter dans votre <strong>voiture de collection<\/strong> et direction le <\/span>Cap Corse. P<span style=\"font-weight: 400;\">our cela, vous allez emprunter la D 80 qui est la route qui fait le tour du Cap Corse. Le Cap Corse est l\u2019une des plus belles r\u00e9gions de l\u2019<strong>\u00eele de beaut\u00e9<\/strong>, avec ses paysages sauvages. Et ses routes panoramiques qui vous permettent d\u2019admirer la mer et la montagne tout au long de votre trajet.<\/span><\/span><\/p>\t\t\t\t\t\t\t\t<\/div>\n\t\t\t\t<\/div>\n\t\t\t\t\t<\/div>\n\t\t<\/div>\n\t\t\t\t\t<\/div>\n\t\t<\/section>\n\t\t\t\t<section class=\"elementor-section elementor-top-section elementor-element elementor-element-3112008 elementor-section-boxed elementor-section-height-default elementor-section-height-default\" data-id=\"3112008\" data-element_type=\"section\">\n\t\t\t\t\t\t<div class=\"elementor-container elementor-column-gap-default\">\n\t\t\t\t\t<div class=\"elementor-column elementor-col-33 elementor-top-column elementor-element elementor-element-5d58586\" data-id=\"5d58586\" data-element_type=\"column\">\n\t\t\t<div class=\"elementor-widget-wrap elementor-element-populated\">\n\t\t\t\t\t\t<div class=\"elementor-element elementor-element-83f8bc5 elementor-widget elementor-widget-image\" data-id=\"83f8bc5\" data-element_type=\"widget\" data-widget_type=\"image.default\">\n\t\t\t\t<div class=\"elementor-widget-container\">\n\t\t\t\t\t\t\t\t\t\t\t\t\t\t\t<img decoding=\"async\" width=\"1000\" height=\"618\" src=\"https:\/\/www.wedrivit.com\/blog\/wp-content\/uploads\/2021\/07\/Centuri_jacqueline-macou.jpg\" class=\"attachment-large size-large wp-image-4079\" alt=\"Centurui\" \/>\t\t\t\t\t\t\t\t\t\t\t\t\t\t\t<\/div>\n\t\t\t\t<\/div>\n\t\t\t\t\t<\/div>\n\t\t<\/div>\n\t\t\t\t<div class=\"elementor-column elementor-col-66 elementor-top-column elementor-element elementor-element-f507813\" data-id=\"f507813\" data-element_type=\"column\">\n\t\t\t<div class=\"elementor-widget-wrap elementor-element-populated\">\n\t\t\t\t\t\t<div class=\"elementor-element elementor-element-0e73154 elementor-widget elementor-widget-text-editor\" data-id=\"0e73154\" data-element_type=\"widget\" data-widget_type=\"text-editor.default\">\n\t\t\t\t<div class=\"elementor-widget-container\">\n\t\t\t\t\t\t\t\t\t<p><span style=\"color: #000000;\"><span style=\"font-weight: 400;\">Nous allons faire un arr\u00eat dans le <a href=\"https:\/\/www.wedrivit.com\/blog\/voiture\/collection\/tourisme-local-en-voiture-de-collection\/\" target=\"_blank\" rel=\"noopener\">village<\/a> de <\/span>Centuri? Q<span style=\"font-weight: 400;\">ui existe depuis plusieurs si\u00e8cles et qui se situe \u00e0 la pointe du Cap Corse. Le village de Centuri est un petit village pittoresque qui a \u00e9t\u00e9 fortifi\u00e9 au XIIIe si\u00e8cles. Vous pourrez encore voir des vestiges de cette \u00e9poque. Vous pourrez monter au mont Toricella pour avoir un magnifique point de vue sur tout le village ainsi que son port.<\/span><\/span><\/p>\t\t\t\t\t\t\t\t<\/div>\n\t\t\t\t<\/div>\n\t\t\t\t\t<\/div>\n\t\t<\/div>\n\t\t\t\t\t<\/div>\n\t\t<\/section>\n\t\t\t\t<section class=\"elementor-section elementor-top-section elementor-element elementor-element-d222b5e elementor-section-boxed elementor-section-height-default elementor-section-height-default\" data-id=\"d222b5e\" data-element_type=\"section\">\n\t\t\t\t\t\t<div class=\"elementor-container elementor-column-gap-default\">\n\t\t\t\t\t<div class=\"elementor-column elementor-col-100 elementor-top-column elementor-element elementor-element-05ef690\" data-id=\"05ef690\" data-element_type=\"column\">\n\t\t\t<div class=\"elementor-widget-wrap elementor-element-populated\">\n\t\t\t\t\t\t<div class=\"elementor-element elementor-element-c5329a2 elementor-widget elementor-widget-heading\" data-id=\"c5329a2\" data-element_type=\"widget\" data-widget_type=\"heading.default\">\n\t\t\t\t<div class=\"elementor-widget-container\">\n\t\t\t\t\t<h2 class=\"elementor-heading-title elementor-size-default\">Depuis la pr\u00e9histoire<\/h2>\t\t\t\t<\/div>\n\t\t\t\t<\/div>\n\t\t\t\t\t<\/div>\n\t\t<\/div>\n\t\t\t\t\t<\/div>\n\t\t<\/section>\n\t\t\t\t<section class=\"elementor-section elementor-top-section elementor-element elementor-element-5c61cd4 elementor-section-boxed elementor-section-height-default elementor-section-height-default\" data-id=\"5c61cd4\" data-element_type=\"section\">\n\t\t\t\t\t\t<div class=\"elementor-container elementor-column-gap-default\">\n\t\t\t\t\t<div class=\"elementor-column elementor-col-66 elementor-top-column elementor-element elementor-element-c819f33\" data-id=\"c819f33\" data-element_type=\"column\">\n\t\t\t<div class=\"elementor-widget-wrap elementor-element-populated\">\n\t\t\t\t\t\t<div class=\"elementor-element elementor-element-e04788c elementor-widget elementor-widget-text-editor\" data-id=\"e04788c\" data-element_type=\"widget\" data-widget_type=\"text-editor.default\">\n\t\t\t\t<div class=\"elementor-widget-container\">\n\t\t\t\t\t\t\t\t\t<p><span style=\"color: #000000;\"><span style=\"font-weight: 400;\">Nous continuons notre visite du Cap Corse par le village de <\/span>Nonza<span style=\"font-weight: 400;\">. Nonza est un petit village qui se trouve \u00e0 l\u2019Ouest du Cap Corse qui existe depuis la <a href=\"https:\/\/www.wedrivit.com\/blog\/voiture\/collection\/journees-europeennes-du-patrimoine\/\" target=\"_blank\" rel=\"noopener\">pr\u00e9histoire<\/a>. Le village est divis\u00e9 en deux quartiers. Un premier qui est construit en appuie sur les rochers des montagnes, et surplomb\u00e9 par sa tour majestueuse : La tour Paoline. Le second quartier du village s\u2019est organis\u00e9 autour de l\u2019\u00e9glise Sainte-Julie. L\u2019\u00e9glise tient son nom de la patronne de la <strong>Corse<\/strong> pendant l\u2019\u00e9poque romaine qui a \u00e9t\u00e9 martyris\u00e9e dans le village de Nonza. L\u2019\u00e9glise est devenue un lieu de p\u00e8lerinage sur l\u2019\u00eele.<\/span><\/span><\/p>\t\t\t\t\t\t\t\t<\/div>\n\t\t\t\t<\/div>\n\t\t\t\t\t<\/div>\n\t\t<\/div>\n\t\t\t\t<div class=\"elementor-column elementor-col-33 elementor-top-column elementor-element elementor-element-4dbaf1b\" data-id=\"4dbaf1b\" data-element_type=\"column\">\n\t\t\t<div class=\"elementor-widget-wrap elementor-element-populated\">\n\t\t\t\t\t\t<div class=\"elementor-element elementor-element-b3cfd3a elementor-widget elementor-widget-image\" data-id=\"b3cfd3a\" data-element_type=\"widget\" data-widget_type=\"image.default\">\n\t\t\t\t<div class=\"elementor-widget-container\">\n\t\t\t\t\t\t\t\t\t\t\t\t\t\t\t<img loading=\"lazy\" decoding=\"async\" width=\"1000\" height=\"665\" src=\"https:\/\/www.wedrivit.com\/blog\/wp-content\/uploads\/2021\/07\/Nonza-Jacqueline-macou.jpg\" class=\"attachment-large size-large wp-image-4085\" alt=\"Nonza\" \/>\t\t\t\t\t\t\t\t\t\t\t\t\t\t\t<\/div>\n\t\t\t\t<\/div>\n\t\t\t\t\t<\/div>\n\t\t<\/div>\n\t\t\t\t\t<\/div>\n\t\t<\/section>\n\t\t\t\t<section class=\"elementor-section elementor-top-section elementor-element elementor-element-da251ff elementor-section-boxed elementor-section-height-default elementor-section-height-default\" data-id=\"da251ff\" data-element_type=\"section\">\n\t\t\t\t\t\t<div class=\"elementor-container elementor-column-gap-default\">\n\t\t\t\t\t<div class=\"elementor-column elementor-col-50 elementor-top-column elementor-element elementor-element-93f06bb\" data-id=\"93f06bb\" data-element_type=\"column\">\n\t\t\t<div class=\"elementor-widget-wrap elementor-element-populated\">\n\t\t\t\t\t\t<div class=\"elementor-element elementor-element-e45d435 elementor-widget elementor-widget-image\" data-id=\"e45d435\" data-element_type=\"widget\" data-widget_type=\"image.default\">\n\t\t\t\t<div class=\"elementor-widget-container\">\n\t\t\t\t\t\t\t\t\t\t\t\t\t\t\t<img loading=\"lazy\" decoding=\"async\" width=\"1000\" height=\"669\" src=\"https:\/\/www.wedrivit.com\/blog\/wp-content\/uploads\/2021\/07\/saint-florent.jpg\" class=\"attachment-large size-large wp-image-4088\" alt=\"Saint-Florent\" \/>\t\t\t\t\t\t\t\t\t\t\t\t\t\t\t<\/div>\n\t\t\t\t<\/div>\n\t\t\t\t\t<\/div>\n\t\t<\/div>\n\t\t\t\t<div class=\"elementor-column elementor-col-50 elementor-top-column elementor-element elementor-element-dd79bf2\" data-id=\"dd79bf2\" data-element_type=\"column\">\n\t\t\t<div class=\"elementor-widget-wrap elementor-element-populated\">\n\t\t\t\t\t\t<div class=\"elementor-element elementor-element-1f51624 elementor-widget elementor-widget-text-editor\" data-id=\"1f51624\" data-element_type=\"widget\" data-widget_type=\"text-editor.default\">\n\t\t\t\t<div class=\"elementor-widget-container\">\n\t\t\t\t\t\t\t\t\t<p><span style=\"color: #000000;\"><span style=\"font-weight: 400;\">A la sortie du Cap Corse, vous allez traverser le village de <\/span>Saint Florent.<span style=\"font-weight: 400;\"> Le village est situ\u00e9 dans l\u2019un des plus beaux golf de la m\u00e9diterran\u00e9e. Avec le second port de plaisance de l\u2019\u00eele, Saint Florent est un village incontournable de l\u2019\u00eele de beaut\u00e9. Lorsque vous serez arriv\u00e9s dans le village vous pourrez visiter la citadelle et la cath\u00e9drale Santa Maria Assunta. Saint Florent est \u00e9galement le d\u00e9but du d\u00e9sert des Agriates.<\/span><\/span><\/p>\t\t\t\t\t\t\t\t<\/div>\n\t\t\t\t<\/div>\n\t\t\t\t\t<\/div>\n\t\t<\/div>\n\t\t\t\t\t<\/div>\n\t\t<\/section>\n\t\t\t\t<section class=\"elementor-section elementor-top-section elementor-element elementor-element-a5ee257 elementor-section-boxed elementor-section-height-default elementor-section-height-default\" data-id=\"a5ee257\" data-element_type=\"section\">\n\t\t\t\t\t\t<div class=\"elementor-container elementor-column-gap-default\">\n\t\t\t\t\t<div class=\"elementor-column elementor-col-100 elementor-top-column elementor-element elementor-element-5106032\" data-id=\"5106032\" data-element_type=\"column\">\n\t\t\t<div class=\"elementor-widget-wrap elementor-element-populated\">\n\t\t\t\t\t\t<div class=\"elementor-element elementor-element-8ce91cf elementor-widget elementor-widget-spacer\" data-id=\"8ce91cf\" data-element_type=\"widget\" data-widget_type=\"spacer.default\">\n\t\t\t\t<div class=\"elementor-widget-container\">\n\t\t\t\t\t\t\t<div class=\"elementor-spacer\">\n\t\t\t<div class=\"elementor-spacer-inner\"><\/div>\n\t\t<\/div>\n\t\t\t\t\t\t<\/div>\n\t\t\t\t<\/div>\n\t\t\t\t\t<\/div>\n\t\t<\/div>\n\t\t\t\t\t<\/div>\n\t\t<\/section>\n\t\t\t\t<section class=\"elementor-section elementor-top-section elementor-element elementor-element-8dd476a elementor-section-boxed elementor-section-height-default elementor-section-height-default\" data-id=\"8dd476a\" data-element_type=\"section\">\n\t\t\t\t\t\t<div class=\"elementor-container elementor-column-gap-default\">\n\t\t\t\t\t<div class=\"elementor-column elementor-col-100 elementor-top-column elementor-element elementor-element-1c8f183\" data-id=\"1c8f183\" data-element_type=\"column\">\n\t\t\t<div class=\"elementor-widget-wrap elementor-element-populated\">\n\t\t\t\t\t\t<div class=\"elementor-element elementor-element-82fe3c2 elementor-widget elementor-widget-text-editor\" data-id=\"82fe3c2\" data-element_type=\"widget\" data-widget_type=\"text-editor.default\">\n\t\t\t\t<div class=\"elementor-widget-container\">\n\t\t\t\t\t\t\t\t\t<p><span style=\"color: #000000;\">Le d\u00e9sert des Agriates <span style=\"font-weight: 400;\">est une escapade incontournable \u00e0 faire en <strong>Corse<\/strong>. Il s\u2019agit d\u2019une zone montagneuse o\u00f9 vous pourrez apercevoir des <strong>anciennes<\/strong> bergeries et des paillers. Le d\u00e9sert des Agriates est surtout connu pour ses deux plages, la plage de Saleccia et de Lotu avec leurs sables fins et leurs eaux turquoise.<\/span><\/span><\/p>\t\t\t\t\t\t\t\t<\/div>\n\t\t\t\t<\/div>\n\t\t\t\t\t<\/div>\n\t\t<\/div>\n\t\t\t\t\t<\/div>\n\t\t<\/section>\n\t\t\t\t<section class=\"elementor-section elementor-top-section elementor-element elementor-element-b4b8fe3 elementor-section-boxed elementor-section-height-default elementor-section-height-default\" data-id=\"b4b8fe3\" data-element_type=\"section\">\n\t\t\t\t\t\t<div class=\"elementor-container elementor-column-gap-default\">\n\t\t\t\t\t<div class=\"elementor-column elementor-col-50 elementor-top-column elementor-element elementor-element-707fc9f\" data-id=\"707fc9f\" data-element_type=\"column\">\n\t\t\t<div class=\"elementor-widget-wrap elementor-element-populated\">\n\t\t\t\t\t\t<div class=\"elementor-element elementor-element-c24afd8 elementor-widget elementor-widget-image\" data-id=\"c24afd8\" data-element_type=\"widget\" data-widget_type=\"image.default\">\n\t\t\t\t<div class=\"elementor-widget-container\">\n\t\t\t\t\t\t\t\t\t\t\t\t\t\t\t<img loading=\"lazy\" decoding=\"async\" width=\"800\" height=\"475\" src=\"https:\/\/www.wedrivit.com\/blog\/wp-content\/uploads\/2021\/08\/desert-des-agriates-1.jpg\" class=\"attachment-large size-large wp-image-4108\" alt=\"D\u00e9sert des agriates\" \/>\t\t\t\t\t\t\t\t\t\t\t\t\t\t\t<\/div>\n\t\t\t\t<\/div>\n\t\t\t\t\t<\/div>\n\t\t<\/div>\n\t\t\t\t<div class=\"elementor-column elementor-col-50 elementor-top-column elementor-element elementor-element-703d576\" data-id=\"703d576\" data-element_type=\"column\">\n\t\t\t<div class=\"elementor-widget-wrap elementor-element-populated\">\n\t\t\t\t\t\t<div class=\"elementor-element elementor-element-b0a1b40 elementor-widget elementor-widget-image\" data-id=\"b0a1b40\" data-element_type=\"widget\" data-widget_type=\"image.default\">\n\t\t\t\t<div class=\"elementor-widget-container\">\n\t\t\t\t\t\t\t\t\t\t\t\t\t\t\t<img loading=\"lazy\" decoding=\"async\" width=\"800\" height=\"475\" src=\"https:\/\/www.wedrivit.com\/blog\/wp-content\/uploads\/2021\/08\/desert-des-agriates-4-1.jpg\" class=\"attachment-large size-large wp-image-4107\" alt=\"D\u00e9sert des agriates terre\" \/>\t\t\t\t\t\t\t\t\t\t\t\t\t\t\t<\/div>\n\t\t\t\t<\/div>\n\t\t\t\t\t<\/div>\n\t\t<\/div>\n\t\t\t\t\t<\/div>\n\t\t<\/section>\n\t\t\t\t<section class=\"elementor-section elementor-top-section elementor-element elementor-element-048f123 elementor-section-boxed elementor-section-height-default elementor-section-height-default\" data-id=\"048f123\" data-element_type=\"section\">\n\t\t\t\t\t\t<div class=\"elementor-container elementor-column-gap-default\">\n\t\t\t\t\t<div class=\"elementor-column elementor-col-100 elementor-top-column elementor-element elementor-element-2e2e2b0\" data-id=\"2e2e2b0\" data-element_type=\"column\">\n\t\t\t<div class=\"elementor-widget-wrap elementor-element-populated\">\n\t\t\t\t\t\t<div class=\"elementor-element elementor-element-1f19106 elementor-widget elementor-widget-spacer\" data-id=\"1f19106\" data-element_type=\"widget\" data-widget_type=\"spacer.default\">\n\t\t\t\t<div class=\"elementor-widget-container\">\n\t\t\t\t\t\t\t<div class=\"elementor-spacer\">\n\t\t\t<div class=\"elementor-spacer-inner\"><\/div>\n\t\t<\/div>\n\t\t\t\t\t\t<\/div>\n\t\t\t\t<\/div>\n\t\t\t\t\t<\/div>\n\t\t<\/div>\n\t\t\t\t\t<\/div>\n\t\t<\/section>\n\t\t\t\t<section class=\"elementor-section elementor-top-section elementor-element elementor-element-adced6e elementor-section-boxed elementor-section-height-default elementor-section-height-default\" data-id=\"adced6e\" data-element_type=\"section\">\n\t\t\t\t\t\t<div class=\"elementor-container elementor-column-gap-default\">\n\t\t\t\t\t<div class=\"elementor-column elementor-col-100 elementor-top-column elementor-element elementor-element-8342eb2\" data-id=\"8342eb2\" data-element_type=\"column\">\n\t\t\t<div class=\"elementor-widget-wrap elementor-element-populated\">\n\t\t\t\t\t\t<div class=\"elementor-element elementor-element-dd1d5de elementor-widget elementor-widget-heading\" data-id=\"dd1d5de\" data-element_type=\"widget\" data-widget_type=\"heading.default\">\n\t\t\t\t<div class=\"elementor-widget-container\">\n\t\t\t\t\t<h3 class=\"elementor-heading-title elementor-size-default\">R\u00e9gion de Balagne<\/h3>\t\t\t\t<\/div>\n\t\t\t\t<\/div>\n\t\t\t\t\t<\/div>\n\t\t<\/div>\n\t\t\t\t\t<\/div>\n\t\t<\/section>\n\t\t\t\t<section class=\"elementor-section elementor-top-section elementor-element elementor-element-7e11969 elementor-section-boxed elementor-section-height-default elementor-section-height-default\" data-id=\"7e11969\" data-element_type=\"section\">\n\t\t\t\t\t\t<div class=\"elementor-container elementor-column-gap-default\">\n\t\t\t\t\t<div class=\"elementor-column elementor-col-66 elementor-top-column elementor-element elementor-element-52f7166\" data-id=\"52f7166\" data-element_type=\"column\">\n\t\t\t<div class=\"elementor-widget-wrap elementor-element-populated\">\n\t\t\t\t\t\t<div class=\"elementor-element elementor-element-8b37634 elementor-widget elementor-widget-text-editor\" data-id=\"8b37634\" data-element_type=\"widget\" data-widget_type=\"text-editor.default\">\n\t\t\t\t<div class=\"elementor-widget-container\">\n\t\t\t\t\t\t\t\t\t<p><span style=\"color: #000000;\"><span style=\"font-weight: 400;\">En continuant sur la D80, vous allez pouvoir d\u00e9couvrir <\/span><b>l\u2019\u00eele Rousse<\/b><span style=\"font-weight: 400;\"> et <\/span>Calvi <span style=\"font-weight: 400;\">qui se situe dans la belle r\u00e9gion de Balagne.<\/span><\/span><\/p><p><span style=\"color: #000000;\"><b>L\u2019\u00eele Rousse<\/b><span style=\"font-weight: 400;\"> tient son nom de la couleur des roches rouges de porphyre qui ont cr\u00e9\u00e9 un \u00eelot. A bord de votre <strong>voiture de collection<\/strong>, vous allez pouvoir admirer le phare de la Pietra. Le couvent Saint-Dominique ainsi que l\u2019\u00e9glise de la Mis\u00e9ricorde. En continuant \u00e0 rouler vous allez voir les criques avec les falaises et l\u2019eau turquoise.\u00a0<\/span><\/span><\/p><p><span style=\"color: #000000;\"><span style=\"font-family: var( --e-global-typography-text-font-family ), Sans-serif; font-weight: var( --e-global-typography-text-font-weight );\"><strong>L\u2019\u00eele rousse<\/strong> est \u00e9galement le d\u00e9part de la\u00a0<\/span><span style=\"font-family: var( --e-global-typography-text-font-family ), Sans-serif;\">route des artisans.<\/span><span style=\"font-family: var( --e-global-typography-text-font-family ), Sans-serif; font-weight: var( --e-global-typography-text-font-weight );\"> Il s\u2019agit d\u2019une route qui traverse les terres \u00e0 travers de nombreux petits villages avec une histoire et un patrimoine riches qui m\u00e9ritent le d\u00e9tour notamment au volant d\u2019une <strong>ancienne<\/strong>.\u00a0<\/span><\/span><\/p><p><span style=\"color: #000000;\"><span style=\"font-family: var( --e-global-typography-text-font-family ), Sans-serif; font-weight: var( --e-global-typography-text-font-weight );\">Non loin de l\u2019<strong>\u00eele Rousse<\/strong> se trouve le village de\u00a0<\/span><span style=\"font-family: var( --e-global-typography-text-font-family ), Sans-serif;\">Calvi<\/span><span style=\"font-family: var( --e-global-typography-text-font-family ), Sans-serif; font-weight: var( --e-global-typography-text-font-weight );\">. Calvi est un village coup\u00e9 en deux avec en contrebas la marina et en hauteur la cit\u00e9 m\u00e9di\u00e9vale avec sa c\u00e9l\u00e8bre citadelle di Calvi.<\/span><\/span><\/p>\t\t\t\t\t\t\t\t<\/div>\n\t\t\t\t<\/div>\n\t\t\t\t\t<\/div>\n\t\t<\/div>\n\t\t\t\t<div class=\"elementor-column elementor-col-33 elementor-top-column elementor-element elementor-element-78e706a\" data-id=\"78e706a\" data-element_type=\"column\">\n\t\t\t<div class=\"elementor-widget-wrap elementor-element-populated\">\n\t\t\t\t\t\t<div class=\"elementor-element elementor-element-6b76478 elementor-widget elementor-widget-image\" data-id=\"6b76478\" data-element_type=\"widget\" data-widget_type=\"image.default\">\n\t\t\t\t<div class=\"elementor-widget-container\">\n\t\t\t\t\t\t\t\t\t\t\t\t\t\t\t<img loading=\"lazy\" decoding=\"async\" width=\"1000\" height=\"666\" src=\"https:\/\/www.wedrivit.com\/blog\/wp-content\/uploads\/2021\/08\/ile-rousse38.jpg\" class=\"attachment-large size-large wp-image-4109\" alt=\"Ile Rousse\" \/>\t\t\t\t\t\t\t\t\t\t\t\t\t\t\t<\/div>\n\t\t\t\t<\/div>\n\t\t\t\t<div class=\"elementor-element elementor-element-8f007bf elementor-widget elementor-widget-image\" data-id=\"8f007bf\" data-element_type=\"widget\" data-widget_type=\"image.default\">\n\t\t\t\t<div class=\"elementor-widget-container\">\n\t\t\t\t\t\t\t\t\t\t\t\t\t\t\t<img loading=\"lazy\" decoding=\"async\" width=\"1000\" height=\"667\" src=\"https:\/\/www.wedrivit.com\/blog\/wp-content\/uploads\/2021\/07\/calvi-patrick-blaise.jpg\" class=\"attachment-large size-large wp-image-4077\" alt=\"Calvi\" \/>\t\t\t\t\t\t\t\t\t\t\t\t\t\t\t<\/div>\n\t\t\t\t<\/div>\n\t\t\t\t\t<\/div>\n\t\t<\/div>\n\t\t\t\t\t<\/div>\n\t\t<\/section>\n\t\t\t\t<section class=\"elementor-section elementor-top-section elementor-element elementor-element-27c3943 elementor-section-boxed elementor-section-height-default elementor-section-height-default\" data-id=\"27c3943\" data-element_type=\"section\">\n\t\t\t\t\t\t<div class=\"elementor-container elementor-column-gap-default\">\n\t\t\t\t\t<div class=\"elementor-column elementor-col-100 elementor-top-column elementor-element elementor-element-63058ff\" data-id=\"63058ff\" data-element_type=\"column\">\n\t\t\t<div class=\"elementor-widget-wrap elementor-element-populated\">\n\t\t\t\t\t\t<div class=\"elementor-element elementor-element-bb7979f elementor-widget elementor-widget-text-editor\" data-id=\"bb7979f\" data-element_type=\"widget\" data-widget_type=\"text-editor.default\">\n\t\t\t\t<div class=\"elementor-widget-container\">\n\t\t\t\t\t\t\t\t\t<p><span style=\"font-weight: 400; color: #000000;\">Si vous avez aim\u00e9 cette petite escapade dans la r\u00e9gion de la haute Corse. Vous appr\u00e9cierez \u00e9galement les richesses de la Corse du Sud.<\/span><\/p>\t\t\t\t\t\t\t\t<\/div>\n\t\t\t\t<\/div>\n\t\t\t\t\t<\/div>\n\t\t<\/div>\n\t\t\t\t\t<\/div>\n\t\t<\/section>\n\t\t\t\t<section class=\"elementor-section elementor-top-section elementor-element elementor-element-3ef6740 elementor-section-boxed elementor-section-height-default elementor-section-height-default\" data-id=\"3ef6740\" data-element_type=\"section\">\n\t\t\t\t\t\t<div class=\"elementor-container elementor-column-gap-default\">\n\t\t\t\t\t<div class=\"elementor-column elementor-col-100 elementor-top-column elementor-element elementor-element-bc9faac\" data-id=\"bc9faac\" data-element_type=\"column\">\n\t\t\t<div class=\"elementor-widget-wrap elementor-element-populated\">\n\t\t\t\t\t\t<div class=\"elementor-element elementor-element-aa6a9a5 elementor-widget elementor-widget-spacer\" data-id=\"aa6a9a5\" data-element_type=\"widget\" data-widget_type=\"spacer.default\">\n\t\t\t\t<div class=\"elementor-widget-container\">\n\t\t\t\t\t\t\t<div class=\"elementor-spacer\">\n\t\t\t<div class=\"elementor-spacer-inner\"><\/div>\n\t\t<\/div>\n\t\t\t\t\t\t<\/div>\n\t\t\t\t<\/div>\n\t\t\t\t\t<\/div>\n\t\t<\/div>\n\t\t\t\t\t<\/div>\n\t\t<\/section>\n\t\t\t\t<section class=\"elementor-section elementor-top-section elementor-element elementor-element-6a29d2f elementor-section-boxed elementor-section-height-default elementor-section-height-default\" data-id=\"6a29d2f\" data-element_type=\"section\">\n\t\t\t\t\t\t<div class=\"elementor-container elementor-column-gap-default\">\n\t\t\t\t\t<div class=\"elementor-column elementor-col-100 elementor-top-column elementor-element elementor-element-ad1d5ad\" data-id=\"ad1d5ad\" data-element_type=\"column\">\n\t\t\t<div class=\"elementor-widget-wrap elementor-element-populated\">\n\t\t\t\t\t\t<div class=\"elementor-element elementor-element-5aa37f3 elementor-widget elementor-widget-heading\" data-id=\"5aa37f3\" data-element_type=\"widget\" data-widget_type=\"heading.default\">\n\t\t\t\t<div class=\"elementor-widget-container\">\n\t\t\t\t\t<h2 class=\"elementor-heading-title elementor-size-default\">La Corse du Sud en ancienne<\/h2>\t\t\t\t<\/div>\n\t\t\t\t<\/div>\n\t\t\t\t\t<\/div>\n\t\t<\/div>\n\t\t\t\t\t<\/div>\n\t\t<\/section>\n\t\t\t\t<section class=\"elementor-section elementor-top-section elementor-element elementor-element-73ad9dd elementor-section-boxed elementor-section-height-default elementor-section-height-default\" data-id=\"73ad9dd\" data-element_type=\"section\">\n\t\t\t\t\t\t<div class=\"elementor-container elementor-column-gap-default\">\n\t\t\t\t\t<div class=\"elementor-column elementor-col-33 elementor-top-column elementor-element elementor-element-0b62144\" data-id=\"0b62144\" data-element_type=\"column\">\n\t\t\t<div class=\"elementor-widget-wrap elementor-element-populated\">\n\t\t\t\t\t\t<div class=\"elementor-element elementor-element-945c0d6 elementor-widget elementor-widget-image\" data-id=\"945c0d6\" data-element_type=\"widget\" data-widget_type=\"image.default\">\n\t\t\t\t<div class=\"elementor-widget-container\">\n\t\t\t\t\t\t\t\t\t\t\t\t\t\t\t<img loading=\"lazy\" decoding=\"async\" width=\"1000\" height=\"750\" src=\"https:\/\/www.wedrivit.com\/blog\/wp-content\/uploads\/2021\/07\/Ajaccio_mstratmann.jpg\" class=\"attachment-large size-large wp-image-4075\" alt=\"Ajaccio\" \/>\t\t\t\t\t\t\t\t\t\t\t\t\t\t\t<\/div>\n\t\t\t\t<\/div>\n\t\t\t\t\t<\/div>\n\t\t<\/div>\n\t\t\t\t<div class=\"elementor-column elementor-col-66 elementor-top-column elementor-element elementor-element-2cb20ea\" data-id=\"2cb20ea\" data-element_type=\"column\">\n\t\t\t<div class=\"elementor-widget-wrap elementor-element-populated\">\n\t\t\t\t\t\t<div class=\"elementor-element elementor-element-847e467 elementor-widget elementor-widget-text-editor\" data-id=\"847e467\" data-element_type=\"widget\" data-widget_type=\"text-editor.default\">\n\t\t\t\t<div class=\"elementor-widget-container\">\n\t\t\t\t\t\t\t\t\t<p><span style=\"color: #000000;\"><span style=\"font-weight: 400;\">La Corse du Sud se situe au Sud-Ouest de l\u2019\u00eele dont la pr\u00e9fecture est <\/span>Ajaccio<span style=\"font-weight: 400;\">.<\/span><\/span><\/p><p><span style=\"color: #000000;\"><span style=\"font-weight: 400;\">Pour continuer notre escapade sur l\u2019<strong>\u00eele de beaut\u00e9. N<\/strong>ous allons nous \u00e9vader dans la partie Sud de l\u2019\u00eele. Nous allons commencer par <\/span>Ajaccio<span style=\"font-weight: 400;\">. La ville abrite la maison natale de Napol\u00e9on Bonaparte (qui est aujourd\u2019hui un mus\u00e9e). Dans l\u2019une des ruelles les plus vieilles de la ville. Ajaccio poss\u00e8de un tr\u00e8s beau port et une magnifique citadelle avec de belles maisons color\u00e9es dans toute la ville.<\/span><\/span><\/p>\t\t\t\t\t\t\t\t<\/div>\n\t\t\t\t<\/div>\n\t\t\t\t\t<\/div>\n\t\t<\/div>\n\t\t\t\t\t<\/div>\n\t\t<\/section>\n\t\t\t\t<section class=\"elementor-section elementor-top-section elementor-element elementor-element-629a58b elementor-section-boxed elementor-section-height-default elementor-section-height-default\" data-id=\"629a58b\" data-element_type=\"section\">\n\t\t\t\t\t\t<div class=\"elementor-container elementor-column-gap-default\">\n\t\t\t\t\t<div class=\"elementor-column elementor-col-33 elementor-top-column elementor-element elementor-element-a9c2b70\" data-id=\"a9c2b70\" data-element_type=\"column\">\n\t\t\t<div class=\"elementor-widget-wrap elementor-element-populated\">\n\t\t\t\t\t\t<div class=\"elementor-element elementor-element-499eade elementor-widget elementor-widget-image\" data-id=\"499eade\" data-element_type=\"widget\" data-widget_type=\"image.default\">\n\t\t\t\t<div class=\"elementor-widget-container\">\n\t\t\t\t\t\t\t\t\t\t\t\t\t\t\t<img loading=\"lazy\" decoding=\"async\" width=\"1000\" height=\"616\" src=\"https:\/\/www.wedrivit.com\/blog\/wp-content\/uploads\/2021\/07\/Iles-Sanguinaires_katrin-Schutze-Lill.jpg\" class=\"attachment-large size-large wp-image-4083\" alt=\"Iles Sanguinaires\" \/>\t\t\t\t\t\t\t\t\t\t\t\t\t\t\t<\/div>\n\t\t\t\t<\/div>\n\t\t\t\t\t<\/div>\n\t\t<\/div>\n\t\t\t\t<div class=\"elementor-column elementor-col-66 elementor-top-column elementor-element elementor-element-48c7dbf\" data-id=\"48c7dbf\" data-element_type=\"column\">\n\t\t\t<div class=\"elementor-widget-wrap elementor-element-populated\">\n\t\t\t\t\t\t<div class=\"elementor-element elementor-element-94b8323 elementor-widget elementor-widget-text-editor\" data-id=\"94b8323\" data-element_type=\"widget\" data-widget_type=\"text-editor.default\">\n\t\t\t\t<div class=\"elementor-widget-container\">\n\t\t\t\t\t\t\t\t\t<p><span style=\"font-weight: 400;\">A quelques kilom\u00e8tres de la ville d\u2019Ajaccio, se trouvent les <\/span>\u00eeles sanguinaires<span style=\"font-weight: 400;\">. Les \u00eeles se trouvent au large d\u2019Ajaccio. Vous pourrez les admirer depuis votre <strong>ancienne. M<\/strong>ais \u00e9galement garer votre <strong>ancienne<\/strong> et aller vous d\u00e9gourdir les jambes sur ces \u00eeles magnifiques et remplis d\u2019histoire.<\/span><\/p>\t\t\t\t\t\t\t\t<\/div>\n\t\t\t\t<\/div>\n\t\t\t\t\t<\/div>\n\t\t<\/div>\n\t\t\t\t\t<\/div>\n\t\t<\/section>\n\t\t\t\t<section class=\"elementor-section elementor-top-section elementor-element elementor-element-ab305d3 elementor-section-boxed elementor-section-height-default elementor-section-height-default\" data-id=\"ab305d3\" data-element_type=\"section\">\n\t\t\t\t\t\t<div class=\"elementor-container elementor-column-gap-default\">\n\t\t\t\t\t<div class=\"elementor-column elementor-col-100 elementor-top-column elementor-element elementor-element-fe25f16\" data-id=\"fe25f16\" data-element_type=\"column\">\n\t\t\t<div class=\"elementor-widget-wrap elementor-element-populated\">\n\t\t\t\t\t\t<div class=\"elementor-element elementor-element-a86ac7f elementor-widget elementor-widget-heading\" data-id=\"a86ac7f\" data-element_type=\"widget\" data-widget_type=\"heading.default\">\n\t\t\t\t<div class=\"elementor-widget-container\">\n\t\t\t\t\t<h2 class=\"elementor-heading-title elementor-size-default\">Et le Sud<\/h2>\t\t\t\t<\/div>\n\t\t\t\t<\/div>\n\t\t\t\t\t<\/div>\n\t\t<\/div>\n\t\t\t\t\t<\/div>\n\t\t<\/section>\n\t\t\t\t<section class=\"elementor-section elementor-top-section elementor-element elementor-element-6f6a1ba elementor-section-boxed elementor-section-height-default elementor-section-height-default\" data-id=\"6f6a1ba\" data-element_type=\"section\">\n\t\t\t\t\t\t<div class=\"elementor-container elementor-column-gap-default\">\n\t\t\t\t\t<div class=\"elementor-column elementor-col-100 elementor-top-column elementor-element elementor-element-6b73846\" data-id=\"6b73846\" data-element_type=\"column\">\n\t\t\t<div class=\"elementor-widget-wrap elementor-element-populated\">\n\t\t\t\t\t\t<div class=\"elementor-element elementor-element-6209e4c elementor-widget elementor-widget-text-editor\" data-id=\"6209e4c\" data-element_type=\"widget\" data-widget_type=\"text-editor.default\">\n\t\t\t\t<div class=\"elementor-widget-container\">\n\t\t\t\t\t\t\t\t\t<p><span style=\"font-weight: 400;\">En allant vers le Sud, vous allez emprunter la route T40 en direction de <\/span>Propriano<b>. <\/b><span style=\"font-weight: 400;\">Propriano est un village qui se trouve dans un golfe avec des plages magnifiques.\u00a0<\/span><\/p><p><span style=\"font-weight: 400;\">A quelques kilom\u00e8tres de Propriano se trouve la ville de <\/span>Sart\u00e8ne <span style=\"font-weight: 400;\">avec ses maisons en vieilles pierres. Sart\u00e8ne est un village incontournable de l\u2019\u00eele. Il s\u2019agit \u00ab de la <strong>Corse<\/strong> par excellence \u00bb, vous allez pouvoir d\u00e9couvrir la culture <strong>Corse. E<\/strong>t tout ce qui fait de la <strong>Corse<\/strong> un endroit si atypique et attachant. De Propriano \u00e0 Sart\u00e8ne vous allez pouvoir admirer les paysages entre mer et montagne rocheuse.<\/span><\/p>\t\t\t\t\t\t\t\t<\/div>\n\t\t\t\t<\/div>\n\t\t\t\t\t<\/div>\n\t\t<\/div>\n\t\t\t\t\t<\/div>\n\t\t<\/section>\n\t\t\t\t<section class=\"elementor-section elementor-top-section elementor-element elementor-element-9f710f2 elementor-section-boxed elementor-section-height-default elementor-section-height-default\" data-id=\"9f710f2\" data-element_type=\"section\">\n\t\t\t\t\t\t<div class=\"elementor-container elementor-column-gap-default\">\n\t\t\t\t\t<div class=\"elementor-column elementor-col-50 elementor-top-column elementor-element elementor-element-de14784\" data-id=\"de14784\" data-element_type=\"column\">\n\t\t\t<div class=\"elementor-widget-wrap elementor-element-populated\">\n\t\t\t\t\t\t<div class=\"elementor-element elementor-element-6fc1e2e elementor-widget elementor-widget-image\" data-id=\"6fc1e2e\" data-element_type=\"widget\" data-widget_type=\"image.default\">\n\t\t\t\t<div class=\"elementor-widget-container\">\n\t\t\t\t\t\t\t\t\t\t\t\t\t\t\t<img loading=\"lazy\" decoding=\"async\" width=\"1000\" height=\"1000\" src=\"https:\/\/www.wedrivit.com\/blog\/wp-content\/uploads\/2021\/07\/propriano.jpg\" class=\"attachment-large size-large wp-image-4087\" alt=\"Propriano\" \/>\t\t\t\t\t\t\t\t\t\t\t\t\t\t\t<\/div>\n\t\t\t\t<\/div>\n\t\t\t\t<div class=\"elementor-element elementor-element-b407230 elementor-widget elementor-widget-text-editor\" data-id=\"b407230\" data-element_type=\"widget\" data-widget_type=\"text-editor.default\">\n\t\t\t\t<div class=\"elementor-widget-container\">\n\t\t\t\t\t\t\t\t\t<pre style=\"text-align: center;\">Propriano<\/pre>\t\t\t\t\t\t\t\t<\/div>\n\t\t\t\t<\/div>\n\t\t\t\t\t<\/div>\n\t\t<\/div>\n\t\t\t\t<div class=\"elementor-column elementor-col-50 elementor-top-column elementor-element elementor-element-c4a1250\" data-id=\"c4a1250\" data-element_type=\"column\">\n\t\t\t<div class=\"elementor-widget-wrap elementor-element-populated\">\n\t\t\t\t\t\t<div class=\"elementor-element elementor-element-ef917c8 elementor-widget elementor-widget-image\" data-id=\"ef917c8\" data-element_type=\"widget\" data-widget_type=\"image.default\">\n\t\t\t\t<div class=\"elementor-widget-container\">\n\t\t\t\t\t\t\t\t\t\t\t\t\t\t\t<img loading=\"lazy\" decoding=\"async\" width=\"1000\" height=\"750\" src=\"https:\/\/www.wedrivit.com\/blog\/wp-content\/uploads\/2021\/07\/sartene-Patrick-Sabatier-Vescovali.jpg\" class=\"attachment-large size-large wp-image-4089\" alt=\"Sart\u00e8ne\" \/>\t\t\t\t\t\t\t\t\t\t\t\t\t\t\t<\/div>\n\t\t\t\t<\/div>\n\t\t\t\t<div class=\"elementor-element elementor-element-8ada372 elementor-widget elementor-widget-text-editor\" data-id=\"8ada372\" data-element_type=\"widget\" data-widget_type=\"text-editor.default\">\n\t\t\t\t<div class=\"elementor-widget-container\">\n\t\t\t\t\t\t\t\t\t<pre>Sart\u00e8ne<\/pre>\t\t\t\t\t\t\t\t<\/div>\n\t\t\t\t<\/div>\n\t\t\t\t\t<\/div>\n\t\t<\/div>\n\t\t\t\t\t<\/div>\n\t\t<\/section>\n\t\t\t\t<section class=\"elementor-section elementor-top-section elementor-element elementor-element-5a1ad73 elementor-section-boxed elementor-section-height-default elementor-section-height-default\" data-id=\"5a1ad73\" data-element_type=\"section\">\n\t\t\t\t\t\t<div class=\"elementor-container elementor-column-gap-default\">\n\t\t\t\t\t<div class=\"elementor-column elementor-col-100 elementor-top-column elementor-element elementor-element-4e3e55a\" data-id=\"4e3e55a\" data-element_type=\"column\">\n\t\t\t<div class=\"elementor-widget-wrap elementor-element-populated\">\n\t\t\t\t\t\t<div class=\"elementor-element elementor-element-7367b4c elementor-widget elementor-widget-heading\" data-id=\"7367b4c\" data-element_type=\"widget\" data-widget_type=\"heading.default\">\n\t\t\t\t<div class=\"elementor-widget-container\">\n\t\t\t\t\t<h2 class=\"elementor-heading-title elementor-size-default\">Viste guid\u00e9e\n<\/h2>\t\t\t\t<\/div>\n\t\t\t\t<\/div>\n\t\t\t\t\t<\/div>\n\t\t<\/div>\n\t\t\t\t\t<\/div>\n\t\t<\/section>\n\t\t\t\t<section class=\"elementor-section elementor-top-section elementor-element elementor-element-cc70435 elementor-section-boxed elementor-section-height-default elementor-section-height-default\" data-id=\"cc70435\" data-element_type=\"section\">\n\t\t\t\t\t\t<div class=\"elementor-container elementor-column-gap-default\">\n\t\t\t\t\t<div class=\"elementor-column elementor-col-33 elementor-top-column elementor-element elementor-element-8433d74\" data-id=\"8433d74\" data-element_type=\"column\">\n\t\t\t<div class=\"elementor-widget-wrap elementor-element-populated\">\n\t\t\t\t\t\t<div class=\"elementor-element elementor-element-60b9f1d elementor-widget elementor-widget-image\" data-id=\"60b9f1d\" data-element_type=\"widget\" data-widget_type=\"image.default\">\n\t\t\t\t<div class=\"elementor-widget-container\">\n\t\t\t\t\t\t\t\t\t\t\t\t\t\t\t<img loading=\"lazy\" decoding=\"async\" width=\"1000\" height=\"661\" src=\"https:\/\/www.wedrivit.com\/blog\/wp-content\/uploads\/2021\/07\/Christian-Klein_Bonifacio.jpg\" class=\"attachment-large size-large wp-image-4080\" alt=\"Bonifacio\" \/>\t\t\t\t\t\t\t\t\t\t\t\t\t\t\t<\/div>\n\t\t\t\t<\/div>\n\t\t\t\t\t<\/div>\n\t\t<\/div>\n\t\t\t\t<div class=\"elementor-column elementor-col-66 elementor-top-column elementor-element elementor-element-0df30e8\" data-id=\"0df30e8\" data-element_type=\"column\">\n\t\t\t<div class=\"elementor-widget-wrap elementor-element-populated\">\n\t\t\t\t\t\t<div class=\"elementor-element elementor-element-2de69c8 elementor-widget elementor-widget-text-editor\" data-id=\"2de69c8\" data-element_type=\"widget\" data-widget_type=\"text-editor.default\">\n\t\t\t\t<div class=\"elementor-widget-container\">\n\t\t\t\t\t\t\t\t\t<p><span style=\"font-weight: 400;\">A 1 heure de route de Sart\u00e8ne, vous allez d\u00e9couvrir la c\u00e9l\u00e8bre ville de <\/span>Bonifacio<span style=\"font-weight: 400;\">. Bonifacio est la ville la plus au Sud de l\u2019\u00eele de beaut\u00e9. Elle a \u00e9t\u00e9 b\u00e2tie en hauteur sur une falaise qui offre un magnifique point de vue sur la mer et ses alentours. C\u2019est de cette falaise que Bonifacio tient son nom de Cit\u00e9 des falaises. En contrebas de la falaise se trouve le port de Bonifacio. Et ses maisons pastelles, coll\u00e9s aux falaises calcaires. La ville de Bonifacio propose des escapades \u00e0 pied le long de la falaise. Des excursions en bateau, pour admirer les fonds marins et les poissons de la M\u00e9diterran\u00e9e.<\/span><\/p>\t\t\t\t\t\t\t\t<\/div>\n\t\t\t\t<\/div>\n\t\t\t\t\t<\/div>\n\t\t<\/div>\n\t\t\t\t\t<\/div>\n\t\t<\/section>\n\t\t\t\t<section class=\"elementor-section elementor-top-section elementor-element elementor-element-419cae5 elementor-section-boxed elementor-section-height-default elementor-section-height-default\" data-id=\"419cae5\" data-element_type=\"section\">\n\t\t\t\t\t\t<div class=\"elementor-container elementor-column-gap-default\">\n\t\t\t\t\t<div class=\"elementor-column elementor-col-100 elementor-top-column elementor-element elementor-element-3eeaf80\" data-id=\"3eeaf80\" data-element_type=\"column\">\n\t\t\t<div class=\"elementor-widget-wrap elementor-element-populated\">\n\t\t\t\t\t\t<div class=\"elementor-element elementor-element-1959a4c elementor-widget elementor-widget-spacer\" data-id=\"1959a4c\" data-element_type=\"widget\" data-widget_type=\"spacer.default\">\n\t\t\t\t<div class=\"elementor-widget-container\">\n\t\t\t\t\t\t\t<div class=\"elementor-spacer\">\n\t\t\t<div class=\"elementor-spacer-inner\"><\/div>\n\t\t<\/div>\n\t\t\t\t\t\t<\/div>\n\t\t\t\t<\/div>\n\t\t\t\t\t<\/div>\n\t\t<\/div>\n\t\t\t\t\t<\/div>\n\t\t<\/section>\n\t\t\t\t<section class=\"elementor-section elementor-top-section elementor-element elementor-element-7dc67eb elementor-section-boxed elementor-section-height-default elementor-section-height-default\" data-id=\"7dc67eb\" data-element_type=\"section\">\n\t\t\t\t\t\t<div class=\"elementor-container elementor-column-gap-default\">\n\t\t\t\t\t<div class=\"elementor-column elementor-col-66 elementor-top-column elementor-element elementor-element-dd19517\" data-id=\"dd19517\" data-element_type=\"column\">\n\t\t\t<div class=\"elementor-widget-wrap elementor-element-populated\">\n\t\t\t\t\t\t<div class=\"elementor-element elementor-element-1cabca4 elementor-widget elementor-widget-text-editor\" data-id=\"1cabca4\" data-element_type=\"widget\" data-widget_type=\"text-editor.default\">\n\t\t\t\t<div class=\"elementor-widget-container\">\n\t\t\t\t\t\t\t\t\t<p><span style=\"font-weight: 400;\">En remontant la c\u00f4te Est de l\u2019\u00eele vous allez arriver dans le village de <\/span>Porto Vecchio<span style=\"font-weight: 400;\">. Lorsque vous longerez la c\u00f4te vous pourrez voir de nombreuses plages qui font la r\u00e9putation du village. La plage la plus connue \u00e0 d\u00e9couvrir \u00e0 Porto Vecchio est la plage de Palombaggia.<\/span><\/p><p><span style=\"font-weight: 400;\">Porto Vecchio poss\u00e8de \u00e9galement une forte richesse architecturale. En ayant conserv\u00e9 sa vieille ville avec sa citadelle.\u00a0<\/span><\/p>\t\t\t\t\t\t\t\t<\/div>\n\t\t\t\t<\/div>\n\t\t\t\t\t<\/div>\n\t\t<\/div>\n\t\t\t\t<div class=\"elementor-column elementor-col-33 elementor-top-column elementor-element elementor-element-e02cba8\" data-id=\"e02cba8\" data-element_type=\"column\">\n\t\t\t<div class=\"elementor-widget-wrap elementor-element-populated\">\n\t\t\t\t\t\t<div class=\"elementor-element elementor-element-d3a86c5 elementor-widget elementor-widget-image\" data-id=\"d3a86c5\" data-element_type=\"widget\" data-widget_type=\"image.default\">\n\t\t\t\t<div class=\"elementor-widget-container\">\n\t\t\t\t\t\t\t\t\t\t\t\t\t\t\t<img loading=\"lazy\" decoding=\"async\" width=\"400\" height=\"300\" src=\"https:\/\/www.wedrivit.com\/blog\/wp-content\/uploads\/2021\/07\/porto-vecchio.jpg\" class=\"attachment-large size-large wp-image-4086\" alt=\"Porto Vecchio\" \/>\t\t\t\t\t\t\t\t\t\t\t\t\t\t\t<\/div>\n\t\t\t\t<\/div>\n\t\t\t\t\t<\/div>\n\t\t<\/div>\n\t\t\t\t\t<\/div>\n\t\t<\/section>\n\t\t\t\t<section class=\"elementor-section elementor-top-section elementor-element elementor-element-0b53321 elementor-section-boxed elementor-section-height-default elementor-section-height-default\" data-id=\"0b53321\" data-element_type=\"section\">\n\t\t\t\t\t\t<div class=\"elementor-container elementor-column-gap-default\">\n\t\t\t\t\t<div class=\"elementor-column elementor-col-100 elementor-top-column elementor-element elementor-element-819d0eb\" data-id=\"819d0eb\" data-element_type=\"column\">\n\t\t\t<div class=\"elementor-widget-wrap elementor-element-populated\">\n\t\t\t\t\t\t<div class=\"elementor-element elementor-element-6de491c elementor-widget elementor-widget-heading\" data-id=\"6de491c\" data-element_type=\"widget\" data-widget_type=\"heading.default\">\n\t\t\t\t<div class=\"elementor-widget-container\">\n\t\t\t\t\t<h2 class=\"elementor-heading-title elementor-size-default\">L'\u00eele de beaut\u00e9<\/h2>\t\t\t\t<\/div>\n\t\t\t\t<\/div>\n\t\t\t\t\t<\/div>\n\t\t<\/div>\n\t\t\t\t\t<\/div>\n\t\t<\/section>\n\t\t\t\t<section class=\"elementor-section elementor-top-section elementor-element elementor-element-5441180 elementor-section-boxed elementor-section-height-default elementor-section-height-default\" data-id=\"5441180\" data-element_type=\"section\">\n\t\t\t\t\t\t<div class=\"elementor-container elementor-column-gap-default\">\n\t\t\t\t\t<div class=\"elementor-column elementor-col-100 elementor-top-column elementor-element elementor-element-29cf6e4\" data-id=\"29cf6e4\" data-element_type=\"column\">\n\t\t\t<div class=\"elementor-widget-wrap elementor-element-populated\">\n\t\t\t\t\t\t<div class=\"elementor-element elementor-element-7912bc0 elementor-widget elementor-widget-text-editor\" data-id=\"7912bc0\" data-element_type=\"widget\" data-widget_type=\"text-editor.default\">\n\t\t\t\t<div class=\"elementor-widget-container\">\n\t\t\t\t\t\t\t\t\t<p><span style=\"font-weight: 400;\">L\u2019\u00eele de beaut\u00e9 est fi\u00e8re de sa culture et de ses paysages magnifiques entre les eaux turquoise. Les falaises, les montagnes rocheuses et ses c\u00e9l\u00e8bres maquis <strong>Corse<\/strong>. La <strong>Corse<\/strong> poss\u00e8de de tr\u00e8s nombreuses petites routes pour relier les villages entre eux, et elles sont tr\u00e8s agr\u00e9ables \u00e0 parcourir en <strong>voiture de collection.<\/strong><\/span><\/p>\t\t\t\t\t\t\t\t<\/div>\n\t\t\t\t<\/div>\n\t\t\t\t\t<\/div>\n\t\t<\/div>\n\t\t\t\t\t<\/div>\n\t\t<\/section>\n\t\t\t\t<section class=\"elementor-section elementor-top-section elementor-element elementor-element-b5e39f7 elementor-section-boxed elementor-section-height-default elementor-section-height-default\" data-id=\"b5e39f7\" data-element_type=\"section\">\n\t\t\t\t\t\t<div class=\"elementor-container elementor-column-gap-default\">\n\t\t\t\t\t<div class=\"elementor-column elementor-col-66 elementor-top-column elementor-element elementor-element-4164932\" data-id=\"4164932\" data-element_type=\"column\">\n\t\t\t<div class=\"elementor-widget-wrap elementor-element-populated\">\n\t\t\t\t\t\t<div class=\"elementor-element elementor-element-16327b0 elementor-widget elementor-widget-text-editor\" data-id=\"16327b0\" data-element_type=\"widget\" data-widget_type=\"text-editor.default\">\n\t\t\t\t<div class=\"elementor-widget-container\">\n\t\t\t\t\t\t\t\t\t<p>Si l\u2019article vous \u00e0 plus et vous a donn\u00e9 envie d\u2019aller <strong>Corse.<\/strong> Ouvrez l\u2019\u0153il lorsque\u00a0 vous irez vous balader sur les plages. Vous pourrez trouver des yeux de St Lucie \u2026 A vous de trouver la signification de ces coquillages pas comme les autres et qui portent chance.<\/p>\t\t\t\t\t\t\t\t<\/div>\n\t\t\t\t<\/div>\n\t\t\t\t\t<\/div>\n\t\t<\/div>\n\t\t\t\t<div class=\"elementor-column elementor-col-33 elementor-top-column elementor-element elementor-element-d345444\" data-id=\"d345444\" data-element_type=\"column\">\n\t\t\t<div class=\"elementor-widget-wrap elementor-element-populated\">\n\t\t\t\t\t\t<div class=\"elementor-element elementor-element-38e3fbf elementor-widget elementor-widget-image\" data-id=\"38e3fbf\" data-element_type=\"widget\" data-widget_type=\"image.default\">\n\t\t\t\t<div class=\"elementor-widget-container\">\n\t\t\t\t\t\t\t\t\t\t\t\t\t\t\t<img loading=\"lazy\" decoding=\"async\" width=\"682\" height=\"336\" src=\"https:\/\/www.wedrivit.com\/blog\/wp-content\/uploads\/2021\/07\/yeux-st-lucie.jpg\" class=\"attachment-large size-large wp-image-4091\" alt=\"Yeux de St Lucie\" \/>\t\t\t\t\t\t\t\t\t\t\t\t\t\t\t<\/div>\n\t\t\t\t<\/div>\n\t\t\t\t\t<\/div>\n\t\t<\/div>\n\t\t\t\t\t<\/div>\n\t\t<\/section>\n\t\t\t\t<section class=\"elementor-section elementor-top-section elementor-element elementor-element-81dee0b elementor-section-boxed elementor-section-height-default elementor-section-height-default\" data-id=\"81dee0b\" data-element_type=\"section\">\n\t\t\t\t\t\t<div class=\"elementor-container elementor-column-gap-default\">\n\t\t\t\t\t<div class=\"elementor-column elementor-col-100 elementor-top-column elementor-element elementor-element-a9f08d8\" data-id=\"a9f08d8\" data-element_type=\"column\">\n\t\t\t<div class=\"elementor-widget-wrap elementor-element-populated\">\n\t\t\t\t\t\t<div class=\"elementor-element elementor-element-17060e7 elementor-widget elementor-widget-spacer\" data-id=\"17060e7\" data-element_type=\"widget\" data-widget_type=\"spacer.default\">\n\t\t\t\t<div class=\"elementor-widget-container\">\n\t\t\t\t\t\t\t<div class=\"elementor-spacer\">\n\t\t\t<div class=\"elementor-spacer-inner\"><\/div>\n\t\t<\/div>\n\t\t\t\t\t\t<\/div>\n\t\t\t\t<\/div>\n\t\t\t\t\t<\/div>\n\t\t<\/div>\n\t\t\t\t\t<\/div>\n\t\t<\/section>\n\t\t\t\t<section class=\"elementor-section elementor-top-section elementor-element elementor-element-c7df4af elementor-section-boxed elementor-section-height-default elementor-section-height-default\" data-id=\"c7df4af\" data-element_type=\"section\">\n\t\t\t\t\t\t<div class=\"elementor-container elementor-column-gap-default\">\n\t\t\t\t\t<div class=\"elementor-column elementor-col-100 elementor-top-column elementor-element elementor-element-ba2850d\" data-id=\"ba2850d\" data-element_type=\"column\">\n\t\t\t<div class=\"elementor-widget-wrap elementor-element-populated\">\n\t\t\t\t\t\t<div class=\"elementor-element elementor-element-6053783 elementor-widget elementor-widget-text-editor\" data-id=\"6053783\" data-element_type=\"widget\" data-widget_type=\"text-editor.default\">\n\t\t\t\t<div class=\"elementor-widget-container\">\n\t\t\t\t\t\t\t\t\t<p><span style=\"color: #000000;\">Vous aimerez aussi avec <a href=\"https:\/\/www.wedrivit.com\/\" target=\"_blank\" rel=\"noopener\">Wedrivit<\/a>:\u00a0<\/span><\/p><blockquote><p><a href=\"https:\/\/www.wedrivit.com\/blog\/voiture\/collection\/road-trip-voiture-de-collection-entre-copines\/\">Organiser un Road Trip en voiture de collection entre copines\u00a0<\/a><\/p><p><a href=\"https:\/\/www.wedrivit.com\/blog\/voiture\/collection\/la-traversee-du-pays-basque-en-voiture-de-collection\/\">La travers\u00e9e du Pays Basque en voiture de collection<\/a><\/p><\/blockquote>\t\t\t\t\t\t\t\t<\/div>\n\t\t\t\t<\/div>\n\t\t\t\t\t<\/div>\n\t\t<\/div>\n\t\t\t\t\t<\/div>\n\t\t<\/section>\n\t\t\t\t<section class=\"elementor-section elementor-top-section elementor-element elementor-element-adfce6f elementor-section-boxed elementor-section-height-default elementor-section-height-default\" data-id=\"adfce6f\" data-element_type=\"section\">\n\t\t\t\t\t\t<div class=\"elementor-container elementor-column-gap-default\">\n\t\t\t\t\t<div class=\"elementor-column elementor-col-100 elementor-top-column elementor-element elementor-element-a7daaab\" data-id=\"a7daaab\" data-element_type=\"column\">\n\t\t\t<div class=\"elementor-widget-wrap elementor-element-populated\">\n\t\t\t\t\t\t<div class=\"elementor-element elementor-element-1ec8222 elementor-align-center elementor-widget elementor-widget-button\" data-id=\"1ec8222\" data-element_type=\"widget\" data-widget_type=\"button.default\">\n\t\t\t\t<div class=\"elementor-widget-container\">\n\t\t\t\t\t\t\t\t\t<div class=\"elementor-button-wrapper\">\n\t\t\t\t\t<a class=\"elementor-button elementor-button-link elementor-size-sm\" href=\"https:\/\/www.wedrivit.com\/\" target=\"_blank\">\n\t\t\t\t\t\t<span class=\"elementor-button-content-wrapper\">\n\t\t\t\t\t\t\t\t\t<span class=\"elementor-button-text\">Trouver une voiture de collection en Corse<\/span>\n\t\t\t\t\t<\/span>\n\t\t\t\t\t<\/a>\n\t\t\t\t<\/div>\n\t\t\t\t\t\t\t\t<\/div>\n\t\t\t\t<\/div>\n\t\t\t\t\t<\/div>\n\t\t<\/div>\n\t\t\t\t\t<\/div>\n\t\t<\/section>\n\t\t\t\t<\/div>\n\t\t","protected":false},"excerpt":{"rendered":"<p>Une escapade au c\u0153ur de la Corse en voiture de collection<\/p>\n","protected":false},"author":13,"featured_media":4081,"comment_status":"open","ping_status":"open","sticky":false,"template":"","format":"standard","meta":{"footnotes":""},"categories":[1,7],"tags":[],"class_list":["post-4047","post","type-post","status-publish","format-standard","has-post-thumbnail","hentry","category-tous-les-articles","category-voyage"],"yoast_head":"<!-- This site is optimized with the Yoast SEO plugin v26.9 - https:\/\/yoast.com\/product\/yoast-seo-wordpress\/ -->\n<title>Une escapade au c\u0153ur de la Corse en voiture de collection - Le blog des voitures de collection par Wedrivit<\/title>\n<meta name=\"description\" content=\"Evadez-vous au volant d&#039;une voiture de collection en Corse. Au coeur de la mer M\u00e9diterran\u00e9e, laissez-vous porter par ses magnifiques paysages.\" \/>\n<meta name=\"robots\" content=\"index, follow, max-snippet:-1, max-image-preview:large, max-video-preview:-1\" \/>\n<link rel=\"canonical\" href=\"https:\/\/www.wedrivit.com\/blog\/voiture\/collection\/une-escapade-au-coeur-de-lile-de-beaute-en-voiture-de-collection\" \/>\n<meta property=\"og:locale\" content=\"fr_FR\" \/>\n<meta property=\"og:type\" content=\"article\" \/>\n<meta property=\"og:title\" content=\"Une escapade au c\u0153ur de la Corse en voiture de collection - Le blog des voitures de collection par Wedrivit\" \/>\n<meta property=\"og:description\" content=\"Evadez-vous au volant d&#039;une voiture de collection en Corse. Au coeur de la mer M\u00e9diterran\u00e9e, laissez-vous porter par ses magnifiques paysages.\" \/>\n<meta property=\"og:url\" content=\"https:\/\/www.wedrivit.com\/blog\/voiture\/collection\/une-escapade-au-coeur-de-lile-de-beaute-en-voiture-de-collection\" \/>\n<meta property=\"og:site_name\" content=\"Le blog des voitures de collection par Wedrivit\" \/>\n<meta property=\"article:published_time\" content=\"2021-08-04T13:00:00+00:00\" \/>\n<meta property=\"article:modified_time\" content=\"2022-12-12T13:35:44+00:00\" \/>\n<meta property=\"og:image\" content=\"https:\/\/www.wedrivit.com\/blog\/wp-content\/uploads\/2021\/07\/Drapeau_Clker-fre-vertor-images.png\" \/>\n\t<meta property=\"og:image:width\" content=\"1280\" \/>\n\t<meta property=\"og:image:height\" content=\"769\" \/>\n\t<meta property=\"og:image:type\" content=\"image\/png\" \/>\n<meta name=\"author\" content=\"Emma Lamaison\" \/>\n<meta name=\"twitter:card\" content=\"summary_large_image\" \/>\n<meta name=\"twitter:label1\" content=\"\u00c9crit par\" \/>\n\t<meta name=\"twitter:data1\" content=\"Emma Lamaison\" \/>\n\t<meta name=\"twitter:label2\" content=\"Dur\u00e9e de lecture estim\u00e9e\" \/>\n\t<meta name=\"twitter:data2\" content=\"8 minutes\" \/>\n<script type=\"application\/ld+json\" class=\"yoast-schema-graph\">{\"@context\":\"https:\/\/schema.org\",\"@graph\":[{\"@type\":\"Article\",\"@id\":\"https:\/\/www.wedrivit.com\/blog\/voiture\/collection\/une-escapade-au-coeur-de-lile-de-beaute-en-voiture-de-collection#article\",\"isPartOf\":{\"@id\":\"https:\/\/www.wedrivit.com\/blog\/voiture\/collection\/une-escapade-au-coeur-de-lile-de-beaute-en-voiture-de-collection\"},\"author\":{\"name\":\"Emma Lamaison\",\"@id\":\"https:\/\/www.wedrivit.com\/blog\/#\/schema\/person\/b5083d2ee3c90d381714dafa2a57c2d7\"},\"headline\":\"Une escapade au c\u0153ur de la Corse en voiture de collection\",\"datePublished\":\"2021-08-04T13:00:00+00:00\",\"dateModified\":\"2022-12-12T13:35:44+00:00\",\"mainEntityOfPage\":{\"@id\":\"https:\/\/www.wedrivit.com\/blog\/voiture\/collection\/une-escapade-au-coeur-de-lile-de-beaute-en-voiture-de-collection\"},\"wordCount\":1554,\"commentCount\":0,\"publisher\":{\"@id\":\"https:\/\/www.wedrivit.com\/blog\/#organization\"},\"image\":{\"@id\":\"https:\/\/www.wedrivit.com\/blog\/voiture\/collection\/une-escapade-au-coeur-de-lile-de-beaute-en-voiture-de-collection#primaryimage\"},\"thumbnailUrl\":\"https:\/\/www.wedrivit.com\/blog\/wp-content\/uploads\/2021\/07\/Drapeau_Clker-fre-vertor-images.png\",\"articleSection\":[\"Tous les articles\",\"Voyages\"],\"inLanguage\":\"fr-FR\",\"potentialAction\":[{\"@type\":\"CommentAction\",\"name\":\"Comment\",\"target\":[\"https:\/\/www.wedrivit.com\/blog\/voiture\/collection\/une-escapade-au-coeur-de-lile-de-beaute-en-voiture-de-collection#respond\"]}]},{\"@type\":\"WebPage\",\"@id\":\"https:\/\/www.wedrivit.com\/blog\/voiture\/collection\/une-escapade-au-coeur-de-lile-de-beaute-en-voiture-de-collection\",\"url\":\"https:\/\/www.wedrivit.com\/blog\/voiture\/collection\/une-escapade-au-coeur-de-lile-de-beaute-en-voiture-de-collection\",\"name\":\"Une escapade au c\u0153ur de la Corse en voiture de collection - Le blog des voitures de collection par Wedrivit\",\"isPartOf\":{\"@id\":\"https:\/\/www.wedrivit.com\/blog\/#website\"},\"primaryImageOfPage\":{\"@id\":\"https:\/\/www.wedrivit.com\/blog\/voiture\/collection\/une-escapade-au-coeur-de-lile-de-beaute-en-voiture-de-collection#primaryimage\"},\"image\":{\"@id\":\"https:\/\/www.wedrivit.com\/blog\/voiture\/collection\/une-escapade-au-coeur-de-lile-de-beaute-en-voiture-de-collection#primaryimage\"},\"thumbnailUrl\":\"https:\/\/www.wedrivit.com\/blog\/wp-content\/uploads\/2021\/07\/Drapeau_Clker-fre-vertor-images.png\",\"datePublished\":\"2021-08-04T13:00:00+00:00\",\"dateModified\":\"2022-12-12T13:35:44+00:00\",\"description\":\"Evadez-vous au volant d'une voiture de collection en Corse. Au coeur de la mer M\u00e9diterran\u00e9e, laissez-vous porter par ses magnifiques paysages.\",\"breadcrumb\":{\"@id\":\"https:\/\/www.wedrivit.com\/blog\/voiture\/collection\/une-escapade-au-coeur-de-lile-de-beaute-en-voiture-de-collection#breadcrumb\"},\"inLanguage\":\"fr-FR\",\"potentialAction\":[{\"@type\":\"ReadAction\",\"target\":[\"https:\/\/www.wedrivit.com\/blog\/voiture\/collection\/une-escapade-au-coeur-de-lile-de-beaute-en-voiture-de-collection\"]}]},{\"@type\":\"ImageObject\",\"inLanguage\":\"fr-FR\",\"@id\":\"https:\/\/www.wedrivit.com\/blog\/voiture\/collection\/une-escapade-au-coeur-de-lile-de-beaute-en-voiture-de-collection#primaryimage\",\"url\":\"https:\/\/www.wedrivit.com\/blog\/wp-content\/uploads\/2021\/07\/Drapeau_Clker-fre-vertor-images.png\",\"contentUrl\":\"https:\/\/www.wedrivit.com\/blog\/wp-content\/uploads\/2021\/07\/Drapeau_Clker-fre-vertor-images.png\",\"width\":1280,\"height\":769,\"caption\":\"Photo de Clker-fre-vertor-images\"},{\"@type\":\"BreadcrumbList\",\"@id\":\"https:\/\/www.wedrivit.com\/blog\/voiture\/collection\/une-escapade-au-coeur-de-lile-de-beaute-en-voiture-de-collection#breadcrumb\",\"itemListElement\":[{\"@type\":\"ListItem\",\"position\":1,\"name\":\"Home\",\"item\":\"https:\/\/www.wedrivit.com\/blog\/\"},{\"@type\":\"ListItem\",\"position\":2,\"name\":\"Une escapade au c\u0153ur de la Corse en voiture de collection\"}]},{\"@type\":\"WebSite\",\"@id\":\"https:\/\/www.wedrivit.com\/blog\/#website\",\"url\":\"https:\/\/www.wedrivit.com\/blog\/\",\"name\":\"Le blog des voitures de collection par Wedrivit\",\"description\":\"Tout savoir sur les voitures anciennes grace \u00e0 Wedrivit, la plateforme de location de voitures anciennes entre particuliers.\",\"publisher\":{\"@id\":\"https:\/\/www.wedrivit.com\/blog\/#organization\"},\"potentialAction\":[{\"@type\":\"SearchAction\",\"target\":{\"@type\":\"EntryPoint\",\"urlTemplate\":\"https:\/\/www.wedrivit.com\/blog\/?s={search_term_string}\"},\"query-input\":{\"@type\":\"PropertyValueSpecification\",\"valueRequired\":true,\"valueName\":\"search_term_string\"}}],\"inLanguage\":\"fr-FR\"},{\"@type\":\"Organization\",\"@id\":\"https:\/\/www.wedrivit.com\/blog\/#organization\",\"name\":\"Le blog des voitures de collection par Wedrivit\",\"url\":\"https:\/\/www.wedrivit.com\/blog\/\",\"logo\":{\"@type\":\"ImageObject\",\"inLanguage\":\"fr-FR\",\"@id\":\"https:\/\/www.wedrivit.com\/blog\/#\/schema\/logo\/image\/\",\"url\":\"https:\/\/www.wedrivit.com\/blog\/wp-content\/uploads\/2024\/12\/wedrivit-blanc-large-2.png\",\"contentUrl\":\"https:\/\/www.wedrivit.com\/blog\/wp-content\/uploads\/2024\/12\/wedrivit-blanc-large-2.png\",\"caption\":\"Le blog des voitures de collection par Wedrivit\"},\"image\":{\"@id\":\"https:\/\/www.wedrivit.com\/blog\/#\/schema\/logo\/image\/\"}},{\"@type\":\"Person\",\"@id\":\"https:\/\/www.wedrivit.com\/blog\/#\/schema\/person\/b5083d2ee3c90d381714dafa2a57c2d7\",\"name\":\"Emma Lamaison\",\"image\":{\"@type\":\"ImageObject\",\"inLanguage\":\"fr-FR\",\"@id\":\"https:\/\/www.wedrivit.com\/blog\/#\/schema\/person\/image\/\",\"url\":\"https:\/\/secure.gravatar.com\/avatar\/f40afe8fcd291dc48a987a154c6669b741babc72aeccc5bf4e693743144a6f65?s=96&d=mm&r=g\",\"contentUrl\":\"https:\/\/secure.gravatar.com\/avatar\/f40afe8fcd291dc48a987a154c6669b741babc72aeccc5bf4e693743144a6f65?s=96&d=mm&r=g\",\"caption\":\"Emma Lamaison\"},\"sameAs\":[\"http:\/\/www.classic-hub.com\"],\"url\":\"https:\/\/www.wedrivit.com\/blog\/voiture\/collection\/author\/emma-lamaison\"}]}<\/script>\n<!-- \/ Yoast SEO plugin. -->","yoast_head_json":{"title":"Une escapade au c\u0153ur de la Corse en voiture de collection - Le blog des voitures de collection par Wedrivit","description":"Evadez-vous au volant d'une voiture de collection en Corse. Au coeur de la mer M\u00e9diterran\u00e9e, laissez-vous porter par ses magnifiques paysages.","robots":{"index":"index","follow":"follow","max-snippet":"max-snippet:-1","max-image-preview":"max-image-preview:large","max-video-preview":"max-video-preview:-1"},"canonical":"https:\/\/www.wedrivit.com\/blog\/voiture\/collection\/une-escapade-au-coeur-de-lile-de-beaute-en-voiture-de-collection","og_locale":"fr_FR","og_type":"article","og_title":"Une escapade au c\u0153ur de la Corse en voiture de collection - Le blog des voitures de collection par Wedrivit","og_description":"Evadez-vous au volant d'une voiture de collection en Corse. Au coeur de la mer M\u00e9diterran\u00e9e, laissez-vous porter par ses magnifiques paysages.","og_url":"https:\/\/www.wedrivit.com\/blog\/voiture\/collection\/une-escapade-au-coeur-de-lile-de-beaute-en-voiture-de-collection","og_site_name":"Le blog des voitures de collection par Wedrivit","article_published_time":"2021-08-04T13:00:00+00:00","article_modified_time":"2022-12-12T13:35:44+00:00","og_image":[{"width":1280,"height":769,"url":"https:\/\/www.wedrivit.com\/blog\/wp-content\/uploads\/2021\/07\/Drapeau_Clker-fre-vertor-images.png","type":"image\/png"}],"author":"Emma Lamaison","twitter_card":"summary_large_image","twitter_misc":{"\u00c9crit par":"Emma Lamaison","Dur\u00e9e de lecture estim\u00e9e":"8 minutes"},"schema":{"@context":"https:\/\/schema.org","@graph":[{"@type":"Article","@id":"https:\/\/www.wedrivit.com\/blog\/voiture\/collection\/une-escapade-au-coeur-de-lile-de-beaute-en-voiture-de-collection#article","isPartOf":{"@id":"https:\/\/www.wedrivit.com\/blog\/voiture\/collection\/une-escapade-au-coeur-de-lile-de-beaute-en-voiture-de-collection"},"author":{"name":"Emma Lamaison","@id":"https:\/\/www.wedrivit.com\/blog\/#\/schema\/person\/b5083d2ee3c90d381714dafa2a57c2d7"},"headline":"Une escapade au c\u0153ur de la Corse en voiture de collection","datePublished":"2021-08-04T13:00:00+00:00","dateModified":"2022-12-12T13:35:44+00:00","mainEntityOfPage":{"@id":"https:\/\/www.wedrivit.com\/blog\/voiture\/collection\/une-escapade-au-coeur-de-lile-de-beaute-en-voiture-de-collection"},"wordCount":1554,"commentCount":0,"publisher":{"@id":"https:\/\/www.wedrivit.com\/blog\/#organization"},"image":{"@id":"https:\/\/www.wedrivit.com\/blog\/voiture\/collection\/une-escapade-au-coeur-de-lile-de-beaute-en-voiture-de-collection#primaryimage"},"thumbnailUrl":"https:\/\/www.wedrivit.com\/blog\/wp-content\/uploads\/2021\/07\/Drapeau_Clker-fre-vertor-images.png","articleSection":["Tous les articles","Voyages"],"inLanguage":"fr-FR","potentialAction":[{"@type":"CommentAction","name":"Comment","target":["https:\/\/www.wedrivit.com\/blog\/voiture\/collection\/une-escapade-au-coeur-de-lile-de-beaute-en-voiture-de-collection#respond"]}]},{"@type":"WebPage","@id":"https:\/\/www.wedrivit.com\/blog\/voiture\/collection\/une-escapade-au-coeur-de-lile-de-beaute-en-voiture-de-collection","url":"https:\/\/www.wedrivit.com\/blog\/voiture\/collection\/une-escapade-au-coeur-de-lile-de-beaute-en-voiture-de-collection","name":"Une escapade au c\u0153ur de la Corse en voiture de collection - Le blog des voitures de collection par Wedrivit","isPartOf":{"@id":"https:\/\/www.wedrivit.com\/blog\/#website"},"primaryImageOfPage":{"@id":"https:\/\/www.wedrivit.com\/blog\/voiture\/collection\/une-escapade-au-coeur-de-lile-de-beaute-en-voiture-de-collection#primaryimage"},"image":{"@id":"https:\/\/www.wedrivit.com\/blog\/voiture\/collection\/une-escapade-au-coeur-de-lile-de-beaute-en-voiture-de-collection#primaryimage"},"thumbnailUrl":"https:\/\/www.wedrivit.com\/blog\/wp-content\/uploads\/2021\/07\/Drapeau_Clker-fre-vertor-images.png","datePublished":"2021-08-04T13:00:00+00:00","dateModified":"2022-12-12T13:35:44+00:00","description":"Evadez-vous au volant d'une voiture de collection en Corse. Au coeur de la mer M\u00e9diterran\u00e9e, laissez-vous porter par ses magnifiques paysages.","breadcrumb":{"@id":"https:\/\/www.wedrivit.com\/blog\/voiture\/collection\/une-escapade-au-coeur-de-lile-de-beaute-en-voiture-de-collection#breadcrumb"},"inLanguage":"fr-FR","potentialAction":[{"@type":"ReadAction","target":["https:\/\/www.wedrivit.com\/blog\/voiture\/collection\/une-escapade-au-coeur-de-lile-de-beaute-en-voiture-de-collection"]}]},{"@type":"ImageObject","inLanguage":"fr-FR","@id":"https:\/\/www.wedrivit.com\/blog\/voiture\/collection\/une-escapade-au-coeur-de-lile-de-beaute-en-voiture-de-collection#primaryimage","url":"https:\/\/www.wedrivit.com\/blog\/wp-content\/uploads\/2021\/07\/Drapeau_Clker-fre-vertor-images.png","contentUrl":"https:\/\/www.wedrivit.com\/blog\/wp-content\/uploads\/2021\/07\/Drapeau_Clker-fre-vertor-images.png","width":1280,"height":769,"caption":"Photo de Clker-fre-vertor-images"},{"@type":"BreadcrumbList","@id":"https:\/\/www.wedrivit.com\/blog\/voiture\/collection\/une-escapade-au-coeur-de-lile-de-beaute-en-voiture-de-collection#breadcrumb","itemListElement":[{"@type":"ListItem","position":1,"name":"Home","item":"https:\/\/www.wedrivit.com\/blog\/"},{"@type":"ListItem","position":2,"name":"Une escapade au c\u0153ur de la Corse en voiture de collection"}]},{"@type":"WebSite","@id":"https:\/\/www.wedrivit.com\/blog\/#website","url":"https:\/\/www.wedrivit.com\/blog\/","name":"Le blog des voitures de collection par Wedrivit","description":"Tout savoir sur les voitures anciennes grace \u00e0 Wedrivit, la plateforme de location de voitures anciennes entre particuliers.","publisher":{"@id":"https:\/\/www.wedrivit.com\/blog\/#organization"},"potentialAction":[{"@type":"SearchAction","target":{"@type":"EntryPoint","urlTemplate":"https:\/\/www.wedrivit.com\/blog\/?s={search_term_string}"},"query-input":{"@type":"PropertyValueSpecification","valueRequired":true,"valueName":"search_term_string"}}],"inLanguage":"fr-FR"},{"@type":"Organization","@id":"https:\/\/www.wedrivit.com\/blog\/#organization","name":"Le blog des voitures de collection par Wedrivit","url":"https:\/\/www.wedrivit.com\/blog\/","logo":{"@type":"ImageObject","inLanguage":"fr-FR","@id":"https:\/\/www.wedrivit.com\/blog\/#\/schema\/logo\/image\/","url":"https:\/\/www.wedrivit.com\/blog\/wp-content\/uploads\/2024\/12\/wedrivit-blanc-large-2.png","contentUrl":"https:\/\/www.wedrivit.com\/blog\/wp-content\/uploads\/2024\/12\/wedrivit-blanc-large-2.png","caption":"Le blog des voitures de collection par Wedrivit"},"image":{"@id":"https:\/\/www.wedrivit.com\/blog\/#\/schema\/logo\/image\/"}},{"@type":"Person","@id":"https:\/\/www.wedrivit.com\/blog\/#\/schema\/person\/b5083d2ee3c90d381714dafa2a57c2d7","name":"Emma Lamaison","image":{"@type":"ImageObject","inLanguage":"fr-FR","@id":"https:\/\/www.wedrivit.com\/blog\/#\/schema\/person\/image\/","url":"https:\/\/secure.gravatar.com\/avatar\/f40afe8fcd291dc48a987a154c6669b741babc72aeccc5bf4e693743144a6f65?s=96&d=mm&r=g","contentUrl":"https:\/\/secure.gravatar.com\/avatar\/f40afe8fcd291dc48a987a154c6669b741babc72aeccc5bf4e693743144a6f65?s=96&d=mm&r=g","caption":"Emma Lamaison"},"sameAs":["http:\/\/www.classic-hub.com"],"url":"https:\/\/www.wedrivit.com\/blog\/voiture\/collection\/author\/emma-lamaison"}]}},"_links":{"self":[{"href":"https:\/\/www.wedrivit.com\/blog\/wp-json\/wp\/v2\/posts\/4047","targetHints":{"allow":["GET"]}}],"collection":[{"href":"https:\/\/www.wedrivit.com\/blog\/wp-json\/wp\/v2\/posts"}],"about":[{"href":"https:\/\/www.wedrivit.com\/blog\/wp-json\/wp\/v2\/types\/post"}],"author":[{"embeddable":true,"href":"https:\/\/www.wedrivit.com\/blog\/wp-json\/wp\/v2\/users\/13"}],"replies":[{"embeddable":true,"href":"https:\/\/www.wedrivit.com\/blog\/wp-json\/wp\/v2\/comments?post=4047"}],"version-history":[{"count":83,"href":"https:\/\/www.wedrivit.com\/blog\/wp-json\/wp\/v2\/posts\/4047\/revisions"}],"predecessor-version":[{"id":7329,"href":"https:\/\/www.wedrivit.com\/blog\/wp-json\/wp\/v2\/posts\/4047\/revisions\/7329"}],"wp:featuredmedia":[{"embeddable":true,"href":"https:\/\/www.wedrivit.com\/blog\/wp-json\/wp\/v2\/media\/4081"}],"wp:attachment":[{"href":"https:\/\/www.wedrivit.com\/blog\/wp-json\/wp\/v2\/media?parent=4047"}],"wp:term":[{"taxonomy":"category","embeddable":true,"href":"https:\/\/www.wedrivit.com\/blog\/wp-json\/wp\/v2\/categories?post=4047"},{"taxonomy":"post_tag","embeddable":true,"href":"https:\/\/www.wedrivit.com\/blog\/wp-json\/wp\/v2\/tags?post=4047"}],"curies":[{"name":"wp","href":"https:\/\/api.w.org\/{rel}","templated":true}]}}