{"id":3953,"date":"2021-07-28T15:00:00","date_gmt":"2021-07-28T13:00:00","guid":{"rendered":"https:\/\/www.wedrivit.com\/blog\/?p=3953"},"modified":"2022-07-26T12:24:59","modified_gmt":"2022-07-26T10:24:59","slug":"a-la-decouverte-des-plus-beaux-villages-de-france-en-ancienne","status":"publish","type":"post","link":"https:\/\/www.wedrivit.com\/blog\/voiture\/collection\/a-la-decouverte-des-plus-beaux-villages-de-france-en-ancienne","title":{"rendered":"A la d\u00e9couverte des plus beaux villages de France en ancienne"},"content":{"rendered":"\t\t<div data-elementor-type=\"wp-post\" data-elementor-id=\"3953\" class=\"elementor elementor-3953\">\n\t\t\t\t\t\t<section class=\"elementor-section elementor-top-section elementor-element elementor-element-0ab3c49 elementor-section-boxed elementor-section-height-default elementor-section-height-default\" data-id=\"0ab3c49\" data-element_type=\"section\">\n\t\t\t\t\t\t<div class=\"elementor-container elementor-column-gap-default\">\n\t\t\t\t\t<div class=\"elementor-column elementor-col-66 elementor-top-column elementor-element elementor-element-273a808\" data-id=\"273a808\" data-element_type=\"column\">\n\t\t\t<div class=\"elementor-widget-wrap elementor-element-populated\">\n\t\t\t\t\t\t<div class=\"elementor-element elementor-element-eefeda8 elementor-widget elementor-widget-text-editor\" data-id=\"eefeda8\" data-element_type=\"widget\" data-widget_type=\"text-editor.default\">\n\t\t\t\t<div class=\"elementor-widget-container\">\n\t\t\t\t\t\t\t\t\t<p>Les Plus Beaux <strong>Villages de France<\/strong> est une association qui a \u00e9t\u00e9 pens\u00e9e en 1981 par le maire du village de Collonges-la-Rouge, Charles Ceyrac. La cr\u00e9ation de cette association \u00e0 un double objectif pour lui. Il souhaite dans un premier temps prot\u00e9ger et promouvoir le patrimoine fran\u00e7ais \u00e0 travers la conservation de ces villages et dans un second temps r\u00e9pondre \u00e0 la probl\u00e9matique de la baisse du nombre d\u2019habitants dans certains <strong>villages fran\u00e7ais<\/strong>.\u00a0\u00a0<\/p><p>L\u2019association voit le jour le 6 mars 1982 \u00e0 Salers dans le Cantal, \u00e0 ses c\u00f4t\u00e9s Charles Ceyrac rencontre 66 maires qui l\u2019ont suivi dans son projet. En presque 40 ans, l\u2019association a recens\u00e9 162 villages.<\/p>\t\t\t\t\t\t\t\t<\/div>\n\t\t\t\t<\/div>\n\t\t\t\t\t<\/div>\n\t\t<\/div>\n\t\t\t\t<div class=\"elementor-column elementor-col-33 elementor-top-column elementor-element elementor-element-8f63654\" data-id=\"8f63654\" data-element_type=\"column\">\n\t\t\t<div class=\"elementor-widget-wrap elementor-element-populated\">\n\t\t\t\t\t\t<div class=\"elementor-element elementor-element-870307c elementor-widget elementor-widget-image\" data-id=\"870307c\" data-element_type=\"widget\" data-widget_type=\"image.default\">\n\t\t\t\t<div class=\"elementor-widget-container\">\n\t\t\t\t\t\t\t\t\t\t\t\t\t\t\t\t<a href=\"https:\/\/www.les-plus-beaux-villages-de-france.org\/fr\/\">\n\t\t\t\t\t\t\t<img fetchpriority=\"high\" decoding=\"async\" width=\"778\" height=\"1000\" src=\"https:\/\/www.wedrivit.com\/blog\/wp-content\/uploads\/2021\/07\/Les_plus_beaux_villages_de_france.svg_.png\" class=\"elementor-animation-shrink attachment-large size-large wp-image-3955\" alt=\"Logo\" \/>\t\t\t\t\t\t\t\t<\/a>\n\t\t\t\t\t\t\t\t\t\t\t\t\t\t\t<\/div>\n\t\t\t\t<\/div>\n\t\t\t\t\t<\/div>\n\t\t<\/div>\n\t\t\t\t\t<\/div>\n\t\t<\/section>\n\t\t\t\t<section class=\"elementor-section elementor-top-section elementor-element elementor-element-e20a049 elementor-section-boxed elementor-section-height-default elementor-section-height-default\" data-id=\"e20a049\" data-element_type=\"section\">\n\t\t\t\t\t\t<div class=\"elementor-container elementor-column-gap-default\">\n\t\t\t\t\t<div class=\"elementor-column elementor-col-100 elementor-top-column elementor-element elementor-element-2936428\" data-id=\"2936428\" data-element_type=\"column\">\n\t\t\t<div class=\"elementor-widget-wrap elementor-element-populated\">\n\t\t\t\t\t\t<div class=\"elementor-element elementor-element-68f8354 elementor-widget elementor-widget-text-editor\" data-id=\"68f8354\" data-element_type=\"widget\" data-widget_type=\"text-editor.default\">\n\t\t\t\t<div class=\"elementor-widget-container\">\n\t\t\t\t\t\t\t\t\t<p>Un village class\u00e9 parmi les Plus Beaux <strong>Villages de France<\/strong> va pouvoir b\u00e9n\u00e9ficier d\u2019une certaine notori\u00e9t\u00e9 par cette renomm\u00e9e. Cela va lui permettre d\u2019accueillir d\u2019avantages de touristes et ainsi augmenter son d\u00e9veloppement \u00e9conomique.<\/p><p>Pour \u00eatre s\u00e9lectionn\u00e9 comme Plus Beaux <strong>Villages de France<\/strong>, le village doit faire un dossier de candidature qui r\u00e9pond \u00e0 certains crit\u00e8res comme un nombre maximum d\u2019habitants dans le village, avoir au minimum deux sites \u00e9tant class\u00e9s et prot\u00e9g\u00e9s par l\u2019Etat. Par la suite, le village va \u00eatre expertis\u00e9, puis il va passer par le vote de la Commission Qualit\u00e9 de l\u2019association. A l\u2019issue de ce parcours, le village pourra (ou non, s\u2019il ne respecte pas tous les crit\u00e8res) \u00eatre class\u00e9 parmi les Plus Beaux <strong>Villages de France<\/strong>.<\/p>\t\t\t\t\t\t\t\t<\/div>\n\t\t\t\t<\/div>\n\t\t\t\t\t<\/div>\n\t\t<\/div>\n\t\t\t\t\t<\/div>\n\t\t<\/section>\n\t\t\t\t<section class=\"elementor-section elementor-top-section elementor-element elementor-element-4e6bdb0 elementor-section-boxed elementor-section-height-default elementor-section-height-default\" data-id=\"4e6bdb0\" data-element_type=\"section\">\n\t\t\t\t\t\t<div class=\"elementor-container elementor-column-gap-default\">\n\t\t\t\t\t<div class=\"elementor-column elementor-col-100 elementor-top-column elementor-element elementor-element-6ea653a\" data-id=\"6ea653a\" data-element_type=\"column\">\n\t\t\t<div class=\"elementor-widget-wrap elementor-element-populated\">\n\t\t\t\t\t\t<div class=\"elementor-element elementor-element-80e4434 elementor-widget elementor-widget-heading\" data-id=\"80e4434\" data-element_type=\"widget\" data-widget_type=\"heading.default\">\n\t\t\t\t<div class=\"elementor-widget-container\">\n\t\t\t\t\t<h2 class=\"elementor-heading-title elementor-size-default\">Saint Quirin<\/h2>\t\t\t\t<\/div>\n\t\t\t\t<\/div>\n\t\t\t\t\t<\/div>\n\t\t<\/div>\n\t\t\t\t\t<\/div>\n\t\t<\/section>\n\t\t\t\t<section class=\"elementor-section elementor-top-section elementor-element elementor-element-aa37f3e elementor-section-boxed elementor-section-height-default elementor-section-height-default\" data-id=\"aa37f3e\" data-element_type=\"section\">\n\t\t\t\t\t\t<div class=\"elementor-container elementor-column-gap-default\">\n\t\t\t\t\t<div class=\"elementor-column elementor-col-33 elementor-top-column elementor-element elementor-element-5e484db\" data-id=\"5e484db\" data-element_type=\"column\">\n\t\t\t<div class=\"elementor-widget-wrap elementor-element-populated\">\n\t\t\t\t\t\t<div class=\"elementor-element elementor-element-9f006bc elementor-widget elementor-widget-image\" data-id=\"9f006bc\" data-element_type=\"widget\" data-widget_type=\"image.default\">\n\t\t\t\t<div class=\"elementor-widget-container\">\n\t\t\t\t\t\t\t\t\t\t\t\t\t\t\t<img decoding=\"async\" width=\"300\" height=\"450\" src=\"https:\/\/www.wedrivit.com\/blog\/wp-content\/uploads\/2021\/07\/Saint-Quirin-1.jpg\" class=\"attachment-large size-large wp-image-3959\" alt=\"Saint-Quirin\" \/>\t\t\t\t\t\t\t\t\t\t\t\t\t\t\t<\/div>\n\t\t\t\t<\/div>\n\t\t\t\t\t<\/div>\n\t\t<\/div>\n\t\t\t\t<div class=\"elementor-column elementor-col-66 elementor-top-column elementor-element elementor-element-267a75a\" data-id=\"267a75a\" data-element_type=\"column\">\n\t\t\t<div class=\"elementor-widget-wrap elementor-element-populated\">\n\t\t\t\t\t\t<div class=\"elementor-element elementor-element-66ecadb elementor-widget elementor-widget-text-editor\" data-id=\"66ecadb\" data-element_type=\"widget\" data-widget_type=\"text-editor.default\">\n\t\t\t\t<div class=\"elementor-widget-container\">\n\t\t\t\t\t\t\t\t\t<p><span style=\"font-weight: 400;\"><a href=\"https:\/\/www.wedrivit.com\/rechercher?city=Saint-Quirin\" target=\"_blank\" rel=\"noopener\">Saint Quirin<\/a> est un petit village qui se situe en Lorraine, entre les collines. En entrant dans le village vous pourrez admirer le prieur\u00e9 et l\u2019\u00e9glise du village qui sont chacun surplomb\u00e9 d\u2019un clocher \u00e0 trois bulbes. Saint Quirin \u00e9tait un village tr\u00e8s marqu\u00e9 par la religion pendant le Moyen-\u00c2ge, vous pourrez y retrouver de nombreuses significations \u00e0 la r\u00e9gion, comme des croix de chemins, des cimeti\u00e8res ou encore des tombeaux.<\/span><\/p><p><span style=\"font-weight: 400;\">Le village regorge de nombreux monuments historiques, ainsi que de nombreux vestiges gallo-romains, ouvrez l\u2019\u0153il pour ne pas les manquer. Si vous avez des probl\u00e8mes de peau, faites un arr\u00eat \u00e0 la fontaine miraculeuse qui aurait des vertus gu\u00e9rissantes pour ces derniers.\u00a0<\/span><\/p><p><span style=\"font-weight: 400;\">Garez votre <\/span><b>voiture de collection<\/b><span style=\"font-weight: 400;\"> et d\u00e9couvrez ce village avec ses nombreuses l\u00e9gendes et traditions<\/span><\/p>\t\t\t\t\t\t\t\t<\/div>\n\t\t\t\t<\/div>\n\t\t\t\t\t<\/div>\n\t\t<\/div>\n\t\t\t\t\t<\/div>\n\t\t<\/section>\n\t\t\t\t<section class=\"elementor-section elementor-top-section elementor-element elementor-element-cb70e88 elementor-section-boxed elementor-section-height-default elementor-section-height-default\" data-id=\"cb70e88\" data-element_type=\"section\">\n\t\t\t\t\t\t<div class=\"elementor-container elementor-column-gap-default\">\n\t\t\t\t\t<div class=\"elementor-column elementor-col-100 elementor-top-column elementor-element elementor-element-b467c8f\" data-id=\"b467c8f\" data-element_type=\"column\">\n\t\t\t<div class=\"elementor-widget-wrap elementor-element-populated\">\n\t\t\t\t\t\t<div class=\"elementor-element elementor-element-6ca1e02 elementor-widget elementor-widget-spacer\" data-id=\"6ca1e02\" data-element_type=\"widget\" data-widget_type=\"spacer.default\">\n\t\t\t\t<div class=\"elementor-widget-container\">\n\t\t\t\t\t\t\t<div class=\"elementor-spacer\">\n\t\t\t<div class=\"elementor-spacer-inner\"><\/div>\n\t\t<\/div>\n\t\t\t\t\t\t<\/div>\n\t\t\t\t<\/div>\n\t\t\t\t\t<\/div>\n\t\t<\/div>\n\t\t\t\t\t<\/div>\n\t\t<\/section>\n\t\t\t\t<section class=\"elementor-section elementor-top-section elementor-element elementor-element-f64056f elementor-section-boxed elementor-section-height-default elementor-section-height-default\" data-id=\"f64056f\" data-element_type=\"section\">\n\t\t\t\t\t\t<div class=\"elementor-container elementor-column-gap-default\">\n\t\t\t\t\t<div class=\"elementor-column elementor-col-100 elementor-top-column elementor-element elementor-element-adcb943\" data-id=\"adcb943\" data-element_type=\"column\">\n\t\t\t<div class=\"elementor-widget-wrap elementor-element-populated\">\n\t\t\t\t\t\t<div class=\"elementor-element elementor-element-6ee4ca6 elementor-widget elementor-widget-heading\" data-id=\"6ee4ca6\" data-element_type=\"widget\" data-widget_type=\"heading.default\">\n\t\t\t\t<div class=\"elementor-widget-container\">\n\t\t\t\t\t<h2 class=\"elementor-heading-title elementor-size-default\">Moncontour<\/h2>\t\t\t\t<\/div>\n\t\t\t\t<\/div>\n\t\t\t\t\t<\/div>\n\t\t<\/div>\n\t\t\t\t\t<\/div>\n\t\t<\/section>\n\t\t\t\t<section class=\"elementor-section elementor-top-section elementor-element elementor-element-0fb7af9 elementor-section-boxed elementor-section-height-default elementor-section-height-default\" data-id=\"0fb7af9\" data-element_type=\"section\">\n\t\t\t\t\t\t<div class=\"elementor-container elementor-column-gap-default\">\n\t\t\t\t\t<div class=\"elementor-column elementor-col-66 elementor-top-column elementor-element elementor-element-866303c\" data-id=\"866303c\" data-element_type=\"column\">\n\t\t\t<div class=\"elementor-widget-wrap elementor-element-populated\">\n\t\t\t\t\t\t<div class=\"elementor-element elementor-element-34df265 elementor-widget elementor-widget-text-editor\" data-id=\"34df265\" data-element_type=\"widget\" data-widget_type=\"text-editor.default\">\n\t\t\t\t<div class=\"elementor-widget-container\">\n\t\t\t\t\t\t\t\t\t<p><span style=\"font-weight: 400;\">Moncontour est un village m\u00e9di\u00e9val qui se situe au sud de Saint-Brieuc en <a href=\"https:\/\/www.wedrivit.com\/blog\/voiture\/collection\/une-balade-historique-en-ancienne-le-long-de-la-manche\/\" target=\"_blank\" rel=\"noopener\">Bretagne<\/a>. Ce village a \u00e9t\u00e9 fortement marqu\u00e9 par son \u00e9poque m\u00e9di\u00e9vale. En vous baladant dans le village vous pourrez remarquer la pr\u00e9sence des remparts et des tours construites durant cette p\u00e9riode. Durant votre visite vous pourrez \u00e9galement voir la porte du faubourg Saint-Jean, l\u2019\u00e9glise St Mathurin ainsi que des ch\u00e2teaux et demeures de nobles. Si vous appr\u00e9ciez l\u2019\u00e9poque du Moyen-\u00c2ge vous pourrez profiter ce beau village fran\u00e7ais rempli d\u2019histoires en cal\u00e8che plut\u00f4t qu\u2019au volant de votre <\/span><b>ancienne.<\/b><\/p>\t\t\t\t\t\t\t\t<\/div>\n\t\t\t\t<\/div>\n\t\t\t\t\t<\/div>\n\t\t<\/div>\n\t\t\t\t<div class=\"elementor-column elementor-col-33 elementor-top-column elementor-element elementor-element-022ee91\" data-id=\"022ee91\" data-element_type=\"column\">\n\t\t\t<div class=\"elementor-widget-wrap elementor-element-populated\">\n\t\t\t\t\t\t<div class=\"elementor-element elementor-element-1dfadd3 elementor-widget elementor-widget-image\" data-id=\"1dfadd3\" data-element_type=\"widget\" data-widget_type=\"image.default\">\n\t\t\t\t<div class=\"elementor-widget-container\">\n\t\t\t\t\t\t\t\t\t\t\t\t\t\t\t<img decoding=\"async\" width=\"1000\" height=\"662\" src=\"https:\/\/www.wedrivit.com\/blog\/wp-content\/uploads\/2021\/07\/moncontour-1-lense.jpg\" class=\"attachment-large size-large wp-image-3957\" alt=\"moncontour\" \/>\t\t\t\t\t\t\t\t\t\t\t\t\t\t\t<\/div>\n\t\t\t\t<\/div>\n\t\t\t\t\t<\/div>\n\t\t<\/div>\n\t\t\t\t\t<\/div>\n\t\t<\/section>\n\t\t\t\t<section class=\"elementor-section elementor-top-section elementor-element elementor-element-eee3a48 elementor-section-boxed elementor-section-height-default elementor-section-height-default\" data-id=\"eee3a48\" data-element_type=\"section\">\n\t\t\t\t\t\t<div class=\"elementor-container elementor-column-gap-default\">\n\t\t\t\t\t<div class=\"elementor-column elementor-col-100 elementor-top-column elementor-element elementor-element-fc715a5\" data-id=\"fc715a5\" data-element_type=\"column\">\n\t\t\t<div class=\"elementor-widget-wrap elementor-element-populated\">\n\t\t\t\t\t\t<div class=\"elementor-element elementor-element-ac92af7 elementor-widget elementor-widget-text-editor\" data-id=\"ac92af7\" data-element_type=\"widget\" data-widget_type=\"text-editor.default\">\n\t\t\t\t<div class=\"elementor-widget-container\">\n\t\t\t\t\t\t\t\t\t<p>Moncontour est connu pour \u00eatre un village calme et entour\u00e9 par la nature, vous pourrez trouver de nombreuses randonn\u00e9es au d\u00e9part de ce village. Apr\u00e8s les nombreux assauts que le village a connus, il se reconvertit dans la production de Berlingue, ce sont des toiles de lin et de chanvre. Ces productions vont \u00eatre export\u00e9es \u00e0 travers le monde et en particulier en Inde.<\/p>\t\t\t\t\t\t\t\t<\/div>\n\t\t\t\t<\/div>\n\t\t\t\t\t<\/div>\n\t\t<\/div>\n\t\t\t\t\t<\/div>\n\t\t<\/section>\n\t\t\t\t<section class=\"elementor-section elementor-top-section elementor-element elementor-element-a1d225e elementor-section-boxed elementor-section-height-default elementor-section-height-default\" data-id=\"a1d225e\" data-element_type=\"section\">\n\t\t\t\t\t\t<div class=\"elementor-container elementor-column-gap-default\">\n\t\t\t\t\t<div class=\"elementor-column elementor-col-100 elementor-top-column elementor-element elementor-element-113ed8e\" data-id=\"113ed8e\" data-element_type=\"column\">\n\t\t\t<div class=\"elementor-widget-wrap elementor-element-populated\">\n\t\t\t\t\t\t<div class=\"elementor-element elementor-element-41cfc9e elementor-widget elementor-widget-spacer\" data-id=\"41cfc9e\" data-element_type=\"widget\" data-widget_type=\"spacer.default\">\n\t\t\t\t<div class=\"elementor-widget-container\">\n\t\t\t\t\t\t\t<div class=\"elementor-spacer\">\n\t\t\t<div class=\"elementor-spacer-inner\"><\/div>\n\t\t<\/div>\n\t\t\t\t\t\t<\/div>\n\t\t\t\t<\/div>\n\t\t\t\t\t<\/div>\n\t\t<\/div>\n\t\t\t\t\t<\/div>\n\t\t<\/section>\n\t\t\t\t<section class=\"elementor-section elementor-top-section elementor-element elementor-element-47be0c2 elementor-section-boxed elementor-section-height-default elementor-section-height-default\" data-id=\"47be0c2\" data-element_type=\"section\">\n\t\t\t\t\t\t<div class=\"elementor-container elementor-column-gap-default\">\n\t\t\t\t\t<div class=\"elementor-column elementor-col-100 elementor-top-column elementor-element elementor-element-e26827c\" data-id=\"e26827c\" data-element_type=\"column\">\n\t\t\t<div class=\"elementor-widget-wrap elementor-element-populated\">\n\t\t\t\t\t\t<div class=\"elementor-element elementor-element-d516e4e elementor-widget elementor-widget-heading\" data-id=\"d516e4e\" data-element_type=\"widget\" data-widget_type=\"heading.default\">\n\t\t\t\t<div class=\"elementor-widget-container\">\n\t\t\t\t\t<h2 class=\"elementor-heading-title elementor-size-default\">Saint-C\u00e9neri-le-G\u00e9rei<\/h2>\t\t\t\t<\/div>\n\t\t\t\t<\/div>\n\t\t\t\t\t<\/div>\n\t\t<\/div>\n\t\t\t\t\t<\/div>\n\t\t<\/section>\n\t\t\t\t<section class=\"elementor-section elementor-top-section elementor-element elementor-element-0dc7c4c elementor-section-boxed elementor-section-height-default elementor-section-height-default\" data-id=\"0dc7c4c\" data-element_type=\"section\">\n\t\t\t\t\t\t<div class=\"elementor-container elementor-column-gap-default\">\n\t\t\t\t\t<div class=\"elementor-column elementor-col-33 elementor-top-column elementor-element elementor-element-18ffa57\" data-id=\"18ffa57\" data-element_type=\"column\">\n\t\t\t<div class=\"elementor-widget-wrap elementor-element-populated\">\n\t\t\t\t\t\t<div class=\"elementor-element elementor-element-e702e5b elementor-widget elementor-widget-image\" data-id=\"e702e5b\" data-element_type=\"widget\" data-widget_type=\"image.default\">\n\t\t\t\t<div class=\"elementor-widget-container\">\n\t\t\t\t\t\t\t\t\t\t\t\t\t\t\t<img loading=\"lazy\" decoding=\"async\" width=\"612\" height=\"407\" src=\"https:\/\/www.wedrivit.com\/blog\/wp-content\/uploads\/2021\/07\/Saint-Ceneri-le-Gerei-1.jpg\" class=\"attachment-large size-large wp-image-3960\" alt=\"Saint-C\u00e9n\u00e9ri-le-G\u00e9rei\" \/>\t\t\t\t\t\t\t\t\t\t\t\t\t\t\t<\/div>\n\t\t\t\t<\/div>\n\t\t\t\t\t<\/div>\n\t\t<\/div>\n\t\t\t\t<div class=\"elementor-column elementor-col-66 elementor-top-column elementor-element elementor-element-b6cd294\" data-id=\"b6cd294\" data-element_type=\"column\">\n\t\t\t<div class=\"elementor-widget-wrap elementor-element-populated\">\n\t\t\t\t\t\t<div class=\"elementor-element elementor-element-8c48824 elementor-widget elementor-widget-text-editor\" data-id=\"8c48824\" data-element_type=\"widget\" data-widget_type=\"text-editor.default\">\n\t\t\t\t<div class=\"elementor-widget-container\">\n\t\t\t\t\t\t\t\t\t<p>Saint-C\u00e9neri-le-G\u00e9rei est un village qui se situe \u00e0 l\u2019Ouest d\u2019Alen\u00e7on en Normandie. Le village est travers\u00e9 par la rivi\u00e8re Sarthe, un petit pont en pierre permet de rapprocher les deux rives du village.<\/p>\n<p>Saint-C\u00e9neri-le-G\u00e9rei est un village plein de charme avec ses nombreuses maisons en vieilles pierres, son \u00e9glise romane datant du XI\u00e8 si\u00e8cle, sa chapelle construite au XVe si\u00e8cle. Comme le village de Saint Quirin, le village poss\u00e8de sa source miraculeuse qui gu\u00e9rit les maladies des yeux.<\/p>\t\t\t\t\t\t\t\t<\/div>\n\t\t\t\t<\/div>\n\t\t\t\t\t<\/div>\n\t\t<\/div>\n\t\t\t\t\t<\/div>\n\t\t<\/section>\n\t\t\t\t<section class=\"elementor-section elementor-top-section elementor-element elementor-element-ccc940c elementor-section-boxed elementor-section-height-default elementor-section-height-default\" data-id=\"ccc940c\" data-element_type=\"section\">\n\t\t\t\t\t\t<div class=\"elementor-container elementor-column-gap-default\">\n\t\t\t\t\t<div class=\"elementor-column elementor-col-100 elementor-top-column elementor-element elementor-element-ce032b9\" data-id=\"ce032b9\" data-element_type=\"column\">\n\t\t\t<div class=\"elementor-widget-wrap elementor-element-populated\">\n\t\t\t\t\t\t<div class=\"elementor-element elementor-element-74a730e elementor-widget elementor-widget-text-editor\" data-id=\"74a730e\" data-element_type=\"widget\" data-widget_type=\"text-editor.default\">\n\t\t\t\t<div class=\"elementor-widget-container\">\n\t\t\t\t\t\t\t\t\t<p>Avis aux artistes, ce village gr\u00e2ce \u00e0 sa beaut\u00e9 a stimul\u00e9 l\u2019inspiration de nombreux artistes et en particulier des peintures. D\u2019ailleurs le premier maire du village \u00e9tait un artiste peintre du nom d\u2019Auguste-Jean Claire.<\/p>\t\t\t\t\t\t\t\t<\/div>\n\t\t\t\t<\/div>\n\t\t\t\t\t<\/div>\n\t\t<\/div>\n\t\t\t\t\t<\/div>\n\t\t<\/section>\n\t\t\t\t<section class=\"elementor-section elementor-top-section elementor-element elementor-element-8c757a6 elementor-section-boxed elementor-section-height-default elementor-section-height-default\" data-id=\"8c757a6\" data-element_type=\"section\">\n\t\t\t\t\t\t<div class=\"elementor-container elementor-column-gap-default\">\n\t\t\t\t\t<div class=\"elementor-column elementor-col-100 elementor-top-column elementor-element elementor-element-0a124de\" data-id=\"0a124de\" data-element_type=\"column\">\n\t\t\t<div class=\"elementor-widget-wrap elementor-element-populated\">\n\t\t\t\t\t\t<div class=\"elementor-element elementor-element-9944943 elementor-widget elementor-widget-spacer\" data-id=\"9944943\" data-element_type=\"widget\" data-widget_type=\"spacer.default\">\n\t\t\t\t<div class=\"elementor-widget-container\">\n\t\t\t\t\t\t\t<div class=\"elementor-spacer\">\n\t\t\t<div class=\"elementor-spacer-inner\"><\/div>\n\t\t<\/div>\n\t\t\t\t\t\t<\/div>\n\t\t\t\t<\/div>\n\t\t\t\t\t<\/div>\n\t\t<\/div>\n\t\t\t\t\t<\/div>\n\t\t<\/section>\n\t\t\t\t<section class=\"elementor-section elementor-top-section elementor-element elementor-element-f4c80cc elementor-section-boxed elementor-section-height-default elementor-section-height-default\" data-id=\"f4c80cc\" data-element_type=\"section\">\n\t\t\t\t\t\t<div class=\"elementor-container elementor-column-gap-default\">\n\t\t\t\t\t<div class=\"elementor-column elementor-col-100 elementor-top-column elementor-element elementor-element-e8d3110\" data-id=\"e8d3110\" data-element_type=\"column\">\n\t\t\t<div class=\"elementor-widget-wrap elementor-element-populated\">\n\t\t\t\t\t\t<div class=\"elementor-element elementor-element-7ee1eec elementor-widget elementor-widget-heading\" data-id=\"7ee1eec\" data-element_type=\"widget\" data-widget_type=\"heading.default\">\n\t\t\t\t<div class=\"elementor-widget-container\">\n\t\t\t\t\t<h2 class=\"elementor-heading-title elementor-size-default\">Mortemart<\/h2>\t\t\t\t<\/div>\n\t\t\t\t<\/div>\n\t\t\t\t\t<\/div>\n\t\t<\/div>\n\t\t\t\t\t<\/div>\n\t\t<\/section>\n\t\t\t\t<section class=\"elementor-section elementor-top-section elementor-element elementor-element-301ff94 elementor-section-boxed elementor-section-height-default elementor-section-height-default\" data-id=\"301ff94\" data-element_type=\"section\">\n\t\t\t\t\t\t<div class=\"elementor-container elementor-column-gap-default\">\n\t\t\t\t\t<div class=\"elementor-column elementor-col-66 elementor-top-column elementor-element elementor-element-3f4ad54\" data-id=\"3f4ad54\" data-element_type=\"column\">\n\t\t\t<div class=\"elementor-widget-wrap elementor-element-populated\">\n\t\t\t\t\t\t<div class=\"elementor-element elementor-element-d10aaba elementor-widget elementor-widget-text-editor\" data-id=\"d10aaba\" data-element_type=\"widget\" data-widget_type=\"text-editor.default\">\n\t\t\t\t<div class=\"elementor-widget-container\">\n\t\t\t\t\t\t\t\t\t<p><span style=\"font-weight: 400;\">Le village de Mortemart se situe dans la Haute-Vienne \u00e0 quelques kilom\u00e8tres de <a href=\"https:\/\/www.wedrivit.com\/blog\/voiture\/collection\/decouvrir-limoges-et-ses-alentours\/\" target=\"_blank\" rel=\"noopener\">Limoges<\/a>. Le village s\u2019est d\u00e9velopp\u00e9 au Xe si\u00e8cle autour du ch\u00e2teau des Ducs. Le ch\u00e2teau a \u00e9t\u00e9 construit par le seigneur de Mortemart puis d\u00e9truit par le cardinal Richelieu. Mais lors de votre visite dans ce magnifique village vous pourrez retrouver des ruines de ce ch\u00e2teau.<\/span><\/p><p><span style=\"font-weight: 400;\">Ce village regorge de monuments historiques qui racontent tous une histoire. En vous baladant dans le village vous pourrez admirer l\u2019\u00e9glise des Augustins, la chartreuse de Mortemart, le couvent des augustins et des Carmes.<\/span><\/p>\t\t\t\t\t\t\t\t<\/div>\n\t\t\t\t<\/div>\n\t\t\t\t\t<\/div>\n\t\t<\/div>\n\t\t\t\t<div class=\"elementor-column elementor-col-33 elementor-top-column elementor-element elementor-element-a863c1c\" data-id=\"a863c1c\" data-element_type=\"column\">\n\t\t\t<div class=\"elementor-widget-wrap elementor-element-populated\">\n\t\t\t\t\t\t<div class=\"elementor-element elementor-element-3cfb935 elementor-widget elementor-widget-image\" data-id=\"3cfb935\" data-element_type=\"widget\" data-widget_type=\"image.default\">\n\t\t\t\t<div class=\"elementor-widget-container\">\n\t\t\t\t\t\t\t\t\t\t\t\t\t\t\t<img loading=\"lazy\" decoding=\"async\" width=\"612\" height=\"408\" src=\"https:\/\/www.wedrivit.com\/blog\/wp-content\/uploads\/2021\/07\/Mortemart.jpg\" class=\"attachment-large size-large wp-image-3958\" alt=\"Mortemart\" \/>\t\t\t\t\t\t\t\t\t\t\t\t\t\t\t<\/div>\n\t\t\t\t<\/div>\n\t\t\t\t\t<\/div>\n\t\t<\/div>\n\t\t\t\t\t<\/div>\n\t\t<\/section>\n\t\t\t\t<section class=\"elementor-section elementor-top-section elementor-element elementor-element-1ddce66 elementor-section-boxed elementor-section-height-default elementor-section-height-default\" data-id=\"1ddce66\" data-element_type=\"section\">\n\t\t\t\t\t\t<div class=\"elementor-container elementor-column-gap-default\">\n\t\t\t\t\t<div class=\"elementor-column elementor-col-100 elementor-top-column elementor-element elementor-element-d49f497\" data-id=\"d49f497\" data-element_type=\"column\">\n\t\t\t<div class=\"elementor-widget-wrap elementor-element-populated\">\n\t\t\t\t\t\t<div class=\"elementor-element elementor-element-4386b91 elementor-widget elementor-widget-text-editor\" data-id=\"4386b91\" data-element_type=\"widget\" data-widget_type=\"text-editor.default\">\n\t\t\t\t<div class=\"elementor-widget-container\">\n\t\t\t\t\t\t\t\t\t<p>Au volant de votre <b>ancienne <\/b>vous pourrez faire un v\u00e9ritable bond dans le pass\u00e9 et d\u00e9couvrir l&rsquo;histoire de ce <strong>village fran\u00e7ais<\/strong>.<\/p>\t\t\t\t\t\t\t\t<\/div>\n\t\t\t\t<\/div>\n\t\t\t\t\t<\/div>\n\t\t<\/div>\n\t\t\t\t\t<\/div>\n\t\t<\/section>\n\t\t\t\t<section class=\"elementor-section elementor-top-section elementor-element elementor-element-42818ba elementor-section-boxed elementor-section-height-default elementor-section-height-default\" data-id=\"42818ba\" data-element_type=\"section\">\n\t\t\t\t\t\t<div class=\"elementor-container elementor-column-gap-default\">\n\t\t\t\t\t<div class=\"elementor-column elementor-col-100 elementor-top-column elementor-element elementor-element-7d720af\" data-id=\"7d720af\" data-element_type=\"column\">\n\t\t\t<div class=\"elementor-widget-wrap elementor-element-populated\">\n\t\t\t\t\t\t<div class=\"elementor-element elementor-element-25ccfa3 elementor-widget elementor-widget-spacer\" data-id=\"25ccfa3\" data-element_type=\"widget\" data-widget_type=\"spacer.default\">\n\t\t\t\t<div class=\"elementor-widget-container\">\n\t\t\t\t\t\t\t<div class=\"elementor-spacer\">\n\t\t\t<div class=\"elementor-spacer-inner\"><\/div>\n\t\t<\/div>\n\t\t\t\t\t\t<\/div>\n\t\t\t\t<\/div>\n\t\t\t\t\t<\/div>\n\t\t<\/div>\n\t\t\t\t\t<\/div>\n\t\t<\/section>\n\t\t\t\t<section class=\"elementor-section elementor-top-section elementor-element elementor-element-cdabf92 elementor-section-boxed elementor-section-height-default elementor-section-height-default\" data-id=\"cdabf92\" data-element_type=\"section\">\n\t\t\t\t\t\t<div class=\"elementor-container elementor-column-gap-default\">\n\t\t\t\t\t<div class=\"elementor-column elementor-col-100 elementor-top-column elementor-element elementor-element-bdf30ea\" data-id=\"bdf30ea\" data-element_type=\"column\">\n\t\t\t<div class=\"elementor-widget-wrap elementor-element-populated\">\n\t\t\t\t\t\t<div class=\"elementor-element elementor-element-1a5692d elementor-widget elementor-widget-heading\" data-id=\"1a5692d\" data-element_type=\"widget\" data-widget_type=\"heading.default\">\n\t\t\t\t<div class=\"elementor-widget-container\">\n\t\t\t\t\t<h2 class=\"elementor-heading-title elementor-size-default\">Barg\u00e8me<\/h2>\t\t\t\t<\/div>\n\t\t\t\t<\/div>\n\t\t\t\t\t<\/div>\n\t\t<\/div>\n\t\t\t\t\t<\/div>\n\t\t<\/section>\n\t\t\t\t<section class=\"elementor-section elementor-top-section elementor-element elementor-element-ec46e1d elementor-section-boxed elementor-section-height-default elementor-section-height-default\" data-id=\"ec46e1d\" data-element_type=\"section\">\n\t\t\t\t\t\t<div class=\"elementor-container elementor-column-gap-default\">\n\t\t\t\t\t<div class=\"elementor-column elementor-col-33 elementor-top-column elementor-element elementor-element-c0c8ff8\" data-id=\"c0c8ff8\" data-element_type=\"column\">\n\t\t\t<div class=\"elementor-widget-wrap elementor-element-populated\">\n\t\t\t\t\t\t<div class=\"elementor-element elementor-element-feaeeba elementor-widget elementor-widget-image\" data-id=\"feaeeba\" data-element_type=\"widget\" data-widget_type=\"image.default\">\n\t\t\t\t<div class=\"elementor-widget-container\">\n\t\t\t\t\t\t\t\t\t\t\t\t\t\t\t<img loading=\"lazy\" decoding=\"async\" width=\"500\" height=\"500\" src=\"https:\/\/www.wedrivit.com\/blog\/wp-content\/uploads\/2021\/07\/seevisit-bargeme-presentation.jpg\" class=\"attachment-large size-large wp-image-3964\" alt=\"Barg\u00e8me\" \/>\t\t\t\t\t\t\t\t\t\t\t\t\t\t\t<\/div>\n\t\t\t\t<\/div>\n\t\t\t\t\t<\/div>\n\t\t<\/div>\n\t\t\t\t<div class=\"elementor-column elementor-col-66 elementor-top-column elementor-element elementor-element-aa584f0\" data-id=\"aa584f0\" data-element_type=\"column\">\n\t\t\t<div class=\"elementor-widget-wrap elementor-element-populated\">\n\t\t\t\t\t\t<div class=\"elementor-element elementor-element-5862b39 elementor-widget elementor-widget-text-editor\" data-id=\"5862b39\" data-element_type=\"widget\" data-widget_type=\"text-editor.default\">\n\t\t\t\t<div class=\"elementor-widget-container\">\n\t\t\t\t\t\t\t\t\t<p><span style=\"font-weight: 400;\">Barg\u00e8me est un petit village avec une particularit\u00e9. En effet, au volant de votre <strong>voiture de collection<\/strong> vous allez devoir monter jusqu\u2019\u00e0 1 097 m\u00e8tres d\u2019altitude. Il s\u2019agit du village le plus haut du Var. A votre arriv\u00e9e dans ce village vous aurez une vue panoramique sur toute la vall\u00e9e, vous ne serez pas dessus.<\/span><\/p><p><span style=\"font-weight: 400;\">Le village a \u00e9t\u00e9 d\u00e9truit pendant les guerres de religion qui se sont d\u00e9clar\u00e9es un peu partout en France. Ces guerres de religion ont d\u00e9truit en grande partie le village, vous pouvez encore admirer un ch\u00e2teau datant de l\u2019\u00e8re m\u00e9di\u00e9vale et de ses tours. Si vous aimez les vieilles pierres, vous allez pouvoir arpenter les rues de ce village avec toutes ses maisons fabriqu\u00e9es en vieilles pierres.<\/span><\/p>\t\t\t\t\t\t\t\t<\/div>\n\t\t\t\t<\/div>\n\t\t\t\t\t<\/div>\n\t\t<\/div>\n\t\t\t\t\t<\/div>\n\t\t<\/section>\n\t\t\t\t<section class=\"elementor-section elementor-top-section elementor-element elementor-element-cc44c9e elementor-section-boxed elementor-section-height-default elementor-section-height-default\" data-id=\"cc44c9e\" data-element_type=\"section\">\n\t\t\t\t\t\t<div class=\"elementor-container elementor-column-gap-default\">\n\t\t\t\t\t<div class=\"elementor-column elementor-col-100 elementor-top-column elementor-element elementor-element-8c2dfaf\" data-id=\"8c2dfaf\" data-element_type=\"column\">\n\t\t\t<div class=\"elementor-widget-wrap elementor-element-populated\">\n\t\t\t\t\t\t<div class=\"elementor-element elementor-element-9e766bb elementor-widget elementor-widget-text-editor\" data-id=\"9e766bb\" data-element_type=\"widget\" data-widget_type=\"text-editor.default\">\n\t\t\t\t<div class=\"elementor-widget-container\">\n\t\t\t\t\t\t\t\t\t<p><span style=\"font-weight: 400;\">Prenez votre <\/span><b>voiture de collection<\/b><span style=\"font-weight: 400;\"> et \u00e9vadez-vous au sommet de ce village. Le soir, vous pourrez admirer de magnifique couch\u00e9 de soleil, dans votre <strong>ancienne<\/strong><\/span><\/p>\t\t\t\t\t\t\t\t<\/div>\n\t\t\t\t<\/div>\n\t\t\t\t\t<\/div>\n\t\t<\/div>\n\t\t\t\t\t<\/div>\n\t\t<\/section>\n\t\t\t\t<section class=\"elementor-section elementor-top-section elementor-element elementor-element-aa63365 elementor-section-boxed elementor-section-height-default elementor-section-height-default\" data-id=\"aa63365\" data-element_type=\"section\">\n\t\t\t\t\t\t<div class=\"elementor-container elementor-column-gap-default\">\n\t\t\t\t\t<div class=\"elementor-column elementor-col-100 elementor-top-column elementor-element elementor-element-24e5e74\" data-id=\"24e5e74\" data-element_type=\"column\">\n\t\t\t<div class=\"elementor-widget-wrap elementor-element-populated\">\n\t\t\t\t\t\t<div class=\"elementor-element elementor-element-556ed7b elementor-widget elementor-widget-spacer\" data-id=\"556ed7b\" data-element_type=\"widget\" data-widget_type=\"spacer.default\">\n\t\t\t\t<div class=\"elementor-widget-container\">\n\t\t\t\t\t\t\t<div class=\"elementor-spacer\">\n\t\t\t<div class=\"elementor-spacer-inner\"><\/div>\n\t\t<\/div>\n\t\t\t\t\t\t<\/div>\n\t\t\t\t<\/div>\n\t\t\t\t\t<\/div>\n\t\t<\/div>\n\t\t\t\t\t<\/div>\n\t\t<\/section>\n\t\t\t\t<section class=\"elementor-section elementor-top-section elementor-element elementor-element-c02d736 elementor-section-boxed elementor-section-height-default elementor-section-height-default\" data-id=\"c02d736\" data-element_type=\"section\">\n\t\t\t\t\t\t<div class=\"elementor-container elementor-column-gap-default\">\n\t\t\t\t\t<div class=\"elementor-column elementor-col-100 elementor-top-column elementor-element elementor-element-7d03ebd\" data-id=\"7d03ebd\" data-element_type=\"column\">\n\t\t\t<div class=\"elementor-widget-wrap elementor-element-populated\">\n\t\t\t\t\t\t<div class=\"elementor-element elementor-element-08234b6 elementor-widget elementor-widget-heading\" data-id=\"08234b6\" data-element_type=\"widget\" data-widget_type=\"heading.default\">\n\t\t\t\t<div class=\"elementor-widget-container\">\n\t\t\t\t\t<h2 class=\"elementor-heading-title elementor-size-default\">Lods<\/h2>\t\t\t\t<\/div>\n\t\t\t\t<\/div>\n\t\t\t\t\t<\/div>\n\t\t<\/div>\n\t\t\t\t\t<\/div>\n\t\t<\/section>\n\t\t\t\t<section class=\"elementor-section elementor-top-section elementor-element elementor-element-ae3eb1b elementor-section-boxed elementor-section-height-default elementor-section-height-default\" data-id=\"ae3eb1b\" data-element_type=\"section\">\n\t\t\t\t\t\t<div class=\"elementor-container elementor-column-gap-default\">\n\t\t\t\t\t<div class=\"elementor-column elementor-col-66 elementor-top-column elementor-element elementor-element-dea8b0f\" data-id=\"dea8b0f\" data-element_type=\"column\">\n\t\t\t<div class=\"elementor-widget-wrap elementor-element-populated\">\n\t\t\t\t\t\t<div class=\"elementor-element elementor-element-3f251bd elementor-widget elementor-widget-text-editor\" data-id=\"3f251bd\" data-element_type=\"widget\" data-widget_type=\"text-editor.default\">\n\t\t\t\t<div class=\"elementor-widget-container\">\n\t\t\t\t\t\t\t\t\t<p><span style=\"font-weight: 400;\">Lods est un village qui se trouve au sud de Besan\u00e7on, en Bourgogne-Franche-Comt\u00e9. Le village vivait au rythme des cascades du Loue. Ce village a \u00e9t\u00e9 marqu\u00e9 pendant de nombreuses ann\u00e9es par la vigne et par les forgerons.<\/span><\/p><p><span style=\"font-weight: 400;\">Aujourd\u2019hui, les vignes et les forgerons ne font plus parti du rythme de vie du village, mais lors de votre escapade en <strong>voiture de collection<\/strong>, vous pourrez replonger dans l\u2019histoire de ce village avec les vestiges des maisons vigneronnes. Vous pourrez \u00e9galement visiter le mus\u00e9e qui retrace l\u2019histoire de la vie du vin et des forgerons.<\/span><\/p>\t\t\t\t\t\t\t\t<\/div>\n\t\t\t\t<\/div>\n\t\t\t\t\t<\/div>\n\t\t<\/div>\n\t\t\t\t<div class=\"elementor-column elementor-col-33 elementor-top-column elementor-element elementor-element-09c8a75\" data-id=\"09c8a75\" data-element_type=\"column\">\n\t\t\t<div class=\"elementor-widget-wrap elementor-element-populated\">\n\t\t\t\t\t\t<div class=\"elementor-element elementor-element-c747504 elementor-widget elementor-widget-image\" data-id=\"c747504\" data-element_type=\"widget\" data-widget_type=\"image.default\">\n\t\t\t\t<div class=\"elementor-widget-container\">\n\t\t\t\t\t\t\t\t\t\t\t\t\t\t\t<img loading=\"lazy\" decoding=\"async\" width=\"1000\" height=\"608\" src=\"https:\/\/www.wedrivit.com\/blog\/wp-content\/uploads\/2021\/07\/Lods.jpg\" class=\"attachment-large size-large wp-image-3956\" alt=\"Lods\" \/>\t\t\t\t\t\t\t\t\t\t\t\t\t\t\t<\/div>\n\t\t\t\t<\/div>\n\t\t\t\t\t<\/div>\n\t\t<\/div>\n\t\t\t\t\t<\/div>\n\t\t<\/section>\n\t\t\t\t<section class=\"elementor-section elementor-top-section elementor-element elementor-element-23cf76b elementor-section-boxed elementor-section-height-default elementor-section-height-default\" data-id=\"23cf76b\" data-element_type=\"section\">\n\t\t\t\t\t\t<div class=\"elementor-container elementor-column-gap-default\">\n\t\t\t\t\t<div class=\"elementor-column elementor-col-100 elementor-top-column elementor-element elementor-element-ff5c903\" data-id=\"ff5c903\" data-element_type=\"column\">\n\t\t\t<div class=\"elementor-widget-wrap elementor-element-populated\">\n\t\t\t\t\t\t<div class=\"elementor-element elementor-element-db2ae60 elementor-widget elementor-widget-spacer\" data-id=\"db2ae60\" data-element_type=\"widget\" data-widget_type=\"spacer.default\">\n\t\t\t\t<div class=\"elementor-widget-container\">\n\t\t\t\t\t\t\t<div class=\"elementor-spacer\">\n\t\t\t<div class=\"elementor-spacer-inner\"><\/div>\n\t\t<\/div>\n\t\t\t\t\t\t<\/div>\n\t\t\t\t<\/div>\n\t\t\t\t\t<\/div>\n\t\t<\/div>\n\t\t\t\t\t<\/div>\n\t\t<\/section>\n\t\t\t\t<section class=\"elementor-section elementor-top-section elementor-element elementor-element-ee90bb9 elementor-section-boxed elementor-section-height-default elementor-section-height-default\" data-id=\"ee90bb9\" data-element_type=\"section\">\n\t\t\t\t\t\t<div class=\"elementor-container elementor-column-gap-default\">\n\t\t\t\t\t<div class=\"elementor-column elementor-col-100 elementor-top-column elementor-element elementor-element-1b8f7e5\" data-id=\"1b8f7e5\" data-element_type=\"column\">\n\t\t\t<div class=\"elementor-widget-wrap elementor-element-populated\">\n\t\t\t\t\t\t<div class=\"elementor-element elementor-element-e684e62 elementor-widget elementor-widget-text-editor\" data-id=\"e684e62\" data-element_type=\"widget\" data-widget_type=\"text-editor.default\">\n\t\t\t\t<div class=\"elementor-widget-container\">\n\t\t\t\t\t\t\t\t\t<p>Vous aimerez aussi :\u00a0<\/p><blockquote><p><a href=\"https:\/\/www.wedrivit.com\/blog\/voiture\/collection\/les-monuments-de-lunesco-en-ancienne\/\">Les monuments de l&rsquo;Unesco en ancienne<\/a><\/p><p><a href=\"https:\/\/www.wedrivit.com\/blog\/voiture\/collection\/top-10-meilleurs-itineraires-voiture-ancienne\/\">Top 10 des meilleurs itin\u00e9raires en voiture ancienne<\/a><\/p><\/blockquote>\t\t\t\t\t\t\t\t<\/div>\n\t\t\t\t<\/div>\n\t\t\t\t\t<\/div>\n\t\t<\/div>\n\t\t\t\t\t<\/div>\n\t\t<\/section>\n\t\t\t\t<section class=\"elementor-section elementor-top-section elementor-element elementor-element-1079f5f elementor-section-boxed elementor-section-height-default elementor-section-height-default\" data-id=\"1079f5f\" data-element_type=\"section\">\n\t\t\t\t\t\t<div class=\"elementor-container elementor-column-gap-default\">\n\t\t\t\t\t<div class=\"elementor-column elementor-col-100 elementor-top-column elementor-element elementor-element-f9b3a20\" data-id=\"f9b3a20\" data-element_type=\"column\">\n\t\t\t<div class=\"elementor-widget-wrap elementor-element-populated\">\n\t\t\t\t\t\t<div class=\"elementor-element elementor-element-f27d563 elementor-align-center elementor-widget elementor-widget-button\" data-id=\"f27d563\" data-element_type=\"widget\" data-widget_type=\"button.default\">\n\t\t\t\t<div class=\"elementor-widget-container\">\n\t\t\t\t\t\t\t\t\t<div class=\"elementor-button-wrapper\">\n\t\t\t\t\t<a class=\"elementor-button elementor-button-link elementor-size-sm\" href=\"https:\/\/www.wedrivit.com\/\" target=\"_blank\">\n\t\t\t\t\t\t<span class=\"elementor-button-content-wrapper\">\n\t\t\t\t\t\t\t\t\t<span class=\"elementor-button-text\">Trouver un v\u00e9hicule ancien<\/span>\n\t\t\t\t\t<\/span>\n\t\t\t\t\t<\/a>\n\t\t\t\t<\/div>\n\t\t\t\t\t\t\t\t<\/div>\n\t\t\t\t<\/div>\n\t\t\t\t\t<\/div>\n\t\t<\/div>\n\t\t\t\t\t<\/div>\n\t\t<\/section>\n\t\t\t\t<\/div>\n\t\t","protected":false},"excerpt":{"rendered":"<p>A la d\u00e9couverte des plus beaux villages de France en ancienne<\/p>\n","protected":false},"author":13,"featured_media":3984,"comment_status":"open","ping_status":"open","sticky":false,"template":"","format":"standard","meta":{"footnotes":""},"categories":[17,1,7],"tags":[],"class_list":["post-3953","post","type-post","status-publish","format-standard","has-post-thumbnail","hentry","category-culture-automobile","category-tous-les-articles","category-voyage"],"yoast_head":"<!-- This site is optimized with the Yoast SEO plugin v26.9 - https:\/\/yoast.com\/product\/yoast-seo-wordpress\/ -->\n<title>A la d\u00e9couverte des plus beaux villages de France en ancienne - Le blog des voitures de collection par Wedrivit<\/title>\n<meta name=\"description\" content=\"D\u00e9couvrez les plus beaux villages de France en voiture de collection et vivez une exp\u00e9rience unique et inoubliable en famille ou entre amis !\" \/>\n<meta name=\"robots\" content=\"index, follow, max-snippet:-1, max-image-preview:large, max-video-preview:-1\" \/>\n<link rel=\"canonical\" href=\"https:\/\/www.wedrivit.com\/blog\/voiture\/collection\/a-la-decouverte-des-plus-beaux-villages-de-france-en-ancienne\" \/>\n<meta property=\"og:locale\" content=\"fr_FR\" \/>\n<meta property=\"og:type\" content=\"article\" \/>\n<meta property=\"og:title\" content=\"A la d\u00e9couverte des plus beaux villages de France en ancienne - Le blog des voitures de collection par Wedrivit\" \/>\n<meta property=\"og:description\" content=\"D\u00e9couvrez les plus beaux villages de France en voiture de collection et vivez une exp\u00e9rience unique et inoubliable en famille ou entre amis !\" \/>\n<meta property=\"og:url\" content=\"https:\/\/www.wedrivit.com\/blog\/voiture\/collection\/a-la-decouverte-des-plus-beaux-villages-de-france-en-ancienne\" \/>\n<meta property=\"og:site_name\" content=\"Le blog des voitures de collection par Wedrivit\" \/>\n<meta property=\"article:published_time\" content=\"2021-07-28T13:00:00+00:00\" \/>\n<meta property=\"article:modified_time\" content=\"2022-07-26T10:24:59+00:00\" \/>\n<meta property=\"og:image\" content=\"https:\/\/www.wedrivit.com\/blog\/wp-content\/uploads\/2021\/07\/Sans-titre-9.png\" \/>\n\t<meta property=\"og:image:width\" content=\"500\" \/>\n\t<meta property=\"og:image:height\" content=\"500\" \/>\n\t<meta property=\"og:image:type\" content=\"image\/png\" \/>\n<meta name=\"author\" content=\"Emma Lamaison\" \/>\n<meta name=\"twitter:card\" content=\"summary_large_image\" \/>\n<meta name=\"twitter:label1\" content=\"\u00c9crit par\" \/>\n\t<meta name=\"twitter:data1\" content=\"Emma Lamaison\" \/>\n\t<meta name=\"twitter:label2\" content=\"Dur\u00e9e de lecture estim\u00e9e\" \/>\n\t<meta name=\"twitter:data2\" content=\"6 minutes\" \/>\n<script type=\"application\/ld+json\" class=\"yoast-schema-graph\">{\"@context\":\"https:\/\/schema.org\",\"@graph\":[{\"@type\":\"Article\",\"@id\":\"https:\/\/www.wedrivit.com\/blog\/voiture\/collection\/a-la-decouverte-des-plus-beaux-villages-de-france-en-ancienne#article\",\"isPartOf\":{\"@id\":\"https:\/\/www.wedrivit.com\/blog\/voiture\/collection\/a-la-decouverte-des-plus-beaux-villages-de-france-en-ancienne\"},\"author\":{\"name\":\"Emma Lamaison\",\"@id\":\"https:\/\/www.wedrivit.com\/blog\/#\/schema\/person\/b5083d2ee3c90d381714dafa2a57c2d7\"},\"headline\":\"A la d\u00e9couverte des plus beaux villages de France en ancienne\",\"datePublished\":\"2021-07-28T13:00:00+00:00\",\"dateModified\":\"2022-07-26T10:24:59+00:00\",\"mainEntityOfPage\":{\"@id\":\"https:\/\/www.wedrivit.com\/blog\/voiture\/collection\/a-la-decouverte-des-plus-beaux-villages-de-france-en-ancienne\"},\"wordCount\":1118,\"commentCount\":2,\"publisher\":{\"@id\":\"https:\/\/www.wedrivit.com\/blog\/#organization\"},\"image\":{\"@id\":\"https:\/\/www.wedrivit.com\/blog\/voiture\/collection\/a-la-decouverte-des-plus-beaux-villages-de-france-en-ancienne#primaryimage\"},\"thumbnailUrl\":\"https:\/\/www.wedrivit.com\/blog\/wp-content\/uploads\/2021\/07\/Sans-titre-9.png\",\"articleSection\":[\"Culture Automobile\",\"Tous les articles\",\"Voyages\"],\"inLanguage\":\"fr-FR\",\"potentialAction\":[{\"@type\":\"CommentAction\",\"name\":\"Comment\",\"target\":[\"https:\/\/www.wedrivit.com\/blog\/voiture\/collection\/a-la-decouverte-des-plus-beaux-villages-de-france-en-ancienne#respond\"]}]},{\"@type\":\"WebPage\",\"@id\":\"https:\/\/www.wedrivit.com\/blog\/voiture\/collection\/a-la-decouverte-des-plus-beaux-villages-de-france-en-ancienne\",\"url\":\"https:\/\/www.wedrivit.com\/blog\/voiture\/collection\/a-la-decouverte-des-plus-beaux-villages-de-france-en-ancienne\",\"name\":\"A la d\u00e9couverte des plus beaux villages de France en ancienne - Le blog des voitures de collection par Wedrivit\",\"isPartOf\":{\"@id\":\"https:\/\/www.wedrivit.com\/blog\/#website\"},\"primaryImageOfPage\":{\"@id\":\"https:\/\/www.wedrivit.com\/blog\/voiture\/collection\/a-la-decouverte-des-plus-beaux-villages-de-france-en-ancienne#primaryimage\"},\"image\":{\"@id\":\"https:\/\/www.wedrivit.com\/blog\/voiture\/collection\/a-la-decouverte-des-plus-beaux-villages-de-france-en-ancienne#primaryimage\"},\"thumbnailUrl\":\"https:\/\/www.wedrivit.com\/blog\/wp-content\/uploads\/2021\/07\/Sans-titre-9.png\",\"datePublished\":\"2021-07-28T13:00:00+00:00\",\"dateModified\":\"2022-07-26T10:24:59+00:00\",\"description\":\"D\u00e9couvrez les plus beaux villages de France en voiture de collection et vivez une exp\u00e9rience unique et inoubliable en famille ou entre amis !\",\"breadcrumb\":{\"@id\":\"https:\/\/www.wedrivit.com\/blog\/voiture\/collection\/a-la-decouverte-des-plus-beaux-villages-de-france-en-ancienne#breadcrumb\"},\"inLanguage\":\"fr-FR\",\"potentialAction\":[{\"@type\":\"ReadAction\",\"target\":[\"https:\/\/www.wedrivit.com\/blog\/voiture\/collection\/a-la-decouverte-des-plus-beaux-villages-de-france-en-ancienne\"]}]},{\"@type\":\"ImageObject\",\"inLanguage\":\"fr-FR\",\"@id\":\"https:\/\/www.wedrivit.com\/blog\/voiture\/collection\/a-la-decouverte-des-plus-beaux-villages-de-france-en-ancienne#primaryimage\",\"url\":\"https:\/\/www.wedrivit.com\/blog\/wp-content\/uploads\/2021\/07\/Sans-titre-9.png\",\"contentUrl\":\"https:\/\/www.wedrivit.com\/blog\/wp-content\/uploads\/2021\/07\/Sans-titre-9.png\",\"width\":500,\"height\":500,\"caption\":\"Les plus beaux villages de France\"},{\"@type\":\"BreadcrumbList\",\"@id\":\"https:\/\/www.wedrivit.com\/blog\/voiture\/collection\/a-la-decouverte-des-plus-beaux-villages-de-france-en-ancienne#breadcrumb\",\"itemListElement\":[{\"@type\":\"ListItem\",\"position\":1,\"name\":\"Home\",\"item\":\"https:\/\/www.wedrivit.com\/blog\/\"},{\"@type\":\"ListItem\",\"position\":2,\"name\":\"A la d\u00e9couverte des plus beaux villages de France en ancienne\"}]},{\"@type\":\"WebSite\",\"@id\":\"https:\/\/www.wedrivit.com\/blog\/#website\",\"url\":\"https:\/\/www.wedrivit.com\/blog\/\",\"name\":\"Le blog des voitures de collection par Wedrivit\",\"description\":\"Tout savoir sur les voitures anciennes grace \u00e0 Wedrivit, la plateforme de location de voitures anciennes entre particuliers.\",\"publisher\":{\"@id\":\"https:\/\/www.wedrivit.com\/blog\/#organization\"},\"potentialAction\":[{\"@type\":\"SearchAction\",\"target\":{\"@type\":\"EntryPoint\",\"urlTemplate\":\"https:\/\/www.wedrivit.com\/blog\/?s={search_term_string}\"},\"query-input\":{\"@type\":\"PropertyValueSpecification\",\"valueRequired\":true,\"valueName\":\"search_term_string\"}}],\"inLanguage\":\"fr-FR\"},{\"@type\":\"Organization\",\"@id\":\"https:\/\/www.wedrivit.com\/blog\/#organization\",\"name\":\"Le blog des voitures de collection par Wedrivit\",\"url\":\"https:\/\/www.wedrivit.com\/blog\/\",\"logo\":{\"@type\":\"ImageObject\",\"inLanguage\":\"fr-FR\",\"@id\":\"https:\/\/www.wedrivit.com\/blog\/#\/schema\/logo\/image\/\",\"url\":\"https:\/\/www.wedrivit.com\/blog\/wp-content\/uploads\/2024\/12\/wedrivit-blanc-large-2.png\",\"contentUrl\":\"https:\/\/www.wedrivit.com\/blog\/wp-content\/uploads\/2024\/12\/wedrivit-blanc-large-2.png\",\"caption\":\"Le blog des voitures de collection par Wedrivit\"},\"image\":{\"@id\":\"https:\/\/www.wedrivit.com\/blog\/#\/schema\/logo\/image\/\"}},{\"@type\":\"Person\",\"@id\":\"https:\/\/www.wedrivit.com\/blog\/#\/schema\/person\/b5083d2ee3c90d381714dafa2a57c2d7\",\"name\":\"Emma Lamaison\",\"image\":{\"@type\":\"ImageObject\",\"inLanguage\":\"fr-FR\",\"@id\":\"https:\/\/www.wedrivit.com\/blog\/#\/schema\/person\/image\/\",\"url\":\"https:\/\/secure.gravatar.com\/avatar\/f40afe8fcd291dc48a987a154c6669b741babc72aeccc5bf4e693743144a6f65?s=96&d=mm&r=g\",\"contentUrl\":\"https:\/\/secure.gravatar.com\/avatar\/f40afe8fcd291dc48a987a154c6669b741babc72aeccc5bf4e693743144a6f65?s=96&d=mm&r=g\",\"caption\":\"Emma Lamaison\"},\"sameAs\":[\"http:\/\/www.classic-hub.com\"],\"url\":\"https:\/\/www.wedrivit.com\/blog\/voiture\/collection\/author\/emma-lamaison\"}]}<\/script>\n<!-- \/ Yoast SEO plugin. -->","yoast_head_json":{"title":"A la d\u00e9couverte des plus beaux villages de France en ancienne - Le blog des voitures de collection par Wedrivit","description":"D\u00e9couvrez les plus beaux villages de France en voiture de collection et vivez une exp\u00e9rience unique et inoubliable en famille ou entre amis !","robots":{"index":"index","follow":"follow","max-snippet":"max-snippet:-1","max-image-preview":"max-image-preview:large","max-video-preview":"max-video-preview:-1"},"canonical":"https:\/\/www.wedrivit.com\/blog\/voiture\/collection\/a-la-decouverte-des-plus-beaux-villages-de-france-en-ancienne","og_locale":"fr_FR","og_type":"article","og_title":"A la d\u00e9couverte des plus beaux villages de France en ancienne - Le blog des voitures de collection par Wedrivit","og_description":"D\u00e9couvrez les plus beaux villages de France en voiture de collection et vivez une exp\u00e9rience unique et inoubliable en famille ou entre amis !","og_url":"https:\/\/www.wedrivit.com\/blog\/voiture\/collection\/a-la-decouverte-des-plus-beaux-villages-de-france-en-ancienne","og_site_name":"Le blog des voitures de collection par Wedrivit","article_published_time":"2021-07-28T13:00:00+00:00","article_modified_time":"2022-07-26T10:24:59+00:00","og_image":[{"width":500,"height":500,"url":"https:\/\/www.wedrivit.com\/blog\/wp-content\/uploads\/2021\/07\/Sans-titre-9.png","type":"image\/png"}],"author":"Emma Lamaison","twitter_card":"summary_large_image","twitter_misc":{"\u00c9crit par":"Emma Lamaison","Dur\u00e9e de lecture estim\u00e9e":"6 minutes"},"schema":{"@context":"https:\/\/schema.org","@graph":[{"@type":"Article","@id":"https:\/\/www.wedrivit.com\/blog\/voiture\/collection\/a-la-decouverte-des-plus-beaux-villages-de-france-en-ancienne#article","isPartOf":{"@id":"https:\/\/www.wedrivit.com\/blog\/voiture\/collection\/a-la-decouverte-des-plus-beaux-villages-de-france-en-ancienne"},"author":{"name":"Emma Lamaison","@id":"https:\/\/www.wedrivit.com\/blog\/#\/schema\/person\/b5083d2ee3c90d381714dafa2a57c2d7"},"headline":"A la d\u00e9couverte des plus beaux villages de France en ancienne","datePublished":"2021-07-28T13:00:00+00:00","dateModified":"2022-07-26T10:24:59+00:00","mainEntityOfPage":{"@id":"https:\/\/www.wedrivit.com\/blog\/voiture\/collection\/a-la-decouverte-des-plus-beaux-villages-de-france-en-ancienne"},"wordCount":1118,"commentCount":2,"publisher":{"@id":"https:\/\/www.wedrivit.com\/blog\/#organization"},"image":{"@id":"https:\/\/www.wedrivit.com\/blog\/voiture\/collection\/a-la-decouverte-des-plus-beaux-villages-de-france-en-ancienne#primaryimage"},"thumbnailUrl":"https:\/\/www.wedrivit.com\/blog\/wp-content\/uploads\/2021\/07\/Sans-titre-9.png","articleSection":["Culture Automobile","Tous les articles","Voyages"],"inLanguage":"fr-FR","potentialAction":[{"@type":"CommentAction","name":"Comment","target":["https:\/\/www.wedrivit.com\/blog\/voiture\/collection\/a-la-decouverte-des-plus-beaux-villages-de-france-en-ancienne#respond"]}]},{"@type":"WebPage","@id":"https:\/\/www.wedrivit.com\/blog\/voiture\/collection\/a-la-decouverte-des-plus-beaux-villages-de-france-en-ancienne","url":"https:\/\/www.wedrivit.com\/blog\/voiture\/collection\/a-la-decouverte-des-plus-beaux-villages-de-france-en-ancienne","name":"A la d\u00e9couverte des plus beaux villages de France en ancienne - Le blog des voitures de collection par Wedrivit","isPartOf":{"@id":"https:\/\/www.wedrivit.com\/blog\/#website"},"primaryImageOfPage":{"@id":"https:\/\/www.wedrivit.com\/blog\/voiture\/collection\/a-la-decouverte-des-plus-beaux-villages-de-france-en-ancienne#primaryimage"},"image":{"@id":"https:\/\/www.wedrivit.com\/blog\/voiture\/collection\/a-la-decouverte-des-plus-beaux-villages-de-france-en-ancienne#primaryimage"},"thumbnailUrl":"https:\/\/www.wedrivit.com\/blog\/wp-content\/uploads\/2021\/07\/Sans-titre-9.png","datePublished":"2021-07-28T13:00:00+00:00","dateModified":"2022-07-26T10:24:59+00:00","description":"D\u00e9couvrez les plus beaux villages de France en voiture de collection et vivez une exp\u00e9rience unique et inoubliable en famille ou entre amis !","breadcrumb":{"@id":"https:\/\/www.wedrivit.com\/blog\/voiture\/collection\/a-la-decouverte-des-plus-beaux-villages-de-france-en-ancienne#breadcrumb"},"inLanguage":"fr-FR","potentialAction":[{"@type":"ReadAction","target":["https:\/\/www.wedrivit.com\/blog\/voiture\/collection\/a-la-decouverte-des-plus-beaux-villages-de-france-en-ancienne"]}]},{"@type":"ImageObject","inLanguage":"fr-FR","@id":"https:\/\/www.wedrivit.com\/blog\/voiture\/collection\/a-la-decouverte-des-plus-beaux-villages-de-france-en-ancienne#primaryimage","url":"https:\/\/www.wedrivit.com\/blog\/wp-content\/uploads\/2021\/07\/Sans-titre-9.png","contentUrl":"https:\/\/www.wedrivit.com\/blog\/wp-content\/uploads\/2021\/07\/Sans-titre-9.png","width":500,"height":500,"caption":"Les plus beaux villages de France"},{"@type":"BreadcrumbList","@id":"https:\/\/www.wedrivit.com\/blog\/voiture\/collection\/a-la-decouverte-des-plus-beaux-villages-de-france-en-ancienne#breadcrumb","itemListElement":[{"@type":"ListItem","position":1,"name":"Home","item":"https:\/\/www.wedrivit.com\/blog\/"},{"@type":"ListItem","position":2,"name":"A la d\u00e9couverte des plus beaux villages de France en ancienne"}]},{"@type":"WebSite","@id":"https:\/\/www.wedrivit.com\/blog\/#website","url":"https:\/\/www.wedrivit.com\/blog\/","name":"Le blog des voitures de collection par Wedrivit","description":"Tout savoir sur les voitures anciennes grace \u00e0 Wedrivit, la plateforme de location de voitures anciennes entre particuliers.","publisher":{"@id":"https:\/\/www.wedrivit.com\/blog\/#organization"},"potentialAction":[{"@type":"SearchAction","target":{"@type":"EntryPoint","urlTemplate":"https:\/\/www.wedrivit.com\/blog\/?s={search_term_string}"},"query-input":{"@type":"PropertyValueSpecification","valueRequired":true,"valueName":"search_term_string"}}],"inLanguage":"fr-FR"},{"@type":"Organization","@id":"https:\/\/www.wedrivit.com\/blog\/#organization","name":"Le blog des voitures de collection par Wedrivit","url":"https:\/\/www.wedrivit.com\/blog\/","logo":{"@type":"ImageObject","inLanguage":"fr-FR","@id":"https:\/\/www.wedrivit.com\/blog\/#\/schema\/logo\/image\/","url":"https:\/\/www.wedrivit.com\/blog\/wp-content\/uploads\/2024\/12\/wedrivit-blanc-large-2.png","contentUrl":"https:\/\/www.wedrivit.com\/blog\/wp-content\/uploads\/2024\/12\/wedrivit-blanc-large-2.png","caption":"Le blog des voitures de collection par Wedrivit"},"image":{"@id":"https:\/\/www.wedrivit.com\/blog\/#\/schema\/logo\/image\/"}},{"@type":"Person","@id":"https:\/\/www.wedrivit.com\/blog\/#\/schema\/person\/b5083d2ee3c90d381714dafa2a57c2d7","name":"Emma Lamaison","image":{"@type":"ImageObject","inLanguage":"fr-FR","@id":"https:\/\/www.wedrivit.com\/blog\/#\/schema\/person\/image\/","url":"https:\/\/secure.gravatar.com\/avatar\/f40afe8fcd291dc48a987a154c6669b741babc72aeccc5bf4e693743144a6f65?s=96&d=mm&r=g","contentUrl":"https:\/\/secure.gravatar.com\/avatar\/f40afe8fcd291dc48a987a154c6669b741babc72aeccc5bf4e693743144a6f65?s=96&d=mm&r=g","caption":"Emma Lamaison"},"sameAs":["http:\/\/www.classic-hub.com"],"url":"https:\/\/www.wedrivit.com\/blog\/voiture\/collection\/author\/emma-lamaison"}]}},"_links":{"self":[{"href":"https:\/\/www.wedrivit.com\/blog\/wp-json\/wp\/v2\/posts\/3953","targetHints":{"allow":["GET"]}}],"collection":[{"href":"https:\/\/www.wedrivit.com\/blog\/wp-json\/wp\/v2\/posts"}],"about":[{"href":"https:\/\/www.wedrivit.com\/blog\/wp-json\/wp\/v2\/types\/post"}],"author":[{"embeddable":true,"href":"https:\/\/www.wedrivit.com\/blog\/wp-json\/wp\/v2\/users\/13"}],"replies":[{"embeddable":true,"href":"https:\/\/www.wedrivit.com\/blog\/wp-json\/wp\/v2\/comments?post=3953"}],"version-history":[{"count":54,"href":"https:\/\/www.wedrivit.com\/blog\/wp-json\/wp\/v2\/posts\/3953\/revisions"}],"predecessor-version":[{"id":6025,"href":"https:\/\/www.wedrivit.com\/blog\/wp-json\/wp\/v2\/posts\/3953\/revisions\/6025"}],"wp:featuredmedia":[{"embeddable":true,"href":"https:\/\/www.wedrivit.com\/blog\/wp-json\/wp\/v2\/media\/3984"}],"wp:attachment":[{"href":"https:\/\/www.wedrivit.com\/blog\/wp-json\/wp\/v2\/media?parent=3953"}],"wp:term":[{"taxonomy":"category","embeddable":true,"href":"https:\/\/www.wedrivit.com\/blog\/wp-json\/wp\/v2\/categories?post=3953"},{"taxonomy":"post_tag","embeddable":true,"href":"https:\/\/www.wedrivit.com\/blog\/wp-json\/wp\/v2\/tags?post=3953"}],"curies":[{"name":"wp","href":"https:\/\/api.w.org\/{rel}","templated":true}]}}