{"id":3847,"date":"2021-07-21T15:00:00","date_gmt":"2021-07-21T13:00:00","guid":{"rendered":"https:\/\/www.wedrivit.com\/blog\/?p=3847"},"modified":"2022-07-29T10:26:29","modified_gmt":"2022-07-29T08:26:29","slug":"les-monuments-de-lunesco-en-ancienne","status":"publish","type":"post","link":"https:\/\/www.wedrivit.com\/blog\/voiture\/collection\/les-monuments-de-lunesco-en-ancienne","title":{"rendered":"Les monuments de l&rsquo;UNESCO en ancienne"},"content":{"rendered":"\t\t<div data-elementor-type=\"wp-post\" data-elementor-id=\"3847\" class=\"elementor elementor-3847\">\n\t\t\t\t\t\t<section class=\"elementor-section elementor-top-section elementor-element elementor-element-4b81a26 elementor-section-boxed elementor-section-height-default elementor-section-height-default\" data-id=\"4b81a26\" data-element_type=\"section\">\n\t\t\t\t\t\t<div class=\"elementor-container elementor-column-gap-default\">\n\t\t\t\t\t<div class=\"elementor-column elementor-col-100 elementor-top-column elementor-element elementor-element-ffa662f\" data-id=\"ffa662f\" data-element_type=\"column\">\n\t\t\t<div class=\"elementor-widget-wrap elementor-element-populated\">\n\t\t\t\t\t\t<div class=\"elementor-element elementor-element-09ea217 elementor-widget elementor-widget-text-editor\" data-id=\"09ea217\" data-element_type=\"widget\" data-widget_type=\"text-editor.default\">\n\t\t\t\t<div class=\"elementor-widget-container\">\n\t\t\t\t\t\t\t\t\t<p><span style=\"font-weight: 400;\"><strong>L\u2019Unesco<\/strong> est l\u2019Organisation des Nations Unies pour l\u2019Education, la Science et la Culture.\u00a0 Cette organisation a \u00e9t\u00e9 cr\u00e9\u00e9e en novembre 1945, \u00e0 l\u2019issue de la Seconde Guerre mondiale.<\/span><\/p>\t\t\t\t\t\t\t\t<\/div>\n\t\t\t\t<\/div>\n\t\t\t\t\t<\/div>\n\t\t<\/div>\n\t\t\t\t\t<\/div>\n\t\t<\/section>\n\t\t\t\t<section class=\"elementor-section elementor-top-section elementor-element elementor-element-79b8a6f elementor-section-boxed elementor-section-height-default elementor-section-height-default\" data-id=\"79b8a6f\" data-element_type=\"section\">\n\t\t\t\t\t\t<div class=\"elementor-container elementor-column-gap-default\">\n\t\t\t\t\t<div class=\"elementor-column elementor-col-100 elementor-top-column elementor-element elementor-element-09bc795\" data-id=\"09bc795\" data-element_type=\"column\">\n\t\t\t<div class=\"elementor-widget-wrap elementor-element-populated\">\n\t\t\t\t\t\t<div class=\"elementor-element elementor-element-f52c630 elementor-widget elementor-widget-image\" data-id=\"f52c630\" data-element_type=\"widget\" data-widget_type=\"image.default\">\n\t\t\t\t<div class=\"elementor-widget-container\">\n\t\t\t\t\t\t\t\t\t\t\t\t\t\t\t<img fetchpriority=\"high\" decoding=\"async\" width=\"998\" height=\"683\" src=\"https:\/\/www.wedrivit.com\/blog\/wp-content\/uploads\/2021\/07\/Intro-1.jpg\" class=\"attachment-large size-large wp-image-3849\" alt=\"Ancienne\" \/>\t\t\t\t\t\t\t\t\t\t\t\t\t\t\t<\/div>\n\t\t\t\t<\/div>\n\t\t\t\t\t<\/div>\n\t\t<\/div>\n\t\t\t\t\t<\/div>\n\t\t<\/section>\n\t\t\t\t<section class=\"elementor-section elementor-top-section elementor-element elementor-element-cdd627a elementor-section-boxed elementor-section-height-default elementor-section-height-default\" data-id=\"cdd627a\" data-element_type=\"section\">\n\t\t\t\t\t\t<div class=\"elementor-container elementor-column-gap-default\">\n\t\t\t\t\t<div class=\"elementor-column elementor-col-100 elementor-top-column elementor-element elementor-element-34ab7f4\" data-id=\"34ab7f4\" data-element_type=\"column\">\n\t\t\t<div class=\"elementor-widget-wrap elementor-element-populated\">\n\t\t\t\t\t\t<div class=\"elementor-element elementor-element-7c5de30 elementor-widget elementor-widget-text-editor\" data-id=\"7c5de30\" data-element_type=\"widget\" data-widget_type=\"text-editor.default\">\n\t\t\t\t<div class=\"elementor-widget-container\">\n\t\t\t\t\t\t\t\t\t<p><span style=\"font-weight: 400; color: #000000;\"><strong>Le patrimoine mondial de l\u2019Unesco<\/strong> a \u00e9t\u00e9 mis en place dans l\u2019optique de conserver et de prot\u00e9ger les biens culturels et naturels du monde dans l\u2019int\u00e9r\u00eat de l\u2019h\u00e9ritage commun de l\u2019humanit\u00e9. Ces biens culturels et naturels se situent un peu partout dans le monde mais les principaux pays qui recensent le plus grand nombre de sites class\u00e9s sont l\u2019Italie et la Chine avec 55 sites, puis l\u2019Espagne avec 48 sites et l\u2019Allemagne avec 46 sites. La France se trouve au pied du podium avec <a href=\"https:\/\/www.wedrivit.com\/blog\/voiture\/collection\/journees-europeennes-du-patrimoine\/\" target=\"_blank\" rel=\"noopener\">45 sites class\u00e9s<\/a>.<\/span><\/p><p style=\"text-align: left;\"><span style=\"font-weight: 400; color: #000000;\"><a href=\"https:\/\/www.wedrivit.com\/\" target=\"_blank\" rel=\"noopener\">Wedrivit<\/a> vous propose d\u2019aller d\u00e9couvrir ces sites fran\u00e7ais class\u00e9s au <strong>patrimoine mondial de l\u2019Unesco<\/strong>. Pour cela, nous vous avons pr\u00e9par\u00e9 6 destinations pour vous \u00e9vader \u00e0 bord d\u2019une <strong>ancienne<\/strong>.<\/span><\/p>\t\t\t\t\t\t\t\t<\/div>\n\t\t\t\t<\/div>\n\t\t\t\t\t<\/div>\n\t\t<\/div>\n\t\t\t\t\t<\/div>\n\t\t<\/section>\n\t\t\t\t<section class=\"elementor-section elementor-top-section elementor-element elementor-element-b476e91 elementor-section-boxed elementor-section-height-default elementor-section-height-default\" data-id=\"b476e91\" data-element_type=\"section\">\n\t\t\t\t\t\t<div class=\"elementor-container elementor-column-gap-default\">\n\t\t\t\t\t<div class=\"elementor-column elementor-col-100 elementor-top-column elementor-element elementor-element-6cd484f\" data-id=\"6cd484f\" data-element_type=\"column\">\n\t\t\t<div class=\"elementor-widget-wrap elementor-element-populated\">\n\t\t\t\t\t\t<div class=\"elementor-element elementor-element-89cd9aa elementor-widget elementor-widget-heading\" data-id=\"89cd9aa\" data-element_type=\"widget\" data-widget_type=\"heading.default\">\n\t\t\t\t<div class=\"elementor-widget-container\">\n\t\t\t\t\t<h2 class=\"elementor-heading-title elementor-size-default\">Port de la lune, Bordeaux<\/h2>\t\t\t\t<\/div>\n\t\t\t\t<\/div>\n\t\t\t\t\t<\/div>\n\t\t<\/div>\n\t\t\t\t\t<\/div>\n\t\t<\/section>\n\t\t\t\t<section class=\"elementor-section elementor-top-section elementor-element elementor-element-6df0971 elementor-section-boxed elementor-section-height-default elementor-section-height-default\" data-id=\"6df0971\" data-element_type=\"section\">\n\t\t\t\t\t\t<div class=\"elementor-container elementor-column-gap-default\">\n\t\t\t\t\t<div class=\"elementor-column elementor-col-100 elementor-top-column elementor-element elementor-element-e4c0a00\" data-id=\"e4c0a00\" data-element_type=\"column\">\n\t\t\t<div class=\"elementor-widget-wrap elementor-element-populated\">\n\t\t\t\t\t\t<div class=\"elementor-element elementor-element-5a976fa elementor-widget elementor-widget-text-editor\" data-id=\"5a976fa\" data-element_type=\"widget\" data-widget_type=\"text-editor.default\">\n\t\t\t\t<div class=\"elementor-widget-container\">\n\t\t\t\t\t\t\t\t\t<p><span style=\"font-weight: 400;\">Le port de la Lune se situe \u00e0 <a href=\"https:\/\/www.wedrivit.com\/blog\/voiture\/collection\/5-destinations-plein-air-a-10km-maximum-du-centre-de-bordeaux\/\" target=\"_blank\" rel=\"noopener\">Bordeaux<\/a>, dans le Sud-Ouest de la France, il a \u00e9t\u00e9 class\u00e9 au <strong>patrimoine mondial de l\u2019Unesco<\/strong> en 2007. Le port de la lune doit son nom \u00e0 sa forme de lune, il est nomm\u00e9 ainsi depuis le Moyen-\u00c2ge.<\/span><\/p><p><span style=\"font-weight: 400;\">Bordeaux est une ville qui a \u00e9t\u00e9 b\u00e2tie \u00e0 l\u2019\u00e9poque des lumi\u00e8res. C\u2019\u00e9tait une ville d\u2019\u00e9change et de commerce gr\u00e2ce \u00e0 son port qui a permis de nombreux \u00e9changes commerciaux r\u00e9gionaux et internationaux. Bordeaux est \u00e9galement connue pour \u00eatre la capitale du vin avec une renomm\u00e9e mondiale.<\/span><\/p><p><span style=\"font-weight: 400;\">Le port de la Lune a \u00e9t\u00e9 class\u00e9 au patrimoine mondial gr\u00e2ce \u00e0 ses 2 000 ans d\u2019\u00e9changes et d\u2019influences qui ont marqu\u00e9 la ville principalement pour son architecture et son unit\u00e9 urbaine. Depuis le si\u00e8cle des lumi\u00e8res jusqu\u2019\u00e0 nos jours il n\u2019y a eu aucune rupture stylistique. C\u2019est pour cela que plus de 300 b\u00e2timents sont prot\u00e9g\u00e9s afin de conserver cette ville historique (plan de sauvegarde et de mise en valeur en 1988).<\/span><\/p><p><span style=\"font-weight: 400;\">Vous pourrez d\u00e9couvrir cette belle ville, \u00e0 pied ou alors au volant de votre <strong>voiture de collection<\/strong>. C\u2019est \u00e0 vous de choisir !<\/span><\/p>\t\t\t\t\t\t\t\t<\/div>\n\t\t\t\t<\/div>\n\t\t\t\t\t<\/div>\n\t\t<\/div>\n\t\t\t\t\t<\/div>\n\t\t<\/section>\n\t\t\t\t<section class=\"elementor-section elementor-top-section elementor-element elementor-element-6259573 elementor-section-boxed elementor-section-height-default elementor-section-height-default\" data-id=\"6259573\" data-element_type=\"section\">\n\t\t\t\t\t\t<div class=\"elementor-container elementor-column-gap-default\">\n\t\t\t\t\t<div class=\"elementor-column elementor-col-50 elementor-top-column elementor-element elementor-element-27bd38b\" data-id=\"27bd38b\" data-element_type=\"column\">\n\t\t\t<div class=\"elementor-widget-wrap elementor-element-populated\">\n\t\t\t\t\t\t<div class=\"elementor-element elementor-element-30bad3e elementor-widget elementor-widget-image\" data-id=\"30bad3e\" data-element_type=\"widget\" data-widget_type=\"image.default\">\n\t\t\t\t<div class=\"elementor-widget-container\">\n\t\t\t\t\t\t\t\t\t\t\t\t\t\t\t<img decoding=\"async\" width=\"797\" height=\"450\" src=\"https:\/\/www.wedrivit.com\/blog\/wp-content\/uploads\/2021\/07\/BordeauxGirondeAquitaineFrance.jpg\" class=\"attachment-large size-large wp-image-3852\" alt=\"Bordeaux\" \/>\t\t\t\t\t\t\t\t\t\t\t\t\t\t\t<\/div>\n\t\t\t\t<\/div>\n\t\t\t\t\t<\/div>\n\t\t<\/div>\n\t\t\t\t<div class=\"elementor-column elementor-col-50 elementor-top-column elementor-element elementor-element-e121c14\" data-id=\"e121c14\" data-element_type=\"column\">\n\t\t\t<div class=\"elementor-widget-wrap elementor-element-populated\">\n\t\t\t\t\t\t<div class=\"elementor-element elementor-element-ff5efc5 elementor-widget elementor-widget-image\" data-id=\"ff5efc5\" data-element_type=\"widget\" data-widget_type=\"image.default\">\n\t\t\t\t<div class=\"elementor-widget-container\">\n\t\t\t\t\t\t\t\t\t\t\t\t\t\t\t<img decoding=\"async\" width=\"1000\" height=\"667\" src=\"https:\/\/www.wedrivit.com\/blog\/wp-content\/uploads\/2021\/07\/Bordeaux-1-1.jpg\" class=\"attachment-large size-large wp-image-3853\" alt=\"Bordeaux\" \/>\t\t\t\t\t\t\t\t\t\t\t\t\t\t\t<\/div>\n\t\t\t\t<\/div>\n\t\t\t\t\t<\/div>\n\t\t<\/div>\n\t\t\t\t\t<\/div>\n\t\t<\/section>\n\t\t\t\t<section class=\"elementor-section elementor-top-section elementor-element elementor-element-00c7d34 elementor-section-boxed elementor-section-height-default elementor-section-height-default\" data-id=\"00c7d34\" data-element_type=\"section\">\n\t\t\t\t\t\t<div class=\"elementor-container elementor-column-gap-default\">\n\t\t\t\t\t<div class=\"elementor-column elementor-col-100 elementor-top-column elementor-element elementor-element-5a7e907\" data-id=\"5a7e907\" data-element_type=\"column\">\n\t\t\t<div class=\"elementor-widget-wrap elementor-element-populated\">\n\t\t\t\t\t\t<div class=\"elementor-element elementor-element-16ae7a9 elementor-widget elementor-widget-spacer\" data-id=\"16ae7a9\" data-element_type=\"widget\" data-widget_type=\"spacer.default\">\n\t\t\t\t<div class=\"elementor-widget-container\">\n\t\t\t\t\t\t\t<div class=\"elementor-spacer\">\n\t\t\t<div class=\"elementor-spacer-inner\"><\/div>\n\t\t<\/div>\n\t\t\t\t\t\t<\/div>\n\t\t\t\t<\/div>\n\t\t\t\t\t<\/div>\n\t\t<\/div>\n\t\t\t\t\t<\/div>\n\t\t<\/section>\n\t\t\t\t<section class=\"elementor-section elementor-top-section elementor-element elementor-element-8802d67 elementor-section-boxed elementor-section-height-default elementor-section-height-default\" data-id=\"8802d67\" data-element_type=\"section\">\n\t\t\t\t\t\t<div class=\"elementor-container elementor-column-gap-default\">\n\t\t\t\t\t<div class=\"elementor-column elementor-col-100 elementor-top-column elementor-element elementor-element-bd8b9d1\" data-id=\"bd8b9d1\" data-element_type=\"column\">\n\t\t\t<div class=\"elementor-widget-wrap elementor-element-populated\">\n\t\t\t\t\t\t<div class=\"elementor-element elementor-element-c83b3df elementor-widget elementor-widget-heading\" data-id=\"c83b3df\" data-element_type=\"widget\" data-widget_type=\"heading.default\">\n\t\t\t\t<div class=\"elementor-widget-container\">\n\t\t\t\t\t<h2 class=\"elementor-heading-title elementor-size-default\">Bassin minier du Nord-Pas de Calais<\/h2>\t\t\t\t<\/div>\n\t\t\t\t<\/div>\n\t\t\t\t\t<\/div>\n\t\t<\/div>\n\t\t\t\t\t<\/div>\n\t\t<\/section>\n\t\t\t\t<section class=\"elementor-section elementor-top-section elementor-element elementor-element-7aa4da1 elementor-section-boxed elementor-section-height-default elementor-section-height-default\" data-id=\"7aa4da1\" data-element_type=\"section\">\n\t\t\t\t\t\t<div class=\"elementor-container elementor-column-gap-default\">\n\t\t\t\t\t<div class=\"elementor-column elementor-col-100 elementor-top-column elementor-element elementor-element-fec4a49\" data-id=\"fec4a49\" data-element_type=\"column\">\n\t\t\t<div class=\"elementor-widget-wrap elementor-element-populated\">\n\t\t\t\t\t\t<div class=\"elementor-element elementor-element-b510506 elementor-widget elementor-widget-text-editor\" data-id=\"b510506\" data-element_type=\"widget\" data-widget_type=\"text-editor.default\">\n\t\t\t\t<div class=\"elementor-widget-container\">\n\t\t\t\t\t\t\t\t\t<p><span style=\"font-weight: 400;\">Le bassin minier se situe sur deux d\u00e9partements du nord de la France, le Nord et le Pas-de-Calais. Il a \u00e9t\u00e9 class\u00e9 au <strong>patrimoine mondial de l&rsquo;Unesco<\/strong> en 2012 apr\u00e8s une demande faite en 2010 par le ministre de la culture.<\/span><\/p><p><span style=\"font-weight: 400;\">Le site s\u2019\u00e9tend sur 120 km et a accueilli 3 si\u00e8cles d\u2019extraction mini\u00e8re (comme du charbon) entre le XVIIIe si\u00e8cle et le XXe si\u00e8cle. Le nord de la France est connu pour ses nombreux sites d\u2019extraction de minerais. Pendant les si\u00e8cles d\u2019extraction, le paysage du site a \u00e9volu\u00e9 de fa\u00e7on homog\u00e8ne et s\u2019est enrichi au fil des si\u00e8cles. Le bassin minier \u00e9tait un lieu d\u2019habitat pour les ouvriers avec toute une vie sociable qui s\u2019est organis\u00e9e autour des mines.<\/span><\/p><p><span style=\"font-weight: 400;\">S\u2019agissant d\u2019un des embl\u00e8mes de l\u2019histoire de l\u2019Europe industrielle, le site a \u00e9t\u00e9 class\u00e9 afin de conserver les vestiges de cette \u00e9poque. Parmi les nombreux vestiges de cette \u00e9poque vous pourrez voir des terrils, des terres agricoles mais aussi du patrimoine industriel minier, des restes des \u00e9quipements de transports comme des chemins de fer ainsi que des vestiges de la vie qui s&rsquo;\u00e9taient \u00e9tablis autour des mines.<\/span><\/p><p><span style=\"font-weight: 400;\">Aujourd\u2019hui c\u2019est un site magnifique \u00e0 visiter et afin de replonger dans l&rsquo;\u00e9poque, rien de mieux que de louer <strong>une voiture de collection<\/strong>. <\/span><\/p>\t\t\t\t\t\t\t\t<\/div>\n\t\t\t\t<\/div>\n\t\t\t\t\t<\/div>\n\t\t<\/div>\n\t\t\t\t\t<\/div>\n\t\t<\/section>\n\t\t\t\t<section class=\"elementor-section elementor-top-section elementor-element elementor-element-833f543 elementor-section-boxed elementor-section-height-default elementor-section-height-default\" data-id=\"833f543\" data-element_type=\"section\">\n\t\t\t\t\t\t<div class=\"elementor-container elementor-column-gap-default\">\n\t\t\t\t\t<div class=\"elementor-column elementor-col-50 elementor-top-column elementor-element elementor-element-7a81506\" data-id=\"7a81506\" data-element_type=\"column\">\n\t\t\t<div class=\"elementor-widget-wrap elementor-element-populated\">\n\t\t\t\t\t\t<div class=\"elementor-element elementor-element-ab76f15 elementor-widget elementor-widget-image\" data-id=\"ab76f15\" data-element_type=\"widget\" data-widget_type=\"image.default\">\n\t\t\t\t<div class=\"elementor-widget-container\">\n\t\t\t\t\t\t\t\t\t\t\t\t\t\t\t<img loading=\"lazy\" decoding=\"async\" width=\"750\" height=\"500\" src=\"https:\/\/www.wedrivit.com\/blog\/wp-content\/uploads\/2021\/07\/bassin-minier-1.jpg\" class=\"attachment-large size-large wp-image-3854\" alt=\"Nord Pas-de-Calais\" \/>\t\t\t\t\t\t\t\t\t\t\t\t\t\t\t<\/div>\n\t\t\t\t<\/div>\n\t\t\t\t\t<\/div>\n\t\t<\/div>\n\t\t\t\t<div class=\"elementor-column elementor-col-50 elementor-top-column elementor-element elementor-element-7b84090\" data-id=\"7b84090\" data-element_type=\"column\">\n\t\t\t<div class=\"elementor-widget-wrap elementor-element-populated\">\n\t\t\t\t\t\t<div class=\"elementor-element elementor-element-3e11d7d elementor-widget elementor-widget-image\" data-id=\"3e11d7d\" data-element_type=\"widget\" data-widget_type=\"image.default\">\n\t\t\t\t<div class=\"elementor-widget-container\">\n\t\t\t\t\t\t\t\t\t\t\t\t\t\t\t<img loading=\"lazy\" decoding=\"async\" width=\"1000\" height=\"564\" src=\"https:\/\/www.wedrivit.com\/blog\/wp-content\/uploads\/2021\/07\/Bassin-minier-3.jpg\" class=\"attachment-large size-large wp-image-3856\" alt=\"Nord Pas-de-Calais\" \/>\t\t\t\t\t\t\t\t\t\t\t\t\t\t\t<\/div>\n\t\t\t\t<\/div>\n\t\t\t\t\t<\/div>\n\t\t<\/div>\n\t\t\t\t\t<\/div>\n\t\t<\/section>\n\t\t\t\t<section class=\"elementor-section elementor-top-section elementor-element elementor-element-3437bcf elementor-section-boxed elementor-section-height-default elementor-section-height-default\" data-id=\"3437bcf\" data-element_type=\"section\">\n\t\t\t\t\t\t<div class=\"elementor-container elementor-column-gap-default\">\n\t\t\t\t\t<div class=\"elementor-column elementor-col-100 elementor-top-column elementor-element elementor-element-08258cc\" data-id=\"08258cc\" data-element_type=\"column\">\n\t\t\t<div class=\"elementor-widget-wrap elementor-element-populated\">\n\t\t\t\t\t\t<div class=\"elementor-element elementor-element-591fe6c elementor-widget elementor-widget-spacer\" data-id=\"591fe6c\" data-element_type=\"widget\" data-widget_type=\"spacer.default\">\n\t\t\t\t<div class=\"elementor-widget-container\">\n\t\t\t\t\t\t\t<div class=\"elementor-spacer\">\n\t\t\t<div class=\"elementor-spacer-inner\"><\/div>\n\t\t<\/div>\n\t\t\t\t\t\t<\/div>\n\t\t\t\t<\/div>\n\t\t\t\t\t<\/div>\n\t\t<\/div>\n\t\t\t\t\t<\/div>\n\t\t<\/section>\n\t\t\t\t<section class=\"elementor-section elementor-top-section elementor-element elementor-element-6dc0c67 elementor-section-boxed elementor-section-height-default elementor-section-height-default\" data-id=\"6dc0c67\" data-element_type=\"section\">\n\t\t\t\t\t\t<div class=\"elementor-container elementor-column-gap-default\">\n\t\t\t\t\t<div class=\"elementor-column elementor-col-100 elementor-top-column elementor-element elementor-element-d39edfc\" data-id=\"d39edfc\" data-element_type=\"column\">\n\t\t\t<div class=\"elementor-widget-wrap elementor-element-populated\">\n\t\t\t\t\t\t<div class=\"elementor-element elementor-element-7e7ad78 elementor-widget elementor-widget-heading\" data-id=\"7e7ad78\" data-element_type=\"widget\" data-widget_type=\"heading.default\">\n\t\t\t\t<div class=\"elementor-widget-container\">\n\t\t\t\t\t<h2 class=\"elementor-heading-title elementor-size-default\">Grotte orn\u00e9e du Pont-d \u2019Arc \u00e0 class\u00e9 \u00e0 L'UNESCO, Ard\u00e8che<\/h2>\t\t\t\t<\/div>\n\t\t\t\t<\/div>\n\t\t\t\t\t<\/div>\n\t\t<\/div>\n\t\t\t\t\t<\/div>\n\t\t<\/section>\n\t\t\t\t<section class=\"elementor-section elementor-top-section elementor-element elementor-element-f98158a elementor-section-boxed elementor-section-height-default elementor-section-height-default\" data-id=\"f98158a\" data-element_type=\"section\">\n\t\t\t\t\t\t<div class=\"elementor-container elementor-column-gap-default\">\n\t\t\t\t\t<div class=\"elementor-column elementor-col-100 elementor-top-column elementor-element elementor-element-8bf14a1\" data-id=\"8bf14a1\" data-element_type=\"column\">\n\t\t\t<div class=\"elementor-widget-wrap elementor-element-populated\">\n\t\t\t\t\t\t<div class=\"elementor-element elementor-element-3c6a689 elementor-widget elementor-widget-text-editor\" data-id=\"3c6a689\" data-element_type=\"widget\" data-widget_type=\"text-editor.default\">\n\t\t\t\t<div class=\"elementor-widget-container\">\n\t\t\t\t\t\t\t\t\t<p><span style=\"font-weight: 400;\">La grotte orn\u00e9e du Pont-d\u2019Arc (dite Grotte Chauvet-pont-d&rsquo;Arc) se situe en Ard\u00e8che dans le sud de la France. Elle se trouve au niveau d\u2019un plateau calcaire qui est travers\u00e9 par la rivi\u00e8re Ard\u00e8che. Elle a \u00e9t\u00e9 inscrite au <strong>patrimoine mondial de l\u2019Unesco<\/strong> en 2014.<\/span><\/p><p><span style=\"font-weight: 400;\">Dans cette grotte, les arch\u00e9ologues ont d\u00e9couvert les plus vieilles peintures datant de 30 000 \u00e0 32 000 ans avant JC. La grotte a \u00e9t\u00e9 ferm\u00e9e pendant de nombreuses ann\u00e9es \u00e0 cause d\u2019un effondrement, mais ce dernier lui a permis de conserver ses peintures de l\u2019art pr\u00e9historique. La grotte a pu ouvrir en 1994.<\/span><\/p><p><span style=\"font-weight: 400;\">La grotte doit \u00e9galement son prestige \u00e0 sa large gamme de techniques de peintures utilis\u00e9es pour l\u2019\u00e9poque. Vous pouvez y voir de nombreux motifs anthropomorphes et animaliers (1 000 peintures environ) et des peintures de la faune pal\u00e9olithique et les diff\u00e9rentes empreintes humaines (4 000 peintures environ)<\/span><\/p><p><span style=\"font-weight: 400;\">\u00a0Garez votre <strong>ancienne<\/strong> et aventurez-vous dans cette grotte qui regorge d\u2019histoires<\/span><\/p>\t\t\t\t\t\t\t\t<\/div>\n\t\t\t\t<\/div>\n\t\t\t\t\t<\/div>\n\t\t<\/div>\n\t\t\t\t\t<\/div>\n\t\t<\/section>\n\t\t\t\t<section class=\"elementor-section elementor-top-section elementor-element elementor-element-b43e1c0 elementor-section-boxed elementor-section-height-default elementor-section-height-default\" data-id=\"b43e1c0\" data-element_type=\"section\">\n\t\t\t\t\t\t<div class=\"elementor-container elementor-column-gap-default\">\n\t\t\t\t\t<div class=\"elementor-column elementor-col-50 elementor-top-column elementor-element elementor-element-848f225\" data-id=\"848f225\" data-element_type=\"column\">\n\t\t\t<div class=\"elementor-widget-wrap elementor-element-populated\">\n\t\t\t\t\t\t<div class=\"elementor-element elementor-element-f05887b elementor-widget elementor-widget-image\" data-id=\"f05887b\" data-element_type=\"widget\" data-widget_type=\"image.default\">\n\t\t\t\t<div class=\"elementor-widget-container\">\n\t\t\t\t\t\t\t\t\t\t\t\t\t\t\t<img loading=\"lazy\" decoding=\"async\" width=\"1000\" height=\"667\" src=\"https:\/\/www.wedrivit.com\/blog\/wp-content\/uploads\/2021\/07\/Grotte-ornee-du-Pont-d-Arc.jpg\" class=\"attachment-large size-large wp-image-3860\" alt=\"Ard\u00e8che\" \/>\t\t\t\t\t\t\t\t\t\t\t\t\t\t\t<\/div>\n\t\t\t\t<\/div>\n\t\t\t\t\t<\/div>\n\t\t<\/div>\n\t\t\t\t<div class=\"elementor-column elementor-col-50 elementor-top-column elementor-element elementor-element-3f5f461\" data-id=\"3f5f461\" data-element_type=\"column\">\n\t\t\t<div class=\"elementor-widget-wrap elementor-element-populated\">\n\t\t\t\t\t\t<div class=\"elementor-element elementor-element-327a82e elementor-widget elementor-widget-image\" data-id=\"327a82e\" data-element_type=\"widget\" data-widget_type=\"image.default\">\n\t\t\t\t<div class=\"elementor-widget-container\">\n\t\t\t\t\t\t\t\t\t\t\t\t\t\t\t<img loading=\"lazy\" decoding=\"async\" width=\"795\" height=\"530\" src=\"https:\/\/www.wedrivit.com\/blog\/wp-content\/uploads\/2021\/07\/Caverne-du-Pont-dArc-Ardeche.jpg\" class=\"attachment-large size-large wp-image-3861\" alt=\"Ard\u00e8che\" \/>\t\t\t\t\t\t\t\t\t\t\t\t\t\t\t<\/div>\n\t\t\t\t<\/div>\n\t\t\t\t\t<\/div>\n\t\t<\/div>\n\t\t\t\t\t<\/div>\n\t\t<\/section>\n\t\t\t\t<section class=\"elementor-section elementor-top-section elementor-element elementor-element-81187c7 elementor-section-boxed elementor-section-height-default elementor-section-height-default\" data-id=\"81187c7\" data-element_type=\"section\">\n\t\t\t\t\t\t<div class=\"elementor-container elementor-column-gap-default\">\n\t\t\t\t\t<div class=\"elementor-column elementor-col-100 elementor-top-column elementor-element elementor-element-0e27d56\" data-id=\"0e27d56\" data-element_type=\"column\">\n\t\t\t<div class=\"elementor-widget-wrap elementor-element-populated\">\n\t\t\t\t\t\t<div class=\"elementor-element elementor-element-50d783b elementor-widget elementor-widget-spacer\" data-id=\"50d783b\" data-element_type=\"widget\" data-widget_type=\"spacer.default\">\n\t\t\t\t<div class=\"elementor-widget-container\">\n\t\t\t\t\t\t\t<div class=\"elementor-spacer\">\n\t\t\t<div class=\"elementor-spacer-inner\"><\/div>\n\t\t<\/div>\n\t\t\t\t\t\t<\/div>\n\t\t\t\t<\/div>\n\t\t\t\t\t<\/div>\n\t\t<\/div>\n\t\t\t\t\t<\/div>\n\t\t<\/section>\n\t\t\t\t<section class=\"elementor-section elementor-top-section elementor-element elementor-element-4052783 elementor-section-boxed elementor-section-height-default elementor-section-height-default\" data-id=\"4052783\" data-element_type=\"section\">\n\t\t\t\t\t\t<div class=\"elementor-container elementor-column-gap-default\">\n\t\t\t\t\t<div class=\"elementor-column elementor-col-100 elementor-top-column elementor-element elementor-element-2809247\" data-id=\"2809247\" data-element_type=\"column\">\n\t\t\t<div class=\"elementor-widget-wrap elementor-element-populated\">\n\t\t\t\t\t\t<div class=\"elementor-element elementor-element-705b403 elementor-widget elementor-widget-heading\" data-id=\"705b403\" data-element_type=\"widget\" data-widget_type=\"heading.default\">\n\t\t\t\t<div class=\"elementor-widget-container\">\n\t\t\t\t\t<h2 class=\"elementor-heading-title elementor-size-default\">Basilique et colline de V\u00e9zelay<\/h2>\t\t\t\t<\/div>\n\t\t\t\t<\/div>\n\t\t\t\t\t<\/div>\n\t\t<\/div>\n\t\t\t\t\t<\/div>\n\t\t<\/section>\n\t\t\t\t<section class=\"elementor-section elementor-top-section elementor-element elementor-element-1960828 elementor-section-boxed elementor-section-height-default elementor-section-height-default\" data-id=\"1960828\" data-element_type=\"section\">\n\t\t\t\t\t\t<div class=\"elementor-container elementor-column-gap-default\">\n\t\t\t\t\t<div class=\"elementor-column elementor-col-100 elementor-top-column elementor-element elementor-element-3bf24ea\" data-id=\"3bf24ea\" data-element_type=\"column\">\n\t\t\t<div class=\"elementor-widget-wrap elementor-element-populated\">\n\t\t\t\t\t\t<div class=\"elementor-element elementor-element-496cfed elementor-widget elementor-widget-text-editor\" data-id=\"496cfed\" data-element_type=\"widget\" data-widget_type=\"text-editor.default\">\n\t\t\t\t<div class=\"elementor-widget-container\">\n\t\t\t\t\t\t\t\t\t<p><span style=\"font-weight: 400;\">La basilique Sainte-Marie-Madeleine se situe sur la colline du village de V\u00e9zelay, dans la r\u00e9gion Bourgogne-Franche-Comt\u00e9. Le village de V\u00e9zelay a \u00e9t\u00e9 \u00e9lu plus beau village de France, gr\u00e2ce son histoire et son architecture.<\/span><\/p><p><span style=\"font-weight: 400;\">La basilique Saint-Marie-Madeleine \u00e9tait autrefois une abbaye, c\u2019\u00e9tait un c\u00e9l\u00e8bre lieu de chr\u00e9tient\u00e9 au Moyen-\u00c2ge. Par la suite, elle est devenue un lieu de p\u00e8lerinage tr\u00e8s fr\u00e9quent\u00e9. Elle a accueilli la deuxi\u00e8me croisade ainsi que le d\u00e9part de la troisi\u00e8me croisade avec Richard C\u0153ur-de-lion et Philippe-Auguste.<\/span><\/p><p><span style=\"font-weight: 400;\">Lors de votre entr\u00e9e dans l\u2019\u00e9glise, admirez la nef centrale, les vo\u00fbtes, les claveaux bicolores ainsi que tous les autres \u00e9l\u00e9ments qui font de la basilique un c\u00e9l\u00e8bre chef-d\u2019\u0153uvre de l\u2019art roman. Un autre \u00e9l\u00e9ment de cette basilique est le portail sculpt\u00e9 entre la nef et le narthex.<\/span><\/p>\t\t\t\t\t\t\t\t<\/div>\n\t\t\t\t<\/div>\n\t\t\t\t\t<\/div>\n\t\t<\/div>\n\t\t\t\t\t<\/div>\n\t\t<\/section>\n\t\t\t\t<section class=\"elementor-section elementor-top-section elementor-element elementor-element-7bac461 elementor-section-boxed elementor-section-height-default elementor-section-height-default\" data-id=\"7bac461\" data-element_type=\"section\">\n\t\t\t\t\t\t<div class=\"elementor-container elementor-column-gap-default\">\n\t\t\t\t\t<div class=\"elementor-column elementor-col-50 elementor-top-column elementor-element elementor-element-af73ab3\" data-id=\"af73ab3\" data-element_type=\"column\">\n\t\t\t<div class=\"elementor-widget-wrap elementor-element-populated\">\n\t\t\t\t\t\t<div class=\"elementor-element elementor-element-4644e95 elementor-widget elementor-widget-image\" data-id=\"4644e95\" data-element_type=\"widget\" data-widget_type=\"image.default\">\n\t\t\t\t<div class=\"elementor-widget-container\">\n\t\t\t\t\t\t\t\t\t\t\t\t\t\t\t<img loading=\"lazy\" decoding=\"async\" width=\"500\" height=\"300\" src=\"https:\/\/www.wedrivit.com\/blog\/wp-content\/uploads\/2021\/07\/the-basilica-of-vezelay.jpg\" class=\"attachment-large size-large wp-image-3863\" alt=\"Vezelay\" \/>\t\t\t\t\t\t\t\t\t\t\t\t\t\t\t<\/div>\n\t\t\t\t<\/div>\n\t\t\t\t\t<\/div>\n\t\t<\/div>\n\t\t\t\t<div class=\"elementor-column elementor-col-50 elementor-top-column elementor-element elementor-element-acd5ecf\" data-id=\"acd5ecf\" data-element_type=\"column\">\n\t\t\t<div class=\"elementor-widget-wrap elementor-element-populated\">\n\t\t\t\t\t\t<div class=\"elementor-element elementor-element-f1655b6 elementor-widget elementor-widget-image\" data-id=\"f1655b6\" data-element_type=\"widget\" data-widget_type=\"image.default\">\n\t\t\t\t<div class=\"elementor-widget-container\">\n\t\t\t\t\t\t\t\t\t\t\t\t\t\t\t<img loading=\"lazy\" decoding=\"async\" width=\"1000\" height=\"750\" src=\"https:\/\/www.wedrivit.com\/blog\/wp-content\/uploads\/2021\/07\/vezelay-vue-de-montgolfiere.jpg\" class=\"attachment-large size-large wp-image-3862\" alt=\"Vezelay\" \/>\t\t\t\t\t\t\t\t\t\t\t\t\t\t\t<\/div>\n\t\t\t\t<\/div>\n\t\t\t\t\t<\/div>\n\t\t<\/div>\n\t\t\t\t\t<\/div>\n\t\t<\/section>\n\t\t\t\t<section class=\"elementor-section elementor-top-section elementor-element elementor-element-094a572 elementor-section-boxed elementor-section-height-default elementor-section-height-default\" data-id=\"094a572\" data-element_type=\"section\">\n\t\t\t\t\t\t<div class=\"elementor-container elementor-column-gap-default\">\n\t\t\t\t\t<div class=\"elementor-column elementor-col-100 elementor-top-column elementor-element elementor-element-cf79a88\" data-id=\"cf79a88\" data-element_type=\"column\">\n\t\t\t<div class=\"elementor-widget-wrap elementor-element-populated\">\n\t\t\t\t\t\t<div class=\"elementor-element elementor-element-135315a elementor-widget elementor-widget-spacer\" data-id=\"135315a\" data-element_type=\"widget\" data-widget_type=\"spacer.default\">\n\t\t\t\t<div class=\"elementor-widget-container\">\n\t\t\t\t\t\t\t<div class=\"elementor-spacer\">\n\t\t\t<div class=\"elementor-spacer-inner\"><\/div>\n\t\t<\/div>\n\t\t\t\t\t\t<\/div>\n\t\t\t\t<\/div>\n\t\t\t\t\t<\/div>\n\t\t<\/div>\n\t\t\t\t\t<\/div>\n\t\t<\/section>\n\t\t\t\t<section class=\"elementor-section elementor-top-section elementor-element elementor-element-461bab3 elementor-section-boxed elementor-section-height-default elementor-section-height-default\" data-id=\"461bab3\" data-element_type=\"section\">\n\t\t\t\t\t\t<div class=\"elementor-container elementor-column-gap-default\">\n\t\t\t\t\t<div class=\"elementor-column elementor-col-100 elementor-top-column elementor-element elementor-element-09a71ab\" data-id=\"09a71ab\" data-element_type=\"column\">\n\t\t\t<div class=\"elementor-widget-wrap elementor-element-populated\">\n\t\t\t\t\t\t<div class=\"elementor-element elementor-element-b22f57f elementor-widget elementor-widget-heading\" data-id=\"b22f57f\" data-element_type=\"widget\" data-widget_type=\"heading.default\">\n\t\t\t\t<div class=\"elementor-widget-container\">\n\t\t\t\t\t<h2 class=\"elementor-heading-title elementor-size-default\">Cit\u00e9 \u00e9piscopale d'Albi<\/h2>\t\t\t\t<\/div>\n\t\t\t\t<\/div>\n\t\t\t\t\t<\/div>\n\t\t<\/div>\n\t\t\t\t\t<\/div>\n\t\t<\/section>\n\t\t\t\t<section class=\"elementor-section elementor-top-section elementor-element elementor-element-42605ff elementor-section-boxed elementor-section-height-default elementor-section-height-default\" data-id=\"42605ff\" data-element_type=\"section\">\n\t\t\t\t\t\t<div class=\"elementor-container elementor-column-gap-default\">\n\t\t\t\t\t<div class=\"elementor-column elementor-col-100 elementor-top-column elementor-element elementor-element-93f2fac\" data-id=\"93f2fac\" data-element_type=\"column\">\n\t\t\t<div class=\"elementor-widget-wrap elementor-element-populated\">\n\t\t\t\t\t\t<div class=\"elementor-element elementor-element-67c5616 elementor-widget elementor-widget-text-editor\" data-id=\"67c5616\" data-element_type=\"widget\" data-widget_type=\"text-editor.default\">\n\t\t\t\t<div class=\"elementor-widget-container\">\n\t\t\t\t\t\t\t\t\t<p><span style=\"font-weight: 400;\">La cit\u00e9 \u00e9piscopale se situe \u00e0 Albi pr\u00e8s de Toulouse dans le Sud-Ouest de la France. C\u2019est au XIII si\u00e8cle que la ville devient une cit\u00e9 \u00e9piscopale.<\/span><\/p><p><span style=\"font-weight: 400;\">La cit\u00e9 \u00e9piscopale a commenc\u00e9 \u00e0 se construire au Moyen-Age et a continu\u00e9 \u00e0 se d\u00e9velopper jusqu\u2019\u00e0 l\u2019\u00e9poque moderne et contemporaine. La cit\u00e9 renvoie \u00e0 une architecture m\u00e9di\u00e9vale et homog\u00e8ne. Vous pourrez d\u00e9couvrir dans cette cit\u00e9, la cath\u00e9drale Sainte-C\u00e9cile qui offre une architecture et une d\u00e9coration \u00e0 couper le souffle.<\/span><\/p><p><span style=\"font-weight: 400;\">C\u2019est un magnifique village \u00e0 d\u00e9couvrir au volant d\u2019<strong>une voiture de collection<\/strong>.<\/span><\/p>\t\t\t\t\t\t\t\t<\/div>\n\t\t\t\t<\/div>\n\t\t\t\t\t<\/div>\n\t\t<\/div>\n\t\t\t\t\t<\/div>\n\t\t<\/section>\n\t\t\t\t<section class=\"elementor-section elementor-top-section elementor-element elementor-element-2a3681b elementor-section-boxed elementor-section-height-default elementor-section-height-default\" data-id=\"2a3681b\" data-element_type=\"section\">\n\t\t\t\t\t\t<div class=\"elementor-container elementor-column-gap-default\">\n\t\t\t\t\t<div class=\"elementor-column elementor-col-50 elementor-top-column elementor-element elementor-element-6f93924\" data-id=\"6f93924\" data-element_type=\"column\">\n\t\t\t<div class=\"elementor-widget-wrap elementor-element-populated\">\n\t\t\t\t\t\t<div class=\"elementor-element elementor-element-cdc4403 elementor-widget elementor-widget-image\" data-id=\"cdc4403\" data-element_type=\"widget\" data-widget_type=\"image.default\">\n\t\t\t\t<div class=\"elementor-widget-container\">\n\t\t\t\t\t\t\t\t\t\t\t\t\t\t\t<img loading=\"lazy\" decoding=\"async\" width=\"1000\" height=\"750\" src=\"https:\/\/www.wedrivit.com\/blog\/wp-content\/uploads\/2021\/07\/Cathedrale-St-Cecile-Albi.jpg\" class=\"attachment-large size-large wp-image-3866\" alt=\"Albi\" \/>\t\t\t\t\t\t\t\t\t\t\t\t\t\t\t<\/div>\n\t\t\t\t<\/div>\n\t\t\t\t\t<\/div>\n\t\t<\/div>\n\t\t\t\t<div class=\"elementor-column elementor-col-50 elementor-top-column elementor-element elementor-element-f79efb6\" data-id=\"f79efb6\" data-element_type=\"column\">\n\t\t\t<div class=\"elementor-widget-wrap elementor-element-populated\">\n\t\t\t\t\t\t<div class=\"elementor-element elementor-element-74d3e41 elementor-widget elementor-widget-image\" data-id=\"74d3e41\" data-element_type=\"widget\" data-widget_type=\"image.default\">\n\t\t\t\t<div class=\"elementor-widget-container\">\n\t\t\t\t\t\t\t\t\t\t\t\t\t\t\t<img loading=\"lazy\" decoding=\"async\" width=\"750\" height=\"500\" src=\"https:\/\/www.wedrivit.com\/blog\/wp-content\/uploads\/2021\/07\/albi.jpg\" class=\"attachment-large size-large wp-image-3865\" alt=\"Albi\" \/>\t\t\t\t\t\t\t\t\t\t\t\t\t\t\t<\/div>\n\t\t\t\t<\/div>\n\t\t\t\t\t<\/div>\n\t\t<\/div>\n\t\t\t\t\t<\/div>\n\t\t<\/section>\n\t\t\t\t<section class=\"elementor-section elementor-top-section elementor-element elementor-element-c28fa2b elementor-section-boxed elementor-section-height-default elementor-section-height-default\" data-id=\"c28fa2b\" data-element_type=\"section\">\n\t\t\t\t\t\t<div class=\"elementor-container elementor-column-gap-default\">\n\t\t\t\t\t<div class=\"elementor-column elementor-col-100 elementor-top-column elementor-element elementor-element-7966e09\" data-id=\"7966e09\" data-element_type=\"column\">\n\t\t\t<div class=\"elementor-widget-wrap elementor-element-populated\">\n\t\t\t\t\t\t<div class=\"elementor-element elementor-element-99d7d64 elementor-widget elementor-widget-spacer\" data-id=\"99d7d64\" data-element_type=\"widget\" data-widget_type=\"spacer.default\">\n\t\t\t\t<div class=\"elementor-widget-container\">\n\t\t\t\t\t\t\t<div class=\"elementor-spacer\">\n\t\t\t<div class=\"elementor-spacer-inner\"><\/div>\n\t\t<\/div>\n\t\t\t\t\t\t<\/div>\n\t\t\t\t<\/div>\n\t\t\t\t\t<\/div>\n\t\t<\/div>\n\t\t\t\t\t<\/div>\n\t\t<\/section>\n\t\t\t\t<section class=\"elementor-section elementor-top-section elementor-element elementor-element-a435be8 elementor-section-boxed elementor-section-height-default elementor-section-height-default\" data-id=\"a435be8\" data-element_type=\"section\">\n\t\t\t\t\t\t<div class=\"elementor-container elementor-column-gap-default\">\n\t\t\t\t\t<div class=\"elementor-column elementor-col-100 elementor-top-column elementor-element elementor-element-a395353\" data-id=\"a395353\" data-element_type=\"column\">\n\t\t\t<div class=\"elementor-widget-wrap elementor-element-populated\">\n\t\t\t\t\t\t<div class=\"elementor-element elementor-element-5b7e46b elementor-widget elementor-widget-heading\" data-id=\"5b7e46b\" data-element_type=\"widget\" data-widget_type=\"heading.default\">\n\t\t\t\t<div class=\"elementor-widget-container\">\n\t\t\t\t\t<h2 class=\"elementor-heading-title elementor-size-default\">Val de Loire entre Sully-sur-Loire et Chalonnes class\u00e9 \u00e0 L'UNESCO<\/h2>\t\t\t\t<\/div>\n\t\t\t\t<\/div>\n\t\t\t\t\t<\/div>\n\t\t<\/div>\n\t\t\t\t\t<\/div>\n\t\t<\/section>\n\t\t\t\t<section class=\"elementor-section elementor-top-section elementor-element elementor-element-4fb1f36 elementor-section-boxed elementor-section-height-default elementor-section-height-default\" data-id=\"4fb1f36\" data-element_type=\"section\">\n\t\t\t\t\t\t<div class=\"elementor-container elementor-column-gap-default\">\n\t\t\t\t\t<div class=\"elementor-column elementor-col-100 elementor-top-column elementor-element elementor-element-aae29b7\" data-id=\"aae29b7\" data-element_type=\"column\">\n\t\t\t<div class=\"elementor-widget-wrap elementor-element-populated\">\n\t\t\t\t\t\t<div class=\"elementor-element elementor-element-0adff5d elementor-widget elementor-widget-text-editor\" data-id=\"0adff5d\" data-element_type=\"widget\" data-widget_type=\"text-editor.default\">\n\t\t\t\t<div class=\"elementor-widget-container\">\n\t\t\t\t\t\t\t\t\t<p><span style=\"font-weight: 400;\">Le val de Loire est une r\u00e9gion qui s\u2019\u00e9tend de Sully-sur-Loire \u00e0 Chalonnes qui se situe dans les Pays de la Loire (nord-est de la France).<\/span><\/p><p><span style=\"font-weight: 400;\">La r\u00e9gion a \u00e9t\u00e9 class\u00e9e au <strong>patrimoine mondial de l\u2019Unesco<\/strong> comme \u00ab paysage culturel vivant \u00bb cela signifie que cette r\u00e9gion refl\u00e8te un m\u00e9lange entre la nature et l\u2019Homme. Vous pourrez y trouver des espaces naturels ainsi que les constructions humaines, comme les ch\u00e2teaux de la Loire. Cette r\u00e9gion a fortement \u00e9t\u00e9 influenc\u00e9e par le si\u00e8cle de la Renaissance et des lumi\u00e8res. Ce qui fait de cette derni\u00e8re un patrimoine culturel \u00e0 conserver et prot\u00e9ger.<\/span><\/p><p><span style=\"font-weight: 400;\">Vous pourrez au volant de <strong>voiture de collection<\/strong> replong\u00e9 de cet univers et admirer les magnifiques paysages de cette r\u00e9gion<\/span><\/p>\t\t\t\t\t\t\t\t<\/div>\n\t\t\t\t<\/div>\n\t\t\t\t\t<\/div>\n\t\t<\/div>\n\t\t\t\t\t<\/div>\n\t\t<\/section>\n\t\t\t\t<section class=\"elementor-section elementor-top-section elementor-element elementor-element-87cea44 elementor-section-boxed elementor-section-height-default elementor-section-height-default\" data-id=\"87cea44\" data-element_type=\"section\">\n\t\t\t\t\t\t<div class=\"elementor-container elementor-column-gap-default\">\n\t\t\t\t\t<div class=\"elementor-column elementor-col-50 elementor-top-column elementor-element elementor-element-bad0386\" data-id=\"bad0386\" data-element_type=\"column\">\n\t\t\t<div class=\"elementor-widget-wrap elementor-element-populated\">\n\t\t\t\t\t\t<div class=\"elementor-element elementor-element-d4c6c04 elementor-widget elementor-widget-image\" data-id=\"d4c6c04\" data-element_type=\"widget\" data-widget_type=\"image.default\">\n\t\t\t\t<div class=\"elementor-widget-container\">\n\t\t\t\t\t\t\t\t\t\t\t\t\t\t\t<img loading=\"lazy\" decoding=\"async\" width=\"960\" height=\"488\" src=\"https:\/\/www.wedrivit.com\/blog\/wp-content\/uploads\/2021\/07\/val-de-loire-1.jpg\" class=\"attachment-large size-large wp-image-3868\" alt=\"La loire dans le Val de Loire\" \/>\t\t\t\t\t\t\t\t\t\t\t\t\t\t\t<\/div>\n\t\t\t\t<\/div>\n\t\t\t\t\t<\/div>\n\t\t<\/div>\n\t\t\t\t<div class=\"elementor-column elementor-col-50 elementor-top-column elementor-element elementor-element-f5a1671\" data-id=\"f5a1671\" data-element_type=\"column\">\n\t\t\t<div class=\"elementor-widget-wrap elementor-element-populated\">\n\t\t\t\t\t\t<div class=\"elementor-element elementor-element-83af372 elementor-widget elementor-widget-image\" data-id=\"83af372\" data-element_type=\"widget\" data-widget_type=\"image.default\">\n\t\t\t\t<div class=\"elementor-widget-container\">\n\t\t\t\t\t\t\t\t\t\t\t\t\t\t\t<img loading=\"lazy\" decoding=\"async\" width=\"482\" height=\"312\" src=\"https:\/\/www.wedrivit.com\/blog\/wp-content\/uploads\/2021\/07\/val-de-loire.jpg\" class=\"attachment-large size-large wp-image-3867\" alt=\"Val de loire\" \/>\t\t\t\t\t\t\t\t\t\t\t\t\t\t\t<\/div>\n\t\t\t\t<\/div>\n\t\t\t\t\t<\/div>\n\t\t<\/div>\n\t\t\t\t\t<\/div>\n\t\t<\/section>\n\t\t\t\t<section class=\"elementor-section elementor-top-section elementor-element elementor-element-6014896 elementor-section-boxed elementor-section-height-default elementor-section-height-default\" data-id=\"6014896\" data-element_type=\"section\">\n\t\t\t\t\t\t<div class=\"elementor-container elementor-column-gap-default\">\n\t\t\t\t\t<div class=\"elementor-column elementor-col-100 elementor-top-column elementor-element elementor-element-29c5117\" data-id=\"29c5117\" data-element_type=\"column\">\n\t\t\t<div class=\"elementor-widget-wrap elementor-element-populated\">\n\t\t\t\t\t\t<div class=\"elementor-element elementor-element-0d35d88 elementor-widget elementor-widget-spacer\" data-id=\"0d35d88\" data-element_type=\"widget\" data-widget_type=\"spacer.default\">\n\t\t\t\t<div class=\"elementor-widget-container\">\n\t\t\t\t\t\t\t<div class=\"elementor-spacer\">\n\t\t\t<div class=\"elementor-spacer-inner\"><\/div>\n\t\t<\/div>\n\t\t\t\t\t\t<\/div>\n\t\t\t\t<\/div>\n\t\t\t\t<div class=\"elementor-element elementor-element-ee07cec elementor-align-center elementor-widget elementor-widget-button\" data-id=\"ee07cec\" data-element_type=\"widget\" data-widget_type=\"button.default\">\n\t\t\t\t<div class=\"elementor-widget-container\">\n\t\t\t\t\t\t\t\t\t<div class=\"elementor-button-wrapper\">\n\t\t\t\t\t<a class=\"elementor-button elementor-button-link elementor-size-sm\" href=\"https:\/\/www.wedrivit.com\/rechercher\" target=\"_blank\">\n\t\t\t\t\t\t<span class=\"elementor-button-content-wrapper\">\n\t\t\t\t\t\t\t\t\t<span class=\"elementor-button-text\">Louer une voiture ancienne et d\u00e9couvrir les monuments de l'UNESCO<\/span>\n\t\t\t\t\t<\/span>\n\t\t\t\t\t<\/a>\n\t\t\t\t<\/div>\n\t\t\t\t\t\t\t\t<\/div>\n\t\t\t\t<\/div>\n\t\t\t\t\t<\/div>\n\t\t<\/div>\n\t\t\t\t\t<\/div>\n\t\t<\/section>\n\t\t\t\t<section class=\"elementor-section elementor-top-section elementor-element elementor-element-f56913a elementor-section-boxed elementor-section-height-default elementor-section-height-default\" data-id=\"f56913a\" data-element_type=\"section\">\n\t\t\t\t\t\t<div class=\"elementor-container elementor-column-gap-default\">\n\t\t\t\t\t<div class=\"elementor-column elementor-col-100 elementor-top-column elementor-element elementor-element-4bd0776\" data-id=\"4bd0776\" data-element_type=\"column\">\n\t\t\t<div class=\"elementor-widget-wrap elementor-element-populated\">\n\t\t\t\t\t\t<div class=\"elementor-element elementor-element-7e7c9f8 elementor-widget elementor-widget-text-editor\" data-id=\"7e7c9f8\" data-element_type=\"widget\" data-widget_type=\"text-editor.default\">\n\t\t\t\t<div class=\"elementor-widget-container\">\n\t\t\t\t\t\t\t\t\t<p>Vous aimerez peut \u00eatre :<\/p><blockquote><p><a href=\"https:\/\/www.wedrivit.com\/blog\/voiture\/collection\/journees-europeennes-du-patrimoine\/\">Les journ\u00e9es europ\u00e9ennes du patrimoine\u00a0<\/a><\/p><p><a href=\"https:\/\/www.wedrivit.com\/blog\/voiture\/collection\/parcourir-la-france-sur-les-lieux-de-tournage-de-vos-films-preferes\/\">Parcourir la France sur les lieux de tournage de vos films pr\u00e9f\u00e9r\u00e9s<\/a><\/p><\/blockquote>\t\t\t\t\t\t\t\t<\/div>\n\t\t\t\t<\/div>\n\t\t\t\t\t<\/div>\n\t\t<\/div>\n\t\t\t\t\t<\/div>\n\t\t<\/section>\n\t\t\t\t<\/div>\n\t\t","protected":false},"excerpt":{"rendered":"<p>Les monuments de l&rsquo;UNESCO en ancienne<\/p>\n","protected":false},"author":13,"featured_media":3849,"comment_status":"open","ping_status":"open","sticky":false,"template":"","format":"standard","meta":{"footnotes":""},"categories":[17,1,7],"tags":[],"class_list":["post-3847","post","type-post","status-publish","format-standard","has-post-thumbnail","hentry","category-culture-automobile","category-tous-les-articles","category-voyage"],"yoast_head":"<!-- This site is optimized with the Yoast SEO plugin v26.9 - https:\/\/yoast.com\/product\/yoast-seo-wordpress\/ -->\n<title>Les monuments de l&#039;UNESCO en ancienne - Le blog des voitures de collection par Wedrivit - Wedrivit<\/title>\n<meta name=\"description\" content=\"D\u00e9couvrez les monuments fran\u00e7ais class\u00e9s au patrimoine mondial de l&#039;Unesco au volant d&#039;une voiture de collection afin de vous \u00e9vadez autrement.\" \/>\n<meta name=\"robots\" content=\"index, follow, max-snippet:-1, max-image-preview:large, max-video-preview:-1\" \/>\n<link rel=\"canonical\" href=\"https:\/\/www.wedrivit.com\/blog\/voiture\/collection\/les-monuments-de-lunesco-en-ancienne\" \/>\n<meta property=\"og:locale\" content=\"fr_FR\" \/>\n<meta property=\"og:type\" content=\"article\" \/>\n<meta property=\"og:title\" content=\"Les monuments de l&#039;UNESCO en ancienne - Le blog des voitures de collection par Wedrivit - Wedrivit\" \/>\n<meta property=\"og:description\" content=\"D\u00e9couvrez les monuments fran\u00e7ais class\u00e9s au patrimoine mondial de l&#039;Unesco au volant d&#039;une voiture de collection afin de vous \u00e9vadez autrement.\" \/>\n<meta property=\"og:url\" content=\"https:\/\/www.wedrivit.com\/blog\/voiture\/collection\/les-monuments-de-lunesco-en-ancienne\" \/>\n<meta property=\"og:site_name\" content=\"Le blog des voitures de collection par Wedrivit\" \/>\n<meta property=\"article:published_time\" content=\"2021-07-21T13:00:00+00:00\" \/>\n<meta property=\"article:modified_time\" content=\"2022-07-29T08:26:29+00:00\" \/>\n<meta property=\"og:image\" content=\"https:\/\/www.wedrivit.com\/blog\/wp-content\/uploads\/2021\/07\/Intro-1.jpg\" \/>\n\t<meta property=\"og:image:width\" content=\"998\" \/>\n\t<meta property=\"og:image:height\" content=\"683\" \/>\n\t<meta property=\"og:image:type\" content=\"image\/jpeg\" \/>\n<meta name=\"author\" content=\"Emma Lamaison\" \/>\n<meta name=\"twitter:card\" content=\"summary_large_image\" \/>\n<meta name=\"twitter:label1\" content=\"\u00c9crit par\" \/>\n\t<meta name=\"twitter:data1\" content=\"Emma Lamaison\" \/>\n\t<meta name=\"twitter:label2\" content=\"Dur\u00e9e de lecture estim\u00e9e\" \/>\n\t<meta name=\"twitter:data2\" content=\"6 minutes\" \/>\n<script type=\"application\/ld+json\" class=\"yoast-schema-graph\">{\"@context\":\"https:\/\/schema.org\",\"@graph\":[{\"@type\":\"Article\",\"@id\":\"https:\/\/www.wedrivit.com\/blog\/voiture\/collection\/les-monuments-de-lunesco-en-ancienne#article\",\"isPartOf\":{\"@id\":\"https:\/\/www.wedrivit.com\/blog\/voiture\/collection\/les-monuments-de-lunesco-en-ancienne\"},\"author\":{\"name\":\"Emma Lamaison\",\"@id\":\"https:\/\/www.wedrivit.com\/blog\/#\/schema\/person\/b5083d2ee3c90d381714dafa2a57c2d7\"},\"headline\":\"Les monuments de l&rsquo;UNESCO en ancienne\",\"datePublished\":\"2021-07-21T13:00:00+00:00\",\"dateModified\":\"2022-07-29T08:26:29+00:00\",\"mainEntityOfPage\":{\"@id\":\"https:\/\/www.wedrivit.com\/blog\/voiture\/collection\/les-monuments-de-lunesco-en-ancienne\"},\"wordCount\":1232,\"commentCount\":2,\"publisher\":{\"@id\":\"https:\/\/www.wedrivit.com\/blog\/#organization\"},\"image\":{\"@id\":\"https:\/\/www.wedrivit.com\/blog\/voiture\/collection\/les-monuments-de-lunesco-en-ancienne#primaryimage\"},\"thumbnailUrl\":\"https:\/\/www.wedrivit.com\/blog\/wp-content\/uploads\/2021\/07\/Intro-1.jpg\",\"articleSection\":[\"Culture Automobile\",\"Tous les articles\",\"Voyages\"],\"inLanguage\":\"fr-FR\",\"potentialAction\":[{\"@type\":\"CommentAction\",\"name\":\"Comment\",\"target\":[\"https:\/\/www.wedrivit.com\/blog\/voiture\/collection\/les-monuments-de-lunesco-en-ancienne#respond\"]}]},{\"@type\":\"WebPage\",\"@id\":\"https:\/\/www.wedrivit.com\/blog\/voiture\/collection\/les-monuments-de-lunesco-en-ancienne\",\"url\":\"https:\/\/www.wedrivit.com\/blog\/voiture\/collection\/les-monuments-de-lunesco-en-ancienne\",\"name\":\"Les monuments de l'UNESCO en ancienne - Le blog des voitures de collection par Wedrivit - Wedrivit\",\"isPartOf\":{\"@id\":\"https:\/\/www.wedrivit.com\/blog\/#website\"},\"primaryImageOfPage\":{\"@id\":\"https:\/\/www.wedrivit.com\/blog\/voiture\/collection\/les-monuments-de-lunesco-en-ancienne#primaryimage\"},\"image\":{\"@id\":\"https:\/\/www.wedrivit.com\/blog\/voiture\/collection\/les-monuments-de-lunesco-en-ancienne#primaryimage\"},\"thumbnailUrl\":\"https:\/\/www.wedrivit.com\/blog\/wp-content\/uploads\/2021\/07\/Intro-1.jpg\",\"datePublished\":\"2021-07-21T13:00:00+00:00\",\"dateModified\":\"2022-07-29T08:26:29+00:00\",\"description\":\"D\u00e9couvrez les monuments fran\u00e7ais class\u00e9s au patrimoine mondial de l'Unesco au volant d'une voiture de collection afin de vous \u00e9vadez autrement.\",\"breadcrumb\":{\"@id\":\"https:\/\/www.wedrivit.com\/blog\/voiture\/collection\/les-monuments-de-lunesco-en-ancienne#breadcrumb\"},\"inLanguage\":\"fr-FR\",\"potentialAction\":[{\"@type\":\"ReadAction\",\"target\":[\"https:\/\/www.wedrivit.com\/blog\/voiture\/collection\/les-monuments-de-lunesco-en-ancienne\"]}]},{\"@type\":\"ImageObject\",\"inLanguage\":\"fr-FR\",\"@id\":\"https:\/\/www.wedrivit.com\/blog\/voiture\/collection\/les-monuments-de-lunesco-en-ancienne#primaryimage\",\"url\":\"https:\/\/www.wedrivit.com\/blog\/wp-content\/uploads\/2021\/07\/Intro-1.jpg\",\"contentUrl\":\"https:\/\/www.wedrivit.com\/blog\/wp-content\/uploads\/2021\/07\/Intro-1.jpg\",\"width\":998,\"height\":683,\"caption\":\"Ancienne\"},{\"@type\":\"BreadcrumbList\",\"@id\":\"https:\/\/www.wedrivit.com\/blog\/voiture\/collection\/les-monuments-de-lunesco-en-ancienne#breadcrumb\",\"itemListElement\":[{\"@type\":\"ListItem\",\"position\":1,\"name\":\"Home\",\"item\":\"https:\/\/www.wedrivit.com\/blog\/\"},{\"@type\":\"ListItem\",\"position\":2,\"name\":\"Les monuments de l&rsquo;UNESCO en ancienne\"}]},{\"@type\":\"WebSite\",\"@id\":\"https:\/\/www.wedrivit.com\/blog\/#website\",\"url\":\"https:\/\/www.wedrivit.com\/blog\/\",\"name\":\"Le blog des voitures de collection par Wedrivit\",\"description\":\"Tout savoir sur les voitures anciennes grace \u00e0 Wedrivit, la plateforme de location de voitures anciennes entre particuliers.\",\"publisher\":{\"@id\":\"https:\/\/www.wedrivit.com\/blog\/#organization\"},\"potentialAction\":[{\"@type\":\"SearchAction\",\"target\":{\"@type\":\"EntryPoint\",\"urlTemplate\":\"https:\/\/www.wedrivit.com\/blog\/?s={search_term_string}\"},\"query-input\":{\"@type\":\"PropertyValueSpecification\",\"valueRequired\":true,\"valueName\":\"search_term_string\"}}],\"inLanguage\":\"fr-FR\"},{\"@type\":\"Organization\",\"@id\":\"https:\/\/www.wedrivit.com\/blog\/#organization\",\"name\":\"Le blog des voitures de collection par Wedrivit\",\"url\":\"https:\/\/www.wedrivit.com\/blog\/\",\"logo\":{\"@type\":\"ImageObject\",\"inLanguage\":\"fr-FR\",\"@id\":\"https:\/\/www.wedrivit.com\/blog\/#\/schema\/logo\/image\/\",\"url\":\"https:\/\/www.wedrivit.com\/blog\/wp-content\/uploads\/2024\/12\/wedrivit-blanc-large-2.png\",\"contentUrl\":\"https:\/\/www.wedrivit.com\/blog\/wp-content\/uploads\/2024\/12\/wedrivit-blanc-large-2.png\",\"caption\":\"Le blog des voitures de collection par Wedrivit\"},\"image\":{\"@id\":\"https:\/\/www.wedrivit.com\/blog\/#\/schema\/logo\/image\/\"}},{\"@type\":\"Person\",\"@id\":\"https:\/\/www.wedrivit.com\/blog\/#\/schema\/person\/b5083d2ee3c90d381714dafa2a57c2d7\",\"name\":\"Emma Lamaison\",\"image\":{\"@type\":\"ImageObject\",\"inLanguage\":\"fr-FR\",\"@id\":\"https:\/\/www.wedrivit.com\/blog\/#\/schema\/person\/image\/\",\"url\":\"https:\/\/secure.gravatar.com\/avatar\/f40afe8fcd291dc48a987a154c6669b741babc72aeccc5bf4e693743144a6f65?s=96&d=mm&r=g\",\"contentUrl\":\"https:\/\/secure.gravatar.com\/avatar\/f40afe8fcd291dc48a987a154c6669b741babc72aeccc5bf4e693743144a6f65?s=96&d=mm&r=g\",\"caption\":\"Emma Lamaison\"},\"sameAs\":[\"http:\/\/www.classic-hub.com\"],\"url\":\"https:\/\/www.wedrivit.com\/blog\/voiture\/collection\/author\/emma-lamaison\"}]}<\/script>\n<!-- \/ Yoast SEO plugin. -->","yoast_head_json":{"title":"Les monuments de l'UNESCO en ancienne - Le blog des voitures de collection par Wedrivit - Wedrivit","description":"D\u00e9couvrez les monuments fran\u00e7ais class\u00e9s au patrimoine mondial de l'Unesco au volant d'une voiture de collection afin de vous \u00e9vadez autrement.","robots":{"index":"index","follow":"follow","max-snippet":"max-snippet:-1","max-image-preview":"max-image-preview:large","max-video-preview":"max-video-preview:-1"},"canonical":"https:\/\/www.wedrivit.com\/blog\/voiture\/collection\/les-monuments-de-lunesco-en-ancienne","og_locale":"fr_FR","og_type":"article","og_title":"Les monuments de l'UNESCO en ancienne - Le blog des voitures de collection par Wedrivit - Wedrivit","og_description":"D\u00e9couvrez les monuments fran\u00e7ais class\u00e9s au patrimoine mondial de l'Unesco au volant d'une voiture de collection afin de vous \u00e9vadez autrement.","og_url":"https:\/\/www.wedrivit.com\/blog\/voiture\/collection\/les-monuments-de-lunesco-en-ancienne","og_site_name":"Le blog des voitures de collection par Wedrivit","article_published_time":"2021-07-21T13:00:00+00:00","article_modified_time":"2022-07-29T08:26:29+00:00","og_image":[{"width":998,"height":683,"url":"https:\/\/www.wedrivit.com\/blog\/wp-content\/uploads\/2021\/07\/Intro-1.jpg","type":"image\/jpeg"}],"author":"Emma Lamaison","twitter_card":"summary_large_image","twitter_misc":{"\u00c9crit par":"Emma Lamaison","Dur\u00e9e de lecture estim\u00e9e":"6 minutes"},"schema":{"@context":"https:\/\/schema.org","@graph":[{"@type":"Article","@id":"https:\/\/www.wedrivit.com\/blog\/voiture\/collection\/les-monuments-de-lunesco-en-ancienne#article","isPartOf":{"@id":"https:\/\/www.wedrivit.com\/blog\/voiture\/collection\/les-monuments-de-lunesco-en-ancienne"},"author":{"name":"Emma Lamaison","@id":"https:\/\/www.wedrivit.com\/blog\/#\/schema\/person\/b5083d2ee3c90d381714dafa2a57c2d7"},"headline":"Les monuments de l&rsquo;UNESCO en ancienne","datePublished":"2021-07-21T13:00:00+00:00","dateModified":"2022-07-29T08:26:29+00:00","mainEntityOfPage":{"@id":"https:\/\/www.wedrivit.com\/blog\/voiture\/collection\/les-monuments-de-lunesco-en-ancienne"},"wordCount":1232,"commentCount":2,"publisher":{"@id":"https:\/\/www.wedrivit.com\/blog\/#organization"},"image":{"@id":"https:\/\/www.wedrivit.com\/blog\/voiture\/collection\/les-monuments-de-lunesco-en-ancienne#primaryimage"},"thumbnailUrl":"https:\/\/www.wedrivit.com\/blog\/wp-content\/uploads\/2021\/07\/Intro-1.jpg","articleSection":["Culture Automobile","Tous les articles","Voyages"],"inLanguage":"fr-FR","potentialAction":[{"@type":"CommentAction","name":"Comment","target":["https:\/\/www.wedrivit.com\/blog\/voiture\/collection\/les-monuments-de-lunesco-en-ancienne#respond"]}]},{"@type":"WebPage","@id":"https:\/\/www.wedrivit.com\/blog\/voiture\/collection\/les-monuments-de-lunesco-en-ancienne","url":"https:\/\/www.wedrivit.com\/blog\/voiture\/collection\/les-monuments-de-lunesco-en-ancienne","name":"Les monuments de l'UNESCO en ancienne - Le blog des voitures de collection par Wedrivit - Wedrivit","isPartOf":{"@id":"https:\/\/www.wedrivit.com\/blog\/#website"},"primaryImageOfPage":{"@id":"https:\/\/www.wedrivit.com\/blog\/voiture\/collection\/les-monuments-de-lunesco-en-ancienne#primaryimage"},"image":{"@id":"https:\/\/www.wedrivit.com\/blog\/voiture\/collection\/les-monuments-de-lunesco-en-ancienne#primaryimage"},"thumbnailUrl":"https:\/\/www.wedrivit.com\/blog\/wp-content\/uploads\/2021\/07\/Intro-1.jpg","datePublished":"2021-07-21T13:00:00+00:00","dateModified":"2022-07-29T08:26:29+00:00","description":"D\u00e9couvrez les monuments fran\u00e7ais class\u00e9s au patrimoine mondial de l'Unesco au volant d'une voiture de collection afin de vous \u00e9vadez autrement.","breadcrumb":{"@id":"https:\/\/www.wedrivit.com\/blog\/voiture\/collection\/les-monuments-de-lunesco-en-ancienne#breadcrumb"},"inLanguage":"fr-FR","potentialAction":[{"@type":"ReadAction","target":["https:\/\/www.wedrivit.com\/blog\/voiture\/collection\/les-monuments-de-lunesco-en-ancienne"]}]},{"@type":"ImageObject","inLanguage":"fr-FR","@id":"https:\/\/www.wedrivit.com\/blog\/voiture\/collection\/les-monuments-de-lunesco-en-ancienne#primaryimage","url":"https:\/\/www.wedrivit.com\/blog\/wp-content\/uploads\/2021\/07\/Intro-1.jpg","contentUrl":"https:\/\/www.wedrivit.com\/blog\/wp-content\/uploads\/2021\/07\/Intro-1.jpg","width":998,"height":683,"caption":"Ancienne"},{"@type":"BreadcrumbList","@id":"https:\/\/www.wedrivit.com\/blog\/voiture\/collection\/les-monuments-de-lunesco-en-ancienne#breadcrumb","itemListElement":[{"@type":"ListItem","position":1,"name":"Home","item":"https:\/\/www.wedrivit.com\/blog\/"},{"@type":"ListItem","position":2,"name":"Les monuments de l&rsquo;UNESCO en ancienne"}]},{"@type":"WebSite","@id":"https:\/\/www.wedrivit.com\/blog\/#website","url":"https:\/\/www.wedrivit.com\/blog\/","name":"Le blog des voitures de collection par Wedrivit","description":"Tout savoir sur les voitures anciennes grace \u00e0 Wedrivit, la plateforme de location de voitures anciennes entre particuliers.","publisher":{"@id":"https:\/\/www.wedrivit.com\/blog\/#organization"},"potentialAction":[{"@type":"SearchAction","target":{"@type":"EntryPoint","urlTemplate":"https:\/\/www.wedrivit.com\/blog\/?s={search_term_string}"},"query-input":{"@type":"PropertyValueSpecification","valueRequired":true,"valueName":"search_term_string"}}],"inLanguage":"fr-FR"},{"@type":"Organization","@id":"https:\/\/www.wedrivit.com\/blog\/#organization","name":"Le blog des voitures de collection par Wedrivit","url":"https:\/\/www.wedrivit.com\/blog\/","logo":{"@type":"ImageObject","inLanguage":"fr-FR","@id":"https:\/\/www.wedrivit.com\/blog\/#\/schema\/logo\/image\/","url":"https:\/\/www.wedrivit.com\/blog\/wp-content\/uploads\/2024\/12\/wedrivit-blanc-large-2.png","contentUrl":"https:\/\/www.wedrivit.com\/blog\/wp-content\/uploads\/2024\/12\/wedrivit-blanc-large-2.png","caption":"Le blog des voitures de collection par Wedrivit"},"image":{"@id":"https:\/\/www.wedrivit.com\/blog\/#\/schema\/logo\/image\/"}},{"@type":"Person","@id":"https:\/\/www.wedrivit.com\/blog\/#\/schema\/person\/b5083d2ee3c90d381714dafa2a57c2d7","name":"Emma Lamaison","image":{"@type":"ImageObject","inLanguage":"fr-FR","@id":"https:\/\/www.wedrivit.com\/blog\/#\/schema\/person\/image\/","url":"https:\/\/secure.gravatar.com\/avatar\/f40afe8fcd291dc48a987a154c6669b741babc72aeccc5bf4e693743144a6f65?s=96&d=mm&r=g","contentUrl":"https:\/\/secure.gravatar.com\/avatar\/f40afe8fcd291dc48a987a154c6669b741babc72aeccc5bf4e693743144a6f65?s=96&d=mm&r=g","caption":"Emma Lamaison"},"sameAs":["http:\/\/www.classic-hub.com"],"url":"https:\/\/www.wedrivit.com\/blog\/voiture\/collection\/author\/emma-lamaison"}]}},"_links":{"self":[{"href":"https:\/\/www.wedrivit.com\/blog\/wp-json\/wp\/v2\/posts\/3847","targetHints":{"allow":["GET"]}}],"collection":[{"href":"https:\/\/www.wedrivit.com\/blog\/wp-json\/wp\/v2\/posts"}],"about":[{"href":"https:\/\/www.wedrivit.com\/blog\/wp-json\/wp\/v2\/types\/post"}],"author":[{"embeddable":true,"href":"https:\/\/www.wedrivit.com\/blog\/wp-json\/wp\/v2\/users\/13"}],"replies":[{"embeddable":true,"href":"https:\/\/www.wedrivit.com\/blog\/wp-json\/wp\/v2\/comments?post=3847"}],"version-history":[{"count":67,"href":"https:\/\/www.wedrivit.com\/blog\/wp-json\/wp\/v2\/posts\/3847\/revisions"}],"predecessor-version":[{"id":6367,"href":"https:\/\/www.wedrivit.com\/blog\/wp-json\/wp\/v2\/posts\/3847\/revisions\/6367"}],"wp:featuredmedia":[{"embeddable":true,"href":"https:\/\/www.wedrivit.com\/blog\/wp-json\/wp\/v2\/media\/3849"}],"wp:attachment":[{"href":"https:\/\/www.wedrivit.com\/blog\/wp-json\/wp\/v2\/media?parent=3847"}],"wp:term":[{"taxonomy":"category","embeddable":true,"href":"https:\/\/www.wedrivit.com\/blog\/wp-json\/wp\/v2\/categories?post=3847"},{"taxonomy":"post_tag","embeddable":true,"href":"https:\/\/www.wedrivit.com\/blog\/wp-json\/wp\/v2\/tags?post=3847"}],"curies":[{"name":"wp","href":"https:\/\/api.w.org\/{rel}","templated":true}]}}