{"id":3773,"date":"2021-07-14T15:00:00","date_gmt":"2021-07-14T13:00:00","guid":{"rendered":"https:\/\/www.wedrivit.com\/blog\/?p=3773"},"modified":"2022-12-09T13:14:46","modified_gmt":"2022-12-09T11:14:46","slug":"la-traversee-du-pays-basque-en-voiture-de-collection","status":"publish","type":"post","link":"https:\/\/www.wedrivit.com\/blog\/voiture\/collection\/la-traversee-du-pays-basque-en-voiture-de-collection","title":{"rendered":"La travers\u00e9e du Pays Basque en voiture de collection"},"content":{"rendered":"\t\t<div data-elementor-type=\"wp-post\" data-elementor-id=\"3773\" class=\"elementor elementor-3773\">\n\t\t\t\t\t\t<section class=\"elementor-section elementor-top-section elementor-element elementor-element-89cbb13 elementor-section-boxed elementor-section-height-default elementor-section-height-default\" data-id=\"89cbb13\" data-element_type=\"section\">\n\t\t\t\t\t\t<div class=\"elementor-container elementor-column-gap-default\">\n\t\t\t\t\t<div class=\"elementor-column elementor-col-100 elementor-top-column elementor-element elementor-element-ee7495b\" data-id=\"ee7495b\" data-element_type=\"column\">\n\t\t\t<div class=\"elementor-widget-wrap elementor-element-populated\">\n\t\t\t\t\t\t<div class=\"elementor-element elementor-element-89a42dd elementor-widget elementor-widget-image\" data-id=\"89a42dd\" data-element_type=\"widget\" data-widget_type=\"image.default\">\n\t\t\t\t<div class=\"elementor-widget-container\">\n\t\t\t\t\t\t\t\t\t\t\t\t\t\t\t<img fetchpriority=\"high\" decoding=\"async\" width=\"893\" height=\"662\" src=\"https:\/\/www.wedrivit.com\/blog\/wp-content\/uploads\/2021\/07\/Intro.jpg\" class=\"attachment-large size-large wp-image-3822\" alt=\"Pays Basque\" \/>\t\t\t\t\t\t\t\t\t\t\t\t\t\t\t<\/div>\n\t\t\t\t<\/div>\n\t\t\t\t\t<\/div>\n\t\t<\/div>\n\t\t\t\t\t<\/div>\n\t\t<\/section>\n\t\t\t\t<section class=\"elementor-section elementor-top-section elementor-element elementor-element-4fe1948 elementor-section-boxed elementor-section-height-default elementor-section-height-default\" data-id=\"4fe1948\" data-element_type=\"section\">\n\t\t\t\t\t\t<div class=\"elementor-container elementor-column-gap-default\">\n\t\t\t\t\t<div class=\"elementor-column elementor-col-100 elementor-top-column elementor-element elementor-element-b694da6\" data-id=\"b694da6\" data-element_type=\"column\">\n\t\t\t<div class=\"elementor-widget-wrap elementor-element-populated\">\n\t\t\t\t\t\t<div class=\"elementor-element elementor-element-46c8c97 elementor-widget elementor-widget-text-editor\" data-id=\"46c8c97\" data-element_type=\"widget\" data-widget_type=\"text-editor.default\">\n\t\t\t\t<div class=\"elementor-widget-container\">\n\t\t\t\t\t\t\t\t\t<p><span style=\"font-weight: 400;\"><strong>Le Pays basque<\/strong> (en basque : <strong>Euskal Herria<\/strong>) est une r\u00e9gion situ\u00e9e dans le sud-ouest de la France qui se trouve \u00e0 cheval entre la France et l\u2019Espagne dans les Pyr\u00e9n\u00e9es Atlantique. <strong>La c\u00f4te Basque<\/strong> est connu pour son histoire, sa culture et ses traditions.<\/span><\/p><p><span style=\"font-weight: 400;\"><strong>Elle<\/strong>\u00a0attire chaque ann\u00e9e de nombreux visiteurs pour ses reliefs montagneux qui permettent de nombreuses randonn\u00e9es en VTT ou \u00e0 pied, mais aussi pour sa c\u00f4te qui fait le paradis des surfeurs et des baigneurs.<\/span><\/p><p><span style=\"font-weight: 400;\"><a href=\"https:\/\/www.wedrivit.com\/rechercher\" target=\"_blank\" rel=\"noopener\">Wedrivit<\/a> vous propose de d\u00e9couvrir ses magnifiques paysages de carte postale, \u00e0 la culture bien ancr\u00e9e en <\/span><b>voiture de collection<\/b><span style=\"font-weight: 400;\">.<\/span><\/p><p><span style=\"font-weight: 400;\">D\u00e9couvrez <strong>le Pays Basque<\/strong> autrement. Une s\u00e9lection des lieux authentiques \u00e0 visiter le temps d\u2019un <a href=\"https:\/\/www.wedrivit.com\/blog\/voiture\/collection\/location-week-end\/\" target=\"_blank\" rel=\"noopener\">week-end au volant d\u2019une ancienne<\/a>. <\/span><\/p>\t\t\t\t\t\t\t\t<\/div>\n\t\t\t\t<\/div>\n\t\t\t\t\t<\/div>\n\t\t<\/div>\n\t\t\t\t\t<\/div>\n\t\t<\/section>\n\t\t\t\t<section class=\"elementor-section elementor-top-section elementor-element elementor-element-8fd3a48 elementor-section-boxed elementor-section-height-default elementor-section-height-default\" data-id=\"8fd3a48\" data-element_type=\"section\">\n\t\t\t\t\t\t<div class=\"elementor-container elementor-column-gap-default\">\n\t\t\t\t\t<div class=\"elementor-column elementor-col-100 elementor-top-column elementor-element elementor-element-e9880a9\" data-id=\"e9880a9\" data-element_type=\"column\">\n\t\t\t<div class=\"elementor-widget-wrap elementor-element-populated\">\n\t\t\t\t\t\t<div class=\"elementor-element elementor-element-a1dfce6 elementor-widget elementor-widget-spacer\" data-id=\"a1dfce6\" data-element_type=\"widget\" data-widget_type=\"spacer.default\">\n\t\t\t\t<div class=\"elementor-widget-container\">\n\t\t\t\t\t\t\t<div class=\"elementor-spacer\">\n\t\t\t<div class=\"elementor-spacer-inner\"><\/div>\n\t\t<\/div>\n\t\t\t\t\t\t<\/div>\n\t\t\t\t<\/div>\n\t\t\t\t\t<\/div>\n\t\t<\/div>\n\t\t\t\t\t<\/div>\n\t\t<\/section>\n\t\t\t\t<section class=\"elementor-section elementor-top-section elementor-element elementor-element-92c9b15 elementor-section-boxed elementor-section-height-default elementor-section-height-default\" data-id=\"92c9b15\" data-element_type=\"section\">\n\t\t\t\t\t\t<div class=\"elementor-container elementor-column-gap-default\">\n\t\t\t\t\t<div class=\"elementor-column elementor-col-100 elementor-top-column elementor-element elementor-element-f4b0f41\" data-id=\"f4b0f41\" data-element_type=\"column\">\n\t\t\t<div class=\"elementor-widget-wrap elementor-element-populated\">\n\t\t\t\t\t\t<div class=\"elementor-element elementor-element-32975aa elementor-widget elementor-widget-heading\" data-id=\"32975aa\" data-element_type=\"widget\" data-widget_type=\"heading.default\">\n\t\t\t\t<div class=\"elementor-widget-container\">\n\t\t\t\t\t<h2 class=\"elementor-heading-title elementor-size-default\">La c\u00f4te Basque<\/h2>\t\t\t\t<\/div>\n\t\t\t\t<\/div>\n\t\t\t\t\t<\/div>\n\t\t<\/div>\n\t\t\t\t\t<\/div>\n\t\t<\/section>\n\t\t\t\t<section class=\"elementor-section elementor-top-section elementor-element elementor-element-8db690a elementor-section-boxed elementor-section-height-default elementor-section-height-default\" data-id=\"8db690a\" data-element_type=\"section\">\n\t\t\t\t\t\t<div class=\"elementor-container elementor-column-gap-default\">\n\t\t\t\t\t<div class=\"elementor-column elementor-col-100 elementor-top-column elementor-element elementor-element-9ce9851\" data-id=\"9ce9851\" data-element_type=\"column\">\n\t\t\t<div class=\"elementor-widget-wrap elementor-element-populated\">\n\t\t\t\t\t\t<div class=\"elementor-element elementor-element-66f9c06 elementor-widget elementor-widget-heading\" data-id=\"66f9c06\" data-element_type=\"widget\" data-widget_type=\"heading.default\">\n\t\t\t\t<div class=\"elementor-widget-container\">\n\t\t\t\t\t<h3 class=\"elementor-heading-title elementor-size-default\">Bayonne<\/h3>\t\t\t\t<\/div>\n\t\t\t\t<\/div>\n\t\t\t\t\t<\/div>\n\t\t<\/div>\n\t\t\t\t\t<\/div>\n\t\t<\/section>\n\t\t\t\t<section class=\"elementor-section elementor-top-section elementor-element elementor-element-ab1426d elementor-section-boxed elementor-section-height-default elementor-section-height-default\" data-id=\"ab1426d\" data-element_type=\"section\">\n\t\t\t\t\t\t<div class=\"elementor-container elementor-column-gap-default\">\n\t\t\t\t\t<div class=\"elementor-column elementor-col-100 elementor-top-column elementor-element elementor-element-69aa15e\" data-id=\"69aa15e\" data-element_type=\"column\">\n\t\t\t<div class=\"elementor-widget-wrap elementor-element-populated\">\n\t\t\t\t\t\t<div class=\"elementor-element elementor-element-4b41011 elementor-widget elementor-widget-text-editor\" data-id=\"4b41011\" data-element_type=\"widget\" data-widget_type=\"text-editor.default\">\n\t\t\t\t<div class=\"elementor-widget-container\">\n\t\t\t\t\t\t\t\t\t<p>Premier arr\u00eat de notre visite du <strong>Pays Basque<\/strong> : Bayonne.<\/p><p><span style=\"color: var( --e-global-color-970b663 ); font-family: var( --e-global-typography-text-font-family ), Sans-serif;\">Bayonne est la premi\u00e8re ville du <strong>Pays Basque<\/strong> fran\u00e7ais, elle se trouve \u00e0 fronti\u00e8re de la r\u00e9gion des Landes, non loin de l\u2019oc\u00e9an et travers\u00e9e par l\u2019Adour.<\/span><\/p><p><span style=\"font-weight: 400;\">Bayonne est connue pour ses f\u00eates, <\/span>les f\u00e9rias<span style=\"font-weight: 400;\"> qui se d\u00e9roulent dans toute la ville durant l\u2019\u00e9t\u00e9 sur plusieurs jours, une seule r\u00e8gle : respecter le th\u00e8me vestimentaire qui est blanc et rouge. Mais Bayonne est \u00e9galement la capitale du chocolat depuis la fin du XIX\u00e8 si\u00e8cle. Vous pourrez d\u00e9couvrir son histoire \u00e0 <\/span>l\u2019atelier du chocolat <span style=\"font-weight: 400;\">avec une d\u00e9gustation de diff\u00e9rents chocolats (dont le chocolat au piment d\u2019Espelette) en fin de visite.<\/span><\/p><p><span style=\"font-weight: 400;\">Pendant votre visite de Bayonne, faites un arr\u00eat dans le vieux Bayonne afin de vous impr\u00e9gner de cette ville avec ses 2 000 ans d\u2019histoire. Baladez-vous \u00e0 travers les maisons bayonnaises, les remparts et la Cath\u00e9drale Sainte Marie.<\/span><\/p>\t\t\t\t\t\t\t\t<\/div>\n\t\t\t\t<\/div>\n\t\t\t\t\t<\/div>\n\t\t<\/div>\n\t\t\t\t\t<\/div>\n\t\t<\/section>\n\t\t\t\t<section class=\"elementor-section elementor-top-section elementor-element elementor-element-6c79369 elementor-section-boxed elementor-section-height-default elementor-section-height-default\" data-id=\"6c79369\" data-element_type=\"section\">\n\t\t\t\t\t\t<div class=\"elementor-container elementor-column-gap-default\">\n\t\t\t\t\t<div class=\"elementor-column elementor-col-66 elementor-top-column elementor-element elementor-element-427960c\" data-id=\"427960c\" data-element_type=\"column\">\n\t\t\t<div class=\"elementor-widget-wrap elementor-element-populated\">\n\t\t\t\t\t\t<div class=\"elementor-element elementor-element-a1fd783 elementor-widget elementor-widget-image\" data-id=\"a1fd783\" data-element_type=\"widget\" data-widget_type=\"image.default\">\n\t\t\t\t<div class=\"elementor-widget-container\">\n\t\t\t\t\t\t\t\t\t\t\t\t\t\t\t<img decoding=\"async\" width=\"1000\" height=\"484\" src=\"https:\/\/www.wedrivit.com\/blog\/wp-content\/uploads\/2021\/07\/Bayonne-2.jpg\" class=\"attachment-large size-large wp-image-3776\" alt=\"Bayonne\" \/>\t\t\t\t\t\t\t\t\t\t\t\t\t\t\t<\/div>\n\t\t\t\t<\/div>\n\t\t\t\t\t<\/div>\n\t\t<\/div>\n\t\t\t\t<div class=\"elementor-column elementor-col-33 elementor-top-column elementor-element elementor-element-8761cb5\" data-id=\"8761cb5\" data-element_type=\"column\">\n\t\t\t<div class=\"elementor-widget-wrap elementor-element-populated\">\n\t\t\t\t\t\t<div class=\"elementor-element elementor-element-3e2373f elementor-widget elementor-widget-image\" data-id=\"3e2373f\" data-element_type=\"widget\" data-widget_type=\"image.default\">\n\t\t\t\t<div class=\"elementor-widget-container\">\n\t\t\t\t\t\t\t\t\t\t\t\t\t\t\t<img decoding=\"async\" width=\"750\" height=\"1000\" src=\"https:\/\/www.wedrivit.com\/blog\/wp-content\/uploads\/2021\/07\/Bayonne_Cathedrale.jpg\" class=\"attachment-large size-large wp-image-3775\" alt=\"Bayonne\" \/>\t\t\t\t\t\t\t\t\t\t\t\t\t\t\t<\/div>\n\t\t\t\t<\/div>\n\t\t\t\t\t<\/div>\n\t\t<\/div>\n\t\t\t\t\t<\/div>\n\t\t<\/section>\n\t\t\t\t<section class=\"elementor-section elementor-top-section elementor-element elementor-element-ad3989f elementor-section-boxed elementor-section-height-default elementor-section-height-default\" data-id=\"ad3989f\" data-element_type=\"section\">\n\t\t\t\t\t\t<div class=\"elementor-container elementor-column-gap-default\">\n\t\t\t\t\t<div class=\"elementor-column elementor-col-100 elementor-top-column elementor-element elementor-element-38f2f73\" data-id=\"38f2f73\" data-element_type=\"column\">\n\t\t\t<div class=\"elementor-widget-wrap elementor-element-populated\">\n\t\t\t\t\t\t<div class=\"elementor-element elementor-element-5149f78 elementor-widget elementor-widget-spacer\" data-id=\"5149f78\" data-element_type=\"widget\" data-widget_type=\"spacer.default\">\n\t\t\t\t<div class=\"elementor-widget-container\">\n\t\t\t\t\t\t\t<div class=\"elementor-spacer\">\n\t\t\t<div class=\"elementor-spacer-inner\"><\/div>\n\t\t<\/div>\n\t\t\t\t\t\t<\/div>\n\t\t\t\t<\/div>\n\t\t\t\t\t<\/div>\n\t\t<\/div>\n\t\t\t\t\t<\/div>\n\t\t<\/section>\n\t\t\t\t<section class=\"elementor-section elementor-top-section elementor-element elementor-element-1abf2ab elementor-section-boxed elementor-section-height-default elementor-section-height-default\" data-id=\"1abf2ab\" data-element_type=\"section\">\n\t\t\t\t\t\t<div class=\"elementor-container elementor-column-gap-default\">\n\t\t\t\t\t<div class=\"elementor-column elementor-col-100 elementor-top-column elementor-element elementor-element-74c9d4f\" data-id=\"74c9d4f\" data-element_type=\"column\">\n\t\t\t<div class=\"elementor-widget-wrap elementor-element-populated\">\n\t\t\t\t\t\t<div class=\"elementor-element elementor-element-905301c elementor-widget elementor-widget-heading\" data-id=\"905301c\" data-element_type=\"widget\" data-widget_type=\"heading.default\">\n\t\t\t\t<div class=\"elementor-widget-container\">\n\t\t\t\t\t<h3 class=\"elementor-heading-title elementor-size-default\">Anglet\n\n<\/h3>\t\t\t\t<\/div>\n\t\t\t\t<\/div>\n\t\t\t\t\t<\/div>\n\t\t<\/div>\n\t\t\t\t\t<\/div>\n\t\t<\/section>\n\t\t\t\t<section class=\"elementor-section elementor-top-section elementor-element elementor-element-14a9292 elementor-section-boxed elementor-section-height-default elementor-section-height-default\" data-id=\"14a9292\" data-element_type=\"section\">\n\t\t\t\t\t\t<div class=\"elementor-container elementor-column-gap-default\">\n\t\t\t\t\t<div class=\"elementor-column elementor-col-100 elementor-top-column elementor-element elementor-element-87fa1a4\" data-id=\"87fa1a4\" data-element_type=\"column\">\n\t\t\t<div class=\"elementor-widget-wrap elementor-element-populated\">\n\t\t\t\t\t\t<div class=\"elementor-element elementor-element-da901a9 elementor-widget elementor-widget-text-editor\" data-id=\"da901a9\" data-element_type=\"widget\" data-widget_type=\"text-editor.default\">\n\t\t\t\t<div class=\"elementor-widget-container\">\n\t\t\t\t\t\t\t\t\t<p>Apr\u00e8s ce premier arr\u00eat, continuez de longer la c\u00f4te et admirez sa beaut\u00e9 ainsi que la travers\u00e9e des villages typiques.<\/p><p><span style=\"color: var( --e-global-color-970b663 ); font-family: var( --e-global-typography-text-font-family ), Sans-serif; font-weight: var( --e-global-typography-text-font-weight );\">Vous allez atteindre la ville d\u2019Anglet, r\u00e9put\u00e9e pour ses 11 spots de surf. Avis aux amateurs de surf, qui peuvent se laisser tenter par quelques vagues.<\/span><\/p>\t\t\t\t\t\t\t\t<\/div>\n\t\t\t\t<\/div>\n\t\t\t\t\t<\/div>\n\t\t<\/div>\n\t\t\t\t\t<\/div>\n\t\t<\/section>\n\t\t\t\t<section class=\"elementor-section elementor-top-section elementor-element elementor-element-5e47fd9 elementor-section-boxed elementor-section-height-default elementor-section-height-default\" data-id=\"5e47fd9\" data-element_type=\"section\">\n\t\t\t\t\t\t<div class=\"elementor-container elementor-column-gap-default\">\n\t\t\t\t\t<div class=\"elementor-column elementor-col-50 elementor-top-column elementor-element elementor-element-b9d584a\" data-id=\"b9d584a\" data-element_type=\"column\">\n\t\t\t<div class=\"elementor-widget-wrap elementor-element-populated\">\n\t\t\t\t\t\t<div class=\"elementor-element elementor-element-00e8da5 elementor-widget elementor-widget-image\" data-id=\"00e8da5\" data-element_type=\"widget\" data-widget_type=\"image.default\">\n\t\t\t\t<div class=\"elementor-widget-container\">\n\t\t\t\t\t\t\t\t\t\t\t\t\t\t\t<img loading=\"lazy\" decoding=\"async\" width=\"612\" height=\"266\" src=\"https:\/\/www.wedrivit.com\/blog\/wp-content\/uploads\/2021\/07\/Anglet-paysage.jpg\" class=\"attachment-large size-large wp-image-3777\" alt=\"Anglet\" \/>\t\t\t\t\t\t\t\t\t\t\t\t\t\t\t<\/div>\n\t\t\t\t<\/div>\n\t\t\t\t\t<\/div>\n\t\t<\/div>\n\t\t\t\t<div class=\"elementor-column elementor-col-50 elementor-top-column elementor-element elementor-element-951464e\" data-id=\"951464e\" data-element_type=\"column\">\n\t\t\t<div class=\"elementor-widget-wrap elementor-element-populated\">\n\t\t\t\t\t\t<div class=\"elementor-element elementor-element-430d7da elementor-widget elementor-widget-image\" data-id=\"430d7da\" data-element_type=\"widget\" data-widget_type=\"image.default\">\n\t\t\t\t<div class=\"elementor-widget-container\">\n\t\t\t\t\t\t\t\t\t\t\t\t\t\t\t<img loading=\"lazy\" decoding=\"async\" width=\"612\" height=\"408\" src=\"https:\/\/www.wedrivit.com\/blog\/wp-content\/uploads\/2021\/07\/Anglet-plage.jpg\" class=\"attachment-large size-large wp-image-3778\" alt=\"Anglet\" \/>\t\t\t\t\t\t\t\t\t\t\t\t\t\t\t<\/div>\n\t\t\t\t<\/div>\n\t\t\t\t\t<\/div>\n\t\t<\/div>\n\t\t\t\t\t<\/div>\n\t\t<\/section>\n\t\t\t\t<section class=\"elementor-section elementor-top-section elementor-element elementor-element-8e429eb elementor-section-boxed elementor-section-height-default elementor-section-height-default\" data-id=\"8e429eb\" data-element_type=\"section\">\n\t\t\t\t\t\t<div class=\"elementor-container elementor-column-gap-default\">\n\t\t\t\t\t<div class=\"elementor-column elementor-col-100 elementor-top-column elementor-element elementor-element-32352d0\" data-id=\"32352d0\" data-element_type=\"column\">\n\t\t\t<div class=\"elementor-widget-wrap elementor-element-populated\">\n\t\t\t\t\t\t<div class=\"elementor-element elementor-element-5ea475c elementor-widget elementor-widget-spacer\" data-id=\"5ea475c\" data-element_type=\"widget\" data-widget_type=\"spacer.default\">\n\t\t\t\t<div class=\"elementor-widget-container\">\n\t\t\t\t\t\t\t<div class=\"elementor-spacer\">\n\t\t\t<div class=\"elementor-spacer-inner\"><\/div>\n\t\t<\/div>\n\t\t\t\t\t\t<\/div>\n\t\t\t\t<\/div>\n\t\t\t\t\t<\/div>\n\t\t<\/div>\n\t\t\t\t\t<\/div>\n\t\t<\/section>\n\t\t\t\t<section class=\"elementor-section elementor-top-section elementor-element elementor-element-769a7dc elementor-section-boxed elementor-section-height-default elementor-section-height-default\" data-id=\"769a7dc\" data-element_type=\"section\">\n\t\t\t\t\t\t<div class=\"elementor-container elementor-column-gap-default\">\n\t\t\t\t\t<div class=\"elementor-column elementor-col-100 elementor-top-column elementor-element elementor-element-9b1f04f\" data-id=\"9b1f04f\" data-element_type=\"column\">\n\t\t\t<div class=\"elementor-widget-wrap elementor-element-populated\">\n\t\t\t\t\t\t<div class=\"elementor-element elementor-element-ad22868 elementor-widget elementor-widget-heading\" data-id=\"ad22868\" data-element_type=\"widget\" data-widget_type=\"heading.default\">\n\t\t\t\t<div class=\"elementor-widget-container\">\n\t\t\t\t\t<h3 class=\"elementor-heading-title elementor-size-default\">Biarritz\n\n<\/h3>\t\t\t\t<\/div>\n\t\t\t\t<\/div>\n\t\t\t\t\t<\/div>\n\t\t<\/div>\n\t\t\t\t\t<\/div>\n\t\t<\/section>\n\t\t\t\t<section class=\"elementor-section elementor-top-section elementor-element elementor-element-b70457b elementor-section-boxed elementor-section-height-default elementor-section-height-default\" data-id=\"b70457b\" data-element_type=\"section\">\n\t\t\t\t\t\t<div class=\"elementor-container elementor-column-gap-default\">\n\t\t\t\t\t<div class=\"elementor-column elementor-col-100 elementor-top-column elementor-element elementor-element-8fe61ec\" data-id=\"8fe61ec\" data-element_type=\"column\">\n\t\t\t<div class=\"elementor-widget-wrap elementor-element-populated\">\n\t\t\t\t\t\t<div class=\"elementor-element elementor-element-dffb2dc elementor-widget elementor-widget-text-editor\" data-id=\"dffb2dc\" data-element_type=\"widget\" data-widget_type=\"text-editor.default\">\n\t\t\t\t<div class=\"elementor-widget-container\">\n\t\t\t\t\t\t\t\t\t<p>Tout en roulant vers le sud en direction de l\u2019Espagne vous allez atteindre la ville de Biarritz. Ville tr\u00e8s pris\u00e9e depuis les ann\u00e9es 1800 gr\u00e2ce aux t\u00eates couronn\u00e9es qui s\u2019y rendaient afin de se reposer et de se d\u00e9tendre.<\/p><p><span style=\"color: var( --e-global-color-970b663 ); font-family: var( --e-global-typography-text-font-family ), Sans-serif; font-weight: var( --e-global-typography-text-font-weight );\">Faites un arr\u00eat sur la c\u00f4te afin de d\u00e9couvrir l\u2019embl\u00e8me de la ville : le rocher de la Vierge Marie. La ville offre \u00e9galement de magnifiques points de vue panoramiques un peu partout.<\/span><\/p>\t\t\t\t\t\t\t\t<\/div>\n\t\t\t\t<\/div>\n\t\t\t\t\t<\/div>\n\t\t<\/div>\n\t\t\t\t\t<\/div>\n\t\t<\/section>\n\t\t\t\t<section class=\"elementor-section elementor-top-section elementor-element elementor-element-3ae800d elementor-section-boxed elementor-section-height-default elementor-section-height-default\" data-id=\"3ae800d\" data-element_type=\"section\">\n\t\t\t\t\t\t<div class=\"elementor-container elementor-column-gap-default\">\n\t\t\t\t\t<div class=\"elementor-column elementor-col-50 elementor-top-column elementor-element elementor-element-3b3a5bb\" data-id=\"3b3a5bb\" data-element_type=\"column\">\n\t\t\t<div class=\"elementor-widget-wrap elementor-element-populated\">\n\t\t\t\t\t\t<div class=\"elementor-element elementor-element-0f7410c elementor-widget elementor-widget-image\" data-id=\"0f7410c\" data-element_type=\"widget\" data-widget_type=\"image.default\">\n\t\t\t\t<div class=\"elementor-widget-container\">\n\t\t\t\t\t\t\t\t\t\t\t\t\t\t\t<img loading=\"lazy\" decoding=\"async\" width=\"960\" height=\"640\" src=\"https:\/\/www.wedrivit.com\/blog\/wp-content\/uploads\/2021\/07\/Biarritz_rocher.jpg\" class=\"attachment-large size-large wp-image-3780\" alt=\"Le rocher de la vierge Marie\" \/>\t\t\t\t\t\t\t\t\t\t\t\t\t\t\t<\/div>\n\t\t\t\t<\/div>\n\t\t\t\t\t<\/div>\n\t\t<\/div>\n\t\t\t\t<div class=\"elementor-column elementor-col-50 elementor-top-column elementor-element elementor-element-510b2ca\" data-id=\"510b2ca\" data-element_type=\"column\">\n\t\t\t<div class=\"elementor-widget-wrap elementor-element-populated\">\n\t\t\t\t\t\t<div class=\"elementor-element elementor-element-eecd616 elementor-widget elementor-widget-image\" data-id=\"eecd616\" data-element_type=\"widget\" data-widget_type=\"image.default\">\n\t\t\t\t<div class=\"elementor-widget-container\">\n\t\t\t\t\t\t\t\t\t\t\t\t\t\t\t<img loading=\"lazy\" decoding=\"async\" width=\"1000\" height=\"563\" src=\"https:\/\/www.wedrivit.com\/blog\/wp-content\/uploads\/2021\/07\/Biarritz-1.png\" class=\"attachment-large size-large wp-image-3781\" alt=\"Biarritz\" \/>\t\t\t\t\t\t\t\t\t\t\t\t\t\t\t<\/div>\n\t\t\t\t<\/div>\n\t\t\t\t\t<\/div>\n\t\t<\/div>\n\t\t\t\t\t<\/div>\n\t\t<\/section>\n\t\t\t\t<section class=\"elementor-section elementor-top-section elementor-element elementor-element-b242691 elementor-section-boxed elementor-section-height-default elementor-section-height-default\" data-id=\"b242691\" data-element_type=\"section\">\n\t\t\t\t\t\t<div class=\"elementor-container elementor-column-gap-default\">\n\t\t\t\t\t<div class=\"elementor-column elementor-col-100 elementor-top-column elementor-element elementor-element-11833d7\" data-id=\"11833d7\" data-element_type=\"column\">\n\t\t\t<div class=\"elementor-widget-wrap elementor-element-populated\">\n\t\t\t\t\t\t<div class=\"elementor-element elementor-element-9d2285c elementor-widget elementor-widget-spacer\" data-id=\"9d2285c\" data-element_type=\"widget\" data-widget_type=\"spacer.default\">\n\t\t\t\t<div class=\"elementor-widget-container\">\n\t\t\t\t\t\t\t<div class=\"elementor-spacer\">\n\t\t\t<div class=\"elementor-spacer-inner\"><\/div>\n\t\t<\/div>\n\t\t\t\t\t\t<\/div>\n\t\t\t\t<\/div>\n\t\t\t\t\t<\/div>\n\t\t<\/div>\n\t\t\t\t\t<\/div>\n\t\t<\/section>\n\t\t\t\t<section class=\"elementor-section elementor-top-section elementor-element elementor-element-01ea53a elementor-section-boxed elementor-section-height-default elementor-section-height-default\" data-id=\"01ea53a\" data-element_type=\"section\">\n\t\t\t\t\t\t<div class=\"elementor-container elementor-column-gap-default\">\n\t\t\t\t\t<div class=\"elementor-column elementor-col-100 elementor-top-column elementor-element elementor-element-d22a435\" data-id=\"d22a435\" data-element_type=\"column\">\n\t\t\t<div class=\"elementor-widget-wrap elementor-element-populated\">\n\t\t\t\t\t\t<div class=\"elementor-element elementor-element-f034a84 elementor-widget elementor-widget-heading\" data-id=\"f034a84\" data-element_type=\"widget\" data-widget_type=\"heading.default\">\n\t\t\t\t<div class=\"elementor-widget-container\">\n\t\t\t\t\t<h3 class=\"elementor-heading-title elementor-size-default\">Saint Jean-de-Luz<\/h3>\t\t\t\t<\/div>\n\t\t\t\t<\/div>\n\t\t\t\t\t<\/div>\n\t\t<\/div>\n\t\t\t\t\t<\/div>\n\t\t<\/section>\n\t\t\t\t<section class=\"elementor-section elementor-top-section elementor-element elementor-element-5b06c55 elementor-section-boxed elementor-section-height-default elementor-section-height-default\" data-id=\"5b06c55\" data-element_type=\"section\">\n\t\t\t\t\t\t<div class=\"elementor-container elementor-column-gap-default\">\n\t\t\t\t\t<div class=\"elementor-column elementor-col-100 elementor-top-column elementor-element elementor-element-4caae50\" data-id=\"4caae50\" data-element_type=\"column\">\n\t\t\t<div class=\"elementor-widget-wrap elementor-element-populated\">\n\t\t\t\t\t\t<div class=\"elementor-element elementor-element-db51c99 elementor-widget elementor-widget-text-editor\" data-id=\"db51c99\" data-element_type=\"widget\" data-widget_type=\"text-editor.default\">\n\t\t\t\t<div class=\"elementor-widget-container\">\n\t\t\t\t\t\t\t\t\t<p>Apr\u00e8s en avoir pris plein les yeux direction Saint-Jean-de-Luz. Avant d\u2019arriver \u00e0 Saint-Jean-de-Luz vous allez traverser des villages basques typiques comme Bidart et Gu\u00e9thary. Ces villages sont remplis d\u2019histoires et de traditions.\u00a0<\/p><p><span style=\"color: var( --e-global-color-970b663 ); font-family: var( --e-global-typography-text-font-family ), Sans-serif;\">Arriv\u00e9 \u00e0 Saint-Jean-de-Luz vous pourrez laisser votre <strong>ancienne<\/strong> et aller vous balader le long de l\u2019oc\u00e9an pour atteindre la Chapelle St Barbe avec un magnifique panorama sur la ville. Vous trouverez la maison de Louis XIV dans le centre ville. Louis XIV a v\u00e9cu \u00e0 Saint-de-Luz pendant 1 mois apr\u00e8s son mariage avec l\u2019infante d\u2019Espagne. Mariage qui a permis de mettre un terme \u00e0 la guerre qui s\u00e9vissait entre les deux pays.<\/span><\/p>\t\t\t\t\t\t\t\t<\/div>\n\t\t\t\t<\/div>\n\t\t\t\t\t<\/div>\n\t\t<\/div>\n\t\t\t\t\t<\/div>\n\t\t<\/section>\n\t\t\t\t<section class=\"elementor-section elementor-top-section elementor-element elementor-element-726587c elementor-section-boxed elementor-section-height-default elementor-section-height-default\" data-id=\"726587c\" data-element_type=\"section\">\n\t\t\t\t\t\t<div class=\"elementor-container elementor-column-gap-default\">\n\t\t\t\t\t<div class=\"elementor-column elementor-col-50 elementor-top-column elementor-element elementor-element-7fb51da\" data-id=\"7fb51da\" data-element_type=\"column\">\n\t\t\t<div class=\"elementor-widget-wrap elementor-element-populated\">\n\t\t\t\t\t\t<div class=\"elementor-element elementor-element-569ab0f elementor-widget elementor-widget-image\" data-id=\"569ab0f\" data-element_type=\"widget\" data-widget_type=\"image.default\">\n\t\t\t\t<div class=\"elementor-widget-container\">\n\t\t\t\t\t\t\t\t\t\t\t\t\t\t\t<img loading=\"lazy\" decoding=\"async\" width=\"800\" height=\"537\" src=\"https:\/\/www.wedrivit.com\/blog\/wp-content\/uploads\/2021\/07\/St-jean-de-luz_st-barbe.jpg\" class=\"attachment-large size-large wp-image-3782\" alt=\"Saint-Jean-de-Luz\" \/>\t\t\t\t\t\t\t\t\t\t\t\t\t\t\t<\/div>\n\t\t\t\t<\/div>\n\t\t\t\t\t<\/div>\n\t\t<\/div>\n\t\t\t\t<div class=\"elementor-column elementor-col-50 elementor-top-column elementor-element elementor-element-5ee2fca\" data-id=\"5ee2fca\" data-element_type=\"column\">\n\t\t\t<div class=\"elementor-widget-wrap elementor-element-populated\">\n\t\t\t\t\t\t<div class=\"elementor-element elementor-element-81e1036 elementor-widget elementor-widget-image\" data-id=\"81e1036\" data-element_type=\"widget\" data-widget_type=\"image.default\">\n\t\t\t\t<div class=\"elementor-widget-container\">\n\t\t\t\t\t\t\t\t\t\t\t\t\t\t\t<img loading=\"lazy\" decoding=\"async\" width=\"1000\" height=\"667\" src=\"https:\/\/www.wedrivit.com\/blog\/wp-content\/uploads\/2021\/07\/Saint-Jean-de-Luz-1.jpg\" class=\"attachment-large size-large wp-image-3783\" alt=\"Saint de Luz\" \/>\t\t\t\t\t\t\t\t\t\t\t\t\t\t\t<\/div>\n\t\t\t\t<\/div>\n\t\t\t\t\t<\/div>\n\t\t<\/div>\n\t\t\t\t\t<\/div>\n\t\t<\/section>\n\t\t\t\t<section class=\"elementor-section elementor-top-section elementor-element elementor-element-e04614c elementor-section-boxed elementor-section-height-default elementor-section-height-default\" data-id=\"e04614c\" data-element_type=\"section\">\n\t\t\t\t\t\t<div class=\"elementor-container elementor-column-gap-default\">\n\t\t\t\t\t<div class=\"elementor-column elementor-col-100 elementor-top-column elementor-element elementor-element-99da64f\" data-id=\"99da64f\" data-element_type=\"column\">\n\t\t\t<div class=\"elementor-widget-wrap elementor-element-populated\">\n\t\t\t\t\t\t<div class=\"elementor-element elementor-element-ad4255a elementor-widget elementor-widget-spacer\" data-id=\"ad4255a\" data-element_type=\"widget\" data-widget_type=\"spacer.default\">\n\t\t\t\t<div class=\"elementor-widget-container\">\n\t\t\t\t\t\t\t<div class=\"elementor-spacer\">\n\t\t\t<div class=\"elementor-spacer-inner\"><\/div>\n\t\t<\/div>\n\t\t\t\t\t\t<\/div>\n\t\t\t\t<\/div>\n\t\t\t\t\t<\/div>\n\t\t<\/div>\n\t\t\t\t\t<\/div>\n\t\t<\/section>\n\t\t\t\t<section class=\"elementor-section elementor-top-section elementor-element elementor-element-08dbcba elementor-section-boxed elementor-section-height-default elementor-section-height-default\" data-id=\"08dbcba\" data-element_type=\"section\">\n\t\t\t\t\t\t<div class=\"elementor-container elementor-column-gap-default\">\n\t\t\t\t\t<div class=\"elementor-column elementor-col-100 elementor-top-column elementor-element elementor-element-df0cdff\" data-id=\"df0cdff\" data-element_type=\"column\">\n\t\t\t<div class=\"elementor-widget-wrap elementor-element-populated\">\n\t\t\t\t\t\t<div class=\"elementor-element elementor-element-4aa8cf3 elementor-widget elementor-widget-heading\" data-id=\"4aa8cf3\" data-element_type=\"widget\" data-widget_type=\"heading.default\">\n\t\t\t\t<div class=\"elementor-widget-container\">\n\t\t\t\t\t<h3 class=\"elementor-heading-title elementor-size-default\">Hendaye<\/h3>\t\t\t\t<\/div>\n\t\t\t\t<\/div>\n\t\t\t\t\t<\/div>\n\t\t<\/div>\n\t\t\t\t\t<\/div>\n\t\t<\/section>\n\t\t\t\t<section class=\"elementor-section elementor-top-section elementor-element elementor-element-c96a0f6 elementor-section-boxed elementor-section-height-default elementor-section-height-default\" data-id=\"c96a0f6\" data-element_type=\"section\">\n\t\t\t\t\t\t<div class=\"elementor-container elementor-column-gap-default\">\n\t\t\t\t\t<div class=\"elementor-column elementor-col-100 elementor-top-column elementor-element elementor-element-0455fd6\" data-id=\"0455fd6\" data-element_type=\"column\">\n\t\t\t<div class=\"elementor-widget-wrap elementor-element-populated\">\n\t\t\t\t\t\t<div class=\"elementor-element elementor-element-e6c85e5 elementor-widget elementor-widget-text-editor\" data-id=\"e6c85e5\" data-element_type=\"widget\" data-widget_type=\"text-editor.default\">\n\t\t\t\t<div class=\"elementor-widget-container\">\n\t\t\t\t\t\t\t\t\t<p>Afin de finir en beaut\u00e9, la fin de cette escapade en <strong>ancienne<\/strong>, Wedrivit vous propose de continuer votre escapade en direction de la fronti\u00e8re espagnole. Le dernier arr\u00eat est la ville d\u2019Hendaye, c\u2019est la derni\u00e8re ville avant le <strong>Pays Basque<\/strong> Espagnol.<\/p><p><span style=\"color: var( --e-global-color-970b663 ); font-family: var( --e-global-typography-text-font-family ), Sans-serif;\">Avant d\u2019arriver \u00e0 Hendaye vous allez emprunter la route de la <\/span>Corniche<span style=\"color: var( --e-global-color-970b663 ); font-family: var( --e-global-typography-text-font-family ), Sans-serif;\">. Vous pourrez admirer l\u2019oc\u00e9an \u00e0 perte de vue du haut des falaises, en face vous pourrez apercevoir les montagnes espagnoles et sur votre gauche des p\u00e2turages avec au loin la montagne de la Rhune.<\/span><\/p><p><span style=\"font-weight: 400;\">A la fin de la route de la Corniche, vous allez arriver le long de la plage d\u2019Hendaye. Vous pouvez continuer de rouler en longeant le bord de l\u2019oc\u00e9an puis le port d\u2019Hendaye et enfin la Bidassoa avec une vue directe sur Fontarabie (ville espagnole)<\/span><\/p>\t\t\t\t\t\t\t\t<\/div>\n\t\t\t\t<\/div>\n\t\t\t\t\t<\/div>\n\t\t<\/div>\n\t\t\t\t\t<\/div>\n\t\t<\/section>\n\t\t\t\t<section class=\"elementor-section elementor-top-section elementor-element elementor-element-5a34148 elementor-section-boxed elementor-section-height-default elementor-section-height-default\" data-id=\"5a34148\" data-element_type=\"section\">\n\t\t\t\t\t\t<div class=\"elementor-container elementor-column-gap-default\">\n\t\t\t\t\t<div class=\"elementor-column elementor-col-50 elementor-top-column elementor-element elementor-element-e310a49\" data-id=\"e310a49\" data-element_type=\"column\">\n\t\t\t<div class=\"elementor-widget-wrap elementor-element-populated\">\n\t\t\t\t\t\t<div class=\"elementor-element elementor-element-1a5d75d elementor-widget elementor-widget-image\" data-id=\"1a5d75d\" data-element_type=\"widget\" data-widget_type=\"image.default\">\n\t\t\t\t<div class=\"elementor-widget-container\">\n\t\t\t\t\t\t\t\t\t\t\t\t\t\t\t<img loading=\"lazy\" decoding=\"async\" width=\"619\" height=\"411\" src=\"https:\/\/www.wedrivit.com\/blog\/wp-content\/uploads\/2021\/07\/corniche.jpg\" class=\"attachment-large size-large wp-image-3785\" alt=\"Hendaye\" \/>\t\t\t\t\t\t\t\t\t\t\t\t\t\t\t<\/div>\n\t\t\t\t<\/div>\n\t\t\t\t\t<\/div>\n\t\t<\/div>\n\t\t\t\t<div class=\"elementor-column elementor-col-50 elementor-top-column elementor-element elementor-element-10f04d5\" data-id=\"10f04d5\" data-element_type=\"column\">\n\t\t\t<div class=\"elementor-widget-wrap elementor-element-populated\">\n\t\t\t\t\t\t<div class=\"elementor-element elementor-element-6763f40 elementor-widget elementor-widget-image\" data-id=\"6763f40\" data-element_type=\"widget\" data-widget_type=\"image.default\">\n\t\t\t\t<div class=\"elementor-widget-container\">\n\t\t\t\t\t\t\t\t\t\t\t\t\t\t\t<img loading=\"lazy\" decoding=\"async\" width=\"1000\" height=\"561\" src=\"https:\/\/www.wedrivit.com\/blog\/wp-content\/uploads\/2021\/07\/hendaye-Port.jpg\" class=\"attachment-large size-large wp-image-3784\" alt=\"Hendaye\" \/>\t\t\t\t\t\t\t\t\t\t\t\t\t\t\t<\/div>\n\t\t\t\t<\/div>\n\t\t\t\t\t<\/div>\n\t\t<\/div>\n\t\t\t\t\t<\/div>\n\t\t<\/section>\n\t\t\t\t<section class=\"elementor-section elementor-top-section elementor-element elementor-element-80b3e6b elementor-section-boxed elementor-section-height-default elementor-section-height-default\" data-id=\"80b3e6b\" data-element_type=\"section\">\n\t\t\t\t\t\t<div class=\"elementor-container elementor-column-gap-default\">\n\t\t\t\t\t<div class=\"elementor-column elementor-col-100 elementor-top-column elementor-element elementor-element-cd72d8a\" data-id=\"cd72d8a\" data-element_type=\"column\">\n\t\t\t<div class=\"elementor-widget-wrap elementor-element-populated\">\n\t\t\t\t\t\t<div class=\"elementor-element elementor-element-91021fb elementor-widget elementor-widget-spacer\" data-id=\"91021fb\" data-element_type=\"widget\" data-widget_type=\"spacer.default\">\n\t\t\t\t<div class=\"elementor-widget-container\">\n\t\t\t\t\t\t\t<div class=\"elementor-spacer\">\n\t\t\t<div class=\"elementor-spacer-inner\"><\/div>\n\t\t<\/div>\n\t\t\t\t\t\t<\/div>\n\t\t\t\t<\/div>\n\t\t\t\t\t<\/div>\n\t\t<\/div>\n\t\t\t\t\t<\/div>\n\t\t<\/section>\n\t\t\t\t<section class=\"elementor-section elementor-top-section elementor-element elementor-element-f9ced9f elementor-section-boxed elementor-section-height-default elementor-section-height-default\" data-id=\"f9ced9f\" data-element_type=\"section\">\n\t\t\t\t\t\t<div class=\"elementor-container elementor-column-gap-default\">\n\t\t\t\t\t<div class=\"elementor-column elementor-col-100 elementor-top-column elementor-element elementor-element-996a8ee\" data-id=\"996a8ee\" data-element_type=\"column\">\n\t\t\t<div class=\"elementor-widget-wrap elementor-element-populated\">\n\t\t\t\t\t\t<div class=\"elementor-element elementor-element-f7d8572 elementor-widget elementor-widget-heading\" data-id=\"f7d8572\" data-element_type=\"widget\" data-widget_type=\"heading.default\">\n\t\t\t\t<div class=\"elementor-widget-container\">\n\t\t\t\t\t<h2 class=\"elementor-heading-title elementor-size-default\">Les terres du Pays Basque<\/h2>\t\t\t\t<\/div>\n\t\t\t\t<\/div>\n\t\t\t\t\t<\/div>\n\t\t<\/div>\n\t\t\t\t\t<\/div>\n\t\t<\/section>\n\t\t\t\t<section class=\"elementor-section elementor-top-section elementor-element elementor-element-c2a0c0b elementor-section-boxed elementor-section-height-default elementor-section-height-default\" data-id=\"c2a0c0b\" data-element_type=\"section\">\n\t\t\t\t\t\t<div class=\"elementor-container elementor-column-gap-default\">\n\t\t\t\t\t<div class=\"elementor-column elementor-col-100 elementor-top-column elementor-element elementor-element-da8a0ca\" data-id=\"da8a0ca\" data-element_type=\"column\">\n\t\t\t<div class=\"elementor-widget-wrap elementor-element-populated\">\n\t\t\t\t\t\t<div class=\"elementor-element elementor-element-b983bb4 elementor-widget elementor-widget-text-editor\" data-id=\"b983bb4\" data-element_type=\"widget\" data-widget_type=\"text-editor.default\">\n\t\t\t\t<div class=\"elementor-widget-container\">\n\t\t\t\t\t\t\t\t\t<p><span style=\"font-weight: 400;\">Apr\u00e8s avoir d\u00e9couvert la c\u00f4te du <strong>Pays Basque<\/strong>, maintenant il est temps d\u2019aller dans les terres de la r\u00e9gion et de se balader dans les villages les plus typiques de la r\u00e9gion qui retracent l\u2019histoire et la culture basque.<\/span><\/p><p><span style=\"font-weight: 400;\">Pour cela reprenez votre <\/span><b>ancienne <\/b><span style=\"font-weight: 400;\">et direction <\/span>Espelette<\/p>\t\t\t\t\t\t\t\t<\/div>\n\t\t\t\t<\/div>\n\t\t\t\t\t<\/div>\n\t\t<\/div>\n\t\t\t\t\t<\/div>\n\t\t<\/section>\n\t\t\t\t<section class=\"elementor-section elementor-top-section elementor-element elementor-element-ce71c41 elementor-section-boxed elementor-section-height-default elementor-section-height-default\" data-id=\"ce71c41\" data-element_type=\"section\">\n\t\t\t\t\t\t<div class=\"elementor-container elementor-column-gap-default\">\n\t\t\t\t\t<div class=\"elementor-column elementor-col-100 elementor-top-column elementor-element elementor-element-fba9ad5\" data-id=\"fba9ad5\" data-element_type=\"column\">\n\t\t\t<div class=\"elementor-widget-wrap elementor-element-populated\">\n\t\t\t\t\t\t<div class=\"elementor-element elementor-element-e4e6b7a elementor-widget elementor-widget-spacer\" data-id=\"e4e6b7a\" data-element_type=\"widget\" data-widget_type=\"spacer.default\">\n\t\t\t\t<div class=\"elementor-widget-container\">\n\t\t\t\t\t\t\t<div class=\"elementor-spacer\">\n\t\t\t<div class=\"elementor-spacer-inner\"><\/div>\n\t\t<\/div>\n\t\t\t\t\t\t<\/div>\n\t\t\t\t<\/div>\n\t\t\t\t\t<\/div>\n\t\t<\/div>\n\t\t\t\t\t<\/div>\n\t\t<\/section>\n\t\t\t\t<section class=\"elementor-section elementor-top-section elementor-element elementor-element-4bf36d2 elementor-section-boxed elementor-section-height-default elementor-section-height-default\" data-id=\"4bf36d2\" data-element_type=\"section\">\n\t\t\t\t\t\t<div class=\"elementor-container elementor-column-gap-default\">\n\t\t\t\t\t<div class=\"elementor-column elementor-col-100 elementor-top-column elementor-element elementor-element-1ca8ef8\" data-id=\"1ca8ef8\" data-element_type=\"column\">\n\t\t\t<div class=\"elementor-widget-wrap elementor-element-populated\">\n\t\t\t\t\t\t<div class=\"elementor-element elementor-element-63c2253 elementor-widget elementor-widget-heading\" data-id=\"63c2253\" data-element_type=\"widget\" data-widget_type=\"heading.default\">\n\t\t\t\t<div class=\"elementor-widget-container\">\n\t\t\t\t\t<h3 class=\"elementor-heading-title elementor-size-default\">Espelette<\/h3>\t\t\t\t<\/div>\n\t\t\t\t<\/div>\n\t\t\t\t\t<\/div>\n\t\t<\/div>\n\t\t\t\t\t<\/div>\n\t\t<\/section>\n\t\t\t\t<section class=\"elementor-section elementor-top-section elementor-element elementor-element-e4207dc elementor-section-boxed elementor-section-height-default elementor-section-height-default\" data-id=\"e4207dc\" data-element_type=\"section\">\n\t\t\t\t\t\t<div class=\"elementor-container elementor-column-gap-default\">\n\t\t\t\t\t<div class=\"elementor-column elementor-col-100 elementor-top-column elementor-element elementor-element-6e41fa5\" data-id=\"6e41fa5\" data-element_type=\"column\">\n\t\t\t<div class=\"elementor-widget-wrap elementor-element-populated\">\n\t\t\t\t\t\t<div class=\"elementor-element elementor-element-4bfba58 elementor-widget elementor-widget-text-editor\" data-id=\"4bfba58\" data-element_type=\"widget\" data-widget_type=\"text-editor.default\">\n\t\t\t\t<div class=\"elementor-widget-container\">\n\t\t\t\t\t\t\t\t\t<p>Espelette est un village reconnu pour son c\u00e9l\u00e8bre piment, le fameux piment d&rsquo;Espelette. Le piment tient son origine du Mexique, mais il est arriv\u00e9 en France dans les ann\u00e9es 1650.\u00a0<\/p><p>Espelette poss\u00e8de un fort patrimoine architectural avec le ch\u00e2teau des Barons par exemple ainsi qu&rsquo;un patrimoine naturel avec la montagne \u00ab\u00a0Le Mondarrain\u00a0\u00bb qui s&rsquo;\u00e9l\u00e8ve \u00e0 750 m\u00e8tre au-dessus d&rsquo;Espelette. Vous pourrez la reconna\u00eetre par son bloc rocheux qui donne une apparence de couronne.<span style=\"background-color: transparent; color: #000000; font-family: Arial; font-size: 11pt; white-space: pre-wrap; font-weight: var( --e-global-typography-text-font-weight ); letter-spacing: var( --e-global-typography-b93e93f-letter-spacing );\">\u00a0<\/span><\/p><p>\u00a0<\/p>\t\t\t\t\t\t\t\t<\/div>\n\t\t\t\t<\/div>\n\t\t\t\t\t<\/div>\n\t\t<\/div>\n\t\t\t\t\t<\/div>\n\t\t<\/section>\n\t\t\t\t<section class=\"elementor-section elementor-top-section elementor-element elementor-element-19b7de7 elementor-section-boxed elementor-section-height-default elementor-section-height-default\" data-id=\"19b7de7\" data-element_type=\"section\">\n\t\t\t\t\t\t<div class=\"elementor-container elementor-column-gap-default\">\n\t\t\t\t\t<div class=\"elementor-column elementor-col-50 elementor-top-column elementor-element elementor-element-9d626b9\" data-id=\"9d626b9\" data-element_type=\"column\">\n\t\t\t<div class=\"elementor-widget-wrap elementor-element-populated\">\n\t\t\t\t\t\t<div class=\"elementor-element elementor-element-515fb49 elementor-widget elementor-widget-image\" data-id=\"515fb49\" data-element_type=\"widget\" data-widget_type=\"image.default\">\n\t\t\t\t<div class=\"elementor-widget-container\">\n\t\t\t\t\t\t\t\t\t\t\t\t\t\t\t<img loading=\"lazy\" decoding=\"async\" width=\"430\" height=\"287\" src=\"https:\/\/www.wedrivit.com\/blog\/wp-content\/uploads\/2021\/07\/Espelette-piment.jpg\" class=\"attachment-large size-large wp-image-3797\" alt=\"Espelette\" \/>\t\t\t\t\t\t\t\t\t\t\t\t\t\t\t<\/div>\n\t\t\t\t<\/div>\n\t\t\t\t\t<\/div>\n\t\t<\/div>\n\t\t\t\t<div class=\"elementor-column elementor-col-50 elementor-top-column elementor-element elementor-element-830dfa0\" data-id=\"830dfa0\" data-element_type=\"column\">\n\t\t\t<div class=\"elementor-widget-wrap elementor-element-populated\">\n\t\t\t\t\t\t<div class=\"elementor-element elementor-element-011a9da elementor-widget elementor-widget-image\" data-id=\"011a9da\" data-element_type=\"widget\" data-widget_type=\"image.default\">\n\t\t\t\t<div class=\"elementor-widget-container\">\n\t\t\t\t\t\t\t\t\t\t\t\t\t\t\t<img loading=\"lazy\" decoding=\"async\" width=\"1000\" height=\"667\" src=\"https:\/\/www.wedrivit.com\/blog\/wp-content\/uploads\/2021\/07\/Espelette-Mondarrain.jpg\" class=\"attachment-large size-large wp-image-3798\" alt=\"Espelette\" \/>\t\t\t\t\t\t\t\t\t\t\t\t\t\t\t<\/div>\n\t\t\t\t<\/div>\n\t\t\t\t\t<\/div>\n\t\t<\/div>\n\t\t\t\t\t<\/div>\n\t\t<\/section>\n\t\t\t\t<section class=\"elementor-section elementor-top-section elementor-element elementor-element-3737665 elementor-section-boxed elementor-section-height-default elementor-section-height-default\" data-id=\"3737665\" data-element_type=\"section\">\n\t\t\t\t\t\t<div class=\"elementor-container elementor-column-gap-default\">\n\t\t\t\t\t<div class=\"elementor-column elementor-col-100 elementor-top-column elementor-element elementor-element-ce35c64\" data-id=\"ce35c64\" data-element_type=\"column\">\n\t\t\t<div class=\"elementor-widget-wrap elementor-element-populated\">\n\t\t\t\t\t\t<div class=\"elementor-element elementor-element-fea5580 elementor-widget elementor-widget-spacer\" data-id=\"fea5580\" data-element_type=\"widget\" data-widget_type=\"spacer.default\">\n\t\t\t\t<div class=\"elementor-widget-container\">\n\t\t\t\t\t\t\t<div class=\"elementor-spacer\">\n\t\t\t<div class=\"elementor-spacer-inner\"><\/div>\n\t\t<\/div>\n\t\t\t\t\t\t<\/div>\n\t\t\t\t<\/div>\n\t\t\t\t\t<\/div>\n\t\t<\/div>\n\t\t\t\t\t<\/div>\n\t\t<\/section>\n\t\t\t\t<section class=\"elementor-section elementor-top-section elementor-element elementor-element-6c6185d elementor-section-boxed elementor-section-height-default elementor-section-height-default\" data-id=\"6c6185d\" data-element_type=\"section\">\n\t\t\t\t\t\t<div class=\"elementor-container elementor-column-gap-default\">\n\t\t\t\t\t<div class=\"elementor-column elementor-col-100 elementor-top-column elementor-element elementor-element-4a4f888\" data-id=\"4a4f888\" data-element_type=\"column\">\n\t\t\t<div class=\"elementor-widget-wrap elementor-element-populated\">\n\t\t\t\t\t\t<div class=\"elementor-element elementor-element-fd5e65f elementor-widget elementor-widget-heading\" data-id=\"fd5e65f\" data-element_type=\"widget\" data-widget_type=\"heading.default\">\n\t\t\t\t<div class=\"elementor-widget-container\">\n\t\t\t\t\t<h3 class=\"elementor-heading-title elementor-size-default\">Ainhoa<\/h3>\t\t\t\t<\/div>\n\t\t\t\t<\/div>\n\t\t\t\t\t<\/div>\n\t\t<\/div>\n\t\t\t\t\t<\/div>\n\t\t<\/section>\n\t\t\t\t<section class=\"elementor-section elementor-top-section elementor-element elementor-element-b5127b0 elementor-section-boxed elementor-section-height-default elementor-section-height-default\" data-id=\"b5127b0\" data-element_type=\"section\">\n\t\t\t\t\t\t<div class=\"elementor-container elementor-column-gap-default\">\n\t\t\t\t\t<div class=\"elementor-column elementor-col-100 elementor-top-column elementor-element elementor-element-189bcca\" data-id=\"189bcca\" data-element_type=\"column\">\n\t\t\t<div class=\"elementor-widget-wrap elementor-element-populated\">\n\t\t\t\t\t\t<div class=\"elementor-element elementor-element-92abf47 elementor-widget elementor-widget-text-editor\" data-id=\"92abf47\" data-element_type=\"widget\" data-widget_type=\"text-editor.default\">\n\t\t\t\t<div class=\"elementor-widget-container\">\n\t\t\t\t\t\t\t\t\t<p>Ainhoa est un petit village \u00e0 quelques kilom\u00e8tres au sud du village d\u2019Espelette. Le village a \u00e9t\u00e9 class\u00e9 parmi les plus beaux villages de France.<\/p><p><span style=\"font-weight: 400;\">Traversez en <strong>voiture ancienne<\/strong> ce village typique par sa rue unique entour\u00e9e de maisons rouges et blanches qui fait la particularit\u00e9 du village. Ce village est \u00e9galement sur la route des chemins de Compostelle.<\/span><\/p>\t\t\t\t\t\t\t\t<\/div>\n\t\t\t\t<\/div>\n\t\t\t\t\t<\/div>\n\t\t<\/div>\n\t\t\t\t\t<\/div>\n\t\t<\/section>\n\t\t\t\t<section class=\"elementor-section elementor-top-section elementor-element elementor-element-0c2ba50 elementor-section-boxed elementor-section-height-default elementor-section-height-default\" data-id=\"0c2ba50\" data-element_type=\"section\">\n\t\t\t\t\t\t<div class=\"elementor-container elementor-column-gap-default\">\n\t\t\t\t\t<div class=\"elementor-column elementor-col-50 elementor-top-column elementor-element elementor-element-048d2b3\" data-id=\"048d2b3\" data-element_type=\"column\">\n\t\t\t<div class=\"elementor-widget-wrap elementor-element-populated\">\n\t\t\t\t\t\t<div class=\"elementor-element elementor-element-bc9b0d1 elementor-widget elementor-widget-image\" data-id=\"bc9b0d1\" data-element_type=\"widget\" data-widget_type=\"image.default\">\n\t\t\t\t<div class=\"elementor-widget-container\">\n\t\t\t\t\t\t\t\t\t\t\t\t\t\t\t<img loading=\"lazy\" decoding=\"async\" width=\"1000\" height=\"665\" src=\"https:\/\/www.wedrivit.com\/blog\/wp-content\/uploads\/2021\/07\/Ainhoa-3.jpg\" class=\"attachment-large size-large wp-image-3800\" alt=\"Ainhoa\" \/>\t\t\t\t\t\t\t\t\t\t\t\t\t\t\t<\/div>\n\t\t\t\t<\/div>\n\t\t\t\t\t<\/div>\n\t\t<\/div>\n\t\t\t\t<div class=\"elementor-column elementor-col-50 elementor-top-column elementor-element elementor-element-315f587\" data-id=\"315f587\" data-element_type=\"column\">\n\t\t\t<div class=\"elementor-widget-wrap elementor-element-populated\">\n\t\t\t\t\t\t<div class=\"elementor-element elementor-element-57d52fb elementor-widget elementor-widget-image\" data-id=\"57d52fb\" data-element_type=\"widget\" data-widget_type=\"image.default\">\n\t\t\t\t<div class=\"elementor-widget-container\">\n\t\t\t\t\t\t\t\t\t\t\t\t\t\t\t<img loading=\"lazy\" decoding=\"async\" width=\"800\" height=\"534\" src=\"https:\/\/www.wedrivit.com\/blog\/wp-content\/uploads\/2021\/07\/Ainhoa_1.jpg\" class=\"attachment-large size-large wp-image-3799\" alt=\"Ainhia\" \/>\t\t\t\t\t\t\t\t\t\t\t\t\t\t\t<\/div>\n\t\t\t\t<\/div>\n\t\t\t\t\t<\/div>\n\t\t<\/div>\n\t\t\t\t\t<\/div>\n\t\t<\/section>\n\t\t\t\t<section class=\"elementor-section elementor-top-section elementor-element elementor-element-431d996 elementor-section-boxed elementor-section-height-default elementor-section-height-default\" data-id=\"431d996\" data-element_type=\"section\">\n\t\t\t\t\t\t<div class=\"elementor-container elementor-column-gap-default\">\n\t\t\t\t\t<div class=\"elementor-column elementor-col-100 elementor-top-column elementor-element elementor-element-e618b87\" data-id=\"e618b87\" data-element_type=\"column\">\n\t\t\t<div class=\"elementor-widget-wrap elementor-element-populated\">\n\t\t\t\t\t\t<div class=\"elementor-element elementor-element-45f5efc elementor-widget elementor-widget-spacer\" data-id=\"45f5efc\" data-element_type=\"widget\" data-widget_type=\"spacer.default\">\n\t\t\t\t<div class=\"elementor-widget-container\">\n\t\t\t\t\t\t\t<div class=\"elementor-spacer\">\n\t\t\t<div class=\"elementor-spacer-inner\"><\/div>\n\t\t<\/div>\n\t\t\t\t\t\t<\/div>\n\t\t\t\t<\/div>\n\t\t\t\t\t<\/div>\n\t\t<\/div>\n\t\t\t\t\t<\/div>\n\t\t<\/section>\n\t\t\t\t<section class=\"elementor-section elementor-top-section elementor-element elementor-element-cfdca4f elementor-section-boxed elementor-section-height-default elementor-section-height-default\" data-id=\"cfdca4f\" data-element_type=\"section\">\n\t\t\t\t\t\t<div class=\"elementor-container elementor-column-gap-default\">\n\t\t\t\t\t<div class=\"elementor-column elementor-col-100 elementor-top-column elementor-element elementor-element-9e50a55\" data-id=\"9e50a55\" data-element_type=\"column\">\n\t\t\t<div class=\"elementor-widget-wrap elementor-element-populated\">\n\t\t\t\t\t\t<div class=\"elementor-element elementor-element-65ab539 elementor-widget elementor-widget-heading\" data-id=\"65ab539\" data-element_type=\"widget\" data-widget_type=\"heading.default\">\n\t\t\t\t<div class=\"elementor-widget-container\">\n\t\t\t\t\t<h3 class=\"elementor-heading-title elementor-size-default\">Saint Jean-pied-de-port<\/h3>\t\t\t\t<\/div>\n\t\t\t\t<\/div>\n\t\t\t\t\t<\/div>\n\t\t<\/div>\n\t\t\t\t\t<\/div>\n\t\t<\/section>\n\t\t\t\t<section class=\"elementor-section elementor-top-section elementor-element elementor-element-5e0711d elementor-section-boxed elementor-section-height-default elementor-section-height-default\" data-id=\"5e0711d\" data-element_type=\"section\">\n\t\t\t\t\t\t<div class=\"elementor-container elementor-column-gap-default\">\n\t\t\t\t\t<div class=\"elementor-column elementor-col-100 elementor-top-column elementor-element elementor-element-73404da\" data-id=\"73404da\" data-element_type=\"column\">\n\t\t\t<div class=\"elementor-widget-wrap elementor-element-populated\">\n\t\t\t\t\t\t<div class=\"elementor-element elementor-element-109fe60 elementor-widget elementor-widget-text-editor\" data-id=\"109fe60\" data-element_type=\"widget\" data-widget_type=\"text-editor.default\">\n\t\t\t\t<div class=\"elementor-widget-container\">\n\t\t\t\t\t\t\t\t\t<p>Dans la continuit\u00e9 des chemins de Compostelle, vous pourrez d\u00e9couvrir le village de Saint-Jean-Pied-de-port. Le village est l\u2019une des \u00e9tapes majeures de ce p\u00e8lerinage qui a recens\u00e9 61 000 p\u00e8lerins de 114 nationalit\u00e9s diff\u00e9rentes.<\/p><p><span style=\"font-weight: 400;\">Parcourez ce village lentement au volant de votre <strong>ancienne<\/strong> afin d\u2019admirer ce village qui regorge de tr\u00e9sors architecturaux et de paysages sublimes.<\/span><\/p>\t\t\t\t\t\t\t\t<\/div>\n\t\t\t\t<\/div>\n\t\t\t\t\t<\/div>\n\t\t<\/div>\n\t\t\t\t\t<\/div>\n\t\t<\/section>\n\t\t\t\t<section class=\"elementor-section elementor-top-section elementor-element elementor-element-f4ae5d5 elementor-section-boxed elementor-section-height-default elementor-section-height-default\" data-id=\"f4ae5d5\" data-element_type=\"section\">\n\t\t\t\t\t\t<div class=\"elementor-container elementor-column-gap-default\">\n\t\t\t\t\t<div class=\"elementor-column elementor-col-50 elementor-top-column elementor-element elementor-element-1c3d05f\" data-id=\"1c3d05f\" data-element_type=\"column\">\n\t\t\t<div class=\"elementor-widget-wrap elementor-element-populated\">\n\t\t\t\t\t\t<div class=\"elementor-element elementor-element-dd431f5 elementor-widget elementor-widget-image\" data-id=\"dd431f5\" data-element_type=\"widget\" data-widget_type=\"image.default\">\n\t\t\t\t<div class=\"elementor-widget-container\">\n\t\t\t\t\t\t\t\t\t\t\t\t\t\t\t<img loading=\"lazy\" decoding=\"async\" width=\"900\" height=\"600\" src=\"https:\/\/www.wedrivit.com\/blog\/wp-content\/uploads\/2021\/07\/st-jean-pied-de-port-2.jpg\" class=\"attachment-large size-large wp-image-3803\" alt=\"Saint Jean-pied-de-port\" \/>\t\t\t\t\t\t\t\t\t\t\t\t\t\t\t<\/div>\n\t\t\t\t<\/div>\n\t\t\t\t\t<\/div>\n\t\t<\/div>\n\t\t\t\t<div class=\"elementor-column elementor-col-50 elementor-top-column elementor-element elementor-element-691af70\" data-id=\"691af70\" data-element_type=\"column\">\n\t\t\t<div class=\"elementor-widget-wrap elementor-element-populated\">\n\t\t\t\t\t\t<div class=\"elementor-element elementor-element-08d3cf7 elementor-widget elementor-widget-image\" data-id=\"08d3cf7\" data-element_type=\"widget\" data-widget_type=\"image.default\">\n\t\t\t\t<div class=\"elementor-widget-container\">\n\t\t\t\t\t\t\t\t\t\t\t\t\t\t\t<img loading=\"lazy\" decoding=\"async\" width=\"715\" height=\"394\" src=\"https:\/\/www.wedrivit.com\/blog\/wp-content\/uploads\/2021\/07\/St-jean-pied-de-port-1bis.jpg\" class=\"attachment-large size-large wp-image-3802\" alt=\"Saint Jean-pied-de-port\" \/>\t\t\t\t\t\t\t\t\t\t\t\t\t\t\t<\/div>\n\t\t\t\t<\/div>\n\t\t\t\t\t<\/div>\n\t\t<\/div>\n\t\t\t\t\t<\/div>\n\t\t<\/section>\n\t\t\t\t<section class=\"elementor-section elementor-top-section elementor-element elementor-element-28d251f elementor-section-boxed elementor-section-height-default elementor-section-height-default\" data-id=\"28d251f\" data-element_type=\"section\">\n\t\t\t\t\t\t<div class=\"elementor-container elementor-column-gap-default\">\n\t\t\t\t\t<div class=\"elementor-column elementor-col-100 elementor-top-column elementor-element elementor-element-437c30c\" data-id=\"437c30c\" data-element_type=\"column\">\n\t\t\t<div class=\"elementor-widget-wrap elementor-element-populated\">\n\t\t\t\t\t\t<div class=\"elementor-element elementor-element-c02b395 elementor-widget elementor-widget-spacer\" data-id=\"c02b395\" data-element_type=\"widget\" data-widget_type=\"spacer.default\">\n\t\t\t\t<div class=\"elementor-widget-container\">\n\t\t\t\t\t\t\t<div class=\"elementor-spacer\">\n\t\t\t<div class=\"elementor-spacer-inner\"><\/div>\n\t\t<\/div>\n\t\t\t\t\t\t<\/div>\n\t\t\t\t<\/div>\n\t\t\t\t\t<\/div>\n\t\t<\/div>\n\t\t\t\t\t<\/div>\n\t\t<\/section>\n\t\t\t\t<section class=\"elementor-section elementor-top-section elementor-element elementor-element-4f8e723 elementor-section-boxed elementor-section-height-default elementor-section-height-default\" data-id=\"4f8e723\" data-element_type=\"section\">\n\t\t\t\t\t\t<div class=\"elementor-container elementor-column-gap-default\">\n\t\t\t\t\t<div class=\"elementor-column elementor-col-100 elementor-top-column elementor-element elementor-element-470bf8d\" data-id=\"470bf8d\" data-element_type=\"column\">\n\t\t\t<div class=\"elementor-widget-wrap elementor-element-populated\">\n\t\t\t\t\t\t<div class=\"elementor-element elementor-element-c197162 elementor-widget elementor-widget-heading\" data-id=\"c197162\" data-element_type=\"widget\" data-widget_type=\"heading.default\">\n\t\t\t\t<div class=\"elementor-widget-container\">\n\t\t\t\t\t<h3 class=\"elementor-heading-title elementor-size-default\">Sare<\/h3>\t\t\t\t<\/div>\n\t\t\t\t<\/div>\n\t\t\t\t\t<\/div>\n\t\t<\/div>\n\t\t\t\t\t<\/div>\n\t\t<\/section>\n\t\t\t\t<section class=\"elementor-section elementor-top-section elementor-element elementor-element-a969be5 elementor-section-boxed elementor-section-height-default elementor-section-height-default\" data-id=\"a969be5\" data-element_type=\"section\">\n\t\t\t\t\t\t<div class=\"elementor-container elementor-column-gap-default\">\n\t\t\t\t\t<div class=\"elementor-column elementor-col-100 elementor-top-column elementor-element elementor-element-bffd7da\" data-id=\"bffd7da\" data-element_type=\"column\">\n\t\t\t<div class=\"elementor-widget-wrap elementor-element-populated\">\n\t\t\t\t\t\t<div class=\"elementor-element elementor-element-2cb7787 elementor-widget elementor-widget-text-editor\" data-id=\"2cb7787\" data-element_type=\"widget\" data-widget_type=\"text-editor.default\">\n\t\t\t\t<div class=\"elementor-widget-container\">\n\t\t\t\t\t\t\t\t\t<p>Pour finir la<strong> travers\u00e9e du Pays-Basque<\/strong> au volant de votre <strong>ancienne<\/strong>. La derni\u00e8re escale sera le petit village de Sare qui se trouve au pied des montagnes de l\u2019Axuria et de la Rhune et qui a \u00e9t\u00e9 \u00e9lu plus beau <a href=\"https:\/\/www.wedrivit.com\/blog\/voiture\/collection\/a-la-decouverte-des-plus-beaux-villages-de-france-en-ancienne\/\" target=\"_blank\" rel=\"noopener\">village<\/a> de France.<\/p><p><span style=\"font-weight: 400;\">Ce village est connu pour \u00eatre riche d\u2019histoires, de traditions, de sports et de contrebandes qui ont travers\u00e9 les \u00e9poques.<\/span><\/p><p><span style=\"font-weight: 400;\">A Sara, on prend le temps, telle est la devise du village. Prenez alors le temps de d\u00e9couvrir ce beau village. <\/span><\/p>\t\t\t\t\t\t\t\t<\/div>\n\t\t\t\t<\/div>\n\t\t\t\t\t<\/div>\n\t\t<\/div>\n\t\t\t\t\t<\/div>\n\t\t<\/section>\n\t\t\t\t<section class=\"elementor-section elementor-top-section elementor-element elementor-element-925d5d8 elementor-section-boxed elementor-section-height-default elementor-section-height-default\" data-id=\"925d5d8\" data-element_type=\"section\">\n\t\t\t\t\t\t<div class=\"elementor-container elementor-column-gap-default\">\n\t\t\t\t\t<div class=\"elementor-column elementor-col-50 elementor-top-column elementor-element elementor-element-5d6485c\" data-id=\"5d6485c\" data-element_type=\"column\">\n\t\t\t<div class=\"elementor-widget-wrap elementor-element-populated\">\n\t\t\t\t\t\t<div class=\"elementor-element elementor-element-cea802a elementor-widget elementor-widget-image\" data-id=\"cea802a\" data-element_type=\"widget\" data-widget_type=\"image.default\">\n\t\t\t\t<div class=\"elementor-widget-container\">\n\t\t\t\t\t\t\t\t\t\t\t\t\t\t\t<img loading=\"lazy\" decoding=\"async\" width=\"1000\" height=\"750\" src=\"https:\/\/www.wedrivit.com\/blog\/wp-content\/uploads\/2021\/07\/sare_-1.jpg\" class=\"attachment-large size-large wp-image-3805\" alt=\"Sare\" \/>\t\t\t\t\t\t\t\t\t\t\t\t\t\t\t<\/div>\n\t\t\t\t<\/div>\n\t\t\t\t\t<\/div>\n\t\t<\/div>\n\t\t\t\t<div class=\"elementor-column elementor-col-50 elementor-top-column elementor-element elementor-element-c056561\" data-id=\"c056561\" data-element_type=\"column\">\n\t\t\t<div class=\"elementor-widget-wrap elementor-element-populated\">\n\t\t\t\t\t\t<div class=\"elementor-element elementor-element-752318f elementor-widget elementor-widget-image\" data-id=\"752318f\" data-element_type=\"widget\" data-widget_type=\"image.default\">\n\t\t\t\t<div class=\"elementor-widget-container\">\n\t\t\t\t\t\t\t\t\t\t\t\t\t\t\t<img loading=\"lazy\" decoding=\"async\" width=\"694\" height=\"463\" src=\"https:\/\/www.wedrivit.com\/blog\/wp-content\/uploads\/2021\/07\/sare-2.jpg\" class=\"attachment-large size-large wp-image-3806\" alt=\"Sare\" \/>\t\t\t\t\t\t\t\t\t\t\t\t\t\t\t<\/div>\n\t\t\t\t<\/div>\n\t\t\t\t\t<\/div>\n\t\t<\/div>\n\t\t\t\t\t<\/div>\n\t\t<\/section>\n\t\t\t\t<section class=\"elementor-section elementor-top-section elementor-element elementor-element-ed1949b elementor-section-boxed elementor-section-height-default elementor-section-height-default\" data-id=\"ed1949b\" data-element_type=\"section\">\n\t\t\t\t\t\t<div class=\"elementor-container elementor-column-gap-default\">\n\t\t\t\t\t<div class=\"elementor-column elementor-col-100 elementor-top-column elementor-element elementor-element-37e8b13\" data-id=\"37e8b13\" data-element_type=\"column\">\n\t\t\t<div class=\"elementor-widget-wrap elementor-element-populated\">\n\t\t\t\t\t\t<div class=\"elementor-element elementor-element-34c903d elementor-widget elementor-widget-spacer\" data-id=\"34c903d\" data-element_type=\"widget\" data-widget_type=\"spacer.default\">\n\t\t\t\t<div class=\"elementor-widget-container\">\n\t\t\t\t\t\t\t<div class=\"elementor-spacer\">\n\t\t\t<div class=\"elementor-spacer-inner\"><\/div>\n\t\t<\/div>\n\t\t\t\t\t\t<\/div>\n\t\t\t\t<\/div>\n\t\t\t\t\t<\/div>\n\t\t<\/div>\n\t\t\t\t\t<\/div>\n\t\t<\/section>\n\t\t\t\t<section class=\"elementor-section elementor-top-section elementor-element elementor-element-a573cb2 elementor-section-boxed elementor-section-height-default elementor-section-height-default\" data-id=\"a573cb2\" data-element_type=\"section\">\n\t\t\t\t\t\t<div class=\"elementor-container elementor-column-gap-default\">\n\t\t\t\t\t<div class=\"elementor-column elementor-col-100 elementor-top-column elementor-element elementor-element-56f7c45\" data-id=\"56f7c45\" data-element_type=\"column\">\n\t\t\t<div class=\"elementor-widget-wrap elementor-element-populated\">\n\t\t\t\t\t\t<div class=\"elementor-element elementor-element-24d497a elementor-widget elementor-widget-text-editor\" data-id=\"24d497a\" data-element_type=\"widget\" data-widget_type=\"text-editor.default\">\n\t\t\t\t<div class=\"elementor-widget-container\">\n\t\t\t\t\t\t\t\t\t<p>Si cette escapade aux <strong>Pays Basque<\/strong> vous tente, alors ces autres destinations devraient vous int\u00e9resser :<\/p><blockquote><p class=\"single-title\"><a href=\"https:\/\/www.wedrivit.com\/blog\/voiture\/collection\/partez-a-la-decouverte-de-nimes-en-voiture-de-collection\/\">Partez \u00e0 la d\u00e9couverte de N\u00eemes en voiture de collection<\/a><\/p><p class=\"single-title\"><a href=\"https:\/\/www.wedrivit.com\/blog\/voiture\/collection\/escapade-voiture-ancienne-vendee-des-sables-dolonne-a-lile-de-noirmoutier\/\">Escapade en voiture ancienne en Vend\u00e9e : des Sables d\u2019Olonne \u00e0 l\u2019\u00cele de Noirmoutier<\/a><\/p><\/blockquote>\t\t\t\t\t\t\t\t<\/div>\n\t\t\t\t<\/div>\n\t\t\t\t\t<\/div>\n\t\t<\/div>\n\t\t\t\t\t<\/div>\n\t\t<\/section>\n\t\t\t\t<section class=\"elementor-section elementor-top-section elementor-element elementor-element-5d7359c elementor-section-boxed elementor-section-height-default elementor-section-height-default\" data-id=\"5d7359c\" data-element_type=\"section\">\n\t\t\t\t\t\t<div class=\"elementor-container elementor-column-gap-default\">\n\t\t\t\t\t<div class=\"elementor-column elementor-col-100 elementor-top-column elementor-element elementor-element-cc85eef\" data-id=\"cc85eef\" data-element_type=\"column\">\n\t\t\t<div class=\"elementor-widget-wrap elementor-element-populated\">\n\t\t\t\t\t\t<div class=\"elementor-element elementor-element-4bd325b elementor-align-center elementor-widget elementor-widget-button\" data-id=\"4bd325b\" data-element_type=\"widget\" data-widget_type=\"button.default\">\n\t\t\t\t<div class=\"elementor-widget-container\">\n\t\t\t\t\t\t\t\t\t<div class=\"elementor-button-wrapper\">\n\t\t\t\t\t<a class=\"elementor-button elementor-button-link elementor-size-sm\" href=\"https:\/\/www.wedrivit.com\/rechercher?city=Bayonne\" target=\"_blank\">\n\t\t\t\t\t\t<span class=\"elementor-button-content-wrapper\">\n\t\t\t\t\t\t\t\t\t<span class=\"elementor-button-text\">D\u00e9couvrir le Pays Basque en ancienne<\/span>\n\t\t\t\t\t<\/span>\n\t\t\t\t\t<\/a>\n\t\t\t\t<\/div>\n\t\t\t\t\t\t\t\t<\/div>\n\t\t\t\t<\/div>\n\t\t\t\t\t<\/div>\n\t\t<\/div>\n\t\t\t\t\t<\/div>\n\t\t<\/section>\n\t\t\t\t<\/div>\n\t\t","protected":false},"excerpt":{"rendered":"<p>La travers\u00e9e du Pays Basque en voiture de collection<\/p>\n","protected":false},"author":13,"featured_media":3822,"comment_status":"open","ping_status":"open","sticky":false,"template":"","format":"standard","meta":{"footnotes":""},"categories":[1,7],"tags":[],"class_list":["post-3773","post","type-post","status-publish","format-standard","has-post-thumbnail","hentry","category-tous-les-articles","category-voyage"],"yoast_head":"<!-- This site is optimized with the Yoast SEO plugin v26.9 - https:\/\/yoast.com\/product\/yoast-seo-wordpress\/ -->\n<title>La travers\u00e9e du Pays Basque en voiture de collection - Le blog des voitures de collection par Wedrivit<\/title>\n<meta name=\"description\" content=\"Evadez-vous un week-end dans la belle r\u00e9gion du Pays Basque qui regorge d&#039;histoire et de culture avec de magnifiques paysages entre mer et montagne.\" \/>\n<meta name=\"robots\" content=\"index, follow, max-snippet:-1, max-image-preview:large, max-video-preview:-1\" \/>\n<link rel=\"canonical\" href=\"https:\/\/www.wedrivit.com\/blog\/voiture\/collection\/la-traversee-du-pays-basque-en-voiture-de-collection\" \/>\n<meta property=\"og:locale\" content=\"fr_FR\" \/>\n<meta property=\"og:type\" content=\"article\" \/>\n<meta property=\"og:title\" content=\"La travers\u00e9e du Pays Basque en voiture de collection - Le blog des voitures de collection par Wedrivit\" \/>\n<meta property=\"og:description\" content=\"Evadez-vous un week-end dans la belle r\u00e9gion du Pays Basque qui regorge d&#039;histoire et de culture avec de magnifiques paysages entre mer et montagne.\" \/>\n<meta property=\"og:url\" content=\"https:\/\/www.wedrivit.com\/blog\/voiture\/collection\/la-traversee-du-pays-basque-en-voiture-de-collection\" \/>\n<meta property=\"og:site_name\" content=\"Le blog des voitures de collection par Wedrivit\" \/>\n<meta property=\"article:published_time\" content=\"2021-07-14T13:00:00+00:00\" \/>\n<meta property=\"article:modified_time\" content=\"2022-12-09T11:14:46+00:00\" \/>\n<meta property=\"og:image\" content=\"https:\/\/www.wedrivit.com\/blog\/wp-content\/uploads\/2021\/07\/Intro.jpg\" \/>\n\t<meta property=\"og:image:width\" content=\"893\" \/>\n\t<meta property=\"og:image:height\" content=\"662\" \/>\n\t<meta property=\"og:image:type\" content=\"image\/jpeg\" \/>\n<meta name=\"author\" content=\"Emma Lamaison\" \/>\n<meta name=\"twitter:card\" content=\"summary_large_image\" \/>\n<meta name=\"twitter:label1\" content=\"\u00c9crit par\" \/>\n\t<meta name=\"twitter:data1\" content=\"Emma Lamaison\" \/>\n\t<meta name=\"twitter:label2\" content=\"Dur\u00e9e de lecture estim\u00e9e\" \/>\n\t<meta name=\"twitter:data2\" content=\"6 minutes\" \/>\n<script type=\"application\/ld+json\" class=\"yoast-schema-graph\">{\"@context\":\"https:\/\/schema.org\",\"@graph\":[{\"@type\":\"Article\",\"@id\":\"https:\/\/www.wedrivit.com\/blog\/voiture\/collection\/la-traversee-du-pays-basque-en-voiture-de-collection#article\",\"isPartOf\":{\"@id\":\"https:\/\/www.wedrivit.com\/blog\/voiture\/collection\/la-traversee-du-pays-basque-en-voiture-de-collection\"},\"author\":{\"name\":\"Emma Lamaison\",\"@id\":\"https:\/\/www.wedrivit.com\/blog\/#\/schema\/person\/b5083d2ee3c90d381714dafa2a57c2d7\"},\"headline\":\"La travers\u00e9e du Pays Basque en voiture de collection\",\"datePublished\":\"2021-07-14T13:00:00+00:00\",\"dateModified\":\"2022-12-09T11:14:46+00:00\",\"mainEntityOfPage\":{\"@id\":\"https:\/\/www.wedrivit.com\/blog\/voiture\/collection\/la-traversee-du-pays-basque-en-voiture-de-collection\"},\"wordCount\":1114,\"commentCount\":0,\"publisher\":{\"@id\":\"https:\/\/www.wedrivit.com\/blog\/#organization\"},\"image\":{\"@id\":\"https:\/\/www.wedrivit.com\/blog\/voiture\/collection\/la-traversee-du-pays-basque-en-voiture-de-collection#primaryimage\"},\"thumbnailUrl\":\"https:\/\/www.wedrivit.com\/blog\/wp-content\/uploads\/2021\/07\/Intro.jpg\",\"articleSection\":[\"Tous les articles\",\"Voyages\"],\"inLanguage\":\"fr-FR\",\"potentialAction\":[{\"@type\":\"CommentAction\",\"name\":\"Comment\",\"target\":[\"https:\/\/www.wedrivit.com\/blog\/voiture\/collection\/la-traversee-du-pays-basque-en-voiture-de-collection#respond\"]}]},{\"@type\":\"WebPage\",\"@id\":\"https:\/\/www.wedrivit.com\/blog\/voiture\/collection\/la-traversee-du-pays-basque-en-voiture-de-collection\",\"url\":\"https:\/\/www.wedrivit.com\/blog\/voiture\/collection\/la-traversee-du-pays-basque-en-voiture-de-collection\",\"name\":\"La travers\u00e9e du Pays Basque en voiture de collection - Le blog des voitures de collection par Wedrivit\",\"isPartOf\":{\"@id\":\"https:\/\/www.wedrivit.com\/blog\/#website\"},\"primaryImageOfPage\":{\"@id\":\"https:\/\/www.wedrivit.com\/blog\/voiture\/collection\/la-traversee-du-pays-basque-en-voiture-de-collection#primaryimage\"},\"image\":{\"@id\":\"https:\/\/www.wedrivit.com\/blog\/voiture\/collection\/la-traversee-du-pays-basque-en-voiture-de-collection#primaryimage\"},\"thumbnailUrl\":\"https:\/\/www.wedrivit.com\/blog\/wp-content\/uploads\/2021\/07\/Intro.jpg\",\"datePublished\":\"2021-07-14T13:00:00+00:00\",\"dateModified\":\"2022-12-09T11:14:46+00:00\",\"description\":\"Evadez-vous un week-end dans la belle r\u00e9gion du Pays Basque qui regorge d'histoire et de culture avec de magnifiques paysages entre mer et montagne.\",\"breadcrumb\":{\"@id\":\"https:\/\/www.wedrivit.com\/blog\/voiture\/collection\/la-traversee-du-pays-basque-en-voiture-de-collection#breadcrumb\"},\"inLanguage\":\"fr-FR\",\"potentialAction\":[{\"@type\":\"ReadAction\",\"target\":[\"https:\/\/www.wedrivit.com\/blog\/voiture\/collection\/la-traversee-du-pays-basque-en-voiture-de-collection\"]}]},{\"@type\":\"ImageObject\",\"inLanguage\":\"fr-FR\",\"@id\":\"https:\/\/www.wedrivit.com\/blog\/voiture\/collection\/la-traversee-du-pays-basque-en-voiture-de-collection#primaryimage\",\"url\":\"https:\/\/www.wedrivit.com\/blog\/wp-content\/uploads\/2021\/07\/Intro.jpg\",\"contentUrl\":\"https:\/\/www.wedrivit.com\/blog\/wp-content\/uploads\/2021\/07\/Intro.jpg\",\"width\":893,\"height\":662,\"caption\":\"Pays Basque\"},{\"@type\":\"BreadcrumbList\",\"@id\":\"https:\/\/www.wedrivit.com\/blog\/voiture\/collection\/la-traversee-du-pays-basque-en-voiture-de-collection#breadcrumb\",\"itemListElement\":[{\"@type\":\"ListItem\",\"position\":1,\"name\":\"Home\",\"item\":\"https:\/\/www.wedrivit.com\/blog\/\"},{\"@type\":\"ListItem\",\"position\":2,\"name\":\"La travers\u00e9e du Pays Basque en voiture de collection\"}]},{\"@type\":\"WebSite\",\"@id\":\"https:\/\/www.wedrivit.com\/blog\/#website\",\"url\":\"https:\/\/www.wedrivit.com\/blog\/\",\"name\":\"Le blog des voitures de collection par Wedrivit\",\"description\":\"Tout savoir sur les voitures anciennes grace \u00e0 Wedrivit, la plateforme de location de voitures anciennes entre particuliers.\",\"publisher\":{\"@id\":\"https:\/\/www.wedrivit.com\/blog\/#organization\"},\"potentialAction\":[{\"@type\":\"SearchAction\",\"target\":{\"@type\":\"EntryPoint\",\"urlTemplate\":\"https:\/\/www.wedrivit.com\/blog\/?s={search_term_string}\"},\"query-input\":{\"@type\":\"PropertyValueSpecification\",\"valueRequired\":true,\"valueName\":\"search_term_string\"}}],\"inLanguage\":\"fr-FR\"},{\"@type\":\"Organization\",\"@id\":\"https:\/\/www.wedrivit.com\/blog\/#organization\",\"name\":\"Le blog des voitures de collection par Wedrivit\",\"url\":\"https:\/\/www.wedrivit.com\/blog\/\",\"logo\":{\"@type\":\"ImageObject\",\"inLanguage\":\"fr-FR\",\"@id\":\"https:\/\/www.wedrivit.com\/blog\/#\/schema\/logo\/image\/\",\"url\":\"https:\/\/www.wedrivit.com\/blog\/wp-content\/uploads\/2024\/12\/wedrivit-blanc-large-2.png\",\"contentUrl\":\"https:\/\/www.wedrivit.com\/blog\/wp-content\/uploads\/2024\/12\/wedrivit-blanc-large-2.png\",\"caption\":\"Le blog des voitures de collection par Wedrivit\"},\"image\":{\"@id\":\"https:\/\/www.wedrivit.com\/blog\/#\/schema\/logo\/image\/\"}},{\"@type\":\"Person\",\"@id\":\"https:\/\/www.wedrivit.com\/blog\/#\/schema\/person\/b5083d2ee3c90d381714dafa2a57c2d7\",\"name\":\"Emma Lamaison\",\"image\":{\"@type\":\"ImageObject\",\"inLanguage\":\"fr-FR\",\"@id\":\"https:\/\/www.wedrivit.com\/blog\/#\/schema\/person\/image\/\",\"url\":\"https:\/\/secure.gravatar.com\/avatar\/f40afe8fcd291dc48a987a154c6669b741babc72aeccc5bf4e693743144a6f65?s=96&d=mm&r=g\",\"contentUrl\":\"https:\/\/secure.gravatar.com\/avatar\/f40afe8fcd291dc48a987a154c6669b741babc72aeccc5bf4e693743144a6f65?s=96&d=mm&r=g\",\"caption\":\"Emma Lamaison\"},\"sameAs\":[\"http:\/\/www.classic-hub.com\"],\"url\":\"https:\/\/www.wedrivit.com\/blog\/voiture\/collection\/author\/emma-lamaison\"}]}<\/script>\n<!-- \/ Yoast SEO plugin. -->","yoast_head_json":{"title":"La travers\u00e9e du Pays Basque en voiture de collection - Le blog des voitures de collection par Wedrivit","description":"Evadez-vous un week-end dans la belle r\u00e9gion du Pays Basque qui regorge d'histoire et de culture avec de magnifiques paysages entre mer et montagne.","robots":{"index":"index","follow":"follow","max-snippet":"max-snippet:-1","max-image-preview":"max-image-preview:large","max-video-preview":"max-video-preview:-1"},"canonical":"https:\/\/www.wedrivit.com\/blog\/voiture\/collection\/la-traversee-du-pays-basque-en-voiture-de-collection","og_locale":"fr_FR","og_type":"article","og_title":"La travers\u00e9e du Pays Basque en voiture de collection - Le blog des voitures de collection par Wedrivit","og_description":"Evadez-vous un week-end dans la belle r\u00e9gion du Pays Basque qui regorge d'histoire et de culture avec de magnifiques paysages entre mer et montagne.","og_url":"https:\/\/www.wedrivit.com\/blog\/voiture\/collection\/la-traversee-du-pays-basque-en-voiture-de-collection","og_site_name":"Le blog des voitures de collection par Wedrivit","article_published_time":"2021-07-14T13:00:00+00:00","article_modified_time":"2022-12-09T11:14:46+00:00","og_image":[{"width":893,"height":662,"url":"https:\/\/www.wedrivit.com\/blog\/wp-content\/uploads\/2021\/07\/Intro.jpg","type":"image\/jpeg"}],"author":"Emma Lamaison","twitter_card":"summary_large_image","twitter_misc":{"\u00c9crit par":"Emma Lamaison","Dur\u00e9e de lecture estim\u00e9e":"6 minutes"},"schema":{"@context":"https:\/\/schema.org","@graph":[{"@type":"Article","@id":"https:\/\/www.wedrivit.com\/blog\/voiture\/collection\/la-traversee-du-pays-basque-en-voiture-de-collection#article","isPartOf":{"@id":"https:\/\/www.wedrivit.com\/blog\/voiture\/collection\/la-traversee-du-pays-basque-en-voiture-de-collection"},"author":{"name":"Emma Lamaison","@id":"https:\/\/www.wedrivit.com\/blog\/#\/schema\/person\/b5083d2ee3c90d381714dafa2a57c2d7"},"headline":"La travers\u00e9e du Pays Basque en voiture de collection","datePublished":"2021-07-14T13:00:00+00:00","dateModified":"2022-12-09T11:14:46+00:00","mainEntityOfPage":{"@id":"https:\/\/www.wedrivit.com\/blog\/voiture\/collection\/la-traversee-du-pays-basque-en-voiture-de-collection"},"wordCount":1114,"commentCount":0,"publisher":{"@id":"https:\/\/www.wedrivit.com\/blog\/#organization"},"image":{"@id":"https:\/\/www.wedrivit.com\/blog\/voiture\/collection\/la-traversee-du-pays-basque-en-voiture-de-collection#primaryimage"},"thumbnailUrl":"https:\/\/www.wedrivit.com\/blog\/wp-content\/uploads\/2021\/07\/Intro.jpg","articleSection":["Tous les articles","Voyages"],"inLanguage":"fr-FR","potentialAction":[{"@type":"CommentAction","name":"Comment","target":["https:\/\/www.wedrivit.com\/blog\/voiture\/collection\/la-traversee-du-pays-basque-en-voiture-de-collection#respond"]}]},{"@type":"WebPage","@id":"https:\/\/www.wedrivit.com\/blog\/voiture\/collection\/la-traversee-du-pays-basque-en-voiture-de-collection","url":"https:\/\/www.wedrivit.com\/blog\/voiture\/collection\/la-traversee-du-pays-basque-en-voiture-de-collection","name":"La travers\u00e9e du Pays Basque en voiture de collection - Le blog des voitures de collection par Wedrivit","isPartOf":{"@id":"https:\/\/www.wedrivit.com\/blog\/#website"},"primaryImageOfPage":{"@id":"https:\/\/www.wedrivit.com\/blog\/voiture\/collection\/la-traversee-du-pays-basque-en-voiture-de-collection#primaryimage"},"image":{"@id":"https:\/\/www.wedrivit.com\/blog\/voiture\/collection\/la-traversee-du-pays-basque-en-voiture-de-collection#primaryimage"},"thumbnailUrl":"https:\/\/www.wedrivit.com\/blog\/wp-content\/uploads\/2021\/07\/Intro.jpg","datePublished":"2021-07-14T13:00:00+00:00","dateModified":"2022-12-09T11:14:46+00:00","description":"Evadez-vous un week-end dans la belle r\u00e9gion du Pays Basque qui regorge d'histoire et de culture avec de magnifiques paysages entre mer et montagne.","breadcrumb":{"@id":"https:\/\/www.wedrivit.com\/blog\/voiture\/collection\/la-traversee-du-pays-basque-en-voiture-de-collection#breadcrumb"},"inLanguage":"fr-FR","potentialAction":[{"@type":"ReadAction","target":["https:\/\/www.wedrivit.com\/blog\/voiture\/collection\/la-traversee-du-pays-basque-en-voiture-de-collection"]}]},{"@type":"ImageObject","inLanguage":"fr-FR","@id":"https:\/\/www.wedrivit.com\/blog\/voiture\/collection\/la-traversee-du-pays-basque-en-voiture-de-collection#primaryimage","url":"https:\/\/www.wedrivit.com\/blog\/wp-content\/uploads\/2021\/07\/Intro.jpg","contentUrl":"https:\/\/www.wedrivit.com\/blog\/wp-content\/uploads\/2021\/07\/Intro.jpg","width":893,"height":662,"caption":"Pays Basque"},{"@type":"BreadcrumbList","@id":"https:\/\/www.wedrivit.com\/blog\/voiture\/collection\/la-traversee-du-pays-basque-en-voiture-de-collection#breadcrumb","itemListElement":[{"@type":"ListItem","position":1,"name":"Home","item":"https:\/\/www.wedrivit.com\/blog\/"},{"@type":"ListItem","position":2,"name":"La travers\u00e9e du Pays Basque en voiture de collection"}]},{"@type":"WebSite","@id":"https:\/\/www.wedrivit.com\/blog\/#website","url":"https:\/\/www.wedrivit.com\/blog\/","name":"Le blog des voitures de collection par Wedrivit","description":"Tout savoir sur les voitures anciennes grace \u00e0 Wedrivit, la plateforme de location de voitures anciennes entre particuliers.","publisher":{"@id":"https:\/\/www.wedrivit.com\/blog\/#organization"},"potentialAction":[{"@type":"SearchAction","target":{"@type":"EntryPoint","urlTemplate":"https:\/\/www.wedrivit.com\/blog\/?s={search_term_string}"},"query-input":{"@type":"PropertyValueSpecification","valueRequired":true,"valueName":"search_term_string"}}],"inLanguage":"fr-FR"},{"@type":"Organization","@id":"https:\/\/www.wedrivit.com\/blog\/#organization","name":"Le blog des voitures de collection par Wedrivit","url":"https:\/\/www.wedrivit.com\/blog\/","logo":{"@type":"ImageObject","inLanguage":"fr-FR","@id":"https:\/\/www.wedrivit.com\/blog\/#\/schema\/logo\/image\/","url":"https:\/\/www.wedrivit.com\/blog\/wp-content\/uploads\/2024\/12\/wedrivit-blanc-large-2.png","contentUrl":"https:\/\/www.wedrivit.com\/blog\/wp-content\/uploads\/2024\/12\/wedrivit-blanc-large-2.png","caption":"Le blog des voitures de collection par Wedrivit"},"image":{"@id":"https:\/\/www.wedrivit.com\/blog\/#\/schema\/logo\/image\/"}},{"@type":"Person","@id":"https:\/\/www.wedrivit.com\/blog\/#\/schema\/person\/b5083d2ee3c90d381714dafa2a57c2d7","name":"Emma Lamaison","image":{"@type":"ImageObject","inLanguage":"fr-FR","@id":"https:\/\/www.wedrivit.com\/blog\/#\/schema\/person\/image\/","url":"https:\/\/secure.gravatar.com\/avatar\/f40afe8fcd291dc48a987a154c6669b741babc72aeccc5bf4e693743144a6f65?s=96&d=mm&r=g","contentUrl":"https:\/\/secure.gravatar.com\/avatar\/f40afe8fcd291dc48a987a154c6669b741babc72aeccc5bf4e693743144a6f65?s=96&d=mm&r=g","caption":"Emma Lamaison"},"sameAs":["http:\/\/www.classic-hub.com"],"url":"https:\/\/www.wedrivit.com\/blog\/voiture\/collection\/author\/emma-lamaison"}]}},"_links":{"self":[{"href":"https:\/\/www.wedrivit.com\/blog\/wp-json\/wp\/v2\/posts\/3773","targetHints":{"allow":["GET"]}}],"collection":[{"href":"https:\/\/www.wedrivit.com\/blog\/wp-json\/wp\/v2\/posts"}],"about":[{"href":"https:\/\/www.wedrivit.com\/blog\/wp-json\/wp\/v2\/types\/post"}],"author":[{"embeddable":true,"href":"https:\/\/www.wedrivit.com\/blog\/wp-json\/wp\/v2\/users\/13"}],"replies":[{"embeddable":true,"href":"https:\/\/www.wedrivit.com\/blog\/wp-json\/wp\/v2\/comments?post=3773"}],"version-history":[{"count":38,"href":"https:\/\/www.wedrivit.com\/blog\/wp-json\/wp\/v2\/posts\/3773\/revisions"}],"predecessor-version":[{"id":7308,"href":"https:\/\/www.wedrivit.com\/blog\/wp-json\/wp\/v2\/posts\/3773\/revisions\/7308"}],"wp:featuredmedia":[{"embeddable":true,"href":"https:\/\/www.wedrivit.com\/blog\/wp-json\/wp\/v2\/media\/3822"}],"wp:attachment":[{"href":"https:\/\/www.wedrivit.com\/blog\/wp-json\/wp\/v2\/media?parent=3773"}],"wp:term":[{"taxonomy":"category","embeddable":true,"href":"https:\/\/www.wedrivit.com\/blog\/wp-json\/wp\/v2\/categories?post=3773"},{"taxonomy":"post_tag","embeddable":true,"href":"https:\/\/www.wedrivit.com\/blog\/wp-json\/wp\/v2\/tags?post=3773"}],"curies":[{"name":"wp","href":"https:\/\/api.w.org\/{rel}","templated":true}]}}