{"id":3493,"date":"2021-06-25T16:41:59","date_gmt":"2021-06-25T14:41:59","guid":{"rendered":"https:\/\/www.wedrivit.com\/blog\/?p=3493"},"modified":"2025-06-02T12:02:23","modified_gmt":"2025-06-02T10:02:23","slug":"voitures-des-annees-30","status":"publish","type":"post","link":"https:\/\/www.wedrivit.com\/blog\/voiture\/collection\/voitures-des-annees-30","title":{"rendered":"A la d\u00e9couverte des anciennes des ann\u00e9es 30"},"content":{"rendered":"\t\t<div data-elementor-type=\"wp-post\" data-elementor-id=\"3493\" class=\"elementor elementor-3493\">\n\t\t\t\t\t\t<section class=\"elementor-section elementor-top-section elementor-element elementor-element-94f1321 elementor-section-boxed elementor-section-height-default elementor-section-height-default\" data-id=\"94f1321\" data-element_type=\"section\">\n\t\t\t\t\t\t<div class=\"elementor-container elementor-column-gap-default\">\n\t\t\t\t\t<div class=\"elementor-column elementor-col-100 elementor-top-column elementor-element elementor-element-29cbf5e\" data-id=\"29cbf5e\" data-element_type=\"column\">\n\t\t\t<div class=\"elementor-widget-wrap elementor-element-populated\">\n\t\t\t\t\t\t<div class=\"elementor-element elementor-element-22b1b36 elementor-widget elementor-widget-heading\" data-id=\"22b1b36\" data-element_type=\"widget\" data-widget_type=\"heading.default\">\n\t\t\t\t<div class=\"elementor-widget-container\">\n\t\t\t\t\t<h2 class=\"elementor-heading-title elementor-size-large\">Les voitures des ann\u00e9es 30 les plus mythiques ! <\/h2>\t\t\t\t<\/div>\n\t\t\t\t<\/div>\n\t\t\t\t<div class=\"elementor-element elementor-element-045a604 elementor-widget elementor-widget-text-editor\" data-id=\"045a604\" data-element_type=\"widget\" data-widget_type=\"text-editor.default\">\n\t\t\t\t<div class=\"elementor-widget-container\">\n\t\t\t\t\t\t\t\t\t<p>En France, les <strong>voitures de collection des ann\u00e9es 30<\/strong> font partie du patrimoine et constituent un march\u00e9 dynamique depuis plusieurs d\u00e9cennies\u00a0! Leur charme, leur \u00e9l\u00e9gance et leur prestige t\u00e9moignent des go\u00fbts des <strong>anciennes<\/strong> g\u00e9n\u00e9rations et continuent de s\u00e9duire les nouvelles\u00a0! Le march\u00e9 de l\u2019<strong>automobile<\/strong> <strong>ancien<\/strong> a toujours le vent en poupe et les <strong>voitures anciennes<\/strong> gagnent en valeur apr\u00e8s des acqu\u00e9reurs !<\/p><p>Dans les ann\u00e9es <strong>1930<\/strong>, malgr\u00e9 la grande d\u00e9pression et la crise qui s\u2019abat sur le secteur automobile, la France donne naissance \u00e0 de nouveaux mod\u00e8les automobiles, qui, aujourd\u2019hui, sont rest\u00e9s de v\u00e9ritables r\u00e9f\u00e9rences pour les collectionneurs et les passionn\u00e9s, comme pour les amateurs !<\/p><p>Entre nouveaux mod\u00e8les \u00e9conomes, voitures luxueuses et sportives, d\u00e9couvrez les mod\u00e8les embl\u00e9matiques des <strong>ann\u00e9es 30<\/strong> :<\/p>\t\t\t\t\t\t\t\t<\/div>\n\t\t\t\t<\/div>\n\t\t\t\t<div class=\"elementor-element elementor-element-4bd2c36 elementor-widget elementor-widget-spacer\" data-id=\"4bd2c36\" data-element_type=\"widget\" data-widget_type=\"spacer.default\">\n\t\t\t\t<div class=\"elementor-widget-container\">\n\t\t\t\t\t\t\t<div class=\"elementor-spacer\">\n\t\t\t<div class=\"elementor-spacer-inner\"><\/div>\n\t\t<\/div>\n\t\t\t\t\t\t<\/div>\n\t\t\t\t<\/div>\n\t\t\t\t\t<\/div>\n\t\t<\/div>\n\t\t\t\t\t<\/div>\n\t\t<\/section>\n\t\t\t\t<section class=\"elementor-section elementor-top-section elementor-element elementor-element-318cde3 elementor-section-boxed elementor-section-height-default elementor-section-height-default\" data-id=\"318cde3\" data-element_type=\"section\">\n\t\t\t\t\t\t<div class=\"elementor-container elementor-column-gap-default\">\n\t\t\t\t\t<div class=\"elementor-column elementor-col-100 elementor-top-column elementor-element elementor-element-feeb1f0\" data-id=\"feeb1f0\" data-element_type=\"column\">\n\t\t\t<div class=\"elementor-widget-wrap elementor-element-populated\">\n\t\t\t\t\t\t<div class=\"elementor-element elementor-element-10ecd30 elementor-widget elementor-widget-heading\" data-id=\"10ecd30\" data-element_type=\"widget\" data-widget_type=\"heading.default\">\n\t\t\t\t<div class=\"elementor-widget-container\">\n\t\t\t\t\t<h2 class=\"elementor-heading-title elementor-size-large\">Les voitures qui ont marqu\u00e9 les ann\u00e9es 30<\/h2>\t\t\t\t<\/div>\n\t\t\t\t<\/div>\n\t\t\t\t<div class=\"elementor-element elementor-element-46b4dfb elementor-widget elementor-widget-heading\" data-id=\"46b4dfb\" data-element_type=\"widget\" data-widget_type=\"heading.default\">\n\t\t\t\t<div class=\"elementor-widget-container\">\n\t\t\t\t\t<h3 class=\"elementor-heading-title elementor-size-medium\">Alfa Romeo 8C 2900<\/h3>\t\t\t\t<\/div>\n\t\t\t\t<\/div>\n\t\t\t\t<div class=\"elementor-element elementor-element-3ac0dc2 elementor-widget elementor-widget-image\" data-id=\"3ac0dc2\" data-element_type=\"widget\" data-widget_type=\"image.default\">\n\t\t\t\t<div class=\"elementor-widget-container\">\n\t\t\t\t\t\t\t\t\t\t\t\t\t\t\t<img fetchpriority=\"high\" decoding=\"async\" width=\"1000\" height=\"603\" src=\"https:\/\/www.wedrivit.com\/blog\/wp-content\/uploads\/2021\/06\/1938_Alfa_Romeo_8C_2900_B_Lungo-1.jpg\" class=\"attachment-large size-large wp-image-3366\" alt=\"Alfa Romeo 8C 2900\" \/>\t\t\t\t\t\t\t\t\t\t\t\t\t\t\t<\/div>\n\t\t\t\t<\/div>\n\t\t\t\t<div class=\"elementor-element elementor-element-7408207 elementor-widget elementor-widget-text-editor\" data-id=\"7408207\" data-element_type=\"widget\" data-widget_type=\"text-editor.default\">\n\t\t\t\t<div class=\"elementor-widget-container\">\n\t\t\t\t\t\t\t\t\t<p>Construite au d\u00e9but des ann\u00e9es <strong>1930<\/strong> par la firme italienne Alfa Romeo, l&rsquo;Alfa Romeo 8C 2900 a \u00e9t\u00e9 d\u00e9clin\u00e9e en deux diff\u00e9rentes versions\u00a0: le mod\u00e8le\u00a08C 2900A (il s\u2019agit du mod\u00e8le d\u2019origine) et le mod\u00e8le 8C 2900B ( c\u2019est la d\u00e9clinaison \u00ab\u00a0grand tourisme\u00a0\u00bb)<\/p>\t\t\t\t\t\t\t\t<\/div>\n\t\t\t\t<\/div>\n\t\t\t\t<div class=\"elementor-element elementor-element-77bcb92 elementor-widget elementor-widget-spacer\" data-id=\"77bcb92\" data-element_type=\"widget\" data-widget_type=\"spacer.default\">\n\t\t\t\t<div class=\"elementor-widget-container\">\n\t\t\t\t\t\t\t<div class=\"elementor-spacer\">\n\t\t\t<div class=\"elementor-spacer-inner\"><\/div>\n\t\t<\/div>\n\t\t\t\t\t\t<\/div>\n\t\t\t\t<\/div>\n\t\t\t\t\t<\/div>\n\t\t<\/div>\n\t\t\t\t\t<\/div>\n\t\t<\/section>\n\t\t\t\t<section class=\"elementor-section elementor-top-section elementor-element elementor-element-b76abe0 elementor-section-boxed elementor-section-height-default elementor-section-height-default\" data-id=\"b76abe0\" data-element_type=\"section\">\n\t\t\t\t\t\t<div class=\"elementor-container elementor-column-gap-default\">\n\t\t\t\t\t<div class=\"elementor-column elementor-col-100 elementor-top-column elementor-element elementor-element-c53099d\" data-id=\"c53099d\" data-element_type=\"column\">\n\t\t\t<div class=\"elementor-widget-wrap elementor-element-populated\">\n\t\t\t\t\t\t<div class=\"elementor-element elementor-element-c056221 elementor-widget elementor-widget-image\" data-id=\"c056221\" data-element_type=\"widget\" data-widget_type=\"image.default\">\n\t\t\t\t<div class=\"elementor-widget-container\">\n\t\t\t\t\t\t\t\t\t\t\t\t\t\t\t\t<a href=\"https:\/\/www.wedrivit.com\/rechercher?search=Alfa%20Romeo\">\n\t\t\t\t\t\t\t<img decoding=\"async\" width=\"760\" height=\"250\" src=\"https:\/\/www.wedrivit.com\/blog\/wp-content\/uploads\/2021\/06\/Alpha-Romeo.png\" class=\"attachment-large size-large wp-image-10691\" alt=\"Alfa Romeo\" srcset=\"https:\/\/www.wedrivit.com\/blog\/wp-content\/uploads\/2021\/06\/Alpha-Romeo.png 760w, https:\/\/www.wedrivit.com\/blog\/wp-content\/uploads\/2021\/06\/Alpha-Romeo-300x99.png 300w\" sizes=\"(max-width: 760px) 100vw, 760px\" \/>\t\t\t\t\t\t\t\t<\/a>\n\t\t\t\t\t\t\t\t\t\t\t\t\t\t\t<\/div>\n\t\t\t\t<\/div>\n\t\t\t\t<div class=\"elementor-element elementor-element-ed83b07 elementor-button-info elementor-align-center elementor-widget elementor-widget-button\" data-id=\"ed83b07\" data-element_type=\"widget\" data-widget_type=\"button.default\">\n\t\t\t\t<div class=\"elementor-widget-container\">\n\t\t\t\t\t\t\t\t\t<div class=\"elementor-button-wrapper\">\n\t\t\t\t\t<a class=\"elementor-button elementor-button-link elementor-size-sm\" href=\"https:\/\/www.wedrivit.com\/rechercher?search=Alfa%20Romeo\">\n\t\t\t\t\t\t<span class=\"elementor-button-content-wrapper\">\n\t\t\t\t\t\t\t\t\t<span class=\"elementor-button-text\">Louer une Alfa Rom\u00e9o<\/span>\n\t\t\t\t\t<\/span>\n\t\t\t\t\t<\/a>\n\t\t\t\t<\/div>\n\t\t\t\t\t\t\t\t<\/div>\n\t\t\t\t<\/div>\n\t\t\t\t\t<\/div>\n\t\t<\/div>\n\t\t\t\t\t<\/div>\n\t\t<\/section>\n\t\t\t\t<section class=\"elementor-section elementor-top-section elementor-element elementor-element-44f19e8 elementor-section-boxed elementor-section-height-default elementor-section-height-default\" data-id=\"44f19e8\" data-element_type=\"section\">\n\t\t\t\t\t\t<div class=\"elementor-container elementor-column-gap-default\">\n\t\t\t\t\t<div class=\"elementor-column elementor-col-100 elementor-top-column elementor-element elementor-element-c05543e\" data-id=\"c05543e\" data-element_type=\"column\">\n\t\t\t<div class=\"elementor-widget-wrap elementor-element-populated\">\n\t\t\t\t\t\t<div class=\"elementor-element elementor-element-99f4e33 elementor-widget elementor-widget-heading\" data-id=\"99f4e33\" data-element_type=\"widget\" data-widget_type=\"heading.default\">\n\t\t\t\t<div class=\"elementor-widget-container\">\n\t\t\t\t\t<h3 class=\"elementor-heading-title elementor-size-medium\">Mercedes-Benz 500K<\/h3>\t\t\t\t<\/div>\n\t\t\t\t<\/div>\n\t\t\t\t<div class=\"elementor-element elementor-element-f5abe6f elementor-widget elementor-widget-image\" data-id=\"f5abe6f\" data-element_type=\"widget\" data-widget_type=\"image.default\">\n\t\t\t\t<div class=\"elementor-widget-container\">\n\t\t\t\t\t\t\t\t\t\t\t\t\t\t\t<img decoding=\"async\" width=\"612\" height=\"408\" src=\"https:\/\/www.wedrivit.com\/blog\/wp-content\/uploads\/2021\/06\/istockphoto-481775884-612x612-1.jpg\" class=\"attachment-large size-large wp-image-3373\" alt=\"Mercedes-Benz 500K\" \/>\t\t\t\t\t\t\t\t\t\t\t\t\t\t\t<\/div>\n\t\t\t\t<\/div>\n\t\t\t\t<div class=\"elementor-element elementor-element-191cb84 elementor-widget elementor-widget-text-editor\" data-id=\"191cb84\" data-element_type=\"widget\" data-widget_type=\"text-editor.default\">\n\t\t\t\t<div class=\"elementor-widget-container\">\n\t\t\t\t\t\t\t\t\t<p>Automobile alliant le luxe et l\u2019aspect sport, la\u00a0Mercedes-Benz SSK est d\u00e9velopp\u00e9e par le c\u00e9l\u00e8bre constructeur automobile allemand Mercedes-Benz voit le jour au tout d\u00e9but des <strong>ann\u00e9es 30<\/strong>.<\/p><p>Elle tient son nom d\u2019un sigle allemand : Supersport Kurz. Le dernier terme signifie \u00ab court \u00bb, en r\u00e9f\u00e9rence aux petites dimensions de son ch\u00e2ssis. Effectivement, la SSK dispose du m\u00eame ch\u00e2ssis que celui de la Mercedes-Benz S mais avec 480 mm de moins, de mani\u00e8re \u00e0 la rendre davantage l\u00e9g\u00e8re et agile pour la comp\u00e9tition.<\/p>\t\t\t\t\t\t\t\t<\/div>\n\t\t\t\t<\/div>\n\t\t\t\t<div class=\"elementor-element elementor-element-7953dc2 elementor-widget elementor-widget-spacer\" data-id=\"7953dc2\" data-element_type=\"widget\" data-widget_type=\"spacer.default\">\n\t\t\t\t<div class=\"elementor-widget-container\">\n\t\t\t\t\t\t\t<div class=\"elementor-spacer\">\n\t\t\t<div class=\"elementor-spacer-inner\"><\/div>\n\t\t<\/div>\n\t\t\t\t\t\t<\/div>\n\t\t\t\t<\/div>\n\t\t\t\t\t<\/div>\n\t\t<\/div>\n\t\t\t\t\t<\/div>\n\t\t<\/section>\n\t\t\t\t<section class=\"elementor-section elementor-top-section elementor-element elementor-element-9b72962 elementor-section-boxed elementor-section-height-default elementor-section-height-default\" data-id=\"9b72962\" data-element_type=\"section\">\n\t\t\t\t\t\t<div class=\"elementor-container elementor-column-gap-default\">\n\t\t\t\t\t<div class=\"elementor-column elementor-col-100 elementor-top-column elementor-element elementor-element-54c57d6\" data-id=\"54c57d6\" data-element_type=\"column\">\n\t\t\t<div class=\"elementor-widget-wrap elementor-element-populated\">\n\t\t\t\t\t\t<div class=\"elementor-element elementor-element-8df1860 elementor-widget elementor-widget-heading\" data-id=\"8df1860\" data-element_type=\"widget\" data-widget_type=\"heading.default\">\n\t\t\t\t<div class=\"elementor-widget-container\">\n\t\t\t\t\t<h3 class=\"elementor-heading-title elementor-size-medium\">Morgan 4\/4<\/h3>\t\t\t\t<\/div>\n\t\t\t\t<\/div>\n\t\t\t\t<div class=\"elementor-element elementor-element-fa55ea0 elementor-widget elementor-widget-image\" data-id=\"fa55ea0\" data-element_type=\"widget\" data-widget_type=\"image.default\">\n\t\t\t\t<div class=\"elementor-widget-container\">\n\t\t\t\t\t\t\t\t\t\t\t\t\t\t\t<img loading=\"lazy\" decoding=\"async\" width=\"612\" height=\"343\" src=\"https:\/\/www.wedrivit.com\/blog\/wp-content\/uploads\/2021\/06\/istockphoto-1252683266-612x612-1.jpg\" class=\"attachment-large size-large wp-image-3374\" alt=\"Morgan 4\/4\" \/>\t\t\t\t\t\t\t\t\t\t\t\t\t\t\t<\/div>\n\t\t\t\t<\/div>\n\t\t\t\t<div class=\"elementor-element elementor-element-80b574b elementor-widget elementor-widget-text-editor\" data-id=\"80b574b\" data-element_type=\"widget\" data-widget_type=\"text-editor.default\">\n\t\t\t\t<div class=\"elementor-widget-container\">\n\t\t\t\t\t\t\t\t\t<p>La <a href=\"https:\/\/www.wedrivit.com\/voiture\/anglet\/morgan\/316\" target=\"_blank\" rel=\"noopener\">Morgan 4\/4<\/a> voit le jour en 1936 mais \u00e0 l\u2019heure actuelle, elle est toujours en production\u00a0! Son design \u00e0 la fois \u00e9labor\u00e9 mais sobre, son style particuli\u00e8rement \u00ab\u00a0british\u00a0\u00bb et ses performances remarquables pour un prix qui reste raisonnable font de la Morgan 4\/4 un v\u00e9hicule tr\u00e8s s\u00e9duisant.<\/p>\t\t\t\t\t\t\t\t<\/div>\n\t\t\t\t<\/div>\n\t\t\t\t<div class=\"elementor-element elementor-element-c418dcc elementor-widget elementor-widget-spacer\" data-id=\"c418dcc\" data-element_type=\"widget\" data-widget_type=\"spacer.default\">\n\t\t\t\t<div class=\"elementor-widget-container\">\n\t\t\t\t\t\t\t<div class=\"elementor-spacer\">\n\t\t\t<div class=\"elementor-spacer-inner\"><\/div>\n\t\t<\/div>\n\t\t\t\t\t\t<\/div>\n\t\t\t\t<\/div>\n\t\t\t\t\t<\/div>\n\t\t<\/div>\n\t\t\t\t\t<\/div>\n\t\t<\/section>\n\t\t\t\t<section class=\"elementor-section elementor-top-section elementor-element elementor-element-b0c45e3 elementor-section-boxed elementor-section-height-default elementor-section-height-default\" data-id=\"b0c45e3\" data-element_type=\"section\">\n\t\t\t\t\t\t<div class=\"elementor-container elementor-column-gap-default\">\n\t\t\t\t\t<div class=\"elementor-column elementor-col-100 elementor-top-column elementor-element elementor-element-828063f\" data-id=\"828063f\" data-element_type=\"column\">\n\t\t\t<div class=\"elementor-widget-wrap elementor-element-populated\">\n\t\t\t\t\t\t<div class=\"elementor-element elementor-element-bc4a7f1 elementor-widget elementor-widget-image\" data-id=\"bc4a7f1\" data-element_type=\"widget\" data-widget_type=\"image.default\">\n\t\t\t\t<div class=\"elementor-widget-container\">\n\t\t\t\t\t\t\t\t\t\t\t\t\t\t\t\t<a href=\"https:\/\/www.wedrivit.com\/rechercher?search=Morgan\">\n\t\t\t\t\t\t\t<img loading=\"lazy\" decoding=\"async\" width=\"760\" height=\"250\" src=\"https:\/\/www.wedrivit.com\/blog\/wp-content\/uploads\/2021\/06\/Morgan.png\" class=\"attachment-large size-large wp-image-10693\" alt=\"Morgan\" srcset=\"https:\/\/www.wedrivit.com\/blog\/wp-content\/uploads\/2021\/06\/Morgan.png 760w, https:\/\/www.wedrivit.com\/blog\/wp-content\/uploads\/2021\/06\/Morgan-300x99.png 300w\" sizes=\"(max-width: 760px) 100vw, 760px\" \/>\t\t\t\t\t\t\t\t<\/a>\n\t\t\t\t\t\t\t\t\t\t\t\t\t\t\t<\/div>\n\t\t\t\t<\/div>\n\t\t\t\t<div class=\"elementor-element elementor-element-a251f73 elementor-button-info elementor-align-center elementor-widget elementor-widget-button\" data-id=\"a251f73\" data-element_type=\"widget\" data-widget_type=\"button.default\">\n\t\t\t\t<div class=\"elementor-widget-container\">\n\t\t\t\t\t\t\t\t\t<div class=\"elementor-button-wrapper\">\n\t\t\t\t\t<a class=\"elementor-button elementor-button-link elementor-size-sm\" href=\"https:\/\/www.wedrivit.com\/rechercher?search=Morgan\">\n\t\t\t\t\t\t<span class=\"elementor-button-content-wrapper\">\n\t\t\t\t\t\t\t\t\t<span class=\"elementor-button-text\">Louer une Morgan<\/span>\n\t\t\t\t\t<\/span>\n\t\t\t\t\t<\/a>\n\t\t\t\t<\/div>\n\t\t\t\t\t\t\t\t<\/div>\n\t\t\t\t<\/div>\n\t\t\t\t\t<\/div>\n\t\t<\/div>\n\t\t\t\t\t<\/div>\n\t\t<\/section>\n\t\t\t\t<section class=\"elementor-section elementor-top-section elementor-element elementor-element-afb5d3d elementor-section-boxed elementor-section-height-default elementor-section-height-default\" data-id=\"afb5d3d\" data-element_type=\"section\">\n\t\t\t\t\t\t<div class=\"elementor-container elementor-column-gap-default\">\n\t\t\t\t\t<div class=\"elementor-column elementor-col-100 elementor-top-column elementor-element elementor-element-912d39f\" data-id=\"912d39f\" data-element_type=\"column\">\n\t\t\t<div class=\"elementor-widget-wrap elementor-element-populated\">\n\t\t\t\t\t\t<div class=\"elementor-element elementor-element-6fa2cfa elementor-widget elementor-widget-heading\" data-id=\"6fa2cfa\" data-element_type=\"widget\" data-widget_type=\"heading.default\">\n\t\t\t\t<div class=\"elementor-widget-container\">\n\t\t\t\t\t<h3 class=\"elementor-heading-title elementor-size-medium\">Cadillac V-16<\/h3>\t\t\t\t<\/div>\n\t\t\t\t<\/div>\n\t\t\t\t<div class=\"elementor-element elementor-element-da95faa elementor-widget elementor-widget-image\" data-id=\"da95faa\" data-element_type=\"widget\" data-widget_type=\"image.default\">\n\t\t\t\t<div class=\"elementor-widget-container\">\n\t\t\t\t\t\t\t\t\t\t\t\t\t\t\t<img loading=\"lazy\" decoding=\"async\" width=\"612\" height=\"399\" src=\"https:\/\/www.wedrivit.com\/blog\/wp-content\/uploads\/2021\/06\/istockphoto-601378010-612x612-1.jpg\" class=\"attachment-large size-large wp-image-3376\" alt=\"Cadillac V-16\" \/>\t\t\t\t\t\t\t\t\t\t\t\t\t\t\t<\/div>\n\t\t\t\t<\/div>\n\t\t\t\t<div class=\"elementor-element elementor-element-40b11b3 elementor-widget elementor-widget-text-editor\" data-id=\"40b11b3\" data-element_type=\"widget\" data-widget_type=\"text-editor.default\">\n\t\t\t\t<div class=\"elementor-widget-container\">\n\t\t\t\t\t\t\t\t\t<p>La\u00a0Cadillac V-16, aussi appel\u00e9e la \u00ab Cadillac Sixteen \u00bb est, depuis son lancement en janvier <strong>1930<\/strong> l&rsquo;automobile haut-de-gamme par excellence du constructeur automobile Cadillac. Sa production est interrompue en 1940, \u00e0 cause de la seconde guerre mondiale qui s\u00e9vit en Europe. Vendue en 4076 exemplaire, c\u2019est le premier mod\u00e8le de voiture fonctionnant au V16 produit aux \u00c9tats-Unis.<\/p>\t\t\t\t\t\t\t\t<\/div>\n\t\t\t\t<\/div>\n\t\t\t\t<div class=\"elementor-element elementor-element-1ca805a elementor-widget elementor-widget-spacer\" data-id=\"1ca805a\" data-element_type=\"widget\" data-widget_type=\"spacer.default\">\n\t\t\t\t<div class=\"elementor-widget-container\">\n\t\t\t\t\t\t\t<div class=\"elementor-spacer\">\n\t\t\t<div class=\"elementor-spacer-inner\"><\/div>\n\t\t<\/div>\n\t\t\t\t\t\t<\/div>\n\t\t\t\t<\/div>\n\t\t\t\t\t<\/div>\n\t\t<\/div>\n\t\t\t\t\t<\/div>\n\t\t<\/section>\n\t\t\t\t<section class=\"elementor-section elementor-top-section elementor-element elementor-element-bed9c1a elementor-section-boxed elementor-section-height-default elementor-section-height-default\" data-id=\"bed9c1a\" data-element_type=\"section\">\n\t\t\t\t\t\t<div class=\"elementor-container elementor-column-gap-default\">\n\t\t\t\t\t<div class=\"elementor-column elementor-col-100 elementor-top-column elementor-element elementor-element-e6a7944\" data-id=\"e6a7944\" data-element_type=\"column\">\n\t\t\t<div class=\"elementor-widget-wrap elementor-element-populated\">\n\t\t\t\t\t\t<div class=\"elementor-element elementor-element-21c5ccf elementor-widget elementor-widget-image\" data-id=\"21c5ccf\" data-element_type=\"widget\" data-widget_type=\"image.default\">\n\t\t\t\t<div class=\"elementor-widget-container\">\n\t\t\t\t\t\t\t\t\t\t\t\t\t\t\t\t<a href=\"https:\/\/www.wedrivit.com\/rechercher?search=cadillac\">\n\t\t\t\t\t\t\t<img loading=\"lazy\" decoding=\"async\" width=\"760\" height=\"250\" src=\"https:\/\/www.wedrivit.com\/blog\/wp-content\/uploads\/2021\/06\/Cadillac-1.png\" class=\"attachment-large size-large wp-image-10698\" alt=\"\" srcset=\"https:\/\/www.wedrivit.com\/blog\/wp-content\/uploads\/2021\/06\/Cadillac-1.png 760w, https:\/\/www.wedrivit.com\/blog\/wp-content\/uploads\/2021\/06\/Cadillac-1-300x99.png 300w\" sizes=\"(max-width: 760px) 100vw, 760px\" \/>\t\t\t\t\t\t\t\t<\/a>\n\t\t\t\t\t\t\t\t\t\t\t\t\t\t\t<\/div>\n\t\t\t\t<\/div>\n\t\t\t\t<div class=\"elementor-element elementor-element-aecfc6d elementor-button-info elementor-align-center elementor-widget elementor-widget-button\" data-id=\"aecfc6d\" data-element_type=\"widget\" data-widget_type=\"button.default\">\n\t\t\t\t<div class=\"elementor-widget-container\">\n\t\t\t\t\t\t\t\t\t<div class=\"elementor-button-wrapper\">\n\t\t\t\t\t<a class=\"elementor-button elementor-button-link elementor-size-sm\" href=\"https:\/\/www.wedrivit.com\/rechercher?search=cadillac\">\n\t\t\t\t\t\t<span class=\"elementor-button-content-wrapper\">\n\t\t\t\t\t\t\t\t\t<span class=\"elementor-button-text\">Louer une Cadillac<\/span>\n\t\t\t\t\t<\/span>\n\t\t\t\t\t<\/a>\n\t\t\t\t<\/div>\n\t\t\t\t\t\t\t\t<\/div>\n\t\t\t\t<\/div>\n\t\t\t\t\t<\/div>\n\t\t<\/div>\n\t\t\t\t\t<\/div>\n\t\t<\/section>\n\t\t\t\t<section class=\"elementor-section elementor-top-section elementor-element elementor-element-d95c5b0 elementor-section-boxed elementor-section-height-default elementor-section-height-default\" data-id=\"d95c5b0\" data-element_type=\"section\">\n\t\t\t\t\t\t<div class=\"elementor-container elementor-column-gap-default\">\n\t\t\t\t\t<div class=\"elementor-column elementor-col-100 elementor-top-column elementor-element elementor-element-d060d42\" data-id=\"d060d42\" data-element_type=\"column\">\n\t\t\t<div class=\"elementor-widget-wrap elementor-element-populated\">\n\t\t\t\t\t\t<div class=\"elementor-element elementor-element-d82e4bc elementor-widget elementor-widget-heading\" data-id=\"d82e4bc\" data-element_type=\"widget\" data-widget_type=\"heading.default\">\n\t\t\t\t<div class=\"elementor-widget-container\">\n\t\t\t\t\t<h3 class=\"elementor-heading-title elementor-size-medium\">Bentely 8 Litre<\/h3>\t\t\t\t<\/div>\n\t\t\t\t<\/div>\n\t\t\t\t<div class=\"elementor-element elementor-element-45c6d58 elementor-widget elementor-widget-image\" data-id=\"45c6d58\" data-element_type=\"widget\" data-widget_type=\"image.default\">\n\t\t\t\t<div class=\"elementor-widget-container\">\n\t\t\t\t\t\t\t\t\t\t\t\t\t\t\t<img loading=\"lazy\" decoding=\"async\" width=\"1000\" height=\"750\" src=\"https:\/\/www.wedrivit.com\/blog\/wp-content\/uploads\/2021\/06\/bentley_8-litre_1932_images_5.jpg\" class=\"attachment-large size-large wp-image-3377\" alt=\"Bentley 8 litre\" \/>\t\t\t\t\t\t\t\t\t\t\t\t\t\t\t<\/div>\n\t\t\t\t<\/div>\n\t\t\t\t<div class=\"elementor-element elementor-element-b12fd61 elementor-widget elementor-widget-text-editor\" data-id=\"b12fd61\" data-element_type=\"widget\" data-widget_type=\"text-editor.default\">\n\t\t\t\t<div class=\"elementor-widget-container\">\n\t\t\t\t\t\t\t\t\t<p>Produite \u00e0 partir des <strong>ann\u00e9es 3O<\/strong>, la Bentley\u00a08 Litre\u00a0est une limousine d\u00e9velopp\u00e9e par le constructeur automobile britannique Bentley. D\u00e9voil\u00e9e pour la premi\u00e8re fois en octobre 1930 \u00e0 l\u2019occasion du <em>London Olympia motor show<\/em> (c\u00e9l\u00e8bre salon automobile organis\u00e9 tous les ans entre 1903 et 2008 par la Society of Motor Manufacturers and Traders en Angleterre), la Bentley 8 Litre est le mod\u00e8le le plus imposant jusque-l\u00e0 jamais construit par Bentley.\u00a0<\/p>\t\t\t\t\t\t\t\t<\/div>\n\t\t\t\t<\/div>\n\t\t\t\t<div class=\"elementor-element elementor-element-c223793 elementor-widget elementor-widget-spacer\" data-id=\"c223793\" data-element_type=\"widget\" data-widget_type=\"spacer.default\">\n\t\t\t\t<div class=\"elementor-widget-container\">\n\t\t\t\t\t\t\t<div class=\"elementor-spacer\">\n\t\t\t<div class=\"elementor-spacer-inner\"><\/div>\n\t\t<\/div>\n\t\t\t\t\t\t<\/div>\n\t\t\t\t<\/div>\n\t\t\t\t\t<\/div>\n\t\t<\/div>\n\t\t\t\t\t<\/div>\n\t\t<\/section>\n\t\t\t\t<section class=\"elementor-section elementor-top-section elementor-element elementor-element-3a69fa9 elementor-section-boxed elementor-section-height-default elementor-section-height-default\" data-id=\"3a69fa9\" data-element_type=\"section\">\n\t\t\t\t\t\t<div class=\"elementor-container elementor-column-gap-default\">\n\t\t\t\t\t<div class=\"elementor-column elementor-col-100 elementor-top-column elementor-element elementor-element-6ef4af2\" data-id=\"6ef4af2\" data-element_type=\"column\">\n\t\t\t<div class=\"elementor-widget-wrap elementor-element-populated\">\n\t\t\t\t\t\t<div class=\"elementor-element elementor-element-69bbabe elementor-widget elementor-widget-heading\" data-id=\"69bbabe\" data-element_type=\"widget\" data-widget_type=\"heading.default\">\n\t\t\t\t<div class=\"elementor-widget-container\">\n\t\t\t\t\t<h3 class=\"elementor-heading-title elementor-size-medium\">Bugatti Type 49<\/h3>\t\t\t\t<\/div>\n\t\t\t\t<\/div>\n\t\t\t\t<div class=\"elementor-element elementor-element-10657df elementor-widget elementor-widget-image\" data-id=\"10657df\" data-element_type=\"widget\" data-widget_type=\"image.default\">\n\t\t\t\t<div class=\"elementor-widget-container\">\n\t\t\t\t\t\t\t\t\t\t\t\t\t\t\t<img loading=\"lazy\" decoding=\"async\" width=\"1000\" height=\"750\" src=\"https:\/\/www.wedrivit.com\/blog\/wp-content\/uploads\/2021\/06\/az16_r259_001_bugattitype49.jpg\" class=\"attachment-large size-large wp-image-3378\" alt=\"Bugatti Type 49\" \/>\t\t\t\t\t\t\t\t\t\t\t\t\t\t\t<\/div>\n\t\t\t\t<\/div>\n\t\t\t\t<div class=\"elementor-element elementor-element-e0d96ef elementor-widget elementor-widget-text-editor\" data-id=\"e0d96ef\" data-element_type=\"widget\" data-widget_type=\"text-editor.default\">\n\t\t\t\t<div class=\"elementor-widget-container\">\n\t\t\t\t\t\t\t\t\t<p>La\u00a0Bugatti Type 49 est une voiture de tourisme produite entre <strong>1930<\/strong> et 1934 par le constructeur fran\u00e7ais Bugatti.<\/p><p>Produite en 470 exemplaires, la Type 49 est la derni\u00e8re de la ligne Bugatti \u00e0 8 cylindres qui a d\u00e9but\u00e9 avec la type 30, mais sa bo\u00eete de vitesse sera ensuite r\u00e9utilis\u00e9e pour la Bugatti Type 55 entre 1932 et 1935. \u00a0\u00a0<\/p>\t\t\t\t\t\t\t\t<\/div>\n\t\t\t\t<\/div>\n\t\t\t\t<div class=\"elementor-element elementor-element-ff69e37 elementor-widget elementor-widget-spacer\" data-id=\"ff69e37\" data-element_type=\"widget\" data-widget_type=\"spacer.default\">\n\t\t\t\t<div class=\"elementor-widget-container\">\n\t\t\t\t\t\t\t<div class=\"elementor-spacer\">\n\t\t\t<div class=\"elementor-spacer-inner\"><\/div>\n\t\t<\/div>\n\t\t\t\t\t\t<\/div>\n\t\t\t\t<\/div>\n\t\t\t\t\t<\/div>\n\t\t<\/div>\n\t\t\t\t\t<\/div>\n\t\t<\/section>\n\t\t\t\t<section class=\"elementor-section elementor-top-section elementor-element elementor-element-a3b5817 elementor-section-boxed elementor-section-height-default elementor-section-height-default\" data-id=\"a3b5817\" data-element_type=\"section\">\n\t\t\t\t\t\t<div class=\"elementor-container elementor-column-gap-default\">\n\t\t\t\t\t<div class=\"elementor-column elementor-col-100 elementor-top-column elementor-element elementor-element-ccd2092\" data-id=\"ccd2092\" data-element_type=\"column\">\n\t\t\t<div class=\"elementor-widget-wrap elementor-element-populated\">\n\t\t\t\t\t\t<div class=\"elementor-element elementor-element-c9a960e elementor-widget elementor-widget-heading\" data-id=\"c9a960e\" data-element_type=\"widget\" data-widget_type=\"heading.default\">\n\t\t\t\t<div class=\"elementor-widget-container\">\n\t\t\t\t\t<h3 class=\"elementor-heading-title elementor-size-medium\">Hispano-Suiza J12<\/h3>\t\t\t\t<\/div>\n\t\t\t\t<\/div>\n\t\t\t\t<div class=\"elementor-element elementor-element-a10a1a0 elementor-widget elementor-widget-image\" data-id=\"a10a1a0\" data-element_type=\"widget\" data-widget_type=\"image.default\">\n\t\t\t\t<div class=\"elementor-widget-container\">\n\t\t\t\t\t\t\t\t\t\t\t\t\t\t\t<img loading=\"lazy\" decoding=\"async\" width=\"1000\" height=\"625\" src=\"https:\/\/www.wedrivit.com\/blog\/wp-content\/uploads\/2021\/06\/4610289957_db0dcdc888_b.jpg\" class=\"attachment-large size-large wp-image-3379\" alt=\"Hispano-Suiza J12\" \/>\t\t\t\t\t\t\t\t\t\t\t\t\t\t\t<\/div>\n\t\t\t\t<\/div>\n\t\t\t\t<div class=\"elementor-element elementor-element-4571c53 elementor-widget elementor-widget-text-editor\" data-id=\"4571c53\" data-element_type=\"widget\" data-widget_type=\"text-editor.default\">\n\t\t\t\t<div class=\"elementor-widget-container\">\n\t\t\t\t\t\t\t\t\t<p>L&rsquo;Hispano-Suiza J12est une voiture prestigieuse de luxe \u00e0 moteur V12. Elle a \u00e9t\u00e9 produite en 114 exemplaires entre 1931 et 1938 par le constructeur automobile franco-suisse-espagnol Hispano-Suiza.<\/p>\t\t\t\t\t\t\t\t<\/div>\n\t\t\t\t<\/div>\n\t\t\t\t<div class=\"elementor-element elementor-element-eafb62c elementor-widget elementor-widget-spacer\" data-id=\"eafb62c\" data-element_type=\"widget\" data-widget_type=\"spacer.default\">\n\t\t\t\t<div class=\"elementor-widget-container\">\n\t\t\t\t\t\t\t<div class=\"elementor-spacer\">\n\t\t\t<div class=\"elementor-spacer-inner\"><\/div>\n\t\t<\/div>\n\t\t\t\t\t\t<\/div>\n\t\t\t\t<\/div>\n\t\t\t\t\t<\/div>\n\t\t<\/div>\n\t\t\t\t\t<\/div>\n\t\t<\/section>\n\t\t\t\t<section class=\"elementor-section elementor-top-section elementor-element elementor-element-afde322 elementor-section-boxed elementor-section-height-default elementor-section-height-default\" data-id=\"afde322\" data-element_type=\"section\">\n\t\t\t\t\t\t<div class=\"elementor-container elementor-column-gap-default\">\n\t\t\t\t\t<div class=\"elementor-column elementor-col-100 elementor-top-column elementor-element elementor-element-989c623\" data-id=\"989c623\" data-element_type=\"column\">\n\t\t\t<div class=\"elementor-widget-wrap elementor-element-populated\">\n\t\t\t\t\t\t<div class=\"elementor-element elementor-element-c64f09a elementor-widget elementor-widget-heading\" data-id=\"c64f09a\" data-element_type=\"widget\" data-widget_type=\"heading.default\">\n\t\t\t\t<div class=\"elementor-widget-container\">\n\t\t\t\t\t<h3 class=\"elementor-heading-title elementor-size-medium\">Ford Model AA<\/h3>\t\t\t\t<\/div>\n\t\t\t\t<\/div>\n\t\t\t\t<div class=\"elementor-element elementor-element-954f9b7 elementor-widget elementor-widget-image\" data-id=\"954f9b7\" data-element_type=\"widget\" data-widget_type=\"image.default\">\n\t\t\t\t<div class=\"elementor-widget-container\">\n\t\t\t\t\t\t\t\t\t\t\t\t\t\t\t<img loading=\"lazy\" decoding=\"async\" width=\"1000\" height=\"610\" src=\"https:\/\/www.wedrivit.com\/blog\/wp-content\/uploads\/2021\/06\/Bonhams-Ford-collection4.jpg\" class=\"attachment-large size-large wp-image-3380\" alt=\"Ford Model AA\" \/>\t\t\t\t\t\t\t\t\t\t\t\t\t\t\t<\/div>\n\t\t\t\t<\/div>\n\t\t\t\t<div class=\"elementor-element elementor-element-065bf54 elementor-widget elementor-widget-text-editor\" data-id=\"065bf54\" data-element_type=\"widget\" data-widget_type=\"text-editor.default\">\n\t\t\t\t<div class=\"elementor-widget-container\">\n\t\t\t\t\t\t\t\t\t<p>Le\u00a0<a href=\"https:\/\/www.wedrivit.com\/voiture\/boismont\/ford\/951\" target=\"_blank\" rel=\"noopener\">Ford Model A<\/a>A\u00a0est un camion du constructeur Ford. Il a pour vocation de remplacer les Fort Model TT et les Ford T qui devenait obsol\u00e8tes. Henry Ford avait commenc\u00e9 la conception initiale des modes Ford A et Ford AA d\u00e8s 1926.<\/p>\t\t\t\t\t\t\t\t<\/div>\n\t\t\t\t<\/div>\n\t\t\t\t<div class=\"elementor-element elementor-element-f52b704 elementor-widget elementor-widget-spacer\" data-id=\"f52b704\" data-element_type=\"widget\" data-widget_type=\"spacer.default\">\n\t\t\t\t<div class=\"elementor-widget-container\">\n\t\t\t\t\t\t\t<div class=\"elementor-spacer\">\n\t\t\t<div class=\"elementor-spacer-inner\"><\/div>\n\t\t<\/div>\n\t\t\t\t\t\t<\/div>\n\t\t\t\t<\/div>\n\t\t\t\t\t<\/div>\n\t\t<\/div>\n\t\t\t\t\t<\/div>\n\t\t<\/section>\n\t\t\t\t<section class=\"elementor-section elementor-top-section elementor-element elementor-element-f0f4b80 elementor-section-boxed elementor-section-height-default elementor-section-height-default\" data-id=\"f0f4b80\" data-element_type=\"section\">\n\t\t\t\t\t\t<div class=\"elementor-container elementor-column-gap-default\">\n\t\t\t\t\t<div class=\"elementor-column elementor-col-100 elementor-top-column elementor-element elementor-element-90a7912\" data-id=\"90a7912\" data-element_type=\"column\">\n\t\t\t<div class=\"elementor-widget-wrap elementor-element-populated\">\n\t\t\t\t\t\t<div class=\"elementor-element elementor-element-a25733f elementor-widget elementor-widget-heading\" data-id=\"a25733f\" data-element_type=\"widget\" data-widget_type=\"heading.default\">\n\t\t\t\t<div class=\"elementor-widget-container\">\n\t\t\t\t\t<h3 class=\"elementor-heading-title elementor-size-medium\">Delahaye type 135<\/h3>\t\t\t\t<\/div>\n\t\t\t\t<\/div>\n\t\t\t\t<div class=\"elementor-element elementor-element-f75df47 elementor-widget elementor-widget-image\" data-id=\"f75df47\" data-element_type=\"widget\" data-widget_type=\"image.default\">\n\t\t\t\t<div class=\"elementor-widget-container\">\n\t\t\t\t\t\t\t\t\t\t\t\t\t\t\t<img loading=\"lazy\" decoding=\"async\" width=\"420\" height=\"262\" src=\"https:\/\/www.wedrivit.com\/blog\/wp-content\/uploads\/2021\/06\/420px-1947_Delahaye_135_MS_-_green_-_fvl2.jpg\" class=\"attachment-large size-large wp-image-3381\" alt=\"Delahaye-type-135\" \/>\t\t\t\t\t\t\t\t\t\t\t\t\t\t\t<\/div>\n\t\t\t\t<\/div>\n\t\t\t\t<div class=\"elementor-element elementor-element-5f27acb elementor-widget elementor-widget-text-editor\" data-id=\"5f27acb\" data-element_type=\"widget\" data-widget_type=\"text-editor.default\">\n\t\t\t\t<div class=\"elementor-widget-container\">\n\t\t\t\t\t\t\t\t\t<p>La\u00a0Delahaye Type 135\u00a0est un v\u00e9hicule de prestige con\u00e7u par le constructeur automobile Delahaye. Ce mod\u00e8le a \u00e9t\u00e9 produit en 2 592 exemplaires entre l&rsquo;automne 1935 et la fin de l\u2019ann\u00e9e 1952. \u00a0Avec ses variantes Type 145, 165, et 175, la Delhaye Type 135 a rencontr\u00e9 un succ\u00e8s consid\u00e9rable lors de comp\u00e9titions. Elle est par exemple sortie victorieuse des 24 Heures du Mans en 1938 et du\u00a0Rallye des Alpes fran\u00e7aises en 1935.<\/p>\t\t\t\t\t\t\t\t<\/div>\n\t\t\t\t<\/div>\n\t\t\t\t<div class=\"elementor-element elementor-element-6c1b2c9 elementor-widget elementor-widget-spacer\" data-id=\"6c1b2c9\" data-element_type=\"widget\" data-widget_type=\"spacer.default\">\n\t\t\t\t<div class=\"elementor-widget-container\">\n\t\t\t\t\t\t\t<div class=\"elementor-spacer\">\n\t\t\t<div class=\"elementor-spacer-inner\"><\/div>\n\t\t<\/div>\n\t\t\t\t\t\t<\/div>\n\t\t\t\t<\/div>\n\t\t\t\t\t<\/div>\n\t\t<\/div>\n\t\t\t\t\t<\/div>\n\t\t<\/section>\n\t\t\t\t<section class=\"elementor-section elementor-top-section elementor-element elementor-element-8aa16ca elementor-section-boxed elementor-section-height-default elementor-section-height-default\" data-id=\"8aa16ca\" data-element_type=\"section\">\n\t\t\t\t\t\t<div class=\"elementor-container elementor-column-gap-default\">\n\t\t\t\t\t<div class=\"elementor-column elementor-col-100 elementor-top-column elementor-element elementor-element-0cf1dbf\" data-id=\"0cf1dbf\" data-element_type=\"column\">\n\t\t\t<div class=\"elementor-widget-wrap elementor-element-populated\">\n\t\t\t\t\t\t<div class=\"elementor-element elementor-element-277fac6 elementor-widget elementor-widget-heading\" data-id=\"277fac6\" data-element_type=\"widget\" data-widget_type=\"heading.default\">\n\t\t\t\t<div class=\"elementor-widget-container\">\n\t\t\t\t\t<h3 class=\"elementor-heading-title elementor-size-medium\">Citro\u00ebn C4<\/h3>\t\t\t\t<\/div>\n\t\t\t\t<\/div>\n\t\t\t\t<div class=\"elementor-element elementor-element-bf7bc70 elementor-widget elementor-widget-image\" data-id=\"bf7bc70\" data-element_type=\"widget\" data-widget_type=\"image.default\">\n\t\t\t\t<div class=\"elementor-widget-container\">\n\t\t\t\t\t\t\t\t\t\t\t\t\t\t\t<img loading=\"lazy\" decoding=\"async\" width=\"585\" height=\"440\" src=\"https:\/\/www.wedrivit.com\/blog\/wp-content\/uploads\/2021\/06\/e5cf1a_db8e917990404b5c96680acfbe7d789e_mv2.jpg\" class=\"attachment-large size-large wp-image-3383\" alt=\"Citro\u00ebn Type C4\" \/>\t\t\t\t\t\t\t\t\t\t\t\t\t\t\t<\/div>\n\t\t\t\t<\/div>\n\t\t\t\t<div class=\"elementor-element elementor-element-af48c0a elementor-widget elementor-widget-text-editor\" data-id=\"af48c0a\" data-element_type=\"widget\" data-widget_type=\"text-editor.default\">\n\t\t\t\t<div class=\"elementor-widget-container\">\n\t\t\t\t\t\t\t\t\t<p>La <a href=\"https:\/\/www.wedrivit.com\/voiture\/milly-la-foret\/citroen\/309\" target=\"_blank\" rel=\"noopener\">Citro\u00ebn C4<\/a> aussi appel\u00e9e la Citro\u00ebn Type C4, est une voiture du constructeur automobile Citro\u00ebn. En 1928 elle a \u00e9t\u00e9 pr\u00e9sent\u00e9e avec sa version 6 cylindres : Citro\u00ebn C6 \u00e0 l\u2019occasion du Mondial de l&rsquo;automobile \u00e0 Paris de 1928. Elle a ensuite \u00e9t\u00e9 produite en 21 000 exemplaires jusqu&rsquo;\u00e0 l\u2019ann\u00e9e 1932.<\/p>\t\t\t\t\t\t\t\t<\/div>\n\t\t\t\t<\/div>\n\t\t\t\t<div class=\"elementor-element elementor-element-a358463 elementor-align-center elementor-widget elementor-widget-button\" data-id=\"a358463\" data-element_type=\"widget\" data-widget_type=\"button.default\">\n\t\t\t\t<div class=\"elementor-widget-container\">\n\t\t\t\t\t\t\t\t\t<div class=\"elementor-button-wrapper\">\n\t\t\t\t\t<a class=\"elementor-button elementor-button-link elementor-size-sm\" href=\"https:\/\/www.wedrivit.com\/rechercher\">\n\t\t\t\t\t\t<span class=\"elementor-button-content-wrapper\">\n\t\t\t\t\t\t\t\t\t<span class=\"elementor-button-text\">Rouler en voiture des ann\u00e9es 30<\/span>\n\t\t\t\t\t<\/span>\n\t\t\t\t\t<\/a>\n\t\t\t\t<\/div>\n\t\t\t\t\t\t\t\t<\/div>\n\t\t\t\t<\/div>\n\t\t\t\t<div class=\"elementor-element elementor-element-8272407 elementor-widget elementor-widget-spacer\" data-id=\"8272407\" data-element_type=\"widget\" data-widget_type=\"spacer.default\">\n\t\t\t\t<div class=\"elementor-widget-container\">\n\t\t\t\t\t\t\t<div class=\"elementor-spacer\">\n\t\t\t<div class=\"elementor-spacer-inner\"><\/div>\n\t\t<\/div>\n\t\t\t\t\t\t<\/div>\n\t\t\t\t<\/div>\n\t\t\t\t<div class=\"elementor-element elementor-element-c9c4838 elementor-widget elementor-widget-text-editor\" data-id=\"c9c4838\" data-element_type=\"widget\" data-widget_type=\"text-editor.default\">\n\t\t\t\t<div class=\"elementor-widget-container\">\n\t\t\t\t\t\t\t\t\t<p>\u00c0 d\u00e9couvrir \u00e9galement !\u00a0<\/p><blockquote><p><a href=\"https:\/\/www.wedrivit.com\/blog\/voiture\/collection\/voitures-des-annees-80-les-plus-beaux-modeles-de-lepoque\/\">Voitures des ann\u00e9es 80 : les plus beaux mod\u00e8les de l\u2019\u00e9poque<\/a><\/p><p><a href=\"https:\/\/www.wedrivit.com\/blog\/voiture\/collection\/les-voitures-devenues-collection-en-2021\/\">Les voitures devenues collection en 2021<\/a><\/p><\/blockquote>\t\t\t\t\t\t\t\t<\/div>\n\t\t\t\t<\/div>\n\t\t\t\t\t<\/div>\n\t\t<\/div>\n\t\t\t\t\t<\/div>\n\t\t<\/section>\n\t\t\t\t<\/div>\n\t\t","protected":false},"excerpt":{"rendered":"<p>Les voitures des ann\u00e9es 30 les plus mythiques ! En France, les voitures de collection des ann\u00e9es 30 font partie&hellip;<\/p>\n","protected":false},"author":14,"featured_media":3382,"comment_status":"open","ping_status":"open","sticky":false,"template":"","format":"standard","meta":{"footnotes":""},"categories":[1,6,74],"tags":[],"class_list":["post-3493","post","type-post","status-publish","format-standard","has-post-thumbnail","hentry","category-tous-les-articles","category-voiture","category-voiture-voitures-mythiques"],"yoast_head":"<!-- This site is optimized with the Yoast SEO plugin v26.9 - https:\/\/yoast.com\/product\/yoast-seo-wordpress\/ -->\n<title>A la d\u00e9couverte des anciennes des ann\u00e9es 30 - Wedrivit<\/title>\n<meta name=\"description\" content=\"Voitures des ann\u00e9es 30 : les 10 mod\u00e8les les plus symboliques de l&#039;\u00e9poque ! Alfa Romeo 8C 2900, Mercedes-Benz SSK, Morgan 4\/4, Cadillac V-16 ...\" \/>\n<meta name=\"robots\" content=\"index, follow, max-snippet:-1, max-image-preview:large, max-video-preview:-1\" \/>\n<link rel=\"canonical\" href=\"https:\/\/www.wedrivit.com\/blog\/voiture\/collection\/voitures-des-annees-30\" \/>\n<meta property=\"og:locale\" content=\"fr_FR\" \/>\n<meta property=\"og:type\" content=\"article\" \/>\n<meta property=\"og:title\" content=\"A la d\u00e9couverte des anciennes des ann\u00e9es 30 - Wedrivit\" \/>\n<meta property=\"og:description\" content=\"Voitures des ann\u00e9es 30 : les 10 mod\u00e8les les plus symboliques de l&#039;\u00e9poque ! Alfa Romeo 8C 2900, Mercedes-Benz SSK, Morgan 4\/4, Cadillac V-16 ...\" \/>\n<meta property=\"og:url\" content=\"https:\/\/www.wedrivit.com\/blog\/voiture\/collection\/voitures-des-annees-30\" \/>\n<meta property=\"og:site_name\" content=\"Le blog des voitures de collection par Wedrivit\" \/>\n<meta property=\"article:published_time\" content=\"2021-06-25T14:41:59+00:00\" \/>\n<meta property=\"article:modified_time\" content=\"2025-06-02T10:02:23+00:00\" \/>\n<meta property=\"og:image\" content=\"https:\/\/www.wedrivit.com\/blog\/wp-content\/uploads\/2021\/06\/1947_Delahaye_135_MS_-_green_-_fvl2.jpg\" \/>\n\t<meta property=\"og:image:width\" content=\"1200\" \/>\n\t<meta property=\"og:image:height\" content=\"750\" \/>\n\t<meta property=\"og:image:type\" content=\"image\/jpeg\" \/>\n<meta name=\"author\" content=\"Pauline de Reilhac\" \/>\n<meta name=\"twitter:card\" content=\"summary_large_image\" \/>\n<meta name=\"twitter:label1\" content=\"\u00c9crit par\" \/>\n\t<meta name=\"twitter:data1\" content=\"Pauline de Reilhac\" \/>\n\t<meta name=\"twitter:label2\" content=\"Dur\u00e9e de lecture estim\u00e9e\" \/>\n\t<meta name=\"twitter:data2\" content=\"7 minutes\" \/>\n<script type=\"application\/ld+json\" class=\"yoast-schema-graph\">{\"@context\":\"https:\/\/schema.org\",\"@graph\":[{\"@type\":\"Article\",\"@id\":\"https:\/\/www.wedrivit.com\/blog\/voiture\/collection\/voitures-des-annees-30#article\",\"isPartOf\":{\"@id\":\"https:\/\/www.wedrivit.com\/blog\/voiture\/collection\/voitures-des-annees-30\"},\"author\":{\"name\":\"Pauline de Reilhac\",\"@id\":\"https:\/\/www.wedrivit.com\/blog\/#\/schema\/person\/267165b634747403d72834c3676780d5\"},\"headline\":\"A la d\u00e9couverte des anciennes des ann\u00e9es 30\",\"datePublished\":\"2021-06-25T14:41:59+00:00\",\"dateModified\":\"2025-06-02T10:02:23+00:00\",\"mainEntityOfPage\":{\"@id\":\"https:\/\/www.wedrivit.com\/blog\/voiture\/collection\/voitures-des-annees-30\"},\"wordCount\":802,\"commentCount\":3,\"publisher\":{\"@id\":\"https:\/\/www.wedrivit.com\/blog\/#organization\"},\"image\":{\"@id\":\"https:\/\/www.wedrivit.com\/blog\/voiture\/collection\/voitures-des-annees-30#primaryimage\"},\"thumbnailUrl\":\"https:\/\/www.wedrivit.com\/blog\/wp-content\/uploads\/2021\/06\/1947_Delahaye_135_MS_-_green_-_fvl2.jpg\",\"articleSection\":[\"Tous les articles\",\"Voitures\",\"Voitures mythiques\"],\"inLanguage\":\"fr-FR\",\"potentialAction\":[{\"@type\":\"CommentAction\",\"name\":\"Comment\",\"target\":[\"https:\/\/www.wedrivit.com\/blog\/voiture\/collection\/voitures-des-annees-30#respond\"]}]},{\"@type\":\"WebPage\",\"@id\":\"https:\/\/www.wedrivit.com\/blog\/voiture\/collection\/voitures-des-annees-30\",\"url\":\"https:\/\/www.wedrivit.com\/blog\/voiture\/collection\/voitures-des-annees-30\",\"name\":\"A la d\u00e9couverte des anciennes des ann\u00e9es 30 - Wedrivit\",\"isPartOf\":{\"@id\":\"https:\/\/www.wedrivit.com\/blog\/#website\"},\"primaryImageOfPage\":{\"@id\":\"https:\/\/www.wedrivit.com\/blog\/voiture\/collection\/voitures-des-annees-30#primaryimage\"},\"image\":{\"@id\":\"https:\/\/www.wedrivit.com\/blog\/voiture\/collection\/voitures-des-annees-30#primaryimage\"},\"thumbnailUrl\":\"https:\/\/www.wedrivit.com\/blog\/wp-content\/uploads\/2021\/06\/1947_Delahaye_135_MS_-_green_-_fvl2.jpg\",\"datePublished\":\"2021-06-25T14:41:59+00:00\",\"dateModified\":\"2025-06-02T10:02:23+00:00\",\"description\":\"Voitures des ann\u00e9es 30 : les 10 mod\u00e8les les plus symboliques de l'\u00e9poque ! Alfa Romeo 8C 2900, Mercedes-Benz SSK, Morgan 4\/4, Cadillac V-16 ...\",\"breadcrumb\":{\"@id\":\"https:\/\/www.wedrivit.com\/blog\/voiture\/collection\/voitures-des-annees-30#breadcrumb\"},\"inLanguage\":\"fr-FR\",\"potentialAction\":[{\"@type\":\"ReadAction\",\"target\":[\"https:\/\/www.wedrivit.com\/blog\/voiture\/collection\/voitures-des-annees-30\"]}]},{\"@type\":\"ImageObject\",\"inLanguage\":\"fr-FR\",\"@id\":\"https:\/\/www.wedrivit.com\/blog\/voiture\/collection\/voitures-des-annees-30#primaryimage\",\"url\":\"https:\/\/www.wedrivit.com\/blog\/wp-content\/uploads\/2021\/06\/1947_Delahaye_135_MS_-_green_-_fvl2.jpg\",\"contentUrl\":\"https:\/\/www.wedrivit.com\/blog\/wp-content\/uploads\/2021\/06\/1947_Delahaye_135_MS_-_green_-_fvl2.jpg\",\"width\":1200,\"height\":750,\"caption\":\"Delahaye type 135\"},{\"@type\":\"BreadcrumbList\",\"@id\":\"https:\/\/www.wedrivit.com\/blog\/voiture\/collection\/voitures-des-annees-30#breadcrumb\",\"itemListElement\":[{\"@type\":\"ListItem\",\"position\":1,\"name\":\"Home\",\"item\":\"https:\/\/www.wedrivit.com\/blog\/\"},{\"@type\":\"ListItem\",\"position\":2,\"name\":\"A la d\u00e9couverte des anciennes des ann\u00e9es 30\"}]},{\"@type\":\"WebSite\",\"@id\":\"https:\/\/www.wedrivit.com\/blog\/#website\",\"url\":\"https:\/\/www.wedrivit.com\/blog\/\",\"name\":\"Le blog des voitures de collection par Wedrivit\",\"description\":\"Tout savoir sur les voitures anciennes grace \u00e0 Wedrivit, la plateforme de location de voitures anciennes entre particuliers.\",\"publisher\":{\"@id\":\"https:\/\/www.wedrivit.com\/blog\/#organization\"},\"potentialAction\":[{\"@type\":\"SearchAction\",\"target\":{\"@type\":\"EntryPoint\",\"urlTemplate\":\"https:\/\/www.wedrivit.com\/blog\/?s={search_term_string}\"},\"query-input\":{\"@type\":\"PropertyValueSpecification\",\"valueRequired\":true,\"valueName\":\"search_term_string\"}}],\"inLanguage\":\"fr-FR\"},{\"@type\":\"Organization\",\"@id\":\"https:\/\/www.wedrivit.com\/blog\/#organization\",\"name\":\"Le blog des voitures de collection par Wedrivit\",\"url\":\"https:\/\/www.wedrivit.com\/blog\/\",\"logo\":{\"@type\":\"ImageObject\",\"inLanguage\":\"fr-FR\",\"@id\":\"https:\/\/www.wedrivit.com\/blog\/#\/schema\/logo\/image\/\",\"url\":\"https:\/\/www.wedrivit.com\/blog\/wp-content\/uploads\/2024\/12\/wedrivit-blanc-large-2.png\",\"contentUrl\":\"https:\/\/www.wedrivit.com\/blog\/wp-content\/uploads\/2024\/12\/wedrivit-blanc-large-2.png\",\"caption\":\"Le blog des voitures de collection par Wedrivit\"},\"image\":{\"@id\":\"https:\/\/www.wedrivit.com\/blog\/#\/schema\/logo\/image\/\"}},{\"@type\":\"Person\",\"@id\":\"https:\/\/www.wedrivit.com\/blog\/#\/schema\/person\/267165b634747403d72834c3676780d5\",\"name\":\"Pauline de Reilhac\",\"image\":{\"@type\":\"ImageObject\",\"inLanguage\":\"fr-FR\",\"@id\":\"https:\/\/www.wedrivit.com\/blog\/#\/schema\/person\/image\/\",\"url\":\"https:\/\/secure.gravatar.com\/avatar\/7b10d6fa0d011af0a64491a126447ab47842ff611b25be63433b058076697b0d?s=96&d=mm&r=g\",\"contentUrl\":\"https:\/\/secure.gravatar.com\/avatar\/7b10d6fa0d011af0a64491a126447ab47842ff611b25be63433b058076697b0d?s=96&d=mm&r=g\",\"caption\":\"Pauline de Reilhac\"},\"sameAs\":[\"http:\/\/www.classic-hub.com\"],\"url\":\"https:\/\/www.wedrivit.com\/blog\/voiture\/collection\/author\/pauline-de-reilhac\"}]}<\/script>\n<!-- \/ Yoast SEO plugin. -->","yoast_head_json":{"title":"A la d\u00e9couverte des anciennes des ann\u00e9es 30 - Wedrivit","description":"Voitures des ann\u00e9es 30 : les 10 mod\u00e8les les plus symboliques de l'\u00e9poque ! Alfa Romeo 8C 2900, Mercedes-Benz SSK, Morgan 4\/4, Cadillac V-16 ...","robots":{"index":"index","follow":"follow","max-snippet":"max-snippet:-1","max-image-preview":"max-image-preview:large","max-video-preview":"max-video-preview:-1"},"canonical":"https:\/\/www.wedrivit.com\/blog\/voiture\/collection\/voitures-des-annees-30","og_locale":"fr_FR","og_type":"article","og_title":"A la d\u00e9couverte des anciennes des ann\u00e9es 30 - Wedrivit","og_description":"Voitures des ann\u00e9es 30 : les 10 mod\u00e8les les plus symboliques de l'\u00e9poque ! Alfa Romeo 8C 2900, Mercedes-Benz SSK, Morgan 4\/4, Cadillac V-16 ...","og_url":"https:\/\/www.wedrivit.com\/blog\/voiture\/collection\/voitures-des-annees-30","og_site_name":"Le blog des voitures de collection par Wedrivit","article_published_time":"2021-06-25T14:41:59+00:00","article_modified_time":"2025-06-02T10:02:23+00:00","og_image":[{"width":1200,"height":750,"url":"https:\/\/www.wedrivit.com\/blog\/wp-content\/uploads\/2021\/06\/1947_Delahaye_135_MS_-_green_-_fvl2.jpg","type":"image\/jpeg"}],"author":"Pauline de Reilhac","twitter_card":"summary_large_image","twitter_misc":{"\u00c9crit par":"Pauline de Reilhac","Dur\u00e9e de lecture estim\u00e9e":"7 minutes"},"schema":{"@context":"https:\/\/schema.org","@graph":[{"@type":"Article","@id":"https:\/\/www.wedrivit.com\/blog\/voiture\/collection\/voitures-des-annees-30#article","isPartOf":{"@id":"https:\/\/www.wedrivit.com\/blog\/voiture\/collection\/voitures-des-annees-30"},"author":{"name":"Pauline de Reilhac","@id":"https:\/\/www.wedrivit.com\/blog\/#\/schema\/person\/267165b634747403d72834c3676780d5"},"headline":"A la d\u00e9couverte des anciennes des ann\u00e9es 30","datePublished":"2021-06-25T14:41:59+00:00","dateModified":"2025-06-02T10:02:23+00:00","mainEntityOfPage":{"@id":"https:\/\/www.wedrivit.com\/blog\/voiture\/collection\/voitures-des-annees-30"},"wordCount":802,"commentCount":3,"publisher":{"@id":"https:\/\/www.wedrivit.com\/blog\/#organization"},"image":{"@id":"https:\/\/www.wedrivit.com\/blog\/voiture\/collection\/voitures-des-annees-30#primaryimage"},"thumbnailUrl":"https:\/\/www.wedrivit.com\/blog\/wp-content\/uploads\/2021\/06\/1947_Delahaye_135_MS_-_green_-_fvl2.jpg","articleSection":["Tous les articles","Voitures","Voitures mythiques"],"inLanguage":"fr-FR","potentialAction":[{"@type":"CommentAction","name":"Comment","target":["https:\/\/www.wedrivit.com\/blog\/voiture\/collection\/voitures-des-annees-30#respond"]}]},{"@type":"WebPage","@id":"https:\/\/www.wedrivit.com\/blog\/voiture\/collection\/voitures-des-annees-30","url":"https:\/\/www.wedrivit.com\/blog\/voiture\/collection\/voitures-des-annees-30","name":"A la d\u00e9couverte des anciennes des ann\u00e9es 30 - Wedrivit","isPartOf":{"@id":"https:\/\/www.wedrivit.com\/blog\/#website"},"primaryImageOfPage":{"@id":"https:\/\/www.wedrivit.com\/blog\/voiture\/collection\/voitures-des-annees-30#primaryimage"},"image":{"@id":"https:\/\/www.wedrivit.com\/blog\/voiture\/collection\/voitures-des-annees-30#primaryimage"},"thumbnailUrl":"https:\/\/www.wedrivit.com\/blog\/wp-content\/uploads\/2021\/06\/1947_Delahaye_135_MS_-_green_-_fvl2.jpg","datePublished":"2021-06-25T14:41:59+00:00","dateModified":"2025-06-02T10:02:23+00:00","description":"Voitures des ann\u00e9es 30 : les 10 mod\u00e8les les plus symboliques de l'\u00e9poque ! Alfa Romeo 8C 2900, Mercedes-Benz SSK, Morgan 4\/4, Cadillac V-16 ...","breadcrumb":{"@id":"https:\/\/www.wedrivit.com\/blog\/voiture\/collection\/voitures-des-annees-30#breadcrumb"},"inLanguage":"fr-FR","potentialAction":[{"@type":"ReadAction","target":["https:\/\/www.wedrivit.com\/blog\/voiture\/collection\/voitures-des-annees-30"]}]},{"@type":"ImageObject","inLanguage":"fr-FR","@id":"https:\/\/www.wedrivit.com\/blog\/voiture\/collection\/voitures-des-annees-30#primaryimage","url":"https:\/\/www.wedrivit.com\/blog\/wp-content\/uploads\/2021\/06\/1947_Delahaye_135_MS_-_green_-_fvl2.jpg","contentUrl":"https:\/\/www.wedrivit.com\/blog\/wp-content\/uploads\/2021\/06\/1947_Delahaye_135_MS_-_green_-_fvl2.jpg","width":1200,"height":750,"caption":"Delahaye type 135"},{"@type":"BreadcrumbList","@id":"https:\/\/www.wedrivit.com\/blog\/voiture\/collection\/voitures-des-annees-30#breadcrumb","itemListElement":[{"@type":"ListItem","position":1,"name":"Home","item":"https:\/\/www.wedrivit.com\/blog\/"},{"@type":"ListItem","position":2,"name":"A la d\u00e9couverte des anciennes des ann\u00e9es 30"}]},{"@type":"WebSite","@id":"https:\/\/www.wedrivit.com\/blog\/#website","url":"https:\/\/www.wedrivit.com\/blog\/","name":"Le blog des voitures de collection par Wedrivit","description":"Tout savoir sur les voitures anciennes grace \u00e0 Wedrivit, la plateforme de location de voitures anciennes entre particuliers.","publisher":{"@id":"https:\/\/www.wedrivit.com\/blog\/#organization"},"potentialAction":[{"@type":"SearchAction","target":{"@type":"EntryPoint","urlTemplate":"https:\/\/www.wedrivit.com\/blog\/?s={search_term_string}"},"query-input":{"@type":"PropertyValueSpecification","valueRequired":true,"valueName":"search_term_string"}}],"inLanguage":"fr-FR"},{"@type":"Organization","@id":"https:\/\/www.wedrivit.com\/blog\/#organization","name":"Le blog des voitures de collection par Wedrivit","url":"https:\/\/www.wedrivit.com\/blog\/","logo":{"@type":"ImageObject","inLanguage":"fr-FR","@id":"https:\/\/www.wedrivit.com\/blog\/#\/schema\/logo\/image\/","url":"https:\/\/www.wedrivit.com\/blog\/wp-content\/uploads\/2024\/12\/wedrivit-blanc-large-2.png","contentUrl":"https:\/\/www.wedrivit.com\/blog\/wp-content\/uploads\/2024\/12\/wedrivit-blanc-large-2.png","caption":"Le blog des voitures de collection par Wedrivit"},"image":{"@id":"https:\/\/www.wedrivit.com\/blog\/#\/schema\/logo\/image\/"}},{"@type":"Person","@id":"https:\/\/www.wedrivit.com\/blog\/#\/schema\/person\/267165b634747403d72834c3676780d5","name":"Pauline de Reilhac","image":{"@type":"ImageObject","inLanguage":"fr-FR","@id":"https:\/\/www.wedrivit.com\/blog\/#\/schema\/person\/image\/","url":"https:\/\/secure.gravatar.com\/avatar\/7b10d6fa0d011af0a64491a126447ab47842ff611b25be63433b058076697b0d?s=96&d=mm&r=g","contentUrl":"https:\/\/secure.gravatar.com\/avatar\/7b10d6fa0d011af0a64491a126447ab47842ff611b25be63433b058076697b0d?s=96&d=mm&r=g","caption":"Pauline de Reilhac"},"sameAs":["http:\/\/www.classic-hub.com"],"url":"https:\/\/www.wedrivit.com\/blog\/voiture\/collection\/author\/pauline-de-reilhac"}]}},"_links":{"self":[{"href":"https:\/\/www.wedrivit.com\/blog\/wp-json\/wp\/v2\/posts\/3493","targetHints":{"allow":["GET"]}}],"collection":[{"href":"https:\/\/www.wedrivit.com\/blog\/wp-json\/wp\/v2\/posts"}],"about":[{"href":"https:\/\/www.wedrivit.com\/blog\/wp-json\/wp\/v2\/types\/post"}],"author":[{"embeddable":true,"href":"https:\/\/www.wedrivit.com\/blog\/wp-json\/wp\/v2\/users\/14"}],"replies":[{"embeddable":true,"href":"https:\/\/www.wedrivit.com\/blog\/wp-json\/wp\/v2\/comments?post=3493"}],"version-history":[{"count":39,"href":"https:\/\/www.wedrivit.com\/blog\/wp-json\/wp\/v2\/posts\/3493\/revisions"}],"predecessor-version":[{"id":10701,"href":"https:\/\/www.wedrivit.com\/blog\/wp-json\/wp\/v2\/posts\/3493\/revisions\/10701"}],"wp:featuredmedia":[{"embeddable":true,"href":"https:\/\/www.wedrivit.com\/blog\/wp-json\/wp\/v2\/media\/3382"}],"wp:attachment":[{"href":"https:\/\/www.wedrivit.com\/blog\/wp-json\/wp\/v2\/media?parent=3493"}],"wp:term":[{"taxonomy":"category","embeddable":true,"href":"https:\/\/www.wedrivit.com\/blog\/wp-json\/wp\/v2\/categories?post=3493"},{"taxonomy":"post_tag","embeddable":true,"href":"https:\/\/www.wedrivit.com\/blog\/wp-json\/wp\/v2\/tags?post=3493"}],"curies":[{"name":"wp","href":"https:\/\/api.w.org\/{rel}","templated":true}]}}