{"id":3220,"date":"2021-06-16T09:54:56","date_gmt":"2021-06-16T07:54:56","guid":{"rendered":"https:\/\/www.wedrivit.com\/blog\/?p=3220"},"modified":"2022-07-26T14:20:57","modified_gmt":"2022-07-26T12:20:57","slug":"voitures-des-annees-80-les-plus-beaux-modeles-de-lepoque","status":"publish","type":"post","link":"https:\/\/www.wedrivit.com\/blog\/voiture\/collection\/voitures-des-annees-80-les-plus-beaux-modeles-de-lepoque","title":{"rendered":"Voitures des ann\u00e9es 80 : les plus beaux mod\u00e8les de l\u2019\u00e9poque"},"content":{"rendered":"\t\t<div data-elementor-type=\"wp-post\" data-elementor-id=\"3220\" class=\"elementor elementor-3220\">\n\t\t\t\t\t\t<section class=\"elementor-section elementor-top-section elementor-element elementor-element-e7b9210 elementor-section-boxed elementor-section-height-default elementor-section-height-default\" data-id=\"e7b9210\" data-element_type=\"section\">\n\t\t\t\t\t\t<div class=\"elementor-container elementor-column-gap-default\">\n\t\t\t\t\t<div class=\"elementor-column elementor-col-100 elementor-top-column elementor-element elementor-element-a394015\" data-id=\"a394015\" data-element_type=\"column\">\n\t\t\t<div class=\"elementor-widget-wrap elementor-element-populated\">\n\t\t\t\t\t\t<div class=\"elementor-element elementor-element-23ab98c elementor-widget elementor-widget-text-editor\" data-id=\"23ab98c\" data-element_type=\"widget\" data-widget_type=\"text-editor.default\">\n\t\t\t\t<div class=\"elementor-widget-container\">\n\t\t\t\t\t\t\t\t\t<p><span style=\"font-weight: 400;\">Vous souhaitez investir dans l\u2019achat d\u2019une<strong> voiture ancienne<\/strong>, mais ne savez pas vers quel mod\u00e8le vous tourner ? Il s\u2019agit bien s\u00fbr d\u2019une question de go\u00fbts personnels, ainsi que de vos besoins &#8211; notamment concernant le type de voiture, le nombre de places, le besoin d\u2019entretien\u2026 Avez-vous d\u00e9j\u00e0 song\u00e9 \u00e0 acheter une<strong> voiture des ann\u00e9es 80<\/strong> ?<\/span><\/p><p><span style=\"font-weight: 400;\">Les mod\u00e8les de<strong> voitures de collection des ann\u00e9es 80<\/strong> ont le vent en poupe ces derni\u00e8res ann\u00e9es, qu\u2019ils soient \u00e0 l\u2019origine de constructeurs fran\u00e7ais, italiens, ou encore allemands. Pour vous aider \u00e0 faire votre choix, et pour inspirer les amateurs de <strong>voitures anciennes<\/strong>, nous vous proposons dans cet article de r\u00e9aliser un l\u00e9ger retour en arri\u00e8re, vers ces quelques voitures mythiques des <strong>ann\u00e9es 80<\/strong>.<\/span><\/p>\t\t\t\t\t\t\t\t<\/div>\n\t\t\t\t<\/div>\n\t\t\t\t<div class=\"elementor-element elementor-element-a951939 elementor-widget elementor-widget-spacer\" data-id=\"a951939\" data-element_type=\"widget\" data-widget_type=\"spacer.default\">\n\t\t\t\t<div class=\"elementor-widget-container\">\n\t\t\t\t\t\t\t<div class=\"elementor-spacer\">\n\t\t\t<div class=\"elementor-spacer-inner\"><\/div>\n\t\t<\/div>\n\t\t\t\t\t\t<\/div>\n\t\t\t\t<\/div>\n\t\t\t\t\t<\/div>\n\t\t<\/div>\n\t\t\t\t\t<\/div>\n\t\t<\/section>\n\t\t\t\t<section class=\"elementor-section elementor-top-section elementor-element elementor-element-b3fb753 elementor-section-boxed elementor-section-height-default elementor-section-height-default\" data-id=\"b3fb753\" data-element_type=\"section\">\n\t\t\t\t\t\t<div class=\"elementor-container elementor-column-gap-default\">\n\t\t\t\t\t<div class=\"elementor-column elementor-col-100 elementor-top-column elementor-element elementor-element-f26d844\" data-id=\"f26d844\" data-element_type=\"column\">\n\t\t\t<div class=\"elementor-widget-wrap elementor-element-populated\">\n\t\t\t\t\t\t<div class=\"elementor-element elementor-element-ccf486b elementor-widget elementor-widget-heading\" data-id=\"ccf486b\" data-element_type=\"widget\" data-widget_type=\"heading.default\">\n\t\t\t\t<div class=\"elementor-widget-container\">\n\t\t\t\t\t<h2 class=\"elementor-heading-title elementor-size-large\">Voiture des ann\u00e9es 80 : les fran\u00e7aises<\/h2>\t\t\t\t<\/div>\n\t\t\t\t<\/div>\n\t\t\t\t<div class=\"elementor-element elementor-element-be93080 elementor-widget elementor-widget-text-editor\" data-id=\"be93080\" data-element_type=\"widget\" data-widget_type=\"text-editor.default\">\n\t\t\t\t<div class=\"elementor-widget-container\">\n\t\t\t\t\t\t\t\t\t<p><span style=\"font-weight: 400;\"><strong>Les ann\u00e9es 80<\/strong> marquent un tournant pour de nombreux constructeurs fran\u00e7ais. Il s\u2019agit d\u2019une p\u00e9riode riche en innovations pour le secteur de l\u2019automobile, qui donne naissance \u00e0 des mod\u00e8les embl\u00e9matiques, que de nombreux collectionneurs s\u2019arrachent encore aujourd\u2019hui. D\u00e9couvrons de plus pr\u00e8s quels sont les mod\u00e8les concern\u00e9s :<\/span><\/p><ul><li style=\"font-weight: 400;\" aria-level=\"1\">La Citro\u00ebn BX.<span style=\"font-weight: 400;\"> Concernant le constructeur fran\u00e7ais Citro\u00ebn, la petite nouveaut\u00e9 des <strong>ann\u00e9es 80<\/strong> qui s\u00e9duit les acheteurs de l\u2019\u00e9poque est la c\u00e9l\u00e8bre Citro\u00ebn BX. Ce mod\u00e8le embl\u00e9matique des <strong>ann\u00e9es 80<\/strong> voit le jour en 1982. Signe distinctif des constructions Citro\u00ebn de l\u2019\u00e9poque, ce mod\u00e8le b\u00e9n\u00e9ficie de suspensions hydrauliques. Au total, il sera \u00e9coul\u00e9 \u00e0 plus de 2 millions d\u2019exemplaires, ce qui en fait l\u2019un des mod\u00e8les de voiture les plus appr\u00e9ci\u00e9s de l\u2019\u00e9poque.<\/span><\/li><\/ul><ul><li style=\"font-weight: 400;\" aria-level=\"1\">Les voitures Peugeot.<span style=\"font-weight: 400;\"> Chez Peugeot, diff\u00e9rents mod\u00e8les font leur apparition pendant les <strong>ann\u00e9es 80<\/strong>, dont le v\u00e9hicule \u00e9lu voiture de l\u2019ann\u00e9e lors de sa sortie, la <a href=\"https:\/\/www.wedrivit.com\/voiture\/espiet\/peugeot\/605\" target=\"_blank\" rel=\"noopener\">205 de Peugeot<\/a>. Cette <strong>voiture de collection<\/strong> dispose d\u2019un moteur de 105 chevaux de 1,6l. Autre mod\u00e8le tr\u00e8s appr\u00e9ci\u00e9 des <strong>ann\u00e9es 80<\/strong>, la <a href=\"https:\/\/www.wedrivit.com\/voiture\/morsang-sur-orge\/peugeot\/1161\" target=\"_blank\" rel=\"noopener\">Peugeot 505<\/a>, une berline \u00e0 propulsion \u00e9galement disponible en version Turbo injection de 180 chevaux, une v\u00e9ritable nouveaut\u00e9 pour l\u2019\u00e9poque. La <strong>voiture des ann\u00e9es 80<\/strong> sera \u00e9coul\u00e9e \u00e0 plus de un million d\u2019exemplaires.<\/span><\/li><\/ul><ul><li>La Super 5 de Renault.<span style=\"font-weight: 400;\"> Pour le constructeur Renault, c\u2019est la Super 5 qui attire les acheteurs de l\u2019\u00e9poque. Cette voiture encore tr\u00e8s appr\u00e9ci\u00e9e aujourd\u2019hui dispose d\u2019un moteur de 115 chevaux.<\/span><\/li><\/ul>\t\t\t\t\t\t\t\t<\/div>\n\t\t\t\t<\/div>\n\t\t\t\t<section class=\"elementor-section elementor-inner-section elementor-element elementor-element-01798e8 elementor-section-boxed elementor-section-height-default elementor-section-height-default\" data-id=\"01798e8\" data-element_type=\"section\">\n\t\t\t\t\t\t<div class=\"elementor-container elementor-column-gap-default\">\n\t\t\t\t\t<div class=\"elementor-column elementor-col-50 elementor-inner-column elementor-element elementor-element-8f94bef\" data-id=\"8f94bef\" data-element_type=\"column\">\n\t\t\t<div class=\"elementor-widget-wrap elementor-element-populated\">\n\t\t\t\t\t\t<div class=\"elementor-element elementor-element-a0ebf7e elementor-widget elementor-widget-image\" data-id=\"a0ebf7e\" data-element_type=\"widget\" data-widget_type=\"image.default\">\n\t\t\t\t<div class=\"elementor-widget-container\">\n\t\t\t\t\t\t\t\t\t\t\t\t\t\t\t<img fetchpriority=\"high\" decoding=\"async\" width=\"1000\" height=\"600\" src=\"https:\/\/www.wedrivit.com\/blog\/wp-content\/uploads\/2021\/06\/peugeot-205-gti-1991-d6189e-0@1x-1.jpg\" class=\"attachment-large size-large wp-image-3227\" alt=\"Peugeot Super 5 rouge\" \/>\t\t\t\t\t\t\t\t\t\t\t\t\t\t\t<\/div>\n\t\t\t\t<\/div>\n\t\t\t\t\t<\/div>\n\t\t<\/div>\n\t\t\t\t<div class=\"elementor-column elementor-col-50 elementor-inner-column elementor-element elementor-element-1c82f92\" data-id=\"1c82f92\" data-element_type=\"column\">\n\t\t\t<div class=\"elementor-widget-wrap elementor-element-populated\">\n\t\t\t\t\t\t<div class=\"elementor-element elementor-element-e7d756a elementor-widget elementor-widget-image\" data-id=\"e7d756a\" data-element_type=\"widget\" data-widget_type=\"image.default\">\n\t\t\t\t<div class=\"elementor-widget-container\">\n\t\t\t\t\t\t\t\t\t\t\t\t\t\t\t<img decoding=\"async\" width=\"612\" height=\"408\" src=\"https:\/\/www.wedrivit.com\/blog\/wp-content\/uploads\/2021\/06\/istockphoto-1179825356-612x612-1.jpg\" class=\"attachment-large size-large wp-image-3225\" alt=\"Citro\u00ebn BX grise\" \/>\t\t\t\t\t\t\t\t\t\t\t\t\t\t\t<\/div>\n\t\t\t\t<\/div>\n\t\t\t\t\t<\/div>\n\t\t<\/div>\n\t\t\t\t\t<\/div>\n\t\t<\/section>\n\t\t\t\t<div class=\"elementor-element elementor-element-5f58df0 elementor-widget elementor-widget-spacer\" data-id=\"5f58df0\" data-element_type=\"widget\" data-widget_type=\"spacer.default\">\n\t\t\t\t<div class=\"elementor-widget-container\">\n\t\t\t\t\t\t\t<div class=\"elementor-spacer\">\n\t\t\t<div class=\"elementor-spacer-inner\"><\/div>\n\t\t<\/div>\n\t\t\t\t\t\t<\/div>\n\t\t\t\t<\/div>\n\t\t\t\t\t<\/div>\n\t\t<\/div>\n\t\t\t\t\t<\/div>\n\t\t<\/section>\n\t\t\t\t<section class=\"elementor-section elementor-top-section elementor-element elementor-element-d18840f elementor-section-boxed elementor-section-height-default elementor-section-height-default\" data-id=\"d18840f\" data-element_type=\"section\">\n\t\t\t\t\t\t<div class=\"elementor-container elementor-column-gap-default\">\n\t\t\t\t\t<div class=\"elementor-column elementor-col-100 elementor-top-column elementor-element elementor-element-aeed784\" data-id=\"aeed784\" data-element_type=\"column\">\n\t\t\t<div class=\"elementor-widget-wrap elementor-element-populated\">\n\t\t\t\t\t\t<div class=\"elementor-element elementor-element-589113f elementor-widget elementor-widget-heading\" data-id=\"589113f\" data-element_type=\"widget\" data-widget_type=\"heading.default\">\n\t\t\t\t<div class=\"elementor-widget-container\">\n\t\t\t\t\t<h2 class=\"elementor-heading-title elementor-size-default\">Voiture de collection des ann\u00e9es 80 : les constructeurs italiens<\/h2>\t\t\t\t<\/div>\n\t\t\t\t<\/div>\n\t\t\t\t<div class=\"elementor-element elementor-element-125c82b elementor-widget elementor-widget-text-editor\" data-id=\"125c82b\" data-element_type=\"widget\" data-widget_type=\"text-editor.default\">\n\t\t\t\t<div class=\"elementor-widget-container\">\n\t\t\t\t\t\t\t\t\t<p><span style=\"font-weight: 400;\">Autres grands ma\u00eetres de la construction <strong>automobile des ann\u00e9es 80<\/strong>, les italiens proposent eux aussi des mod\u00e8les iconiques, inspir\u00e9s par un design simple mais efficace, des lignes cubiques, et pouss\u00e9s par les innovations m\u00e9caniques de l\u2019\u00e9poque. Parmi les mod\u00e8les ayant rencontr\u00e9 le plus grand succ\u00e8s lors de cette d\u00e9cennie, on retrouve les suivants :<\/span><\/p>\t\t\t\t\t\t\t\t<\/div>\n\t\t\t\t<\/div>\n\t\t\t\t<section class=\"elementor-section elementor-inner-section elementor-element elementor-element-16a720d elementor-section-boxed elementor-section-height-default elementor-section-height-default\" data-id=\"16a720d\" data-element_type=\"section\">\n\t\t\t\t\t\t<div class=\"elementor-container elementor-column-gap-default\">\n\t\t\t\t\t<div class=\"elementor-column elementor-col-50 elementor-inner-column elementor-element elementor-element-0b22cb6\" data-id=\"0b22cb6\" data-element_type=\"column\">\n\t\t\t<div class=\"elementor-widget-wrap elementor-element-populated\">\n\t\t\t\t\t\t<div class=\"elementor-element elementor-element-2b80015 elementor-widget elementor-widget-text-editor\" data-id=\"2b80015\" data-element_type=\"widget\" data-widget_type=\"text-editor.default\">\n\t\t\t\t<div class=\"elementor-widget-container\">\n\t\t\t\t\t\t\t\t\t<p>Les mod\u00e8les Ferrari.<span style=\"font-weight: 400;\"> Pour le constructeur iconique Ferrari, les mod\u00e8les d\u00e9velopp\u00e9s pendant les <strong>ann\u00e9es 80<\/strong> qui rencontrent le plus grand succ\u00e8s aupr\u00e8s des amateurs de belles voitures sont la Ferrari Testarossa et la Ferrari 288 GTO. Vous avez certainement en t\u00eate les formes uniques de la Ferrari Testarossa, qui feront sa renomm\u00e9e. Ce mod\u00e8le est \u00e0 l\u2019\u00e9poque disponible pour le montant d\u20191 million de francs. La largeur de 2 m\u00e8tres du mod\u00e8le s\u00e9duit, ainsi que le moteur V12 de 4,9l, qui permet \u00e0 la voiture d\u2019atteindre la vitesse de 300 km\/h. Concernant la Ferrari Testarossa, elle dispose d\u2019un moteur V8 constitu\u00e9 de deux turbos, et compte au total 400 chevaux. Moins de 300 exemplaires de ce mod\u00e8le seront vendus.<\/span><\/p>\t\t\t\t\t\t\t\t<\/div>\n\t\t\t\t<\/div>\n\t\t\t\t\t<\/div>\n\t\t<\/div>\n\t\t\t\t<div class=\"elementor-column elementor-col-50 elementor-inner-column elementor-element elementor-element-ac3a496\" data-id=\"ac3a496\" data-element_type=\"column\">\n\t\t\t<div class=\"elementor-widget-wrap elementor-element-populated\">\n\t\t\t\t\t\t<div class=\"elementor-element elementor-element-5361f3c elementor-widget elementor-widget-image\" data-id=\"5361f3c\" data-element_type=\"widget\" data-widget_type=\"image.default\">\n\t\t\t\t<div class=\"elementor-widget-container\">\n\t\t\t\t\t\t\t\t\t\t\t\t\t\t\t<img decoding=\"async\" width=\"612\" height=\"386\" src=\"https:\/\/www.wedrivit.com\/blog\/wp-content\/uploads\/2021\/06\/istockphoto-527666382-612x612-1.jpg\" class=\"attachment-large size-large wp-image-3231\" alt=\"Ferrari Testarossa\" \/>\t\t\t\t\t\t\t\t\t\t\t\t\t\t\t<\/div>\n\t\t\t\t<\/div>\n\t\t\t\t\t<\/div>\n\t\t<\/div>\n\t\t\t\t\t<\/div>\n\t\t<\/section>\n\t\t\t\t<div class=\"elementor-element elementor-element-eb58e80 elementor-widget elementor-widget-text-editor\" data-id=\"eb58e80\" data-element_type=\"widget\" data-widget_type=\"text-editor.default\">\n\t\t\t\t<div class=\"elementor-widget-container\">\n\t\t\t\t\t\t\t\t\t<p>La Delta de Lancia.\u00a0Lancia, le plus ancien constructeur automobile, ne reste pas en touche, et propose lui aussi dans les <strong>ann\u00e9es 80<\/strong> le mod\u00e8le Delta, une voiture de rallye vendue \u00e0 plus de 10 000 exemplaires, disposant au total de 185 chevaux.<\/p>\t\t\t\t\t\t\t\t<\/div>\n\t\t\t\t<\/div>\n\t\t\t\t<div class=\"elementor-element elementor-element-d09497f elementor-widget elementor-widget-image\" data-id=\"d09497f\" data-element_type=\"widget\" data-widget_type=\"image.default\">\n\t\t\t\t<div class=\"elementor-widget-container\">\n\t\t\t\t\t\t\t\t\t\t\t\t\t\t\t<img loading=\"lazy\" decoding=\"async\" width=\"612\" height=\"396\" src=\"https:\/\/www.wedrivit.com\/blog\/wp-content\/uploads\/2021\/06\/istockphoto-1222552800-612x612-1.jpg\" class=\"attachment-large size-large wp-image-3232\" alt=\"Delta de Lancia\" \/>\t\t\t\t\t\t\t\t\t\t\t\t\t\t\t<\/div>\n\t\t\t\t<\/div>\n\t\t\t\t<div class=\"elementor-element elementor-element-8567118 elementor-widget elementor-widget-spacer\" data-id=\"8567118\" data-element_type=\"widget\" data-widget_type=\"spacer.default\">\n\t\t\t\t<div class=\"elementor-widget-container\">\n\t\t\t\t\t\t\t<div class=\"elementor-spacer\">\n\t\t\t<div class=\"elementor-spacer-inner\"><\/div>\n\t\t<\/div>\n\t\t\t\t\t\t<\/div>\n\t\t\t\t<\/div>\n\t\t\t\t\t<\/div>\n\t\t<\/div>\n\t\t\t\t\t<\/div>\n\t\t<\/section>\n\t\t\t\t<section class=\"elementor-section elementor-top-section elementor-element elementor-element-7647061 elementor-section-boxed elementor-section-height-default elementor-section-height-default\" data-id=\"7647061\" data-element_type=\"section\">\n\t\t\t\t\t\t<div class=\"elementor-container elementor-column-gap-default\">\n\t\t\t\t\t<div class=\"elementor-column elementor-col-100 elementor-top-column elementor-element elementor-element-835244e\" data-id=\"835244e\" data-element_type=\"column\">\n\t\t\t<div class=\"elementor-widget-wrap elementor-element-populated\">\n\t\t\t\t\t\t<div class=\"elementor-element elementor-element-359feba elementor-widget elementor-widget-heading\" data-id=\"359feba\" data-element_type=\"widget\" data-widget_type=\"heading.default\">\n\t\t\t\t<div class=\"elementor-widget-container\">\n\t\t\t\t\t<h2 class=\"elementor-heading-title elementor-size-large\">Les mod\u00e8les de voitures allemandes phares des ann\u00e9es 80\n<\/h2>\t\t\t\t<\/div>\n\t\t\t\t<\/div>\n\t\t\t\t<div class=\"elementor-element elementor-element-9ed7e97 elementor-widget elementor-widget-text-editor\" data-id=\"9ed7e97\" data-element_type=\"widget\" data-widget_type=\"text-editor.default\">\n\t\t\t\t<div class=\"elementor-widget-container\">\n\t\t\t\t\t\t\t\t\t<p><span style=\"font-weight: 400;\">Direction l&rsquo;Allemagne, \u00e0 la d\u00e9couverte d\u2019autres grands noms de la construction automobile europ\u00e9enne, proposant eux aussi des mod\u00e8les mythiques des <strong>ann\u00e9es 80<\/strong>. On vous les pr\u00e9sente :<\/span><\/p><ul><li style=\"font-weight: 400;\" aria-level=\"1\">La Porsche 928.<span style=\"font-weight: 400;\"> Un autre mod\u00e8le phare des <strong>ann\u00e9es 80<\/strong> ! Il s\u2019agit de la Porsche 928, qui propose un moteur V8 de 240 chevaux. C\u2019est une premi\u00e8re pour la marque, qui s\u2019en inspirera pour ses mod\u00e8les \u00e0 venir.<\/span><\/li><\/ul><ul><li style=\"font-weight: 400;\" aria-level=\"1\"><a href=\"https:\/\/www.wedrivit.com\/voiture\/herbiers\/audi\/429\" target=\"_blank\" rel=\"noopener\">L\u2019Audi Quattro<\/a>.<span style=\"font-weight: 400;\"> Devenue aujourd\u2019hui <strong>voiture de collection<\/strong>, l&rsquo;Audi Quattro est pr\u00e9sent\u00e9e en 1980. Elle dispose d\u2019un moteur de 200 chevaux, de 2,0l Turbo. Elle marque les esprits, \u00e9tant le premier mod\u00e8le de coup\u00e9 mis en vente disposant d\u2019une transmission int\u00e9grale.<\/span><\/li><\/ul><ul><li style=\"font-weight: 400;\" aria-level=\"1\">Une Golf en version cabriolet.<span style=\"font-weight: 400;\"> Enfin, dernier mod\u00e8le que l\u2019on peut retenir des <strong>ann\u00e9es 80<\/strong>, la c\u00e9l\u00e8bre Golf est disponible dans un mod\u00e8le cabriolet ! Elle s\u00e9duira au total plus de 400 000 acheteurs, et sera mise en vente pendant 14 ann\u00e9es.<\/span><\/li><\/ul>\t\t\t\t\t\t\t\t<\/div>\n\t\t\t\t<\/div>\n\t\t\t\t<div class=\"elementor-element elementor-element-5e63b3d elementor-widget elementor-widget-image\" data-id=\"5e63b3d\" data-element_type=\"widget\" data-widget_type=\"image.default\">\n\t\t\t\t<div class=\"elementor-widget-container\">\n\t\t\t\t\t\t\t\t\t\t\t\t\t\t\t<img loading=\"lazy\" decoding=\"async\" width=\"612\" height=\"406\" src=\"https:\/\/www.wedrivit.com\/blog\/wp-content\/uploads\/2021\/06\/istockphoto-472198363-612x612-1.jpg\" class=\"attachment-large size-large wp-image-3236\" alt=\"Porsche 928\" \/>\t\t\t\t\t\t\t\t\t\t\t\t\t\t\t<\/div>\n\t\t\t\t<\/div>\n\t\t\t\t<div class=\"elementor-element elementor-element-a3a5cd5 elementor-widget elementor-widget-text-editor\" data-id=\"a3a5cd5\" data-element_type=\"widget\" data-widget_type=\"text-editor.default\">\n\t\t\t\t<div class=\"elementor-widget-container\">\n\t\t\t\t\t\t\t\t\t<p>Et vous, quel est le mod\u00e8le de <strong>voiture des ann\u00e9es 80<\/strong> qui vous inspire le plus, et qui vous fait r\u00eaver encore aujourd\u2019hui ? Qui sait, il s\u2019agit peut-\u00eatre de votre prochaine <strong>voiture de collection<\/strong>, ou d\u2019un mod\u00e8le que vous pourrez louer le temps d\u2019un week-end \u00e0 venir !<\/p>\t\t\t\t\t\t\t\t<\/div>\n\t\t\t\t<\/div>\n\t\t\t\t<div class=\"elementor-element elementor-element-48533b2 elementor-widget elementor-widget-spacer\" data-id=\"48533b2\" data-element_type=\"widget\" data-widget_type=\"spacer.default\">\n\t\t\t\t<div class=\"elementor-widget-container\">\n\t\t\t\t\t\t\t<div class=\"elementor-spacer\">\n\t\t\t<div class=\"elementor-spacer-inner\"><\/div>\n\t\t<\/div>\n\t\t\t\t\t\t<\/div>\n\t\t\t\t<\/div>\n\t\t\t\t<div class=\"elementor-element elementor-element-7adb1d5 elementor-widget elementor-widget-text-editor\" data-id=\"7adb1d5\" data-element_type=\"widget\" data-widget_type=\"text-editor.default\">\n\t\t\t\t<div class=\"elementor-widget-container\">\n\t\t\t\t\t\t\t\t\t<blockquote><p>Ces articles devraient vous int\u00e9resser :\u00a0<\/p><p><a href=\"https:\/\/www.wedrivit.com\/blog\/voiture\/collection\/les-10-rallyes-touristiques-auxquels-participer-cette-annee\/\">Les 10 rallyes touristiques auxquels participer cette ann\u00e9e<\/a><\/p><p><a href=\"https:\/\/www.wedrivit.com\/blog\/voiture\/collection\/la-van-life-en-van-de-collection\/\">La Van Life en van de collection<\/a><\/p><p><a href=\"https:\/\/www.wedrivit.com\/blog\/voiture\/collection\/quelle-voiture-de-collection-acheter-pour-moins-de-35-000-euros\/\">Quelle voiture de collection acheter pour moins de 35 000 euros ?<\/a><\/p><\/blockquote>\t\t\t\t\t\t\t\t<\/div>\n\t\t\t\t<\/div>\n\t\t\t\t\t<\/div>\n\t\t<\/div>\n\t\t\t\t\t<\/div>\n\t\t<\/section>\n\t\t\t\t<section class=\"elementor-section elementor-top-section elementor-element elementor-element-d82cb69 elementor-section-boxed elementor-section-height-default elementor-section-height-default\" data-id=\"d82cb69\" data-element_type=\"section\">\n\t\t\t\t\t\t<div class=\"elementor-container elementor-column-gap-default\">\n\t\t\t\t\t<div class=\"elementor-column elementor-col-100 elementor-top-column elementor-element elementor-element-76851ab\" data-id=\"76851ab\" data-element_type=\"column\">\n\t\t\t<div class=\"elementor-widget-wrap elementor-element-populated\">\n\t\t\t\t\t\t<div class=\"elementor-element elementor-element-c3264ed elementor-align-center elementor-widget elementor-widget-button\" data-id=\"c3264ed\" data-element_type=\"widget\" data-widget_type=\"button.default\">\n\t\t\t\t<div class=\"elementor-widget-container\">\n\t\t\t\t\t\t\t\t\t<div class=\"elementor-button-wrapper\">\n\t\t\t\t\t<a class=\"elementor-button elementor-button-link elementor-size-sm\" href=\"https:\/\/www.wedrivit.com\/\" target=\"_blank\">\n\t\t\t\t\t\t<span class=\"elementor-button-content-wrapper\">\n\t\t\t\t\t\t\t\t\t<span class=\"elementor-button-text\">Louer une voiture des ann\u00e9es 80<\/span>\n\t\t\t\t\t<\/span>\n\t\t\t\t\t<\/a>\n\t\t\t\t<\/div>\n\t\t\t\t\t\t\t\t<\/div>\n\t\t\t\t<\/div>\n\t\t\t\t\t<\/div>\n\t\t<\/div>\n\t\t\t\t\t<\/div>\n\t\t<\/section>\n\t\t\t\t<\/div>\n\t\t","protected":false},"excerpt":{"rendered":"<p>Voitures des ann\u00e9es 80 : les plus beaux mod\u00e8les de l\u2019\u00e9poque<\/p>\n","protected":false},"author":14,"featured_media":3242,"comment_status":"open","ping_status":"open","sticky":false,"template":"","format":"standard","meta":{"footnotes":""},"categories":[1,6],"tags":[29,31,27,30],"class_list":["post-3220","post","type-post","status-publish","format-standard","has-post-thumbnail","hentry","category-tous-les-articles","category-voiture","tag-annees-80","tag-voiture-ancienne-annees-80","tag-voiture-de-collection","tag-voiture-vintage"],"yoast_head":"<!-- This site is optimized with the Yoast SEO plugin v26.9 - https:\/\/yoast.com\/product\/yoast-seo-wordpress\/ -->\n<title>Voitures des ann\u00e9es 80 : les plus beaux mod\u00e8les de l\u2019\u00e9poque - Le blog des voitures de collection par Wedrivit<\/title>\n<meta name=\"description\" content=\"Vous souhaitez investir dans une voiture de collection des ann\u00e9es 80 ? D\u00e9couvrez les meilleurs mod\u00e8les fran\u00e7ais, italiens et allemands de l&#039;\u00e9poque !\" \/>\n<meta name=\"robots\" content=\"index, follow, max-snippet:-1, max-image-preview:large, max-video-preview:-1\" \/>\n<link rel=\"canonical\" href=\"https:\/\/www.wedrivit.com\/blog\/voiture\/collection\/voitures-des-annees-80-les-plus-beaux-modeles-de-lepoque\" \/>\n<meta property=\"og:locale\" content=\"fr_FR\" \/>\n<meta property=\"og:type\" content=\"article\" \/>\n<meta property=\"og:title\" content=\"Voitures des ann\u00e9es 80 : les plus beaux mod\u00e8les de l\u2019\u00e9poque - Le blog des voitures de collection par Wedrivit\" \/>\n<meta property=\"og:description\" content=\"Vous souhaitez investir dans une voiture de collection des ann\u00e9es 80 ? D\u00e9couvrez les meilleurs mod\u00e8les fran\u00e7ais, italiens et allemands de l&#039;\u00e9poque !\" \/>\n<meta property=\"og:url\" content=\"https:\/\/www.wedrivit.com\/blog\/voiture\/collection\/voitures-des-annees-80-les-plus-beaux-modeles-de-lepoque\" \/>\n<meta property=\"og:site_name\" content=\"Le blog des voitures de collection par Wedrivit\" \/>\n<meta property=\"article:published_time\" content=\"2021-06-16T07:54:56+00:00\" \/>\n<meta property=\"article:modified_time\" content=\"2022-07-26T12:20:57+00:00\" \/>\n<meta property=\"og:image\" content=\"https:\/\/www.wedrivit.com\/blog\/wp-content\/uploads\/2021\/06\/telecharger.png\" \/>\n\t<meta property=\"og:image:width\" content=\"612\" \/>\n\t<meta property=\"og:image:height\" content=\"408\" \/>\n\t<meta property=\"og:image:type\" content=\"image\/png\" \/>\n<meta name=\"author\" content=\"Pauline de Reilhac\" \/>\n<meta name=\"twitter:card\" content=\"summary_large_image\" \/>\n<meta name=\"twitter:label1\" content=\"\u00c9crit par\" \/>\n\t<meta name=\"twitter:data1\" content=\"Pauline de Reilhac\" \/>\n\t<meta name=\"twitter:label2\" content=\"Dur\u00e9e de lecture estim\u00e9e\" \/>\n\t<meta name=\"twitter:data2\" content=\"5 minutes\" \/>\n<script type=\"application\/ld+json\" class=\"yoast-schema-graph\">{\"@context\":\"https:\/\/schema.org\",\"@graph\":[{\"@type\":\"Article\",\"@id\":\"https:\/\/www.wedrivit.com\/blog\/voiture\/collection\/voitures-des-annees-80-les-plus-beaux-modeles-de-lepoque#article\",\"isPartOf\":{\"@id\":\"https:\/\/www.wedrivit.com\/blog\/voiture\/collection\/voitures-des-annees-80-les-plus-beaux-modeles-de-lepoque\"},\"author\":{\"name\":\"Pauline de Reilhac\",\"@id\":\"https:\/\/www.wedrivit.com\/blog\/#\/schema\/person\/267165b634747403d72834c3676780d5\"},\"headline\":\"Voitures des ann\u00e9es 80 : les plus beaux mod\u00e8les de l\u2019\u00e9poque\",\"datePublished\":\"2021-06-16T07:54:56+00:00\",\"dateModified\":\"2022-07-26T12:20:57+00:00\",\"mainEntityOfPage\":{\"@id\":\"https:\/\/www.wedrivit.com\/blog\/voiture\/collection\/voitures-des-annees-80-les-plus-beaux-modeles-de-lepoque\"},\"wordCount\":932,\"commentCount\":4,\"publisher\":{\"@id\":\"https:\/\/www.wedrivit.com\/blog\/#organization\"},\"image\":{\"@id\":\"https:\/\/www.wedrivit.com\/blog\/voiture\/collection\/voitures-des-annees-80-les-plus-beaux-modeles-de-lepoque#primaryimage\"},\"thumbnailUrl\":\"https:\/\/www.wedrivit.com\/blog\/wp-content\/uploads\/2021\/06\/telecharger.png\",\"keywords\":[\"Ann\u00e9es 80\",\"Voiture ancienne ann\u00e9es 80\",\"Voiture de collection\",\"Voiture vintage\"],\"articleSection\":[\"Tous les articles\",\"Voitures\"],\"inLanguage\":\"fr-FR\",\"potentialAction\":[{\"@type\":\"CommentAction\",\"name\":\"Comment\",\"target\":[\"https:\/\/www.wedrivit.com\/blog\/voiture\/collection\/voitures-des-annees-80-les-plus-beaux-modeles-de-lepoque#respond\"]}]},{\"@type\":\"WebPage\",\"@id\":\"https:\/\/www.wedrivit.com\/blog\/voiture\/collection\/voitures-des-annees-80-les-plus-beaux-modeles-de-lepoque\",\"url\":\"https:\/\/www.wedrivit.com\/blog\/voiture\/collection\/voitures-des-annees-80-les-plus-beaux-modeles-de-lepoque\",\"name\":\"Voitures des ann\u00e9es 80 : les plus beaux mod\u00e8les de l\u2019\u00e9poque - Le blog des voitures de collection par Wedrivit\",\"isPartOf\":{\"@id\":\"https:\/\/www.wedrivit.com\/blog\/#website\"},\"primaryImageOfPage\":{\"@id\":\"https:\/\/www.wedrivit.com\/blog\/voiture\/collection\/voitures-des-annees-80-les-plus-beaux-modeles-de-lepoque#primaryimage\"},\"image\":{\"@id\":\"https:\/\/www.wedrivit.com\/blog\/voiture\/collection\/voitures-des-annees-80-les-plus-beaux-modeles-de-lepoque#primaryimage\"},\"thumbnailUrl\":\"https:\/\/www.wedrivit.com\/blog\/wp-content\/uploads\/2021\/06\/telecharger.png\",\"datePublished\":\"2021-06-16T07:54:56+00:00\",\"dateModified\":\"2022-07-26T12:20:57+00:00\",\"description\":\"Vous souhaitez investir dans une voiture de collection des ann\u00e9es 80 ? D\u00e9couvrez les meilleurs mod\u00e8les fran\u00e7ais, italiens et allemands de l'\u00e9poque !\",\"breadcrumb\":{\"@id\":\"https:\/\/www.wedrivit.com\/blog\/voiture\/collection\/voitures-des-annees-80-les-plus-beaux-modeles-de-lepoque#breadcrumb\"},\"inLanguage\":\"fr-FR\",\"potentialAction\":[{\"@type\":\"ReadAction\",\"target\":[\"https:\/\/www.wedrivit.com\/blog\/voiture\/collection\/voitures-des-annees-80-les-plus-beaux-modeles-de-lepoque\"]}]},{\"@type\":\"ImageObject\",\"inLanguage\":\"fr-FR\",\"@id\":\"https:\/\/www.wedrivit.com\/blog\/voiture\/collection\/voitures-des-annees-80-les-plus-beaux-modeles-de-lepoque#primaryimage\",\"url\":\"https:\/\/www.wedrivit.com\/blog\/wp-content\/uploads\/2021\/06\/telecharger.png\",\"contentUrl\":\"https:\/\/www.wedrivit.com\/blog\/wp-content\/uploads\/2021\/06\/telecharger.png\",\"width\":612,\"height\":408,\"caption\":\"Ferrari 288 GTO\"},{\"@type\":\"BreadcrumbList\",\"@id\":\"https:\/\/www.wedrivit.com\/blog\/voiture\/collection\/voitures-des-annees-80-les-plus-beaux-modeles-de-lepoque#breadcrumb\",\"itemListElement\":[{\"@type\":\"ListItem\",\"position\":1,\"name\":\"Home\",\"item\":\"https:\/\/www.wedrivit.com\/blog\/\"},{\"@type\":\"ListItem\",\"position\":2,\"name\":\"Voitures des ann\u00e9es 80 : les plus beaux mod\u00e8les de l\u2019\u00e9poque\"}]},{\"@type\":\"WebSite\",\"@id\":\"https:\/\/www.wedrivit.com\/blog\/#website\",\"url\":\"https:\/\/www.wedrivit.com\/blog\/\",\"name\":\"Le blog des voitures de collection par Wedrivit\",\"description\":\"Tout savoir sur les voitures anciennes grace \u00e0 Wedrivit, la plateforme de location de voitures anciennes entre particuliers.\",\"publisher\":{\"@id\":\"https:\/\/www.wedrivit.com\/blog\/#organization\"},\"potentialAction\":[{\"@type\":\"SearchAction\",\"target\":{\"@type\":\"EntryPoint\",\"urlTemplate\":\"https:\/\/www.wedrivit.com\/blog\/?s={search_term_string}\"},\"query-input\":{\"@type\":\"PropertyValueSpecification\",\"valueRequired\":true,\"valueName\":\"search_term_string\"}}],\"inLanguage\":\"fr-FR\"},{\"@type\":\"Organization\",\"@id\":\"https:\/\/www.wedrivit.com\/blog\/#organization\",\"name\":\"Le blog des voitures de collection par Wedrivit\",\"url\":\"https:\/\/www.wedrivit.com\/blog\/\",\"logo\":{\"@type\":\"ImageObject\",\"inLanguage\":\"fr-FR\",\"@id\":\"https:\/\/www.wedrivit.com\/blog\/#\/schema\/logo\/image\/\",\"url\":\"https:\/\/www.wedrivit.com\/blog\/wp-content\/uploads\/2024\/12\/wedrivit-blanc-large-2.png\",\"contentUrl\":\"https:\/\/www.wedrivit.com\/blog\/wp-content\/uploads\/2024\/12\/wedrivit-blanc-large-2.png\",\"caption\":\"Le blog des voitures de collection par Wedrivit\"},\"image\":{\"@id\":\"https:\/\/www.wedrivit.com\/blog\/#\/schema\/logo\/image\/\"}},{\"@type\":\"Person\",\"@id\":\"https:\/\/www.wedrivit.com\/blog\/#\/schema\/person\/267165b634747403d72834c3676780d5\",\"name\":\"Pauline de Reilhac\",\"image\":{\"@type\":\"ImageObject\",\"inLanguage\":\"fr-FR\",\"@id\":\"https:\/\/www.wedrivit.com\/blog\/#\/schema\/person\/image\/\",\"url\":\"https:\/\/secure.gravatar.com\/avatar\/7b10d6fa0d011af0a64491a126447ab47842ff611b25be63433b058076697b0d?s=96&d=mm&r=g\",\"contentUrl\":\"https:\/\/secure.gravatar.com\/avatar\/7b10d6fa0d011af0a64491a126447ab47842ff611b25be63433b058076697b0d?s=96&d=mm&r=g\",\"caption\":\"Pauline de Reilhac\"},\"sameAs\":[\"http:\/\/www.classic-hub.com\"],\"url\":\"https:\/\/www.wedrivit.com\/blog\/voiture\/collection\/author\/pauline-de-reilhac\"}]}<\/script>\n<!-- \/ Yoast SEO plugin. -->","yoast_head_json":{"title":"Voitures des ann\u00e9es 80 : les plus beaux mod\u00e8les de l\u2019\u00e9poque - Le blog des voitures de collection par Wedrivit","description":"Vous souhaitez investir dans une voiture de collection des ann\u00e9es 80 ? D\u00e9couvrez les meilleurs mod\u00e8les fran\u00e7ais, italiens et allemands de l'\u00e9poque !","robots":{"index":"index","follow":"follow","max-snippet":"max-snippet:-1","max-image-preview":"max-image-preview:large","max-video-preview":"max-video-preview:-1"},"canonical":"https:\/\/www.wedrivit.com\/blog\/voiture\/collection\/voitures-des-annees-80-les-plus-beaux-modeles-de-lepoque","og_locale":"fr_FR","og_type":"article","og_title":"Voitures des ann\u00e9es 80 : les plus beaux mod\u00e8les de l\u2019\u00e9poque - Le blog des voitures de collection par Wedrivit","og_description":"Vous souhaitez investir dans une voiture de collection des ann\u00e9es 80 ? D\u00e9couvrez les meilleurs mod\u00e8les fran\u00e7ais, italiens et allemands de l'\u00e9poque !","og_url":"https:\/\/www.wedrivit.com\/blog\/voiture\/collection\/voitures-des-annees-80-les-plus-beaux-modeles-de-lepoque","og_site_name":"Le blog des voitures de collection par Wedrivit","article_published_time":"2021-06-16T07:54:56+00:00","article_modified_time":"2022-07-26T12:20:57+00:00","og_image":[{"width":612,"height":408,"url":"https:\/\/www.wedrivit.com\/blog\/wp-content\/uploads\/2021\/06\/telecharger.png","type":"image\/png"}],"author":"Pauline de Reilhac","twitter_card":"summary_large_image","twitter_misc":{"\u00c9crit par":"Pauline de Reilhac","Dur\u00e9e de lecture estim\u00e9e":"5 minutes"},"schema":{"@context":"https:\/\/schema.org","@graph":[{"@type":"Article","@id":"https:\/\/www.wedrivit.com\/blog\/voiture\/collection\/voitures-des-annees-80-les-plus-beaux-modeles-de-lepoque#article","isPartOf":{"@id":"https:\/\/www.wedrivit.com\/blog\/voiture\/collection\/voitures-des-annees-80-les-plus-beaux-modeles-de-lepoque"},"author":{"name":"Pauline de Reilhac","@id":"https:\/\/www.wedrivit.com\/blog\/#\/schema\/person\/267165b634747403d72834c3676780d5"},"headline":"Voitures des ann\u00e9es 80 : les plus beaux mod\u00e8les de l\u2019\u00e9poque","datePublished":"2021-06-16T07:54:56+00:00","dateModified":"2022-07-26T12:20:57+00:00","mainEntityOfPage":{"@id":"https:\/\/www.wedrivit.com\/blog\/voiture\/collection\/voitures-des-annees-80-les-plus-beaux-modeles-de-lepoque"},"wordCount":932,"commentCount":4,"publisher":{"@id":"https:\/\/www.wedrivit.com\/blog\/#organization"},"image":{"@id":"https:\/\/www.wedrivit.com\/blog\/voiture\/collection\/voitures-des-annees-80-les-plus-beaux-modeles-de-lepoque#primaryimage"},"thumbnailUrl":"https:\/\/www.wedrivit.com\/blog\/wp-content\/uploads\/2021\/06\/telecharger.png","keywords":["Ann\u00e9es 80","Voiture ancienne ann\u00e9es 80","Voiture de collection","Voiture vintage"],"articleSection":["Tous les articles","Voitures"],"inLanguage":"fr-FR","potentialAction":[{"@type":"CommentAction","name":"Comment","target":["https:\/\/www.wedrivit.com\/blog\/voiture\/collection\/voitures-des-annees-80-les-plus-beaux-modeles-de-lepoque#respond"]}]},{"@type":"WebPage","@id":"https:\/\/www.wedrivit.com\/blog\/voiture\/collection\/voitures-des-annees-80-les-plus-beaux-modeles-de-lepoque","url":"https:\/\/www.wedrivit.com\/blog\/voiture\/collection\/voitures-des-annees-80-les-plus-beaux-modeles-de-lepoque","name":"Voitures des ann\u00e9es 80 : les plus beaux mod\u00e8les de l\u2019\u00e9poque - Le blog des voitures de collection par Wedrivit","isPartOf":{"@id":"https:\/\/www.wedrivit.com\/blog\/#website"},"primaryImageOfPage":{"@id":"https:\/\/www.wedrivit.com\/blog\/voiture\/collection\/voitures-des-annees-80-les-plus-beaux-modeles-de-lepoque#primaryimage"},"image":{"@id":"https:\/\/www.wedrivit.com\/blog\/voiture\/collection\/voitures-des-annees-80-les-plus-beaux-modeles-de-lepoque#primaryimage"},"thumbnailUrl":"https:\/\/www.wedrivit.com\/blog\/wp-content\/uploads\/2021\/06\/telecharger.png","datePublished":"2021-06-16T07:54:56+00:00","dateModified":"2022-07-26T12:20:57+00:00","description":"Vous souhaitez investir dans une voiture de collection des ann\u00e9es 80 ? D\u00e9couvrez les meilleurs mod\u00e8les fran\u00e7ais, italiens et allemands de l'\u00e9poque !","breadcrumb":{"@id":"https:\/\/www.wedrivit.com\/blog\/voiture\/collection\/voitures-des-annees-80-les-plus-beaux-modeles-de-lepoque#breadcrumb"},"inLanguage":"fr-FR","potentialAction":[{"@type":"ReadAction","target":["https:\/\/www.wedrivit.com\/blog\/voiture\/collection\/voitures-des-annees-80-les-plus-beaux-modeles-de-lepoque"]}]},{"@type":"ImageObject","inLanguage":"fr-FR","@id":"https:\/\/www.wedrivit.com\/blog\/voiture\/collection\/voitures-des-annees-80-les-plus-beaux-modeles-de-lepoque#primaryimage","url":"https:\/\/www.wedrivit.com\/blog\/wp-content\/uploads\/2021\/06\/telecharger.png","contentUrl":"https:\/\/www.wedrivit.com\/blog\/wp-content\/uploads\/2021\/06\/telecharger.png","width":612,"height":408,"caption":"Ferrari 288 GTO"},{"@type":"BreadcrumbList","@id":"https:\/\/www.wedrivit.com\/blog\/voiture\/collection\/voitures-des-annees-80-les-plus-beaux-modeles-de-lepoque#breadcrumb","itemListElement":[{"@type":"ListItem","position":1,"name":"Home","item":"https:\/\/www.wedrivit.com\/blog\/"},{"@type":"ListItem","position":2,"name":"Voitures des ann\u00e9es 80 : les plus beaux mod\u00e8les de l\u2019\u00e9poque"}]},{"@type":"WebSite","@id":"https:\/\/www.wedrivit.com\/blog\/#website","url":"https:\/\/www.wedrivit.com\/blog\/","name":"Le blog des voitures de collection par Wedrivit","description":"Tout savoir sur les voitures anciennes grace \u00e0 Wedrivit, la plateforme de location de voitures anciennes entre particuliers.","publisher":{"@id":"https:\/\/www.wedrivit.com\/blog\/#organization"},"potentialAction":[{"@type":"SearchAction","target":{"@type":"EntryPoint","urlTemplate":"https:\/\/www.wedrivit.com\/blog\/?s={search_term_string}"},"query-input":{"@type":"PropertyValueSpecification","valueRequired":true,"valueName":"search_term_string"}}],"inLanguage":"fr-FR"},{"@type":"Organization","@id":"https:\/\/www.wedrivit.com\/blog\/#organization","name":"Le blog des voitures de collection par Wedrivit","url":"https:\/\/www.wedrivit.com\/blog\/","logo":{"@type":"ImageObject","inLanguage":"fr-FR","@id":"https:\/\/www.wedrivit.com\/blog\/#\/schema\/logo\/image\/","url":"https:\/\/www.wedrivit.com\/blog\/wp-content\/uploads\/2024\/12\/wedrivit-blanc-large-2.png","contentUrl":"https:\/\/www.wedrivit.com\/blog\/wp-content\/uploads\/2024\/12\/wedrivit-blanc-large-2.png","caption":"Le blog des voitures de collection par Wedrivit"},"image":{"@id":"https:\/\/www.wedrivit.com\/blog\/#\/schema\/logo\/image\/"}},{"@type":"Person","@id":"https:\/\/www.wedrivit.com\/blog\/#\/schema\/person\/267165b634747403d72834c3676780d5","name":"Pauline de Reilhac","image":{"@type":"ImageObject","inLanguage":"fr-FR","@id":"https:\/\/www.wedrivit.com\/blog\/#\/schema\/person\/image\/","url":"https:\/\/secure.gravatar.com\/avatar\/7b10d6fa0d011af0a64491a126447ab47842ff611b25be63433b058076697b0d?s=96&d=mm&r=g","contentUrl":"https:\/\/secure.gravatar.com\/avatar\/7b10d6fa0d011af0a64491a126447ab47842ff611b25be63433b058076697b0d?s=96&d=mm&r=g","caption":"Pauline de Reilhac"},"sameAs":["http:\/\/www.classic-hub.com"],"url":"https:\/\/www.wedrivit.com\/blog\/voiture\/collection\/author\/pauline-de-reilhac"}]}},"_links":{"self":[{"href":"https:\/\/www.wedrivit.com\/blog\/wp-json\/wp\/v2\/posts\/3220","targetHints":{"allow":["GET"]}}],"collection":[{"href":"https:\/\/www.wedrivit.com\/blog\/wp-json\/wp\/v2\/posts"}],"about":[{"href":"https:\/\/www.wedrivit.com\/blog\/wp-json\/wp\/v2\/types\/post"}],"author":[{"embeddable":true,"href":"https:\/\/www.wedrivit.com\/blog\/wp-json\/wp\/v2\/users\/14"}],"replies":[{"embeddable":true,"href":"https:\/\/www.wedrivit.com\/blog\/wp-json\/wp\/v2\/comments?post=3220"}],"version-history":[{"count":35,"href":"https:\/\/www.wedrivit.com\/blog\/wp-json\/wp\/v2\/posts\/3220\/revisions"}],"predecessor-version":[{"id":6051,"href":"https:\/\/www.wedrivit.com\/blog\/wp-json\/wp\/v2\/posts\/3220\/revisions\/6051"}],"wp:featuredmedia":[{"embeddable":true,"href":"https:\/\/www.wedrivit.com\/blog\/wp-json\/wp\/v2\/media\/3242"}],"wp:attachment":[{"href":"https:\/\/www.wedrivit.com\/blog\/wp-json\/wp\/v2\/media?parent=3220"}],"wp:term":[{"taxonomy":"category","embeddable":true,"href":"https:\/\/www.wedrivit.com\/blog\/wp-json\/wp\/v2\/categories?post=3220"},{"taxonomy":"post_tag","embeddable":true,"href":"https:\/\/www.wedrivit.com\/blog\/wp-json\/wp\/v2\/tags?post=3220"}],"curies":[{"name":"wp","href":"https:\/\/api.w.org\/{rel}","templated":true}]}}