{"id":3189,"date":"2021-06-12T23:13:02","date_gmt":"2021-06-12T21:13:02","guid":{"rendered":"https:\/\/www.wedrivit.com\/blog\/?p=3189"},"modified":"2022-07-26T14:26:35","modified_gmt":"2022-07-26T12:26:35","slug":"partez-a-la-decouverte-de-nimes-en-voiture-de-collection","status":"publish","type":"post","link":"https:\/\/www.wedrivit.com\/blog\/voiture\/collection\/partez-a-la-decouverte-de-nimes-en-voiture-de-collection","title":{"rendered":"Partez \u00e0 la d\u00e9couverte de N\u00eemes en voiture de collection"},"content":{"rendered":"\t\t<div data-elementor-type=\"wp-post\" data-elementor-id=\"3189\" class=\"elementor elementor-3189\">\n\t\t\t\t\t\t<section class=\"elementor-section elementor-top-section elementor-element elementor-element-1b29575 elementor-section-boxed elementor-section-height-default elementor-section-height-default\" data-id=\"1b29575\" data-element_type=\"section\">\n\t\t\t\t\t\t<div class=\"elementor-container elementor-column-gap-default\">\n\t\t\t\t\t<div class=\"elementor-column elementor-col-100 elementor-top-column elementor-element elementor-element-b63227d\" data-id=\"b63227d\" data-element_type=\"column\">\n\t\t\t<div class=\"elementor-widget-wrap elementor-element-populated\">\n\t\t\t\t\t\t<div class=\"elementor-element elementor-element-49478d9 elementor-widget elementor-widget-text-editor\" data-id=\"49478d9\" data-element_type=\"widget\" data-widget_type=\"text-editor.default\">\n\t\t\t\t<div class=\"elementor-widget-container\">\n\t\t\t\t\t\t\t\t\t<p>Situ\u00e9e dans le sud de la France, la ville de <a href=\"https:\/\/www.wedrivit.com\/rechercher?city=N%C3%AEmes\" target=\"_blank\" rel=\"noopener\"><strong>N\u00eemes<\/strong><\/a> se trouve \u00e0 quelques dizaines de kilom\u00e8tres de la mer M\u00e9diterran\u00e9e et des montagnes des C\u00e9vennes.<\/p><p>Ville la plus antique de France et riche de son patrimoine romain, <strong>N\u00eemes<\/strong> est une destination id\u00e9ale pour une escapade en<strong> voiture de collection<\/strong>.<\/p><p>Entre paysages naturels, monuments historiques et culture locale, arpentez les nombreux monuments et d\u00e9couvrez-les sous un nouveau jour avec une Citro\u00ebn <a href=\"https:\/\/www.wedrivit.com\/voiture\/nans-les-pins\/citroen\/972\" target=\"_blank\" rel=\"noopener\">2CV6<\/a>.\u00a0<\/p><p>Voici les meilleures choses \u00e0 faire et \u00e0 voir \u00e0 <strong>N\u00eemes<\/strong> et \u00e0 ses alentours\u00a0:<\/p>\t\t\t\t\t\t\t\t<\/div>\n\t\t\t\t<\/div>\n\t\t\t\t<div class=\"elementor-element elementor-element-e1e1fd6 elementor-widget elementor-widget-image\" data-id=\"e1e1fd6\" data-element_type=\"widget\" data-widget_type=\"image.default\">\n\t\t\t\t<div class=\"elementor-widget-container\">\n\t\t\t\t\t\t\t\t\t\t\t\t\t\t\t<img fetchpriority=\"high\" decoding=\"async\" width=\"612\" height=\"408\" src=\"https:\/\/www.wedrivit.com\/blog\/wp-content\/uploads\/2021\/06\/istockphoto-485982712-612x612-1.jpg\" class=\"attachment-large size-large wp-image-3197\" alt=\"Citro\u00ebn 2CV6\" \/>\t\t\t\t\t\t\t\t\t\t\t\t\t\t\t<\/div>\n\t\t\t\t<\/div>\n\t\t\t\t<div class=\"elementor-element elementor-element-590c051 elementor-widget elementor-widget-spacer\" data-id=\"590c051\" data-element_type=\"widget\" data-widget_type=\"spacer.default\">\n\t\t\t\t<div class=\"elementor-widget-container\">\n\t\t\t\t\t\t\t<div class=\"elementor-spacer\">\n\t\t\t<div class=\"elementor-spacer-inner\"><\/div>\n\t\t<\/div>\n\t\t\t\t\t\t<\/div>\n\t\t\t\t<\/div>\n\t\t\t\t\t<\/div>\n\t\t<\/div>\n\t\t\t\t\t<\/div>\n\t\t<\/section>\n\t\t\t\t<section class=\"elementor-section elementor-top-section elementor-element elementor-element-2a502bc elementor-section-boxed elementor-section-height-default elementor-section-height-default\" data-id=\"2a502bc\" data-element_type=\"section\">\n\t\t\t\t\t\t<div class=\"elementor-container elementor-column-gap-default\">\n\t\t\t\t\t<div class=\"elementor-column elementor-col-100 elementor-top-column elementor-element elementor-element-36724c8\" data-id=\"36724c8\" data-element_type=\"column\">\n\t\t\t<div class=\"elementor-widget-wrap elementor-element-populated\">\n\t\t\t\t\t\t<div class=\"elementor-element elementor-element-f4a1b4e elementor-widget elementor-widget-heading\" data-id=\"f4a1b4e\" data-element_type=\"widget\" data-widget_type=\"heading.default\">\n\t\t\t\t<div class=\"elementor-widget-container\">\n\t\t\t\t\t<h2 class=\"elementor-heading-title elementor-size-large\">Les Ar\u00e8nes de N\u00eemes<\/h2>\t\t\t\t<\/div>\n\t\t\t\t<\/div>\n\t\t\t\t<div class=\"elementor-element elementor-element-9b1add2 elementor-widget elementor-widget-text-editor\" data-id=\"9b1add2\" data-element_type=\"widget\" data-widget_type=\"text-editor.default\">\n\t\t\t\t<div class=\"elementor-widget-container\">\n\t\t\t\t\t\t\t\t\t<p>Monument incontournable de la ville <strong>n\u00eemoise<\/strong>, les Ar\u00e8nes.<\/p><p>Cet amphith\u00e9\u00e2tre romain construit \u00e0 la fin du Ier si\u00e8cle peut accueillir jusqu\u2019\u00e0 24 000 spectateurs. A l\u2019\u00e9poque, sa fonction \u00e9tait de proposer des divertissements \u00e0 la population de Nemausus (nom antique de la ville actuelle de <strong>N\u00eemes<\/strong>. Pendant les grandes Invasions, le monument se transforme en en village fortifi\u00e9 afin d\u2019y accueillir la population pour qu\u2019elle s\u2019y r\u00e9fugie. Ce n\u2019est qu\u2019\u00e0 partir du Moyen \u00c2ge que l\u2019amphith\u00e9\u00e2tre devient un v\u00e9ritable quartier avec ses ruelles et boutiques, pour, en 1863, \u00eatre reconverti en Ar\u00e8nes.<\/p>\t\t\t\t\t\t\t\t<\/div>\n\t\t\t\t<\/div>\n\t\t\t\t<section class=\"elementor-section elementor-inner-section elementor-element elementor-element-ef76dfe elementor-section-boxed elementor-section-height-default elementor-section-height-default\" data-id=\"ef76dfe\" data-element_type=\"section\">\n\t\t\t\t\t\t<div class=\"elementor-container elementor-column-gap-default\">\n\t\t\t\t\t<div class=\"elementor-column elementor-col-50 elementor-inner-column elementor-element elementor-element-c21c7c3\" data-id=\"c21c7c3\" data-element_type=\"column\">\n\t\t\t<div class=\"elementor-widget-wrap elementor-element-populated\">\n\t\t\t\t\t\t<div class=\"elementor-element elementor-element-a8c4537 elementor-widget elementor-widget-image\" data-id=\"a8c4537\" data-element_type=\"widget\" data-widget_type=\"image.default\">\n\t\t\t\t<div class=\"elementor-widget-container\">\n\t\t\t\t\t\t\t\t\t\t\t\t\t\t\t<img decoding=\"async\" width=\"612\" height=\"409\" src=\"https:\/\/www.wedrivit.com\/blog\/wp-content\/uploads\/2021\/06\/istockphoto-489316556-612x612-1.jpg\" class=\"attachment-large size-large wp-image-3198\" alt=\"Ar\u00e8nes N\u00eemes\" \/>\t\t\t\t\t\t\t\t\t\t\t\t\t\t\t<\/div>\n\t\t\t\t<\/div>\n\t\t\t\t\t<\/div>\n\t\t<\/div>\n\t\t\t\t<div class=\"elementor-column elementor-col-50 elementor-inner-column elementor-element elementor-element-40c4dad\" data-id=\"40c4dad\" data-element_type=\"column\">\n\t\t\t<div class=\"elementor-widget-wrap elementor-element-populated\">\n\t\t\t\t\t\t<div class=\"elementor-element elementor-element-97561ba elementor-widget elementor-widget-image\" data-id=\"97561ba\" data-element_type=\"widget\" data-widget_type=\"image.default\">\n\t\t\t\t<div class=\"elementor-widget-container\">\n\t\t\t\t\t\t\t\t\t\t\t\t\t\t\t<img decoding=\"async\" width=\"612\" height=\"390\" src=\"https:\/\/www.wedrivit.com\/blog\/wp-content\/uploads\/2021\/06\/istockphoto-940902328-612x612-1.jpg\" class=\"attachment-large size-large wp-image-3199\" alt=\"Ar\u00e8nes N\u00eemes\" \/>\t\t\t\t\t\t\t\t\t\t\t\t\t\t\t<\/div>\n\t\t\t\t<\/div>\n\t\t\t\t\t<\/div>\n\t\t<\/div>\n\t\t\t\t\t<\/div>\n\t\t<\/section>\n\t\t\t\t<div class=\"elementor-element elementor-element-b8c0d30 elementor-widget elementor-widget-text-editor\" data-id=\"b8c0d30\" data-element_type=\"widget\" data-widget_type=\"text-editor.default\">\n\t\t\t\t<div class=\"elementor-widget-container\">\n\t\t\t\t\t\t\t\t\t<p>\u00c0\u00a0ce jour, les Ar\u00e8nes de <strong>N\u00eemes<\/strong> sont particuli\u00e8rement bien conserv\u00e9es et ouvertes aux visites toutes l\u2019ann\u00e9e, et sont devenues le lieu de nombreux \u00e9v\u00e8nements : corridas, courses camarguaises, concerts historiques\u2026<\/p><p>Mais, nous vous conseillons de participer \u00e0 un \u00e9v\u00e8nement hors du commun\u00a0: les Grands Jeux Romains. Il s\u2019agit d\u2019une reconstitution d\u2019histoire antique anim\u00e9e par des historiens de toute l\u2019Europe. Cette aventure met en sc\u00e8ne des moments l\u00e9gendaires d\u2019un ancien temps.<\/p><p>Durant cette exp\u00e9rience, le centre-ville <strong>N\u00eemois<\/strong> est le berceau de nombreuses animations qui vous conduiront \u00e9galement \u00e0 la Maison Carr\u00e9e.<\/p>\t\t\t\t\t\t\t\t<\/div>\n\t\t\t\t<\/div>\n\t\t\t\t<div class=\"elementor-element elementor-element-9514395 elementor-widget elementor-widget-spacer\" data-id=\"9514395\" data-element_type=\"widget\" data-widget_type=\"spacer.default\">\n\t\t\t\t<div class=\"elementor-widget-container\">\n\t\t\t\t\t\t\t<div class=\"elementor-spacer\">\n\t\t\t<div class=\"elementor-spacer-inner\"><\/div>\n\t\t<\/div>\n\t\t\t\t\t\t<\/div>\n\t\t\t\t<\/div>\n\t\t\t\t\t<\/div>\n\t\t<\/div>\n\t\t\t\t\t<\/div>\n\t\t<\/section>\n\t\t\t\t<section class=\"elementor-section elementor-top-section elementor-element elementor-element-722284b elementor-section-boxed elementor-section-height-default elementor-section-height-default\" data-id=\"722284b\" data-element_type=\"section\">\n\t\t\t\t\t\t<div class=\"elementor-container elementor-column-gap-default\">\n\t\t\t\t\t<div class=\"elementor-column elementor-col-100 elementor-top-column elementor-element elementor-element-d5b6e06\" data-id=\"d5b6e06\" data-element_type=\"column\">\n\t\t\t<div class=\"elementor-widget-wrap elementor-element-populated\">\n\t\t\t\t\t\t<div class=\"elementor-element elementor-element-6a4a2bf elementor-widget elementor-widget-heading\" data-id=\"6a4a2bf\" data-element_type=\"widget\" data-widget_type=\"heading.default\">\n\t\t\t\t<div class=\"elementor-widget-container\">\n\t\t\t\t\t<h2 class=\"elementor-heading-title elementor-size-large\">La Maison Carr\u00e9e<\/h2>\t\t\t\t<\/div>\n\t\t\t\t<\/div>\n\t\t\t\t<div class=\"elementor-element elementor-element-0d7ea87 elementor-widget elementor-widget-text-editor\" data-id=\"0d7ea87\" data-element_type=\"widget\" data-widget_type=\"text-editor.default\">\n\t\t\t\t<div class=\"elementor-widget-container\">\n\t\t\t\t\t\t\t\t\t<p>La Maison Carr\u00e9e est un temple romain hexastyle class\u00e9 aux monuments historiques qui a \u00e9t\u00e9 \u00e9difi\u00e9 au d\u00e9but du 1er si\u00e8cle \u00e0 <strong>N\u00eemes<\/strong>.<\/p><p>Comptant 30 colonnes de neuf m\u00e8tres de haut, ce temple impressionnant est le mieux conserv\u00e9 du monde romain !<\/p><p>Dans cet \u00e9difice, vous pourrez regarder le film \u00ab <em>Nemausus, la naissance de <strong>N\u00eemes<\/strong><\/em> \u00bb r\u00e9alis\u00e9 par Pierre Stine. Cette projection illustre la fondation de la ville de Nemausus au travers du regard d&rsquo;une famille.<\/p><p>C&rsquo;est un must do si vous vous rendez dans la ville de <strong>N\u00eemes<\/strong> !<\/p>\t\t\t\t\t\t\t\t<\/div>\n\t\t\t\t<\/div>\n\t\t\t\t<div class=\"elementor-element elementor-element-0f5a44d elementor-widget elementor-widget-image\" data-id=\"0f5a44d\" data-element_type=\"widget\" data-widget_type=\"image.default\">\n\t\t\t\t<div class=\"elementor-widget-container\">\n\t\t\t\t\t\t\t\t\t\t\t\t\t\t\t<img loading=\"lazy\" decoding=\"async\" width=\"612\" height=\"419\" src=\"https:\/\/www.wedrivit.com\/blog\/wp-content\/uploads\/2021\/06\/istockphoto-505031866-612x612-1.jpg\" class=\"attachment-large size-large wp-image-3200\" alt=\"Maison Carr\u00e9 N\u00eemes\" \/>\t\t\t\t\t\t\t\t\t\t\t\t\t\t\t<\/div>\n\t\t\t\t<\/div>\n\t\t\t\t<div class=\"elementor-element elementor-element-afa7f61 elementor-widget elementor-widget-spacer\" data-id=\"afa7f61\" data-element_type=\"widget\" data-widget_type=\"spacer.default\">\n\t\t\t\t<div class=\"elementor-widget-container\">\n\t\t\t\t\t\t\t<div class=\"elementor-spacer\">\n\t\t\t<div class=\"elementor-spacer-inner\"><\/div>\n\t\t<\/div>\n\t\t\t\t\t\t<\/div>\n\t\t\t\t<\/div>\n\t\t\t\t\t<\/div>\n\t\t<\/div>\n\t\t\t\t\t<\/div>\n\t\t<\/section>\n\t\t\t\t<section class=\"elementor-section elementor-top-section elementor-element elementor-element-b7beaa2 elementor-section-boxed elementor-section-height-default elementor-section-height-default\" data-id=\"b7beaa2\" data-element_type=\"section\">\n\t\t\t\t\t\t<div class=\"elementor-container elementor-column-gap-default\">\n\t\t\t\t\t<div class=\"elementor-column elementor-col-100 elementor-top-column elementor-element elementor-element-3935384\" data-id=\"3935384\" data-element_type=\"column\">\n\t\t\t<div class=\"elementor-widget-wrap elementor-element-populated\">\n\t\t\t\t\t\t<div class=\"elementor-element elementor-element-8cdf593 elementor-widget elementor-widget-heading\" data-id=\"8cdf593\" data-element_type=\"widget\" data-widget_type=\"heading.default\">\n\t\t\t\t<div class=\"elementor-widget-container\">\n\t\t\t\t\t<h2 class=\"elementor-heading-title elementor-size-default\">Les jardins de la Fontaine<\/h2>\t\t\t\t<\/div>\n\t\t\t\t<\/div>\n\t\t\t\t<section class=\"elementor-section elementor-inner-section elementor-element elementor-element-4a2e698 elementor-section-boxed elementor-section-height-default elementor-section-height-default\" data-id=\"4a2e698\" data-element_type=\"section\">\n\t\t\t\t\t\t<div class=\"elementor-container elementor-column-gap-default\">\n\t\t\t\t\t<div class=\"elementor-column elementor-col-50 elementor-inner-column elementor-element elementor-element-3affa49\" data-id=\"3affa49\" data-element_type=\"column\">\n\t\t\t<div class=\"elementor-widget-wrap elementor-element-populated\">\n\t\t\t\t\t\t<div class=\"elementor-element elementor-element-aa76305 elementor-widget elementor-widget-text-editor\" data-id=\"aa76305\" data-element_type=\"widget\" data-widget_type=\"text-editor.default\">\n\t\t\t\t<div class=\"elementor-widget-container\">\n\t\t\t\t\t\t\t\t\t<p>Apr\u00e8s avoir visit\u00e9 la Maison Carr\u00e9, embarquez de nouveau dans votre <strong>voiture ancienne<\/strong>, direction les jardins de la Fontaine\u00a0!<\/p><p>Il s\u2019agit de l\u2019une des plus c\u00e9l\u00e8bres promenades dans les jardins de la ville. Cr\u00e9es au XVIII \u00e8me si\u00e8cle, les jardins de la Fontaine sont b\u00e2tis sur le site antique et font partie des premiers jardins publics d\u2019Europe ! Pendant votre promenade, vous serez probablement surpris par la s\u00e9r\u00e9nit\u00e9 qui \u00e9mane du jardin.<\/p>\t\t\t\t\t\t\t\t<\/div>\n\t\t\t\t<\/div>\n\t\t\t\t\t<\/div>\n\t\t<\/div>\n\t\t\t\t<div class=\"elementor-column elementor-col-50 elementor-inner-column elementor-element elementor-element-2fa96eb\" data-id=\"2fa96eb\" data-element_type=\"column\">\n\t\t\t<div class=\"elementor-widget-wrap elementor-element-populated\">\n\t\t\t\t\t\t<div class=\"elementor-element elementor-element-500fb0b elementor-widget elementor-widget-image\" data-id=\"500fb0b\" data-element_type=\"widget\" data-widget_type=\"image.default\">\n\t\t\t\t<div class=\"elementor-widget-container\">\n\t\t\t\t\t\t\t\t\t\t\t\t\t\t\t<img loading=\"lazy\" decoding=\"async\" width=\"1000\" height=\"662\" src=\"https:\/\/www.wedrivit.com\/blog\/wp-content\/uploads\/2021\/06\/119818920_o.jpg\" class=\"attachment-large size-large wp-image-3201\" alt=\"Les jardins de la Fontaine, N\u00eemes\" \/>\t\t\t\t\t\t\t\t\t\t\t\t\t\t\t<\/div>\n\t\t\t\t<\/div>\n\t\t\t\t\t<\/div>\n\t\t<\/div>\n\t\t\t\t\t<\/div>\n\t\t<\/section>\n\t\t\t\t<div class=\"elementor-element elementor-element-8e2f846 elementor-widget elementor-widget-text-editor\" data-id=\"8e2f846\" data-element_type=\"widget\" data-widget_type=\"text-editor.default\">\n\t\t\t\t<div class=\"elementor-widget-container\">\n\t\t\t\t\t\t\t\t\t<p>En d\u00e9ambulant sur les sentiers des ruines du sanctuaire antique et \u00e0 travers la v\u00e9g\u00e9tation du parc, profitez-en pour admirer ses plans d\u2019eaux, fontaines et statues.<\/p><p>L\u00e0-bas se trouve aussi le temple de Diane, surnomm\u00e9 \u00ab\u00a0le temple\u00a0\u00bb, il serait vou\u00e9 au culte de la d\u00e9esse de la chasse, Diane.<\/p>\t\t\t\t\t\t\t\t<\/div>\n\t\t\t\t<\/div>\n\t\t\t\t<div class=\"elementor-element elementor-element-ec133ac elementor-widget elementor-widget-spacer\" data-id=\"ec133ac\" data-element_type=\"widget\" data-widget_type=\"spacer.default\">\n\t\t\t\t<div class=\"elementor-widget-container\">\n\t\t\t\t\t\t\t<div class=\"elementor-spacer\">\n\t\t\t<div class=\"elementor-spacer-inner\"><\/div>\n\t\t<\/div>\n\t\t\t\t\t\t<\/div>\n\t\t\t\t<\/div>\n\t\t\t\t\t<\/div>\n\t\t<\/div>\n\t\t\t\t\t<\/div>\n\t\t<\/section>\n\t\t\t\t<section class=\"elementor-section elementor-top-section elementor-element elementor-element-16e2f24 elementor-section-boxed elementor-section-height-default elementor-section-height-default\" data-id=\"16e2f24\" data-element_type=\"section\">\n\t\t\t\t\t\t<div class=\"elementor-container elementor-column-gap-default\">\n\t\t\t\t\t<div class=\"elementor-column elementor-col-100 elementor-top-column elementor-element elementor-element-59f6799\" data-id=\"59f6799\" data-element_type=\"column\">\n\t\t\t<div class=\"elementor-widget-wrap elementor-element-populated\">\n\t\t\t\t\t\t<div class=\"elementor-element elementor-element-bf8bb19 elementor-widget elementor-widget-heading\" data-id=\"bf8bb19\" data-element_type=\"widget\" data-widget_type=\"heading.default\">\n\t\t\t\t<div class=\"elementor-widget-container\">\n\t\t\t\t\t<h2 class=\"elementor-heading-title elementor-size-large\">Le centre historique de N\u00eemes <\/h2>\t\t\t\t<\/div>\n\t\t\t\t<\/div>\n\t\t\t\t<div class=\"elementor-element elementor-element-5025f8f elementor-widget elementor-widget-text-editor\" data-id=\"5025f8f\" data-element_type=\"widget\" data-widget_type=\"text-editor.default\">\n\t\t\t\t<div class=\"elementor-widget-container\">\n\t\t\t\t\t\t\t\t\t<p>Autre incontournable \u00e9vident \u00e0 faire \u00e0 <strong>N\u00eemes<\/strong>\u00a0: se promener dans le <a href=\"https:\/\/www.wedrivit.com\/blog\/voiture\/collection\/a-la-decouverte-des-plus-beaux-villages-de-france-en-ancienne\/\" target=\"_blank\" rel=\"noopener\">centre historique de la vill<\/a>e\u00a0!<\/p><p>L\u2019\u00c9cusson (nom donn\u00e9 au centre historique de la ville de <strong>N\u00eemes<\/strong>) regorge de jolies petites ruelles, boutiques, caf\u00e9s et restaurants \u2026 La vieille ville a r\u00e9cemment \u00e9t\u00e9 refaite \u00e0 neuf et son centre est un endroit particuli\u00e8rement agr\u00e9able o\u00f9 passer du temps !<\/p><p>Nous vous avons concoct\u00e9 une petite liste de choses \u00e0 ne pas manquer lors de votre balade dans la vieille ville de <strong>N\u00eemes<\/strong>\u00a0:<\/p><ul><li>Le petit temple situ\u00e9 dans la rue du Grand-couvent, en plein c\u0153ur de l\u2019ancien quartier des teinturiers. \u00a0<\/li><\/ul><ul><li>Les Halles centrales : le grand march\u00e9 couvert o\u00f9 r\u00e8gne de la gastronomie <strong>N\u00eemoise<\/strong> ! Profitez-en pour y d\u00e9guster les produits du terroir. Parmi les produits typiques \u00e0 gouter : les olives, les p\u00e2t\u00e9s <strong>n\u00eemois<\/strong>, le p\u00e9lardon et les croquants de Villarets. Et si vous souhaitez vous restaurer sur place, nous vous recommandons vivement le restaurant \u00ab La pie qui couette \u00bb. Vous pourrez y d\u00e9couvrir de succulents plats \u00e9labor\u00e9s \u00e0 partir de produits du march\u00e9 !<\/li><\/ul><ul><li>La Maison Romane sur la place aux Herbes<\/li><\/ul><ul><li>La Place du March\u00e9 et la fontaine aux crocodiles<\/li><\/ul><ul><li>La Cath\u00e9drale Notre-Dame et Saint-Castor<\/li><\/ul><ul><li>Le Grand Temple<\/li><\/ul><ul><li>L\u2019H\u00f4tel de ville<\/li><\/ul><ul><li>La place de l\u2019Horloge<\/li><\/ul><ul><li>La porte Auguste: c\u2019est la porte principale de la ville antique, aussi appel\u00e9e \u00ab Porte d\u2019Arles\u00a0\u00bb. Elle est travers\u00e9e par \u00a0la Via Domitia (voie romaine) qui relie N\u00eemes \u00e0 Cadix en Espagne.<\/li><\/ul><ul><li>L\u2019\u00c9glise Sainte-Baudile<\/li><\/ul>\t\t\t\t\t\t\t\t<\/div>\n\t\t\t\t<\/div>\n\t\t\t\t\t<\/div>\n\t\t<\/div>\n\t\t\t\t\t<\/div>\n\t\t<\/section>\n\t\t\t\t<section class=\"elementor-section elementor-top-section elementor-element elementor-element-3f56ebb elementor-section-boxed elementor-section-height-default elementor-section-height-default\" data-id=\"3f56ebb\" data-element_type=\"section\">\n\t\t\t\t\t\t<div class=\"elementor-container elementor-column-gap-default\">\n\t\t\t\t\t<div class=\"elementor-column elementor-col-100 elementor-top-column elementor-element elementor-element-cecede8\" data-id=\"cecede8\" data-element_type=\"column\">\n\t\t\t<div class=\"elementor-widget-wrap elementor-element-populated\">\n\t\t\t\t\t\t<div class=\"elementor-element elementor-element-ad73907 elementor-widget elementor-widget-heading\" data-id=\"ad73907\" data-element_type=\"widget\" data-widget_type=\"heading.default\">\n\t\t\t\t<div class=\"elementor-widget-container\">\n\t\t\t\t\t<h2 class=\"elementor-heading-title elementor-size-default\">Les mus\u00e9es de N\u00eemes<\/h2>\t\t\t\t<\/div>\n\t\t\t\t<\/div>\n\t\t\t\t<div class=\"elementor-element elementor-element-2064c26 elementor-widget elementor-widget-text-editor\" data-id=\"2064c26\" data-element_type=\"widget\" data-widget_type=\"text-editor.default\">\n\t\t\t\t<div class=\"elementor-widget-container\">\n\t\t\t\t\t\t\t\t\t<p>Si vous aimez les mus\u00e9es, <strong>N\u00eemes<\/strong> et fait pour vous\u00a0! Au gr\u00e9 de vos d\u00e9couvertes, visites et promenades en <strong>voiture de collection<\/strong>, n\u2019h\u00e9sitez pas \u00e0 faire des haltes mus\u00e9es.<\/p><p>La ville accorde une importante place \u00e0 la culture, vous trouverez donc votre bonheur parmi nos suggestions de mus\u00e9es \u00e0 visiter \u00e0 <strong>N\u00eemes<\/strong>\u00a0:<\/p><ul><li>Le mus\u00e9e d\u2019Histoire Naturelle: il traite principalement des trois th\u00e8mes suivants\u00a0: la zoologie l\u2019ethnographie et la pr\u00e9histoire.<\/li><\/ul><p>\u00a0<\/p><ul><li>Le mus\u00e9e du <strong>Vieux-N\u00eemes<\/strong>: il abrite de nombreux objets anciens retra\u00e7ant la vie \u00e0 <strong>N\u00eemes<\/strong> de l\u2019\u00e9poque\u00a0!<\/li><\/ul><p>\u00a0<\/p><ul><li>Le mus\u00e9e des Beaux-arts et toute sa collection d\u2019\u0153uvres italiennes, fran\u00e7aises, hollandaises et allemandes.<\/li><\/ul><p>\u00a0<\/p><ul><li><strong>Le mus\u00e9e des Cultures Taurines<\/strong> qui, comme son nom l&rsquo;indique, pr\u00e9sente cette culture du Sud de la France et ses origines.<\/li><\/ul><p>\u00a0<\/p><ul><li>Le mus\u00e9e de la Romanit\u00e9, situ\u00e9 en face des Ar\u00e8nes, il a ouvert ses portes en \u00e9t\u00e9 2018. Le mus\u00e9e de la Romanit\u00e9 propose une exp\u00e9rience originale pens\u00e9e pour partir \u00e0 la d\u00e9couverte de l\u2019Antiquit\u00e9 ! Pr\u00e8s de 6000 \u0153uvres d\u2019\u00e9poques sont pr\u00e9sent\u00e9es comme des statues, mosa\u00efques, c\u00e9ramiques et bien d\u2019autres ! Le toit du mus\u00e9e est surplomb\u00e9 par une grande terrasse qui offre une vue panoramique 360\u00b0 sur la jolie ville de <strong>N\u00eemes<\/strong>. Cela vaut vraiment le d\u00e9tour !\u00a0\u00a0<\/li><\/ul>\t\t\t\t\t\t\t\t<\/div>\n\t\t\t\t<\/div>\n\t\t\t\t<div class=\"elementor-element elementor-element-ccc2a1a elementor-widget elementor-widget-image\" data-id=\"ccc2a1a\" data-element_type=\"widget\" data-widget_type=\"image.default\">\n\t\t\t\t<div class=\"elementor-widget-container\">\n\t\t\t\t\t\t\t\t\t\t\t\t\t\t\t<img loading=\"lazy\" decoding=\"async\" width=\"1000\" height=\"563\" src=\"https:\/\/www.wedrivit.com\/blog\/wp-content\/uploads\/2021\/06\/edp-ref-nimes_ima-10_d3-1600x900-1.jpg\" class=\"attachment-large size-large wp-image-3202\" alt=\"mus\u00e9e de la romanit\u00e9, terrasse\" \/>\t\t\t\t\t\t\t\t\t\t\t\t\t\t\t<\/div>\n\t\t\t\t<\/div>\n\t\t\t\t<div class=\"elementor-element elementor-element-926bed4 elementor-widget elementor-widget-spacer\" data-id=\"926bed4\" data-element_type=\"widget\" data-widget_type=\"spacer.default\">\n\t\t\t\t<div class=\"elementor-widget-container\">\n\t\t\t\t\t\t\t<div class=\"elementor-spacer\">\n\t\t\t<div class=\"elementor-spacer-inner\"><\/div>\n\t\t<\/div>\n\t\t\t\t\t\t<\/div>\n\t\t\t\t<\/div>\n\t\t\t\t\t<\/div>\n\t\t<\/div>\n\t\t\t\t\t<\/div>\n\t\t<\/section>\n\t\t\t\t<section class=\"elementor-section elementor-top-section elementor-element elementor-element-5c025a8 elementor-section-boxed elementor-section-height-default elementor-section-height-default\" data-id=\"5c025a8\" data-element_type=\"section\">\n\t\t\t\t\t\t<div class=\"elementor-container elementor-column-gap-default\">\n\t\t\t\t\t<div class=\"elementor-column elementor-col-100 elementor-top-column elementor-element elementor-element-809d082\" data-id=\"809d082\" data-element_type=\"column\">\n\t\t\t<div class=\"elementor-widget-wrap elementor-element-populated\">\n\t\t\t\t\t\t<div class=\"elementor-element elementor-element-6653877 elementor-widget elementor-widget-text-editor\" data-id=\"6653877\" data-element_type=\"widget\" data-widget_type=\"text-editor.default\">\n\t\t\t\t<div class=\"elementor-widget-container\">\n\t\t\t\t\t\t\t\t\t<p>Si ce p\u00e9riple \u00e0 <strong>N\u00eemes<\/strong> vous tente, alors ces autres destinations devraient vous int\u00e9resser !\u00a0<\/p><blockquote><p><a href=\"https:\/\/www.wedrivit.com\/blog\/voiture\/collection\/top-10-des-meilleures-activites-a-faire-a-toulouse\/\">Top 10 des meilleures activit\u00e9s \u00e0 faire \u00e0 Toulouse<\/a><\/p><p><a href=\"https:\/\/www.wedrivit.com\/blog\/voiture\/collection\/escapade-voiture-ancienne-vendee-des-sables-dolonne-a-lile-de-noirmoutier\/\">Escapade en voiture ancienne en Vend\u00e9e : des Sables d\u2019Olonne \u00e0 l\u2019\u00cele de Noirmoutier<\/a><\/p><\/blockquote>\t\t\t\t\t\t\t\t<\/div>\n\t\t\t\t<\/div>\n\t\t\t\t\t<\/div>\n\t\t<\/div>\n\t\t\t\t\t<\/div>\n\t\t<\/section>\n\t\t\t\t<section class=\"elementor-section elementor-top-section elementor-element elementor-element-a87f169 elementor-section-boxed elementor-section-height-default elementor-section-height-default\" data-id=\"a87f169\" data-element_type=\"section\">\n\t\t\t\t\t\t<div class=\"elementor-container elementor-column-gap-default\">\n\t\t\t\t\t<div class=\"elementor-column elementor-col-100 elementor-top-column elementor-element elementor-element-36658b7\" data-id=\"36658b7\" data-element_type=\"column\">\n\t\t\t<div class=\"elementor-widget-wrap elementor-element-populated\">\n\t\t\t\t\t\t<div class=\"elementor-element elementor-element-8d51822 elementor-align-center elementor-widget elementor-widget-button\" data-id=\"8d51822\" data-element_type=\"widget\" data-widget_type=\"button.default\">\n\t\t\t\t<div class=\"elementor-widget-container\">\n\t\t\t\t\t\t\t\t\t<div class=\"elementor-button-wrapper\">\n\t\t\t\t\t<a class=\"elementor-button elementor-button-link elementor-size-sm\" href=\"https:\/\/www.wedrivit.com\/\" target=\"_blank\">\n\t\t\t\t\t\t<span class=\"elementor-button-content-wrapper\">\n\t\t\t\t\t\t\t\t\t<span class=\"elementor-button-text\">Louer un v\u00e9hicule \u00e0 N\u00eemes<\/span>\n\t\t\t\t\t<\/span>\n\t\t\t\t\t<\/a>\n\t\t\t\t<\/div>\n\t\t\t\t\t\t\t\t<\/div>\n\t\t\t\t<\/div>\n\t\t\t\t\t<\/div>\n\t\t<\/div>\n\t\t\t\t\t<\/div>\n\t\t<\/section>\n\t\t\t\t<\/div>\n\t\t","protected":false},"excerpt":{"rendered":"<p>Partez \u00e0 la d\u00e9couverte de N\u00eemes en voiture de collection<\/p>\n","protected":false},"author":14,"featured_media":3213,"comment_status":"open","ping_status":"open","sticky":false,"template":"","format":"standard","meta":{"footnotes":""},"categories":[1,7],"tags":[32,34,35,20],"class_list":["post-3189","post","type-post","status-publish","format-standard","has-post-thumbnail","hentry","category-tous-les-articles","category-voyage","tag-nimes","tag-tourisme","tag-ville","tag-voyage"],"yoast_head":"<!-- This site is optimized with the Yoast SEO plugin v26.9 - https:\/\/yoast.com\/product\/yoast-seo-wordpress\/ -->\n<title>Partez \u00e0 la d\u00e9couverte de N\u00eemes en voiture de collection - Le blog des voitures de collection par Wedrivit<\/title>\n<meta name=\"description\" content=\"Partez \u00e0 la d\u00e9couverte de N\u00eemes et d\u00e9couvrez les meilleures choses \u00e0 faire et \u00e0 voir dans cette jolie ville du sud de la France !\" \/>\n<meta name=\"robots\" content=\"index, follow, max-snippet:-1, max-image-preview:large, max-video-preview:-1\" \/>\n<link rel=\"canonical\" href=\"https:\/\/www.wedrivit.com\/blog\/voiture\/collection\/partez-a-la-decouverte-de-nimes-en-voiture-de-collection\" \/>\n<meta property=\"og:locale\" content=\"fr_FR\" \/>\n<meta property=\"og:type\" content=\"article\" \/>\n<meta property=\"og:title\" content=\"Partez \u00e0 la d\u00e9couverte de N\u00eemes en voiture de collection - Le blog des voitures de collection par Wedrivit\" \/>\n<meta property=\"og:description\" content=\"Partez \u00e0 la d\u00e9couverte de N\u00eemes et d\u00e9couvrez les meilleures choses \u00e0 faire et \u00e0 voir dans cette jolie ville du sud de la France !\" \/>\n<meta property=\"og:url\" content=\"https:\/\/www.wedrivit.com\/blog\/voiture\/collection\/partez-a-la-decouverte-de-nimes-en-voiture-de-collection\" \/>\n<meta property=\"og:site_name\" content=\"Le blog des voitures de collection par Wedrivit\" \/>\n<meta property=\"article:published_time\" content=\"2021-06-12T21:13:02+00:00\" \/>\n<meta property=\"article:modified_time\" content=\"2022-07-26T12:26:35+00:00\" \/>\n<meta property=\"og:image\" content=\"https:\/\/www.wedrivit.com\/blog\/wp-content\/uploads\/2021\/06\/istockphoto-155375488-612x612-1.jpg\" \/>\n\t<meta property=\"og:image:width\" content=\"612\" \/>\n\t<meta property=\"og:image:height\" content=\"408\" \/>\n\t<meta property=\"og:image:type\" content=\"image\/jpeg\" \/>\n<meta name=\"author\" content=\"Pauline de Reilhac\" \/>\n<meta name=\"twitter:card\" content=\"summary_large_image\" \/>\n<meta name=\"twitter:label1\" content=\"\u00c9crit par\" \/>\n\t<meta name=\"twitter:data1\" content=\"Pauline de Reilhac\" \/>\n\t<meta name=\"twitter:label2\" content=\"Dur\u00e9e de lecture estim\u00e9e\" \/>\n\t<meta name=\"twitter:data2\" content=\"6 minutes\" \/>\n<script type=\"application\/ld+json\" class=\"yoast-schema-graph\">{\"@context\":\"https:\/\/schema.org\",\"@graph\":[{\"@type\":\"Article\",\"@id\":\"https:\/\/www.wedrivit.com\/blog\/voiture\/collection\/partez-a-la-decouverte-de-nimes-en-voiture-de-collection#article\",\"isPartOf\":{\"@id\":\"https:\/\/www.wedrivit.com\/blog\/voiture\/collection\/partez-a-la-decouverte-de-nimes-en-voiture-de-collection\"},\"author\":{\"name\":\"Pauline de Reilhac\",\"@id\":\"https:\/\/www.wedrivit.com\/blog\/#\/schema\/person\/267165b634747403d72834c3676780d5\"},\"headline\":\"Partez \u00e0 la d\u00e9couverte de N\u00eemes en voiture de collection\",\"datePublished\":\"2021-06-12T21:13:02+00:00\",\"dateModified\":\"2022-07-26T12:26:35+00:00\",\"mainEntityOfPage\":{\"@id\":\"https:\/\/www.wedrivit.com\/blog\/voiture\/collection\/partez-a-la-decouverte-de-nimes-en-voiture-de-collection\"},\"wordCount\":1120,\"commentCount\":0,\"publisher\":{\"@id\":\"https:\/\/www.wedrivit.com\/blog\/#organization\"},\"image\":{\"@id\":\"https:\/\/www.wedrivit.com\/blog\/voiture\/collection\/partez-a-la-decouverte-de-nimes-en-voiture-de-collection#primaryimage\"},\"thumbnailUrl\":\"https:\/\/www.wedrivit.com\/blog\/wp-content\/uploads\/2021\/06\/istockphoto-155375488-612x612-1.jpg\",\"keywords\":[\"N\u00eemes\",\"Tourisme\",\"Ville\",\"Voyage\"],\"articleSection\":[\"Tous les articles\",\"Voyages\"],\"inLanguage\":\"fr-FR\",\"potentialAction\":[{\"@type\":\"CommentAction\",\"name\":\"Comment\",\"target\":[\"https:\/\/www.wedrivit.com\/blog\/voiture\/collection\/partez-a-la-decouverte-de-nimes-en-voiture-de-collection#respond\"]}]},{\"@type\":\"WebPage\",\"@id\":\"https:\/\/www.wedrivit.com\/blog\/voiture\/collection\/partez-a-la-decouverte-de-nimes-en-voiture-de-collection\",\"url\":\"https:\/\/www.wedrivit.com\/blog\/voiture\/collection\/partez-a-la-decouverte-de-nimes-en-voiture-de-collection\",\"name\":\"Partez \u00e0 la d\u00e9couverte de N\u00eemes en voiture de collection - Le blog des voitures de collection par Wedrivit\",\"isPartOf\":{\"@id\":\"https:\/\/www.wedrivit.com\/blog\/#website\"},\"primaryImageOfPage\":{\"@id\":\"https:\/\/www.wedrivit.com\/blog\/voiture\/collection\/partez-a-la-decouverte-de-nimes-en-voiture-de-collection#primaryimage\"},\"image\":{\"@id\":\"https:\/\/www.wedrivit.com\/blog\/voiture\/collection\/partez-a-la-decouverte-de-nimes-en-voiture-de-collection#primaryimage\"},\"thumbnailUrl\":\"https:\/\/www.wedrivit.com\/blog\/wp-content\/uploads\/2021\/06\/istockphoto-155375488-612x612-1.jpg\",\"datePublished\":\"2021-06-12T21:13:02+00:00\",\"dateModified\":\"2022-07-26T12:26:35+00:00\",\"description\":\"Partez \u00e0 la d\u00e9couverte de N\u00eemes et d\u00e9couvrez les meilleures choses \u00e0 faire et \u00e0 voir dans cette jolie ville du sud de la France !\",\"breadcrumb\":{\"@id\":\"https:\/\/www.wedrivit.com\/blog\/voiture\/collection\/partez-a-la-decouverte-de-nimes-en-voiture-de-collection#breadcrumb\"},\"inLanguage\":\"fr-FR\",\"potentialAction\":[{\"@type\":\"ReadAction\",\"target\":[\"https:\/\/www.wedrivit.com\/blog\/voiture\/collection\/partez-a-la-decouverte-de-nimes-en-voiture-de-collection\"]}]},{\"@type\":\"ImageObject\",\"inLanguage\":\"fr-FR\",\"@id\":\"https:\/\/www.wedrivit.com\/blog\/voiture\/collection\/partez-a-la-decouverte-de-nimes-en-voiture-de-collection#primaryimage\",\"url\":\"https:\/\/www.wedrivit.com\/blog\/wp-content\/uploads\/2021\/06\/istockphoto-155375488-612x612-1.jpg\",\"contentUrl\":\"https:\/\/www.wedrivit.com\/blog\/wp-content\/uploads\/2021\/06\/istockphoto-155375488-612x612-1.jpg\",\"width\":612,\"height\":408,\"caption\":\"Pont du Gard, Languedoc-Roussillon, France\"},{\"@type\":\"BreadcrumbList\",\"@id\":\"https:\/\/www.wedrivit.com\/blog\/voiture\/collection\/partez-a-la-decouverte-de-nimes-en-voiture-de-collection#breadcrumb\",\"itemListElement\":[{\"@type\":\"ListItem\",\"position\":1,\"name\":\"Home\",\"item\":\"https:\/\/www.wedrivit.com\/blog\/\"},{\"@type\":\"ListItem\",\"position\":2,\"name\":\"Partez \u00e0 la d\u00e9couverte de N\u00eemes en voiture de collection\"}]},{\"@type\":\"WebSite\",\"@id\":\"https:\/\/www.wedrivit.com\/blog\/#website\",\"url\":\"https:\/\/www.wedrivit.com\/blog\/\",\"name\":\"Le blog des voitures de collection par Wedrivit\",\"description\":\"Tout savoir sur les voitures anciennes grace \u00e0 Wedrivit, la plateforme de location de voitures anciennes entre particuliers.\",\"publisher\":{\"@id\":\"https:\/\/www.wedrivit.com\/blog\/#organization\"},\"potentialAction\":[{\"@type\":\"SearchAction\",\"target\":{\"@type\":\"EntryPoint\",\"urlTemplate\":\"https:\/\/www.wedrivit.com\/blog\/?s={search_term_string}\"},\"query-input\":{\"@type\":\"PropertyValueSpecification\",\"valueRequired\":true,\"valueName\":\"search_term_string\"}}],\"inLanguage\":\"fr-FR\"},{\"@type\":\"Organization\",\"@id\":\"https:\/\/www.wedrivit.com\/blog\/#organization\",\"name\":\"Le blog des voitures de collection par Wedrivit\",\"url\":\"https:\/\/www.wedrivit.com\/blog\/\",\"logo\":{\"@type\":\"ImageObject\",\"inLanguage\":\"fr-FR\",\"@id\":\"https:\/\/www.wedrivit.com\/blog\/#\/schema\/logo\/image\/\",\"url\":\"https:\/\/www.wedrivit.com\/blog\/wp-content\/uploads\/2024\/12\/wedrivit-blanc-large-2.png\",\"contentUrl\":\"https:\/\/www.wedrivit.com\/blog\/wp-content\/uploads\/2024\/12\/wedrivit-blanc-large-2.png\",\"caption\":\"Le blog des voitures de collection par Wedrivit\"},\"image\":{\"@id\":\"https:\/\/www.wedrivit.com\/blog\/#\/schema\/logo\/image\/\"}},{\"@type\":\"Person\",\"@id\":\"https:\/\/www.wedrivit.com\/blog\/#\/schema\/person\/267165b634747403d72834c3676780d5\",\"name\":\"Pauline de Reilhac\",\"image\":{\"@type\":\"ImageObject\",\"inLanguage\":\"fr-FR\",\"@id\":\"https:\/\/www.wedrivit.com\/blog\/#\/schema\/person\/image\/\",\"url\":\"https:\/\/secure.gravatar.com\/avatar\/7b10d6fa0d011af0a64491a126447ab47842ff611b25be63433b058076697b0d?s=96&d=mm&r=g\",\"contentUrl\":\"https:\/\/secure.gravatar.com\/avatar\/7b10d6fa0d011af0a64491a126447ab47842ff611b25be63433b058076697b0d?s=96&d=mm&r=g\",\"caption\":\"Pauline de Reilhac\"},\"sameAs\":[\"http:\/\/www.classic-hub.com\"],\"url\":\"https:\/\/www.wedrivit.com\/blog\/voiture\/collection\/author\/pauline-de-reilhac\"}]}<\/script>\n<!-- \/ Yoast SEO plugin. -->","yoast_head_json":{"title":"Partez \u00e0 la d\u00e9couverte de N\u00eemes en voiture de collection - Le blog des voitures de collection par Wedrivit","description":"Partez \u00e0 la d\u00e9couverte de N\u00eemes et d\u00e9couvrez les meilleures choses \u00e0 faire et \u00e0 voir dans cette jolie ville du sud de la France !","robots":{"index":"index","follow":"follow","max-snippet":"max-snippet:-1","max-image-preview":"max-image-preview:large","max-video-preview":"max-video-preview:-1"},"canonical":"https:\/\/www.wedrivit.com\/blog\/voiture\/collection\/partez-a-la-decouverte-de-nimes-en-voiture-de-collection","og_locale":"fr_FR","og_type":"article","og_title":"Partez \u00e0 la d\u00e9couverte de N\u00eemes en voiture de collection - Le blog des voitures de collection par Wedrivit","og_description":"Partez \u00e0 la d\u00e9couverte de N\u00eemes et d\u00e9couvrez les meilleures choses \u00e0 faire et \u00e0 voir dans cette jolie ville du sud de la France !","og_url":"https:\/\/www.wedrivit.com\/blog\/voiture\/collection\/partez-a-la-decouverte-de-nimes-en-voiture-de-collection","og_site_name":"Le blog des voitures de collection par Wedrivit","article_published_time":"2021-06-12T21:13:02+00:00","article_modified_time":"2022-07-26T12:26:35+00:00","og_image":[{"width":612,"height":408,"url":"https:\/\/www.wedrivit.com\/blog\/wp-content\/uploads\/2021\/06\/istockphoto-155375488-612x612-1.jpg","type":"image\/jpeg"}],"author":"Pauline de Reilhac","twitter_card":"summary_large_image","twitter_misc":{"\u00c9crit par":"Pauline de Reilhac","Dur\u00e9e de lecture estim\u00e9e":"6 minutes"},"schema":{"@context":"https:\/\/schema.org","@graph":[{"@type":"Article","@id":"https:\/\/www.wedrivit.com\/blog\/voiture\/collection\/partez-a-la-decouverte-de-nimes-en-voiture-de-collection#article","isPartOf":{"@id":"https:\/\/www.wedrivit.com\/blog\/voiture\/collection\/partez-a-la-decouverte-de-nimes-en-voiture-de-collection"},"author":{"name":"Pauline de Reilhac","@id":"https:\/\/www.wedrivit.com\/blog\/#\/schema\/person\/267165b634747403d72834c3676780d5"},"headline":"Partez \u00e0 la d\u00e9couverte de N\u00eemes en voiture de collection","datePublished":"2021-06-12T21:13:02+00:00","dateModified":"2022-07-26T12:26:35+00:00","mainEntityOfPage":{"@id":"https:\/\/www.wedrivit.com\/blog\/voiture\/collection\/partez-a-la-decouverte-de-nimes-en-voiture-de-collection"},"wordCount":1120,"commentCount":0,"publisher":{"@id":"https:\/\/www.wedrivit.com\/blog\/#organization"},"image":{"@id":"https:\/\/www.wedrivit.com\/blog\/voiture\/collection\/partez-a-la-decouverte-de-nimes-en-voiture-de-collection#primaryimage"},"thumbnailUrl":"https:\/\/www.wedrivit.com\/blog\/wp-content\/uploads\/2021\/06\/istockphoto-155375488-612x612-1.jpg","keywords":["N\u00eemes","Tourisme","Ville","Voyage"],"articleSection":["Tous les articles","Voyages"],"inLanguage":"fr-FR","potentialAction":[{"@type":"CommentAction","name":"Comment","target":["https:\/\/www.wedrivit.com\/blog\/voiture\/collection\/partez-a-la-decouverte-de-nimes-en-voiture-de-collection#respond"]}]},{"@type":"WebPage","@id":"https:\/\/www.wedrivit.com\/blog\/voiture\/collection\/partez-a-la-decouverte-de-nimes-en-voiture-de-collection","url":"https:\/\/www.wedrivit.com\/blog\/voiture\/collection\/partez-a-la-decouverte-de-nimes-en-voiture-de-collection","name":"Partez \u00e0 la d\u00e9couverte de N\u00eemes en voiture de collection - Le blog des voitures de collection par Wedrivit","isPartOf":{"@id":"https:\/\/www.wedrivit.com\/blog\/#website"},"primaryImageOfPage":{"@id":"https:\/\/www.wedrivit.com\/blog\/voiture\/collection\/partez-a-la-decouverte-de-nimes-en-voiture-de-collection#primaryimage"},"image":{"@id":"https:\/\/www.wedrivit.com\/blog\/voiture\/collection\/partez-a-la-decouverte-de-nimes-en-voiture-de-collection#primaryimage"},"thumbnailUrl":"https:\/\/www.wedrivit.com\/blog\/wp-content\/uploads\/2021\/06\/istockphoto-155375488-612x612-1.jpg","datePublished":"2021-06-12T21:13:02+00:00","dateModified":"2022-07-26T12:26:35+00:00","description":"Partez \u00e0 la d\u00e9couverte de N\u00eemes et d\u00e9couvrez les meilleures choses \u00e0 faire et \u00e0 voir dans cette jolie ville du sud de la France !","breadcrumb":{"@id":"https:\/\/www.wedrivit.com\/blog\/voiture\/collection\/partez-a-la-decouverte-de-nimes-en-voiture-de-collection#breadcrumb"},"inLanguage":"fr-FR","potentialAction":[{"@type":"ReadAction","target":["https:\/\/www.wedrivit.com\/blog\/voiture\/collection\/partez-a-la-decouverte-de-nimes-en-voiture-de-collection"]}]},{"@type":"ImageObject","inLanguage":"fr-FR","@id":"https:\/\/www.wedrivit.com\/blog\/voiture\/collection\/partez-a-la-decouverte-de-nimes-en-voiture-de-collection#primaryimage","url":"https:\/\/www.wedrivit.com\/blog\/wp-content\/uploads\/2021\/06\/istockphoto-155375488-612x612-1.jpg","contentUrl":"https:\/\/www.wedrivit.com\/blog\/wp-content\/uploads\/2021\/06\/istockphoto-155375488-612x612-1.jpg","width":612,"height":408,"caption":"Pont du Gard, Languedoc-Roussillon, France"},{"@type":"BreadcrumbList","@id":"https:\/\/www.wedrivit.com\/blog\/voiture\/collection\/partez-a-la-decouverte-de-nimes-en-voiture-de-collection#breadcrumb","itemListElement":[{"@type":"ListItem","position":1,"name":"Home","item":"https:\/\/www.wedrivit.com\/blog\/"},{"@type":"ListItem","position":2,"name":"Partez \u00e0 la d\u00e9couverte de N\u00eemes en voiture de collection"}]},{"@type":"WebSite","@id":"https:\/\/www.wedrivit.com\/blog\/#website","url":"https:\/\/www.wedrivit.com\/blog\/","name":"Le blog des voitures de collection par Wedrivit","description":"Tout savoir sur les voitures anciennes grace \u00e0 Wedrivit, la plateforme de location de voitures anciennes entre particuliers.","publisher":{"@id":"https:\/\/www.wedrivit.com\/blog\/#organization"},"potentialAction":[{"@type":"SearchAction","target":{"@type":"EntryPoint","urlTemplate":"https:\/\/www.wedrivit.com\/blog\/?s={search_term_string}"},"query-input":{"@type":"PropertyValueSpecification","valueRequired":true,"valueName":"search_term_string"}}],"inLanguage":"fr-FR"},{"@type":"Organization","@id":"https:\/\/www.wedrivit.com\/blog\/#organization","name":"Le blog des voitures de collection par Wedrivit","url":"https:\/\/www.wedrivit.com\/blog\/","logo":{"@type":"ImageObject","inLanguage":"fr-FR","@id":"https:\/\/www.wedrivit.com\/blog\/#\/schema\/logo\/image\/","url":"https:\/\/www.wedrivit.com\/blog\/wp-content\/uploads\/2024\/12\/wedrivit-blanc-large-2.png","contentUrl":"https:\/\/www.wedrivit.com\/blog\/wp-content\/uploads\/2024\/12\/wedrivit-blanc-large-2.png","caption":"Le blog des voitures de collection par Wedrivit"},"image":{"@id":"https:\/\/www.wedrivit.com\/blog\/#\/schema\/logo\/image\/"}},{"@type":"Person","@id":"https:\/\/www.wedrivit.com\/blog\/#\/schema\/person\/267165b634747403d72834c3676780d5","name":"Pauline de Reilhac","image":{"@type":"ImageObject","inLanguage":"fr-FR","@id":"https:\/\/www.wedrivit.com\/blog\/#\/schema\/person\/image\/","url":"https:\/\/secure.gravatar.com\/avatar\/7b10d6fa0d011af0a64491a126447ab47842ff611b25be63433b058076697b0d?s=96&d=mm&r=g","contentUrl":"https:\/\/secure.gravatar.com\/avatar\/7b10d6fa0d011af0a64491a126447ab47842ff611b25be63433b058076697b0d?s=96&d=mm&r=g","caption":"Pauline de Reilhac"},"sameAs":["http:\/\/www.classic-hub.com"],"url":"https:\/\/www.wedrivit.com\/blog\/voiture\/collection\/author\/pauline-de-reilhac"}]}},"_links":{"self":[{"href":"https:\/\/www.wedrivit.com\/blog\/wp-json\/wp\/v2\/posts\/3189","targetHints":{"allow":["GET"]}}],"collection":[{"href":"https:\/\/www.wedrivit.com\/blog\/wp-json\/wp\/v2\/posts"}],"about":[{"href":"https:\/\/www.wedrivit.com\/blog\/wp-json\/wp\/v2\/types\/post"}],"author":[{"embeddable":true,"href":"https:\/\/www.wedrivit.com\/blog\/wp-json\/wp\/v2\/users\/14"}],"replies":[{"embeddable":true,"href":"https:\/\/www.wedrivit.com\/blog\/wp-json\/wp\/v2\/comments?post=3189"}],"version-history":[{"count":34,"href":"https:\/\/www.wedrivit.com\/blog\/wp-json\/wp\/v2\/posts\/3189\/revisions"}],"predecessor-version":[{"id":6055,"href":"https:\/\/www.wedrivit.com\/blog\/wp-json\/wp\/v2\/posts\/3189\/revisions\/6055"}],"wp:featuredmedia":[{"embeddable":true,"href":"https:\/\/www.wedrivit.com\/blog\/wp-json\/wp\/v2\/media\/3213"}],"wp:attachment":[{"href":"https:\/\/www.wedrivit.com\/blog\/wp-json\/wp\/v2\/media?parent=3189"}],"wp:term":[{"taxonomy":"category","embeddable":true,"href":"https:\/\/www.wedrivit.com\/blog\/wp-json\/wp\/v2\/categories?post=3189"},{"taxonomy":"post_tag","embeddable":true,"href":"https:\/\/www.wedrivit.com\/blog\/wp-json\/wp\/v2\/tags?post=3189"}],"curies":[{"name":"wp","href":"https:\/\/api.w.org\/{rel}","templated":true}]}}