{"id":2481,"date":"2021-05-19T09:25:57","date_gmt":"2021-05-19T07:25:57","guid":{"rendered":"https:\/\/www.wedrivit.com\/blog\/?p=2481"},"modified":"2022-12-13T13:52:57","modified_gmt":"2022-12-13T11:52:57","slug":"parcourir-la-france-sur-les-lieux-de-tournage-de-vos-films-preferes","status":"publish","type":"post","link":"https:\/\/www.wedrivit.com\/blog\/voiture\/collection\/parcourir-la-france-sur-les-lieux-de-tournage-de-vos-films-preferes","title":{"rendered":"Parcourir la France sur les lieux de tournage de vos films pr\u00e9f\u00e9r\u00e9s"},"content":{"rendered":"\t\t<div data-elementor-type=\"wp-post\" data-elementor-id=\"2481\" class=\"elementor elementor-2481\">\n\t\t\t\t\t\t<section class=\"elementor-section elementor-top-section elementor-element elementor-element-37b6093 elementor-section-boxed elementor-section-height-default elementor-section-height-default\" data-id=\"37b6093\" data-element_type=\"section\">\n\t\t\t\t\t\t<div class=\"elementor-container elementor-column-gap-default\">\n\t\t\t\t\t<div class=\"elementor-column elementor-col-100 elementor-top-column elementor-element elementor-element-edf105b\" data-id=\"edf105b\" data-element_type=\"column\">\n\t\t\t<div class=\"elementor-widget-wrap elementor-element-populated\">\n\t\t\t\t\t\t<div class=\"elementor-element elementor-element-921e8e9 elementor-widget elementor-widget-text-editor\" data-id=\"921e8e9\" data-element_type=\"widget\" data-widget_type=\"text-editor.default\">\n\t\t\t\t<div class=\"elementor-widget-container\">\n\t\t\t\t\t\t\t\t\t<p>Qui n\u2019a jamais r\u00eav\u00e9 de se rendre directement sur les <strong>lieux de tournage<\/strong> de ses films pr\u00e9f\u00e9r\u00e9s\u00a0? Avec <a href=\"https:\/\/www.fantrippers.com\/fr\">Fantrippers<\/a>, vous pouvez partir sur les traces de vos h\u00e9ros favoris. Et d\u00e9couvrir les <strong>lieux de tournage<\/strong> de milliers de films et s\u00e9ries cultes dans le monde entier\u00a0!<\/p><p>La plateforme propose une carte du monde permettant de g\u00e9olocaliser tous ces endroits devenus mythiques ! Vous pourrez aussi consulter de nombreux articles qui vous partageront de surprenantes anecdotes. Et pr\u00e9cisions sur les secrets de<strong> tournage <\/strong>des films\u00a0!<\/p><p>Et pour rendre vos d\u00e9couvertes encore plus in\u00e9dites et agr\u00e9ables. Pensez \u00e0 la location d\u2019une <strong>voiture de collection<\/strong>\u00a0!<\/p><p>Wedrivit a s\u00e9lectionn\u00e9 pour vous 8 <strong>lieux de tournage fran\u00e7ais<\/strong> qui vous donneront des envies de voyage. Alors, prenez place dans votre <strong>voiture ancienne. E<\/strong>t suivez cet itin\u00e9raire cin\u00e9matographique\u00a0:<\/p>\t\t\t\t\t\t\t\t<\/div>\n\t\t\t\t<\/div>\n\t\t\t\t<div class=\"elementor-element elementor-element-077a610 elementor-widget elementor-widget-spacer\" data-id=\"077a610\" data-element_type=\"widget\" data-widget_type=\"spacer.default\">\n\t\t\t\t<div class=\"elementor-widget-container\">\n\t\t\t\t\t\t\t<div class=\"elementor-spacer\">\n\t\t\t<div class=\"elementor-spacer-inner\"><\/div>\n\t\t<\/div>\n\t\t\t\t\t\t<\/div>\n\t\t\t\t<\/div>\n\t\t\t\t\t<\/div>\n\t\t<\/div>\n\t\t\t\t\t<\/div>\n\t\t<\/section>\n\t\t\t\t<section class=\"elementor-section elementor-top-section elementor-element elementor-element-bf949d8 elementor-section-boxed elementor-section-height-default elementor-section-height-default\" data-id=\"bf949d8\" data-element_type=\"section\">\n\t\t\t\t\t\t<div class=\"elementor-container elementor-column-gap-default\">\n\t\t\t\t\t<div class=\"elementor-column elementor-col-100 elementor-top-column elementor-element elementor-element-66a6ae9\" data-id=\"66a6ae9\" data-element_type=\"column\">\n\t\t\t<div class=\"elementor-widget-wrap elementor-element-populated\">\n\t\t\t\t\t\t<div class=\"elementor-element elementor-element-42b26b7 elementor-widget elementor-widget-heading\" data-id=\"42b26b7\" data-element_type=\"widget\" data-widget_type=\"heading.default\">\n\t\t\t\t<div class=\"elementor-widget-container\">\n\t\t\t\t\t<h2 class=\"elementor-heading-title elementor-size-large\">Le fabuleux destin d\u2019Am\u00e9lie Poulain : le Caf\u00e9 des Deux Moulins<\/h2>\t\t\t\t<\/div>\n\t\t\t\t<\/div>\n\t\t\t\t<div class=\"elementor-element elementor-element-0a26540 elementor-widget elementor-widget-text-editor\" data-id=\"0a26540\" data-element_type=\"widget\" data-widget_type=\"text-editor.default\">\n\t\t\t\t<div class=\"elementor-widget-container\">\n\t\t\t\t\t\t\t\t\t<p><strong><span class=\"emoji\"><img decoding=\"async\" class=\"emoji\" role=\"img\" draggable=\"false\" src=\"https:\/\/s.w.org\/images\/core\/emoji\/13.0.1\/svg\/1f4cd.svg\" alt=\"\ud83d\udccd\" \/><\/span><\/strong>15 Rue Lepic, 75018 <a href=\"https:\/\/www.wedrivit.com\/rechercher?city=Paris\" target=\"_blank\" rel=\"noopener\">Paris<\/a>, France<\/p><p>Premi\u00e8re destination, la capitale. Le Caf\u00e9 des Deux Moulins est situ\u00e9 dans le quartier de Montmartre. Et est devenu connu pour avoir servi une ic\u00f4ne du <strong>cin\u00e9ma<\/strong> international. L<em>e fabuleux destin d\u2019Am\u00e9lie Poulain<\/em>\u00a0 de Jean-Pierre Jeunet.<\/p><p>C\u2019est dans cette brasserie que l\u2019actrice principale, Am\u00e9lie Poulain (Audrey Tautou) travaille comme serveuse.<\/p>\t\t\t\t\t\t\t\t<\/div>\n\t\t\t\t<\/div>\n\t\t\t\t<div class=\"elementor-element elementor-element-b961dc9 elementor-widget elementor-widget-image\" data-id=\"b961dc9\" data-element_type=\"widget\" data-widget_type=\"image.default\">\n\t\t\t\t<div class=\"elementor-widget-container\">\n\t\t\t\t\t\t\t\t\t\t\t\t\t\t\t<img fetchpriority=\"high\" decoding=\"async\" width=\"1000\" height=\"563\" src=\"https:\/\/www.wedrivit.com\/blog\/wp-content\/uploads\/2021\/05\/le-fabuleux-destin-d-amelie-poulain-photo-1029984.png\" class=\"attachment-large size-large wp-image-2486\" alt=\"Le fabuleux destin d&#039;Am\u00e9lie Poulain, Audrez Tautou\" \/>\t\t\t\t\t\t\t\t\t\t\t\t\t\t\t<\/div>\n\t\t\t\t<\/div>\n\t\t\t\t<div class=\"elementor-element elementor-element-437cd1b elementor-widget elementor-widget-text-editor\" data-id=\"437cd1b\" data-element_type=\"widget\" data-widget_type=\"text-editor.default\">\n\t\t\t\t<div class=\"elementor-widget-container\">\n\t\t\t\t\t\t\t\t\t<p>Pour l\u2019anecdote : le r\u00e9alisateur a d\u00e9couvert cet endroit lors d\u2019un d\u00e9jeuner et a d\u00fb pers\u00e9v\u00e9rer aupr\u00e8s de l\u2019ancien propri\u00e9taire. Claude Labb\u00e9 pour obtenir l\u2019autorisation d\u2019y poser ses cam\u00e9ras ! La premi\u00e8re demande de Jean-Pierre Jeunet avait d\u2019ailleurs \u00e9t\u00e9 refus\u00e9e. Le propri\u00e9taire, au vu de l\u2019insistance du r\u00e9alisateur avait ensuite demand\u00e9 l\u2019avis des autres commer\u00e7ant aux alentours. Et surtout celui de ses clients, puis avait fini par c\u00e9der.<\/p><p>Jean-Pierre Jeunet s&rsquo;engage alors \u00e0 tourner dans la plus grande discr\u00e9tion afin de ne pas perturber l\u2019\u00e9tablissement. Pas d\u2019engins de production, de c\u00e2ble et autre mat\u00e9riel dans la rue ou sur le trottoir. Aucun <strong>tournage<\/strong> le week-end et pendant les heures de livraison, etc.<\/p>\t\t\t\t\t\t\t\t<\/div>\n\t\t\t\t<\/div>\n\t\t\t\t<section class=\"elementor-section elementor-inner-section elementor-element elementor-element-32456dd elementor-section-boxed elementor-section-height-default elementor-section-height-default\" data-id=\"32456dd\" data-element_type=\"section\">\n\t\t\t\t\t\t<div class=\"elementor-container elementor-column-gap-default\">\n\t\t\t\t\t<div class=\"elementor-column elementor-col-50 elementor-inner-column elementor-element elementor-element-3b2492d\" data-id=\"3b2492d\" data-element_type=\"column\">\n\t\t\t<div class=\"elementor-widget-wrap elementor-element-populated\">\n\t\t\t\t\t\t<div class=\"elementor-element elementor-element-86caf36 elementor-widget elementor-widget-text-editor\" data-id=\"86caf36\" data-element_type=\"widget\" data-widget_type=\"text-editor.default\">\n\t\t\t\t<div class=\"elementor-widget-container\">\n\t\t\t\t\t\t\t\t\t<p>Un <strong>tournage<\/strong> un peu fastidieux. Mais qui portera ses fruits gr\u00e2ce \u00e0 l\u2019immense succ\u00e8s rencontr\u00e9 par le film. Le responsable du Caf\u00e9 des Deux Moulins confiera en 2002 qu\u2019il n\u2019a pas regrett\u00e9 sa d\u00e9cision. \u00ab\u00a0<em>J\u2019ai v\u00e9cu avec ce film une exp\u00e9rience unique et magnifique. Aujourd&rsquo;hui, on vient des \u00c9tats-Unis pour visiter les Deux Moulins. Jean-Pierre Jeunet a su parfaitement retranscrire le charme des caf\u00e9s parisiens. Et toute la po\u00e9sie du quartier<\/em>\u00ab\u00a0.<\/p><p>Au moment de sa retraite, il ne vendra pas son caf\u00e9 au repreneur le plus offrant. Mais \u00e0 celui \u00ab\u00a0<em>le plus \u00e0 m\u00eame de pr\u00e9server le caf\u00e9 d&rsquo;Am\u00e9lie<\/em>.\u00a0\u00bb<\/p>\t\t\t\t\t\t\t\t<\/div>\n\t\t\t\t<\/div>\n\t\t\t\t<div class=\"elementor-element elementor-element-9e6ec00 elementor-widget elementor-widget-spacer\" data-id=\"9e6ec00\" data-element_type=\"widget\" data-widget_type=\"spacer.default\">\n\t\t\t\t<div class=\"elementor-widget-container\">\n\t\t\t\t\t\t\t<div class=\"elementor-spacer\">\n\t\t\t<div class=\"elementor-spacer-inner\"><\/div>\n\t\t<\/div>\n\t\t\t\t\t\t<\/div>\n\t\t\t\t<\/div>\n\t\t\t\t\t<\/div>\n\t\t<\/div>\n\t\t\t\t<div class=\"elementor-column elementor-col-50 elementor-inner-column elementor-element elementor-element-c4f30d9\" data-id=\"c4f30d9\" data-element_type=\"column\">\n\t\t\t<div class=\"elementor-widget-wrap elementor-element-populated\">\n\t\t\t\t\t\t<div class=\"elementor-element elementor-element-89dab24 elementor-widget elementor-widget-image\" data-id=\"89dab24\" data-element_type=\"widget\" data-widget_type=\"image.default\">\n\t\t\t\t<div class=\"elementor-widget-container\">\n\t\t\t\t\t\t\t\t\t\t\t\t\t\t\t<img decoding=\"async\" width=\"801\" height=\"1000\" src=\"https:\/\/www.wedrivit.com\/blog\/wp-content\/uploads\/2021\/05\/fixedw_large_4x.jpg\" class=\"attachment-large size-large wp-image-2487\" alt=\"Caf\u00e9 des Deux Moulins, Parsi\" \/>\t\t\t\t\t\t\t\t\t\t\t\t\t\t\t<\/div>\n\t\t\t\t<\/div>\n\t\t\t\t\t<\/div>\n\t\t<\/div>\n\t\t\t\t\t<\/div>\n\t\t<\/section>\n\t\t\t\t\t<\/div>\n\t\t<\/div>\n\t\t\t\t\t<\/div>\n\t\t<\/section>\n\t\t\t\t<section class=\"elementor-section elementor-top-section elementor-element elementor-element-c96fe67 elementor-section-boxed elementor-section-height-default elementor-section-height-default\" data-id=\"c96fe67\" data-element_type=\"section\">\n\t\t\t\t\t\t<div class=\"elementor-container elementor-column-gap-default\">\n\t\t\t\t\t<div class=\"elementor-column elementor-col-100 elementor-top-column elementor-element elementor-element-69078c5\" data-id=\"69078c5\" data-element_type=\"column\">\n\t\t\t<div class=\"elementor-widget-wrap elementor-element-populated\">\n\t\t\t\t\t\t<div class=\"elementor-element elementor-element-73a9178 elementor-widget elementor-widget-heading\" data-id=\"73a9178\" data-element_type=\"widget\" data-widget_type=\"heading.default\">\n\t\t\t\t<div class=\"elementor-widget-container\">\n\t\t\t\t\t<h2 class=\"elementor-heading-title elementor-size-large\">Intouchables : l'h\u00f4tel d\u2019Avaray<\/h2>\t\t\t\t<\/div>\n\t\t\t\t<\/div>\n\t\t\t\t<div class=\"elementor-element elementor-element-ead272c elementor-widget elementor-widget-text-editor\" data-id=\"ead272c\" data-element_type=\"widget\" data-widget_type=\"text-editor.default\">\n\t\t\t\t<div class=\"elementor-widget-container\">\n\t\t\t\t\t\t\t\t\t<p><span class=\"emoji\">\ud83d\udccd <\/span>85 Rue de Grenelle, 75007 Paris, France<\/p><p>Reprenez le volant de votre <strong>v\u00e9hicule ancien. <\/strong>Et rendez-vous sur le deuxi\u00e8me <strong>site de<\/strong> <strong>tournage<\/strong>, toujours au c\u0153ur de Paris, rue de Grenelle.<\/p><p>Au num\u00e9ro 85, (et non pas 143 comme on le voit dans le film). Vous pourrez admirer le somptueux h\u00f4tel d\u2019Avaray. Il s\u2019agit de l\u2019h\u00f4tel particulier dans lequel vit Philippe (Fran\u00e7ois Cluzet) dans le film <em>Intouchable<\/em>. C\u2019est ici qu\u2019il fera la rencontre de Driss (Omar Sy). Qui deviendra son auxiliaire de vie.<\/p>\t\t\t\t\t\t\t\t<\/div>\n\t\t\t\t<\/div>\n\t\t\t\t<section class=\"elementor-section elementor-inner-section elementor-element elementor-element-3e06373 elementor-section-boxed elementor-section-height-default elementor-section-height-default\" data-id=\"3e06373\" data-element_type=\"section\">\n\t\t\t\t\t\t<div class=\"elementor-container elementor-column-gap-default\">\n\t\t\t\t\t<div class=\"elementor-column elementor-col-50 elementor-inner-column elementor-element elementor-element-bb354dd\" data-id=\"bb354dd\" data-element_type=\"column\">\n\t\t\t<div class=\"elementor-widget-wrap elementor-element-populated\">\n\t\t\t\t\t\t<div class=\"elementor-element elementor-element-57beeec elementor-widget elementor-widget-image\" data-id=\"57beeec\" data-element_type=\"widget\" data-widget_type=\"image.default\">\n\t\t\t\t<div class=\"elementor-widget-container\">\n\t\t\t\t\t\t\t\t\t\t\t\t\t\t\t<img decoding=\"async\" width=\"700\" height=\"365\" src=\"https:\/\/www.wedrivit.com\/blog\/wp-content\/uploads\/2021\/05\/entre-cour-et-jardin-hotel-d-avaray-un-joyau-neerlandais-parmi-les-hotels-particuliers-a-paris-JEP2020_32637022-og-68792520-4-2.jpg\" class=\"attachment-large size-large wp-image-2493\" alt=\"h\u00f4tel d\u2019Avaray ext\u00e9rieur\" \/>\t\t\t\t\t\t\t\t\t\t\t\t\t\t\t<\/div>\n\t\t\t\t<\/div>\n\t\t\t\t\t<\/div>\n\t\t<\/div>\n\t\t\t\t<div class=\"elementor-column elementor-col-50 elementor-inner-column elementor-element elementor-element-0c97151\" data-id=\"0c97151\" data-element_type=\"column\">\n\t\t\t<div class=\"elementor-widget-wrap elementor-element-populated\">\n\t\t\t\t\t\t<div class=\"elementor-element elementor-element-8c564a0 elementor-widget elementor-widget-image\" data-id=\"8c564a0\" data-element_type=\"widget\" data-widget_type=\"image.default\">\n\t\t\t\t<div class=\"elementor-widget-container\">\n\t\t\t\t\t\t\t\t\t\t\t\t\t\t\t<img loading=\"lazy\" decoding=\"async\" width=\"1000\" height=\"525\" src=\"https:\/\/www.wedrivit.com\/blog\/wp-content\/uploads\/2021\/05\/Escadaria-principal-na-entrada-do-Palacio-Tiradentes-Credito-Rafael-Wallace.jpg\" class=\"attachment-large size-large wp-image-2488\" alt=\"h\u00f4tel d\u2019Avaray, int\u00e9rieur\" \/>\t\t\t\t\t\t\t\t\t\t\t\t\t\t\t<\/div>\n\t\t\t\t<\/div>\n\t\t\t\t\t<\/div>\n\t\t<\/div>\n\t\t\t\t\t<\/div>\n\t\t<\/section>\n\t\t\t\t<div class=\"elementor-element elementor-element-d82e25e elementor-widget elementor-widget-text-editor\" data-id=\"d82e25e\" data-element_type=\"widget\" data-widget_type=\"text-editor.default\">\n\t\t\t\t<div class=\"elementor-widget-container\">\n\t\t\t\t\t\t\t\t\t<p>Cach\u00e9 derri\u00e8re un grand portail de bois. Ce magnifique h\u00f4tel a \u00e9t\u00e9 construit au d\u00e9but du XVIIIe si\u00e8cle (1718). Et y abrite depuis l&rsquo;ambassade des Pays-Bas. Celle-ci a d\u2019ailleurs l\u2019habitude de louer ses locaux pour des <strong>tournages. <\/strong>Et r\u00e9investit les fonds r\u00e9colt\u00e9s dans des projets culturels.<\/p><p>Le grand public ne peut visiter l\u2019h\u00f4tel qu\u2019une seule fois par an. Alors, si vous r\u00eavez d\u2019y entrer. Rendez-y vous en septembre, \u00e0 l\u2019occasion des Journ\u00e9es europ\u00e9ennes du patrimoine.<\/p>\t\t\t\t\t\t\t\t<\/div>\n\t\t\t\t<\/div>\n\t\t\t\t<div class=\"elementor-element elementor-element-0a06700 elementor-widget elementor-widget-spacer\" data-id=\"0a06700\" data-element_type=\"widget\" data-widget_type=\"spacer.default\">\n\t\t\t\t<div class=\"elementor-widget-container\">\n\t\t\t\t\t\t\t<div class=\"elementor-spacer\">\n\t\t\t<div class=\"elementor-spacer-inner\"><\/div>\n\t\t<\/div>\n\t\t\t\t\t\t<\/div>\n\t\t\t\t<\/div>\n\t\t\t\t\t<\/div>\n\t\t<\/div>\n\t\t\t\t\t<\/div>\n\t\t<\/section>\n\t\t\t\t<section class=\"elementor-section elementor-top-section elementor-element elementor-element-51d9c60 elementor-section-boxed elementor-section-height-default elementor-section-height-default\" data-id=\"51d9c60\" data-element_type=\"section\">\n\t\t\t\t\t\t<div class=\"elementor-container elementor-column-gap-default\">\n\t\t\t\t\t<div class=\"elementor-column elementor-col-100 elementor-top-column elementor-element elementor-element-1644b09\" data-id=\"1644b09\" data-element_type=\"column\">\n\t\t\t<div class=\"elementor-widget-wrap elementor-element-populated\">\n\t\t\t\t\t\t<div class=\"elementor-element elementor-element-67fce0e elementor-widget elementor-widget-heading\" data-id=\"67fce0e\" data-element_type=\"widget\" data-widget_type=\"heading.default\">\n\t\t\t\t<div class=\"elementor-widget-container\">\n\t\t\t\t\t<h2 class=\"elementor-heading-title elementor-size-large\">La Famille B\u00e9lier : la ferme du lieu-dit Remieu\n<\/h2>\t\t\t\t<\/div>\n\t\t\t\t<\/div>\n\t\t\t\t<div class=\"elementor-element elementor-element-f7b8288 elementor-widget elementor-widget-text-editor\" data-id=\"f7b8288\" data-element_type=\"widget\" data-widget_type=\"text-editor.default\">\n\t\t\t\t<div class=\"elementor-widget-container\">\n\t\t\t\t\t\t\t\t\t<p><span class=\"emoji\">\ud83d\udccd <\/span>Remieu, 53110 Le Housseau-Br\u00e9tignolles, France<\/p><p>Pour cette troisi\u00e8me destination, cap sur le d\u00e9partement de la Mayenne. Loin de la ville, c\u2019est dans cette petite commune de 238 habitants que se trouve la ferme de la famille B\u00e9lier. La ferme du lieu-dit Remieu.<\/p><p>Et puisque de depuis Paris la route est longue. Montez le son et \u00e9coutez l\u2019album du film pour vous mettre dans l\u2019ambiance !<\/p><p>Avant le<strong> tournage du film<\/strong>, les propri\u00e9taires de la ferme souhaitaient la vendre. L\u2019\u00e9quipe de production a donc d\u00e9cid\u00e9 de les contacter pour leur faire part du projet. C\u2019est finalement un membre de l\u2019\u00e9quipe qui rach\u00e8tera la ferme en son nom pour que le film puisse y \u00eatre tourn\u00e9.\u00a0<\/p>\t\t\t\t\t\t\t\t<\/div>\n\t\t\t\t<\/div>\n\t\t\t\t<div class=\"elementor-element elementor-element-43e999a elementor-widget elementor-widget-image\" data-id=\"43e999a\" data-element_type=\"widget\" data-widget_type=\"image.default\">\n\t\t\t\t<div class=\"elementor-widget-container\">\n\t\t\t\t\t\t\t\t\t\t\t\t\t\t\t<img loading=\"lazy\" decoding=\"async\" width=\"768\" height=\"576\" src=\"https:\/\/www.wedrivit.com\/blog\/wp-content\/uploads\/2021\/05\/269a7f2fff4ac2186e7e75351cff37a4.jpg\" class=\"attachment-medium_large size-medium_large wp-image-2494\" alt=\"la famille B\u00e9lier\" \/>\t\t\t\t\t\t\t\t\t\t\t\t\t\t\t<\/div>\n\t\t\t\t<\/div>\n\t\t\t\t<div class=\"elementor-element elementor-element-83b9972 elementor-widget elementor-widget-spacer\" data-id=\"83b9972\" data-element_type=\"widget\" data-widget_type=\"spacer.default\">\n\t\t\t\t<div class=\"elementor-widget-container\">\n\t\t\t\t\t\t\t<div class=\"elementor-spacer\">\n\t\t\t<div class=\"elementor-spacer-inner\"><\/div>\n\t\t<\/div>\n\t\t\t\t\t\t<\/div>\n\t\t\t\t<\/div>\n\t\t\t\t\t<\/div>\n\t\t<\/div>\n\t\t\t\t\t<\/div>\n\t\t<\/section>\n\t\t\t\t<section class=\"elementor-section elementor-top-section elementor-element elementor-element-af367e4 elementor-section-boxed elementor-section-height-default elementor-section-height-default\" data-id=\"af367e4\" data-element_type=\"section\">\n\t\t\t\t\t\t<div class=\"elementor-container elementor-column-gap-default\">\n\t\t\t\t\t<div class=\"elementor-column elementor-col-100 elementor-top-column elementor-element elementor-element-6e4a27e\" data-id=\"6e4a27e\" data-element_type=\"column\">\n\t\t\t<div class=\"elementor-widget-wrap elementor-element-populated\">\n\t\t\t\t\t\t<div class=\"elementor-element elementor-element-422eded elementor-widget elementor-widget-heading\" data-id=\"422eded\" data-element_type=\"widget\" data-widget_type=\"heading.default\">\n\t\t\t\t<div class=\"elementor-widget-container\">\n\t\t\t\t\t<h2 class=\"elementor-heading-title elementor-size-large\">Qu\u2019est-ce qu\u2019on a fait au bon dieu ? : la Cave Monplaisir<\/h2>\t\t\t\t<\/div>\n\t\t\t\t<\/div>\n\t\t\t\t<div class=\"elementor-element elementor-element-569d5a2 elementor-widget elementor-widget-text-editor\" data-id=\"569d5a2\" data-element_type=\"widget\" data-widget_type=\"text-editor.default\">\n\t\t\t\t<div class=\"elementor-widget-container\">\n\t\t\t\t\t\t\t\t\t<p><span class=\"emoji\">\ud83d\udccd <\/span>57 Quai Pasteur, 37500 <a href=\"https:\/\/www.wedrivit.com\/rechercher?city=Chinon\" target=\"_blank\" rel=\"noopener\">Chinon<\/a>\u00a0<\/p><p>Direction l\u2019un des <strong>lieux de<\/strong> <strong>tournage<\/strong> de la c\u00e9l\u00e8bre com\u00e9die <em>Qu\u2019est-ce qu\u2019on a fait au bon dieu\u00a0? <\/em>dans la commune de Chinon en Indre-et-Loire\u00a0!<\/p>\t\t\t\t\t\t\t\t<\/div>\n\t\t\t\t<\/div>\n\t\t\t\t<div class=\"elementor-element elementor-element-91c3f4c elementor-widget elementor-widget-image\" data-id=\"91c3f4c\" data-element_type=\"widget\" data-widget_type=\"image.default\">\n\t\t\t\t<div class=\"elementor-widget-container\">\n\t\t\t\t\t\t\t\t\t\t\t\t\t\t\t<img loading=\"lazy\" decoding=\"async\" width=\"300\" height=\"200\" src=\"https:\/\/www.wedrivit.com\/blog\/wp-content\/uploads\/2021\/05\/ary_abittan_chantal_lauby_christian_clavier_frederic_chau_medi_sadoun_photo_arnaud_borrel.jpg\" class=\"attachment-medium size-medium wp-image-2495\" alt=\"Qu\u2019est-ce qu\u2019on a fait au bon dieu ?, image du film\" \/>\t\t\t\t\t\t\t\t\t\t\t\t\t\t\t<\/div>\n\t\t\t\t<\/div>\n\t\t\t\t<div class=\"elementor-element elementor-element-8b6243a elementor-widget elementor-widget-text-editor\" data-id=\"8b6243a\" data-element_type=\"widget\" data-widget_type=\"text-editor.default\">\n\t\t\t\t<div class=\"elementor-widget-container\">\n\t\t\t\t\t\t\t\t\t<p>Chinon, et plus pr\u00e9cis\u00e9ment dans la Cave de Monplaisir qu\u2019a \u00e9t\u00e9 tourn\u00e9e fameuse sc\u00e8ne de la d\u00e9gustation de vins.<\/p><p>La cave de Monplaisir est donc l\u2019un des seuls endroits du d\u00e9partement. Qui a pu b\u00e9n\u00e9ficier d\u2019un coup de projecteur unique lors du <strong>tournage du film<\/strong> <em>Qu\u2019est-ce qu\u2019on a fait au bon dieu\u00a0?<\/em><\/p>\t\t\t\t\t\t\t\t<\/div>\n\t\t\t\t<\/div>\n\t\t\t\t<div class=\"elementor-element elementor-element-7793af7 elementor-widget elementor-widget-spacer\" data-id=\"7793af7\" data-element_type=\"widget\" data-widget_type=\"spacer.default\">\n\t\t\t\t<div class=\"elementor-widget-container\">\n\t\t\t\t\t\t\t<div class=\"elementor-spacer\">\n\t\t\t<div class=\"elementor-spacer-inner\"><\/div>\n\t\t<\/div>\n\t\t\t\t\t\t<\/div>\n\t\t\t\t<\/div>\n\t\t\t\t\t<\/div>\n\t\t<\/div>\n\t\t\t\t\t<\/div>\n\t\t<\/section>\n\t\t\t\t<section class=\"elementor-section elementor-top-section elementor-element elementor-element-6b9f272 elementor-section-boxed elementor-section-height-default elementor-section-height-default\" data-id=\"6b9f272\" data-element_type=\"section\">\n\t\t\t\t\t\t<div class=\"elementor-container elementor-column-gap-default\">\n\t\t\t\t\t<div class=\"elementor-column elementor-col-100 elementor-top-column elementor-element elementor-element-ba87234\" data-id=\"ba87234\" data-element_type=\"column\">\n\t\t\t<div class=\"elementor-widget-wrap elementor-element-populated\">\n\t\t\t\t\t\t<div class=\"elementor-element elementor-element-4f009cc elementor-widget elementor-widget-heading\" data-id=\"4f009cc\" data-element_type=\"widget\" data-widget_type=\"heading.default\">\n\t\t\t\t<div class=\"elementor-widget-container\">\n\t\t\t\t\t<h2 class=\"elementor-heading-title elementor-size-large\">Jeanne d\u2019Arc : Palais de Justice\n<\/h2>\t\t\t\t<\/div>\n\t\t\t\t<\/div>\n\t\t\t\t<div class=\"elementor-element elementor-element-7103f3b elementor-widget elementor-widget-text-editor\" data-id=\"7103f3b\" data-element_type=\"widget\" data-widget_type=\"text-editor.default\">\n\t\t\t\t<div class=\"elementor-widget-container\">\n\t\t\t\t\t\t\t\t\t<p><span class=\"emoji\"><img decoding=\"async\" class=\"emoji\" role=\"img\" draggable=\"false\" src=\"https:\/\/s.w.org\/images\/core\/emoji\/13.0.1\/svg\/1f4cd.svg\" alt=\"\ud83d\udccd\" \/> <\/span>10 Place Alphonse Lepetit, 86000 Poitiers, France<\/p><p>Embarquez de nouveau \u00e0 bord de votre <strong>voiture de\u00a0location<\/strong> et prenez la route en direction de Poitiers. Sur les pas du <strong>tournage<\/strong> de <em>Jeanne d\u2019Arc<\/em>. Film de renom du c\u00e9l\u00e8bre r\u00e9alisateur Luc Besson. Le <strong>tournage<\/strong> de <em>Jeanne d\u2019Arc <\/em>s\u2019est d\u00e9roul\u00e9 en 1998 dans la plus grande des discr\u00e9tions. \u00a0<\/p><p>C\u2019est au Palais de Justice de Poitiers. Dans la Salle des pas perdus qu\u2019a \u00e9t\u00e9 tourn\u00e9e la sc\u00e8ne de l\u2019interrogatoire. Le Palais de Justice de Poitiers a \u00e9t\u00e9 construit au IXe si\u00e8cle. A l\u2019origine pour Louis le Pieux et deviendra ensuite le si\u00e8ge des comtes de Poitiers. Reconstruit \u00e0 plusieurs reprises. Ce lieu historique repr\u00e9sentait l\u2019endroit id\u00e9al pour cette sc\u00e8ne. Selon les \u00e9quipes de production : Jeanne d\u2019Arc ayant vraiment \u00e9t\u00e9 interrog\u00e9e dans la ville de Poitiers en 1429.<\/p>\t\t\t\t\t\t\t\t<\/div>\n\t\t\t\t<\/div>\n\t\t\t\t<div class=\"elementor-element elementor-element-dc08571 elementor-widget elementor-widget-image\" data-id=\"dc08571\" data-element_type=\"widget\" data-widget_type=\"image.default\">\n\t\t\t\t<div class=\"elementor-widget-container\">\n\t\t\t\t\t\t\t\t\t\t\t\t\t\t\t<img loading=\"lazy\" decoding=\"async\" width=\"600\" height=\"400\" src=\"https:\/\/www.wedrivit.com\/blog\/wp-content\/uploads\/2021\/05\/84964540.jpg\" class=\"attachment-large size-large wp-image-2499\" alt=\"Image du film Jeanne d&#039;Arc\" \/>\t\t\t\t\t\t\t\t\t\t\t\t\t\t\t<\/div>\n\t\t\t\t<\/div>\n\t\t\t\t<div class=\"elementor-element elementor-element-779e95b elementor-widget elementor-widget-text-editor\" data-id=\"779e95b\" data-element_type=\"widget\" data-widget_type=\"text-editor.default\">\n\t\t\t\t<div class=\"elementor-widget-container\">\n\t\t\t\t\t\t\t\t\t<p>Reprenez place \u00e0 bord de votre <strong>v\u00e9hicule ancien. <\/strong>Puis prenez la route en direction du Sud-Ouest, nouvelle destination, le Cap-Ferret\u00a0<\/p>\t\t\t\t\t\t\t\t<\/div>\n\t\t\t\t<\/div>\n\t\t\t\t\t<\/div>\n\t\t<\/div>\n\t\t\t\t\t<\/div>\n\t\t<\/section>\n\t\t\t\t<section class=\"elementor-section elementor-top-section elementor-element elementor-element-63c9299 elementor-section-boxed elementor-section-height-default elementor-section-height-default\" data-id=\"63c9299\" data-element_type=\"section\">\n\t\t\t\t\t\t<div class=\"elementor-container elementor-column-gap-default\">\n\t\t\t\t\t<div class=\"elementor-column elementor-col-100 elementor-top-column elementor-element elementor-element-b7f2301\" data-id=\"b7f2301\" data-element_type=\"column\">\n\t\t\t<div class=\"elementor-widget-wrap elementor-element-populated\">\n\t\t\t\t\t\t<div class=\"elementor-element elementor-element-fca1ae1 elementor-widget elementor-widget-heading\" data-id=\"fca1ae1\" data-element_type=\"widget\" data-widget_type=\"heading.default\">\n\t\t\t\t<div class=\"elementor-widget-container\">\n\t\t\t\t\t<h2 class=\"elementor-heading-title elementor-size-large\">\nLes Petits mouchoirs : la cabane ostr\u00e9icole \n<\/h2>\t\t\t\t<\/div>\n\t\t\t\t<\/div>\n\t\t\t\t<div class=\"elementor-element elementor-element-7bd33ca elementor-widget elementor-widget-text-editor\" data-id=\"7bd33ca\" data-element_type=\"widget\" data-widget_type=\"text-editor.default\">\n\t\t\t\t<div class=\"elementor-widget-container\">\n\t\t\t\t\t\t\t\t\t<p><span class=\"emoji\"><img decoding=\"async\" class=\"emoji\" role=\"img\" draggable=\"false\" src=\"https:\/\/s.w.org\/images\/core\/emoji\/13.0.1\/svg\/1f4cd.svg\" alt=\"\ud83d\udccd\" \/> <\/span>Impasse de la Conche, 33950 L\u00e8ge-Cap-Ferret, France<\/p><p>Autre film incontournable du <strong>cin\u00e9ma<\/strong> fran\u00e7ais\u00a0: <em>les Petits mouchoirs<\/em>. Ce film fort en \u00e9motion d\u00e9bute sur le terrible accident de Ludo (Guillaume Canet). Puis retrace les vacances de son groupe de copains. Qui d\u00e9cide de partir, malgr\u00e9 tout en vacances, comme chaque ann\u00e9e, au Cap Ferret.<\/p>\t\t\t\t\t\t\t\t<\/div>\n\t\t\t\t<\/div>\n\t\t\t\t<section class=\"elementor-section elementor-inner-section elementor-element elementor-element-ca4cb63 elementor-section-boxed elementor-section-height-default elementor-section-height-default\" data-id=\"ca4cb63\" data-element_type=\"section\">\n\t\t\t\t\t\t<div class=\"elementor-container elementor-column-gap-default\">\n\t\t\t\t\t<div class=\"elementor-column elementor-col-50 elementor-inner-column elementor-element elementor-element-42033c7\" data-id=\"42033c7\" data-element_type=\"column\">\n\t\t\t<div class=\"elementor-widget-wrap elementor-element-populated\">\n\t\t\t\t\t\t<div class=\"elementor-element elementor-element-9b1e1f3 elementor-widget elementor-widget-text-editor\" data-id=\"9b1e1f3\" data-element_type=\"widget\" data-widget_type=\"text-editor.default\">\n\t\t\t\t<div class=\"elementor-widget-container\">\n\t\t\t\t\t\t\t\t\t<p>L\u2019un des endroits mythiques des <em>Petits mouchoirs<\/em> est la cabane ostr\u00e9icole de Jean-Louis. (Jo\u00ebl Dupuch). Dans le film, les amis ont l\u2019habitude de s\u2019y r\u00e9unir pour y manger.<\/p><p>Jean-Louis, dans le film comme dans la vraie vie est ostr\u00e9iculteur. Pour l\u2019anecdote, c\u2019est le seul acteur du casting des <em>Petits mouchoirs<\/em> qui n\u2019est pas un professionnel.\u00a0<\/p>\t\t\t\t\t\t\t\t<\/div>\n\t\t\t\t<\/div>\n\t\t\t\t\t<\/div>\n\t\t<\/div>\n\t\t\t\t<div class=\"elementor-column elementor-col-50 elementor-inner-column elementor-element elementor-element-702735f\" data-id=\"702735f\" data-element_type=\"column\">\n\t\t\t<div class=\"elementor-widget-wrap elementor-element-populated\">\n\t\t\t\t\t\t<div class=\"elementor-element elementor-element-1190086 elementor-widget elementor-widget-image\" data-id=\"1190086\" data-element_type=\"widget\" data-widget_type=\"image.default\">\n\t\t\t\t<div class=\"elementor-widget-container\">\n\t\t\t\t\t\t\t\t\t\t\t\t\t\t\t<img loading=\"lazy\" decoding=\"async\" width=\"1000\" height=\"625\" src=\"https:\/\/www.wedrivit.com\/blog\/wp-content\/uploads\/2021\/05\/la-bande-des-petits.jpg\" class=\"attachment-large size-large wp-image-2503\" alt=\"Image du film, Les petits mouchoirs\" \/>\t\t\t\t\t\t\t\t\t\t\t\t\t\t\t<\/div>\n\t\t\t\t<\/div>\n\t\t\t\t\t<\/div>\n\t\t<\/div>\n\t\t\t\t\t<\/div>\n\t\t<\/section>\n\t\t\t\t<div class=\"elementor-element elementor-element-c28fd6e elementor-widget elementor-widget-text-editor\" data-id=\"c28fd6e\" data-element_type=\"widget\" data-widget_type=\"text-editor.default\">\n\t\t\t\t<div class=\"elementor-widget-container\">\n\t\t\t\t\t\t\t\t\t<p>Il avait tout de m\u00eame, avant ce long m\u00e9trage. D\u00e9j\u00e0 particip\u00e9 au <strong>tournage<\/strong> <strong>du<\/strong> <strong>film<\/strong> <em>Ne le dis \u00e0 personne<\/em> r\u00e9alis\u00e9 par Guillaume Canet. Et au g\u00e9n\u00e9rique de <em>Jappeloup<\/em>. Il joue \u00e9galement dans la suite des Petits Mouchoirs\u00a0: <em>Nous finirons ensemble<\/em>.<\/p>\t\t\t\t\t\t\t\t<\/div>\n\t\t\t\t<\/div>\n\t\t\t\t<div class=\"elementor-element elementor-element-0d53b7d elementor-widget elementor-widget-image\" data-id=\"0d53b7d\" data-element_type=\"widget\" data-widget_type=\"image.default\">\n\t\t\t\t<div class=\"elementor-widget-container\">\n\t\t\t\t\t\t\t\t\t\t\t\t\t\t\t<img loading=\"lazy\" decoding=\"async\" width=\"1000\" height=\"409\" src=\"https:\/\/www.wedrivit.com\/blog\/wp-content\/uploads\/2021\/05\/vf_petits_mouchoirs_spider_4307.jpeg_north_1160x474_.jpg\" class=\"attachment-large size-large wp-image-2504\" alt=\"Image du film, Les Petits Mouchoirs\" \/>\t\t\t\t\t\t\t\t\t\t\t\t\t\t\t<\/div>\n\t\t\t\t<\/div>\n\t\t\t\t<div class=\"elementor-element elementor-element-10aa8d9 elementor-widget elementor-widget-spacer\" data-id=\"10aa8d9\" data-element_type=\"widget\" data-widget_type=\"spacer.default\">\n\t\t\t\t<div class=\"elementor-widget-container\">\n\t\t\t\t\t\t\t<div class=\"elementor-spacer\">\n\t\t\t<div class=\"elementor-spacer-inner\"><\/div>\n\t\t<\/div>\n\t\t\t\t\t\t<\/div>\n\t\t\t\t<\/div>\n\t\t\t\t\t<\/div>\n\t\t<\/div>\n\t\t\t\t\t<\/div>\n\t\t<\/section>\n\t\t\t\t<section class=\"elementor-section elementor-top-section elementor-element elementor-element-8732696 elementor-section-boxed elementor-section-height-default elementor-section-height-default\" data-id=\"8732696\" data-element_type=\"section\">\n\t\t\t\t\t\t<div class=\"elementor-container elementor-column-gap-default\">\n\t\t\t\t\t<div class=\"elementor-column elementor-col-100 elementor-top-column elementor-element elementor-element-faf4a41\" data-id=\"faf4a41\" data-element_type=\"column\">\n\t\t\t<div class=\"elementor-widget-wrap elementor-element-populated\">\n\t\t\t\t\t\t<div class=\"elementor-element elementor-element-db23ee4 elementor-widget elementor-widget-heading\" data-id=\"db23ee4\" data-element_type=\"widget\" data-widget_type=\"heading.default\">\n\t\t\t\t<div class=\"elementor-widget-container\">\n\t\t\t\t\t<h2 class=\"elementor-heading-title elementor-size-large\">James Bond : Demain ne meurt jamais, Luchon<\/h2>\t\t\t\t<\/div>\n\t\t\t\t<\/div>\n\t\t\t\t<div class=\"elementor-element elementor-element-68e8854 elementor-widget elementor-widget-text-editor\" data-id=\"68e8854\" data-element_type=\"widget\" data-widget_type=\"text-editor.default\">\n\t\t\t\t<div class=\"elementor-widget-container\">\n\t\t\t\t\t\t\t\t\t<p><span class=\"emoji\"><img decoding=\"async\" class=\"emoji\" role=\"img\" draggable=\"false\" src=\"https:\/\/s.w.org\/images\/core\/emoji\/13.0.1\/svg\/1f4cd.svg\" alt=\"\ud83d\udccd\" \/> <\/span>31110 Bagn\u00e8res-de-Luchon, France<\/p><p>Qui n\u2019a jamais voulu se rendre sur les <strong>lieux de tournage<\/strong> des impressionnantes cascades. Et courses poursuite de James Bond ?<\/p>\t\t\t\t\t\t\t\t<\/div>\n\t\t\t\t<\/div>\n\t\t\t\t<section class=\"elementor-section elementor-inner-section elementor-element elementor-element-0ffd76e elementor-section-boxed elementor-section-height-default elementor-section-height-default\" data-id=\"0ffd76e\" data-element_type=\"section\">\n\t\t\t\t\t\t<div class=\"elementor-container elementor-column-gap-default\">\n\t\t\t\t\t<div class=\"elementor-column elementor-col-50 elementor-inner-column elementor-element elementor-element-85f25ee\" data-id=\"85f25ee\" data-element_type=\"column\">\n\t\t\t<div class=\"elementor-widget-wrap elementor-element-populated\">\n\t\t\t\t\t\t<div class=\"elementor-element elementor-element-68aa592 elementor-widget elementor-widget-image\" data-id=\"68aa592\" data-element_type=\"widget\" data-widget_type=\"image.default\">\n\t\t\t\t<div class=\"elementor-widget-container\">\n\t\t\t\t\t\t\t\t\t\t\t\t\t\t\t<img loading=\"lazy\" decoding=\"async\" width=\"750\" height=\"468\" src=\"https:\/\/www.wedrivit.com\/blog\/wp-content\/uploads\/2021\/05\/zoom-james-bond-cars-1.jpg\" class=\"attachment-large size-large wp-image-2513\" alt=\"James Bond, Demain ne meurt jamais, image du film\" \/>\t\t\t\t\t\t\t\t\t\t\t\t\t\t\t<\/div>\n\t\t\t\t<\/div>\n\t\t\t\t<div class=\"elementor-element elementor-element-8baf36d elementor-widget elementor-widget-image\" data-id=\"8baf36d\" data-element_type=\"widget\" data-widget_type=\"image.default\">\n\t\t\t\t<div class=\"elementor-widget-container\">\n\t\t\t\t\t\t\t\t\t\t\t\t\t\t\t<img loading=\"lazy\" decoding=\"async\" width=\"1000\" height=\"606\" src=\"https:\/\/www.wedrivit.com\/blog\/wp-content\/uploads\/2021\/05\/3e28ac96eef258428d2c2eb0708f40ab-1.jpg\" class=\"attachment-large size-large wp-image-2514\" alt=\"James Bond, Demain ne meurt jamais, image du film\" \/>\t\t\t\t\t\t\t\t\t\t\t\t\t\t\t<\/div>\n\t\t\t\t<\/div>\n\t\t\t\t\t<\/div>\n\t\t<\/div>\n\t\t\t\t<div class=\"elementor-column elementor-col-50 elementor-inner-column elementor-element elementor-element-74731df\" data-id=\"74731df\" data-element_type=\"column\">\n\t\t\t<div class=\"elementor-widget-wrap elementor-element-populated\">\n\t\t\t\t\t\t<div class=\"elementor-element elementor-element-8465c0c elementor-widget elementor-widget-text-editor\" data-id=\"8465c0c\" data-element_type=\"widget\" data-widget_type=\"text-editor.default\">\n\t\t\t\t<div class=\"elementor-widget-container\">\n\t\t\t\t\t\t\t\t\t<p>C\u2019est \u00e0 une centaine de kilom\u00e8tres de Toulouse. Dans la Vall\u00e9e Blanche \u00e0 Luchon. Qu\u2019a \u00e9t\u00e9 tourn\u00e9 le film <em>James Bond 007 Demain ne meurt jamais<\/em>.<\/p><p>Proche de la Vall\u00e9e, rendez-vous \u00e0 l\u2019altiport de Peyragudes. C\u2019est ici que James Bond (Pierce Brosnan), provoque l\u2019explosion d\u2019un march\u00e9 de contrebande d\u2019armes russes. \u00c0 la suite de quoi il prend la fuite en un avion de chasse. Et vole juste au-dessus de cette splendide vall\u00e9e. Si vous d\u00e9cidez de vous rendre \u00e0 Luchon. Sachez que la vall\u00e9e et ses alentours valent vraiment le d\u00e9tour !<\/p>\t\t\t\t\t\t\t\t<\/div>\n\t\t\t\t<\/div>\n\t\t\t\t\t<\/div>\n\t\t<\/div>\n\t\t\t\t\t<\/div>\n\t\t<\/section>\n\t\t\t\t<div class=\"elementor-element elementor-element-d0d8f78 elementor-widget elementor-widget-text-editor\" data-id=\"d0d8f78\" data-element_type=\"widget\" data-widget_type=\"text-editor.default\">\n\t\t\t\t<div class=\"elementor-widget-container\">\n\t\t\t\t\t\t\t\t\t<p>Pour en revenir au film, au d\u00e9part le titre pr\u00e9vu \u00e9tait le suivant Tomorrow Never Lies. (Demain ne ment jamais). Une faute de frappe est l\u2019origine du titre original : Tomorrow Never Dies (<em>Demain ne meurt jamais<\/em>). Qui a davantage plut aux producteurs.<\/p>\t\t\t\t\t\t\t\t<\/div>\n\t\t\t\t<\/div>\n\t\t\t\t<div class=\"elementor-element elementor-element-6b1dd0d elementor-widget elementor-widget-spacer\" data-id=\"6b1dd0d\" data-element_type=\"widget\" data-widget_type=\"spacer.default\">\n\t\t\t\t<div class=\"elementor-widget-container\">\n\t\t\t\t\t\t\t<div class=\"elementor-spacer\">\n\t\t\t<div class=\"elementor-spacer-inner\"><\/div>\n\t\t<\/div>\n\t\t\t\t\t\t<\/div>\n\t\t\t\t<\/div>\n\t\t\t\t\t<\/div>\n\t\t<\/div>\n\t\t\t\t\t<\/div>\n\t\t<\/section>\n\t\t\t\t<section class=\"elementor-section elementor-top-section elementor-element elementor-element-eec39dd elementor-section-boxed elementor-section-height-default elementor-section-height-default\" data-id=\"eec39dd\" data-element_type=\"section\">\n\t\t\t\t\t\t<div class=\"elementor-container elementor-column-gap-default\">\n\t\t\t\t\t<div class=\"elementor-column elementor-col-100 elementor-top-column elementor-element elementor-element-a79ea4c\" data-id=\"a79ea4c\" data-element_type=\"column\">\n\t\t\t<div class=\"elementor-widget-wrap elementor-element-populated\">\n\t\t\t\t\t\t<div class=\"elementor-element elementor-element-9ea073f elementor-widget elementor-widget-heading\" data-id=\"9ea073f\" data-element_type=\"widget\" data-widget_type=\"heading.default\">\n\t\t\t\t<div class=\"elementor-widget-container\">\n\t\t\t\t\t<h2 class=\"elementor-heading-title elementor-size-large\">Les Visiteurs : Le Ch\u00e2teau Comtal\n<\/h2>\t\t\t\t<\/div>\n\t\t\t\t<\/div>\n\t\t\t\t<div class=\"elementor-element elementor-element-b48bc3b elementor-widget elementor-widget-text-editor\" data-id=\"b48bc3b\" data-element_type=\"widget\" data-widget_type=\"text-editor.default\">\n\t\t\t\t<div class=\"elementor-widget-container\">\n\t\t\t\t\t\t\t\t\t<p><span class=\"emoji\"><img decoding=\"async\" class=\"emoji\" role=\"img\" draggable=\"false\" src=\"https:\/\/s.w.org\/images\/core\/emoji\/13.0.1\/svg\/1f4cd.svg\" alt=\"\ud83d\udccd\" \/> <\/span>11000 Carcassonne, France<\/p><p>Derni\u00e8re destination\u00a0: le ch\u00e2teau Comtal \u00e0 Carcassonne, en Aude. Class\u00e9 au patrimoine mondial de l\u2019humanit\u00e9 par <a href=\"https:\/\/www.wedrivit.com\/blog\/voiture\/collection\/les-monuments-de-lunesco-en-ancienne\/\" target=\"_blank\" rel=\"noopener\">l\u2019Unesco. L<\/a>e ch\u00e2teau Comtal et ses remparts sont l\u2019un des <strong>lieux de tournage du film<\/strong> \u00e0 succ\u00e8s. <em>Les Visiteurs<\/em>. C\u2019est dans ce ch\u00e2teau qu\u2019habite la promise de Godefroy de Montmirail (Jean Reno). Fr\u00e9n\u00e9gonde de Pouille, incarn\u00e9e par Val\u00e9rie Lemercier.<\/p><p>L\u2019\u00e9difice \u00e9tait jusqu\u2019en 1959 une fronti\u00e8re qui d\u00e9limitait la France de l\u2019Aragon. (avant le trait\u00e9 des Pyr\u00e9n\u00e9es).<\/p>\t\t\t\t\t\t\t\t<\/div>\n\t\t\t\t<\/div>\n\t\t\t\t<div class=\"elementor-element elementor-element-5e94e04 elementor-widget elementor-widget-image\" data-id=\"5e94e04\" data-element_type=\"widget\" data-widget_type=\"image.default\">\n\t\t\t\t<div class=\"elementor-widget-container\">\n\t\t\t\t\t\t\t\t\t\t\t\t\t\t\t<img loading=\"lazy\" decoding=\"async\" width=\"932\" height=\"640\" src=\"https:\/\/www.wedrivit.com\/blog\/wp-content\/uploads\/2021\/05\/Chateau.Comtal.640.23965.jpg\" class=\"attachment-large size-large wp-image-2515\" alt=\"Ch\u00e2teau Comtal, Carcassonne\" \/>\t\t\t\t\t\t\t\t\t\t\t\t\t\t\t<\/div>\n\t\t\t\t<\/div>\n\t\t\t\t<div class=\"elementor-element elementor-element-d8143dc elementor-widget elementor-widget-text-editor\" data-id=\"d8143dc\" data-element_type=\"widget\" data-widget_type=\"text-editor.default\">\n\t\t\t\t<div class=\"elementor-widget-container\">\n\t\t\t\t\t\t\t\t\t<p>Si vous \u00eates fan des <em>Visiteurs<\/em> et que vous voulez visiter le ch\u00e2teau Comtal. Profitez-en pour d\u00e9ambuler dans la cit\u00e9 de Carcassonne. Et faire le tour de la r\u00e9gion au volant de votre <strong>voiture de collection. V<\/strong>ous ne serez pas d\u00e9\u00e7u !<\/p><p>Ces articles devraient vous int\u00e9resser !<\/p><blockquote><p><a href=\"https:\/\/www.wedrivit.com\/blog\/voiture\/collection\/location-voiture-film-comment-choisir\/\">Quelle voiture ancienne louer pour un film?<\/a>\u00a0<\/p><p><a href=\"https:\/\/www.wedrivit.com\/blog\/voiture\/collection\/top-les-voitures-qui-ont-inspire-des-films\/\">Top 5 : Les films inspir\u00e9s de voiture<\/a><\/p><p><a href=\"https:\/\/www.wedrivit.com\/blog\/voiture\/collection\/top-10voitures-anciennes-television\/\">Top 10 des voitures anciennes pr\u00e9f\u00e9r\u00e9es \u00e0 la t\u00e9l\u00e9<\/a><\/p><\/blockquote>\t\t\t\t\t\t\t\t<\/div>\n\t\t\t\t<\/div>\n\t\t\t\t<div class=\"elementor-element elementor-element-89e0033 elementor-widget elementor-widget-spacer\" data-id=\"89e0033\" data-element_type=\"widget\" data-widget_type=\"spacer.default\">\n\t\t\t\t<div class=\"elementor-widget-container\">\n\t\t\t\t\t\t\t<div class=\"elementor-spacer\">\n\t\t\t<div class=\"elementor-spacer-inner\"><\/div>\n\t\t<\/div>\n\t\t\t\t\t\t<\/div>\n\t\t\t\t<\/div>\n\t\t\t\t\t<\/div>\n\t\t<\/div>\n\t\t\t\t\t<\/div>\n\t\t<\/section>\n\t\t\t\t<section class=\"elementor-section elementor-top-section elementor-element elementor-element-e071481 elementor-section-boxed elementor-section-height-default elementor-section-height-default\" data-id=\"e071481\" data-element_type=\"section\">\n\t\t\t\t\t\t<div class=\"elementor-container elementor-column-gap-default\">\n\t\t\t\t\t<div class=\"elementor-column elementor-col-100 elementor-top-column elementor-element elementor-element-b1e3212\" data-id=\"b1e3212\" data-element_type=\"column\">\n\t\t\t<div class=\"elementor-widget-wrap elementor-element-populated\">\n\t\t\t\t\t\t<div class=\"elementor-element elementor-element-8d5385b elementor-align-center elementor-widget elementor-widget-button\" data-id=\"8d5385b\" data-element_type=\"widget\" data-widget_type=\"button.default\">\n\t\t\t\t<div class=\"elementor-widget-container\">\n\t\t\t\t\t\t\t\t\t<div class=\"elementor-button-wrapper\">\n\t\t\t\t\t<a class=\"elementor-button elementor-button-link elementor-size-sm\" href=\"https:\/\/www.wedrivit.com\/\" target=\"_blank\">\n\t\t\t\t\t\t<span class=\"elementor-button-content-wrapper\">\n\t\t\t\t\t\t\t\t\t<span class=\"elementor-button-text\">Louer une voiture pr\u00e8s de chez moi<\/span>\n\t\t\t\t\t<\/span>\n\t\t\t\t\t<\/a>\n\t\t\t\t<\/div>\n\t\t\t\t\t\t\t\t<\/div>\n\t\t\t\t<\/div>\n\t\t\t\t\t<\/div>\n\t\t<\/div>\n\t\t\t\t\t<\/div>\n\t\t<\/section>\n\t\t\t\t<\/div>\n\t\t","protected":false},"excerpt":{"rendered":"<p>Parcourir la France sur les lieux de tournage de vos films pr\u00e9f\u00e9r\u00e9s<\/p>\n","protected":false},"author":14,"featured_media":2508,"comment_status":"open","ping_status":"open","sticky":false,"template":"","format":"standard","meta":{"footnotes":""},"categories":[17,1,7],"tags":[41,50,19,14,27],"class_list":["post-2481","post","type-post","status-publish","format-standard","has-post-thumbnail","hentry","category-culture-automobile","category-tous-les-articles","category-voyage","tag-culture","tag-films","tag-road-trip","tag-voiture-ancienne","tag-voiture-de-collection"],"yoast_head":"<!-- This site is optimized with the Yoast SEO plugin v26.9 - https:\/\/yoast.com\/product\/yoast-seo-wordpress\/ -->\n<title>Parcourir la France sur les lieux de tournage de vos films pr\u00e9f\u00e9r\u00e9s - Le blog des voitures de collection par Wedrivit<\/title>\n<meta name=\"description\" content=\"\u00c0 bord de votre voiture de collection et gr\u00e2ce \u00e0 la plateforme Fantrippers, d\u00e9couvrez les lieux de tournage de films et s\u00e9ries cultes dans le monde entier !\" \/>\n<meta name=\"robots\" content=\"index, follow, max-snippet:-1, max-image-preview:large, max-video-preview:-1\" \/>\n<link rel=\"canonical\" href=\"https:\/\/www.wedrivit.com\/blog\/voiture\/collection\/parcourir-la-france-sur-les-lieux-de-tournage-de-vos-films-preferes\" \/>\n<meta property=\"og:locale\" content=\"fr_FR\" \/>\n<meta property=\"og:type\" content=\"article\" \/>\n<meta property=\"og:title\" content=\"Parcourir la France sur les lieux de tournage de vos films pr\u00e9f\u00e9r\u00e9s - Le blog des voitures de collection par Wedrivit\" \/>\n<meta property=\"og:description\" content=\"\u00c0 bord de votre voiture de collection et gr\u00e2ce \u00e0 la plateforme Fantrippers, d\u00e9couvrez les lieux de tournage de films et s\u00e9ries cultes dans le monde entier !\" \/>\n<meta property=\"og:url\" content=\"https:\/\/www.wedrivit.com\/blog\/voiture\/collection\/parcourir-la-france-sur-les-lieux-de-tournage-de-vos-films-preferes\" \/>\n<meta property=\"og:site_name\" content=\"Le blog des voitures de collection par Wedrivit\" \/>\n<meta property=\"article:published_time\" content=\"2021-05-19T07:25:57+00:00\" \/>\n<meta property=\"article:modified_time\" content=\"2022-12-13T11:52:57+00:00\" \/>\n<meta property=\"og:image\" content=\"https:\/\/www.wedrivit.com\/blog\/wp-content\/uploads\/2021\/05\/zoom-james-bond-cars.jpg\" \/>\n\t<meta property=\"og:image:width\" content=\"750\" \/>\n\t<meta property=\"og:image:height\" content=\"500\" \/>\n\t<meta property=\"og:image:type\" content=\"image\/jpeg\" \/>\n<meta name=\"author\" content=\"Pauline de Reilhac\" \/>\n<meta name=\"twitter:card\" content=\"summary_large_image\" \/>\n<meta name=\"twitter:label1\" content=\"\u00c9crit par\" \/>\n\t<meta name=\"twitter:data1\" content=\"Pauline de Reilhac\" \/>\n\t<meta name=\"twitter:label2\" content=\"Dur\u00e9e de lecture estim\u00e9e\" \/>\n\t<meta name=\"twitter:data2\" content=\"8 minutes\" \/>\n<script type=\"application\/ld+json\" class=\"yoast-schema-graph\">{\"@context\":\"https:\/\/schema.org\",\"@graph\":[{\"@type\":\"Article\",\"@id\":\"https:\/\/www.wedrivit.com\/blog\/voiture\/collection\/parcourir-la-france-sur-les-lieux-de-tournage-de-vos-films-preferes#article\",\"isPartOf\":{\"@id\":\"https:\/\/www.wedrivit.com\/blog\/voiture\/collection\/parcourir-la-france-sur-les-lieux-de-tournage-de-vos-films-preferes\"},\"author\":{\"name\":\"Pauline de Reilhac\",\"@id\":\"https:\/\/www.wedrivit.com\/blog\/#\/schema\/person\/267165b634747403d72834c3676780d5\"},\"headline\":\"Parcourir la France sur les lieux de tournage de vos films pr\u00e9f\u00e9r\u00e9s\",\"datePublished\":\"2021-05-19T07:25:57+00:00\",\"dateModified\":\"2022-12-13T11:52:57+00:00\",\"mainEntityOfPage\":{\"@id\":\"https:\/\/www.wedrivit.com\/blog\/voiture\/collection\/parcourir-la-france-sur-les-lieux-de-tournage-de-vos-films-preferes\"},\"wordCount\":1641,\"commentCount\":0,\"publisher\":{\"@id\":\"https:\/\/www.wedrivit.com\/blog\/#organization\"},\"image\":{\"@id\":\"https:\/\/www.wedrivit.com\/blog\/voiture\/collection\/parcourir-la-france-sur-les-lieux-de-tournage-de-vos-films-preferes#primaryimage\"},\"thumbnailUrl\":\"https:\/\/www.wedrivit.com\/blog\/wp-content\/uploads\/2021\/05\/zoom-james-bond-cars.jpg\",\"keywords\":[\"Culture\",\"Films\",\"Road trip\",\"voiture ancienne\",\"Voiture de collection\"],\"articleSection\":[\"Culture Automobile\",\"Tous les articles\",\"Voyages\"],\"inLanguage\":\"fr-FR\",\"potentialAction\":[{\"@type\":\"CommentAction\",\"name\":\"Comment\",\"target\":[\"https:\/\/www.wedrivit.com\/blog\/voiture\/collection\/parcourir-la-france-sur-les-lieux-de-tournage-de-vos-films-preferes#respond\"]}]},{\"@type\":\"WebPage\",\"@id\":\"https:\/\/www.wedrivit.com\/blog\/voiture\/collection\/parcourir-la-france-sur-les-lieux-de-tournage-de-vos-films-preferes\",\"url\":\"https:\/\/www.wedrivit.com\/blog\/voiture\/collection\/parcourir-la-france-sur-les-lieux-de-tournage-de-vos-films-preferes\",\"name\":\"Parcourir la France sur les lieux de tournage de vos films pr\u00e9f\u00e9r\u00e9s - Le blog des voitures de collection par Wedrivit\",\"isPartOf\":{\"@id\":\"https:\/\/www.wedrivit.com\/blog\/#website\"},\"primaryImageOfPage\":{\"@id\":\"https:\/\/www.wedrivit.com\/blog\/voiture\/collection\/parcourir-la-france-sur-les-lieux-de-tournage-de-vos-films-preferes#primaryimage\"},\"image\":{\"@id\":\"https:\/\/www.wedrivit.com\/blog\/voiture\/collection\/parcourir-la-france-sur-les-lieux-de-tournage-de-vos-films-preferes#primaryimage\"},\"thumbnailUrl\":\"https:\/\/www.wedrivit.com\/blog\/wp-content\/uploads\/2021\/05\/zoom-james-bond-cars.jpg\",\"datePublished\":\"2021-05-19T07:25:57+00:00\",\"dateModified\":\"2022-12-13T11:52:57+00:00\",\"description\":\"\u00c0 bord de votre voiture de collection et gr\u00e2ce \u00e0 la plateforme Fantrippers, d\u00e9couvrez les lieux de tournage de films et s\u00e9ries cultes dans le monde entier !\",\"breadcrumb\":{\"@id\":\"https:\/\/www.wedrivit.com\/blog\/voiture\/collection\/parcourir-la-france-sur-les-lieux-de-tournage-de-vos-films-preferes#breadcrumb\"},\"inLanguage\":\"fr-FR\",\"potentialAction\":[{\"@type\":\"ReadAction\",\"target\":[\"https:\/\/www.wedrivit.com\/blog\/voiture\/collection\/parcourir-la-france-sur-les-lieux-de-tournage-de-vos-films-preferes\"]}]},{\"@type\":\"ImageObject\",\"inLanguage\":\"fr-FR\",\"@id\":\"https:\/\/www.wedrivit.com\/blog\/voiture\/collection\/parcourir-la-france-sur-les-lieux-de-tournage-de-vos-films-preferes#primaryimage\",\"url\":\"https:\/\/www.wedrivit.com\/blog\/wp-content\/uploads\/2021\/05\/zoom-james-bond-cars.jpg\",\"contentUrl\":\"https:\/\/www.wedrivit.com\/blog\/wp-content\/uploads\/2021\/05\/zoom-james-bond-cars.jpg\",\"width\":750,\"height\":500},{\"@type\":\"BreadcrumbList\",\"@id\":\"https:\/\/www.wedrivit.com\/blog\/voiture\/collection\/parcourir-la-france-sur-les-lieux-de-tournage-de-vos-films-preferes#breadcrumb\",\"itemListElement\":[{\"@type\":\"ListItem\",\"position\":1,\"name\":\"Home\",\"item\":\"https:\/\/www.wedrivit.com\/blog\/\"},{\"@type\":\"ListItem\",\"position\":2,\"name\":\"Parcourir la France sur les lieux de tournage de vos films pr\u00e9f\u00e9r\u00e9s\"}]},{\"@type\":\"WebSite\",\"@id\":\"https:\/\/www.wedrivit.com\/blog\/#website\",\"url\":\"https:\/\/www.wedrivit.com\/blog\/\",\"name\":\"Le blog des voitures de collection par Wedrivit\",\"description\":\"Tout savoir sur les voitures anciennes grace \u00e0 Wedrivit, la plateforme de location de voitures anciennes entre particuliers.\",\"publisher\":{\"@id\":\"https:\/\/www.wedrivit.com\/blog\/#organization\"},\"potentialAction\":[{\"@type\":\"SearchAction\",\"target\":{\"@type\":\"EntryPoint\",\"urlTemplate\":\"https:\/\/www.wedrivit.com\/blog\/?s={search_term_string}\"},\"query-input\":{\"@type\":\"PropertyValueSpecification\",\"valueRequired\":true,\"valueName\":\"search_term_string\"}}],\"inLanguage\":\"fr-FR\"},{\"@type\":\"Organization\",\"@id\":\"https:\/\/www.wedrivit.com\/blog\/#organization\",\"name\":\"Le blog des voitures de collection par Wedrivit\",\"url\":\"https:\/\/www.wedrivit.com\/blog\/\",\"logo\":{\"@type\":\"ImageObject\",\"inLanguage\":\"fr-FR\",\"@id\":\"https:\/\/www.wedrivit.com\/blog\/#\/schema\/logo\/image\/\",\"url\":\"https:\/\/www.wedrivit.com\/blog\/wp-content\/uploads\/2024\/12\/wedrivit-blanc-large-2.png\",\"contentUrl\":\"https:\/\/www.wedrivit.com\/blog\/wp-content\/uploads\/2024\/12\/wedrivit-blanc-large-2.png\",\"caption\":\"Le blog des voitures de collection par Wedrivit\"},\"image\":{\"@id\":\"https:\/\/www.wedrivit.com\/blog\/#\/schema\/logo\/image\/\"}},{\"@type\":\"Person\",\"@id\":\"https:\/\/www.wedrivit.com\/blog\/#\/schema\/person\/267165b634747403d72834c3676780d5\",\"name\":\"Pauline de Reilhac\",\"image\":{\"@type\":\"ImageObject\",\"inLanguage\":\"fr-FR\",\"@id\":\"https:\/\/www.wedrivit.com\/blog\/#\/schema\/person\/image\/\",\"url\":\"https:\/\/secure.gravatar.com\/avatar\/7b10d6fa0d011af0a64491a126447ab47842ff611b25be63433b058076697b0d?s=96&d=mm&r=g\",\"contentUrl\":\"https:\/\/secure.gravatar.com\/avatar\/7b10d6fa0d011af0a64491a126447ab47842ff611b25be63433b058076697b0d?s=96&d=mm&r=g\",\"caption\":\"Pauline de Reilhac\"},\"sameAs\":[\"http:\/\/www.classic-hub.com\"],\"url\":\"https:\/\/www.wedrivit.com\/blog\/voiture\/collection\/author\/pauline-de-reilhac\"}]}<\/script>\n<!-- \/ Yoast SEO plugin. -->","yoast_head_json":{"title":"Parcourir la France sur les lieux de tournage de vos films pr\u00e9f\u00e9r\u00e9s - Le blog des voitures de collection par Wedrivit","description":"\u00c0 bord de votre voiture de collection et gr\u00e2ce \u00e0 la plateforme Fantrippers, d\u00e9couvrez les lieux de tournage de films et s\u00e9ries cultes dans le monde entier !","robots":{"index":"index","follow":"follow","max-snippet":"max-snippet:-1","max-image-preview":"max-image-preview:large","max-video-preview":"max-video-preview:-1"},"canonical":"https:\/\/www.wedrivit.com\/blog\/voiture\/collection\/parcourir-la-france-sur-les-lieux-de-tournage-de-vos-films-preferes","og_locale":"fr_FR","og_type":"article","og_title":"Parcourir la France sur les lieux de tournage de vos films pr\u00e9f\u00e9r\u00e9s - Le blog des voitures de collection par Wedrivit","og_description":"\u00c0 bord de votre voiture de collection et gr\u00e2ce \u00e0 la plateforme Fantrippers, d\u00e9couvrez les lieux de tournage de films et s\u00e9ries cultes dans le monde entier !","og_url":"https:\/\/www.wedrivit.com\/blog\/voiture\/collection\/parcourir-la-france-sur-les-lieux-de-tournage-de-vos-films-preferes","og_site_name":"Le blog des voitures de collection par Wedrivit","article_published_time":"2021-05-19T07:25:57+00:00","article_modified_time":"2022-12-13T11:52:57+00:00","og_image":[{"width":750,"height":500,"url":"https:\/\/www.wedrivit.com\/blog\/wp-content\/uploads\/2021\/05\/zoom-james-bond-cars.jpg","type":"image\/jpeg"}],"author":"Pauline de Reilhac","twitter_card":"summary_large_image","twitter_misc":{"\u00c9crit par":"Pauline de Reilhac","Dur\u00e9e de lecture estim\u00e9e":"8 minutes"},"schema":{"@context":"https:\/\/schema.org","@graph":[{"@type":"Article","@id":"https:\/\/www.wedrivit.com\/blog\/voiture\/collection\/parcourir-la-france-sur-les-lieux-de-tournage-de-vos-films-preferes#article","isPartOf":{"@id":"https:\/\/www.wedrivit.com\/blog\/voiture\/collection\/parcourir-la-france-sur-les-lieux-de-tournage-de-vos-films-preferes"},"author":{"name":"Pauline de Reilhac","@id":"https:\/\/www.wedrivit.com\/blog\/#\/schema\/person\/267165b634747403d72834c3676780d5"},"headline":"Parcourir la France sur les lieux de tournage de vos films pr\u00e9f\u00e9r\u00e9s","datePublished":"2021-05-19T07:25:57+00:00","dateModified":"2022-12-13T11:52:57+00:00","mainEntityOfPage":{"@id":"https:\/\/www.wedrivit.com\/blog\/voiture\/collection\/parcourir-la-france-sur-les-lieux-de-tournage-de-vos-films-preferes"},"wordCount":1641,"commentCount":0,"publisher":{"@id":"https:\/\/www.wedrivit.com\/blog\/#organization"},"image":{"@id":"https:\/\/www.wedrivit.com\/blog\/voiture\/collection\/parcourir-la-france-sur-les-lieux-de-tournage-de-vos-films-preferes#primaryimage"},"thumbnailUrl":"https:\/\/www.wedrivit.com\/blog\/wp-content\/uploads\/2021\/05\/zoom-james-bond-cars.jpg","keywords":["Culture","Films","Road trip","voiture ancienne","Voiture de collection"],"articleSection":["Culture Automobile","Tous les articles","Voyages"],"inLanguage":"fr-FR","potentialAction":[{"@type":"CommentAction","name":"Comment","target":["https:\/\/www.wedrivit.com\/blog\/voiture\/collection\/parcourir-la-france-sur-les-lieux-de-tournage-de-vos-films-preferes#respond"]}]},{"@type":"WebPage","@id":"https:\/\/www.wedrivit.com\/blog\/voiture\/collection\/parcourir-la-france-sur-les-lieux-de-tournage-de-vos-films-preferes","url":"https:\/\/www.wedrivit.com\/blog\/voiture\/collection\/parcourir-la-france-sur-les-lieux-de-tournage-de-vos-films-preferes","name":"Parcourir la France sur les lieux de tournage de vos films pr\u00e9f\u00e9r\u00e9s - Le blog des voitures de collection par Wedrivit","isPartOf":{"@id":"https:\/\/www.wedrivit.com\/blog\/#website"},"primaryImageOfPage":{"@id":"https:\/\/www.wedrivit.com\/blog\/voiture\/collection\/parcourir-la-france-sur-les-lieux-de-tournage-de-vos-films-preferes#primaryimage"},"image":{"@id":"https:\/\/www.wedrivit.com\/blog\/voiture\/collection\/parcourir-la-france-sur-les-lieux-de-tournage-de-vos-films-preferes#primaryimage"},"thumbnailUrl":"https:\/\/www.wedrivit.com\/blog\/wp-content\/uploads\/2021\/05\/zoom-james-bond-cars.jpg","datePublished":"2021-05-19T07:25:57+00:00","dateModified":"2022-12-13T11:52:57+00:00","description":"\u00c0 bord de votre voiture de collection et gr\u00e2ce \u00e0 la plateforme Fantrippers, d\u00e9couvrez les lieux de tournage de films et s\u00e9ries cultes dans le monde entier !","breadcrumb":{"@id":"https:\/\/www.wedrivit.com\/blog\/voiture\/collection\/parcourir-la-france-sur-les-lieux-de-tournage-de-vos-films-preferes#breadcrumb"},"inLanguage":"fr-FR","potentialAction":[{"@type":"ReadAction","target":["https:\/\/www.wedrivit.com\/blog\/voiture\/collection\/parcourir-la-france-sur-les-lieux-de-tournage-de-vos-films-preferes"]}]},{"@type":"ImageObject","inLanguage":"fr-FR","@id":"https:\/\/www.wedrivit.com\/blog\/voiture\/collection\/parcourir-la-france-sur-les-lieux-de-tournage-de-vos-films-preferes#primaryimage","url":"https:\/\/www.wedrivit.com\/blog\/wp-content\/uploads\/2021\/05\/zoom-james-bond-cars.jpg","contentUrl":"https:\/\/www.wedrivit.com\/blog\/wp-content\/uploads\/2021\/05\/zoom-james-bond-cars.jpg","width":750,"height":500},{"@type":"BreadcrumbList","@id":"https:\/\/www.wedrivit.com\/blog\/voiture\/collection\/parcourir-la-france-sur-les-lieux-de-tournage-de-vos-films-preferes#breadcrumb","itemListElement":[{"@type":"ListItem","position":1,"name":"Home","item":"https:\/\/www.wedrivit.com\/blog\/"},{"@type":"ListItem","position":2,"name":"Parcourir la France sur les lieux de tournage de vos films pr\u00e9f\u00e9r\u00e9s"}]},{"@type":"WebSite","@id":"https:\/\/www.wedrivit.com\/blog\/#website","url":"https:\/\/www.wedrivit.com\/blog\/","name":"Le blog des voitures de collection par Wedrivit","description":"Tout savoir sur les voitures anciennes grace \u00e0 Wedrivit, la plateforme de location de voitures anciennes entre particuliers.","publisher":{"@id":"https:\/\/www.wedrivit.com\/blog\/#organization"},"potentialAction":[{"@type":"SearchAction","target":{"@type":"EntryPoint","urlTemplate":"https:\/\/www.wedrivit.com\/blog\/?s={search_term_string}"},"query-input":{"@type":"PropertyValueSpecification","valueRequired":true,"valueName":"search_term_string"}}],"inLanguage":"fr-FR"},{"@type":"Organization","@id":"https:\/\/www.wedrivit.com\/blog\/#organization","name":"Le blog des voitures de collection par Wedrivit","url":"https:\/\/www.wedrivit.com\/blog\/","logo":{"@type":"ImageObject","inLanguage":"fr-FR","@id":"https:\/\/www.wedrivit.com\/blog\/#\/schema\/logo\/image\/","url":"https:\/\/www.wedrivit.com\/blog\/wp-content\/uploads\/2024\/12\/wedrivit-blanc-large-2.png","contentUrl":"https:\/\/www.wedrivit.com\/blog\/wp-content\/uploads\/2024\/12\/wedrivit-blanc-large-2.png","caption":"Le blog des voitures de collection par Wedrivit"},"image":{"@id":"https:\/\/www.wedrivit.com\/blog\/#\/schema\/logo\/image\/"}},{"@type":"Person","@id":"https:\/\/www.wedrivit.com\/blog\/#\/schema\/person\/267165b634747403d72834c3676780d5","name":"Pauline de Reilhac","image":{"@type":"ImageObject","inLanguage":"fr-FR","@id":"https:\/\/www.wedrivit.com\/blog\/#\/schema\/person\/image\/","url":"https:\/\/secure.gravatar.com\/avatar\/7b10d6fa0d011af0a64491a126447ab47842ff611b25be63433b058076697b0d?s=96&d=mm&r=g","contentUrl":"https:\/\/secure.gravatar.com\/avatar\/7b10d6fa0d011af0a64491a126447ab47842ff611b25be63433b058076697b0d?s=96&d=mm&r=g","caption":"Pauline de Reilhac"},"sameAs":["http:\/\/www.classic-hub.com"],"url":"https:\/\/www.wedrivit.com\/blog\/voiture\/collection\/author\/pauline-de-reilhac"}]}},"_links":{"self":[{"href":"https:\/\/www.wedrivit.com\/blog\/wp-json\/wp\/v2\/posts\/2481","targetHints":{"allow":["GET"]}}],"collection":[{"href":"https:\/\/www.wedrivit.com\/blog\/wp-json\/wp\/v2\/posts"}],"about":[{"href":"https:\/\/www.wedrivit.com\/blog\/wp-json\/wp\/v2\/types\/post"}],"author":[{"embeddable":true,"href":"https:\/\/www.wedrivit.com\/blog\/wp-json\/wp\/v2\/users\/14"}],"replies":[{"embeddable":true,"href":"https:\/\/www.wedrivit.com\/blog\/wp-json\/wp\/v2\/comments?post=2481"}],"version-history":[{"count":65,"href":"https:\/\/www.wedrivit.com\/blog\/wp-json\/wp\/v2\/posts\/2481\/revisions"}],"predecessor-version":[{"id":7381,"href":"https:\/\/www.wedrivit.com\/blog\/wp-json\/wp\/v2\/posts\/2481\/revisions\/7381"}],"wp:featuredmedia":[{"embeddable":true,"href":"https:\/\/www.wedrivit.com\/blog\/wp-json\/wp\/v2\/media\/2508"}],"wp:attachment":[{"href":"https:\/\/www.wedrivit.com\/blog\/wp-json\/wp\/v2\/media?parent=2481"}],"wp:term":[{"taxonomy":"category","embeddable":true,"href":"https:\/\/www.wedrivit.com\/blog\/wp-json\/wp\/v2\/categories?post=2481"},{"taxonomy":"post_tag","embeddable":true,"href":"https:\/\/www.wedrivit.com\/blog\/wp-json\/wp\/v2\/tags?post=2481"}],"curies":[{"name":"wp","href":"https:\/\/api.w.org\/{rel}","templated":true}]}}