{"id":1612,"date":"2021-02-09T15:14:00","date_gmt":"2021-02-09T13:14:00","guid":{"rendered":"https:\/\/www.classic-hub.com\/blog\/?p=1612"},"modified":"2022-08-11T11:08:18","modified_gmt":"2022-08-11T09:08:18","slug":"les-voitures-devenues-collection-en-2021","status":"publish","type":"post","link":"https:\/\/www.wedrivit.com\/blog\/voiture\/collection\/les-voitures-devenues-collection-en-2021","title":{"rendered":"Les voitures devenues collection en 2021"},"content":{"rendered":"\t\t<div data-elementor-type=\"wp-post\" data-elementor-id=\"1612\" class=\"elementor elementor-1612\">\n\t\t\t\t\t\t<section class=\"elementor-section elementor-top-section elementor-element elementor-element-6df56d64 elementor-section-boxed elementor-section-height-default elementor-section-height-default\" data-id=\"6df56d64\" data-element_type=\"section\">\n\t\t\t\t\t\t<div class=\"elementor-container elementor-column-gap-default\">\n\t\t\t\t\t<div class=\"elementor-column elementor-col-100 elementor-top-column elementor-element elementor-element-7b5c7907\" data-id=\"7b5c7907\" data-element_type=\"column\">\n\t\t\t<div class=\"elementor-widget-wrap elementor-element-populated\">\n\t\t\t\t\t\t<div class=\"elementor-element elementor-element-97a0b6d elementor-widget elementor-widget-text-editor\" data-id=\"97a0b6d\" data-element_type=\"widget\" data-widget_type=\"text-editor.default\">\n\t\t\t\t<div class=\"elementor-widget-container\">\n\t\t\t\t\t\t\t\t\t<p>Une<strong> voiture de collection en 2021<\/strong> est consid\u00e9r\u00e9e comme telle lorsqu\u2019elle r\u00e9pond \u00e0 plusieurs crit\u00e8res historiques. Elle doit notamment avoir plus de 30 ans, ne plus \u00eatre produit et \u00eatre dans son \u00e9tat d\u2019origine. C\u2019est \u00e0 dire qu\u2019elle ne peut pas avoir subi de modification sur ses \u00e9l\u00e9ments d&rsquo;origine et \u00eatre en bon \u00e9tat.<\/p>\n<p><!-- \/wp:paragraph --><!-- wp:paragraph --><\/p>\n<p>Pour obtenir la carte grise de <strong>collection du v\u00e9hicule<\/strong>, il faut se rapprocher de la F\u00e9d\u00e9ration Fran\u00e7aise des V\u00e9hicules d\u2019\u00c9poque (FFVE). Ou sinon, du constructeur automobile de la voiture. Ces derniers \u00e9tant habilit\u00e9s \u00e0 d\u00e9livrer une attestation prouvant l\u2019anciennet\u00e9 et le patrimoine du v\u00e9hicule et ainsi sa caract\u00e9ristique de <strong>collection en 2021<\/strong>.<\/p>\n<p><!-- \/wp:paragraph --><!-- wp:paragraph --><\/p>\n<p>Une fois l\u2019attestation obtenue, il est n\u00e9cessaire de faire sa demande de carte grise en ligne, chez un professionnel agr\u00e9\u00e9 ou encore directement sur le site de l\u2019ANTS : <em><a href=\"https:\/\/immatriculation.ants.gouv.fr\/\" target=\"_blank\" rel=\"noreferrer noopener\" aria-label=\"undefined (s\u2019ouvre dans un nouvel onglet)\">https:\/\/immatriculation.ants.gouv.fr\/<\/a><\/em><\/p>\n<p><!-- \/wp:paragraph --><!-- wp:paragraph --><\/p>\n<p>Cette ann\u00e9e tous les v\u00e9hicules produits en 1991 et qui respectent tous ces crit\u00e8res pourront b\u00e9n\u00e9ficier du <strong>Certificat d\u2019Immatriculation de Collection<\/strong> et rejoindre le monde prestigieux des<\/p>\t\t\t\t\t\t\t\t<\/div>\n\t\t\t\t<\/div>\n\t\t\t\t<div class=\"elementor-element elementor-element-934604d elementor-widget elementor-widget-heading\" data-id=\"934604d\" data-element_type=\"widget\" data-widget_type=\"heading.default\">\n\t\t\t\t<div class=\"elementor-widget-container\">\n\t\t\t\t\t<h2 class=\"elementor-heading-title elementor-size-default\">Les mod\u00e8les de voitures devenues voitures de collection en 2021<\/h2>\t\t\t\t<\/div>\n\t\t\t\t<\/div>\n\t\t\t\t<div class=\"elementor-element elementor-element-3854fb47 elementor-widget elementor-widget-text-editor\" data-id=\"3854fb47\" data-element_type=\"widget\" data-widget_type=\"text-editor.default\">\n\t\t\t\t<div class=\"elementor-widget-container\">\n\t\t\t\t\t\t\t\t\t<p><!-- wp:paragraph --><!-- \/wp:paragraph --><!-- wp:paragraph --><\/p>\n<p><em>Wdrivit a fait une s\u00e9lection des voitures de sport sorties en 1991 et qui sont entr\u00e9es cette ann\u00e9e dans la cat\u00e9gorie : <strong>voiture de collection<\/strong>.\u00a0<\/em><\/p>\n<p><!-- \/wp:paragraph --><!-- wp:paragraph --><\/p>\n<p><!-- \/wp:paragraph --><!-- wp:media-text {\"mediaId\":1613,\"mediaLink\":\"https:\/\/www.classic-hub.com\/blog\/?attachment_id=1613\",\"mediaType\":\"image\",\"imageFill\":false} --><\/p>\n<div class=\"wp-block-media-text alignwide is-stacked-on-mobile\">\n<figure class=\"wp-block-media-text__media\">\n<p><img fetchpriority=\"high\" decoding=\"async\" class=\"alignnone wp-image-1613\" src=\"https:\/\/www.classic-hub.com\/blog\/wp-content\/uploads\/2021\/02\/Bugatti_EB_110-1024x682.jpg\" alt=\"Bugatti EB110 GT - Voiture ancienne\" width=\"1024\" height=\"682\" srcset=\"https:\/\/www.wedrivit.com\/blog\/wp-content\/uploads\/2021\/02\/Bugatti_EB_110-1024x682.jpg 1024w, https:\/\/www.wedrivit.com\/blog\/wp-content\/uploads\/2021\/02\/Bugatti_EB_110-300x200.jpg 300w, https:\/\/www.wedrivit.com\/blog\/wp-content\/uploads\/2021\/02\/Bugatti_EB_110-1000x666.jpg 1000w, https:\/\/www.wedrivit.com\/blog\/wp-content\/uploads\/2021\/02\/Bugatti_EB_110-768x512.jpg 768w, https:\/\/www.wedrivit.com\/blog\/wp-content\/uploads\/2021\/02\/Bugatti_EB_110-500x333.jpg 500w, https:\/\/www.wedrivit.com\/blog\/wp-content\/uploads\/2021\/02\/Bugatti_EB_110.jpg 1187w\" sizes=\"(max-width: 1024px) 100vw, 1024px\" \/><\/p>\n<\/figure>\n<div class=\"wp-block-media-text__content\">\n<p><!-- wp:paragraph {\"placeholder\":\"Contenu\u2026\",\"customFontSize\":14} --><\/p>\n<h3 style=\"font-size: 14px;\"><strong>Bugatti EB110 GT :<\/strong><\/h3>\n<p><!-- \/wp:paragraph --><!-- wp:paragraph {\"placeholder\":\"Contenu\u2026\",\"customFontSize\":14} --><\/p>\n<p style=\"font-size: 14px;\">son nom n\u2019a pas \u00e9t\u00e9 trouv\u00e9 par hasard. \u201cEB\u201d a \u00e9t\u00e9 choisi afin de rendre hommage au fondateur de la marque Ettore Bugatti, quant au \u201c110\u201d, il c\u00e9l\u00e8bre le 110<sup>e<\/sup> anniversaire de la naissance de la marque.<\/p>\n<p><!-- \/wp:paragraph --><\/p>\n<\/div>\n<\/div>\n<p><!-- \/wp:media-text --><!-- wp:media-text {\"mediaPosition\":\"right\",\"mediaId\":1614,\"mediaLink\":\"https:\/\/www.classic-hub.com\/blog\/?attachment_id=1614\",\"mediaType\":\"image\",\"imageFill\":false} --><\/p>\n<div class=\"wp-block-media-text alignwide has-media-on-the-right is-stacked-on-mobile\">\n<figure class=\"wp-block-media-text__media\"><img decoding=\"async\" width=\"1024\" height=\"768\" class=\"wp-image-1614\" src=\"https:\/\/www.classic-hub.com\/blog\/wp-content\/uploads\/2021\/02\/saab_900_turbo_convertible_2-1024x768.jpg\" alt=\"Voiture ancienne - Saab 900 S\" srcset=\"https:\/\/www.wedrivit.com\/blog\/wp-content\/uploads\/2021\/02\/saab_900_turbo_convertible_2-1024x768.jpg 1024w, https:\/\/www.wedrivit.com\/blog\/wp-content\/uploads\/2021\/02\/saab_900_turbo_convertible_2-300x225.jpg 300w, https:\/\/www.wedrivit.com\/blog\/wp-content\/uploads\/2021\/02\/saab_900_turbo_convertible_2-1000x750.jpg 1000w, https:\/\/www.wedrivit.com\/blog\/wp-content\/uploads\/2021\/02\/saab_900_turbo_convertible_2-768x576.jpg 768w, https:\/\/www.wedrivit.com\/blog\/wp-content\/uploads\/2021\/02\/saab_900_turbo_convertible_2-1536x1152.jpg 1536w, https:\/\/www.wedrivit.com\/blog\/wp-content\/uploads\/2021\/02\/saab_900_turbo_convertible_2-500x375.jpg 500w, https:\/\/www.wedrivit.com\/blog\/wp-content\/uploads\/2021\/02\/saab_900_turbo_convertible_2.jpg 2048w\" sizes=\"(max-width: 1024px) 100vw, 1024px\" \/><\/figure>\n<div class=\"wp-block-media-text__content\">\n<p><!-- wp:paragraph {\"placeholder\":\"Contenu\u2026\",\"customFontSize\":14} --><\/p>\n<h3 style=\"font-size: 14px;\"><strong>Saab 900 S Cabriolet : <\/strong><\/h3>\n<p><!-- \/wp:paragraph --><!-- wp:paragraph {\"placeholder\":\"Contenu\u2026\",\"customFontSize\":14} --><\/p>\n<p style=\"font-size: 14px;\">vous l\u2019avez peut-\u00eatre reconnue ! La Saab 900 \u00e9tait la voiture personnelle de James Bond et sa favorite dans les romans de John Gardner.<\/p>\n<p><!-- \/wp:paragraph --><\/p>\n<\/div>\n<\/div>\n<p><!-- \/wp:media-text --><!-- wp:media-text {\"mediaId\":1615,\"mediaLink\":\"https:\/\/www.classic-hub.com\/blog\/?attachment_id=1615\",\"mediaType\":\"image\"} --><\/p>\n<div class=\"wp-block-media-text alignwide is-stacked-on-mobile\">\n<figure class=\"wp-block-media-text__media\"><img decoding=\"async\" width=\"512\" height=\"312\" class=\"wp-image-1615\" src=\"https:\/\/www.classic-hub.com\/blog\/wp-content\/uploads\/2021\/02\/venturi_voiturecollection.jpg\" alt=\"Venturi 260 - voiture ancienne\" srcset=\"https:\/\/www.wedrivit.com\/blog\/wp-content\/uploads\/2021\/02\/venturi_voiturecollection.jpg 512w, https:\/\/www.wedrivit.com\/blog\/wp-content\/uploads\/2021\/02\/venturi_voiturecollection-300x183.jpg 300w, https:\/\/www.wedrivit.com\/blog\/wp-content\/uploads\/2021\/02\/venturi_voiturecollection-500x305.jpg 500w\" sizes=\"(max-width: 512px) 100vw, 512px\" \/><\/figure>\n<div class=\"wp-block-media-text__content\">\n<p><!-- wp:paragraph {\"placeholder\":\"Contenu\u2026\",\"fontSize\":\"small\"} --><\/p>\n<h3 class=\"has-small-font-size\"><strong>Venturi 260 Atlantique : <\/strong><\/h3>\n<p><!-- \/wp:paragraph --><!-- wp:paragraph {\"placeholder\":\"Contenu\u2026\",\"fontSize\":\"small\"} --><\/p>\n<p class=\"has-small-font-size\">la Venturi 260 Atlantique a \u00e9t\u00e9 produite \u00e0 188 exemplaires avec une motorisation unique par rapport aux autres coup\u00e9s de la marque, sa vitesse n&rsquo;est pas de 200 mais de 260 chevaux.<\/p>\n<p><!-- \/wp:paragraph --><\/p>\n<\/div>\n<\/div>\n<p><!-- \/wp:media-text --><!-- wp:media-text {\"mediaPosition\":\"right\",\"mediaId\":1616,\"mediaLink\":\"https:\/\/www.classic-hub.com\/blog\/?attachment_id=1616\",\"mediaType\":\"image\"} --><\/p>\n<div class=\"wp-block-media-text alignwide has-media-on-the-right is-stacked-on-mobile\">\n<figure class=\"wp-block-media-text__media\"><img loading=\"lazy\" decoding=\"async\" width=\"1024\" height=\"768\" class=\"wp-image-1616\" src=\"https:\/\/www.classic-hub.com\/blog\/wp-content\/uploads\/2021\/02\/lancia_delta_voiture_ancienne.jpg\" alt=\"Voiture ancienne\" srcset=\"https:\/\/www.wedrivit.com\/blog\/wp-content\/uploads\/2021\/02\/lancia_delta_voiture_ancienne.jpg 1024w, https:\/\/www.wedrivit.com\/blog\/wp-content\/uploads\/2021\/02\/lancia_delta_voiture_ancienne-300x225.jpg 300w, https:\/\/www.wedrivit.com\/blog\/wp-content\/uploads\/2021\/02\/lancia_delta_voiture_ancienne-1000x750.jpg 1000w, https:\/\/www.wedrivit.com\/blog\/wp-content\/uploads\/2021\/02\/lancia_delta_voiture_ancienne-768x576.jpg 768w, https:\/\/www.wedrivit.com\/blog\/wp-content\/uploads\/2021\/02\/lancia_delta_voiture_ancienne-500x375.jpg 500w\" sizes=\"(max-width: 1024px) 100vw, 1024px\" \/><\/figure>\n<div class=\"wp-block-media-text__content\">\n<p><!-- wp:paragraph {\"placeholder\":\"Contenu\u2026\",\"fontSize\":\"small\"} --><\/p>\n<h3 class=\"has-small-font-size\"><strong>Lancia Delta HF int\u00e9grale evoluzione.<\/strong><\/h3>\n<p class=\"has-small-font-size\">La Lancia Delta de 1991 a \u00e9t\u00e9 con\u00e7ue avec une am\u00e9lioration de sa tenue de route et sa maniabilit\u00e9 lors des comp\u00e9titions de courses automobiles. La <a href=\"https:\/\/www.classic-hub.com\/voiture\/Herbiers\/LANCIA\/442\" target=\"_blank\" rel=\"noreferrer noopener\" aria-label=\"undefined (s\u2019ouvre dans un nouvel onglet)\">Lancia Delta hf<\/a> est disponible \u00e0 la location sur Wedrivit.<\/p>\n<p><!-- \/wp:paragraph --><\/p>\n<\/div>\n<\/div>\n<p><!-- \/wp:media-text --><!-- wp:media-text {\"mediaId\":1617,\"mediaLink\":\"https:\/\/www.classic-hub.com\/blog\/?attachment_id=1617\",\"mediaType\":\"image\"} --><\/p>\n<div class=\"wp-block-media-text alignwide is-stacked-on-mobile\">\n<figure class=\"wp-block-media-text__media\"><img loading=\"lazy\" decoding=\"async\" width=\"940\" height=\"504\" class=\"wp-image-1617\" src=\"https:\/\/www.classic-hub.com\/blog\/wp-content\/uploads\/2021\/02\/porsche-968-club-sport-5.jpg\" alt=\"\" srcset=\"https:\/\/www.wedrivit.com\/blog\/wp-content\/uploads\/2021\/02\/porsche-968-club-sport-5.jpg 940w, https:\/\/www.wedrivit.com\/blog\/wp-content\/uploads\/2021\/02\/porsche-968-club-sport-5-300x161.jpg 300w, https:\/\/www.wedrivit.com\/blog\/wp-content\/uploads\/2021\/02\/porsche-968-club-sport-5-768x412.jpg 768w, https:\/\/www.wedrivit.com\/blog\/wp-content\/uploads\/2021\/02\/porsche-968-club-sport-5-500x268.jpg 500w\" sizes=\"(max-width: 940px) 100vw, 940px\" \/><\/figure>\n<div class=\"wp-block-media-text__content\">\n<p><!-- wp:paragraph {\"placeholder\":\"Contenu\u2026\",\"fontSize\":\"small\"} --><\/p>\n<h3 class=\"has-small-font-size\"><strong>Porsche 968 : <\/strong><\/h3>\n<p class=\"has-small-font-size\">La\u00a0Porsche 968, n\u00e9e \u00e0 la suite de probl\u00e8mes internes chez Porsche AG. La Porsche d\u2019entr\u00e9e de gamme de la marque a \u00e9t\u00e9 pr\u00e9sent\u00e9e au salon de l\u2019automobile de Francfort en fin d\u2019ann\u00e9e 1991. Elle est disponible \u00e0 la location sur <a href=\"https:\/\/www.classic-hub.com\/voiture\/Beaurepaire-Vend%C3%A9e\/PORSCHE\/448\" target=\"_blank\" rel=\"noreferrer noopener\" aria-label=\"undefined (s\u2019ouvre dans un nouvel onglet)\">Wedrivit<\/a>. D\u2019autres mod\u00e8les produits en 1991 et qui\u00a0 deviennent 30 ans plus tard des objets de <strong>collection<\/strong>.<\/p>\n<p><!-- \/wp:paragraph --><\/p>\n<\/div>\n<\/div>\n<p><!-- \/wp:media-text --><!-- wp:media-text {\"mediaPosition\":\"right\",\"mediaId\":1623,\"mediaLink\":\"https:\/\/www.classic-hub.com\/blog\/?attachment_id=1623\",\"mediaType\":\"image\"} --><\/p>\n<div class=\"wp-block-media-text alignwide has-media-on-the-right is-stacked-on-mobile\">\n<figure class=\"wp-block-media-text__media\"><img loading=\"lazy\" decoding=\"async\" width=\"500\" height=\"300\" class=\"wp-image-1623\" src=\"https:\/\/www.classic-hub.com\/blog\/wp-content\/uploads\/2021\/02\/audi80_b4_voiture_ancienne.jpg\" alt=\"\" srcset=\"https:\/\/www.wedrivit.com\/blog\/wp-content\/uploads\/2021\/02\/audi80_b4_voiture_ancienne.jpg 500w, https:\/\/www.wedrivit.com\/blog\/wp-content\/uploads\/2021\/02\/audi80_b4_voiture_ancienne-300x180.jpg 300w\" sizes=\"(max-width: 500px) 100vw, 500px\" \/><\/figure>\n<div class=\"wp-block-media-text__content\">\n<p><!-- wp:paragraph {\"placeholder\":\"Contenu\u2026\",\"fontSize\":\"small\"} --><\/p>\n<h3 class=\"has-small-font-size\"><strong>Audi 80 (B4) : <\/strong><\/h3>\n<p class=\"has-small-font-size\">M\u00eame si sa production reste fortement similaire \u00e0 ses anc\u00eatres, l\u2019audit 80 derni\u00e8re g\u00e9n\u00e9ration poss\u00e8de quand m\u00eame des am\u00e9liorations. Elle comporte un allongement de l\u2019empattement de 8cm, un ch\u00e2ssis qui a \u00e9t\u00e9 repens\u00e9 et un nouveau train arri\u00e8re.<\/p>\n<p><!-- \/wp:paragraph --><\/p>\n<\/div>\n<\/div>\n<p><!-- \/wp:media-text --><!-- wp:media-text {\"mediaId\":1619,\"mediaLink\":\"https:\/\/www.classic-hub.com\/blog\/?attachment_id=1619\",\"mediaType\":\"image\"} --><\/p>\n<div class=\"wp-block-media-text alignwide is-stacked-on-mobile\">\n<figure class=\"wp-block-media-text__media\"><img loading=\"lazy\" decoding=\"async\" width=\"850\" height=\"430\" class=\"wp-image-1619\" src=\"https:\/\/www.classic-hub.com\/blog\/wp-content\/uploads\/2021\/02\/FiatCinqSport-850x430-1.jpg\" alt=\"Fiat 500_voiture de location \" srcset=\"https:\/\/www.wedrivit.com\/blog\/wp-content\/uploads\/2021\/02\/FiatCinqSport-850x430-1.jpg 850w, https:\/\/www.wedrivit.com\/blog\/wp-content\/uploads\/2021\/02\/FiatCinqSport-850x430-1-300x152.jpg 300w, https:\/\/www.wedrivit.com\/blog\/wp-content\/uploads\/2021\/02\/FiatCinqSport-850x430-1-768x389.jpg 768w, https:\/\/www.wedrivit.com\/blog\/wp-content\/uploads\/2021\/02\/FiatCinqSport-850x430-1-500x253.jpg 500w\" sizes=\"(max-width: 850px) 100vw, 850px\" \/><\/figure>\n<div class=\"wp-block-media-text__content\">\n<p><!-- wp:paragraph {\"placeholder\":\"Contenu\u2026\",\"fontSize\":\"small\"} --><\/p>\n<h3 class=\"has-small-font-size\"><strong>Fiat Cinquecento : <\/strong><\/h3>\n<p class=\"has-small-font-size\"><strong>C<\/strong>inquecento signifie 500 en italien, en hommage \u00e0 la Fiat 500. Cette voiture a \u00e9t\u00e9 con\u00e7ue pour des trajets en ville. Ces deux d\u00e9clinaisons en version sportive et rallye, on permit \u00e0 ce mod\u00e8le de donner naissance \u00e0 la coupe fiat Cinquecento et \u00e0 un championnat.<\/p>\n<p><!-- \/wp:paragraph --><\/p>\n<\/div>\n<\/div>\n<p><!-- \/wp:media-text --><!-- wp:media-text {\"mediaPosition\":\"right\",\"mediaId\":1620,\"mediaLink\":\"https:\/\/www.classic-hub.com\/blog\/?attachment_id=1620\",\"mediaType\":\"image\"} --><\/p>\n<div class=\"wp-block-media-text alignwide has-media-on-the-right is-stacked-on-mobile\">\n<figure class=\"wp-block-media-text__media\"><img loading=\"lazy\" decoding=\"async\" width=\"720\" height=\"449\" class=\"wp-image-1620\" src=\"https:\/\/www.classic-hub.com\/blog\/wp-content\/uploads\/2021\/02\/Jaguar-XJS.png\" alt=\"JAGUAR XJS_location voiture de collection\" srcset=\"https:\/\/www.wedrivit.com\/blog\/wp-content\/uploads\/2021\/02\/Jaguar-XJS.png 720w, https:\/\/www.wedrivit.com\/blog\/wp-content\/uploads\/2021\/02\/Jaguar-XJS-300x187.png 300w, https:\/\/www.wedrivit.com\/blog\/wp-content\/uploads\/2021\/02\/Jaguar-XJS-500x312.png 500w\" sizes=\"(max-width: 720px) 100vw, 720px\" \/><\/figure>\n<div class=\"wp-block-media-text__content\">\n<p><!-- wp:paragraph {\"placeholder\":\"Contenu\u2026\",\"fontSize\":\"small\"} --><\/p>\n<h3 class=\"has-small-font-size\"><strong>Jaguar XJS <\/strong>:\u00a0<\/h3>\n<p class=\"has-small-font-size\">En 2021 La Jaguar de vient collection. Elle a fait parler d\u2019elle lors de sa sortie avec son moteur V12 sur une voiture Grand-Tourisme. Les moteurs V12 sont habituellement utilis\u00e9s sur les voitures de sport italiennes de luxe. Que diriez-vous de vous \u00e9vader \u00e0 bord de ce bijou ? Elle est \u00e0 louer sur <a href=\"https:\/\/www.classic-hub.com\/rechercher\/xjs\" target=\"_blank\" rel=\"noreferrer noopener\" aria-label=\"undefined (s\u2019ouvre dans un nouvel onglet)\">Wedrivit<\/a>.<\/p>\n<p><!-- \/wp:paragraph --><\/p>\n<\/div>\n<\/div>\n<p><!-- \/wp:media-text --><!-- wp:media-text {\"mediaId\":1621,\"mediaLink\":\"https:\/\/www.classic-hub.com\/blog\/?attachment_id=1621\",\"mediaType\":\"image\"} --><\/p>\n<div class=\"wp-block-media-text alignwide is-stacked-on-mobile\">\n<figure class=\"wp-block-media-text__media\"><img loading=\"lazy\" decoding=\"async\" width=\"525\" height=\"323\" class=\"wp-image-1621\" src=\"https:\/\/www.classic-hub.com\/blog\/wp-content\/uploads\/2021\/02\/Nissan-Figaro-1.jpg\" alt=\"Nissan Figaro_voiture de collection\" srcset=\"https:\/\/www.wedrivit.com\/blog\/wp-content\/uploads\/2021\/02\/Nissan-Figaro-1.jpg 525w, https:\/\/www.wedrivit.com\/blog\/wp-content\/uploads\/2021\/02\/Nissan-Figaro-1-300x185.jpg 300w, https:\/\/www.wedrivit.com\/blog\/wp-content\/uploads\/2021\/02\/Nissan-Figaro-1-500x308.jpg 500w\" sizes=\"(max-width: 525px) 100vw, 525px\" \/><\/figure>\n<div class=\"wp-block-media-text__content\">\n<p><!-- wp:paragraph {\"placeholder\":\"Contenu\u2026\",\"fontSize\":\"small\"} --><\/p>\n<h3 class=\"has-small-font-size\"><strong>Nissan Figaro : <\/strong><\/h3>\n<p class=\"has-small-font-size\">Une citadine produite entre 1985 et 1991 mais qui semble tout droit sortie des ann\u00e9es 50. Les derniers mod\u00e8les rentrent cette ann\u00e9e dans la cat\u00e9gorie des <strong>voitures de collection<\/strong>. 8 000 exemplaires sont initialement pr\u00e9vus, mais victime de son succ\u00e8s 12 000 exemplaires suppl\u00e9mentaires seront produits. Pour une voiture qui ne devait pas voir le jour, se fut un v\u00e9ritable succ\u00e8s.<\/p>\n<p><!-- \/wp:paragraph --><\/p>\n<\/div>\n<\/div>\n<p><!-- \/wp:media-text --><!-- wp:separator --><\/p>\n<div class=\"wp-block-buttons aligncenter\">\n<div class=\"wp-block-button is-style-outline\">\u00a0<\/div>\n<p><!-- \/wp:button --><\/p>\n<\/div>\n<p><!-- \/wp:buttons --><\/p>\t\t\t\t\t\t\t\t<\/div>\n\t\t\t\t<\/div>\n\t\t\t\t<div class=\"elementor-element elementor-element-2173704 elementor-widget elementor-widget-heading\" data-id=\"2173704\" data-element_type=\"widget\" data-widget_type=\"heading.default\">\n\t\t\t\t<div class=\"elementor-widget-container\">\n\t\t\t\t\t<h2 class=\"elementor-heading-title elementor-size-default\">Retrouvez l'ensemble de nos voitures disponibles \u00e0 la location sur Wedrivit<\/h2>\t\t\t\t<\/div>\n\t\t\t\t<\/div>\n\t\t\t\t<div class=\"elementor-element elementor-element-cd64ecf elementor-align-center elementor-widget elementor-widget-button\" data-id=\"cd64ecf\" data-element_type=\"widget\" data-widget_type=\"button.default\">\n\t\t\t\t<div class=\"elementor-widget-container\">\n\t\t\t\t\t\t\t\t\t<div class=\"elementor-button-wrapper\">\n\t\t\t\t\t<a class=\"elementor-button elementor-button-link elementor-size-sm elementor-animation-shrink\" href=\"http:\/\/wedrivit.com\/rechercher\">\n\t\t\t\t\t\t<span class=\"elementor-button-content-wrapper\">\n\t\t\t\t\t\t\t\t\t<span class=\"elementor-button-text\">Louer une voiture de collection<\/span>\n\t\t\t\t\t<\/span>\n\t\t\t\t\t<\/a>\n\t\t\t\t<\/div>\n\t\t\t\t\t\t\t\t<\/div>\n\t\t\t\t<\/div>\n\t\t\t\t<div class=\"elementor-element elementor-element-76a9153 elementor-widget elementor-widget-heading\" data-id=\"76a9153\" data-element_type=\"widget\" data-widget_type=\"heading.default\">\n\t\t\t\t<div class=\"elementor-widget-container\">\n\t\t\t\t\t<h2 class=\"elementor-heading-title elementor-size-default\">Vous \u00eates l\u2019heureux propri\u00e9taire d\u2019une voiture de collection ?  <\/h2>\t\t\t\t<\/div>\n\t\t\t\t<\/div>\n\t\t\t\t<div class=\"elementor-element elementor-element-0baa116 elementor-align-center elementor-widget elementor-widget-button\" data-id=\"0baa116\" data-element_type=\"widget\" data-widget_type=\"button.default\">\n\t\t\t\t<div class=\"elementor-widget-container\">\n\t\t\t\t\t\t\t\t\t<div class=\"elementor-button-wrapper\">\n\t\t\t\t\t<a class=\"elementor-button elementor-button-link elementor-size-sm elementor-animation-shrink\" href=\"http:\/\/wedrivit.com\/utilisateur\/inscription\">\n\t\t\t\t\t\t<span class=\"elementor-button-content-wrapper\">\n\t\t\t\t\t\t\t\t\t<span class=\"elementor-button-text\">D\u00e9poser une annonce<\/span>\n\t\t\t\t\t<\/span>\n\t\t\t\t\t<\/a>\n\t\t\t\t<\/div>\n\t\t\t\t\t\t\t\t<\/div>\n\t\t\t\t<\/div>\n\t\t\t\t<div class=\"elementor-element elementor-element-12ad2ee elementor-widget elementor-widget-spacer\" data-id=\"12ad2ee\" data-element_type=\"widget\" data-widget_type=\"spacer.default\">\n\t\t\t\t<div class=\"elementor-widget-container\">\n\t\t\t\t\t\t\t<div class=\"elementor-spacer\">\n\t\t\t<div class=\"elementor-spacer-inner\"><\/div>\n\t\t<\/div>\n\t\t\t\t\t\t<\/div>\n\t\t\t\t<\/div>\n\t\t\t\t\t<\/div>\n\t\t<\/div>\n\t\t\t\t\t<\/div>\n\t\t<\/section>\n\t\t\t\t<section class=\"elementor-section elementor-top-section elementor-element elementor-element-95e33e6 elementor-section-boxed elementor-section-height-default elementor-section-height-default\" data-id=\"95e33e6\" data-element_type=\"section\">\n\t\t\t\t\t\t<div class=\"elementor-container elementor-column-gap-default\">\n\t\t\t\t\t<div class=\"elementor-column elementor-col-100 elementor-top-column elementor-element elementor-element-f50dad9\" data-id=\"f50dad9\" data-element_type=\"column\">\n\t\t\t<div class=\"elementor-widget-wrap elementor-element-populated\">\n\t\t\t\t\t\t<div class=\"elementor-element elementor-element-cf319f5 elementor-widget elementor-widget-text-editor\" data-id=\"cf319f5\" data-element_type=\"widget\" data-widget_type=\"text-editor.default\">\n\t\t\t\t<div class=\"elementor-widget-container\">\n\t\t\t\t\t\t\t\t\t<p><span style=\"color: #000000;\">D\u00e9couvrez d&rsquo;autres articles de blog :<\/span><\/p>\n<p><span style=\"color: #993300;\"><a style=\"color: #993300;\" href=\"https:\/\/www.wedrivit.com\/blog\/voiture\/collection\/tout-savoir-sur-les-anglaises-de-collection\/\" target=\"_blank\" rel=\"noopener\">Tout savoir sur les anglaises de collection<\/a><\/span><\/p>\n<p><span style=\"color: #993300;\"><a style=\"color: #993300;\" href=\"https:\/\/www.wedrivit.com\/blog\/voiture\/collection\/voiture-annees-30\/\" target=\"_blank\" rel=\"noopener\">Voitures des ann\u00e9es 30<\/a><\/span><\/p>\t\t\t\t\t\t\t\t<\/div>\n\t\t\t\t<\/div>\n\t\t\t\t\t<\/div>\n\t\t<\/div>\n\t\t\t\t\t<\/div>\n\t\t<\/section>\n\t\t\t\t<\/div>\n\t\t","protected":false},"excerpt":{"rendered":"<p>Les voitures devenues collection en 2021<\/p>\n","protected":false},"author":12,"featured_media":1616,"comment_status":"open","ping_status":"open","sticky":false,"template":"","format":"standard","meta":{"footnotes":""},"categories":[1,6],"tags":[14],"class_list":["post-1612","post","type-post","status-publish","format-standard","has-post-thumbnail","hentry","category-tous-les-articles","category-voiture","tag-voiture-ancienne"],"yoast_head":"<!-- This site is optimized with the Yoast SEO plugin v26.9 - https:\/\/yoast.com\/product\/yoast-seo-wordpress\/ -->\n<title>Quelles sont Les voitures devenues collection en 2021 ? - Le blog des voitures de collection par Wedrivit<\/title>\n<meta name=\"description\" content=\"Wedrivit, plateforme de location de voitures vintage vous a r\u00e9dig\u00e9 un article sur les voitures qui deviennent collection en 2021. De jolis mod\u00e8les !\" \/>\n<meta name=\"robots\" content=\"index, follow, max-snippet:-1, max-image-preview:large, max-video-preview:-1\" \/>\n<link rel=\"canonical\" href=\"https:\/\/www.wedrivit.com\/blog\/voiture\/collection\/les-voitures-devenues-collection-en-2021\" \/>\n<meta property=\"og:locale\" content=\"fr_FR\" \/>\n<meta property=\"og:type\" content=\"article\" \/>\n<meta property=\"og:title\" content=\"Quelles sont Les voitures devenues collection en 2021 ? - Le blog des voitures de collection par Wedrivit\" \/>\n<meta property=\"og:description\" content=\"Wedrivit, plateforme de location de voitures vintage vous a r\u00e9dig\u00e9 un article sur les voitures qui deviennent collection en 2021. De jolis mod\u00e8les !\" \/>\n<meta property=\"og:url\" content=\"https:\/\/www.wedrivit.com\/blog\/voiture\/collection\/les-voitures-devenues-collection-en-2021\" \/>\n<meta property=\"og:site_name\" content=\"Le blog des voitures de collection par Wedrivit\" \/>\n<meta property=\"article:published_time\" content=\"2021-02-09T13:14:00+00:00\" \/>\n<meta property=\"article:modified_time\" content=\"2022-08-11T09:08:18+00:00\" \/>\n<meta property=\"og:image\" content=\"https:\/\/www.wedrivit.com\/blog\/wp-content\/uploads\/2021\/02\/lancia_delta_voiture_ancienne.jpg\" \/>\n\t<meta property=\"og:image:width\" content=\"1024\" \/>\n\t<meta property=\"og:image:height\" content=\"768\" \/>\n\t<meta property=\"og:image:type\" content=\"image\/jpeg\" \/>\n<meta name=\"author\" content=\"Sarah Laporte\" \/>\n<meta name=\"twitter:card\" content=\"summary_large_image\" \/>\n<meta name=\"twitter:label1\" content=\"\u00c9crit par\" \/>\n\t<meta name=\"twitter:data1\" content=\"Sarah Laporte\" \/>\n\t<meta name=\"twitter:label2\" content=\"Dur\u00e9e de lecture estim\u00e9e\" \/>\n\t<meta name=\"twitter:data2\" content=\"3 minutes\" \/>\n<script type=\"application\/ld+json\" class=\"yoast-schema-graph\">{\"@context\":\"https:\/\/schema.org\",\"@graph\":[{\"@type\":\"Article\",\"@id\":\"https:\/\/www.wedrivit.com\/blog\/voiture\/collection\/les-voitures-devenues-collection-en-2021#article\",\"isPartOf\":{\"@id\":\"https:\/\/www.wedrivit.com\/blog\/voiture\/collection\/les-voitures-devenues-collection-en-2021\"},\"author\":{\"name\":\"Sarah Laporte\",\"@id\":\"https:\/\/www.wedrivit.com\/blog\/#\/schema\/person\/cb502f9aecb13007b7df0e01c777c321\"},\"headline\":\"Les voitures devenues collection en 2021\",\"datePublished\":\"2021-02-09T13:14:00+00:00\",\"dateModified\":\"2022-08-11T09:08:18+00:00\",\"mainEntityOfPage\":{\"@id\":\"https:\/\/www.wedrivit.com\/blog\/voiture\/collection\/les-voitures-devenues-collection-en-2021\"},\"wordCount\":702,\"commentCount\":2,\"publisher\":{\"@id\":\"https:\/\/www.wedrivit.com\/blog\/#organization\"},\"image\":{\"@id\":\"https:\/\/www.wedrivit.com\/blog\/voiture\/collection\/les-voitures-devenues-collection-en-2021#primaryimage\"},\"thumbnailUrl\":\"https:\/\/www.wedrivit.com\/blog\/wp-content\/uploads\/2021\/02\/lancia_delta_voiture_ancienne.jpg\",\"keywords\":[\"voiture ancienne\"],\"articleSection\":[\"Tous les articles\",\"Voitures\"],\"inLanguage\":\"fr-FR\",\"potentialAction\":[{\"@type\":\"CommentAction\",\"name\":\"Comment\",\"target\":[\"https:\/\/www.wedrivit.com\/blog\/voiture\/collection\/les-voitures-devenues-collection-en-2021#respond\"]}]},{\"@type\":\"WebPage\",\"@id\":\"https:\/\/www.wedrivit.com\/blog\/voiture\/collection\/les-voitures-devenues-collection-en-2021\",\"url\":\"https:\/\/www.wedrivit.com\/blog\/voiture\/collection\/les-voitures-devenues-collection-en-2021\",\"name\":\"Quelles sont Les voitures devenues collection en 2021 ? - Le blog des voitures de collection par Wedrivit\",\"isPartOf\":{\"@id\":\"https:\/\/www.wedrivit.com\/blog\/#website\"},\"primaryImageOfPage\":{\"@id\":\"https:\/\/www.wedrivit.com\/blog\/voiture\/collection\/les-voitures-devenues-collection-en-2021#primaryimage\"},\"image\":{\"@id\":\"https:\/\/www.wedrivit.com\/blog\/voiture\/collection\/les-voitures-devenues-collection-en-2021#primaryimage\"},\"thumbnailUrl\":\"https:\/\/www.wedrivit.com\/blog\/wp-content\/uploads\/2021\/02\/lancia_delta_voiture_ancienne.jpg\",\"datePublished\":\"2021-02-09T13:14:00+00:00\",\"dateModified\":\"2022-08-11T09:08:18+00:00\",\"description\":\"Wedrivit, plateforme de location de voitures vintage vous a r\u00e9dig\u00e9 un article sur les voitures qui deviennent collection en 2021. De jolis mod\u00e8les !\",\"breadcrumb\":{\"@id\":\"https:\/\/www.wedrivit.com\/blog\/voiture\/collection\/les-voitures-devenues-collection-en-2021#breadcrumb\"},\"inLanguage\":\"fr-FR\",\"potentialAction\":[{\"@type\":\"ReadAction\",\"target\":[\"https:\/\/www.wedrivit.com\/blog\/voiture\/collection\/les-voitures-devenues-collection-en-2021\"]}]},{\"@type\":\"ImageObject\",\"inLanguage\":\"fr-FR\",\"@id\":\"https:\/\/www.wedrivit.com\/blog\/voiture\/collection\/les-voitures-devenues-collection-en-2021#primaryimage\",\"url\":\"https:\/\/www.wedrivit.com\/blog\/wp-content\/uploads\/2021\/02\/lancia_delta_voiture_ancienne.jpg\",\"contentUrl\":\"https:\/\/www.wedrivit.com\/blog\/wp-content\/uploads\/2021\/02\/lancia_delta_voiture_ancienne.jpg\",\"width\":1024,\"height\":768,\"caption\":\"Voiture ancienne\"},{\"@type\":\"BreadcrumbList\",\"@id\":\"https:\/\/www.wedrivit.com\/blog\/voiture\/collection\/les-voitures-devenues-collection-en-2021#breadcrumb\",\"itemListElement\":[{\"@type\":\"ListItem\",\"position\":1,\"name\":\"Home\",\"item\":\"https:\/\/www.wedrivit.com\/blog\/\"},{\"@type\":\"ListItem\",\"position\":2,\"name\":\"Les voitures devenues collection en 2021\"}]},{\"@type\":\"WebSite\",\"@id\":\"https:\/\/www.wedrivit.com\/blog\/#website\",\"url\":\"https:\/\/www.wedrivit.com\/blog\/\",\"name\":\"Le blog des voitures de collection par Wedrivit\",\"description\":\"Tout savoir sur les voitures anciennes grace \u00e0 Wedrivit, la plateforme de location de voitures anciennes entre particuliers.\",\"publisher\":{\"@id\":\"https:\/\/www.wedrivit.com\/blog\/#organization\"},\"potentialAction\":[{\"@type\":\"SearchAction\",\"target\":{\"@type\":\"EntryPoint\",\"urlTemplate\":\"https:\/\/www.wedrivit.com\/blog\/?s={search_term_string}\"},\"query-input\":{\"@type\":\"PropertyValueSpecification\",\"valueRequired\":true,\"valueName\":\"search_term_string\"}}],\"inLanguage\":\"fr-FR\"},{\"@type\":\"Organization\",\"@id\":\"https:\/\/www.wedrivit.com\/blog\/#organization\",\"name\":\"Le blog des voitures de collection par Wedrivit\",\"url\":\"https:\/\/www.wedrivit.com\/blog\/\",\"logo\":{\"@type\":\"ImageObject\",\"inLanguage\":\"fr-FR\",\"@id\":\"https:\/\/www.wedrivit.com\/blog\/#\/schema\/logo\/image\/\",\"url\":\"https:\/\/www.wedrivit.com\/blog\/wp-content\/uploads\/2024\/12\/wedrivit-blanc-large-2.png\",\"contentUrl\":\"https:\/\/www.wedrivit.com\/blog\/wp-content\/uploads\/2024\/12\/wedrivit-blanc-large-2.png\",\"caption\":\"Le blog des voitures de collection par Wedrivit\"},\"image\":{\"@id\":\"https:\/\/www.wedrivit.com\/blog\/#\/schema\/logo\/image\/\"}},{\"@type\":\"Person\",\"@id\":\"https:\/\/www.wedrivit.com\/blog\/#\/schema\/person\/cb502f9aecb13007b7df0e01c777c321\",\"name\":\"Sarah Laporte\",\"image\":{\"@type\":\"ImageObject\",\"inLanguage\":\"fr-FR\",\"@id\":\"https:\/\/www.wedrivit.com\/blog\/#\/schema\/person\/image\/\",\"url\":\"https:\/\/secure.gravatar.com\/avatar\/9b7845ad9a7e1ada8b33df651e2d4b8360bbd71b6eb2591444bcacb45eaf7d25?s=96&d=mm&r=g\",\"contentUrl\":\"https:\/\/secure.gravatar.com\/avatar\/9b7845ad9a7e1ada8b33df651e2d4b8360bbd71b6eb2591444bcacb45eaf7d25?s=96&d=mm&r=g\",\"caption\":\"Sarah Laporte\"},\"sameAs\":[\"https:\/\/www.wedrivit.com\/\",\"sverre.hubi@hotmail.fr\"],\"url\":\"https:\/\/www.wedrivit.com\/blog\/voiture\/collection\/author\/sarah\"}]}<\/script>\n<!-- \/ Yoast SEO plugin. -->","yoast_head_json":{"title":"Quelles sont Les voitures devenues collection en 2021 ? - Le blog des voitures de collection par Wedrivit","description":"Wedrivit, plateforme de location de voitures vintage vous a r\u00e9dig\u00e9 un article sur les voitures qui deviennent collection en 2021. De jolis mod\u00e8les !","robots":{"index":"index","follow":"follow","max-snippet":"max-snippet:-1","max-image-preview":"max-image-preview:large","max-video-preview":"max-video-preview:-1"},"canonical":"https:\/\/www.wedrivit.com\/blog\/voiture\/collection\/les-voitures-devenues-collection-en-2021","og_locale":"fr_FR","og_type":"article","og_title":"Quelles sont Les voitures devenues collection en 2021 ? - Le blog des voitures de collection par Wedrivit","og_description":"Wedrivit, plateforme de location de voitures vintage vous a r\u00e9dig\u00e9 un article sur les voitures qui deviennent collection en 2021. De jolis mod\u00e8les !","og_url":"https:\/\/www.wedrivit.com\/blog\/voiture\/collection\/les-voitures-devenues-collection-en-2021","og_site_name":"Le blog des voitures de collection par Wedrivit","article_published_time":"2021-02-09T13:14:00+00:00","article_modified_time":"2022-08-11T09:08:18+00:00","og_image":[{"width":1024,"height":768,"url":"https:\/\/www.wedrivit.com\/blog\/wp-content\/uploads\/2021\/02\/lancia_delta_voiture_ancienne.jpg","type":"image\/jpeg"}],"author":"Sarah Laporte","twitter_card":"summary_large_image","twitter_misc":{"\u00c9crit par":"Sarah Laporte","Dur\u00e9e de lecture estim\u00e9e":"3 minutes"},"schema":{"@context":"https:\/\/schema.org","@graph":[{"@type":"Article","@id":"https:\/\/www.wedrivit.com\/blog\/voiture\/collection\/les-voitures-devenues-collection-en-2021#article","isPartOf":{"@id":"https:\/\/www.wedrivit.com\/blog\/voiture\/collection\/les-voitures-devenues-collection-en-2021"},"author":{"name":"Sarah Laporte","@id":"https:\/\/www.wedrivit.com\/blog\/#\/schema\/person\/cb502f9aecb13007b7df0e01c777c321"},"headline":"Les voitures devenues collection en 2021","datePublished":"2021-02-09T13:14:00+00:00","dateModified":"2022-08-11T09:08:18+00:00","mainEntityOfPage":{"@id":"https:\/\/www.wedrivit.com\/blog\/voiture\/collection\/les-voitures-devenues-collection-en-2021"},"wordCount":702,"commentCount":2,"publisher":{"@id":"https:\/\/www.wedrivit.com\/blog\/#organization"},"image":{"@id":"https:\/\/www.wedrivit.com\/blog\/voiture\/collection\/les-voitures-devenues-collection-en-2021#primaryimage"},"thumbnailUrl":"https:\/\/www.wedrivit.com\/blog\/wp-content\/uploads\/2021\/02\/lancia_delta_voiture_ancienne.jpg","keywords":["voiture ancienne"],"articleSection":["Tous les articles","Voitures"],"inLanguage":"fr-FR","potentialAction":[{"@type":"CommentAction","name":"Comment","target":["https:\/\/www.wedrivit.com\/blog\/voiture\/collection\/les-voitures-devenues-collection-en-2021#respond"]}]},{"@type":"WebPage","@id":"https:\/\/www.wedrivit.com\/blog\/voiture\/collection\/les-voitures-devenues-collection-en-2021","url":"https:\/\/www.wedrivit.com\/blog\/voiture\/collection\/les-voitures-devenues-collection-en-2021","name":"Quelles sont Les voitures devenues collection en 2021 ? - Le blog des voitures de collection par Wedrivit","isPartOf":{"@id":"https:\/\/www.wedrivit.com\/blog\/#website"},"primaryImageOfPage":{"@id":"https:\/\/www.wedrivit.com\/blog\/voiture\/collection\/les-voitures-devenues-collection-en-2021#primaryimage"},"image":{"@id":"https:\/\/www.wedrivit.com\/blog\/voiture\/collection\/les-voitures-devenues-collection-en-2021#primaryimage"},"thumbnailUrl":"https:\/\/www.wedrivit.com\/blog\/wp-content\/uploads\/2021\/02\/lancia_delta_voiture_ancienne.jpg","datePublished":"2021-02-09T13:14:00+00:00","dateModified":"2022-08-11T09:08:18+00:00","description":"Wedrivit, plateforme de location de voitures vintage vous a r\u00e9dig\u00e9 un article sur les voitures qui deviennent collection en 2021. De jolis mod\u00e8les !","breadcrumb":{"@id":"https:\/\/www.wedrivit.com\/blog\/voiture\/collection\/les-voitures-devenues-collection-en-2021#breadcrumb"},"inLanguage":"fr-FR","potentialAction":[{"@type":"ReadAction","target":["https:\/\/www.wedrivit.com\/blog\/voiture\/collection\/les-voitures-devenues-collection-en-2021"]}]},{"@type":"ImageObject","inLanguage":"fr-FR","@id":"https:\/\/www.wedrivit.com\/blog\/voiture\/collection\/les-voitures-devenues-collection-en-2021#primaryimage","url":"https:\/\/www.wedrivit.com\/blog\/wp-content\/uploads\/2021\/02\/lancia_delta_voiture_ancienne.jpg","contentUrl":"https:\/\/www.wedrivit.com\/blog\/wp-content\/uploads\/2021\/02\/lancia_delta_voiture_ancienne.jpg","width":1024,"height":768,"caption":"Voiture ancienne"},{"@type":"BreadcrumbList","@id":"https:\/\/www.wedrivit.com\/blog\/voiture\/collection\/les-voitures-devenues-collection-en-2021#breadcrumb","itemListElement":[{"@type":"ListItem","position":1,"name":"Home","item":"https:\/\/www.wedrivit.com\/blog\/"},{"@type":"ListItem","position":2,"name":"Les voitures devenues collection en 2021"}]},{"@type":"WebSite","@id":"https:\/\/www.wedrivit.com\/blog\/#website","url":"https:\/\/www.wedrivit.com\/blog\/","name":"Le blog des voitures de collection par Wedrivit","description":"Tout savoir sur les voitures anciennes grace \u00e0 Wedrivit, la plateforme de location de voitures anciennes entre particuliers.","publisher":{"@id":"https:\/\/www.wedrivit.com\/blog\/#organization"},"potentialAction":[{"@type":"SearchAction","target":{"@type":"EntryPoint","urlTemplate":"https:\/\/www.wedrivit.com\/blog\/?s={search_term_string}"},"query-input":{"@type":"PropertyValueSpecification","valueRequired":true,"valueName":"search_term_string"}}],"inLanguage":"fr-FR"},{"@type":"Organization","@id":"https:\/\/www.wedrivit.com\/blog\/#organization","name":"Le blog des voitures de collection par Wedrivit","url":"https:\/\/www.wedrivit.com\/blog\/","logo":{"@type":"ImageObject","inLanguage":"fr-FR","@id":"https:\/\/www.wedrivit.com\/blog\/#\/schema\/logo\/image\/","url":"https:\/\/www.wedrivit.com\/blog\/wp-content\/uploads\/2024\/12\/wedrivit-blanc-large-2.png","contentUrl":"https:\/\/www.wedrivit.com\/blog\/wp-content\/uploads\/2024\/12\/wedrivit-blanc-large-2.png","caption":"Le blog des voitures de collection par Wedrivit"},"image":{"@id":"https:\/\/www.wedrivit.com\/blog\/#\/schema\/logo\/image\/"}},{"@type":"Person","@id":"https:\/\/www.wedrivit.com\/blog\/#\/schema\/person\/cb502f9aecb13007b7df0e01c777c321","name":"Sarah Laporte","image":{"@type":"ImageObject","inLanguage":"fr-FR","@id":"https:\/\/www.wedrivit.com\/blog\/#\/schema\/person\/image\/","url":"https:\/\/secure.gravatar.com\/avatar\/9b7845ad9a7e1ada8b33df651e2d4b8360bbd71b6eb2591444bcacb45eaf7d25?s=96&d=mm&r=g","contentUrl":"https:\/\/secure.gravatar.com\/avatar\/9b7845ad9a7e1ada8b33df651e2d4b8360bbd71b6eb2591444bcacb45eaf7d25?s=96&d=mm&r=g","caption":"Sarah Laporte"},"sameAs":["https:\/\/www.wedrivit.com\/","sverre.hubi@hotmail.fr"],"url":"https:\/\/www.wedrivit.com\/blog\/voiture\/collection\/author\/sarah"}]}},"_links":{"self":[{"href":"https:\/\/www.wedrivit.com\/blog\/wp-json\/wp\/v2\/posts\/1612","targetHints":{"allow":["GET"]}}],"collection":[{"href":"https:\/\/www.wedrivit.com\/blog\/wp-json\/wp\/v2\/posts"}],"about":[{"href":"https:\/\/www.wedrivit.com\/blog\/wp-json\/wp\/v2\/types\/post"}],"author":[{"embeddable":true,"href":"https:\/\/www.wedrivit.com\/blog\/wp-json\/wp\/v2\/users\/12"}],"replies":[{"embeddable":true,"href":"https:\/\/www.wedrivit.com\/blog\/wp-json\/wp\/v2\/comments?post=1612"}],"version-history":[{"count":45,"href":"https:\/\/www.wedrivit.com\/blog\/wp-json\/wp\/v2\/posts\/1612\/revisions"}],"predecessor-version":[{"id":6866,"href":"https:\/\/www.wedrivit.com\/blog\/wp-json\/wp\/v2\/posts\/1612\/revisions\/6866"}],"wp:featuredmedia":[{"embeddable":true,"href":"https:\/\/www.wedrivit.com\/blog\/wp-json\/wp\/v2\/media\/1616"}],"wp:attachment":[{"href":"https:\/\/www.wedrivit.com\/blog\/wp-json\/wp\/v2\/media?parent=1612"}],"wp:term":[{"taxonomy":"category","embeddable":true,"href":"https:\/\/www.wedrivit.com\/blog\/wp-json\/wp\/v2\/categories?post=1612"},{"taxonomy":"post_tag","embeddable":true,"href":"https:\/\/www.wedrivit.com\/blog\/wp-json\/wp\/v2\/tags?post=1612"}],"curies":[{"name":"wp","href":"https:\/\/api.w.org\/{rel}","templated":true}]}}