{"id":1527,"date":"2020-12-04T17:46:11","date_gmt":"2020-12-04T15:46:11","guid":{"rendered":"https:\/\/www.classic-hub.com\/blog\/?p=1527"},"modified":"2022-11-22T12:57:36","modified_gmt":"2022-11-22T10:57:36","slug":"lella-lombardi-formule-1","status":"publish","type":"post","link":"https:\/\/www.wedrivit.com\/blog\/voiture\/collection\/lella-lombardi-formule-1","title":{"rendered":"Lella Lombardi : la Femme 1 de la Formule 1"},"content":{"rendered":"\t\t<div data-elementor-type=\"wp-post\" data-elementor-id=\"1527\" class=\"elementor elementor-1527\">\n\t\t\t\t\t\t<section class=\"elementor-section elementor-top-section elementor-element elementor-element-e0ee63a elementor-section-boxed elementor-section-height-default elementor-section-height-default\" data-id=\"e0ee63a\" data-element_type=\"section\">\n\t\t\t\t\t\t<div class=\"elementor-container elementor-column-gap-default\">\n\t\t\t\t\t<div class=\"elementor-column elementor-col-100 elementor-top-column elementor-element elementor-element-1f027ab\" data-id=\"1f027ab\" data-element_type=\"column\">\n\t\t\t<div class=\"elementor-widget-wrap elementor-element-populated\">\n\t\t\t\t\t\t<div class=\"elementor-element elementor-element-d723025 elementor-widget elementor-widget-text-editor\" data-id=\"d723025\" data-element_type=\"widget\" data-widget_type=\"text-editor.default\">\n\t\t\t\t<div class=\"elementor-widget-container\">\n\t\t\t\t\t\t\t\t\t<p>Dans la plupart des sports, les hommes et les <strong>femmes<\/strong> ne concourent qu\u2019entre eux. Il est \u00e9galement vrai de dire que certains sports sont vus plus f\u00e9minins et d\u2019autres plus masculins. Parmi ceux-ci, les <strong>courses automobiles<\/strong> paraissent \u00eatre un bon exemple. Cependant, saviez-vous que les pilotes qui s\u2019affrontent en <a href=\"https:\/\/www.wedrivit.com\/blog\/voiture\/collection\/les-vehicules-qui-ont-revolutionne-la-course-automobile\/\" target=\"_blank\" rel=\"noopener\"><strong>Formule 1<\/strong><\/a>, par exemple pris totalement au hasard, peuvent en th\u00e9orie \u00eatre des hommes et des <strong>femmes<\/strong> ?\u00a0<\/p>\t\t\t\t\t\t\t\t<\/div>\n\t\t\t\t<\/div>\n\t\t\t\t<div class=\"elementor-element elementor-element-e7385e2 elementor-widget elementor-widget-image\" data-id=\"e7385e2\" data-element_type=\"widget\" data-widget_type=\"image.default\">\n\t\t\t\t<div class=\"elementor-widget-container\">\n\t\t\t\t\t\t\t\t\t\t\t\t\t\t\t<img fetchpriority=\"high\" decoding=\"async\" width=\"1000\" height=\"571\" src=\"https:\/\/www.wedrivit.com\/blog\/wp-content\/uploads\/2020\/12\/f1-63739_1920-1000x571.jpg\" class=\"attachment-large size-large wp-image-1537\" alt=\"F1 ann\u00e9es 70\" srcset=\"https:\/\/www.wedrivit.com\/blog\/wp-content\/uploads\/2020\/12\/f1-63739_1920-1000x571.jpg 1000w, https:\/\/www.wedrivit.com\/blog\/wp-content\/uploads\/2020\/12\/f1-63739_1920-300x171.jpg 300w, https:\/\/www.wedrivit.com\/blog\/wp-content\/uploads\/2020\/12\/f1-63739_1920-768x438.jpg 768w, https:\/\/www.wedrivit.com\/blog\/wp-content\/uploads\/2020\/12\/f1-63739_1920-1536x877.jpg 1536w, https:\/\/www.wedrivit.com\/blog\/wp-content\/uploads\/2020\/12\/f1-63739_1920-500x285.jpg 500w, https:\/\/www.wedrivit.com\/blog\/wp-content\/uploads\/2020\/12\/f1-63739_1920-1024x585.jpg 1024w, https:\/\/www.wedrivit.com\/blog\/wp-content\/uploads\/2020\/12\/f1-63739_1920.jpg 1920w\" sizes=\"(max-width: 1000px) 100vw, 1000px\" \/>\t\t\t\t\t\t\t\t\t\t\t\t\t\t\t<\/div>\n\t\t\t\t<\/div>\n\t\t\t\t<div class=\"elementor-element elementor-element-7b8a17d elementor-widget elementor-widget-text-editor\" data-id=\"7b8a17d\" data-element_type=\"widget\" data-widget_type=\"text-editor.default\">\n\t\t\t\t<div class=\"elementor-widget-container\">\n\t\t\t\t\t\t\t\t\t<p>C&rsquo;est une <strong>femme<\/strong> qui a marqu\u00e9 l\u2019Histoire de l\u2019automobile : elle ne fut pas la premi\u00e8re pilote mais la seconde \u00e0 s\u2019immiscer sur les <strong>circuits<\/strong> d\u2019ordinaire si masculins de la <strong>F1<\/strong>. L\u2019italienne surnomm\u00e9e la Tigresse de Turin marqua pourtant la discipline car elle participa \u00e0 3 saisons (1974-1976), prit le d\u00e9part de 12 Grands Prix, dont celui d\u2019Espagne en 1975 qui marquera au fer rouge son nom dans les esprits, mais d&rsquo;une fa\u00e7on quelques peu incongrue&#8230;<\/p><p>Sans plus attendre, d\u00e9couvrons ensemble le parcours de <strong>Lella Lombardie<\/strong>, pilote\u00a0des ann\u00e9es 70 \ud83c\udfc1<\/p>\t\t\t\t\t\t\t\t<\/div>\n\t\t\t\t<\/div>\n\t\t\t\t\t<\/div>\n\t\t<\/div>\n\t\t\t\t\t<\/div>\n\t\t<\/section>\n\t\t\t\t<section class=\"elementor-section elementor-top-section elementor-element elementor-element-6becac4 elementor-section-boxed elementor-section-height-default elementor-section-height-default\" data-id=\"6becac4\" data-element_type=\"section\">\n\t\t\t\t\t\t<div class=\"elementor-container elementor-column-gap-default\">\n\t\t\t\t\t<div class=\"elementor-column elementor-col-100 elementor-top-column elementor-element elementor-element-aaf0eb7\" data-id=\"aaf0eb7\" data-element_type=\"column\">\n\t\t\t<div class=\"elementor-widget-wrap elementor-element-populated\">\n\t\t\t\t\t\t<div class=\"elementor-element elementor-element-6b30255 elementor-widget elementor-widget-heading\" data-id=\"6b30255\" data-element_type=\"widget\" data-widget_type=\"heading.default\">\n\t\t\t\t<div class=\"elementor-widget-container\">\n\t\t\t\t\t<h2 class=\"elementor-heading-title elementor-size-default\">Lombardi : le parcours d'une battante<\/h2>\t\t\t\t<\/div>\n\t\t\t\t<\/div>\n\t\t\t\t<div class=\"elementor-element elementor-element-54bba32 elementor-widget elementor-widget-text-editor\" data-id=\"54bba32\" data-element_type=\"widget\" data-widget_type=\"text-editor.default\">\n\t\t\t\t<div class=\"elementor-widget-container\">\n\t\t\t\t\t\t\t\t\t<p>Dans les ann\u00e9es 60, elle d\u00e9buta dans les sports m\u00e9caniques. Elle ne brille pas, mais sa d\u00e9termination est sans faille. Elle participe \u00e0 sa premi\u00e8re <strong>course<\/strong> en 1965. Petit \u00e0 petit elle gravit les \u00e9chelons pour finalement se classer cinqui\u00e8me de Formule 5000 europ\u00e9enne en 1974 avec une Lola T330. L&rsquo;aventure ne fait que commencer. Elle participe cette ann\u00e9e l\u00e0 \u00e0 son tout premier <strong>Grand Prix<\/strong>, en Grande Bretagne. A 31 ans, sa premi\u00e8re participation en <strong>F1<\/strong> se fera beaucoup remarquer mais elle n\u2019en \u00e0 que faire. Au volant de sa Brabham BT42 , elle concoure avec fiert\u00e9 pour la toute premi\u00e8re fois. Malheureusement, elle ne parvient pas \u00e0 se qualifier pour le <strong>Grand prix<\/strong> d\u2019Angleterre ce qui rassure les plus machos de l\u2019assembl\u00e9e mais qui ne r\u00e9ussit pas \u00e0 l\u2019abattre. D\u00e9termination et force de caract\u00e8re sont les deux grands traits qui la caract\u00e9risent.<\/p><p>D&rsquo;ailleurs, elle ne reste pas sur cette d\u00e9faite. En effet, la Tigresse porte bien ce nom car si l&rsquo;on devait d\u00e9crire son parcours, on commencerait par parler de d\u00e9termination sans faille. Sur le <a href=\"https:\/\/www.wedrivit.com\/blog\/voiture\/collection\/les-circuits-alexandre-pierquet-interview\/\" target=\"_blank\" rel=\"noopener\"><strong>circuit<\/strong><\/a>, elle reste discr\u00e8te mais son niveau est solide, surtout qu&rsquo;en ces temps l\u00e0, on ne peut pas dire que le conseil de classe lui donnait les encouragements.<\/p>\t\t\t\t\t\t\t\t<\/div>\n\t\t\t\t<\/div>\n\t\t\t\t<div class=\"elementor-element elementor-element-1a0d1af elementor-widget elementor-widget-spacer\" data-id=\"1a0d1af\" data-element_type=\"widget\" data-widget_type=\"spacer.default\">\n\t\t\t\t<div class=\"elementor-widget-container\">\n\t\t\t\t\t\t\t<div class=\"elementor-spacer\">\n\t\t\t<div class=\"elementor-spacer-inner\"><\/div>\n\t\t<\/div>\n\t\t\t\t\t\t<\/div>\n\t\t\t\t<\/div>\n\t\t\t\t<section class=\"elementor-section elementor-inner-section elementor-element elementor-element-3e81018 elementor-section-boxed elementor-section-height-default elementor-section-height-default\" data-id=\"3e81018\" data-element_type=\"section\">\n\t\t\t\t\t\t<div class=\"elementor-container elementor-column-gap-default\">\n\t\t\t\t\t<div class=\"elementor-column elementor-col-50 elementor-inner-column elementor-element elementor-element-664dd36\" data-id=\"664dd36\" data-element_type=\"column\">\n\t\t\t<div class=\"elementor-widget-wrap elementor-element-populated\">\n\t\t\t\t\t\t<div class=\"elementor-element elementor-element-c37e3e4 elementor-widget elementor-widget-text-editor\" data-id=\"c37e3e4\" data-element_type=\"widget\" data-widget_type=\"text-editor.default\">\n\t\t\t\t<div class=\"elementor-widget-container\">\n\t\t\t\t\t\t\t\t\t<p>Cat\u00e9gorie dite reine des sports automobiles, la <strong>Formule 1<\/strong> ou <strong>F1<\/strong> pour les intimes est l\u2019un des sports les plus spectaculaires mais \u00e9galement l\u2019un des plus dangereux. Ca ne l&rsquo;arr\u00eate pas. D\u00e8s 1975, <strong>Lella Lombardi<\/strong> se rel\u00e8ve, appuy\u00e9e par les \u00e9curies March, int\u00e9ress\u00e9es par le grabuge m\u00e9diatique que peut provoquer la participation d&rsquo;une <strong>femme<\/strong>.\u00a0<\/p>\t\t\t\t\t\t\t\t<\/div>\n\t\t\t\t<\/div>\n\t\t\t\t\t<\/div>\n\t\t<\/div>\n\t\t\t\t<div class=\"elementor-column elementor-col-50 elementor-inner-column elementor-element elementor-element-bf8319c\" data-id=\"bf8319c\" data-element_type=\"column\">\n\t\t\t<div class=\"elementor-widget-wrap elementor-element-populated\">\n\t\t\t\t\t\t<div class=\"elementor-element elementor-element-963b495 elementor-widget elementor-widget-image\" data-id=\"963b495\" data-element_type=\"widget\" data-widget_type=\"image.default\">\n\t\t\t\t<div class=\"elementor-widget-container\">\n\t\t\t\t\t\t\t\t\t\t\t\t\t\t\t<img decoding=\"async\" width=\"1000\" height=\"505\" src=\"https:\/\/www.wedrivit.com\/blog\/wp-content\/uploads\/2020\/12\/9e635e878bc29ea61000c88cc86e2a7d-1000x505.jpg\" class=\"attachment-large size-large wp-image-1542\" alt=\"Lola T330\" srcset=\"https:\/\/www.wedrivit.com\/blog\/wp-content\/uploads\/2020\/12\/9e635e878bc29ea61000c88cc86e2a7d-1000x505.jpg 1000w, https:\/\/www.wedrivit.com\/blog\/wp-content\/uploads\/2020\/12\/9e635e878bc29ea61000c88cc86e2a7d-300x151.jpg 300w, https:\/\/www.wedrivit.com\/blog\/wp-content\/uploads\/2020\/12\/9e635e878bc29ea61000c88cc86e2a7d-768x387.jpg 768w, https:\/\/www.wedrivit.com\/blog\/wp-content\/uploads\/2020\/12\/9e635e878bc29ea61000c88cc86e2a7d-500x252.jpg 500w, https:\/\/www.wedrivit.com\/blog\/wp-content\/uploads\/2020\/12\/9e635e878bc29ea61000c88cc86e2a7d-1024x517.jpg 1024w, https:\/\/www.wedrivit.com\/blog\/wp-content\/uploads\/2020\/12\/9e635e878bc29ea61000c88cc86e2a7d.jpg 1100w\" sizes=\"(max-width: 1000px) 100vw, 1000px\" \/>\t\t\t\t\t\t\t\t\t\t\t\t\t\t\t<\/div>\n\t\t\t\t<\/div>\n\t\t\t\t\t<\/div>\n\t\t<\/div>\n\t\t\t\t\t<\/div>\n\t\t<\/section>\n\t\t\t\t<div class=\"elementor-element elementor-element-3ce1d08 elementor-widget elementor-widget-text-editor\" data-id=\"3ce1d08\" data-element_type=\"widget\" data-widget_type=\"text-editor.default\">\n\t\t\t\t<div class=\"elementor-widget-container\">\n\t\t\t\t\t\t\t\t\t<p>Elle parviendra cette ann\u00e9e l\u00e0 \u00e0 se qualifier et prendra le d\u00e9part du <strong>Grand Prix<\/strong> d&rsquo;Espagne.\u00a0<\/p>\t\t\t\t\t\t\t\t<\/div>\n\t\t\t\t<\/div>\n\t\t\t\t\t<\/div>\n\t\t<\/div>\n\t\t\t\t\t<\/div>\n\t\t<\/section>\n\t\t\t\t<section class=\"elementor-section elementor-top-section elementor-element elementor-element-aa1c10d elementor-section-boxed elementor-section-height-default elementor-section-height-default\" data-id=\"aa1c10d\" data-element_type=\"section\">\n\t\t\t\t\t\t<div class=\"elementor-container elementor-column-gap-default\">\n\t\t\t\t\t<div class=\"elementor-column elementor-col-100 elementor-top-column elementor-element elementor-element-030e3f7\" data-id=\"030e3f7\" data-element_type=\"column\">\n\t\t\t<div class=\"elementor-widget-wrap elementor-element-populated\">\n\t\t\t\t\t\t<div class=\"elementor-element elementor-element-729b6fb elementor-widget elementor-widget-heading\" data-id=\"729b6fb\" data-element_type=\"widget\" data-widget_type=\"heading.default\">\n\t\t\t\t<div class=\"elementor-widget-container\">\n\t\t\t\t\t<h2 class=\"elementor-heading-title elementor-size-default\">Un demi-point pour les femmes<\/h2>\t\t\t\t<\/div>\n\t\t\t\t<\/div>\n\t\t\t\t<div class=\"elementor-element elementor-element-7f4a727 elementor-widget elementor-widget-text-editor\" data-id=\"7f4a727\" data-element_type=\"widget\" data-widget_type=\"text-editor.default\">\n\t\t\t\t<div class=\"elementor-widget-container\">\n\t\t\t\t\t\t\t\t\t<p>Le 27 avril 1975, sur le <strong>circuit<\/strong> de Montjuic \u00a0le<strong> Grand prix<\/strong> d\u2019Espagne ne savait pas encore qu\u2019il resterait grav\u00e9 dans les m\u00e9moires pour diff\u00e9rentes raisons. Un accident tragique, celui de Rolf Stommelen, survint \u00e0 mi-parcours, entrainant la mort de plusieurs spectateurs ce qui stoppa nette la course \u00e0 29 tours sur 75. Les six premiers au classement marqu\u00e8rent alors la moiti\u00e9 des points d&rsquo;usage. Et devinez qui \u00e9tait parmi ceux-l\u00e0 ?\u00a0<\/p>\t\t\t\t\t\t\t\t<\/div>\n\t\t\t\t<\/div>\n\t\t\t\t<div class=\"elementor-element elementor-element-2be2ea5 elementor-widget elementor-widget-image\" data-id=\"2be2ea5\" data-element_type=\"widget\" data-widget_type=\"image.default\">\n\t\t\t\t<div class=\"elementor-widget-container\">\n\t\t\t\t\t\t\t\t\t\t\t\t<figure class=\"wp-caption\">\n\t\t\t\t\t\t\t\t\t\t<img decoding=\"async\" width=\"800\" height=\"436\" src=\"https:\/\/www.wedrivit.com\/blog\/wp-content\/uploads\/2020\/12\/montjuic.jpg\" class=\"attachment-large size-large wp-image-1549\" alt=\"montjuic\" srcset=\"https:\/\/www.wedrivit.com\/blog\/wp-content\/uploads\/2020\/12\/montjuic.jpg 800w, https:\/\/www.wedrivit.com\/blog\/wp-content\/uploads\/2020\/12\/montjuic-300x164.jpg 300w, https:\/\/www.wedrivit.com\/blog\/wp-content\/uploads\/2020\/12\/montjuic-768x419.jpg 768w, https:\/\/www.wedrivit.com\/blog\/wp-content\/uploads\/2020\/12\/montjuic-500x273.jpg 500w\" sizes=\"(max-width: 800px) 100vw, 800px\" \/>\t\t\t\t\t\t\t\t\t\t\t<figcaption class=\"widget-image-caption wp-caption-text\">Montju\u00efc<\/figcaption>\n\t\t\t\t\t\t\t\t\t\t<\/figure>\n\t\t\t\t\t\t\t\t\t<\/div>\n\t\t\t\t<\/div>\n\t\t\t\t<div class=\"elementor-element elementor-element-d4a394d elementor-widget elementor-widget-text-editor\" data-id=\"d4a394d\" data-element_type=\"widget\" data-widget_type=\"text-editor.default\">\n\t\t\t\t<div class=\"elementor-widget-container\">\n\t\t\t\t\t\t\t\t\t<p>Sixi\u00e8me au moment o\u00f9 la course prend fin, <strong>Lella Lombardi<\/strong> entra dans l&rsquo;histoire non seulement par ce demi-point de la sixi\u00e8me place, mais surtout, en devenant la <strong>premi\u00e8re femme<\/strong> \u00e0 inscrire des points &#8211; enfin fa\u00e7on de parler &#8211; en <strong>Formule 1<\/strong>. Avec ses 12 d\u00e9parts en <strong>F1<\/strong>, <strong>Lella Lombardie<\/strong> entra dans l&rsquo;histoire et d\u00e9tient \u00e0 ce jour le record<strong> f\u00e9minin<\/strong> du nombre de d\u00e9parts (et du nombre de points&#8230;).<\/p>\t\t\t\t\t\t\t\t<\/div>\n\t\t\t\t<\/div>\n\t\t\t\t<section class=\"elementor-section elementor-inner-section elementor-element elementor-element-68c7022 elementor-section-boxed elementor-section-height-default elementor-section-height-default\" data-id=\"68c7022\" data-element_type=\"section\">\n\t\t\t\t\t\t<div class=\"elementor-container elementor-column-gap-default\">\n\t\t\t\t\t<div class=\"elementor-column elementor-col-50 elementor-inner-column elementor-element elementor-element-563a83d\" data-id=\"563a83d\" data-element_type=\"column\">\n\t\t\t<div class=\"elementor-widget-wrap elementor-element-populated\">\n\t\t\t\t\t\t<div class=\"elementor-element elementor-element-f123ec3 elementor-widget elementor-widget-image\" data-id=\"f123ec3\" data-element_type=\"widget\" data-widget_type=\"image.default\">\n\t\t\t\t<div class=\"elementor-widget-container\">\n\t\t\t\t\t\t\t\t\t\t\t\t\t\t\t<img loading=\"lazy\" decoding=\"async\" width=\"512\" height=\"339\" src=\"https:\/\/www.wedrivit.com\/blog\/wp-content\/uploads\/2020\/12\/unnamed-4.jpg\" class=\"attachment-large size-large wp-image-1550\" alt=\"lella lombardi\" srcset=\"https:\/\/www.wedrivit.com\/blog\/wp-content\/uploads\/2020\/12\/unnamed-4.jpg 512w, https:\/\/www.wedrivit.com\/blog\/wp-content\/uploads\/2020\/12\/unnamed-4-300x199.jpg 300w, https:\/\/www.wedrivit.com\/blog\/wp-content\/uploads\/2020\/12\/unnamed-4-500x331.jpg 500w\" sizes=\"(max-width: 512px) 100vw, 512px\" \/>\t\t\t\t\t\t\t\t\t\t\t\t\t\t\t<\/div>\n\t\t\t\t<\/div>\n\t\t\t\t\t<\/div>\n\t\t<\/div>\n\t\t\t\t<div class=\"elementor-column elementor-col-50 elementor-inner-column elementor-element elementor-element-b073771\" data-id=\"b073771\" data-element_type=\"column\">\n\t\t\t<div class=\"elementor-widget-wrap elementor-element-populated\">\n\t\t\t\t\t\t<div class=\"elementor-element elementor-element-1979fbf elementor-widget elementor-widget-text-editor\" data-id=\"1979fbf\" data-element_type=\"widget\" data-widget_type=\"text-editor.default\">\n\t\t\t\t<div class=\"elementor-widget-container\">\n\t\t\t\t\t\t\t\t\t<p>Par la suite, elle quitta les monoplaces pour s&rsquo;orienter vers l&rsquo;Endurance, notamment Les 6h de Pergusa en 1979 ou encore les 6h du Mugello, saison durant laquelle elle se classe 5\u00e8me des championnats du monde des pilotes. Elle participa aussi quatre fois aux 24h du <a href=\"https:\/\/www.wedrivit.com\/rechercher?city=Le%20Mans\" target=\"_blank\" rel=\"noopener\">Mans<\/a> entre 1975 et 1980. On ne l&rsquo;arr\u00eatait plus puisqu&rsquo;elle courut apr\u00e8s \u00e7a en championnat d&rsquo;Europe des <strong>voitures de tourisme<\/strong> dans les ann\u00e9es 80.\u00a0<\/p>\t\t\t\t\t\t\t\t<\/div>\n\t\t\t\t<\/div>\n\t\t\t\t\t<\/div>\n\t\t<\/div>\n\t\t\t\t\t<\/div>\n\t\t<\/section>\n\t\t\t\t<div class=\"elementor-element elementor-element-f708aab elementor-widget elementor-widget-text-editor\" data-id=\"f708aab\" data-element_type=\"widget\" data-widget_type=\"text-editor.default\">\n\t\t\t\t<div class=\"elementor-widget-container\">\n\t\t\t\t\t\t\t\t\t<p>Elle s&rsquo;\u00e9teignit des suites d&rsquo;un cancer en 1992 \u00e0 presque 51 ans, apr\u00e8s avoir fait de son nom une r\u00e9f\u00e9rence pour toutes les <strong>femmes pilote<\/strong> qui lui succ\u00e8deront et marqu\u00e9 l&rsquo;histoire de la <strong>Formule 1<\/strong> \u00e0 la surprise de tous.\u00a0<\/p>\t\t\t\t\t\t\t\t<\/div>\n\t\t\t\t<\/div>\n\t\t\t\t<div class=\"elementor-element elementor-element-d31f101 elementor-widget elementor-widget-image\" data-id=\"d31f101\" data-element_type=\"widget\" data-widget_type=\"image.default\">\n\t\t\t\t<div class=\"elementor-widget-container\">\n\t\t\t\t\t\t\t\t\t\t\t\t\t\t\t<img loading=\"lazy\" decoding=\"async\" width=\"1000\" height=\"668\" src=\"https:\/\/www.wedrivit.com\/blog\/wp-content\/uploads\/2020\/12\/Lella-Lombardi-pilota-1570436316600-1000x668.jpg\" class=\"attachment-large size-large wp-image-1548\" alt=\"lella lombardi\" srcset=\"https:\/\/www.wedrivit.com\/blog\/wp-content\/uploads\/2020\/12\/Lella-Lombardi-pilota-1570436316600-1000x668.jpg 1000w, https:\/\/www.wedrivit.com\/blog\/wp-content\/uploads\/2020\/12\/Lella-Lombardi-pilota-1570436316600-300x200.jpg 300w, https:\/\/www.wedrivit.com\/blog\/wp-content\/uploads\/2020\/12\/Lella-Lombardi-pilota-1570436316600-768x513.jpg 768w, https:\/\/www.wedrivit.com\/blog\/wp-content\/uploads\/2020\/12\/Lella-Lombardi-pilota-1570436316600-1536x1025.jpg 1536w, https:\/\/www.wedrivit.com\/blog\/wp-content\/uploads\/2020\/12\/Lella-Lombardi-pilota-1570436316600-2048x1367.jpg 2048w, https:\/\/www.wedrivit.com\/blog\/wp-content\/uploads\/2020\/12\/Lella-Lombardi-pilota-1570436316600-500x334.jpg 500w, https:\/\/www.wedrivit.com\/blog\/wp-content\/uploads\/2020\/12\/Lella-Lombardi-pilota-1570436316600-1024x684.jpg 1024w\" sizes=\"(max-width: 1000px) 100vw, 1000px\" \/>\t\t\t\t\t\t\t\t\t\t\t\t\t\t\t<\/div>\n\t\t\t\t<\/div>\n\t\t\t\t<div class=\"elementor-element elementor-element-7faf792 elementor-widget elementor-widget-spacer\" data-id=\"7faf792\" data-element_type=\"widget\" data-widget_type=\"spacer.default\">\n\t\t\t\t<div class=\"elementor-widget-container\">\n\t\t\t\t\t\t\t<div class=\"elementor-spacer\">\n\t\t\t<div class=\"elementor-spacer-inner\"><\/div>\n\t\t<\/div>\n\t\t\t\t\t\t<\/div>\n\t\t\t\t<\/div>\n\t\t\t\t\t<\/div>\n\t\t<\/div>\n\t\t\t\t\t<\/div>\n\t\t<\/section>\n\t\t\t\t<section class=\"elementor-section elementor-top-section elementor-element elementor-element-92e5c16 elementor-section-boxed elementor-section-height-default elementor-section-height-default\" data-id=\"92e5c16\" data-element_type=\"section\">\n\t\t\t\t\t\t<div class=\"elementor-container elementor-column-gap-default\">\n\t\t\t\t\t<div class=\"elementor-column elementor-col-100 elementor-top-column elementor-element elementor-element-d27d9ad\" data-id=\"d27d9ad\" data-element_type=\"column\">\n\t\t\t<div class=\"elementor-widget-wrap elementor-element-populated\">\n\t\t\t\t\t\t<div class=\"elementor-element elementor-element-3931f8f elementor-widget elementor-widget-heading\" data-id=\"3931f8f\" data-element_type=\"widget\" data-widget_type=\"heading.default\">\n\t\t\t\t<div class=\"elementor-widget-container\">\n\t\t\t\t\t<h3 class=\"elementor-heading-title elementor-size-large\">Envie de d\u00e9couvrir d'autres aspects de l'automobile ancienne ? Consultez nos derniers articles : <\/h3>\t\t\t\t<\/div>\n\t\t\t\t<\/div>\n\t\t\t\t<div class=\"elementor-element elementor-element-1b7e02b elementor-widget elementor-widget-text-editor\" data-id=\"1b7e02b\" data-element_type=\"widget\" data-widget_type=\"text-editor.default\">\n\t\t\t\t<div class=\"elementor-widget-container\">\n\t\t\t\t\t\t\t\t\t<blockquote><p><a href=\"http:\/\/wedrivit.com\/blog\/voiture\/collection\/rallye-voiture-de-collection\/\">Comment participer \u00e0 un rallye sans \u00eatre propri\u00e9taire d&rsquo;une voiture de collection ?\u00a0<\/a><\/p><p><a href=\"http:\/\/wedrivit.com\/blog\/voiture\/collection\/05-oeuvres-dart-voitures-anciennes\/\">05 \u0153uvres d&rsquo;art inspir\u00e9es par des voitures anciennes<\/a><\/p><p><a href=\"http:\/\/wedrivit.com\/blog\/voiture\/collection\/journees-europeennes-du-patrimoine\/\">Les journ\u00e9es europ\u00e9ennes du patrimoine<\/a><\/p><\/blockquote>\t\t\t\t\t\t\t\t<\/div>\n\t\t\t\t<\/div>\n\t\t\t\t<div class=\"elementor-element elementor-element-9bda986 elementor-widget elementor-widget-spacer\" data-id=\"9bda986\" data-element_type=\"widget\" data-widget_type=\"spacer.default\">\n\t\t\t\t<div class=\"elementor-widget-container\">\n\t\t\t\t\t\t\t<div class=\"elementor-spacer\">\n\t\t\t<div class=\"elementor-spacer-inner\"><\/div>\n\t\t<\/div>\n\t\t\t\t\t\t<\/div>\n\t\t\t\t<\/div>\n\t\t\t\t<div class=\"elementor-element elementor-element-30ad06e elementor-widget elementor-widget-heading\" data-id=\"30ad06e\" data-element_type=\"widget\" data-widget_type=\"heading.default\">\n\t\t\t\t<div class=\"elementor-widget-container\">\n\t\t\t\t\t<h3 class=\"elementor-heading-title elementor-size-large\">Envie de conduire un v\u00e9hicule de collection ?<\/h3>\t\t\t\t<\/div>\n\t\t\t\t<\/div>\n\t\t\t\t<div class=\"elementor-element elementor-element-6cd5cf8 elementor-align-center elementor-widget elementor-widget-button\" data-id=\"6cd5cf8\" data-element_type=\"widget\" data-widget_type=\"button.default\">\n\t\t\t\t<div class=\"elementor-widget-container\">\n\t\t\t\t\t\t\t\t\t<div class=\"elementor-button-wrapper\">\n\t\t\t\t\t<a class=\"elementor-button elementor-button-link elementor-size-sm elementor-animation-shrink\" href=\"http:\/\/wedrivit.com\">\n\t\t\t\t\t\t<span class=\"elementor-button-content-wrapper\">\n\t\t\t\t\t\t\t\t\t<span class=\"elementor-button-text\">Rendez-vous sur Wedrivit<\/span>\n\t\t\t\t\t<\/span>\n\t\t\t\t\t<\/a>\n\t\t\t\t<\/div>\n\t\t\t\t\t\t\t\t<\/div>\n\t\t\t\t<\/div>\n\t\t\t\t<div class=\"elementor-element elementor-element-e55bf30 elementor-widget elementor-widget-spacer\" data-id=\"e55bf30\" data-element_type=\"widget\" data-widget_type=\"spacer.default\">\n\t\t\t\t<div class=\"elementor-widget-container\">\n\t\t\t\t\t\t\t<div class=\"elementor-spacer\">\n\t\t\t<div class=\"elementor-spacer-inner\"><\/div>\n\t\t<\/div>\n\t\t\t\t\t\t<\/div>\n\t\t\t\t<\/div>\n\t\t\t\t\t<\/div>\n\t\t<\/div>\n\t\t\t\t\t<\/div>\n\t\t<\/section>\n\t\t\t\t<\/div>\n\t\t","protected":false},"excerpt":{"rendered":"<p>Lella Lombardi : la Femme 1 de la Formule 1<\/p>\n","protected":false},"author":9,"featured_media":1548,"comment_status":"open","ping_status":"open","sticky":false,"template":"","format":"standard","meta":{"footnotes":""},"categories":[17,1],"tags":[],"class_list":["post-1527","post","type-post","status-publish","format-standard","has-post-thumbnail","hentry","category-culture-automobile","category-tous-les-articles"],"yoast_head":"<!-- This site is optimized with the Yoast SEO plugin v26.9 - https:\/\/yoast.com\/product\/yoast-seo-wordpress\/ -->\n<title>Lella Lombardi : la Femme 1 de la Formule 1 - Wedrivit<\/title>\n<meta name=\"description\" content=\"La premi\u00e8re femme \u00e0 marquer des points en Formule 1 et \u00e9galement la seule, Wedrivit revient sur le parcours de l&#039;italienne surnomm\u00e9e la Tigresse.\" \/>\n<meta name=\"robots\" content=\"index, follow, max-snippet:-1, max-image-preview:large, max-video-preview:-1\" \/>\n<link rel=\"canonical\" href=\"https:\/\/www.wedrivit.com\/blog\/voiture\/collection\/lella-lombardi-formule-1\" \/>\n<meta property=\"og:locale\" content=\"fr_FR\" \/>\n<meta property=\"og:type\" content=\"article\" \/>\n<meta property=\"og:title\" content=\"Lella Lombardi : la Femme 1 de la Formule 1 - Wedrivit\" \/>\n<meta property=\"og:description\" content=\"La premi\u00e8re femme \u00e0 marquer des points en Formule 1 et \u00e9galement la seule, Wedrivit revient sur le parcours de l&#039;italienne surnomm\u00e9e la Tigresse.\" \/>\n<meta property=\"og:url\" content=\"https:\/\/www.wedrivit.com\/blog\/voiture\/collection\/lella-lombardi-formule-1\" \/>\n<meta property=\"og:site_name\" content=\"Le blog des voitures de collection par Wedrivit\" \/>\n<meta property=\"article:published_time\" content=\"2020-12-04T15:46:11+00:00\" \/>\n<meta property=\"article:modified_time\" content=\"2022-11-22T10:57:36+00:00\" \/>\n<meta property=\"og:image\" content=\"https:\/\/www.wedrivit.com\/blog\/wp-content\/uploads\/2020\/12\/Lella-Lombardi-pilota-1570436316600-scaled.jpg\" \/>\n\t<meta property=\"og:image:width\" content=\"2560\" \/>\n\t<meta property=\"og:image:height\" content=\"1709\" \/>\n\t<meta property=\"og:image:type\" content=\"image\/jpeg\" \/>\n<meta name=\"author\" content=\"Blandine Cauvin\" \/>\n<meta name=\"twitter:card\" content=\"summary_large_image\" \/>\n<meta name=\"twitter:label1\" content=\"\u00c9crit par\" \/>\n\t<meta name=\"twitter:data1\" content=\"Blandine Cauvin\" \/>\n\t<meta name=\"twitter:label2\" content=\"Dur\u00e9e de lecture estim\u00e9e\" \/>\n\t<meta name=\"twitter:data2\" content=\"4 minutes\" \/>\n<script type=\"application\/ld+json\" class=\"yoast-schema-graph\">{\"@context\":\"https:\/\/schema.org\",\"@graph\":[{\"@type\":\"Article\",\"@id\":\"https:\/\/www.wedrivit.com\/blog\/voiture\/collection\/lella-lombardi-formule-1#article\",\"isPartOf\":{\"@id\":\"https:\/\/www.wedrivit.com\/blog\/voiture\/collection\/lella-lombardi-formule-1\"},\"author\":{\"name\":\"Blandine Cauvin\",\"@id\":\"https:\/\/www.wedrivit.com\/blog\/#\/schema\/person\/fab68f4cb58a8c68881ac6463efa1a24\"},\"headline\":\"Lella Lombardi : la Femme 1 de la Formule 1\",\"datePublished\":\"2020-12-04T15:46:11+00:00\",\"dateModified\":\"2022-11-22T10:57:36+00:00\",\"mainEntityOfPage\":{\"@id\":\"https:\/\/www.wedrivit.com\/blog\/voiture\/collection\/lella-lombardi-formule-1\"},\"wordCount\":815,\"commentCount\":0,\"publisher\":{\"@id\":\"https:\/\/www.wedrivit.com\/blog\/#organization\"},\"image\":{\"@id\":\"https:\/\/www.wedrivit.com\/blog\/voiture\/collection\/lella-lombardi-formule-1#primaryimage\"},\"thumbnailUrl\":\"https:\/\/www.wedrivit.com\/blog\/wp-content\/uploads\/2020\/12\/Lella-Lombardi-pilota-1570436316600-scaled.jpg\",\"articleSection\":[\"Culture Automobile\",\"Tous les articles\"],\"inLanguage\":\"fr-FR\",\"potentialAction\":[{\"@type\":\"CommentAction\",\"name\":\"Comment\",\"target\":[\"https:\/\/www.wedrivit.com\/blog\/voiture\/collection\/lella-lombardi-formule-1#respond\"]}]},{\"@type\":\"WebPage\",\"@id\":\"https:\/\/www.wedrivit.com\/blog\/voiture\/collection\/lella-lombardi-formule-1\",\"url\":\"https:\/\/www.wedrivit.com\/blog\/voiture\/collection\/lella-lombardi-formule-1\",\"name\":\"Lella Lombardi : la Femme 1 de la Formule 1 - Wedrivit\",\"isPartOf\":{\"@id\":\"https:\/\/www.wedrivit.com\/blog\/#website\"},\"primaryImageOfPage\":{\"@id\":\"https:\/\/www.wedrivit.com\/blog\/voiture\/collection\/lella-lombardi-formule-1#primaryimage\"},\"image\":{\"@id\":\"https:\/\/www.wedrivit.com\/blog\/voiture\/collection\/lella-lombardi-formule-1#primaryimage\"},\"thumbnailUrl\":\"https:\/\/www.wedrivit.com\/blog\/wp-content\/uploads\/2020\/12\/Lella-Lombardi-pilota-1570436316600-scaled.jpg\",\"datePublished\":\"2020-12-04T15:46:11+00:00\",\"dateModified\":\"2022-11-22T10:57:36+00:00\",\"description\":\"La premi\u00e8re femme \u00e0 marquer des points en Formule 1 et \u00e9galement la seule, Wedrivit revient sur le parcours de l'italienne surnomm\u00e9e la Tigresse.\",\"breadcrumb\":{\"@id\":\"https:\/\/www.wedrivit.com\/blog\/voiture\/collection\/lella-lombardi-formule-1#breadcrumb\"},\"inLanguage\":\"fr-FR\",\"potentialAction\":[{\"@type\":\"ReadAction\",\"target\":[\"https:\/\/www.wedrivit.com\/blog\/voiture\/collection\/lella-lombardi-formule-1\"]}]},{\"@type\":\"ImageObject\",\"inLanguage\":\"fr-FR\",\"@id\":\"https:\/\/www.wedrivit.com\/blog\/voiture\/collection\/lella-lombardi-formule-1#primaryimage\",\"url\":\"https:\/\/www.wedrivit.com\/blog\/wp-content\/uploads\/2020\/12\/Lella-Lombardi-pilota-1570436316600-scaled.jpg\",\"contentUrl\":\"https:\/\/www.wedrivit.com\/blog\/wp-content\/uploads\/2020\/12\/Lella-Lombardi-pilota-1570436316600-scaled.jpg\",\"width\":2560,\"height\":1709,\"caption\":\"lella lombardi\"},{\"@type\":\"BreadcrumbList\",\"@id\":\"https:\/\/www.wedrivit.com\/blog\/voiture\/collection\/lella-lombardi-formule-1#breadcrumb\",\"itemListElement\":[{\"@type\":\"ListItem\",\"position\":1,\"name\":\"Home\",\"item\":\"https:\/\/www.wedrivit.com\/blog\/\"},{\"@type\":\"ListItem\",\"position\":2,\"name\":\"Lella Lombardi : la Femme 1 de la Formule 1\"}]},{\"@type\":\"WebSite\",\"@id\":\"https:\/\/www.wedrivit.com\/blog\/#website\",\"url\":\"https:\/\/www.wedrivit.com\/blog\/\",\"name\":\"Le blog des voitures de collection par Wedrivit\",\"description\":\"Tout savoir sur les voitures anciennes grace \u00e0 Wedrivit, la plateforme de location de voitures anciennes entre particuliers.\",\"publisher\":{\"@id\":\"https:\/\/www.wedrivit.com\/blog\/#organization\"},\"potentialAction\":[{\"@type\":\"SearchAction\",\"target\":{\"@type\":\"EntryPoint\",\"urlTemplate\":\"https:\/\/www.wedrivit.com\/blog\/?s={search_term_string}\"},\"query-input\":{\"@type\":\"PropertyValueSpecification\",\"valueRequired\":true,\"valueName\":\"search_term_string\"}}],\"inLanguage\":\"fr-FR\"},{\"@type\":\"Organization\",\"@id\":\"https:\/\/www.wedrivit.com\/blog\/#organization\",\"name\":\"Le blog des voitures de collection par Wedrivit\",\"url\":\"https:\/\/www.wedrivit.com\/blog\/\",\"logo\":{\"@type\":\"ImageObject\",\"inLanguage\":\"fr-FR\",\"@id\":\"https:\/\/www.wedrivit.com\/blog\/#\/schema\/logo\/image\/\",\"url\":\"https:\/\/www.wedrivit.com\/blog\/wp-content\/uploads\/2024\/12\/wedrivit-blanc-large-2.png\",\"contentUrl\":\"https:\/\/www.wedrivit.com\/blog\/wp-content\/uploads\/2024\/12\/wedrivit-blanc-large-2.png\",\"caption\":\"Le blog des voitures de collection par Wedrivit\"},\"image\":{\"@id\":\"https:\/\/www.wedrivit.com\/blog\/#\/schema\/logo\/image\/\"}},{\"@type\":\"Person\",\"@id\":\"https:\/\/www.wedrivit.com\/blog\/#\/schema\/person\/fab68f4cb58a8c68881ac6463efa1a24\",\"name\":\"Blandine Cauvin\",\"image\":{\"@type\":\"ImageObject\",\"inLanguage\":\"fr-FR\",\"@id\":\"https:\/\/www.wedrivit.com\/blog\/#\/schema\/person\/image\/\",\"url\":\"https:\/\/secure.gravatar.com\/avatar\/c0509fcb32c676e2f8653e14df9292c222d1f6a62e649da0056f7593133a1226?s=96&d=mm&r=g\",\"contentUrl\":\"https:\/\/secure.gravatar.com\/avatar\/c0509fcb32c676e2f8653e14df9292c222d1f6a62e649da0056f7593133a1226?s=96&d=mm&r=g\",\"caption\":\"Blandine Cauvin\"},\"sameAs\":[\"http:\/\/www.wedrivit.com\"],\"url\":\"https:\/\/www.wedrivit.com\/blog\/voiture\/collection\/author\/blandine-cauvin\"}]}<\/script>\n<!-- \/ Yoast SEO plugin. -->","yoast_head_json":{"title":"Lella Lombardi : la Femme 1 de la Formule 1 - Wedrivit","description":"La premi\u00e8re femme \u00e0 marquer des points en Formule 1 et \u00e9galement la seule, Wedrivit revient sur le parcours de l'italienne surnomm\u00e9e la Tigresse.","robots":{"index":"index","follow":"follow","max-snippet":"max-snippet:-1","max-image-preview":"max-image-preview:large","max-video-preview":"max-video-preview:-1"},"canonical":"https:\/\/www.wedrivit.com\/blog\/voiture\/collection\/lella-lombardi-formule-1","og_locale":"fr_FR","og_type":"article","og_title":"Lella Lombardi : la Femme 1 de la Formule 1 - Wedrivit","og_description":"La premi\u00e8re femme \u00e0 marquer des points en Formule 1 et \u00e9galement la seule, Wedrivit revient sur le parcours de l'italienne surnomm\u00e9e la Tigresse.","og_url":"https:\/\/www.wedrivit.com\/blog\/voiture\/collection\/lella-lombardi-formule-1","og_site_name":"Le blog des voitures de collection par Wedrivit","article_published_time":"2020-12-04T15:46:11+00:00","article_modified_time":"2022-11-22T10:57:36+00:00","og_image":[{"width":2560,"height":1709,"url":"https:\/\/www.wedrivit.com\/blog\/wp-content\/uploads\/2020\/12\/Lella-Lombardi-pilota-1570436316600-scaled.jpg","type":"image\/jpeg"}],"author":"Blandine Cauvin","twitter_card":"summary_large_image","twitter_misc":{"\u00c9crit par":"Blandine Cauvin","Dur\u00e9e de lecture estim\u00e9e":"4 minutes"},"schema":{"@context":"https:\/\/schema.org","@graph":[{"@type":"Article","@id":"https:\/\/www.wedrivit.com\/blog\/voiture\/collection\/lella-lombardi-formule-1#article","isPartOf":{"@id":"https:\/\/www.wedrivit.com\/blog\/voiture\/collection\/lella-lombardi-formule-1"},"author":{"name":"Blandine Cauvin","@id":"https:\/\/www.wedrivit.com\/blog\/#\/schema\/person\/fab68f4cb58a8c68881ac6463efa1a24"},"headline":"Lella Lombardi : la Femme 1 de la Formule 1","datePublished":"2020-12-04T15:46:11+00:00","dateModified":"2022-11-22T10:57:36+00:00","mainEntityOfPage":{"@id":"https:\/\/www.wedrivit.com\/blog\/voiture\/collection\/lella-lombardi-formule-1"},"wordCount":815,"commentCount":0,"publisher":{"@id":"https:\/\/www.wedrivit.com\/blog\/#organization"},"image":{"@id":"https:\/\/www.wedrivit.com\/blog\/voiture\/collection\/lella-lombardi-formule-1#primaryimage"},"thumbnailUrl":"https:\/\/www.wedrivit.com\/blog\/wp-content\/uploads\/2020\/12\/Lella-Lombardi-pilota-1570436316600-scaled.jpg","articleSection":["Culture Automobile","Tous les articles"],"inLanguage":"fr-FR","potentialAction":[{"@type":"CommentAction","name":"Comment","target":["https:\/\/www.wedrivit.com\/blog\/voiture\/collection\/lella-lombardi-formule-1#respond"]}]},{"@type":"WebPage","@id":"https:\/\/www.wedrivit.com\/blog\/voiture\/collection\/lella-lombardi-formule-1","url":"https:\/\/www.wedrivit.com\/blog\/voiture\/collection\/lella-lombardi-formule-1","name":"Lella Lombardi : la Femme 1 de la Formule 1 - Wedrivit","isPartOf":{"@id":"https:\/\/www.wedrivit.com\/blog\/#website"},"primaryImageOfPage":{"@id":"https:\/\/www.wedrivit.com\/blog\/voiture\/collection\/lella-lombardi-formule-1#primaryimage"},"image":{"@id":"https:\/\/www.wedrivit.com\/blog\/voiture\/collection\/lella-lombardi-formule-1#primaryimage"},"thumbnailUrl":"https:\/\/www.wedrivit.com\/blog\/wp-content\/uploads\/2020\/12\/Lella-Lombardi-pilota-1570436316600-scaled.jpg","datePublished":"2020-12-04T15:46:11+00:00","dateModified":"2022-11-22T10:57:36+00:00","description":"La premi\u00e8re femme \u00e0 marquer des points en Formule 1 et \u00e9galement la seule, Wedrivit revient sur le parcours de l'italienne surnomm\u00e9e la Tigresse.","breadcrumb":{"@id":"https:\/\/www.wedrivit.com\/blog\/voiture\/collection\/lella-lombardi-formule-1#breadcrumb"},"inLanguage":"fr-FR","potentialAction":[{"@type":"ReadAction","target":["https:\/\/www.wedrivit.com\/blog\/voiture\/collection\/lella-lombardi-formule-1"]}]},{"@type":"ImageObject","inLanguage":"fr-FR","@id":"https:\/\/www.wedrivit.com\/blog\/voiture\/collection\/lella-lombardi-formule-1#primaryimage","url":"https:\/\/www.wedrivit.com\/blog\/wp-content\/uploads\/2020\/12\/Lella-Lombardi-pilota-1570436316600-scaled.jpg","contentUrl":"https:\/\/www.wedrivit.com\/blog\/wp-content\/uploads\/2020\/12\/Lella-Lombardi-pilota-1570436316600-scaled.jpg","width":2560,"height":1709,"caption":"lella lombardi"},{"@type":"BreadcrumbList","@id":"https:\/\/www.wedrivit.com\/blog\/voiture\/collection\/lella-lombardi-formule-1#breadcrumb","itemListElement":[{"@type":"ListItem","position":1,"name":"Home","item":"https:\/\/www.wedrivit.com\/blog\/"},{"@type":"ListItem","position":2,"name":"Lella Lombardi : la Femme 1 de la Formule 1"}]},{"@type":"WebSite","@id":"https:\/\/www.wedrivit.com\/blog\/#website","url":"https:\/\/www.wedrivit.com\/blog\/","name":"Le blog des voitures de collection par Wedrivit","description":"Tout savoir sur les voitures anciennes grace \u00e0 Wedrivit, la plateforme de location de voitures anciennes entre particuliers.","publisher":{"@id":"https:\/\/www.wedrivit.com\/blog\/#organization"},"potentialAction":[{"@type":"SearchAction","target":{"@type":"EntryPoint","urlTemplate":"https:\/\/www.wedrivit.com\/blog\/?s={search_term_string}"},"query-input":{"@type":"PropertyValueSpecification","valueRequired":true,"valueName":"search_term_string"}}],"inLanguage":"fr-FR"},{"@type":"Organization","@id":"https:\/\/www.wedrivit.com\/blog\/#organization","name":"Le blog des voitures de collection par Wedrivit","url":"https:\/\/www.wedrivit.com\/blog\/","logo":{"@type":"ImageObject","inLanguage":"fr-FR","@id":"https:\/\/www.wedrivit.com\/blog\/#\/schema\/logo\/image\/","url":"https:\/\/www.wedrivit.com\/blog\/wp-content\/uploads\/2024\/12\/wedrivit-blanc-large-2.png","contentUrl":"https:\/\/www.wedrivit.com\/blog\/wp-content\/uploads\/2024\/12\/wedrivit-blanc-large-2.png","caption":"Le blog des voitures de collection par Wedrivit"},"image":{"@id":"https:\/\/www.wedrivit.com\/blog\/#\/schema\/logo\/image\/"}},{"@type":"Person","@id":"https:\/\/www.wedrivit.com\/blog\/#\/schema\/person\/fab68f4cb58a8c68881ac6463efa1a24","name":"Blandine Cauvin","image":{"@type":"ImageObject","inLanguage":"fr-FR","@id":"https:\/\/www.wedrivit.com\/blog\/#\/schema\/person\/image\/","url":"https:\/\/secure.gravatar.com\/avatar\/c0509fcb32c676e2f8653e14df9292c222d1f6a62e649da0056f7593133a1226?s=96&d=mm&r=g","contentUrl":"https:\/\/secure.gravatar.com\/avatar\/c0509fcb32c676e2f8653e14df9292c222d1f6a62e649da0056f7593133a1226?s=96&d=mm&r=g","caption":"Blandine Cauvin"},"sameAs":["http:\/\/www.wedrivit.com"],"url":"https:\/\/www.wedrivit.com\/blog\/voiture\/collection\/author\/blandine-cauvin"}]}},"_links":{"self":[{"href":"https:\/\/www.wedrivit.com\/blog\/wp-json\/wp\/v2\/posts\/1527","targetHints":{"allow":["GET"]}}],"collection":[{"href":"https:\/\/www.wedrivit.com\/blog\/wp-json\/wp\/v2\/posts"}],"about":[{"href":"https:\/\/www.wedrivit.com\/blog\/wp-json\/wp\/v2\/types\/post"}],"author":[{"embeddable":true,"href":"https:\/\/www.wedrivit.com\/blog\/wp-json\/wp\/v2\/users\/9"}],"replies":[{"embeddable":true,"href":"https:\/\/www.wedrivit.com\/blog\/wp-json\/wp\/v2\/comments?post=1527"}],"version-history":[{"count":46,"href":"https:\/\/www.wedrivit.com\/blog\/wp-json\/wp\/v2\/posts\/1527\/revisions"}],"predecessor-version":[{"id":7170,"href":"https:\/\/www.wedrivit.com\/blog\/wp-json\/wp\/v2\/posts\/1527\/revisions\/7170"}],"wp:featuredmedia":[{"embeddable":true,"href":"https:\/\/www.wedrivit.com\/blog\/wp-json\/wp\/v2\/media\/1548"}],"wp:attachment":[{"href":"https:\/\/www.wedrivit.com\/blog\/wp-json\/wp\/v2\/media?parent=1527"}],"wp:term":[{"taxonomy":"category","embeddable":true,"href":"https:\/\/www.wedrivit.com\/blog\/wp-json\/wp\/v2\/categories?post=1527"},{"taxonomy":"post_tag","embeddable":true,"href":"https:\/\/www.wedrivit.com\/blog\/wp-json\/wp\/v2\/tags?post=1527"}],"curies":[{"name":"wp","href":"https:\/\/api.w.org\/{rel}","templated":true}]}}