{"id":1431,"date":"2025-07-09T08:22:13","date_gmt":"2025-07-09T06:22:13","guid":{"rendered":"https:\/\/www.classic-hub.com\/blog\/?p=1431"},"modified":"2025-07-07T15:30:21","modified_gmt":"2025-07-07T13:30:21","slug":"voitures-etranges","status":"publish","type":"post","link":"https:\/\/www.wedrivit.com\/blog\/voiture\/collection\/voitures-etranges","title":{"rendered":"Top 15 des voitures les plus \u00e9tranges de tous les temps"},"content":{"rendered":"\t\t<div data-elementor-type=\"wp-post\" data-elementor-id=\"1431\" class=\"elementor elementor-1431\">\n\t\t\t\t\t\t<section class=\"elementor-section elementor-top-section elementor-element elementor-element-962c581 elementor-section-boxed elementor-section-height-default elementor-section-height-default\" data-id=\"962c581\" data-element_type=\"section\">\n\t\t\t\t\t\t<div class=\"elementor-container elementor-column-gap-default\">\n\t\t\t\t\t<div class=\"elementor-column elementor-col-100 elementor-top-column elementor-element elementor-element-430896c\" data-id=\"430896c\" data-element_type=\"column\">\n\t\t\t<div class=\"elementor-widget-wrap elementor-element-populated\">\n\t\t\t\t\t\t<div class=\"elementor-element elementor-element-d647b00 elementor-widget elementor-widget-text-editor\" data-id=\"d647b00\" data-element_type=\"widget\" data-widget_type=\"text-editor.default\">\n\t\t\t\t<div class=\"elementor-widget-container\">\n\t\t\t\t\t\t\t\t\t<p data-start=\"21\" data-end=\"415\">Et si les voitures avaient parfois un grain de folie ? Une bulle en guise de toit, trois roues bancales, un moteur qui ronronne sur l\u2019eau\u2026 Certaines autos semblent tout droit sorties d\u2019un r\u00eave farfelu, d\u2019un d\u00e9lire d\u2019ing\u00e9nieur ou d\u2019un film de science-fiction mal doubl\u00e9. Pourtant, ces ovnis m\u00e9caniques ont bel et bien exist\u00e9, d\u00e9fiant les conventions avec audace \u2013 voire un brin d\u2019absurde assum\u00e9.<\/p><p data-start=\"417\" data-end=\"716\" data-is-last-node=\"\" data-is-only-node=\"\">Dans ce top 15 des voitures les plus \u00e9tranges de tous les temps, on vous embarque pour un voyage aux confins du bizarre automobile : l\u00e0 o\u00f9 l\u2019innovation flirte avec l\u2019excentricit\u00e9, o\u00f9 chaque virage r\u00e9serve une surprise. Bouclez votre ceinture\u2026 ou pas, certaines de ces voitures n\u2019en avaient m\u00eame pas.<\/p><p>Voici donc le <strong>Top 15 des voitures les plus \u00e9tranges<\/strong> <img decoding=\"async\" class=\"emoji\" role=\"img\" draggable=\"false\" src=\"https:\/\/s.w.org\/images\/core\/emoji\/13.0.1\/svg\/1f47d.svg\" alt=\"\ud83d\udc7d\" \/><\/p>\t\t\t\t\t\t\t\t<\/div>\n\t\t\t\t<\/div>\n\t\t\t\t<div class=\"elementor-element elementor-element-136738b elementor-widget elementor-widget-image\" data-id=\"136738b\" data-element_type=\"widget\" data-widget_type=\"image.default\">\n\t\t\t\t<div class=\"elementor-widget-container\">\n\t\t\t\t\t\t\t\t\t\t\t\t\t\t\t\t<a href=\"https:\/\/www.wedrivit.com\/\">\n\t\t\t\t\t\t\t<img fetchpriority=\"high\" decoding=\"async\" width=\"760\" height=\"250\" src=\"https:\/\/www.wedrivit.com\/blog\/wp-content\/uploads\/2025\/06\/banniere-wedrivit-1.png\" class=\"attachment-large size-large wp-image-10958\" alt=\"banni\u00e8re wedrivit\" srcset=\"https:\/\/www.wedrivit.com\/blog\/wp-content\/uploads\/2025\/06\/banniere-wedrivit-1.png 760w, https:\/\/www.wedrivit.com\/blog\/wp-content\/uploads\/2025\/06\/banniere-wedrivit-1-300x99.png 300w\" sizes=\"(max-width: 760px) 100vw, 760px\" \/>\t\t\t\t\t\t\t\t<\/a>\n\t\t\t\t\t\t\t\t\t\t\t\t\t\t\t<\/div>\n\t\t\t\t<\/div>\n\t\t\t\t\t<\/div>\n\t\t<\/div>\n\t\t\t\t\t<\/div>\n\t\t<\/section>\n\t\t\t\t<section class=\"elementor-section elementor-top-section elementor-element elementor-element-812f0a2 elementor-section-boxed elementor-section-height-default elementor-section-height-default\" data-id=\"812f0a2\" data-element_type=\"section\">\n\t\t\t\t\t\t<div class=\"elementor-container elementor-column-gap-default\">\n\t\t\t\t\t<div class=\"elementor-column elementor-col-100 elementor-top-column elementor-element elementor-element-7e552c5\" data-id=\"7e552c5\" data-element_type=\"column\">\n\t\t\t<div class=\"elementor-widget-wrap elementor-element-populated\">\n\t\t\t\t\t\t<div class=\"elementor-element elementor-element-19b811c elementor-widget elementor-widget-heading\" data-id=\"19b811c\" data-element_type=\"widget\" data-widget_type=\"heading.default\">\n\t\t\t\t<div class=\"elementor-widget-container\">\n\t\t\t\t\t<h2 class=\"elementor-heading-title elementor-size-default\">1 - La Pegaso Z-102 C\u00fapula<\/h2>\t\t\t\t<\/div>\n\t\t\t\t<\/div>\n\t\t\t\t<div class=\"elementor-element elementor-element-5099226 elementor-widget elementor-widget-text-editor\" data-id=\"5099226\" data-element_type=\"widget\" data-widget_type=\"text-editor.default\">\n\t\t\t\t<div class=\"elementor-widget-container\">\n\t\t\t\t\t\t\t\t\t<p>La voiture d\u00f4me en fran\u00e7ais a de quoi laisser les fans perplexes. En 1952, la sportive avait r\u00e9ellement suscit\u00e9 un tel effet. Pourtant en 2015, la marque espagnole remporta avec cette voiture le \u00ab prix sp\u00e9cial \u00bb d\u2019un concours d\u2019\u00e9l\u00e9gance et c\u2019\u00e9tait bien vu de la part du jury : elle est vraiment\u2026 sp\u00e9ciale.<\/p><p>La Pegaso Z-102, fabriqu\u00e9e en Espagne par ENASA, est l\u2019un des joyaux oubli\u00e9s de l\u2019automobile europ\u00e9enne. Ce mod\u00e8le au design extravagant a \u00e9t\u00e9 cr\u00e9\u00e9 \u00e0 une \u00e9poque o\u00f9 l\u2019Espagne cherchait \u00e0 d\u00e9montrer son savoir-faire technique.<br data-start=\"456\" data-end=\"459\" \/>Dot\u00e9e d\u2019un V8 \u00e0 double arbre \u00e0 cames, d\u00e9veloppant entre 165 et 360 ch selon les versions, la Z-102 \u00e9tait l\u2019une des voitures les plus rapides du monde \u00e0 son lancement, atteignant jusqu&rsquo;\u00e0 250 km\/h.<br data-start=\"654\" data-end=\"657\" \/>Le mod\u00e8le \u00ab\u00a0C\u00fapula\u00a0\u00bb, command\u00e9 par le dictateur dominicain Rafael Trujillo, se distingue par son cockpit bulle fa\u00e7on vaisseau spatial. Cette pi\u00e8ce unique a \u00e9t\u00e9 dessin\u00e9e par le carrossier espagnol ENASA, influenc\u00e9 par les avions \u00e0 r\u00e9action des ann\u00e9es 50.<\/p><p>On ne sait pas trop quoi en penser, elle n\u2019est pas vilaine mais un peu rondouillarde. Ce qui est s\u00fbre c\u2019est qu\u2019il y aura bien pire dans ce classement : pr\u00e9parez-vous.\u00a0<\/p>\t\t\t\t\t\t\t\t<\/div>\n\t\t\t\t<\/div>\n\t\t\t\t<div class=\"elementor-element elementor-element-0e315e8 elementor-widget elementor-widget-image\" data-id=\"0e315e8\" data-element_type=\"widget\" data-widget_type=\"image.default\">\n\t\t\t\t<div class=\"elementor-widget-container\">\n\t\t\t\t\t\t\t\t\t\t\t\t\t\t\t<img decoding=\"async\" width=\"1000\" height=\"819\" src=\"https:\/\/www.wedrivit.com\/blog\/wp-content\/uploads\/2020\/10\/b28656ee507eb58eb5cd316b97402a6a-1000x819.jpg\" class=\"attachment-large size-large wp-image-1434\" alt=\"pegazo-z-102\" srcset=\"https:\/\/www.wedrivit.com\/blog\/wp-content\/uploads\/2020\/10\/b28656ee507eb58eb5cd316b97402a6a-1000x819.jpg 1000w, https:\/\/www.wedrivit.com\/blog\/wp-content\/uploads\/2020\/10\/b28656ee507eb58eb5cd316b97402a6a-300x246.jpg 300w, https:\/\/www.wedrivit.com\/blog\/wp-content\/uploads\/2020\/10\/b28656ee507eb58eb5cd316b97402a6a-768x629.jpg 768w, https:\/\/www.wedrivit.com\/blog\/wp-content\/uploads\/2020\/10\/b28656ee507eb58eb5cd316b97402a6a-500x410.jpg 500w, https:\/\/www.wedrivit.com\/blog\/wp-content\/uploads\/2020\/10\/b28656ee507eb58eb5cd316b97402a6a-1024x839.jpg 1024w, https:\/\/www.wedrivit.com\/blog\/wp-content\/uploads\/2020\/10\/b28656ee507eb58eb5cd316b97402a6a.jpg 1200w\" sizes=\"(max-width: 1000px) 100vw, 1000px\" \/>\t\t\t\t\t\t\t\t\t\t\t\t\t\t\t<\/div>\n\t\t\t\t<\/div>\n\t\t\t\t\t<\/div>\n\t\t<\/div>\n\t\t\t\t\t<\/div>\n\t\t<\/section>\n\t\t\t\t<section class=\"elementor-section elementor-top-section elementor-element elementor-element-678b35c elementor-section-boxed elementor-section-height-default elementor-section-height-default\" data-id=\"678b35c\" data-element_type=\"section\">\n\t\t\t\t\t\t<div class=\"elementor-container elementor-column-gap-default\">\n\t\t\t\t\t<div class=\"elementor-column elementor-col-100 elementor-top-column elementor-element elementor-element-dec16e0\" data-id=\"dec16e0\" data-element_type=\"column\">\n\t\t\t<div class=\"elementor-widget-wrap elementor-element-populated\">\n\t\t\t\t\t\t<div class=\"elementor-element elementor-element-8671827 elementor-widget elementor-widget-heading\" data-id=\"8671827\" data-element_type=\"widget\" data-widget_type=\"heading.default\">\n\t\t\t\t<div class=\"elementor-widget-container\">\n\t\t\t\t\t<h2 class=\"elementor-heading-title elementor-size-default\">2 - Le Stout Scarab<\/h2>\t\t\t\t<\/div>\n\t\t\t\t<\/div>\n\t\t\t\t<div class=\"elementor-element elementor-element-e18adf7 elementor-widget elementor-widget-text-editor\" data-id=\"e18adf7\" data-element_type=\"widget\" data-widget_type=\"text-editor.default\">\n\t\t\t\t<div class=\"elementor-widget-container\">\n\t\t\t\t\t\t\t\t\t<p>Premier monovolume de <strong>l&rsquo;histoire automobile<\/strong>, le prototype vit le jour en 1932 et se vendit d\u00e8s 1934 pour la somme de 5000$ ce qui aujourd&rsquo;hui vaudrait environ 100 000$. Tr\u00e8s clairement, ce gros scarab\u00e9e est l\u2019anc\u00eatre du minivan : le concept \u00e9tait de cr\u00e9er un v\u00e9hicule spacieux suffisamment a\u00e9rodynamique pour ne pas ressentir les effets de la vitesse \u00e0 l&rsquo;int\u00e9rieur si bien que l\u2019on eut pu d\u00eener dedans, avec la table, les chaises, la nappe, les bougies\u2026 ce qui classe ce monovolume parmi les 10 voitures \u00e9tranges.\u00a0<\/p><p>Imagin\u00e9 par William Bushnell Stout, ing\u00e9nieur a\u00e9ronautique, le Scarab est souvent consid\u00e9r\u00e9 comme le premier monospace. Il utilisait un ch\u00e2ssis ponton, un moteur arri\u00e8re V8 Ford flathead et offrait un int\u00e9rieur spacieux sans cloison centrale.<br data-start=\"1196\" data-end=\"1199\" \/>Con\u00e7u pour \u00eatre une \u00ab\u00a0voiture de bureau mobile\u00a0\u00bb, son habitacle modulable incluait si\u00e8ges pivotants et une table. Le Scarab pr\u00e9c\u00e9da de plusieurs d\u00e9cennies les monospaces modernes comme le Renault Espace.<br data-start=\"1400\" data-end=\"1403\" \/>Bien que r\u00e9volutionnaire, il ne fut produit qu\u2019\u00e0 une dizaine d&rsquo;exemplaires, car jug\u00e9 trop excentrique et co\u00fbteux pour l\u2019\u00e9poque.<\/p><blockquote><p><a href=\"http:\/\/wedrivit.com\/blog\/voiture\/collection\/minivan-de-collection\/\">Voir notre article sur les minivans<\/a><\/p><\/blockquote>\t\t\t\t\t\t\t\t<\/div>\n\t\t\t\t<\/div>\n\t\t\t\t<div class=\"elementor-element elementor-element-f4ff1b2 elementor-widget elementor-widget-image\" data-id=\"f4ff1b2\" data-element_type=\"widget\" data-widget_type=\"image.default\">\n\t\t\t\t<div class=\"elementor-widget-container\">\n\t\t\t\t\t\t\t\t\t\t\t\t\t\t\t<img decoding=\"async\" width=\"1000\" height=\"667\" src=\"https:\/\/www.wedrivit.com\/blog\/wp-content\/uploads\/2020\/10\/120970-scarab-0004-1000x667.jpg\" class=\"attachment-large size-large wp-image-1436\" alt=\"stoot scarab\" srcset=\"https:\/\/www.wedrivit.com\/blog\/wp-content\/uploads\/2020\/10\/120970-scarab-0004-1000x667.jpg 1000w, https:\/\/www.wedrivit.com\/blog\/wp-content\/uploads\/2020\/10\/120970-scarab-0004-300x200.jpg 300w, https:\/\/www.wedrivit.com\/blog\/wp-content\/uploads\/2020\/10\/120970-scarab-0004-768x512.jpg 768w, https:\/\/www.wedrivit.com\/blog\/wp-content\/uploads\/2020\/10\/120970-scarab-0004-500x333.jpg 500w, https:\/\/www.wedrivit.com\/blog\/wp-content\/uploads\/2020\/10\/120970-scarab-0004-1024x683.jpg 1024w, https:\/\/www.wedrivit.com\/blog\/wp-content\/uploads\/2020\/10\/120970-scarab-0004.jpg 1200w\" sizes=\"(max-width: 1000px) 100vw, 1000px\" \/>\t\t\t\t\t\t\t\t\t\t\t\t\t\t\t<\/div>\n\t\t\t\t<\/div>\n\t\t\t\t\t<\/div>\n\t\t<\/div>\n\t\t\t\t\t<\/div>\n\t\t<\/section>\n\t\t\t\t<section class=\"elementor-section elementor-top-section elementor-element elementor-element-16429fa elementor-section-boxed elementor-section-height-default elementor-section-height-default\" data-id=\"16429fa\" data-element_type=\"section\">\n\t\t\t\t\t\t<div class=\"elementor-container elementor-column-gap-default\">\n\t\t\t\t\t<div class=\"elementor-column elementor-col-100 elementor-top-column elementor-element elementor-element-7e4c81c\" data-id=\"7e4c81c\" data-element_type=\"column\">\n\t\t\t<div class=\"elementor-widget-wrap elementor-element-populated\">\n\t\t\t\t\t\t<div class=\"elementor-element elementor-element-96e852d elementor-widget elementor-widget-heading\" data-id=\"96e852d\" data-element_type=\"widget\" data-widget_type=\"heading.default\">\n\t\t\t\t<div class=\"elementor-widget-container\">\n\t\t\t\t\t<h2 class=\"elementor-heading-title elementor-size-default\">3 - La Flatmobile <\/h2>\t\t\t\t<\/div>\n\t\t\t\t<\/div>\n\t\t\t\t<div class=\"elementor-element elementor-element-6d6b145 elementor-widget elementor-widget-text-editor\" data-id=\"6d6b145\" data-element_type=\"widget\" data-widget_type=\"text-editor.default\">\n\t\t\t\t<div class=\"elementor-widget-container\">\n\t\t\t\t\t\t\t\t\t<p>Cr\u00e9\u00e9e par Perry Watkins, cette <strong>voiture de collection<\/strong> est la voiture la plus plate du monde (48 cm de hauteur). On n&rsquo;exag\u00e8re pas, elle a \u00e9t\u00e9 con\u00e7ue uniquement dans ce but : battre le record pr\u00e9c\u00e9dent jusqu&rsquo;alors d\u00e9tenu par une <strong>Fiat<\/strong>.<\/p><p>Inspir\u00e9e par la Batmobile de 1966, elle est \u00e9quip\u00e9e d\u2019un moteur de Fiat 126 modifi\u00e9 et m\u00eame&#8230; d\u2019un petit r\u00e9acteur \u00e0 gaz fonctionnel pour l&rsquo;effet spectaculaire.<br data-start=\"1882\" data-end=\"1885\" \/>Construite comme un projet personnel et de d\u00e9monstration, elle est homologu\u00e9e route au Royaume-Uni. Une curiosit\u00e9 technique, plus amusante qu\u2019utilisable !<\/p><p>Le 10 d\u00e9cembre 2012 la Flatmobile fut vendue pour 15 000 dollars. Mis \u00e0 part les phares trop bas pour rouler de nuit, la voiture reste parfaitement fonctionnelle. Cependant, attention aux dos d\u2019\u00e2nes !<\/p>\t\t\t\t\t\t\t\t<\/div>\n\t\t\t\t<\/div>\n\t\t\t\t<div class=\"elementor-element elementor-element-f2ff8a0 elementor-widget elementor-widget-image\" data-id=\"f2ff8a0\" data-element_type=\"widget\" data-widget_type=\"image.default\">\n\t\t\t\t<div class=\"elementor-widget-container\">\n\t\t\t\t\t\t\t\t\t\t\t\t\t\t\t<img loading=\"lazy\" decoding=\"async\" width=\"570\" height=\"382\" src=\"https:\/\/www.wedrivit.com\/blog\/wp-content\/uploads\/2020\/10\/7.jpg\" class=\"attachment-large size-large wp-image-1439\" alt=\"flat mobile\" srcset=\"https:\/\/www.wedrivit.com\/blog\/wp-content\/uploads\/2020\/10\/7.jpg 570w, https:\/\/www.wedrivit.com\/blog\/wp-content\/uploads\/2020\/10\/7-300x201.jpg 300w, https:\/\/www.wedrivit.com\/blog\/wp-content\/uploads\/2020\/10\/7-500x335.jpg 500w\" sizes=\"(max-width: 570px) 100vw, 570px\" \/>\t\t\t\t\t\t\t\t\t\t\t\t\t\t\t<\/div>\n\t\t\t\t<\/div>\n\t\t\t\t\t<\/div>\n\t\t<\/div>\n\t\t\t\t\t<\/div>\n\t\t<\/section>\n\t\t\t\t<section class=\"elementor-section elementor-top-section elementor-element elementor-element-3f434bc elementor-section-boxed elementor-section-height-default elementor-section-height-default\" data-id=\"3f434bc\" data-element_type=\"section\">\n\t\t\t\t\t\t<div class=\"elementor-container elementor-column-gap-default\">\n\t\t\t\t\t<div class=\"elementor-column elementor-col-100 elementor-top-column elementor-element elementor-element-7a146e8\" data-id=\"7a146e8\" data-element_type=\"column\">\n\t\t\t<div class=\"elementor-widget-wrap elementor-element-populated\">\n\t\t\t\t\t\t<div class=\"elementor-element elementor-element-829cc58 elementor-widget elementor-widget-heading\" data-id=\"829cc58\" data-element_type=\"widget\" data-widget_type=\"heading.default\">\n\t\t\t\t<div class=\"elementor-widget-container\">\n\t\t\t\t\t<h2 class=\"elementor-heading-title elementor-size-default\">4 - La Norman timb special<\/h2>\t\t\t\t<\/div>\n\t\t\t\t<\/div>\n\t\t\t\t<div class=\"elementor-element elementor-element-c67dcc3 elementor-widget elementor-widget-text-editor\" data-id=\"c67dcc3\" data-element_type=\"widget\" data-widget_type=\"text-editor.default\">\n\t\t\t\t<div class=\"elementor-widget-container\">\n\t\t\t\t\t\t\t\t\t<p>On dirait une voiture limace. Ce<strong> v\u00e9hicule ancien<\/strong> n\u2019allait \u00ab\u00a0que\u00a0\u00bb jusqu\u2019\u00e0 190 km\/h \u2013 ce qui est rapide pour une limace certes mais pas optimal pour une voiture.<\/p><p>Norman E. Timbs, ing\u00e9nieur ayant travaill\u00e9 sur les voitures de course IndyCar, con\u00e7ut cette voiture comme une \u0153uvre d\u2019art a\u00e9rodynamique. Son design fluide sans portes, avec moteur arri\u00e8re Buick Straight-8 de 1948, \u00e9tait visionnaire.<br data-start=\"2318\" data-end=\"2321\" \/>Elle poss\u00e9dait un ch\u00e2ssis tubulaire et une carrosserie en aluminium fa\u00e7onn\u00e9e \u00e0 la main. La voiture resta oubli\u00e9e pendant des d\u00e9cennies avant d\u2019\u00eatre restaur\u00e9e en 2002\u2026 puis d\u00e9truite dans un incendie en 2018.<br data-start=\"2527\" data-end=\"2530\" \/>Elle incarne l\u2019\u00e9l\u00e9gance artisanale de l\u2019automobile d\u2019apr\u00e8s-guerre aux \u00c9tats-Unis.<\/p><p>L\u2019ing\u00e9nieur a \u00e9t\u00e9 influenc\u00e9 par l\u2019Auto-Union Type C et la Mercedes-Benz W25 Avus des ann\u00e9es 1930. Le projet a mis 2 ans \u00e0 se faire jusqu\u2019\u00e0 la pr\u00e9sentation du mod\u00e8le en 1947. Le style \u00e0 <strong>l\u2019\u00e9poque<\/strong> n\u2019avait pas fait l\u2019unanimit\u00e9 et il faudra attendre les ann\u00e9es 60\u2019 et le mouvement du pop art pour que la mode ressurgisse. Ce mod\u00e8le l\u00e0 n&rsquo;a servi au final qu&rsquo;\u00e0 Norman Timb lui-m\u00eame.<\/p>\t\t\t\t\t\t\t\t<\/div>\n\t\t\t\t<\/div>\n\t\t\t\t<section class=\"elementor-section elementor-inner-section elementor-element elementor-element-4efad6b elementor-section-boxed elementor-section-height-default elementor-section-height-default\" data-id=\"4efad6b\" data-element_type=\"section\">\n\t\t\t\t\t\t<div class=\"elementor-container elementor-column-gap-default\">\n\t\t\t\t\t<div class=\"elementor-column elementor-col-50 elementor-inner-column elementor-element elementor-element-cd65894\" data-id=\"cd65894\" data-element_type=\"column\">\n\t\t\t<div class=\"elementor-widget-wrap elementor-element-populated\">\n\t\t\t\t\t\t<div class=\"elementor-element elementor-element-fab8ee8 elementor-widget elementor-widget-image\" data-id=\"fab8ee8\" data-element_type=\"widget\" data-widget_type=\"image.default\">\n\t\t\t\t<div class=\"elementor-widget-container\">\n\t\t\t\t\t\t\t\t\t\t\t\t\t\t\t<img loading=\"lazy\" decoding=\"async\" width=\"1000\" height=\"563\" src=\"https:\/\/www.wedrivit.com\/blog\/wp-content\/uploads\/2020\/10\/Norman-timbs-buick-special-1-1280x720-1-1000x563.jpg\" class=\"attachment-large size-large wp-image-1440\" alt=\"Norman timbs special\" srcset=\"https:\/\/www.wedrivit.com\/blog\/wp-content\/uploads\/2020\/10\/Norman-timbs-buick-special-1-1280x720-1-1000x563.jpg 1000w, https:\/\/www.wedrivit.com\/blog\/wp-content\/uploads\/2020\/10\/Norman-timbs-buick-special-1-1280x720-1-300x169.jpg 300w, https:\/\/www.wedrivit.com\/blog\/wp-content\/uploads\/2020\/10\/Norman-timbs-buick-special-1-1280x720-1-768x432.jpg 768w, https:\/\/www.wedrivit.com\/blog\/wp-content\/uploads\/2020\/10\/Norman-timbs-buick-special-1-1280x720-1-500x281.jpg 500w, https:\/\/www.wedrivit.com\/blog\/wp-content\/uploads\/2020\/10\/Norman-timbs-buick-special-1-1280x720-1-1024x576.jpg 1024w, https:\/\/www.wedrivit.com\/blog\/wp-content\/uploads\/2020\/10\/Norman-timbs-buick-special-1-1280x720-1.jpg 1280w\" sizes=\"(max-width: 1000px) 100vw, 1000px\" \/>\t\t\t\t\t\t\t\t\t\t\t\t\t\t\t<\/div>\n\t\t\t\t<\/div>\n\t\t\t\t\t<\/div>\n\t\t<\/div>\n\t\t\t\t<div class=\"elementor-column elementor-col-50 elementor-inner-column elementor-element elementor-element-a09dd44\" data-id=\"a09dd44\" data-element_type=\"column\">\n\t\t\t<div class=\"elementor-widget-wrap elementor-element-populated\">\n\t\t\t\t\t\t<div class=\"elementor-element elementor-element-dc6f006 elementor-widget elementor-widget-image\" data-id=\"dc6f006\" data-element_type=\"widget\" data-widget_type=\"image.default\">\n\t\t\t\t<div class=\"elementor-widget-container\">\n\t\t\t\t\t\t\t\t\t\t\t\t\t\t\t<img loading=\"lazy\" decoding=\"async\" width=\"800\" height=\"450\" src=\"https:\/\/www.wedrivit.com\/blog\/wp-content\/uploads\/2020\/10\/norman-timbs-special1.jpg\" class=\"attachment-large size-large wp-image-1441\" alt=\"norman-timbs\" srcset=\"https:\/\/www.wedrivit.com\/blog\/wp-content\/uploads\/2020\/10\/norman-timbs-special1.jpg 800w, https:\/\/www.wedrivit.com\/blog\/wp-content\/uploads\/2020\/10\/norman-timbs-special1-300x169.jpg 300w, https:\/\/www.wedrivit.com\/blog\/wp-content\/uploads\/2020\/10\/norman-timbs-special1-768x432.jpg 768w, https:\/\/www.wedrivit.com\/blog\/wp-content\/uploads\/2020\/10\/norman-timbs-special1-500x281.jpg 500w\" sizes=\"(max-width: 800px) 100vw, 800px\" \/>\t\t\t\t\t\t\t\t\t\t\t\t\t\t\t<\/div>\n\t\t\t\t<\/div>\n\t\t\t\t\t<\/div>\n\t\t<\/div>\n\t\t\t\t\t<\/div>\n\t\t<\/section>\n\t\t\t\t\t<\/div>\n\t\t<\/div>\n\t\t\t\t\t<\/div>\n\t\t<\/section>\n\t\t\t\t<section class=\"elementor-section elementor-top-section elementor-element elementor-element-a4bca19 elementor-section-boxed elementor-section-height-default elementor-section-height-default\" data-id=\"a4bca19\" data-element_type=\"section\">\n\t\t\t\t\t\t<div class=\"elementor-container elementor-column-gap-default\">\n\t\t\t\t\t<div class=\"elementor-column elementor-col-100 elementor-top-column elementor-element elementor-element-682a8c5\" data-id=\"682a8c5\" data-element_type=\"column\">\n\t\t\t<div class=\"elementor-widget-wrap elementor-element-populated\">\n\t\t\t\t\t\t<div class=\"elementor-element elementor-element-0ae4d5f elementor-widget elementor-widget-heading\" data-id=\"0ae4d5f\" data-element_type=\"widget\" data-widget_type=\"heading.default\">\n\t\t\t\t<div class=\"elementor-widget-container\">\n\t\t\t\t\t<h2 class=\"elementor-heading-title elementor-size-default\">5 - L'\u0153uf <\/h2>\t\t\t\t<\/div>\n\t\t\t\t<\/div>\n\t\t\t\t<div class=\"elementor-element elementor-element-bb43a84 elementor-widget elementor-widget-text-editor\" data-id=\"bb43a84\" data-element_type=\"widget\" data-widget_type=\"text-editor.default\">\n\t\t\t\t<div class=\"elementor-widget-container\">\n\t\t\t\t\t\t\t\t\t<p>Et elle porte bien son nom. Invent\u00e9e par le peintre et ing\u00e9nieur Paul Arzens pendant l\u2019Occupation, cette voiture \u00e9lectrique avait un design ovo\u00efde en plexiglas et aluminium.<\/p><p><br data-start=\"2814\" data-end=\"2817\" \/>Avant-gardiste ce Paul, \u00e0 une \u00e9poque o\u00f9 l\u2019essence \u00e9tait rationn\u00e9e, cette <strong>voiture ancienne<\/strong> \u00e9tait un mod\u00e8le \u00e9lectrique d\u2019une autonomie de 100 \u00a0kilom\u00e8tres \u00e0 70km\/h en moyenne ! Elle ressemble un peu \u00e0 un h\u00e9licopt\u00e8re \u00e9chou\u00e9 qui n\u2019aurait ni queue ni h\u00e9lice. En tout cas pour <strong>l\u2019\u00e9poque<\/strong>, le design n\u2019avait ni queue ni t\u00eate lui. Cette voiture fait donc partie des 10 voitures \u00e9tranges de tous les temps<\/p>\t\t\t\t\t\t\t\t<\/div>\n\t\t\t\t<\/div>\n\t\t\t\t<div class=\"elementor-element elementor-element-91ce48f elementor-widget elementor-widget-image\" data-id=\"91ce48f\" data-element_type=\"widget\" data-widget_type=\"image.default\">\n\t\t\t\t<div class=\"elementor-widget-container\">\n\t\t\t\t\t\t\t\t\t\t\t\t\t\t\t<img loading=\"lazy\" decoding=\"async\" width=\"661\" height=\"452\" src=\"https:\/\/www.wedrivit.com\/blog\/wp-content\/uploads\/2020\/10\/oeuf-mobile.jpg\" class=\"attachment-large size-large wp-image-1444\" alt=\"oeuf mobile\" srcset=\"https:\/\/www.wedrivit.com\/blog\/wp-content\/uploads\/2020\/10\/oeuf-mobile.jpg 661w, https:\/\/www.wedrivit.com\/blog\/wp-content\/uploads\/2020\/10\/oeuf-mobile-300x205.jpg 300w, https:\/\/www.wedrivit.com\/blog\/wp-content\/uploads\/2020\/10\/oeuf-mobile-500x342.jpg 500w\" sizes=\"(max-width: 661px) 100vw, 661px\" \/>\t\t\t\t\t\t\t\t\t\t\t\t\t\t\t<\/div>\n\t\t\t\t<\/div>\n\t\t\t\t\t<\/div>\n\t\t<\/div>\n\t\t\t\t\t<\/div>\n\t\t<\/section>\n\t\t\t\t<section class=\"elementor-section elementor-top-section elementor-element elementor-element-57b9f0a elementor-section-boxed elementor-section-height-default elementor-section-height-default\" data-id=\"57b9f0a\" data-element_type=\"section\">\n\t\t\t\t\t\t<div class=\"elementor-container elementor-column-gap-default\">\n\t\t\t\t\t<div class=\"elementor-column elementor-col-100 elementor-top-column elementor-element elementor-element-6156bc6\" data-id=\"6156bc6\" data-element_type=\"column\">\n\t\t\t<div class=\"elementor-widget-wrap elementor-element-populated\">\n\t\t\t\t\t\t<div class=\"elementor-element elementor-element-e23af9a elementor-widget elementor-widget-heading\" data-id=\"e23af9a\" data-element_type=\"widget\" data-widget_type=\"heading.default\">\n\t\t\t\t<div class=\"elementor-widget-container\">\n\t\t\t\t\t<h2 class=\"elementor-heading-title elementor-size-default\">6 - La DS mille pattes<\/h2>\t\t\t\t<\/div>\n\t\t\t\t<\/div>\n\t\t\t\t<div class=\"elementor-element elementor-element-11c0f08 elementor-widget elementor-widget-text-editor\" data-id=\"11c0f08\" data-element_type=\"widget\" data-widget_type=\"text-editor.default\">\n\t\t\t\t<div class=\"elementor-widget-container\">\n\t\t\t\t\t\t\t\t\t<p>Alors on a vu la limace, voici maintenant le mille pattes. Sortie en 1972, et surnomm\u00e9e \u201cLa voiture \u00e0 10 roues\u201d, cette DS rallong\u00e9e a \u00e9t\u00e9 con\u00e7ue par Michelin pour tester ses pneus \u00e0 tr\u00e8s haute vitesse.<br data-start=\"3316\" data-end=\"3319\" \/><br \/><\/p><p>Jamais homologu\u00e9e route, elle servit exclusivement sur piste pour tester les pneus radiaux destin\u00e9s \u00e0 des v\u00e9hicules de sport ou de comp\u00e9tition.elle est le fruit d&rsquo;une collaboration entre Citro\u00ebn et Michelin. En effet, la marque en C choisit de prendre son mod\u00e8le <a style=\"background-color: #ffffff;\" href=\"https:\/\/www.wedrivit.com\/voiture\/bois-colombes\/citroen\/1154\" target=\"_blank\" rel=\"noopener\">DS &#8211; la d\u00e9esse<\/a> &#8211; et de la transformer en une cr\u00e9ature mythologique recompos\u00e9e aux roues de colosses. Heureusement, malgr\u00e9 son esth\u00e9tique douteuse, la voiture \u00e9tait performante avec 2 moteurs V8 de fabrication Chevrolet et 250 chevaux, l\u2019un pour la propulsion, l\u2019autre pour le simulateur de roue centrale. Le ch\u00e2ssis \u00e9tait bas\u00e9 sur la DS mais compl\u00e8tement modifi\u00e9 pour supporter le poids et la complexit\u00e9.<\/p><p>Une vraie chim\u00e8re.\u00a0<\/p>\t\t\t\t\t\t\t\t<\/div>\n\t\t\t\t<\/div>\n\t\t\t\t<div class=\"elementor-element elementor-element-2e828b0 elementor-widget elementor-widget-image\" data-id=\"2e828b0\" data-element_type=\"widget\" data-widget_type=\"image.default\">\n\t\t\t\t<div class=\"elementor-widget-container\">\n\t\t\t\t\t\t\t\t\t\t\t\t\t\t\t<img loading=\"lazy\" decoding=\"async\" width=\"500\" height=\"311\" src=\"https:\/\/www.wedrivit.com\/blog\/wp-content\/uploads\/2020\/10\/DS-Mille-Patte-Michelin-1.jpg\" class=\"attachment-large size-large wp-image-1447\" alt=\"ds mille patte\" srcset=\"https:\/\/www.wedrivit.com\/blog\/wp-content\/uploads\/2020\/10\/DS-Mille-Patte-Michelin-1.jpg 500w, https:\/\/www.wedrivit.com\/blog\/wp-content\/uploads\/2020\/10\/DS-Mille-Patte-Michelin-1-300x187.jpg 300w\" sizes=\"(max-width: 500px) 100vw, 500px\" \/>\t\t\t\t\t\t\t\t\t\t\t\t\t\t\t<\/div>\n\t\t\t\t<\/div>\n\t\t\t\t\t<\/div>\n\t\t<\/div>\n\t\t\t\t\t<\/div>\n\t\t<\/section>\n\t\t\t\t<section class=\"elementor-section elementor-top-section elementor-element elementor-element-fd644d9 elementor-section-boxed elementor-section-height-default elementor-section-height-default\" data-id=\"fd644d9\" data-element_type=\"section\">\n\t\t\t\t\t\t<div class=\"elementor-container elementor-column-gap-default\">\n\t\t\t\t\t<div class=\"elementor-column elementor-col-100 elementor-top-column elementor-element elementor-element-f25d15c\" data-id=\"f25d15c\" data-element_type=\"column\">\n\t\t\t<div class=\"elementor-widget-wrap elementor-element-populated\">\n\t\t\t\t\t\t<div class=\"elementor-element elementor-element-1940be2 elementor-widget elementor-widget-heading\" data-id=\"1940be2\" data-element_type=\"widget\" data-widget_type=\"heading.default\">\n\t\t\t\t<div class=\"elementor-widget-container\">\n\t\t\t\t\t<h2 class=\"elementor-heading-title elementor-size-default\">7 - La Fardier de Cugnot <\/h2>\t\t\t\t<\/div>\n\t\t\t\t<\/div>\n\t\t\t\t<div class=\"elementor-element elementor-element-d1cb8d4 elementor-widget elementor-widget-text-editor\" data-id=\"d1cb8d4\" data-element_type=\"widget\" data-widget_type=\"text-editor.default\">\n\t\t\t\t<div class=\"elementor-widget-container\">\n\t\t\t\t\t\t\t\t\t<p>1769 : tout simplement la <strong>premi\u00e8re voiture de l\u2019histoire<\/strong>. L&rsquo;anc\u00eatre \u00e0 vapeur qui a r\u00e9volutionn\u00e9 l&rsquo;industrialisation a v\u00e9cu ses premiers essais en 1769. Pourtant, avec l&rsquo;\u0153il d&rsquo;aujourd&rsquo;hui on voit bien que le soin a \u00e9t\u00e9 port\u00e9 \u00e0 la m\u00e9canique et non au design. Et bonjour l&rsquo;intoxication quand la fum\u00e9e arrive en plein visage ! Quel \u00e9trange objet ; on n&rsquo;aurait peut \u00eatre pas devin\u00e9 tout seul que c&rsquo;\u00e9tait\u00a0 un moyen de locomotion \u00e0 <strong>l&rsquo;\u00e9poque<\/strong>. A ce jour, elle est conserv\u00e9e au mus\u00e9e des arts et m\u00e9tiers \u00e0 Paris.\u00a0<\/p><p>Con\u00e7u par l\u2019ing\u00e9nieur militaire fran\u00e7ais Nicolas-Joseph Cugnot, ce v\u00e9hicule \u00e0 vapeur est reconnu comme le tout premier v\u00e9hicule automobile autopropuls\u00e9. Il visait \u00e0 transporter des canons pour l\u2019arm\u00e9e fran\u00e7aise et roulait \u00e0 environ 4 km\/h. Le mod\u00e8le original en bois et m\u00e9tal poss\u00e9dait une chaudi\u00e8re frontale \u00e0 vapeur.<\/p>\t\t\t\t\t\t\t\t<\/div>\n\t\t\t\t<\/div>\n\t\t\t\t<section class=\"elementor-section elementor-inner-section elementor-element elementor-element-11d1059 elementor-section-boxed elementor-section-height-default elementor-section-height-default\" data-id=\"11d1059\" data-element_type=\"section\">\n\t\t\t\t\t\t<div class=\"elementor-container elementor-column-gap-default\">\n\t\t\t\t\t<div class=\"elementor-column elementor-col-100 elementor-inner-column elementor-element elementor-element-8991549\" data-id=\"8991549\" data-element_type=\"column\">\n\t\t\t<div class=\"elementor-widget-wrap elementor-element-populated\">\n\t\t\t\t\t\t<div class=\"elementor-element elementor-element-2090bd9 elementor-widget elementor-widget-image\" data-id=\"2090bd9\" data-element_type=\"widget\" data-widget_type=\"image.default\">\n\t\t\t\t<div class=\"elementor-widget-container\">\n\t\t\t\t\t\t\t\t\t\t\t\t\t\t\t<img loading=\"lazy\" decoding=\"async\" width=\"1000\" height=\"553\" src=\"https:\/\/www.wedrivit.com\/blog\/wp-content\/uploads\/2020\/10\/le-fardier-de-joseph-cugnot-1770-conserve-au-musee-des-arts-et-metiers-a-paris-photo-dr-1569948822-1000x553.jpg\" class=\"attachment-large size-large wp-image-1451\" alt=\"fardier\" srcset=\"https:\/\/www.wedrivit.com\/blog\/wp-content\/uploads\/2020\/10\/le-fardier-de-joseph-cugnot-1770-conserve-au-musee-des-arts-et-metiers-a-paris-photo-dr-1569948822-1000x553.jpg 1000w, https:\/\/www.wedrivit.com\/blog\/wp-content\/uploads\/2020\/10\/le-fardier-de-joseph-cugnot-1770-conserve-au-musee-des-arts-et-metiers-a-paris-photo-dr-1569948822-300x166.jpg 300w, https:\/\/www.wedrivit.com\/blog\/wp-content\/uploads\/2020\/10\/le-fardier-de-joseph-cugnot-1770-conserve-au-musee-des-arts-et-metiers-a-paris-photo-dr-1569948822-768x425.jpg 768w, https:\/\/www.wedrivit.com\/blog\/wp-content\/uploads\/2020\/10\/le-fardier-de-joseph-cugnot-1770-conserve-au-musee-des-arts-et-metiers-a-paris-photo-dr-1569948822-500x276.jpg 500w, https:\/\/www.wedrivit.com\/blog\/wp-content\/uploads\/2020\/10\/le-fardier-de-joseph-cugnot-1770-conserve-au-musee-des-arts-et-metiers-a-paris-photo-dr-1569948822-1024x566.jpg 1024w, https:\/\/www.wedrivit.com\/blog\/wp-content\/uploads\/2020\/10\/le-fardier-de-joseph-cugnot-1770-conserve-au-musee-des-arts-et-metiers-a-paris-photo-dr-1569948822.jpg 1085w\" sizes=\"(max-width: 1000px) 100vw, 1000px\" \/>\t\t\t\t\t\t\t\t\t\t\t\t\t\t\t<\/div>\n\t\t\t\t<\/div>\n\t\t\t\t\t<\/div>\n\t\t<\/div>\n\t\t\t\t\t<\/div>\n\t\t<\/section>\n\t\t\t\t\t<\/div>\n\t\t<\/div>\n\t\t\t\t\t<\/div>\n\t\t<\/section>\n\t\t\t\t<section class=\"elementor-section elementor-top-section elementor-element elementor-element-1a30ee8 elementor-section-boxed elementor-section-height-default elementor-section-height-default\" data-id=\"1a30ee8\" data-element_type=\"section\">\n\t\t\t\t\t\t<div class=\"elementor-container elementor-column-gap-default\">\n\t\t\t\t\t<div class=\"elementor-column elementor-col-100 elementor-top-column elementor-element elementor-element-fff943f\" data-id=\"fff943f\" data-element_type=\"column\">\n\t\t\t<div class=\"elementor-widget-wrap elementor-element-populated\">\n\t\t\t\t\t\t<div class=\"elementor-element elementor-element-00e5c20 elementor-widget elementor-widget-heading\" data-id=\"00e5c20\" data-element_type=\"widget\" data-widget_type=\"heading.default\">\n\t\t\t\t<div class=\"elementor-widget-container\">\n\t\t\t\t\t<h2 class=\"elementor-heading-title elementor-size-default\">8 - L'H\u00e9licron \ud83e\udd49<br><\/h2>\t\t\t\t<\/div>\n\t\t\t\t<\/div>\n\t\t\t\t<div class=\"elementor-element elementor-element-7db9b86 elementor-widget elementor-widget-text-editor\" data-id=\"7db9b86\" data-element_type=\"widget\" data-widget_type=\"text-editor.default\">\n\t\t\t\t<div class=\"elementor-widget-container\">\n\t\t\t\t\t\t\t\t\t<p>Non ce n&rsquo;est pas une fausse voiture. Ce n&rsquo;est pas non-plus un jouet pour enfant qui aurait \u00e9t\u00e9 agrandi. C&rsquo;est une vraie \u00ab\u00a0voiture\u00a0\u00bb. Ou avion ? L&rsquo;H\u00e9licron est un mod\u00e8le avec \u00e0 l&rsquo;avant, une h\u00e9lice d&rsquo;avion qui lui permet d&rsquo;avancer. Elle a \u00e9t\u00e9 imagin\u00e9e par Marcel Leyat dans les ann\u00e9es 20 puis commercialis\u00e9e en 1932. Cerise sur le g\u00e2teau : c&rsquo;est une voiture fran\u00e7aise. On a perdu notre \u00ab\u00a0cocorico\u00a0\u00bb soudainement&#8230;<\/p><p>Son prototype en bois pesait moins de 300 kg et pouvait atteindre 100 km\/h, mais \u00e9tait terriblement instable.<br data-start=\"4540\" data-end=\"4543\" \/>Environ 30 exemplaires furent construits, mais la conduite, jug\u00e9e trop dangereuse, dissuada toute commercialisation s\u00e9rieuse.\u00a0<\/p><p>Apr\u00e8s avoir \u00e9t\u00e9 retrouv\u00e9e en 2000 sous des d\u00e9bris en France, la <strong>voiture ancienne<\/strong> fut r\u00e9nov\u00e9e et est actuellement expos\u00e9e au Lane Motor museum dans le Tennessee aux \u00c9tats-Unis.<\/p><p>\u00a0<\/p>\t\t\t\t\t\t\t\t<\/div>\n\t\t\t\t<\/div>\n\t\t\t\t<div class=\"elementor-element elementor-element-dadf7b6 elementor-widget elementor-widget-image\" data-id=\"dadf7b6\" data-element_type=\"widget\" data-widget_type=\"image.default\">\n\t\t\t\t<div class=\"elementor-widget-container\">\n\t\t\t\t\t\t\t\t\t\t\t\t\t\t\t<img loading=\"lazy\" decoding=\"async\" width=\"1000\" height=\"750\" src=\"https:\/\/www.wedrivit.com\/blog\/wp-content\/uploads\/2020\/10\/ob_1b8720_img-3053-1000x750.jpg\" class=\"attachment-large size-large wp-image-1454\" alt=\"h\u00e9licron\" srcset=\"https:\/\/www.wedrivit.com\/blog\/wp-content\/uploads\/2020\/10\/ob_1b8720_img-3053-1000x750.jpg 1000w, https:\/\/www.wedrivit.com\/blog\/wp-content\/uploads\/2020\/10\/ob_1b8720_img-3053-300x225.jpg 300w, https:\/\/www.wedrivit.com\/blog\/wp-content\/uploads\/2020\/10\/ob_1b8720_img-3053-768x576.jpg 768w, https:\/\/www.wedrivit.com\/blog\/wp-content\/uploads\/2020\/10\/ob_1b8720_img-3053-500x375.jpg 500w, https:\/\/www.wedrivit.com\/blog\/wp-content\/uploads\/2020\/10\/ob_1b8720_img-3053.jpg 1024w\" sizes=\"(max-width: 1000px) 100vw, 1000px\" \/>\t\t\t\t\t\t\t\t\t\t\t\t\t\t\t<\/div>\n\t\t\t\t<\/div>\n\t\t\t\t\t<\/div>\n\t\t<\/div>\n\t\t\t\t\t<\/div>\n\t\t<\/section>\n\t\t\t\t<section class=\"elementor-section elementor-top-section elementor-element elementor-element-e377af5 elementor-section-boxed elementor-section-height-default elementor-section-height-default\" data-id=\"e377af5\" data-element_type=\"section\">\n\t\t\t\t\t\t<div class=\"elementor-container elementor-column-gap-default\">\n\t\t\t\t\t<div class=\"elementor-column elementor-col-100 elementor-top-column elementor-element elementor-element-c506443\" data-id=\"c506443\" data-element_type=\"column\">\n\t\t\t<div class=\"elementor-widget-wrap elementor-element-populated\">\n\t\t\t\t\t\t<div class=\"elementor-element elementor-element-7e90eeb elementor-widget elementor-widget-heading\" data-id=\"7e90eeb\" data-element_type=\"widget\" data-widget_type=\"heading.default\">\n\t\t\t\t<div class=\"elementor-widget-container\">\n\t\t\t\t\t<h2 class=\"elementor-heading-title elementor-size-default\">9 - La Ferrari Modulo\ud83e\udd48<\/h2>\t\t\t\t<\/div>\n\t\t\t\t<\/div>\n\t\t\t\t<div class=\"elementor-element elementor-element-4dcc2fe elementor-widget elementor-widget-text-editor\" data-id=\"4dcc2fe\" data-element_type=\"widget\" data-widget_type=\"text-editor.default\">\n\t\t\t\t<div class=\"elementor-widget-container\">\n\t\t\t\t\t\t\t\t\t<p>Cette Ferrari qui en plus d&rsquo;avoir un nom rigolo ressemble fortement \u00e0 une navette spatiale. Ce concept-car sign\u00e9 Pininfarina, pr\u00e9sent\u00e9 au Salon de Gen\u00e8ve 1970, impressionne encore par ses lignes et sa silhouette ras-du-sol (93 cm).<\/p><p>Bas\u00e9 sur le ch\u00e2ssis de la Ferrari 512S de course, le Modulo est \u00e9quip\u00e9 d\u2019un V12 5.0 litres d\u00e9veloppant 550 ch, bien qu\u2019il n\u2019ait jamais r\u00e9ellement \u00e9t\u00e9 test\u00e9 \u00e0 pleine puissance.. Le designer de cette fus\u00e9e Paolo Martin fut \u00e9galement celui de la <a href=\"https:\/\/www.wedrivit.com\/voiture\/chatillon-en-diois\/peugeot\/333\" target=\"_blank\" rel=\"noopener\">Peugeot 104<\/a>, de la Triumph Spitfire ou encore de la Rolls Royce Camargue.<\/p><p>Que s&rsquo;est-il pass\u00e9 Paolo ? La voiture reste un des projets oubli\u00e9s de la marque italienne. M\u00eame de nos jours elle semble tout droit sortie d&rsquo;un film de science fiction. Rachet\u00e9 par le designer James Glickenhaus, le Modulo a \u00e9t\u00e9 restaur\u00e9 pour rouler bri\u00e8vement sur route, devenant un OVNI automobile roulant.<\/p>\t\t\t\t\t\t\t\t<\/div>\n\t\t\t\t<\/div>\n\t\t\t\t<div class=\"elementor-element elementor-element-c60c9c4 elementor-arrows-position-inside elementor-pagination-position-outside elementor-widget elementor-widget-image-carousel\" data-id=\"c60c9c4\" data-element_type=\"widget\" data-settings=\"{&quot;slides_to_show&quot;:&quot;1&quot;,&quot;navigation&quot;:&quot;both&quot;,&quot;autoplay&quot;:&quot;yes&quot;,&quot;pause_on_hover&quot;:&quot;yes&quot;,&quot;pause_on_interaction&quot;:&quot;yes&quot;,&quot;autoplay_speed&quot;:5000,&quot;infinite&quot;:&quot;yes&quot;,&quot;effect&quot;:&quot;slide&quot;,&quot;speed&quot;:500}\" data-widget_type=\"image-carousel.default\">\n\t\t\t\t<div class=\"elementor-widget-container\">\n\t\t\t\t\t\t\t<div class=\"elementor-image-carousel-wrapper swiper\" role=\"region\" aria-roledescription=\"carousel\" aria-label=\"Carrousel d\u2019images\" dir=\"ltr\">\n\t\t\t<div class=\"elementor-image-carousel swiper-wrapper\" aria-live=\"off\">\n\t\t\t\t\t\t\t\t<div class=\"swiper-slide\" role=\"group\" aria-roledescription=\"slide\" aria-label=\"1 sur 3\"><figure class=\"swiper-slide-inner\"><img decoding=\"async\" class=\"swiper-slide-image\" src=\"https:\/\/www.wedrivit.com\/blog\/wp-content\/uploads\/2020\/10\/ferrari-modulo.jpg\" alt=\"ferrari modulo\" \/><\/figure><\/div><div class=\"swiper-slide\" role=\"group\" aria-roledescription=\"slide\" aria-label=\"2 sur 3\"><figure class=\"swiper-slide-inner\"><img decoding=\"async\" class=\"swiper-slide-image\" src=\"https:\/\/www.wedrivit.com\/blog\/wp-content\/uploads\/2020\/10\/ferrari-modulo-2.jpg\" alt=\"ferrari modulo\" \/><\/figure><\/div><div class=\"swiper-slide\" role=\"group\" aria-roledescription=\"slide\" aria-label=\"3 sur 3\"><figure class=\"swiper-slide-inner\"><img decoding=\"async\" class=\"swiper-slide-image\" src=\"https:\/\/www.wedrivit.com\/blog\/wp-content\/uploads\/2020\/10\/ferrari-modulo-1.jpg\" alt=\"ferrari modulo\" \/><\/figure><\/div>\t\t\t<\/div>\n\t\t\t\t\t\t\t\t\t\t\t\t<div class=\"elementor-swiper-button elementor-swiper-button-prev\" role=\"button\" tabindex=\"0\">\n\t\t\t\t\t\t<i aria-hidden=\"true\" class=\"eicon-chevron-left\"><\/i>\t\t\t\t\t<\/div>\n\t\t\t\t\t<div class=\"elementor-swiper-button elementor-swiper-button-next\" role=\"button\" tabindex=\"0\">\n\t\t\t\t\t\t<i aria-hidden=\"true\" class=\"eicon-chevron-right\"><\/i>\t\t\t\t\t<\/div>\n\t\t\t\t\n\t\t\t\t\t\t\t\t\t<div class=\"swiper-pagination\"><\/div>\n\t\t\t\t\t\t\t\t\t<\/div>\n\t\t\t\t\t\t<\/div>\n\t\t\t\t<\/div>\n\t\t\t\t\t<\/div>\n\t\t<\/div>\n\t\t\t\t\t<\/div>\n\t\t<\/section>\n\t\t\t\t<section class=\"elementor-section elementor-top-section elementor-element elementor-element-f4dcbfb elementor-section-boxed elementor-section-height-default elementor-section-height-default\" data-id=\"f4dcbfb\" data-element_type=\"section\">\n\t\t\t\t\t\t<div class=\"elementor-container elementor-column-gap-default\">\n\t\t\t\t\t<div class=\"elementor-column elementor-col-100 elementor-top-column elementor-element elementor-element-dac2051\" data-id=\"dac2051\" data-element_type=\"column\">\n\t\t\t<div class=\"elementor-widget-wrap elementor-element-populated\">\n\t\t\t\t\t\t<div class=\"elementor-element elementor-element-fe47dda elementor-widget elementor-widget-heading\" data-id=\"fe47dda\" data-element_type=\"widget\" data-widget_type=\"heading.default\">\n\t\t\t\t<div class=\"elementor-widget-container\">\n\t\t\t\t\t<h2 class=\"elementor-heading-title elementor-size-default\">10 - La Peel P50 \ud83e\udd47<br><\/h2>\t\t\t\t<\/div>\n\t\t\t\t<\/div>\n\t\t\t\t<div class=\"elementor-element elementor-element-d96005f elementor-widget elementor-widget-text-editor\" data-id=\"d96005f\" data-element_type=\"widget\" data-widget_type=\"text-editor.default\">\n\t\t\t\t<div class=\"elementor-widget-container\">\n\t\t\t\t\t\t\t\t\t<p>Officiellement <strong>plus petite voiture du monde<\/strong>, cette micro-voiture peut rouler jusqu\u2019\u00e0 60km\/h. N&rsquo;ayant qu&rsquo;une seule place disponible, elle fait plus penser \u00e0 un gros jouet qu&rsquo;\u00e0 une v\u00e9ritable voiture.\u00a0Con\u00e7ue pour une seule personne, elle n\u2019avait qu\u2019une porte lat\u00e9rale, un seul phare avant\u2026 et pas de marche arri\u00e8re ! Il fallait la faire pivoter \u00e0 la main. Et pourtant elle a bel et bien \u00e9t\u00e9 produite, plus pr\u00e9cis\u00e9ment en 1962 et p\u00e8se 59kg. \u00c9quip\u00e9e d\u2019un monocylindre DKW de 49 cm\u00b3, elle affichait une vitesse de pointe de 60 km\/h.<\/p><p>\u00c0 l&rsquo;\u00e9poque, entre 1962 et 1965, on la vendait 199\u20a4.\u00a0 Aujourd\u2019hui, c\u2019est une voiture culte rendue c\u00e9l\u00e8bre par Jeremy Clarkson dans Top Gear, et les rares exemplaires s\u2019arrachent aux ench\u00e8res.<\/p><p>Certains\u00a0<strong>mod\u00e8les<\/strong> <strong>de collection<\/strong> ont pu se revendre aux ench\u00e8res jusqu&rsquo;\u00e0 176 000$ ! En tout cas, on est s\u00e9duit par sa toute petite taille qui la rend si mignonne et lui permet d&rsquo;acc\u00e9der \u00e0 la place de ce classement. Ca, et la d\u00e9gaine du conducteur qui nous fait rire rien qu&rsquo;\u00e0 imaginer.<\/p>\t\t\t\t\t\t\t\t<\/div>\n\t\t\t\t<\/div>\n\t\t\t\t<div class=\"elementor-element elementor-element-f7411c0 elementor-widget elementor-widget-image\" data-id=\"f7411c0\" data-element_type=\"widget\" data-widget_type=\"image.default\">\n\t\t\t\t<div class=\"elementor-widget-container\">\n\t\t\t\t\t\t\t\t\t\t\t\t\t\t\t<img loading=\"lazy\" decoding=\"async\" width=\"1000\" height=\"667\" src=\"https:\/\/www.wedrivit.com\/blog\/wp-content\/uploads\/2020\/10\/un-record-aux-encheres-pour-une-mini-peel-p50-1000x667.jpg\" class=\"attachment-large size-large wp-image-1455\" alt=\"peel 500\" srcset=\"https:\/\/www.wedrivit.com\/blog\/wp-content\/uploads\/2020\/10\/un-record-aux-encheres-pour-une-mini-peel-p50-1000x667.jpg 1000w, https:\/\/www.wedrivit.com\/blog\/wp-content\/uploads\/2020\/10\/un-record-aux-encheres-pour-une-mini-peel-p50-300x200.jpg 300w, https:\/\/www.wedrivit.com\/blog\/wp-content\/uploads\/2020\/10\/un-record-aux-encheres-pour-une-mini-peel-p50-768x512.jpg 768w, https:\/\/www.wedrivit.com\/blog\/wp-content\/uploads\/2020\/10\/un-record-aux-encheres-pour-une-mini-peel-p50-1536x1024.jpg 1536w, https:\/\/www.wedrivit.com\/blog\/wp-content\/uploads\/2020\/10\/un-record-aux-encheres-pour-une-mini-peel-p50-500x333.jpg 500w, https:\/\/www.wedrivit.com\/blog\/wp-content\/uploads\/2020\/10\/un-record-aux-encheres-pour-une-mini-peel-p50-1024x683.jpg 1024w, https:\/\/www.wedrivit.com\/blog\/wp-content\/uploads\/2020\/10\/un-record-aux-encheres-pour-une-mini-peel-p50.jpg 1800w\" sizes=\"(max-width: 1000px) 100vw, 1000px\" \/>\t\t\t\t\t\t\t\t\t\t\t\t\t\t\t<\/div>\n\t\t\t\t<\/div>\n\t\t\t\t\t<\/div>\n\t\t<\/div>\n\t\t\t\t\t<\/div>\n\t\t<\/section>\n\t\t\t\t<section class=\"elementor-section elementor-top-section elementor-element elementor-element-e70dd2e elementor-section-boxed elementor-section-height-default elementor-section-height-default\" data-id=\"e70dd2e\" data-element_type=\"section\">\n\t\t\t\t\t\t<div class=\"elementor-container elementor-column-gap-default\">\n\t\t\t\t\t<div class=\"elementor-column elementor-col-100 elementor-top-column elementor-element elementor-element-02a394b\" data-id=\"02a394b\" data-element_type=\"column\">\n\t\t\t<div class=\"elementor-widget-wrap elementor-element-populated\">\n\t\t\t\t\t\t<div class=\"elementor-element elementor-element-a609628 elementor-widget elementor-widget-heading\" data-id=\"a609628\" data-element_type=\"widget\" data-widget_type=\"heading.default\">\n\t\t\t\t<div class=\"elementor-widget-container\">\n\t\t\t\t\t<h2 class=\"elementor-heading-title elementor-size-default\">11 - Amphicar Model 770 (1961\u20131968)<\/h2>\t\t\t\t<\/div>\n\t\t\t\t<\/div>\n\t\t\t\t<div class=\"elementor-element elementor-element-91092c6 elementor-widget elementor-widget-text-editor\" data-id=\"91092c6\" data-element_type=\"widget\" data-widget_type=\"text-editor.default\">\n\t\t\t\t<div class=\"elementor-widget-container\">\n\t\t\t\t\t\t\t\t\t<p>L\u2019Amphicar Model 770, produite entre 1961 et 1968, est une v\u00e9ritable curiosit\u00e9 de l\u2019histoire automobile : mi-voiture, mi-bateau, elle est la seule voiture amphibie de s\u00e9rie jamais commercialis\u00e9e pour le grand public. Con\u00e7ue par l\u2019ing\u00e9nieur allemand Hans Trippel, l\u2019Amphicar est propuls\u00e9e par un moteur Triumph \u00e0 4 cylindres de 1 147 cm\u00b3 d\u00e9veloppant 43 chevaux, plac\u00e9 \u00e0 l\u2019arri\u00e8re.\u00a0<\/p><p>Sur route, elle atteint environ 110 km\/h, et sur l\u2019eau, elle file \u00e0 une vitesse maximale de 7 n\u0153uds (environ 12 km\/h), d&rsquo;o\u00f9 son nom \u00ab\u00a0770\u00a0\u00bb. Son syst\u00e8me de propulsion nautique repose sur deux h\u00e9lices arri\u00e8re en plastique, activ\u00e9es via un levier situ\u00e9 \u00e0 c\u00f4t\u00e9 du levier de vitesses. Produite \u00e0 un peu moins de 4 000 exemplaires, principalement export\u00e9s vers les \u00c9tats-Unis, l\u2019Amphicar a s\u00e9duit les amateurs d\u2019engins insolites et reste aujourd\u2019hui une pi\u00e8ce tr\u00e8s recherch\u00e9e. Malgr\u00e9 son allure de d\u00e9capotable classique des ann\u00e9es 60, elle cache une construction renforc\u00e9e avec une coque \u00e9tanche en acier et des portes \u00e0 double joint, permettant une \u00e9tanch\u00e9it\u00e9 suffisante pour les balades aquatiques \u2014 \u00e0 condition d\u2019y croire un peu.<\/p>\t\t\t\t\t\t\t\t<\/div>\n\t\t\t\t<\/div>\n\t\t\t\t<div class=\"elementor-element elementor-element-4f2efcf elementor-widget elementor-widget-image\" data-id=\"4f2efcf\" data-element_type=\"widget\" data-widget_type=\"image.default\">\n\t\t\t\t<div class=\"elementor-widget-container\">\n\t\t\t\t\t\t\t\t\t\t\t\t\t\t\t<img loading=\"lazy\" decoding=\"async\" width=\"1000\" height=\"563\" src=\"https:\/\/www.wedrivit.com\/blog\/wp-content\/uploads\/2020\/10\/Amphicar-770.webp\" class=\"attachment-large size-large wp-image-11345\" alt=\"\" srcset=\"https:\/\/www.wedrivit.com\/blog\/wp-content\/uploads\/2020\/10\/Amphicar-770.webp 1000w, https:\/\/www.wedrivit.com\/blog\/wp-content\/uploads\/2020\/10\/Amphicar-770-300x169.webp 300w, https:\/\/www.wedrivit.com\/blog\/wp-content\/uploads\/2020\/10\/Amphicar-770-768x432.webp 768w, https:\/\/www.wedrivit.com\/blog\/wp-content\/uploads\/2020\/10\/Amphicar-770-540x304.webp 540w\" sizes=\"(max-width: 1000px) 100vw, 1000px\" \/>\t\t\t\t\t\t\t\t\t\t\t\t\t\t\t<\/div>\n\t\t\t\t<\/div>\n\t\t\t\t\t<\/div>\n\t\t<\/div>\n\t\t\t\t\t<\/div>\n\t\t<\/section>\n\t\t\t\t<section class=\"elementor-section elementor-top-section elementor-element elementor-element-1f8f45e elementor-section-boxed elementor-section-height-default elementor-section-height-default\" data-id=\"1f8f45e\" data-element_type=\"section\">\n\t\t\t\t\t\t<div class=\"elementor-container elementor-column-gap-default\">\n\t\t\t\t\t<div class=\"elementor-column elementor-col-100 elementor-top-column elementor-element elementor-element-6fcae69\" data-id=\"6fcae69\" data-element_type=\"column\">\n\t\t\t<div class=\"elementor-widget-wrap elementor-element-populated\">\n\t\t\t\t\t\t<div class=\"elementor-element elementor-element-0b8860f elementor-widget elementor-widget-heading\" data-id=\"0b8860f\" data-element_type=\"widget\" data-widget_type=\"heading.default\">\n\t\t\t\t<div class=\"elementor-widget-container\">\n\t\t\t\t\t<h2 class=\"elementor-heading-title elementor-size-default\">12 - General Motors Firebird XP-21(1953)<\/h2>\t\t\t\t<\/div>\n\t\t\t\t<\/div>\n\t\t\t\t<div class=\"elementor-element elementor-element-e743750 elementor-widget elementor-widget-text-editor\" data-id=\"e743750\" data-element_type=\"widget\" data-widget_type=\"text-editor.default\">\n\t\t\t\t<div class=\"elementor-widget-container\">\n\t\t\t\t\t\t\t\t\t<p data-start=\"0\" data-end=\"653\">La General Motors Firebird XP-21, d\u00e9voil\u00e9e en 1953, n\u2019est pas une voiture au sens traditionnel du terme, mais plut\u00f4t un prototype futuriste tout droit sorti de l\u2019imaginaire des ing\u00e9nieurs de l\u2019\u00e8re atomique. Premier mod\u00e8le d\u2019une s\u00e9rie de concepts appel\u00e9s \u00ab\u00a0Firebird\u00a0\u00bb, la XP-21 est directement inspir\u00e9e de l\u2019aviation militaire, tant par son design que par sa motorisation : elle est \u00e9quip\u00e9e d\u2019un v\u00e9ritable moteur \u00e0 turbine \u00e0 gaz, le <strong data-start=\"430\" data-end=\"455\">Whirlfire Turbo-Power<\/strong>, capable de d\u00e9livrer environ <strong data-start=\"485\" data-end=\"500\">370 chevaux<\/strong> \u00e0 plus de <strong data-start=\"511\" data-end=\"528\">13 000 tr\/min<\/strong>. Visuellement, elle \u00e9voque un jet de chasse, avec son cockpit en bulle, ses ailes stylis\u00e9es, et sa d\u00e9rive verticale arri\u00e8re.<\/p><p data-start=\"655\" data-end=\"1250\" data-is-last-node=\"\" data-is-only-node=\"\">La Firebird XP-21 n\u2019a jamais \u00e9t\u00e9 destin\u00e9e \u00e0 la production ni \u00e0 la route \u2014 elle n\u2019a d\u2019ailleurs ni freins efficaces ni r\u00e9elle maniabilit\u00e9 \u2014 mais elle incarnait la vision d\u2019un futur technologique selon General Motors, \u00e0 une \u00e9poque o\u00f9 l&rsquo;on pensait que les voitures du XXIe si\u00e8cle voleraient ou rouleraient \u00e0 turbine. Elle \u00e9tait aussi un outil marketing puissant, expos\u00e9e lors des c\u00e9l\u00e8bres salons \u00ab\u00a0Motorama\u00a0\u00bb pour montrer la sup\u00e9riorit\u00e9 technologique de GM. Aujourd\u2019hui, elle reste une ic\u00f4ne de design r\u00e9trofuturiste, symbole d\u2019une \u00e9poque o\u00f9 l\u2019optimisme technologique flirtait avec la science-fiction.<\/p>\t\t\t\t\t\t\t\t<\/div>\n\t\t\t\t<\/div>\n\t\t\t\t<div class=\"elementor-element elementor-element-ace21c8 elementor-widget elementor-widget-image\" data-id=\"ace21c8\" data-element_type=\"widget\" data-widget_type=\"image.default\">\n\t\t\t\t<div class=\"elementor-widget-container\">\n\t\t\t\t\t\t\t\t\t\t\t\t\t\t\t<img loading=\"lazy\" decoding=\"async\" width=\"728\" height=\"300\" src=\"https:\/\/www.wedrivit.com\/blog\/wp-content\/uploads\/2020\/10\/firebird-xp-21-gms-1950s.webp\" class=\"attachment-full size-full wp-image-11348\" alt=\"\" srcset=\"https:\/\/www.wedrivit.com\/blog\/wp-content\/uploads\/2020\/10\/firebird-xp-21-gms-1950s.webp 728w, https:\/\/www.wedrivit.com\/blog\/wp-content\/uploads\/2020\/10\/firebird-xp-21-gms-1950s-300x124.webp 300w\" sizes=\"(max-width: 728px) 100vw, 728px\" \/>\t\t\t\t\t\t\t\t\t\t\t\t\t\t\t<\/div>\n\t\t\t\t<\/div>\n\t\t\t\t\t<\/div>\n\t\t<\/div>\n\t\t\t\t\t<\/div>\n\t\t<\/section>\n\t\t\t\t<section class=\"elementor-section elementor-top-section elementor-element elementor-element-43a1ae1 elementor-section-boxed elementor-section-height-default elementor-section-height-default\" data-id=\"43a1ae1\" data-element_type=\"section\">\n\t\t\t\t\t\t<div class=\"elementor-container elementor-column-gap-default\">\n\t\t\t\t\t<div class=\"elementor-column elementor-col-100 elementor-top-column elementor-element elementor-element-b7e49b6\" data-id=\"b7e49b6\" data-element_type=\"column\">\n\t\t\t<div class=\"elementor-widget-wrap elementor-element-populated\">\n\t\t\t\t\t\t<div class=\"elementor-element elementor-element-95d286c elementor-widget elementor-widget-heading\" data-id=\"95d286c\" data-element_type=\"widget\" data-widget_type=\"heading.default\">\n\t\t\t\t<div class=\"elementor-widget-container\">\n\t\t\t\t\t<h2 class=\"elementor-heading-title elementor-size-default\">13 - Ford Nucleon (1958)<\/h2>\t\t\t\t<\/div>\n\t\t\t\t<\/div>\n\t\t\t\t<div class=\"elementor-element elementor-element-7abbeab elementor-widget elementor-widget-text-editor\" data-id=\"7abbeab\" data-element_type=\"widget\" data-widget_type=\"text-editor.default\">\n\t\t\t\t<div class=\"elementor-widget-container\">\n\t\t\t\t\t\t\t\t\t<p data-start=\"0\" data-end=\"666\">La <strong data-start=\"3\" data-end=\"19\">Ford Nucleon<\/strong>, pr\u00e9sent\u00e9e en 1958, est sans doute l\u2019un des prototypes les plus audacieux (ou d\u00e9lirants) jamais imagin\u00e9s par l\u2019industrie automobile. Con\u00e7ue par les ing\u00e9nieurs de Ford \u00e0 l\u2019\u00e9poque o\u00f9 l\u2019\u00e9nergie nucl\u00e9aire fascinait autant qu\u2019elle effrayait, la Nucleon \u00e9tait cens\u00e9e \u00eatre propuls\u00e9e\u2026 par un <strong data-start=\"304\" data-end=\"336\">r\u00e9acteur nucl\u00e9aire miniature<\/strong>. Inspir\u00e9e des sous-marins atomiques, l\u2019id\u00e9e \u00e9tait de remplacer le moteur thermique traditionnel par un petit r\u00e9acteur \u00e0 fission log\u00e9 \u00e0 l\u2019arri\u00e8re du v\u00e9hicule, dans une capsule amovible. Gr\u00e2ce \u00e0 cette technologie, Ford promettait une autonomie de <strong data-start=\"582\" data-end=\"602\">8 000 kilom\u00e8tres<\/strong> sans ravitaillement \u2014 autant dire un r\u00eave absolu pour l\u2019\u00e9poque.<\/p><p data-start=\"668\" data-end=\"1414\" data-is-last-node=\"\" data-is-only-node=\"\">Visuellement, la Nucleon est un concentr\u00e9 de design futuriste : ligne basse, pare-brise panoramique, absence de calandre (inutile sans moteur thermique), cockpit avanc\u00e9 au maximum, et un empattement court pour compenser le poids du \u00ab\u00a0r\u00e9acteur\u00a0\u00bb. Mais bien s\u00fbr, <strong data-start=\"927\" data-end=\"981\">aucun prototype fonctionnel n\u2019a jamais \u00e9t\u00e9 produit<\/strong>. Le concept est rest\u00e9 au stade de maquette \u00e0 l\u2019\u00e9chelle 3\/8, expos\u00e9e comme une vitrine de l\u2019optimisme technologique des ann\u00e9es 1950. La Nucleon incarne parfaitement cette p\u00e9riode o\u00f9 l\u2019on pensait que le nucl\u00e9aire allait r\u00e9volutionner tous les aspects de la vie quotidienne, y compris la mobilit\u00e9. Aujourd\u2019hui, elle est surtout un symbole de science-fiction industrielle, plus proche d\u2019un r\u00eave r\u00e9tro que d\u2019une r\u00e9elle avanc\u00e9e technique.<\/p>\t\t\t\t\t\t\t\t<\/div>\n\t\t\t\t<\/div>\n\t\t\t\t<div class=\"elementor-element elementor-element-60697f1 elementor-widget elementor-widget-image\" data-id=\"60697f1\" data-element_type=\"widget\" data-widget_type=\"image.default\">\n\t\t\t\t<div class=\"elementor-widget-container\">\n\t\t\t\t\t\t\t\t\t\t\t\t\t\t\t<img loading=\"lazy\" decoding=\"async\" width=\"1920\" height=\"1080\" src=\"https:\/\/www.wedrivit.com\/blog\/wp-content\/uploads\/2020\/10\/ford-nucleon.avif\" class=\"attachment-full size-full wp-image-11349\" alt=\"\" srcset=\"https:\/\/www.wedrivit.com\/blog\/wp-content\/uploads\/2020\/10\/ford-nucleon.avif 1920w, https:\/\/www.wedrivit.com\/blog\/wp-content\/uploads\/2020\/10\/ford-nucleon-300x169.jpg 300w, https:\/\/www.wedrivit.com\/blog\/wp-content\/uploads\/2020\/10\/ford-nucleon-1000x563.jpg 1000w, https:\/\/www.wedrivit.com\/blog\/wp-content\/uploads\/2020\/10\/ford-nucleon-768x432.jpg 768w, https:\/\/www.wedrivit.com\/blog\/wp-content\/uploads\/2020\/10\/ford-nucleon-1536x864.jpg 1536w, https:\/\/www.wedrivit.com\/blog\/wp-content\/uploads\/2020\/10\/ford-nucleon-540x304.jpg 540w, https:\/\/www.wedrivit.com\/blog\/wp-content\/uploads\/2020\/10\/ford-nucleon-1140x641.jpg 1140w\" sizes=\"(max-width: 1920px) 100vw, 1920px\" \/>\t\t\t\t\t\t\t\t\t\t\t\t\t\t\t<\/div>\n\t\t\t\t<\/div>\n\t\t\t\t\t<\/div>\n\t\t<\/div>\n\t\t\t\t\t<\/div>\n\t\t<\/section>\n\t\t\t\t<section class=\"elementor-section elementor-top-section elementor-element elementor-element-9c5a7a6 elementor-section-boxed elementor-section-height-default elementor-section-height-default\" data-id=\"9c5a7a6\" data-element_type=\"section\">\n\t\t\t\t\t\t<div class=\"elementor-container elementor-column-gap-default\">\n\t\t\t\t\t<div class=\"elementor-column elementor-col-100 elementor-top-column elementor-element elementor-element-59c204d\" data-id=\"59c204d\" data-element_type=\"column\">\n\t\t\t<div class=\"elementor-widget-wrap elementor-element-populated\">\n\t\t\t\t\t\t<div class=\"elementor-element elementor-element-a81760d elementor-widget elementor-widget-heading\" data-id=\"a81760d\" data-element_type=\"widget\" data-widget_type=\"heading.default\">\n\t\t\t\t<div class=\"elementor-widget-container\">\n\t\t\t\t\t<h2 class=\"elementor-heading-title elementor-size-default\">14 - Zagato Zele (1974)<\/h2>\t\t\t\t<\/div>\n\t\t\t\t<\/div>\n\t\t\t\t<div class=\"elementor-element elementor-element-87f4c6e elementor-widget elementor-widget-text-editor\" data-id=\"87f4c6e\" data-element_type=\"widget\" data-widget_type=\"text-editor.default\">\n\t\t\t\t<div class=\"elementor-widget-container\">\n\t\t\t\t\t\t\t\t\t<p data-start=\"0\" data-end=\"689\">La <strong data-start=\"3\" data-end=\"18\">Zagato Zele<\/strong>, lanc\u00e9e en 1974, est une cr\u00e9ation \u00e9tonnante du carrossier italien Zagato, connu pourtant pour ses lignes sportives et \u00e9l\u00e9gantes sur base Alfa Romeo ou Aston Martin. Avec la Zele, Zagato prend tout le monde \u00e0 contre-pied en proposant une <strong data-start=\"256\" data-end=\"284\">microcitadine \u00e9lectrique<\/strong>, bien avant que ce type de v\u00e9hicule ne devienne tendance. Compacte, cubique et r\u00e9solument utilitaire, la Zele mesure \u00e0 peine 2,10 m\u00e8tres de long et repose sur un ch\u00e2ssis Fiat. Elle est mue par un moteur \u00e9lectrique de 0,3 \u00e0 0,7 kW (selon la version), aliment\u00e9 par une batterie au plomb de 48V, lui permettant d\u2019atteindre une vitesse de pointe de <strong data-start=\"630\" data-end=\"641\">40 km\/h<\/strong> pour une autonomie d\u2019environ <strong data-start=\"671\" data-end=\"688\">80 kilom\u00e8tres<\/strong>.<\/p><p data-start=\"691\" data-end=\"1382\" data-is-last-node=\"\" data-is-only-node=\"\">Produite \u00e0 environ <strong data-start=\"710\" data-end=\"729\">500 exemplaires<\/strong> jusqu\u2019en 1976, la Zele (aussi vendue sous le nom d\u2019<strong data-start=\"781\" data-end=\"790\">Elcar<\/strong> aux \u00c9tats-Unis) se distingue par ses panneaux de carrosserie en fibre de verre, ses portes coulissantes en option, et un habitacle spartiate, mais fonctionnel. \u00c0 une \u00e9poque o\u00f9 la crise p\u00e9troli\u00e8re commen\u00e7ait \u00e0 \u00e9branler les certitudes, elle proposait une r\u00e9ponse alternative \u00e0 la d\u00e9pendance aux carburants fossiles \u2014 certes rudimentaire, mais visionnaire. Bien que moqu\u00e9e \u00e0 sa sortie pour son look de bo\u00eete \u00e0 chaussures, la Zele est aujourd\u2019hui per\u00e7ue comme une pionni\u00e8re de la mobilit\u00e9 \u00e9lectrique, bien avant Tesla ou m\u00eame la Renault Zo\u00e9. Une perle rare de l\u2019avant-garde \u00e9colo sign\u00e9e\u2026 Zagato.<\/p>\t\t\t\t\t\t\t\t<\/div>\n\t\t\t\t<\/div>\n\t\t\t\t<div class=\"elementor-element elementor-element-120f767 elementor-widget elementor-widget-image\" data-id=\"120f767\" data-element_type=\"widget\" data-widget_type=\"image.default\">\n\t\t\t\t<div class=\"elementor-widget-container\">\n\t\t\t\t\t\t\t\t\t\t\t\t\t\t\t<img loading=\"lazy\" decoding=\"async\" width=\"1200\" height=\"1133\" src=\"https:\/\/www.wedrivit.com\/blog\/wp-content\/uploads\/2020\/10\/Zagato_Zele.jpg\" class=\"attachment-full size-full wp-image-11350\" alt=\"\" srcset=\"https:\/\/www.wedrivit.com\/blog\/wp-content\/uploads\/2020\/10\/Zagato_Zele.jpg 1200w, https:\/\/www.wedrivit.com\/blog\/wp-content\/uploads\/2020\/10\/Zagato_Zele-300x283.jpg 300w, https:\/\/www.wedrivit.com\/blog\/wp-content\/uploads\/2020\/10\/Zagato_Zele-1000x944.jpg 1000w, https:\/\/www.wedrivit.com\/blog\/wp-content\/uploads\/2020\/10\/Zagato_Zele-768x725.jpg 768w\" sizes=\"(max-width: 1200px) 100vw, 1200px\" \/>\t\t\t\t\t\t\t\t\t\t\t\t\t\t\t<\/div>\n\t\t\t\t<\/div>\n\t\t\t\t\t<\/div>\n\t\t<\/div>\n\t\t\t\t\t<\/div>\n\t\t<\/section>\n\t\t\t\t<section class=\"elementor-section elementor-top-section elementor-element elementor-element-ff60f22 elementor-section-boxed elementor-section-height-default elementor-section-height-default\" data-id=\"ff60f22\" data-element_type=\"section\">\n\t\t\t\t\t\t<div class=\"elementor-container elementor-column-gap-default\">\n\t\t\t\t\t<div class=\"elementor-column elementor-col-100 elementor-top-column elementor-element elementor-element-e7696e3\" data-id=\"e7696e3\" data-element_type=\"column\">\n\t\t\t<div class=\"elementor-widget-wrap elementor-element-populated\">\n\t\t\t\t\t\t<div class=\"elementor-element elementor-element-7098aed elementor-widget elementor-widget-heading\" data-id=\"7098aed\" data-element_type=\"widget\" data-widget_type=\"heading.default\">\n\t\t\t\t<div class=\"elementor-widget-container\">\n\t\t\t\t\t<h2 class=\"elementor-heading-title elementor-size-default\">15 - Toyota Pod (2001)<\/h2>\t\t\t\t<\/div>\n\t\t\t\t<\/div>\n\t\t\t\t<div class=\"elementor-element elementor-element-d2393c8 elementor-widget elementor-widget-text-editor\" data-id=\"d2393c8\" data-element_type=\"widget\" data-widget_type=\"text-editor.default\">\n\t\t\t\t<div class=\"elementor-widget-container\">\n\t\t\t\t\t\t\t\t\t<p data-start=\"0\" data-end=\"667\">La <strong data-start=\"3\" data-end=\"17\">Toyota Pod<\/strong>, pr\u00e9sent\u00e9e en 2001 au salon de Tokyo, est un prototype avant-gardiste n\u00e9 de la collaboration entre <strong data-start=\"117\" data-end=\"127\">Toyota<\/strong> et <strong data-start=\"131\" data-end=\"139\">Sony<\/strong>, bien plus proche du robot de compagnie que de la voiture traditionnelle. Pens\u00e9e comme une automobile \u00e9motionnelle et interactive, la Pod ne se contente pas de transporter : elle <strong data-start=\"319\" data-end=\"330\">ressent<\/strong>, <strong data-start=\"332\" data-end=\"342\">r\u00e9agit<\/strong> et <strong data-start=\"346\" data-end=\"359\">interagit<\/strong> avec son conducteur. Dot\u00e9e d\u2019une <strong data-start=\"393\" data-end=\"432\">intelligence artificielle embarqu\u00e9e<\/strong>, elle analyse le comportement de l&rsquo;utilisateur, reconna\u00eet ses \u00e9motions et adapte son humeur gr\u00e2ce \u00e0 des expressions faciales, des couleurs changeantes sur la carrosserie, ou m\u00eame des mouvements de l\u2019antenne arri\u00e8re en forme de queue !<\/p><p data-start=\"669\" data-end=\"1294\">Techniquement, la Pod repose sur une motorisation \u00e9lectrique silencieuse, con\u00e7ue pour la ville, mais Toyota n\u2019a jamais communiqu\u00e9 de chiffres pr\u00e9cis sur ses performances \u2014 car l\u2019objectif \u00e9tait ailleurs : <strong data-start=\"873\" data-end=\"911\">explorer la relation homme-machine<\/strong>. L\u2019habitacle est futuriste, \u00e9pur\u00e9, avec des si\u00e8ges pivotants, un tableau de bord tactile sign\u00e9 Sony, et des commandes vocales. V\u00e9ritable laboratoire roulant, la Toyota Pod n\u2019a jamais \u00e9t\u00e9 destin\u00e9e \u00e0 la production, mais elle illustre une vision de la voiture comme <strong data-start=\"1175\" data-end=\"1199\">compagnon empathique<\/strong>, capable d&rsquo;apprendre les habitudes du conducteur et d&rsquo;y r\u00e9pondre avec douceur ou enthousiasme.<\/p><p data-start=\"1296\" data-end=\"1600\" data-is-last-node=\"\" data-is-only-node=\"\">Avec son design rondouillard et ses airs de jouet, la Pod aurait presque pu sortir d\u2019un film d\u2019animation. Elle reste aujourd\u2019hui un symbole pr\u00e9curseur de la fusion entre <strong data-start=\"1466\" data-end=\"1516\">mobilit\u00e9 intelligente, connectivit\u00e9 et \u00e9motion<\/strong>, bien avant que ces concepts ne deviennent des arguments marketing incontournables.<\/p>\t\t\t\t\t\t\t\t<\/div>\n\t\t\t\t<\/div>\n\t\t\t\t<div class=\"elementor-element elementor-element-9230226 elementor-widget elementor-widget-image\" data-id=\"9230226\" data-element_type=\"widget\" data-widget_type=\"image.default\">\n\t\t\t\t<div class=\"elementor-widget-container\">\n\t\t\t\t\t\t\t\t\t\t\t\t\t\t\t<img loading=\"lazy\" decoding=\"async\" width=\"640\" height=\"480\" src=\"https:\/\/www.wedrivit.com\/blog\/wp-content\/uploads\/2020\/10\/2001_Toyota_POD.jpg\" class=\"attachment-full size-full wp-image-11351\" alt=\"\" srcset=\"https:\/\/www.wedrivit.com\/blog\/wp-content\/uploads\/2020\/10\/2001_Toyota_POD.jpg 640w, https:\/\/www.wedrivit.com\/blog\/wp-content\/uploads\/2020\/10\/2001_Toyota_POD-300x225.jpg 300w, https:\/\/www.wedrivit.com\/blog\/wp-content\/uploads\/2020\/10\/2001_Toyota_POD-120x90.jpg 120w\" sizes=\"(max-width: 640px) 100vw, 640px\" \/>\t\t\t\t\t\t\t\t\t\t\t\t\t\t\t<\/div>\n\t\t\t\t<\/div>\n\t\t\t\t\t<\/div>\n\t\t<\/div>\n\t\t\t\t\t<\/div>\n\t\t<\/section>\n\t\t\t\t<section class=\"elementor-section elementor-top-section elementor-element elementor-element-84cea86 elementor-section-boxed elementor-section-height-default elementor-section-height-default\" data-id=\"84cea86\" data-element_type=\"section\">\n\t\t\t\t\t\t<div class=\"elementor-container elementor-column-gap-default\">\n\t\t\t\t\t<div class=\"elementor-column elementor-col-100 elementor-top-column elementor-element elementor-element-00a34a0\" data-id=\"00a34a0\" data-element_type=\"column\">\n\t\t\t<div class=\"elementor-widget-wrap elementor-element-populated\">\n\t\t\t\t\t\t<div class=\"elementor-element elementor-element-8e7f941 elementor-widget elementor-widget-heading\" data-id=\"8e7f941\" data-element_type=\"widget\" data-widget_type=\"heading.default\">\n\t\t\t\t<div class=\"elementor-widget-container\">\n\t\t\t\t\t<h2 class=\"elementor-heading-title elementor-size-default\">Bonus: Mention frankenstein<\/h2>\t\t\t\t<\/div>\n\t\t\t\t<\/div>\n\t\t\t\t<div class=\"elementor-element elementor-element-66fcadd elementor-widget elementor-widget-text-editor\" data-id=\"66fcadd\" data-element_type=\"widget\" data-widget_type=\"text-editor.default\">\n\t\t\t\t<div class=\"elementor-widget-container\">\n\t\t\t\t\t\t\t\t\t<p>On s&rsquo;\u00e9loigne un peu de la voiture pour parler du projet de J. Dennis McGuire avec cet admirable \/ \u00e9pouvantable ChamRockAway Camper 8\u00d72, assemblage de deux break Buick de 1962 qui n&rsquo;avaient rien demand\u00e9.<br \/>Le camper a sillonn\u00e9 les routes des USA jusque dans les ann\u00e9es 1990 et a \u00e9t\u00e9 remis\u00e9 \u00e0 la mort de son propri\u00e9taire puis s&rsquo;est transform\u00e9 lentement en dentelle faute d&rsquo;entretien.<\/p>\t\t\t\t\t\t\t\t<\/div>\n\t\t\t\t<\/div>\n\t\t\t\t<div class=\"elementor-element elementor-element-17d07ff elementor-widget elementor-widget-image\" data-id=\"17d07ff\" data-element_type=\"widget\" data-widget_type=\"image.default\">\n\t\t\t\t<div class=\"elementor-widget-container\">\n\t\t\t\t\t\t\t\t\t\t\t\t\t\t\t<img loading=\"lazy\" decoding=\"async\" width=\"900\" height=\"587\" src=\"https:\/\/www.wedrivit.com\/blog\/wp-content\/uploads\/2020\/10\/camper-shamrock-away.jpg\" class=\"attachment-large size-large wp-image-11337\" alt=\"camper-shamrock-away\" srcset=\"https:\/\/www.wedrivit.com\/blog\/wp-content\/uploads\/2020\/10\/camper-shamrock-away.jpg 900w, https:\/\/www.wedrivit.com\/blog\/wp-content\/uploads\/2020\/10\/camper-shamrock-away-300x196.jpg 300w, https:\/\/www.wedrivit.com\/blog\/wp-content\/uploads\/2020\/10\/camper-shamrock-away-768x501.jpg 768w\" sizes=\"(max-width: 900px) 100vw, 900px\" \/>\t\t\t\t\t\t\t\t\t\t\t\t\t\t\t<\/div>\n\t\t\t\t<\/div>\n\t\t\t\t\t<\/div>\n\t\t<\/div>\n\t\t\t\t\t<\/div>\n\t\t<\/section>\n\t\t\t\t<section class=\"elementor-section elementor-top-section elementor-element elementor-element-c3ff948 elementor-section-boxed elementor-section-height-default elementor-section-height-default\" data-id=\"c3ff948\" data-element_type=\"section\">\n\t\t\t\t\t\t<div class=\"elementor-container elementor-column-gap-default\">\n\t\t\t\t\t<div class=\"elementor-column elementor-col-100 elementor-top-column elementor-element elementor-element-6d8d7bd\" data-id=\"6d8d7bd\" data-element_type=\"column\">\n\t\t\t<div class=\"elementor-widget-wrap elementor-element-populated\">\n\t\t\t\t\t\t<div class=\"elementor-element elementor-element-fd805ea elementor-widget elementor-widget-heading\" data-id=\"fd805ea\" data-element_type=\"widget\" data-widget_type=\"heading.default\">\n\t\t\t\t<div class=\"elementor-widget-container\">\n\t\t\t\t\t<h2 class=\"elementor-heading-title elementor-size-default\">Bonus: Mention honorable<\/h2>\t\t\t\t<\/div>\n\t\t\t\t<\/div>\n\t\t\t\t<div class=\"elementor-element elementor-element-7dcf25d elementor-widget elementor-widget-text-editor\" data-id=\"7dcf25d\" data-element_type=\"widget\" data-widget_type=\"text-editor.default\">\n\t\t\t\t<div class=\"elementor-widget-container\">\n\t\t\t\t\t\t\t\t\t<p>Wedrivit d\u00e9cerne une mention honorable \u00e0 la Nissan S Cargo. Cette petite fourgonette des ann\u00e9es 80-90 qui a essay\u00e9 de proposer une <a href=\"https:\/\/www.wedrivit.com\/voiture\/pau\/citroen\/1090\" target=\"_blank\" rel=\"noopener\">2CV<\/a> en mode camion. C&rsquo;\u00e9tait un concept mais le r\u00e9sultat est assez particulier. La voiture est propos\u00e9e uniquement avec des courbes rondes qui lui donnent un air de cartoon. M\u00eame la petite fen\u00eatre \u00e0 l&rsquo;arri\u00e8re est ronde&#8230;<\/p>\t\t\t\t\t\t\t\t<\/div>\n\t\t\t\t<\/div>\n\t\t\t\t<div class=\"elementor-element elementor-element-cb27e09 elementor-widget elementor-widget-image\" data-id=\"cb27e09\" data-element_type=\"widget\" data-widget_type=\"image.default\">\n\t\t\t\t<div class=\"elementor-widget-container\">\n\t\t\t\t\t\t\t\t\t\t\t\t\t\t\t<img loading=\"lazy\" decoding=\"async\" width=\"505\" height=\"307\" src=\"https:\/\/www.wedrivit.com\/blog\/wp-content\/uploads\/2020\/10\/Nissan-S-Cargo-3.jpg\" class=\"attachment-large size-large wp-image-1459\" alt=\"nissan s cargo\" srcset=\"https:\/\/www.wedrivit.com\/blog\/wp-content\/uploads\/2020\/10\/Nissan-S-Cargo-3.jpg 505w, https:\/\/www.wedrivit.com\/blog\/wp-content\/uploads\/2020\/10\/Nissan-S-Cargo-3-300x182.jpg 300w, https:\/\/www.wedrivit.com\/blog\/wp-content\/uploads\/2020\/10\/Nissan-S-Cargo-3-500x304.jpg 500w\" sizes=\"(max-width: 505px) 100vw, 505px\" \/>\t\t\t\t\t\t\t\t\t\t\t\t\t\t\t<\/div>\n\t\t\t\t<\/div>\n\t\t\t\t\t<\/div>\n\t\t<\/div>\n\t\t\t\t\t<\/div>\n\t\t<\/section>\n\t\t\t\t<section class=\"elementor-section elementor-top-section elementor-element elementor-element-8b2fb67 elementor-section-boxed elementor-section-height-default elementor-section-height-default\" data-id=\"8b2fb67\" data-element_type=\"section\">\n\t\t\t\t\t\t<div class=\"elementor-container elementor-column-gap-default\">\n\t\t\t\t\t<div class=\"elementor-column elementor-col-100 elementor-top-column elementor-element elementor-element-9648ad8\" data-id=\"9648ad8\" data-element_type=\"column\">\n\t\t\t<div class=\"elementor-widget-wrap elementor-element-populated\">\n\t\t\t\t\t\t<div class=\"elementor-element elementor-element-7a47436 elementor-widget elementor-widget-text-editor\" data-id=\"7a47436\" data-element_type=\"widget\" data-widget_type=\"text-editor.default\">\n\t\t\t\t<div class=\"elementor-widget-container\">\n\t\t\t\t\t\t\t\t\t<p data-start=\"75\" data-end=\"435\">Que vous soyez fascin\u00e9 par les voitures ovnis comme la Toyota Pod ou nostalgique des microcars audacieux des ann\u00e9es 50, ces mod\u00e8les insolites t\u00e9moignent d\u2019un esprit d\u2019innovation et de libert\u00e9 qu\u2019on ne retrouve plus gu\u00e8re aujourd\u2019hui. Pourtant, l\u2019\u00e2me de ces v\u00e9hicules singuliers continue de vibrer \u00e0 travers les voitures de collection disponibles chez Wedrivit.<\/p><p data-start=\"437\" data-end=\"817\">Chez Wedrivit, vous ne trouverez peut-\u00eatre pas une voiture \u00e0 r\u00e9acteur ou amphibie\u2026 mais vous d\u00e9couvrirez une s\u00e9lection unique de v\u00e9hicules de caract\u00e8re. Des classiques intemporels comme la Citro\u00ebn DS, la Porsche 911 ou encore la Mustang Fastback, jusqu\u2019aux cabriolets anglais pleins de charme, nous avons de quoi ravir les amateurs de conduite authentique et d\u2019esth\u00e9tique vintage.<\/p><p data-start=\"819\" data-end=\"1109\" data-is-last-node=\"\" data-is-only-node=\"\">Envie d\u2019\u00e9vasion ? Envie de sortir des sentiers battus ? Louez une voiture de collection sur Wedrivit et vivez, vous aussi, une aventure hors du temps. Qu\u2019elle soit extravagante ou \u00e9l\u00e9gante, votre prochaine voiture de r\u00eave vous attend peut-\u00eatre d\u00e9j\u00e0\u2026 Il ne tient qu\u2019\u00e0 vous de tourner la cl\u00e9.<\/p>\t\t\t\t\t\t\t\t<\/div>\n\t\t\t\t<\/div>\n\t\t\t\t<div class=\"elementor-element elementor-element-33bf35c elementor-widget elementor-widget-heading\" data-id=\"33bf35c\" data-element_type=\"widget\" data-widget_type=\"heading.default\">\n\t\t\t\t<div class=\"elementor-widget-container\">\n\t\t\t\t\t<span class=\"elementor-heading-title elementor-size-large\">Retrouvez d'autres articles du m\u00eame genre : <\/span>\t\t\t\t<\/div>\n\t\t\t\t<\/div>\n\t\t\t\t<div class=\"elementor-element elementor-element-687ad83 elementor-widget elementor-widget-text-editor\" data-id=\"687ad83\" data-element_type=\"widget\" data-widget_type=\"text-editor.default\">\n\t\t\t\t<div class=\"elementor-widget-container\">\n\t\t\t\t\t\t\t\t\t<blockquote><p><a href=\"https:\/\/www.wedrivit.com\/blog\/voiture\/collection\/comment-conduire-une-voiture-ancienne\/\">Conduire une voiture ancienne : mode d\u2019emploi pour une premi\u00e8re fois r\u00e9ussie!<\/a><\/p><a href=\"https:\/\/www.wedrivit.com\/blog\/voiture\/collection\/quelle-est-la-voiture-ancienne-la-plus-rare-au-monde\/\">Quelle est la voiture ancienne la plus rare au monde<\/a><br \/><p><a href=\"http:\/\/wedrivit.com\/blog\/voiture\/collection\/top-10voitures-anciennes-television\/\">Top 10 des voitures anciennes pr\u00e9f\u00e9r\u00e9es de la t\u00e9l\u00e9<\/a><\/p><\/blockquote>\t\t\t\t\t\t\t\t<\/div>\n\t\t\t\t<\/div>\n\t\t\t\t<div class=\"elementor-element elementor-element-247e436 elementor-widget elementor-widget-spacer\" data-id=\"247e436\" data-element_type=\"widget\" data-widget_type=\"spacer.default\">\n\t\t\t\t<div class=\"elementor-widget-container\">\n\t\t\t\t\t\t\t<div class=\"elementor-spacer\">\n\t\t\t<div class=\"elementor-spacer-inner\"><\/div>\n\t\t<\/div>\n\t\t\t\t\t\t<\/div>\n\t\t\t\t<\/div>\n\t\t\t\t\t<\/div>\n\t\t<\/div>\n\t\t\t\t\t<\/div>\n\t\t<\/section>\n\t\t\t\t<section class=\"elementor-section elementor-top-section elementor-element elementor-element-123eebf elementor-section-boxed elementor-section-height-default elementor-section-height-default\" data-id=\"123eebf\" data-element_type=\"section\">\n\t\t\t\t\t\t<div class=\"elementor-container elementor-column-gap-default\">\n\t\t\t\t\t<div class=\"elementor-column elementor-col-100 elementor-top-column elementor-element elementor-element-aae4c5e\" data-id=\"aae4c5e\" data-element_type=\"column\">\n\t\t\t<div class=\"elementor-widget-wrap elementor-element-populated\">\n\t\t\t\t\t\t<div class=\"elementor-element elementor-element-bdd7100 elementor-align-center elementor-widget elementor-widget-button\" data-id=\"bdd7100\" data-element_type=\"widget\" data-widget_type=\"button.default\">\n\t\t\t\t<div class=\"elementor-widget-container\">\n\t\t\t\t\t\t\t\t\t<div class=\"elementor-button-wrapper\">\n\t\t\t\t\t<a class=\"elementor-button elementor-button-link elementor-size-sm\" href=\"https:\/\/www.wedrivit.com\/\" target=\"_blank\">\n\t\t\t\t\t\t<span class=\"elementor-button-content-wrapper\">\n\t\t\t\t\t\t\t\t\t<span class=\"elementor-button-text\">Rouler en voiture \u00e9trange<\/span>\n\t\t\t\t\t<\/span>\n\t\t\t\t\t<\/a>\n\t\t\t\t<\/div>\n\t\t\t\t\t\t\t\t<\/div>\n\t\t\t\t<\/div>\n\t\t\t\t\t<\/div>\n\t\t<\/div>\n\t\t\t\t\t<\/div>\n\t\t<\/section>\n\t\t\t\t<\/div>\n\t\t","protected":false},"excerpt":{"rendered":"<p>Top 10 des voitures les plus \u00e9tranges de tous les temps<\/p>\n","protected":false},"author":2,"featured_media":1439,"comment_status":"open","ping_status":"open","sticky":false,"template":"","format":"standard","meta":{"footnotes":""},"categories":[17,1,6],"tags":[],"class_list":["post-1431","post","type-post","status-publish","format-standard","has-post-thumbnail","hentry","category-culture-automobile","category-tous-les-articles","category-voiture"],"yoast_head":"<!-- This site is optimized with the Yoast SEO plugin v26.9 - https:\/\/yoast.com\/product\/yoast-seo-wordpress\/ -->\n<title>Les 15 voitures anciennes les plus \u00e9tranges<\/title>\n<meta name=\"description\" content=\"Anomalies de design, \u00e9chec commercial, forme absure...retrouvez ici le top 15 des voitures anciennes les plus \u00e9tranges et insolites du monde.\" \/>\n<meta name=\"robots\" content=\"index, follow, max-snippet:-1, max-image-preview:large, max-video-preview:-1\" \/>\n<link rel=\"canonical\" href=\"https:\/\/www.wedrivit.com\/blog\/voiture\/collection\/voitures-etranges\" \/>\n<meta property=\"og:locale\" content=\"fr_FR\" \/>\n<meta property=\"og:type\" content=\"article\" \/>\n<meta property=\"og:title\" content=\"Les 15 voitures anciennes les plus \u00e9tranges\" \/>\n<meta property=\"og:description\" content=\"Anomalies de design, \u00e9chec commercial, forme absure...retrouvez ici le top 15 des voitures anciennes les plus \u00e9tranges et insolites du monde.\" \/>\n<meta property=\"og:url\" content=\"https:\/\/www.wedrivit.com\/blog\/voiture\/collection\/voitures-etranges\" \/>\n<meta property=\"og:site_name\" content=\"Le blog des voitures de collection par Wedrivit\" \/>\n<meta property=\"article:published_time\" content=\"2025-07-09T06:22:13+00:00\" \/>\n<meta property=\"og:image\" content=\"https:\/\/www.wedrivit.com\/blog\/wp-content\/uploads\/2020\/10\/General-Motors-Firebird-XP-21.jpeg\" \/>\n\t<meta property=\"og:image:width\" content=\"300\" \/>\n\t<meta property=\"og:image:height\" content=\"168\" \/>\n\t<meta property=\"og:image:type\" content=\"image\/jpeg\" \/>\n<meta name=\"author\" content=\"Hubert De Villeneuve\" \/>\n<meta name=\"twitter:card\" content=\"summary_large_image\" \/>\n<meta name=\"twitter:label1\" content=\"\u00c9crit par\" \/>\n\t<meta name=\"twitter:data1\" content=\"Hubert De Villeneuve\" \/>\n\t<meta name=\"twitter:label2\" content=\"Dur\u00e9e de lecture estim\u00e9e\" \/>\n\t<meta name=\"twitter:data2\" content=\"20 minutes\" \/>\n<script type=\"application\/ld+json\" class=\"yoast-schema-graph\">{\"@context\":\"https:\/\/schema.org\",\"@graph\":[{\"@type\":\"Article\",\"@id\":\"https:\/\/www.wedrivit.com\/blog\/voiture\/collection\/voitures-etranges#article\",\"isPartOf\":{\"@id\":\"https:\/\/www.wedrivit.com\/blog\/voiture\/collection\/voitures-etranges\"},\"author\":{\"name\":\"Hubert De Villeneuve\",\"@id\":\"https:\/\/www.wedrivit.com\/blog\/#\/schema\/person\/36663c76a8f8896d42a970ae8de4b116\"},\"headline\":\"Top 15 des voitures les plus \u00e9tranges de tous les temps\",\"datePublished\":\"2025-07-09T06:22:13+00:00\",\"mainEntityOfPage\":{\"@id\":\"https:\/\/www.wedrivit.com\/blog\/voiture\/collection\/voitures-etranges\"},\"wordCount\":3343,\"commentCount\":0,\"publisher\":{\"@id\":\"https:\/\/www.wedrivit.com\/blog\/#organization\"},\"image\":{\"@id\":\"https:\/\/www.wedrivit.com\/blog\/voiture\/collection\/voitures-etranges#primaryimage\"},\"thumbnailUrl\":\"https:\/\/www.wedrivit.com\/blog\/wp-content\/uploads\/2020\/10\/7.jpg\",\"articleSection\":[\"Culture Automobile\",\"Tous les articles\",\"Voitures\"],\"inLanguage\":\"fr-FR\",\"potentialAction\":[{\"@type\":\"CommentAction\",\"name\":\"Comment\",\"target\":[\"https:\/\/www.wedrivit.com\/blog\/voiture\/collection\/voitures-etranges#respond\"]}]},{\"@type\":\"WebPage\",\"@id\":\"https:\/\/www.wedrivit.com\/blog\/voiture\/collection\/voitures-etranges\",\"url\":\"https:\/\/www.wedrivit.com\/blog\/voiture\/collection\/voitures-etranges\",\"name\":\"Les 15 voitures anciennes les plus \u00e9tranges\",\"isPartOf\":{\"@id\":\"https:\/\/www.wedrivit.com\/blog\/#website\"},\"primaryImageOfPage\":{\"@id\":\"https:\/\/www.wedrivit.com\/blog\/voiture\/collection\/voitures-etranges#primaryimage\"},\"image\":{\"@id\":\"https:\/\/www.wedrivit.com\/blog\/voiture\/collection\/voitures-etranges#primaryimage\"},\"thumbnailUrl\":\"https:\/\/www.wedrivit.com\/blog\/wp-content\/uploads\/2020\/10\/7.jpg\",\"datePublished\":\"2025-07-09T06:22:13+00:00\",\"description\":\"Anomalies de design, \u00e9chec commercial, forme absure...retrouvez ici le top 15 des voitures anciennes les plus \u00e9tranges et insolites du monde.\",\"breadcrumb\":{\"@id\":\"https:\/\/www.wedrivit.com\/blog\/voiture\/collection\/voitures-etranges#breadcrumb\"},\"inLanguage\":\"fr-FR\",\"potentialAction\":[{\"@type\":\"ReadAction\",\"target\":[\"https:\/\/www.wedrivit.com\/blog\/voiture\/collection\/voitures-etranges\"]}]},{\"@type\":\"ImageObject\",\"inLanguage\":\"fr-FR\",\"@id\":\"https:\/\/www.wedrivit.com\/blog\/voiture\/collection\/voitures-etranges#primaryimage\",\"url\":\"https:\/\/www.wedrivit.com\/blog\/wp-content\/uploads\/2020\/10\/7.jpg\",\"contentUrl\":\"https:\/\/www.wedrivit.com\/blog\/wp-content\/uploads\/2020\/10\/7.jpg\",\"width\":570,\"height\":382,\"caption\":\"flat mobile\"},{\"@type\":\"BreadcrumbList\",\"@id\":\"https:\/\/www.wedrivit.com\/blog\/voiture\/collection\/voitures-etranges#breadcrumb\",\"itemListElement\":[{\"@type\":\"ListItem\",\"position\":1,\"name\":\"Home\",\"item\":\"https:\/\/www.wedrivit.com\/blog\/\"},{\"@type\":\"ListItem\",\"position\":2,\"name\":\"Top 15 des voitures les plus \u00e9tranges de tous les temps\"}]},{\"@type\":\"WebSite\",\"@id\":\"https:\/\/www.wedrivit.com\/blog\/#website\",\"url\":\"https:\/\/www.wedrivit.com\/blog\/\",\"name\":\"Le blog des voitures de collection par Wedrivit\",\"description\":\"Tout savoir sur les voitures anciennes grace \u00e0 Wedrivit, la plateforme de location de voitures anciennes entre particuliers.\",\"publisher\":{\"@id\":\"https:\/\/www.wedrivit.com\/blog\/#organization\"},\"potentialAction\":[{\"@type\":\"SearchAction\",\"target\":{\"@type\":\"EntryPoint\",\"urlTemplate\":\"https:\/\/www.wedrivit.com\/blog\/?s={search_term_string}\"},\"query-input\":{\"@type\":\"PropertyValueSpecification\",\"valueRequired\":true,\"valueName\":\"search_term_string\"}}],\"inLanguage\":\"fr-FR\"},{\"@type\":\"Organization\",\"@id\":\"https:\/\/www.wedrivit.com\/blog\/#organization\",\"name\":\"Le blog des voitures de collection par Wedrivit\",\"url\":\"https:\/\/www.wedrivit.com\/blog\/\",\"logo\":{\"@type\":\"ImageObject\",\"inLanguage\":\"fr-FR\",\"@id\":\"https:\/\/www.wedrivit.com\/blog\/#\/schema\/logo\/image\/\",\"url\":\"https:\/\/www.wedrivit.com\/blog\/wp-content\/uploads\/2024\/12\/wedrivit-blanc-large-2.png\",\"contentUrl\":\"https:\/\/www.wedrivit.com\/blog\/wp-content\/uploads\/2024\/12\/wedrivit-blanc-large-2.png\",\"caption\":\"Le blog des voitures de collection par Wedrivit\"},\"image\":{\"@id\":\"https:\/\/www.wedrivit.com\/blog\/#\/schema\/logo\/image\/\"}},{\"@type\":\"Person\",\"@id\":\"https:\/\/www.wedrivit.com\/blog\/#\/schema\/person\/36663c76a8f8896d42a970ae8de4b116\",\"name\":\"Hubert De Villeneuve\",\"image\":{\"@type\":\"ImageObject\",\"inLanguage\":\"fr-FR\",\"@id\":\"https:\/\/www.wedrivit.com\/blog\/#\/schema\/person\/image\/\",\"url\":\"https:\/\/secure.gravatar.com\/avatar\/dcb752e77174a6eda50d1064c209c0daa6300352aed8b5feadde2029423c387f?s=96&d=mm&r=g\",\"contentUrl\":\"https:\/\/secure.gravatar.com\/avatar\/dcb752e77174a6eda50d1064c209c0daa6300352aed8b5feadde2029423c387f?s=96&d=mm&r=g\",\"caption\":\"Hubert De Villeneuve\"},\"url\":\"https:\/\/www.wedrivit.com\/blog\/voiture\/collection\/author\/hubert\"}]}<\/script>\n<!-- \/ Yoast SEO plugin. -->","yoast_head_json":{"title":"Les 15 voitures anciennes les plus \u00e9tranges","description":"Anomalies de design, \u00e9chec commercial, forme absure...retrouvez ici le top 15 des voitures anciennes les plus \u00e9tranges et insolites du monde.","robots":{"index":"index","follow":"follow","max-snippet":"max-snippet:-1","max-image-preview":"max-image-preview:large","max-video-preview":"max-video-preview:-1"},"canonical":"https:\/\/www.wedrivit.com\/blog\/voiture\/collection\/voitures-etranges","og_locale":"fr_FR","og_type":"article","og_title":"Les 15 voitures anciennes les plus \u00e9tranges","og_description":"Anomalies de design, \u00e9chec commercial, forme absure...retrouvez ici le top 15 des voitures anciennes les plus \u00e9tranges et insolites du monde.","og_url":"https:\/\/www.wedrivit.com\/blog\/voiture\/collection\/voitures-etranges","og_site_name":"Le blog des voitures de collection par Wedrivit","article_published_time":"2025-07-09T06:22:13+00:00","og_image":[{"width":300,"height":168,"url":"https:\/\/www.wedrivit.com\/blog\/wp-content\/uploads\/2020\/10\/General-Motors-Firebird-XP-21.jpeg","type":"image\/jpeg"}],"author":"Hubert De Villeneuve","twitter_card":"summary_large_image","twitter_misc":{"\u00c9crit par":"Hubert De Villeneuve","Dur\u00e9e de lecture estim\u00e9e":"20 minutes"},"schema":{"@context":"https:\/\/schema.org","@graph":[{"@type":"Article","@id":"https:\/\/www.wedrivit.com\/blog\/voiture\/collection\/voitures-etranges#article","isPartOf":{"@id":"https:\/\/www.wedrivit.com\/blog\/voiture\/collection\/voitures-etranges"},"author":{"name":"Hubert De Villeneuve","@id":"https:\/\/www.wedrivit.com\/blog\/#\/schema\/person\/36663c76a8f8896d42a970ae8de4b116"},"headline":"Top 15 des voitures les plus \u00e9tranges de tous les temps","datePublished":"2025-07-09T06:22:13+00:00","mainEntityOfPage":{"@id":"https:\/\/www.wedrivit.com\/blog\/voiture\/collection\/voitures-etranges"},"wordCount":3343,"commentCount":0,"publisher":{"@id":"https:\/\/www.wedrivit.com\/blog\/#organization"},"image":{"@id":"https:\/\/www.wedrivit.com\/blog\/voiture\/collection\/voitures-etranges#primaryimage"},"thumbnailUrl":"https:\/\/www.wedrivit.com\/blog\/wp-content\/uploads\/2020\/10\/7.jpg","articleSection":["Culture Automobile","Tous les articles","Voitures"],"inLanguage":"fr-FR","potentialAction":[{"@type":"CommentAction","name":"Comment","target":["https:\/\/www.wedrivit.com\/blog\/voiture\/collection\/voitures-etranges#respond"]}]},{"@type":"WebPage","@id":"https:\/\/www.wedrivit.com\/blog\/voiture\/collection\/voitures-etranges","url":"https:\/\/www.wedrivit.com\/blog\/voiture\/collection\/voitures-etranges","name":"Les 15 voitures anciennes les plus \u00e9tranges","isPartOf":{"@id":"https:\/\/www.wedrivit.com\/blog\/#website"},"primaryImageOfPage":{"@id":"https:\/\/www.wedrivit.com\/blog\/voiture\/collection\/voitures-etranges#primaryimage"},"image":{"@id":"https:\/\/www.wedrivit.com\/blog\/voiture\/collection\/voitures-etranges#primaryimage"},"thumbnailUrl":"https:\/\/www.wedrivit.com\/blog\/wp-content\/uploads\/2020\/10\/7.jpg","datePublished":"2025-07-09T06:22:13+00:00","description":"Anomalies de design, \u00e9chec commercial, forme absure...retrouvez ici le top 15 des voitures anciennes les plus \u00e9tranges et insolites du monde.","breadcrumb":{"@id":"https:\/\/www.wedrivit.com\/blog\/voiture\/collection\/voitures-etranges#breadcrumb"},"inLanguage":"fr-FR","potentialAction":[{"@type":"ReadAction","target":["https:\/\/www.wedrivit.com\/blog\/voiture\/collection\/voitures-etranges"]}]},{"@type":"ImageObject","inLanguage":"fr-FR","@id":"https:\/\/www.wedrivit.com\/blog\/voiture\/collection\/voitures-etranges#primaryimage","url":"https:\/\/www.wedrivit.com\/blog\/wp-content\/uploads\/2020\/10\/7.jpg","contentUrl":"https:\/\/www.wedrivit.com\/blog\/wp-content\/uploads\/2020\/10\/7.jpg","width":570,"height":382,"caption":"flat mobile"},{"@type":"BreadcrumbList","@id":"https:\/\/www.wedrivit.com\/blog\/voiture\/collection\/voitures-etranges#breadcrumb","itemListElement":[{"@type":"ListItem","position":1,"name":"Home","item":"https:\/\/www.wedrivit.com\/blog\/"},{"@type":"ListItem","position":2,"name":"Top 15 des voitures les plus \u00e9tranges de tous les temps"}]},{"@type":"WebSite","@id":"https:\/\/www.wedrivit.com\/blog\/#website","url":"https:\/\/www.wedrivit.com\/blog\/","name":"Le blog des voitures de collection par Wedrivit","description":"Tout savoir sur les voitures anciennes grace \u00e0 Wedrivit, la plateforme de location de voitures anciennes entre particuliers.","publisher":{"@id":"https:\/\/www.wedrivit.com\/blog\/#organization"},"potentialAction":[{"@type":"SearchAction","target":{"@type":"EntryPoint","urlTemplate":"https:\/\/www.wedrivit.com\/blog\/?s={search_term_string}"},"query-input":{"@type":"PropertyValueSpecification","valueRequired":true,"valueName":"search_term_string"}}],"inLanguage":"fr-FR"},{"@type":"Organization","@id":"https:\/\/www.wedrivit.com\/blog\/#organization","name":"Le blog des voitures de collection par Wedrivit","url":"https:\/\/www.wedrivit.com\/blog\/","logo":{"@type":"ImageObject","inLanguage":"fr-FR","@id":"https:\/\/www.wedrivit.com\/blog\/#\/schema\/logo\/image\/","url":"https:\/\/www.wedrivit.com\/blog\/wp-content\/uploads\/2024\/12\/wedrivit-blanc-large-2.png","contentUrl":"https:\/\/www.wedrivit.com\/blog\/wp-content\/uploads\/2024\/12\/wedrivit-blanc-large-2.png","caption":"Le blog des voitures de collection par Wedrivit"},"image":{"@id":"https:\/\/www.wedrivit.com\/blog\/#\/schema\/logo\/image\/"}},{"@type":"Person","@id":"https:\/\/www.wedrivit.com\/blog\/#\/schema\/person\/36663c76a8f8896d42a970ae8de4b116","name":"Hubert De Villeneuve","image":{"@type":"ImageObject","inLanguage":"fr-FR","@id":"https:\/\/www.wedrivit.com\/blog\/#\/schema\/person\/image\/","url":"https:\/\/secure.gravatar.com\/avatar\/dcb752e77174a6eda50d1064c209c0daa6300352aed8b5feadde2029423c387f?s=96&d=mm&r=g","contentUrl":"https:\/\/secure.gravatar.com\/avatar\/dcb752e77174a6eda50d1064c209c0daa6300352aed8b5feadde2029423c387f?s=96&d=mm&r=g","caption":"Hubert De Villeneuve"},"url":"https:\/\/www.wedrivit.com\/blog\/voiture\/collection\/author\/hubert"}]}},"_links":{"self":[{"href":"https:\/\/www.wedrivit.com\/blog\/wp-json\/wp\/v2\/posts\/1431","targetHints":{"allow":["GET"]}}],"collection":[{"href":"https:\/\/www.wedrivit.com\/blog\/wp-json\/wp\/v2\/posts"}],"about":[{"href":"https:\/\/www.wedrivit.com\/blog\/wp-json\/wp\/v2\/types\/post"}],"author":[{"embeddable":true,"href":"https:\/\/www.wedrivit.com\/blog\/wp-json\/wp\/v2\/users\/2"}],"replies":[{"embeddable":true,"href":"https:\/\/www.wedrivit.com\/blog\/wp-json\/wp\/v2\/comments?post=1431"}],"version-history":[{"count":88,"href":"https:\/\/www.wedrivit.com\/blog\/wp-json\/wp\/v2\/posts\/1431\/revisions"}],"predecessor-version":[{"id":11374,"href":"https:\/\/www.wedrivit.com\/blog\/wp-json\/wp\/v2\/posts\/1431\/revisions\/11374"}],"wp:featuredmedia":[{"embeddable":true,"href":"https:\/\/www.wedrivit.com\/blog\/wp-json\/wp\/v2\/media\/1439"}],"wp:attachment":[{"href":"https:\/\/www.wedrivit.com\/blog\/wp-json\/wp\/v2\/media?parent=1431"}],"wp:term":[{"taxonomy":"category","embeddable":true,"href":"https:\/\/www.wedrivit.com\/blog\/wp-json\/wp\/v2\/categories?post=1431"},{"taxonomy":"post_tag","embeddable":true,"href":"https:\/\/www.wedrivit.com\/blog\/wp-json\/wp\/v2\/tags?post=1431"}],"curies":[{"name":"wp","href":"https:\/\/api.w.org\/{rel}","templated":true}]}}