{"id":1359,"date":"2020-10-15T12:46:30","date_gmt":"2020-10-15T10:46:30","guid":{"rendered":"https:\/\/www.classic-hub.com\/blog\/?p=1359"},"modified":"2022-07-27T15:48:56","modified_gmt":"2022-07-27T13:48:56","slug":"journees-europeennes-du-patrimoine","status":"publish","type":"post","link":"https:\/\/www.wedrivit.com\/blog\/voiture\/collection\/journees-europeennes-du-patrimoine","title":{"rendered":"Les Journ\u00e9es europ\u00e9ennes du Patrimoine"},"content":{"rendered":"\t\t<div data-elementor-type=\"wp-post\" data-elementor-id=\"1359\" class=\"elementor elementor-1359\">\n\t\t\t\t\t\t<section class=\"elementor-section elementor-top-section elementor-element elementor-element-da18b9f elementor-section-boxed elementor-section-height-default elementor-section-height-default\" data-id=\"da18b9f\" data-element_type=\"section\">\n\t\t\t\t\t\t<div class=\"elementor-container elementor-column-gap-default\">\n\t\t\t\t\t<div class=\"elementor-column elementor-col-100 elementor-top-column elementor-element elementor-element-b231d7c\" data-id=\"b231d7c\" data-element_type=\"column\">\n\t\t\t<div class=\"elementor-widget-wrap elementor-element-populated\">\n\t\t\t\t\t\t<div class=\"elementor-element elementor-element-37bc7eb elementor-invisible elementor-widget elementor-widget-image\" data-id=\"37bc7eb\" data-element_type=\"widget\" data-settings=\"{&quot;_animation&quot;:&quot;rotateIn&quot;}\" data-widget_type=\"image.default\">\n\t\t\t\t<div class=\"elementor-widget-container\">\n\t\t\t\t\t\t\t\t\t\t\t\t\t\t\t\t<a href=\"https:\/\/journeesdupatrimoine.culture.gouv.fr\/\">\n\t\t\t\t\t\t\t<img fetchpriority=\"high\" decoding=\"async\" width=\"617\" height=\"617\" src=\"https:\/\/www.wedrivit.com\/blog\/wp-content\/uploads\/2020\/10\/patrimoine.jpg\" class=\"elementor-animation-shrink attachment-large size-large wp-image-1361\" alt=\"Journ\u00e9e du patrimoine\" srcset=\"https:\/\/www.wedrivit.com\/blog\/wp-content\/uploads\/2020\/10\/patrimoine.jpg 617w, https:\/\/www.wedrivit.com\/blog\/wp-content\/uploads\/2020\/10\/patrimoine-300x300.jpg 300w, https:\/\/www.wedrivit.com\/blog\/wp-content\/uploads\/2020\/10\/patrimoine-150x150.jpg 150w, https:\/\/www.wedrivit.com\/blog\/wp-content\/uploads\/2020\/10\/patrimoine-500x500.jpg 500w\" sizes=\"(max-width: 617px) 100vw, 617px\" \/>\t\t\t\t\t\t\t\t<\/a>\n\t\t\t\t\t\t\t\t\t\t\t\t\t\t\t<\/div>\n\t\t\t\t<\/div>\n\t\t\t\t\t<\/div>\n\t\t<\/div>\n\t\t\t\t\t<\/div>\n\t\t<\/section>\n\t\t\t\t<section class=\"elementor-section elementor-top-section elementor-element elementor-element-9d5f8c5 elementor-section-boxed elementor-section-height-default elementor-section-height-default\" data-id=\"9d5f8c5\" data-element_type=\"section\">\n\t\t\t\t\t\t<div class=\"elementor-container elementor-column-gap-default\">\n\t\t\t\t\t<div class=\"elementor-column elementor-col-100 elementor-top-column elementor-element elementor-element-2457b35\" data-id=\"2457b35\" data-element_type=\"column\">\n\t\t\t<div class=\"elementor-widget-wrap elementor-element-populated\">\n\t\t\t\t\t\t<div class=\"elementor-element elementor-element-98f2984 elementor-widget elementor-widget-text-editor\" data-id=\"98f2984\" data-element_type=\"widget\" data-widget_type=\"text-editor.default\">\n\t\t\t\t<div class=\"elementor-widget-container\">\n\t\t\t\t\t\t\t\t\t<p><span style=\"font-weight: 400;\">En 1984, le minist\u00e8re de la <strong>Culture<\/strong> a cr\u00e9\u00e9 les \u00ab\u00a0<strong>Journ\u00e9es Portes ouvertes des monuments historiques<\/strong>\u00a0\u00bb. Aujourd&rsquo;hui, plus de cinquante pays se sont inspir\u00e9s du mod\u00e8le de cet \u00e9v\u00e9nement \u00e0 succ\u00e8s durant lequel des lieux notables sont ouverts au public le temps d\u2019un week-end. Des mus\u00e9es proposent \u00e9galement des entr\u00e9es exceptionnellement gratuites ou des tarifs r\u00e9duits. En France, un th\u00e8me g\u00e9n\u00e9ral est retenu chaque ann\u00e9e\u00a0: \u00ab\u00a0M\u00e9tiers et savoir-faire\u00a0\u00bb en 1998, \u00ab\u00a0Les grands Hommes\u00a0\u00bb en 2010 ou \u00ab\u00a0<strong>Patrimoine<\/strong> et \u00e9ducation\u00a0\u00bb en 2020. \u00c0 chacune de ces occasions, les lieux officiels du gouvernement \u2013 palais de l\u2019\u00c9lys\u00e9e, palais du Luxembourg, palais Bourbon, etc. \u2013 sont les plus visit\u00e9s par les curieux. En 2000, la ministre de la <strong>Culture<\/strong> rebaptise les <strong>Journ\u00e9es nationales du patrimoine<\/strong> en <strong>Journ\u00e9es europ\u00e9ennes du patrimoine<\/strong>, \u00e0 ne pas confondre avec la manifestation organis\u00e9e sur le m\u00eame mod\u00e8le par le Conseil de l\u2019Europe depuis 1991.<a href=\"https:\/\/www.classic-hub.com\/blog\/voiture\/collection\/la-ffve-acteur-majeur-voiture-collection\/\"> La F\u00e9d\u00e9ration Fran\u00e7aise des V\u00e9hicules d\u2019\u00c9poque<\/a>, association qui encourage et coordonne la conservation et la <strong>collection<\/strong> des <strong>voitures anciennes<\/strong>, est partenaire des <strong>Journ\u00e9es europ\u00e9ennes du patrimoine<\/strong>. <\/span><\/p>\t\t\t\t\t\t\t\t<\/div>\n\t\t\t\t<\/div>\n\t\t\t\t\t<\/div>\n\t\t<\/div>\n\t\t\t\t\t<\/div>\n\t\t<\/section>\n\t\t\t\t<section class=\"elementor-section elementor-top-section elementor-element elementor-element-21cccfb elementor-section-boxed elementor-section-height-default elementor-section-height-default\" data-id=\"21cccfb\" data-element_type=\"section\">\n\t\t\t\t\t\t<div class=\"elementor-container elementor-column-gap-default\">\n\t\t\t\t\t<div class=\"elementor-column elementor-col-100 elementor-top-column elementor-element elementor-element-11aa9eb\" data-id=\"11aa9eb\" data-element_type=\"column\">\n\t\t\t<div class=\"elementor-widget-wrap elementor-element-populated\">\n\t\t\t\t\t\t<div class=\"elementor-element elementor-element-dd62f9d elementor-widget elementor-widget-heading\" data-id=\"dd62f9d\" data-element_type=\"widget\" data-widget_type=\"heading.default\">\n\t\t\t\t<div class=\"elementor-widget-container\">\n\t\t\t\t\t<h2 class=\"elementor-heading-title elementor-size-default\">Les Journ\u00e9es europ\u00e9ennes du patrimoine : un rendez-vous incontournable <\/h2>\t\t\t\t<\/div>\n\t\t\t\t<\/div>\n\t\t\t\t<div class=\"elementor-element elementor-element-4642365 elementor-widget elementor-widget-text-editor\" data-id=\"4642365\" data-element_type=\"widget\" data-widget_type=\"text-editor.default\">\n\t\t\t\t<div class=\"elementor-widget-container\">\n\t\t\t\t\t\t\t\t\t<p><span style=\"font-weight: 400;\">Tous les ans, les <strong>Journ\u00e9es europ\u00e9ennes du patrimoine<\/strong> sont un \u00e9v\u00e9nement marquant o\u00f9 tout citoyen ordinaire peut se retrouver \u00e0 fouler les parquets du palais de l\u2019\u00c9lys\u00e9e, \u00e0 s\u2019infiltrer dans des lieux insolites et \u00e0 participer \u00e0 de belles activit\u00e9s dans le Paris m\u00e9di\u00e9val ou dans les ch\u00e2teaux d\u2019\u00cele-de-France. En 2019, douze millions de personnes avaient profit\u00e9 de l\u2019accueil de mille sept cent sites et <strong>monuments historiques<\/strong> publics ou priv\u00e9s.<\/span><\/p>\t\t\t\t\t\t\t\t<\/div>\n\t\t\t\t<\/div>\n\t\t\t\t<section class=\"elementor-section elementor-inner-section elementor-element elementor-element-81e92f4 elementor-section-boxed elementor-section-height-default elementor-section-height-default\" data-id=\"81e92f4\" data-element_type=\"section\">\n\t\t\t\t\t\t<div class=\"elementor-container elementor-column-gap-default\">\n\t\t\t\t\t<div class=\"elementor-column elementor-col-50 elementor-inner-column elementor-element elementor-element-7616956\" data-id=\"7616956\" data-element_type=\"column\">\n\t\t\t<div class=\"elementor-widget-wrap elementor-element-populated\">\n\t\t\t\t\t\t<div class=\"elementor-element elementor-element-78f8a7e elementor-widget elementor-widget-text-editor\" data-id=\"78f8a7e\" data-element_type=\"widget\" data-widget_type=\"text-editor.default\">\n\t\t\t\t<div class=\"elementor-widget-container\">\n\t\t\t\t\t\t\t\t\t<p><span style=\"font-weight: 400;\">La FFVE a marqu\u00e9 son soutien \u00e0 cet \u00e9v\u00e9nement <strong>culturel<\/strong> majeur par la signature d\u2019un partenariat triennal avec le Minist\u00e8re. \u00c0 la faveur de cet accord, les mus\u00e9es mais aussi les collectionneurs et les artisans ouvrent leur passion au public avec l\u2019ambition de faire partager sa diversit\u00e9 et sa richesse aussi bien esth\u00e9tique qu\u2019industrielle.\u00a0<\/span><\/p>\t\t\t\t\t\t\t\t<\/div>\n\t\t\t\t<\/div>\n\t\t\t\t\t<\/div>\n\t\t<\/div>\n\t\t\t\t<div class=\"elementor-column elementor-col-50 elementor-inner-column elementor-element elementor-element-ec46a03\" data-id=\"ec46a03\" data-element_type=\"column\">\n\t\t\t<div class=\"elementor-widget-wrap elementor-element-populated\">\n\t\t\t\t\t\t<div class=\"elementor-element elementor-element-660333f elementor-widget elementor-widget-image\" data-id=\"660333f\" data-element_type=\"widget\" data-widget_type=\"image.default\">\n\t\t\t\t<div class=\"elementor-widget-container\">\n\t\t\t\t\t\t\t\t\t\t\t\t\t\t\t<img decoding=\"async\" width=\"1000\" height=\"659\" src=\"https:\/\/www.wedrivit.com\/blog\/wp-content\/uploads\/2020\/10\/arc-de-triomphe-2562763_1280-1000x659.jpg\" class=\"attachment-large size-large wp-image-1362\" alt=\"Arc de Triumph\" srcset=\"https:\/\/www.wedrivit.com\/blog\/wp-content\/uploads\/2020\/10\/arc-de-triomphe-2562763_1280-1000x659.jpg 1000w, https:\/\/www.wedrivit.com\/blog\/wp-content\/uploads\/2020\/10\/arc-de-triomphe-2562763_1280-300x198.jpg 300w, https:\/\/www.wedrivit.com\/blog\/wp-content\/uploads\/2020\/10\/arc-de-triomphe-2562763_1280-768x506.jpg 768w, https:\/\/www.wedrivit.com\/blog\/wp-content\/uploads\/2020\/10\/arc-de-triomphe-2562763_1280-500x330.jpg 500w, https:\/\/www.wedrivit.com\/blog\/wp-content\/uploads\/2020\/10\/arc-de-triomphe-2562763_1280-1024x675.jpg 1024w, https:\/\/www.wedrivit.com\/blog\/wp-content\/uploads\/2020\/10\/arc-de-triomphe-2562763_1280.jpg 1280w\" sizes=\"(max-width: 1000px) 100vw, 1000px\" \/>\t\t\t\t\t\t\t\t\t\t\t\t\t\t\t<\/div>\n\t\t\t\t<\/div>\n\t\t\t\t\t<\/div>\n\t\t<\/div>\n\t\t\t\t\t<\/div>\n\t\t<\/section>\n\t\t\t\t<div class=\"elementor-element elementor-element-68e1287 elementor-widget elementor-widget-text-editor\" data-id=\"68e1287\" data-element_type=\"widget\" data-widget_type=\"text-editor.default\">\n\t\t\t\t<div class=\"elementor-widget-container\">\n\t\t\t\t\t\t\t\t\t<p><span style=\"font-weight: 400;\">Ainsi, l\u2019appui de la FFVE permet d\u2019admirer et d\u2019apprendre au contact de hauts lieux de la m\u00e9moire automobile\u00a0: les ateliers de r\u00e9novation et de restauration de voitures ax\u00e9s sur le savoir-faire, les collections de constructeurs et les mus\u00e9es associatifs, id\u00e9aux pour contempler les plus belles pi\u00e8ces d\u2019antan. Mieux encore, la FFVE organise des parcours en <strong>automobiles d\u2019\u00e9poque<\/strong> avec l\u2019aide des autorit\u00e9s locales urbaines\u00a0: un syst\u00e8me de navette est mis en place sur des circuits reliant les diff\u00e9rents sites ouverts au public.<\/span><\/p>\t\t\t\t\t\t\t\t<\/div>\n\t\t\t\t<\/div>\n\t\t\t\t<section class=\"elementor-section elementor-inner-section elementor-element elementor-element-09b9d80 elementor-section-boxed elementor-section-height-default elementor-section-height-default\" data-id=\"09b9d80\" data-element_type=\"section\">\n\t\t\t\t\t\t<div class=\"elementor-container elementor-column-gap-default\">\n\t\t\t\t\t<div class=\"elementor-column elementor-col-50 elementor-inner-column elementor-element elementor-element-cc92fc1\" data-id=\"cc92fc1\" data-element_type=\"column\">\n\t\t\t<div class=\"elementor-widget-wrap elementor-element-populated\">\n\t\t\t\t\t\t<div class=\"elementor-element elementor-element-18363e8 elementor-widget elementor-widget-image\" data-id=\"18363e8\" data-element_type=\"widget\" data-widget_type=\"image.default\">\n\t\t\t\t<div class=\"elementor-widget-container\">\n\t\t\t\t\t\t\t\t\t\t\t\t\t\t\t<img decoding=\"async\" width=\"750\" height=\"1000\" src=\"https:\/\/www.wedrivit.com\/blog\/wp-content\/uploads\/2020\/10\/car-1679395_1280-750x1000.jpg\" class=\"attachment-large size-large wp-image-1363\" alt=\"Triumph stpitfire 1500\" srcset=\"https:\/\/www.wedrivit.com\/blog\/wp-content\/uploads\/2020\/10\/car-1679395_1280-750x1000.jpg 750w, https:\/\/www.wedrivit.com\/blog\/wp-content\/uploads\/2020\/10\/car-1679395_1280-225x300.jpg 225w, https:\/\/www.wedrivit.com\/blog\/wp-content\/uploads\/2020\/10\/car-1679395_1280-768x1024.jpg 768w, https:\/\/www.wedrivit.com\/blog\/wp-content\/uploads\/2020\/10\/car-1679395_1280-375x500.jpg 375w, https:\/\/www.wedrivit.com\/blog\/wp-content\/uploads\/2020\/10\/car-1679395_1280.jpg 960w\" sizes=\"(max-width: 750px) 100vw, 750px\" \/>\t\t\t\t\t\t\t\t\t\t\t\t\t\t\t<\/div>\n\t\t\t\t<\/div>\n\t\t\t\t\t<\/div>\n\t\t<\/div>\n\t\t\t\t<div class=\"elementor-column elementor-col-50 elementor-inner-column elementor-element elementor-element-53f6432\" data-id=\"53f6432\" data-element_type=\"column\">\n\t\t\t<div class=\"elementor-widget-wrap elementor-element-populated\">\n\t\t\t\t\t\t<div class=\"elementor-element elementor-element-fdb9349 elementor-widget elementor-widget-text-editor\" data-id=\"fdb9349\" data-element_type=\"widget\" data-widget_type=\"text-editor.default\">\n\t\t\t\t<div class=\"elementor-widget-container\">\n\t\t\t\t\t\t\t\t\t<p><span style=\"font-weight: 400;\">Les clubs, les professionnels de m\u00e9tiers d\u2019art et les mus\u00e9es adh\u00e9rents de la FFVE re\u00e7oivent l\u2019aide n\u00e9cessaire des d\u00e9l\u00e9gu\u00e9s r\u00e9gionaux dans l\u2019animation de ces journ\u00e9es si pr\u00e9cieuses. Par son partenariat avec les <strong>Journ\u00e9es europ\u00e9ennes du patrimoine<\/strong>, la FFVE a r\u00e9affirm\u00e9 la place centrale tenue par les <strong>v\u00e9hicules anciens<\/strong> dans le patrimoine national. Ce sont de merveilleux t\u00e9moignages \u00e9conomiques, sportifs, industriels et techniques\u00a0: ils rec\u00e8lent en eux la m\u00e9moire des fleurons du si\u00e8cle pr\u00e9c\u00e9dent et des fa\u00e7ons de vivre pass\u00e9es. <\/span><\/p>\t\t\t\t\t\t\t\t<\/div>\n\t\t\t\t<\/div>\n\t\t\t\t\t<\/div>\n\t\t<\/div>\n\t\t\t\t\t<\/div>\n\t\t<\/section>\n\t\t\t\t\t<\/div>\n\t\t<\/div>\n\t\t\t\t\t<\/div>\n\t\t<\/section>\n\t\t\t\t<section class=\"elementor-section elementor-top-section elementor-element elementor-element-fcb137c elementor-section-boxed elementor-section-height-default elementor-section-height-default\" data-id=\"fcb137c\" data-element_type=\"section\">\n\t\t\t\t\t\t<div class=\"elementor-container elementor-column-gap-default\">\n\t\t\t\t\t<div class=\"elementor-column elementor-col-100 elementor-top-column elementor-element elementor-element-de073fb\" data-id=\"de073fb\" data-element_type=\"column\">\n\t\t\t<div class=\"elementor-widget-wrap elementor-element-populated\">\n\t\t\t\t\t\t<div class=\"elementor-element elementor-element-cd761bd elementor-widget elementor-widget-heading\" data-id=\"cd761bd\" data-element_type=\"widget\" data-widget_type=\"heading.default\">\n\t\t\t\t<div class=\"elementor-widget-container\">\n\t\t\t\t\t<h2 class=\"elementor-heading-title elementor-size-default\">Des exemples de mus\u00e9es de l\u2019automobile \u00e0 visiter lors de l\u2019\u00e9dition 2020<\/h2>\t\t\t\t<\/div>\n\t\t\t\t<\/div>\n\t\t\t\t<div class=\"elementor-element elementor-element-5977ea9 elementor-widget elementor-widget-text-editor\" data-id=\"5977ea9\" data-element_type=\"widget\" data-widget_type=\"text-editor.default\">\n\t\t\t\t<div class=\"elementor-widget-container\">\n\t\t\t\t\t\t\t\t\t<p><span style=\"font-weight: 400;\">Les animations et les expositions autour des <strong>v\u00e9hicules de collection<\/strong> ont lieu partout en France car la FFVE couvre un total de quarante-cinq mus\u00e9es, de mille trois cents clubs, de deux cent trente mille collectionneurs et de quatre cents professionnels du <strong>v\u00e9hicule ancien<\/strong>. En tout, cela correspond \u00e0 plus de huit cent mille v\u00e9hicules pr\u00e9sentables lors de la manifestation culturelle annuelle. \u00a0\u00c0 Paris, un parterre de vingt voitures est par exemple expos\u00e9 dans les jardins du Palais-Royal. O\u00f9 que vous soyez en France, un mus\u00e9e automobile se tient pr\u00eat \u00e0 vous accueillir gratuitement. En Vend\u00e9e, le mus\u00e9e de Talmont Saint Hilaire exhibe une collection familiale d\u00e9but\u00e9e en 1939 et rassemblant deux-cent <strong>voitures anciennes<\/strong>, depuis les hippomobiles des ann\u00e9es 1885 jusqu\u2019aux mod\u00e8les futuristes en passant par des cycles, des motocycles et des <strong>automobiles historiques<\/strong>. \u00c0 Strasbourg, la Carrosserie HH Services propose des ateliers de d\u00e9couverte de la profession de t\u00f4lier-formeur au sein d\u2019un espace de restauration des voitures les plus prestigieuses (Aston Martin, Porsche, Jaguar, Bugatti). <\/span><\/p><p><span style=\"font-weight: 400;\">L\u2019ambiance est plus spartiate \u00e0 Saumur\u00a0: les mus\u00e9es des blind\u00e9s re\u00e7oivent les visiteurs pour leur permettre de contempler l\u2019impressionnante <strong>collection de v\u00e9hicules<\/strong> militaires en provenance du monde entier, tout en offrant un enseignement historique sur l\u2019utilisation des chars d\u2019assaut. Sur le m\u00eame format, le mus\u00e9e de blind\u00e9s de la Militaire Association Troyenne travaille \u00e0 la mise en valeur de l\u2019histoire militaire depuis 1986, \u00e0 travers une collection de soixante-cinq v\u00e9hicules. Le lieu comprend des canons, des chars, des obus, des moteurs. Certains blind\u00e9s sont d\u2019une grande raret\u00e9 comme la chenillette Renault UE ou le Sherman. <\/span><\/p>\t\t\t\t\t\t\t\t<\/div>\n\t\t\t\t<\/div>\n\t\t\t\t<section class=\"elementor-section elementor-inner-section elementor-element elementor-element-57043b1 elementor-section-boxed elementor-section-height-default elementor-section-height-default\" data-id=\"57043b1\" data-element_type=\"section\">\n\t\t\t\t\t\t<div class=\"elementor-container elementor-column-gap-default\">\n\t\t\t\t\t<div class=\"elementor-column elementor-col-100 elementor-inner-column elementor-element elementor-element-54f85e7\" data-id=\"54f85e7\" data-element_type=\"column\">\n\t\t\t<div class=\"elementor-widget-wrap elementor-element-populated\">\n\t\t\t\t\t\t<div class=\"elementor-element elementor-element-73bf4b6 elementor-widget elementor-widget-image\" data-id=\"73bf4b6\" data-element_type=\"widget\" data-widget_type=\"image.default\">\n\t\t\t\t<div class=\"elementor-widget-container\">\n\t\t\t\t\t\t\t\t\t\t\t\t\t\t\t<img loading=\"lazy\" decoding=\"async\" width=\"1000\" height=\"750\" src=\"https:\/\/www.wedrivit.com\/blog\/wp-content\/uploads\/2020\/10\/old-2416225_1280-1000x750.jpg\" class=\"attachment-large size-large wp-image-1367\" alt=\"Les voitures militaires vintages\" srcset=\"https:\/\/www.wedrivit.com\/blog\/wp-content\/uploads\/2020\/10\/old-2416225_1280-1000x750.jpg 1000w, https:\/\/www.wedrivit.com\/blog\/wp-content\/uploads\/2020\/10\/old-2416225_1280-300x225.jpg 300w, https:\/\/www.wedrivit.com\/blog\/wp-content\/uploads\/2020\/10\/old-2416225_1280-768x576.jpg 768w, https:\/\/www.wedrivit.com\/blog\/wp-content\/uploads\/2020\/10\/old-2416225_1280-500x375.jpg 500w, https:\/\/www.wedrivit.com\/blog\/wp-content\/uploads\/2020\/10\/old-2416225_1280-1024x768.jpg 1024w, https:\/\/www.wedrivit.com\/blog\/wp-content\/uploads\/2020\/10\/old-2416225_1280.jpg 1280w\" sizes=\"(max-width: 1000px) 100vw, 1000px\" \/>\t\t\t\t\t\t\t\t\t\t\t\t\t\t\t<\/div>\n\t\t\t\t<\/div>\n\t\t\t\t\t<\/div>\n\t\t<\/div>\n\t\t\t\t\t<\/div>\n\t\t<\/section>\n\t\t\t\t\t<\/div>\n\t\t<\/div>\n\t\t\t\t\t<\/div>\n\t\t<\/section>\n\t\t\t\t<section class=\"elementor-section elementor-top-section elementor-element elementor-element-0e30965 elementor-section-boxed elementor-section-height-default elementor-section-height-default\" data-id=\"0e30965\" data-element_type=\"section\">\n\t\t\t\t\t\t<div class=\"elementor-container elementor-column-gap-default\">\n\t\t\t\t\t<div class=\"elementor-column elementor-col-100 elementor-top-column elementor-element elementor-element-1dd5dc7\" data-id=\"1dd5dc7\" data-element_type=\"column\">\n\t\t\t<div class=\"elementor-widget-wrap elementor-element-populated\">\n\t\t\t\t\t\t<div class=\"elementor-element elementor-element-162e2e0 elementor-widget elementor-widget-text-editor\" data-id=\"162e2e0\" data-element_type=\"widget\" data-widget_type=\"text-editor.default\">\n\t\t\t\t<div class=\"elementor-widget-container\">\n\t\t\t\t\t\t\t\t\t<p><span style=\"font-weight: 400;\">L\u2019<strong>automobile<\/strong> est n\u00e9e en France en 1891 et il est tout naturel de retrouver d\u2019anciens mod\u00e8les mis \u00e0 l\u2019honneur \u00e0 l\u2019occasion de cette manifestation culturelle massive. La FFVE soutient \u00e9galement les <strong>Journ\u00e9es europ\u00e9ennes du patrimoine<\/strong> sous la forme d\u2019un don annuel au Minist\u00e8re, prolongation des actions caritatives de la FFVE qui avaient d\u00e9j\u00e0 lieu lors des JEP depuis 2011.<\/span><\/p>\t\t\t\t\t\t\t\t<\/div>\n\t\t\t\t<\/div>\n\t\t\t\t<div class=\"elementor-element elementor-element-6a4333b elementor-widget elementor-widget-text-editor\" data-id=\"6a4333b\" data-element_type=\"widget\" data-widget_type=\"text-editor.default\">\n\t\t\t\t<div class=\"elementor-widget-container\">\n\t\t\t\t\t\t\t\t\t<p>Retrouvez d&rsquo;autres articles <strong>Culture sur l&rsquo;automobile ancienne<\/strong> :\u00a0<\/p><blockquote><p><a href=\"http:\/\/wedrivit.com\/blog\/voiture\/collection\/la-ffve-acteur-majeur-voiture-collection\/\">La FFVE<\/a><\/p><p><a href=\"http:\/\/wedrivit.com\/blog\/voiture\/collection\/les-dessous-de-laffaire-schlumpf\/\">Les dessous de l&rsquo;affaire Schlumpf<\/a><\/p><\/blockquote>\t\t\t\t\t\t\t\t<\/div>\n\t\t\t\t<\/div>\n\t\t\t\t<div class=\"elementor-element elementor-element-69e81d2 elementor-widget elementor-widget-spacer\" data-id=\"69e81d2\" data-element_type=\"widget\" data-widget_type=\"spacer.default\">\n\t\t\t\t<div class=\"elementor-widget-container\">\n\t\t\t\t\t\t\t<div class=\"elementor-spacer\">\n\t\t\t<div class=\"elementor-spacer-inner\"><\/div>\n\t\t<\/div>\n\t\t\t\t\t\t<\/div>\n\t\t\t\t<\/div>\n\t\t\t\t\t<\/div>\n\t\t<\/div>\n\t\t\t\t\t<\/div>\n\t\t<\/section>\n\t\t\t\t<section class=\"elementor-section elementor-top-section elementor-element elementor-element-d8a0d71 elementor-section-boxed elementor-section-height-default elementor-section-height-default\" data-id=\"d8a0d71\" data-element_type=\"section\">\n\t\t\t\t\t\t<div class=\"elementor-container elementor-column-gap-default\">\n\t\t\t\t\t<div class=\"elementor-column elementor-col-100 elementor-top-column elementor-element elementor-element-fb0669f\" data-id=\"fb0669f\" data-element_type=\"column\">\n\t\t\t<div class=\"elementor-widget-wrap elementor-element-populated\">\n\t\t\t\t\t\t<div class=\"elementor-element elementor-element-5d35aef elementor-align-center elementor-widget elementor-widget-button\" data-id=\"5d35aef\" data-element_type=\"widget\" data-widget_type=\"button.default\">\n\t\t\t\t<div class=\"elementor-widget-container\">\n\t\t\t\t\t\t\t\t\t<div class=\"elementor-button-wrapper\">\n\t\t\t\t\t<a class=\"elementor-button elementor-button-link elementor-size-sm\" href=\"https:\/\/www.wedrivit.com\/\" target=\"_blank\">\n\t\t\t\t\t\t<span class=\"elementor-button-content-wrapper\">\n\t\t\t\t\t\t\t\t\t<span class=\"elementor-button-text\">Voir les automobiles de collection<\/span>\n\t\t\t\t\t<\/span>\n\t\t\t\t\t<\/a>\n\t\t\t\t<\/div>\n\t\t\t\t\t\t\t\t<\/div>\n\t\t\t\t<\/div>\n\t\t\t\t\t<\/div>\n\t\t<\/div>\n\t\t\t\t\t<\/div>\n\t\t<\/section>\n\t\t\t\t<\/div>\n\t\t","protected":false},"excerpt":{"rendered":"<p>Les Journ\u00e9es europ\u00e9ennes du Patrimoine<\/p>\n","protected":false},"author":9,"featured_media":1362,"comment_status":"open","ping_status":"open","sticky":false,"template":"","format":"standard","meta":{"footnotes":""},"categories":[17,1,6],"tags":[],"class_list":["post-1359","post","type-post","status-publish","format-standard","has-post-thumbnail","hentry","category-culture-automobile","category-tous-les-articles","category-voiture"],"yoast_head":"<!-- This site is optimized with the Yoast SEO plugin v26.9 - https:\/\/yoast.com\/product\/yoast-seo-wordpress\/ -->\n<title>Les Journ\u00e9es europ\u00e9ennes du Patrimoine - Blog | Wedrivit<\/title>\n<meta name=\"description\" content=\"Les voitures anciennes tiennent une place importante dans le patrimoine culturel fran\u00e7ais. Les journ\u00e9es europ\u00e9ennes du patrimoine les mettent en avant.\" \/>\n<meta name=\"robots\" content=\"index, follow, max-snippet:-1, max-image-preview:large, max-video-preview:-1\" \/>\n<link rel=\"canonical\" href=\"https:\/\/www.wedrivit.com\/blog\/voiture\/collection\/journees-europeennes-du-patrimoine\" \/>\n<meta property=\"og:locale\" content=\"fr_FR\" \/>\n<meta property=\"og:type\" content=\"article\" \/>\n<meta property=\"og:title\" content=\"Les Journ\u00e9es europ\u00e9ennes du Patrimoine - Blog | Wedrivit\" \/>\n<meta property=\"og:description\" content=\"Les voitures anciennes tiennent une place importante dans le patrimoine culturel fran\u00e7ais. Les journ\u00e9es europ\u00e9ennes du patrimoine les mettent en avant.\" \/>\n<meta property=\"og:url\" content=\"https:\/\/www.wedrivit.com\/blog\/voiture\/collection\/journees-europeennes-du-patrimoine\" \/>\n<meta property=\"og:site_name\" content=\"Le blog des voitures de collection par Wedrivit\" \/>\n<meta property=\"article:published_time\" content=\"2020-10-15T10:46:30+00:00\" \/>\n<meta property=\"article:modified_time\" content=\"2022-07-27T13:48:56+00:00\" \/>\n<meta property=\"og:image\" content=\"https:\/\/www.wedrivit.com\/blog\/wp-content\/uploads\/2020\/10\/arc-de-triomphe-2562763_1280.jpg\" \/>\n\t<meta property=\"og:image:width\" content=\"1280\" \/>\n\t<meta property=\"og:image:height\" content=\"844\" \/>\n\t<meta property=\"og:image:type\" content=\"image\/jpeg\" \/>\n<meta name=\"author\" content=\"Blandine Cauvin\" \/>\n<meta name=\"twitter:card\" content=\"summary_large_image\" \/>\n<meta name=\"twitter:label1\" content=\"\u00c9crit par\" \/>\n\t<meta name=\"twitter:data1\" content=\"Blandine Cauvin\" \/>\n\t<meta name=\"twitter:label2\" content=\"Dur\u00e9e de lecture estim\u00e9e\" \/>\n\t<meta name=\"twitter:data2\" content=\"5 minutes\" \/>\n<script type=\"application\/ld+json\" class=\"yoast-schema-graph\">{\"@context\":\"https:\/\/schema.org\",\"@graph\":[{\"@type\":\"Article\",\"@id\":\"https:\/\/www.wedrivit.com\/blog\/voiture\/collection\/journees-europeennes-du-patrimoine#article\",\"isPartOf\":{\"@id\":\"https:\/\/www.wedrivit.com\/blog\/voiture\/collection\/journees-europeennes-du-patrimoine\"},\"author\":{\"name\":\"Blandine Cauvin\",\"@id\":\"https:\/\/www.wedrivit.com\/blog\/#\/schema\/person\/fab68f4cb58a8c68881ac6463efa1a24\"},\"headline\":\"Les Journ\u00e9es europ\u00e9ennes du Patrimoine\",\"datePublished\":\"2020-10-15T10:46:30+00:00\",\"dateModified\":\"2022-07-27T13:48:56+00:00\",\"mainEntityOfPage\":{\"@id\":\"https:\/\/www.wedrivit.com\/blog\/voiture\/collection\/journees-europeennes-du-patrimoine\"},\"wordCount\":932,\"commentCount\":0,\"publisher\":{\"@id\":\"https:\/\/www.wedrivit.com\/blog\/#organization\"},\"image\":{\"@id\":\"https:\/\/www.wedrivit.com\/blog\/voiture\/collection\/journees-europeennes-du-patrimoine#primaryimage\"},\"thumbnailUrl\":\"https:\/\/www.wedrivit.com\/blog\/wp-content\/uploads\/2020\/10\/arc-de-triomphe-2562763_1280.jpg\",\"articleSection\":[\"Culture Automobile\",\"Tous les articles\",\"Voitures\"],\"inLanguage\":\"fr-FR\",\"potentialAction\":[{\"@type\":\"CommentAction\",\"name\":\"Comment\",\"target\":[\"https:\/\/www.wedrivit.com\/blog\/voiture\/collection\/journees-europeennes-du-patrimoine#respond\"]}]},{\"@type\":\"WebPage\",\"@id\":\"https:\/\/www.wedrivit.com\/blog\/voiture\/collection\/journees-europeennes-du-patrimoine\",\"url\":\"https:\/\/www.wedrivit.com\/blog\/voiture\/collection\/journees-europeennes-du-patrimoine\",\"name\":\"Les Journ\u00e9es europ\u00e9ennes du Patrimoine - Blog | Wedrivit\",\"isPartOf\":{\"@id\":\"https:\/\/www.wedrivit.com\/blog\/#website\"},\"primaryImageOfPage\":{\"@id\":\"https:\/\/www.wedrivit.com\/blog\/voiture\/collection\/journees-europeennes-du-patrimoine#primaryimage\"},\"image\":{\"@id\":\"https:\/\/www.wedrivit.com\/blog\/voiture\/collection\/journees-europeennes-du-patrimoine#primaryimage\"},\"thumbnailUrl\":\"https:\/\/www.wedrivit.com\/blog\/wp-content\/uploads\/2020\/10\/arc-de-triomphe-2562763_1280.jpg\",\"datePublished\":\"2020-10-15T10:46:30+00:00\",\"dateModified\":\"2022-07-27T13:48:56+00:00\",\"description\":\"Les voitures anciennes tiennent une place importante dans le patrimoine culturel fran\u00e7ais. Les journ\u00e9es europ\u00e9ennes du patrimoine les mettent en avant.\",\"breadcrumb\":{\"@id\":\"https:\/\/www.wedrivit.com\/blog\/voiture\/collection\/journees-europeennes-du-patrimoine#breadcrumb\"},\"inLanguage\":\"fr-FR\",\"potentialAction\":[{\"@type\":\"ReadAction\",\"target\":[\"https:\/\/www.wedrivit.com\/blog\/voiture\/collection\/journees-europeennes-du-patrimoine\"]}]},{\"@type\":\"ImageObject\",\"inLanguage\":\"fr-FR\",\"@id\":\"https:\/\/www.wedrivit.com\/blog\/voiture\/collection\/journees-europeennes-du-patrimoine#primaryimage\",\"url\":\"https:\/\/www.wedrivit.com\/blog\/wp-content\/uploads\/2020\/10\/arc-de-triomphe-2562763_1280.jpg\",\"contentUrl\":\"https:\/\/www.wedrivit.com\/blog\/wp-content\/uploads\/2020\/10\/arc-de-triomphe-2562763_1280.jpg\",\"width\":1280,\"height\":844,\"caption\":\"Arc de Triumph\"},{\"@type\":\"BreadcrumbList\",\"@id\":\"https:\/\/www.wedrivit.com\/blog\/voiture\/collection\/journees-europeennes-du-patrimoine#breadcrumb\",\"itemListElement\":[{\"@type\":\"ListItem\",\"position\":1,\"name\":\"Home\",\"item\":\"https:\/\/www.wedrivit.com\/blog\/\"},{\"@type\":\"ListItem\",\"position\":2,\"name\":\"Les Journ\u00e9es europ\u00e9ennes du Patrimoine\"}]},{\"@type\":\"WebSite\",\"@id\":\"https:\/\/www.wedrivit.com\/blog\/#website\",\"url\":\"https:\/\/www.wedrivit.com\/blog\/\",\"name\":\"Le blog des voitures de collection par Wedrivit\",\"description\":\"Tout savoir sur les voitures anciennes grace \u00e0 Wedrivit, la plateforme de location de voitures anciennes entre particuliers.\",\"publisher\":{\"@id\":\"https:\/\/www.wedrivit.com\/blog\/#organization\"},\"potentialAction\":[{\"@type\":\"SearchAction\",\"target\":{\"@type\":\"EntryPoint\",\"urlTemplate\":\"https:\/\/www.wedrivit.com\/blog\/?s={search_term_string}\"},\"query-input\":{\"@type\":\"PropertyValueSpecification\",\"valueRequired\":true,\"valueName\":\"search_term_string\"}}],\"inLanguage\":\"fr-FR\"},{\"@type\":\"Organization\",\"@id\":\"https:\/\/www.wedrivit.com\/blog\/#organization\",\"name\":\"Le blog des voitures de collection par Wedrivit\",\"url\":\"https:\/\/www.wedrivit.com\/blog\/\",\"logo\":{\"@type\":\"ImageObject\",\"inLanguage\":\"fr-FR\",\"@id\":\"https:\/\/www.wedrivit.com\/blog\/#\/schema\/logo\/image\/\",\"url\":\"https:\/\/www.wedrivit.com\/blog\/wp-content\/uploads\/2024\/12\/wedrivit-blanc-large-2.png\",\"contentUrl\":\"https:\/\/www.wedrivit.com\/blog\/wp-content\/uploads\/2024\/12\/wedrivit-blanc-large-2.png\",\"caption\":\"Le blog des voitures de collection par Wedrivit\"},\"image\":{\"@id\":\"https:\/\/www.wedrivit.com\/blog\/#\/schema\/logo\/image\/\"}},{\"@type\":\"Person\",\"@id\":\"https:\/\/www.wedrivit.com\/blog\/#\/schema\/person\/fab68f4cb58a8c68881ac6463efa1a24\",\"name\":\"Blandine Cauvin\",\"image\":{\"@type\":\"ImageObject\",\"inLanguage\":\"fr-FR\",\"@id\":\"https:\/\/www.wedrivit.com\/blog\/#\/schema\/person\/image\/\",\"url\":\"https:\/\/secure.gravatar.com\/avatar\/c0509fcb32c676e2f8653e14df9292c222d1f6a62e649da0056f7593133a1226?s=96&d=mm&r=g\",\"contentUrl\":\"https:\/\/secure.gravatar.com\/avatar\/c0509fcb32c676e2f8653e14df9292c222d1f6a62e649da0056f7593133a1226?s=96&d=mm&r=g\",\"caption\":\"Blandine Cauvin\"},\"sameAs\":[\"http:\/\/www.wedrivit.com\"],\"url\":\"https:\/\/www.wedrivit.com\/blog\/voiture\/collection\/author\/blandine-cauvin\"}]}<\/script>\n<!-- \/ Yoast SEO plugin. -->","yoast_head_json":{"title":"Les Journ\u00e9es europ\u00e9ennes du Patrimoine - Blog | Wedrivit","description":"Les voitures anciennes tiennent une place importante dans le patrimoine culturel fran\u00e7ais. Les journ\u00e9es europ\u00e9ennes du patrimoine les mettent en avant.","robots":{"index":"index","follow":"follow","max-snippet":"max-snippet:-1","max-image-preview":"max-image-preview:large","max-video-preview":"max-video-preview:-1"},"canonical":"https:\/\/www.wedrivit.com\/blog\/voiture\/collection\/journees-europeennes-du-patrimoine","og_locale":"fr_FR","og_type":"article","og_title":"Les Journ\u00e9es europ\u00e9ennes du Patrimoine - Blog | Wedrivit","og_description":"Les voitures anciennes tiennent une place importante dans le patrimoine culturel fran\u00e7ais. Les journ\u00e9es europ\u00e9ennes du patrimoine les mettent en avant.","og_url":"https:\/\/www.wedrivit.com\/blog\/voiture\/collection\/journees-europeennes-du-patrimoine","og_site_name":"Le blog des voitures de collection par Wedrivit","article_published_time":"2020-10-15T10:46:30+00:00","article_modified_time":"2022-07-27T13:48:56+00:00","og_image":[{"width":1280,"height":844,"url":"https:\/\/www.wedrivit.com\/blog\/wp-content\/uploads\/2020\/10\/arc-de-triomphe-2562763_1280.jpg","type":"image\/jpeg"}],"author":"Blandine Cauvin","twitter_card":"summary_large_image","twitter_misc":{"\u00c9crit par":"Blandine Cauvin","Dur\u00e9e de lecture estim\u00e9e":"5 minutes"},"schema":{"@context":"https:\/\/schema.org","@graph":[{"@type":"Article","@id":"https:\/\/www.wedrivit.com\/blog\/voiture\/collection\/journees-europeennes-du-patrimoine#article","isPartOf":{"@id":"https:\/\/www.wedrivit.com\/blog\/voiture\/collection\/journees-europeennes-du-patrimoine"},"author":{"name":"Blandine Cauvin","@id":"https:\/\/www.wedrivit.com\/blog\/#\/schema\/person\/fab68f4cb58a8c68881ac6463efa1a24"},"headline":"Les Journ\u00e9es europ\u00e9ennes du Patrimoine","datePublished":"2020-10-15T10:46:30+00:00","dateModified":"2022-07-27T13:48:56+00:00","mainEntityOfPage":{"@id":"https:\/\/www.wedrivit.com\/blog\/voiture\/collection\/journees-europeennes-du-patrimoine"},"wordCount":932,"commentCount":0,"publisher":{"@id":"https:\/\/www.wedrivit.com\/blog\/#organization"},"image":{"@id":"https:\/\/www.wedrivit.com\/blog\/voiture\/collection\/journees-europeennes-du-patrimoine#primaryimage"},"thumbnailUrl":"https:\/\/www.wedrivit.com\/blog\/wp-content\/uploads\/2020\/10\/arc-de-triomphe-2562763_1280.jpg","articleSection":["Culture Automobile","Tous les articles","Voitures"],"inLanguage":"fr-FR","potentialAction":[{"@type":"CommentAction","name":"Comment","target":["https:\/\/www.wedrivit.com\/blog\/voiture\/collection\/journees-europeennes-du-patrimoine#respond"]}]},{"@type":"WebPage","@id":"https:\/\/www.wedrivit.com\/blog\/voiture\/collection\/journees-europeennes-du-patrimoine","url":"https:\/\/www.wedrivit.com\/blog\/voiture\/collection\/journees-europeennes-du-patrimoine","name":"Les Journ\u00e9es europ\u00e9ennes du Patrimoine - Blog | Wedrivit","isPartOf":{"@id":"https:\/\/www.wedrivit.com\/blog\/#website"},"primaryImageOfPage":{"@id":"https:\/\/www.wedrivit.com\/blog\/voiture\/collection\/journees-europeennes-du-patrimoine#primaryimage"},"image":{"@id":"https:\/\/www.wedrivit.com\/blog\/voiture\/collection\/journees-europeennes-du-patrimoine#primaryimage"},"thumbnailUrl":"https:\/\/www.wedrivit.com\/blog\/wp-content\/uploads\/2020\/10\/arc-de-triomphe-2562763_1280.jpg","datePublished":"2020-10-15T10:46:30+00:00","dateModified":"2022-07-27T13:48:56+00:00","description":"Les voitures anciennes tiennent une place importante dans le patrimoine culturel fran\u00e7ais. Les journ\u00e9es europ\u00e9ennes du patrimoine les mettent en avant.","breadcrumb":{"@id":"https:\/\/www.wedrivit.com\/blog\/voiture\/collection\/journees-europeennes-du-patrimoine#breadcrumb"},"inLanguage":"fr-FR","potentialAction":[{"@type":"ReadAction","target":["https:\/\/www.wedrivit.com\/blog\/voiture\/collection\/journees-europeennes-du-patrimoine"]}]},{"@type":"ImageObject","inLanguage":"fr-FR","@id":"https:\/\/www.wedrivit.com\/blog\/voiture\/collection\/journees-europeennes-du-patrimoine#primaryimage","url":"https:\/\/www.wedrivit.com\/blog\/wp-content\/uploads\/2020\/10\/arc-de-triomphe-2562763_1280.jpg","contentUrl":"https:\/\/www.wedrivit.com\/blog\/wp-content\/uploads\/2020\/10\/arc-de-triomphe-2562763_1280.jpg","width":1280,"height":844,"caption":"Arc de Triumph"},{"@type":"BreadcrumbList","@id":"https:\/\/www.wedrivit.com\/blog\/voiture\/collection\/journees-europeennes-du-patrimoine#breadcrumb","itemListElement":[{"@type":"ListItem","position":1,"name":"Home","item":"https:\/\/www.wedrivit.com\/blog\/"},{"@type":"ListItem","position":2,"name":"Les Journ\u00e9es europ\u00e9ennes du Patrimoine"}]},{"@type":"WebSite","@id":"https:\/\/www.wedrivit.com\/blog\/#website","url":"https:\/\/www.wedrivit.com\/blog\/","name":"Le blog des voitures de collection par Wedrivit","description":"Tout savoir sur les voitures anciennes grace \u00e0 Wedrivit, la plateforme de location de voitures anciennes entre particuliers.","publisher":{"@id":"https:\/\/www.wedrivit.com\/blog\/#organization"},"potentialAction":[{"@type":"SearchAction","target":{"@type":"EntryPoint","urlTemplate":"https:\/\/www.wedrivit.com\/blog\/?s={search_term_string}"},"query-input":{"@type":"PropertyValueSpecification","valueRequired":true,"valueName":"search_term_string"}}],"inLanguage":"fr-FR"},{"@type":"Organization","@id":"https:\/\/www.wedrivit.com\/blog\/#organization","name":"Le blog des voitures de collection par Wedrivit","url":"https:\/\/www.wedrivit.com\/blog\/","logo":{"@type":"ImageObject","inLanguage":"fr-FR","@id":"https:\/\/www.wedrivit.com\/blog\/#\/schema\/logo\/image\/","url":"https:\/\/www.wedrivit.com\/blog\/wp-content\/uploads\/2024\/12\/wedrivit-blanc-large-2.png","contentUrl":"https:\/\/www.wedrivit.com\/blog\/wp-content\/uploads\/2024\/12\/wedrivit-blanc-large-2.png","caption":"Le blog des voitures de collection par Wedrivit"},"image":{"@id":"https:\/\/www.wedrivit.com\/blog\/#\/schema\/logo\/image\/"}},{"@type":"Person","@id":"https:\/\/www.wedrivit.com\/blog\/#\/schema\/person\/fab68f4cb58a8c68881ac6463efa1a24","name":"Blandine Cauvin","image":{"@type":"ImageObject","inLanguage":"fr-FR","@id":"https:\/\/www.wedrivit.com\/blog\/#\/schema\/person\/image\/","url":"https:\/\/secure.gravatar.com\/avatar\/c0509fcb32c676e2f8653e14df9292c222d1f6a62e649da0056f7593133a1226?s=96&d=mm&r=g","contentUrl":"https:\/\/secure.gravatar.com\/avatar\/c0509fcb32c676e2f8653e14df9292c222d1f6a62e649da0056f7593133a1226?s=96&d=mm&r=g","caption":"Blandine Cauvin"},"sameAs":["http:\/\/www.wedrivit.com"],"url":"https:\/\/www.wedrivit.com\/blog\/voiture\/collection\/author\/blandine-cauvin"}]}},"_links":{"self":[{"href":"https:\/\/www.wedrivit.com\/blog\/wp-json\/wp\/v2\/posts\/1359","targetHints":{"allow":["GET"]}}],"collection":[{"href":"https:\/\/www.wedrivit.com\/blog\/wp-json\/wp\/v2\/posts"}],"about":[{"href":"https:\/\/www.wedrivit.com\/blog\/wp-json\/wp\/v2\/types\/post"}],"author":[{"embeddable":true,"href":"https:\/\/www.wedrivit.com\/blog\/wp-json\/wp\/v2\/users\/9"}],"replies":[{"embeddable":true,"href":"https:\/\/www.wedrivit.com\/blog\/wp-json\/wp\/v2\/comments?post=1359"}],"version-history":[{"count":24,"href":"https:\/\/www.wedrivit.com\/blog\/wp-json\/wp\/v2\/posts\/1359\/revisions"}],"predecessor-version":[{"id":6219,"href":"https:\/\/www.wedrivit.com\/blog\/wp-json\/wp\/v2\/posts\/1359\/revisions\/6219"}],"wp:featuredmedia":[{"embeddable":true,"href":"https:\/\/www.wedrivit.com\/blog\/wp-json\/wp\/v2\/media\/1362"}],"wp:attachment":[{"href":"https:\/\/www.wedrivit.com\/blog\/wp-json\/wp\/v2\/media?parent=1359"}],"wp:term":[{"taxonomy":"category","embeddable":true,"href":"https:\/\/www.wedrivit.com\/blog\/wp-json\/wp\/v2\/categories?post=1359"},{"taxonomy":"post_tag","embeddable":true,"href":"https:\/\/www.wedrivit.com\/blog\/wp-json\/wp\/v2\/tags?post=1359"}],"curies":[{"name":"wp","href":"https:\/\/api.w.org\/{rel}","templated":true}]}}