{"id":1336,"date":"2020-10-08T11:45:01","date_gmt":"2020-10-08T09:45:01","guid":{"rendered":"https:\/\/www.classic-hub.com\/blog\/?p=1336"},"modified":"2025-09-15T11:54:21","modified_gmt":"2025-09-15T09:54:21","slug":"les-circuits-alexandre-pierquet-interview","status":"publish","type":"post","link":"https:\/\/www.wedrivit.com\/blog\/voiture\/collection\/les-circuits-alexandre-pierquet-interview","title":{"rendered":"Les circuits d&rsquo;Alexandre Pierquet, interview"},"content":{"rendered":"\t\t<div data-elementor-type=\"wp-post\" data-elementor-id=\"1336\" class=\"elementor elementor-1336\">\n\t\t\t\t\t\t<section class=\"elementor-section elementor-top-section elementor-element elementor-element-265837d elementor-section-boxed elementor-section-height-default elementor-section-height-default\" data-id=\"265837d\" data-element_type=\"section\">\n\t\t\t\t\t\t<div class=\"elementor-container elementor-column-gap-default\">\n\t\t\t\t\t<div class=\"elementor-column elementor-col-100 elementor-top-column elementor-element elementor-element-2e780e0\" data-id=\"2e780e0\" data-element_type=\"column\">\n\t\t\t<div class=\"elementor-widget-wrap elementor-element-populated\">\n\t\t\t\t\t\t<div class=\"elementor-element elementor-element-acf65b4 elementor-widget elementor-widget-text-editor\" data-id=\"acf65b4\" data-element_type=\"widget\" data-widget_type=\"text-editor.default\">\n\t\t\t\t<div class=\"elementor-widget-container\">\n\t\t\t\t\t\t\t\t\t<p><strong>Alexandre Pierquet<\/strong> est journaliste &#8211; chroniqueur pour la radio et la presse \u00e9crite. Mais s\u2019il fallait tenter de d\u00e9limiter sa personnalit\u00e9, il faudrait d\u2019abord dire qu\u2019il est un amoureux de la route et des possibles voyages qu\u2019offrent ses courbes. Il est l\u2019auteur de plusieurs guides de voyage \u00e0 destination des conducteurs de <strong>voitures de collection<\/strong> et organise des <strong>rallyes<\/strong> \u00e0 bord <strong>d\u2019anciennes<\/strong>. Il a notamment \u00e9crit <em>Les 40 Plus belles routes d\u2019Italie<\/em>, <a href=\"https:\/\/www.wedrivit.com\/blog\/voiture\/collection\/a-la-decouverte-des-plus-beaux-villages-de-france-en-ancienne\/\" target=\"_blank\" rel=\"noopener\"><em>Les Plus belles routes de France <\/em><\/a>et <em>Guide de voyages en <strong>voiture de collection<\/strong><\/em>. Le dernier ouvrage cit\u00e9 a connu cinq r\u00e9\u00e9ditions. La derni\u00e8re ressence pas moins de 188 feuilles de route et 290 h\u00e9bergements mis \u00e0 disposition par des collectionneurs. Les <strong>circuits touristiques<\/strong> propos\u00e9s peuvent aussi bien convenir aux novices qu\u2019aux habitu\u00e9s m\u00ealant passages oblig\u00e9s et parcours plus confidentiels pour les pilotes avides de nouvelles exp\u00e9riences dans des paysages peu connus.<\/p>\t\t\t\t\t\t\t\t<\/div>\n\t\t\t\t<\/div>\n\t\t\t\t<div class=\"elementor-element elementor-element-e1eae4c elementor-widget elementor-widget-text-editor\" data-id=\"e1eae4c\" data-element_type=\"widget\" data-widget_type=\"text-editor.default\">\n\t\t\t\t<div class=\"elementor-widget-container\">\n\t\t\t\t\t\t\t\t\t<p>Pr\u00eats \u00e0 embarquer avec <strong>Alexandre Pierquet<\/strong> et Wedrivit et \u00e0 partir \u00e0 la d\u00e9couverte des plus beaux circuits ? Allons-y ! <img decoding=\"async\" class=\"emoji\" role=\"img\" draggable=\"false\" src=\"https:\/\/s.w.org\/images\/core\/emoji\/13.0.1\/svg\/1f697.svg\" alt=\"\ud83d\ude97\" \/><\/p>\t\t\t\t\t\t\t\t<\/div>\n\t\t\t\t<\/div>\n\t\t\t\t<div class=\"elementor-element elementor-element-707a0ed elementor-widget elementor-widget-image\" data-id=\"707a0ed\" data-element_type=\"widget\" data-widget_type=\"image.default\">\n\t\t\t\t<div class=\"elementor-widget-container\">\n\t\t\t\t\t\t\t\t\t\t\t\t\t\t\t<img fetchpriority=\"high\" decoding=\"async\" width=\"1000\" height=\"750\" src=\"https:\/\/www.wedrivit.com\/blog\/wp-content\/uploads\/2020\/10\/Alexandre-pierquet-livre-1000x750.png\" class=\"attachment-large size-large wp-image-1338\" alt=\"Circuit Alexandre Pierquet\" srcset=\"https:\/\/www.wedrivit.com\/blog\/wp-content\/uploads\/2020\/10\/Alexandre-pierquet-livre-1000x750.png 1000w, https:\/\/www.wedrivit.com\/blog\/wp-content\/uploads\/2020\/10\/Alexandre-pierquet-livre-300x225.png 300w, https:\/\/www.wedrivit.com\/blog\/wp-content\/uploads\/2020\/10\/Alexandre-pierquet-livre-768x576.png 768w, https:\/\/www.wedrivit.com\/blog\/wp-content\/uploads\/2020\/10\/Alexandre-pierquet-livre-1536x1152.png 1536w\" sizes=\"(max-width: 1000px) 100vw, 1000px\" \/>\t\t\t\t\t\t\t\t\t\t\t\t\t\t\t<\/div>\n\t\t\t\t<\/div>\n\t\t\t\t\t<\/div>\n\t\t<\/div>\n\t\t\t\t\t<\/div>\n\t\t<\/section>\n\t\t\t\t<section class=\"elementor-section elementor-top-section elementor-element elementor-element-9d42581 elementor-section-boxed elementor-section-height-default elementor-section-height-default\" data-id=\"9d42581\" data-element_type=\"section\">\n\t\t\t\t\t\t<div class=\"elementor-container elementor-column-gap-default\">\n\t\t\t\t\t<div class=\"elementor-column elementor-col-100 elementor-top-column elementor-element elementor-element-47361a7\" data-id=\"47361a7\" data-element_type=\"column\">\n\t\t\t<div class=\"elementor-widget-wrap elementor-element-populated\">\n\t\t\t\t\t\t<div class=\"elementor-element elementor-element-1742019 elementor-widget elementor-widget-heading\" data-id=\"1742019\" data-element_type=\"widget\" data-widget_type=\"heading.default\">\n\t\t\t\t<div class=\"elementor-widget-container\">\n\t\t\t\t\t<h2 class=\"elementor-heading-title elementor-size-default\">\u00c0 la d\u00e9couverte d\u2019une communaut\u00e9 de passionn\u00e9s  <\/h2>\t\t\t\t<\/div>\n\t\t\t\t<\/div>\n\t\t\t\t<div class=\"elementor-element elementor-element-a42165e elementor-widget elementor-widget-text-editor\" data-id=\"a42165e\" data-element_type=\"widget\" data-widget_type=\"text-editor.default\">\n\t\t\t\t<div class=\"elementor-widget-container\">\n\t\t\t\t\t\t\t\t\t<p>L\u2019ambition d\u2019<strong>Alexandre Pierquet<\/strong> est avant tout de partager son plaisir de conduire \u00e0 son lecteur ou plut\u00f4t, de lui donner envie. Avant de proposer des routes, donc des lignes, il pr\u00e9sente des points, des pistes d\u2019h\u00e9bergements, de jalons, des \u00e9tapes de stationnement entre les trajets. Les chambres d\u2019h\u00f4tes, les gites, les auberges, les campings ou les restaurants cit\u00e9s ont tous \u00e9t\u00e9 choisis pour leur teinte r\u00e9tro en harmonie parfaite avec le charme d\u00e9suet des prestigieuses <strong>voitures anciennes<\/strong>. Chacun de ces lieux-\u00e9tapes est tenu par des personnes proches du cercle des passionn\u00e9s de <strong>voitures anciennes<\/strong> lorsqu\u2019ils ne sont pas eux-m\u00eames collectionneurs. Ainsi, ils sont en mesure de proposer des outils pour les ajustements m\u00e9caniques <a href=\"https:\/\/www.wedrivit.com\/blog\/voiture\/collection\/lentretien-de-sa-voiture-ancienne-au-quotidien\/\" target=\"_blank\" rel=\"noopener\">(housse de protection, booster, compresseur, huile moteur, kit de nettoyage)<\/a>, des garages priv\u00e9s pour s\u00e9curiser la voiture, des repas adapt\u00e9s aux d\u00e9sagr\u00e9ments de la route ; en somme, tout ce qu\u2019il faut pour ravir les conducteurs.\u00a0<\/p>\t\t\t\t\t\t\t\t<\/div>\n\t\t\t\t<\/div>\n\t\t\t\t<section class=\"elementor-section elementor-inner-section elementor-element elementor-element-fe95590 elementor-section-boxed elementor-section-height-default elementor-section-height-default\" data-id=\"fe95590\" data-element_type=\"section\">\n\t\t\t\t\t\t<div class=\"elementor-container elementor-column-gap-default\">\n\t\t\t\t\t<div class=\"elementor-column elementor-col-66 elementor-inner-column elementor-element elementor-element-e1c4b88\" data-id=\"e1c4b88\" data-element_type=\"column\">\n\t\t\t<div class=\"elementor-widget-wrap elementor-element-populated\">\n\t\t\t\t\t\t<div class=\"elementor-element elementor-element-a528b1b elementor-widget elementor-widget-text-editor\" data-id=\"a528b1b\" data-element_type=\"widget\" data-widget_type=\"text-editor.default\">\n\t\t\t\t<div class=\"elementor-widget-container\">\n\t\t\t\t\t\t\t\t\t<p>Certains h\u00e9bergements <em>premium<\/em> sont taill\u00e9s pour r\u00e9cup\u00e9rer parfaitement d\u2019une journ\u00e9e \u00e9prouvante avec spas et soins, id\u00e9aux pour se d\u00e9tendre \u00e0 l\u2019arriv\u00e9e. On peut alors dire que la valeur ajout\u00e9e de ces points recommand\u00e9s par <strong>Alexandre Pierquet<\/strong> se situe aussi dans le contact humain in\u00e9galable qu\u2019ils garantissent.<\/p>\t\t\t\t\t\t\t\t<\/div>\n\t\t\t\t<\/div>\n\t\t\t\t\t<\/div>\n\t\t<\/div>\n\t\t\t\t<div class=\"elementor-column elementor-col-33 elementor-inner-column elementor-element elementor-element-9894f90\" data-id=\"9894f90\" data-element_type=\"column\">\n\t\t\t<div class=\"elementor-widget-wrap elementor-element-populated\">\n\t\t\t\t\t\t<div class=\"elementor-element elementor-element-d64ecbd elementor-widget elementor-widget-image\" data-id=\"d64ecbd\" data-element_type=\"widget\" data-widget_type=\"image.default\">\n\t\t\t\t<div class=\"elementor-widget-container\">\n\t\t\t\t\t\t\t\t\t\t\t\t\t\t\t<img decoding=\"async\" width=\"1000\" height=\"667\" src=\"https:\/\/www.wedrivit.com\/blog\/wp-content\/uploads\/2020\/10\/wellness-1021131_1920-1000x667.jpg\" class=\"attachment-large size-large wp-image-1339\" alt=\"Spa-savon\" srcset=\"https:\/\/www.wedrivit.com\/blog\/wp-content\/uploads\/2020\/10\/wellness-1021131_1920-1000x667.jpg 1000w, https:\/\/www.wedrivit.com\/blog\/wp-content\/uploads\/2020\/10\/wellness-1021131_1920-300x200.jpg 300w, https:\/\/www.wedrivit.com\/blog\/wp-content\/uploads\/2020\/10\/wellness-1021131_1920-768x512.jpg 768w, https:\/\/www.wedrivit.com\/blog\/wp-content\/uploads\/2020\/10\/wellness-1021131_1920-1536x1024.jpg 1536w, https:\/\/www.wedrivit.com\/blog\/wp-content\/uploads\/2020\/10\/wellness-1021131_1920-500x333.jpg 500w, https:\/\/www.wedrivit.com\/blog\/wp-content\/uploads\/2020\/10\/wellness-1021131_1920-1024x683.jpg 1024w, https:\/\/www.wedrivit.com\/blog\/wp-content\/uploads\/2020\/10\/wellness-1021131_1920.jpg 1920w\" sizes=\"(max-width: 1000px) 100vw, 1000px\" \/>\t\t\t\t\t\t\t\t\t\t\t\t\t\t\t<\/div>\n\t\t\t\t<\/div>\n\t\t\t\t\t<\/div>\n\t\t<\/div>\n\t\t\t\t\t<\/div>\n\t\t<\/section>\n\t\t\t\t<div class=\"elementor-element elementor-element-48c6581 elementor-widget elementor-widget-text-editor\" data-id=\"48c6581\" data-element_type=\"widget\" data-widget_type=\"text-editor.default\">\n\t\t\t\t<div class=\"elementor-widget-container\">\n\t\t\t\t\t\t\t\t\t<p>Ces passionn\u00e9s, locaux de la r\u00e9gion que vous visitez en <strong>automobile de collection<\/strong>, connaissent les routes que vous empruntez comme leur poche et sauront vous donner les conseils ad\u00e9quats. Sont \u00e9galement list\u00e9s &#8211; tout au long de ces 146 pages &#8211; les points de rassemblement immanquables des f\u00e9rus de <strong>voitures vintage<\/strong>\u00a0: les mus\u00e9es, les salons, les concours, les courses, les \u00e9v\u00e9nements, de quoi garder des souvenirs m\u00e9morables. Mais le c\u0153ur du livre tient dans la programmation des itin\u00e9raires\u00a0: ce sont 34\u00a0000 kilom\u00e8tres de routes touristiques mythiques qui sont d\u00e9crites \u00e0 en faire mourir d\u2019envie.<\/p>\t\t\t\t\t\t\t\t<\/div>\n\t\t\t\t<\/div>\n\t\t\t\t\t<\/div>\n\t\t<\/div>\n\t\t\t\t\t<\/div>\n\t\t<\/section>\n\t\t\t\t<section class=\"elementor-section elementor-top-section elementor-element elementor-element-de83bd5 elementor-section-boxed elementor-section-height-default elementor-section-height-default\" data-id=\"de83bd5\" data-element_type=\"section\">\n\t\t\t\t\t\t<div class=\"elementor-container elementor-column-gap-default\">\n\t\t\t\t\t<div class=\"elementor-column elementor-col-100 elementor-top-column elementor-element elementor-element-758229c\" data-id=\"758229c\" data-element_type=\"column\">\n\t\t\t<div class=\"elementor-widget-wrap elementor-element-populated\">\n\t\t\t\t\t\t<div class=\"elementor-element elementor-element-4cf11fc elementor-widget elementor-widget-heading\" data-id=\"4cf11fc\" data-element_type=\"widget\" data-widget_type=\"heading.default\">\n\t\t\t\t<div class=\"elementor-widget-container\">\n\t\t\t\t\t<h2 class=\"elementor-heading-title elementor-size-default\">Des circuits sur mesure pour red\u00e9couvrir nos terroirs <\/h2>\t\t\t\t<\/div>\n\t\t\t\t<\/div>\n\t\t\t\t<div class=\"elementor-element elementor-element-b9a1a8e elementor-widget elementor-widget-image\" data-id=\"b9a1a8e\" data-element_type=\"widget\" data-widget_type=\"image.default\">\n\t\t\t\t<div class=\"elementor-widget-container\">\n\t\t\t\t\t\t\t\t\t\t\t\t\t\t\t<img decoding=\"async\" width=\"1000\" height=\"453\" src=\"https:\/\/www.wedrivit.com\/blog\/wp-content\/uploads\/2020\/10\/vintage-car-376539_1920-1000x453.jpg\" class=\"attachment-large size-large wp-image-1342\" alt=\"Voiture vintage noir et blanc\" srcset=\"https:\/\/www.wedrivit.com\/blog\/wp-content\/uploads\/2020\/10\/vintage-car-376539_1920-1000x453.jpg 1000w, https:\/\/www.wedrivit.com\/blog\/wp-content\/uploads\/2020\/10\/vintage-car-376539_1920-300x136.jpg 300w, https:\/\/www.wedrivit.com\/blog\/wp-content\/uploads\/2020\/10\/vintage-car-376539_1920-768x348.jpg 768w, https:\/\/www.wedrivit.com\/blog\/wp-content\/uploads\/2020\/10\/vintage-car-376539_1920-1536x695.jpg 1536w, https:\/\/www.wedrivit.com\/blog\/wp-content\/uploads\/2020\/10\/vintage-car-376539_1920-500x226.jpg 500w, https:\/\/www.wedrivit.com\/blog\/wp-content\/uploads\/2020\/10\/vintage-car-376539_1920-1024x463.jpg 1024w, https:\/\/www.wedrivit.com\/blog\/wp-content\/uploads\/2020\/10\/vintage-car-376539_1920.jpg 1920w\" sizes=\"(max-width: 1000px) 100vw, 1000px\" \/>\t\t\t\t\t\t\t\t\t\t\t\t\t\t\t<\/div>\n\t\t\t\t<\/div>\n\t\t\t\t<div class=\"elementor-element elementor-element-5cf43ff elementor-widget elementor-widget-text-editor\" data-id=\"5cf43ff\" data-element_type=\"widget\" data-widget_type=\"text-editor.default\">\n\t\t\t\t<div class=\"elementor-widget-container\">\n\t\t\t\t\t\t\t\t\t<p><strong>Alexandre Pierquet<\/strong> donne des cl\u00e9s aux amateurs de sensations fortes qui s\u2019engagent dans la vogue du voyage en <strong>voiture de collection<\/strong>. Les routes retenues par le guide sont des Nationales qui plongent les passagers dans une certaine ambiance nostalgique,\u00a0 rappelant les trajets de vacances. Elles permettent aussi de passer devant des \u00e9l\u00e9ments d\u00e9sormais fondus dans le paysage, d\u00e9suets mais tout de m\u00eame fabuleux : des vieilles bornes routi\u00e8res, des anciens panneaux Michelin, des publicit\u00e9s peintes \u00e0 m\u00eame les murs ou encore de vieux garages.<\/p>\t\t\t\t\t\t\t\t<\/div>\n\t\t\t\t<\/div>\n\t\t\t\t<section class=\"elementor-section elementor-inner-section elementor-element elementor-element-9cbcffe elementor-section-boxed elementor-section-height-default elementor-section-height-default\" data-id=\"9cbcffe\" data-element_type=\"section\">\n\t\t\t\t\t\t<div class=\"elementor-container elementor-column-gap-default\">\n\t\t\t\t\t<div class=\"elementor-column elementor-col-50 elementor-inner-column elementor-element elementor-element-553f312\" data-id=\"553f312\" data-element_type=\"column\">\n\t\t\t<div class=\"elementor-widget-wrap elementor-element-populated\">\n\t\t\t\t\t\t<div class=\"elementor-element elementor-element-a844c54 elementor-widget elementor-widget-image\" data-id=\"a844c54\" data-element_type=\"widget\" data-widget_type=\"image.default\">\n\t\t\t\t<div class=\"elementor-widget-container\">\n\t\t\t\t\t\t\t\t\t\t\t\t\t\t\t<img loading=\"lazy\" decoding=\"async\" width=\"1000\" height=\"803\" src=\"https:\/\/www.wedrivit.com\/blog\/wp-content\/uploads\/2020\/10\/fiat-4322521_1280-1000x803.jpg\" class=\"attachment-large size-large wp-image-1341\" alt=\"Fiat 500 vintage rouge\" srcset=\"https:\/\/www.wedrivit.com\/blog\/wp-content\/uploads\/2020\/10\/fiat-4322521_1280-1000x803.jpg 1000w, https:\/\/www.wedrivit.com\/blog\/wp-content\/uploads\/2020\/10\/fiat-4322521_1280-300x241.jpg 300w, https:\/\/www.wedrivit.com\/blog\/wp-content\/uploads\/2020\/10\/fiat-4322521_1280-768x617.jpg 768w, https:\/\/www.wedrivit.com\/blog\/wp-content\/uploads\/2020\/10\/fiat-4322521_1280-500x402.jpg 500w, https:\/\/www.wedrivit.com\/blog\/wp-content\/uploads\/2020\/10\/fiat-4322521_1280-1024x822.jpg 1024w, https:\/\/www.wedrivit.com\/blog\/wp-content\/uploads\/2020\/10\/fiat-4322521_1280.jpg 1280w\" sizes=\"(max-width: 1000px) 100vw, 1000px\" \/>\t\t\t\t\t\t\t\t\t\t\t\t\t\t\t<\/div>\n\t\t\t\t<\/div>\n\t\t\t\t\t<\/div>\n\t\t<\/div>\n\t\t\t\t<div class=\"elementor-column elementor-col-50 elementor-inner-column elementor-element elementor-element-70c5937\" data-id=\"70c5937\" data-element_type=\"column\">\n\t\t\t<div class=\"elementor-widget-wrap elementor-element-populated\">\n\t\t\t\t\t\t<div class=\"elementor-element elementor-element-7f4cf8b elementor-widget elementor-widget-text-editor\" data-id=\"7f4cf8b\" data-element_type=\"widget\" data-widget_type=\"text-editor.default\">\n\t\t\t\t<div class=\"elementor-widget-container\">\n\t\t\t\t\t\t\t\t\t<p>Du trajet de la route Pyr\u00e9n\u00e9enne &#8211; parcours sinueux de 942 km et 34 cols &#8211; \u00e0 celui de la route reliant l\u2019Atlantique \u00e0 la M\u00e9diterran\u00e9e, on red\u00e9couvre la France dans ce qu\u2019elle a de plus onirique. Parmi ces trajets, des chemins incontournables tels que la route des vins d\u2019Alsace ou la route des Grands Alpes\u00a0; le passage de la v\u00e9g\u00e9tation aux alpages, la fra\u00eecheur matinale dans les cols, le rythme lent et m\u00e9ditatif dans les virages des lacets alpestres, les s\u00e9ries d\u2019\u00e9pingles, les freins qui couinent dans les descentes.\u00a0<\/p>\t\t\t\t\t\t\t\t<\/div>\n\t\t\t\t<\/div>\n\t\t\t\t\t<\/div>\n\t\t<\/div>\n\t\t\t\t\t<\/div>\n\t\t<\/section>\n\t\t\t\t<div class=\"elementor-element elementor-element-68ddf74 elementor-widget elementor-widget-text-editor\" data-id=\"68ddf74\" data-element_type=\"widget\" data-widget_type=\"text-editor.default\">\n\t\t\t\t<div class=\"elementor-widget-container\">\n\t\t\t\t\t\t\t\t\t<p>Avec souffle, il transmet toute l\u2019\u00e9motion d\u2019une travers\u00e9e dans les cirques rocheux, toute la splendeur de la contemplation des points bleus \u00e0 l\u2019horizon. <strong>Alexandre Pierquet<\/strong> nous d\u00e9peint un tableau dans lequel chaque ligne esquisse une intuition de panoramas majestueux. Honn\u00eate, le journaliste-pilote ne tait malgr\u00e9 tout pas l\u2019\u00e9puisement que peut lui procurer le roulage, la lassitude qui oscille parfois avec le plaisir. <strong>L\u2019ancienne<\/strong> s\u2019apprivoise comme une b\u00eate sauvage d\u2019autant plus dans les chemins escarp\u00e9s et vallonn\u00e9s de la haute montagne. Enfin, l\u2019ouvrage propose aussi des trajets moins connus comme la Voie de La Libert\u00e9, route comm\u00e9morative de la Lib\u00e9ration de la France qui ajoute une touche d\u2019hommage historique \u00e0 la beaut\u00e9 de la nature.<\/p><p><strong>Alexandre Pierquet<\/strong> retrace avec p\u00e9dagogie et passion une foule in\u00e9puisable de circuits pour tous les profils de conducteur\u00a0: aventurier, sportif, contemplatif.<\/p>\t\t\t\t\t\t\t\t<\/div>\n\t\t\t\t<\/div>\n\t\t\t\t\t<\/div>\n\t\t<\/div>\n\t\t\t\t\t<\/div>\n\t\t<\/section>\n\t\t\t\t<section class=\"elementor-section elementor-top-section elementor-element elementor-element-6827715 elementor-section-boxed elementor-section-height-default elementor-section-height-default\" data-id=\"6827715\" data-element_type=\"section\">\n\t\t\t\t\t\t<div class=\"elementor-container elementor-column-gap-default\">\n\t\t\t\t\t<div class=\"elementor-column elementor-col-100 elementor-top-column elementor-element elementor-element-2bfa425\" data-id=\"2bfa425\" data-element_type=\"column\">\n\t\t\t<div class=\"elementor-widget-wrap elementor-element-populated\">\n\t\t\t\t\t\t<div class=\"elementor-element elementor-element-eff3055 elementor-widget elementor-widget-heading\" data-id=\"eff3055\" data-element_type=\"widget\" data-widget_type=\"heading.default\">\n\t\t\t\t<div class=\"elementor-widget-container\">\n\t\t\t\t\t<h2 class=\"elementor-heading-title elementor-size-default\">Interview<\/h2>\t\t\t\t<\/div>\n\t\t\t\t<\/div>\n\t\t\t\t<div class=\"elementor-element elementor-element-e4851a4 elementor-widget elementor-widget-text-editor\" data-id=\"e4851a4\" data-element_type=\"widget\" data-widget_type=\"text-editor.default\">\n\t\t\t\t<div class=\"elementor-widget-container\">\n\t\t\t\t\t\t\t\t\t<p>Nous avons eu la chance d\u2019entrer en contact avec l\u2019auteur afin de lui poser quelques questions pour qu\u2019ensemble, <strong>Alexandre Pierquet<\/strong>, l\u2019\u00e9quipe <a href=\"https:\/\/www.wedrivit.com\/\" target=\"_blank\" rel=\"noopener\">Wedrivit<\/a> et vous, nous puissions partager un moment entre passionn\u00e9s d\u2019<strong>anciennes<\/strong>.<\/p>\t\t\t\t\t\t\t\t<\/div>\n\t\t\t\t<\/div>\n\t\t\t\t<div class=\"elementor-element elementor-element-c3ec1b4 elementor-widget elementor-widget-image\" data-id=\"c3ec1b4\" data-element_type=\"widget\" data-widget_type=\"image.default\">\n\t\t\t\t<div class=\"elementor-widget-container\">\n\t\t\t\t\t\t\t\t\t\t\t\t\t\t\t<img loading=\"lazy\" decoding=\"async\" width=\"662\" height=\"600\" src=\"https:\/\/www.wedrivit.com\/blog\/wp-content\/uploads\/2020\/10\/A1h19BTaYQL._SY600_.jpg\" class=\"attachment-large size-large wp-image-1343\" alt=\"Portrait Alexandre Pierquet\" srcset=\"https:\/\/www.wedrivit.com\/blog\/wp-content\/uploads\/2020\/10\/A1h19BTaYQL._SY600_.jpg 662w, https:\/\/www.wedrivit.com\/blog\/wp-content\/uploads\/2020\/10\/A1h19BTaYQL._SY600_-300x272.jpg 300w, https:\/\/www.wedrivit.com\/blog\/wp-content\/uploads\/2020\/10\/A1h19BTaYQL._SY600_-500x453.jpg 500w\" sizes=\"(max-width: 662px) 100vw, 662px\" \/>\t\t\t\t\t\t\t\t\t\t\t\t\t\t\t<\/div>\n\t\t\t\t<\/div>\n\t\t\t\t<div class=\"elementor-element elementor-element-3e78bcc elementor-view-default elementor-widget elementor-widget-icon\" data-id=\"3e78bcc\" data-element_type=\"widget\" data-widget_type=\"icon.default\">\n\t\t\t\t<div class=\"elementor-widget-container\">\n\t\t\t\t\t\t\t<div class=\"elementor-icon-wrapper\">\n\t\t\t<div class=\"elementor-icon\">\n\t\t\t<i aria-hidden=\"true\" class=\"fas fa-quote-left\"><\/i>\t\t\t<\/div>\n\t\t<\/div>\n\t\t\t\t\t\t<\/div>\n\t\t\t\t<\/div>\n\t\t\t\t<section class=\"elementor-section elementor-inner-section elementor-element elementor-element-9f7be4b elementor-section-boxed elementor-section-height-default elementor-section-height-default\" data-id=\"9f7be4b\" data-element_type=\"section\">\n\t\t\t\t\t\t<div class=\"elementor-container elementor-column-gap-extended\">\n\t\t\t\t\t<div class=\"elementor-column elementor-col-50 elementor-inner-column elementor-element elementor-element-9a5b991\" data-id=\"9a5b991\" data-element_type=\"column\">\n\t\t\t<div class=\"elementor-widget-wrap elementor-element-populated\">\n\t\t\t\t\t\t<div class=\"elementor-element elementor-element-3953612 elementor-widget elementor-widget-text-editor\" data-id=\"3953612\" data-element_type=\"widget\" data-widget_type=\"text-editor.default\">\n\t\t\t\t<div class=\"elementor-widget-container\">\n\t\t\t\t\t\t\t\t\t<blockquote><h3><span style=\"color: #993300;\"><strong>Quelle a \u00e9t\u00e9 votre premi\u00e8re voiture ?\u00a0<\/strong><\/span><\/h3><\/blockquote><p>Une coccinelle que j\u2019ai achet\u00e9 \u00e0 18 ans, une fois mon permis en poche, le vendeur \u00e9tait un agent de Police, qui habitait a c\u00f4t\u00e9 de la maison.<\/p><p>Quelle voiture extraordinaire, je me rendais en cours avec et elle me servait aussi pour partir en vacances, cette acquisition m\u2019a permis de me frotter \u00e0 la m\u00e9canique, mon budget entretien \u00e9tant tr\u00e8s limit\u00e9.<\/p><p>J\u2019ai souvenir d\u2019avoir remplac\u00e9 le ressort du carburateur avec un trombone le temps de trouver la pi\u00e8ce de rechange&#8230;<\/p>\t\t\t\t\t\t\t\t<\/div>\n\t\t\t\t<\/div>\n\t\t\t\t<div class=\"elementor-element elementor-element-9d0d9e8 elementor-widget elementor-widget-text-editor\" data-id=\"9d0d9e8\" data-element_type=\"widget\" data-widget_type=\"text-editor.default\">\n\t\t\t\t<div class=\"elementor-widget-container\">\n\t\t\t\t\t\t\t\t\t<blockquote><h3><span style=\"color: #993300;\"><strong>Quand et o\u00f9 a eu lieu votre premier rallye ?<\/strong><\/span><\/h3><\/blockquote><p>Mon premier <strong>rallye<\/strong> \u00e9tait en 2006 dans le Jura, effectu\u00e9 en MGC GT de 1967, j\u2019avais mon fils de 10 ans comme navigateur. On s\u2019en est bien sorti puisque nous avons ramen\u00e9 une coupe.\u00a0Cela a \u00e9t\u00e9 une v\u00e9ritable r\u00e9v\u00e9lation, mais j\u2019\u00e9tais loin de me douter que j\u2019en organiserais aujourd\u2019hui.\u00a0<\/p><p>Je continue \u00e0 affectionner les <strong>rallyes<\/strong> dans le Jura, pour la beaut\u00e9 des routes et les difficult\u00e9s des itin\u00e9raires, m\u00eame si de nos jours, je suis plus souvent dans le baquet du navigateur, car ce sont les enfants qui ont pris le volant.\u00a0D\u2019avoir l\u2019exp\u00e9rience de connaitre les deux postes ( Pilote et co-pilote) est une source d\u2019inspiration pour organiser des <strong>rallyes<\/strong> comme tout le monde les aime.\u00a0<\/p>\t\t\t\t\t\t\t\t<\/div>\n\t\t\t\t<\/div>\n\t\t\t\t<div class=\"elementor-element elementor-element-267be1a elementor-widget elementor-widget-text-editor\" data-id=\"267be1a\" data-element_type=\"widget\" data-widget_type=\"text-editor.default\">\n\t\t\t\t<div class=\"elementor-widget-container\">\n\t\t\t\t\t\t\t\t\t<blockquote><h3><span style=\"color: #993300;\"><strong>Qu&rsquo;est-ce qui vous a donn\u00e9 l&rsquo;envie de partir \u00e0 la d\u00e9couvertes des routes ?\u00a0<\/strong><\/span><\/h3><\/blockquote><p>Les rencontres, la libert\u00e9, l&rsquo;\u00e9vasion ! J\u2019en ai fait une maxime :\u00a0 \u00ab\u00a0voir la route comme au cin\u00e9ma avec comme \u00e9cran : votre pare prise.\u00a0\u00bb<\/p><p>J\u2019aime \u00e0 dire qu\u2019il faut tomber en panne\u2026 Gr\u00e2ce aux pannes on rencontre des gens incroyables, c\u2019est l\u2019aventure qui vous permet d\u2019avoir des choses int\u00e9ressantes \u00e0 raconter en rentrant.\u00a0Aujourd\u2019hui, le plus important reste le partage de la passion automobile et mes travaux d\u2019\u00e9ditions sur les <strong>roadtrips<\/strong> ou encore l\u2019organisation de <strong>rallyes<\/strong> en <strong>voiture de collection<\/strong> qui me comble de bonheur : \u00a0<\/p><p>\u00a0<\/p>\t\t\t\t\t\t\t\t<\/div>\n\t\t\t\t<\/div>\n\t\t\t\t\t<\/div>\n\t\t<\/div>\n\t\t\t\t<div class=\"elementor-column elementor-col-50 elementor-inner-column elementor-element elementor-element-d31ef3a\" data-id=\"d31ef3a\" data-element_type=\"column\">\n\t\t\t<div class=\"elementor-widget-wrap elementor-element-populated\">\n\t\t\t\t\t\t<div class=\"elementor-element elementor-element-e7f1b46 elementor-widget elementor-widget-text-editor\" data-id=\"e7f1b46\" data-element_type=\"widget\" data-widget_type=\"text-editor.default\">\n\t\t\t\t<div class=\"elementor-widget-container\">\n\t\t\t\t\t\t\t\t\t<blockquote><h3><span style=\"color: #993300;\"><strong>Quel est votre plus beau voyage ?<\/strong><\/span><\/h3><\/blockquote><p>Mon plus beau <strong>roadtrip<\/strong> vous voulez dire ?\u00a0Il y en a tellement&#8230;<\/p><p>On se souvient \u00e9videment du tout premier : avec une Peugeot 304 cabriolet sur la c\u00f4te d\u2019Azur, j\u2019avais 19 ans, c\u2019est l\u2019\u00e9tincelle qui a mis le feux aux poudres de ma passion. Si je devais faire un classement, je dirais que le <strong>roadtrip<\/strong> que j\u2019ai fais en Australie, avec un vieux 4&#215;4, accompagn\u00e9 de mes enfants \u00e0 \u00e9t\u00e9 incroyable tant l\u2019aventure humaine fut riche. Elle nous a permis de faire des d\u00e9couvertes plus importantes que les paysages.<\/p><p>Mais j\u2019ai aussi \u00e0 l\u2019esprit d\u2019avoir ramen\u00e9 par la route une Volvo 122S du nord de la Su\u00e8de\u2026 3000 km de bonheur.\u00a0<\/p>\t\t\t\t\t\t\t\t<\/div>\n\t\t\t\t<\/div>\n\t\t\t\t<div class=\"elementor-element elementor-element-b0ee4fd elementor-widget elementor-widget-text-editor\" data-id=\"b0ee4fd\" data-element_type=\"widget\" data-widget_type=\"text-editor.default\">\n\t\t\t\t<div class=\"elementor-widget-container\">\n\t\t\t\t\t\t\t\t\t<blockquote><h3><span style=\"color: #993300;\"><strong>Quel est l&rsquo;endroit que vous pr\u00e9f\u00e9rez au monde, o\u00f9 vous vous sentez bien tout simplement ?\u00a0<\/strong><\/span><\/h3><\/blockquote><p>Un garage ! son odeur, ses outils, la promesse de voir la magie m\u00e9canique op\u00e9rer.\u00a0<\/p><p>Mais pour rouler, l\u2019endroit que je pr\u00e9f\u00e8re au monde doit associer des routes panoramiques, gastronomiques et sportives. En les cherchant aux quatre coins du monde, je me suis rendu compte que la France r\u00e9unissait tous les crit\u00e8res. Chaque r\u00e9gion a ses sp\u00e9cialit\u00e9s, elles sont si vari\u00e9es qu\u2019on les retrouve dans chaque pays. C\u2019est l\u2019amour de la France et de ses r\u00e9gions qui m\u2019a donn\u00e9 l\u2019id\u00e9e d\u2019\u00e9diter le \u00ab\u00a0guide de <strong>voyages en voiture de collection<\/strong>\u00a0\u00bb.<\/p>\t\t\t\t\t\t\t\t<\/div>\n\t\t\t\t<\/div>\n\t\t\t\t<div class=\"elementor-element elementor-element-ee6efc3 elementor-widget elementor-widget-image\" data-id=\"ee6efc3\" data-element_type=\"widget\" data-widget_type=\"image.default\">\n\t\t\t\t<div class=\"elementor-widget-container\">\n\t\t\t\t\t\t\t\t\t\t\t\t\t\t\t<img loading=\"lazy\" decoding=\"async\" width=\"799\" height=\"1000\" src=\"https:\/\/www.wedrivit.com\/blog\/wp-content\/uploads\/2020\/10\/sky-5281668_1280-799x1000.jpg\" class=\"attachment-large size-large wp-image-1346\" alt=\"Route couch\u00e9 de soleil\" srcset=\"https:\/\/www.wedrivit.com\/blog\/wp-content\/uploads\/2020\/10\/sky-5281668_1280-799x1000.jpg 799w, https:\/\/www.wedrivit.com\/blog\/wp-content\/uploads\/2020\/10\/sky-5281668_1280-240x300.jpg 240w, https:\/\/www.wedrivit.com\/blog\/wp-content\/uploads\/2020\/10\/sky-5281668_1280-768x961.jpg 768w, https:\/\/www.wedrivit.com\/blog\/wp-content\/uploads\/2020\/10\/sky-5281668_1280-400x500.jpg 400w, https:\/\/www.wedrivit.com\/blog\/wp-content\/uploads\/2020\/10\/sky-5281668_1280-818x1024.jpg 818w, https:\/\/www.wedrivit.com\/blog\/wp-content\/uploads\/2020\/10\/sky-5281668_1280.jpg 1023w\" sizes=\"(max-width: 799px) 100vw, 799px\" \/>\t\t\t\t\t\t\t\t\t\t\t\t\t\t\t<\/div>\n\t\t\t\t<\/div>\n\t\t\t\t\t<\/div>\n\t\t<\/div>\n\t\t\t\t\t<\/div>\n\t\t<\/section>\n\t\t\t\t<div class=\"elementor-element elementor-element-386e128 elementor-widget elementor-widget-heading\" data-id=\"386e128\" data-element_type=\"widget\" data-widget_type=\"heading.default\">\n\t\t\t\t<div class=\"elementor-widget-container\">\n\t\t\t\t\t<span class=\"elementor-heading-title elementor-size-large\">Celui de voir des sourires derri\u00e8re des volants. <\/span>\t\t\t\t<\/div>\n\t\t\t\t<\/div>\n\t\t\t\t<div class=\"elementor-element elementor-element-4b99056 elementor-view-default elementor-widget elementor-widget-icon\" data-id=\"4b99056\" data-element_type=\"widget\" data-widget_type=\"icon.default\">\n\t\t\t\t<div class=\"elementor-widget-container\">\n\t\t\t\t\t\t\t<div class=\"elementor-icon-wrapper\">\n\t\t\t<div class=\"elementor-icon\">\n\t\t\t<i aria-hidden=\"true\" class=\"fas fa-quote-right\"><\/i>\t\t\t<\/div>\n\t\t<\/div>\n\t\t\t\t\t\t<\/div>\n\t\t\t\t<\/div>\n\t\t\t\t\t<\/div>\n\t\t<\/div>\n\t\t\t\t\t<\/div>\n\t\t<\/section>\n\t\t\t\t<section class=\"elementor-section elementor-top-section elementor-element elementor-element-4dc7aae elementor-section-boxed elementor-section-height-default elementor-section-height-default\" data-id=\"4dc7aae\" data-element_type=\"section\">\n\t\t\t\t\t\t<div class=\"elementor-container elementor-column-gap-default\">\n\t\t\t\t\t<div class=\"elementor-column elementor-col-100 elementor-top-column elementor-element elementor-element-1746d86\" data-id=\"1746d86\" data-element_type=\"column\">\n\t\t\t<div class=\"elementor-widget-wrap elementor-element-populated\">\n\t\t\t\t\t\t<div class=\"elementor-element elementor-element-1fb8dc8 elementor-widget elementor-widget-spacer\" data-id=\"1fb8dc8\" data-element_type=\"widget\" data-widget_type=\"spacer.default\">\n\t\t\t\t<div class=\"elementor-widget-container\">\n\t\t\t\t\t\t\t<div class=\"elementor-spacer\">\n\t\t\t<div class=\"elementor-spacer-inner\"><\/div>\n\t\t<\/div>\n\t\t\t\t\t\t<\/div>\n\t\t\t\t<\/div>\n\t\t\t\t\t<\/div>\n\t\t<\/div>\n\t\t\t\t\t<\/div>\n\t\t<\/section>\n\t\t\t\t<section class=\"elementor-section elementor-top-section elementor-element elementor-element-739412c elementor-section-boxed elementor-section-height-default elementor-section-height-default\" data-id=\"739412c\" data-element_type=\"section\">\n\t\t\t\t\t\t<div class=\"elementor-container elementor-column-gap-default\">\n\t\t\t\t\t<div class=\"elementor-column elementor-col-100 elementor-top-column elementor-element elementor-element-53e8285\" data-id=\"53e8285\" data-element_type=\"column\">\n\t\t\t<div class=\"elementor-widget-wrap elementor-element-populated\">\n\t\t\t\t\t\t<div class=\"elementor-element elementor-element-8e015f5 elementor-widget elementor-widget-text-editor\" data-id=\"8e015f5\" data-element_type=\"widget\" data-widget_type=\"text-editor.default\">\n\t\t\t\t<div class=\"elementor-widget-container\">\n\t\t\t\t\t\t\t\t\t<p style=\"text-align: center;\">Un grand merci \u00e0 <strong>Alexandre Pierquet<\/strong> d&rsquo;avoir pris le temps de se confier \u00e0 nous. L&rsquo;ensemble de ses ouvrages est disponible \u00e0 la vente<\/p>\t\t\t\t\t\t\t\t<\/div>\n\t\t\t\t<\/div>\n\t\t\t\t<div class=\"elementor-element elementor-element-fac4aa4 elementor-align-center elementor-widget elementor-widget-button\" data-id=\"fac4aa4\" data-element_type=\"widget\" data-widget_type=\"button.default\">\n\t\t\t\t<div class=\"elementor-widget-container\">\n\t\t\t\t\t\t\t\t\t<div class=\"elementor-button-wrapper\">\n\t\t\t\t\t<a class=\"elementor-button elementor-button-link elementor-size-sm elementor-animation-shrink\" href=\"https:\/\/www.decitre.fr\/auteur\/2001733\/Alexandre+Pierquet\">\n\t\t\t\t\t\t<span class=\"elementor-button-content-wrapper\">\n\t\t\t\t\t\t\t\t\t<span class=\"elementor-button-text\">Aller voir<\/span>\n\t\t\t\t\t<\/span>\n\t\t\t\t\t<\/a>\n\t\t\t\t<\/div>\n\t\t\t\t\t\t\t\t<\/div>\n\t\t\t\t<\/div>\n\t\t\t\t<div class=\"elementor-element elementor-element-fb5e81a elementor-widget elementor-widget-spacer\" data-id=\"fb5e81a\" data-element_type=\"widget\" data-widget_type=\"spacer.default\">\n\t\t\t\t<div class=\"elementor-widget-container\">\n\t\t\t\t\t\t\t<div class=\"elementor-spacer\">\n\t\t\t<div class=\"elementor-spacer-inner\"><\/div>\n\t\t<\/div>\n\t\t\t\t\t\t<\/div>\n\t\t\t\t<\/div>\n\t\t\t\t\t<\/div>\n\t\t<\/div>\n\t\t\t\t\t<\/div>\n\t\t<\/section>\n\t\t\t\t<section class=\"elementor-section elementor-top-section elementor-element elementor-element-3cdbf40 elementor-section-boxed elementor-section-height-default elementor-section-height-default\" data-id=\"3cdbf40\" data-element_type=\"section\">\n\t\t\t\t\t\t<div class=\"elementor-container elementor-column-gap-default\">\n\t\t\t\t\t<div class=\"elementor-column elementor-col-100 elementor-top-column elementor-element elementor-element-1540fde\" data-id=\"1540fde\" data-element_type=\"column\">\n\t\t\t<div class=\"elementor-widget-wrap elementor-element-populated\">\n\t\t\t\t\t\t<div class=\"elementor-element elementor-element-6eeed28 elementor-widget elementor-widget-text-editor\" data-id=\"6eeed28\" data-element_type=\"widget\" data-widget_type=\"text-editor.default\">\n\t\t\t\t<div class=\"elementor-widget-container\">\n\t\t\t\t\t\t\t\t\t<p><span style=\"color: #000000;\">D\u00e9couvrez d&rsquo;autres articles de blog :<\/span><\/p><p><a href=\"https:\/\/www.wedrivit.com\/blog\/voiture\/collection\/voiture-ancienne-escapade-insolite\/\" target=\"_blank\" rel=\"noopener\">La voiture ancienne, une escapade insolite et pris\u00e9e par les jeunes pros !<\/a><\/p><p><a href=\"https:\/\/www.wedrivit.com\/blog\/voiture\/collection\/les-10-rallyes-touristiques-auxquels-participer-cette-annee\/\" target=\"_blank\" rel=\"noopener\">Les 10 rallyes touristiques auxquels participer cette ann\u00e9e<\/a><\/p>\t\t\t\t\t\t\t\t<\/div>\n\t\t\t\t<\/div>\n\t\t\t\t\t<\/div>\n\t\t<\/div>\n\t\t\t\t\t<\/div>\n\t\t<\/section>\n\t\t\t\t<\/div>\n\t\t","protected":false},"excerpt":{"rendered":"<p>Alexandre Pierquet est journaliste &#8211; chroniqueur pour la radio et la presse \u00e9crite. Mais s\u2019il fallait tenter de d\u00e9limiter sa&hellip;<\/p>\n","protected":false},"author":9,"featured_media":1338,"comment_status":"open","ping_status":"open","sticky":false,"template":"","format":"standard","meta":{"footnotes":""},"categories":[17,1,7],"tags":[],"class_list":["post-1336","post","type-post","status-publish","format-standard","has-post-thumbnail","hentry","category-culture-automobile","category-tous-les-articles","category-voyage"],"yoast_head":"<!-- This site is optimized with the Yoast SEO plugin v26.9 - https:\/\/yoast.com\/product\/yoast-seo-wordpress\/ -->\n<title>Les circuits d&#039;Alexandre Pierquet, interview - Blog | Wedrivit<\/title>\n<meta name=\"description\" content=\"D\u00e9couvrez l&#039;auteur Alexandre Pierquet et ses circuits en voiture de collection. Retrouvez l&#039;interview de l&#039;auteur sur sa passion du voyage et des anciennes\" \/>\n<meta name=\"robots\" content=\"index, follow, max-snippet:-1, max-image-preview:large, max-video-preview:-1\" \/>\n<link rel=\"canonical\" href=\"https:\/\/www.wedrivit.com\/blog\/voiture\/collection\/les-circuits-alexandre-pierquet-interview\" \/>\n<meta property=\"og:locale\" content=\"fr_FR\" \/>\n<meta property=\"og:type\" content=\"article\" \/>\n<meta property=\"og:title\" content=\"Les circuits d&#039;Alexandre Pierquet, interview - Blog | Wedrivit\" \/>\n<meta property=\"og:description\" content=\"D\u00e9couvrez l&#039;auteur Alexandre Pierquet et ses circuits en voiture de collection. Retrouvez l&#039;interview de l&#039;auteur sur sa passion du voyage et des anciennes\" \/>\n<meta property=\"og:url\" content=\"https:\/\/www.wedrivit.com\/blog\/voiture\/collection\/les-circuits-alexandre-pierquet-interview\" \/>\n<meta property=\"og:site_name\" content=\"Le blog des voitures de collection par Wedrivit\" \/>\n<meta property=\"article:published_time\" content=\"2020-10-08T09:45:01+00:00\" \/>\n<meta property=\"article:modified_time\" content=\"2025-09-15T09:54:21+00:00\" \/>\n<meta property=\"og:image\" content=\"https:\/\/www.wedrivit.com\/blog\/wp-content\/uploads\/2020\/10\/Alexandre-pierquet-livre-1000x750.png\" \/>\n\t<meta property=\"og:image:width\" content=\"1000\" \/>\n\t<meta property=\"og:image:height\" content=\"750\" \/>\n\t<meta property=\"og:image:type\" content=\"image\/png\" \/>\n<meta name=\"author\" content=\"Blandine Cauvin\" \/>\n<meta name=\"twitter:card\" content=\"summary_large_image\" \/>\n<meta name=\"twitter:label1\" content=\"\u00c9crit par\" \/>\n\t<meta name=\"twitter:data1\" content=\"Blandine Cauvin\" \/>\n\t<meta name=\"twitter:label2\" content=\"Dur\u00e9e de lecture estim\u00e9e\" \/>\n\t<meta name=\"twitter:data2\" content=\"9 minutes\" \/>\n<script type=\"application\/ld+json\" class=\"yoast-schema-graph\">{\"@context\":\"https:\/\/schema.org\",\"@graph\":[{\"@type\":\"Article\",\"@id\":\"https:\/\/www.wedrivit.com\/blog\/voiture\/collection\/les-circuits-alexandre-pierquet-interview#article\",\"isPartOf\":{\"@id\":\"https:\/\/www.wedrivit.com\/blog\/voiture\/collection\/les-circuits-alexandre-pierquet-interview\"},\"author\":{\"name\":\"Blandine Cauvin\",\"@id\":\"https:\/\/www.wedrivit.com\/blog\/#\/schema\/person\/fab68f4cb58a8c68881ac6463efa1a24\"},\"headline\":\"Les circuits d&rsquo;Alexandre Pierquet, interview\",\"datePublished\":\"2020-10-08T09:45:01+00:00\",\"dateModified\":\"2025-09-15T09:54:21+00:00\",\"mainEntityOfPage\":{\"@id\":\"https:\/\/www.wedrivit.com\/blog\/voiture\/collection\/les-circuits-alexandre-pierquet-interview\"},\"wordCount\":1560,\"commentCount\":0,\"publisher\":{\"@id\":\"https:\/\/www.wedrivit.com\/blog\/#organization\"},\"image\":{\"@id\":\"https:\/\/www.wedrivit.com\/blog\/voiture\/collection\/les-circuits-alexandre-pierquet-interview#primaryimage\"},\"thumbnailUrl\":\"https:\/\/www.wedrivit.com\/blog\/wp-content\/uploads\/2020\/10\/Alexandre-pierquet-livre.png\",\"articleSection\":[\"Culture Automobile\",\"Tous les articles\",\"Voyages\"],\"inLanguage\":\"fr-FR\",\"potentialAction\":[{\"@type\":\"CommentAction\",\"name\":\"Comment\",\"target\":[\"https:\/\/www.wedrivit.com\/blog\/voiture\/collection\/les-circuits-alexandre-pierquet-interview#respond\"]}]},{\"@type\":\"WebPage\",\"@id\":\"https:\/\/www.wedrivit.com\/blog\/voiture\/collection\/les-circuits-alexandre-pierquet-interview\",\"url\":\"https:\/\/www.wedrivit.com\/blog\/voiture\/collection\/les-circuits-alexandre-pierquet-interview\",\"name\":\"Les circuits d'Alexandre Pierquet, interview - Blog | Wedrivit\",\"isPartOf\":{\"@id\":\"https:\/\/www.wedrivit.com\/blog\/#website\"},\"primaryImageOfPage\":{\"@id\":\"https:\/\/www.wedrivit.com\/blog\/voiture\/collection\/les-circuits-alexandre-pierquet-interview#primaryimage\"},\"image\":{\"@id\":\"https:\/\/www.wedrivit.com\/blog\/voiture\/collection\/les-circuits-alexandre-pierquet-interview#primaryimage\"},\"thumbnailUrl\":\"https:\/\/www.wedrivit.com\/blog\/wp-content\/uploads\/2020\/10\/Alexandre-pierquet-livre.png\",\"datePublished\":\"2020-10-08T09:45:01+00:00\",\"dateModified\":\"2025-09-15T09:54:21+00:00\",\"description\":\"D\u00e9couvrez l'auteur Alexandre Pierquet et ses circuits en voiture de collection. Retrouvez l'interview de l'auteur sur sa passion du voyage et des anciennes\",\"breadcrumb\":{\"@id\":\"https:\/\/www.wedrivit.com\/blog\/voiture\/collection\/les-circuits-alexandre-pierquet-interview#breadcrumb\"},\"inLanguage\":\"fr-FR\",\"potentialAction\":[{\"@type\":\"ReadAction\",\"target\":[\"https:\/\/www.wedrivit.com\/blog\/voiture\/collection\/les-circuits-alexandre-pierquet-interview\"]}]},{\"@type\":\"ImageObject\",\"inLanguage\":\"fr-FR\",\"@id\":\"https:\/\/www.wedrivit.com\/blog\/voiture\/collection\/les-circuits-alexandre-pierquet-interview#primaryimage\",\"url\":\"https:\/\/www.wedrivit.com\/blog\/wp-content\/uploads\/2020\/10\/Alexandre-pierquet-livre.png\",\"contentUrl\":\"https:\/\/www.wedrivit.com\/blog\/wp-content\/uploads\/2020\/10\/Alexandre-pierquet-livre.png\",\"width\":5000,\"height\":3750,\"caption\":\"Circuit Alexandre Pierquet\"},{\"@type\":\"BreadcrumbList\",\"@id\":\"https:\/\/www.wedrivit.com\/blog\/voiture\/collection\/les-circuits-alexandre-pierquet-interview#breadcrumb\",\"itemListElement\":[{\"@type\":\"ListItem\",\"position\":1,\"name\":\"Home\",\"item\":\"https:\/\/www.wedrivit.com\/blog\/\"},{\"@type\":\"ListItem\",\"position\":2,\"name\":\"Les circuits d&rsquo;Alexandre Pierquet, interview\"}]},{\"@type\":\"WebSite\",\"@id\":\"https:\/\/www.wedrivit.com\/blog\/#website\",\"url\":\"https:\/\/www.wedrivit.com\/blog\/\",\"name\":\"Le blog des voitures de collection par Wedrivit\",\"description\":\"Tout savoir sur les voitures anciennes grace \u00e0 Wedrivit, la plateforme de location de voitures anciennes entre particuliers.\",\"publisher\":{\"@id\":\"https:\/\/www.wedrivit.com\/blog\/#organization\"},\"potentialAction\":[{\"@type\":\"SearchAction\",\"target\":{\"@type\":\"EntryPoint\",\"urlTemplate\":\"https:\/\/www.wedrivit.com\/blog\/?s={search_term_string}\"},\"query-input\":{\"@type\":\"PropertyValueSpecification\",\"valueRequired\":true,\"valueName\":\"search_term_string\"}}],\"inLanguage\":\"fr-FR\"},{\"@type\":\"Organization\",\"@id\":\"https:\/\/www.wedrivit.com\/blog\/#organization\",\"name\":\"Le blog des voitures de collection par Wedrivit\",\"url\":\"https:\/\/www.wedrivit.com\/blog\/\",\"logo\":{\"@type\":\"ImageObject\",\"inLanguage\":\"fr-FR\",\"@id\":\"https:\/\/www.wedrivit.com\/blog\/#\/schema\/logo\/image\/\",\"url\":\"https:\/\/www.wedrivit.com\/blog\/wp-content\/uploads\/2024\/12\/wedrivit-blanc-large-2.png\",\"contentUrl\":\"https:\/\/www.wedrivit.com\/blog\/wp-content\/uploads\/2024\/12\/wedrivit-blanc-large-2.png\",\"caption\":\"Le blog des voitures de collection par Wedrivit\"},\"image\":{\"@id\":\"https:\/\/www.wedrivit.com\/blog\/#\/schema\/logo\/image\/\"}},{\"@type\":\"Person\",\"@id\":\"https:\/\/www.wedrivit.com\/blog\/#\/schema\/person\/fab68f4cb58a8c68881ac6463efa1a24\",\"name\":\"Blandine Cauvin\",\"image\":{\"@type\":\"ImageObject\",\"inLanguage\":\"fr-FR\",\"@id\":\"https:\/\/www.wedrivit.com\/blog\/#\/schema\/person\/image\/\",\"url\":\"https:\/\/secure.gravatar.com\/avatar\/c0509fcb32c676e2f8653e14df9292c222d1f6a62e649da0056f7593133a1226?s=96&d=mm&r=g\",\"contentUrl\":\"https:\/\/secure.gravatar.com\/avatar\/c0509fcb32c676e2f8653e14df9292c222d1f6a62e649da0056f7593133a1226?s=96&d=mm&r=g\",\"caption\":\"Blandine Cauvin\"},\"sameAs\":[\"http:\/\/www.wedrivit.com\"],\"url\":\"https:\/\/www.wedrivit.com\/blog\/voiture\/collection\/author\/blandine-cauvin\"}]}<\/script>\n<!-- \/ Yoast SEO plugin. -->","yoast_head_json":{"title":"Les circuits d'Alexandre Pierquet, interview - Blog | Wedrivit","description":"D\u00e9couvrez l'auteur Alexandre Pierquet et ses circuits en voiture de collection. Retrouvez l'interview de l'auteur sur sa passion du voyage et des anciennes","robots":{"index":"index","follow":"follow","max-snippet":"max-snippet:-1","max-image-preview":"max-image-preview:large","max-video-preview":"max-video-preview:-1"},"canonical":"https:\/\/www.wedrivit.com\/blog\/voiture\/collection\/les-circuits-alexandre-pierquet-interview","og_locale":"fr_FR","og_type":"article","og_title":"Les circuits d'Alexandre Pierquet, interview - Blog | Wedrivit","og_description":"D\u00e9couvrez l'auteur Alexandre Pierquet et ses circuits en voiture de collection. Retrouvez l'interview de l'auteur sur sa passion du voyage et des anciennes","og_url":"https:\/\/www.wedrivit.com\/blog\/voiture\/collection\/les-circuits-alexandre-pierquet-interview","og_site_name":"Le blog des voitures de collection par Wedrivit","article_published_time":"2020-10-08T09:45:01+00:00","article_modified_time":"2025-09-15T09:54:21+00:00","og_image":[{"width":1000,"height":750,"url":"https:\/\/www.wedrivit.com\/blog\/wp-content\/uploads\/2020\/10\/Alexandre-pierquet-livre-1000x750.png","type":"image\/png"}],"author":"Blandine Cauvin","twitter_card":"summary_large_image","twitter_misc":{"\u00c9crit par":"Blandine Cauvin","Dur\u00e9e de lecture estim\u00e9e":"9 minutes"},"schema":{"@context":"https:\/\/schema.org","@graph":[{"@type":"Article","@id":"https:\/\/www.wedrivit.com\/blog\/voiture\/collection\/les-circuits-alexandre-pierquet-interview#article","isPartOf":{"@id":"https:\/\/www.wedrivit.com\/blog\/voiture\/collection\/les-circuits-alexandre-pierquet-interview"},"author":{"name":"Blandine Cauvin","@id":"https:\/\/www.wedrivit.com\/blog\/#\/schema\/person\/fab68f4cb58a8c68881ac6463efa1a24"},"headline":"Les circuits d&rsquo;Alexandre Pierquet, interview","datePublished":"2020-10-08T09:45:01+00:00","dateModified":"2025-09-15T09:54:21+00:00","mainEntityOfPage":{"@id":"https:\/\/www.wedrivit.com\/blog\/voiture\/collection\/les-circuits-alexandre-pierquet-interview"},"wordCount":1560,"commentCount":0,"publisher":{"@id":"https:\/\/www.wedrivit.com\/blog\/#organization"},"image":{"@id":"https:\/\/www.wedrivit.com\/blog\/voiture\/collection\/les-circuits-alexandre-pierquet-interview#primaryimage"},"thumbnailUrl":"https:\/\/www.wedrivit.com\/blog\/wp-content\/uploads\/2020\/10\/Alexandre-pierquet-livre.png","articleSection":["Culture Automobile","Tous les articles","Voyages"],"inLanguage":"fr-FR","potentialAction":[{"@type":"CommentAction","name":"Comment","target":["https:\/\/www.wedrivit.com\/blog\/voiture\/collection\/les-circuits-alexandre-pierquet-interview#respond"]}]},{"@type":"WebPage","@id":"https:\/\/www.wedrivit.com\/blog\/voiture\/collection\/les-circuits-alexandre-pierquet-interview","url":"https:\/\/www.wedrivit.com\/blog\/voiture\/collection\/les-circuits-alexandre-pierquet-interview","name":"Les circuits d'Alexandre Pierquet, interview - Blog | Wedrivit","isPartOf":{"@id":"https:\/\/www.wedrivit.com\/blog\/#website"},"primaryImageOfPage":{"@id":"https:\/\/www.wedrivit.com\/blog\/voiture\/collection\/les-circuits-alexandre-pierquet-interview#primaryimage"},"image":{"@id":"https:\/\/www.wedrivit.com\/blog\/voiture\/collection\/les-circuits-alexandre-pierquet-interview#primaryimage"},"thumbnailUrl":"https:\/\/www.wedrivit.com\/blog\/wp-content\/uploads\/2020\/10\/Alexandre-pierquet-livre.png","datePublished":"2020-10-08T09:45:01+00:00","dateModified":"2025-09-15T09:54:21+00:00","description":"D\u00e9couvrez l'auteur Alexandre Pierquet et ses circuits en voiture de collection. Retrouvez l'interview de l'auteur sur sa passion du voyage et des anciennes","breadcrumb":{"@id":"https:\/\/www.wedrivit.com\/blog\/voiture\/collection\/les-circuits-alexandre-pierquet-interview#breadcrumb"},"inLanguage":"fr-FR","potentialAction":[{"@type":"ReadAction","target":["https:\/\/www.wedrivit.com\/blog\/voiture\/collection\/les-circuits-alexandre-pierquet-interview"]}]},{"@type":"ImageObject","inLanguage":"fr-FR","@id":"https:\/\/www.wedrivit.com\/blog\/voiture\/collection\/les-circuits-alexandre-pierquet-interview#primaryimage","url":"https:\/\/www.wedrivit.com\/blog\/wp-content\/uploads\/2020\/10\/Alexandre-pierquet-livre.png","contentUrl":"https:\/\/www.wedrivit.com\/blog\/wp-content\/uploads\/2020\/10\/Alexandre-pierquet-livre.png","width":5000,"height":3750,"caption":"Circuit Alexandre Pierquet"},{"@type":"BreadcrumbList","@id":"https:\/\/www.wedrivit.com\/blog\/voiture\/collection\/les-circuits-alexandre-pierquet-interview#breadcrumb","itemListElement":[{"@type":"ListItem","position":1,"name":"Home","item":"https:\/\/www.wedrivit.com\/blog\/"},{"@type":"ListItem","position":2,"name":"Les circuits d&rsquo;Alexandre Pierquet, interview"}]},{"@type":"WebSite","@id":"https:\/\/www.wedrivit.com\/blog\/#website","url":"https:\/\/www.wedrivit.com\/blog\/","name":"Le blog des voitures de collection par Wedrivit","description":"Tout savoir sur les voitures anciennes grace \u00e0 Wedrivit, la plateforme de location de voitures anciennes entre particuliers.","publisher":{"@id":"https:\/\/www.wedrivit.com\/blog\/#organization"},"potentialAction":[{"@type":"SearchAction","target":{"@type":"EntryPoint","urlTemplate":"https:\/\/www.wedrivit.com\/blog\/?s={search_term_string}"},"query-input":{"@type":"PropertyValueSpecification","valueRequired":true,"valueName":"search_term_string"}}],"inLanguage":"fr-FR"},{"@type":"Organization","@id":"https:\/\/www.wedrivit.com\/blog\/#organization","name":"Le blog des voitures de collection par Wedrivit","url":"https:\/\/www.wedrivit.com\/blog\/","logo":{"@type":"ImageObject","inLanguage":"fr-FR","@id":"https:\/\/www.wedrivit.com\/blog\/#\/schema\/logo\/image\/","url":"https:\/\/www.wedrivit.com\/blog\/wp-content\/uploads\/2024\/12\/wedrivit-blanc-large-2.png","contentUrl":"https:\/\/www.wedrivit.com\/blog\/wp-content\/uploads\/2024\/12\/wedrivit-blanc-large-2.png","caption":"Le blog des voitures de collection par Wedrivit"},"image":{"@id":"https:\/\/www.wedrivit.com\/blog\/#\/schema\/logo\/image\/"}},{"@type":"Person","@id":"https:\/\/www.wedrivit.com\/blog\/#\/schema\/person\/fab68f4cb58a8c68881ac6463efa1a24","name":"Blandine Cauvin","image":{"@type":"ImageObject","inLanguage":"fr-FR","@id":"https:\/\/www.wedrivit.com\/blog\/#\/schema\/person\/image\/","url":"https:\/\/secure.gravatar.com\/avatar\/c0509fcb32c676e2f8653e14df9292c222d1f6a62e649da0056f7593133a1226?s=96&d=mm&r=g","contentUrl":"https:\/\/secure.gravatar.com\/avatar\/c0509fcb32c676e2f8653e14df9292c222d1f6a62e649da0056f7593133a1226?s=96&d=mm&r=g","caption":"Blandine Cauvin"},"sameAs":["http:\/\/www.wedrivit.com"],"url":"https:\/\/www.wedrivit.com\/blog\/voiture\/collection\/author\/blandine-cauvin"}]}},"_links":{"self":[{"href":"https:\/\/www.wedrivit.com\/blog\/wp-json\/wp\/v2\/posts\/1336","targetHints":{"allow":["GET"]}}],"collection":[{"href":"https:\/\/www.wedrivit.com\/blog\/wp-json\/wp\/v2\/posts"}],"about":[{"href":"https:\/\/www.wedrivit.com\/blog\/wp-json\/wp\/v2\/types\/post"}],"author":[{"embeddable":true,"href":"https:\/\/www.wedrivit.com\/blog\/wp-json\/wp\/v2\/users\/9"}],"replies":[{"embeddable":true,"href":"https:\/\/www.wedrivit.com\/blog\/wp-json\/wp\/v2\/comments?post=1336"}],"version-history":[{"count":48,"href":"https:\/\/www.wedrivit.com\/blog\/wp-json\/wp\/v2\/posts\/1336\/revisions"}],"predecessor-version":[{"id":11846,"href":"https:\/\/www.wedrivit.com\/blog\/wp-json\/wp\/v2\/posts\/1336\/revisions\/11846"}],"wp:featuredmedia":[{"embeddable":true,"href":"https:\/\/www.wedrivit.com\/blog\/wp-json\/wp\/v2\/media\/1338"}],"wp:attachment":[{"href":"https:\/\/www.wedrivit.com\/blog\/wp-json\/wp\/v2\/media?parent=1336"}],"wp:term":[{"taxonomy":"category","embeddable":true,"href":"https:\/\/www.wedrivit.com\/blog\/wp-json\/wp\/v2\/categories?post=1336"},{"taxonomy":"post_tag","embeddable":true,"href":"https:\/\/www.wedrivit.com\/blog\/wp-json\/wp\/v2\/tags?post=1336"}],"curies":[{"name":"wp","href":"https:\/\/api.w.org\/{rel}","templated":true}]}}