{"id":11433,"date":"2025-07-16T11:15:24","date_gmt":"2025-07-16T09:15:24","guid":{"rendered":"https:\/\/www.wedrivit.com\/blog\/?p=11433"},"modified":"2025-07-22T10:37:54","modified_gmt":"2025-07-22T08:37:54","slug":"meilleures-voiture-plage","status":"publish","type":"post","link":"https:\/\/www.wedrivit.com\/blog\/voiture\/collection\/meilleures-voiture-plage","title":{"rendered":"Voitures de plage: nos 8 p\u00e9pites anti canicule !"},"content":{"rendered":"\t\t<div data-elementor-type=\"wp-post\" data-elementor-id=\"11433\" class=\"elementor elementor-11433\">\n\t\t\t\t\t\t<section class=\"elementor-section elementor-top-section elementor-element elementor-element-962c581 elementor-section-boxed elementor-section-height-default elementor-section-height-default\" data-id=\"962c581\" data-element_type=\"section\">\n\t\t\t\t\t\t<div class=\"elementor-container elementor-column-gap-default\">\n\t\t\t\t\t<div class=\"elementor-column elementor-col-100 elementor-top-column elementor-element elementor-element-430896c\" data-id=\"430896c\" data-element_type=\"column\">\n\t\t\t<div class=\"elementor-widget-wrap elementor-element-populated\">\n\t\t\t\t\t\t<div class=\"elementor-element elementor-element-d647b00 elementor-widget elementor-widget-text-editor\" data-id=\"d647b00\" data-element_type=\"widget\" data-widget_type=\"text-editor.default\">\n\t\t\t\t<div class=\"elementor-widget-container\">\n\t\t\t\t\t\t\t\t\t<p data-start=\"326\" data-end=\"739\">L\u2019\u00e9t\u00e9 est l\u00e0, le soleil cogne, et une seule envie nous traverse : prendre la route, direction la plage ! Mais bien \u00e9videmment pas avec n\u2019importe quelle voiture \ud83d\ude09\u00a0<\/p><p data-start=\"326\" data-end=\"739\">Pour tout amateur d\u2019automobile ancienne, il existe des mod\u00e8les mythiques con\u00e7us pour filer sur les pistes sableuses avec style et d\u00e9contraction. Ces voitures ne sont pas juste des moyens de transport, elles sont une invitation au voyage, un art de vivre \u00e0 elles seules et un must have pour vos vacances \u00e0 la plage.<\/p><p data-start=\"741\" data-end=\"835\">Voici notre s\u00e9lection des plus belles voitures de collection pour rouler sur le sable et se la couler douce cet \u00e9t\u00e9.<\/p>\t\t\t\t\t\t\t\t<\/div>\n\t\t\t\t<\/div>\n\t\t\t\t<div class=\"elementor-element elementor-element-136738b elementor-widget elementor-widget-image\" data-id=\"136738b\" data-element_type=\"widget\" data-widget_type=\"image.default\">\n\t\t\t\t<div class=\"elementor-widget-container\">\n\t\t\t\t\t\t\t\t\t\t\t\t\t\t\t\t<a href=\"https:\/\/www.wedrivit.com\/\">\n\t\t\t\t\t\t\t<img fetchpriority=\"high\" decoding=\"async\" width=\"760\" height=\"250\" src=\"https:\/\/www.wedrivit.com\/blog\/wp-content\/uploads\/2025\/06\/banniere-wedrivit-1.png\" class=\"attachment-large size-large wp-image-10958\" alt=\"banni\u00e8re wedrivit\" srcset=\"https:\/\/www.wedrivit.com\/blog\/wp-content\/uploads\/2025\/06\/banniere-wedrivit-1.png 760w, https:\/\/www.wedrivit.com\/blog\/wp-content\/uploads\/2025\/06\/banniere-wedrivit-1-300x99.png 300w\" sizes=\"(max-width: 760px) 100vw, 760px\" \/>\t\t\t\t\t\t\t\t<\/a>\n\t\t\t\t\t\t\t\t\t\t\t\t\t\t\t<\/div>\n\t\t\t\t<\/div>\n\t\t\t\t\t<\/div>\n\t\t<\/div>\n\t\t\t\t\t<\/div>\n\t\t<\/section>\n\t\t\t\t<section class=\"elementor-section elementor-top-section elementor-element elementor-element-812f0a2 elementor-section-boxed elementor-section-height-default elementor-section-height-default\" data-id=\"812f0a2\" data-element_type=\"section\">\n\t\t\t\t\t\t<div class=\"elementor-container elementor-column-gap-default\">\n\t\t\t\t\t<div class=\"elementor-column elementor-col-100 elementor-top-column elementor-element elementor-element-7e552c5\" data-id=\"7e552c5\" data-element_type=\"column\">\n\t\t\t<div class=\"elementor-widget-wrap elementor-element-populated\">\n\t\t\t\t\t\t<div class=\"elementor-element elementor-element-19b811c elementor-widget elementor-widget-heading\" data-id=\"19b811c\" data-element_type=\"widget\" data-widget_type=\"heading.default\">\n\t\t\t\t<div class=\"elementor-widget-container\">\n\t\t\t\t\t<h2 class=\"elementor-heading-title elementor-size-default\">Citro\u00ebn M\u00e9hari (1968\u20131987) \u2013 L\u2019esprit libre \u00e0 la fran\u00e7aise<\/h2>\t\t\t\t<\/div>\n\t\t\t\t<\/div>\n\t\t\t\t<div class=\"elementor-element elementor-element-5099226 elementor-widget elementor-widget-text-editor\" data-id=\"5099226\" data-element_type=\"widget\" data-widget_type=\"text-editor.default\">\n\t\t\t\t<div class=\"elementor-widget-container\">\n\t\t\t\t\t\t\t\t\t<p data-start=\"909\" data-end=\"1179\">Comment d\u00e9marrer un top sur les voitures de plage sans parler de la M\u00e9hari?\u00a0 Con\u00e7ue comme une voiture utilitaire \u00e0 l\u2019\u00e2me libertaire, la M\u00e9hari, d\u00e9voil\u00e9e en 1968, \u00e9tait la r\u00e9ponse de Citro\u00ebn aux besoins d\u2019un public en qu\u00eate d\u2019aventure. L\u00e9g\u00e8re, rustique et atypique, elle repose sur la plateforme de la Dyane 6, avec un moteur bicylindre de 602 cm\u00b3.<\/p><p data-start=\"1181\" data-end=\"1503\">Mais c\u2019est surtout sa carrosserie en ABS thermoform\u00e9, un plastique souple et l\u00e9ger, qui la rend unique. Inoxydable et facile \u00e0 nettoyer, elle supporte sans broncher les projections de sable et les embruns marins. Son poids plume (\u00e0 peine 525 kg) et sa garde au sol convenable en font une excellente compagne pour la plage.<\/p><p data-start=\"1505\" data-end=\"1754\">La M\u00e9hari a \u00e9t\u00e9 utilis\u00e9e par l\u2019arm\u00e9e fran\u00e7aise, la gendarmerie\u2026 mais aussi pour les balades sur les plages de Saint-Tropez, o\u00f9 elle devient l\u2019ic\u00f4ne estivale des ann\u00e9es 70. Elle incarne \u00e0 merveille l\u2019esprit d\u00e9contract\u00e9 du sud de la France.<\/p>\t\t\t\t\t\t\t\t<\/div>\n\t\t\t\t<\/div>\n\t\t\t\t<div class=\"elementor-element elementor-element-0e315e8 elementor-widget elementor-widget-image\" data-id=\"0e315e8\" data-element_type=\"widget\" data-widget_type=\"image.default\">\n\t\t\t\t<div class=\"elementor-widget-container\">\n\t\t\t\t\t\t\t\t\t\t\t\t\t\t\t<img decoding=\"async\" width=\"2560\" height=\"1679\" src=\"https:\/\/www.wedrivit.com\/blog\/wp-content\/uploads\/2025\/07\/location-citroen-mehari-collection-scaled.webp\" class=\"attachment-full size-full wp-image-11436\" alt=\"\" srcset=\"https:\/\/www.wedrivit.com\/blog\/wp-content\/uploads\/2025\/07\/location-citroen-mehari-collection-scaled.webp 2560w, https:\/\/www.wedrivit.com\/blog\/wp-content\/uploads\/2025\/07\/location-citroen-mehari-collection-300x197.webp 300w, https:\/\/www.wedrivit.com\/blog\/wp-content\/uploads\/2025\/07\/location-citroen-mehari-collection-1000x656.webp 1000w, https:\/\/www.wedrivit.com\/blog\/wp-content\/uploads\/2025\/07\/location-citroen-mehari-collection-768x504.webp 768w, https:\/\/www.wedrivit.com\/blog\/wp-content\/uploads\/2025\/07\/location-citroen-mehari-collection-1536x1008.webp 1536w, https:\/\/www.wedrivit.com\/blog\/wp-content\/uploads\/2025\/07\/location-citroen-mehari-collection-2048x1343.webp 2048w\" sizes=\"(max-width: 2560px) 100vw, 2560px\" \/>\t\t\t\t\t\t\t\t\t\t\t\t\t\t\t<\/div>\n\t\t\t\t<\/div>\n\t\t\t\t<div class=\"elementor-element elementor-element-2474ca2 elementor-button-info elementor-align-center elementor-widget elementor-widget-button\" data-id=\"2474ca2\" data-element_type=\"widget\" data-widget_type=\"button.default\">\n\t\t\t\t<div class=\"elementor-widget-container\">\n\t\t\t\t\t\t\t\t\t<div class=\"elementor-button-wrapper\">\n\t\t\t\t\t<a class=\"elementor-button elementor-button-link elementor-size-sm\" href=\"https:\/\/www.wedrivit.com\/location-mehari\">\n\t\t\t\t\t\t<span class=\"elementor-button-content-wrapper\">\n\t\t\t\t\t\t\t\t\t<span class=\"elementor-button-text\">Louer une M\u00e9hari<\/span>\n\t\t\t\t\t<\/span>\n\t\t\t\t\t<\/a>\n\t\t\t\t<\/div>\n\t\t\t\t\t\t\t\t<\/div>\n\t\t\t\t<\/div>\n\t\t\t\t\t<\/div>\n\t\t<\/div>\n\t\t\t\t\t<\/div>\n\t\t<\/section>\n\t\t\t\t<section class=\"elementor-section elementor-top-section elementor-element elementor-element-678b35c elementor-section-boxed elementor-section-height-default elementor-section-height-default\" data-id=\"678b35c\" data-element_type=\"section\">\n\t\t\t\t\t\t<div class=\"elementor-container elementor-column-gap-default\">\n\t\t\t\t\t<div class=\"elementor-column elementor-col-100 elementor-top-column elementor-element elementor-element-dec16e0\" data-id=\"dec16e0\" data-element_type=\"column\">\n\t\t\t<div class=\"elementor-widget-wrap elementor-element-populated\">\n\t\t\t\t\t\t<div class=\"elementor-element elementor-element-8671827 elementor-widget elementor-widget-heading\" data-id=\"8671827\" data-element_type=\"widget\" data-widget_type=\"heading.default\">\n\t\t\t\t<div class=\"elementor-widget-container\">\n\t\t\t\t\t<h2 class=\"elementor-heading-title elementor-size-default\">Renault Super 5 Belle \u00cele (1989\u20131992) \u2013 La citadine transform\u00e9e en cabriolet baln\u00e9aire<\/h2>\t\t\t\t<\/div>\n\t\t\t\t<\/div>\n\t\t\t\t<div class=\"elementor-element elementor-element-e18adf7 elementor-widget elementor-widget-text-editor\" data-id=\"e18adf7\" data-element_type=\"widget\" data-widget_type=\"text-editor.default\">\n\t\t\t\t<div class=\"elementor-widget-container\">\n\t\t\t\t\t\t\t\t\t<p data-start=\"221\" data-end=\"584\">La Renault Super 5 Belle \u00cele est une curiosit\u00e9 de bord de mer, n\u00e9e de l\u2019imagination du carrossier fran\u00e7ais Teilhol. Sur la base de la populaire Super 5, cette version baln\u00e9aire adopte une silhouette compl\u00e8tement reconfigur\u00e9e, avec une carrosserie en polyester, un pare-brise raccourci, une sellerie color\u00e9e et surtout, un toit d\u00e9couvrable pens\u00e9 pour les vacances.<\/p><p data-start=\"586\" data-end=\"992\">Produite en petite s\u00e9rie entre 1989 et 1992, elle reprend les motorisations d\u2019origine de la Super 5 (essentiellement le 1.1L essence), mais son int\u00e9r\u00eat n\u2019est pas dans la performance. Ce mod\u00e8le est taill\u00e9 pour la balade, avec un style \u00e0 mi-chemin entre la M\u00e9hari et la voiture de plage customis\u00e9e. C\u2019est une invitation \u00e0 rouler lentement, en maillot de bain, cheveux au vent, \u00e0 la recherche du spot parfait.<\/p><p data-start=\"994\" data-end=\"1303\">On retrouve encore aujourd\u2019hui quelques exemplaires sur les c\u00f4tes atlantiques, notamment\u2026 \u00e0 Belle-\u00cele-en-Mer, o\u00f9 elle porte plut\u00f4t bien son nom. Rare et atypique, elle s\u00e9duit par son c\u00f4t\u00e9 d\u00e9cal\u00e9 et r\u00e9solument estival, parfait pour ceux qui veulent se d\u00e9marquer tout en gardant une touche populaire<\/p>\t\t\t\t\t\t\t\t<\/div>\n\t\t\t\t<\/div>\n\t\t\t\t<div class=\"elementor-element elementor-element-f4ff1b2 elementor-widget elementor-widget-image\" data-id=\"f4ff1b2\" data-element_type=\"widget\" data-widget_type=\"image.default\">\n\t\t\t\t<div class=\"elementor-widget-container\">\n\t\t\t\t\t\t\t\t\t\t\t\t\t\t\t<img decoding=\"async\" src=\"https:\/\/wedrivit.s3.eu-west-3.amazonaws.com\/uploads\/1682025282249eXboYtOIUUviU0c9WsR3q02S8.webp\" title=\"\" alt=\"\" loading=\"lazy\" \/>\t\t\t\t\t\t\t\t\t\t\t\t\t\t\t<\/div>\n\t\t\t\t<\/div>\n\t\t\t\t<div class=\"elementor-element elementor-element-cfce233 elementor-button-info elementor-align-center elementor-widget elementor-widget-button\" data-id=\"cfce233\" data-element_type=\"widget\" data-widget_type=\"button.default\">\n\t\t\t\t<div class=\"elementor-widget-container\">\n\t\t\t\t\t\t\t\t\t<div class=\"elementor-button-wrapper\">\n\t\t\t\t\t<a class=\"elementor-button elementor-button-link elementor-size-sm\" href=\"https:\/\/www.wedrivit.com\/voiture\/levallois-perret\/renault\/1682\">\n\t\t\t\t\t\t<span class=\"elementor-button-content-wrapper\">\n\t\t\t\t\t\t\t\t\t<span class=\"elementor-button-text\">Super 5 Belle Ile en location<\/span>\n\t\t\t\t\t<\/span>\n\t\t\t\t\t<\/a>\n\t\t\t\t<\/div>\n\t\t\t\t\t\t\t\t<\/div>\n\t\t\t\t<\/div>\n\t\t\t\t\t<\/div>\n\t\t<\/div>\n\t\t\t\t\t<\/div>\n\t\t<\/section>\n\t\t\t\t<section class=\"elementor-section elementor-top-section elementor-element elementor-element-4b86705 elementor-section-boxed elementor-section-height-default elementor-section-height-default\" data-id=\"4b86705\" data-element_type=\"section\">\n\t\t\t\t\t\t<div class=\"elementor-container elementor-column-gap-default\">\n\t\t\t\t\t<div class=\"elementor-column elementor-col-100 elementor-top-column elementor-element elementor-element-919ea8a\" data-id=\"919ea8a\" data-element_type=\"column\">\n\t\t\t<div class=\"elementor-widget-wrap elementor-element-populated\">\n\t\t\t\t\t\t<div class=\"elementor-element elementor-element-a632cef elementor-widget elementor-widget-heading\" data-id=\"a632cef\" data-element_type=\"widget\" data-widget_type=\"heading.default\">\n\t\t\t\t<div class=\"elementor-widget-container\">\n\t\t\t\t\t<h2 class=\"elementor-heading-title elementor-size-default\">Mini Moke (1964\u20131993) \u2013 L\u2019anglaise devenue star des plages<\/h2>\t\t\t\t<\/div>\n\t\t\t\t<\/div>\n\t\t\t\t<div class=\"elementor-element elementor-element-5bfab6d elementor-widget elementor-widget-text-editor\" data-id=\"5bfab6d\" data-element_type=\"widget\" data-widget_type=\"text-editor.default\">\n\t\t\t\t<div class=\"elementor-widget-container\">\n\t\t\t\t\t\t\t\t\t<p data-start=\"1828\" data-end=\"2142\">Initialement con\u00e7ue par BMC comme une version militaire de la Mini, la Moke (qui signifie \u201c\u00e2ne\u201d en argot anglais) a \u00e9t\u00e9 recal\u00e9e par l\u2019arm\u00e9e britannique, jug\u00e9e trop basse pour les terrains difficiles. Ironie du sort, c\u2019est cette silhouette l\u00e9g\u00e8re, ouverte, presque na\u00efve, qui s\u00e9duira les vacanciers du monde entier.<\/p><p data-start=\"2144\" data-end=\"2402\">Dot\u00e9e du m\u00eame moteur que la Mini (848 cm\u00b3 \u00e0 998 cm\u00b3 selon les versions), elle b\u00e9n\u00e9ficie d\u2019un comportement vif, d\u2019une maniabilit\u00e9 exceptionnelle et d\u2019une tenue de route surprenante. Sa simplicit\u00e9 est sa force : peu de pi\u00e8ces, peu de poids, beaucoup de charme.<\/p><p data-start=\"2404\" data-end=\"2608\">Elle est adopt\u00e9e tr\u00e8s t\u00f4t par les stars hollywoodiennes comme Brigitte Bardot ou les Beatles, qui en font un accessoire de mode. La Mini Moke s\u2019impose comme la voiture de plage chic et rebelle.<\/p>\t\t\t\t\t\t\t\t<\/div>\n\t\t\t\t<\/div>\n\t\t\t\t<div class=\"elementor-element elementor-element-914dd4d elementor-widget elementor-widget-image\" data-id=\"914dd4d\" data-element_type=\"widget\" data-widget_type=\"image.default\">\n\t\t\t\t<div class=\"elementor-widget-container\">\n\t\t\t\t\t\t\t\t\t\t\t\t\t\t\t<img decoding=\"async\" width=\"1000\" height=\"750\" src=\"https:\/\/www.wedrivit.com\/blog\/wp-content\/uploads\/2025\/07\/location-mini-moke-1000x750.webp\" class=\"attachment-large size-large wp-image-11440\" alt=\"\" srcset=\"https:\/\/www.wedrivit.com\/blog\/wp-content\/uploads\/2025\/07\/location-mini-moke-1000x750.webp 1000w, https:\/\/www.wedrivit.com\/blog\/wp-content\/uploads\/2025\/07\/location-mini-moke-300x225.webp 300w, https:\/\/www.wedrivit.com\/blog\/wp-content\/uploads\/2025\/07\/location-mini-moke-768x576.webp 768w, https:\/\/www.wedrivit.com\/blog\/wp-content\/uploads\/2025\/07\/location-mini-moke-120x90.webp 120w, https:\/\/www.wedrivit.com\/blog\/wp-content\/uploads\/2025\/07\/location-mini-moke.webp 1200w\" sizes=\"(max-width: 1000px) 100vw, 1000px\" \/>\t\t\t\t\t\t\t\t\t\t\t\t\t\t\t<\/div>\n\t\t\t\t<\/div>\n\t\t\t\t<div class=\"elementor-element elementor-element-4aca7b0 elementor-button-info elementor-align-center elementor-widget elementor-widget-button\" data-id=\"4aca7b0\" data-element_type=\"widget\" data-widget_type=\"button.default\">\n\t\t\t\t<div class=\"elementor-widget-container\">\n\t\t\t\t\t\t\t\t\t<div class=\"elementor-button-wrapper\">\n\t\t\t\t\t<a class=\"elementor-button elementor-button-link elementor-size-sm\" href=\"https:\/\/www.wedrivit.com\/voiture\/puteaux\/austin\/173\">\n\t\t\t\t\t\t<span class=\"elementor-button-content-wrapper\">\n\t\t\t\t\t\t\t\t\t<span class=\"elementor-button-text\">AUSTIN mini moke en location<\/span>\n\t\t\t\t\t<\/span>\n\t\t\t\t\t<\/a>\n\t\t\t\t<\/div>\n\t\t\t\t\t\t\t\t<\/div>\n\t\t\t\t<\/div>\n\t\t\t\t\t<\/div>\n\t\t<\/div>\n\t\t\t\t\t<\/div>\n\t\t<\/section>\n\t\t\t\t<section class=\"elementor-section elementor-top-section elementor-element elementor-element-3fe1b3d elementor-section-boxed elementor-section-height-default elementor-section-height-default\" data-id=\"3fe1b3d\" data-element_type=\"section\">\n\t\t\t\t\t\t<div class=\"elementor-container elementor-column-gap-default\">\n\t\t\t\t\t<div class=\"elementor-column elementor-col-100 elementor-top-column elementor-element elementor-element-343199c\" data-id=\"343199c\" data-element_type=\"column\">\n\t\t\t<div class=\"elementor-widget-wrap elementor-element-populated\">\n\t\t\t\t\t\t<div class=\"elementor-element elementor-element-216a385 elementor-widget elementor-widget-heading\" data-id=\"216a385\" data-element_type=\"widget\" data-widget_type=\"heading.default\">\n\t\t\t\t<div class=\"elementor-widget-container\">\n\t\t\t\t\t<h2 class=\"elementor-heading-title elementor-size-default\">Suzuki Samurai (1981\u20132004) \u2013 Le petit 4x4 au grand c\u0153ur<\/h2>\t\t\t\t<\/div>\n\t\t\t\t<\/div>\n\t\t\t\t<div class=\"elementor-element elementor-element-3966445 elementor-widget elementor-widget-text-editor\" data-id=\"3966445\" data-element_type=\"widget\" data-widget_type=\"text-editor.default\">\n\t\t\t\t<div class=\"elementor-widget-container\">\n\t\t\t\t\t\t\t\t\t<p data-start=\"184\" data-end=\"485\">\u00c0 premi\u00e8re vue, le Suzuki Samurai n\u2019a pas l\u2019allure d\u00e9cal\u00e9e d\u2019une M\u00e9hari, pourtant, ce petit 4&#215;4 japonais, rustique et intr\u00e9pide, est devenu au fil des ann\u00e9es un compagnon de plage appr\u00e9ci\u00e9 pour sa simplicit\u00e9, sa robustesse et sa capacit\u00e9 \u00e0 se faufiler partout.<\/p><p data-start=\"487\" data-end=\"1003\">Issu du LJ80 et du SJ410, le Samurai d\u00e9barque en Europe au d\u00e9but des ann\u00e9es 80. Disponible en version cabriolet, il est motoris\u00e9 par un 1.0 ou 1.3 L essence selon les versions, avec une transmission int\u00e9grale et des capacit\u00e9s de franchissement \u00e9tonnantes pour un gabarit aussi compact. Gr\u00e2ce \u00e0 son poids l\u00e9ger, ses ponts rigides et sa garde au sol \u00e9lev\u00e9e, il passe l\u00e0 o\u00f9 bien des SUV modernes h\u00e9sitent. Sur le sable, il s\u2019en sort avec brio, d\u2019autant plus qu\u2019il est facilement modifiable (pneus larges, arceau, etc.).<\/p><p data-start=\"1005\" data-end=\"1360\">Dans les ann\u00e9es 90, il devient une ic\u00f4ne des stations baln\u00e9aires espagnoles et portugaises, o\u00f9 il est utilis\u00e9 aussi bien pour la plage que pour grimper les chemins caillouteux des campagnes. En version d\u00e9couvrable, avec des couleurs vives et souvent personnalis\u00e9 par ses propri\u00e9taires, le Samurai incarne une forme de libert\u00e9 simple et joyeuse.<\/p>\t\t\t\t\t\t\t\t<\/div>\n\t\t\t\t<\/div>\n\t\t\t\t<div class=\"elementor-element elementor-element-913e411 elementor-widget elementor-widget-image\" data-id=\"913e411\" data-element_type=\"widget\" data-widget_type=\"image.default\">\n\t\t\t\t<div class=\"elementor-widget-container\">\n\t\t\t\t\t\t\t\t\t\t\t\t\t\t\t<img loading=\"lazy\" decoding=\"async\" width=\"1024\" height=\"768\" src=\"https:\/\/www.wedrivit.com\/blog\/wp-content\/uploads\/2025\/07\/d4fec5f8-4903-11ee-934b-7d10e34adc5c.jpeg\" class=\"attachment-full size-full wp-image-11441\" alt=\"\" srcset=\"https:\/\/www.wedrivit.com\/blog\/wp-content\/uploads\/2025\/07\/d4fec5f8-4903-11ee-934b-7d10e34adc5c.jpeg 1024w, https:\/\/www.wedrivit.com\/blog\/wp-content\/uploads\/2025\/07\/d4fec5f8-4903-11ee-934b-7d10e34adc5c-300x225.jpeg 300w, https:\/\/www.wedrivit.com\/blog\/wp-content\/uploads\/2025\/07\/d4fec5f8-4903-11ee-934b-7d10e34adc5c-1000x750.jpeg 1000w, https:\/\/www.wedrivit.com\/blog\/wp-content\/uploads\/2025\/07\/d4fec5f8-4903-11ee-934b-7d10e34adc5c-768x576.jpeg 768w, https:\/\/www.wedrivit.com\/blog\/wp-content\/uploads\/2025\/07\/d4fec5f8-4903-11ee-934b-7d10e34adc5c-120x90.jpeg 120w\" sizes=\"(max-width: 1024px) 100vw, 1024px\" \/>\t\t\t\t\t\t\t\t\t\t\t\t\t\t\t<\/div>\n\t\t\t\t<\/div>\n\t\t\t\t\t<\/div>\n\t\t<\/div>\n\t\t\t\t\t<\/div>\n\t\t<\/section>\n\t\t\t\t<section class=\"elementor-section elementor-top-section elementor-element elementor-element-3f434bc elementor-section-boxed elementor-section-height-default elementor-section-height-default\" data-id=\"3f434bc\" data-element_type=\"section\">\n\t\t\t\t\t\t<div class=\"elementor-container elementor-column-gap-default\">\n\t\t\t\t\t<div class=\"elementor-column elementor-col-100 elementor-top-column elementor-element elementor-element-7a146e8\" data-id=\"7a146e8\" data-element_type=\"column\">\n\t\t\t<div class=\"elementor-widget-wrap elementor-element-populated\">\n\t\t\t\t\t\t<div class=\"elementor-element elementor-element-829cc58 elementor-widget elementor-widget-heading\" data-id=\"829cc58\" data-element_type=\"widget\" data-widget_type=\"heading.default\">\n\t\t\t\t<div class=\"elementor-widget-container\">\n\t\t\t\t\t<h2 class=\"elementor-heading-title elementor-size-default\">Volkswagen 181 \"Thing\" \u2013 La baroudeuse d\u00e9cal\u00e9e<\/h2>\t\t\t\t<\/div>\n\t\t\t\t<\/div>\n\t\t\t\t<div class=\"elementor-element elementor-element-c67dcc3 elementor-widget elementor-widget-text-editor\" data-id=\"c67dcc3\" data-element_type=\"widget\" data-widget_type=\"text-editor.default\">\n\t\t\t\t<div class=\"elementor-widget-container\">\n\t\t\t\t\t\t\t\t\t<p data-start=\"3447\" data-end=\"3684\">Dans les ann\u00e9es 70, Volkswagen remet au go\u00fbt du jour une vieille recette : celle de la K\u00fcbelwagen de la Seconde Guerre mondiale. Ainsi na\u00eet la Type 181, surnomm\u00e9e \u00ab\u00a0The Thing\u00a0\u00bb aux \u00c9tats-Unis, con\u00e7ue pour \u00eatre rustique, simple et amusante.<\/p><p data-start=\"3686\" data-end=\"4000\">Elle reprend la m\u00e9canique de la c\u00e9l\u00e8bre Coccinelle (moteur 1.5 puis 1.6L refroidi par air), avec une carrosserie anguleuse, des portes amovibles, un pare-brise rabattable et une garde au sol appr\u00e9ciable. Elle se manie bien sur les plages et les chemins sablonneux gr\u00e2ce \u00e0 son poids contenu et sa motricit\u00e9 arri\u00e8re.<\/p><p data-start=\"4002\" data-end=\"4162\">Au Mexique et dans certaines \u00eeles des Cara\u00efbes, elle est toujours utilis\u00e9e comme taxi touristique, preuve de sa robustesse et de son look intemporel.<\/p>\t\t\t\t\t\t\t\t<\/div>\n\t\t\t\t<\/div>\n\t\t\t\t<section class=\"elementor-section elementor-inner-section elementor-element elementor-element-4efad6b elementor-section-boxed elementor-section-height-default elementor-section-height-default\" data-id=\"4efad6b\" data-element_type=\"section\">\n\t\t\t\t\t\t<div class=\"elementor-container elementor-column-gap-default\">\n\t\t\t\t\t<div class=\"elementor-column elementor-col-100 elementor-inner-column elementor-element elementor-element-cd65894\" data-id=\"cd65894\" data-element_type=\"column\">\n\t\t\t<div class=\"elementor-widget-wrap elementor-element-populated\">\n\t\t\t\t\t\t<div class=\"elementor-element elementor-element-fab8ee8 elementor-widget elementor-widget-image\" data-id=\"fab8ee8\" data-element_type=\"widget\" data-widget_type=\"image.default\">\n\t\t\t\t<div class=\"elementor-widget-container\">\n\t\t\t\t\t\t\t\t\t\t\t\t\t\t\t<img loading=\"lazy\" decoding=\"async\" width=\"1000\" height=\"625\" src=\"https:\/\/www.wedrivit.com\/blog\/wp-content\/uploads\/2025\/07\/Volkwagen-vw-181-1-1000x625.jpg\" class=\"attachment-large size-large wp-image-11443\" alt=\"\" srcset=\"https:\/\/www.wedrivit.com\/blog\/wp-content\/uploads\/2025\/07\/Volkwagen-vw-181-1-1000x625.jpg 1000w, https:\/\/www.wedrivit.com\/blog\/wp-content\/uploads\/2025\/07\/Volkwagen-vw-181-1-300x188.jpg 300w, https:\/\/www.wedrivit.com\/blog\/wp-content\/uploads\/2025\/07\/Volkwagen-vw-181-1-768x480.jpg 768w, https:\/\/www.wedrivit.com\/blog\/wp-content\/uploads\/2025\/07\/Volkwagen-vw-181-1.jpg 1024w\" sizes=\"(max-width: 1000px) 100vw, 1000px\" \/>\t\t\t\t\t\t\t\t\t\t\t\t\t\t\t<\/div>\n\t\t\t\t<\/div>\n\t\t\t\t\t<\/div>\n\t\t<\/div>\n\t\t\t\t\t<\/div>\n\t\t<\/section>\n\t\t\t\t\t<\/div>\n\t\t<\/div>\n\t\t\t\t\t<\/div>\n\t\t<\/section>\n\t\t\t\t<section class=\"elementor-section elementor-top-section elementor-element elementor-element-a4bca19 elementor-section-boxed elementor-section-height-default elementor-section-height-default\" data-id=\"a4bca19\" data-element_type=\"section\">\n\t\t\t\t\t\t<div class=\"elementor-container elementor-column-gap-default\">\n\t\t\t\t\t<div class=\"elementor-column elementor-col-100 elementor-top-column elementor-element elementor-element-682a8c5\" data-id=\"682a8c5\" data-element_type=\"column\">\n\t\t\t<div class=\"elementor-widget-wrap elementor-element-populated\">\n\t\t\t\t\t\t<div class=\"elementor-element elementor-element-0ae4d5f elementor-widget elementor-widget-heading\" data-id=\"0ae4d5f\" data-element_type=\"widget\" data-widget_type=\"heading.default\">\n\t\t\t\t<div class=\"elementor-widget-container\">\n\t\t\t\t\t<h2 class=\"elementor-heading-title elementor-size-default\">Renault Rodeo (1970\u20131987) \u2013 L\u2019alternative hexagonale<\/h2>\t\t\t\t<\/div>\n\t\t\t\t<\/div>\n\t\t\t\t<div class=\"elementor-element elementor-element-bb43a84 elementor-widget elementor-widget-text-editor\" data-id=\"bb43a84\" data-element_type=\"widget\" data-widget_type=\"text-editor.default\">\n\t\t\t\t<div class=\"elementor-widget-container\">\n\t\t\t\t\t\t\t\t\t<p data-start=\"4230\" data-end=\"4500\">Souvent dans l\u2019ombre de la M\u00e9hari, la Renault Rodeo m\u00e9rite pourtant d\u2019\u00eatre mise en lumi\u00e8re. D\u00e9velopp\u00e9e par ACL (Ateliers de Construction du Livradois) pour Renault, elle s\u2019inscrit dans la m\u00eame philosophie : voiture l\u00e9g\u00e8re, d\u00e9couvrable, avec une carrosserie en polyester.<\/p><p data-start=\"4502\" data-end=\"4748\">Bas\u00e9e sur les Renault 4, 6 ou Express selon les versions, elle h\u00e9rite de motorisations allant de 845 cm\u00b3 \u00e0 1 108 cm\u00b3. Plus rare que la M\u00e9hari, elle offre une conduite un peu plus \u201cautomobile\u201d tout en conservant sa vocation utilitaire et estivale.<\/p><p data-start=\"4750\" data-end=\"4941\">Certaines versions de la Rodeo ont \u00e9t\u00e9 utilis\u00e9es sur les plages de l\u2019Atlantique par des clubs de surf ou des offices du tourisme, s\u00e9duits par sa modularit\u00e9 et son entretien facile.<\/p>\t\t\t\t\t\t\t\t<\/div>\n\t\t\t\t<\/div>\n\t\t\t\t<div class=\"elementor-element elementor-element-91ce48f elementor-widget elementor-widget-image\" data-id=\"91ce48f\" data-element_type=\"widget\" data-widget_type=\"image.default\">\n\t\t\t\t<div class=\"elementor-widget-container\">\n\t\t\t\t\t\t\t\t\t\t\t\t\t\t\t<img loading=\"lazy\" decoding=\"async\" width=\"1000\" height=\"789\" src=\"https:\/\/www.wedrivit.com\/blog\/wp-content\/uploads\/2025\/07\/renault-rodeo-1000x789.jpg\" class=\"attachment-large size-large wp-image-11447\" alt=\"\" srcset=\"https:\/\/www.wedrivit.com\/blog\/wp-content\/uploads\/2025\/07\/renault-rodeo-1000x789.jpg 1000w, https:\/\/www.wedrivit.com\/blog\/wp-content\/uploads\/2025\/07\/renault-rodeo-300x237.jpg 300w, https:\/\/www.wedrivit.com\/blog\/wp-content\/uploads\/2025\/07\/renault-rodeo-768x606.jpg 768w, https:\/\/www.wedrivit.com\/blog\/wp-content\/uploads\/2025\/07\/renault-rodeo.jpg 1024w\" sizes=\"(max-width: 1000px) 100vw, 1000px\" \/>\t\t\t\t\t\t\t\t\t\t\t\t\t\t\t<\/div>\n\t\t\t\t<\/div>\n\t\t\t\t\t<\/div>\n\t\t<\/div>\n\t\t\t\t\t<\/div>\n\t\t<\/section>\n\t\t\t\t<section class=\"elementor-section elementor-top-section elementor-element elementor-element-57b9f0a elementor-section-boxed elementor-section-height-default elementor-section-height-default\" data-id=\"57b9f0a\" data-element_type=\"section\">\n\t\t\t\t\t\t<div class=\"elementor-container elementor-column-gap-default\">\n\t\t\t\t\t<div class=\"elementor-column elementor-col-100 elementor-top-column elementor-element elementor-element-6156bc6\" data-id=\"6156bc6\" data-element_type=\"column\">\n\t\t\t<div class=\"elementor-widget-wrap elementor-element-populated\">\n\t\t\t\t\t\t<div class=\"elementor-element elementor-element-e23af9a elementor-widget elementor-widget-heading\" data-id=\"e23af9a\" data-element_type=\"widget\" data-widget_type=\"heading.default\">\n\t\t\t\t<div class=\"elementor-widget-container\">\n\t\t\t\t\t<h2 class=\"elementor-heading-title elementor-size-default\">Jeep Willys CJ \u2013 L\u2019aventuri\u00e8re d\u2019origine<\/h2>\t\t\t\t<\/div>\n\t\t\t\t<\/div>\n\t\t\t\t<div class=\"elementor-element elementor-element-11c0f08 elementor-widget elementor-widget-text-editor\" data-id=\"11c0f08\" data-element_type=\"widget\" data-widget_type=\"text-editor.default\">\n\t\t\t\t<div class=\"elementor-widget-container\">\n\t\t\t\t\t\t\t\t\t<p data-start=\"4997\" data-end=\"5291\">Difficile de faire plus l\u00e9gendaire que la Jeep Willys. D\u00e9riv\u00e9e directement du mod\u00e8le militaire MB de la Seconde Guerre mondiale, la CJ (pour \u201cCivilian Jeep\u201d) est lanc\u00e9e d\u00e8s 1945 pour les usages civils. C\u2019est la voiture des pionniers, des agriculteurs, mais aussi des amateurs de grands espaces.<\/p><p data-start=\"5293\" data-end=\"5530\">Motoris\u00e9e par un 4 cylindres \u201cGo Devil\u201d de 2.2 L, elle offre un couple g\u00e9n\u00e9reux et une transmission 4&#215;4 simple mais efficace. Sur sable, elle se sent comme chez elle, capable de franchir des dunes que bien des SUV modernes redouteraient.<\/p><p data-start=\"5532\" data-end=\"5736\">Pendant les ann\u00e9es 50, on retrouve la Jeep Willys sur les plages de Californie, mais aussi au Maroc ou au Br\u00e9sil, souvent d\u00e9cor\u00e9e de motifs artisanaux ou reconvertie en v\u00e9hicule de plage local.<\/p>\t\t\t\t\t\t\t\t<\/div>\n\t\t\t\t<\/div>\n\t\t\t\t<div class=\"elementor-element elementor-element-2e828b0 elementor-widget elementor-widget-image\" data-id=\"2e828b0\" data-element_type=\"widget\" data-widget_type=\"image.default\">\n\t\t\t\t<div class=\"elementor-widget-container\">\n\t\t\t\t\t\t\t\t\t\t\t\t\t\t\t<img decoding=\"async\" src=\"https:\/\/wedrivit.s3.eu-west-3.amazonaws.com\/uploads\/f72db943da797686ba5a3c84eeb117aa.webp\" title=\"\" alt=\"\" loading=\"lazy\" \/>\t\t\t\t\t\t\t\t\t\t\t\t\t\t\t<\/div>\n\t\t\t\t<\/div>\n\t\t\t\t<div class=\"elementor-element elementor-element-ff74442 elementor-button-info elementor-align-center elementor-widget elementor-widget-button\" data-id=\"ff74442\" data-element_type=\"widget\" data-widget_type=\"button.default\">\n\t\t\t\t<div class=\"elementor-widget-container\">\n\t\t\t\t\t\t\t\t\t<div class=\"elementor-button-wrapper\">\n\t\t\t\t\t<a class=\"elementor-button elementor-button-link elementor-size-sm\" href=\"https:\/\/wedrivit.com\/rechercher?search=Jeep%20Willys%20CJ\">\n\t\t\t\t\t\t<span class=\"elementor-button-content-wrapper\">\n\t\t\t\t\t\t\t\t\t<span class=\"elementor-button-text\">Louer une Jeep Willys<\/span>\n\t\t\t\t\t<\/span>\n\t\t\t\t\t<\/a>\n\t\t\t\t<\/div>\n\t\t\t\t\t\t\t\t<\/div>\n\t\t\t\t<\/div>\n\t\t\t\t\t<\/div>\n\t\t<\/div>\n\t\t\t\t\t<\/div>\n\t\t<\/section>\n\t\t\t\t<section class=\"elementor-section elementor-top-section elementor-element elementor-element-fd644d9 elementor-section-boxed elementor-section-height-default elementor-section-height-default\" data-id=\"fd644d9\" data-element_type=\"section\">\n\t\t\t\t\t\t<div class=\"elementor-container elementor-column-gap-default\">\n\t\t\t\t\t<div class=\"elementor-column elementor-col-100 elementor-top-column elementor-element elementor-element-f25d15c\" data-id=\"f25d15c\" data-element_type=\"column\">\n\t\t\t<div class=\"elementor-widget-wrap elementor-element-populated\">\n\t\t\t\t\t\t<div class=\"elementor-element elementor-element-1940be2 elementor-widget elementor-widget-heading\" data-id=\"1940be2\" data-element_type=\"widget\" data-widget_type=\"heading.default\">\n\t\t\t\t<div class=\"elementor-widget-container\">\n\t\t\t\t\t<h2 class=\"elementor-heading-title elementor-size-default\">Les Buggies sur base Coccinelle \u2013 L\u2019esprit custom californien<\/h2>\t\t\t\t<\/div>\n\t\t\t\t<\/div>\n\t\t\t\t<div class=\"elementor-element elementor-element-d1cb8d4 elementor-widget elementor-widget-text-editor\" data-id=\"d1cb8d4\" data-element_type=\"widget\" data-widget_type=\"text-editor.default\">\n\t\t\t\t<div class=\"elementor-widget-container\">\n\t\t\t\t\t\t\t\t\t<p data-start=\"5743\" data-end=\"5811\">Dans les ann\u00e9es 60, un Am\u00e9ricain nomm\u00e9 Bruce Meyers con\u00e7oit le premier \u201cdune buggy\u201d sur base de Volkswagen Coccinelle : le c\u00e9l\u00e8bre <strong data-start=\"5944\" data-end=\"5959\">Meyers Manx<\/strong>. En raccourcissant le ch\u00e2ssis de la Coccinelle, en y greffant une coque en fibre de verre et de grosses roues, il cr\u00e9e un v\u00e9hicule l\u00e9ger, nerveux et totalement d\u00e9di\u00e9 au plaisir.<\/p><p data-start=\"6139\" data-end=\"6425\">Les buggies se d\u00e9clinent ensuite en centaines de versions artisanales en Europe, notamment en France (Apal, Charly, Sovra\u2026), souvent immatricul\u00e9s comme v\u00e9hicules de loisir. Avec leur moteur \u00e0 l\u2019arri\u00e8re, leur faible poids et leur allure unique, ce sont des stars incontest\u00e9es des plages.<\/p><p data-start=\"6427\" data-end=\"6626\">Certains buggies fran\u00e7ais \u00e9taient utilis\u00e9s dans les stations baln\u00e9aires pour les concours de beaut\u00e9 ou les parades estivales, avec musique \u00e0 fond et couronnes de fleurs sur les pare-brise.<\/p>\t\t\t\t\t\t\t\t<\/div>\n\t\t\t\t<\/div>\n\t\t\t\t<section class=\"elementor-section elementor-inner-section elementor-element elementor-element-11d1059 elementor-section-boxed elementor-section-height-default elementor-section-height-default\" data-id=\"11d1059\" data-element_type=\"section\">\n\t\t\t\t\t\t<div class=\"elementor-container elementor-column-gap-default\">\n\t\t\t\t\t<div class=\"elementor-column elementor-col-100 elementor-inner-column elementor-element elementor-element-8991549\" data-id=\"8991549\" data-element_type=\"column\">\n\t\t\t<div class=\"elementor-widget-wrap elementor-element-populated\">\n\t\t\t\t\t\t<div class=\"elementor-element elementor-element-2090bd9 elementor-widget elementor-widget-image\" data-id=\"2090bd9\" data-element_type=\"widget\" data-widget_type=\"image.default\">\n\t\t\t\t<div class=\"elementor-widget-container\">\n\t\t\t\t\t\t\t\t\t\t\t\t\t\t\t<img decoding=\"async\" src=\"https:\/\/wedrivit.s3.eu-west-3.amazonaws.com\/uploads\/1684062752983syAGbdNzCYQWrtBpDeaoMGfga.webp\" title=\"\" alt=\"\" loading=\"lazy\" \/>\t\t\t\t\t\t\t\t\t\t\t\t\t\t\t<\/div>\n\t\t\t\t<\/div>\n\t\t\t\t<div class=\"elementor-element elementor-element-0a2d270 elementor-button-info elementor-align-center elementor-widget elementor-widget-button\" data-id=\"0a2d270\" data-element_type=\"widget\" data-widget_type=\"button.default\">\n\t\t\t\t<div class=\"elementor-widget-container\">\n\t\t\t\t\t\t\t\t\t<div class=\"elementor-button-wrapper\">\n\t\t\t\t\t<a class=\"elementor-button elementor-button-link elementor-size-sm\" href=\"https:\/\/wedrivit.com\/voiture\/carqueiranne\/volkswagen\/1724\">\n\t\t\t\t\t\t<span class=\"elementor-button-content-wrapper\">\n\t\t\t\t\t\t\t\t\t<span class=\"elementor-button-text\">Louer une VW Buggy<\/span>\n\t\t\t\t\t<\/span>\n\t\t\t\t\t<\/a>\n\t\t\t\t<\/div>\n\t\t\t\t\t\t\t\t<\/div>\n\t\t\t\t<\/div>\n\t\t\t\t\t<\/div>\n\t\t<\/div>\n\t\t\t\t\t<\/div>\n\t\t<\/section>\n\t\t\t\t\t<\/div>\n\t\t<\/div>\n\t\t\t\t\t<\/div>\n\t\t<\/section>\n\t\t\t\t<section class=\"elementor-section elementor-top-section elementor-element elementor-element-1a30ee8 elementor-section-boxed elementor-section-height-default elementor-section-height-default\" data-id=\"1a30ee8\" data-element_type=\"section\">\n\t\t\t\t\t\t<div class=\"elementor-container elementor-column-gap-default\">\n\t\t\t\t\t<div class=\"elementor-column elementor-col-100 elementor-top-column elementor-element elementor-element-fff943f\" data-id=\"fff943f\" data-element_type=\"column\">\n\t\t\t<div class=\"elementor-widget-wrap elementor-element-populated\">\n\t\t\t\t\t\t<div class=\"elementor-element elementor-element-00e5c20 elementor-widget elementor-widget-heading\" data-id=\"00e5c20\" data-element_type=\"widget\" data-widget_type=\"heading.default\">\n\t\t\t\t<div class=\"elementor-widget-container\">\n\t\t\t\t\t<h2 class=\"elementor-heading-title elementor-size-default\">Avant de poser les roues sur le sable...<\/h2>\t\t\t\t<\/div>\n\t\t\t\t<\/div>\n\t\t\t\t<div class=\"elementor-element elementor-element-7db9b86 elementor-widget elementor-widget-text-editor\" data-id=\"7db9b86\" data-element_type=\"widget\" data-widget_type=\"text-editor.default\">\n\t\t\t\t<div class=\"elementor-widget-container\">\n\t\t\t\t\t\t\t\t\t<p data-start=\"161\" data-end=\"597\">Avant de filer vers l\u2019horizon les cheveux au vent, mieux vaut prendre quelques pr\u00e9cautions pour profiter pleinement de votre escapade sans risquer d\u2019endommager votre pr\u00e9cieuse voiture de collection. D\u2019abord, il est essentiel d\u2019adapter la pression des pneus. Sur le sable, une pression plus basse qu\u2019\u00e0 l\u2019habitude am\u00e9liore l\u2019adh\u00e9rence en augmentant la surface de contact, ce qui \u00e9vite de s\u2019enliser dans les zones plus souples ou humides.<\/p><p data-start=\"599\" data-end=\"1085\">Il faut \u00e9galement veiller \u00e0 ne jamais s\u2019approcher de l\u2019eau de mer. Les embruns et les projections sal\u00e9es sont particuli\u00e8rement agressifs pour les pi\u00e8ces m\u00e9talliques et peuvent acc\u00e9l\u00e9rer la corrosion, m\u00eame sur une carrosserie restaur\u00e9e. Pour cette m\u00eame raison, un nettoyage minutieux du ch\u00e2ssis est vivement recommand\u00e9 apr\u00e8s chaque sortie. L\u2019id\u00e9al est de rincer \u00e0 grande eau toutes les parties expos\u00e9es, y compris les dessous du v\u00e9hicule, pour \u00e9liminer sable, sel et humidit\u00e9 r\u00e9siduelle.<\/p><p data-start=\"1087\" data-end=\"1564\">Enfin, il convient de se renseigner en amont sur la r\u00e9glementation locale. Dans de nombreuses communes fran\u00e7aises, la circulation sur le sable est interdite afin de prot\u00e9ger l\u2019\u00e9cosyst\u00e8me c\u00f4tier. Toutefois, certaines plages sp\u00e9cifiques ou terrains priv\u00e9s autorisent ce type de pratique, notamment \u00e0 l\u2019occasion de rassemblements ou d\u2019\u00e9v\u00e9nements automobiles. Mieux vaut donc toujours s&rsquo;assurer d&rsquo;\u00eatre dans les clous, pour rouler librement sans risquer l\u2019amende\u2026 ou l\u2019impopularit\u00e9.<\/p><p data-start=\"198\" data-end=\"555\">Les voitures de plage anciennes ne sont pas faites pour aller vite, ni pour impressionner par leur puissance. Leur vraie force, c\u2019est de vous inviter \u00e0 ralentir. \u00c0 prendre le temps de savourer chaque virage sur une petite route c\u00f4ti\u00e8re, de sentir le vent sal\u00e9 sur votre visage, ou d\u2019\u00e9couter le moteur ronronner doucement au rythme des chemins de campagne.<\/p><p data-start=\"557\" data-end=\"817\">Que ce soit sur les sentiers sablonneux d\u2019une plage encore endormie ou entre les haies fleuries d\u2019un paysage rural, ces voitures offrent une mani\u00e8re unique de vivre les vacances. Elles transforment chaque trajet en balade, chaque d\u00e9tour en moment de plaisir.<\/p><p data-start=\"819\" data-end=\"1160\">Leur conception simple, leur silhouette ouverte et leur ambiance r\u00e9solument estivale en font les compagnes id\u00e9ales pour explorer les environs, s\u2019arr\u00eater o\u00f9 bon vous semble, et profiter du moment. \u00c0 bord d\u2019une M\u00e9hari, d\u2019une Moke ou d\u2019une vieille Jeep, on ne se presse pas : on savoure. Et c\u2019est peut-\u00eatre \u00e7a, la vraie d\u00e9finition de l\u2019\u00e9vasion.<\/p><p data-start=\"819\" data-end=\"1160\">Et si vous ne poss\u00e9dez pas encore l\u2019une de ces merveilles roulantes, rien ne vous emp\u00eache d\u2019en profiter le temps d\u2019un week-end ou de quelques jours de vacances. Gr\u00e2ce \u00e0\u00a0<a href=\"https:\/\/www.wedrivit.com\" target=\"_new\" rel=\"noopener\" data-start=\"292\" data-end=\"328\">Wedrivit<\/a>, il est possible de louer une voiture ancienne aupr\u00e8s de passionn\u00e9s, partout en France. Vous pouvez ainsi vous offrir une vir\u00e9e en M\u00e9hari, en Mini Moke ou en buggy vintage sans les contraintes de l\u2019entretien ou du stockage. C\u2019est l\u2019occasion id\u00e9ale de go\u00fbter au charme des voitures de plage, de cr\u00e9er des souvenirs inoubliables\u2026 et peut-\u00eatre, de d\u00e9clencher un coup de c\u0153ur pour la collection.<\/p><p data-start=\"7178\" data-end=\"7468\">\u00a0<\/p>\t\t\t\t\t\t\t\t<\/div>\n\t\t\t\t<\/div>\n\t\t\t\t\t<\/div>\n\t\t<\/div>\n\t\t\t\t\t<\/div>\n\t\t<\/section>\n\t\t\t\t<\/div>\n\t\t","protected":false},"excerpt":{"rendered":"<p>L\u2019\u00e9t\u00e9 est l\u00e0, le soleil cogne, et une seule envie nous traverse : prendre la route, direction la plage !<br \/>\nMais bien \u00e9videmment pas avec n\u2019importe quelle voiture \ud83d\ude09<\/p>\n","protected":false},"author":2,"featured_media":11434,"comment_status":"open","ping_status":"open","sticky":false,"template":"","format":"standard","meta":{"footnotes":""},"categories":[17,1,6],"tags":[],"class_list":["post-11433","post","type-post","status-publish","format-standard","has-post-thumbnail","hentry","category-culture-automobile","category-tous-les-articles","category-voiture"],"yoast_head":"<!-- This site is optimized with the Yoast SEO plugin v26.9 - https:\/\/yoast.com\/product\/yoast-seo-wordpress\/ -->\n<title>Voitures de plage : nos 8 p\u00e9pites anti canicule \u00e0 d\u00e9couvrir !<\/title>\n<meta name=\"description\" content=\"D\u00e9couvrez 8 voitures de plage vintage \u00e0 louer cet \u00e9t\u00e9. Anti-chaleur, anti-ennui, 100 % plaisir avec Wedrivit !\" \/>\n<meta name=\"robots\" content=\"index, follow, max-snippet:-1, max-image-preview:large, max-video-preview:-1\" \/>\n<link rel=\"canonical\" href=\"https:\/\/www.wedrivit.com\/blog\/voiture\/collection\/meilleures-voiture-plage\" \/>\n<meta property=\"og:locale\" content=\"fr_FR\" \/>\n<meta property=\"og:type\" content=\"article\" \/>\n<meta property=\"og:title\" content=\"Voitures de plage : nos 8 p\u00e9pites anti canicule \u00e0 d\u00e9couvrir !\" \/>\n<meta property=\"og:description\" content=\"D\u00e9couvrez 8 voitures de plage vintage \u00e0 louer cet \u00e9t\u00e9. Anti-chaleur, anti-ennui, 100 % plaisir avec Wedrivit !\" \/>\n<meta property=\"og:url\" content=\"https:\/\/www.wedrivit.com\/blog\/voiture\/collection\/meilleures-voiture-plage\" \/>\n<meta property=\"og:site_name\" content=\"Le blog des voitures de collection par Wedrivit\" \/>\n<meta property=\"article:published_time\" content=\"2025-07-16T09:15:24+00:00\" \/>\n<meta property=\"article:modified_time\" content=\"2025-07-22T08:37:54+00:00\" \/>\n<meta property=\"og:image\" content=\"https:\/\/www.wedrivit.com\/blog\/wp-content\/uploads\/2025\/07\/location-mehari.webp\" \/>\n\t<meta property=\"og:image:width\" content=\"1200\" \/>\n\t<meta property=\"og:image:height\" content=\"1600\" \/>\n\t<meta property=\"og:image:type\" content=\"image\/webp\" \/>\n<meta name=\"author\" content=\"Hubert De Villeneuve\" \/>\n<meta name=\"twitter:card\" content=\"summary_large_image\" \/>\n<meta name=\"twitter:label1\" content=\"\u00c9crit par\" \/>\n\t<meta name=\"twitter:data1\" content=\"Hubert De Villeneuve\" \/>\n\t<meta name=\"twitter:label2\" content=\"Dur\u00e9e de lecture estim\u00e9e\" \/>\n\t<meta name=\"twitter:data2\" content=\"12 minutes\" \/>\n<script type=\"application\/ld+json\" class=\"yoast-schema-graph\">{\"@context\":\"https:\/\/schema.org\",\"@graph\":[{\"@type\":\"Article\",\"@id\":\"https:\/\/www.wedrivit.com\/blog\/voiture\/collection\/meilleures-voiture-plage#article\",\"isPartOf\":{\"@id\":\"https:\/\/www.wedrivit.com\/blog\/voiture\/collection\/meilleures-voiture-plage\"},\"author\":{\"name\":\"Hubert De Villeneuve\",\"@id\":\"https:\/\/www.wedrivit.com\/blog\/#\/schema\/person\/36663c76a8f8896d42a970ae8de4b116\"},\"headline\":\"Voitures de plage: nos 8 p\u00e9pites anti canicule !\",\"datePublished\":\"2025-07-16T09:15:24+00:00\",\"dateModified\":\"2025-07-22T08:37:54+00:00\",\"mainEntityOfPage\":{\"@id\":\"https:\/\/www.wedrivit.com\/blog\/voiture\/collection\/meilleures-voiture-plage\"},\"wordCount\":1979,\"commentCount\":0,\"publisher\":{\"@id\":\"https:\/\/www.wedrivit.com\/blog\/#organization\"},\"image\":{\"@id\":\"https:\/\/www.wedrivit.com\/blog\/voiture\/collection\/meilleures-voiture-plage#primaryimage\"},\"thumbnailUrl\":\"https:\/\/www.wedrivit.com\/blog\/wp-content\/uploads\/2025\/07\/location-mehari.webp\",\"articleSection\":[\"Culture Automobile\",\"Tous les articles\",\"Voitures\"],\"inLanguage\":\"fr-FR\",\"potentialAction\":[{\"@type\":\"CommentAction\",\"name\":\"Comment\",\"target\":[\"https:\/\/www.wedrivit.com\/blog\/voiture\/collection\/meilleures-voiture-plage#respond\"]}]},{\"@type\":\"WebPage\",\"@id\":\"https:\/\/www.wedrivit.com\/blog\/voiture\/collection\/meilleures-voiture-plage\",\"url\":\"https:\/\/www.wedrivit.com\/blog\/voiture\/collection\/meilleures-voiture-plage\",\"name\":\"Voitures de plage : nos 8 p\u00e9pites anti canicule \u00e0 d\u00e9couvrir !\",\"isPartOf\":{\"@id\":\"https:\/\/www.wedrivit.com\/blog\/#website\"},\"primaryImageOfPage\":{\"@id\":\"https:\/\/www.wedrivit.com\/blog\/voiture\/collection\/meilleures-voiture-plage#primaryimage\"},\"image\":{\"@id\":\"https:\/\/www.wedrivit.com\/blog\/voiture\/collection\/meilleures-voiture-plage#primaryimage\"},\"thumbnailUrl\":\"https:\/\/www.wedrivit.com\/blog\/wp-content\/uploads\/2025\/07\/location-mehari.webp\",\"datePublished\":\"2025-07-16T09:15:24+00:00\",\"dateModified\":\"2025-07-22T08:37:54+00:00\",\"description\":\"D\u00e9couvrez 8 voitures de plage vintage \u00e0 louer cet \u00e9t\u00e9. Anti-chaleur, anti-ennui, 100 % plaisir avec Wedrivit !\",\"breadcrumb\":{\"@id\":\"https:\/\/www.wedrivit.com\/blog\/voiture\/collection\/meilleures-voiture-plage#breadcrumb\"},\"inLanguage\":\"fr-FR\",\"potentialAction\":[{\"@type\":\"ReadAction\",\"target\":[\"https:\/\/www.wedrivit.com\/blog\/voiture\/collection\/meilleures-voiture-plage\"]}]},{\"@type\":\"ImageObject\",\"inLanguage\":\"fr-FR\",\"@id\":\"https:\/\/www.wedrivit.com\/blog\/voiture\/collection\/meilleures-voiture-plage#primaryimage\",\"url\":\"https:\/\/www.wedrivit.com\/blog\/wp-content\/uploads\/2025\/07\/location-mehari.webp\",\"contentUrl\":\"https:\/\/www.wedrivit.com\/blog\/wp-content\/uploads\/2025\/07\/location-mehari.webp\",\"width\":1200,\"height\":1600,\"caption\":\"Location M\u00e9hari Plage\"},{\"@type\":\"BreadcrumbList\",\"@id\":\"https:\/\/www.wedrivit.com\/blog\/voiture\/collection\/meilleures-voiture-plage#breadcrumb\",\"itemListElement\":[{\"@type\":\"ListItem\",\"position\":1,\"name\":\"Home\",\"item\":\"https:\/\/www.wedrivit.com\/blog\/\"},{\"@type\":\"ListItem\",\"position\":2,\"name\":\"Voitures de plage: nos 8 p\u00e9pites anti canicule !\"}]},{\"@type\":\"WebSite\",\"@id\":\"https:\/\/www.wedrivit.com\/blog\/#website\",\"url\":\"https:\/\/www.wedrivit.com\/blog\/\",\"name\":\"Le blog des voitures de collection par Wedrivit\",\"description\":\"Tout savoir sur les voitures anciennes grace \u00e0 Wedrivit, la plateforme de location de voitures anciennes entre particuliers.\",\"publisher\":{\"@id\":\"https:\/\/www.wedrivit.com\/blog\/#organization\"},\"potentialAction\":[{\"@type\":\"SearchAction\",\"target\":{\"@type\":\"EntryPoint\",\"urlTemplate\":\"https:\/\/www.wedrivit.com\/blog\/?s={search_term_string}\"},\"query-input\":{\"@type\":\"PropertyValueSpecification\",\"valueRequired\":true,\"valueName\":\"search_term_string\"}}],\"inLanguage\":\"fr-FR\"},{\"@type\":\"Organization\",\"@id\":\"https:\/\/www.wedrivit.com\/blog\/#organization\",\"name\":\"Le blog des voitures de collection par Wedrivit\",\"url\":\"https:\/\/www.wedrivit.com\/blog\/\",\"logo\":{\"@type\":\"ImageObject\",\"inLanguage\":\"fr-FR\",\"@id\":\"https:\/\/www.wedrivit.com\/blog\/#\/schema\/logo\/image\/\",\"url\":\"https:\/\/www.wedrivit.com\/blog\/wp-content\/uploads\/2024\/12\/wedrivit-blanc-large-2.png\",\"contentUrl\":\"https:\/\/www.wedrivit.com\/blog\/wp-content\/uploads\/2024\/12\/wedrivit-blanc-large-2.png\",\"caption\":\"Le blog des voitures de collection par Wedrivit\"},\"image\":{\"@id\":\"https:\/\/www.wedrivit.com\/blog\/#\/schema\/logo\/image\/\"}},{\"@type\":\"Person\",\"@id\":\"https:\/\/www.wedrivit.com\/blog\/#\/schema\/person\/36663c76a8f8896d42a970ae8de4b116\",\"name\":\"Hubert De Villeneuve\",\"image\":{\"@type\":\"ImageObject\",\"inLanguage\":\"fr-FR\",\"@id\":\"https:\/\/www.wedrivit.com\/blog\/#\/schema\/person\/image\/\",\"url\":\"https:\/\/secure.gravatar.com\/avatar\/dcb752e77174a6eda50d1064c209c0daa6300352aed8b5feadde2029423c387f?s=96&d=mm&r=g\",\"contentUrl\":\"https:\/\/secure.gravatar.com\/avatar\/dcb752e77174a6eda50d1064c209c0daa6300352aed8b5feadde2029423c387f?s=96&d=mm&r=g\",\"caption\":\"Hubert De Villeneuve\"},\"url\":\"https:\/\/www.wedrivit.com\/blog\/voiture\/collection\/author\/hubert\"}]}<\/script>\n<!-- \/ Yoast SEO plugin. -->","yoast_head_json":{"title":"Voitures de plage : nos 8 p\u00e9pites anti canicule \u00e0 d\u00e9couvrir !","description":"D\u00e9couvrez 8 voitures de plage vintage \u00e0 louer cet \u00e9t\u00e9. Anti-chaleur, anti-ennui, 100 % plaisir avec Wedrivit !","robots":{"index":"index","follow":"follow","max-snippet":"max-snippet:-1","max-image-preview":"max-image-preview:large","max-video-preview":"max-video-preview:-1"},"canonical":"https:\/\/www.wedrivit.com\/blog\/voiture\/collection\/meilleures-voiture-plage","og_locale":"fr_FR","og_type":"article","og_title":"Voitures de plage : nos 8 p\u00e9pites anti canicule \u00e0 d\u00e9couvrir !","og_description":"D\u00e9couvrez 8 voitures de plage vintage \u00e0 louer cet \u00e9t\u00e9. Anti-chaleur, anti-ennui, 100 % plaisir avec Wedrivit !","og_url":"https:\/\/www.wedrivit.com\/blog\/voiture\/collection\/meilleures-voiture-plage","og_site_name":"Le blog des voitures de collection par Wedrivit","article_published_time":"2025-07-16T09:15:24+00:00","article_modified_time":"2025-07-22T08:37:54+00:00","og_image":[{"width":1200,"height":1600,"url":"https:\/\/www.wedrivit.com\/blog\/wp-content\/uploads\/2025\/07\/location-mehari.webp","type":"image\/webp"}],"author":"Hubert De Villeneuve","twitter_card":"summary_large_image","twitter_misc":{"\u00c9crit par":"Hubert De Villeneuve","Dur\u00e9e de lecture estim\u00e9e":"12 minutes"},"schema":{"@context":"https:\/\/schema.org","@graph":[{"@type":"Article","@id":"https:\/\/www.wedrivit.com\/blog\/voiture\/collection\/meilleures-voiture-plage#article","isPartOf":{"@id":"https:\/\/www.wedrivit.com\/blog\/voiture\/collection\/meilleures-voiture-plage"},"author":{"name":"Hubert De Villeneuve","@id":"https:\/\/www.wedrivit.com\/blog\/#\/schema\/person\/36663c76a8f8896d42a970ae8de4b116"},"headline":"Voitures de plage: nos 8 p\u00e9pites anti canicule !","datePublished":"2025-07-16T09:15:24+00:00","dateModified":"2025-07-22T08:37:54+00:00","mainEntityOfPage":{"@id":"https:\/\/www.wedrivit.com\/blog\/voiture\/collection\/meilleures-voiture-plage"},"wordCount":1979,"commentCount":0,"publisher":{"@id":"https:\/\/www.wedrivit.com\/blog\/#organization"},"image":{"@id":"https:\/\/www.wedrivit.com\/blog\/voiture\/collection\/meilleures-voiture-plage#primaryimage"},"thumbnailUrl":"https:\/\/www.wedrivit.com\/blog\/wp-content\/uploads\/2025\/07\/location-mehari.webp","articleSection":["Culture Automobile","Tous les articles","Voitures"],"inLanguage":"fr-FR","potentialAction":[{"@type":"CommentAction","name":"Comment","target":["https:\/\/www.wedrivit.com\/blog\/voiture\/collection\/meilleures-voiture-plage#respond"]}]},{"@type":"WebPage","@id":"https:\/\/www.wedrivit.com\/blog\/voiture\/collection\/meilleures-voiture-plage","url":"https:\/\/www.wedrivit.com\/blog\/voiture\/collection\/meilleures-voiture-plage","name":"Voitures de plage : nos 8 p\u00e9pites anti canicule \u00e0 d\u00e9couvrir !","isPartOf":{"@id":"https:\/\/www.wedrivit.com\/blog\/#website"},"primaryImageOfPage":{"@id":"https:\/\/www.wedrivit.com\/blog\/voiture\/collection\/meilleures-voiture-plage#primaryimage"},"image":{"@id":"https:\/\/www.wedrivit.com\/blog\/voiture\/collection\/meilleures-voiture-plage#primaryimage"},"thumbnailUrl":"https:\/\/www.wedrivit.com\/blog\/wp-content\/uploads\/2025\/07\/location-mehari.webp","datePublished":"2025-07-16T09:15:24+00:00","dateModified":"2025-07-22T08:37:54+00:00","description":"D\u00e9couvrez 8 voitures de plage vintage \u00e0 louer cet \u00e9t\u00e9. Anti-chaleur, anti-ennui, 100 % plaisir avec Wedrivit !","breadcrumb":{"@id":"https:\/\/www.wedrivit.com\/blog\/voiture\/collection\/meilleures-voiture-plage#breadcrumb"},"inLanguage":"fr-FR","potentialAction":[{"@type":"ReadAction","target":["https:\/\/www.wedrivit.com\/blog\/voiture\/collection\/meilleures-voiture-plage"]}]},{"@type":"ImageObject","inLanguage":"fr-FR","@id":"https:\/\/www.wedrivit.com\/blog\/voiture\/collection\/meilleures-voiture-plage#primaryimage","url":"https:\/\/www.wedrivit.com\/blog\/wp-content\/uploads\/2025\/07\/location-mehari.webp","contentUrl":"https:\/\/www.wedrivit.com\/blog\/wp-content\/uploads\/2025\/07\/location-mehari.webp","width":1200,"height":1600,"caption":"Location M\u00e9hari Plage"},{"@type":"BreadcrumbList","@id":"https:\/\/www.wedrivit.com\/blog\/voiture\/collection\/meilleures-voiture-plage#breadcrumb","itemListElement":[{"@type":"ListItem","position":1,"name":"Home","item":"https:\/\/www.wedrivit.com\/blog\/"},{"@type":"ListItem","position":2,"name":"Voitures de plage: nos 8 p\u00e9pites anti canicule !"}]},{"@type":"WebSite","@id":"https:\/\/www.wedrivit.com\/blog\/#website","url":"https:\/\/www.wedrivit.com\/blog\/","name":"Le blog des voitures de collection par Wedrivit","description":"Tout savoir sur les voitures anciennes grace \u00e0 Wedrivit, la plateforme de location de voitures anciennes entre particuliers.","publisher":{"@id":"https:\/\/www.wedrivit.com\/blog\/#organization"},"potentialAction":[{"@type":"SearchAction","target":{"@type":"EntryPoint","urlTemplate":"https:\/\/www.wedrivit.com\/blog\/?s={search_term_string}"},"query-input":{"@type":"PropertyValueSpecification","valueRequired":true,"valueName":"search_term_string"}}],"inLanguage":"fr-FR"},{"@type":"Organization","@id":"https:\/\/www.wedrivit.com\/blog\/#organization","name":"Le blog des voitures de collection par Wedrivit","url":"https:\/\/www.wedrivit.com\/blog\/","logo":{"@type":"ImageObject","inLanguage":"fr-FR","@id":"https:\/\/www.wedrivit.com\/blog\/#\/schema\/logo\/image\/","url":"https:\/\/www.wedrivit.com\/blog\/wp-content\/uploads\/2024\/12\/wedrivit-blanc-large-2.png","contentUrl":"https:\/\/www.wedrivit.com\/blog\/wp-content\/uploads\/2024\/12\/wedrivit-blanc-large-2.png","caption":"Le blog des voitures de collection par Wedrivit"},"image":{"@id":"https:\/\/www.wedrivit.com\/blog\/#\/schema\/logo\/image\/"}},{"@type":"Person","@id":"https:\/\/www.wedrivit.com\/blog\/#\/schema\/person\/36663c76a8f8896d42a970ae8de4b116","name":"Hubert De Villeneuve","image":{"@type":"ImageObject","inLanguage":"fr-FR","@id":"https:\/\/www.wedrivit.com\/blog\/#\/schema\/person\/image\/","url":"https:\/\/secure.gravatar.com\/avatar\/dcb752e77174a6eda50d1064c209c0daa6300352aed8b5feadde2029423c387f?s=96&d=mm&r=g","contentUrl":"https:\/\/secure.gravatar.com\/avatar\/dcb752e77174a6eda50d1064c209c0daa6300352aed8b5feadde2029423c387f?s=96&d=mm&r=g","caption":"Hubert De Villeneuve"},"url":"https:\/\/www.wedrivit.com\/blog\/voiture\/collection\/author\/hubert"}]}},"_links":{"self":[{"href":"https:\/\/www.wedrivit.com\/blog\/wp-json\/wp\/v2\/posts\/11433","targetHints":{"allow":["GET"]}}],"collection":[{"href":"https:\/\/www.wedrivit.com\/blog\/wp-json\/wp\/v2\/posts"}],"about":[{"href":"https:\/\/www.wedrivit.com\/blog\/wp-json\/wp\/v2\/types\/post"}],"author":[{"embeddable":true,"href":"https:\/\/www.wedrivit.com\/blog\/wp-json\/wp\/v2\/users\/2"}],"replies":[{"embeddable":true,"href":"https:\/\/www.wedrivit.com\/blog\/wp-json\/wp\/v2\/comments?post=11433"}],"version-history":[{"count":17,"href":"https:\/\/www.wedrivit.com\/blog\/wp-json\/wp\/v2\/posts\/11433\/revisions"}],"predecessor-version":[{"id":11496,"href":"https:\/\/www.wedrivit.com\/blog\/wp-json\/wp\/v2\/posts\/11433\/revisions\/11496"}],"wp:featuredmedia":[{"embeddable":true,"href":"https:\/\/www.wedrivit.com\/blog\/wp-json\/wp\/v2\/media\/11434"}],"wp:attachment":[{"href":"https:\/\/www.wedrivit.com\/blog\/wp-json\/wp\/v2\/media?parent=11433"}],"wp:term":[{"taxonomy":"category","embeddable":true,"href":"https:\/\/www.wedrivit.com\/blog\/wp-json\/wp\/v2\/categories?post=11433"},{"taxonomy":"post_tag","embeddable":true,"href":"https:\/\/www.wedrivit.com\/blog\/wp-json\/wp\/v2\/tags?post=11433"}],"curies":[{"name":"wp","href":"https:\/\/api.w.org\/{rel}","templated":true}]}}